{"id":24798,"date":"2019-05-16T12:56:58","date_gmt":"2019-05-16T15:56:58","guid":{"rendered":"https:\/\/www.suno.com.br\/noticias\/?p=24798"},"modified":"2019-05-16T12:56:58","modified_gmt":"2019-05-16T15:56:58","slug":"azul-comprar-ativos-avianca","status":"publish","type":"post","link":"https:\/\/www.suno.com.br\/noticias\/azul-comprar-ativos-avianca\/","title":{"rendered":"Azul busca comprar ativos da Avianca antes de MP ser aprovada no Congresso"},"content":{"rendered":"<p>A Azul busca comprar ativos da Avianca Brasil antes do dia 22 de maio. Isso porque a data \u00e9 a limite para que o Congresso aprove a Medida Provis\u00f3ria (MP) 863, que permite a maior participa\u00e7\u00e3o de capital estrangeiro nas companhias a\u00e9reas, segundo a &#8220;Folha de S. Paulo&#8221;.<\/p>\t<div class=\"wrapper-featured-image\">\n\t\t<figure class=\"spotlightImg\">\n\n\t\t\t<picture>\n\t\t\t\t<source media=\"(max-width: 768px)\" srcset=\"https:\/\/files.sunoresearch.com.br\/n\/uploads\/2019\/02\/59945c4f-avianca-brasil-400x200.webp\">\n\t\t\t\t<img loading=\"lazy\" decoding=\"async\" class=\"newsContent__article__imgCapa lazyloadDisabled newsContent__article__imgCapa--noCaption\" src=\"https:\/\/files.sunoresearch.com.br\/n\/uploads\/2019\/02\/59945c4f-avianca-brasil-800x450.webp\" width=\"800\" height=\"450\" alt=\"Azul busca comprar ativos da Avianca antes de MP ser aprovada no Congresso\" fetchpriority=high \/>\n\t\t\t<\/picture>\n\n\t\t\t<figcaption class=\"wp-caption-text wp-caption-text--hide\">Avianca Brasil. (divulga\u00e7\u00e3o)<\/figcaption>\n\t\t<\/figure>\n\t<\/div>\n\n\n<p>Dessa forma, os investidores estrangeiros ter\u00e3o maior seguran\u00e7a jur\u00eddica para fazer ofertas pelos ativos, aumentando a concorr\u00eancia pelos slots da <strong>Avianca<\/strong>, que s\u00e3o as autoriza\u00e7\u00f5es para pousos e decolagens que pertencem a empresa que est\u00e1 em <strong>recupera\u00e7\u00e3o<\/strong> <strong>judicial<\/strong> desde dezembro.<\/p>\n\t<p>\n\t\t<a href=\"https:\/\/lp.suno.com.br\/ao\/cadastro-whatsapp\/?utm_source=sunoresearch&#038;utm_medium=banner.sidebar&#038;utm_campaign=_SNC1787C4C9_\" target=\"_blank\" data-element=\"shortcode-suno-banner\" title=\"Banner SUNO, clique e saiba mais\">\n\t\t\t<picture>\n\t\t\t\t<source media=\"(max-width: 500px)\" srcset=\"https:\/\/files.sunoresearch.com.br\/n\/uploads\/2024\/09\/wpp-suno.png\">\n\t\t\t\t<img class=\"newsContent__article__imgCapa newsContent__article__imgCapa--banner\"\n\t\t\t\t\tsrc=\"https:\/\/files.sunoresearch.com.br\/n\/uploads\/2024\/09\/wpp-suno.png\"\n\t\t\t\t\tdata-promo-id=\"574195\"\t\t\t\t\t\t\t\t\t\twidth='360' height='98'\t\t\t\t\talt=\"https:\/\/files.sunoresearch.com.br\/n\/uploads\/2024\/09\/wpp-suno.png\"\n\t\t\t\t>\n\t\t\t<\/picture>\n\t\t<\/a>\n\t<\/p>\n\n\n<h2>Proposta da Azul<\/h2>\n<p>A <strong>Azul<\/strong> formalizou sua proposta na \u00faltima segunda-feira (13), onde foram oferecidos\u00a0US$ 145 milh\u00f5es para contemplar slots, que s\u00e3o autoriza\u00e7\u00f5es para pousos e decolagens, da ponte a\u00e9rea Rio-S\u00e3o Paulo e Bras\u00edlia, em aeroportos que a concorrente ainda n\u00e3o tem for\u00e7a operacional.<\/p>\n<p>De acordo com a proposta da Azul, o leil\u00e3o de sete <strong>Unidades Produtivas Isoladas (UPIs)<\/strong>, esp\u00e9cie de &#8216;mini Aviancas&#8217; como partes dos ativos da companhia a\u00e9rea, voltaria a ter apenas uma.\u00a0Dessa forma, esta voltaria a ser a proposta original de divis\u00e3o da Avianca, apresentada pela Azul ainda em 11 de mar\u00e7o.<\/p>\n<p><a href=\"https:\/\/www.suno.com.br\/noticias\/avianca-justica-manda-cade-se-manifestar-sobre-leilao\/\">Saiba mais:\u00a0Avianca: Justi\u00e7a manda Cade se manifestar sobre leil\u00e3o<\/a><\/p>\n<h3>Avianca analisa valores<\/h3>\n<p>A Justi\u00e7a de S\u00e3o Paulo estipulou um prazo de 48 horas para a Avianca Brasil avaliar a nova proposta da Azul para compra de ativos. A companhia a\u00e9rea dever\u00e1 decidir se aceitar\u00e1 ou n\u00e3o a proposta da <strong>Azul<\/strong> feita ainda na segunda-feira (13).<\/p>\n<p>O despacho assinado pelo juiz Tiago Limongi, da 1\u00aa Vara de Fal\u00eancias e Recupera\u00e7\u00f5es Judiciais de S\u00e3o Paulo, na \u00faltima ter\u00e7a-feira (14), decidiu que &#8220;tratando-se da proposta de amplamente divulgada nos meios de comunica\u00e7\u00e3o, o que lhe confere indiscut\u00edvel notoriedade, concedo \u00e0 recuperanda e eventuais interessados o prazo de 48 horas para manifesta\u00e7\u00e3o&#8221;.<\/p>\n<p>Em nota, a <strong>Avianca<\/strong> afirma que est\u00e1 analisando a proposta da Azul. A companhia n\u00e3o tem pago sal\u00e1rios e benef\u00edcios de seus funcion\u00e1rios e j\u00e1 acumula uma d\u00edvida que passa dos R$ 2,7 bilh\u00f5es.<\/p>\n<h2>Azul x Anac<\/h2>\n<p>De acordo com a Azul, a proposta &#8220;n\u00e3o tem qualquer liga\u00e7\u00e3o com a MP 863 e continuar\u00e1 v\u00e1lida antes ou depois de sua expira\u00e7\u00e3o, sendo ela aprovada ou n\u00e3o&#8221;.<\/p>\n<p>A empresa ainda afirma que acredita que caso as &#8220;empresas de capital estrangeiro tivessem interesse nos ativos da Avianca, j\u00e1 teriam se manifestado&#8221;.<\/p>\n<p>Em contrapartida, o diretor da <strong>Ag\u00eancia Nacional de Avia\u00e7ao Civil (Anac)<\/strong>, Juliana Alc\u00e2ntara Noman, atra\u00e7\u00e3o de capital estrangeiro s\u00f3 aconteceria caso a <strong>Medida<\/strong> <strong>Provis\u00f3ria<\/strong> virasse lei.<\/p>\n\t<p>\n\t\t<a href=\"https:\/\/lp.suno.com.br\/nossas-assinaturas\/?utm_campaign=_SNC8166F3A4_\" target=\"_blank\" data-element=\"shortcode-suno-banner\" title=\"Banner SUNO, clique e saiba mais\">\n\t\t\t<picture>\n\t\t\t\t<source media=\"(max-width: 500px)\" srcset=\"https:\/\/files.sunoresearch.com.br\/n\/uploads\/2025\/08\/Artigos-e-Noticias-Banner-Materias-01-Mobile_-400x300-1-png.webp\">\n\t\t\t\t<img class=\"newsContent__article__imgCapa newsContent__article__imgCapa--banner\"\n\t\t\t\t\tsrc=\"https:\/\/files.sunoresearch.com.br\/n\/uploads\/2025\/08\/Artigos-e-Noticias-Banner-Materias-01-Desktop_-1420x240-4-png.webp\"\n\t\t\t\t\tdata-promo-id=\"620371\"\t\t\t\t\t\t\t\t\t\twidth='1420' height='240'\t\t\t\t\talt=\"https:\/\/files.sunoresearch.com.br\/n\/uploads\/2025\/08\/Artigos-e-Noticias-Banner-Materias-01-Desktop_-1420x240-4-png.webp\"\n\t\t\t\t>\n\t\t\t<\/picture>\n\t\t<\/a>\n\t<\/p>\n\n\n<p>&#8220;Hoje, o estrangeiro s\u00f3 pode ter 20% do capital da companhia, o que na pr\u00e1tica inviabiliza aportes&#8221;, afirma Noman, que acrescenta dizendo que uma aquisi\u00e7\u00e3o da <strong>Avianca<\/strong> por qualquer uma das tr\u00eas a\u00e9reas brasileiras (<strong>Latam<\/strong>, <strong>Gol<\/strong> e <strong>Azul<\/strong>) resulta na concentra\u00e7\u00e3o de mercado. No entanto &#8220;uma medida com efeito provis\u00f3rio n\u00e3o fomenta investimento externo&#8221;.<\/p>\n","protected":false},"excerpt":{"rendered":"<p>A Azul busca comprar ativos da Avianca Brasil antes do dia 22 de maio. Isso porque a data \u00e9 a limite para que o Congresso aprove a Medida Provis\u00f3ria (MP) 863, que permite a maior participa\u00e7\u00e3o de capital estrangeiro nas companhias a\u00e9reas, segundo a &#8220;Folha de S. Paulo&#8221;. Avianca Brasil. (divulga\u00e7\u00e3o) Dessa forma, os investidores [&hellip;]<\/p>\n","protected":false},"author":11,"featured_media":15795,"comment_status":"closed","ping_status":"closed","sticky":false,"template":"","format":"standard","meta":[],"categories":[64],"tags":[840],"suno_strategy":[],"class_list":["post-24798","post","type-post","status-publish","format-standard","has-post-thumbnail","hentry","category-negocios","tag-avianca"],"yoast_head":"<!-- This site is optimized with the Yoast SEO plugin v24.4 - https:\/\/yoast.com\/wordpress\/plugins\/seo\/ -->\n<title>Azul busca comprar ativos da Avianca antes de MP ser aprovada<\/title>\n<meta name=\"description\" content=\"Medida Provis\u00f3ria (MP) permite maior participa\u00e7\u00e3o estrangeirso em a\u00e9reas, podendo aumentar concorr\u00eancia pela Avianca. Clique e saiba mais.\" \/>\n<meta name=\"robots\" content=\"index, follow, max-snippet:-1, max-image-preview:large, max-video-preview:-1\" \/>\n<link rel=\"canonical\" href=\"https:\/\/www.suno.com.br\/noticias\/azul-comprar-ativos-avianca\/\" \/>\n<meta property=\"og:locale\" content=\"pt_BR\" \/>\n<meta property=\"og:type\" content=\"article\" \/>\n<meta property=\"og:title\" content=\"Azul busca comprar ativos da Avianca antes de MP ser aprovada\" \/>\n<meta property=\"og:description\" content=\"Medida Provis\u00f3ria (MP) permite maior participa\u00e7\u00e3o estrangeirso em a\u00e9reas, podendo aumentar concorr\u00eancia pela Avianca. Clique e saiba mais.\" \/>\n<meta property=\"og:url\" content=\"https:\/\/www.suno.com.br\/noticias\/azul-comprar-ativos-avianca\/\" \/>\n<meta property=\"og:site_name\" content=\"Suno Not\u00edcias\" \/>\n<meta property=\"article:publisher\" content=\"https:\/\/facebook.com\/sunoresearch\" \/>\n<meta property=\"og:image\" content=\"https:\/\/files.sunoresearch.com.br\/n\/uploads\/2019\/02\/59945c4f-avianca-brasil.jpg\" \/>\n\t<meta property=\"og:image:width\" content=\"1200\" \/>\n\t<meta property=\"og:image:height\" content=\"621\" \/>\n\t<meta property=\"og:image:type\" content=\"image\/jpeg\" \/>\n<meta name=\"author\" content=\"Renan Bandeira\" \/>\n<meta name=\"twitter:card\" content=\"summary_large_image\" \/>\n<meta name=\"twitter:creator\" content=\"@sunoresearch\" \/>\n<meta name=\"twitter:site\" content=\"@sunoresearch\" \/>\n<meta name=\"twitter:label1\" content=\"Escrito por\" \/>\n\t<meta name=\"twitter:data1\" content=\"Renan Bandeira\" \/>\n\t<meta name=\"twitter:label2\" content=\"Est. tempo de leitura\" \/>\n\t<meta name=\"twitter:data2\" content=\"3 minutos\" \/>\n<script type=\"application\/ld+json\" class=\"yoast-schema-graph\">{\"@context\":\"https:\/\/schema.org\",\"@graph\":[{\"@type\":\"NewsArticle\",\"@id\":\"https:\/\/www.suno.com.br\/noticias\/azul-comprar-ativos-avianca\/#article\",\"isPartOf\":{\"@id\":\"https:\/\/www.suno.com.br\/noticias\/azul-comprar-ativos-avianca\/\"},\"author\":{\"name\":\"Renan Bandeira\",\"@id\":\"https:\/\/www.suno.com.br\/noticias\/#\/schema\/person\/fc144a1c6108bd1dcd43784e88a3c138\"},\"headline\":\"Azul busca comprar ativos da Avianca antes de MP ser aprovada no Congresso\",\"datePublished\":\"2019-05-16T15:56:58+00:00\",\"mainEntityOfPage\":{\"@id\":\"https:\/\/www.suno.com.br\/noticias\/azul-comprar-ativos-avianca\/\"},\"wordCount\":526,\"publisher\":{\"@id\":\"https:\/\/www.suno.com.br\/noticias\/#organization\"},\"image\":{\"@id\":\"https:\/\/www.suno.com.br\/noticias\/azul-comprar-ativos-avianca\/#primaryimage\"},\"thumbnailUrl\":\"https:\/\/files.sunoresearch.com.br\/n\/uploads\/2019\/02\/59945c4f-avianca-brasil-jpg.webp\",\"keywords\":[\"Avianca\"],\"articleSection\":[\"Neg\u00f3cios\"],\"inLanguage\":\"pt-BR\"},{\"@type\":\"WebPage\",\"@id\":\"https:\/\/www.suno.com.br\/noticias\/azul-comprar-ativos-avianca\/\",\"url\":\"https:\/\/www.suno.com.br\/noticias\/azul-comprar-ativos-avianca\/\",\"name\":\"Azul busca comprar ativos da Avianca antes de MP ser aprovada\",\"isPartOf\":{\"@id\":\"https:\/\/www.suno.com.br\/noticias\/#website\"},\"primaryImageOfPage\":{\"@id\":\"https:\/\/www.suno.com.br\/noticias\/azul-comprar-ativos-avianca\/#primaryimage\"},\"image\":{\"@id\":\"https:\/\/www.suno.com.br\/noticias\/azul-comprar-ativos-avianca\/#primaryimage\"},\"thumbnailUrl\":\"https:\/\/files.sunoresearch.com.br\/n\/uploads\/2019\/02\/59945c4f-avianca-brasil-jpg.webp\",\"datePublished\":\"2019-05-16T15:56:58+00:00\",\"description\":\"Medida Provis\u00f3ria (MP) permite maior participa\u00e7\u00e3o estrangeirso em a\u00e9reas, podendo aumentar concorr\u00eancia pela Avianca. Clique e saiba mais.\",\"breadcrumb\":{\"@id\":\"https:\/\/www.suno.com.br\/noticias\/azul-comprar-ativos-avianca\/#breadcrumb\"},\"inLanguage\":\"pt-BR\",\"potentialAction\":[{\"@type\":\"ReadAction\",\"target\":[\"https:\/\/www.suno.com.br\/noticias\/azul-comprar-ativos-avianca\/\"]}]},{\"@type\":\"ImageObject\",\"inLanguage\":\"pt-BR\",\"@id\":\"https:\/\/www.suno.com.br\/noticias\/azul-comprar-ativos-avianca\/#primaryimage\",\"url\":\"https:\/\/files.sunoresearch.com.br\/n\/uploads\/2019\/02\/59945c4f-avianca-brasil-jpg.webp\",\"contentUrl\":\"https:\/\/files.sunoresearch.com.br\/n\/uploads\/2019\/02\/59945c4f-avianca-brasil-jpg.webp\",\"width\":1200,\"height\":621,\"caption\":\"Avianca Brasil. (divulga\u00e7\u00e3o)\"},{\"@type\":\"BreadcrumbList\",\"@id\":\"https:\/\/www.suno.com.br\/noticias\/azul-comprar-ativos-avianca\/#breadcrumb\",\"itemListElement\":[{\"@type\":\"ListItem\",\"position\":1,\"name\":\"Not\u00edcias\",\"item\":\"https:\/\/www.suno.com.br\/noticias\/\"},{\"@type\":\"ListItem\",\"position\":2,\"name\":\"Neg\u00f3cios\",\"item\":\"https:\/\/www.suno.com.br\/noticias\/negocios\/\"},{\"@type\":\"ListItem\",\"position\":3,\"name\":\"Azul busca comprar ativos da Avianca antes de MP ser aprovada no Congresso\"}]},{\"@type\":\"WebSite\",\"@id\":\"https:\/\/www.suno.com.br\/noticias\/#website\",\"url\":\"https:\/\/www.suno.com.br\/noticias\/\",\"name\":\"Suno Not\u00edcias\",\"description\":\"Seu portal de informa\u00e7\u00e3o sobre o mundo dos investimentos\",\"publisher\":{\"@id\":\"https:\/\/www.suno.com.br\/noticias\/#organization\"},\"potentialAction\":[{\"@type\":\"SearchAction\",\"target\":{\"@type\":\"EntryPoint\",\"urlTemplate\":\"https:\/\/www.suno.com.br\/noticias\/?s={search_term_string}\"},\"query-input\":{\"@type\":\"PropertyValueSpecification\",\"valueRequired\":true,\"valueName\":\"search_term_string\"}}],\"inLanguage\":\"pt-BR\"},{\"@type\":\"Organization\",\"@id\":\"https:\/\/www.suno.com.br\/noticias\/#organization\",\"name\":\"Suno Not\u00edcias\",\"url\":\"https:\/\/www.suno.com.br\/noticias\/\",\"logo\":{\"@type\":\"ImageObject\",\"inLanguage\":\"pt-BR\",\"@id\":\"https:\/\/www.suno.com.br\/noticias\/#\/schema\/logo\/image\/\",\"url\":\"https:\/\/files.sunoresearch.com.br\/n\/uploads\/2021\/09\/suno-logo.png\",\"contentUrl\":\"https:\/\/files.sunoresearch.com.br\/n\/uploads\/2021\/09\/suno-logo.png\",\"width\":180,\"height\":180,\"caption\":\"Suno Not\u00edcias\"},\"image\":{\"@id\":\"https:\/\/www.suno.com.br\/noticias\/#\/schema\/logo\/image\/\"},\"sameAs\":[\"https:\/\/facebook.com\/sunoresearch\",\"https:\/\/x.com\/sunoresearch\",\"https:\/\/www.instagram.com\/suno\",\"https:\/\/www.linkedin.com\/company\/suno-research\/\",\"https:\/\/www.youtube.com\/c\/sunoresearch\"]},{\"@type\":\"Person\",\"@id\":\"https:\/\/www.suno.com.br\/noticias\/#\/schema\/person\/fc144a1c6108bd1dcd43784e88a3c138\",\"name\":\"Renan Bandeira\",\"image\":{\"@type\":\"ImageObject\",\"inLanguage\":\"pt-BR\",\"@id\":\"https:\/\/www.suno.com.br\/noticias\/#\/schema\/person\/image\/\",\"url\":\"https:\/\/secure.gravatar.com\/avatar\/68359cdb608f14f11bbefcb78f3fc747?s=96&r=g\",\"contentUrl\":\"https:\/\/secure.gravatar.com\/avatar\/68359cdb608f14f11bbefcb78f3fc747?s=96&r=g\",\"caption\":\"Renan Bandeira\"},\"description\":\"Renan Bandeira escreve sobre pol\u00edtica e economia para o portal da Suno Research. Antes da Suno, trabalhou em uma rede de televis\u00e3o, onde fazia reportagens sobre os mesmos temas. Estuda na Universidade Metodista de S\u00e3o Paulo.\",\"url\":\"https:\/\/www.suno.com.br\/noticias\/author\/renan-bandeira\/\"}]}<\/script>\n<!-- \/ Yoast SEO plugin. -->","yoast_head_json":{"title":"Azul busca comprar ativos da Avianca antes de MP ser aprovada","description":"Medida Provis\u00f3ria (MP) permite maior participa\u00e7\u00e3o estrangeirso em a\u00e9reas, podendo aumentar concorr\u00eancia pela Avianca. Clique e saiba mais.","robots":{"index":"index","follow":"follow","max-snippet":"max-snippet:-1","max-image-preview":"max-image-preview:large","max-video-preview":"max-video-preview:-1"},"canonical":"https:\/\/www.suno.com.br\/noticias\/azul-comprar-ativos-avianca\/","og_locale":"pt_BR","og_type":"article","og_title":"Azul busca comprar ativos da Avianca antes de MP ser aprovada","og_description":"Medida Provis\u00f3ria (MP) permite maior participa\u00e7\u00e3o estrangeirso em a\u00e9reas, podendo aumentar concorr\u00eancia pela Avianca. Clique e saiba mais.","og_url":"https:\/\/www.suno.com.br\/noticias\/azul-comprar-ativos-avianca\/","og_site_name":"Suno Not\u00edcias","article_publisher":"https:\/\/facebook.com\/sunoresearch","og_image":[{"width":1200,"height":621,"url":"https:\/\/files.sunoresearch.com.br\/n\/uploads\/2019\/02\/59945c4f-avianca-brasil.jpg","type":"image\/jpeg"}],"author":"Renan Bandeira","twitter_card":"summary_large_image","twitter_creator":"@sunoresearch","twitter_site":"@sunoresearch","twitter_misc":{"Escrito por":"Renan Bandeira","Est. tempo de leitura":"3 minutos"},"schema":{"@context":"https:\/\/schema.org","@graph":[{"@type":"NewsArticle","@id":"https:\/\/www.suno.com.br\/noticias\/azul-comprar-ativos-avianca\/#article","isPartOf":{"@id":"https:\/\/www.suno.com.br\/noticias\/azul-comprar-ativos-avianca\/"},"author":{"name":"Renan Bandeira","@id":"https:\/\/www.suno.com.br\/noticias\/#\/schema\/person\/fc144a1c6108bd1dcd43784e88a3c138"},"headline":"Azul busca comprar ativos da Avianca antes de MP ser aprovada no Congresso","datePublished":"2019-05-16T15:56:58+00:00","mainEntityOfPage":{"@id":"https:\/\/www.suno.com.br\/noticias\/azul-comprar-ativos-avianca\/"},"wordCount":526,"publisher":{"@id":"https:\/\/www.suno.com.br\/noticias\/#organization"},"image":{"@id":"https:\/\/www.suno.com.br\/noticias\/azul-comprar-ativos-avianca\/#primaryimage"},"thumbnailUrl":"https:\/\/files.sunoresearch.com.br\/n\/uploads\/2019\/02\/59945c4f-avianca-brasil-jpg.webp","keywords":["Avianca"],"articleSection":["Neg\u00f3cios"],"inLanguage":"pt-BR"},{"@type":"WebPage","@id":"https:\/\/www.suno.com.br\/noticias\/azul-comprar-ativos-avianca\/","url":"https:\/\/www.suno.com.br\/noticias\/azul-comprar-ativos-avianca\/","name":"Azul busca comprar ativos da Avianca antes de MP ser aprovada","isPartOf":{"@id":"https:\/\/www.suno.com.br\/noticias\/#website"},"primaryImageOfPage":{"@id":"https:\/\/www.suno.com.br\/noticias\/azul-comprar-ativos-avianca\/#primaryimage"},"image":{"@id":"https:\/\/www.suno.com.br\/noticias\/azul-comprar-ativos-avianca\/#primaryimage"},"thumbnailUrl":"https:\/\/files.sunoresearch.com.br\/n\/uploads\/2019\/02\/59945c4f-avianca-brasil-jpg.webp","datePublished":"2019-05-16T15:56:58+00:00","description":"Medida Provis\u00f3ria (MP) permite maior participa\u00e7\u00e3o estrangeirso em a\u00e9reas, podendo aumentar concorr\u00eancia pela Avianca. Clique e saiba mais.","breadcrumb":{"@id":"https:\/\/www.suno.com.br\/noticias\/azul-comprar-ativos-avianca\/#breadcrumb"},"inLanguage":"pt-BR","potentialAction":[{"@type":"ReadAction","target":["https:\/\/www.suno.com.br\/noticias\/azul-comprar-ativos-avianca\/"]}]},{"@type":"ImageObject","inLanguage":"pt-BR","@id":"https:\/\/www.suno.com.br\/noticias\/azul-comprar-ativos-avianca\/#primaryimage","url":"https:\/\/files.sunoresearch.com.br\/n\/uploads\/2019\/02\/59945c4f-avianca-brasil-jpg.webp","contentUrl":"https:\/\/files.sunoresearch.com.br\/n\/uploads\/2019\/02\/59945c4f-avianca-brasil-jpg.webp","width":1200,"height":621,"caption":"Avianca Brasil. (divulga\u00e7\u00e3o)"},{"@type":"BreadcrumbList","@id":"https:\/\/www.suno.com.br\/noticias\/azul-comprar-ativos-avianca\/#breadcrumb","itemListElement":[{"@type":"ListItem","position":1,"name":"Not\u00edcias","item":"https:\/\/www.suno.com.br\/noticias\/"},{"@type":"ListItem","position":2,"name":"Neg\u00f3cios","item":"https:\/\/www.suno.com.br\/noticias\/negocios\/"},{"@type":"ListItem","position":3,"name":"Azul busca comprar ativos da Avianca antes de MP ser aprovada no Congresso"}]},{"@type":"WebSite","@id":"https:\/\/www.suno.com.br\/noticias\/#website","url":"https:\/\/www.suno.com.br\/noticias\/","name":"Suno Not\u00edcias","description":"Seu portal de informa\u00e7\u00e3o sobre o mundo dos investimentos","publisher":{"@id":"https:\/\/www.suno.com.br\/noticias\/#organization"},"potentialAction":[{"@type":"SearchAction","target":{"@type":"EntryPoint","urlTemplate":"https:\/\/www.suno.com.br\/noticias\/?s={search_term_string}"},"query-input":{"@type":"PropertyValueSpecification","valueRequired":true,"valueName":"search_term_string"}}],"inLanguage":"pt-BR"},{"@type":"Organization","@id":"https:\/\/www.suno.com.br\/noticias\/#organization","name":"Suno Not\u00edcias","url":"https:\/\/www.suno.com.br\/noticias\/","logo":{"@type":"ImageObject","inLanguage":"pt-BR","@id":"https:\/\/www.suno.com.br\/noticias\/#\/schema\/logo\/image\/","url":"https:\/\/files.sunoresearch.com.br\/n\/uploads\/2021\/09\/suno-logo.png","contentUrl":"https:\/\/files.sunoresearch.com.br\/n\/uploads\/2021\/09\/suno-logo.png","width":180,"height":180,"caption":"Suno Not\u00edcias"},"image":{"@id":"https:\/\/www.suno.com.br\/noticias\/#\/schema\/logo\/image\/"},"sameAs":["https:\/\/facebook.com\/sunoresearch","https:\/\/x.com\/sunoresearch","https:\/\/www.instagram.com\/suno","https:\/\/www.linkedin.com\/company\/suno-research\/","https:\/\/www.youtube.com\/c\/sunoresearch"]},{"@type":"Person","@id":"https:\/\/www.suno.com.br\/noticias\/#\/schema\/person\/fc144a1c6108bd1dcd43784e88a3c138","name":"Renan Bandeira","image":{"@type":"ImageObject","inLanguage":"pt-BR","@id":"https:\/\/www.suno.com.br\/noticias\/#\/schema\/person\/image\/","url":"https:\/\/secure.gravatar.com\/avatar\/68359cdb608f14f11bbefcb78f3fc747?s=96&r=g","contentUrl":"https:\/\/secure.gravatar.com\/avatar\/68359cdb608f14f11bbefcb78f3fc747?s=96&r=g","caption":"Renan Bandeira"},"description":"Renan Bandeira escreve sobre pol\u00edtica e economia para o portal da Suno Research. Antes da Suno, trabalhou em uma rede de televis\u00e3o, onde fazia reportagens sobre os mesmos temas. Estuda na Universidade Metodista de S\u00e3o Paulo.","url":"https:\/\/www.suno.com.br\/noticias\/author\/renan-bandeira\/"}]}},"default_loop_html":"<div class=\"cardsPage__listCard__boxs\"><div class=\"cardsPage__listCard__boxs__img\"><a href=\"https:\/\/www.suno.com.br\/noticias\/azul-comprar-ativos-avianca\/\"><img class=\"mask\" src=\"https:\/\/www.suno.com.br\/noticias\/wp-content\/themes\/suno\/resources\/images\/spotlight\/spotlight1img\/bg-mask.png\" alt=\"Image Mask\"\/><img src=\"https:\/\/files.sunoresearch.com.br\/n\/uploads\/2019\/02\/59945c4f-avianca-brasil-400x200.webp\" alt=\"Azul busca comprar ativos da Avianca antes de MP ser aprovada no Congresso\"\/><\/a><span class=\"spotlightCategory\"><a href=\"https:\/\/www.suno.com.br\/noticias\/negocios\/\">Neg\u00f3cios<\/a><\/span><\/div><div class=\"cardsPage__listCard__boxs__content\"><a href=\"https:\/\/www.suno.com.br\/noticias\/azul-comprar-ativos-avianca\/\"><h2 class=\"content__title\">Azul busca comprar ativos da Avianca antes de MP ser aprovada no Congresso<\/h2><\/a><div class=\"newsContent__article__meta\"><div class=\"newsContent__article__meta__authorBox\"><a href=\"https:\/\/www.suno.com.br\/noticias\/author\/renan-bandeira\/\" class=\"authorBox__avatar noMobi\"><img src=\"https:\/\/secure.gravatar.com\/avatar\/68359cdb608f14f11bbefcb78f3fc747?s=96&#038;r=g\" alt=\"Renan Bandeira\"><\/a><div class=\"authorBox__name\"><span>por\n\t\t\t<a href=\"https:\/\/www.suno.com.br\/noticias\/author\/renan-bandeira\/\"><span itemprop=\"author\">Renan Bandeira<\/span><\/a><\/span><time datetime=\"2019-05-16T12:56:58-03:00\" itemprop=\"datePublished\">16\/05\/2019 12:56<\/time><\/div><\/div><\/div><\/div><\/div>","single_layout":"posts","amp_enabled":true,"_links":{"self":[{"href":"https:\/\/www.suno.com.br\/noticias\/wp-json\/wp\/v2\/posts\/24798"}],"collection":[{"href":"https:\/\/www.suno.com.br\/noticias\/wp-json\/wp\/v2\/posts"}],"about":[{"href":"https:\/\/www.suno.com.br\/noticias\/wp-json\/wp\/v2\/types\/post"}],"author":[{"embeddable":true,"href":"https:\/\/www.suno.com.br\/noticias\/wp-json\/wp\/v2\/users\/11"}],"replies":[{"embeddable":true,"href":"https:\/\/www.suno.com.br\/noticias\/wp-json\/wp\/v2\/comments?post=24798"}],"version-history":[{"count":0,"href":"https:\/\/www.suno.com.br\/noticias\/wp-json\/wp\/v2\/posts\/24798\/revisions"}],"wp:featuredmedia":[{"embeddable":true,"href":"https:\/\/www.suno.com.br\/noticias\/wp-json\/wp\/v2\/media\/15795"}],"wp:attachment":[{"href":"https:\/\/www.suno.com.br\/noticias\/wp-json\/wp\/v2\/media?parent=24798"}],"wp:term":[{"taxonomy":"category","embeddable":true,"href":"https:\/\/www.suno.com.br\/noticias\/wp-json\/wp\/v2\/categories?post=24798"},{"taxonomy":"post_tag","embeddable":true,"href":"https:\/\/www.suno.com.br\/noticias\/wp-json\/wp\/v2\/tags?post=24798"},{"taxonomy":"suno_strategy","embeddable":true,"href":"https:\/\/www.suno.com.br\/noticias\/wp-json\/wp\/v2\/suno_strategy?post=24798"}],"curies":[{"name":"wp","href":"https:\/\/api.w.org\/{rel}","templated":true}]}}