{"id":24783,"date":"2019-05-16T11:47:45","date_gmt":"2019-05-16T14:47:45","guid":{"rendered":"https:\/\/www.suno.com.br\/noticias\/?p=24783"},"modified":"2019-05-16T11:58:18","modified_gmt":"2019-05-16T14:58:18","slug":"saraiva-prejuizo-livros-recuperacao-judicial","status":"publish","type":"post","link":"https:\/\/www.suno.com.br\/noticias\/saraiva-prejuizo-livros-recuperacao-judicial\/","title":{"rendered":"Saraiva registra preju\u00edzo de R$ 63 mi devido \u00e0 crise no mercado editorial"},"content":{"rendered":"<p>A <strong>livraria<\/strong> Saraiva divulgou seu <strong>primeiro balan\u00e7o trimestral<\/strong> deste ano. A livraria registrou preju\u00edzo de R$ 63,8 milh\u00f5es, no anterior de mesmo per\u00edodo, a empresa havia registrado lucro de R$ 1,3 milh\u00e3o.<\/p>\t<div class=\"wrapper-featured-image\">\n\t\t<figure class=\"spotlightImg\">\n\n\t\t\t<picture>\n\t\t\t\t<source media=\"(max-width: 768px)\" srcset=\"https:\/\/files.sunoresearch.com.br\/n\/uploads\/2018\/11\/2002f175-saraiva-e1695382903507-400x200.webp\">\n\t\t\t\t<img loading=\"lazy\" decoding=\"async\" class=\"newsContent__article__imgCapa lazyloadDisabled newsContent__article__imgCapa--noCaption\" src=\"https:\/\/files.sunoresearch.com.br\/n\/uploads\/2018\/11\/2002f175-saraiva-e1695382903507-800x450.webp\" width=\"800\" height=\"450\" alt=\"Saraiva registra preju\u00edzo de R$ 63 mi devido \u00e0 crise no mercado editorial\" fetchpriority=high \/>\n\t\t\t<\/picture>\n\n\t\t\t<figcaption class=\"wp-caption-text wp-caption-text--hide\">Saraiva (SLED4) - Foto: divulga\u00e7\u00e3o<\/figcaption>\n\t\t<\/figure>\n\t<\/div>\n\n\n<p>A <strong>Saraiva<\/strong> est\u00e1 em processo de <strong>recupera\u00e7\u00e3o judicial<\/strong> desde novembro de 2018. A livraria atribuiu a esse resultado \u00e0 <strong>crise do mercado editoral<\/strong> que vem ocorrendo desde 2015. Al\u00e9m disso, a empresa associa tamb\u00e9m ao quadro acumulativo de cr\u00e9ditos tribut\u00e1rios e um sistema financeiro fechado.<\/p>\n<p>Os impactos causados pela crise econ\u00f4mica, &#8220;comprometeram a obten\u00e7\u00e3o dos resultados almejados, o que abalou a perspectiva da Companhia de honrar com as suas obriga\u00e7\u00f5es de curto prazo&#8221;, afirma a empresa.<\/p>\n\t<p>\n\t\t<a href=\"https:\/\/lp.suno.com.br\/ebook-como-analisar-uma-acao\/\" target=\"_blank\" data-element=\"shortcode-suno-banner\" title=\"Banner SUNO, clique e saiba mais\">\n\t\t\t<picture>\n\t\t\t\t<source media=\"(max-width: 500px)\" srcset=\"https:\/\/files.sunoresearch.com.br\/n\/uploads\/2023\/03\/Ebook-Acoes-Mobile.jpg\">\n\t\t\t\t<img class=\"newsContent__article__imgCapa newsContent__article__imgCapa--banner\"\n\t\t\t\t\tsrc=\"https:\/\/files.sunoresearch.com.br\/n\/uploads\/2023\/03\/Ebook-Acoes-Desktop.jpg\"\n\t\t\t\t\tdata-promo-id=\"311946\"\t\t\t\t\t\t\t\t\t\twidth='1420' height='286'\t\t\t\t\talt=\"https:\/\/files.sunoresearch.com.br\/n\/uploads\/2023\/03\/Ebook-Acoes-Desktop.jpg\"\n\t\t\t\t>\n\t\t\t<\/picture>\n\t\t<\/a>\n\t<\/p>\n\n\n<h2>Resultados<\/h2>\n<p>Al\u00e9m do preju\u00edzo, a receita recuou em 64% somatizando 204,7 milh\u00f5es. As <strong>lojas f\u00edsicas<\/strong> registraram uma queda de 62,1%, total de R$ 127,3 milh\u00f5es.\u00a0<span style=\"font-size: 1.1429rem;\">J\u00e1 no <strong>com\u00e9rcio eletr\u00f4nico<\/strong> houve recuo de 67% para R$ 77,4 milh\u00f5es.<\/span><\/p>\n<p>Conforme a empresa, a queda de <strong>receita<\/strong> aconteceu devido aos seguintes fatores:<\/p>\n<ul>\n<li>processo de reestrutura\u00e7\u00e3o;<\/li>\n<li>redu\u00e7\u00e3o do n\u00famero de lojas f\u00edsicas;<\/li>\n<li>queda de faturamento gerado por problemas de instabilidade do canal online.<\/li>\n<\/ul>\n<p>No entanto, a <strong>Saraiva<\/strong> informa que as despesas operacionais tiveram queda de 37,9% para R$96,4 milh\u00f5es. As medidas tomadas foram:<\/p>\n<ul>\n<li>deligamento de colaboradores;<\/li>\n<li>renegocia\u00e7\u00e3o e revis\u00e3o de contratos com fornecedores<\/li>\n<li>e revis\u00e3o da malha log\u00edstica.<\/li>\n<\/ul>\n<p>O <a href=\"https:\/\/www.suno.com.br\/artigos\/ebitda\/\"><strong>Ebtida<\/strong><\/a>, lucros antes de<a href=\"https:\/\/www.suno.com.br\/artigos\/o-que-sao-juros\/\"><strong> juros<\/strong><\/a>, <a href=\"https:\/\/www.suno.com.br\/artigos\/carga-tributaria\/\"><strong>impostos<\/strong><\/a>, <a href=\"https:\/\/www.suno.com.br\/artigos\/depreciacao-de-um-bem\/\"><strong>deprecia\u00e7\u00e3o<\/strong><\/a> e <a href=\"https:\/\/www.suno.com.br\/artigos\/amortizacao\/\"><strong>amortiza\u00e7\u00e3o<\/strong><\/a>, ficou no preju\u00edzo de R$ 47,1 milh\u00f5es. No ano anterior o valor estava positivo em R$ 24,6 milh\u00f5es.Embora o grande preju\u00edzo a empresa continua otimista.<\/p>\n<p><a href=\"https:\/\/www.suno.com.br\/noticias\/livraria-saraiva-fecha-mais-tres-lojas\/\">Saiba Mais: recupera\u00e7\u00e3o judicial, Livraria Saraiva fecha mais tr\u00eas lojas<\/a><\/p>\n<p>&#8220;Existe um desafio grande de mercado, mas confiamos plenamente no crescimento e na recupera\u00e7\u00e3o do mercado de <strong>livros<\/strong> no <strong>Brasil<\/strong>. Considerando que j\u00e1 vemos uma recupera\u00e7\u00e3o em outros setores relevantes do varejo nacional, estamos diante de um cen\u00e1rio que favorece a perspectiva de retomada para nossos principais setores de atua\u00e7\u00e3o&#8221;, afirma a <strong>Saraiva<\/strong><\/p>\n","protected":false},"excerpt":{"rendered":"<p>A livraria Saraiva divulgou seu primeiro balan\u00e7o trimestral deste ano. A livraria registrou preju\u00edzo de R$ 63,8 milh\u00f5es, no anterior de mesmo per\u00edodo, a empresa havia registrado lucro de R$ 1,3 milh\u00e3o. Saraiva (SLED4) &#8211; Foto: divulga\u00e7\u00e3o A Saraiva est\u00e1 em processo de recupera\u00e7\u00e3o judicial desde novembro de 2018. A livraria atribuiu a esse resultado [&hellip;]<\/p>\n","protected":false},"author":15,"featured_media":6756,"comment_status":"closed","ping_status":"closed","sticky":false,"template":"","format":"standard","meta":[],"categories":[64],"tags":[],"suno_strategy":[],"class_list":["post-24783","post","type-post","status-publish","format-standard","has-post-thumbnail","hentry","category-negocios"],"yoast_head":"<!-- This site is optimized with the Yoast SEO plugin v24.4 - https:\/\/yoast.com\/wordpress\/plugins\/seo\/ -->\n<title>Saraiva registra preju\u00edzo de R$ 63 mi devido \u00e0 crise no mercado editorial<\/title>\n<meta name=\"description\" content=\"A Saraiva divulgou seu primeiro balan\u00e7o trimestral deste ano. Em 2018, havia registrado lucro de R$ 1,3 mi. Clique aqui e saiba mais\" \/>\n<meta name=\"robots\" content=\"index, follow, max-snippet:-1, max-image-preview:large, max-video-preview:-1\" \/>\n<link rel=\"canonical\" href=\"https:\/\/www.suno.com.br\/noticias\/saraiva-prejuizo-livros-recuperacao-judicial\/\" \/>\n<meta property=\"og:locale\" content=\"pt_BR\" \/>\n<meta property=\"og:type\" content=\"article\" \/>\n<meta property=\"og:title\" content=\"Saraiva registra preju\u00edzo de R$ 63 mi devido \u00e0 crise no mercado editorial\" \/>\n<meta property=\"og:description\" content=\"A Saraiva divulgou seu primeiro balan\u00e7o trimestral deste ano. Em 2018, havia registrado lucro de R$ 1,3 mi. Clique aqui e saiba mais\" \/>\n<meta property=\"og:url\" content=\"https:\/\/www.suno.com.br\/noticias\/saraiva-prejuizo-livros-recuperacao-judicial\/\" \/>\n<meta property=\"og:site_name\" content=\"Suno Not\u00edcias\" \/>\n<meta property=\"article:publisher\" content=\"https:\/\/facebook.com\/sunoresearch\" \/>\n<meta property=\"og:image\" content=\"https:\/\/files.sunoresearch.com.br\/n\/uploads\/2018\/11\/2002f175-saraiva-e1695382903507-jpg.webp\" \/>\n\t<meta property=\"og:image:width\" content=\"1200\" \/>\n\t<meta property=\"og:image:height\" content=\"900\" \/>\n\t<meta property=\"og:image:type\" content=\"image\/jpeg\" \/>\n<meta name=\"author\" content=\"Poliana Santos\" \/>\n<meta name=\"twitter:card\" content=\"summary_large_image\" \/>\n<meta name=\"twitter:creator\" content=\"@sunoresearch\" \/>\n<meta name=\"twitter:site\" content=\"@sunoresearch\" \/>\n<meta name=\"twitter:label1\" content=\"Escrito por\" \/>\n\t<meta name=\"twitter:data1\" content=\"Poliana Santos\" \/>\n\t<meta name=\"twitter:label2\" content=\"Est. tempo de leitura\" \/>\n\t<meta name=\"twitter:data2\" content=\"2 minutos\" \/>\n<script type=\"application\/ld+json\" class=\"yoast-schema-graph\">{\"@context\":\"https:\/\/schema.org\",\"@graph\":[{\"@type\":\"NewsArticle\",\"@id\":\"https:\/\/www.suno.com.br\/noticias\/saraiva-prejuizo-livros-recuperacao-judicial\/#article\",\"isPartOf\":{\"@id\":\"https:\/\/www.suno.com.br\/noticias\/saraiva-prejuizo-livros-recuperacao-judicial\/\"},\"author\":{\"name\":\"Poliana Santos\",\"@id\":\"https:\/\/www.suno.com.br\/noticias\/#\/schema\/person\/02ec1f752758247878a2bf4abee1aeda\"},\"headline\":\"Saraiva registra preju\u00edzo de R$ 63 mi devido \u00e0 crise no mercado editorial\",\"datePublished\":\"2019-05-16T14:47:45+00:00\",\"dateModified\":\"2019-05-16T14:58:18+00:00\",\"mainEntityOfPage\":{\"@id\":\"https:\/\/www.suno.com.br\/noticias\/saraiva-prejuizo-livros-recuperacao-judicial\/\"},\"wordCount\":354,\"publisher\":{\"@id\":\"https:\/\/www.suno.com.br\/noticias\/#organization\"},\"image\":{\"@id\":\"https:\/\/www.suno.com.br\/noticias\/saraiva-prejuizo-livros-recuperacao-judicial\/#primaryimage\"},\"thumbnailUrl\":\"https:\/\/files.sunoresearch.com.br\/n\/uploads\/2018\/11\/2002f175-saraiva-e1695382903507-jpg.webp\",\"articleSection\":[\"Neg\u00f3cios\"],\"inLanguage\":\"pt-BR\"},{\"@type\":\"WebPage\",\"@id\":\"https:\/\/www.suno.com.br\/noticias\/saraiva-prejuizo-livros-recuperacao-judicial\/\",\"url\":\"https:\/\/www.suno.com.br\/noticias\/saraiva-prejuizo-livros-recuperacao-judicial\/\",\"name\":\"Saraiva registra preju\u00edzo de R$ 63 mi devido \u00e0 crise no mercado editorial\",\"isPartOf\":{\"@id\":\"https:\/\/www.suno.com.br\/noticias\/#website\"},\"primaryImageOfPage\":{\"@id\":\"https:\/\/www.suno.com.br\/noticias\/saraiva-prejuizo-livros-recuperacao-judicial\/#primaryimage\"},\"image\":{\"@id\":\"https:\/\/www.suno.com.br\/noticias\/saraiva-prejuizo-livros-recuperacao-judicial\/#primaryimage\"},\"thumbnailUrl\":\"https:\/\/files.sunoresearch.com.br\/n\/uploads\/2018\/11\/2002f175-saraiva-e1695382903507-jpg.webp\",\"datePublished\":\"2019-05-16T14:47:45+00:00\",\"dateModified\":\"2019-05-16T14:58:18+00:00\",\"description\":\"A Saraiva divulgou seu primeiro balan\u00e7o trimestral deste ano. Em 2018, havia registrado lucro de R$ 1,3 mi. Clique aqui e saiba mais\",\"breadcrumb\":{\"@id\":\"https:\/\/www.suno.com.br\/noticias\/saraiva-prejuizo-livros-recuperacao-judicial\/#breadcrumb\"},\"inLanguage\":\"pt-BR\",\"potentialAction\":[{\"@type\":\"ReadAction\",\"target\":[\"https:\/\/www.suno.com.br\/noticias\/saraiva-prejuizo-livros-recuperacao-judicial\/\"]}]},{\"@type\":\"ImageObject\",\"inLanguage\":\"pt-BR\",\"@id\":\"https:\/\/www.suno.com.br\/noticias\/saraiva-prejuizo-livros-recuperacao-judicial\/#primaryimage\",\"url\":\"https:\/\/files.sunoresearch.com.br\/n\/uploads\/2018\/11\/2002f175-saraiva-e1695382903507-jpg.webp\",\"contentUrl\":\"https:\/\/files.sunoresearch.com.br\/n\/uploads\/2018\/11\/2002f175-saraiva-e1695382903507-jpg.webp\",\"width\":1200,\"height\":900,\"caption\":\"Saraiva (SLED4) - Foto: divulga\u00e7\u00e3o\"},{\"@type\":\"BreadcrumbList\",\"@id\":\"https:\/\/www.suno.com.br\/noticias\/saraiva-prejuizo-livros-recuperacao-judicial\/#breadcrumb\",\"itemListElement\":[{\"@type\":\"ListItem\",\"position\":1,\"name\":\"Not\u00edcias\",\"item\":\"https:\/\/www.suno.com.br\/noticias\/\"},{\"@type\":\"ListItem\",\"position\":2,\"name\":\"Neg\u00f3cios\",\"item\":\"https:\/\/www.suno.com.br\/noticias\/negocios\/\"},{\"@type\":\"ListItem\",\"position\":3,\"name\":\"Saraiva registra preju\u00edzo de R$ 63 mi devido \u00e0 crise no mercado editorial\"}]},{\"@type\":\"WebSite\",\"@id\":\"https:\/\/www.suno.com.br\/noticias\/#website\",\"url\":\"https:\/\/www.suno.com.br\/noticias\/\",\"name\":\"Suno Not\u00edcias\",\"description\":\"Seu portal de informa\u00e7\u00e3o sobre o mundo dos investimentos\",\"publisher\":{\"@id\":\"https:\/\/www.suno.com.br\/noticias\/#organization\"},\"potentialAction\":[{\"@type\":\"SearchAction\",\"target\":{\"@type\":\"EntryPoint\",\"urlTemplate\":\"https:\/\/www.suno.com.br\/noticias\/?s={search_term_string}\"},\"query-input\":{\"@type\":\"PropertyValueSpecification\",\"valueRequired\":true,\"valueName\":\"search_term_string\"}}],\"inLanguage\":\"pt-BR\"},{\"@type\":\"Organization\",\"@id\":\"https:\/\/www.suno.com.br\/noticias\/#organization\",\"name\":\"Suno Not\u00edcias\",\"url\":\"https:\/\/www.suno.com.br\/noticias\/\",\"logo\":{\"@type\":\"ImageObject\",\"inLanguage\":\"pt-BR\",\"@id\":\"https:\/\/www.suno.com.br\/noticias\/#\/schema\/logo\/image\/\",\"url\":\"https:\/\/files.sunoresearch.com.br\/n\/uploads\/2021\/09\/suno-logo.png\",\"contentUrl\":\"https:\/\/files.sunoresearch.com.br\/n\/uploads\/2021\/09\/suno-logo.png\",\"width\":180,\"height\":180,\"caption\":\"Suno Not\u00edcias\"},\"image\":{\"@id\":\"https:\/\/www.suno.com.br\/noticias\/#\/schema\/logo\/image\/\"},\"sameAs\":[\"https:\/\/facebook.com\/sunoresearch\",\"https:\/\/x.com\/sunoresearch\",\"https:\/\/www.instagram.com\/suno\",\"https:\/\/www.linkedin.com\/company\/suno-research\/\",\"https:\/\/www.youtube.com\/c\/sunoresearch\"]},{\"@type\":\"Person\",\"@id\":\"https:\/\/www.suno.com.br\/noticias\/#\/schema\/person\/02ec1f752758247878a2bf4abee1aeda\",\"name\":\"Poliana Santos\",\"image\":{\"@type\":\"ImageObject\",\"inLanguage\":\"pt-BR\",\"@id\":\"https:\/\/www.suno.com.br\/noticias\/#\/schema\/person\/image\/\",\"url\":\"https:\/\/secure.gravatar.com\/avatar\/0645bd32f23d87b2130f2b2dff1d3f8d?s=96&r=g\",\"contentUrl\":\"https:\/\/secure.gravatar.com\/avatar\/0645bd32f23d87b2130f2b2dff1d3f8d?s=96&r=g\",\"caption\":\"Poliana Santos\"},\"description\":\"Rep\u00f3rter no Suno Not\u00edcias, com cobertura em mercado financeiro, economia, finan\u00e7as pessoais, renda fixa e varejo. Jornalista formada pela Faculdade C\u00e1sper L\u00edbero e possui passagem na R\u00e1dio Gazeta AM com a produ\u00e7\u00e3o de conte\u00fado sobre economia, pol\u00edtica, sa\u00fade, moda e m\u00fasica. Possui certificado de conclus\u00e3o do curso de An\u00e1lise de Balan\u00e7os pela Funda\u00e7\u00e3o Bradesco, Agenda Brasil pela FAAP, Educa\u00e7\u00e3o Pol\u00edtica por Alexandre Garcia e do Tesouro Direto e Mercado de A\u00e7\u00f5es pela B3.\",\"url\":\"https:\/\/www.suno.com.br\/noticias\/author\/poliana-santos\/\"}]}<\/script>\n<!-- \/ Yoast SEO plugin. -->","yoast_head_json":{"title":"Saraiva registra preju\u00edzo de R$ 63 mi devido \u00e0 crise no mercado editorial","description":"A Saraiva divulgou seu primeiro balan\u00e7o trimestral deste ano. Em 2018, havia registrado lucro de R$ 1,3 mi. Clique aqui e saiba mais","robots":{"index":"index","follow":"follow","max-snippet":"max-snippet:-1","max-image-preview":"max-image-preview:large","max-video-preview":"max-video-preview:-1"},"canonical":"https:\/\/www.suno.com.br\/noticias\/saraiva-prejuizo-livros-recuperacao-judicial\/","og_locale":"pt_BR","og_type":"article","og_title":"Saraiva registra preju\u00edzo de R$ 63 mi devido \u00e0 crise no mercado editorial","og_description":"A Saraiva divulgou seu primeiro balan\u00e7o trimestral deste ano. Em 2018, havia registrado lucro de R$ 1,3 mi. Clique aqui e saiba mais","og_url":"https:\/\/www.suno.com.br\/noticias\/saraiva-prejuizo-livros-recuperacao-judicial\/","og_site_name":"Suno Not\u00edcias","article_publisher":"https:\/\/facebook.com\/sunoresearch","og_image":[{"width":1200,"height":900,"url":"https:\/\/files.sunoresearch.com.br\/n\/uploads\/2018\/11\/2002f175-saraiva-e1695382903507-jpg.webp","type":"image\/jpeg"}],"author":"Poliana Santos","twitter_card":"summary_large_image","twitter_creator":"@sunoresearch","twitter_site":"@sunoresearch","twitter_misc":{"Escrito por":"Poliana Santos","Est. tempo de leitura":"2 minutos"},"schema":{"@context":"https:\/\/schema.org","@graph":[{"@type":"NewsArticle","@id":"https:\/\/www.suno.com.br\/noticias\/saraiva-prejuizo-livros-recuperacao-judicial\/#article","isPartOf":{"@id":"https:\/\/www.suno.com.br\/noticias\/saraiva-prejuizo-livros-recuperacao-judicial\/"},"author":{"name":"Poliana Santos","@id":"https:\/\/www.suno.com.br\/noticias\/#\/schema\/person\/02ec1f752758247878a2bf4abee1aeda"},"headline":"Saraiva registra preju\u00edzo de R$ 63 mi devido \u00e0 crise no mercado editorial","datePublished":"2019-05-16T14:47:45+00:00","dateModified":"2019-05-16T14:58:18+00:00","mainEntityOfPage":{"@id":"https:\/\/www.suno.com.br\/noticias\/saraiva-prejuizo-livros-recuperacao-judicial\/"},"wordCount":354,"publisher":{"@id":"https:\/\/www.suno.com.br\/noticias\/#organization"},"image":{"@id":"https:\/\/www.suno.com.br\/noticias\/saraiva-prejuizo-livros-recuperacao-judicial\/#primaryimage"},"thumbnailUrl":"https:\/\/files.sunoresearch.com.br\/n\/uploads\/2018\/11\/2002f175-saraiva-e1695382903507-jpg.webp","articleSection":["Neg\u00f3cios"],"inLanguage":"pt-BR"},{"@type":"WebPage","@id":"https:\/\/www.suno.com.br\/noticias\/saraiva-prejuizo-livros-recuperacao-judicial\/","url":"https:\/\/www.suno.com.br\/noticias\/saraiva-prejuizo-livros-recuperacao-judicial\/","name":"Saraiva registra preju\u00edzo de R$ 63 mi devido \u00e0 crise no mercado editorial","isPartOf":{"@id":"https:\/\/www.suno.com.br\/noticias\/#website"},"primaryImageOfPage":{"@id":"https:\/\/www.suno.com.br\/noticias\/saraiva-prejuizo-livros-recuperacao-judicial\/#primaryimage"},"image":{"@id":"https:\/\/www.suno.com.br\/noticias\/saraiva-prejuizo-livros-recuperacao-judicial\/#primaryimage"},"thumbnailUrl":"https:\/\/files.sunoresearch.com.br\/n\/uploads\/2018\/11\/2002f175-saraiva-e1695382903507-jpg.webp","datePublished":"2019-05-16T14:47:45+00:00","dateModified":"2019-05-16T14:58:18+00:00","description":"A Saraiva divulgou seu primeiro balan\u00e7o trimestral deste ano. Em 2018, havia registrado lucro de R$ 1,3 mi. Clique aqui e saiba mais","breadcrumb":{"@id":"https:\/\/www.suno.com.br\/noticias\/saraiva-prejuizo-livros-recuperacao-judicial\/#breadcrumb"},"inLanguage":"pt-BR","potentialAction":[{"@type":"ReadAction","target":["https:\/\/www.suno.com.br\/noticias\/saraiva-prejuizo-livros-recuperacao-judicial\/"]}]},{"@type":"ImageObject","inLanguage":"pt-BR","@id":"https:\/\/www.suno.com.br\/noticias\/saraiva-prejuizo-livros-recuperacao-judicial\/#primaryimage","url":"https:\/\/files.sunoresearch.com.br\/n\/uploads\/2018\/11\/2002f175-saraiva-e1695382903507-jpg.webp","contentUrl":"https:\/\/files.sunoresearch.com.br\/n\/uploads\/2018\/11\/2002f175-saraiva-e1695382903507-jpg.webp","width":1200,"height":900,"caption":"Saraiva (SLED4) - Foto: divulga\u00e7\u00e3o"},{"@type":"BreadcrumbList","@id":"https:\/\/www.suno.com.br\/noticias\/saraiva-prejuizo-livros-recuperacao-judicial\/#breadcrumb","itemListElement":[{"@type":"ListItem","position":1,"name":"Not\u00edcias","item":"https:\/\/www.suno.com.br\/noticias\/"},{"@type":"ListItem","position":2,"name":"Neg\u00f3cios","item":"https:\/\/www.suno.com.br\/noticias\/negocios\/"},{"@type":"ListItem","position":3,"name":"Saraiva registra preju\u00edzo de R$ 63 mi devido \u00e0 crise no mercado editorial"}]},{"@type":"WebSite","@id":"https:\/\/www.suno.com.br\/noticias\/#website","url":"https:\/\/www.suno.com.br\/noticias\/","name":"Suno Not\u00edcias","description":"Seu portal de informa\u00e7\u00e3o sobre o mundo dos investimentos","publisher":{"@id":"https:\/\/www.suno.com.br\/noticias\/#organization"},"potentialAction":[{"@type":"SearchAction","target":{"@type":"EntryPoint","urlTemplate":"https:\/\/www.suno.com.br\/noticias\/?s={search_term_string}"},"query-input":{"@type":"PropertyValueSpecification","valueRequired":true,"valueName":"search_term_string"}}],"inLanguage":"pt-BR"},{"@type":"Organization","@id":"https:\/\/www.suno.com.br\/noticias\/#organization","name":"Suno Not\u00edcias","url":"https:\/\/www.suno.com.br\/noticias\/","logo":{"@type":"ImageObject","inLanguage":"pt-BR","@id":"https:\/\/www.suno.com.br\/noticias\/#\/schema\/logo\/image\/","url":"https:\/\/files.sunoresearch.com.br\/n\/uploads\/2021\/09\/suno-logo.png","contentUrl":"https:\/\/files.sunoresearch.com.br\/n\/uploads\/2021\/09\/suno-logo.png","width":180,"height":180,"caption":"Suno Not\u00edcias"},"image":{"@id":"https:\/\/www.suno.com.br\/noticias\/#\/schema\/logo\/image\/"},"sameAs":["https:\/\/facebook.com\/sunoresearch","https:\/\/x.com\/sunoresearch","https:\/\/www.instagram.com\/suno","https:\/\/www.linkedin.com\/company\/suno-research\/","https:\/\/www.youtube.com\/c\/sunoresearch"]},{"@type":"Person","@id":"https:\/\/www.suno.com.br\/noticias\/#\/schema\/person\/02ec1f752758247878a2bf4abee1aeda","name":"Poliana Santos","image":{"@type":"ImageObject","inLanguage":"pt-BR","@id":"https:\/\/www.suno.com.br\/noticias\/#\/schema\/person\/image\/","url":"https:\/\/secure.gravatar.com\/avatar\/0645bd32f23d87b2130f2b2dff1d3f8d?s=96&r=g","contentUrl":"https:\/\/secure.gravatar.com\/avatar\/0645bd32f23d87b2130f2b2dff1d3f8d?s=96&r=g","caption":"Poliana Santos"},"description":"Rep\u00f3rter no Suno Not\u00edcias, com cobertura em mercado financeiro, economia, finan\u00e7as pessoais, renda fixa e varejo. Jornalista formada pela Faculdade C\u00e1sper L\u00edbero e possui passagem na R\u00e1dio Gazeta AM com a produ\u00e7\u00e3o de conte\u00fado sobre economia, pol\u00edtica, sa\u00fade, moda e m\u00fasica. Possui certificado de conclus\u00e3o do curso de An\u00e1lise de Balan\u00e7os pela Funda\u00e7\u00e3o Bradesco, Agenda Brasil pela FAAP, Educa\u00e7\u00e3o Pol\u00edtica por Alexandre Garcia e do Tesouro Direto e Mercado de A\u00e7\u00f5es pela B3.","url":"https:\/\/www.suno.com.br\/noticias\/author\/poliana-santos\/"}]}},"default_loop_html":"<div class=\"cardsPage__listCard__boxs\"><div class=\"cardsPage__listCard__boxs__img\"><a href=\"https:\/\/www.suno.com.br\/noticias\/saraiva-prejuizo-livros-recuperacao-judicial\/\"><img class=\"mask\" src=\"https:\/\/www.suno.com.br\/noticias\/wp-content\/themes\/suno\/resources\/images\/spotlight\/spotlight1img\/bg-mask.png\" alt=\"Image Mask\"\/><img src=\"https:\/\/files.sunoresearch.com.br\/n\/uploads\/2018\/11\/2002f175-saraiva-e1695382903507-400x200.webp\" alt=\"Saraiva registra preju\u00edzo de R$ 63 mi devido \u00e0 crise no mercado editorial\"\/><\/a><span class=\"spotlightCategory\"><a href=\"https:\/\/www.suno.com.br\/noticias\/negocios\/\">Neg\u00f3cios<\/a><\/span><\/div><div class=\"cardsPage__listCard__boxs__content\"><a href=\"https:\/\/www.suno.com.br\/noticias\/saraiva-prejuizo-livros-recuperacao-judicial\/\"><h2 class=\"content__title\">Saraiva registra preju\u00edzo de R$ 63 mi devido \u00e0 crise no mercado editorial<\/h2><\/a><div class=\"newsContent__article__meta\"><div class=\"newsContent__article__meta__authorBox\"><a href=\"https:\/\/www.suno.com.br\/noticias\/author\/poliana-santos\/\" class=\"authorBox__avatar noMobi\"><img src=\"https:\/\/files.sunoresearch.com.br\/n\/uploads\/2020\/08\/7ef34026-whatsapp-image-2020-08-03-at-12.37.57-150x150.webp\" alt=\"Poliana Santos\"><\/a><div class=\"authorBox__name\"><span>por\n\t\t\t<a href=\"https:\/\/www.suno.com.br\/noticias\/author\/poliana-santos\/\"><span itemprop=\"author\">Poliana Santos<\/span><\/a><\/span><time datetime=\"2019-05-16T11:47:45-03:00\" itemprop=\"datePublished\">16\/05\/2019 11:47<\/time><\/div><\/div><\/div><\/div><\/div>","single_layout":"posts","amp_enabled":true,"_links":{"self":[{"href":"https:\/\/www.suno.com.br\/noticias\/wp-json\/wp\/v2\/posts\/24783"}],"collection":[{"href":"https:\/\/www.suno.com.br\/noticias\/wp-json\/wp\/v2\/posts"}],"about":[{"href":"https:\/\/www.suno.com.br\/noticias\/wp-json\/wp\/v2\/types\/post"}],"author":[{"embeddable":true,"href":"https:\/\/www.suno.com.br\/noticias\/wp-json\/wp\/v2\/users\/15"}],"replies":[{"embeddable":true,"href":"https:\/\/www.suno.com.br\/noticias\/wp-json\/wp\/v2\/comments?post=24783"}],"version-history":[{"count":0,"href":"https:\/\/www.suno.com.br\/noticias\/wp-json\/wp\/v2\/posts\/24783\/revisions"}],"wp:featuredmedia":[{"embeddable":true,"href":"https:\/\/www.suno.com.br\/noticias\/wp-json\/wp\/v2\/media\/6756"}],"wp:attachment":[{"href":"https:\/\/www.suno.com.br\/noticias\/wp-json\/wp\/v2\/media?parent=24783"}],"wp:term":[{"taxonomy":"category","embeddable":true,"href":"https:\/\/www.suno.com.br\/noticias\/wp-json\/wp\/v2\/categories?post=24783"},{"taxonomy":"post_tag","embeddable":true,"href":"https:\/\/www.suno.com.br\/noticias\/wp-json\/wp\/v2\/tags?post=24783"},{"taxonomy":"suno_strategy","embeddable":true,"href":"https:\/\/www.suno.com.br\/noticias\/wp-json\/wp\/v2\/suno_strategy?post=24783"}],"curies":[{"name":"wp","href":"https:\/\/api.w.org\/{rel}","templated":true}]}}