{"id":24780,"date":"2019-05-16T11:26:11","date_gmt":"2019-05-16T14:26:11","guid":{"rendered":"https:\/\/www.suno.com.br\/noticias\/?p=24780"},"modified":"2019-05-16T11:26:11","modified_gmt":"2019-05-16T14:26:11","slug":"autodromo-de-interlagos-concessao","status":"publish","type":"post","link":"https:\/\/www.suno.com.br\/noticias\/autodromo-de-interlagos-concessao\/","title":{"rendered":"Aut\u00f3dromo de Interlagos tem concess\u00e3o aprovada pela C\u00e2mara de SP"},"content":{"rendered":"<p>A C\u00e2mara Municipal de S\u00e3o Paulo aprovou a concess\u00e3o do aut\u00f3dromo de Interlagos \u00e0 iniciativa privada. A vota\u00e7\u00e3o da \u00faltima quarta-feira (15), ficou em 34 votos a favor e 8 contra, sendo aprovado em segundo turno. Agora o texto ser\u00e1 analisado pelo prefeito Bruno Covas (PSDB).<\/p>\t<div class=\"wrapper-featured-image\">\n\t\t<figure class=\"spotlightImg\">\n\n\t\t\t<picture>\n\t\t\t\t<source media=\"(max-width: 768px)\" srcset=\"https:\/\/files.sunoresearch.com.br\/n\/uploads\/2019\/05\/24223973-aut\u00f3dromo-de-interlagos-400x200.webp\">\n\t\t\t\t<img loading=\"lazy\" decoding=\"async\" class=\"newsContent__article__imgCapa lazyloadDisabled newsContent__article__imgCapa--noCaption\" src=\"https:\/\/files.sunoresearch.com.br\/n\/uploads\/2019\/05\/24223973-aut\u00f3dromo-de-interlagos-jpg.webp\" width=\"800\" height=\"450\" alt=\"Aut\u00f3dromo de Interlagos tem concess\u00e3o aprovada pela C\u00e2mara de SP\" fetchpriority=high \/>\n\t\t\t<\/picture>\n\n\t\t\t<figcaption class=\"wp-caption-text wp-caption-text--hide\">Aut\u00f3dromo de Interlagos tem concess\u00e3o aprovada pela C\u00e2mara de SP<\/figcaption>\n\t\t<\/figure>\n\t<\/div>\n\n\n<p>O texto que foi aprovado pelos vereadores altera a ideia de vender o <strong>aut\u00f3dromo<\/strong> <strong>de<\/strong> <strong>Interlagos<\/strong>. De acordo com o texto, ser\u00e1 feita apenas a concess\u00e3o, em vez da venda. Dessa forma, ser\u00e1 repassada apenas a administra\u00e7\u00e3o do complexo ,que inclui o aut\u00f3dromo, o <strong>kart\u00f3dromo<\/strong> <strong>Ayrton<\/strong> <strong>Senna<\/strong> e estruturas de apoio.<\/p>\n\t<p>\n\t\t<a href=\"https:\/\/lp.suno.com.br\/asset\/suno-fundo-infra-estrutura-snid11\/\" target=\"_blank\" data-element=\"shortcode-suno-banner\" title=\"Banner SUNO, clique e saiba mais\">\n\t\t\t<picture>\n\t\t\t\t<source media=\"(max-width: 500px)\" srcset=\"https:\/\/files.sunoresearch.com.br\/n\/uploads\/2024\/01\/400x300-Banner-Home-1-SNID-AO.png\">\n\t\t\t\t<img class=\"newsContent__article__imgCapa newsContent__article__imgCapa--banner\"\n\t\t\t\t\tsrc=\"https:\/\/files.sunoresearch.com.br\/n\/uploads\/2024\/01\/1420x240-Banner-Home-1-SNID-AO.png\"\n\t\t\t\t\tdata-promo-id=\"364419\"\t\t\t\t\t\t\t\t\t\twidth='1420' height='240'\t\t\t\t\talt=\"https:\/\/files.sunoresearch.com.br\/n\/uploads\/2024\/01\/1420x240-Banner-Home-1-SNID-AO.png\"\n\t\t\t\t>\n\t\t\t<\/picture>\n\t\t<\/a>\n\t<\/p>\n\n\n<p>Al\u00e9m da concess\u00e3o ser aprovada, foi inclu\u00eddo um dispositivo que garante o acesso ao parque que integra o complexo de <strong>Interlagos<\/strong>.<\/p>\n<p>De acordo com o vereador e ex-presidente da C\u00e2mara Municipal, Milton Leite (DEM), as altera\u00e7\u00f5es foram feitas porque, na avalia\u00e7\u00e3o do Legislativo municipal, a \u00e1rea permitida para constru\u00e7\u00e3o de equipamentos e explora\u00e7\u00e3o da \u00e1rea n\u00e3o pagaria a conta das obras que a <strong>Prefeitura<\/strong> exigia como contrapartida.<\/p>\n<p>&#8220;N\u00f3s n\u00e3o vendemos porque paga a conta, \u00e9 bem simples&#8221;, afirmou o vereador, que concluiu dizendo que &#8220;com a concess\u00e3o, n\u00e3o precisa fazer isso&#8221;.<\/p>\n<p><a href=\"https:\/\/www.suno.com.br\/noticias\/bolsonaro-construir-autodromo-rio-formula-1\/\">Saiba mais:\u00a0Bolsonaro anuncia constru\u00e7\u00e3o de aut\u00f3dromo no Rio e F\u00f3rmula 1 ser\u00e1 na cidade<\/a><\/p>\n<h2>F\u00f3rmula 1 no Rio<\/h2>\n<p>A <strong>F\u00f3rmula<\/strong> <strong>1<\/strong> ser\u00e1 no Rio de Janeiro a partir de 2020. A informa\u00e7\u00e3o foi confirmada pelo presidente Jair Bolsonaro nesta quarta-feira (8). Al\u00e9m da mudan\u00e7a de lugar da corrida<strong>,<\/strong> o presidente tamb\u00e9m anunciou a constru\u00e7\u00e3o de um novo <strong>aut\u00f3dromo<\/strong> na capital fluminense.<\/p>\n<p>Para isso, <strong>Bolsonaro<\/strong> fechou um acordo de coopera\u00e7\u00e3o com <strong>Wilson Witzel,<\/strong> governador do <strong>Rio de Janeiro<\/strong> e com o prefeito da capital, Marcelo Crivella<strong>.<\/strong> O novo aut\u00f3dromo ser\u00e1 feito no bairro do Deodoro<strong>.<\/strong><\/p>\n\t<p>\n\t\t<a href=\"https:\/\/lp.suno.com.br\/nossas-assinaturas\/?utm_campaign=_SNC8166F3A4_\" target=\"_blank\" data-element=\"shortcode-suno-banner\" title=\"Banner SUNO, clique e saiba mais\">\n\t\t\t<picture>\n\t\t\t\t<source media=\"(max-width: 500px)\" srcset=\"https:\/\/files.sunoresearch.com.br\/n\/uploads\/2025\/08\/Artigos-e-Noticias-Banner-Materias-01-Mobile_-400x300-1-png.webp\">\n\t\t\t\t<img class=\"newsContent__article__imgCapa newsContent__article__imgCapa--banner\"\n\t\t\t\t\tsrc=\"https:\/\/files.sunoresearch.com.br\/n\/uploads\/2025\/08\/Artigos-e-Noticias-Banner-Materias-01-Desktop_-1420x240-4-png.webp\"\n\t\t\t\t\tdata-promo-id=\"620371\"\t\t\t\t\t\t\t\t\t\twidth='1420' height='240'\t\t\t\t\talt=\"https:\/\/files.sunoresearch.com.br\/n\/uploads\/2025\/08\/Artigos-e-Noticias-Banner-Materias-01-Desktop_-1420x240-4-png.webp\"\n\t\t\t\t>\n\t\t\t<\/picture>\n\t\t<\/a>\n\t<\/p>\n\n\n<p>Atualmente, as corridas da <strong>F\u00f3rmula 1<\/strong> acontecem na cidade de S\u00e3o Paulo, no <strong>aut\u00f3dromo de Interlagos,<\/strong> zona Sul da capital. A nova instala\u00e7\u00e3o deve ter capacidade em torno de 130 mil lugares.<\/p>\n","protected":false},"excerpt":{"rendered":"<p>A C\u00e2mara Municipal de S\u00e3o Paulo aprovou a concess\u00e3o do aut\u00f3dromo de Interlagos \u00e0 iniciativa privada. A vota\u00e7\u00e3o da \u00faltima quarta-feira (15), ficou em 34 votos a favor e 8 contra, sendo aprovado em segundo turno. Agora o texto ser\u00e1 analisado pelo prefeito Bruno Covas (PSDB). Aut\u00f3dromo de Interlagos tem concess\u00e3o aprovada pela C\u00e2mara de [&hellip;]<\/p>\n","protected":false},"author":11,"featured_media":24786,"comment_status":"closed","ping_status":"closed","sticky":false,"template":"","format":"standard","meta":[],"categories":[64],"tags":[],"suno_strategy":[],"class_list":["post-24780","post","type-post","status-publish","format-standard","has-post-thumbnail","hentry","category-negocios"],"yoast_head":"<!-- This site is optimized with the Yoast SEO plugin v24.4 - https:\/\/yoast.com\/wordpress\/plugins\/seo\/ -->\n<title>Aut\u00f3dromo de Interlagos tem concess\u00e3o aprovada pela C\u00e2mara de SP<\/title>\n<meta name=\"description\" content=\"Texto para concess\u00e3o do aut\u00f3dromo de Interlagos foi votada na C\u00e2mara Municipal e venceu por 34 votos a 8. Clique para saber mais.\" \/>\n<meta name=\"robots\" content=\"index, follow, max-snippet:-1, max-image-preview:large, max-video-preview:-1\" \/>\n<link rel=\"canonical\" href=\"https:\/\/www.suno.com.br\/noticias\/autodromo-de-interlagos-concessao\/\" \/>\n<meta property=\"og:locale\" content=\"pt_BR\" \/>\n<meta property=\"og:type\" content=\"article\" \/>\n<meta property=\"og:title\" content=\"Aut\u00f3dromo de Interlagos tem concess\u00e3o aprovada pela C\u00e2mara de SP\" \/>\n<meta property=\"og:description\" content=\"Texto para concess\u00e3o do aut\u00f3dromo de Interlagos foi votada na C\u00e2mara Municipal e venceu por 34 votos a 8. Clique para saber mais.\" \/>\n<meta property=\"og:url\" content=\"https:\/\/www.suno.com.br\/noticias\/autodromo-de-interlagos-concessao\/\" \/>\n<meta property=\"og:site_name\" content=\"Suno Not\u00edcias\" \/>\n<meta property=\"article:publisher\" content=\"https:\/\/facebook.com\/sunoresearch\" \/>\n<meta property=\"og:image\" content=\"https:\/\/files.sunoresearch.com.br\/n\/uploads\/2019\/05\/24223973-aut\u00f3dromo-de-interlagos.jpg\" \/>\n\t<meta property=\"og:image:width\" content=\"640\" \/>\n\t<meta property=\"og:image:height\" content=\"480\" \/>\n\t<meta property=\"og:image:type\" content=\"image\/jpeg\" \/>\n<meta name=\"author\" content=\"Renan Bandeira\" \/>\n<meta name=\"twitter:card\" content=\"summary_large_image\" \/>\n<meta name=\"twitter:creator\" content=\"@sunoresearch\" \/>\n<meta name=\"twitter:site\" content=\"@sunoresearch\" \/>\n<meta name=\"twitter:label1\" content=\"Escrito por\" \/>\n\t<meta name=\"twitter:data1\" content=\"Renan Bandeira\" \/>\n\t<meta name=\"twitter:label2\" content=\"Est. tempo de leitura\" \/>\n\t<meta name=\"twitter:data2\" content=\"2 minutos\" \/>\n<script type=\"application\/ld+json\" class=\"yoast-schema-graph\">{\"@context\":\"https:\/\/schema.org\",\"@graph\":[{\"@type\":\"NewsArticle\",\"@id\":\"https:\/\/www.suno.com.br\/noticias\/autodromo-de-interlagos-concessao\/#article\",\"isPartOf\":{\"@id\":\"https:\/\/www.suno.com.br\/noticias\/autodromo-de-interlagos-concessao\/\"},\"author\":{\"name\":\"Renan Bandeira\",\"@id\":\"https:\/\/www.suno.com.br\/noticias\/#\/schema\/person\/fc144a1c6108bd1dcd43784e88a3c138\"},\"headline\":\"Aut\u00f3dromo de Interlagos tem concess\u00e3o aprovada pela C\u00e2mara de SP\",\"datePublished\":\"2019-05-16T14:26:11+00:00\",\"mainEntityOfPage\":{\"@id\":\"https:\/\/www.suno.com.br\/noticias\/autodromo-de-interlagos-concessao\/\"},\"wordCount\":362,\"publisher\":{\"@id\":\"https:\/\/www.suno.com.br\/noticias\/#organization\"},\"image\":{\"@id\":\"https:\/\/www.suno.com.br\/noticias\/autodromo-de-interlagos-concessao\/#primaryimage\"},\"thumbnailUrl\":\"https:\/\/files.sunoresearch.com.br\/n\/uploads\/2019\/05\/24223973-aut\u00f3dromo-de-interlagos-jpg.webp\",\"articleSection\":[\"Neg\u00f3cios\"],\"inLanguage\":\"pt-BR\"},{\"@type\":\"WebPage\",\"@id\":\"https:\/\/www.suno.com.br\/noticias\/autodromo-de-interlagos-concessao\/\",\"url\":\"https:\/\/www.suno.com.br\/noticias\/autodromo-de-interlagos-concessao\/\",\"name\":\"Aut\u00f3dromo de Interlagos tem concess\u00e3o aprovada pela C\u00e2mara de SP\",\"isPartOf\":{\"@id\":\"https:\/\/www.suno.com.br\/noticias\/#website\"},\"primaryImageOfPage\":{\"@id\":\"https:\/\/www.suno.com.br\/noticias\/autodromo-de-interlagos-concessao\/#primaryimage\"},\"image\":{\"@id\":\"https:\/\/www.suno.com.br\/noticias\/autodromo-de-interlagos-concessao\/#primaryimage\"},\"thumbnailUrl\":\"https:\/\/files.sunoresearch.com.br\/n\/uploads\/2019\/05\/24223973-aut\u00f3dromo-de-interlagos-jpg.webp\",\"datePublished\":\"2019-05-16T14:26:11+00:00\",\"description\":\"Texto para concess\u00e3o do aut\u00f3dromo de Interlagos foi votada na C\u00e2mara Municipal e venceu por 34 votos a 8. Clique para saber mais.\",\"breadcrumb\":{\"@id\":\"https:\/\/www.suno.com.br\/noticias\/autodromo-de-interlagos-concessao\/#breadcrumb\"},\"inLanguage\":\"pt-BR\",\"potentialAction\":[{\"@type\":\"ReadAction\",\"target\":[\"https:\/\/www.suno.com.br\/noticias\/autodromo-de-interlagos-concessao\/\"]}]},{\"@type\":\"ImageObject\",\"inLanguage\":\"pt-BR\",\"@id\":\"https:\/\/www.suno.com.br\/noticias\/autodromo-de-interlagos-concessao\/#primaryimage\",\"url\":\"https:\/\/files.sunoresearch.com.br\/n\/uploads\/2019\/05\/24223973-aut\u00f3dromo-de-interlagos-jpg.webp\",\"contentUrl\":\"https:\/\/files.sunoresearch.com.br\/n\/uploads\/2019\/05\/24223973-aut\u00f3dromo-de-interlagos-jpg.webp\",\"width\":640,\"height\":480,\"caption\":\"Aut\u00f3dromo de Interlagos tem concess\u00e3o aprovada pela C\u00e2mara de SP\"},{\"@type\":\"BreadcrumbList\",\"@id\":\"https:\/\/www.suno.com.br\/noticias\/autodromo-de-interlagos-concessao\/#breadcrumb\",\"itemListElement\":[{\"@type\":\"ListItem\",\"position\":1,\"name\":\"Not\u00edcias\",\"item\":\"https:\/\/www.suno.com.br\/noticias\/\"},{\"@type\":\"ListItem\",\"position\":2,\"name\":\"Neg\u00f3cios\",\"item\":\"https:\/\/www.suno.com.br\/noticias\/negocios\/\"},{\"@type\":\"ListItem\",\"position\":3,\"name\":\"Aut\u00f3dromo de Interlagos tem concess\u00e3o aprovada pela C\u00e2mara de SP\"}]},{\"@type\":\"WebSite\",\"@id\":\"https:\/\/www.suno.com.br\/noticias\/#website\",\"url\":\"https:\/\/www.suno.com.br\/noticias\/\",\"name\":\"Suno Not\u00edcias\",\"description\":\"Seu portal de informa\u00e7\u00e3o sobre o mundo dos investimentos\",\"publisher\":{\"@id\":\"https:\/\/www.suno.com.br\/noticias\/#organization\"},\"potentialAction\":[{\"@type\":\"SearchAction\",\"target\":{\"@type\":\"EntryPoint\",\"urlTemplate\":\"https:\/\/www.suno.com.br\/noticias\/?s={search_term_string}\"},\"query-input\":{\"@type\":\"PropertyValueSpecification\",\"valueRequired\":true,\"valueName\":\"search_term_string\"}}],\"inLanguage\":\"pt-BR\"},{\"@type\":\"Organization\",\"@id\":\"https:\/\/www.suno.com.br\/noticias\/#organization\",\"name\":\"Suno Not\u00edcias\",\"url\":\"https:\/\/www.suno.com.br\/noticias\/\",\"logo\":{\"@type\":\"ImageObject\",\"inLanguage\":\"pt-BR\",\"@id\":\"https:\/\/www.suno.com.br\/noticias\/#\/schema\/logo\/image\/\",\"url\":\"https:\/\/files.sunoresearch.com.br\/n\/uploads\/2021\/09\/suno-logo.png\",\"contentUrl\":\"https:\/\/files.sunoresearch.com.br\/n\/uploads\/2021\/09\/suno-logo.png\",\"width\":180,\"height\":180,\"caption\":\"Suno Not\u00edcias\"},\"image\":{\"@id\":\"https:\/\/www.suno.com.br\/noticias\/#\/schema\/logo\/image\/\"},\"sameAs\":[\"https:\/\/facebook.com\/sunoresearch\",\"https:\/\/x.com\/sunoresearch\",\"https:\/\/www.instagram.com\/suno\",\"https:\/\/www.linkedin.com\/company\/suno-research\/\",\"https:\/\/www.youtube.com\/c\/sunoresearch\"]},{\"@type\":\"Person\",\"@id\":\"https:\/\/www.suno.com.br\/noticias\/#\/schema\/person\/fc144a1c6108bd1dcd43784e88a3c138\",\"name\":\"Renan Bandeira\",\"image\":{\"@type\":\"ImageObject\",\"inLanguage\":\"pt-BR\",\"@id\":\"https:\/\/www.suno.com.br\/noticias\/#\/schema\/person\/image\/\",\"url\":\"https:\/\/secure.gravatar.com\/avatar\/68359cdb608f14f11bbefcb78f3fc747?s=96&r=g\",\"contentUrl\":\"https:\/\/secure.gravatar.com\/avatar\/68359cdb608f14f11bbefcb78f3fc747?s=96&r=g\",\"caption\":\"Renan Bandeira\"},\"description\":\"Renan Bandeira escreve sobre pol\u00edtica e economia para o portal da Suno Research. Antes da Suno, trabalhou em uma rede de televis\u00e3o, onde fazia reportagens sobre os mesmos temas. Estuda na Universidade Metodista de S\u00e3o Paulo.\",\"url\":\"https:\/\/www.suno.com.br\/noticias\/author\/renan-bandeira\/\"}]}<\/script>\n<!-- \/ Yoast SEO plugin. -->","yoast_head_json":{"title":"Aut\u00f3dromo de Interlagos tem concess\u00e3o aprovada pela C\u00e2mara de SP","description":"Texto para concess\u00e3o do aut\u00f3dromo de Interlagos foi votada na C\u00e2mara Municipal e venceu por 34 votos a 8. Clique para saber mais.","robots":{"index":"index","follow":"follow","max-snippet":"max-snippet:-1","max-image-preview":"max-image-preview:large","max-video-preview":"max-video-preview:-1"},"canonical":"https:\/\/www.suno.com.br\/noticias\/autodromo-de-interlagos-concessao\/","og_locale":"pt_BR","og_type":"article","og_title":"Aut\u00f3dromo de Interlagos tem concess\u00e3o aprovada pela C\u00e2mara de SP","og_description":"Texto para concess\u00e3o do aut\u00f3dromo de Interlagos foi votada na C\u00e2mara Municipal e venceu por 34 votos a 8. Clique para saber mais.","og_url":"https:\/\/www.suno.com.br\/noticias\/autodromo-de-interlagos-concessao\/","og_site_name":"Suno Not\u00edcias","article_publisher":"https:\/\/facebook.com\/sunoresearch","og_image":[{"width":640,"height":480,"url":"https:\/\/files.sunoresearch.com.br\/n\/uploads\/2019\/05\/24223973-aut\u00f3dromo-de-interlagos.jpg","type":"image\/jpeg"}],"author":"Renan Bandeira","twitter_card":"summary_large_image","twitter_creator":"@sunoresearch","twitter_site":"@sunoresearch","twitter_misc":{"Escrito por":"Renan Bandeira","Est. tempo de leitura":"2 minutos"},"schema":{"@context":"https:\/\/schema.org","@graph":[{"@type":"NewsArticle","@id":"https:\/\/www.suno.com.br\/noticias\/autodromo-de-interlagos-concessao\/#article","isPartOf":{"@id":"https:\/\/www.suno.com.br\/noticias\/autodromo-de-interlagos-concessao\/"},"author":{"name":"Renan Bandeira","@id":"https:\/\/www.suno.com.br\/noticias\/#\/schema\/person\/fc144a1c6108bd1dcd43784e88a3c138"},"headline":"Aut\u00f3dromo de Interlagos tem concess\u00e3o aprovada pela C\u00e2mara de SP","datePublished":"2019-05-16T14:26:11+00:00","mainEntityOfPage":{"@id":"https:\/\/www.suno.com.br\/noticias\/autodromo-de-interlagos-concessao\/"},"wordCount":362,"publisher":{"@id":"https:\/\/www.suno.com.br\/noticias\/#organization"},"image":{"@id":"https:\/\/www.suno.com.br\/noticias\/autodromo-de-interlagos-concessao\/#primaryimage"},"thumbnailUrl":"https:\/\/files.sunoresearch.com.br\/n\/uploads\/2019\/05\/24223973-aut\u00f3dromo-de-interlagos-jpg.webp","articleSection":["Neg\u00f3cios"],"inLanguage":"pt-BR"},{"@type":"WebPage","@id":"https:\/\/www.suno.com.br\/noticias\/autodromo-de-interlagos-concessao\/","url":"https:\/\/www.suno.com.br\/noticias\/autodromo-de-interlagos-concessao\/","name":"Aut\u00f3dromo de Interlagos tem concess\u00e3o aprovada pela C\u00e2mara de SP","isPartOf":{"@id":"https:\/\/www.suno.com.br\/noticias\/#website"},"primaryImageOfPage":{"@id":"https:\/\/www.suno.com.br\/noticias\/autodromo-de-interlagos-concessao\/#primaryimage"},"image":{"@id":"https:\/\/www.suno.com.br\/noticias\/autodromo-de-interlagos-concessao\/#primaryimage"},"thumbnailUrl":"https:\/\/files.sunoresearch.com.br\/n\/uploads\/2019\/05\/24223973-aut\u00f3dromo-de-interlagos-jpg.webp","datePublished":"2019-05-16T14:26:11+00:00","description":"Texto para concess\u00e3o do aut\u00f3dromo de Interlagos foi votada na C\u00e2mara Municipal e venceu por 34 votos a 8. Clique para saber mais.","breadcrumb":{"@id":"https:\/\/www.suno.com.br\/noticias\/autodromo-de-interlagos-concessao\/#breadcrumb"},"inLanguage":"pt-BR","potentialAction":[{"@type":"ReadAction","target":["https:\/\/www.suno.com.br\/noticias\/autodromo-de-interlagos-concessao\/"]}]},{"@type":"ImageObject","inLanguage":"pt-BR","@id":"https:\/\/www.suno.com.br\/noticias\/autodromo-de-interlagos-concessao\/#primaryimage","url":"https:\/\/files.sunoresearch.com.br\/n\/uploads\/2019\/05\/24223973-aut\u00f3dromo-de-interlagos-jpg.webp","contentUrl":"https:\/\/files.sunoresearch.com.br\/n\/uploads\/2019\/05\/24223973-aut\u00f3dromo-de-interlagos-jpg.webp","width":640,"height":480,"caption":"Aut\u00f3dromo de Interlagos tem concess\u00e3o aprovada pela C\u00e2mara de SP"},{"@type":"BreadcrumbList","@id":"https:\/\/www.suno.com.br\/noticias\/autodromo-de-interlagos-concessao\/#breadcrumb","itemListElement":[{"@type":"ListItem","position":1,"name":"Not\u00edcias","item":"https:\/\/www.suno.com.br\/noticias\/"},{"@type":"ListItem","position":2,"name":"Neg\u00f3cios","item":"https:\/\/www.suno.com.br\/noticias\/negocios\/"},{"@type":"ListItem","position":3,"name":"Aut\u00f3dromo de Interlagos tem concess\u00e3o aprovada pela C\u00e2mara de SP"}]},{"@type":"WebSite","@id":"https:\/\/www.suno.com.br\/noticias\/#website","url":"https:\/\/www.suno.com.br\/noticias\/","name":"Suno Not\u00edcias","description":"Seu portal de informa\u00e7\u00e3o sobre o mundo dos investimentos","publisher":{"@id":"https:\/\/www.suno.com.br\/noticias\/#organization"},"potentialAction":[{"@type":"SearchAction","target":{"@type":"EntryPoint","urlTemplate":"https:\/\/www.suno.com.br\/noticias\/?s={search_term_string}"},"query-input":{"@type":"PropertyValueSpecification","valueRequired":true,"valueName":"search_term_string"}}],"inLanguage":"pt-BR"},{"@type":"Organization","@id":"https:\/\/www.suno.com.br\/noticias\/#organization","name":"Suno Not\u00edcias","url":"https:\/\/www.suno.com.br\/noticias\/","logo":{"@type":"ImageObject","inLanguage":"pt-BR","@id":"https:\/\/www.suno.com.br\/noticias\/#\/schema\/logo\/image\/","url":"https:\/\/files.sunoresearch.com.br\/n\/uploads\/2021\/09\/suno-logo.png","contentUrl":"https:\/\/files.sunoresearch.com.br\/n\/uploads\/2021\/09\/suno-logo.png","width":180,"height":180,"caption":"Suno Not\u00edcias"},"image":{"@id":"https:\/\/www.suno.com.br\/noticias\/#\/schema\/logo\/image\/"},"sameAs":["https:\/\/facebook.com\/sunoresearch","https:\/\/x.com\/sunoresearch","https:\/\/www.instagram.com\/suno","https:\/\/www.linkedin.com\/company\/suno-research\/","https:\/\/www.youtube.com\/c\/sunoresearch"]},{"@type":"Person","@id":"https:\/\/www.suno.com.br\/noticias\/#\/schema\/person\/fc144a1c6108bd1dcd43784e88a3c138","name":"Renan Bandeira","image":{"@type":"ImageObject","inLanguage":"pt-BR","@id":"https:\/\/www.suno.com.br\/noticias\/#\/schema\/person\/image\/","url":"https:\/\/secure.gravatar.com\/avatar\/68359cdb608f14f11bbefcb78f3fc747?s=96&r=g","contentUrl":"https:\/\/secure.gravatar.com\/avatar\/68359cdb608f14f11bbefcb78f3fc747?s=96&r=g","caption":"Renan Bandeira"},"description":"Renan Bandeira escreve sobre pol\u00edtica e economia para o portal da Suno Research. Antes da Suno, trabalhou em uma rede de televis\u00e3o, onde fazia reportagens sobre os mesmos temas. Estuda na Universidade Metodista de S\u00e3o Paulo.","url":"https:\/\/www.suno.com.br\/noticias\/author\/renan-bandeira\/"}]}},"default_loop_html":"<div class=\"cardsPage__listCard__boxs\"><div class=\"cardsPage__listCard__boxs__img\"><a href=\"https:\/\/www.suno.com.br\/noticias\/autodromo-de-interlagos-concessao\/\"><img class=\"mask\" src=\"https:\/\/www.suno.com.br\/noticias\/wp-content\/themes\/suno\/resources\/images\/spotlight\/spotlight1img\/bg-mask.png\" alt=\"Image Mask\"\/><img src=\"https:\/\/files.sunoresearch.com.br\/n\/uploads\/2019\/05\/24223973-aut\u00f3dromo-de-interlagos-400x200.webp\" alt=\"Aut\u00f3dromo de Interlagos tem concess\u00e3o aprovada pela C\u00e2mara de SP\"\/><\/a><span class=\"spotlightCategory\"><a href=\"https:\/\/www.suno.com.br\/noticias\/negocios\/\">Neg\u00f3cios<\/a><\/span><\/div><div class=\"cardsPage__listCard__boxs__content\"><a href=\"https:\/\/www.suno.com.br\/noticias\/autodromo-de-interlagos-concessao\/\"><h2 class=\"content__title\">Aut\u00f3dromo de Interlagos tem concess\u00e3o aprovada pela C\u00e2mara de SP<\/h2><\/a><div class=\"newsContent__article__meta\"><div class=\"newsContent__article__meta__authorBox\"><a href=\"https:\/\/www.suno.com.br\/noticias\/author\/renan-bandeira\/\" class=\"authorBox__avatar noMobi\"><img src=\"https:\/\/secure.gravatar.com\/avatar\/68359cdb608f14f11bbefcb78f3fc747?s=96&#038;r=g\" alt=\"Renan Bandeira\"><\/a><div class=\"authorBox__name\"><span>por\n\t\t\t<a href=\"https:\/\/www.suno.com.br\/noticias\/author\/renan-bandeira\/\"><span itemprop=\"author\">Renan Bandeira<\/span><\/a><\/span><time datetime=\"2019-05-16T11:26:11-03:00\" itemprop=\"datePublished\">16\/05\/2019 11:26<\/time><\/div><\/div><\/div><\/div><\/div>","single_layout":"posts","amp_enabled":true,"_links":{"self":[{"href":"https:\/\/www.suno.com.br\/noticias\/wp-json\/wp\/v2\/posts\/24780"}],"collection":[{"href":"https:\/\/www.suno.com.br\/noticias\/wp-json\/wp\/v2\/posts"}],"about":[{"href":"https:\/\/www.suno.com.br\/noticias\/wp-json\/wp\/v2\/types\/post"}],"author":[{"embeddable":true,"href":"https:\/\/www.suno.com.br\/noticias\/wp-json\/wp\/v2\/users\/11"}],"replies":[{"embeddable":true,"href":"https:\/\/www.suno.com.br\/noticias\/wp-json\/wp\/v2\/comments?post=24780"}],"version-history":[{"count":0,"href":"https:\/\/www.suno.com.br\/noticias\/wp-json\/wp\/v2\/posts\/24780\/revisions"}],"wp:featuredmedia":[{"embeddable":true,"href":"https:\/\/www.suno.com.br\/noticias\/wp-json\/wp\/v2\/media\/24786"}],"wp:attachment":[{"href":"https:\/\/www.suno.com.br\/noticias\/wp-json\/wp\/v2\/media?parent=24780"}],"wp:term":[{"taxonomy":"category","embeddable":true,"href":"https:\/\/www.suno.com.br\/noticias\/wp-json\/wp\/v2\/categories?post=24780"},{"taxonomy":"post_tag","embeddable":true,"href":"https:\/\/www.suno.com.br\/noticias\/wp-json\/wp\/v2\/tags?post=24780"},{"taxonomy":"suno_strategy","embeddable":true,"href":"https:\/\/www.suno.com.br\/noticias\/wp-json\/wp\/v2\/suno_strategy?post=24780"}],"curies":[{"name":"wp","href":"https:\/\/api.w.org\/{rel}","templated":true}]}}