{"id":24775,"date":"2019-05-16T11:49:57","date_gmt":"2019-05-16T14:49:57","guid":{"rendered":"https:\/\/www.suno.com.br\/noticias\/?p=24775"},"modified":"2019-05-16T12:06:53","modified_gmt":"2019-05-16T15:06:53","slug":"brasil-nao-consegue-ampliar-frigorificos-exportar-china","status":"publish","type":"post","link":"https:\/\/www.suno.com.br\/noticias\/brasil-nao-consegue-ampliar-frigorificos-exportar-china\/","title":{"rendered":"Brasil n\u00e3o consegue ampliar n\u00ba de frigor\u00edficos que podem exportar para China"},"content":{"rendered":"<p>O <strong>Brasil<\/strong> n\u00e3o conseguiu ampliar a sua planta de frigor\u00edficos habilitados a exportarem para a <strong>China.<\/strong> De acordo com o &#8220;Valor Econ\u00f4mico&#8221;, ap\u00f3s reuni\u00e3o da ministra da Agricultura, <strong>Tereza Cristina,<\/strong> com ministro chin\u00eas, n\u00e3o ocorreram os avan\u00e7os esperados.<\/p>\t<div class=\"wrapper-featured-image\">\n\t\t<figure class=\"spotlightImg\">\n\n\t\t\t<picture>\n\t\t\t\t<source media=\"(max-width: 768px)\" srcset=\"https:\/\/files.sunoresearch.com.br\/n\/uploads\/2019\/05\/96555ea6-tereza-cristina-400x200.webp\">\n\t\t\t\t<img loading=\"lazy\" decoding=\"async\" class=\"newsContent__article__imgCapa lazyloadDisabled newsContent__article__imgCapa--noCaption\" src=\"https:\/\/files.sunoresearch.com.br\/n\/uploads\/2019\/05\/96555ea6-tereza-cristina-800x450.webp\" width=\"800\" height=\"450\" alt=\"Brasil n\u00e3o consegue ampliar n\u00ba de frigor\u00edficos que podem exportar para China\" fetchpriority=high \/>\n\t\t\t<\/picture>\n\n\t\t\t<figcaption class=\"wp-caption-text wp-caption-text--hide\">Tereza Cristina ir\u00e1 a pa\u00edses \u00e1rabes para melhorar rela\u00e7\u00f5es comerciais<\/figcaption>\n\t\t<\/figure>\n\t<\/div>\n\n\n<p>A expectativa era de que a reuni\u00e3o resultasse em um acordo para libera\u00e7\u00e3o imediata de <strong>frigor\u00edficos<\/strong> que podem exportar <strong>carne bovina<\/strong> \u00e0 China. De acordo com fontes do setor privado ouvidas pelo jornal, isso n\u00e3o ocorreu.<\/p>\n\t<p>\n\t\t<a href=\"https:\/\/lps.suno.com.br\/asset\/newsletter\/\" target=\"_blank\" data-element=\"shortcode-suno-banner\" title=\"Banner SUNO, clique e saiba mais\">\n\t\t\t<picture>\n\t\t\t\t<source media=\"(max-width: 500px)\" srcset=\"https:\/\/files.sunoresearch.com.br\/n\/uploads\/2023\/04\/400x300-Mobile-Artigos-4.jpg\">\n\t\t\t\t<img class=\"newsContent__article__imgCapa newsContent__article__imgCapa--banner\"\n\t\t\t\t\tsrc=\"https:\/\/files.sunoresearch.com.br\/n\/uploads\/2023\/04\/1420x240-Banner-Artigos-1-_-Banner-Materias-1.jpg\"\n\t\t\t\t\tdata-promo-id=\"386700\"\t\t\t\t\t\t\t\t\t\twidth='1420' height='240'\t\t\t\t\talt=\"https:\/\/files.sunoresearch.com.br\/n\/uploads\/2023\/04\/1420x240-Banner-Artigos-1-_-Banner-Materias-1.jpg\"\n\t\t\t\t>\n\t\t\t<\/picture>\n\t\t<\/a>\n\t<\/p>\n\n\n<p><strong>Pequim<\/strong> havia anunciado recentemente a inten\u00e7\u00e3o de ampliar a lista de <strong>frigor\u00edficos<\/strong> brasileiros liberados para <strong>exporta\u00e7\u00e3o.<\/strong> A previs\u00e3o era de que as plantas que j\u00e1 exportam para a <strong>Europa<\/strong> fossem mais facilmente habilitadas. Isso porque o mercado europeu \u00e9 exigente com as quest\u00f5es sanit\u00e1rias, o que daria mais confian\u00e7a aos chineses.<\/p>\n<p><a href=\"https:\/\/www.suno.com.br\/noticias\/china-comprar-carne-bovina-brasileira\/\">Saiba Mais: hina pode comprar mais carne bovina brasileira, diz embaixador<\/a><\/p>\n<h2>Mal-estar com frigor\u00edficos menores<\/h2>\n<p>A ministra da Agricultura criou um mal-estar com os <strong>frigor\u00edficos<\/strong> de porte menor de produ\u00e7\u00e3o. Isso porque <strong>Tereza Cristina<\/strong> defendeu publicamente a ideia de dar prioridade aos grandes, que j\u00e1 exportam para a <strong>Europa.<\/strong><\/p>\n<p>O caso gerou inc\u00f4modo e mobilizou at\u00e9 a <strong>Associa\u00e7\u00e3o Brasileira de Frigor\u00edficos (Abrafrigo)<\/strong>. O \u00f3rg\u00e3o acusou o governo de privilegiar os grandes produtores nas negocia\u00e7\u00f5es.<\/p>\n<p>De acordo o &#8220;Valor&#8221;, fontes informaram que a reuni\u00e3o n\u00e3o foi de toda sem resultados. Assim, como produto do encontro, a ministra teria conseguido um acordo para padronizar as regras de habilita\u00e7\u00e3o de <strong>frigor\u00edficos<\/strong> para exportar \u00e0 <strong>China.<\/strong><\/p>\n<p>O Brasil tenta habilitar mais de 70 plantas para exporta\u00e7\u00e3o ao mercado chin\u00eas. Dentre as carnes produzidas pelos <strong>frigor\u00edficos<\/strong> est\u00e3o:<\/p>\n<ul>\n<li>bovina;<\/li>\n<li>su\u00edna;<\/li>\n<li>aves.<\/li>\n<\/ul>\n<p>Por sua vez, a <strong>China<\/strong> tamb\u00e9m busca benef\u00edcios ao pa\u00eds na negocia\u00e7\u00e3o. Os chineses querem, como contrapartida, um acordo de <strong>exporta\u00e7\u00e3o<\/strong> de pescados para o Brasil.<\/p>\n<p><a href=\"https:\/\/www.suno.com.br\/noticias\/acoes-jbs-sobem-recomendacao-morgan-stanley\/\">Saiba Mais: A\u00e7\u00f5es da JBS sobem mais de 10% com recomenda\u00e7\u00e3o do Morgan Stanley<\/a><\/p>\n<p>A visita da <strong>ministra da Agricultura<\/strong> foi a abertura das conversas comerciais e diplom\u00e1ticas do governo brasileiro com autoridades chineses. Dessa forma, o vice-presidente, <strong>Hamilton Mour\u00e3o,<\/strong> deve ser o pr\u00f3ximo a se reunir com representantes do governo.<\/p>\n<p>O general viaja para o pa\u00eds asi\u00e1tico na pr\u00f3xima semana, quando participar\u00e1 da\u00a0Comiss\u00e3o Sino-Brasileira de Alto N\u00edvel de Concerta\u00e7\u00e3o e Coopera\u00e7\u00e3o (Cosban). Al\u00e9m disso, o presidente <strong>Jair Bolsonaro<\/strong> tamb\u00e9m tem uma viagem marcada para a <strong>China<\/strong> no m\u00eas que vem.<\/p>\n","protected":false},"excerpt":{"rendered":"<p>O Brasil n\u00e3o conseguiu ampliar a sua planta de frigor\u00edficos habilitados a exportarem para a China. De acordo com o &#8220;Valor Econ\u00f4mico&#8221;, ap\u00f3s reuni\u00e3o da ministra da Agricultura, Tereza Cristina, com ministro chin\u00eas, n\u00e3o ocorreram os avan\u00e7os esperados. Tereza Cristina ir\u00e1 a pa\u00edses \u00e1rabes para melhorar rela\u00e7\u00f5es comerciais A expectativa era de que a reuni\u00e3o [&hellip;]<\/p>\n","protected":false},"author":16,"featured_media":24789,"comment_status":"closed","ping_status":"closed","sticky":false,"template":"","format":"standard","meta":[],"categories":[62],"tags":[711,1122],"suno_strategy":[],"class_list":["post-24775","post","type-post","status-publish","format-standard","has-post-thumbnail","hentry","category-economia","tag-china","tag-ministerio-da-agricultura"],"yoast_head":"<!-- This site is optimized with the Yoast SEO plugin v24.4 - https:\/\/yoast.com\/wordpress\/plugins\/seo\/ -->\n<title>Brasil n\u00e3o consegue ampliar frigor\u00edficos que podem exportar para China<\/title>\n<meta name=\"description\" content=\"O governo chin\u00eas indicou que aumentaria as plantas de frigor\u00edficos brasileiros habilitados a exportar para China, mas acordo ainda n\u00e3o ocorreu.\" \/>\n<meta name=\"robots\" content=\"index, follow, max-snippet:-1, max-image-preview:large, max-video-preview:-1\" \/>\n<link rel=\"canonical\" href=\"https:\/\/www.suno.com.br\/noticias\/brasil-nao-consegue-ampliar-frigorificos-exportar-china\/\" \/>\n<meta property=\"og:locale\" content=\"pt_BR\" \/>\n<meta property=\"og:type\" content=\"article\" \/>\n<meta property=\"og:title\" content=\"Brasil n\u00e3o consegue ampliar frigor\u00edficos que podem exportar para China\" \/>\n<meta property=\"og:description\" content=\"O governo chin\u00eas indicou que aumentaria as plantas de frigor\u00edficos brasileiros habilitados a exportar para China, mas acordo ainda n\u00e3o ocorreu.\" \/>\n<meta property=\"og:url\" content=\"https:\/\/www.suno.com.br\/noticias\/brasil-nao-consegue-ampliar-frigorificos-exportar-china\/\" \/>\n<meta property=\"og:site_name\" content=\"Suno Not\u00edcias\" \/>\n<meta property=\"article:publisher\" content=\"https:\/\/facebook.com\/sunoresearch\" \/>\n<meta property=\"og:image\" content=\"https:\/\/files.sunoresearch.com.br\/n\/uploads\/2019\/05\/96555ea6-tereza-cristina.jpg\" \/>\n\t<meta property=\"og:image:width\" content=\"1024\" \/>\n\t<meta property=\"og:image:height\" content=\"683\" \/>\n\t<meta property=\"og:image:type\" content=\"image\/jpeg\" \/>\n<meta name=\"author\" content=\"Beatriz Oliveira\" \/>\n<meta name=\"twitter:card\" content=\"summary_large_image\" \/>\n<meta name=\"twitter:creator\" content=\"@sunoresearch\" \/>\n<meta name=\"twitter:site\" content=\"@sunoresearch\" \/>\n<meta name=\"twitter:label1\" content=\"Escrito por\" \/>\n\t<meta name=\"twitter:data1\" content=\"Beatriz Oliveira\" \/>\n\t<meta name=\"twitter:label2\" content=\"Est. tempo de leitura\" \/>\n\t<meta name=\"twitter:data2\" content=\"2 minutos\" \/>\n<script type=\"application\/ld+json\" class=\"yoast-schema-graph\">{\"@context\":\"https:\/\/schema.org\",\"@graph\":[{\"@type\":\"NewsArticle\",\"@id\":\"https:\/\/www.suno.com.br\/noticias\/brasil-nao-consegue-ampliar-frigorificos-exportar-china\/#article\",\"isPartOf\":{\"@id\":\"https:\/\/www.suno.com.br\/noticias\/brasil-nao-consegue-ampliar-frigorificos-exportar-china\/\"},\"author\":{\"name\":\"Beatriz Oliveira\",\"@id\":\"https:\/\/www.suno.com.br\/noticias\/#\/schema\/person\/e67f665add014bf99f644028de070cc3\"},\"headline\":\"Brasil n\u00e3o consegue ampliar n\u00ba de frigor\u00edficos que podem exportar para China\",\"datePublished\":\"2019-05-16T14:49:57+00:00\",\"dateModified\":\"2019-05-16T15:06:53+00:00\",\"mainEntityOfPage\":{\"@id\":\"https:\/\/www.suno.com.br\/noticias\/brasil-nao-consegue-ampliar-frigorificos-exportar-china\/\"},\"wordCount\":446,\"publisher\":{\"@id\":\"https:\/\/www.suno.com.br\/noticias\/#organization\"},\"image\":{\"@id\":\"https:\/\/www.suno.com.br\/noticias\/brasil-nao-consegue-ampliar-frigorificos-exportar-china\/#primaryimage\"},\"thumbnailUrl\":\"https:\/\/files.sunoresearch.com.br\/n\/uploads\/2019\/05\/96555ea6-tereza-cristina-jpg.webp\",\"keywords\":[\"China\",\"Minist\u00e9rio da Agricultura\"],\"articleSection\":[\"Economia\"],\"inLanguage\":\"pt-BR\"},{\"@type\":\"WebPage\",\"@id\":\"https:\/\/www.suno.com.br\/noticias\/brasil-nao-consegue-ampliar-frigorificos-exportar-china\/\",\"url\":\"https:\/\/www.suno.com.br\/noticias\/brasil-nao-consegue-ampliar-frigorificos-exportar-china\/\",\"name\":\"Brasil n\u00e3o consegue ampliar frigor\u00edficos que podem exportar para China\",\"isPartOf\":{\"@id\":\"https:\/\/www.suno.com.br\/noticias\/#website\"},\"primaryImageOfPage\":{\"@id\":\"https:\/\/www.suno.com.br\/noticias\/brasil-nao-consegue-ampliar-frigorificos-exportar-china\/#primaryimage\"},\"image\":{\"@id\":\"https:\/\/www.suno.com.br\/noticias\/brasil-nao-consegue-ampliar-frigorificos-exportar-china\/#primaryimage\"},\"thumbnailUrl\":\"https:\/\/files.sunoresearch.com.br\/n\/uploads\/2019\/05\/96555ea6-tereza-cristina-jpg.webp\",\"datePublished\":\"2019-05-16T14:49:57+00:00\",\"dateModified\":\"2019-05-16T15:06:53+00:00\",\"description\":\"O governo chin\u00eas indicou que aumentaria as plantas de frigor\u00edficos brasileiros habilitados a exportar para China, mas acordo ainda n\u00e3o ocorreu.\",\"breadcrumb\":{\"@id\":\"https:\/\/www.suno.com.br\/noticias\/brasil-nao-consegue-ampliar-frigorificos-exportar-china\/#breadcrumb\"},\"inLanguage\":\"pt-BR\",\"potentialAction\":[{\"@type\":\"ReadAction\",\"target\":[\"https:\/\/www.suno.com.br\/noticias\/brasil-nao-consegue-ampliar-frigorificos-exportar-china\/\"]}]},{\"@type\":\"ImageObject\",\"inLanguage\":\"pt-BR\",\"@id\":\"https:\/\/www.suno.com.br\/noticias\/brasil-nao-consegue-ampliar-frigorificos-exportar-china\/#primaryimage\",\"url\":\"https:\/\/files.sunoresearch.com.br\/n\/uploads\/2019\/05\/96555ea6-tereza-cristina-jpg.webp\",\"contentUrl\":\"https:\/\/files.sunoresearch.com.br\/n\/uploads\/2019\/05\/96555ea6-tereza-cristina-jpg.webp\",\"width\":1024,\"height\":683,\"caption\":\"Tereza Cristina ir\u00e1 a pa\u00edses \u00e1rabes para melhorar rela\u00e7\u00f5es comerciais\"},{\"@type\":\"BreadcrumbList\",\"@id\":\"https:\/\/www.suno.com.br\/noticias\/brasil-nao-consegue-ampliar-frigorificos-exportar-china\/#breadcrumb\",\"itemListElement\":[{\"@type\":\"ListItem\",\"position\":1,\"name\":\"Not\u00edcias\",\"item\":\"https:\/\/www.suno.com.br\/noticias\/\"},{\"@type\":\"ListItem\",\"position\":2,\"name\":\"Economia\",\"item\":\"https:\/\/www.suno.com.br\/noticias\/economia\/\"},{\"@type\":\"ListItem\",\"position\":3,\"name\":\"Brasil n\u00e3o consegue ampliar n\u00ba de frigor\u00edficos que podem exportar para China\"}]},{\"@type\":\"WebSite\",\"@id\":\"https:\/\/www.suno.com.br\/noticias\/#website\",\"url\":\"https:\/\/www.suno.com.br\/noticias\/\",\"name\":\"Suno Not\u00edcias\",\"description\":\"Seu portal de informa\u00e7\u00e3o sobre o mundo dos investimentos\",\"publisher\":{\"@id\":\"https:\/\/www.suno.com.br\/noticias\/#organization\"},\"potentialAction\":[{\"@type\":\"SearchAction\",\"target\":{\"@type\":\"EntryPoint\",\"urlTemplate\":\"https:\/\/www.suno.com.br\/noticias\/?s={search_term_string}\"},\"query-input\":{\"@type\":\"PropertyValueSpecification\",\"valueRequired\":true,\"valueName\":\"search_term_string\"}}],\"inLanguage\":\"pt-BR\"},{\"@type\":\"Organization\",\"@id\":\"https:\/\/www.suno.com.br\/noticias\/#organization\",\"name\":\"Suno Not\u00edcias\",\"url\":\"https:\/\/www.suno.com.br\/noticias\/\",\"logo\":{\"@type\":\"ImageObject\",\"inLanguage\":\"pt-BR\",\"@id\":\"https:\/\/www.suno.com.br\/noticias\/#\/schema\/logo\/image\/\",\"url\":\"https:\/\/files.sunoresearch.com.br\/n\/uploads\/2021\/09\/suno-logo.png\",\"contentUrl\":\"https:\/\/files.sunoresearch.com.br\/n\/uploads\/2021\/09\/suno-logo.png\",\"width\":180,\"height\":180,\"caption\":\"Suno Not\u00edcias\"},\"image\":{\"@id\":\"https:\/\/www.suno.com.br\/noticias\/#\/schema\/logo\/image\/\"},\"sameAs\":[\"https:\/\/facebook.com\/sunoresearch\",\"https:\/\/x.com\/sunoresearch\",\"https:\/\/www.instagram.com\/suno\",\"https:\/\/www.linkedin.com\/company\/suno-research\/\",\"https:\/\/www.youtube.com\/c\/sunoresearch\"]},{\"@type\":\"Person\",\"@id\":\"https:\/\/www.suno.com.br\/noticias\/#\/schema\/person\/e67f665add014bf99f644028de070cc3\",\"name\":\"Beatriz Oliveira\",\"image\":{\"@type\":\"ImageObject\",\"inLanguage\":\"pt-BR\",\"@id\":\"https:\/\/www.suno.com.br\/noticias\/#\/schema\/person\/image\/\",\"url\":\"https:\/\/secure.gravatar.com\/avatar\/c9aa6a0aaecc598d257d5d5bd349157d?s=96&r=g\",\"contentUrl\":\"https:\/\/secure.gravatar.com\/avatar\/c9aa6a0aaecc598d257d5d5bd349157d?s=96&r=g\",\"caption\":\"Beatriz Oliveira\"},\"description\":\"Formada em Jornalismo pela Faculdade Paulus de Tecnologia e Comunica\u00e7\u00e3o, Beatriz Oliveira escreve para o portal de not\u00edcias Suno Research. Antes, passou pelas reda\u00e7\u00f5es da Revista EXAME e da Rede Bandeirantes.\",\"url\":\"https:\/\/www.suno.com.br\/noticias\/author\/beatriz\/\"}]}<\/script>\n<!-- \/ Yoast SEO plugin. -->","yoast_head_json":{"title":"Brasil n\u00e3o consegue ampliar frigor\u00edficos que podem exportar para China","description":"O governo chin\u00eas indicou que aumentaria as plantas de frigor\u00edficos brasileiros habilitados a exportar para China, mas acordo ainda n\u00e3o ocorreu.","robots":{"index":"index","follow":"follow","max-snippet":"max-snippet:-1","max-image-preview":"max-image-preview:large","max-video-preview":"max-video-preview:-1"},"canonical":"https:\/\/www.suno.com.br\/noticias\/brasil-nao-consegue-ampliar-frigorificos-exportar-china\/","og_locale":"pt_BR","og_type":"article","og_title":"Brasil n\u00e3o consegue ampliar frigor\u00edficos que podem exportar para China","og_description":"O governo chin\u00eas indicou que aumentaria as plantas de frigor\u00edficos brasileiros habilitados a exportar para China, mas acordo ainda n\u00e3o ocorreu.","og_url":"https:\/\/www.suno.com.br\/noticias\/brasil-nao-consegue-ampliar-frigorificos-exportar-china\/","og_site_name":"Suno Not\u00edcias","article_publisher":"https:\/\/facebook.com\/sunoresearch","og_image":[{"width":1024,"height":683,"url":"https:\/\/files.sunoresearch.com.br\/n\/uploads\/2019\/05\/96555ea6-tereza-cristina.jpg","type":"image\/jpeg"}],"author":"Beatriz Oliveira","twitter_card":"summary_large_image","twitter_creator":"@sunoresearch","twitter_site":"@sunoresearch","twitter_misc":{"Escrito por":"Beatriz Oliveira","Est. tempo de leitura":"2 minutos"},"schema":{"@context":"https:\/\/schema.org","@graph":[{"@type":"NewsArticle","@id":"https:\/\/www.suno.com.br\/noticias\/brasil-nao-consegue-ampliar-frigorificos-exportar-china\/#article","isPartOf":{"@id":"https:\/\/www.suno.com.br\/noticias\/brasil-nao-consegue-ampliar-frigorificos-exportar-china\/"},"author":{"name":"Beatriz Oliveira","@id":"https:\/\/www.suno.com.br\/noticias\/#\/schema\/person\/e67f665add014bf99f644028de070cc3"},"headline":"Brasil n\u00e3o consegue ampliar n\u00ba de frigor\u00edficos que podem exportar para China","datePublished":"2019-05-16T14:49:57+00:00","dateModified":"2019-05-16T15:06:53+00:00","mainEntityOfPage":{"@id":"https:\/\/www.suno.com.br\/noticias\/brasil-nao-consegue-ampliar-frigorificos-exportar-china\/"},"wordCount":446,"publisher":{"@id":"https:\/\/www.suno.com.br\/noticias\/#organization"},"image":{"@id":"https:\/\/www.suno.com.br\/noticias\/brasil-nao-consegue-ampliar-frigorificos-exportar-china\/#primaryimage"},"thumbnailUrl":"https:\/\/files.sunoresearch.com.br\/n\/uploads\/2019\/05\/96555ea6-tereza-cristina-jpg.webp","keywords":["China","Minist\u00e9rio da Agricultura"],"articleSection":["Economia"],"inLanguage":"pt-BR"},{"@type":"WebPage","@id":"https:\/\/www.suno.com.br\/noticias\/brasil-nao-consegue-ampliar-frigorificos-exportar-china\/","url":"https:\/\/www.suno.com.br\/noticias\/brasil-nao-consegue-ampliar-frigorificos-exportar-china\/","name":"Brasil n\u00e3o consegue ampliar frigor\u00edficos que podem exportar para China","isPartOf":{"@id":"https:\/\/www.suno.com.br\/noticias\/#website"},"primaryImageOfPage":{"@id":"https:\/\/www.suno.com.br\/noticias\/brasil-nao-consegue-ampliar-frigorificos-exportar-china\/#primaryimage"},"image":{"@id":"https:\/\/www.suno.com.br\/noticias\/brasil-nao-consegue-ampliar-frigorificos-exportar-china\/#primaryimage"},"thumbnailUrl":"https:\/\/files.sunoresearch.com.br\/n\/uploads\/2019\/05\/96555ea6-tereza-cristina-jpg.webp","datePublished":"2019-05-16T14:49:57+00:00","dateModified":"2019-05-16T15:06:53+00:00","description":"O governo chin\u00eas indicou que aumentaria as plantas de frigor\u00edficos brasileiros habilitados a exportar para China, mas acordo ainda n\u00e3o ocorreu.","breadcrumb":{"@id":"https:\/\/www.suno.com.br\/noticias\/brasil-nao-consegue-ampliar-frigorificos-exportar-china\/#breadcrumb"},"inLanguage":"pt-BR","potentialAction":[{"@type":"ReadAction","target":["https:\/\/www.suno.com.br\/noticias\/brasil-nao-consegue-ampliar-frigorificos-exportar-china\/"]}]},{"@type":"ImageObject","inLanguage":"pt-BR","@id":"https:\/\/www.suno.com.br\/noticias\/brasil-nao-consegue-ampliar-frigorificos-exportar-china\/#primaryimage","url":"https:\/\/files.sunoresearch.com.br\/n\/uploads\/2019\/05\/96555ea6-tereza-cristina-jpg.webp","contentUrl":"https:\/\/files.sunoresearch.com.br\/n\/uploads\/2019\/05\/96555ea6-tereza-cristina-jpg.webp","width":1024,"height":683,"caption":"Tereza Cristina ir\u00e1 a pa\u00edses \u00e1rabes para melhorar rela\u00e7\u00f5es comerciais"},{"@type":"BreadcrumbList","@id":"https:\/\/www.suno.com.br\/noticias\/brasil-nao-consegue-ampliar-frigorificos-exportar-china\/#breadcrumb","itemListElement":[{"@type":"ListItem","position":1,"name":"Not\u00edcias","item":"https:\/\/www.suno.com.br\/noticias\/"},{"@type":"ListItem","position":2,"name":"Economia","item":"https:\/\/www.suno.com.br\/noticias\/economia\/"},{"@type":"ListItem","position":3,"name":"Brasil n\u00e3o consegue ampliar n\u00ba de frigor\u00edficos que podem exportar para China"}]},{"@type":"WebSite","@id":"https:\/\/www.suno.com.br\/noticias\/#website","url":"https:\/\/www.suno.com.br\/noticias\/","name":"Suno Not\u00edcias","description":"Seu portal de informa\u00e7\u00e3o sobre o mundo dos investimentos","publisher":{"@id":"https:\/\/www.suno.com.br\/noticias\/#organization"},"potentialAction":[{"@type":"SearchAction","target":{"@type":"EntryPoint","urlTemplate":"https:\/\/www.suno.com.br\/noticias\/?s={search_term_string}"},"query-input":{"@type":"PropertyValueSpecification","valueRequired":true,"valueName":"search_term_string"}}],"inLanguage":"pt-BR"},{"@type":"Organization","@id":"https:\/\/www.suno.com.br\/noticias\/#organization","name":"Suno Not\u00edcias","url":"https:\/\/www.suno.com.br\/noticias\/","logo":{"@type":"ImageObject","inLanguage":"pt-BR","@id":"https:\/\/www.suno.com.br\/noticias\/#\/schema\/logo\/image\/","url":"https:\/\/files.sunoresearch.com.br\/n\/uploads\/2021\/09\/suno-logo.png","contentUrl":"https:\/\/files.sunoresearch.com.br\/n\/uploads\/2021\/09\/suno-logo.png","width":180,"height":180,"caption":"Suno Not\u00edcias"},"image":{"@id":"https:\/\/www.suno.com.br\/noticias\/#\/schema\/logo\/image\/"},"sameAs":["https:\/\/facebook.com\/sunoresearch","https:\/\/x.com\/sunoresearch","https:\/\/www.instagram.com\/suno","https:\/\/www.linkedin.com\/company\/suno-research\/","https:\/\/www.youtube.com\/c\/sunoresearch"]},{"@type":"Person","@id":"https:\/\/www.suno.com.br\/noticias\/#\/schema\/person\/e67f665add014bf99f644028de070cc3","name":"Beatriz Oliveira","image":{"@type":"ImageObject","inLanguage":"pt-BR","@id":"https:\/\/www.suno.com.br\/noticias\/#\/schema\/person\/image\/","url":"https:\/\/secure.gravatar.com\/avatar\/c9aa6a0aaecc598d257d5d5bd349157d?s=96&r=g","contentUrl":"https:\/\/secure.gravatar.com\/avatar\/c9aa6a0aaecc598d257d5d5bd349157d?s=96&r=g","caption":"Beatriz Oliveira"},"description":"Formada em Jornalismo pela Faculdade Paulus de Tecnologia e Comunica\u00e7\u00e3o, Beatriz Oliveira escreve para o portal de not\u00edcias Suno Research. Antes, passou pelas reda\u00e7\u00f5es da Revista EXAME e da Rede Bandeirantes.","url":"https:\/\/www.suno.com.br\/noticias\/author\/beatriz\/"}]}},"default_loop_html":"<div class=\"cardsPage__listCard__boxs\"><div class=\"cardsPage__listCard__boxs__img\"><a href=\"https:\/\/www.suno.com.br\/noticias\/brasil-nao-consegue-ampliar-frigorificos-exportar-china\/\"><img class=\"mask\" src=\"https:\/\/www.suno.com.br\/noticias\/wp-content\/themes\/suno\/resources\/images\/spotlight\/spotlight1img\/bg-mask.png\" alt=\"Image Mask\"\/><img src=\"https:\/\/files.sunoresearch.com.br\/n\/uploads\/2019\/05\/96555ea6-tereza-cristina-400x200.webp\" alt=\"Brasil n\u00e3o consegue ampliar n\u00ba de frigor\u00edficos que podem exportar para China\"\/><\/a><span class=\"spotlightCategory\"><a href=\"https:\/\/www.suno.com.br\/noticias\/economia\/\">Economia<\/a><\/span><\/div><div class=\"cardsPage__listCard__boxs__content\"><a href=\"https:\/\/www.suno.com.br\/noticias\/brasil-nao-consegue-ampliar-frigorificos-exportar-china\/\"><h2 class=\"content__title\">Brasil n\u00e3o consegue ampliar n\u00ba de frigor\u00edficos que podem exportar para China<\/h2><\/a><div class=\"newsContent__article__meta\"><div class=\"newsContent__article__meta__authorBox\"><a href=\"https:\/\/www.suno.com.br\/noticias\/author\/beatriz\/\" class=\"authorBox__avatar noMobi\"><img src=\"https:\/\/secure.gravatar.com\/avatar\/c9aa6a0aaecc598d257d5d5bd349157d?s=96&#038;r=g\" alt=\"Beatriz Oliveira\"><\/a><div class=\"authorBox__name\"><span>por\n\t\t\t<a href=\"https:\/\/www.suno.com.br\/noticias\/author\/beatriz\/\"><span itemprop=\"author\">Beatriz Oliveira<\/span><\/a><\/span><time datetime=\"2019-05-16T11:49:57-03:00\" itemprop=\"datePublished\">16\/05\/2019 11:49<\/time><\/div><\/div><\/div><\/div><\/div>","single_layout":"posts","amp_enabled":true,"_links":{"self":[{"href":"https:\/\/www.suno.com.br\/noticias\/wp-json\/wp\/v2\/posts\/24775"}],"collection":[{"href":"https:\/\/www.suno.com.br\/noticias\/wp-json\/wp\/v2\/posts"}],"about":[{"href":"https:\/\/www.suno.com.br\/noticias\/wp-json\/wp\/v2\/types\/post"}],"author":[{"embeddable":true,"href":"https:\/\/www.suno.com.br\/noticias\/wp-json\/wp\/v2\/users\/16"}],"replies":[{"embeddable":true,"href":"https:\/\/www.suno.com.br\/noticias\/wp-json\/wp\/v2\/comments?post=24775"}],"version-history":[{"count":0,"href":"https:\/\/www.suno.com.br\/noticias\/wp-json\/wp\/v2\/posts\/24775\/revisions"}],"wp:featuredmedia":[{"embeddable":true,"href":"https:\/\/www.suno.com.br\/noticias\/wp-json\/wp\/v2\/media\/24789"}],"wp:attachment":[{"href":"https:\/\/www.suno.com.br\/noticias\/wp-json\/wp\/v2\/media?parent=24775"}],"wp:term":[{"taxonomy":"category","embeddable":true,"href":"https:\/\/www.suno.com.br\/noticias\/wp-json\/wp\/v2\/categories?post=24775"},{"taxonomy":"post_tag","embeddable":true,"href":"https:\/\/www.suno.com.br\/noticias\/wp-json\/wp\/v2\/tags?post=24775"},{"taxonomy":"suno_strategy","embeddable":true,"href":"https:\/\/www.suno.com.br\/noticias\/wp-json\/wp\/v2\/suno_strategy?post=24775"}],"curies":[{"name":"wp","href":"https:\/\/api.w.org\/{rel}","templated":true}]}}