{"id":24762,"date":"2019-05-16T10:52:26","date_gmt":"2019-05-16T13:52:26","guid":{"rendered":"https:\/\/www.suno.com.br\/noticias\/?p=24762"},"modified":"2019-05-16T10:52:26","modified_gmt":"2019-05-16T13:52:26","slug":"igp-10-alta-maio","status":"publish","type":"post","link":"https:\/\/www.suno.com.br\/noticias\/igp-10-alta-maio\/","title":{"rendered":"IGP-10: infla\u00e7\u00e3o medida pelo \u00edndice registra alta de 0,7% em maio"},"content":{"rendered":"<p>A <strong>infla\u00e7\u00e3o<\/strong> medida pelo \u00cdndice Geral de Pre\u00e7os &#8211; 10 (IGP-10) subiu 0,7% em maior, ap\u00f3s uma alta de 1% no m\u00eas de abril, segundo dados divulgados pela Funda\u00e7\u00e3o Get\u00falio Vargas (FGV), nesta quinta-feira (16).<\/p>\t<div class=\"wrapper-featured-image\">\n\t\t<figure class=\"spotlightImg\">\n\n\t\t\t<picture>\n\t\t\t\t<source media=\"(max-width: 768px)\" srcset=\"https:\/\/files.sunoresearch.com.br\/n\/uploads\/2019\/05\/d9e2d0f1-igp-10-400x200.webp\">\n\t\t\t\t<img loading=\"lazy\" decoding=\"async\" class=\"newsContent__article__imgCapa lazyloadDisabled newsContent__article__imgCapa--noCaption\" src=\"https:\/\/files.sunoresearch.com.br\/n\/uploads\/2019\/05\/d9e2d0f1-igp-10-800x450.webp\" width=\"800\" height=\"450\" alt=\"IGP-10: infla\u00e7\u00e3o medida pelo \u00edndice registra alta de 0,7% em maio\" fetchpriority=high \/>\n\t\t\t<\/picture>\n\n\t\t\t<figcaption class=\"wp-caption-text wp-caption-text--hide\">IGP-M avan\u00e7a em dezembro <\/figcaption>\n\t\t<\/figure>\n\t<\/div>\n\n\n\t<p>\n\t\t<a href=\"https:\/\/www.seculus.com.br\/blackfriday\" target=\"_blank\" data-element=\"shortcode-suno-banner\" title=\"Banner SUNO, clique e saiba mais\">\n\t\t\t<picture>\n\t\t\t\t<source media=\"(max-width: 500px)\" srcset=\"https:\/\/files.sunoresearch.com.br\/n\/uploads\/2023\/11\/seculus_suno_mobile_2.jpg\">\n\t\t\t\t<img class=\"newsContent__article__imgCapa newsContent__article__imgCapa--banner\"\n\t\t\t\t\tsrc=\"https:\/\/files.sunoresearch.com.br\/n\/uploads\/2023\/11\/seculus_suno_desktop_2.jpg\"\n\t\t\t\t\tdata-promo-id=\"474123\"\t\t\t\t\t\t\t\t\t\twidth='1420' height='240'\t\t\t\t\talt=\"https:\/\/files.sunoresearch.com.br\/n\/uploads\/2023\/11\/seculus_suno_desktop_2.jpg\"\n\t\t\t\t>\n\t\t\t<\/picture>\n\t\t<\/a>\n\t<\/p>\n\n\n<p>Os tr\u00eas indicadores quem comp\u00f5em o <strong>IGP-10<\/strong>, tiveram as seguintes varia\u00e7\u00f5es entre abril e maio:<\/p>\n<p><strong>\u00cdndice de Pre\u00e7os ao Produtor Amplo &#8211; 10:<\/strong> o IPA tem peso de 60% sobre a forma\u00e7\u00e3o do IGP-10. Ele registrou um avan\u00e7o de 0,84%, ante a expans\u00e3o de 1,19% de abril. Dividindo por setores, os <strong>Bens Finais<\/strong> tiveram uma alta de 0,77%. Enquanto isso, os <strong>Bens<\/strong> <strong>Intermedi\u00e1rios<\/strong> subiram 0,95%. Por fim, as <strong>Mat\u00e9rias-Primas<\/strong> <strong>Brutas<\/strong> expandiram 0,78%.<\/p>\n<p>Os pre\u00e7os agropecu\u00e1rios medidos no <strong>IPA<\/strong> agr\u00edcola ca\u00edram de 1,43% no atacado de maio, ap\u00f3s uma alta de 1,86% no m\u00eas de abril. Enquanto isso os produtos industriais medidos pelo IPA industrial tiveram alta de 1,6% neste m\u00eas, depois de crescerem 0,96% no atacado de abril.<\/p>\n<p><strong>\u00cdndice de Pre\u00e7os ao Consumidor &#8211; 10:<\/strong> passou de uma alta de 0,73% no m\u00eas de abril para um crescimento de 0,47% em maio. Esse segmento tem peso de 30% sobre o IGP-10 e a queda foi puxada principalmente pelo grupo de <strong>Alimenta\u00e7\u00e3o<\/strong>, que teve retra\u00e7\u00e3o na alta, passando da expans\u00e3o de 1,04% para 0,25%. O grupo foi impactado pela queda da infla\u00e7\u00e3o das hortali\u00e7as e legumes, que passaram da alta de 11,67% para 3,84%.<\/p>\n<p><a href=\"https:\/\/www.suno.com.br\/noticias\/ipc-s-desacelera-maio\/\">Saiba mais:\u00a0IPC-S \u00e9 influenciado pelo grupo de Alimenta\u00e7\u00e3o e desacelera em maio<\/a><\/p>\n<p><strong>\u00cdndice Nacional de Custo da Constru\u00e7\u00e3o &#8211; 10:<\/strong> \u00e9 respons\u00e1vel pelos 10% de peso finais do IGP-10. Ele registrou um aumento de 0,31% em maio, mas n\u00e3o superou a expans\u00e3o de abril que foi de 0,35%.<\/p>\n<h2>IGP-10<\/h2>\n<p>Para forma\u00e7\u00e3o da <strong>infla\u00e7\u00e3o<\/strong> do <strong>IGP-10<\/strong>, foram coletados <strong>pre\u00e7os<\/strong> no per\u00edodo de 11 de abril a 10 de maio e comparados com os valores de 11 de mar\u00e7o a 10 de abril.<\/p>\n\t<p>\n\t\t<a href=\"https:\/\/lp.suno.com.br\/planilha-de-controle-de-investimentos\/\" target=\"_blank\" data-element=\"shortcode-suno-banner\" title=\"Banner SUNO, clique e saiba mais\">\n\t\t\t<picture>\n\t\t\t\t<source media=\"(max-width: 500px)\" srcset=\"https:\/\/files.sunoresearch.com.br\/n\/uploads\/2023\/03\/400x300-Controle-de-Investimentos.png\">\n\t\t\t\t<img class=\"newsContent__article__imgCapa newsContent__article__imgCapa--banner\"\n\t\t\t\t\tsrc=\"https:\/\/files.sunoresearch.com.br\/n\/uploads\/2023\/03\/1420x240-Controle-de-Investimentos.png\"\n\t\t\t\t\tdata-promo-id=\"75934\"\t\t\t\t\t\t\t\t\t\twidth='1420' height='240'\t\t\t\t\talt=\"https:\/\/files.sunoresearch.com.br\/n\/uploads\/2023\/03\/1420x240-Controle-de-Investimentos.png\"\n\t\t\t\t>\n\t\t\t<\/picture>\n\t\t<\/a>\n\t<\/p>\n\n\n<p>No acumulado deste ano, o <strong>IGP-10<\/strong> registrou um aumento de 3,27%. Al\u00e9m disso, a taxa em 12 meses foi positiva em 8,02%.<\/p>\n","protected":false},"excerpt":{"rendered":"<p>A infla\u00e7\u00e3o medida pelo \u00cdndice Geral de Pre\u00e7os &#8211; 10 (IGP-10) subiu 0,7% em maior, ap\u00f3s uma alta de 1% no m\u00eas de abril, segundo dados divulgados pela Funda\u00e7\u00e3o Get\u00falio Vargas (FGV), nesta quinta-feira (16). IGP-M avan\u00e7a em dezembro Os tr\u00eas indicadores quem comp\u00f5em o IGP-10, tiveram as seguintes varia\u00e7\u00f5es entre abril e maio: \u00cdndice [&hellip;]<\/p>\n","protected":false},"author":11,"featured_media":24777,"comment_status":"closed","ping_status":"closed","sticky":false,"template":"","format":"standard","meta":[],"categories":[62],"tags":[850],"suno_strategy":[],"class_list":["post-24762","post","type-post","status-publish","format-standard","has-post-thumbnail","hentry","category-economia","tag-inflacao"],"yoast_head":"<!-- This site is optimized with the Yoast SEO plugin v24.4 - https:\/\/yoast.com\/wordpress\/plugins\/seo\/ -->\n<title>IGP-10: infla\u00e7\u00e3o medida pelo \u00edndice registra alta de 0,7% em maio<\/title>\n<meta name=\"description\" content=\"IGP-10 registra segunda alta seguida. Em abril, o \u00edndice apontou uma lata de 1%; No ano, a alta \u00e9 de 3,27%. Clique e saiba mais.\" \/>\n<meta name=\"robots\" content=\"index, follow, max-snippet:-1, max-image-preview:large, max-video-preview:-1\" \/>\n<link rel=\"canonical\" href=\"https:\/\/www.suno.com.br\/noticias\/igp-10-alta-maio\/\" \/>\n<meta property=\"og:locale\" content=\"pt_BR\" \/>\n<meta property=\"og:type\" content=\"article\" \/>\n<meta property=\"og:title\" content=\"IGP-10: infla\u00e7\u00e3o medida pelo \u00edndice registra alta de 0,7% em maio\" \/>\n<meta property=\"og:description\" content=\"IGP-10 registra segunda alta seguida. Em abril, o \u00edndice apontou uma lata de 1%; No ano, a alta \u00e9 de 3,27%. Clique e saiba mais.\" \/>\n<meta property=\"og:url\" content=\"https:\/\/www.suno.com.br\/noticias\/igp-10-alta-maio\/\" \/>\n<meta property=\"og:site_name\" content=\"Suno Not\u00edcias\" \/>\n<meta property=\"article:publisher\" content=\"https:\/\/facebook.com\/sunoresearch\" \/>\n<meta property=\"og:image\" content=\"https:\/\/files.sunoresearch.com.br\/n\/uploads\/2019\/05\/d9e2d0f1-igp-10.jpg\" \/>\n\t<meta property=\"og:image:width\" content=\"1140\" \/>\n\t<meta property=\"og:image:height\" content=\"760\" \/>\n\t<meta property=\"og:image:type\" content=\"image\/jpeg\" \/>\n<meta name=\"author\" content=\"Renan Bandeira\" \/>\n<meta name=\"twitter:card\" content=\"summary_large_image\" \/>\n<meta name=\"twitter:creator\" content=\"@sunoresearch\" \/>\n<meta name=\"twitter:site\" content=\"@sunoresearch\" \/>\n<meta name=\"twitter:label1\" content=\"Escrito por\" \/>\n\t<meta name=\"twitter:data1\" content=\"Renan Bandeira\" \/>\n\t<meta name=\"twitter:label2\" content=\"Est. tempo de leitura\" \/>\n\t<meta name=\"twitter:data2\" content=\"2 minutos\" \/>\n<script type=\"application\/ld+json\" class=\"yoast-schema-graph\">{\"@context\":\"https:\/\/schema.org\",\"@graph\":[{\"@type\":\"NewsArticle\",\"@id\":\"https:\/\/www.suno.com.br\/noticias\/igp-10-alta-maio\/#article\",\"isPartOf\":{\"@id\":\"https:\/\/www.suno.com.br\/noticias\/igp-10-alta-maio\/\"},\"author\":{\"name\":\"Renan Bandeira\",\"@id\":\"https:\/\/www.suno.com.br\/noticias\/#\/schema\/person\/fc144a1c6108bd1dcd43784e88a3c138\"},\"headline\":\"IGP-10: infla\u00e7\u00e3o medida pelo \u00edndice registra alta de 0,7% em maio\",\"datePublished\":\"2019-05-16T13:52:26+00:00\",\"mainEntityOfPage\":{\"@id\":\"https:\/\/www.suno.com.br\/noticias\/igp-10-alta-maio\/\"},\"wordCount\":353,\"publisher\":{\"@id\":\"https:\/\/www.suno.com.br\/noticias\/#organization\"},\"image\":{\"@id\":\"https:\/\/www.suno.com.br\/noticias\/igp-10-alta-maio\/#primaryimage\"},\"thumbnailUrl\":\"https:\/\/files.sunoresearch.com.br\/n\/uploads\/2019\/05\/d9e2d0f1-igp-10-jpg.webp\",\"keywords\":[\"infla\u00e7\u00e3o\"],\"articleSection\":[\"Economia\"],\"inLanguage\":\"pt-BR\"},{\"@type\":\"WebPage\",\"@id\":\"https:\/\/www.suno.com.br\/noticias\/igp-10-alta-maio\/\",\"url\":\"https:\/\/www.suno.com.br\/noticias\/igp-10-alta-maio\/\",\"name\":\"IGP-10: infla\u00e7\u00e3o medida pelo \u00edndice registra alta de 0,7% em maio\",\"isPartOf\":{\"@id\":\"https:\/\/www.suno.com.br\/noticias\/#website\"},\"primaryImageOfPage\":{\"@id\":\"https:\/\/www.suno.com.br\/noticias\/igp-10-alta-maio\/#primaryimage\"},\"image\":{\"@id\":\"https:\/\/www.suno.com.br\/noticias\/igp-10-alta-maio\/#primaryimage\"},\"thumbnailUrl\":\"https:\/\/files.sunoresearch.com.br\/n\/uploads\/2019\/05\/d9e2d0f1-igp-10-jpg.webp\",\"datePublished\":\"2019-05-16T13:52:26+00:00\",\"description\":\"IGP-10 registra segunda alta seguida. Em abril, o \u00edndice apontou uma lata de 1%; No ano, a alta \u00e9 de 3,27%. Clique e saiba mais.\",\"breadcrumb\":{\"@id\":\"https:\/\/www.suno.com.br\/noticias\/igp-10-alta-maio\/#breadcrumb\"},\"inLanguage\":\"pt-BR\",\"potentialAction\":[{\"@type\":\"ReadAction\",\"target\":[\"https:\/\/www.suno.com.br\/noticias\/igp-10-alta-maio\/\"]}]},{\"@type\":\"ImageObject\",\"inLanguage\":\"pt-BR\",\"@id\":\"https:\/\/www.suno.com.br\/noticias\/igp-10-alta-maio\/#primaryimage\",\"url\":\"https:\/\/files.sunoresearch.com.br\/n\/uploads\/2019\/05\/d9e2d0f1-igp-10-jpg.webp\",\"contentUrl\":\"https:\/\/files.sunoresearch.com.br\/n\/uploads\/2019\/05\/d9e2d0f1-igp-10-jpg.webp\",\"width\":1140,\"height\":760,\"caption\":\"IGP-M avan\u00e7a em dezembro\"},{\"@type\":\"BreadcrumbList\",\"@id\":\"https:\/\/www.suno.com.br\/noticias\/igp-10-alta-maio\/#breadcrumb\",\"itemListElement\":[{\"@type\":\"ListItem\",\"position\":1,\"name\":\"Not\u00edcias\",\"item\":\"https:\/\/www.suno.com.br\/noticias\/\"},{\"@type\":\"ListItem\",\"position\":2,\"name\":\"Economia\",\"item\":\"https:\/\/www.suno.com.br\/noticias\/economia\/\"},{\"@type\":\"ListItem\",\"position\":3,\"name\":\"IGP-10: infla\u00e7\u00e3o medida pelo \u00edndice registra alta de 0,7% em maio\"}]},{\"@type\":\"WebSite\",\"@id\":\"https:\/\/www.suno.com.br\/noticias\/#website\",\"url\":\"https:\/\/www.suno.com.br\/noticias\/\",\"name\":\"Suno Not\u00edcias\",\"description\":\"Seu portal de informa\u00e7\u00e3o sobre o mundo dos investimentos\",\"publisher\":{\"@id\":\"https:\/\/www.suno.com.br\/noticias\/#organization\"},\"potentialAction\":[{\"@type\":\"SearchAction\",\"target\":{\"@type\":\"EntryPoint\",\"urlTemplate\":\"https:\/\/www.suno.com.br\/noticias\/?s={search_term_string}\"},\"query-input\":{\"@type\":\"PropertyValueSpecification\",\"valueRequired\":true,\"valueName\":\"search_term_string\"}}],\"inLanguage\":\"pt-BR\"},{\"@type\":\"Organization\",\"@id\":\"https:\/\/www.suno.com.br\/noticias\/#organization\",\"name\":\"Suno Not\u00edcias\",\"url\":\"https:\/\/www.suno.com.br\/noticias\/\",\"logo\":{\"@type\":\"ImageObject\",\"inLanguage\":\"pt-BR\",\"@id\":\"https:\/\/www.suno.com.br\/noticias\/#\/schema\/logo\/image\/\",\"url\":\"https:\/\/files.sunoresearch.com.br\/n\/uploads\/2021\/09\/suno-logo.png\",\"contentUrl\":\"https:\/\/files.sunoresearch.com.br\/n\/uploads\/2021\/09\/suno-logo.png\",\"width\":180,\"height\":180,\"caption\":\"Suno Not\u00edcias\"},\"image\":{\"@id\":\"https:\/\/www.suno.com.br\/noticias\/#\/schema\/logo\/image\/\"},\"sameAs\":[\"https:\/\/facebook.com\/sunoresearch\",\"https:\/\/x.com\/sunoresearch\",\"https:\/\/www.instagram.com\/suno\",\"https:\/\/www.linkedin.com\/company\/suno-research\/\",\"https:\/\/www.youtube.com\/c\/sunoresearch\"]},{\"@type\":\"Person\",\"@id\":\"https:\/\/www.suno.com.br\/noticias\/#\/schema\/person\/fc144a1c6108bd1dcd43784e88a3c138\",\"name\":\"Renan Bandeira\",\"image\":{\"@type\":\"ImageObject\",\"inLanguage\":\"pt-BR\",\"@id\":\"https:\/\/www.suno.com.br\/noticias\/#\/schema\/person\/image\/\",\"url\":\"https:\/\/secure.gravatar.com\/avatar\/68359cdb608f14f11bbefcb78f3fc747?s=96&r=g\",\"contentUrl\":\"https:\/\/secure.gravatar.com\/avatar\/68359cdb608f14f11bbefcb78f3fc747?s=96&r=g\",\"caption\":\"Renan Bandeira\"},\"description\":\"Renan Bandeira escreve sobre pol\u00edtica e economia para o portal da Suno Research. Antes da Suno, trabalhou em uma rede de televis\u00e3o, onde fazia reportagens sobre os mesmos temas. Estuda na Universidade Metodista de S\u00e3o Paulo.\",\"url\":\"https:\/\/www.suno.com.br\/noticias\/author\/renan-bandeira\/\"}]}<\/script>\n<!-- \/ Yoast SEO plugin. -->","yoast_head_json":{"title":"IGP-10: infla\u00e7\u00e3o medida pelo \u00edndice registra alta de 0,7% em maio","description":"IGP-10 registra segunda alta seguida. Em abril, o \u00edndice apontou uma lata de 1%; No ano, a alta \u00e9 de 3,27%. Clique e saiba mais.","robots":{"index":"index","follow":"follow","max-snippet":"max-snippet:-1","max-image-preview":"max-image-preview:large","max-video-preview":"max-video-preview:-1"},"canonical":"https:\/\/www.suno.com.br\/noticias\/igp-10-alta-maio\/","og_locale":"pt_BR","og_type":"article","og_title":"IGP-10: infla\u00e7\u00e3o medida pelo \u00edndice registra alta de 0,7% em maio","og_description":"IGP-10 registra segunda alta seguida. Em abril, o \u00edndice apontou uma lata de 1%; No ano, a alta \u00e9 de 3,27%. Clique e saiba mais.","og_url":"https:\/\/www.suno.com.br\/noticias\/igp-10-alta-maio\/","og_site_name":"Suno Not\u00edcias","article_publisher":"https:\/\/facebook.com\/sunoresearch","og_image":[{"width":1140,"height":760,"url":"https:\/\/files.sunoresearch.com.br\/n\/uploads\/2019\/05\/d9e2d0f1-igp-10.jpg","type":"image\/jpeg"}],"author":"Renan Bandeira","twitter_card":"summary_large_image","twitter_creator":"@sunoresearch","twitter_site":"@sunoresearch","twitter_misc":{"Escrito por":"Renan Bandeira","Est. tempo de leitura":"2 minutos"},"schema":{"@context":"https:\/\/schema.org","@graph":[{"@type":"NewsArticle","@id":"https:\/\/www.suno.com.br\/noticias\/igp-10-alta-maio\/#article","isPartOf":{"@id":"https:\/\/www.suno.com.br\/noticias\/igp-10-alta-maio\/"},"author":{"name":"Renan Bandeira","@id":"https:\/\/www.suno.com.br\/noticias\/#\/schema\/person\/fc144a1c6108bd1dcd43784e88a3c138"},"headline":"IGP-10: infla\u00e7\u00e3o medida pelo \u00edndice registra alta de 0,7% em maio","datePublished":"2019-05-16T13:52:26+00:00","mainEntityOfPage":{"@id":"https:\/\/www.suno.com.br\/noticias\/igp-10-alta-maio\/"},"wordCount":353,"publisher":{"@id":"https:\/\/www.suno.com.br\/noticias\/#organization"},"image":{"@id":"https:\/\/www.suno.com.br\/noticias\/igp-10-alta-maio\/#primaryimage"},"thumbnailUrl":"https:\/\/files.sunoresearch.com.br\/n\/uploads\/2019\/05\/d9e2d0f1-igp-10-jpg.webp","keywords":["infla\u00e7\u00e3o"],"articleSection":["Economia"],"inLanguage":"pt-BR"},{"@type":"WebPage","@id":"https:\/\/www.suno.com.br\/noticias\/igp-10-alta-maio\/","url":"https:\/\/www.suno.com.br\/noticias\/igp-10-alta-maio\/","name":"IGP-10: infla\u00e7\u00e3o medida pelo \u00edndice registra alta de 0,7% em maio","isPartOf":{"@id":"https:\/\/www.suno.com.br\/noticias\/#website"},"primaryImageOfPage":{"@id":"https:\/\/www.suno.com.br\/noticias\/igp-10-alta-maio\/#primaryimage"},"image":{"@id":"https:\/\/www.suno.com.br\/noticias\/igp-10-alta-maio\/#primaryimage"},"thumbnailUrl":"https:\/\/files.sunoresearch.com.br\/n\/uploads\/2019\/05\/d9e2d0f1-igp-10-jpg.webp","datePublished":"2019-05-16T13:52:26+00:00","description":"IGP-10 registra segunda alta seguida. Em abril, o \u00edndice apontou uma lata de 1%; No ano, a alta \u00e9 de 3,27%. Clique e saiba mais.","breadcrumb":{"@id":"https:\/\/www.suno.com.br\/noticias\/igp-10-alta-maio\/#breadcrumb"},"inLanguage":"pt-BR","potentialAction":[{"@type":"ReadAction","target":["https:\/\/www.suno.com.br\/noticias\/igp-10-alta-maio\/"]}]},{"@type":"ImageObject","inLanguage":"pt-BR","@id":"https:\/\/www.suno.com.br\/noticias\/igp-10-alta-maio\/#primaryimage","url":"https:\/\/files.sunoresearch.com.br\/n\/uploads\/2019\/05\/d9e2d0f1-igp-10-jpg.webp","contentUrl":"https:\/\/files.sunoresearch.com.br\/n\/uploads\/2019\/05\/d9e2d0f1-igp-10-jpg.webp","width":1140,"height":760,"caption":"IGP-M avan\u00e7a em dezembro"},{"@type":"BreadcrumbList","@id":"https:\/\/www.suno.com.br\/noticias\/igp-10-alta-maio\/#breadcrumb","itemListElement":[{"@type":"ListItem","position":1,"name":"Not\u00edcias","item":"https:\/\/www.suno.com.br\/noticias\/"},{"@type":"ListItem","position":2,"name":"Economia","item":"https:\/\/www.suno.com.br\/noticias\/economia\/"},{"@type":"ListItem","position":3,"name":"IGP-10: infla\u00e7\u00e3o medida pelo \u00edndice registra alta de 0,7% em maio"}]},{"@type":"WebSite","@id":"https:\/\/www.suno.com.br\/noticias\/#website","url":"https:\/\/www.suno.com.br\/noticias\/","name":"Suno Not\u00edcias","description":"Seu portal de informa\u00e7\u00e3o sobre o mundo dos investimentos","publisher":{"@id":"https:\/\/www.suno.com.br\/noticias\/#organization"},"potentialAction":[{"@type":"SearchAction","target":{"@type":"EntryPoint","urlTemplate":"https:\/\/www.suno.com.br\/noticias\/?s={search_term_string}"},"query-input":{"@type":"PropertyValueSpecification","valueRequired":true,"valueName":"search_term_string"}}],"inLanguage":"pt-BR"},{"@type":"Organization","@id":"https:\/\/www.suno.com.br\/noticias\/#organization","name":"Suno Not\u00edcias","url":"https:\/\/www.suno.com.br\/noticias\/","logo":{"@type":"ImageObject","inLanguage":"pt-BR","@id":"https:\/\/www.suno.com.br\/noticias\/#\/schema\/logo\/image\/","url":"https:\/\/files.sunoresearch.com.br\/n\/uploads\/2021\/09\/suno-logo.png","contentUrl":"https:\/\/files.sunoresearch.com.br\/n\/uploads\/2021\/09\/suno-logo.png","width":180,"height":180,"caption":"Suno Not\u00edcias"},"image":{"@id":"https:\/\/www.suno.com.br\/noticias\/#\/schema\/logo\/image\/"},"sameAs":["https:\/\/facebook.com\/sunoresearch","https:\/\/x.com\/sunoresearch","https:\/\/www.instagram.com\/suno","https:\/\/www.linkedin.com\/company\/suno-research\/","https:\/\/www.youtube.com\/c\/sunoresearch"]},{"@type":"Person","@id":"https:\/\/www.suno.com.br\/noticias\/#\/schema\/person\/fc144a1c6108bd1dcd43784e88a3c138","name":"Renan Bandeira","image":{"@type":"ImageObject","inLanguage":"pt-BR","@id":"https:\/\/www.suno.com.br\/noticias\/#\/schema\/person\/image\/","url":"https:\/\/secure.gravatar.com\/avatar\/68359cdb608f14f11bbefcb78f3fc747?s=96&r=g","contentUrl":"https:\/\/secure.gravatar.com\/avatar\/68359cdb608f14f11bbefcb78f3fc747?s=96&r=g","caption":"Renan Bandeira"},"description":"Renan Bandeira escreve sobre pol\u00edtica e economia para o portal da Suno Research. Antes da Suno, trabalhou em uma rede de televis\u00e3o, onde fazia reportagens sobre os mesmos temas. Estuda na Universidade Metodista de S\u00e3o Paulo.","url":"https:\/\/www.suno.com.br\/noticias\/author\/renan-bandeira\/"}]}},"default_loop_html":"<div class=\"cardsPage__listCard__boxs\"><div class=\"cardsPage__listCard__boxs__img\"><a href=\"https:\/\/www.suno.com.br\/noticias\/igp-10-alta-maio\/\"><img class=\"mask\" src=\"https:\/\/www.suno.com.br\/noticias\/wp-content\/themes\/suno\/resources\/images\/spotlight\/spotlight1img\/bg-mask.png\" alt=\"Image Mask\"\/><img src=\"https:\/\/files.sunoresearch.com.br\/n\/uploads\/2019\/05\/d9e2d0f1-igp-10-400x200.webp\" alt=\"IGP-10: infla\u00e7\u00e3o medida pelo \u00edndice registra alta de 0,7% em maio\"\/><\/a><span class=\"spotlightCategory\"><a href=\"https:\/\/www.suno.com.br\/noticias\/economia\/\">Economia<\/a><\/span><\/div><div class=\"cardsPage__listCard__boxs__content\"><a href=\"https:\/\/www.suno.com.br\/noticias\/igp-10-alta-maio\/\"><h2 class=\"content__title\">IGP-10: infla\u00e7\u00e3o medida pelo \u00edndice registra alta de 0,7% em maio<\/h2><\/a><div class=\"newsContent__article__meta\"><div class=\"newsContent__article__meta__authorBox\"><a href=\"https:\/\/www.suno.com.br\/noticias\/author\/renan-bandeira\/\" class=\"authorBox__avatar noMobi\"><img src=\"https:\/\/secure.gravatar.com\/avatar\/68359cdb608f14f11bbefcb78f3fc747?s=96&#038;r=g\" alt=\"Renan Bandeira\"><\/a><div class=\"authorBox__name\"><span>por\n\t\t\t<a href=\"https:\/\/www.suno.com.br\/noticias\/author\/renan-bandeira\/\"><span itemprop=\"author\">Renan Bandeira<\/span><\/a><\/span><time datetime=\"2019-05-16T10:52:26-03:00\" itemprop=\"datePublished\">16\/05\/2019 10:52<\/time><\/div><\/div><\/div><\/div><\/div>","single_layout":"posts","amp_enabled":true,"_links":{"self":[{"href":"https:\/\/www.suno.com.br\/noticias\/wp-json\/wp\/v2\/posts\/24762"}],"collection":[{"href":"https:\/\/www.suno.com.br\/noticias\/wp-json\/wp\/v2\/posts"}],"about":[{"href":"https:\/\/www.suno.com.br\/noticias\/wp-json\/wp\/v2\/types\/post"}],"author":[{"embeddable":true,"href":"https:\/\/www.suno.com.br\/noticias\/wp-json\/wp\/v2\/users\/11"}],"replies":[{"embeddable":true,"href":"https:\/\/www.suno.com.br\/noticias\/wp-json\/wp\/v2\/comments?post=24762"}],"version-history":[{"count":0,"href":"https:\/\/www.suno.com.br\/noticias\/wp-json\/wp\/v2\/posts\/24762\/revisions"}],"wp:featuredmedia":[{"embeddable":true,"href":"https:\/\/www.suno.com.br\/noticias\/wp-json\/wp\/v2\/media\/24777"}],"wp:attachment":[{"href":"https:\/\/www.suno.com.br\/noticias\/wp-json\/wp\/v2\/media?parent=24762"}],"wp:term":[{"taxonomy":"category","embeddable":true,"href":"https:\/\/www.suno.com.br\/noticias\/wp-json\/wp\/v2\/categories?post=24762"},{"taxonomy":"post_tag","embeddable":true,"href":"https:\/\/www.suno.com.br\/noticias\/wp-json\/wp\/v2\/tags?post=24762"},{"taxonomy":"suno_strategy","embeddable":true,"href":"https:\/\/www.suno.com.br\/noticias\/wp-json\/wp\/v2\/suno_strategy?post=24762"}],"curies":[{"name":"wp","href":"https:\/\/api.w.org\/{rel}","templated":true}]}}