{"id":24751,"date":"2019-05-16T09:58:19","date_gmt":"2019-05-16T12:58:19","guid":{"rendered":"https:\/\/www.suno.com.br\/noticias\/?p=24751"},"modified":"2019-05-16T09:58:19","modified_gmt":"2019-05-16T12:58:19","slug":"ipc-s-desacelera-maio","status":"publish","type":"post","link":"https:\/\/www.suno.com.br\/noticias\/ipc-s-desacelera-maio\/","title":{"rendered":"IPC-S \u00e9 influenciado pelo grupo de Alimenta\u00e7\u00e3o e desacelera em maio"},"content":{"rendered":"<p>A infla\u00e7\u00e3o medida pelo \u00cdndice de Pre\u00e7os ao Consumidor &#8211; Semanal (IPC-S) desacelerou sua alta, ficando em 0,42% segundo apontou a segunda pr\u00e9via de maio. O \u00edndice divulgado pela Funda\u00e7\u00e3o Get\u00falio Vargas (FGV), havia apontado uma infla\u00e7\u00e3o de 0,57% na abertura do m\u00eas.<\/p>\t<div class=\"wrapper-featured-image\">\n\t\t<figure class=\"spotlightImg\">\n\n\t\t\t<picture>\n\t\t\t\t<source media=\"(max-width: 768px)\" srcset=\"https:\/\/files.sunoresearch.com.br\/n\/uploads\/2019\/05\/7c60326e-ipc-s-400x200.webp\">\n\t\t\t\t<img loading=\"lazy\" decoding=\"async\" class=\"newsContent__article__imgCapa lazyloadDisabled newsContent__article__imgCapa--noCaption\" src=\"https:\/\/files.sunoresearch.com.br\/n\/uploads\/2019\/05\/7c60326e-ipc-s-800x450.webp\" width=\"800\" height=\"450\" alt=\"IPC-S \u00e9 influenciado pelo grupo de Alimenta\u00e7\u00e3o e desacelera em maio\" fetchpriority=high \/>\n\t\t\t<\/picture>\n\n\t\t\t<figcaption class=\"wp-caption-text wp-caption-text--hide\">IPC-S \u00e9 influenciado pelo grupo de Alimenta\u00e7\u00e3o e desacelera em maio<\/figcaption>\n\t\t<\/figure>\n\t<\/div>\n\n\n<p>Nos dados divulgados, entre as oito classes de despesa analisadas pelo <strong>IPC-S<\/strong>, a que teve maior contribui\u00e7\u00e3o na freada do \u00edndice foi a de <strong>Alimenta\u00e7\u00e3o<\/strong>, com recuo da alta de 0,45% para 0,14%. Nesta classe, o destaque ficou com o setor de legumes e hortali\u00e7as, que passou de 6,38% no in\u00edcio de maio para 2,91% na \u00faltima avalia\u00e7\u00e3o.<\/p>\n\t<p>\n\t\t<a href=\"https:\/\/lp.suno.com.br\/suno-one\/?utm_campaign=_SNC6964518A_\" target=\"_blank\" data-element=\"shortcode-suno-banner\" title=\"Banner SUNO, clique e saiba mais\">\n\t\t\t<picture>\n\t\t\t\t<source media=\"(max-width: 500px)\" srcset=\"https:\/\/files.sunoresearch.com.br\/n\/uploads\/2025\/09\/400x300-Suno-One-png.webp\">\n\t\t\t\t<img class=\"newsContent__article__imgCapa newsContent__article__imgCapa--banner\"\n\t\t\t\t\tsrc=\"https:\/\/files.sunoresearch.com.br\/n\/uploads\/2025\/09\/1420x240-Suno-One-png.webp\"\n\t\t\t\t\tdata-promo-id=\"85810\"\t\t\t\t\t\t\t\t\t\twidth='1420' height='240'\t\t\t\t\talt=\"https:\/\/files.sunoresearch.com.br\/n\/uploads\/2025\/09\/1420x240-Suno-One-png.webp\"\n\t\t\t\t>\n\t\t\t<\/picture>\n\t\t<\/a>\n\t<\/p>\n\n\n<h2>Influenciadores negativos<\/h2>\n<p>Al\u00e9m disso, outros grupo registraram queda entre o in\u00edcio de maio e a avalia\u00e7\u00e3o divulgada nesta quinta-feira (16). Sendo eles:<\/p>\n<p><strong>Educa\u00e7\u00e3o, Leitura e Recrea\u00e7\u00e3o:<\/strong> passou de +0,38% para -0,07%, com forte influ\u00eancia das passagens a\u00e9reas, que reduziam -1,89% no in\u00edcio do m\u00eas e agora retraem -9,08%.<\/p>\n<p><strong>Vestu\u00e1rio:<\/strong> passou de +0,85% para 0,29%, onde as principais condutoras do recuo foram as roupas, com alta reduzida de +1,04% para +0,41%.<\/p>\n<p><strong>Sa\u00fade e Cuidados Pessoas:<\/strong> passou de +0,93 para +0,89%, tendo como principal contribui\u00e7\u00e3o os itens de higiene e cuidado pessoal que foram de 0,87% no come\u00e7o de maio para +0,17% no \u00faltimo estudo.<\/p>\n<p><strong>Transportes:<\/strong> passou de 0,98% para 0,96%, que foi empurrado pela tarifa de \u00f4nibus urbano que freou sua infla\u00e7\u00e3o que era de 1,32% no in\u00edcio do m\u00eas para 0,78% nos dados atuais.<\/p>\n<p><strong>Comunica\u00e7\u00e3o:<\/strong> passou de 0,05% para uma negativa de -0,10%. A classe foi diretamente influenciada pelos pacotes de telefonia fixa e internet que seguiu o ritmo da \u00faltima avalia\u00e7\u00e3o e acentuou ainda mais a sua queda que agora \u00e9 de -0,52% ante os -0,09% do in\u00edcio de maio.<\/p>\n<p><a href=\"https:\/\/www.suno.com.br\/noticias\/tesouro-nacional-uniao-dividas\/\">Saiba mais:\u00a0Uni\u00e3o pagou R$ 401 milh\u00f5es em d\u00edvidas atrasadas de estados<\/a><\/p>\n<h2>Influenciadores positivos<\/h2>\n<p>Em contrapartida, duas classes se mantiveram em alta no per\u00edodo. S\u00e3o elas:<\/p>\n<p><strong>Despesas Diversas:<\/strong> passou alta de +0,75% para uma expans\u00e3o de +1% no per\u00edodo. O principal influenciador do setor foi o bilhete lot\u00e9rico que expandiu 40,62% de acordo com \u00faltimo estudo, ante 30,05% avaliado anteriormente.<\/p>\n<p><strong>Habita\u00e7\u00e3o:<\/strong> passou da expans\u00e3o de +0,28 para +0,29. Mesmo com varia\u00e7\u00e3o baixa, o grupo foi influenciado principalmente pela taxa de \u00e1gua e esgoto residencial que passou da alta de +0,26% para +0,33%.<\/p>\n\t<p>\n\t\t<a href=\"https:\/\/lp.suno.com.br\/planilha-da-vida-financeira\/\" target=\"_blank\" data-element=\"shortcode-suno-banner\" title=\"Banner SUNO, clique e saiba mais\">\n\t\t\t<picture>\n\t\t\t\t<source media=\"(max-width: 500px)\" srcset=\"https:\/\/files.sunoresearch.com.br\/n\/uploads\/2023\/04\/400x300-Planilha-vida-financeira-true.png\">\n\t\t\t\t<img class=\"newsContent__article__imgCapa newsContent__article__imgCapa--banner\"\n\t\t\t\t\tsrc=\"https:\/\/files.sunoresearch.com.br\/n\/uploads\/2023\/04\/1420x240-Planilha-vida-financeira-true.png\"\n\t\t\t\t\tdata-promo-id=\"383123\"\t\t\t\t\t\t\t\t\t\twidth='1420' height='240'\t\t\t\t\talt=\"https:\/\/files.sunoresearch.com.br\/n\/uploads\/2023\/04\/1420x240-Planilha-vida-financeira-true.png\"\n\t\t\t\t>\n\t\t\t<\/picture>\n\t\t<\/a>\n\t<\/p>\n\n\n<p>A pr\u00f3xima apura\u00e7\u00e3o do <strong>IPC-S<\/strong>, com dados coletados at\u00e9 o dia 22 de maio ser\u00e1 divulgado no dia 23 deste m\u00eas.<\/p>\n","protected":false},"excerpt":{"rendered":"<p>A infla\u00e7\u00e3o medida pelo \u00cdndice de Pre\u00e7os ao Consumidor &#8211; Semanal (IPC-S) desacelerou sua alta, ficando em 0,42% segundo apontou a segunda pr\u00e9via de maio. O \u00edndice divulgado pela Funda\u00e7\u00e3o Get\u00falio Vargas (FGV), havia apontado uma infla\u00e7\u00e3o de 0,57% na abertura do m\u00eas. IPC-S \u00e9 influenciado pelo grupo de Alimenta\u00e7\u00e3o e desacelera em maio Nos [&hellip;]<\/p>\n","protected":false},"author":11,"featured_media":24760,"comment_status":"closed","ping_status":"closed","sticky":false,"template":"","format":"standard","meta":[],"categories":[62],"tags":[850,1071],"suno_strategy":[],"class_list":["post-24751","post","type-post","status-publish","format-standard","has-post-thumbnail","hentry","category-economia","tag-inflacao","tag-ipc-s"],"yoast_head":"<!-- This site is optimized with the Yoast SEO plugin v24.4 - https:\/\/yoast.com\/wordpress\/plugins\/seo\/ -->\n<title>IPC-S \u00e9 influenciado pelo grupo de Alimenta\u00e7\u00e3o e desacelera em maio<\/title>\n<meta name=\"description\" content=\"IPC-S desacelera em sua segunda avalia\u00e7\u00e3o do m\u00eas de maio; \u00cdndice aponta infla\u00e7\u00e3o de 0,42% ante 0,57% da semana anterior. Clique e saiba mais\" \/>\n<meta name=\"robots\" content=\"index, follow, max-snippet:-1, max-image-preview:large, max-video-preview:-1\" \/>\n<link rel=\"canonical\" href=\"https:\/\/www.suno.com.br\/noticias\/ipc-s-desacelera-maio\/\" \/>\n<meta property=\"og:locale\" content=\"pt_BR\" \/>\n<meta property=\"og:type\" content=\"article\" \/>\n<meta property=\"og:title\" content=\"IPC-S \u00e9 influenciado pelo grupo de Alimenta\u00e7\u00e3o e desacelera em maio\" \/>\n<meta property=\"og:description\" content=\"IPC-S desacelera em sua segunda avalia\u00e7\u00e3o do m\u00eas de maio; \u00cdndice aponta infla\u00e7\u00e3o de 0,42% ante 0,57% da semana anterior. Clique e saiba mais\" \/>\n<meta property=\"og:url\" content=\"https:\/\/www.suno.com.br\/noticias\/ipc-s-desacelera-maio\/\" \/>\n<meta property=\"og:site_name\" content=\"Suno Not\u00edcias\" \/>\n<meta property=\"article:publisher\" content=\"https:\/\/facebook.com\/sunoresearch\" \/>\n<meta property=\"og:image\" content=\"https:\/\/files.sunoresearch.com.br\/n\/uploads\/2019\/05\/7c60326e-ipc-s.jpg\" \/>\n\t<meta property=\"og:image:width\" content=\"1024\" \/>\n\t<meta property=\"og:image:height\" content=\"768\" \/>\n\t<meta property=\"og:image:type\" content=\"image\/jpeg\" \/>\n<meta name=\"author\" content=\"Renan Bandeira\" \/>\n<meta name=\"twitter:card\" content=\"summary_large_image\" \/>\n<meta name=\"twitter:creator\" content=\"@sunoresearch\" \/>\n<meta name=\"twitter:site\" content=\"@sunoresearch\" \/>\n<meta name=\"twitter:label1\" content=\"Escrito por\" \/>\n\t<meta name=\"twitter:data1\" content=\"Renan Bandeira\" \/>\n\t<meta name=\"twitter:label2\" content=\"Est. tempo de leitura\" \/>\n\t<meta name=\"twitter:data2\" content=\"2 minutos\" \/>\n<script type=\"application\/ld+json\" class=\"yoast-schema-graph\">{\"@context\":\"https:\/\/schema.org\",\"@graph\":[{\"@type\":\"NewsArticle\",\"@id\":\"https:\/\/www.suno.com.br\/noticias\/ipc-s-desacelera-maio\/#article\",\"isPartOf\":{\"@id\":\"https:\/\/www.suno.com.br\/noticias\/ipc-s-desacelera-maio\/\"},\"author\":{\"name\":\"Renan Bandeira\",\"@id\":\"https:\/\/www.suno.com.br\/noticias\/#\/schema\/person\/fc144a1c6108bd1dcd43784e88a3c138\"},\"headline\":\"IPC-S \u00e9 influenciado pelo grupo de Alimenta\u00e7\u00e3o e desacelera em maio\",\"datePublished\":\"2019-05-16T12:58:19+00:00\",\"mainEntityOfPage\":{\"@id\":\"https:\/\/www.suno.com.br\/noticias\/ipc-s-desacelera-maio\/\"},\"wordCount\":424,\"publisher\":{\"@id\":\"https:\/\/www.suno.com.br\/noticias\/#organization\"},\"image\":{\"@id\":\"https:\/\/www.suno.com.br\/noticias\/ipc-s-desacelera-maio\/#primaryimage\"},\"thumbnailUrl\":\"https:\/\/files.sunoresearch.com.br\/n\/uploads\/2019\/05\/7c60326e-ipc-s-jpg.webp\",\"keywords\":[\"infla\u00e7\u00e3o\",\"IPC-S\"],\"articleSection\":[\"Economia\"],\"inLanguage\":\"pt-BR\"},{\"@type\":\"WebPage\",\"@id\":\"https:\/\/www.suno.com.br\/noticias\/ipc-s-desacelera-maio\/\",\"url\":\"https:\/\/www.suno.com.br\/noticias\/ipc-s-desacelera-maio\/\",\"name\":\"IPC-S \u00e9 influenciado pelo grupo de Alimenta\u00e7\u00e3o e desacelera em maio\",\"isPartOf\":{\"@id\":\"https:\/\/www.suno.com.br\/noticias\/#website\"},\"primaryImageOfPage\":{\"@id\":\"https:\/\/www.suno.com.br\/noticias\/ipc-s-desacelera-maio\/#primaryimage\"},\"image\":{\"@id\":\"https:\/\/www.suno.com.br\/noticias\/ipc-s-desacelera-maio\/#primaryimage\"},\"thumbnailUrl\":\"https:\/\/files.sunoresearch.com.br\/n\/uploads\/2019\/05\/7c60326e-ipc-s-jpg.webp\",\"datePublished\":\"2019-05-16T12:58:19+00:00\",\"description\":\"IPC-S desacelera em sua segunda avalia\u00e7\u00e3o do m\u00eas de maio; \u00cdndice aponta infla\u00e7\u00e3o de 0,42% ante 0,57% da semana anterior. Clique e saiba mais\",\"breadcrumb\":{\"@id\":\"https:\/\/www.suno.com.br\/noticias\/ipc-s-desacelera-maio\/#breadcrumb\"},\"inLanguage\":\"pt-BR\",\"potentialAction\":[{\"@type\":\"ReadAction\",\"target\":[\"https:\/\/www.suno.com.br\/noticias\/ipc-s-desacelera-maio\/\"]}]},{\"@type\":\"ImageObject\",\"inLanguage\":\"pt-BR\",\"@id\":\"https:\/\/www.suno.com.br\/noticias\/ipc-s-desacelera-maio\/#primaryimage\",\"url\":\"https:\/\/files.sunoresearch.com.br\/n\/uploads\/2019\/05\/7c60326e-ipc-s-jpg.webp\",\"contentUrl\":\"https:\/\/files.sunoresearch.com.br\/n\/uploads\/2019\/05\/7c60326e-ipc-s-jpg.webp\",\"width\":1024,\"height\":768,\"caption\":\"IPC-S \u00e9 influenciado pelo grupo de Alimenta\u00e7\u00e3o e desacelera em maio\"},{\"@type\":\"BreadcrumbList\",\"@id\":\"https:\/\/www.suno.com.br\/noticias\/ipc-s-desacelera-maio\/#breadcrumb\",\"itemListElement\":[{\"@type\":\"ListItem\",\"position\":1,\"name\":\"Not\u00edcias\",\"item\":\"https:\/\/www.suno.com.br\/noticias\/\"},{\"@type\":\"ListItem\",\"position\":2,\"name\":\"Economia\",\"item\":\"https:\/\/www.suno.com.br\/noticias\/economia\/\"},{\"@type\":\"ListItem\",\"position\":3,\"name\":\"IPC-S \u00e9 influenciado pelo grupo de Alimenta\u00e7\u00e3o e desacelera em maio\"}]},{\"@type\":\"WebSite\",\"@id\":\"https:\/\/www.suno.com.br\/noticias\/#website\",\"url\":\"https:\/\/www.suno.com.br\/noticias\/\",\"name\":\"Suno Not\u00edcias\",\"description\":\"Seu portal de informa\u00e7\u00e3o sobre o mundo dos investimentos\",\"publisher\":{\"@id\":\"https:\/\/www.suno.com.br\/noticias\/#organization\"},\"potentialAction\":[{\"@type\":\"SearchAction\",\"target\":{\"@type\":\"EntryPoint\",\"urlTemplate\":\"https:\/\/www.suno.com.br\/noticias\/?s={search_term_string}\"},\"query-input\":{\"@type\":\"PropertyValueSpecification\",\"valueRequired\":true,\"valueName\":\"search_term_string\"}}],\"inLanguage\":\"pt-BR\"},{\"@type\":\"Organization\",\"@id\":\"https:\/\/www.suno.com.br\/noticias\/#organization\",\"name\":\"Suno Not\u00edcias\",\"url\":\"https:\/\/www.suno.com.br\/noticias\/\",\"logo\":{\"@type\":\"ImageObject\",\"inLanguage\":\"pt-BR\",\"@id\":\"https:\/\/www.suno.com.br\/noticias\/#\/schema\/logo\/image\/\",\"url\":\"https:\/\/files.sunoresearch.com.br\/n\/uploads\/2021\/09\/suno-logo.png\",\"contentUrl\":\"https:\/\/files.sunoresearch.com.br\/n\/uploads\/2021\/09\/suno-logo.png\",\"width\":180,\"height\":180,\"caption\":\"Suno Not\u00edcias\"},\"image\":{\"@id\":\"https:\/\/www.suno.com.br\/noticias\/#\/schema\/logo\/image\/\"},\"sameAs\":[\"https:\/\/facebook.com\/sunoresearch\",\"https:\/\/x.com\/sunoresearch\",\"https:\/\/www.instagram.com\/suno\",\"https:\/\/www.linkedin.com\/company\/suno-research\/\",\"https:\/\/www.youtube.com\/c\/sunoresearch\"]},{\"@type\":\"Person\",\"@id\":\"https:\/\/www.suno.com.br\/noticias\/#\/schema\/person\/fc144a1c6108bd1dcd43784e88a3c138\",\"name\":\"Renan Bandeira\",\"image\":{\"@type\":\"ImageObject\",\"inLanguage\":\"pt-BR\",\"@id\":\"https:\/\/www.suno.com.br\/noticias\/#\/schema\/person\/image\/\",\"url\":\"https:\/\/secure.gravatar.com\/avatar\/68359cdb608f14f11bbefcb78f3fc747?s=96&r=g\",\"contentUrl\":\"https:\/\/secure.gravatar.com\/avatar\/68359cdb608f14f11bbefcb78f3fc747?s=96&r=g\",\"caption\":\"Renan Bandeira\"},\"description\":\"Renan Bandeira escreve sobre pol\u00edtica e economia para o portal da Suno Research. Antes da Suno, trabalhou em uma rede de televis\u00e3o, onde fazia reportagens sobre os mesmos temas. Estuda na Universidade Metodista de S\u00e3o Paulo.\",\"url\":\"https:\/\/www.suno.com.br\/noticias\/author\/renan-bandeira\/\"}]}<\/script>\n<!-- \/ Yoast SEO plugin. -->","yoast_head_json":{"title":"IPC-S \u00e9 influenciado pelo grupo de Alimenta\u00e7\u00e3o e desacelera em maio","description":"IPC-S desacelera em sua segunda avalia\u00e7\u00e3o do m\u00eas de maio; \u00cdndice aponta infla\u00e7\u00e3o de 0,42% ante 0,57% da semana anterior. Clique e saiba mais","robots":{"index":"index","follow":"follow","max-snippet":"max-snippet:-1","max-image-preview":"max-image-preview:large","max-video-preview":"max-video-preview:-1"},"canonical":"https:\/\/www.suno.com.br\/noticias\/ipc-s-desacelera-maio\/","og_locale":"pt_BR","og_type":"article","og_title":"IPC-S \u00e9 influenciado pelo grupo de Alimenta\u00e7\u00e3o e desacelera em maio","og_description":"IPC-S desacelera em sua segunda avalia\u00e7\u00e3o do m\u00eas de maio; \u00cdndice aponta infla\u00e7\u00e3o de 0,42% ante 0,57% da semana anterior. Clique e saiba mais","og_url":"https:\/\/www.suno.com.br\/noticias\/ipc-s-desacelera-maio\/","og_site_name":"Suno Not\u00edcias","article_publisher":"https:\/\/facebook.com\/sunoresearch","og_image":[{"width":1024,"height":768,"url":"https:\/\/files.sunoresearch.com.br\/n\/uploads\/2019\/05\/7c60326e-ipc-s.jpg","type":"image\/jpeg"}],"author":"Renan Bandeira","twitter_card":"summary_large_image","twitter_creator":"@sunoresearch","twitter_site":"@sunoresearch","twitter_misc":{"Escrito por":"Renan Bandeira","Est. tempo de leitura":"2 minutos"},"schema":{"@context":"https:\/\/schema.org","@graph":[{"@type":"NewsArticle","@id":"https:\/\/www.suno.com.br\/noticias\/ipc-s-desacelera-maio\/#article","isPartOf":{"@id":"https:\/\/www.suno.com.br\/noticias\/ipc-s-desacelera-maio\/"},"author":{"name":"Renan Bandeira","@id":"https:\/\/www.suno.com.br\/noticias\/#\/schema\/person\/fc144a1c6108bd1dcd43784e88a3c138"},"headline":"IPC-S \u00e9 influenciado pelo grupo de Alimenta\u00e7\u00e3o e desacelera em maio","datePublished":"2019-05-16T12:58:19+00:00","mainEntityOfPage":{"@id":"https:\/\/www.suno.com.br\/noticias\/ipc-s-desacelera-maio\/"},"wordCount":424,"publisher":{"@id":"https:\/\/www.suno.com.br\/noticias\/#organization"},"image":{"@id":"https:\/\/www.suno.com.br\/noticias\/ipc-s-desacelera-maio\/#primaryimage"},"thumbnailUrl":"https:\/\/files.sunoresearch.com.br\/n\/uploads\/2019\/05\/7c60326e-ipc-s-jpg.webp","keywords":["infla\u00e7\u00e3o","IPC-S"],"articleSection":["Economia"],"inLanguage":"pt-BR"},{"@type":"WebPage","@id":"https:\/\/www.suno.com.br\/noticias\/ipc-s-desacelera-maio\/","url":"https:\/\/www.suno.com.br\/noticias\/ipc-s-desacelera-maio\/","name":"IPC-S \u00e9 influenciado pelo grupo de Alimenta\u00e7\u00e3o e desacelera em maio","isPartOf":{"@id":"https:\/\/www.suno.com.br\/noticias\/#website"},"primaryImageOfPage":{"@id":"https:\/\/www.suno.com.br\/noticias\/ipc-s-desacelera-maio\/#primaryimage"},"image":{"@id":"https:\/\/www.suno.com.br\/noticias\/ipc-s-desacelera-maio\/#primaryimage"},"thumbnailUrl":"https:\/\/files.sunoresearch.com.br\/n\/uploads\/2019\/05\/7c60326e-ipc-s-jpg.webp","datePublished":"2019-05-16T12:58:19+00:00","description":"IPC-S desacelera em sua segunda avalia\u00e7\u00e3o do m\u00eas de maio; \u00cdndice aponta infla\u00e7\u00e3o de 0,42% ante 0,57% da semana anterior. Clique e saiba mais","breadcrumb":{"@id":"https:\/\/www.suno.com.br\/noticias\/ipc-s-desacelera-maio\/#breadcrumb"},"inLanguage":"pt-BR","potentialAction":[{"@type":"ReadAction","target":["https:\/\/www.suno.com.br\/noticias\/ipc-s-desacelera-maio\/"]}]},{"@type":"ImageObject","inLanguage":"pt-BR","@id":"https:\/\/www.suno.com.br\/noticias\/ipc-s-desacelera-maio\/#primaryimage","url":"https:\/\/files.sunoresearch.com.br\/n\/uploads\/2019\/05\/7c60326e-ipc-s-jpg.webp","contentUrl":"https:\/\/files.sunoresearch.com.br\/n\/uploads\/2019\/05\/7c60326e-ipc-s-jpg.webp","width":1024,"height":768,"caption":"IPC-S \u00e9 influenciado pelo grupo de Alimenta\u00e7\u00e3o e desacelera em maio"},{"@type":"BreadcrumbList","@id":"https:\/\/www.suno.com.br\/noticias\/ipc-s-desacelera-maio\/#breadcrumb","itemListElement":[{"@type":"ListItem","position":1,"name":"Not\u00edcias","item":"https:\/\/www.suno.com.br\/noticias\/"},{"@type":"ListItem","position":2,"name":"Economia","item":"https:\/\/www.suno.com.br\/noticias\/economia\/"},{"@type":"ListItem","position":3,"name":"IPC-S \u00e9 influenciado pelo grupo de Alimenta\u00e7\u00e3o e desacelera em maio"}]},{"@type":"WebSite","@id":"https:\/\/www.suno.com.br\/noticias\/#website","url":"https:\/\/www.suno.com.br\/noticias\/","name":"Suno Not\u00edcias","description":"Seu portal de informa\u00e7\u00e3o sobre o mundo dos investimentos","publisher":{"@id":"https:\/\/www.suno.com.br\/noticias\/#organization"},"potentialAction":[{"@type":"SearchAction","target":{"@type":"EntryPoint","urlTemplate":"https:\/\/www.suno.com.br\/noticias\/?s={search_term_string}"},"query-input":{"@type":"PropertyValueSpecification","valueRequired":true,"valueName":"search_term_string"}}],"inLanguage":"pt-BR"},{"@type":"Organization","@id":"https:\/\/www.suno.com.br\/noticias\/#organization","name":"Suno Not\u00edcias","url":"https:\/\/www.suno.com.br\/noticias\/","logo":{"@type":"ImageObject","inLanguage":"pt-BR","@id":"https:\/\/www.suno.com.br\/noticias\/#\/schema\/logo\/image\/","url":"https:\/\/files.sunoresearch.com.br\/n\/uploads\/2021\/09\/suno-logo.png","contentUrl":"https:\/\/files.sunoresearch.com.br\/n\/uploads\/2021\/09\/suno-logo.png","width":180,"height":180,"caption":"Suno Not\u00edcias"},"image":{"@id":"https:\/\/www.suno.com.br\/noticias\/#\/schema\/logo\/image\/"},"sameAs":["https:\/\/facebook.com\/sunoresearch","https:\/\/x.com\/sunoresearch","https:\/\/www.instagram.com\/suno","https:\/\/www.linkedin.com\/company\/suno-research\/","https:\/\/www.youtube.com\/c\/sunoresearch"]},{"@type":"Person","@id":"https:\/\/www.suno.com.br\/noticias\/#\/schema\/person\/fc144a1c6108bd1dcd43784e88a3c138","name":"Renan Bandeira","image":{"@type":"ImageObject","inLanguage":"pt-BR","@id":"https:\/\/www.suno.com.br\/noticias\/#\/schema\/person\/image\/","url":"https:\/\/secure.gravatar.com\/avatar\/68359cdb608f14f11bbefcb78f3fc747?s=96&r=g","contentUrl":"https:\/\/secure.gravatar.com\/avatar\/68359cdb608f14f11bbefcb78f3fc747?s=96&r=g","caption":"Renan Bandeira"},"description":"Renan Bandeira escreve sobre pol\u00edtica e economia para o portal da Suno Research. Antes da Suno, trabalhou em uma rede de televis\u00e3o, onde fazia reportagens sobre os mesmos temas. Estuda na Universidade Metodista de S\u00e3o Paulo.","url":"https:\/\/www.suno.com.br\/noticias\/author\/renan-bandeira\/"}]}},"default_loop_html":"<div class=\"cardsPage__listCard__boxs\"><div class=\"cardsPage__listCard__boxs__img\"><a href=\"https:\/\/www.suno.com.br\/noticias\/ipc-s-desacelera-maio\/\"><img class=\"mask\" src=\"https:\/\/www.suno.com.br\/noticias\/wp-content\/themes\/suno\/resources\/images\/spotlight\/spotlight1img\/bg-mask.png\" alt=\"Image Mask\"\/><img src=\"https:\/\/files.sunoresearch.com.br\/n\/uploads\/2019\/05\/7c60326e-ipc-s-400x200.webp\" alt=\"IPC-S \u00e9 influenciado pelo grupo de Alimenta\u00e7\u00e3o e desacelera em maio\"\/><\/a><span class=\"spotlightCategory\"><a href=\"https:\/\/www.suno.com.br\/noticias\/economia\/\">Economia<\/a><\/span><\/div><div class=\"cardsPage__listCard__boxs__content\"><a href=\"https:\/\/www.suno.com.br\/noticias\/ipc-s-desacelera-maio\/\"><h2 class=\"content__title\">IPC-S \u00e9 influenciado pelo grupo de Alimenta\u00e7\u00e3o e desacelera em maio<\/h2><\/a><div class=\"newsContent__article__meta\"><div class=\"newsContent__article__meta__authorBox\"><a href=\"https:\/\/www.suno.com.br\/noticias\/author\/renan-bandeira\/\" class=\"authorBox__avatar noMobi\"><img src=\"https:\/\/secure.gravatar.com\/avatar\/68359cdb608f14f11bbefcb78f3fc747?s=96&#038;r=g\" alt=\"Renan Bandeira\"><\/a><div class=\"authorBox__name\"><span>por\n\t\t\t<a href=\"https:\/\/www.suno.com.br\/noticias\/author\/renan-bandeira\/\"><span itemprop=\"author\">Renan Bandeira<\/span><\/a><\/span><time datetime=\"2019-05-16T09:58:19-03:00\" itemprop=\"datePublished\">16\/05\/2019 09:58<\/time><\/div><\/div><\/div><\/div><\/div>","single_layout":"posts","amp_enabled":true,"_links":{"self":[{"href":"https:\/\/www.suno.com.br\/noticias\/wp-json\/wp\/v2\/posts\/24751"}],"collection":[{"href":"https:\/\/www.suno.com.br\/noticias\/wp-json\/wp\/v2\/posts"}],"about":[{"href":"https:\/\/www.suno.com.br\/noticias\/wp-json\/wp\/v2\/types\/post"}],"author":[{"embeddable":true,"href":"https:\/\/www.suno.com.br\/noticias\/wp-json\/wp\/v2\/users\/11"}],"replies":[{"embeddable":true,"href":"https:\/\/www.suno.com.br\/noticias\/wp-json\/wp\/v2\/comments?post=24751"}],"version-history":[{"count":0,"href":"https:\/\/www.suno.com.br\/noticias\/wp-json\/wp\/v2\/posts\/24751\/revisions"}],"wp:featuredmedia":[{"embeddable":true,"href":"https:\/\/www.suno.com.br\/noticias\/wp-json\/wp\/v2\/media\/24760"}],"wp:attachment":[{"href":"https:\/\/www.suno.com.br\/noticias\/wp-json\/wp\/v2\/media?parent=24751"}],"wp:term":[{"taxonomy":"category","embeddable":true,"href":"https:\/\/www.suno.com.br\/noticias\/wp-json\/wp\/v2\/categories?post=24751"},{"taxonomy":"post_tag","embeddable":true,"href":"https:\/\/www.suno.com.br\/noticias\/wp-json\/wp\/v2\/tags?post=24751"},{"taxonomy":"suno_strategy","embeddable":true,"href":"https:\/\/www.suno.com.br\/noticias\/wp-json\/wp\/v2\/suno_strategy?post=24751"}],"curies":[{"name":"wp","href":"https:\/\/api.w.org\/{rel}","templated":true}]}}