{"id":247391,"date":"2022-04-04T08:44:52","date_gmt":"2022-04-04T11:44:52","guid":{"rendered":"https:\/\/www.suno.com.br\/noticias\/?p=247391"},"modified":"2022-04-04T08:50:36","modified_gmt":"2022-04-04T11:50:36","slug":"petrobras-petr4-substituo-landim-conselho-de-administracao","status":"publish","type":"post","link":"https:\/\/www.suno.com.br\/noticias\/petrobras-petr4-substituo-landim-conselho-de-administracao\/","title":{"rendered":"Petrobras (PETR4): Governo busca substituto para Landim no Conselho de Administra\u00e7\u00e3o"},"content":{"rendered":"<p>O Minist\u00e9rio de Minas e Energia, o MME, agora procura outro nome para o <a class=\"suno-keyword\" href=\"https:\/\/www.suno.com.br\/artigos\/conselho-administracao\/\" target=\"_blank\" rel=\"noopener\" data-force=\"no\" data-priority=\"1\">conselho de administra\u00e7\u00e3o<\/a> da <strong>Petrobras<\/strong> (<a href=\"https:\/\/www.suno.com.br\/acoes\/petr4\/\">PETR4<\/a>) depois que o empres\u00e1rio Rodolfo Landim comunicou, na madrugada do domingo (3)<a href=\"https:\/\/www.suno.com.br\/noticias\/petrobras-petr4-rodolfo-landim-flamengo-desiste-de-presidir-conselho-administracao\/\"> que decidiu recusar a indica\u00e7\u00e3o para presidir o colegiado da estatal<\/a>.<\/p>\t<div class=\"wrapper-featured-image\">\n\t\t<figure class=\"spotlightImg\">\n\n\t\t\t<picture>\n\t\t\t\t<source media=\"(max-width: 768px)\" srcset=\"https:\/\/files.sunoresearch.com.br\/n\/uploads\/2022\/03\/rodolfo-landim-agencia-brasil-400x200.jpg\">\n\t\t\t\t<img loading=\"lazy\" decoding=\"async\" class=\"newsContent__article__imgCapa lazyloadDisabled \" src=\"https:\/\/files.sunoresearch.com.br\/n\/uploads\/2022\/03\/rodolfo-landim-agencia-brasil-800x450.jpg\" width=\"800\" height=\"450\" alt=\"Petrobras (PETR4): Governo busca substituto para Landim no Conselho de Administra\u00e7\u00e3o\" fetchpriority=high \/>\n\t\t\t<\/picture>\n\n\t\t\t<figcaption class=\"wp-caption-text wp-caption-text--show\">Rodolfo Landim, indicado para a Petrobras, comanda o Flamengo e era um executivo renomado no setor de \u00f3leo e g\u00e1s - Foto: Tomaz Silva (Ag\u00eancia Brasil)<\/figcaption>\n\t\t<\/figure>\n\t<\/div>\n\n\n\t<p>\n\t\t<a href=\"\" target=\"_blank\" data-element=\"shortcode-suno-banner\" title=\"Banner SUNO, clique e saiba mais\">\n\t\t\t<picture>\n\t\t\t\t<source media=\"(max-width: 500px)\" srcset=\"\">\n\t\t\t\t<img class=\"newsContent__article__imgCapa newsContent__article__imgCapa--banner\"\n\t\t\t\t\tsrc=\"\"\n\t\t\t\t\tdata-promo-id=\"138420\"\t\t\t\t\t\t\t\t\t\t\t\t\t\t\talt=\"\"\n\t\t\t\t>\n\t\t\t<\/picture>\n\t\t<\/a>\n\t<\/p>\n\n\n<p>De acordo com a pasta, a nova indica\u00e7\u00e3o para o <strong>Conselho da Petrobras<\/strong> ser\u00e1 avaliada com a &#8220;responsabilidade que a situa\u00e7\u00e3o requer&#8221;.<\/p>\n<p><strong>Landim<\/strong> havia sido indicado para o cargo em 28 de mar\u00e7o, junto com o nome do economista <a href=\"https:\/\/www.suno.com.br\/noticias\/petrobras-petr4-presidente-adriano-pires-preco-gasolina\/\">Adriano Pires para a presid\u00eancia da estatal.<\/a> Em carta endere\u00e7ada ao minist\u00e9rio, Landim, que tamb\u00e9m \u00e9 presidente do Flamengo, afirma que, &#8220;apesar do tamanho e da import\u00e2ncia da Petrobras para o nosso Pa\u00eds, e da enorme honra para mim em exercer este cargo&#8221;, decidiu abrir m\u00e3o da indica\u00e7\u00e3o e concentrar-se na administra\u00e7\u00e3o do time.<\/p>\n<p>&#8220;Entendo que existiria um risco consider\u00e1vel, caso fosse conduzido \u00e0 presid\u00eancia do conselho da Petrobras, de n\u00e3o conseguir exercer ambas as fun\u00e7\u00f5es com a excel\u00eancia por mim desejada e \u00e0 altura que a Petrobras e o Flamengo merecem&#8221;, escreveu.<\/p>\n\t<p>\n\t\t<a href=\"https:\/\/lp.suno.com.br\/planilha-controle-gastos\/\" target=\"_blank\" data-element=\"shortcode-suno-banner\" title=\"Banner SUNO, clique e saiba mais\">\n\t\t\t<picture>\n\t\t\t\t<source media=\"(max-width: 500px)\" srcset=\"https:\/\/files.sunoresearch.com.br\/n\/uploads\/2023\/03\/400x300-Planilha-controle-de-gastos.png\">\n\t\t\t\t<img class=\"newsContent__article__imgCapa newsContent__article__imgCapa--banner\"\n\t\t\t\t\tsrc=\"https:\/\/files.sunoresearch.com.br\/n\/uploads\/2023\/03\/1420x240-Planilha-controle-de-gastos.png\"\n\t\t\t\t\tdata-promo-id=\"101751\"\t\t\t\t\t\t\t\t\t\twidth='1420' height='240'\t\t\t\t\talt=\"https:\/\/files.sunoresearch.com.br\/n\/uploads\/2023\/03\/1420x240-Planilha-controle-de-gastos.png\"\n\t\t\t\t>\n\t\t\t<\/picture>\n\t\t<\/a>\n\t<\/p>\n\n\n<p>Ex-funcion\u00e1rio de carreira da Petrobras, ele presidiu a antiga BR Distribuidora (agora Vibra Energia), de 2003 a 2006, no governo Lula.<\/p>\n<p>Deixou<a href=\"https:\/\/www.suno.com.br\/artigos\/estatal-so-se-for-de-graca\/\"> a estatal para assumir<\/a> cargos de lideran\u00e7a nas empresas do Grupo X, de <a class=\"suno-keyword\" href=\"https:\/\/www.suno.com.br\/tudo-sobre\/eike-batista\/\" target=\"_blank\" rel=\"noopener\" data-force=\"no\" data-priority=\"2\">Eike Batista<\/a>, com quem tem uma longa rixa, inclusive na Justi\u00e7a. Em carreira solo, criou sua pr\u00f3pria petrol\u00edfera, a Ouro Preto, vendida em 2020.<\/p>\n<p>A desist\u00eancia de Landim elevou ainda mais a temperatura em torno da troca de<strong> comando na Petrobras<\/strong>, depois que o presidente Jair Bolsonaro (PL) demitiu o general da reserva <a href=\"https:\/\/www.suno.com.br\/noticias\/petrobras-petr4-cvm-abre-processo-demissao-silva-e-luna\/\"><strong>Joaquim Silva e Luna<\/strong> da presid\u00eancia da estatal<\/a>.<\/p>\n<h2>Conflito de interesses na Petrobras<\/h2>\n<p>\u00c9 que <strong>Pires<\/strong>, indicado para o cargo, j\u00e1 tem seu nome contestado pelo Minist\u00e9rio P\u00fablico junto ao<a href=\"https:\/\/portal.tcu.gov.br\/inicio\/\"> Tribunal de Contas da Uni\u00e3o (TCU)<\/a> por suposto conflito de interesses.<\/p>\n<p>Em representa\u00e7\u00e3o, o subprocurador-geral do MP-TCU Lucas Rocha Furtado afirmou ter identificado problemas, &#8220;tendo em vista sua (de Pires) atua\u00e7\u00e3o na <a class=\"suno-keyword\" href=\"https:\/\/www.suno.com.br\/artigos\/iniciativa-privada\/\" target=\"_blank\" rel=\"noopener\" data-force=\"no\" data-priority=\"1\">iniciativa privada<\/a>, a lan\u00e7ar d\u00favidas sobre a possibilidade \u00e9tica e legal de vir a assumir a presid\u00eancia da Petrobras&#8221;.<\/p>\n<p>Segundo Furtado, Pires &#8220;mant\u00e9m rela\u00e7\u00f5es econ\u00f4micas de car\u00e1ter privado com diversas empresas nacionais e internacionais que se relacionam com a Petrobras, inclusive concorrentes diretas da estatal no mercado internacional&#8221;.<\/p>\n\t<p>\n\t\t<a href=\"https:\/\/lp.suno.com.br\/planilha-da-vida-financeira\/\" target=\"_blank\" data-element=\"shortcode-suno-banner\" title=\"Banner SUNO, clique e saiba mais\">\n\t\t\t<picture>\n\t\t\t\t<source media=\"(max-width: 500px)\" srcset=\"https:\/\/files.sunoresearch.com.br\/n\/uploads\/2023\/04\/400x300-Planilha-vida-financeira-true.png\">\n\t\t\t\t<img class=\"newsContent__article__imgCapa newsContent__article__imgCapa--banner\"\n\t\t\t\t\tsrc=\"https:\/\/files.sunoresearch.com.br\/n\/uploads\/2023\/04\/1420x240-Planilha-vida-financeira-true.png\"\n\t\t\t\t\tdata-promo-id=\"106682\"\t\t\t\t\t\t\t\t\t\twidth='1420' height='240'\t\t\t\t\talt=\"https:\/\/files.sunoresearch.com.br\/n\/uploads\/2023\/04\/1420x240-Planilha-vida-financeira-true.png\"\n\t\t\t\t>\n\t\t\t<\/picture>\n\t\t<\/a>\n\t<\/p>\n\n\n<p><a href=\"https:\/\/www.suno.com.br\/noticias\/bolsonaro-demissao-presidente-petrobras-petr4-jornal\/\">Entre as quest\u00f5es para que o economista seja efetivado no cargo<\/a>, estaria a necessidade de desligamento compuls\u00f3rio do Centro Brasileiro de Infraestrutura (CBIE), empresa que \u00e9 comandada por seu filho, Pedro Pires.<\/p>\n<p>A legisla\u00e7\u00e3o brasileira \u00e9 clara ao dizer que um executivo da estatal n\u00e3o pode ter parentesco com outra pessoa que atue no mercado e que possa ser considerado um concorrente.<\/p>\n<p>Al\u00e9m disso, tamb\u00e9m h\u00e1 a rela\u00e7\u00e3o da CBIE com empresas dos setores de energia e \u00f3leo e g\u00e1s.<\/p>\n<p>Entre elas, a Associa\u00e7\u00e3o Brasileira das Empresas Distribuidoras de G\u00e1s Canalizado (Abeg\u00e1s), que tem como associadas empresas concession\u00e1rias dos servi\u00e7os de distribui\u00e7\u00e3o de g\u00e1s canalizado, e grandes empresas como Exxon Mobil, Shell, Braskem, Chevron, Ipiranga, CPFL Energia, Eneva, Engie e outras de diferentes segmentos.<\/p>\n\t<p>\n\t\t<a href=\"https:\/\/lp.suno.com.br\/ebook-como-analisar-uma-acao\/\" target=\"_blank\" data-element=\"shortcode-suno-banner\" title=\"Banner SUNO, clique e saiba mais\">\n\t\t\t<picture>\n\t\t\t\t<source media=\"(max-width: 500px)\" srcset=\"https:\/\/files.sunoresearch.com.br\/n\/uploads\/2023\/03\/Ebook-Acoes-Mobile-1.jpg\">\n\t\t\t\t<img class=\"newsContent__article__imgCapa newsContent__article__imgCapa--banner\"\n\t\t\t\t\tsrc=\"https:\/\/files.sunoresearch.com.br\/n\/uploads\/2023\/03\/Ebook-Acoes-Desktop-1.jpg\"\n\t\t\t\t\tdata-promo-id=\"171998\"\t\t\t\t\t\t\t\t\t\twidth='1420' height='286'\t\t\t\t\talt=\"https:\/\/files.sunoresearch.com.br\/n\/uploads\/2023\/03\/Ebook-Acoes-Desktop-1.jpg\"\n\t\t\t\t>\n\t\t\t<\/picture>\n\t\t<\/a>\n\t<\/p>\n\n\n<h3>&#8216;Tr\u00e2mites legais&#8217;<\/h3>\n<p>O Minist\u00e9rio de Minas e Energia afirmou que, desde a semana passada, Pires est\u00e1 cumprindo os &#8220;tr\u00e2mites legais e administrativos&#8221; exigidos para a proposi\u00e7\u00e3o do seu nome \u00e0 <a href=\"https:\/\/www.suno.com.br\/artigos\/assembleia-geral-extraordinaria\/\"><strong>Assembleia<\/strong> Geral Ordin\u00e1ria, marcada para o pr\u00f3ximo dia 13<\/a>.<\/p>\n<p>&#8220;Temos de aguardar todas essas an\u00e1lises e, se tiver algum \u00f3bice, se pode ser superado&#8221;, informou a pasta. Procurado ontem, o economista n\u00e3o retornou \u00e0s chamadas at\u00e9 a conclus\u00e3o desta edi\u00e7\u00e3o.<\/p>\n<p>Depois de contar com um presidente das For\u00e7as Armadas, o <strong>general Silva e Luna<\/strong>, o <strong>governo<\/strong> buscava de volta um nome do mercado para as presid\u00eancias da estatal e de seu conselho.<\/p>\n<p>Luna e seu antecessor, <a class=\"suno-keyword\" href=\"https:\/\/www.suno.com.br\/tudo-sobre\/roberto-castello-branco\/\" target=\"_blank\" rel=\"noopener\" data-force=\"no\" data-priority=\"2\">Roberto Castello Branco<\/a>, acabaram saindo da empresa justamente por diverg\u00eancias com o Pal\u00e1cio do Planalto sobre a pol\u00edtica de pre\u00e7os da <strong>Petrobras<\/strong>. Silva e Luna afirmou que &#8220;\u00e9 muito mais f\u00e1cil encontrar um culpado do que uma solu\u00e7\u00e3o&#8221; e desejou &#8220;sorte&#8221; a seu sucessor.<\/p>\n<p class=\"newsProviderSignature\">Com Estad\u00e3o Conte\u00fado<\/p>\n\t<p>\n\t\t<a href=\"https:\/\/lp.suno.com.br\/planilha-de-controle-de-investimentos\/\" target=\"_blank\" data-element=\"shortcode-suno-banner\" title=\"Banner SUNO, clique e saiba mais\">\n\t\t\t<picture>\n\t\t\t\t<source media=\"(max-width: 500px)\" srcset=\"https:\/\/files.sunoresearch.com.br\/n\/uploads\/2023\/03\/400x300-Controle-de-Investimentos.png\">\n\t\t\t\t<img class=\"newsContent__article__imgCapa newsContent__article__imgCapa--banner\"\n\t\t\t\t\tsrc=\"https:\/\/files.sunoresearch.com.br\/n\/uploads\/2023\/03\/1420x240-Controle-de-Investimentos.png\"\n\t\t\t\t\tdata-promo-id=\"75934\"\t\t\t\t\t\t\t\t\t\twidth='1420' height='240'\t\t\t\t\talt=\"https:\/\/files.sunoresearch.com.br\/n\/uploads\/2023\/03\/1420x240-Controle-de-Investimentos.png\"\n\t\t\t\t>\n\t\t\t<\/picture>\n\t\t<\/a>\n\t<\/p>\n\n\n","protected":false},"excerpt":{"rendered":"<p>O Minist\u00e9rio de Minas e Energia, o MME, agora procura outro nome para o conselho de administra\u00e7\u00e3o da Petrobras (PETR4) depois que o empres\u00e1rio Rodolfo Landim comunicou, na madrugada do domingo (3) que decidiu recusar a indica\u00e7\u00e3o para presidir o colegiado da estatal. Rodolfo Landim, indicado para a Petrobras, comanda o Flamengo e era um [&hellip;]<\/p>\n","protected":false},"author":73,"featured_media":238200,"comment_status":"closed","ping_status":"closed","sticky":false,"template":"","format":"standard","meta":[],"categories":[64],"tags":[106444,2721,105988,595],"suno_strategy":[],"class_list":["post-247391","post","type-post","status-publish","format-standard","has-post-thumbnail","hentry","category-negocios","tag-agencias","tag-conselho-de-administracao","tag-joaquim-silva-e-luna","tag-petrobras-petr4"],"yoast_head":"<!-- This site is optimized with the Yoast SEO plugin v24.4 - https:\/\/yoast.com\/wordpress\/plugins\/seo\/ -->\n<title>Petrobras (PETR4): Governo busca substituto para Landim no Conselho de Administra\u00e7\u00e3o<\/title>\n<meta name=\"description\" content=\"O empres\u00e1rio desistiu de presidir o conselho da Petrobras neste domingo e teve indica\u00e7\u00e3o em conjunto com Pires. Clique aqui leia mais.\" \/>\n<meta name=\"robots\" content=\"index, follow, max-snippet:-1, max-image-preview:large, max-video-preview:-1\" \/>\n<link rel=\"canonical\" href=\"https:\/\/www.suno.com.br\/noticias\/petrobras-petr4-substituo-landim-conselho-de-administracao\/\" \/>\n<meta property=\"og:locale\" content=\"pt_BR\" \/>\n<meta property=\"og:type\" content=\"article\" \/>\n<meta property=\"og:title\" content=\"Petrobras (PETR4): Governo busca substituto para Landim no Conselho de Administra\u00e7\u00e3o\" \/>\n<meta property=\"og:description\" content=\"O empres\u00e1rio desistiu de presidir o conselho da Petrobras neste domingo e teve indica\u00e7\u00e3o em conjunto com Pires. Clique aqui leia mais.\" \/>\n<meta property=\"og:url\" content=\"https:\/\/www.suno.com.br\/noticias\/petrobras-petr4-substituo-landim-conselho-de-administracao\/\" \/>\n<meta property=\"og:site_name\" content=\"Suno Not\u00edcias\" \/>\n<meta property=\"article:publisher\" content=\"https:\/\/facebook.com\/sunoresearch\" \/>\n<meta property=\"og:image\" content=\"https:\/\/files.sunoresearch.com.br\/n\/uploads\/2022\/03\/rodolfo-landim-agencia-brasil.jpg\" \/>\n\t<meta property=\"og:image:width\" content=\"1350\" \/>\n\t<meta property=\"og:image:height\" content=\"808\" \/>\n\t<meta property=\"og:image:type\" content=\"image\/jpeg\" \/>\n<meta name=\"author\" content=\"Eduardo Vargas\" \/>\n<meta name=\"twitter:card\" content=\"summary_large_image\" \/>\n<meta name=\"twitter:creator\" content=\"@sunoresearch\" \/>\n<meta name=\"twitter:site\" content=\"@sunoresearch\" \/>\n<meta name=\"twitter:label1\" content=\"Escrito por\" \/>\n\t<meta name=\"twitter:data1\" content=\"Eduardo Vargas\" \/>\n\t<meta name=\"twitter:label2\" content=\"Est. tempo de leitura\" \/>\n\t<meta name=\"twitter:data2\" content=\"4 minutos\" \/>\n<script type=\"application\/ld+json\" class=\"yoast-schema-graph\">{\"@context\":\"https:\/\/schema.org\",\"@graph\":[{\"@type\":\"NewsArticle\",\"@id\":\"https:\/\/www.suno.com.br\/noticias\/petrobras-petr4-substituo-landim-conselho-de-administracao\/#article\",\"isPartOf\":{\"@id\":\"https:\/\/www.suno.com.br\/noticias\/petrobras-petr4-substituo-landim-conselho-de-administracao\/\"},\"author\":{\"name\":\"Eduardo Vargas\",\"@id\":\"https:\/\/www.suno.com.br\/noticias\/#\/schema\/person\/7f4d362bf3518e76090143ae77bb49a5\"},\"headline\":\"Petrobras (PETR4): Governo busca substituto para Landim no Conselho de Administra\u00e7\u00e3o\",\"datePublished\":\"2022-04-04T11:44:52+00:00\",\"dateModified\":\"2022-04-04T11:50:36+00:00\",\"mainEntityOfPage\":{\"@id\":\"https:\/\/www.suno.com.br\/noticias\/petrobras-petr4-substituo-landim-conselho-de-administracao\/\"},\"wordCount\":738,\"publisher\":{\"@id\":\"https:\/\/www.suno.com.br\/noticias\/#organization\"},\"image\":{\"@id\":\"https:\/\/www.suno.com.br\/noticias\/petrobras-petr4-substituo-landim-conselho-de-administracao\/#primaryimage\"},\"thumbnailUrl\":\"https:\/\/files.sunoresearch.com.br\/n\/uploads\/2022\/03\/rodolfo-landim-agencia-brasil.jpg\",\"keywords\":[\"Ag\u00eancias\",\"Conselho de Administra\u00e7\u00e3o\",\"Joaquim Silva e Luna\",\"Petrobras (PETR4)\"],\"articleSection\":[\"Neg\u00f3cios\"],\"inLanguage\":\"pt-BR\"},{\"@type\":\"WebPage\",\"@id\":\"https:\/\/www.suno.com.br\/noticias\/petrobras-petr4-substituo-landim-conselho-de-administracao\/\",\"url\":\"https:\/\/www.suno.com.br\/noticias\/petrobras-petr4-substituo-landim-conselho-de-administracao\/\",\"name\":\"Petrobras (PETR4): Governo busca substituto para Landim no Conselho de Administra\u00e7\u00e3o\",\"isPartOf\":{\"@id\":\"https:\/\/www.suno.com.br\/noticias\/#website\"},\"primaryImageOfPage\":{\"@id\":\"https:\/\/www.suno.com.br\/noticias\/petrobras-petr4-substituo-landim-conselho-de-administracao\/#primaryimage\"},\"image\":{\"@id\":\"https:\/\/www.suno.com.br\/noticias\/petrobras-petr4-substituo-landim-conselho-de-administracao\/#primaryimage\"},\"thumbnailUrl\":\"https:\/\/files.sunoresearch.com.br\/n\/uploads\/2022\/03\/rodolfo-landim-agencia-brasil.jpg\",\"datePublished\":\"2022-04-04T11:44:52+00:00\",\"dateModified\":\"2022-04-04T11:50:36+00:00\",\"description\":\"O empres\u00e1rio desistiu de presidir o conselho da Petrobras neste domingo e teve indica\u00e7\u00e3o em conjunto com Pires. Clique aqui leia mais.\",\"breadcrumb\":{\"@id\":\"https:\/\/www.suno.com.br\/noticias\/petrobras-petr4-substituo-landim-conselho-de-administracao\/#breadcrumb\"},\"inLanguage\":\"pt-BR\",\"potentialAction\":[{\"@type\":\"ReadAction\",\"target\":[\"https:\/\/www.suno.com.br\/noticias\/petrobras-petr4-substituo-landim-conselho-de-administracao\/\"]}]},{\"@type\":\"ImageObject\",\"inLanguage\":\"pt-BR\",\"@id\":\"https:\/\/www.suno.com.br\/noticias\/petrobras-petr4-substituo-landim-conselho-de-administracao\/#primaryimage\",\"url\":\"https:\/\/files.sunoresearch.com.br\/n\/uploads\/2022\/03\/rodolfo-landim-agencia-brasil.jpg\",\"contentUrl\":\"https:\/\/files.sunoresearch.com.br\/n\/uploads\/2022\/03\/rodolfo-landim-agencia-brasil.jpg\",\"width\":1350,\"height\":808,\"caption\":\"Rodolfo Landim, indicado para a Petrobras, comanda o Flamengo e era um executivo renomado no setor de \u00f3leo e g\u00e1s - Foto: Tomaz Silva (Ag\u00eancia Brasil)\"},{\"@type\":\"BreadcrumbList\",\"@id\":\"https:\/\/www.suno.com.br\/noticias\/petrobras-petr4-substituo-landim-conselho-de-administracao\/#breadcrumb\",\"itemListElement\":[{\"@type\":\"ListItem\",\"position\":1,\"name\":\"Not\u00edcias\",\"item\":\"https:\/\/www.suno.com.br\/noticias\/\"},{\"@type\":\"ListItem\",\"position\":2,\"name\":\"Neg\u00f3cios\",\"item\":\"https:\/\/www.suno.com.br\/noticias\/negocios\/\"},{\"@type\":\"ListItem\",\"position\":3,\"name\":\"Petrobras (PETR4): Governo busca substituto para Landim no Conselho de Administra\u00e7\u00e3o\"}]},{\"@type\":\"WebSite\",\"@id\":\"https:\/\/www.suno.com.br\/noticias\/#website\",\"url\":\"https:\/\/www.suno.com.br\/noticias\/\",\"name\":\"Suno Not\u00edcias\",\"description\":\"Seu portal de informa\u00e7\u00e3o sobre o mundo dos investimentos\",\"publisher\":{\"@id\":\"https:\/\/www.suno.com.br\/noticias\/#organization\"},\"potentialAction\":[{\"@type\":\"SearchAction\",\"target\":{\"@type\":\"EntryPoint\",\"urlTemplate\":\"https:\/\/www.suno.com.br\/noticias\/?s={search_term_string}\"},\"query-input\":{\"@type\":\"PropertyValueSpecification\",\"valueRequired\":true,\"valueName\":\"search_term_string\"}}],\"inLanguage\":\"pt-BR\"},{\"@type\":\"Organization\",\"@id\":\"https:\/\/www.suno.com.br\/noticias\/#organization\",\"name\":\"Suno Not\u00edcias\",\"url\":\"https:\/\/www.suno.com.br\/noticias\/\",\"logo\":{\"@type\":\"ImageObject\",\"inLanguage\":\"pt-BR\",\"@id\":\"https:\/\/www.suno.com.br\/noticias\/#\/schema\/logo\/image\/\",\"url\":\"https:\/\/files.sunoresearch.com.br\/n\/uploads\/2021\/09\/suno-logo.png\",\"contentUrl\":\"https:\/\/files.sunoresearch.com.br\/n\/uploads\/2021\/09\/suno-logo.png\",\"width\":180,\"height\":180,\"caption\":\"Suno Not\u00edcias\"},\"image\":{\"@id\":\"https:\/\/www.suno.com.br\/noticias\/#\/schema\/logo\/image\/\"},\"sameAs\":[\"https:\/\/facebook.com\/sunoresearch\",\"https:\/\/x.com\/sunoresearch\",\"https:\/\/www.instagram.com\/suno\",\"https:\/\/www.linkedin.com\/company\/suno-research\/\",\"https:\/\/www.youtube.com\/c\/sunoresearch\"]},{\"@type\":\"Person\",\"@id\":\"https:\/\/www.suno.com.br\/noticias\/#\/schema\/person\/7f4d362bf3518e76090143ae77bb49a5\",\"name\":\"Eduardo Vargas\",\"image\":{\"@type\":\"ImageObject\",\"inLanguage\":\"pt-BR\",\"@id\":\"https:\/\/www.suno.com.br\/noticias\/#\/schema\/person\/image\/\",\"url\":\"https:\/\/secure.gravatar.com\/avatar\/dac340933427a22924c9f99d1eb2e3f2?s=96&r=g\",\"contentUrl\":\"https:\/\/secure.gravatar.com\/avatar\/dac340933427a22924c9f99d1eb2e3f2?s=96&r=g\",\"caption\":\"Eduardo Vargas\"},\"description\":\"Jornalista formado pela UFSC, cobre macroeconomia, neg\u00f3cios e startups para o Suno Not\u00edcias, escrevendo principalmente not\u00edcias sobre o mercado financeiro e a bolsa de valores. No YouTube e no Instagram, \u00e9 respons\u00e1vel pela produ\u00e7\u00e3o de Reels e Shorts do Suno Not\u00edcias. Anteriormente, trabalhou cobrindo economia e cotidiano no ND+ e para o ND, maior jornal impresso de Santa Catarina. Cursou um semestre letivo de Estudos de M\u00eddia na Universidad de Buenos Aires.\",\"url\":\"https:\/\/www.suno.com.br\/noticias\/author\/eduardo-vargas\/\"}]}<\/script>\n<!-- \/ Yoast SEO plugin. -->","yoast_head_json":{"title":"Petrobras (PETR4): Governo busca substituto para Landim no Conselho de Administra\u00e7\u00e3o","description":"O empres\u00e1rio desistiu de presidir o conselho da Petrobras neste domingo e teve indica\u00e7\u00e3o em conjunto com Pires. Clique aqui leia mais.","robots":{"index":"index","follow":"follow","max-snippet":"max-snippet:-1","max-image-preview":"max-image-preview:large","max-video-preview":"max-video-preview:-1"},"canonical":"https:\/\/www.suno.com.br\/noticias\/petrobras-petr4-substituo-landim-conselho-de-administracao\/","og_locale":"pt_BR","og_type":"article","og_title":"Petrobras (PETR4): Governo busca substituto para Landim no Conselho de Administra\u00e7\u00e3o","og_description":"O empres\u00e1rio desistiu de presidir o conselho da Petrobras neste domingo e teve indica\u00e7\u00e3o em conjunto com Pires. Clique aqui leia mais.","og_url":"https:\/\/www.suno.com.br\/noticias\/petrobras-petr4-substituo-landim-conselho-de-administracao\/","og_site_name":"Suno Not\u00edcias","article_publisher":"https:\/\/facebook.com\/sunoresearch","og_image":[{"width":1350,"height":808,"url":"https:\/\/files.sunoresearch.com.br\/n\/uploads\/2022\/03\/rodolfo-landim-agencia-brasil.jpg","type":"image\/jpeg"}],"author":"Eduardo Vargas","twitter_card":"summary_large_image","twitter_creator":"@sunoresearch","twitter_site":"@sunoresearch","twitter_misc":{"Escrito por":"Eduardo Vargas","Est. tempo de leitura":"4 minutos"},"schema":{"@context":"https:\/\/schema.org","@graph":[{"@type":"NewsArticle","@id":"https:\/\/www.suno.com.br\/noticias\/petrobras-petr4-substituo-landim-conselho-de-administracao\/#article","isPartOf":{"@id":"https:\/\/www.suno.com.br\/noticias\/petrobras-petr4-substituo-landim-conselho-de-administracao\/"},"author":{"name":"Eduardo Vargas","@id":"https:\/\/www.suno.com.br\/noticias\/#\/schema\/person\/7f4d362bf3518e76090143ae77bb49a5"},"headline":"Petrobras (PETR4): Governo busca substituto para Landim no Conselho de Administra\u00e7\u00e3o","datePublished":"2022-04-04T11:44:52+00:00","dateModified":"2022-04-04T11:50:36+00:00","mainEntityOfPage":{"@id":"https:\/\/www.suno.com.br\/noticias\/petrobras-petr4-substituo-landim-conselho-de-administracao\/"},"wordCount":738,"publisher":{"@id":"https:\/\/www.suno.com.br\/noticias\/#organization"},"image":{"@id":"https:\/\/www.suno.com.br\/noticias\/petrobras-petr4-substituo-landim-conselho-de-administracao\/#primaryimage"},"thumbnailUrl":"https:\/\/files.sunoresearch.com.br\/n\/uploads\/2022\/03\/rodolfo-landim-agencia-brasil.jpg","keywords":["Ag\u00eancias","Conselho de Administra\u00e7\u00e3o","Joaquim Silva e Luna","Petrobras (PETR4)"],"articleSection":["Neg\u00f3cios"],"inLanguage":"pt-BR"},{"@type":"WebPage","@id":"https:\/\/www.suno.com.br\/noticias\/petrobras-petr4-substituo-landim-conselho-de-administracao\/","url":"https:\/\/www.suno.com.br\/noticias\/petrobras-petr4-substituo-landim-conselho-de-administracao\/","name":"Petrobras (PETR4): Governo busca substituto para Landim no Conselho de Administra\u00e7\u00e3o","isPartOf":{"@id":"https:\/\/www.suno.com.br\/noticias\/#website"},"primaryImageOfPage":{"@id":"https:\/\/www.suno.com.br\/noticias\/petrobras-petr4-substituo-landim-conselho-de-administracao\/#primaryimage"},"image":{"@id":"https:\/\/www.suno.com.br\/noticias\/petrobras-petr4-substituo-landim-conselho-de-administracao\/#primaryimage"},"thumbnailUrl":"https:\/\/files.sunoresearch.com.br\/n\/uploads\/2022\/03\/rodolfo-landim-agencia-brasil.jpg","datePublished":"2022-04-04T11:44:52+00:00","dateModified":"2022-04-04T11:50:36+00:00","description":"O empres\u00e1rio desistiu de presidir o conselho da Petrobras neste domingo e teve indica\u00e7\u00e3o em conjunto com Pires. Clique aqui leia mais.","breadcrumb":{"@id":"https:\/\/www.suno.com.br\/noticias\/petrobras-petr4-substituo-landim-conselho-de-administracao\/#breadcrumb"},"inLanguage":"pt-BR","potentialAction":[{"@type":"ReadAction","target":["https:\/\/www.suno.com.br\/noticias\/petrobras-petr4-substituo-landim-conselho-de-administracao\/"]}]},{"@type":"ImageObject","inLanguage":"pt-BR","@id":"https:\/\/www.suno.com.br\/noticias\/petrobras-petr4-substituo-landim-conselho-de-administracao\/#primaryimage","url":"https:\/\/files.sunoresearch.com.br\/n\/uploads\/2022\/03\/rodolfo-landim-agencia-brasil.jpg","contentUrl":"https:\/\/files.sunoresearch.com.br\/n\/uploads\/2022\/03\/rodolfo-landim-agencia-brasil.jpg","width":1350,"height":808,"caption":"Rodolfo Landim, indicado para a Petrobras, comanda o Flamengo e era um executivo renomado no setor de \u00f3leo e g\u00e1s - Foto: Tomaz Silva (Ag\u00eancia Brasil)"},{"@type":"BreadcrumbList","@id":"https:\/\/www.suno.com.br\/noticias\/petrobras-petr4-substituo-landim-conselho-de-administracao\/#breadcrumb","itemListElement":[{"@type":"ListItem","position":1,"name":"Not\u00edcias","item":"https:\/\/www.suno.com.br\/noticias\/"},{"@type":"ListItem","position":2,"name":"Neg\u00f3cios","item":"https:\/\/www.suno.com.br\/noticias\/negocios\/"},{"@type":"ListItem","position":3,"name":"Petrobras (PETR4): Governo busca substituto para Landim no Conselho de Administra\u00e7\u00e3o"}]},{"@type":"WebSite","@id":"https:\/\/www.suno.com.br\/noticias\/#website","url":"https:\/\/www.suno.com.br\/noticias\/","name":"Suno Not\u00edcias","description":"Seu portal de informa\u00e7\u00e3o sobre o mundo dos investimentos","publisher":{"@id":"https:\/\/www.suno.com.br\/noticias\/#organization"},"potentialAction":[{"@type":"SearchAction","target":{"@type":"EntryPoint","urlTemplate":"https:\/\/www.suno.com.br\/noticias\/?s={search_term_string}"},"query-input":{"@type":"PropertyValueSpecification","valueRequired":true,"valueName":"search_term_string"}}],"inLanguage":"pt-BR"},{"@type":"Organization","@id":"https:\/\/www.suno.com.br\/noticias\/#organization","name":"Suno Not\u00edcias","url":"https:\/\/www.suno.com.br\/noticias\/","logo":{"@type":"ImageObject","inLanguage":"pt-BR","@id":"https:\/\/www.suno.com.br\/noticias\/#\/schema\/logo\/image\/","url":"https:\/\/files.sunoresearch.com.br\/n\/uploads\/2021\/09\/suno-logo.png","contentUrl":"https:\/\/files.sunoresearch.com.br\/n\/uploads\/2021\/09\/suno-logo.png","width":180,"height":180,"caption":"Suno Not\u00edcias"},"image":{"@id":"https:\/\/www.suno.com.br\/noticias\/#\/schema\/logo\/image\/"},"sameAs":["https:\/\/facebook.com\/sunoresearch","https:\/\/x.com\/sunoresearch","https:\/\/www.instagram.com\/suno","https:\/\/www.linkedin.com\/company\/suno-research\/","https:\/\/www.youtube.com\/c\/sunoresearch"]},{"@type":"Person","@id":"https:\/\/www.suno.com.br\/noticias\/#\/schema\/person\/7f4d362bf3518e76090143ae77bb49a5","name":"Eduardo Vargas","image":{"@type":"ImageObject","inLanguage":"pt-BR","@id":"https:\/\/www.suno.com.br\/noticias\/#\/schema\/person\/image\/","url":"https:\/\/secure.gravatar.com\/avatar\/dac340933427a22924c9f99d1eb2e3f2?s=96&r=g","contentUrl":"https:\/\/secure.gravatar.com\/avatar\/dac340933427a22924c9f99d1eb2e3f2?s=96&r=g","caption":"Eduardo Vargas"},"description":"Jornalista formado pela UFSC, cobre macroeconomia, neg\u00f3cios e startups para o Suno Not\u00edcias, escrevendo principalmente not\u00edcias sobre o mercado financeiro e a bolsa de valores. No YouTube e no Instagram, \u00e9 respons\u00e1vel pela produ\u00e7\u00e3o de Reels e Shorts do Suno Not\u00edcias. Anteriormente, trabalhou cobrindo economia e cotidiano no ND+ e para o ND, maior jornal impresso de Santa Catarina. Cursou um semestre letivo de Estudos de M\u00eddia na Universidad de Buenos Aires.","url":"https:\/\/www.suno.com.br\/noticias\/author\/eduardo-vargas\/"}]}},"default_loop_html":"<div class=\"cardsPage__listCard__boxs\"><div class=\"cardsPage__listCard__boxs__img\"><a href=\"https:\/\/www.suno.com.br\/noticias\/petrobras-petr4-substituo-landim-conselho-de-administracao\/\"><img class=\"mask\" src=\"https:\/\/www.suno.com.br\/noticias\/wp-content\/themes\/suno\/resources\/images\/spotlight\/spotlight1img\/bg-mask.png\" alt=\"Image Mask\"\/><img src=\"https:\/\/files.sunoresearch.com.br\/n\/uploads\/2022\/03\/rodolfo-landim-agencia-brasil-400x200.jpg\" alt=\"Petrobras (PETR4): Governo busca substituto para Landim no Conselho de Administra\u00e7\u00e3o\"\/><\/a><span class=\"spotlightCategory\"><a href=\"https:\/\/www.suno.com.br\/noticias\/negocios\/\">Neg\u00f3cios<\/a><\/span><\/div><div class=\"cardsPage__listCard__boxs__content\"><a href=\"https:\/\/www.suno.com.br\/noticias\/petrobras-petr4-substituo-landim-conselho-de-administracao\/\"><h2 class=\"content__title\">Petrobras (PETR4): Governo busca substituto para Landim no Conselho de Administra\u00e7\u00e3o<\/h2><\/a><div class=\"newsContent__article__meta\"><div class=\"newsContent__article__meta__authorBox\"><a href=\"https:\/\/www.suno.com.br\/noticias\/author\/eduardo-vargas\/\" class=\"authorBox__avatar noMobi\"><img src=\"https:\/\/secure.gravatar.com\/avatar\/dac340933427a22924c9f99d1eb2e3f2?s=96&#038;r=g\" alt=\"Eduardo Vargas\"><\/a><div class=\"authorBox__name\"><span>por\n\t\t\t<a href=\"https:\/\/www.suno.com.br\/noticias\/author\/eduardo-vargas\/\"><span itemprop=\"author\">Eduardo Vargas<\/span><\/a><\/span><time datetime=\"2022-04-04T08:44:52-03:00\" itemprop=\"datePublished\">04\/04\/2022 08:44<\/time><\/div><\/div><\/div><\/div><\/div>","single_layout":"posts","amp_enabled":true,"_links":{"self":[{"href":"https:\/\/www.suno.com.br\/noticias\/wp-json\/wp\/v2\/posts\/247391"}],"collection":[{"href":"https:\/\/www.suno.com.br\/noticias\/wp-json\/wp\/v2\/posts"}],"about":[{"href":"https:\/\/www.suno.com.br\/noticias\/wp-json\/wp\/v2\/types\/post"}],"author":[{"embeddable":true,"href":"https:\/\/www.suno.com.br\/noticias\/wp-json\/wp\/v2\/users\/73"}],"replies":[{"embeddable":true,"href":"https:\/\/www.suno.com.br\/noticias\/wp-json\/wp\/v2\/comments?post=247391"}],"version-history":[{"count":3,"href":"https:\/\/www.suno.com.br\/noticias\/wp-json\/wp\/v2\/posts\/247391\/revisions"}],"predecessor-version":[{"id":247410,"href":"https:\/\/www.suno.com.br\/noticias\/wp-json\/wp\/v2\/posts\/247391\/revisions\/247410"}],"wp:featuredmedia":[{"embeddable":true,"href":"https:\/\/www.suno.com.br\/noticias\/wp-json\/wp\/v2\/media\/238200"}],"wp:attachment":[{"href":"https:\/\/www.suno.com.br\/noticias\/wp-json\/wp\/v2\/media?parent=247391"}],"wp:term":[{"taxonomy":"category","embeddable":true,"href":"https:\/\/www.suno.com.br\/noticias\/wp-json\/wp\/v2\/categories?post=247391"},{"taxonomy":"post_tag","embeddable":true,"href":"https:\/\/www.suno.com.br\/noticias\/wp-json\/wp\/v2\/tags?post=247391"},{"taxonomy":"suno_strategy","embeddable":true,"href":"https:\/\/www.suno.com.br\/noticias\/wp-json\/wp\/v2\/suno_strategy?post=247391"}],"curies":[{"name":"wp","href":"https:\/\/api.w.org\/{rel}","templated":true}]}}