{"id":247354,"date":"2022-04-03T14:57:20","date_gmt":"2022-04-03T17:57:20","guid":{"rendered":"https:\/\/www.suno.com.br\/noticias\/?p=247354"},"modified":"2022-04-03T14:57:20","modified_gmt":"2022-04-03T17:57:20","slug":"empresarios-cobram-compromissos-economicos-de-lula","status":"publish","type":"post","link":"https:\/\/www.suno.com.br\/noticias\/empresarios-cobram-compromissos-economicos-de-lula\/","title":{"rendered":"Empres\u00e1rios cobram compromissos econ\u00f4micos de Lula"},"content":{"rendered":"<p>Em um momento agitado para o xadrez eleitoral de 2022, com direito a &#8220;quase desist\u00eancias&#8221; de nomes importantes, o l\u00edder nas pesquisas, o ex-presidente Luiz In\u00e1cio Lula da Silva (PT), paralelamente &#8220;testa as \u00e1guas&#8221; para entender se conseguir\u00e1 angariar apoio de empres\u00e1rios e de entidades de classe para sua candidatura. Por ora, as conversas acontecem a portas fechadas. E o setor produtivo resiste a revelar suas cartas porque acredita que \u00e9 cedo para desistir da &#8220;terceira via&#8221;, que \u00e9 a alternativa preferida dos empres\u00e1rios.<\/p>\t<div class=\"wrapper-featured-image\">\n\t\t<figure class=\"spotlightImg\">\n\n\t\t\t<picture>\n\t\t\t\t<source media=\"(max-width: 768px)\" srcset=\"https:\/\/files.sunoresearch.com.br\/n\/uploads\/2021\/06\/a9dc5bab-28694420524_36269a9512_h-400x200.webp\">\n\t\t\t\t<img loading=\"lazy\" decoding=\"async\" class=\"newsContent__article__imgCapa lazyloadDisabled \" src=\"https:\/\/files.sunoresearch.com.br\/n\/uploads\/2021\/06\/a9dc5bab-28694420524_36269a9512_h-800x450.webp\" width=\"800\" height=\"450\" alt=\"Empres\u00e1rios cobram compromissos econ\u00f4micos de Lula\" fetchpriority=high \/>\n\t\t\t<\/picture>\n\n\t\t\t<figcaption class=\"wp-caption-text wp-caption-text--show\">Lula, um dos presidenci\u00e1veis, tem feito discursos contr\u00e1rios \u00e0 privatiza\u00e7\u00e3o da Petrobras  - Foto: Pedro Fran\u00e7a\/Ag\u00eancia Senado<\/figcaption>\n\t\t<\/figure>\n\t<\/div>\n\n\n<p>H\u00e1 quem diga que a aproxima\u00e7\u00e3o, por ora, \u00e9 muito mais simb\u00f3lica do que efetiva. Nas reuni\u00f5es, segundo fontes ouvidas pelo Estad\u00e3o, os empres\u00e1rios ouvem e fazem perguntas, evitando declarar apoio. Na verdade, \u00e9 improv\u00e1vel que isso ocorra antes de o PT anunciar a linha de pol\u00edtica econ\u00f4mica, mostrando que n\u00e3o jogar\u00e1 para o alto o teto de gastos (que limita o crescimento das despesas) e outras reformas recentes. Mas os empres\u00e1rios ficaram de sugerir propostas a Lula.<\/p>\n\t<p>\n\t\t<a href=\"https:\/\/lp.suno.com.br\/planilha-da-vida-financeira\/\" target=\"_blank\" data-element=\"shortcode-suno-banner\" title=\"Banner SUNO, clique e saiba mais\">\n\t\t\t<picture>\n\t\t\t\t<source media=\"(max-width: 500px)\" srcset=\"https:\/\/files.sunoresearch.com.br\/n\/uploads\/2023\/04\/400x300-Planilha-vida-financeira-true.png\">\n\t\t\t\t<img class=\"newsContent__article__imgCapa newsContent__article__imgCapa--banner\"\n\t\t\t\t\tsrc=\"https:\/\/files.sunoresearch.com.br\/n\/uploads\/2023\/04\/1420x240-Planilha-vida-financeira-true.png\"\n\t\t\t\t\tdata-promo-id=\"106682\"\t\t\t\t\t\t\t\t\t\twidth='1420' height='240'\t\t\t\t\talt=\"https:\/\/files.sunoresearch.com.br\/n\/uploads\/2023\/04\/1420x240-Planilha-vida-financeira-true.png\"\n\t\t\t\t>\n\t\t\t<\/picture>\n\t\t<\/a>\n\t<\/p>\n\n\n<p>Segundo fontes, entre os nomes que j\u00e1 teriam recebido emiss\u00e1rios do PT ou conversado diretamente com Lula, estariam Luiz Carlos Trabuco (presidente do conselho do Bradesco, nome at\u00e9 cotado para um futuro Minist\u00e9rio da Fazenda em caso de uma eventual vit\u00f3ria) e Abilio Diniz.<\/p>\n<p>Essa tentativa de aproxima\u00e7\u00e3o tem sido comandada pelo ex-ministro Aloizio Mercadante, mas Jos\u00e9 Dirceu tamb\u00e9m est\u00e1 se movimentando. Os encontros de Mercadante inclu\u00edram uma aproxima\u00e7\u00e3o com o economista Persio Arida: os dois se encontraram por cerca de uma hora e meia, na Funda\u00e7\u00e3o Perseu Abramo, reduto de pensamento econ\u00f4mico do PT.<\/p>\n<p>O encontro agitou o cen\u00e1rio econ\u00f4mico, pois Arida foi coordenador do programa econ\u00f4mico de Geraldo Alckmin em 2018, que agora deve ser vice na chapa encabe\u00e7ada por Lula. Com a alian\u00e7a, \u00e9 natural imaginar que Alckmin talvez tenha alguma influ\u00eancia na defini\u00e7\u00e3o da pol\u00edtica econ\u00f4mica, o que agradaria ao setor produtivo, em especial ao mercado financeiro &#8211; e Arida, vale lembrar, j\u00e1 foi presidente e s\u00f3cio do BTG Pactual.<\/p>\n<h2><b>Compasso de espera<\/b><\/h2>\n<p>Os empres\u00e1rios cobram sinais. Mas Lula n\u00e3o quer definir agora &#8211; e tem dado declara\u00e7\u00f5es contradit\u00f3rias sobre economia, no que se refere ao controle das despesas p\u00fablicas e \u00e0 defini\u00e7\u00e3o dos pre\u00e7os de combust\u00edveis, por exemplo. Al\u00e9m disso, o ex-presidente sabe que est\u00e1 em terreno pantanoso: ao dizer o que o setor produtivo quer ouvir, desagrada \u00e0 base do PT; se faz o contr\u00e1rio, o PIB desconfia.<\/p>\n<p>Sabendo desse dilema, h\u00e1 empres\u00e1rios que, por ora, n\u00e3o querem nem conversar com o PT. O partido j\u00e1 recebeu sonoros &#8220;n\u00e3os&#8221; de empres\u00e1rios e executivos de v\u00e1rios setores e tamb\u00e9m do agroneg\u00f3cio, segmento no qual a rejei\u00e7\u00e3o a Lula \u00e9 alt\u00edssima. Um grupo de empres\u00e1rios que acompanha de perto e troca informa\u00e7\u00f5es sobre as elei\u00e7\u00f5es diz que um eventual apoio a Lula s\u00f3 viria no 2.\u00ba turno.<\/p>\n\t<p>\n\t\t<a href=\"\" target=\"_blank\" data-element=\"shortcode-suno-banner\" title=\"Banner SUNO, clique e saiba mais\">\n\t\t\t<picture>\n\t\t\t\t<source media=\"(max-width: 500px)\" srcset=\"\">\n\t\t\t\t<img class=\"newsContent__article__imgCapa newsContent__article__imgCapa--banner\"\n\t\t\t\t\tsrc=\"\"\n\t\t\t\t\tdata-promo-id=\"240038\"\t\t\t\t\t\t\t\t\t\t\t\t\t\t\talt=\"\"\n\t\t\t\t>\n\t\t\t<\/picture>\n\t\t<\/a>\n\t<\/p>\n\n\n<p>At\u00e9 l\u00e1, esses grupos se movimentam para viabilizar a terceira via. A amea\u00e7a de desist\u00eancia de Jo\u00e3o Doria (PSDB) e o movimento do ex-ministro Sergio Moro na semana passada evidenciam essa press\u00e3o do PIB: a ideia do setor produtivo \u00e9 encontrar uma alternativa de &#8220;terceira via vi\u00e1vel&#8221;, em uma s\u00f3 candidatura. Doria, segundo uma fonte, j\u00e1 foi aconselhado por empres\u00e1rios a se retirar da disputa: com 2% de votos e alta rejei\u00e7\u00e3o, \u00e9 visto como carta fora do baralho. Os nomes preferidos do PIB s\u00e3o os do tamb\u00e9m tucano Eduardo Leite e de Simone Tebet (PMDB).<\/p>\n<p>Lendo esse cen\u00e1rio e percebendo que o setor produtivo est\u00e1 relutante, Lula s\u00f3 pretende queimar o cartucho para atrair o PIB na hora certa &#8211; ou seja, mais pr\u00f3ximo ao segundo turno. Um alto executivo de banco disse ao Estad\u00e3o, por\u00e9m, que, se a disputa ficar mesmo entre Lula e o presidente Jair Bolsonaro, o petista leva vantagem: &#8220;O Bolsonaro a gente sabe que vai fazer um governo &#8216;raiz&#8217;, sem direcionamento. Com o Lula, h\u00e1 pelo menos uma chance de que n\u00e3o seja assim&#8221;.<\/p>\n\t<p>\n\t\t<a href=\"\" target=\"_blank\" data-element=\"shortcode-suno-banner\" title=\"Banner SUNO, clique e saiba mais\">\n\t\t\t<picture>\n\t\t\t\t<source media=\"(max-width: 500px)\" srcset=\"\">\n\t\t\t\t<img class=\"newsContent__article__imgCapa newsContent__article__imgCapa--banner\"\n\t\t\t\t\tsrc=\"\"\n\t\t\t\t\tdata-promo-id=\"77050\"\t\t\t\t\t\t\t\t\t\t\t\t\t\t\talt=\"\"\n\t\t\t\t>\n\t\t\t<\/picture>\n\t\t<\/a>\n\t<\/p>\n\n\n<p>&#8220;H\u00e1 um esfor\u00e7o de aproxima\u00e7\u00e3o, mas h\u00e1 muitos pontos divergentes. A margem para erros \u00e9 baixa&#8221;, disse um economista que participa das discuss\u00f5es e pediu anonimato. H\u00e1 cr\u00edticas tamb\u00e9m a posicionamentos de economistas ligados ao partido, que t\u00eam dado declara\u00e7\u00f5es consideradas radicais, como estatiza\u00e7\u00e3o de bancos &#8211; &#8220;como se fossem da equipe econ\u00f4mica de Lula&#8221;.<\/p>\n<p>O economista Nilson Teixeira, s\u00f3cio da Gestora Macro Capital, defende o foco da pol\u00edtica econ\u00f4mica no combate \u00e0 pobreza, mas tamb\u00e9m cobra uma moderniza\u00e7\u00e3o das pol\u00edticas do PT num eventual governo de Lula. &#8220;A diminui\u00e7\u00e3o da pobreza exigir\u00e1 a melhoria dos fundamentos da economia&#8221;, diz.<\/p>\n<p>Para Teixeira, h\u00e1 mais uma raz\u00e3o para que o empresariado fique em sil\u00eancio neste momento: em um pa\u00eds onde o Estado \u00e9 t\u00e3o poderoso quanto no Brasil, \u00e9 sempre bom n\u00e3o irritar o governo de plant\u00e3o.<\/p>\n<p class=\"newsProviderSignature\"><em>(Com informa\u00e7\u00f5es de Estad\u00e3o Conte\u00fado)<\/em><\/p>\n","protected":false},"excerpt":{"rendered":"<p>Em um momento agitado para o xadrez eleitoral de 2022, com direito a &#8220;quase desist\u00eancias&#8221; de nomes importantes, o l\u00edder nas pesquisas, o ex-presidente Luiz In\u00e1cio Lula da Silva (PT), paralelamente &#8220;testa as \u00e1guas&#8221; para entender se conseguir\u00e1 angariar apoio de empres\u00e1rios e de entidades de classe para sua candidatura. Por ora, as conversas acontecem [&hellip;]<\/p>\n","protected":false},"author":43,"featured_media":160096,"comment_status":"closed","ping_status":"closed","sticky":false,"template":"","format":"standard","meta":[],"categories":[61],"tags":[709],"suno_strategy":[],"class_list":["post-247354","post","type-post","status-publish","format-standard","has-post-thumbnail","hentry","category-politica","tag-lula"],"yoast_head":"<!-- This site is optimized with the Yoast SEO plugin v24.4 - https:\/\/yoast.com\/wordpress\/plugins\/seo\/ -->\n<title>Empres\u00e1rios cobram compromissos econ\u00f4micos de Lula<\/title>\n<meta name=\"robots\" content=\"index, follow, max-snippet:-1, max-image-preview:large, max-video-preview:-1\" \/>\n<link rel=\"canonical\" href=\"https:\/\/www.suno.com.br\/noticias\/empresarios-cobram-compromissos-economicos-de-lula\/\" \/>\n<meta property=\"og:locale\" content=\"pt_BR\" \/>\n<meta property=\"og:type\" content=\"article\" \/>\n<meta property=\"og:title\" content=\"Empres\u00e1rios cobram compromissos econ\u00f4micos de Lula\" \/>\n<meta property=\"og:description\" content=\"Em um momento agitado para o xadrez eleitoral de 2022, com direito a &#8220;quase desist\u00eancias&#8221; de nomes importantes, o l\u00edder nas pesquisas, o ex-presidente Luiz In\u00e1cio Lula da Silva (PT), paralelamente &#8220;testa as \u00e1guas&#8221; para entender se conseguir\u00e1 angariar apoio de empres\u00e1rios e de entidades de classe para sua candidatura. Por ora, as conversas acontecem [&hellip;]\" \/>\n<meta property=\"og:url\" content=\"https:\/\/www.suno.com.br\/noticias\/empresarios-cobram-compromissos-economicos-de-lula\/\" \/>\n<meta property=\"og:site_name\" content=\"Suno Not\u00edcias\" \/>\n<meta property=\"article:publisher\" content=\"https:\/\/facebook.com\/sunoresearch\" \/>\n<meta property=\"article:author\" content=\"https:\/\/www.facebook.com\/sunonoticias\/\" \/>\n<meta property=\"og:image\" content=\"https:\/\/files.sunoresearch.com.br\/n\/uploads\/2021\/06\/a9dc5bab-28694420524_36269a9512_h.jpg\" \/>\n\t<meta property=\"og:image:width\" content=\"1600\" \/>\n\t<meta property=\"og:image:height\" content=\"1064\" \/>\n\t<meta property=\"og:image:type\" content=\"image\/jpeg\" \/>\n<meta name=\"author\" content=\"Reda\u00e7\u00e3o Suno Not\u00edcias\" \/>\n<meta name=\"twitter:card\" content=\"summary_large_image\" \/>\n<meta name=\"twitter:creator\" content=\"@https:\/\/twitter.com\/sunoresearch\" \/>\n<meta name=\"twitter:site\" content=\"@sunoresearch\" \/>\n<meta name=\"twitter:label1\" content=\"Escrito por\" \/>\n\t<meta name=\"twitter:data1\" content=\"Reda\u00e7\u00e3o Suno Not\u00edcias\" \/>\n\t<meta name=\"twitter:label2\" content=\"Est. tempo de leitura\" \/>\n\t<meta name=\"twitter:data2\" content=\"4 minutos\" \/>\n<script type=\"application\/ld+json\" class=\"yoast-schema-graph\">{\"@context\":\"https:\/\/schema.org\",\"@graph\":[{\"@type\":\"NewsArticle\",\"@id\":\"https:\/\/www.suno.com.br\/noticias\/empresarios-cobram-compromissos-economicos-de-lula\/#article\",\"isPartOf\":{\"@id\":\"https:\/\/www.suno.com.br\/noticias\/empresarios-cobram-compromissos-economicos-de-lula\/\"},\"author\":{\"name\":\"Reda\u00e7\u00e3o Suno Not\u00edcias\",\"@id\":\"https:\/\/www.suno.com.br\/noticias\/#\/schema\/person\/c1b1bd3727fa852bd045e9dbff3673ea\"},\"headline\":\"Empres\u00e1rios cobram compromissos econ\u00f4micos de Lula\",\"datePublished\":\"2022-04-03T17:57:20+00:00\",\"mainEntityOfPage\":{\"@id\":\"https:\/\/www.suno.com.br\/noticias\/empresarios-cobram-compromissos-economicos-de-lula\/\"},\"wordCount\":878,\"publisher\":{\"@id\":\"https:\/\/www.suno.com.br\/noticias\/#organization\"},\"image\":{\"@id\":\"https:\/\/www.suno.com.br\/noticias\/empresarios-cobram-compromissos-economicos-de-lula\/#primaryimage\"},\"thumbnailUrl\":\"https:\/\/files.sunoresearch.com.br\/n\/uploads\/2021\/06\/a9dc5bab-28694420524_36269a9512_h-jpg.webp\",\"keywords\":[\"Lula\"],\"articleSection\":[\"Pol\u00edtica\"],\"inLanguage\":\"pt-BR\"},{\"@type\":\"WebPage\",\"@id\":\"https:\/\/www.suno.com.br\/noticias\/empresarios-cobram-compromissos-economicos-de-lula\/\",\"url\":\"https:\/\/www.suno.com.br\/noticias\/empresarios-cobram-compromissos-economicos-de-lula\/\",\"name\":\"Empres\u00e1rios cobram compromissos econ\u00f4micos de Lula\",\"isPartOf\":{\"@id\":\"https:\/\/www.suno.com.br\/noticias\/#website\"},\"primaryImageOfPage\":{\"@id\":\"https:\/\/www.suno.com.br\/noticias\/empresarios-cobram-compromissos-economicos-de-lula\/#primaryimage\"},\"image\":{\"@id\":\"https:\/\/www.suno.com.br\/noticias\/empresarios-cobram-compromissos-economicos-de-lula\/#primaryimage\"},\"thumbnailUrl\":\"https:\/\/files.sunoresearch.com.br\/n\/uploads\/2021\/06\/a9dc5bab-28694420524_36269a9512_h-jpg.webp\",\"datePublished\":\"2022-04-03T17:57:20+00:00\",\"breadcrumb\":{\"@id\":\"https:\/\/www.suno.com.br\/noticias\/empresarios-cobram-compromissos-economicos-de-lula\/#breadcrumb\"},\"inLanguage\":\"pt-BR\",\"potentialAction\":[{\"@type\":\"ReadAction\",\"target\":[\"https:\/\/www.suno.com.br\/noticias\/empresarios-cobram-compromissos-economicos-de-lula\/\"]}]},{\"@type\":\"ImageObject\",\"inLanguage\":\"pt-BR\",\"@id\":\"https:\/\/www.suno.com.br\/noticias\/empresarios-cobram-compromissos-economicos-de-lula\/#primaryimage\",\"url\":\"https:\/\/files.sunoresearch.com.br\/n\/uploads\/2021\/06\/a9dc5bab-28694420524_36269a9512_h-jpg.webp\",\"contentUrl\":\"https:\/\/files.sunoresearch.com.br\/n\/uploads\/2021\/06\/a9dc5bab-28694420524_36269a9512_h-jpg.webp\",\"width\":1600,\"height\":1064,\"caption\":\"Lula, um dos presidenci\u00e1veis, tem feito discursos contr\u00e1rios \u00e0 privatiza\u00e7\u00e3o da Petrobras - Foto: Pedro Fran\u00e7a\/Ag\u00eancia Senado\"},{\"@type\":\"BreadcrumbList\",\"@id\":\"https:\/\/www.suno.com.br\/noticias\/empresarios-cobram-compromissos-economicos-de-lula\/#breadcrumb\",\"itemListElement\":[{\"@type\":\"ListItem\",\"position\":1,\"name\":\"Not\u00edcias\",\"item\":\"https:\/\/www.suno.com.br\/noticias\/\"},{\"@type\":\"ListItem\",\"position\":2,\"name\":\"Pol\u00edtica\",\"item\":\"https:\/\/www.suno.com.br\/noticias\/politica\/\"},{\"@type\":\"ListItem\",\"position\":3,\"name\":\"Empres\u00e1rios cobram compromissos econ\u00f4micos de Lula\"}]},{\"@type\":\"WebSite\",\"@id\":\"https:\/\/www.suno.com.br\/noticias\/#website\",\"url\":\"https:\/\/www.suno.com.br\/noticias\/\",\"name\":\"Suno Not\u00edcias\",\"description\":\"Seu portal de informa\u00e7\u00e3o sobre o mundo dos investimentos\",\"publisher\":{\"@id\":\"https:\/\/www.suno.com.br\/noticias\/#organization\"},\"potentialAction\":[{\"@type\":\"SearchAction\",\"target\":{\"@type\":\"EntryPoint\",\"urlTemplate\":\"https:\/\/www.suno.com.br\/noticias\/?s={search_term_string}\"},\"query-input\":{\"@type\":\"PropertyValueSpecification\",\"valueRequired\":true,\"valueName\":\"search_term_string\"}}],\"inLanguage\":\"pt-BR\"},{\"@type\":\"Organization\",\"@id\":\"https:\/\/www.suno.com.br\/noticias\/#organization\",\"name\":\"Suno Not\u00edcias\",\"url\":\"https:\/\/www.suno.com.br\/noticias\/\",\"logo\":{\"@type\":\"ImageObject\",\"inLanguage\":\"pt-BR\",\"@id\":\"https:\/\/www.suno.com.br\/noticias\/#\/schema\/logo\/image\/\",\"url\":\"https:\/\/files.sunoresearch.com.br\/n\/uploads\/2021\/09\/suno-logo.png\",\"contentUrl\":\"https:\/\/files.sunoresearch.com.br\/n\/uploads\/2021\/09\/suno-logo.png\",\"width\":180,\"height\":180,\"caption\":\"Suno Not\u00edcias\"},\"image\":{\"@id\":\"https:\/\/www.suno.com.br\/noticias\/#\/schema\/logo\/image\/\"},\"sameAs\":[\"https:\/\/facebook.com\/sunoresearch\",\"https:\/\/x.com\/sunoresearch\",\"https:\/\/www.instagram.com\/suno\",\"https:\/\/www.linkedin.com\/company\/suno-research\/\",\"https:\/\/www.youtube.com\/c\/sunoresearch\"]},{\"@type\":\"Person\",\"@id\":\"https:\/\/www.suno.com.br\/noticias\/#\/schema\/person\/c1b1bd3727fa852bd045e9dbff3673ea\",\"name\":\"Reda\u00e7\u00e3o Suno Not\u00edcias\",\"image\":{\"@type\":\"ImageObject\",\"inLanguage\":\"pt-BR\",\"@id\":\"https:\/\/www.suno.com.br\/noticias\/#\/schema\/person\/image\/\",\"url\":\"https:\/\/secure.gravatar.com\/avatar\/b8104b9b5a71985d5238ee59fbe418af?s=96&r=g\",\"contentUrl\":\"https:\/\/secure.gravatar.com\/avatar\/b8104b9b5a71985d5238ee59fbe418af?s=96&r=g\",\"caption\":\"Reda\u00e7\u00e3o Suno Not\u00edcias\"},\"description\":\"O Suno Not\u00edcias \u00e9 um portal de informa\u00e7\u00f5es sobre Mercado Financeiro, Pol\u00edtica, Neg\u00f3cios, Economia e Finan\u00e7as Pessoais.\",\"sameAs\":[\"https:\/\/www.suno.com.br\/noticias\",\"https:\/\/www.facebook.com\/sunonoticias\/\",\"https:\/\/www.instagram.com\/sunonoticias\/\",\"https:\/\/x.com\/https:\/\/twitter.com\/sunoresearch\",\"https:\/\/www.youtube.com\/sunonoticias\"],\"url\":\"https:\/\/www.suno.com.br\/noticias\/author\/redacao-suno\/\"}]}<\/script>\n<!-- \/ Yoast SEO plugin. -->","yoast_head_json":{"title":"Empres\u00e1rios cobram compromissos econ\u00f4micos de Lula","robots":{"index":"index","follow":"follow","max-snippet":"max-snippet:-1","max-image-preview":"max-image-preview:large","max-video-preview":"max-video-preview:-1"},"canonical":"https:\/\/www.suno.com.br\/noticias\/empresarios-cobram-compromissos-economicos-de-lula\/","og_locale":"pt_BR","og_type":"article","og_title":"Empres\u00e1rios cobram compromissos econ\u00f4micos de Lula","og_description":"Em um momento agitado para o xadrez eleitoral de 2022, com direito a &#8220;quase desist\u00eancias&#8221; de nomes importantes, o l\u00edder nas pesquisas, o ex-presidente Luiz In\u00e1cio Lula da Silva (PT), paralelamente &#8220;testa as \u00e1guas&#8221; para entender se conseguir\u00e1 angariar apoio de empres\u00e1rios e de entidades de classe para sua candidatura. Por ora, as conversas acontecem [&hellip;]","og_url":"https:\/\/www.suno.com.br\/noticias\/empresarios-cobram-compromissos-economicos-de-lula\/","og_site_name":"Suno Not\u00edcias","article_publisher":"https:\/\/facebook.com\/sunoresearch","article_author":"https:\/\/www.facebook.com\/sunonoticias\/","og_image":[{"width":1600,"height":1064,"url":"https:\/\/files.sunoresearch.com.br\/n\/uploads\/2021\/06\/a9dc5bab-28694420524_36269a9512_h.jpg","type":"image\/jpeg"}],"author":"Reda\u00e7\u00e3o Suno Not\u00edcias","twitter_card":"summary_large_image","twitter_creator":"@https:\/\/twitter.com\/sunoresearch","twitter_site":"@sunoresearch","twitter_misc":{"Escrito por":"Reda\u00e7\u00e3o Suno Not\u00edcias","Est. tempo de leitura":"4 minutos"},"schema":{"@context":"https:\/\/schema.org","@graph":[{"@type":"NewsArticle","@id":"https:\/\/www.suno.com.br\/noticias\/empresarios-cobram-compromissos-economicos-de-lula\/#article","isPartOf":{"@id":"https:\/\/www.suno.com.br\/noticias\/empresarios-cobram-compromissos-economicos-de-lula\/"},"author":{"name":"Reda\u00e7\u00e3o Suno Not\u00edcias","@id":"https:\/\/www.suno.com.br\/noticias\/#\/schema\/person\/c1b1bd3727fa852bd045e9dbff3673ea"},"headline":"Empres\u00e1rios cobram compromissos econ\u00f4micos de Lula","datePublished":"2022-04-03T17:57:20+00:00","mainEntityOfPage":{"@id":"https:\/\/www.suno.com.br\/noticias\/empresarios-cobram-compromissos-economicos-de-lula\/"},"wordCount":878,"publisher":{"@id":"https:\/\/www.suno.com.br\/noticias\/#organization"},"image":{"@id":"https:\/\/www.suno.com.br\/noticias\/empresarios-cobram-compromissos-economicos-de-lula\/#primaryimage"},"thumbnailUrl":"https:\/\/files.sunoresearch.com.br\/n\/uploads\/2021\/06\/a9dc5bab-28694420524_36269a9512_h-jpg.webp","keywords":["Lula"],"articleSection":["Pol\u00edtica"],"inLanguage":"pt-BR"},{"@type":"WebPage","@id":"https:\/\/www.suno.com.br\/noticias\/empresarios-cobram-compromissos-economicos-de-lula\/","url":"https:\/\/www.suno.com.br\/noticias\/empresarios-cobram-compromissos-economicos-de-lula\/","name":"Empres\u00e1rios cobram compromissos econ\u00f4micos de Lula","isPartOf":{"@id":"https:\/\/www.suno.com.br\/noticias\/#website"},"primaryImageOfPage":{"@id":"https:\/\/www.suno.com.br\/noticias\/empresarios-cobram-compromissos-economicos-de-lula\/#primaryimage"},"image":{"@id":"https:\/\/www.suno.com.br\/noticias\/empresarios-cobram-compromissos-economicos-de-lula\/#primaryimage"},"thumbnailUrl":"https:\/\/files.sunoresearch.com.br\/n\/uploads\/2021\/06\/a9dc5bab-28694420524_36269a9512_h-jpg.webp","datePublished":"2022-04-03T17:57:20+00:00","breadcrumb":{"@id":"https:\/\/www.suno.com.br\/noticias\/empresarios-cobram-compromissos-economicos-de-lula\/#breadcrumb"},"inLanguage":"pt-BR","potentialAction":[{"@type":"ReadAction","target":["https:\/\/www.suno.com.br\/noticias\/empresarios-cobram-compromissos-economicos-de-lula\/"]}]},{"@type":"ImageObject","inLanguage":"pt-BR","@id":"https:\/\/www.suno.com.br\/noticias\/empresarios-cobram-compromissos-economicos-de-lula\/#primaryimage","url":"https:\/\/files.sunoresearch.com.br\/n\/uploads\/2021\/06\/a9dc5bab-28694420524_36269a9512_h-jpg.webp","contentUrl":"https:\/\/files.sunoresearch.com.br\/n\/uploads\/2021\/06\/a9dc5bab-28694420524_36269a9512_h-jpg.webp","width":1600,"height":1064,"caption":"Lula, um dos presidenci\u00e1veis, tem feito discursos contr\u00e1rios \u00e0 privatiza\u00e7\u00e3o da Petrobras - Foto: Pedro Fran\u00e7a\/Ag\u00eancia Senado"},{"@type":"BreadcrumbList","@id":"https:\/\/www.suno.com.br\/noticias\/empresarios-cobram-compromissos-economicos-de-lula\/#breadcrumb","itemListElement":[{"@type":"ListItem","position":1,"name":"Not\u00edcias","item":"https:\/\/www.suno.com.br\/noticias\/"},{"@type":"ListItem","position":2,"name":"Pol\u00edtica","item":"https:\/\/www.suno.com.br\/noticias\/politica\/"},{"@type":"ListItem","position":3,"name":"Empres\u00e1rios cobram compromissos econ\u00f4micos de Lula"}]},{"@type":"WebSite","@id":"https:\/\/www.suno.com.br\/noticias\/#website","url":"https:\/\/www.suno.com.br\/noticias\/","name":"Suno Not\u00edcias","description":"Seu portal de informa\u00e7\u00e3o sobre o mundo dos investimentos","publisher":{"@id":"https:\/\/www.suno.com.br\/noticias\/#organization"},"potentialAction":[{"@type":"SearchAction","target":{"@type":"EntryPoint","urlTemplate":"https:\/\/www.suno.com.br\/noticias\/?s={search_term_string}"},"query-input":{"@type":"PropertyValueSpecification","valueRequired":true,"valueName":"search_term_string"}}],"inLanguage":"pt-BR"},{"@type":"Organization","@id":"https:\/\/www.suno.com.br\/noticias\/#organization","name":"Suno Not\u00edcias","url":"https:\/\/www.suno.com.br\/noticias\/","logo":{"@type":"ImageObject","inLanguage":"pt-BR","@id":"https:\/\/www.suno.com.br\/noticias\/#\/schema\/logo\/image\/","url":"https:\/\/files.sunoresearch.com.br\/n\/uploads\/2021\/09\/suno-logo.png","contentUrl":"https:\/\/files.sunoresearch.com.br\/n\/uploads\/2021\/09\/suno-logo.png","width":180,"height":180,"caption":"Suno Not\u00edcias"},"image":{"@id":"https:\/\/www.suno.com.br\/noticias\/#\/schema\/logo\/image\/"},"sameAs":["https:\/\/facebook.com\/sunoresearch","https:\/\/x.com\/sunoresearch","https:\/\/www.instagram.com\/suno","https:\/\/www.linkedin.com\/company\/suno-research\/","https:\/\/www.youtube.com\/c\/sunoresearch"]},{"@type":"Person","@id":"https:\/\/www.suno.com.br\/noticias\/#\/schema\/person\/c1b1bd3727fa852bd045e9dbff3673ea","name":"Reda\u00e7\u00e3o Suno Not\u00edcias","image":{"@type":"ImageObject","inLanguage":"pt-BR","@id":"https:\/\/www.suno.com.br\/noticias\/#\/schema\/person\/image\/","url":"https:\/\/secure.gravatar.com\/avatar\/b8104b9b5a71985d5238ee59fbe418af?s=96&r=g","contentUrl":"https:\/\/secure.gravatar.com\/avatar\/b8104b9b5a71985d5238ee59fbe418af?s=96&r=g","caption":"Reda\u00e7\u00e3o Suno Not\u00edcias"},"description":"O Suno Not\u00edcias \u00e9 um portal de informa\u00e7\u00f5es sobre Mercado Financeiro, Pol\u00edtica, Neg\u00f3cios, Economia e Finan\u00e7as Pessoais.","sameAs":["https:\/\/www.suno.com.br\/noticias","https:\/\/www.facebook.com\/sunonoticias\/","https:\/\/www.instagram.com\/sunonoticias\/","https:\/\/x.com\/https:\/\/twitter.com\/sunoresearch","https:\/\/www.youtube.com\/sunonoticias"],"url":"https:\/\/www.suno.com.br\/noticias\/author\/redacao-suno\/"}]}},"default_loop_html":"<div class=\"cardsPage__listCard__boxs\"><div class=\"cardsPage__listCard__boxs__img\"><a href=\"https:\/\/www.suno.com.br\/noticias\/empresarios-cobram-compromissos-economicos-de-lula\/\"><img class=\"mask\" src=\"https:\/\/www.suno.com.br\/noticias\/wp-content\/themes\/suno\/resources\/images\/spotlight\/spotlight1img\/bg-mask.png\" alt=\"Image Mask\"\/><img src=\"https:\/\/files.sunoresearch.com.br\/n\/uploads\/2021\/06\/a9dc5bab-28694420524_36269a9512_h-400x200.webp\" alt=\"Empres\u00e1rios cobram compromissos econ\u00f4micos de Lula\"\/><\/a><span class=\"spotlightCategory\"><a href=\"https:\/\/www.suno.com.br\/noticias\/politica\/\">Pol\u00edtica<\/a><\/span><\/div><div class=\"cardsPage__listCard__boxs__content\"><a href=\"https:\/\/www.suno.com.br\/noticias\/empresarios-cobram-compromissos-economicos-de-lula\/\"><h2 class=\"content__title\">Empres\u00e1rios cobram compromissos econ\u00f4micos de Lula<\/h2><\/a><div class=\"newsContent__article__meta\"><div class=\"newsContent__article__meta__authorBox\"><a href=\"https:\/\/www.suno.com.br\/noticias\/author\/redacao-suno\/\" class=\"authorBox__avatar noMobi\"><img src=\"https:\/\/files.sunoresearch.com.br\/n\/uploads\/2020\/08\/0ace682d-redacao-1-150x150.webp\" alt=\"Reda\u00e7\u00e3o Suno Not\u00edcias\"><\/a><div class=\"authorBox__name\"><span>por\n\t\t\t<a href=\"https:\/\/www.suno.com.br\/noticias\/author\/redacao-suno\/\"><span itemprop=\"author\">Reda\u00e7\u00e3o Suno Not\u00edcias<\/span><\/a><\/span><time datetime=\"2022-04-03T14:57:20-03:00\" itemprop=\"datePublished\">03\/04\/2022 14:57<\/time><\/div><\/div><\/div><\/div><\/div>","single_layout":"posts","amp_enabled":true,"_links":{"self":[{"href":"https:\/\/www.suno.com.br\/noticias\/wp-json\/wp\/v2\/posts\/247354"}],"collection":[{"href":"https:\/\/www.suno.com.br\/noticias\/wp-json\/wp\/v2\/posts"}],"about":[{"href":"https:\/\/www.suno.com.br\/noticias\/wp-json\/wp\/v2\/types\/post"}],"author":[{"embeddable":true,"href":"https:\/\/www.suno.com.br\/noticias\/wp-json\/wp\/v2\/users\/43"}],"replies":[{"embeddable":true,"href":"https:\/\/www.suno.com.br\/noticias\/wp-json\/wp\/v2\/comments?post=247354"}],"version-history":[{"count":2,"href":"https:\/\/www.suno.com.br\/noticias\/wp-json\/wp\/v2\/posts\/247354\/revisions"}],"predecessor-version":[{"id":247372,"href":"https:\/\/www.suno.com.br\/noticias\/wp-json\/wp\/v2\/posts\/247354\/revisions\/247372"}],"wp:featuredmedia":[{"embeddable":true,"href":"https:\/\/www.suno.com.br\/noticias\/wp-json\/wp\/v2\/media\/160096"}],"wp:attachment":[{"href":"https:\/\/www.suno.com.br\/noticias\/wp-json\/wp\/v2\/media?parent=247354"}],"wp:term":[{"taxonomy":"category","embeddable":true,"href":"https:\/\/www.suno.com.br\/noticias\/wp-json\/wp\/v2\/categories?post=247354"},{"taxonomy":"post_tag","embeddable":true,"href":"https:\/\/www.suno.com.br\/noticias\/wp-json\/wp\/v2\/tags?post=247354"},{"taxonomy":"suno_strategy","embeddable":true,"href":"https:\/\/www.suno.com.br\/noticias\/wp-json\/wp\/v2\/suno_strategy?post=247354"}],"curies":[{"name":"wp","href":"https:\/\/api.w.org\/{rel}","templated":true}]}}