{"id":24728,"date":"2019-05-16T08:24:02","date_gmt":"2019-05-16T11:24:02","guid":{"rendered":"https:\/\/www.suno.com.br\/noticias\/?p=24728"},"modified":"2019-05-16T08:24:02","modified_gmt":"2019-05-16T11:24:02","slug":"asia-brasil-importacao-cafe","status":"publish","type":"post","link":"https:\/\/www.suno.com.br\/noticias\/asia-brasil-importacao-cafe\/","title":{"rendered":"\u00c1sia aumenta em 30% a importa\u00e7\u00e3o de caf\u00e9 brasileiro"},"content":{"rendered":"<p>As exporta\u00e7\u00f5es de caf\u00e9 brasileiro para a<strong> \u00c1sia<\/strong> teve um crescimento de 29,9%. Esse valor \u00e9 correspondente a 2,52 milh\u00f5es de sacas de caf\u00e9s com 60kg cada. Os dados s\u00e3o do per\u00edodo de janeiro a abril de 2019.<\/p>\t<div class=\"wrapper-featured-image\">\n\t\t<figure class=\"spotlightImg\">\n\n\t\t\t<picture>\n\t\t\t\t<source media=\"(max-width: 768px)\" srcset=\"https:\/\/files.sunoresearch.com.br\/n\/uploads\/2019\/01\/51530580-caf\u00e9-400x200.webp\">\n\t\t\t\t<img loading=\"lazy\" decoding=\"async\" class=\"newsContent__article__imgCapa lazyloadDisabled newsContent__article__imgCapa--noCaption\" src=\"https:\/\/files.sunoresearch.com.br\/n\/uploads\/2019\/01\/51530580-caf\u00e9-800x450.webp\" width=\"800\" height=\"450\" alt=\"\u00c1sia aumenta em 30% a importa\u00e7\u00e3o de caf\u00e9 brasileiro\" fetchpriority=high \/>\n\t\t\t<\/picture>\n\n\t\t\t<figcaption class=\"wp-caption-text wp-caption-text--hide\">Caf\u00e9 especial do Brasil perde espa\u00e7o nos EUA ap\u00f3s tarifa\u00e7o.<\/figcaption>\n\t\t<\/figure>\n\t<\/div>\n\n\n<p>Ao todo, a \u00c1sia gerou uma <strong>receita cambial<\/strong> de US$ 342,3 milh\u00f5es (R$ 1.367,90 bi). A participa\u00e7\u00e3o do continente asi\u00e1tico equivale a 19,3% do total das <strong>exporta\u00e7\u00f5es brasileiras de caf\u00e9<\/strong>. Dentre os pa\u00edses do continente, o destaque foi o <strong>Jap\u00e3o<\/strong>, o principal importador da regi\u00e3o, que registrou um crescimento de 37,04%.<\/p>\n<p>Com esse resultado, a <strong>\u00c1sia<\/strong> ocupa o terceiro lugar dos continentes com maior volume de importa\u00e7\u00e3o. O segundo \u00e9 a <strong>Am\u00e9rica do Norte<\/strong> com a participa\u00e7\u00e3o total de 21,6%, totalizando US$ 371,9 (R$ 1.486,19 bi) milh\u00f5es de receita cambial.<\/p>\n<p>Dessa forma precedido do primeiro que continua sendo a<strong> Europa<\/strong> respons\u00e1vel por 52,9% do volume exportado. Esse valor \u00e9 correspondente a US$ 884 ( R$3.532,64 bi).<\/p>\n\t<p>\n\t\t<a href=\"https:\/\/lp.suno.com.br\/nossas-assinaturas\/?utm_campaign=_SNC8166F3A4_\" target=\"_blank\" data-element=\"shortcode-suno-banner\" title=\"Banner SUNO, clique e saiba mais\">\n\t\t\t<picture>\n\t\t\t\t<source media=\"(max-width: 500px)\" srcset=\"https:\/\/files.sunoresearch.com.br\/n\/uploads\/2025\/08\/Artigos-e-Noticias-Banner-Materias-01-Mobile_-400x300-1-png.webp\">\n\t\t\t\t<img class=\"newsContent__article__imgCapa newsContent__article__imgCapa--banner\"\n\t\t\t\t\tsrc=\"https:\/\/files.sunoresearch.com.br\/n\/uploads\/2025\/08\/Artigos-e-Noticias-Banner-Materias-01-Desktop_-1420x240-4-png.webp\"\n\t\t\t\t\tdata-promo-id=\"620371\"\t\t\t\t\t\t\t\t\t\twidth='1420' height='240'\t\t\t\t\talt=\"https:\/\/files.sunoresearch.com.br\/n\/uploads\/2025\/08\/Artigos-e-Noticias-Banner-Materias-01-Desktop_-1420x240-4-png.webp\"\n\t\t\t\t>\n\t\t\t<\/picture>\n\t\t<\/a>\n\t<\/p>\n\n\n<h2>Caf\u00e9s diferenciados<\/h2>\n<p>Considerando o mesmo per\u00edodo, de janeiro a abril do ano de 2019, os caf\u00e9s que possuem uma qualidade superior ou algum tipo de certificado pelas pr\u00e1ticas sustent\u00e1veis representam 24,6% da participa\u00e7\u00e3o. Ademais, esse valor revela um crescimento de 43,4% em compara\u00e7\u00e3o com o ano anterior.A <strong>receita cambial<\/strong> foi de US$ 416 mil (R$1.662,43 mi).<\/p>\n<p><a href=\"https:\/\/www.suno.com.br\/noticias\/cafe-brasil-fatura-exportacoes\/\">Saiba Mais: Caf\u00e9: Brasil fatura US$ 5,1 bilh\u00f5es com exporta\u00e7\u00f5es em 2018<\/a><\/p>\n<p>Deste modo, os principais destinos dos <strong>caf\u00e9s diferenciados brasileiros<\/strong> foram:<\/p>\n<ol>\n<li><strong>Estados Unidos<\/strong> &#8211; 22,7%<\/li>\n<li><strong>Alemanha<\/strong> &#8211; 13,8%<\/li>\n<li><strong>Jap\u00e3o<\/strong> &#8211; 13,7%<\/li>\n<\/ol>\n<h2>Exporta\u00e7\u00f5es<\/h2>\n<p>O total das exporta\u00e7\u00f5es do m\u00eas de abril correspondem a venda de 2,9 milh\u00f5es de <strong>sacas de caf\u00e9<\/strong>, cada uma com 60kg. Esse valor representa crescimento de 25% do volume exportado em compara\u00e7\u00e3o de mesmo per\u00edodo do ano anterior. Consequentemente, a receita cambial teve crescimento de 1%, atingindo US$ 370,43 (R$1.480,31 mi).<\/p>\n<p><a href=\"https:\/\/www.suno.com.br\/noticias\/exportacao-cafe-recorde-cecafe\/\">Saiba Mais: Exporta\u00e7\u00e3o de caf\u00e9 verde do Brasil em janeiro \u00e9 recorde, diz Cecaf\u00e9<\/a><\/p>\n<p>O ranking dos principais destinos de exporta\u00e7\u00f5es:<\/p>\n<ol>\n<li><strong>EUA<\/strong> &#8211; 18,4%<\/li>\n<li><strong>Alemanha<\/strong> &#8211; 16,89%;<\/li>\n<li><strong>It\u00e1lia<\/strong> &#8211; 9,9%;<\/li>\n<li><strong>Jap\u00e3o<\/strong> &#8211; 7,7%;<\/li>\n<li><strong>B\u00e9lgica<\/strong> &#8211; 5,6%;<\/li>\n<li><strong>Turquia<\/strong> &#8211; 3,3%;<\/li>\n<li><strong>Reino Unido<\/strong> &#8211;\u00a0 3,0%;<\/li>\n<li><strong>R\u00fassia<\/strong> &#8211; 2,5%;<\/li>\n<li><strong>Fran\u00e7a<\/strong> &#8211; 2,3%;<\/li>\n<li><strong>\u00a0Canad\u00e1<\/strong> &#8211; 2,3%.<\/li>\n<\/ol>\n<p>De acordo com <strong>Relat\u00f3rio do Cecaf\u00e9<\/strong>, \u00e9 esperado que as<strong> exporta\u00e7\u00f5es de caf\u00e9<\/strong> tenha um recorde hist\u00f3rico no ano-safra, julho 2018 a julho 2019. Pois o Brasil exportou nesse mesmo per\u00edodo no ano anterior total de 34 milh\u00f5es de saca, e ainda faltam os meses de maio e junho para completar o ano-safra.<\/p>\n","protected":false},"excerpt":{"rendered":"<p>As exporta\u00e7\u00f5es de caf\u00e9 brasileiro para a \u00c1sia teve um crescimento de 29,9%. Esse valor \u00e9 correspondente a 2,52 milh\u00f5es de sacas de caf\u00e9s com 60kg cada. Os dados s\u00e3o do per\u00edodo de janeiro a abril de 2019. Caf\u00e9 especial do Brasil perde espa\u00e7o nos EUA ap\u00f3s tarifa\u00e7o. Ao todo, a \u00c1sia gerou uma receita [&hellip;]<\/p>\n","protected":false},"author":15,"featured_media":11485,"comment_status":"closed","ping_status":"closed","sticky":false,"template":"","format":"standard","meta":[],"categories":[62],"tags":[1059,706],"suno_strategy":[],"class_list":["post-24728","post","type-post","status-publish","format-standard","has-post-thumbnail","hentry","category-economia","tag-cafe","tag-importacoes"],"yoast_head":"<!-- This site is optimized with the Yoast SEO plugin v24.4 - https:\/\/yoast.com\/wordpress\/plugins\/seo\/ -->\n<title>\u00c1sia aumenta em 30% a importa\u00e7\u00e3o de caf\u00e9 brasileiro<\/title>\n<meta name=\"description\" content=\"As exporta\u00e7\u00f5es de caf\u00e9 para a \u00c1sia teve um crescimento de 29,9%. Esse valor equivale a 2,52 milh\u00f5es de sacas. Clique aqui e saiba mais\" \/>\n<meta name=\"robots\" content=\"index, follow, max-snippet:-1, max-image-preview:large, max-video-preview:-1\" \/>\n<link rel=\"canonical\" href=\"https:\/\/www.suno.com.br\/noticias\/asia-brasil-importacao-cafe\/\" \/>\n<meta property=\"og:locale\" content=\"pt_BR\" \/>\n<meta property=\"og:type\" content=\"article\" \/>\n<meta property=\"og:title\" content=\"\u00c1sia aumenta em 30% a importa\u00e7\u00e3o de caf\u00e9 brasileiro\" \/>\n<meta property=\"og:description\" content=\"As exporta\u00e7\u00f5es de caf\u00e9 para a \u00c1sia teve um crescimento de 29,9%. Esse valor equivale a 2,52 milh\u00f5es de sacas. Clique aqui e saiba mais\" \/>\n<meta property=\"og:url\" content=\"https:\/\/www.suno.com.br\/noticias\/asia-brasil-importacao-cafe\/\" \/>\n<meta property=\"og:site_name\" content=\"Suno Not\u00edcias\" \/>\n<meta property=\"article:publisher\" content=\"https:\/\/facebook.com\/sunoresearch\" \/>\n<meta property=\"og:image\" content=\"https:\/\/files.sunoresearch.com.br\/n\/uploads\/2019\/01\/51530580-caf\u00e9.jpg\" \/>\n\t<meta property=\"og:image:width\" content=\"1140\" \/>\n\t<meta property=\"og:image:height\" content=\"760\" \/>\n\t<meta property=\"og:image:type\" content=\"image\/jpeg\" \/>\n<meta name=\"author\" content=\"Poliana Santos\" \/>\n<meta name=\"twitter:card\" content=\"summary_large_image\" \/>\n<meta name=\"twitter:creator\" content=\"@sunoresearch\" \/>\n<meta name=\"twitter:site\" content=\"@sunoresearch\" \/>\n<meta name=\"twitter:label1\" content=\"Escrito por\" \/>\n\t<meta name=\"twitter:data1\" content=\"Poliana Santos\" \/>\n\t<meta name=\"twitter:label2\" content=\"Est. tempo de leitura\" \/>\n\t<meta name=\"twitter:data2\" content=\"2 minutos\" \/>\n<script type=\"application\/ld+json\" class=\"yoast-schema-graph\">{\"@context\":\"https:\/\/schema.org\",\"@graph\":[{\"@type\":\"NewsArticle\",\"@id\":\"https:\/\/www.suno.com.br\/noticias\/asia-brasil-importacao-cafe\/#article\",\"isPartOf\":{\"@id\":\"https:\/\/www.suno.com.br\/noticias\/asia-brasil-importacao-cafe\/\"},\"author\":{\"name\":\"Poliana Santos\",\"@id\":\"https:\/\/www.suno.com.br\/noticias\/#\/schema\/person\/02ec1f752758247878a2bf4abee1aeda\"},\"headline\":\"\u00c1sia aumenta em 30% a importa\u00e7\u00e3o de caf\u00e9 brasileiro\",\"datePublished\":\"2019-05-16T11:24:02+00:00\",\"mainEntityOfPage\":{\"@id\":\"https:\/\/www.suno.com.br\/noticias\/asia-brasil-importacao-cafe\/\"},\"wordCount\":415,\"publisher\":{\"@id\":\"https:\/\/www.suno.com.br\/noticias\/#organization\"},\"image\":{\"@id\":\"https:\/\/www.suno.com.br\/noticias\/asia-brasil-importacao-cafe\/#primaryimage\"},\"thumbnailUrl\":\"https:\/\/files.sunoresearch.com.br\/n\/uploads\/2019\/01\/51530580-caf\u00e9-jpg.webp\",\"keywords\":[\"caf\u00e9\",\"importa\u00e7\u00f5es\"],\"articleSection\":[\"Economia\"],\"inLanguage\":\"pt-BR\"},{\"@type\":\"WebPage\",\"@id\":\"https:\/\/www.suno.com.br\/noticias\/asia-brasil-importacao-cafe\/\",\"url\":\"https:\/\/www.suno.com.br\/noticias\/asia-brasil-importacao-cafe\/\",\"name\":\"\u00c1sia aumenta em 30% a importa\u00e7\u00e3o de caf\u00e9 brasileiro\",\"isPartOf\":{\"@id\":\"https:\/\/www.suno.com.br\/noticias\/#website\"},\"primaryImageOfPage\":{\"@id\":\"https:\/\/www.suno.com.br\/noticias\/asia-brasil-importacao-cafe\/#primaryimage\"},\"image\":{\"@id\":\"https:\/\/www.suno.com.br\/noticias\/asia-brasil-importacao-cafe\/#primaryimage\"},\"thumbnailUrl\":\"https:\/\/files.sunoresearch.com.br\/n\/uploads\/2019\/01\/51530580-caf\u00e9-jpg.webp\",\"datePublished\":\"2019-05-16T11:24:02+00:00\",\"description\":\"As exporta\u00e7\u00f5es de caf\u00e9 para a \u00c1sia teve um crescimento de 29,9%. Esse valor equivale a 2,52 milh\u00f5es de sacas. Clique aqui e saiba mais\",\"breadcrumb\":{\"@id\":\"https:\/\/www.suno.com.br\/noticias\/asia-brasil-importacao-cafe\/#breadcrumb\"},\"inLanguage\":\"pt-BR\",\"potentialAction\":[{\"@type\":\"ReadAction\",\"target\":[\"https:\/\/www.suno.com.br\/noticias\/asia-brasil-importacao-cafe\/\"]}]},{\"@type\":\"ImageObject\",\"inLanguage\":\"pt-BR\",\"@id\":\"https:\/\/www.suno.com.br\/noticias\/asia-brasil-importacao-cafe\/#primaryimage\",\"url\":\"https:\/\/files.sunoresearch.com.br\/n\/uploads\/2019\/01\/51530580-caf\u00e9-jpg.webp\",\"contentUrl\":\"https:\/\/files.sunoresearch.com.br\/n\/uploads\/2019\/01\/51530580-caf\u00e9-jpg.webp\",\"width\":1140,\"height\":760,\"caption\":\"Caf\u00e9 especial do Brasil perde espa\u00e7o nos EUA ap\u00f3s tarifa\u00e7o.\"},{\"@type\":\"BreadcrumbList\",\"@id\":\"https:\/\/www.suno.com.br\/noticias\/asia-brasil-importacao-cafe\/#breadcrumb\",\"itemListElement\":[{\"@type\":\"ListItem\",\"position\":1,\"name\":\"Not\u00edcias\",\"item\":\"https:\/\/www.suno.com.br\/noticias\/\"},{\"@type\":\"ListItem\",\"position\":2,\"name\":\"Economia\",\"item\":\"https:\/\/www.suno.com.br\/noticias\/economia\/\"},{\"@type\":\"ListItem\",\"position\":3,\"name\":\"\u00c1sia aumenta em 30% a importa\u00e7\u00e3o de caf\u00e9 brasileiro\"}]},{\"@type\":\"WebSite\",\"@id\":\"https:\/\/www.suno.com.br\/noticias\/#website\",\"url\":\"https:\/\/www.suno.com.br\/noticias\/\",\"name\":\"Suno Not\u00edcias\",\"description\":\"Seu portal de informa\u00e7\u00e3o sobre o mundo dos investimentos\",\"publisher\":{\"@id\":\"https:\/\/www.suno.com.br\/noticias\/#organization\"},\"potentialAction\":[{\"@type\":\"SearchAction\",\"target\":{\"@type\":\"EntryPoint\",\"urlTemplate\":\"https:\/\/www.suno.com.br\/noticias\/?s={search_term_string}\"},\"query-input\":{\"@type\":\"PropertyValueSpecification\",\"valueRequired\":true,\"valueName\":\"search_term_string\"}}],\"inLanguage\":\"pt-BR\"},{\"@type\":\"Organization\",\"@id\":\"https:\/\/www.suno.com.br\/noticias\/#organization\",\"name\":\"Suno Not\u00edcias\",\"url\":\"https:\/\/www.suno.com.br\/noticias\/\",\"logo\":{\"@type\":\"ImageObject\",\"inLanguage\":\"pt-BR\",\"@id\":\"https:\/\/www.suno.com.br\/noticias\/#\/schema\/logo\/image\/\",\"url\":\"https:\/\/files.sunoresearch.com.br\/n\/uploads\/2021\/09\/suno-logo.png\",\"contentUrl\":\"https:\/\/files.sunoresearch.com.br\/n\/uploads\/2021\/09\/suno-logo.png\",\"width\":180,\"height\":180,\"caption\":\"Suno Not\u00edcias\"},\"image\":{\"@id\":\"https:\/\/www.suno.com.br\/noticias\/#\/schema\/logo\/image\/\"},\"sameAs\":[\"https:\/\/facebook.com\/sunoresearch\",\"https:\/\/x.com\/sunoresearch\",\"https:\/\/www.instagram.com\/suno\",\"https:\/\/www.linkedin.com\/company\/suno-research\/\",\"https:\/\/www.youtube.com\/c\/sunoresearch\"]},{\"@type\":\"Person\",\"@id\":\"https:\/\/www.suno.com.br\/noticias\/#\/schema\/person\/02ec1f752758247878a2bf4abee1aeda\",\"name\":\"Poliana Santos\",\"image\":{\"@type\":\"ImageObject\",\"inLanguage\":\"pt-BR\",\"@id\":\"https:\/\/www.suno.com.br\/noticias\/#\/schema\/person\/image\/\",\"url\":\"https:\/\/secure.gravatar.com\/avatar\/0645bd32f23d87b2130f2b2dff1d3f8d?s=96&r=g\",\"contentUrl\":\"https:\/\/secure.gravatar.com\/avatar\/0645bd32f23d87b2130f2b2dff1d3f8d?s=96&r=g\",\"caption\":\"Poliana Santos\"},\"description\":\"Rep\u00f3rter no Suno Not\u00edcias, com cobertura em mercado financeiro, economia, finan\u00e7as pessoais, renda fixa e varejo. Jornalista formada pela Faculdade C\u00e1sper L\u00edbero e possui passagem na R\u00e1dio Gazeta AM com a produ\u00e7\u00e3o de conte\u00fado sobre economia, pol\u00edtica, sa\u00fade, moda e m\u00fasica. Possui certificado de conclus\u00e3o do curso de An\u00e1lise de Balan\u00e7os pela Funda\u00e7\u00e3o Bradesco, Agenda Brasil pela FAAP, Educa\u00e7\u00e3o Pol\u00edtica por Alexandre Garcia e do Tesouro Direto e Mercado de A\u00e7\u00f5es pela B3.\",\"url\":\"https:\/\/www.suno.com.br\/noticias\/author\/poliana-santos\/\"}]}<\/script>\n<!-- \/ Yoast SEO plugin. -->","yoast_head_json":{"title":"\u00c1sia aumenta em 30% a importa\u00e7\u00e3o de caf\u00e9 brasileiro","description":"As exporta\u00e7\u00f5es de caf\u00e9 para a \u00c1sia teve um crescimento de 29,9%. Esse valor equivale a 2,52 milh\u00f5es de sacas. Clique aqui e saiba mais","robots":{"index":"index","follow":"follow","max-snippet":"max-snippet:-1","max-image-preview":"max-image-preview:large","max-video-preview":"max-video-preview:-1"},"canonical":"https:\/\/www.suno.com.br\/noticias\/asia-brasil-importacao-cafe\/","og_locale":"pt_BR","og_type":"article","og_title":"\u00c1sia aumenta em 30% a importa\u00e7\u00e3o de caf\u00e9 brasileiro","og_description":"As exporta\u00e7\u00f5es de caf\u00e9 para a \u00c1sia teve um crescimento de 29,9%. Esse valor equivale a 2,52 milh\u00f5es de sacas. Clique aqui e saiba mais","og_url":"https:\/\/www.suno.com.br\/noticias\/asia-brasil-importacao-cafe\/","og_site_name":"Suno Not\u00edcias","article_publisher":"https:\/\/facebook.com\/sunoresearch","og_image":[{"width":1140,"height":760,"url":"https:\/\/files.sunoresearch.com.br\/n\/uploads\/2019\/01\/51530580-caf\u00e9.jpg","type":"image\/jpeg"}],"author":"Poliana Santos","twitter_card":"summary_large_image","twitter_creator":"@sunoresearch","twitter_site":"@sunoresearch","twitter_misc":{"Escrito por":"Poliana Santos","Est. tempo de leitura":"2 minutos"},"schema":{"@context":"https:\/\/schema.org","@graph":[{"@type":"NewsArticle","@id":"https:\/\/www.suno.com.br\/noticias\/asia-brasil-importacao-cafe\/#article","isPartOf":{"@id":"https:\/\/www.suno.com.br\/noticias\/asia-brasil-importacao-cafe\/"},"author":{"name":"Poliana Santos","@id":"https:\/\/www.suno.com.br\/noticias\/#\/schema\/person\/02ec1f752758247878a2bf4abee1aeda"},"headline":"\u00c1sia aumenta em 30% a importa\u00e7\u00e3o de caf\u00e9 brasileiro","datePublished":"2019-05-16T11:24:02+00:00","mainEntityOfPage":{"@id":"https:\/\/www.suno.com.br\/noticias\/asia-brasil-importacao-cafe\/"},"wordCount":415,"publisher":{"@id":"https:\/\/www.suno.com.br\/noticias\/#organization"},"image":{"@id":"https:\/\/www.suno.com.br\/noticias\/asia-brasil-importacao-cafe\/#primaryimage"},"thumbnailUrl":"https:\/\/files.sunoresearch.com.br\/n\/uploads\/2019\/01\/51530580-caf\u00e9-jpg.webp","keywords":["caf\u00e9","importa\u00e7\u00f5es"],"articleSection":["Economia"],"inLanguage":"pt-BR"},{"@type":"WebPage","@id":"https:\/\/www.suno.com.br\/noticias\/asia-brasil-importacao-cafe\/","url":"https:\/\/www.suno.com.br\/noticias\/asia-brasil-importacao-cafe\/","name":"\u00c1sia aumenta em 30% a importa\u00e7\u00e3o de caf\u00e9 brasileiro","isPartOf":{"@id":"https:\/\/www.suno.com.br\/noticias\/#website"},"primaryImageOfPage":{"@id":"https:\/\/www.suno.com.br\/noticias\/asia-brasil-importacao-cafe\/#primaryimage"},"image":{"@id":"https:\/\/www.suno.com.br\/noticias\/asia-brasil-importacao-cafe\/#primaryimage"},"thumbnailUrl":"https:\/\/files.sunoresearch.com.br\/n\/uploads\/2019\/01\/51530580-caf\u00e9-jpg.webp","datePublished":"2019-05-16T11:24:02+00:00","description":"As exporta\u00e7\u00f5es de caf\u00e9 para a \u00c1sia teve um crescimento de 29,9%. Esse valor equivale a 2,52 milh\u00f5es de sacas. Clique aqui e saiba mais","breadcrumb":{"@id":"https:\/\/www.suno.com.br\/noticias\/asia-brasil-importacao-cafe\/#breadcrumb"},"inLanguage":"pt-BR","potentialAction":[{"@type":"ReadAction","target":["https:\/\/www.suno.com.br\/noticias\/asia-brasil-importacao-cafe\/"]}]},{"@type":"ImageObject","inLanguage":"pt-BR","@id":"https:\/\/www.suno.com.br\/noticias\/asia-brasil-importacao-cafe\/#primaryimage","url":"https:\/\/files.sunoresearch.com.br\/n\/uploads\/2019\/01\/51530580-caf\u00e9-jpg.webp","contentUrl":"https:\/\/files.sunoresearch.com.br\/n\/uploads\/2019\/01\/51530580-caf\u00e9-jpg.webp","width":1140,"height":760,"caption":"Caf\u00e9 especial do Brasil perde espa\u00e7o nos EUA ap\u00f3s tarifa\u00e7o."},{"@type":"BreadcrumbList","@id":"https:\/\/www.suno.com.br\/noticias\/asia-brasil-importacao-cafe\/#breadcrumb","itemListElement":[{"@type":"ListItem","position":1,"name":"Not\u00edcias","item":"https:\/\/www.suno.com.br\/noticias\/"},{"@type":"ListItem","position":2,"name":"Economia","item":"https:\/\/www.suno.com.br\/noticias\/economia\/"},{"@type":"ListItem","position":3,"name":"\u00c1sia aumenta em 30% a importa\u00e7\u00e3o de caf\u00e9 brasileiro"}]},{"@type":"WebSite","@id":"https:\/\/www.suno.com.br\/noticias\/#website","url":"https:\/\/www.suno.com.br\/noticias\/","name":"Suno Not\u00edcias","description":"Seu portal de informa\u00e7\u00e3o sobre o mundo dos investimentos","publisher":{"@id":"https:\/\/www.suno.com.br\/noticias\/#organization"},"potentialAction":[{"@type":"SearchAction","target":{"@type":"EntryPoint","urlTemplate":"https:\/\/www.suno.com.br\/noticias\/?s={search_term_string}"},"query-input":{"@type":"PropertyValueSpecification","valueRequired":true,"valueName":"search_term_string"}}],"inLanguage":"pt-BR"},{"@type":"Organization","@id":"https:\/\/www.suno.com.br\/noticias\/#organization","name":"Suno Not\u00edcias","url":"https:\/\/www.suno.com.br\/noticias\/","logo":{"@type":"ImageObject","inLanguage":"pt-BR","@id":"https:\/\/www.suno.com.br\/noticias\/#\/schema\/logo\/image\/","url":"https:\/\/files.sunoresearch.com.br\/n\/uploads\/2021\/09\/suno-logo.png","contentUrl":"https:\/\/files.sunoresearch.com.br\/n\/uploads\/2021\/09\/suno-logo.png","width":180,"height":180,"caption":"Suno Not\u00edcias"},"image":{"@id":"https:\/\/www.suno.com.br\/noticias\/#\/schema\/logo\/image\/"},"sameAs":["https:\/\/facebook.com\/sunoresearch","https:\/\/x.com\/sunoresearch","https:\/\/www.instagram.com\/suno","https:\/\/www.linkedin.com\/company\/suno-research\/","https:\/\/www.youtube.com\/c\/sunoresearch"]},{"@type":"Person","@id":"https:\/\/www.suno.com.br\/noticias\/#\/schema\/person\/02ec1f752758247878a2bf4abee1aeda","name":"Poliana Santos","image":{"@type":"ImageObject","inLanguage":"pt-BR","@id":"https:\/\/www.suno.com.br\/noticias\/#\/schema\/person\/image\/","url":"https:\/\/secure.gravatar.com\/avatar\/0645bd32f23d87b2130f2b2dff1d3f8d?s=96&r=g","contentUrl":"https:\/\/secure.gravatar.com\/avatar\/0645bd32f23d87b2130f2b2dff1d3f8d?s=96&r=g","caption":"Poliana Santos"},"description":"Rep\u00f3rter no Suno Not\u00edcias, com cobertura em mercado financeiro, economia, finan\u00e7as pessoais, renda fixa e varejo. Jornalista formada pela Faculdade C\u00e1sper L\u00edbero e possui passagem na R\u00e1dio Gazeta AM com a produ\u00e7\u00e3o de conte\u00fado sobre economia, pol\u00edtica, sa\u00fade, moda e m\u00fasica. Possui certificado de conclus\u00e3o do curso de An\u00e1lise de Balan\u00e7os pela Funda\u00e7\u00e3o Bradesco, Agenda Brasil pela FAAP, Educa\u00e7\u00e3o Pol\u00edtica por Alexandre Garcia e do Tesouro Direto e Mercado de A\u00e7\u00f5es pela B3.","url":"https:\/\/www.suno.com.br\/noticias\/author\/poliana-santos\/"}]}},"default_loop_html":"<div class=\"cardsPage__listCard__boxs\"><div class=\"cardsPage__listCard__boxs__img\"><a href=\"https:\/\/www.suno.com.br\/noticias\/asia-brasil-importacao-cafe\/\"><img class=\"mask\" src=\"https:\/\/www.suno.com.br\/noticias\/wp-content\/themes\/suno\/resources\/images\/spotlight\/spotlight1img\/bg-mask.png\" alt=\"Image Mask\"\/><img src=\"https:\/\/files.sunoresearch.com.br\/n\/uploads\/2019\/01\/51530580-caf\u00e9-400x200.webp\" alt=\"\u00c1sia aumenta em 30% a importa\u00e7\u00e3o de caf\u00e9 brasileiro\"\/><\/a><span class=\"spotlightCategory\"><a href=\"https:\/\/www.suno.com.br\/noticias\/economia\/\">Economia<\/a><\/span><\/div><div class=\"cardsPage__listCard__boxs__content\"><a href=\"https:\/\/www.suno.com.br\/noticias\/asia-brasil-importacao-cafe\/\"><h2 class=\"content__title\">\u00c1sia aumenta em 30% a importa\u00e7\u00e3o de caf\u00e9 brasileiro<\/h2><\/a><div class=\"newsContent__article__meta\"><div class=\"newsContent__article__meta__authorBox\"><a href=\"https:\/\/www.suno.com.br\/noticias\/author\/poliana-santos\/\" class=\"authorBox__avatar noMobi\"><img src=\"https:\/\/files.sunoresearch.com.br\/n\/uploads\/2020\/08\/7ef34026-whatsapp-image-2020-08-03-at-12.37.57-150x150.webp\" alt=\"Poliana Santos\"><\/a><div class=\"authorBox__name\"><span>por\n\t\t\t<a href=\"https:\/\/www.suno.com.br\/noticias\/author\/poliana-santos\/\"><span itemprop=\"author\">Poliana Santos<\/span><\/a><\/span><time datetime=\"2019-05-16T08:24:02-03:00\" itemprop=\"datePublished\">16\/05\/2019 08:24<\/time><\/div><\/div><\/div><\/div><\/div>","single_layout":"posts","amp_enabled":true,"_links":{"self":[{"href":"https:\/\/www.suno.com.br\/noticias\/wp-json\/wp\/v2\/posts\/24728"}],"collection":[{"href":"https:\/\/www.suno.com.br\/noticias\/wp-json\/wp\/v2\/posts"}],"about":[{"href":"https:\/\/www.suno.com.br\/noticias\/wp-json\/wp\/v2\/types\/post"}],"author":[{"embeddable":true,"href":"https:\/\/www.suno.com.br\/noticias\/wp-json\/wp\/v2\/users\/15"}],"replies":[{"embeddable":true,"href":"https:\/\/www.suno.com.br\/noticias\/wp-json\/wp\/v2\/comments?post=24728"}],"version-history":[{"count":0,"href":"https:\/\/www.suno.com.br\/noticias\/wp-json\/wp\/v2\/posts\/24728\/revisions"}],"wp:featuredmedia":[{"embeddable":true,"href":"https:\/\/www.suno.com.br\/noticias\/wp-json\/wp\/v2\/media\/11485"}],"wp:attachment":[{"href":"https:\/\/www.suno.com.br\/noticias\/wp-json\/wp\/v2\/media?parent=24728"}],"wp:term":[{"taxonomy":"category","embeddable":true,"href":"https:\/\/www.suno.com.br\/noticias\/wp-json\/wp\/v2\/categories?post=24728"},{"taxonomy":"post_tag","embeddable":true,"href":"https:\/\/www.suno.com.br\/noticias\/wp-json\/wp\/v2\/tags?post=24728"},{"taxonomy":"suno_strategy","embeddable":true,"href":"https:\/\/www.suno.com.br\/noticias\/wp-json\/wp\/v2\/suno_strategy?post=24728"}],"curies":[{"name":"wp","href":"https:\/\/api.w.org\/{rel}","templated":true}]}}