{"id":24721,"date":"2019-05-15T20:50:25","date_gmt":"2019-05-15T23:50:25","guid":{"rendered":"https:\/\/www.suno.com.br\/noticias\/?p=24721"},"modified":"2019-05-21T11:01:40","modified_gmt":"2019-05-21T14:01:40","slug":"mp-flavio-bolsonaro-imoveis-milhoes","status":"publish","type":"post","link":"https:\/\/www.suno.com.br\/noticias\/mp-flavio-bolsonaro-imoveis-milhoes\/","title":{"rendered":"MP: Fl\u00e1vio Bolsonaro teria comprado 19 im\u00f3veis por R$ 9 milh\u00f5es"},"content":{"rendered":"<p>O <strong>Minist\u00e9rio P\u00fablico do Rio de Janeiro<\/strong> informou que o\u00a0senador Fl\u00e1vio Bolsonaro (PSL-RJ) comprou 19 <strong>im\u00f3veis<\/strong> por R$ 9 milh\u00f5es.\u00a0Segundo os procuradores, as opera\u00e7\u00f5es cont\u00eam s\u00e9rios ind\u00edcios de <strong>lavagem de dinheiro.<\/strong> Isso por causa da lucratividade dos bens, muito maior que os rendimentos como deputado estadual.<\/p>\t<div class=\"wrapper-featured-image\">\n\t\t<figure class=\"spotlightImg\">\n\n\t\t\t<picture>\n\t\t\t\t<source media=\"(max-width: 768px)\" srcset=\"https:\/\/files.sunoresearch.com.br\/n\/uploads\/2019\/05\/a728796c-fl\u00e1vio-bolsonaro-400x200.webp\">\n\t\t\t\t<img loading=\"lazy\" decoding=\"async\" class=\"newsContent__article__imgCapa lazyloadDisabled newsContent__article__imgCapa--noCaption\" src=\"https:\/\/files.sunoresearch.com.br\/n\/uploads\/2019\/05\/a728796c-fl\u00e1vio-bolsonaro-800x450.webp\" width=\"800\" height=\"450\" alt=\"MP: Fl\u00e1vio Bolsonaro teria comprado 19 im\u00f3veis por R$ 9 milh\u00f5es\" fetchpriority=high \/>\n\t\t\t<\/picture>\n\n\t\t\t<figcaption class=\"wp-caption-text wp-caption-text--hide\">O senador Fl\u00e1vio Bolsonaro (PSL-RJ)<\/figcaption>\n\t\t<\/figure>\n\t<\/div>\n\n\n<p>A informa\u00e7\u00e3o foi divulgada pelo portal da revista &#8220;Veja&#8221;. O MP do Rio pediu \u00e0 Justi\u00e7a a <strong>quebra do sigilo banc\u00e1rio<\/strong> e fiscal de 95 pessoas e empresas relacionadas a <strong>Fl\u00e1vio Bolsonaro.<\/strong>\u00a0A quebra de sigilo foi concedida pelo juiz da 27\u00ba Vara Criminal do Rio, Fl\u00e1vio Itabaiana Nicolau.<\/p>\n<p><a href=\"https:\/\/www.suno.com.br\/noticias\/justica-quebra-sigilo-flavio-bolsonaro\/\">Saiba mais: Justi\u00e7a autoriza quebra de sigilo de Fl\u00e1vio Bolsonaro e de ex-assessor\u00a0<\/a><\/p>\n<p>Segundo os documentos do MP, o ent\u00e3o deputado estadual, filho do presidente <strong>Jair Bolsonaro,<\/strong> teria lucrado R$ 3,089 milh\u00f5es em transa\u00e7\u00f5es imobili\u00e1rias.\u00a0Segundo os promotores h\u00e1 \u201csuspeitas de subfaturamento nas compras e superfaturamento nas vendas\u201d entre 2010 e 2017. Nesse per\u00edodo o pol\u00edtico teria investido R$ 9,425 milh\u00f5es na compra de 19 im\u00f3veis, entre salas e apartamentos.<\/p>\n<h2>Simula\u00e7\u00e3o de ganhos de capital fict\u00edcios<\/h2>\n<p>O <strong>MP<\/strong> salientou que a suposta fraude poderia ter ocorrido para \u201csimular ganhos de capital fict\u00edcios\u201d que encobririam \u201co enriquecimento il\u00edcito decorrente dos desvios de recursos\u201d da <strong>Assembleia Legislativa do Rio<\/strong>.<\/p>\n\t<p>\n\t\t<a href=\"https:\/\/www.seculus.com.br\/blackfriday\" target=\"_blank\" data-element=\"shortcode-suno-banner\" title=\"Banner SUNO, clique e saiba mais\">\n\t\t\t<picture>\n\t\t\t\t<source media=\"(max-width: 500px)\" srcset=\"https:\/\/files.sunoresearch.com.br\/n\/uploads\/2023\/11\/seculus_suno_mobile_2.jpg\">\n\t\t\t\t<img class=\"newsContent__article__imgCapa newsContent__article__imgCapa--banner\"\n\t\t\t\t\tsrc=\"https:\/\/files.sunoresearch.com.br\/n\/uploads\/2023\/11\/seculus_suno_desktop_2.jpg\"\n\t\t\t\t\tdata-promo-id=\"474123\"\t\t\t\t\t\t\t\t\t\twidth='1420' height='240'\t\t\t\t\talt=\"https:\/\/files.sunoresearch.com.br\/n\/uploads\/2023\/11\/seculus_suno_desktop_2.jpg\"\n\t\t\t\t>\n\t\t\t<\/picture>\n\t\t<\/a>\n\t<\/p>\n\n\n<p>Entre os casos citados pelos procuradores aparecem valoriza\u00e7\u00f5es excessivas de im\u00f3veis comprados pelo <strong>senador.<\/strong> Por exemplo, no dia 27 de novembro de 2012 o pol\u00edtico comprou, por R$ 140 mil, um apartamento na Avenida Prado Junior, em <strong>Copacabana.<\/strong> Somente 15 meses depois, em fevereiro de 2014, ele teria vendido o im\u00f3vel por R$ 550 mil. Um lucro de 292%. Segundo o MP, no per\u00edodo o \u00edndice Fipezap, utilizado no mercado imobili\u00e1rio, teria indicado uma valoriza\u00e7\u00e3o m\u00e9dia de 11% dos im\u00f3veis naquele bairro.<\/p>\n<p><a href=\"https:\/\/www.suno.com.br\/noticias\/stf-nega-flavio-bolsonaro-anular\/\">Saiba mais: STF nega pedido de Fl\u00e1vio Bolsonaro para anular provas de investiga\u00e7\u00e3o\u00a0<\/a><\/p>\n<p>Outro caso citado pelos procuradores ocorreu em novembro de 2012. Naquela ocasi\u00e3o, o <strong>senador<\/strong> teria comprado, por R$ 170 mil, um apartamento na Rua Barata Ribeiro, sempre em Copacabana. Um ano depois, o mesmo im\u00f3vel seria vendido por 573 mil reais, com um lucro de 237%. Para o MP, nesse per\u00edodo o \u00edndice de valoriza\u00e7\u00e3o foi de 9%.<\/p>\n<p>Os <strong>promotores<\/strong> salientaram na medida cautelar que os valores declarados para a compra foram inferiores aos praticados no mercado. Pelo outro lado, os valores de venda teriam sido superiores.<\/p>\n\t<p>\n\t\t<a href=\"https:\/\/lp.suno.com.br\/planilha-controle-gastos\/\" target=\"_blank\" data-element=\"shortcode-suno-banner\" title=\"Banner SUNO, clique e saiba mais\">\n\t\t\t<picture>\n\t\t\t\t<source media=\"(max-width: 500px)\" srcset=\"https:\/\/files.sunoresearch.com.br\/n\/uploads\/2023\/03\/400x300-Planilha-controle-de-gastos.png\">\n\t\t\t\t<img class=\"newsContent__article__imgCapa newsContent__article__imgCapa--banner\"\n\t\t\t\t\tsrc=\"https:\/\/files.sunoresearch.com.br\/n\/uploads\/2023\/03\/1420x240-Planilha-controle-de-gastos.png\"\n\t\t\t\t\tdata-promo-id=\"102417\"\t\t\t\t\t\t\t\t\t\twidth='1420' height='240'\t\t\t\t\talt=\"https:\/\/files.sunoresearch.com.br\/n\/uploads\/2023\/03\/1420x240-Planilha-controle-de-gastos.png\"\n\t\t\t\t>\n\t\t\t<\/picture>\n\t\t<\/a>\n\t<\/p>\n\n\n<p>Os dois <strong>im\u00f3veis<\/strong> teriam sido intermediados por um cidad\u00e3o norte-americano, Glenn Howard Dillard. Outro cidad\u00e3o dos EUA, Charles Eldering, seria o propriet\u00e1rio do apartamento na Prado Junior, teria acusado Dillard de n\u00e3o ter lhe repassado o valor da venda.<\/p>\n<h2>Fl\u00e1vio Bolsonaro rejeita acusa\u00e7\u00f5es<\/h2>\n<section class=\"article-content\">O senador <strong>Fl\u00e1vio Bolsonaro<\/strong> acusou, em nota, o <strong>MP<\/strong> de ter quebrado seu sigilo antes mesmo da autoriza\u00e7\u00e3o judicial. \u201cSomente agora, em maio de 2019 \u2013 quase um ano e meio depois \u2013 tentam uma manobra para esquentar informa\u00e7\u00f5es il\u00edcitas, que j\u00e1 possuem h\u00e1 v\u00e1rios meses\u201d, informou o senador, que salientou como nada fez de errado e que n\u00e3o conseguir\u00e3o us\u00e1-lo \u201cpara atingir o governo de <strong>Jair Bolsonaro\u201d.<\/strong><\/section>\n<section class=\"article-tags\"><\/section>\n","protected":false},"excerpt":{"rendered":"<p>O Minist\u00e9rio P\u00fablico do Rio de Janeiro informou que o\u00a0senador Fl\u00e1vio Bolsonaro (PSL-RJ) comprou 19 im\u00f3veis por R$ 9 milh\u00f5es.\u00a0Segundo os procuradores, as opera\u00e7\u00f5es cont\u00eam s\u00e9rios ind\u00edcios de lavagem de dinheiro. Isso por causa da lucratividade dos bens, muito maior que os rendimentos como deputado estadual. O senador Fl\u00e1vio Bolsonaro (PSL-RJ) A informa\u00e7\u00e3o foi divulgada [&hellip;]<\/p>\n","protected":false},"author":9,"featured_media":23320,"comment_status":"closed","ping_status":"closed","sticky":false,"template":"","format":"standard","meta":[],"categories":[61],"tags":[],"suno_strategy":[],"class_list":["post-24721","post","type-post","status-publish","format-standard","has-post-thumbnail","hentry","category-politica"],"yoast_head":"<!-- This site is optimized with the Yoast SEO plugin v24.4 - https:\/\/yoast.com\/wordpress\/plugins\/seo\/ -->\n<title>MP: Fl\u00e1vio Bolsonaro teria comprado 19 im\u00f3veis por R$ 9 milh\u00f5es<\/title>\n<meta name=\"description\" content=\"O Minist\u00e9rio P\u00fablico do RJ informou que o\u00a0senador Fl\u00e1vio Bolsonaro de ter comprado\u00a019 im\u00f3veis por R$ 9 milh\u00f5es. Clique aqui para saber mais.\" \/>\n<meta name=\"robots\" content=\"index, follow, max-snippet:-1, max-image-preview:large, max-video-preview:-1\" \/>\n<link rel=\"canonical\" href=\"https:\/\/www.suno.com.br\/noticias\/mp-flavio-bolsonaro-imoveis-milhoes\/\" \/>\n<meta property=\"og:locale\" content=\"pt_BR\" \/>\n<meta property=\"og:type\" content=\"article\" \/>\n<meta property=\"og:title\" content=\"MP: Fl\u00e1vio Bolsonaro teria comprado 19 im\u00f3veis por R$ 9 milh\u00f5es\" \/>\n<meta property=\"og:description\" content=\"O Minist\u00e9rio P\u00fablico do RJ informou que o\u00a0senador Fl\u00e1vio Bolsonaro de ter comprado\u00a019 im\u00f3veis por R$ 9 milh\u00f5es. Clique aqui para saber mais.\" \/>\n<meta property=\"og:url\" content=\"https:\/\/www.suno.com.br\/noticias\/mp-flavio-bolsonaro-imoveis-milhoes\/\" \/>\n<meta property=\"og:site_name\" content=\"Suno Not\u00edcias\" \/>\n<meta property=\"article:publisher\" content=\"https:\/\/facebook.com\/sunoresearch\" \/>\n<meta property=\"og:image\" content=\"https:\/\/files.sunoresearch.com.br\/n\/uploads\/2019\/05\/a728796c-fl\u00e1vio-bolsonaro.jpg\" \/>\n\t<meta property=\"og:image:width\" content=\"1600\" \/>\n\t<meta property=\"og:image:height\" content=\"752\" \/>\n\t<meta property=\"og:image:type\" content=\"image\/jpeg\" \/>\n<meta name=\"author\" content=\"Carlo Cauti\" \/>\n<meta name=\"twitter:card\" content=\"summary_large_image\" \/>\n<meta name=\"twitter:creator\" content=\"@sunoresearch\" \/>\n<meta name=\"twitter:site\" content=\"@sunoresearch\" \/>\n<meta name=\"twitter:label1\" content=\"Escrito por\" \/>\n\t<meta name=\"twitter:data1\" content=\"Carlo Cauti\" \/>\n\t<meta name=\"twitter:label2\" content=\"Est. tempo de leitura\" \/>\n\t<meta name=\"twitter:data2\" content=\"3 minutos\" \/>\n<script type=\"application\/ld+json\" class=\"yoast-schema-graph\">{\"@context\":\"https:\/\/schema.org\",\"@graph\":[{\"@type\":\"NewsArticle\",\"@id\":\"https:\/\/www.suno.com.br\/noticias\/mp-flavio-bolsonaro-imoveis-milhoes\/#article\",\"isPartOf\":{\"@id\":\"https:\/\/www.suno.com.br\/noticias\/mp-flavio-bolsonaro-imoveis-milhoes\/\"},\"author\":{\"name\":\"Carlo Cauti\",\"@id\":\"https:\/\/www.suno.com.br\/noticias\/#\/schema\/person\/e6e0f723cc177805027f4566c1d5e0c8\"},\"headline\":\"MP: Fl\u00e1vio Bolsonaro teria comprado 19 im\u00f3veis por R$ 9 milh\u00f5es\",\"datePublished\":\"2019-05-15T23:50:25+00:00\",\"dateModified\":\"2019-05-21T14:01:40+00:00\",\"mainEntityOfPage\":{\"@id\":\"https:\/\/www.suno.com.br\/noticias\/mp-flavio-bolsonaro-imoveis-milhoes\/\"},\"wordCount\":547,\"publisher\":{\"@id\":\"https:\/\/www.suno.com.br\/noticias\/#organization\"},\"image\":{\"@id\":\"https:\/\/www.suno.com.br\/noticias\/mp-flavio-bolsonaro-imoveis-milhoes\/#primaryimage\"},\"thumbnailUrl\":\"https:\/\/files.sunoresearch.com.br\/n\/uploads\/2019\/05\/a728796c-fl\u00e1vio-bolsonaro-jpg.webp\",\"articleSection\":[\"Pol\u00edtica\"],\"inLanguage\":\"pt-BR\"},{\"@type\":\"WebPage\",\"@id\":\"https:\/\/www.suno.com.br\/noticias\/mp-flavio-bolsonaro-imoveis-milhoes\/\",\"url\":\"https:\/\/www.suno.com.br\/noticias\/mp-flavio-bolsonaro-imoveis-milhoes\/\",\"name\":\"MP: Fl\u00e1vio Bolsonaro teria comprado 19 im\u00f3veis por R$ 9 milh\u00f5es\",\"isPartOf\":{\"@id\":\"https:\/\/www.suno.com.br\/noticias\/#website\"},\"primaryImageOfPage\":{\"@id\":\"https:\/\/www.suno.com.br\/noticias\/mp-flavio-bolsonaro-imoveis-milhoes\/#primaryimage\"},\"image\":{\"@id\":\"https:\/\/www.suno.com.br\/noticias\/mp-flavio-bolsonaro-imoveis-milhoes\/#primaryimage\"},\"thumbnailUrl\":\"https:\/\/files.sunoresearch.com.br\/n\/uploads\/2019\/05\/a728796c-fl\u00e1vio-bolsonaro-jpg.webp\",\"datePublished\":\"2019-05-15T23:50:25+00:00\",\"dateModified\":\"2019-05-21T14:01:40+00:00\",\"description\":\"O Minist\u00e9rio P\u00fablico do RJ informou que o\u00a0senador Fl\u00e1vio Bolsonaro de ter comprado\u00a019 im\u00f3veis por R$ 9 milh\u00f5es. Clique aqui para saber mais.\",\"breadcrumb\":{\"@id\":\"https:\/\/www.suno.com.br\/noticias\/mp-flavio-bolsonaro-imoveis-milhoes\/#breadcrumb\"},\"inLanguage\":\"pt-BR\",\"potentialAction\":[{\"@type\":\"ReadAction\",\"target\":[\"https:\/\/www.suno.com.br\/noticias\/mp-flavio-bolsonaro-imoveis-milhoes\/\"]}]},{\"@type\":\"ImageObject\",\"inLanguage\":\"pt-BR\",\"@id\":\"https:\/\/www.suno.com.br\/noticias\/mp-flavio-bolsonaro-imoveis-milhoes\/#primaryimage\",\"url\":\"https:\/\/files.sunoresearch.com.br\/n\/uploads\/2019\/05\/a728796c-fl\u00e1vio-bolsonaro-jpg.webp\",\"contentUrl\":\"https:\/\/files.sunoresearch.com.br\/n\/uploads\/2019\/05\/a728796c-fl\u00e1vio-bolsonaro-jpg.webp\",\"width\":1600,\"height\":752,\"caption\":\"O senador Fl\u00e1vio Bolsonaro (PSL-RJ)\"},{\"@type\":\"BreadcrumbList\",\"@id\":\"https:\/\/www.suno.com.br\/noticias\/mp-flavio-bolsonaro-imoveis-milhoes\/#breadcrumb\",\"itemListElement\":[{\"@type\":\"ListItem\",\"position\":1,\"name\":\"Not\u00edcias\",\"item\":\"https:\/\/www.suno.com.br\/noticias\/\"},{\"@type\":\"ListItem\",\"position\":2,\"name\":\"Pol\u00edtica\",\"item\":\"https:\/\/www.suno.com.br\/noticias\/politica\/\"},{\"@type\":\"ListItem\",\"position\":3,\"name\":\"MP: Fl\u00e1vio Bolsonaro teria comprado 19 im\u00f3veis por R$ 9 milh\u00f5es\"}]},{\"@type\":\"WebSite\",\"@id\":\"https:\/\/www.suno.com.br\/noticias\/#website\",\"url\":\"https:\/\/www.suno.com.br\/noticias\/\",\"name\":\"Suno Not\u00edcias\",\"description\":\"Seu portal de informa\u00e7\u00e3o sobre o mundo dos investimentos\",\"publisher\":{\"@id\":\"https:\/\/www.suno.com.br\/noticias\/#organization\"},\"potentialAction\":[{\"@type\":\"SearchAction\",\"target\":{\"@type\":\"EntryPoint\",\"urlTemplate\":\"https:\/\/www.suno.com.br\/noticias\/?s={search_term_string}\"},\"query-input\":{\"@type\":\"PropertyValueSpecification\",\"valueRequired\":true,\"valueName\":\"search_term_string\"}}],\"inLanguage\":\"pt-BR\"},{\"@type\":\"Organization\",\"@id\":\"https:\/\/www.suno.com.br\/noticias\/#organization\",\"name\":\"Suno Not\u00edcias\",\"url\":\"https:\/\/www.suno.com.br\/noticias\/\",\"logo\":{\"@type\":\"ImageObject\",\"inLanguage\":\"pt-BR\",\"@id\":\"https:\/\/www.suno.com.br\/noticias\/#\/schema\/logo\/image\/\",\"url\":\"https:\/\/files.sunoresearch.com.br\/n\/uploads\/2021\/09\/suno-logo.png\",\"contentUrl\":\"https:\/\/files.sunoresearch.com.br\/n\/uploads\/2021\/09\/suno-logo.png\",\"width\":180,\"height\":180,\"caption\":\"Suno Not\u00edcias\"},\"image\":{\"@id\":\"https:\/\/www.suno.com.br\/noticias\/#\/schema\/logo\/image\/\"},\"sameAs\":[\"https:\/\/facebook.com\/sunoresearch\",\"https:\/\/x.com\/sunoresearch\",\"https:\/\/www.instagram.com\/suno\",\"https:\/\/www.linkedin.com\/company\/suno-research\/\",\"https:\/\/www.youtube.com\/c\/sunoresearch\"]},{\"@type\":\"Person\",\"@id\":\"https:\/\/www.suno.com.br\/noticias\/#\/schema\/person\/e6e0f723cc177805027f4566c1d5e0c8\",\"name\":\"Carlo Cauti\",\"image\":{\"@type\":\"ImageObject\",\"inLanguage\":\"pt-BR\",\"@id\":\"https:\/\/www.suno.com.br\/noticias\/#\/schema\/person\/image\/\",\"url\":\"https:\/\/secure.gravatar.com\/avatar\/3ada9e0bd164c23abd4792a9606d583c?s=96&r=g\",\"contentUrl\":\"https:\/\/secure.gravatar.com\/avatar\/3ada9e0bd164c23abd4792a9606d583c?s=96&r=g\",\"caption\":\"Carlo Cauti\"},\"description\":\"Editor multim\u00eddia do SUNO Not\u00edcias. Italiano, formado em Ci\u00eancias Pol\u00edticas pela universidade LUISS G. Carli de Roma e mestre cum laude em Rela\u00e7\u00f5es Internacionais, Jornalismo Internacional e de Guerra e em Economia Internacional. Concluiu tamb\u00e9m um MBA em Finan\u00e7as na B3. No Brasil, teve passagem por ve\u00edculos como Estad\u00e3o, Globo, Veja e EXAME. e nas ag\u00eancias de not\u00edcias italianas ANSA e NOVA.\",\"url\":\"https:\/\/www.suno.com.br\/noticias\/author\/carlo-cauti\/\"}]}<\/script>\n<!-- \/ Yoast SEO plugin. -->","yoast_head_json":{"title":"MP: Fl\u00e1vio Bolsonaro teria comprado 19 im\u00f3veis por R$ 9 milh\u00f5es","description":"O Minist\u00e9rio P\u00fablico do RJ informou que o\u00a0senador Fl\u00e1vio Bolsonaro de ter comprado\u00a019 im\u00f3veis por R$ 9 milh\u00f5es. Clique aqui para saber mais.","robots":{"index":"index","follow":"follow","max-snippet":"max-snippet:-1","max-image-preview":"max-image-preview:large","max-video-preview":"max-video-preview:-1"},"canonical":"https:\/\/www.suno.com.br\/noticias\/mp-flavio-bolsonaro-imoveis-milhoes\/","og_locale":"pt_BR","og_type":"article","og_title":"MP: Fl\u00e1vio Bolsonaro teria comprado 19 im\u00f3veis por R$ 9 milh\u00f5es","og_description":"O Minist\u00e9rio P\u00fablico do RJ informou que o\u00a0senador Fl\u00e1vio Bolsonaro de ter comprado\u00a019 im\u00f3veis por R$ 9 milh\u00f5es. Clique aqui para saber mais.","og_url":"https:\/\/www.suno.com.br\/noticias\/mp-flavio-bolsonaro-imoveis-milhoes\/","og_site_name":"Suno Not\u00edcias","article_publisher":"https:\/\/facebook.com\/sunoresearch","og_image":[{"width":1600,"height":752,"url":"https:\/\/files.sunoresearch.com.br\/n\/uploads\/2019\/05\/a728796c-fl\u00e1vio-bolsonaro.jpg","type":"image\/jpeg"}],"author":"Carlo Cauti","twitter_card":"summary_large_image","twitter_creator":"@sunoresearch","twitter_site":"@sunoresearch","twitter_misc":{"Escrito por":"Carlo Cauti","Est. tempo de leitura":"3 minutos"},"schema":{"@context":"https:\/\/schema.org","@graph":[{"@type":"NewsArticle","@id":"https:\/\/www.suno.com.br\/noticias\/mp-flavio-bolsonaro-imoveis-milhoes\/#article","isPartOf":{"@id":"https:\/\/www.suno.com.br\/noticias\/mp-flavio-bolsonaro-imoveis-milhoes\/"},"author":{"name":"Carlo Cauti","@id":"https:\/\/www.suno.com.br\/noticias\/#\/schema\/person\/e6e0f723cc177805027f4566c1d5e0c8"},"headline":"MP: Fl\u00e1vio Bolsonaro teria comprado 19 im\u00f3veis por R$ 9 milh\u00f5es","datePublished":"2019-05-15T23:50:25+00:00","dateModified":"2019-05-21T14:01:40+00:00","mainEntityOfPage":{"@id":"https:\/\/www.suno.com.br\/noticias\/mp-flavio-bolsonaro-imoveis-milhoes\/"},"wordCount":547,"publisher":{"@id":"https:\/\/www.suno.com.br\/noticias\/#organization"},"image":{"@id":"https:\/\/www.suno.com.br\/noticias\/mp-flavio-bolsonaro-imoveis-milhoes\/#primaryimage"},"thumbnailUrl":"https:\/\/files.sunoresearch.com.br\/n\/uploads\/2019\/05\/a728796c-fl\u00e1vio-bolsonaro-jpg.webp","articleSection":["Pol\u00edtica"],"inLanguage":"pt-BR"},{"@type":"WebPage","@id":"https:\/\/www.suno.com.br\/noticias\/mp-flavio-bolsonaro-imoveis-milhoes\/","url":"https:\/\/www.suno.com.br\/noticias\/mp-flavio-bolsonaro-imoveis-milhoes\/","name":"MP: Fl\u00e1vio Bolsonaro teria comprado 19 im\u00f3veis por R$ 9 milh\u00f5es","isPartOf":{"@id":"https:\/\/www.suno.com.br\/noticias\/#website"},"primaryImageOfPage":{"@id":"https:\/\/www.suno.com.br\/noticias\/mp-flavio-bolsonaro-imoveis-milhoes\/#primaryimage"},"image":{"@id":"https:\/\/www.suno.com.br\/noticias\/mp-flavio-bolsonaro-imoveis-milhoes\/#primaryimage"},"thumbnailUrl":"https:\/\/files.sunoresearch.com.br\/n\/uploads\/2019\/05\/a728796c-fl\u00e1vio-bolsonaro-jpg.webp","datePublished":"2019-05-15T23:50:25+00:00","dateModified":"2019-05-21T14:01:40+00:00","description":"O Minist\u00e9rio P\u00fablico do RJ informou que o\u00a0senador Fl\u00e1vio Bolsonaro de ter comprado\u00a019 im\u00f3veis por R$ 9 milh\u00f5es. Clique aqui para saber mais.","breadcrumb":{"@id":"https:\/\/www.suno.com.br\/noticias\/mp-flavio-bolsonaro-imoveis-milhoes\/#breadcrumb"},"inLanguage":"pt-BR","potentialAction":[{"@type":"ReadAction","target":["https:\/\/www.suno.com.br\/noticias\/mp-flavio-bolsonaro-imoveis-milhoes\/"]}]},{"@type":"ImageObject","inLanguage":"pt-BR","@id":"https:\/\/www.suno.com.br\/noticias\/mp-flavio-bolsonaro-imoveis-milhoes\/#primaryimage","url":"https:\/\/files.sunoresearch.com.br\/n\/uploads\/2019\/05\/a728796c-fl\u00e1vio-bolsonaro-jpg.webp","contentUrl":"https:\/\/files.sunoresearch.com.br\/n\/uploads\/2019\/05\/a728796c-fl\u00e1vio-bolsonaro-jpg.webp","width":1600,"height":752,"caption":"O senador Fl\u00e1vio Bolsonaro (PSL-RJ)"},{"@type":"BreadcrumbList","@id":"https:\/\/www.suno.com.br\/noticias\/mp-flavio-bolsonaro-imoveis-milhoes\/#breadcrumb","itemListElement":[{"@type":"ListItem","position":1,"name":"Not\u00edcias","item":"https:\/\/www.suno.com.br\/noticias\/"},{"@type":"ListItem","position":2,"name":"Pol\u00edtica","item":"https:\/\/www.suno.com.br\/noticias\/politica\/"},{"@type":"ListItem","position":3,"name":"MP: Fl\u00e1vio Bolsonaro teria comprado 19 im\u00f3veis por R$ 9 milh\u00f5es"}]},{"@type":"WebSite","@id":"https:\/\/www.suno.com.br\/noticias\/#website","url":"https:\/\/www.suno.com.br\/noticias\/","name":"Suno Not\u00edcias","description":"Seu portal de informa\u00e7\u00e3o sobre o mundo dos investimentos","publisher":{"@id":"https:\/\/www.suno.com.br\/noticias\/#organization"},"potentialAction":[{"@type":"SearchAction","target":{"@type":"EntryPoint","urlTemplate":"https:\/\/www.suno.com.br\/noticias\/?s={search_term_string}"},"query-input":{"@type":"PropertyValueSpecification","valueRequired":true,"valueName":"search_term_string"}}],"inLanguage":"pt-BR"},{"@type":"Organization","@id":"https:\/\/www.suno.com.br\/noticias\/#organization","name":"Suno Not\u00edcias","url":"https:\/\/www.suno.com.br\/noticias\/","logo":{"@type":"ImageObject","inLanguage":"pt-BR","@id":"https:\/\/www.suno.com.br\/noticias\/#\/schema\/logo\/image\/","url":"https:\/\/files.sunoresearch.com.br\/n\/uploads\/2021\/09\/suno-logo.png","contentUrl":"https:\/\/files.sunoresearch.com.br\/n\/uploads\/2021\/09\/suno-logo.png","width":180,"height":180,"caption":"Suno Not\u00edcias"},"image":{"@id":"https:\/\/www.suno.com.br\/noticias\/#\/schema\/logo\/image\/"},"sameAs":["https:\/\/facebook.com\/sunoresearch","https:\/\/x.com\/sunoresearch","https:\/\/www.instagram.com\/suno","https:\/\/www.linkedin.com\/company\/suno-research\/","https:\/\/www.youtube.com\/c\/sunoresearch"]},{"@type":"Person","@id":"https:\/\/www.suno.com.br\/noticias\/#\/schema\/person\/e6e0f723cc177805027f4566c1d5e0c8","name":"Carlo Cauti","image":{"@type":"ImageObject","inLanguage":"pt-BR","@id":"https:\/\/www.suno.com.br\/noticias\/#\/schema\/person\/image\/","url":"https:\/\/secure.gravatar.com\/avatar\/3ada9e0bd164c23abd4792a9606d583c?s=96&r=g","contentUrl":"https:\/\/secure.gravatar.com\/avatar\/3ada9e0bd164c23abd4792a9606d583c?s=96&r=g","caption":"Carlo Cauti"},"description":"Editor multim\u00eddia do SUNO Not\u00edcias. Italiano, formado em Ci\u00eancias Pol\u00edticas pela universidade LUISS G. Carli de Roma e mestre cum laude em Rela\u00e7\u00f5es Internacionais, Jornalismo Internacional e de Guerra e em Economia Internacional. Concluiu tamb\u00e9m um MBA em Finan\u00e7as na B3. No Brasil, teve passagem por ve\u00edculos como Estad\u00e3o, Globo, Veja e EXAME. e nas ag\u00eancias de not\u00edcias italianas ANSA e NOVA.","url":"https:\/\/www.suno.com.br\/noticias\/author\/carlo-cauti\/"}]}},"default_loop_html":"<div class=\"cardsPage__listCard__boxs\"><div class=\"cardsPage__listCard__boxs__img\"><a href=\"https:\/\/www.suno.com.br\/noticias\/mp-flavio-bolsonaro-imoveis-milhoes\/\"><img class=\"mask\" src=\"https:\/\/www.suno.com.br\/noticias\/wp-content\/themes\/suno\/resources\/images\/spotlight\/spotlight1img\/bg-mask.png\" alt=\"Image Mask\"\/><img src=\"https:\/\/files.sunoresearch.com.br\/n\/uploads\/2019\/05\/a728796c-fl\u00e1vio-bolsonaro-400x200.webp\" alt=\"MP: Fl\u00e1vio Bolsonaro teria comprado 19 im\u00f3veis por R$ 9 milh\u00f5es\"\/><\/a><span class=\"spotlightCategory\"><a href=\"https:\/\/www.suno.com.br\/noticias\/politica\/\">Pol\u00edtica<\/a><\/span><\/div><div class=\"cardsPage__listCard__boxs__content\"><a href=\"https:\/\/www.suno.com.br\/noticias\/mp-flavio-bolsonaro-imoveis-milhoes\/\"><h2 class=\"content__title\">MP: Fl\u00e1vio Bolsonaro teria comprado 19 im\u00f3veis por R$ 9 milh\u00f5es<\/h2><\/a><div class=\"newsContent__article__meta\"><div class=\"newsContent__article__meta__authorBox\"><a href=\"https:\/\/www.suno.com.br\/noticias\/author\/carlo-cauti\/\" class=\"authorBox__avatar noMobi\"><img src=\"https:\/\/files.sunoresearch.com.br\/n\/uploads\/2020\/08\/e3745f9a-perfil-carlo-cauti-150x150.webp\" alt=\"Carlo Cauti\"><\/a><div class=\"authorBox__name\"><span>por\n\t\t\t<a href=\"https:\/\/www.suno.com.br\/noticias\/author\/carlo-cauti\/\"><span itemprop=\"author\">Carlo Cauti<\/span><\/a><\/span><time datetime=\"2019-05-15T20:50:25-03:00\" itemprop=\"datePublished\">15\/05\/2019 20:50<\/time><\/div><\/div><\/div><\/div><\/div>","single_layout":"posts","amp_enabled":true,"_links":{"self":[{"href":"https:\/\/www.suno.com.br\/noticias\/wp-json\/wp\/v2\/posts\/24721"}],"collection":[{"href":"https:\/\/www.suno.com.br\/noticias\/wp-json\/wp\/v2\/posts"}],"about":[{"href":"https:\/\/www.suno.com.br\/noticias\/wp-json\/wp\/v2\/types\/post"}],"author":[{"embeddable":true,"href":"https:\/\/www.suno.com.br\/noticias\/wp-json\/wp\/v2\/users\/9"}],"replies":[{"embeddable":true,"href":"https:\/\/www.suno.com.br\/noticias\/wp-json\/wp\/v2\/comments?post=24721"}],"version-history":[{"count":0,"href":"https:\/\/www.suno.com.br\/noticias\/wp-json\/wp\/v2\/posts\/24721\/revisions"}],"wp:featuredmedia":[{"embeddable":true,"href":"https:\/\/www.suno.com.br\/noticias\/wp-json\/wp\/v2\/media\/23320"}],"wp:attachment":[{"href":"https:\/\/www.suno.com.br\/noticias\/wp-json\/wp\/v2\/media?parent=24721"}],"wp:term":[{"taxonomy":"category","embeddable":true,"href":"https:\/\/www.suno.com.br\/noticias\/wp-json\/wp\/v2\/categories?post=24721"},{"taxonomy":"post_tag","embeddable":true,"href":"https:\/\/www.suno.com.br\/noticias\/wp-json\/wp\/v2\/tags?post=24721"},{"taxonomy":"suno_strategy","embeddable":true,"href":"https:\/\/www.suno.com.br\/noticias\/wp-json\/wp\/v2\/suno_strategy?post=24721"}],"curies":[{"name":"wp","href":"https:\/\/api.w.org\/{rel}","templated":true}]}}