{"id":247055,"date":"2022-04-01T15:48:38","date_gmt":"2022-04-01T18:48:38","guid":{"rendered":"https:\/\/www.suno.com.br\/noticias\/?p=247055"},"modified":"2022-04-01T15:48:38","modified_gmt":"2022-04-01T18:48:38","slug":"small-caps-tend3-tenda-quedas-marco","status":"publish","type":"post","link":"https:\/\/www.suno.com.br\/noticias\/small-caps-tend3-tenda-quedas-marco\/","title":{"rendered":"Small Caps: Tenda (TEND3) cai 30% e \u00e9 maior baixa de mar\u00e7o"},"content":{"rendered":"<p>No acumulado do m\u00eas de mar\u00e7o, as<strong> Small Caps<\/strong> tiveram uma varia\u00e7\u00e3o m\u00e9dia de 8,8% &#8211; sendo alta do SMLL, a segunda maior dos \u00edndices de renda vari\u00e1vel. Na contram\u00e3o, a\u00e7\u00f5es do \u00edndice chegaram a cair acima de 30% &#8211; como foi o caso da <a href=\"https:\/\/www.suno.com.br\/acoes\/TEND3\/\">Tenda (TEND3)<\/a>.<\/p><div class=\"videoFull \">\n\t\t\t<div class=\"videoWrapper yt-lazyload center\"\n\t\t\t\tdata-width=\"960\"\n\t\t\t\tdata-height=\"540\"\n\t\t\t\tdata-id=\"oLy36f-pojg\"\n\t\t\t\tdata-alt=\"V\u00eddeo do YouTube - clique para reproduzir\"\n\t\t\t\tdata-logo=\"3\"\n\t\t\t\tdata-imagequality=\"maxres\">\n\t\t\t<\/div>\n\t\t<\/div><script type=\"application\/ld+json\">{\"@context\":\"https:\/\/schema.org\",\"@type\":\"VideoObject\",\"name\":\"TOP 3 A\u00c7\u00d5ES SMALL CAPS BARATAS para 2022!\",\"description\":\"\ud83d\udcb0Mude de vida em 2022. Conhe\u00e7a a Suno Start e d\u00e9 um pontap\u00e9 inicial nos seus investimentos: https:\/\/lp.suno.com.br\/pv\/eu-invisto\/?utm_source=youtube.tiago&utm_medium=video&utm_campaign=RS.EUI22.ns.20220113&utm_content= TOP 3 A\u00c7\u00d5ES SMALL CAPS BARATAS para 2022! Com a chegada de 2022, os investidores come\u00e7am a procurar por quais as a\u00e7\u00f5es que podem gerar os maiores retornos e os maiores \u00edndices de rentabilidade financeira. Nesse sentido,\u2026\",\"duration\":\"PT11M35S\",\"embedUrl\":\"https:\/\/www.youtube.com\/embed\/oLy36f-pojg\",\"regionsAllowed\":\"pt-BR\",\"interactionStatistic\":{\"@type\":\"InteractionCounter\",\"interactionType\":{\"@type\":\"WatchAction\"},\"userInteractionCount\":34006},\"thumbnailUrl\":\"https:\/\/i.ytimg.com\/vi\/oLy36f-pojg\/default.jpg\",\"uploadDate\":\"2021-11-25T15:29:19Z\"}<\/script>\n\n\t<p>\n\t\t<a href=\"\" target=\"_blank\" data-element=\"shortcode-suno-banner\" title=\"Banner SUNO, clique e saiba mais\">\n\t\t\t<picture>\n\t\t\t\t<source media=\"(max-width: 500px)\" srcset=\"\">\n\t\t\t\t<img class=\"newsContent__article__imgCapa newsContent__article__imgCapa--banner\"\n\t\t\t\t\tsrc=\"\"\n\t\t\t\t\tdata-promo-id=\"138420\"\t\t\t\t\t\t\t\t\t\t\t\t\t\t\talt=\"\"\n\t\t\t\t>\n\t\t\t<\/picture>\n\t\t<\/a>\n\t<\/p>\n\n\n<p>Em grande medida, os drivers das baixas foram os balan\u00e7os. No caso da Tenda, a companhia registrou preju\u00edzo l\u00edquido de R$ 268,5 milh\u00f5es no quarto trimestre de 2021 (4T21), revertendo o lucro de R$ 72 milh\u00f5es do 4T20.<\/p>\n<p>Para a Guide, diferentemente do que foi apresentado na pr\u00e9via operacional, o\u00a0<strong>resultado do 4T21 da Tenda<\/strong> \u201cn\u00e3o foi neutro e muito menos sem surpresas\u201d.\u00a0A corretora viu o balan\u00e7o como negativo e o mercado tamb\u00e9m.<\/p>\n\t<div data-element=\"shortcode-read-more\" class=\"knowMore\">\n\t\t\t\t<span class=\"knowMore__title\">Leia mais<\/span>\n\t\t\t\t<a class=\"knowMore__link\" href=\"https:\/\/www.suno.com.br\/noticias\/cemig-cmig4-4t21-resultado-balanco-dividendos\/\">\n\t\t\tCemig (CMIG4) encolhe lucro no 4T21 e anuncia dividendos bilion\u00e1rios: quase R$ 2 bi\t\t<\/a>\n\t<\/div>\n\n\n<p>Em relat\u00f3rio, a XP destacou no t\u00edtulo que a construtora teve \u201coutro trimestre para esquecer\u201d.<\/p>\n<p>Ap\u00f3s os resultados do\u00a0<strong>4T21 da Tenda<\/strong>, a Genial reiterou sua\u00a0<strong>recomenda\u00e7\u00e3o neutra<\/strong>\u00a0para a empresa, com\u00a0<a class=\"suno-keyword\" href=\"https:\/\/www.suno.com.br\/artigos\/preco-alvo\/\" target=\"_blank\" rel=\"noopener\" data-force=\"no\" data-priority=\"1\">pre\u00e7o alvo<\/a>\u00a0de R$ 17,00. Com o fechamento de ontem (R$ 12,25) como referencial, o potencial de valoriza\u00e7\u00e3o das a\u00e7\u00f5es TEND3 visto pela corretora \u00e9 de 38,78%.<\/p>\n<p>J\u00e1 a XP tem\u00a0<strong>recomenda\u00e7\u00e3o de compra<\/strong>\u00a0para as a\u00e7\u00f5es da Tenda, com pre\u00e7o-alvo de R$ 38,00 \u2013 mais que o triplo da avalia\u00e7\u00e3o dos pap\u00e9is no fechamento de ontem.<\/p>\n<p>Al\u00e9m disso, outras companhias tiveram baixas expressivas no m\u00eas.<\/p>\n<h2>Veja as cinco maiores quedas das Small Caps:<\/h2>\n<ul>\n<li><a href=\"https:\/\/www.suno.com.br\/acoes\/TEND3\/\">Tenda (TEND3)<\/a>: -30,7%<\/li>\n<li><a href=\"https:\/\/www.suno.com.br\/acoes\/OPCT3\/\">Oceanpact (OPCT3)<\/a>: -25,7%<\/li>\n<li><a class=\"suno-keyword\" href=\"https:\/\/www.suno.com.br\/acoes\/SEQL3\/\" target=\"_blank\" rel=\"noopener\" data-force=\"yes\" data-priority=\"2\">Sequioa Log\u00edstica (SEQL3)<\/a>: -17,2%<\/li>\n<li><a class=\"suno-keyword\" href=\"https:\/\/www.suno.com.br\/acoes\/PGMN3\/\" target=\"_blank\" rel=\"noopener\" data-force=\"yes\" data-priority=\"2\">Paguemenos (PGMN3)<\/a>: -11,4%<\/li>\n<li><a href=\"https:\/\/www.suno.com.br\/acoes\/JALL3\/\">Jalles Machado (JALL3)<\/a>: -10,7%<\/li>\n<\/ul>\n<p>No caso da OceanPact, da mesma forma, a companhia teve quedas ap\u00f3s seus resultados, despencando 15% em um s\u00f3 preg\u00e3o.<\/p>\n<p>Alguns especialistas, contudo, vem bons n\u00fameros apesar do preju\u00edzo de R$ 14,5 milh\u00f5es, que representa alta de 145%.<\/p>\n<p>Para o Ita\u00fa BBA, a <strong>OceanPact<\/strong> surpreendeu positivamente, ao apresentar um Ebitda ajustado de R$ 74 milh\u00f5es, acima das estimativas do BBA de R$ 58 milh\u00f5es.<\/p>\n\t<p>\n\t\t<a href=\"https:\/\/lp.suno.com.br\/planilha-controle-gastos\/\" target=\"_blank\" data-element=\"shortcode-suno-banner\" title=\"Banner SUNO, clique e saiba mais\">\n\t\t\t<picture>\n\t\t\t\t<source media=\"(max-width: 500px)\" srcset=\"https:\/\/files.sunoresearch.com.br\/n\/uploads\/2023\/03\/400x300-Planilha-controle-de-gastos.png\">\n\t\t\t\t<img class=\"newsContent__article__imgCapa newsContent__article__imgCapa--banner\"\n\t\t\t\t\tsrc=\"https:\/\/files.sunoresearch.com.br\/n\/uploads\/2023\/03\/1420x240-Planilha-controle-de-gastos.png\"\n\t\t\t\t\tdata-promo-id=\"101751\"\t\t\t\t\t\t\t\t\t\twidth='1420' height='240'\t\t\t\t\talt=\"https:\/\/files.sunoresearch.com.br\/n\/uploads\/2023\/03\/1420x240-Planilha-controle-de-gastos.png\"\n\t\t\t\t>\n\t\t\t<\/picture>\n\t\t<\/a>\n\t<\/p>\n\n\n<p>Al\u00e9m disso, tamb\u00e9m superou seu guidance 2021, com R$ 194 milh\u00f5es no indicador.<\/p>\n<p>A Sequoia, na mesma toada, sangrou ap\u00f3s a divulga\u00e7\u00e3o do seu <a href=\"https:\/\/www.suno.com.br\/artigos\/resultado-financeiro\">resultado financeiro<\/a>. A empresa teve um lucro l\u00edquido ajustado de R$ 20,7 milh\u00f5es no 4T21, queda de 32%.<\/p>\n<p>Apesar disso, o anualizado da empresa mostrou lucro de R$ 51,7 milh\u00f5es, alta de 12%.<\/p>\n<p>A <strong>PagueMenos<\/strong> sofre com piora do cen\u00e1rio de varejo, j\u00e1 que o cen\u00e1rio de juros e infla\u00e7\u00e3o tem deteriorado o setor.<\/p>\n<p>Em relat\u00f3rio recente, o\u00a0BB Investimentos cortou o <a href=\"https:\/\/www.suno.com.br\/artigos\/preco-alvo\">pre\u00e7o-alvo<\/a> das a\u00e7\u00f5es da companhia de R$ 16,90 para R$ 13 vendo os problemas macroecn\u00f4micos.<\/p>\n<p>\u201cNo momento, entendemos que o potencial de valoriza\u00e7\u00e3o do papel est\u00e1 atrelado \u00e0 capacidade da companhia de demonstrar, ao longo dos pr\u00f3ximos trimestres, ganho de participa\u00e7\u00e3o de mercado, al\u00e9m da conclus\u00e3o da transa\u00e7\u00e3o com a Extrafarma\u201d, diz o relat\u00f3rio do banco de investimento.<\/p>\n\t<p>\n\t\t<a href=\"https:\/\/lp.suno.com.br\/planilha-da-vida-financeira\/\" target=\"_blank\" data-element=\"shortcode-suno-banner\" title=\"Banner SUNO, clique e saiba mais\">\n\t\t\t<picture>\n\t\t\t\t<source media=\"(max-width: 500px)\" srcset=\"https:\/\/files.sunoresearch.com.br\/n\/uploads\/2023\/04\/400x300-Planilha-vida-financeira-true.png\">\n\t\t\t\t<img class=\"newsContent__article__imgCapa newsContent__article__imgCapa--banner\"\n\t\t\t\t\tsrc=\"https:\/\/files.sunoresearch.com.br\/n\/uploads\/2023\/04\/1420x240-Planilha-vida-financeira-true.png\"\n\t\t\t\t\tdata-promo-id=\"106682\"\t\t\t\t\t\t\t\t\t\twidth='1420' height='240'\t\t\t\t\talt=\"https:\/\/files.sunoresearch.com.br\/n\/uploads\/2023\/04\/1420x240-Planilha-vida-financeira-true.png\"\n\t\t\t\t>\n\t\t\t<\/picture>\n\t\t<\/a>\n\t<\/p>\n\n\n<h2>Small Caps s\u00f3 perdem para pagadoras de dividendos em mar\u00e7o<\/h2>\n<p>Em um m\u00eas de grande fluxo de <a class=\"suno-keyword\" href=\"https:\/\/www.suno.com.br\/artigos\/capital-estrangeiro\/\" target=\"_blank\" rel=\"noopener\" data-force=\"no\" data-priority=\"1\">capital estrangeiro<\/a> em busca de gigantes da bolsa &#8211; <a href=\"https:\/\/www.suno.com.br\/noticias\/investidor-estrangeiro-aporte-bolsa-b3-b3sa3\/\">majoritariamente atreladas \u00e0s commodities<\/a> &#8211; os ativos que <a href=\"https:\/\/www.suno.com.br\/guias\/dividendos\/\">s\u00e3o bons pagadores<\/a> de <strong>dividendos<\/strong> foram os que tiveram maior rentabilidade e desempenharam melhor, sendo o IDIV o \u00fanico \u00edndice a desempenhar acima do SMLL no acumulado de mar\u00e7o.<\/p>\n<p>No acumulado mensal, o <a href=\"https:\/\/www.suno.com.br\/artigos\/idiv\/\"><strong>IDIV<\/strong><\/a>, \u00cdndice de Dividendos, teve alta de 10%.<\/p>\n\t<p>\n\t\t<a href=\"https:\/\/lp.suno.com.br\/ebook-como-analisar-uma-acao\/\" target=\"_blank\" data-element=\"shortcode-suno-banner\" title=\"Banner SUNO, clique e saiba mais\">\n\t\t\t<picture>\n\t\t\t\t<source media=\"(max-width: 500px)\" srcset=\"https:\/\/files.sunoresearch.com.br\/n\/uploads\/2023\/03\/Ebook-Acoes-Mobile-1.jpg\">\n\t\t\t\t<img class=\"newsContent__article__imgCapa newsContent__article__imgCapa--banner\"\n\t\t\t\t\tsrc=\"https:\/\/files.sunoresearch.com.br\/n\/uploads\/2023\/03\/Ebook-Acoes-Desktop-1.jpg\"\n\t\t\t\t\tdata-promo-id=\"171998\"\t\t\t\t\t\t\t\t\t\twidth='1420' height='286'\t\t\t\t\talt=\"https:\/\/files.sunoresearch.com.br\/n\/uploads\/2023\/03\/Ebook-Acoes-Desktop-1.jpg\"\n\t\t\t\t>\n\t\t\t<\/picture>\n\t\t<\/a>\n\t<\/p>\n\n\n<p>Al\u00e9m disso, o <strong>\u00edndice de dividendos<\/strong> tamb\u00e9m performou em primeiro lugar do ranking das aplica\u00e7\u00f5es do primeiro trimestre, com alta de 15,48% na janela.<\/p>\n<h4>Veja abaixo o ranking de mar\u00e7o:<\/h4>\n<ol>\n<li>IDIV: +10%<\/li>\n<li>SMLL: +8,81%<\/li>\n<li>ISE: +7,48%<\/li>\n<li>Ibovespa: +6%<\/li>\n<li>ICON: +5,74%<\/li>\n<li>IMOB: +5,72%<\/li>\n<li>IbrX50: +5,42%<\/li>\n<li>IMA-B 5: +3,56%<\/li>\n<li>IMA-B: +3,07%<\/li>\n<li>IMA-B 5: +2,61%<\/li>\n<\/ol>\n<p>Diferente do IDIV e do SMLL, \u00edndice de <strong>Small Caps<\/strong>, as piores performances, de queda, ficam <a href=\"https:\/\/www.suno.com.br\/noticias\/dolar-cai-encerra-trimestre-desvalorizcao\/\">com os ativos os que tinham algum v\u00ednculo com o c\u00e2mbio<\/a>, j\u00e1 que no per\u00edodo o pior desempenho ficou por conta dos fundos multimercado de investimento no Exterior, que tiveram queda de 0,06%.<\/p>\n\t<p>\n\t\t<a href=\"https:\/\/lp.suno.com.br\/planilha-de-controle-de-investimentos\/\" target=\"_blank\" data-element=\"shortcode-suno-banner\" title=\"Banner SUNO, clique e saiba mais\">\n\t\t\t<picture>\n\t\t\t\t<source media=\"(max-width: 500px)\" srcset=\"https:\/\/files.sunoresearch.com.br\/n\/uploads\/2023\/03\/400x300-Controle-de-Investimentos.png\">\n\t\t\t\t<img class=\"newsContent__article__imgCapa newsContent__article__imgCapa--banner\"\n\t\t\t\t\tsrc=\"https:\/\/files.sunoresearch.com.br\/n\/uploads\/2023\/03\/1420x240-Controle-de-Investimentos.png\"\n\t\t\t\t\tdata-promo-id=\"75934\"\t\t\t\t\t\t\t\t\t\twidth='1420' height='240'\t\t\t\t\talt=\"https:\/\/files.sunoresearch.com.br\/n\/uploads\/2023\/03\/1420x240-Controle-de-Investimentos.png\"\n\t\t\t\t>\n\t\t\t<\/picture>\n\t\t<\/a>\n\t<\/p>\n\n\n","protected":false},"excerpt":{"rendered":"<p>No acumulado do m\u00eas de mar\u00e7o, as Small Caps tiveram uma varia\u00e7\u00e3o m\u00e9dia de 8,8% &#8211; sendo alta do SMLL, a segunda maior dos \u00edndices de renda vari\u00e1vel. Na contram\u00e3o, a\u00e7\u00f5es do \u00edndice chegaram a cair acima de 30% &#8211; como foi o caso da Tenda (TEND3). Em grande medida, os drivers das baixas foram [&hellip;]<\/p>\n","protected":false},"author":73,"featured_media":166645,"comment_status":"closed","ping_status":"closed","sticky":false,"template":"","format":"standard","meta":[],"categories":[64],"tags":[105815,105726,105479,60051,105858,304,660],"suno_strategy":[],"class_list":["post-247055","post","type-post","status-publish","format-standard","has-post-thumbnail","hentry","category-negocios","tag-especial","tag-jalles-machado-jall3","tag-oceanpact-opct3","tag-pague-menos-pgmn3","tag-sequoia-seql3","tag-small-caps","tag-tenda-tend3"],"yoast_head":"<!-- This site is optimized with the Yoast SEO plugin v24.4 - https:\/\/yoast.com\/wordpress\/plugins\/seo\/ -->\n<title>Small Caps: Tenda (TEND3) cai 30% e \u00e9 maior baixa de mar\u00e7o<\/title>\n<meta name=\"description\" content=\"Fechando o \u00faltimo per\u00edodo da temporada de balan\u00e7os, as maiores quedas das small caps vieram ap\u00f3s resultados do 4T21. Clique aqui e leia mais.\" \/>\n<meta name=\"robots\" content=\"index, follow, max-snippet:-1, max-image-preview:large, max-video-preview:-1\" \/>\n<link rel=\"canonical\" href=\"https:\/\/www.suno.com.br\/noticias\/small-caps-tend3-tenda-quedas-marco\/\" \/>\n<meta property=\"og:locale\" content=\"pt_BR\" \/>\n<meta property=\"og:type\" content=\"article\" \/>\n<meta property=\"og:title\" content=\"Small Caps: Tenda (TEND3) cai 30% e \u00e9 maior baixa de mar\u00e7o\" \/>\n<meta property=\"og:description\" content=\"Fechando o \u00faltimo per\u00edodo da temporada de balan\u00e7os, as maiores quedas das small caps vieram ap\u00f3s resultados do 4T21. Clique aqui e leia mais.\" \/>\n<meta property=\"og:url\" content=\"https:\/\/www.suno.com.br\/noticias\/small-caps-tend3-tenda-quedas-marco\/\" \/>\n<meta property=\"og:site_name\" content=\"Suno Not\u00edcias\" \/>\n<meta property=\"article:publisher\" content=\"https:\/\/facebook.com\/sunoresearch\" \/>\n<meta property=\"og:image\" content=\"https:\/\/files.sunoresearch.com.br\/n\/uploads\/2021\/07\/543ff7c6-215870500_2680010118811050_351142597745808933_n.jpg\" \/>\n\t<meta property=\"og:image:width\" content=\"2048\" \/>\n\t<meta property=\"og:image:height\" content=\"1366\" \/>\n\t<meta property=\"og:image:type\" content=\"image\/jpeg\" \/>\n<meta name=\"author\" content=\"Eduardo Vargas\" \/>\n<meta name=\"twitter:card\" content=\"summary_large_image\" \/>\n<meta name=\"twitter:creator\" content=\"@sunoresearch\" \/>\n<meta name=\"twitter:site\" content=\"@sunoresearch\" \/>\n<meta name=\"twitter:label1\" content=\"Escrito por\" \/>\n\t<meta name=\"twitter:data1\" content=\"Eduardo Vargas\" \/>\n\t<meta name=\"twitter:label2\" content=\"Est. tempo de leitura\" \/>\n\t<meta name=\"twitter:data2\" content=\"3 minutos\" \/>\n<script type=\"application\/ld+json\" class=\"yoast-schema-graph\">{\"@context\":\"https:\/\/schema.org\",\"@graph\":[{\"@type\":\"NewsArticle\",\"@id\":\"https:\/\/www.suno.com.br\/noticias\/small-caps-tend3-tenda-quedas-marco\/#article\",\"isPartOf\":{\"@id\":\"https:\/\/www.suno.com.br\/noticias\/small-caps-tend3-tenda-quedas-marco\/\"},\"author\":{\"name\":\"Eduardo Vargas\",\"@id\":\"https:\/\/www.suno.com.br\/noticias\/#\/schema\/person\/7f4d362bf3518e76090143ae77bb49a5\"},\"headline\":\"Small Caps: Tenda (TEND3) cai 30% e \u00e9 maior baixa de mar\u00e7o\",\"datePublished\":\"2022-04-01T18:48:38+00:00\",\"mainEntityOfPage\":{\"@id\":\"https:\/\/www.suno.com.br\/noticias\/small-caps-tend3-tenda-quedas-marco\/\"},\"wordCount\":692,\"publisher\":{\"@id\":\"https:\/\/www.suno.com.br\/noticias\/#organization\"},\"image\":{\"@id\":\"https:\/\/www.suno.com.br\/noticias\/small-caps-tend3-tenda-quedas-marco\/#primaryimage\"},\"thumbnailUrl\":\"https:\/\/files.sunoresearch.com.br\/n\/uploads\/2021\/07\/543ff7c6-215870500_2680010118811050_351142597745808933_n.jpg\",\"keywords\":[\"Especiais\",\"Jalles Machado (JALL3)\",\"Oceanpact (OPCT3)\",\"Pague Menos (PGMN3)\",\"Sequoia (SEQL3)\",\"Small Caps\",\"Tenda (TEND3)\"],\"articleSection\":[\"Neg\u00f3cios\"],\"inLanguage\":\"pt-BR\"},{\"@type\":\"WebPage\",\"@id\":\"https:\/\/www.suno.com.br\/noticias\/small-caps-tend3-tenda-quedas-marco\/\",\"url\":\"https:\/\/www.suno.com.br\/noticias\/small-caps-tend3-tenda-quedas-marco\/\",\"name\":\"Small Caps: Tenda (TEND3) cai 30% e \u00e9 maior baixa de mar\u00e7o\",\"isPartOf\":{\"@id\":\"https:\/\/www.suno.com.br\/noticias\/#website\"},\"primaryImageOfPage\":{\"@id\":\"https:\/\/www.suno.com.br\/noticias\/small-caps-tend3-tenda-quedas-marco\/#primaryimage\"},\"image\":{\"@id\":\"https:\/\/www.suno.com.br\/noticias\/small-caps-tend3-tenda-quedas-marco\/#primaryimage\"},\"thumbnailUrl\":\"https:\/\/files.sunoresearch.com.br\/n\/uploads\/2021\/07\/543ff7c6-215870500_2680010118811050_351142597745808933_n.jpg\",\"datePublished\":\"2022-04-01T18:48:38+00:00\",\"description\":\"Fechando o \u00faltimo per\u00edodo da temporada de balan\u00e7os, as maiores quedas das small caps vieram ap\u00f3s resultados do 4T21. Clique aqui e leia mais.\",\"breadcrumb\":{\"@id\":\"https:\/\/www.suno.com.br\/noticias\/small-caps-tend3-tenda-quedas-marco\/#breadcrumb\"},\"inLanguage\":\"pt-BR\",\"potentialAction\":[{\"@type\":\"ReadAction\",\"target\":[\"https:\/\/www.suno.com.br\/noticias\/small-caps-tend3-tenda-quedas-marco\/\"]}]},{\"@type\":\"ImageObject\",\"inLanguage\":\"pt-BR\",\"@id\":\"https:\/\/www.suno.com.br\/noticias\/small-caps-tend3-tenda-quedas-marco\/#primaryimage\",\"url\":\"https:\/\/files.sunoresearch.com.br\/n\/uploads\/2021\/07\/543ff7c6-215870500_2680010118811050_351142597745808933_n.jpg\",\"contentUrl\":\"https:\/\/files.sunoresearch.com.br\/n\/uploads\/2021\/07\/543ff7c6-215870500_2680010118811050_351142597745808933_n.jpg\",\"width\":2048,\"height\":1366,\"caption\":\"Tenda (TEND3). Foto: Reprodu\u00e7\u00e3o Facebook.\"},{\"@type\":\"BreadcrumbList\",\"@id\":\"https:\/\/www.suno.com.br\/noticias\/small-caps-tend3-tenda-quedas-marco\/#breadcrumb\",\"itemListElement\":[{\"@type\":\"ListItem\",\"position\":1,\"name\":\"Not\u00edcias\",\"item\":\"https:\/\/www.suno.com.br\/noticias\/\"},{\"@type\":\"ListItem\",\"position\":2,\"name\":\"Neg\u00f3cios\",\"item\":\"https:\/\/www.suno.com.br\/noticias\/negocios\/\"},{\"@type\":\"ListItem\",\"position\":3,\"name\":\"Small Caps: Tenda (TEND3) cai 30% e \u00e9 maior baixa de mar\u00e7o\"}]},{\"@type\":\"WebSite\",\"@id\":\"https:\/\/www.suno.com.br\/noticias\/#website\",\"url\":\"https:\/\/www.suno.com.br\/noticias\/\",\"name\":\"Suno Not\u00edcias\",\"description\":\"Seu portal de informa\u00e7\u00e3o sobre o mundo dos investimentos\",\"publisher\":{\"@id\":\"https:\/\/www.suno.com.br\/noticias\/#organization\"},\"potentialAction\":[{\"@type\":\"SearchAction\",\"target\":{\"@type\":\"EntryPoint\",\"urlTemplate\":\"https:\/\/www.suno.com.br\/noticias\/?s={search_term_string}\"},\"query-input\":{\"@type\":\"PropertyValueSpecification\",\"valueRequired\":true,\"valueName\":\"search_term_string\"}}],\"inLanguage\":\"pt-BR\"},{\"@type\":\"Organization\",\"@id\":\"https:\/\/www.suno.com.br\/noticias\/#organization\",\"name\":\"Suno Not\u00edcias\",\"url\":\"https:\/\/www.suno.com.br\/noticias\/\",\"logo\":{\"@type\":\"ImageObject\",\"inLanguage\":\"pt-BR\",\"@id\":\"https:\/\/www.suno.com.br\/noticias\/#\/schema\/logo\/image\/\",\"url\":\"https:\/\/files.sunoresearch.com.br\/n\/uploads\/2021\/09\/suno-logo.png\",\"contentUrl\":\"https:\/\/files.sunoresearch.com.br\/n\/uploads\/2021\/09\/suno-logo.png\",\"width\":180,\"height\":180,\"caption\":\"Suno Not\u00edcias\"},\"image\":{\"@id\":\"https:\/\/www.suno.com.br\/noticias\/#\/schema\/logo\/image\/\"},\"sameAs\":[\"https:\/\/facebook.com\/sunoresearch\",\"https:\/\/x.com\/sunoresearch\",\"https:\/\/www.instagram.com\/suno\",\"https:\/\/www.linkedin.com\/company\/suno-research\/\",\"https:\/\/www.youtube.com\/c\/sunoresearch\"]},{\"@type\":\"Person\",\"@id\":\"https:\/\/www.suno.com.br\/noticias\/#\/schema\/person\/7f4d362bf3518e76090143ae77bb49a5\",\"name\":\"Eduardo Vargas\",\"image\":{\"@type\":\"ImageObject\",\"inLanguage\":\"pt-BR\",\"@id\":\"https:\/\/www.suno.com.br\/noticias\/#\/schema\/person\/image\/\",\"url\":\"https:\/\/secure.gravatar.com\/avatar\/dac340933427a22924c9f99d1eb2e3f2?s=96&r=g\",\"contentUrl\":\"https:\/\/secure.gravatar.com\/avatar\/dac340933427a22924c9f99d1eb2e3f2?s=96&r=g\",\"caption\":\"Eduardo Vargas\"},\"description\":\"Jornalista formado pela UFSC, cobre macroeconomia, neg\u00f3cios e startups para o Suno Not\u00edcias, escrevendo principalmente not\u00edcias sobre o mercado financeiro e a bolsa de valores. No YouTube e no Instagram, \u00e9 respons\u00e1vel pela produ\u00e7\u00e3o de Reels e Shorts do Suno Not\u00edcias. Anteriormente, trabalhou cobrindo economia e cotidiano no ND+ e para o ND, maior jornal impresso de Santa Catarina. Cursou um semestre letivo de Estudos de M\u00eddia na Universidad de Buenos Aires.\",\"url\":\"https:\/\/www.suno.com.br\/noticias\/author\/eduardo-vargas\/\"}]}<\/script>\n<!-- \/ Yoast SEO plugin. -->","yoast_head_json":{"title":"Small Caps: Tenda (TEND3) cai 30% e \u00e9 maior baixa de mar\u00e7o","description":"Fechando o \u00faltimo per\u00edodo da temporada de balan\u00e7os, as maiores quedas das small caps vieram ap\u00f3s resultados do 4T21. Clique aqui e leia mais.","robots":{"index":"index","follow":"follow","max-snippet":"max-snippet:-1","max-image-preview":"max-image-preview:large","max-video-preview":"max-video-preview:-1"},"canonical":"https:\/\/www.suno.com.br\/noticias\/small-caps-tend3-tenda-quedas-marco\/","og_locale":"pt_BR","og_type":"article","og_title":"Small Caps: Tenda (TEND3) cai 30% e \u00e9 maior baixa de mar\u00e7o","og_description":"Fechando o \u00faltimo per\u00edodo da temporada de balan\u00e7os, as maiores quedas das small caps vieram ap\u00f3s resultados do 4T21. Clique aqui e leia mais.","og_url":"https:\/\/www.suno.com.br\/noticias\/small-caps-tend3-tenda-quedas-marco\/","og_site_name":"Suno Not\u00edcias","article_publisher":"https:\/\/facebook.com\/sunoresearch","og_image":[{"width":2048,"height":1366,"url":"https:\/\/files.sunoresearch.com.br\/n\/uploads\/2021\/07\/543ff7c6-215870500_2680010118811050_351142597745808933_n.jpg","type":"image\/jpeg"}],"author":"Eduardo Vargas","twitter_card":"summary_large_image","twitter_creator":"@sunoresearch","twitter_site":"@sunoresearch","twitter_misc":{"Escrito por":"Eduardo Vargas","Est. tempo de leitura":"3 minutos"},"schema":{"@context":"https:\/\/schema.org","@graph":[{"@type":"NewsArticle","@id":"https:\/\/www.suno.com.br\/noticias\/small-caps-tend3-tenda-quedas-marco\/#article","isPartOf":{"@id":"https:\/\/www.suno.com.br\/noticias\/small-caps-tend3-tenda-quedas-marco\/"},"author":{"name":"Eduardo Vargas","@id":"https:\/\/www.suno.com.br\/noticias\/#\/schema\/person\/7f4d362bf3518e76090143ae77bb49a5"},"headline":"Small Caps: Tenda (TEND3) cai 30% e \u00e9 maior baixa de mar\u00e7o","datePublished":"2022-04-01T18:48:38+00:00","mainEntityOfPage":{"@id":"https:\/\/www.suno.com.br\/noticias\/small-caps-tend3-tenda-quedas-marco\/"},"wordCount":692,"publisher":{"@id":"https:\/\/www.suno.com.br\/noticias\/#organization"},"image":{"@id":"https:\/\/www.suno.com.br\/noticias\/small-caps-tend3-tenda-quedas-marco\/#primaryimage"},"thumbnailUrl":"https:\/\/files.sunoresearch.com.br\/n\/uploads\/2021\/07\/543ff7c6-215870500_2680010118811050_351142597745808933_n.jpg","keywords":["Especiais","Jalles Machado (JALL3)","Oceanpact (OPCT3)","Pague Menos (PGMN3)","Sequoia (SEQL3)","Small Caps","Tenda (TEND3)"],"articleSection":["Neg\u00f3cios"],"inLanguage":"pt-BR"},{"@type":"WebPage","@id":"https:\/\/www.suno.com.br\/noticias\/small-caps-tend3-tenda-quedas-marco\/","url":"https:\/\/www.suno.com.br\/noticias\/small-caps-tend3-tenda-quedas-marco\/","name":"Small Caps: Tenda (TEND3) cai 30% e \u00e9 maior baixa de mar\u00e7o","isPartOf":{"@id":"https:\/\/www.suno.com.br\/noticias\/#website"},"primaryImageOfPage":{"@id":"https:\/\/www.suno.com.br\/noticias\/small-caps-tend3-tenda-quedas-marco\/#primaryimage"},"image":{"@id":"https:\/\/www.suno.com.br\/noticias\/small-caps-tend3-tenda-quedas-marco\/#primaryimage"},"thumbnailUrl":"https:\/\/files.sunoresearch.com.br\/n\/uploads\/2021\/07\/543ff7c6-215870500_2680010118811050_351142597745808933_n.jpg","datePublished":"2022-04-01T18:48:38+00:00","description":"Fechando o \u00faltimo per\u00edodo da temporada de balan\u00e7os, as maiores quedas das small caps vieram ap\u00f3s resultados do 4T21. Clique aqui e leia mais.","breadcrumb":{"@id":"https:\/\/www.suno.com.br\/noticias\/small-caps-tend3-tenda-quedas-marco\/#breadcrumb"},"inLanguage":"pt-BR","potentialAction":[{"@type":"ReadAction","target":["https:\/\/www.suno.com.br\/noticias\/small-caps-tend3-tenda-quedas-marco\/"]}]},{"@type":"ImageObject","inLanguage":"pt-BR","@id":"https:\/\/www.suno.com.br\/noticias\/small-caps-tend3-tenda-quedas-marco\/#primaryimage","url":"https:\/\/files.sunoresearch.com.br\/n\/uploads\/2021\/07\/543ff7c6-215870500_2680010118811050_351142597745808933_n.jpg","contentUrl":"https:\/\/files.sunoresearch.com.br\/n\/uploads\/2021\/07\/543ff7c6-215870500_2680010118811050_351142597745808933_n.jpg","width":2048,"height":1366,"caption":"Tenda (TEND3). Foto: Reprodu\u00e7\u00e3o Facebook."},{"@type":"BreadcrumbList","@id":"https:\/\/www.suno.com.br\/noticias\/small-caps-tend3-tenda-quedas-marco\/#breadcrumb","itemListElement":[{"@type":"ListItem","position":1,"name":"Not\u00edcias","item":"https:\/\/www.suno.com.br\/noticias\/"},{"@type":"ListItem","position":2,"name":"Neg\u00f3cios","item":"https:\/\/www.suno.com.br\/noticias\/negocios\/"},{"@type":"ListItem","position":3,"name":"Small Caps: Tenda (TEND3) cai 30% e \u00e9 maior baixa de mar\u00e7o"}]},{"@type":"WebSite","@id":"https:\/\/www.suno.com.br\/noticias\/#website","url":"https:\/\/www.suno.com.br\/noticias\/","name":"Suno Not\u00edcias","description":"Seu portal de informa\u00e7\u00e3o sobre o mundo dos investimentos","publisher":{"@id":"https:\/\/www.suno.com.br\/noticias\/#organization"},"potentialAction":[{"@type":"SearchAction","target":{"@type":"EntryPoint","urlTemplate":"https:\/\/www.suno.com.br\/noticias\/?s={search_term_string}"},"query-input":{"@type":"PropertyValueSpecification","valueRequired":true,"valueName":"search_term_string"}}],"inLanguage":"pt-BR"},{"@type":"Organization","@id":"https:\/\/www.suno.com.br\/noticias\/#organization","name":"Suno Not\u00edcias","url":"https:\/\/www.suno.com.br\/noticias\/","logo":{"@type":"ImageObject","inLanguage":"pt-BR","@id":"https:\/\/www.suno.com.br\/noticias\/#\/schema\/logo\/image\/","url":"https:\/\/files.sunoresearch.com.br\/n\/uploads\/2021\/09\/suno-logo.png","contentUrl":"https:\/\/files.sunoresearch.com.br\/n\/uploads\/2021\/09\/suno-logo.png","width":180,"height":180,"caption":"Suno Not\u00edcias"},"image":{"@id":"https:\/\/www.suno.com.br\/noticias\/#\/schema\/logo\/image\/"},"sameAs":["https:\/\/facebook.com\/sunoresearch","https:\/\/x.com\/sunoresearch","https:\/\/www.instagram.com\/suno","https:\/\/www.linkedin.com\/company\/suno-research\/","https:\/\/www.youtube.com\/c\/sunoresearch"]},{"@type":"Person","@id":"https:\/\/www.suno.com.br\/noticias\/#\/schema\/person\/7f4d362bf3518e76090143ae77bb49a5","name":"Eduardo Vargas","image":{"@type":"ImageObject","inLanguage":"pt-BR","@id":"https:\/\/www.suno.com.br\/noticias\/#\/schema\/person\/image\/","url":"https:\/\/secure.gravatar.com\/avatar\/dac340933427a22924c9f99d1eb2e3f2?s=96&r=g","contentUrl":"https:\/\/secure.gravatar.com\/avatar\/dac340933427a22924c9f99d1eb2e3f2?s=96&r=g","caption":"Eduardo Vargas"},"description":"Jornalista formado pela UFSC, cobre macroeconomia, neg\u00f3cios e startups para o Suno Not\u00edcias, escrevendo principalmente not\u00edcias sobre o mercado financeiro e a bolsa de valores. No YouTube e no Instagram, \u00e9 respons\u00e1vel pela produ\u00e7\u00e3o de Reels e Shorts do Suno Not\u00edcias. Anteriormente, trabalhou cobrindo economia e cotidiano no ND+ e para o ND, maior jornal impresso de Santa Catarina. Cursou um semestre letivo de Estudos de M\u00eddia na Universidad de Buenos Aires.","url":"https:\/\/www.suno.com.br\/noticias\/author\/eduardo-vargas\/"}]}},"default_loop_html":"<div class=\"cardsPage__listCard__boxs\"><div class=\"cardsPage__listCard__boxs__img\"><a href=\"https:\/\/www.suno.com.br\/noticias\/small-caps-tend3-tenda-quedas-marco\/\"><img class=\"mask\" src=\"https:\/\/www.suno.com.br\/noticias\/wp-content\/themes\/suno\/resources\/images\/spotlight\/spotlight1img\/bg-mask.png\" alt=\"Image Mask\"\/><img src=\"https:\/\/files.sunoresearch.com.br\/n\/uploads\/2021\/07\/543ff7c6-215870500_2680010118811050_351142597745808933_n-400x200.jpg\" alt=\"Small Caps: Tenda (TEND3) cai 30% e \u00e9 maior baixa de mar\u00e7o\"\/><\/a><span class=\"spotlightCategory\"><a href=\"https:\/\/www.suno.com.br\/noticias\/negocios\/\">Neg\u00f3cios<\/a><\/span><\/div><div class=\"cardsPage__listCard__boxs__content\"><a href=\"https:\/\/www.suno.com.br\/noticias\/small-caps-tend3-tenda-quedas-marco\/\"><h2 class=\"content__title\">Small Caps: Tenda (TEND3) cai 30% e \u00e9 maior baixa de mar\u00e7o<\/h2><\/a><div class=\"newsContent__article__meta\"><div class=\"newsContent__article__meta__authorBox\"><a href=\"https:\/\/www.suno.com.br\/noticias\/author\/eduardo-vargas\/\" class=\"authorBox__avatar noMobi\"><img src=\"https:\/\/secure.gravatar.com\/avatar\/dac340933427a22924c9f99d1eb2e3f2?s=96&#038;r=g\" alt=\"Eduardo Vargas\"><\/a><div class=\"authorBox__name\"><span>por\n\t\t\t<a href=\"https:\/\/www.suno.com.br\/noticias\/author\/eduardo-vargas\/\"><span itemprop=\"author\">Eduardo Vargas<\/span><\/a><\/span><time datetime=\"2022-04-01T15:48:38-03:00\" itemprop=\"datePublished\">01\/04\/2022 15:48<\/time><\/div><\/div><\/div><\/div><\/div>","single_layout":"posts","amp_enabled":true,"_links":{"self":[{"href":"https:\/\/www.suno.com.br\/noticias\/wp-json\/wp\/v2\/posts\/247055"}],"collection":[{"href":"https:\/\/www.suno.com.br\/noticias\/wp-json\/wp\/v2\/posts"}],"about":[{"href":"https:\/\/www.suno.com.br\/noticias\/wp-json\/wp\/v2\/types\/post"}],"author":[{"embeddable":true,"href":"https:\/\/www.suno.com.br\/noticias\/wp-json\/wp\/v2\/users\/73"}],"replies":[{"embeddable":true,"href":"https:\/\/www.suno.com.br\/noticias\/wp-json\/wp\/v2\/comments?post=247055"}],"version-history":[{"count":1,"href":"https:\/\/www.suno.com.br\/noticias\/wp-json\/wp\/v2\/posts\/247055\/revisions"}],"predecessor-version":[{"id":247099,"href":"https:\/\/www.suno.com.br\/noticias\/wp-json\/wp\/v2\/posts\/247055\/revisions\/247099"}],"wp:featuredmedia":[{"embeddable":true,"href":"https:\/\/www.suno.com.br\/noticias\/wp-json\/wp\/v2\/media\/166645"}],"wp:attachment":[{"href":"https:\/\/www.suno.com.br\/noticias\/wp-json\/wp\/v2\/media?parent=247055"}],"wp:term":[{"taxonomy":"category","embeddable":true,"href":"https:\/\/www.suno.com.br\/noticias\/wp-json\/wp\/v2\/categories?post=247055"},{"taxonomy":"post_tag","embeddable":true,"href":"https:\/\/www.suno.com.br\/noticias\/wp-json\/wp\/v2\/tags?post=247055"},{"taxonomy":"suno_strategy","embeddable":true,"href":"https:\/\/www.suno.com.br\/noticias\/wp-json\/wp\/v2\/suno_strategy?post=247055"}],"curies":[{"name":"wp","href":"https:\/\/api.w.org\/{rel}","templated":true}]}}