{"id":24700,"date":"2019-05-15T17:32:42","date_gmt":"2019-05-15T20:32:42","guid":{"rendered":"https:\/\/www.suno.com.br\/noticias\/?p=24700"},"modified":"2019-05-16T18:07:38","modified_gmt":"2019-05-16T21:07:38","slug":"dolar-fecha-alta-corte-pib","status":"publish","type":"post","link":"https:\/\/www.suno.com.br\/noticias\/dolar-fecha-alta-corte-pib\/","title":{"rendered":"D\u00f3lar beira R$ 4 e fecha em alta com corte na previs\u00e3o do PIB"},"content":{"rendered":"<p>O d\u00f3lar fechou esta quarta-feira (15) em alta de 0,513% , negociado a R$ 3,9962. As previs\u00f5es de <strong><a href=\"https:\/\/www.suno.com.br\/artigos\/pib-produto-interno-bruto\/\">Produto Interno Bruto (PIB)<\/a> <\/strong>negativo no 1\u00ba trimestre seja pelo <strong>IBC-Br<\/strong> que pelo <strong>IFI<\/strong> geraram essa alta da moeda norte-americana.<\/p>\t<div class=\"wrapper-featured-image\">\n\t\t<figure class=\"spotlightImg\">\n\n\t\t\t<picture>\n\t\t\t\t<source media=\"(max-width: 768px)\" srcset=\"https:\/\/files.sunoresearch.com.br\/n\/uploads\/2019\/01\/1e328bf6-d\u00f3lar-400x200.webp\">\n\t\t\t\t<img loading=\"lazy\" decoding=\"async\" class=\"newsContent__article__imgCapa lazyloadDisabled newsContent__article__imgCapa--noCaption\" src=\"https:\/\/files.sunoresearch.com.br\/n\/uploads\/2019\/01\/1e328bf6-d\u00f3lar.jpg\" width=\"800\" height=\"450\" alt=\"D\u00f3lar beira R$ 4 e fecha em alta com corte na previs\u00e3o do PIB\" fetchpriority=high \/>\n\t\t\t<\/picture>\n\n\t\t\t<figcaption class=\"wp-caption-text wp-caption-text--hide\">O d\u00f3lar encerrou nesta sexta-feira em alta de 1,14%, negociado a R$ 5,326 na venda, batendo um novo record. Clique aqui para saber mais<\/figcaption>\n\t\t<\/figure>\n\t<\/div>\n\n\n<p>Nesta sess\u00e3o, o <strong>d\u00f3lar<\/strong> iniciou o dia em alta. Por volta das 9h15, o <strong>d\u00f3lar<\/strong> registrava uma varia\u00e7\u00e3o de 0,548% sendo negociado a R$ 3,9964. Durante o dia, a moeda dos <strong>EUA<\/strong> chegou a superar a cota\u00e7\u00e3o de R$ 4, mas no final do dia acabou reduzindo os ganhos sobre o real.<\/p>\n<p>Confira o fechamento das principais moedas:<\/p>\n<ul>\n<li><a href=\"https:\/\/www.suno.com.br\/artigos\/euro\/\">Euro<\/a>: alta de 0,449%, negociado a R$ 4,4773.<\/li>\n<li>Libra esterlina: alta de\u00a00,027% negociada a R$ 5,1337<\/li>\n<\/ul>\n\t<p>\n\t\t<a href=\"https:\/\/lp.suno.com.br\/minicurso-contabilidade\/\" target=\"_blank\" data-element=\"shortcode-suno-banner\" title=\"Banner SUNO, clique e saiba mais\">\n\t\t\t<picture>\n\t\t\t\t<source media=\"(max-width: 500px)\" srcset=\"https:\/\/files.sunoresearch.com.br\/n\/uploads\/2023\/03\/400x300-Minicurso-Contabilidade.png\">\n\t\t\t\t<img class=\"newsContent__article__imgCapa newsContent__article__imgCapa--banner\"\n\t\t\t\t\tsrc=\"https:\/\/files.sunoresearch.com.br\/n\/uploads\/2023\/03\/1420x240-Minicurso-Contabilidade.png\"\n\t\t\t\t\tdata-promo-id=\"383158\"\t\t\t\t\t\t\t\t\t\twidth='1420' height='240'\t\t\t\t\talt=\"https:\/\/files.sunoresearch.com.br\/n\/uploads\/2023\/03\/1420x240-Minicurso-Contabilidade.png\"\n\t\t\t\t>\n\t\t\t<\/picture>\n\t\t<\/a>\n\t<\/p>\n\n\n<p>O <strong><a href=\"https:\/\/www.suno.com.br\/artigos\/bacen\/\">Banco Central<\/a><\/strong> <strong>(BC)<\/strong> vendeu nesta segunda todos os 5,05 mil <a href=\"https:\/\/www.suno.com.br\/artigos\/swap-cambial\/\">swaps cambiais<\/a> tradicionais, correspondentes \u00e0 venda futura de d\u00f3lares, com US$ 10,089 bilh\u00f5es que dever\u00e3o vencer em julho.<\/p>\n<p style=\"text-align: center;\"><iframe loading=\"lazy\" src=\"https:\/\/www.youtube.com\/embed\/GvXRXOCFjks\" width=\"560\" height=\"315\" frameborder=\"0\" allowfullscreen=\"allowfullscreen\"><\/iframe><\/p>\n<h2>IFI corta previs\u00e3o de crescimento do PIB<\/h2>\n<p>A\u00a0<strong>Institui\u00e7\u00e3o Fiscal Independente<\/strong> (IFI), \u00f3rg\u00e3o do Senado Federal, reduziu a estimativa de crescimento do\u00a0PIB,\u00a0de 2,3% para 1,8% neste ano. Em paralelo, a institui\u00e7\u00e3o projeta uma\u00a0<strong><a href=\"https:\/\/www.suno.com.br\/artigos\/taxa-selic\/\">taxa Selic<\/a><\/strong> a 6,5% ao fim de 2019.<\/p>\n<p>Para 2020, a expans\u00e3o do <strong>PIB<\/strong> \u00e9 estimada em\u00a02,36% para 2,24% e a <strong>taxa Selic<\/strong> deve ficar em 7,5%. O <strong><a href=\"https:\/\/www.suno.com.br\/artigos\/dolar\/\">d\u00f3lar<\/a><\/strong> \u00e9 projetado em R$ 3,99 no fim de 2019, e R$ 3,87 no fim do ano que vem.<\/p>\n<p><a href=\"https:\/\/www.suno.com.br\/noticias\/pib-ifi-reducao-2019\/\">Saiba mais: PIB: al\u00e9m de Ita\u00fa e Guedes, IFI tamb\u00e9m reduz proje\u00e7\u00e3o de crescimento\u00a0<\/a><\/p>\n<p>&#8220;Mantidas as atuais condi\u00e7\u00f5es da economia, com a recupera\u00e7\u00e3o esperada a partir deste ano e assumindo a trajet\u00f3ria de fechamento do hiato do produto no fim de 2021, um <strong>novo ciclo<\/strong> de aperto monet\u00e1rio poder\u00e1 ter in\u00edcio em 2020, quando os<strong> juros b\u00e1sicos<\/strong>\u00a0[Selic] devem alcan\u00e7ar 7,5% ao ano&#8221;, afirmou o Relat\u00f3rio de Acompanhamento Fiscal (RAF) da <strong>IFI<\/strong>, obtido pelo\u00a0&#8220;Estado de S. Paulo&#8221;<\/p>\n\t<p>\n\t\t<a href=\"https:\/\/lp.suno.com.br\/ebook-investindo-em-fiis\/\" target=\"_blank\" data-element=\"shortcode-suno-banner\" title=\"Banner SUNO, clique e saiba mais\">\n\t\t\t<picture>\n\t\t\t\t<source media=\"(max-width: 500px)\" srcset=\"https:\/\/files.sunoresearch.com.br\/n\/uploads\/2023\/03\/Ebook-Fundos-Imobiliarios-Mobile-1.jpg\">\n\t\t\t\t<img class=\"newsContent__article__imgCapa newsContent__article__imgCapa--banner\"\n\t\t\t\t\tsrc=\"https:\/\/files.sunoresearch.com.br\/n\/uploads\/2023\/03\/Ebook-Fundos-Imobiliarios-Desktop-1.jpg\"\n\t\t\t\t\tdata-promo-id=\"313843\"\t\t\t\t\t\t\t\t\t\twidth='1420' height='286'\t\t\t\t\talt=\"https:\/\/files.sunoresearch.com.br\/n\/uploads\/2023\/03\/Ebook-Fundos-Imobiliarios-Desktop-1.jpg\"\n\t\t\t\t>\n\t\t\t<\/picture>\n\t\t<\/a>\n\t<\/p>\n\n\n<p>Al\u00e9m disso, a\u00a0<strong>IFI<\/strong> prev\u00ea que, mesmo com a aprova\u00e7\u00e3o da <strong>reforma da Previd\u00eancia<\/strong>,\u00a0os <a href=\"https:\/\/www.suno.com.br\/artigos\/deficit-primario\/\">d\u00e9ficits prim\u00e1rios<\/a> persistir\u00e3o at\u00e9 2025.<\/p>\n<p>Segundo a IFI, a <strong><a href=\"https:\/\/www.suno.com.br\/artigos\/deficit-publico\/\">d\u00edvida p\u00fablica<\/a><\/strong> pode atingir 100% do PIB j\u00e1 em 2016, e n\u00e3o mais em 2030, como previsto anteriormente.<\/p>\n<h2>IBC-Br indica PIB negativo no primeiro trimestre<\/h2>\n<p>Os dados divulgados pelo <a href=\"https:\/\/www.suno.com.br\/artigos\/ibc-br\/\"><strong>\u00cdndice de Atividade Econ\u00f4mica (IBC-BR)<\/strong><\/a> nesta quarta mostram uma retra\u00e7\u00e3o de 0,68% do <strong>PIB<\/strong> no primeiro trimestre de 2019. O indicador, divulgado pelo <strong>Banco Central,<\/strong> funciona como uma &#8220;pr\u00e9via do PIB&#8221;.<\/p>\n<p><a href=\"https:\/\/www.suno.com.br\/noticias\/ibc-br-previa-pib-retracao-1-trimestre\/\">Saiba mais: IBC-Br: pr\u00e9via do PIB indica retra\u00e7\u00e3o de 0,68% no 1\u00ba trimestre de 2019\u00a0<\/a><\/p>\n<p>O recuo no crescimento da <strong>economia brasileira<\/strong> foi verificado entre janeiro e mar\u00e7o de 2019 na compara\u00e7\u00e3o com o \u00faltimo trimestre de 2018. Contudo, se o per\u00edodo comparativo for com os primeiros tr\u00eas meses do ano anterior, o \u00edndice aponta um <strong>crescimento<\/strong> de 0,23%. No mesmo sentido, nos \u00faltimos doze meses tamb\u00e9m houve um aumento de 1,05%, de acordo com o <strong>IBC-Br.<\/strong><\/p>\n\t<p>\n\t\t<a href=\"https:\/\/www.seculus.com.br\/blackfriday\" target=\"_blank\" data-element=\"shortcode-suno-banner\" title=\"Banner SUNO, clique e saiba mais\">\n\t\t\t<picture>\n\t\t\t\t<source media=\"(max-width: 500px)\" srcset=\"https:\/\/files.sunoresearch.com.br\/n\/uploads\/2023\/11\/seculus_suno_mobile_3.jpg\">\n\t\t\t\t<img class=\"newsContent__article__imgCapa newsContent__article__imgCapa--banner\"\n\t\t\t\t\tsrc=\"https:\/\/files.sunoresearch.com.br\/n\/uploads\/2023\/11\/seculus_suno_desktop_3.jpg\"\n\t\t\t\t\tdata-promo-id=\"474124\"\t\t\t\t\t\t\t\t\t\twidth='1420' height='240'\t\t\t\t\talt=\"https:\/\/files.sunoresearch.com.br\/n\/uploads\/2023\/11\/seculus_suno_desktop_3.jpg\"\n\t\t\t\t>\n\t\t\t<\/picture>\n\t\t<\/a>\n\t<\/p>\n\n\n<p>Se a retra\u00e7\u00e3o da <strong>economia<\/strong> for confirmada pela divulga\u00e7\u00e3o oficial do <strong>PIB,<\/strong> a queda ser\u00e1 a primeira desde o final de 2016. Nessa \u00e9poca, o <strong>PIB<\/strong> caiu 0,6%, de acordo com o <strong>IBGE.<\/strong><\/p>\n<h2>EUA X China<\/h2>\n<p>Na \u00faltima ter\u00e7a-feira (14), o<strong> presidente dos EUA<\/strong>, <strong>Donald Trump<\/strong>, pediu ao banco central norte-americano, <strong>Federal Reserve<\/strong>\u00a0(Fed), que reduzisse as taxas de juros. De acordo com Trump, essa medida ajudaria a vencer a <strong>guerra comercial<\/strong> com a <strong>China<\/strong>.<\/p>\n<p><a href=\"https:\/\/www.suno.com.br\/noticias\/trump-fed-guerra-comercial-eua-china-taxa-juros\/\">Saiba mais: Trump pede ao Fed que reduza taxas de juros para vencer guerra comercial\u00a0<\/a><\/p>\n<p>De acordo com o pronunciamento feito pelo governo chin\u00eas, a <strong>China e os Estados Unidos<\/strong> concordaram em continuar as negocia\u00e7\u00f5es.<\/p>\n<p>Essa afirma\u00e7\u00e3o veio ap\u00f3s o presidente americano confirmar que acreditava que as negocia\u00e7\u00f5es em <strong>Pequim<\/strong> poderiam ter sucesso.<\/p>\n<p><a href=\"https:\/\/www.suno.com.br\/noticias\/china-render-pressao-externa-guerra-comercial\/\">Saiba Mais: China diz que nunca vai se render \u00e0 press\u00e3o dos EUA; entenda a guerra comercial<\/a><\/p>\n<p>Na \u00faltima sexta-feira (10) o presidente <strong>Donald Trump<\/strong> decidiu colocar em vigor o aumento nas <strong>tarifas alfandeg\u00e1rias<\/strong> sobre os <strong>produtos importados chineses<\/strong>.<\/p>\n\t<p>\n\t\t<a href=\"https:\/\/lp.suno.com.br\/cl\/impacto-tarifas-trump\/?utm_source=sunoresearch&#038;utm_medium=banner.noticias&#038;utm_campaign=_SNC903E88AA_\" target=\"_blank\" data-element=\"shortcode-suno-banner\" title=\"Banner SUNO, clique e saiba mais\">\n\t\t\t<picture>\n\t\t\t\t<source media=\"(max-width: 500px)\" srcset=\"https:\/\/files.sunoresearch.com.br\/n\/uploads\/2025\/07\/trump-mobile.webp\">\n\t\t\t\t<img class=\"newsContent__article__imgCapa newsContent__article__imgCapa--banner\"\n\t\t\t\t\tsrc=\"https:\/\/files.sunoresearch.com.br\/n\/uploads\/2025\/07\/trump-banner-desktop.webp\"\n\t\t\t\t\tdata-promo-id=\"613126\"\t\t\t\t\t\t\t\t\t\twidth='1000' height='325'\t\t\t\t\talt=\"https:\/\/files.sunoresearch.com.br\/n\/uploads\/2025\/07\/trump-banner-desktop.webp\"\n\t\t\t\t>\n\t\t\t<\/picture>\n\t\t<\/a>\n\t<\/p>\n\n\n<h2><strong>Cen\u00e1rio externo negativo<\/strong><\/h2>\n<p>Nesta manh\u00e3 foram divulgados dados que mostraram uma queda inesperada de 0,2% nas vendas do com\u00e9rcio nos <strong>Estados Unidos<\/strong> em abril. Um resultado negativo que aumentou a cota\u00e7\u00e3o do d\u00f3lar, considerado uma moeda-refugio em casos de incertezas como essas.<\/p>\n<p>A moeda norte-americana estava sendo sendo impulsionada por dados que apontaram crescimento abaixo do esperado das vendas no varejo e na produ\u00e7\u00e3o industrial da <strong>China<\/strong> no m\u00eas passado. O al\u00edvio chegou somente ap\u00f3s a divulga\u00e7\u00e3o da not\u00edcia de que o governo chin\u00eas atuar\u00e1 com novas medidas de est\u00edmulo para sua economia.<\/p>\n<h2>BC vendeu swaps cambiais<\/h2>\n<p>O Banco Central vendeu nesta sess\u00e3o 5.050 swaps cambiais tradicionais para rolagem do vencimento de julho. Em dez opera\u00e7\u00f5es neste m\u00eas, o BC j\u00e1 rolou US$ 2,525 bilh\u00f5es, de total de US$ 10,089 bilh\u00f5es a expirar em julho.<\/p>\n<h2>\u00daltima cota\u00e7\u00e3o do d\u00f3lar<\/h2>\n<p>Na <a href=\"https:\/\/www.suno.com.br\/noticias\/dolar-guerra-comercial-eua-china\/\">\u00faltima sess\u00e3o<\/a>, que aconteceu na ter\u00e7a-feira (14), o <strong>d\u00f3la<\/strong>r caiu\u00a00,085 %, sendo negociado a R$ 3,9758<\/p>\n","protected":false},"excerpt":{"rendered":"<p>O d\u00f3lar fechou esta quarta-feira (15) em alta de 0,513% , negociado a R$ 3,9962. As previs\u00f5es de Produto Interno Bruto (PIB) negativo no 1\u00ba trimestre seja pelo IBC-Br que pelo IFI geraram essa alta da moeda norte-americana. O d\u00f3lar encerrou nesta sexta-feira em alta de 1,14%, negociado a R$ 5,326 na venda, batendo um [&hellip;]<\/p>\n","protected":false},"author":9,"featured_media":12723,"comment_status":"closed","ping_status":"closed","sticky":false,"template":"","format":"standard","meta":[],"categories":[60],"tags":[326,875,807],"suno_strategy":[],"class_list":["post-24700","post","type-post","status-publish","format-standard","has-post-thumbnail","hentry","category-mercado","tag-dolar","tag-ibc-br","tag-produto-interno-bruto-pib"],"yoast_head":"<!-- This site is optimized with the Yoast SEO plugin v24.4 - https:\/\/yoast.com\/wordpress\/plugins\/seo\/ -->\n<title>D\u00f3lar fecha em alta com corte na previs\u00e3o do PIB e cen\u00e1rio externo<\/title>\n<meta name=\"description\" content=\"O d\u00f3lar fechou esta quarta em alta de 0,513%, negociado a R$ 3,9962, por causa das redu\u00e7\u00f5es na previs\u00e3o do PIB. Clique aqui para saber mais.\" \/>\n<meta name=\"robots\" content=\"index, follow, max-snippet:-1, max-image-preview:large, max-video-preview:-1\" \/>\n<link rel=\"canonical\" href=\"https:\/\/www.suno.com.br\/noticias\/dolar-fecha-alta-corte-pib\/\" \/>\n<meta property=\"og:locale\" content=\"pt_BR\" \/>\n<meta property=\"og:type\" content=\"article\" \/>\n<meta property=\"og:title\" content=\"D\u00f3lar fecha em alta com corte na previs\u00e3o do PIB e cen\u00e1rio externo\" \/>\n<meta property=\"og:description\" content=\"O d\u00f3lar fechou esta quarta em alta de 0,513%, negociado a R$ 3,9962, por causa das redu\u00e7\u00f5es na previs\u00e3o do PIB. Clique aqui para saber mais.\" \/>\n<meta property=\"og:url\" content=\"https:\/\/www.suno.com.br\/noticias\/dolar-fecha-alta-corte-pib\/\" \/>\n<meta property=\"og:site_name\" content=\"Suno Not\u00edcias\" \/>\n<meta property=\"article:publisher\" content=\"https:\/\/facebook.com\/sunoresearch\" \/>\n<meta property=\"og:image\" content=\"https:\/\/files.sunoresearch.com.br\/n\/uploads\/2019\/01\/1e328bf6-d\u00f3lar.jpg\" \/>\n\t<meta property=\"og:image:width\" content=\"450\" \/>\n\t<meta property=\"og:image:height\" content=\"251\" \/>\n\t<meta property=\"og:image:type\" content=\"image\/jpeg\" \/>\n<meta name=\"author\" content=\"Carlo Cauti\" \/>\n<meta name=\"twitter:card\" content=\"summary_large_image\" \/>\n<meta name=\"twitter:creator\" content=\"@sunoresearch\" \/>\n<meta name=\"twitter:site\" content=\"@sunoresearch\" \/>\n<meta name=\"twitter:label1\" content=\"Escrito por\" \/>\n\t<meta name=\"twitter:data1\" content=\"Carlo Cauti\" \/>\n\t<meta name=\"twitter:label2\" content=\"Est. tempo de leitura\" \/>\n\t<meta name=\"twitter:data2\" content=\"4 minutos\" \/>\n<script type=\"application\/ld+json\" class=\"yoast-schema-graph\">{\"@context\":\"https:\/\/schema.org\",\"@graph\":[{\"@type\":\"NewsArticle\",\"@id\":\"https:\/\/www.suno.com.br\/noticias\/dolar-fecha-alta-corte-pib\/#article\",\"isPartOf\":{\"@id\":\"https:\/\/www.suno.com.br\/noticias\/dolar-fecha-alta-corte-pib\/\"},\"author\":{\"name\":\"Carlo Cauti\",\"@id\":\"https:\/\/www.suno.com.br\/noticias\/#\/schema\/person\/e6e0f723cc177805027f4566c1d5e0c8\"},\"headline\":\"D\u00f3lar beira R$ 4 e fecha em alta com corte na previs\u00e3o do PIB\",\"datePublished\":\"2019-05-15T20:32:42+00:00\",\"dateModified\":\"2019-05-16T21:07:38+00:00\",\"mainEntityOfPage\":{\"@id\":\"https:\/\/www.suno.com.br\/noticias\/dolar-fecha-alta-corte-pib\/\"},\"wordCount\":836,\"publisher\":{\"@id\":\"https:\/\/www.suno.com.br\/noticias\/#organization\"},\"image\":{\"@id\":\"https:\/\/www.suno.com.br\/noticias\/dolar-fecha-alta-corte-pib\/#primaryimage\"},\"thumbnailUrl\":\"https:\/\/files.sunoresearch.com.br\/n\/uploads\/2019\/01\/1e328bf6-d\u00f3lar.jpg\",\"keywords\":[\"d\u00f3lar\",\"IBC-Br\",\"Produto Interno Bruto (PIB)\"],\"articleSection\":[\"Mercado\"],\"inLanguage\":\"pt-BR\"},{\"@type\":\"WebPage\",\"@id\":\"https:\/\/www.suno.com.br\/noticias\/dolar-fecha-alta-corte-pib\/\",\"url\":\"https:\/\/www.suno.com.br\/noticias\/dolar-fecha-alta-corte-pib\/\",\"name\":\"D\u00f3lar fecha em alta com corte na previs\u00e3o do PIB e cen\u00e1rio externo\",\"isPartOf\":{\"@id\":\"https:\/\/www.suno.com.br\/noticias\/#website\"},\"primaryImageOfPage\":{\"@id\":\"https:\/\/www.suno.com.br\/noticias\/dolar-fecha-alta-corte-pib\/#primaryimage\"},\"image\":{\"@id\":\"https:\/\/www.suno.com.br\/noticias\/dolar-fecha-alta-corte-pib\/#primaryimage\"},\"thumbnailUrl\":\"https:\/\/files.sunoresearch.com.br\/n\/uploads\/2019\/01\/1e328bf6-d\u00f3lar.jpg\",\"datePublished\":\"2019-05-15T20:32:42+00:00\",\"dateModified\":\"2019-05-16T21:07:38+00:00\",\"description\":\"O d\u00f3lar fechou esta quarta em alta de 0,513%, negociado a R$ 3,9962, por causa das redu\u00e7\u00f5es na previs\u00e3o do PIB. Clique aqui para saber mais.\",\"breadcrumb\":{\"@id\":\"https:\/\/www.suno.com.br\/noticias\/dolar-fecha-alta-corte-pib\/#breadcrumb\"},\"inLanguage\":\"pt-BR\",\"potentialAction\":[{\"@type\":\"ReadAction\",\"target\":[\"https:\/\/www.suno.com.br\/noticias\/dolar-fecha-alta-corte-pib\/\"]}]},{\"@type\":\"ImageObject\",\"inLanguage\":\"pt-BR\",\"@id\":\"https:\/\/www.suno.com.br\/noticias\/dolar-fecha-alta-corte-pib\/#primaryimage\",\"url\":\"https:\/\/files.sunoresearch.com.br\/n\/uploads\/2019\/01\/1e328bf6-d\u00f3lar.jpg\",\"contentUrl\":\"https:\/\/files.sunoresearch.com.br\/n\/uploads\/2019\/01\/1e328bf6-d\u00f3lar.jpg\",\"width\":450,\"height\":251,\"caption\":\"O d\u00f3lar encerrou nesta sexta-feira em alta de 1,14%, negociado a R$ 5,326 na venda, batendo um novo record. Clique aqui para saber mais\"},{\"@type\":\"BreadcrumbList\",\"@id\":\"https:\/\/www.suno.com.br\/noticias\/dolar-fecha-alta-corte-pib\/#breadcrumb\",\"itemListElement\":[{\"@type\":\"ListItem\",\"position\":1,\"name\":\"Not\u00edcias\",\"item\":\"https:\/\/www.suno.com.br\/noticias\/\"},{\"@type\":\"ListItem\",\"position\":2,\"name\":\"Mercado\",\"item\":\"https:\/\/www.suno.com.br\/noticias\/mercado\/\"},{\"@type\":\"ListItem\",\"position\":3,\"name\":\"D\u00f3lar beira R$ 4 e fecha em alta com corte na previs\u00e3o do PIB\"}]},{\"@type\":\"WebSite\",\"@id\":\"https:\/\/www.suno.com.br\/noticias\/#website\",\"url\":\"https:\/\/www.suno.com.br\/noticias\/\",\"name\":\"Suno Not\u00edcias\",\"description\":\"Seu portal de informa\u00e7\u00e3o sobre o mundo dos investimentos\",\"publisher\":{\"@id\":\"https:\/\/www.suno.com.br\/noticias\/#organization\"},\"potentialAction\":[{\"@type\":\"SearchAction\",\"target\":{\"@type\":\"EntryPoint\",\"urlTemplate\":\"https:\/\/www.suno.com.br\/noticias\/?s={search_term_string}\"},\"query-input\":{\"@type\":\"PropertyValueSpecification\",\"valueRequired\":true,\"valueName\":\"search_term_string\"}}],\"inLanguage\":\"pt-BR\"},{\"@type\":\"Organization\",\"@id\":\"https:\/\/www.suno.com.br\/noticias\/#organization\",\"name\":\"Suno Not\u00edcias\",\"url\":\"https:\/\/www.suno.com.br\/noticias\/\",\"logo\":{\"@type\":\"ImageObject\",\"inLanguage\":\"pt-BR\",\"@id\":\"https:\/\/www.suno.com.br\/noticias\/#\/schema\/logo\/image\/\",\"url\":\"https:\/\/files.sunoresearch.com.br\/n\/uploads\/2021\/09\/suno-logo.png\",\"contentUrl\":\"https:\/\/files.sunoresearch.com.br\/n\/uploads\/2021\/09\/suno-logo.png\",\"width\":180,\"height\":180,\"caption\":\"Suno Not\u00edcias\"},\"image\":{\"@id\":\"https:\/\/www.suno.com.br\/noticias\/#\/schema\/logo\/image\/\"},\"sameAs\":[\"https:\/\/facebook.com\/sunoresearch\",\"https:\/\/x.com\/sunoresearch\",\"https:\/\/www.instagram.com\/suno\",\"https:\/\/www.linkedin.com\/company\/suno-research\/\",\"https:\/\/www.youtube.com\/c\/sunoresearch\"]},{\"@type\":\"Person\",\"@id\":\"https:\/\/www.suno.com.br\/noticias\/#\/schema\/person\/e6e0f723cc177805027f4566c1d5e0c8\",\"name\":\"Carlo Cauti\",\"image\":{\"@type\":\"ImageObject\",\"inLanguage\":\"pt-BR\",\"@id\":\"https:\/\/www.suno.com.br\/noticias\/#\/schema\/person\/image\/\",\"url\":\"https:\/\/secure.gravatar.com\/avatar\/3ada9e0bd164c23abd4792a9606d583c?s=96&r=g\",\"contentUrl\":\"https:\/\/secure.gravatar.com\/avatar\/3ada9e0bd164c23abd4792a9606d583c?s=96&r=g\",\"caption\":\"Carlo Cauti\"},\"description\":\"Editor multim\u00eddia do SUNO Not\u00edcias. Italiano, formado em Ci\u00eancias Pol\u00edticas pela universidade LUISS G. Carli de Roma e mestre cum laude em Rela\u00e7\u00f5es Internacionais, Jornalismo Internacional e de Guerra e em Economia Internacional. Concluiu tamb\u00e9m um MBA em Finan\u00e7as na B3. No Brasil, teve passagem por ve\u00edculos como Estad\u00e3o, Globo, Veja e EXAME. e nas ag\u00eancias de not\u00edcias italianas ANSA e NOVA.\",\"url\":\"https:\/\/www.suno.com.br\/noticias\/author\/carlo-cauti\/\"}]}<\/script>\n<!-- \/ Yoast SEO plugin. -->","yoast_head_json":{"title":"D\u00f3lar fecha em alta com corte na previs\u00e3o do PIB e cen\u00e1rio externo","description":"O d\u00f3lar fechou esta quarta em alta de 0,513%, negociado a R$ 3,9962, por causa das redu\u00e7\u00f5es na previs\u00e3o do PIB. Clique aqui para saber mais.","robots":{"index":"index","follow":"follow","max-snippet":"max-snippet:-1","max-image-preview":"max-image-preview:large","max-video-preview":"max-video-preview:-1"},"canonical":"https:\/\/www.suno.com.br\/noticias\/dolar-fecha-alta-corte-pib\/","og_locale":"pt_BR","og_type":"article","og_title":"D\u00f3lar fecha em alta com corte na previs\u00e3o do PIB e cen\u00e1rio externo","og_description":"O d\u00f3lar fechou esta quarta em alta de 0,513%, negociado a R$ 3,9962, por causa das redu\u00e7\u00f5es na previs\u00e3o do PIB. Clique aqui para saber mais.","og_url":"https:\/\/www.suno.com.br\/noticias\/dolar-fecha-alta-corte-pib\/","og_site_name":"Suno Not\u00edcias","article_publisher":"https:\/\/facebook.com\/sunoresearch","og_image":[{"width":450,"height":251,"url":"https:\/\/files.sunoresearch.com.br\/n\/uploads\/2019\/01\/1e328bf6-d\u00f3lar.jpg","type":"image\/jpeg"}],"author":"Carlo Cauti","twitter_card":"summary_large_image","twitter_creator":"@sunoresearch","twitter_site":"@sunoresearch","twitter_misc":{"Escrito por":"Carlo Cauti","Est. tempo de leitura":"4 minutos"},"schema":{"@context":"https:\/\/schema.org","@graph":[{"@type":"NewsArticle","@id":"https:\/\/www.suno.com.br\/noticias\/dolar-fecha-alta-corte-pib\/#article","isPartOf":{"@id":"https:\/\/www.suno.com.br\/noticias\/dolar-fecha-alta-corte-pib\/"},"author":{"name":"Carlo Cauti","@id":"https:\/\/www.suno.com.br\/noticias\/#\/schema\/person\/e6e0f723cc177805027f4566c1d5e0c8"},"headline":"D\u00f3lar beira R$ 4 e fecha em alta com corte na previs\u00e3o do PIB","datePublished":"2019-05-15T20:32:42+00:00","dateModified":"2019-05-16T21:07:38+00:00","mainEntityOfPage":{"@id":"https:\/\/www.suno.com.br\/noticias\/dolar-fecha-alta-corte-pib\/"},"wordCount":836,"publisher":{"@id":"https:\/\/www.suno.com.br\/noticias\/#organization"},"image":{"@id":"https:\/\/www.suno.com.br\/noticias\/dolar-fecha-alta-corte-pib\/#primaryimage"},"thumbnailUrl":"https:\/\/files.sunoresearch.com.br\/n\/uploads\/2019\/01\/1e328bf6-d\u00f3lar.jpg","keywords":["d\u00f3lar","IBC-Br","Produto Interno Bruto (PIB)"],"articleSection":["Mercado"],"inLanguage":"pt-BR"},{"@type":"WebPage","@id":"https:\/\/www.suno.com.br\/noticias\/dolar-fecha-alta-corte-pib\/","url":"https:\/\/www.suno.com.br\/noticias\/dolar-fecha-alta-corte-pib\/","name":"D\u00f3lar fecha em alta com corte na previs\u00e3o do PIB e cen\u00e1rio externo","isPartOf":{"@id":"https:\/\/www.suno.com.br\/noticias\/#website"},"primaryImageOfPage":{"@id":"https:\/\/www.suno.com.br\/noticias\/dolar-fecha-alta-corte-pib\/#primaryimage"},"image":{"@id":"https:\/\/www.suno.com.br\/noticias\/dolar-fecha-alta-corte-pib\/#primaryimage"},"thumbnailUrl":"https:\/\/files.sunoresearch.com.br\/n\/uploads\/2019\/01\/1e328bf6-d\u00f3lar.jpg","datePublished":"2019-05-15T20:32:42+00:00","dateModified":"2019-05-16T21:07:38+00:00","description":"O d\u00f3lar fechou esta quarta em alta de 0,513%, negociado a R$ 3,9962, por causa das redu\u00e7\u00f5es na previs\u00e3o do PIB. Clique aqui para saber mais.","breadcrumb":{"@id":"https:\/\/www.suno.com.br\/noticias\/dolar-fecha-alta-corte-pib\/#breadcrumb"},"inLanguage":"pt-BR","potentialAction":[{"@type":"ReadAction","target":["https:\/\/www.suno.com.br\/noticias\/dolar-fecha-alta-corte-pib\/"]}]},{"@type":"ImageObject","inLanguage":"pt-BR","@id":"https:\/\/www.suno.com.br\/noticias\/dolar-fecha-alta-corte-pib\/#primaryimage","url":"https:\/\/files.sunoresearch.com.br\/n\/uploads\/2019\/01\/1e328bf6-d\u00f3lar.jpg","contentUrl":"https:\/\/files.sunoresearch.com.br\/n\/uploads\/2019\/01\/1e328bf6-d\u00f3lar.jpg","width":450,"height":251,"caption":"O d\u00f3lar encerrou nesta sexta-feira em alta de 1,14%, negociado a R$ 5,326 na venda, batendo um novo record. Clique aqui para saber mais"},{"@type":"BreadcrumbList","@id":"https:\/\/www.suno.com.br\/noticias\/dolar-fecha-alta-corte-pib\/#breadcrumb","itemListElement":[{"@type":"ListItem","position":1,"name":"Not\u00edcias","item":"https:\/\/www.suno.com.br\/noticias\/"},{"@type":"ListItem","position":2,"name":"Mercado","item":"https:\/\/www.suno.com.br\/noticias\/mercado\/"},{"@type":"ListItem","position":3,"name":"D\u00f3lar beira R$ 4 e fecha em alta com corte na previs\u00e3o do PIB"}]},{"@type":"WebSite","@id":"https:\/\/www.suno.com.br\/noticias\/#website","url":"https:\/\/www.suno.com.br\/noticias\/","name":"Suno Not\u00edcias","description":"Seu portal de informa\u00e7\u00e3o sobre o mundo dos investimentos","publisher":{"@id":"https:\/\/www.suno.com.br\/noticias\/#organization"},"potentialAction":[{"@type":"SearchAction","target":{"@type":"EntryPoint","urlTemplate":"https:\/\/www.suno.com.br\/noticias\/?s={search_term_string}"},"query-input":{"@type":"PropertyValueSpecification","valueRequired":true,"valueName":"search_term_string"}}],"inLanguage":"pt-BR"},{"@type":"Organization","@id":"https:\/\/www.suno.com.br\/noticias\/#organization","name":"Suno Not\u00edcias","url":"https:\/\/www.suno.com.br\/noticias\/","logo":{"@type":"ImageObject","inLanguage":"pt-BR","@id":"https:\/\/www.suno.com.br\/noticias\/#\/schema\/logo\/image\/","url":"https:\/\/files.sunoresearch.com.br\/n\/uploads\/2021\/09\/suno-logo.png","contentUrl":"https:\/\/files.sunoresearch.com.br\/n\/uploads\/2021\/09\/suno-logo.png","width":180,"height":180,"caption":"Suno Not\u00edcias"},"image":{"@id":"https:\/\/www.suno.com.br\/noticias\/#\/schema\/logo\/image\/"},"sameAs":["https:\/\/facebook.com\/sunoresearch","https:\/\/x.com\/sunoresearch","https:\/\/www.instagram.com\/suno","https:\/\/www.linkedin.com\/company\/suno-research\/","https:\/\/www.youtube.com\/c\/sunoresearch"]},{"@type":"Person","@id":"https:\/\/www.suno.com.br\/noticias\/#\/schema\/person\/e6e0f723cc177805027f4566c1d5e0c8","name":"Carlo Cauti","image":{"@type":"ImageObject","inLanguage":"pt-BR","@id":"https:\/\/www.suno.com.br\/noticias\/#\/schema\/person\/image\/","url":"https:\/\/secure.gravatar.com\/avatar\/3ada9e0bd164c23abd4792a9606d583c?s=96&r=g","contentUrl":"https:\/\/secure.gravatar.com\/avatar\/3ada9e0bd164c23abd4792a9606d583c?s=96&r=g","caption":"Carlo Cauti"},"description":"Editor multim\u00eddia do SUNO Not\u00edcias. Italiano, formado em Ci\u00eancias Pol\u00edticas pela universidade LUISS G. Carli de Roma e mestre cum laude em Rela\u00e7\u00f5es Internacionais, Jornalismo Internacional e de Guerra e em Economia Internacional. Concluiu tamb\u00e9m um MBA em Finan\u00e7as na B3. No Brasil, teve passagem por ve\u00edculos como Estad\u00e3o, Globo, Veja e EXAME. e nas ag\u00eancias de not\u00edcias italianas ANSA e NOVA.","url":"https:\/\/www.suno.com.br\/noticias\/author\/carlo-cauti\/"}]}},"default_loop_html":"<div class=\"cardsPage__listCard__boxs\"><div class=\"cardsPage__listCard__boxs__img\"><a href=\"https:\/\/www.suno.com.br\/noticias\/dolar-fecha-alta-corte-pib\/\"><img class=\"mask\" src=\"https:\/\/www.suno.com.br\/noticias\/wp-content\/themes\/suno\/resources\/images\/spotlight\/spotlight1img\/bg-mask.png\" alt=\"Image Mask\"\/><img src=\"https:\/\/files.sunoresearch.com.br\/n\/uploads\/2019\/01\/1e328bf6-d\u00f3lar-400x200.webp\" alt=\"D\u00f3lar beira R$ 4 e fecha em alta com corte na previs\u00e3o do PIB\"\/><\/a><span class=\"spotlightCategory\"><a href=\"https:\/\/www.suno.com.br\/noticias\/mercado\/\">Mercado<\/a><\/span><\/div><div class=\"cardsPage__listCard__boxs__content\"><a href=\"https:\/\/www.suno.com.br\/noticias\/dolar-fecha-alta-corte-pib\/\"><h2 class=\"content__title\">D\u00f3lar beira R$ 4 e fecha em alta com corte na previs\u00e3o do PIB<\/h2><\/a><div class=\"newsContent__article__meta\"><div class=\"newsContent__article__meta__authorBox\"><a href=\"https:\/\/www.suno.com.br\/noticias\/author\/carlo-cauti\/\" class=\"authorBox__avatar noMobi\"><img src=\"https:\/\/files.sunoresearch.com.br\/n\/uploads\/2020\/08\/e3745f9a-perfil-carlo-cauti-150x150.webp\" alt=\"Carlo Cauti\"><\/a><div class=\"authorBox__name\"><span>por\n\t\t\t<a href=\"https:\/\/www.suno.com.br\/noticias\/author\/carlo-cauti\/\"><span itemprop=\"author\">Carlo Cauti<\/span><\/a><\/span><time datetime=\"2019-05-15T17:32:42-03:00\" itemprop=\"datePublished\">15\/05\/2019 17:32<\/time><\/div><\/div><\/div><\/div><\/div>","single_layout":"posts","amp_enabled":true,"_links":{"self":[{"href":"https:\/\/www.suno.com.br\/noticias\/wp-json\/wp\/v2\/posts\/24700"}],"collection":[{"href":"https:\/\/www.suno.com.br\/noticias\/wp-json\/wp\/v2\/posts"}],"about":[{"href":"https:\/\/www.suno.com.br\/noticias\/wp-json\/wp\/v2\/types\/post"}],"author":[{"embeddable":true,"href":"https:\/\/www.suno.com.br\/noticias\/wp-json\/wp\/v2\/users\/9"}],"replies":[{"embeddable":true,"href":"https:\/\/www.suno.com.br\/noticias\/wp-json\/wp\/v2\/comments?post=24700"}],"version-history":[{"count":0,"href":"https:\/\/www.suno.com.br\/noticias\/wp-json\/wp\/v2\/posts\/24700\/revisions"}],"wp:featuredmedia":[{"embeddable":true,"href":"https:\/\/www.suno.com.br\/noticias\/wp-json\/wp\/v2\/media\/12723"}],"wp:attachment":[{"href":"https:\/\/www.suno.com.br\/noticias\/wp-json\/wp\/v2\/media?parent=24700"}],"wp:term":[{"taxonomy":"category","embeddable":true,"href":"https:\/\/www.suno.com.br\/noticias\/wp-json\/wp\/v2\/categories?post=24700"},{"taxonomy":"post_tag","embeddable":true,"href":"https:\/\/www.suno.com.br\/noticias\/wp-json\/wp\/v2\/tags?post=24700"},{"taxonomy":"suno_strategy","embeddable":true,"href":"https:\/\/www.suno.com.br\/noticias\/wp-json\/wp\/v2\/suno_strategy?post=24700"}],"curies":[{"name":"wp","href":"https:\/\/api.w.org\/{rel}","templated":true}]}}