{"id":246917,"date":"2022-04-01T11:59:21","date_gmt":"2022-04-01T14:59:21","guid":{"rendered":"https:\/\/www.suno.com.br\/noticias\/?p=246917"},"modified":"2022-04-01T13:12:18","modified_gmt":"2022-04-01T16:12:18","slug":"magazine-luiza-magalu-mglu3-bb-carteira","status":"publish","type":"post","link":"https:\/\/www.suno.com.br\/noticias\/magazine-luiza-magalu-mglu3-bb-carteira\/","title":{"rendered":"Magazine Luiza (MGLU3): Apesar do corte no pre\u00e7o-alvo, BB-BI mant\u00e9m a\u00e7\u00f5es na carteira"},"content":{"rendered":"<p>Com alta de 13,4% em mar\u00e7o, mas com 2022 ainda no vermelho, o BB Investimentos adicionou as a\u00e7\u00f5es do <strong>Magazine Luiza<\/strong> (<a href=\"https:\/\/www.suno.com.br\/acoes\/mglu3\/\">MGLU3<\/a>) na sua Carteira Fundamentalista de A\u00e7\u00f5es, apesar de a sua equipe de research ver upside, mas dar recomenda\u00e7\u00e3o neutra para os pap\u00e9is.<\/p>\t<div class=\"wrapper-featured-image\">\n\t\t<figure class=\"spotlightImg\">\n\n\t\t\t<picture>\n\t\t\t\t<source media=\"(max-width: 768px)\" srcset=\"https:\/\/files.sunoresearch.com.br\/n\/uploads\/2021\/06\/5a566ed3-whatsapp-image-2021-06-21-at-2.47.43-pm-400x200.webp\">\n\t\t\t\t<img loading=\"lazy\" decoding=\"async\" class=\"newsContent__article__imgCapa lazyloadDisabled \" src=\"https:\/\/files.sunoresearch.com.br\/n\/uploads\/2021\/06\/5a566ed3-whatsapp-image-2021-06-21-at-2.47.43-pm-800x450.webp\" width=\"800\" height=\"450\" alt=\"Magazine Luiza (MGLU3): Apesar do corte no pre\u00e7o-alvo, BB-BI mant\u00e9m a\u00e7\u00f5es na carteira\" fetchpriority=high \/>\n\t\t\t<\/picture>\n\n\t\t\t<figcaption class=\"wp-caption-text wp-caption-text--show\">Magazine Luiza. Foto: Divulga\u00e7\u00e3o<\/figcaption>\n\t\t<\/figure>\n\t<\/div>\n\n\n\t<p>\n\t\t<a href=\"\" target=\"_blank\" data-element=\"shortcode-suno-banner\" title=\"Banner SUNO, clique e saiba mais\">\n\t\t\t<picture>\n\t\t\t\t<source media=\"(max-width: 500px)\" srcset=\"\">\n\t\t\t\t<img class=\"newsContent__article__imgCapa newsContent__article__imgCapa--banner\"\n\t\t\t\t\tsrc=\"\"\n\t\t\t\t\tdata-promo-id=\"138420\"\t\t\t\t\t\t\t\t\t\t\t\t\t\t\talt=\"\"\n\t\t\t\t>\n\t\t\t<\/picture>\n\t\t<\/a>\n\t<\/p>\n\n\n<p>O corte nos pap\u00e9is <strong>MGLU3<\/strong>, vale lembrar, foram de R$ 22 para R$ 7,50 na \u00faltima revis\u00e3o do case de Magazine Luiza pelos analistas de <a class=\"suno-keyword\" href=\"https:\/\/www.suno.com.br\/artigos\/equity-research\/\" target=\"_blank\" rel=\"noopener\" data-force=\"no\" data-priority=\"1\">equity research<\/a>, logo ap\u00f3s a publica\u00e7\u00e3o do <a href=\"https:\/\/www.suno.com.br\/artigos\/resultado-financeiro\/\">balan\u00e7o da companhia<\/a>, no dia 14 de mar\u00e7o.<\/p>\n<p>No relat\u00f3rio da <strong>carteira<\/strong> fundamentalista, os especialistas Victor Penna, <a href=\"https:\/\/www.suno.com.br\/artigos\/cnpi\/\">CNPI<\/a>, e Wesley Bernab\u00e9, CFA, n\u00e3o firmam uma proje\u00e7\u00e3o ou pre\u00e7o-alvo para os ativos, mas destacam que a proje\u00e7\u00e3o do Ibovespa \u00e9 de 137 mil pontos ao fim de 2022 &#8211; o que representaria uma alta de 14%.<\/p>\n\n\t<div data-element=\"shortcode-read-more\" class=\"readToo\">\n\t\t\t\t<span class=\"readToo__title\">Leia mais<\/span>\n\t\t\t\t<ul class=\"readToo__list\">\n\t\t\t<li><a href=\"https:\/\/www.suno.com.br\/noticias\/magazine-luiza-mglu3-queda-dolar-sobra\/\">Queda do d\u00f3lar oferece oportunidades para Magazine Luiza (MGLU3), diz CEO<\/a><\/li><li><a href=\"https:\/\/www.suno.com.br\/noticias\/eletronicos-magazine-luiza-magalu-mglu3-aluga\/\">Cansado de emprestar eletr\u00f4nicos? O Magazine Luiza (MGLU3) aluga; confira novidade<\/a><\/li>\t\t<\/ul>\n\t<\/div>\n\n\n<p>Al\u00e9m disso, tamb\u00e9m descrevem as teses de investimento das novas <strong>a\u00e7\u00f5es<\/strong> da carteira.<\/p>\n<p>&#8220;As <strong>a\u00e7\u00f5es da Magazine Luiza<\/strong> v\u00eam se favorecendo de uma conjuntura de fatores, dentre os quais destacamos a perspectiva de estarmos pr\u00f3ximos do fim do ciclo de aperto monet\u00e1rio, bem como a gradual recupera\u00e7\u00e3o das vendas nos pr\u00f3ximos meses, o que deve seguir impactando positivamente os pap\u00e9is no <a class=\"suno-keyword\" href=\"https:\/\/www.suno.com.br\/artigos\/curto-prazo\/\" target=\"_blank\" rel=\"noopener\" data-force=\"no\" data-priority=\"1\">curto prazo<\/a>&#8220;, diz o relat\u00f3rio.<\/p>\n<p>Segundo os especialistas, a tese de <strong>investimento<\/strong> da Magazine Luiza consiste:<\/p>\n<ul>\n<li>Na capacidade da empresa em combinar crescimento elevado com rentabilidade<\/li>\n<li>No desenvolvimento de uma estrutura log\u00edstica omnicanal, integrando lojas f\u00edsicas \u00e0s vendas on-line<\/li>\n<li>Nos investimentos para o desenvolvimento do SuperApp, com incremento do sortimento de produtos e servi\u00e7os dispon\u00edveis, inclusive financeiros<\/li>\n<\/ul>\n\t<p>\n\t\t<a href=\"https:\/\/lp.suno.com.br\/planilha-controle-gastos\/\" target=\"_blank\" data-element=\"shortcode-suno-banner\" title=\"Banner SUNO, clique e saiba mais\">\n\t\t\t<picture>\n\t\t\t\t<source media=\"(max-width: 500px)\" srcset=\"https:\/\/files.sunoresearch.com.br\/n\/uploads\/2023\/03\/400x300-Planilha-controle-de-gastos.png\">\n\t\t\t\t<img class=\"newsContent__article__imgCapa newsContent__article__imgCapa--banner\"\n\t\t\t\t\tsrc=\"https:\/\/files.sunoresearch.com.br\/n\/uploads\/2023\/03\/1420x240-Planilha-controle-de-gastos.png\"\n\t\t\t\t\tdata-promo-id=\"101751\"\t\t\t\t\t\t\t\t\t\twidth='1420' height='240'\t\t\t\t\talt=\"https:\/\/files.sunoresearch.com.br\/n\/uploads\/2023\/03\/1420x240-Planilha-controle-de-gastos.png\"\n\t\t\t\t>\n\t\t\t<\/picture>\n\t\t<\/a>\n\t<\/p>\n\n\n<p>Como riscos, citam os investimentos em aquisi\u00e7\u00e3o de clientes e no desenvolvimento da omnicanalidade superior ao estimado e a incapacidade de atrair e reter vendedores para sua plataforma de <a href=\"https:\/\/www.suno.com.br\/artigos\/marketplace\/\"><strong>marketplace<\/strong><\/a>.<\/p>\n<p>Al\u00e9m disso, tamb\u00e9m frisam negativamente a incapacidade de escalar e rentabilizar solu\u00e7\u00f5es financeiras e o aumento de inadimpl\u00eancia e provis\u00f5es.<\/p>\n<p>No total da carteira, s\u00e3o 10 ativos recomendados. Nas janelas de 12, 24 e 36 meses, a mesma fica abaixo do seu principal benchmark, o Ibovespa.<\/p>\n<figure id=\"attachment_246974\" aria-describedby=\"caption-attachment-246974\" style=\"width: 625px\" class=\"wp-caption aligncenter\"><img loading=\"lazy\" decoding=\"async\" class=\"size-full wp-image-246974\" src=\"https:\/\/files.sunoresearch.com.br\/n\/uploads\/2022\/04\/carteira-BB.jpg\" alt=\"Carteira de a\u00e7\u00f5es fundamentalista do BB-BI - Foto: Reprodu\u00e7\u00e3o\" width=\"625\" height=\"475\" srcset=\"https:\/\/files.sunoresearch.com.br\/n\/uploads\/2022\/04\/carteira-BB.jpg 625w, https:\/\/files.sunoresearch.com.br\/n\/uploads\/2022\/04\/carteira-BB-300x228.jpg 300w, https:\/\/files.sunoresearch.com.br\/n\/uploads\/2022\/04\/carteira-BB-150x114.jpg 150w\" sizes=\"(max-width: 625px) 100vw, 625px\" \/><figcaption id=\"caption-attachment-246974\" class=\"wp-caption-text\">Carteira de a\u00e7\u00f5es fundamentalista do BB-BI &#8211; Foto: Reprodu\u00e7\u00e3o<\/figcaption><\/figure>\n<p>As \u00faltimas vezes em que esteve rentabilizando <a href=\"https:\/\/www.suno.com.br\/noticias\/ibovespa-hoje-30032022\/\">acima da m\u00e9dia da bolsa foram em abril de 2021<\/a>, quando fechou o m\u00eas com 8% de alta ante 1,9% do \u00edndice, em junho, com 2,2% ante 0,5%, e em fevereiro, com 1,7% ante 0,9%.<\/p>\n<p>Em setembro de 2021, contudo, a carteira caiu menos do que o Ibovespa (3,1% ante 6,6%), assim como em outubro (6% ante 6,7%).<\/p>\n<h2>Time de research v\u00ea infla\u00e7\u00e3o como risco para Magazin Luiza<\/h2>\n<p>Na revis\u00e3o de pre\u00e7o em que houve o corte de R$ 22 para R$ 7,50, a analista Georgia Jorge, CNPI, destaca que, ao incorporar os resultados do 4T21 \u00e0 sua an\u00e1lise, projeta uma piora na venda de bens dur\u00e1veis.<\/p>\n\t<p>\n\t\t<a href=\"https:\/\/lp.suno.com.br\/planilha-da-vida-financeira\/\" target=\"_blank\" data-element=\"shortcode-suno-banner\" title=\"Banner SUNO, clique e saiba mais\">\n\t\t\t<picture>\n\t\t\t\t<source media=\"(max-width: 500px)\" srcset=\"https:\/\/files.sunoresearch.com.br\/n\/uploads\/2023\/04\/400x300-Planilha-vida-financeira-true.png\">\n\t\t\t\t<img class=\"newsContent__article__imgCapa newsContent__article__imgCapa--banner\"\n\t\t\t\t\tsrc=\"https:\/\/files.sunoresearch.com.br\/n\/uploads\/2023\/04\/1420x240-Planilha-vida-financeira-true.png\"\n\t\t\t\t\tdata-promo-id=\"106682\"\t\t\t\t\t\t\t\t\t\twidth='1420' height='240'\t\t\t\t\talt=\"https:\/\/files.sunoresearch.com.br\/n\/uploads\/2023\/04\/1420x240-Planilha-vida-financeira-true.png\"\n\t\t\t\t>\n\t\t\t<\/picture>\n\t\t<\/a>\n\t<\/p>\n\n\n<p>Al\u00e9m disso, as premissas de crescimento e rentabilidade com o <a href=\"https:\/\/www.suno.com.br\/noticias\/selic-taxa-juros-campos-neto\/\">cen\u00e1rio de juros e infla\u00e7\u00e3o<\/a> s\u00e3o apontados como fatores negativos.<\/p>\n<p>&#8220;Por ser uma tese de crescimento, as altera\u00e7\u00f5es em premissas de <a class=\"suno-keyword\" href=\"https:\/\/www.suno.com.br\/artigos\/premio-de-risco\/\" target=\"_blank\" rel=\"noopener\" data-force=\"no\" data-priority=\"1\">pr\u00eamio de risco<\/a> exercem um efeito bastante significativo no valuation da companhia, o que justifica essa queda abrupta de nosso pre\u00e7o-alvo. De modo geral, entendemos que esse novo patamar de pre\u00e7o das a\u00e7\u00f5es da Magazine Luiza reflete a precifica\u00e7\u00e3o pelo mercado de um crescimento mais modesto daqui para frente, al\u00e9m do pr\u00f3prio aumento concorrencial, trazendo novos desafios \u00e0 tese de investimento&#8221;, diz o relat\u00f3rio do banco de investimento.<\/p>\n<h2>Desempenho de MGLU3<\/h2>\n<p>As <strong>a\u00e7\u00f5es do Magazine Luiza<\/strong> <a href=\"https:\/\/statusinvest.com.br\/acoes\/mglu3\">ainda ficam cotadas abaixo do target da research do BB<\/a>, a R$ 6,82 no fechamento do dia 31 de mar\u00e7o.\u00a0Contudo, nos \u00faltimos seis meses a companhia viu seus pap\u00e9is ca\u00edrem 53%.<\/p>\n<p>No acumulado de 12 meses a queda do Magazine Luiza \u00e9 ainda maior, de 66,6%.<\/p>\n\t<p>\n\t\t<a href=\"https:\/\/lp.suno.com.br\/ebook-como-analisar-uma-acao\/\" target=\"_blank\" data-element=\"shortcode-suno-banner\" title=\"Banner SUNO, clique e saiba mais\">\n\t\t\t<picture>\n\t\t\t\t<source media=\"(max-width: 500px)\" srcset=\"https:\/\/files.sunoresearch.com.br\/n\/uploads\/2023\/03\/Ebook-Acoes-Mobile-1.jpg\">\n\t\t\t\t<img class=\"newsContent__article__imgCapa newsContent__article__imgCapa--banner\"\n\t\t\t\t\tsrc=\"https:\/\/files.sunoresearch.com.br\/n\/uploads\/2023\/03\/Ebook-Acoes-Desktop-1.jpg\"\n\t\t\t\t\tdata-promo-id=\"171998\"\t\t\t\t\t\t\t\t\t\twidth='1420' height='286'\t\t\t\t\talt=\"https:\/\/files.sunoresearch.com.br\/n\/uploads\/2023\/03\/Ebook-Acoes-Desktop-1.jpg\"\n\t\t\t\t>\n\t\t\t<\/picture>\n\t\t<\/a>\n\t<\/p>\n\n\n","protected":false},"excerpt":{"rendered":"<p>Com alta de 13,4% em mar\u00e7o, mas com 2022 ainda no vermelho, o BB Investimentos adicionou as a\u00e7\u00f5es do Magazine Luiza (MGLU3) na sua Carteira Fundamentalista de A\u00e7\u00f5es, apesar de a sua equipe de research ver upside, mas dar recomenda\u00e7\u00e3o neutra para os pap\u00e9is. Magazine Luiza (MGLU3) come\u00e7a os testes com o programa piloto de [&hellip;]<\/p>\n","protected":false},"author":73,"featured_media":159978,"comment_status":"closed","ping_status":"closed","sticky":false,"template":"","format":"standard","meta":[],"categories":[64],"tags":[104988,105816,548],"suno_strategy":[],"class_list":["post-246917","post","type-post","status-publish","format-standard","has-post-thumbnail","hentry","category-negocios","tag-bb-investimentos","tag-especialistas","tag-magazine-luiza-mglu3"],"yoast_head":"<!-- This site is optimized with the Yoast SEO plugin v24.4 - https:\/\/yoast.com\/wordpress\/plugins\/seo\/ -->\n<title>Magazine Luiza (MGLU3): Apesar do corte na proje\u00e7\u00e3o, BB coloca na carteira<\/title>\n<meta name=\"description\" content=\"A research do BB-BI cortou o pre\u00e7o-alvo de Magazine Luiza para R$ 7, mas carteira fundamentalista adicionou a\u00e7\u00e3o. Clique aqui e confira.\" \/>\n<meta name=\"robots\" content=\"index, follow, max-snippet:-1, max-image-preview:large, max-video-preview:-1\" \/>\n<link rel=\"canonical\" href=\"https:\/\/www.suno.com.br\/noticias\/magazine-luiza-magalu-mglu3-bb-carteira\/\" \/>\n<meta property=\"og:locale\" content=\"pt_BR\" \/>\n<meta property=\"og:type\" content=\"article\" \/>\n<meta property=\"og:title\" content=\"Magazine Luiza (MGLU3): Apesar do corte na proje\u00e7\u00e3o, BB coloca na carteira\" \/>\n<meta property=\"og:description\" content=\"A research do BB-BI cortou o pre\u00e7o-alvo de Magazine Luiza para R$ 7, mas carteira fundamentalista adicionou a\u00e7\u00e3o. Clique aqui e confira.\" \/>\n<meta property=\"og:url\" content=\"https:\/\/www.suno.com.br\/noticias\/magazine-luiza-magalu-mglu3-bb-carteira\/\" \/>\n<meta property=\"og:site_name\" content=\"Suno Not\u00edcias\" \/>\n<meta property=\"article:publisher\" content=\"https:\/\/facebook.com\/sunoresearch\" \/>\n<meta property=\"og:image\" content=\"https:\/\/files.sunoresearch.com.br\/n\/uploads\/2021\/06\/5a566ed3-whatsapp-image-2021-06-21-at-2.47.43-pm.jpeg\" \/>\n\t<meta property=\"og:image:width\" content=\"1280\" \/>\n\t<meta property=\"og:image:height\" content=\"854\" \/>\n\t<meta property=\"og:image:type\" content=\"image\/jpeg\" \/>\n<meta name=\"author\" content=\"Eduardo Vargas\" \/>\n<meta name=\"twitter:card\" content=\"summary_large_image\" \/>\n<meta name=\"twitter:creator\" content=\"@sunoresearch\" \/>\n<meta name=\"twitter:site\" content=\"@sunoresearch\" \/>\n<meta name=\"twitter:label1\" content=\"Escrito por\" \/>\n\t<meta name=\"twitter:data1\" content=\"Eduardo Vargas\" \/>\n\t<meta name=\"twitter:label2\" content=\"Est. tempo de leitura\" \/>\n\t<meta name=\"twitter:data2\" content=\"3 minutos\" \/>\n<script type=\"application\/ld+json\" class=\"yoast-schema-graph\">{\"@context\":\"https:\/\/schema.org\",\"@graph\":[{\"@type\":\"NewsArticle\",\"@id\":\"https:\/\/www.suno.com.br\/noticias\/magazine-luiza-magalu-mglu3-bb-carteira\/#article\",\"isPartOf\":{\"@id\":\"https:\/\/www.suno.com.br\/noticias\/magazine-luiza-magalu-mglu3-bb-carteira\/\"},\"author\":{\"name\":\"Eduardo Vargas\",\"@id\":\"https:\/\/www.suno.com.br\/noticias\/#\/schema\/person\/7f4d362bf3518e76090143ae77bb49a5\"},\"headline\":\"Magazine Luiza (MGLU3): Apesar do corte no pre\u00e7o-alvo, BB-BI mant\u00e9m a\u00e7\u00f5es na carteira\",\"datePublished\":\"2022-04-01T14:59:21+00:00\",\"dateModified\":\"2022-04-01T16:12:18+00:00\",\"mainEntityOfPage\":{\"@id\":\"https:\/\/www.suno.com.br\/noticias\/magazine-luiza-magalu-mglu3-bb-carteira\/\"},\"wordCount\":673,\"publisher\":{\"@id\":\"https:\/\/www.suno.com.br\/noticias\/#organization\"},\"image\":{\"@id\":\"https:\/\/www.suno.com.br\/noticias\/magazine-luiza-magalu-mglu3-bb-carteira\/#primaryimage\"},\"thumbnailUrl\":\"https:\/\/files.sunoresearch.com.br\/n\/uploads\/2021\/06\/5a566ed3-whatsapp-image-2021-06-21-at-2.47.43-pm-jpeg.webp\",\"keywords\":[\"BB Investimentos\",\"Especialistas\",\"Magazine Luiza (MGLU3)\"],\"articleSection\":[\"Neg\u00f3cios\"],\"inLanguage\":\"pt-BR\"},{\"@type\":\"WebPage\",\"@id\":\"https:\/\/www.suno.com.br\/noticias\/magazine-luiza-magalu-mglu3-bb-carteira\/\",\"url\":\"https:\/\/www.suno.com.br\/noticias\/magazine-luiza-magalu-mglu3-bb-carteira\/\",\"name\":\"Magazine Luiza (MGLU3): Apesar do corte na proje\u00e7\u00e3o, BB coloca na carteira\",\"isPartOf\":{\"@id\":\"https:\/\/www.suno.com.br\/noticias\/#website\"},\"primaryImageOfPage\":{\"@id\":\"https:\/\/www.suno.com.br\/noticias\/magazine-luiza-magalu-mglu3-bb-carteira\/#primaryimage\"},\"image\":{\"@id\":\"https:\/\/www.suno.com.br\/noticias\/magazine-luiza-magalu-mglu3-bb-carteira\/#primaryimage\"},\"thumbnailUrl\":\"https:\/\/files.sunoresearch.com.br\/n\/uploads\/2021\/06\/5a566ed3-whatsapp-image-2021-06-21-at-2.47.43-pm-jpeg.webp\",\"datePublished\":\"2022-04-01T14:59:21+00:00\",\"dateModified\":\"2022-04-01T16:12:18+00:00\",\"description\":\"A research do BB-BI cortou o pre\u00e7o-alvo de Magazine Luiza para R$ 7, mas carteira fundamentalista adicionou a\u00e7\u00e3o. Clique aqui e confira.\",\"breadcrumb\":{\"@id\":\"https:\/\/www.suno.com.br\/noticias\/magazine-luiza-magalu-mglu3-bb-carteira\/#breadcrumb\"},\"inLanguage\":\"pt-BR\",\"potentialAction\":[{\"@type\":\"ReadAction\",\"target\":[\"https:\/\/www.suno.com.br\/noticias\/magazine-luiza-magalu-mglu3-bb-carteira\/\"]}]},{\"@type\":\"ImageObject\",\"inLanguage\":\"pt-BR\",\"@id\":\"https:\/\/www.suno.com.br\/noticias\/magazine-luiza-magalu-mglu3-bb-carteira\/#primaryimage\",\"url\":\"https:\/\/files.sunoresearch.com.br\/n\/uploads\/2021\/06\/5a566ed3-whatsapp-image-2021-06-21-at-2.47.43-pm-jpeg.webp\",\"contentUrl\":\"https:\/\/files.sunoresearch.com.br\/n\/uploads\/2021\/06\/5a566ed3-whatsapp-image-2021-06-21-at-2.47.43-pm-jpeg.webp\",\"width\":1280,\"height\":854,\"caption\":\"Magazine Luiza. Foto: Divulga\u00e7\u00e3o\"},{\"@type\":\"BreadcrumbList\",\"@id\":\"https:\/\/www.suno.com.br\/noticias\/magazine-luiza-magalu-mglu3-bb-carteira\/#breadcrumb\",\"itemListElement\":[{\"@type\":\"ListItem\",\"position\":1,\"name\":\"Not\u00edcias\",\"item\":\"https:\/\/www.suno.com.br\/noticias\/\"},{\"@type\":\"ListItem\",\"position\":2,\"name\":\"Neg\u00f3cios\",\"item\":\"https:\/\/www.suno.com.br\/noticias\/negocios\/\"},{\"@type\":\"ListItem\",\"position\":3,\"name\":\"Magazine Luiza (MGLU3): Apesar do corte no pre\u00e7o-alvo, BB-BI mant\u00e9m a\u00e7\u00f5es na carteira\"}]},{\"@type\":\"WebSite\",\"@id\":\"https:\/\/www.suno.com.br\/noticias\/#website\",\"url\":\"https:\/\/www.suno.com.br\/noticias\/\",\"name\":\"Suno Not\u00edcias\",\"description\":\"Seu portal de informa\u00e7\u00e3o sobre o mundo dos investimentos\",\"publisher\":{\"@id\":\"https:\/\/www.suno.com.br\/noticias\/#organization\"},\"potentialAction\":[{\"@type\":\"SearchAction\",\"target\":{\"@type\":\"EntryPoint\",\"urlTemplate\":\"https:\/\/www.suno.com.br\/noticias\/?s={search_term_string}\"},\"query-input\":{\"@type\":\"PropertyValueSpecification\",\"valueRequired\":true,\"valueName\":\"search_term_string\"}}],\"inLanguage\":\"pt-BR\"},{\"@type\":\"Organization\",\"@id\":\"https:\/\/www.suno.com.br\/noticias\/#organization\",\"name\":\"Suno Not\u00edcias\",\"url\":\"https:\/\/www.suno.com.br\/noticias\/\",\"logo\":{\"@type\":\"ImageObject\",\"inLanguage\":\"pt-BR\",\"@id\":\"https:\/\/www.suno.com.br\/noticias\/#\/schema\/logo\/image\/\",\"url\":\"https:\/\/files.sunoresearch.com.br\/n\/uploads\/2021\/09\/suno-logo.png\",\"contentUrl\":\"https:\/\/files.sunoresearch.com.br\/n\/uploads\/2021\/09\/suno-logo.png\",\"width\":180,\"height\":180,\"caption\":\"Suno Not\u00edcias\"},\"image\":{\"@id\":\"https:\/\/www.suno.com.br\/noticias\/#\/schema\/logo\/image\/\"},\"sameAs\":[\"https:\/\/facebook.com\/sunoresearch\",\"https:\/\/x.com\/sunoresearch\",\"https:\/\/www.instagram.com\/suno\",\"https:\/\/www.linkedin.com\/company\/suno-research\/\",\"https:\/\/www.youtube.com\/c\/sunoresearch\"]},{\"@type\":\"Person\",\"@id\":\"https:\/\/www.suno.com.br\/noticias\/#\/schema\/person\/7f4d362bf3518e76090143ae77bb49a5\",\"name\":\"Eduardo Vargas\",\"image\":{\"@type\":\"ImageObject\",\"inLanguage\":\"pt-BR\",\"@id\":\"https:\/\/www.suno.com.br\/noticias\/#\/schema\/person\/image\/\",\"url\":\"https:\/\/secure.gravatar.com\/avatar\/dac340933427a22924c9f99d1eb2e3f2?s=96&r=g\",\"contentUrl\":\"https:\/\/secure.gravatar.com\/avatar\/dac340933427a22924c9f99d1eb2e3f2?s=96&r=g\",\"caption\":\"Eduardo Vargas\"},\"description\":\"Jornalista formado pela UFSC, cobre macroeconomia, neg\u00f3cios e startups para o Suno Not\u00edcias, escrevendo principalmente not\u00edcias sobre o mercado financeiro e a bolsa de valores. No YouTube e no Instagram, \u00e9 respons\u00e1vel pela produ\u00e7\u00e3o de Reels e Shorts do Suno Not\u00edcias. Anteriormente, trabalhou cobrindo economia e cotidiano no ND+ e para o ND, maior jornal impresso de Santa Catarina. Cursou um semestre letivo de Estudos de M\u00eddia na Universidad de Buenos Aires.\",\"url\":\"https:\/\/www.suno.com.br\/noticias\/author\/eduardo-vargas\/\"}]}<\/script>\n<!-- \/ Yoast SEO plugin. -->","yoast_head_json":{"title":"Magazine Luiza (MGLU3): Apesar do corte na proje\u00e7\u00e3o, BB coloca na carteira","description":"A research do BB-BI cortou o pre\u00e7o-alvo de Magazine Luiza para R$ 7, mas carteira fundamentalista adicionou a\u00e7\u00e3o. Clique aqui e confira.","robots":{"index":"index","follow":"follow","max-snippet":"max-snippet:-1","max-image-preview":"max-image-preview:large","max-video-preview":"max-video-preview:-1"},"canonical":"https:\/\/www.suno.com.br\/noticias\/magazine-luiza-magalu-mglu3-bb-carteira\/","og_locale":"pt_BR","og_type":"article","og_title":"Magazine Luiza (MGLU3): Apesar do corte na proje\u00e7\u00e3o, BB coloca na carteira","og_description":"A research do BB-BI cortou o pre\u00e7o-alvo de Magazine Luiza para R$ 7, mas carteira fundamentalista adicionou a\u00e7\u00e3o. Clique aqui e confira.","og_url":"https:\/\/www.suno.com.br\/noticias\/magazine-luiza-magalu-mglu3-bb-carteira\/","og_site_name":"Suno Not\u00edcias","article_publisher":"https:\/\/facebook.com\/sunoresearch","og_image":[{"width":1280,"height":854,"url":"https:\/\/files.sunoresearch.com.br\/n\/uploads\/2021\/06\/5a566ed3-whatsapp-image-2021-06-21-at-2.47.43-pm.jpeg","type":"image\/jpeg"}],"author":"Eduardo Vargas","twitter_card":"summary_large_image","twitter_creator":"@sunoresearch","twitter_site":"@sunoresearch","twitter_misc":{"Escrito por":"Eduardo Vargas","Est. tempo de leitura":"3 minutos"},"schema":{"@context":"https:\/\/schema.org","@graph":[{"@type":"NewsArticle","@id":"https:\/\/www.suno.com.br\/noticias\/magazine-luiza-magalu-mglu3-bb-carteira\/#article","isPartOf":{"@id":"https:\/\/www.suno.com.br\/noticias\/magazine-luiza-magalu-mglu3-bb-carteira\/"},"author":{"name":"Eduardo Vargas","@id":"https:\/\/www.suno.com.br\/noticias\/#\/schema\/person\/7f4d362bf3518e76090143ae77bb49a5"},"headline":"Magazine Luiza (MGLU3): Apesar do corte no pre\u00e7o-alvo, BB-BI mant\u00e9m a\u00e7\u00f5es na carteira","datePublished":"2022-04-01T14:59:21+00:00","dateModified":"2022-04-01T16:12:18+00:00","mainEntityOfPage":{"@id":"https:\/\/www.suno.com.br\/noticias\/magazine-luiza-magalu-mglu3-bb-carteira\/"},"wordCount":673,"publisher":{"@id":"https:\/\/www.suno.com.br\/noticias\/#organization"},"image":{"@id":"https:\/\/www.suno.com.br\/noticias\/magazine-luiza-magalu-mglu3-bb-carteira\/#primaryimage"},"thumbnailUrl":"https:\/\/files.sunoresearch.com.br\/n\/uploads\/2021\/06\/5a566ed3-whatsapp-image-2021-06-21-at-2.47.43-pm-jpeg.webp","keywords":["BB Investimentos","Especialistas","Magazine Luiza (MGLU3)"],"articleSection":["Neg\u00f3cios"],"inLanguage":"pt-BR"},{"@type":"WebPage","@id":"https:\/\/www.suno.com.br\/noticias\/magazine-luiza-magalu-mglu3-bb-carteira\/","url":"https:\/\/www.suno.com.br\/noticias\/magazine-luiza-magalu-mglu3-bb-carteira\/","name":"Magazine Luiza (MGLU3): Apesar do corte na proje\u00e7\u00e3o, BB coloca na carteira","isPartOf":{"@id":"https:\/\/www.suno.com.br\/noticias\/#website"},"primaryImageOfPage":{"@id":"https:\/\/www.suno.com.br\/noticias\/magazine-luiza-magalu-mglu3-bb-carteira\/#primaryimage"},"image":{"@id":"https:\/\/www.suno.com.br\/noticias\/magazine-luiza-magalu-mglu3-bb-carteira\/#primaryimage"},"thumbnailUrl":"https:\/\/files.sunoresearch.com.br\/n\/uploads\/2021\/06\/5a566ed3-whatsapp-image-2021-06-21-at-2.47.43-pm-jpeg.webp","datePublished":"2022-04-01T14:59:21+00:00","dateModified":"2022-04-01T16:12:18+00:00","description":"A research do BB-BI cortou o pre\u00e7o-alvo de Magazine Luiza para R$ 7, mas carteira fundamentalista adicionou a\u00e7\u00e3o. Clique aqui e confira.","breadcrumb":{"@id":"https:\/\/www.suno.com.br\/noticias\/magazine-luiza-magalu-mglu3-bb-carteira\/#breadcrumb"},"inLanguage":"pt-BR","potentialAction":[{"@type":"ReadAction","target":["https:\/\/www.suno.com.br\/noticias\/magazine-luiza-magalu-mglu3-bb-carteira\/"]}]},{"@type":"ImageObject","inLanguage":"pt-BR","@id":"https:\/\/www.suno.com.br\/noticias\/magazine-luiza-magalu-mglu3-bb-carteira\/#primaryimage","url":"https:\/\/files.sunoresearch.com.br\/n\/uploads\/2021\/06\/5a566ed3-whatsapp-image-2021-06-21-at-2.47.43-pm-jpeg.webp","contentUrl":"https:\/\/files.sunoresearch.com.br\/n\/uploads\/2021\/06\/5a566ed3-whatsapp-image-2021-06-21-at-2.47.43-pm-jpeg.webp","width":1280,"height":854,"caption":"Magazine Luiza. Foto: Divulga\u00e7\u00e3o"},{"@type":"BreadcrumbList","@id":"https:\/\/www.suno.com.br\/noticias\/magazine-luiza-magalu-mglu3-bb-carteira\/#breadcrumb","itemListElement":[{"@type":"ListItem","position":1,"name":"Not\u00edcias","item":"https:\/\/www.suno.com.br\/noticias\/"},{"@type":"ListItem","position":2,"name":"Neg\u00f3cios","item":"https:\/\/www.suno.com.br\/noticias\/negocios\/"},{"@type":"ListItem","position":3,"name":"Magazine Luiza (MGLU3): Apesar do corte no pre\u00e7o-alvo, BB-BI mant\u00e9m a\u00e7\u00f5es na carteira"}]},{"@type":"WebSite","@id":"https:\/\/www.suno.com.br\/noticias\/#website","url":"https:\/\/www.suno.com.br\/noticias\/","name":"Suno Not\u00edcias","description":"Seu portal de informa\u00e7\u00e3o sobre o mundo dos investimentos","publisher":{"@id":"https:\/\/www.suno.com.br\/noticias\/#organization"},"potentialAction":[{"@type":"SearchAction","target":{"@type":"EntryPoint","urlTemplate":"https:\/\/www.suno.com.br\/noticias\/?s={search_term_string}"},"query-input":{"@type":"PropertyValueSpecification","valueRequired":true,"valueName":"search_term_string"}}],"inLanguage":"pt-BR"},{"@type":"Organization","@id":"https:\/\/www.suno.com.br\/noticias\/#organization","name":"Suno Not\u00edcias","url":"https:\/\/www.suno.com.br\/noticias\/","logo":{"@type":"ImageObject","inLanguage":"pt-BR","@id":"https:\/\/www.suno.com.br\/noticias\/#\/schema\/logo\/image\/","url":"https:\/\/files.sunoresearch.com.br\/n\/uploads\/2021\/09\/suno-logo.png","contentUrl":"https:\/\/files.sunoresearch.com.br\/n\/uploads\/2021\/09\/suno-logo.png","width":180,"height":180,"caption":"Suno Not\u00edcias"},"image":{"@id":"https:\/\/www.suno.com.br\/noticias\/#\/schema\/logo\/image\/"},"sameAs":["https:\/\/facebook.com\/sunoresearch","https:\/\/x.com\/sunoresearch","https:\/\/www.instagram.com\/suno","https:\/\/www.linkedin.com\/company\/suno-research\/","https:\/\/www.youtube.com\/c\/sunoresearch"]},{"@type":"Person","@id":"https:\/\/www.suno.com.br\/noticias\/#\/schema\/person\/7f4d362bf3518e76090143ae77bb49a5","name":"Eduardo Vargas","image":{"@type":"ImageObject","inLanguage":"pt-BR","@id":"https:\/\/www.suno.com.br\/noticias\/#\/schema\/person\/image\/","url":"https:\/\/secure.gravatar.com\/avatar\/dac340933427a22924c9f99d1eb2e3f2?s=96&r=g","contentUrl":"https:\/\/secure.gravatar.com\/avatar\/dac340933427a22924c9f99d1eb2e3f2?s=96&r=g","caption":"Eduardo Vargas"},"description":"Jornalista formado pela UFSC, cobre macroeconomia, neg\u00f3cios e startups para o Suno Not\u00edcias, escrevendo principalmente not\u00edcias sobre o mercado financeiro e a bolsa de valores. No YouTube e no Instagram, \u00e9 respons\u00e1vel pela produ\u00e7\u00e3o de Reels e Shorts do Suno Not\u00edcias. Anteriormente, trabalhou cobrindo economia e cotidiano no ND+ e para o ND, maior jornal impresso de Santa Catarina. Cursou um semestre letivo de Estudos de M\u00eddia na Universidad de Buenos Aires.","url":"https:\/\/www.suno.com.br\/noticias\/author\/eduardo-vargas\/"}]}},"default_loop_html":"<div class=\"cardsPage__listCard__boxs\"><div class=\"cardsPage__listCard__boxs__img\"><a href=\"https:\/\/www.suno.com.br\/noticias\/eletronicos-magazine-luiza-magalu-mglu3-aluga\/\"><img class=\"mask\" src=\"https:\/\/www.suno.com.br\/noticias\/wp-content\/themes\/suno\/resources\/images\/spotlight\/spotlight1img\/bg-mask.png\" alt=\"Image Mask\"\/><img src=\"https:\/\/files.sunoresearch.com.br\/n\/uploads\/2022\/03\/pexels-ivan-samkov-5799092-400x200.jpg\" alt=\"Cansado de emprestar eletr\u00f4nicos? O Magazine Luiza (MGLU3) aluga; confira novidade\"\/><\/a><span class=\"spotlightCategory\"><a href=\"https:\/\/www.suno.com.br\/noticias\/negocios\/\">Neg\u00f3cios<\/a><\/span><\/div><div class=\"cardsPage__listCard__boxs__content\"><a href=\"https:\/\/www.suno.com.br\/noticias\/eletronicos-magazine-luiza-magalu-mglu3-aluga\/\"><h2 class=\"content__title\">Cansado de emprestar eletr\u00f4nicos? O Magazine Luiza (MGLU3) aluga; confira novidade<\/h2><\/a><div class=\"newsContent__article__meta\"><div class=\"newsContent__article__meta__authorBox\"><a href=\"https:\/\/www.suno.com.br\/noticias\/author\/pedro-caramurusuno-com-br\/\" class=\"authorBox__avatar noMobi\"><img src=\"https:\/\/secure.gravatar.com\/avatar\/1a3f15d3553507ae7a2debc6ea0ad87b?s=96&#038;r=g\" alt=\"Pedro Caramuru\"><\/a><div class=\"authorBox__name\"><span>por\n\t\t\t<a href=\"https:\/\/www.suno.com.br\/noticias\/author\/pedro-caramurusuno-com-br\/\"><span itemprop=\"author\">Pedro Caramuru<\/span><\/a><\/span><time datetime=\"2022-03-31T12:16:10-03:00\" itemprop=\"datePublished\">31\/03\/2022 12:16<\/time><\/div><\/div><\/div><\/div><\/div>","single_layout":"posts","amp_enabled":true,"_links":{"self":[{"href":"https:\/\/www.suno.com.br\/noticias\/wp-json\/wp\/v2\/posts\/246917"}],"collection":[{"href":"https:\/\/www.suno.com.br\/noticias\/wp-json\/wp\/v2\/posts"}],"about":[{"href":"https:\/\/www.suno.com.br\/noticias\/wp-json\/wp\/v2\/types\/post"}],"author":[{"embeddable":true,"href":"https:\/\/www.suno.com.br\/noticias\/wp-json\/wp\/v2\/users\/73"}],"replies":[{"embeddable":true,"href":"https:\/\/www.suno.com.br\/noticias\/wp-json\/wp\/v2\/comments?post=246917"}],"version-history":[{"count":3,"href":"https:\/\/www.suno.com.br\/noticias\/wp-json\/wp\/v2\/posts\/246917\/revisions"}],"predecessor-version":[{"id":247043,"href":"https:\/\/www.suno.com.br\/noticias\/wp-json\/wp\/v2\/posts\/246917\/revisions\/247043"}],"wp:featuredmedia":[{"embeddable":true,"href":"https:\/\/www.suno.com.br\/noticias\/wp-json\/wp\/v2\/media\/159978"}],"wp:attachment":[{"href":"https:\/\/www.suno.com.br\/noticias\/wp-json\/wp\/v2\/media?parent=246917"}],"wp:term":[{"taxonomy":"category","embeddable":true,"href":"https:\/\/www.suno.com.br\/noticias\/wp-json\/wp\/v2\/categories?post=246917"},{"taxonomy":"post_tag","embeddable":true,"href":"https:\/\/www.suno.com.br\/noticias\/wp-json\/wp\/v2\/tags?post=246917"},{"taxonomy":"suno_strategy","embeddable":true,"href":"https:\/\/www.suno.com.br\/noticias\/wp-json\/wp\/v2\/suno_strategy?post=246917"}],"curies":[{"name":"wp","href":"https:\/\/api.w.org\/{rel}","templated":true}]}}