{"id":246750,"date":"2022-03-31T18:00:47","date_gmt":"2022-03-31T21:00:47","guid":{"rendered":"https:\/\/www.suno.com.br\/noticias\/?p=246750"},"modified":"2022-03-31T19:23:12","modified_gmt":"2022-03-31T22:23:12","slug":"joao-doria-sai-governo-sp-presidencia","status":"publish","type":"post","link":"https:\/\/www.suno.com.br\/noticias\/joao-doria-sai-governo-sp-presidencia\/","title":{"rendered":"Jo\u00e3o Doria confirma sa\u00edda do governo de SP e vai disputar a presid\u00eancia"},"content":{"rendered":"<p>O governador <strong><a class=\"suno-keyword\" href=\"https:\/\/www.suno.com.br\/tudo-sobre\/joao-doria\/\" target=\"_blank\" rel=\"noopener\" data-force=\"no\" data-priority=\"2\">Jo\u00e3o Doria<\/a><\/strong> anunciou nesta quinta-feira (31) sua sa\u00edda do governo de S\u00e3o Paulo e confirmou sua candidatura \u00e0 presid\u00eancia da Rep\u00fablica, ap\u00f3s um dia conturbado com not\u00edcias sobre sua sa\u00edda da corrida eleitoral. Em baixa nas pesquisas, Doria havia sinalizado que desistiria de concorrer em meio a atritos com aliados e pol\u00edticos do PSDB.<\/p>\t<div class=\"wrapper-featured-image\">\n\t\t<figure class=\"spotlightImg\">\n\n\t\t\t<picture>\n\t\t\t\t<source media=\"(max-width: 768px)\" srcset=\"https:\/\/files.sunoresearch.com.br\/n\/uploads\/2020\/09\/3a55b628-doria-400x200.webp\">\n\t\t\t\t<img loading=\"lazy\" decoding=\"async\" class=\"newsContent__article__imgCapa lazyloadDisabled \" src=\"https:\/\/files.sunoresearch.com.br\/n\/uploads\/2020\/09\/3a55b628-doria-800x450.webp\" width=\"800\" height=\"450\" alt=\"Jo\u00e3o Doria confirma sa\u00edda do governo de SP e vai disputar a presid\u00eancia\" fetchpriority=high \/>\n\t\t\t<\/picture>\n\n\t\t\t<figcaption class=\"wp-caption-text wp-caption-text--show\">Jo\u00e3o Doria. Cr\u00e9ditos: Divulga\u00e7\u00e3o<\/figcaption>\n\t\t<\/figure>\n\t<\/div>\n\n\n\t<p>\n\t\t<a href=\"\" target=\"_blank\" data-element=\"shortcode-suno-banner\" title=\"Banner SUNO, clique e saiba mais\">\n\t\t\t<picture>\n\t\t\t\t<source media=\"(max-width: 500px)\" srcset=\"\">\n\t\t\t\t<img class=\"newsContent__article__imgCapa newsContent__article__imgCapa--banner\"\n\t\t\t\t\tsrc=\"\"\n\t\t\t\t\tdata-promo-id=\"138420\"\t\t\t\t\t\t\t\t\t\t\t\t\t\t\talt=\"\"\n\t\t\t\t>\n\t\t\t<\/picture>\n\t\t<\/a>\n\t<\/p>\n\n\n<p>O cargo foi transferido ao vice-governador <strong>Rodrigo Garcia<\/strong> (PSDB), que assume o posto no s\u00e1bado, 2 de abril. &#8220;Cumpri a minha obriga\u00e7\u00e3o&#8221;, disse Doria.<\/p>\n<p>A decis\u00e3o veio ap\u00f3s reuni\u00f5es com aliados do <strong>PSDB<\/strong> no Pal\u00e1cio dos Bandeirantes. A candidatura foi oficializada depois do 4\u00ba Semin\u00e1rio Municipalista, em evento que contou com plateia e escola de samba.<\/p>\n<p>\u201cSerei candidato a presidente pelo PSDB, o partido da social-democracia. Vamos vencer o populismo, vencer a maldade, a corrup\u00e7\u00e3o\u201d, disse Doria, em discurso.<\/p>\n\t<p>\n\t\t<a href=\"https:\/\/lp.suno.com.br\/planilha-controle-gastos\/\" target=\"_blank\" data-element=\"shortcode-suno-banner\" title=\"Banner SUNO, clique e saiba mais\">\n\t\t\t<picture>\n\t\t\t\t<source media=\"(max-width: 500px)\" srcset=\"https:\/\/files.sunoresearch.com.br\/n\/uploads\/2023\/03\/400x300-Planilha-controle-de-gastos.png\">\n\t\t\t\t<img class=\"newsContent__article__imgCapa newsContent__article__imgCapa--banner\"\n\t\t\t\t\tsrc=\"https:\/\/files.sunoresearch.com.br\/n\/uploads\/2023\/03\/1420x240-Planilha-controle-de-gastos.png\"\n\t\t\t\t\tdata-promo-id=\"101751\"\t\t\t\t\t\t\t\t\t\twidth='1420' height='240'\t\t\t\t\talt=\"https:\/\/files.sunoresearch.com.br\/n\/uploads\/2023\/03\/1420x240-Planilha-controle-de-gastos.png\"\n\t\t\t\t>\n\t\t\t<\/picture>\n\t\t<\/a>\n\t<\/p>\n\n\n<p>No evento, o secret\u00e1rio do Desenvolvimento Regional e presidente do diret\u00f3rio estadual do PSDB, Marco Vinholi, anunciou: &#8220;Uma salva de palmas para o futuro presidente do Brasil, nosso governador do Estado de S\u00e3o Paulo, Jo\u00e3o Doria&#8221;. O an\u00fancio quase rachou o partido. A crise se acentuou na noite anterior.<\/p>\n<p>\u201cQuero estar ao lado de voc\u00eas a partir do pr\u00f3ximo dia 2 para mostrar que \u00e9 poss\u00edvel sim ter nova alternativa para o Brasil, uma alternativa de paz, de trabalho, de dedica\u00e7\u00e3o, de humildade e de integra\u00e7\u00e3o de todo o Brasil. Vou fazer isso com determina\u00e7\u00e3o, longe de ideologia e distante do populismo e condenando a corrup\u00e7\u00e3o e o mau trato do dinheiro p\u00fablico\u201d, disse Jo\u00e3o\u00a0Doria no discurso, que durou cerca de 40 minutos.<\/p>\n<p>O evento contou com a presen\u00e7a de mais de mil pessoas e teve participa\u00e7\u00e3o da primeira-dama Bia Doria, do vice-governador de S\u00e3o Paulo, Rodrigo Garcia, que agora assume o governo paulista e \u00e9 pr\u00e9-candidato do PSDB \u00e0s pr\u00f3ximas elei\u00e7\u00f5es ao governo de S\u00e3o Paulo, do prefeito de S\u00e3o Paulo Ricardo Nunes, do presidente nacional do PSDB, Bruno Ara\u00fajo, e de prefeitos do interior paulista, entre outras autoridades.<\/p>\n<p>Um v\u00eddeo com uma retrospectiva de obras e a\u00e7\u00f5es feitas por Doria durante seu mandato foi exibido durante o evento, que foi transmitido ao vivo pelas redes sociais do governo.<\/p>\n<p>Na \u00faltima quarta-feira (30), Doria teria\u00a0 acenado com a desist\u00eancia da candidatura ao seu vice, com a inten\u00e7\u00e3o de permanecer como governador, de acordo com informa\u00e7\u00f5es antecipadas pelo jornal <em>Folha de S. Paulo<\/em>.<\/p>\n\t<p>\n\t\t<a href=\"https:\/\/lp.suno.com.br\/planilha-da-vida-financeira\/\" target=\"_blank\" data-element=\"shortcode-suno-banner\" title=\"Banner SUNO, clique e saiba mais\">\n\t\t\t<picture>\n\t\t\t\t<source media=\"(max-width: 500px)\" srcset=\"https:\/\/files.sunoresearch.com.br\/n\/uploads\/2023\/04\/400x300-Planilha-vida-financeira-true.png\">\n\t\t\t\t<img class=\"newsContent__article__imgCapa newsContent__article__imgCapa--banner\"\n\t\t\t\t\tsrc=\"https:\/\/files.sunoresearch.com.br\/n\/uploads\/2023\/04\/1420x240-Planilha-vida-financeira-true.png\"\n\t\t\t\t\tdata-promo-id=\"106682\"\t\t\t\t\t\t\t\t\t\twidth='1420' height='240'\t\t\t\t\talt=\"https:\/\/files.sunoresearch.com.br\/n\/uploads\/2023\/04\/1420x240-Planilha-vida-financeira-true.png\"\n\t\t\t\t>\n\t\t\t<\/picture>\n\t\t<\/a>\n\t<\/p>\n\n\n<p>A not\u00edcia acabou por movimentar os tucanos, com aliados hist\u00f3ricos, como o ex-presidente Fernando Henrique Cardoso e o senador Jos\u00e9 Serra, para convencer Doria a sair do cargo e se lan\u00e7ar \u00e0 campanha nacional. Garcia se filiou ao PSDB no in\u00edcio do ano passado, com o objetivo de ser o candidato para ao governo paulista, enquanto Doria partiria para a disputa presidencial.<\/p>\n<p>Para apaziguar a situa\u00e7\u00e3o, o presidente nacional do PSDB, Bruno Ara\u00fajo, divulgou uma nota reafirmando que Jo\u00e3o Doria \u00e9 o nome do partido na disputa pelo Planalto em 2022.<\/p>\n\t<p>\n\t\t<a href=\"https:\/\/lp.suno.com.br\/ebook-como-analisar-uma-acao\/\" target=\"_blank\" data-element=\"shortcode-suno-banner\" title=\"Banner SUNO, clique e saiba mais\">\n\t\t\t<picture>\n\t\t\t\t<source media=\"(max-width: 500px)\" srcset=\"https:\/\/files.sunoresearch.com.br\/n\/uploads\/2023\/03\/Ebook-Acoes-Mobile-1.jpg\">\n\t\t\t\t<img class=\"newsContent__article__imgCapa newsContent__article__imgCapa--banner\"\n\t\t\t\t\tsrc=\"https:\/\/files.sunoresearch.com.br\/n\/uploads\/2023\/03\/Ebook-Acoes-Desktop-1.jpg\"\n\t\t\t\t\tdata-promo-id=\"171998\"\t\t\t\t\t\t\t\t\t\twidth='1420' height='286'\t\t\t\t\talt=\"https:\/\/files.sunoresearch.com.br\/n\/uploads\/2023\/03\/Ebook-Acoes-Desktop-1.jpg\"\n\t\t\t\t>\n\t\t\t<\/picture>\n\t\t<\/a>\n\t<\/p>\n\n\n<p>Doria teria escolhido continuar como governador como uma esp\u00e9cia de \u201ccontra-ataque\u201d ao que ele via como uma desfeita do pr\u00f3prio partido, que at\u00e9 ent\u00e3o trabalhava com a hip\u00f3tese de o governador do Rio Grande do Sul,<strong> Eduardo Leite<\/strong>, ser lan\u00e7ado como candidato do PSDB para Presid\u00eancia &#8212; apesar de Doria ter vencido as pr\u00e9vias do PSDB.<\/p>\n<p>Aliados de <strong>Jo\u00e3o Doria<\/strong> teriam dito que a ideia do grupo era esperar que o governador deixasse o cargo para que pudessem, formalmente, anunciar Eduardo Leite como candidato. Assim, ele ficaria sem mandato e sem candidatura.<\/p>\n\t<p>\n\t\t<a href=\"https:\/\/lp.suno.com.br\/planilha-de-controle-de-investimentos\/\" target=\"_blank\" data-element=\"shortcode-suno-banner\" title=\"Banner SUNO, clique e saiba mais\">\n\t\t\t<picture>\n\t\t\t\t<source media=\"(max-width: 500px)\" srcset=\"https:\/\/files.sunoresearch.com.br\/n\/uploads\/2023\/03\/400x300-Controle-de-Investimentos.png\">\n\t\t\t\t<img class=\"newsContent__article__imgCapa newsContent__article__imgCapa--banner\"\n\t\t\t\t\tsrc=\"https:\/\/files.sunoresearch.com.br\/n\/uploads\/2023\/03\/1420x240-Controle-de-Investimentos.png\"\n\t\t\t\t\tdata-promo-id=\"75934\"\t\t\t\t\t\t\t\t\t\twidth='1420' height='240'\t\t\t\t\talt=\"https:\/\/files.sunoresearch.com.br\/n\/uploads\/2023\/03\/1420x240-Controle-de-Investimentos.png\"\n\t\t\t\t>\n\t\t\t<\/picture>\n\t\t<\/a>\n\t<\/p>\n\n\n<p><em>Com Ag\u00eancia Brasil<\/em><\/p>\n","protected":false},"excerpt":{"rendered":"<p>O governador Jo\u00e3o Doria anunciou nesta quinta-feira (31) sua sa\u00edda do governo de S\u00e3o Paulo e confirmou sua candidatura \u00e0 presid\u00eancia da Rep\u00fablica, ap\u00f3s um dia conturbado com not\u00edcias sobre sua sa\u00edda da corrida eleitoral. Em baixa nas pesquisas, Doria havia sinalizado que desistiria de concorrer em meio a atritos com aliados e pol\u00edticos do [&hellip;]<\/p>\n","protected":false},"author":146,"featured_media":87941,"comment_status":"closed","ping_status":"closed","sticky":false,"template":"","format":"standard","meta":[],"categories":[61],"tags":[842,843],"suno_strategy":[],"class_list":["post-246750","post","type-post","status-publish","format-standard","has-post-thumbnail","hentry","category-politica","tag-joao-doria","tag-sao-paulo"],"yoast_head":"<!-- This site is optimized with the Yoast SEO plugin v24.4 - https:\/\/yoast.com\/wordpress\/plugins\/seo\/ -->\n<title>Jo\u00e3o Doria oficializa sa\u00edda do governo de SP e \u00e9 candidato a Presid\u00eancia<\/title>\n<meta name=\"description\" content=\"O governador Jo\u00e3o Doria anunciou nesta quinta-feira (31) sua sa\u00edda do governo de S\u00e3o Paulo e sua candidatura \u00e0 Presid\u00eancia da Rep\u00fablica.\" \/>\n<meta name=\"robots\" content=\"index, follow, max-snippet:-1, max-image-preview:large, max-video-preview:-1\" \/>\n<link rel=\"canonical\" href=\"https:\/\/www.suno.com.br\/noticias\/joao-doria-sai-governo-sp-presidencia\/\" \/>\n<meta property=\"og:locale\" content=\"pt_BR\" \/>\n<meta property=\"og:type\" content=\"article\" \/>\n<meta property=\"og:title\" content=\"Jo\u00e3o Doria oficializa sa\u00edda do governo de SP e \u00e9 candidato a Presid\u00eancia\" \/>\n<meta property=\"og:description\" content=\"O governador Jo\u00e3o Doria anunciou nesta quinta-feira (31) sua sa\u00edda do governo de S\u00e3o Paulo e sua candidatura \u00e0 Presid\u00eancia da Rep\u00fablica.\" \/>\n<meta property=\"og:url\" content=\"https:\/\/www.suno.com.br\/noticias\/joao-doria-sai-governo-sp-presidencia\/\" \/>\n<meta property=\"og:site_name\" content=\"Suno Not\u00edcias\" \/>\n<meta property=\"article:publisher\" content=\"https:\/\/facebook.com\/sunoresearch\" \/>\n<meta property=\"og:image\" content=\"https:\/\/files.sunoresearch.com.br\/n\/uploads\/2020\/09\/3a55b628-doria.jpg\" \/>\n\t<meta property=\"og:image:width\" content=\"1200\" \/>\n\t<meta property=\"og:image:height\" content=\"720\" \/>\n\t<meta property=\"og:image:type\" content=\"image\/jpeg\" \/>\n<meta name=\"author\" content=\"Vict\u00f3ria Anhesini\" \/>\n<meta name=\"twitter:card\" content=\"summary_large_image\" \/>\n<meta name=\"twitter:creator\" content=\"@sunoresearch\" \/>\n<meta name=\"twitter:site\" content=\"@sunoresearch\" \/>\n<meta name=\"twitter:label1\" content=\"Escrito por\" \/>\n\t<meta name=\"twitter:data1\" content=\"Vict\u00f3ria Anhesini\" \/>\n\t<meta name=\"twitter:label2\" content=\"Est. tempo de leitura\" \/>\n\t<meta name=\"twitter:data2\" content=\"3 minutos\" \/>\n<script type=\"application\/ld+json\" class=\"yoast-schema-graph\">{\"@context\":\"https:\/\/schema.org\",\"@graph\":[{\"@type\":\"NewsArticle\",\"@id\":\"https:\/\/www.suno.com.br\/noticias\/joao-doria-sai-governo-sp-presidencia\/#article\",\"isPartOf\":{\"@id\":\"https:\/\/www.suno.com.br\/noticias\/joao-doria-sai-governo-sp-presidencia\/\"},\"author\":{\"name\":\"Vict\u00f3ria Anhesini\",\"@id\":\"https:\/\/www.suno.com.br\/noticias\/#\/schema\/person\/46d847cb19ad53fde0857adca989c23f\"},\"headline\":\"Jo\u00e3o Doria confirma sa\u00edda do governo de SP e vai disputar a presid\u00eancia\",\"datePublished\":\"2022-03-31T21:00:47+00:00\",\"dateModified\":\"2022-03-31T22:23:12+00:00\",\"mainEntityOfPage\":{\"@id\":\"https:\/\/www.suno.com.br\/noticias\/joao-doria-sai-governo-sp-presidencia\/\"},\"wordCount\":655,\"publisher\":{\"@id\":\"https:\/\/www.suno.com.br\/noticias\/#organization\"},\"image\":{\"@id\":\"https:\/\/www.suno.com.br\/noticias\/joao-doria-sai-governo-sp-presidencia\/#primaryimage\"},\"thumbnailUrl\":\"https:\/\/files.sunoresearch.com.br\/n\/uploads\/2020\/09\/3a55b628-doria-jpg.webp\",\"keywords\":[\"Jo\u00e3o Doria\",\"S\u00e3o Paulo\"],\"articleSection\":[\"Pol\u00edtica\"],\"inLanguage\":\"pt-BR\"},{\"@type\":\"WebPage\",\"@id\":\"https:\/\/www.suno.com.br\/noticias\/joao-doria-sai-governo-sp-presidencia\/\",\"url\":\"https:\/\/www.suno.com.br\/noticias\/joao-doria-sai-governo-sp-presidencia\/\",\"name\":\"Jo\u00e3o Doria oficializa sa\u00edda do governo de SP e \u00e9 candidato a Presid\u00eancia\",\"isPartOf\":{\"@id\":\"https:\/\/www.suno.com.br\/noticias\/#website\"},\"primaryImageOfPage\":{\"@id\":\"https:\/\/www.suno.com.br\/noticias\/joao-doria-sai-governo-sp-presidencia\/#primaryimage\"},\"image\":{\"@id\":\"https:\/\/www.suno.com.br\/noticias\/joao-doria-sai-governo-sp-presidencia\/#primaryimage\"},\"thumbnailUrl\":\"https:\/\/files.sunoresearch.com.br\/n\/uploads\/2020\/09\/3a55b628-doria-jpg.webp\",\"datePublished\":\"2022-03-31T21:00:47+00:00\",\"dateModified\":\"2022-03-31T22:23:12+00:00\",\"description\":\"O governador Jo\u00e3o Doria anunciou nesta quinta-feira (31) sua sa\u00edda do governo de S\u00e3o Paulo e sua candidatura \u00e0 Presid\u00eancia da Rep\u00fablica.\",\"breadcrumb\":{\"@id\":\"https:\/\/www.suno.com.br\/noticias\/joao-doria-sai-governo-sp-presidencia\/#breadcrumb\"},\"inLanguage\":\"pt-BR\",\"potentialAction\":[{\"@type\":\"ReadAction\",\"target\":[\"https:\/\/www.suno.com.br\/noticias\/joao-doria-sai-governo-sp-presidencia\/\"]}]},{\"@type\":\"ImageObject\",\"inLanguage\":\"pt-BR\",\"@id\":\"https:\/\/www.suno.com.br\/noticias\/joao-doria-sai-governo-sp-presidencia\/#primaryimage\",\"url\":\"https:\/\/files.sunoresearch.com.br\/n\/uploads\/2020\/09\/3a55b628-doria-jpg.webp\",\"contentUrl\":\"https:\/\/files.sunoresearch.com.br\/n\/uploads\/2020\/09\/3a55b628-doria-jpg.webp\",\"width\":1200,\"height\":720,\"caption\":\"Jo\u00e3o Doria. Cr\u00e9ditos: Divulga\u00e7\u00e3o\"},{\"@type\":\"BreadcrumbList\",\"@id\":\"https:\/\/www.suno.com.br\/noticias\/joao-doria-sai-governo-sp-presidencia\/#breadcrumb\",\"itemListElement\":[{\"@type\":\"ListItem\",\"position\":1,\"name\":\"Not\u00edcias\",\"item\":\"https:\/\/www.suno.com.br\/noticias\/\"},{\"@type\":\"ListItem\",\"position\":2,\"name\":\"Pol\u00edtica\",\"item\":\"https:\/\/www.suno.com.br\/noticias\/politica\/\"},{\"@type\":\"ListItem\",\"position\":3,\"name\":\"Jo\u00e3o Doria confirma sa\u00edda do governo de SP e vai disputar a presid\u00eancia\"}]},{\"@type\":\"WebSite\",\"@id\":\"https:\/\/www.suno.com.br\/noticias\/#website\",\"url\":\"https:\/\/www.suno.com.br\/noticias\/\",\"name\":\"Suno Not\u00edcias\",\"description\":\"Seu portal de informa\u00e7\u00e3o sobre o mundo dos investimentos\",\"publisher\":{\"@id\":\"https:\/\/www.suno.com.br\/noticias\/#organization\"},\"potentialAction\":[{\"@type\":\"SearchAction\",\"target\":{\"@type\":\"EntryPoint\",\"urlTemplate\":\"https:\/\/www.suno.com.br\/noticias\/?s={search_term_string}\"},\"query-input\":{\"@type\":\"PropertyValueSpecification\",\"valueRequired\":true,\"valueName\":\"search_term_string\"}}],\"inLanguage\":\"pt-BR\"},{\"@type\":\"Organization\",\"@id\":\"https:\/\/www.suno.com.br\/noticias\/#organization\",\"name\":\"Suno Not\u00edcias\",\"url\":\"https:\/\/www.suno.com.br\/noticias\/\",\"logo\":{\"@type\":\"ImageObject\",\"inLanguage\":\"pt-BR\",\"@id\":\"https:\/\/www.suno.com.br\/noticias\/#\/schema\/logo\/image\/\",\"url\":\"https:\/\/files.sunoresearch.com.br\/n\/uploads\/2021\/09\/suno-logo.png\",\"contentUrl\":\"https:\/\/files.sunoresearch.com.br\/n\/uploads\/2021\/09\/suno-logo.png\",\"width\":180,\"height\":180,\"caption\":\"Suno Not\u00edcias\"},\"image\":{\"@id\":\"https:\/\/www.suno.com.br\/noticias\/#\/schema\/logo\/image\/\"},\"sameAs\":[\"https:\/\/facebook.com\/sunoresearch\",\"https:\/\/x.com\/sunoresearch\",\"https:\/\/www.instagram.com\/suno\",\"https:\/\/www.linkedin.com\/company\/suno-research\/\",\"https:\/\/www.youtube.com\/c\/sunoresearch\"]},{\"@type\":\"Person\",\"@id\":\"https:\/\/www.suno.com.br\/noticias\/#\/schema\/person\/46d847cb19ad53fde0857adca989c23f\",\"name\":\"Vict\u00f3ria Anhesini\",\"image\":{\"@type\":\"ImageObject\",\"inLanguage\":\"pt-BR\",\"@id\":\"https:\/\/www.suno.com.br\/noticias\/#\/schema\/person\/image\/\",\"url\":\"https:\/\/secure.gravatar.com\/avatar\/0172bdfcd9129dd9dd68794804304e6e?s=96&r=g\",\"contentUrl\":\"https:\/\/secure.gravatar.com\/avatar\/0172bdfcd9129dd9dd68794804304e6e?s=96&r=g\",\"caption\":\"Vict\u00f3ria Anhesini\"},\"description\":\"Rep\u00f3rter no Suno Not\u00edcias, cobre mercados, neg\u00f3cios e economia, escrevendo majoritariamente sobre movimentos das empresas, cobertura de balan\u00e7os trimestrais e Bolsa de Valores. Formada em jornalismo pela Universidade Presbiteriana Mackenzie em 2019, passou pelo portal de economia e finan\u00e7as EuQueroInvestir como rep\u00f3rter e anteriormente, trabalhou na assessoria de imprensa PinePR, onde liderou com startups de inova\u00e7\u00e3o, tecnologia e finan\u00e7as. Em seu tempo livre, fala sobre m\u00fasica para ambos os sites do selo ForMusic, Wikimetal e Mad Sound, e faz trabalho volunt\u00e1rio no programa Escreve Cartas do Poupatempo.\",\"sameAs\":[\"https:\/\/www.linkedin.com\/in\/victoria-anhesini\/\"],\"url\":\"https:\/\/www.suno.com.br\/noticias\/author\/victoria\/\"}]}<\/script>\n<!-- \/ Yoast SEO plugin. -->","yoast_head_json":{"title":"Jo\u00e3o Doria oficializa sa\u00edda do governo de SP e \u00e9 candidato a Presid\u00eancia","description":"O governador Jo\u00e3o Doria anunciou nesta quinta-feira (31) sua sa\u00edda do governo de S\u00e3o Paulo e sua candidatura \u00e0 Presid\u00eancia da Rep\u00fablica.","robots":{"index":"index","follow":"follow","max-snippet":"max-snippet:-1","max-image-preview":"max-image-preview:large","max-video-preview":"max-video-preview:-1"},"canonical":"https:\/\/www.suno.com.br\/noticias\/joao-doria-sai-governo-sp-presidencia\/","og_locale":"pt_BR","og_type":"article","og_title":"Jo\u00e3o Doria oficializa sa\u00edda do governo de SP e \u00e9 candidato a Presid\u00eancia","og_description":"O governador Jo\u00e3o Doria anunciou nesta quinta-feira (31) sua sa\u00edda do governo de S\u00e3o Paulo e sua candidatura \u00e0 Presid\u00eancia da Rep\u00fablica.","og_url":"https:\/\/www.suno.com.br\/noticias\/joao-doria-sai-governo-sp-presidencia\/","og_site_name":"Suno Not\u00edcias","article_publisher":"https:\/\/facebook.com\/sunoresearch","og_image":[{"width":1200,"height":720,"url":"https:\/\/files.sunoresearch.com.br\/n\/uploads\/2020\/09\/3a55b628-doria.jpg","type":"image\/jpeg"}],"author":"Vict\u00f3ria Anhesini","twitter_card":"summary_large_image","twitter_creator":"@sunoresearch","twitter_site":"@sunoresearch","twitter_misc":{"Escrito por":"Vict\u00f3ria Anhesini","Est. tempo de leitura":"3 minutos"},"schema":{"@context":"https:\/\/schema.org","@graph":[{"@type":"NewsArticle","@id":"https:\/\/www.suno.com.br\/noticias\/joao-doria-sai-governo-sp-presidencia\/#article","isPartOf":{"@id":"https:\/\/www.suno.com.br\/noticias\/joao-doria-sai-governo-sp-presidencia\/"},"author":{"name":"Vict\u00f3ria Anhesini","@id":"https:\/\/www.suno.com.br\/noticias\/#\/schema\/person\/46d847cb19ad53fde0857adca989c23f"},"headline":"Jo\u00e3o Doria confirma sa\u00edda do governo de SP e vai disputar a presid\u00eancia","datePublished":"2022-03-31T21:00:47+00:00","dateModified":"2022-03-31T22:23:12+00:00","mainEntityOfPage":{"@id":"https:\/\/www.suno.com.br\/noticias\/joao-doria-sai-governo-sp-presidencia\/"},"wordCount":655,"publisher":{"@id":"https:\/\/www.suno.com.br\/noticias\/#organization"},"image":{"@id":"https:\/\/www.suno.com.br\/noticias\/joao-doria-sai-governo-sp-presidencia\/#primaryimage"},"thumbnailUrl":"https:\/\/files.sunoresearch.com.br\/n\/uploads\/2020\/09\/3a55b628-doria-jpg.webp","keywords":["Jo\u00e3o Doria","S\u00e3o Paulo"],"articleSection":["Pol\u00edtica"],"inLanguage":"pt-BR"},{"@type":"WebPage","@id":"https:\/\/www.suno.com.br\/noticias\/joao-doria-sai-governo-sp-presidencia\/","url":"https:\/\/www.suno.com.br\/noticias\/joao-doria-sai-governo-sp-presidencia\/","name":"Jo\u00e3o Doria oficializa sa\u00edda do governo de SP e \u00e9 candidato a Presid\u00eancia","isPartOf":{"@id":"https:\/\/www.suno.com.br\/noticias\/#website"},"primaryImageOfPage":{"@id":"https:\/\/www.suno.com.br\/noticias\/joao-doria-sai-governo-sp-presidencia\/#primaryimage"},"image":{"@id":"https:\/\/www.suno.com.br\/noticias\/joao-doria-sai-governo-sp-presidencia\/#primaryimage"},"thumbnailUrl":"https:\/\/files.sunoresearch.com.br\/n\/uploads\/2020\/09\/3a55b628-doria-jpg.webp","datePublished":"2022-03-31T21:00:47+00:00","dateModified":"2022-03-31T22:23:12+00:00","description":"O governador Jo\u00e3o Doria anunciou nesta quinta-feira (31) sua sa\u00edda do governo de S\u00e3o Paulo e sua candidatura \u00e0 Presid\u00eancia da Rep\u00fablica.","breadcrumb":{"@id":"https:\/\/www.suno.com.br\/noticias\/joao-doria-sai-governo-sp-presidencia\/#breadcrumb"},"inLanguage":"pt-BR","potentialAction":[{"@type":"ReadAction","target":["https:\/\/www.suno.com.br\/noticias\/joao-doria-sai-governo-sp-presidencia\/"]}]},{"@type":"ImageObject","inLanguage":"pt-BR","@id":"https:\/\/www.suno.com.br\/noticias\/joao-doria-sai-governo-sp-presidencia\/#primaryimage","url":"https:\/\/files.sunoresearch.com.br\/n\/uploads\/2020\/09\/3a55b628-doria-jpg.webp","contentUrl":"https:\/\/files.sunoresearch.com.br\/n\/uploads\/2020\/09\/3a55b628-doria-jpg.webp","width":1200,"height":720,"caption":"Jo\u00e3o Doria. Cr\u00e9ditos: Divulga\u00e7\u00e3o"},{"@type":"BreadcrumbList","@id":"https:\/\/www.suno.com.br\/noticias\/joao-doria-sai-governo-sp-presidencia\/#breadcrumb","itemListElement":[{"@type":"ListItem","position":1,"name":"Not\u00edcias","item":"https:\/\/www.suno.com.br\/noticias\/"},{"@type":"ListItem","position":2,"name":"Pol\u00edtica","item":"https:\/\/www.suno.com.br\/noticias\/politica\/"},{"@type":"ListItem","position":3,"name":"Jo\u00e3o Doria confirma sa\u00edda do governo de SP e vai disputar a presid\u00eancia"}]},{"@type":"WebSite","@id":"https:\/\/www.suno.com.br\/noticias\/#website","url":"https:\/\/www.suno.com.br\/noticias\/","name":"Suno Not\u00edcias","description":"Seu portal de informa\u00e7\u00e3o sobre o mundo dos investimentos","publisher":{"@id":"https:\/\/www.suno.com.br\/noticias\/#organization"},"potentialAction":[{"@type":"SearchAction","target":{"@type":"EntryPoint","urlTemplate":"https:\/\/www.suno.com.br\/noticias\/?s={search_term_string}"},"query-input":{"@type":"PropertyValueSpecification","valueRequired":true,"valueName":"search_term_string"}}],"inLanguage":"pt-BR"},{"@type":"Organization","@id":"https:\/\/www.suno.com.br\/noticias\/#organization","name":"Suno Not\u00edcias","url":"https:\/\/www.suno.com.br\/noticias\/","logo":{"@type":"ImageObject","inLanguage":"pt-BR","@id":"https:\/\/www.suno.com.br\/noticias\/#\/schema\/logo\/image\/","url":"https:\/\/files.sunoresearch.com.br\/n\/uploads\/2021\/09\/suno-logo.png","contentUrl":"https:\/\/files.sunoresearch.com.br\/n\/uploads\/2021\/09\/suno-logo.png","width":180,"height":180,"caption":"Suno Not\u00edcias"},"image":{"@id":"https:\/\/www.suno.com.br\/noticias\/#\/schema\/logo\/image\/"},"sameAs":["https:\/\/facebook.com\/sunoresearch","https:\/\/x.com\/sunoresearch","https:\/\/www.instagram.com\/suno","https:\/\/www.linkedin.com\/company\/suno-research\/","https:\/\/www.youtube.com\/c\/sunoresearch"]},{"@type":"Person","@id":"https:\/\/www.suno.com.br\/noticias\/#\/schema\/person\/46d847cb19ad53fde0857adca989c23f","name":"Vict\u00f3ria Anhesini","image":{"@type":"ImageObject","inLanguage":"pt-BR","@id":"https:\/\/www.suno.com.br\/noticias\/#\/schema\/person\/image\/","url":"https:\/\/secure.gravatar.com\/avatar\/0172bdfcd9129dd9dd68794804304e6e?s=96&r=g","contentUrl":"https:\/\/secure.gravatar.com\/avatar\/0172bdfcd9129dd9dd68794804304e6e?s=96&r=g","caption":"Vict\u00f3ria Anhesini"},"description":"Rep\u00f3rter no Suno Not\u00edcias, cobre mercados, neg\u00f3cios e economia, escrevendo majoritariamente sobre movimentos das empresas, cobertura de balan\u00e7os trimestrais e Bolsa de Valores. Formada em jornalismo pela Universidade Presbiteriana Mackenzie em 2019, passou pelo portal de economia e finan\u00e7as EuQueroInvestir como rep\u00f3rter e anteriormente, trabalhou na assessoria de imprensa PinePR, onde liderou com startups de inova\u00e7\u00e3o, tecnologia e finan\u00e7as. Em seu tempo livre, fala sobre m\u00fasica para ambos os sites do selo ForMusic, Wikimetal e Mad Sound, e faz trabalho volunt\u00e1rio no programa Escreve Cartas do Poupatempo.","sameAs":["https:\/\/www.linkedin.com\/in\/victoria-anhesini\/"],"url":"https:\/\/www.suno.com.br\/noticias\/author\/victoria\/"}]}},"default_loop_html":"<div class=\"cardsPage__listCard__boxs\"><div class=\"cardsPage__listCard__boxs__img\"><a href=\"https:\/\/www.suno.com.br\/noticias\/joao-doria-sai-governo-sp-presidencia\/\"><img class=\"mask\" src=\"https:\/\/www.suno.com.br\/noticias\/wp-content\/themes\/suno\/resources\/images\/spotlight\/spotlight1img\/bg-mask.png\" alt=\"Image Mask\"\/><img src=\"https:\/\/files.sunoresearch.com.br\/n\/uploads\/2020\/09\/3a55b628-doria-400x200.webp\" alt=\"Jo\u00e3o Doria confirma sa\u00edda do governo de SP e vai disputar a presid\u00eancia\"\/><\/a><span class=\"spotlightCategory\"><a href=\"https:\/\/www.suno.com.br\/noticias\/politica\/\">Pol\u00edtica<\/a><\/span><\/div><div class=\"cardsPage__listCard__boxs__content\"><a href=\"https:\/\/www.suno.com.br\/noticias\/joao-doria-sai-governo-sp-presidencia\/\"><h2 class=\"content__title\">Jo\u00e3o Doria confirma sa\u00edda do governo de SP e vai disputar a presid\u00eancia<\/h2><\/a><div class=\"newsContent__article__meta\"><div class=\"newsContent__article__meta__authorBox\"><a href=\"https:\/\/www.suno.com.br\/noticias\/author\/victoria\/\" class=\"authorBox__avatar noMobi\"><img src=\"https:\/\/files.sunoresearch.com.br\/n\/uploads\/2021\/12\/20190129VickyPINEAPPLE01-1-150x150.jpg\" alt=\"Vict\u00f3ria Anhesini\"><\/a><div class=\"authorBox__name\"><span>por\n\t\t\t<a href=\"https:\/\/www.suno.com.br\/noticias\/author\/victoria\/\"><span itemprop=\"author\">Vict\u00f3ria Anhesini<\/span><\/a><\/span><time datetime=\"2022-03-31T18:00:47-03:00\" itemprop=\"datePublished\">31\/03\/2022 18:00<\/time><\/div><\/div><\/div><\/div><\/div>","single_layout":"posts","amp_enabled":true,"_links":{"self":[{"href":"https:\/\/www.suno.com.br\/noticias\/wp-json\/wp\/v2\/posts\/246750"}],"collection":[{"href":"https:\/\/www.suno.com.br\/noticias\/wp-json\/wp\/v2\/posts"}],"about":[{"href":"https:\/\/www.suno.com.br\/noticias\/wp-json\/wp\/v2\/types\/post"}],"author":[{"embeddable":true,"href":"https:\/\/www.suno.com.br\/noticias\/wp-json\/wp\/v2\/users\/146"}],"replies":[{"embeddable":true,"href":"https:\/\/www.suno.com.br\/noticias\/wp-json\/wp\/v2\/comments?post=246750"}],"version-history":[{"count":3,"href":"https:\/\/www.suno.com.br\/noticias\/wp-json\/wp\/v2\/posts\/246750\/revisions"}],"predecessor-version":[{"id":246823,"href":"https:\/\/www.suno.com.br\/noticias\/wp-json\/wp\/v2\/posts\/246750\/revisions\/246823"}],"wp:featuredmedia":[{"embeddable":true,"href":"https:\/\/www.suno.com.br\/noticias\/wp-json\/wp\/v2\/media\/87941"}],"wp:attachment":[{"href":"https:\/\/www.suno.com.br\/noticias\/wp-json\/wp\/v2\/media?parent=246750"}],"wp:term":[{"taxonomy":"category","embeddable":true,"href":"https:\/\/www.suno.com.br\/noticias\/wp-json\/wp\/v2\/categories?post=246750"},{"taxonomy":"post_tag","embeddable":true,"href":"https:\/\/www.suno.com.br\/noticias\/wp-json\/wp\/v2\/tags?post=246750"},{"taxonomy":"suno_strategy","embeddable":true,"href":"https:\/\/www.suno.com.br\/noticias\/wp-json\/wp\/v2\/suno_strategy?post=246750"}],"curies":[{"name":"wp","href":"https:\/\/api.w.org\/{rel}","templated":true}]}}