{"id":246595,"date":"2022-03-31T10:28:49","date_gmt":"2022-03-31T13:28:49","guid":{"rendered":"https:\/\/www.suno.com.br\/noticias\/?p=246595"},"modified":"2022-03-31T10:28:49","modified_gmt":"2022-03-31T13:28:49","slug":"brmalls-brml3-contra-ataca-aliansce-sonae-also3-cade","status":"publish","type":"post","link":"https:\/\/www.suno.com.br\/noticias\/brmalls-brml3-contra-ataca-aliansce-sonae-also3-cade\/","title":{"rendered":"BrMalls (BRML3) contra-ataca Aliansce Sonae (ALSO3) e aciona o Cade"},"content":{"rendered":"<p>A <a class=\"suno-keyword\" href=\"https:\/\/www.suno.com.br\/acoes\/brml3\/\" target=\"_blank\" rel=\"noopener\" data-force=\"yes\" data-priority=\"2\"><strong>BrMalls<\/strong> (BRML3)<\/a> acionou o Conselho Administrativo de Defesa Econ\u00f4mica (Cade) para que apure tentativas de interfer\u00eancia administrativa da concorrente <a class=\"suno-keyword\" href=\"https:\/\/www.suno.com.br\/acoes\/ALSO3\/\" target=\"_blank\" rel=\"noopener\" data-force=\"yes\" data-priority=\"2\">Aliansce Sonae (ALSO3)<\/a> na companhia. A medida busca barrar a participa\u00e7\u00e3o da concorrente no seu conselho.<\/p>\t<div class=\"wrapper-featured-image\">\n\t\t<figure class=\"spotlightImg\">\n\n\t\t\t<picture>\n\t\t\t\t<source media=\"(max-width: 768px)\" srcset=\"https:\/\/files.sunoresearch.com.br\/n\/uploads\/2022\/03\/pexels-sam-lion-5709656-400x200.jpg\">\n\t\t\t\t<img loading=\"lazy\" decoding=\"async\" class=\"newsContent__article__imgCapa lazyloadDisabled \" src=\"https:\/\/files.sunoresearch.com.br\/n\/uploads\/2022\/03\/pexels-sam-lion-5709656-800x450.jpg\" width=\"800\" height=\"450\" alt=\"BrMalls (BRML3) contra-ataca Aliansce Sonae (ALSO3) e aciona o Cade\" fetchpriority=high \/>\n\t\t\t<\/picture>\n\n\t\t\t<figcaption class=\"wp-caption-text wp-caption-text--show\">Shopping. Foto: Pexels.<\/figcaption>\n\t\t<\/figure>\n\t<\/div>\n\n\n\t<p>\n\t\t<a href=\"\" target=\"_blank\" data-element=\"shortcode-suno-banner\" title=\"Banner SUNO, clique e saiba mais\">\n\t\t\t<picture>\n\t\t\t\t<source media=\"(max-width: 500px)\" srcset=\"\">\n\t\t\t\t<img class=\"newsContent__article__imgCapa newsContent__article__imgCapa--banner\"\n\t\t\t\t\tsrc=\"\"\n\t\t\t\t\tdata-promo-id=\"138420\"\t\t\t\t\t\t\t\t\t\t\t\t\t\t\talt=\"\"\n\t\t\t\t>\n\t\t\t<\/picture>\n\t\t<\/a>\n\t<\/p>\n\n\n<p>Em <a class=\"suno-keyword\" href=\"https:\/\/www.suno.com.br\/artigos\/fato-relevante\/\" target=\"_blank\" rel=\"noopener\" data-force=\"no\" data-priority=\"1\">fato relevante<\/a> ao mercado arquivado na Comiss\u00e3o de Valores Mobili\u00e1rios (CVM), a BrMalls afirma que a <strong>Aliansce<\/strong>\u00a0incorreu em &#8220;exerc\u00edcio irregular de direitos pol\u00edticos&#8221; por meio das recentes manifesta\u00e7\u00f5es p\u00fablicas, e a companhia pede a instaura\u00e7\u00e3o de procedimento administrativo.<\/p>\n<p>No fim do m\u00eas passado, a Aliansce anunciou a compra de 5% da BrMalls, o que elevou a participa\u00e7\u00e3o da empresa a 10,8% e a fatia de capital favor\u00e1vel a uma eventual fus\u00e3o a 20%.<\/p>\n\n\t<div data-element=\"shortcode-read-more\" class=\"readToo\">\n\t\t\t\t<ul class=\"readToo__list\">\n\t\t\t<li><a href=\"https:\/\/www.suno.com.br\/noticias\/brmalls-brml3-aliansce-also3-rejeita-segunda-oferta-fusao\/\">BrMalls (BRML3) recusa nova proposta da Aliansce Sonae (ALSO3)<\/a><\/li><li><a href=\"https:\/\/www.suno.com.br\/noticias\/aliansce-sonae-also3-fusao-br-malls-brml3\/\">BR Malls (BRML3) recusa proposta de fus\u00e3o da Aliansce Sonae (ALSO3)<\/a><\/li><li><a href=\"https:\/\/www.suno.com.br\/noticias\/aliansce-sonae-also3-brmalls-brml3-negociam-possivel-fusao-diz-site\/\">Aliansce Sonae (ALSO3) confirma negocia\u00e7\u00f5es sobre fus\u00e3o com brMalls (BRML3); a\u00e7\u00f5es sobem<\/a><\/li>\t\t<\/ul>\n\t<\/div>\n\n\n<p>&#8220;A <em>[BrMalls]<\/em> entende que o exerc\u00edcio de direitos pol\u00edticos por parte dos integrantes do Grupo <strong>Aliansce Sonae<\/strong> ou por parte de qualquer terceiro que esteja agindo em concerto com o Grupo Aliansce Sonae pode caracterizar infra\u00e7\u00e3o \u00e0s normas brasileiras concorrenciais.&#8221;<\/p>\n<p>&#8220;Consequentemente, a suspens\u00e3o cautelar solicitada \u00e9 essencial para evitar eventuais altera\u00e7\u00f5es de <strong>concorr\u00eancia<\/strong> antes da obrigat\u00f3ria an\u00e1lise do <strong>Cade<\/strong> e eventuais preju\u00edzos aos acionistas da BrMalls&#8221;, informou a companhia em nota.<\/p>\n\t<p>\n\t\t<a href=\"https:\/\/lp.suno.com.br\/planilha-controle-gastos\/\" target=\"_blank\" data-element=\"shortcode-suno-banner\" title=\"Banner SUNO, clique e saiba mais\">\n\t\t\t<picture>\n\t\t\t\t<source media=\"(max-width: 500px)\" srcset=\"https:\/\/files.sunoresearch.com.br\/n\/uploads\/2023\/03\/400x300-Planilha-controle-de-gastos.png\">\n\t\t\t\t<img class=\"newsContent__article__imgCapa newsContent__article__imgCapa--banner\"\n\t\t\t\t\tsrc=\"https:\/\/files.sunoresearch.com.br\/n\/uploads\/2023\/03\/1420x240-Planilha-controle-de-gastos.png\"\n\t\t\t\t\tdata-promo-id=\"101751\"\t\t\t\t\t\t\t\t\t\twidth='1420' height='240'\t\t\t\t\talt=\"https:\/\/files.sunoresearch.com.br\/n\/uploads\/2023\/03\/1420x240-Planilha-controle-de-gastos.png\"\n\t\t\t\t>\n\t\t\t<\/picture>\n\t\t<\/a>\n\t<\/p>\n\n\n<h2>Hist\u00f3rico de negocia\u00e7\u00e3o entre a BrMalls e a Aliansce Sonae<\/h2>\n<p>A BrMalls diz que \u00e9 favor\u00e1vel a transa\u00e7\u00f5es de <a class=\"suno-keyword\" href=\"https:\/\/www.suno.com.br\/artigos\/mercado-de-capitais-conceito\/\" target=\"_blank\" rel=\"noopener\" data-force=\"no\" data-priority=\"1\">mercado de capitais<\/a> como instrumento leg\u00edtimo de combina\u00e7\u00f5es entre empresas. No entanto, entende que em qualquer transa\u00e7\u00e3o h\u00e1 que se evitar conflitos de interesses e respeitar limites concorrenciais.<\/p>\n<p>Segundo a empresa, a abertura de <strong>processo administrativo<\/strong> n\u00e3o tem por objetivo discutir o m\u00e9rito de uma eventual combina\u00e7\u00e3o das companhias e que tal medida n\u00e3o afeta o compromisso de avaliar eventual nova proposta que seja enviada pela Aliansce Sonae.<\/p>\n<p>Recentemente, a <strong>BrMalls<\/strong> repeliu duas tentativas de compra pela Aliansce ap\u00f3s entender que as propostas continuam &#8220;subavaliando, consideravelmente, o valor econ\u00f4mico justo&#8221; da BrMalls e &#8220;ainda n\u00e3o atende aos melhores interesses dos acionistas da BRMalls.&#8221;<\/p>\n\t<p>\n\t\t<a href=\"https:\/\/lp.suno.com.br\/planilha-da-vida-financeira\/\" target=\"_blank\" data-element=\"shortcode-suno-banner\" title=\"Banner SUNO, clique e saiba mais\">\n\t\t\t<picture>\n\t\t\t\t<source media=\"(max-width: 500px)\" srcset=\"https:\/\/files.sunoresearch.com.br\/n\/uploads\/2023\/04\/400x300-Planilha-vida-financeira-true.png\">\n\t\t\t\t<img class=\"newsContent__article__imgCapa newsContent__article__imgCapa--banner\"\n\t\t\t\t\tsrc=\"https:\/\/files.sunoresearch.com.br\/n\/uploads\/2023\/04\/1420x240-Planilha-vida-financeira-true.png\"\n\t\t\t\t\tdata-promo-id=\"106682\"\t\t\t\t\t\t\t\t\t\twidth='1420' height='240'\t\t\t\t\talt=\"https:\/\/files.sunoresearch.com.br\/n\/uploads\/2023\/04\/1420x240-Planilha-vida-financeira-true.png\"\n\t\t\t\t>\n\t\t\t<\/picture>\n\t\t<\/a>\n\t<\/p>\n\n\n","protected":false},"excerpt":{"rendered":"<p>A BrMalls (BRML3) acionou o Conselho Administrativo de Defesa Econ\u00f4mica (Cade) para que apure tentativas de interfer\u00eancia administrativa da concorrente Aliansce Sonae (ALSO3) na companhia. A medida busca barrar a participa\u00e7\u00e3o da concorrente no seu conselho. Allos, ex-Aliansce Sonae (ALSO3) &#8211; Foto: Divulga\u00e7\u00e3o Em fato relevante ao mercado arquivado na Comiss\u00e3o de Valores Mobili\u00e1rios (CVM), [&hellip;]<\/p>\n","protected":false},"author":145,"featured_media":246608,"comment_status":"closed","ping_status":"closed","sticky":false,"template":"","format":"standard","meta":[],"categories":[64],"tags":[38091,79856,851,1050],"suno_strategy":[],"class_list":["post-246595","post","type-post","status-publish","format-standard","has-post-thumbnail","hentry","category-negocios","tag-aliansce-sonae-also3","tag-br-malls-brml3","tag-cade","tag-shopping-center"],"yoast_head":"<!-- This site is optimized with the Yoast SEO plugin v24.4 - https:\/\/yoast.com\/wordpress\/plugins\/seo\/ -->\n<title>BrMalls (BRML3) contra-ataca Aliansce Sonae (ALSO3) e aciona o Cade<\/title>\n<meta name=\"description\" content=\"A BrMalls (BRML3) acionou o Cade para que apure tentativas de interfer\u00eancia da concorrente Aliansce Sonae (ALSO3). Veja detalhes.\" \/>\n<meta name=\"robots\" content=\"index, follow, max-snippet:-1, max-image-preview:large, max-video-preview:-1\" \/>\n<link rel=\"canonical\" href=\"https:\/\/www.suno.com.br\/noticias\/brmalls-brml3-contra-ataca-aliansce-sonae-also3-cade\/\" \/>\n<meta property=\"og:locale\" content=\"pt_BR\" \/>\n<meta property=\"og:type\" content=\"article\" \/>\n<meta property=\"og:title\" content=\"BrMalls (BRML3) contra-ataca Aliansce Sonae (ALSO3) e aciona o Cade\" \/>\n<meta property=\"og:description\" content=\"A BrMalls (BRML3) acionou o Cade para que apure tentativas de interfer\u00eancia da concorrente Aliansce Sonae (ALSO3). Veja detalhes.\" \/>\n<meta property=\"og:url\" content=\"https:\/\/www.suno.com.br\/noticias\/brmalls-brml3-contra-ataca-aliansce-sonae-also3-cade\/\" \/>\n<meta property=\"og:site_name\" content=\"Suno Not\u00edcias\" \/>\n<meta property=\"article:publisher\" content=\"https:\/\/facebook.com\/sunoresearch\" \/>\n<meta property=\"og:image\" content=\"https:\/\/files.sunoresearch.com.br\/n\/uploads\/2022\/03\/pexels-sam-lion-5709656-scaled.jpg\" \/>\n\t<meta property=\"og:image:width\" content=\"2560\" \/>\n\t<meta property=\"og:image:height\" content=\"1707\" \/>\n\t<meta property=\"og:image:type\" content=\"image\/jpeg\" \/>\n<meta name=\"author\" content=\"Pedro Caramuru\" \/>\n<meta name=\"twitter:card\" content=\"summary_large_image\" \/>\n<meta name=\"twitter:creator\" content=\"@sunoresearch\" \/>\n<meta name=\"twitter:site\" content=\"@sunoresearch\" \/>\n<meta name=\"twitter:label1\" content=\"Escrito por\" \/>\n\t<meta name=\"twitter:data1\" content=\"Pedro Caramuru\" \/>\n\t<meta name=\"twitter:label2\" content=\"Est. tempo de leitura\" \/>\n\t<meta name=\"twitter:data2\" content=\"2 minutos\" \/>\n<script type=\"application\/ld+json\" class=\"yoast-schema-graph\">{\"@context\":\"https:\/\/schema.org\",\"@graph\":[{\"@type\":\"NewsArticle\",\"@id\":\"https:\/\/www.suno.com.br\/noticias\/brmalls-brml3-contra-ataca-aliansce-sonae-also3-cade\/#article\",\"isPartOf\":{\"@id\":\"https:\/\/www.suno.com.br\/noticias\/brmalls-brml3-contra-ataca-aliansce-sonae-also3-cade\/\"},\"author\":{\"name\":\"Pedro Caramuru\",\"@id\":\"https:\/\/www.suno.com.br\/noticias\/#\/schema\/person\/8d020643938f12a823508eb0e5fda407\"},\"headline\":\"BrMalls (BRML3) contra-ataca Aliansce Sonae (ALSO3) e aciona o Cade\",\"datePublished\":\"2022-03-31T13:28:49+00:00\",\"mainEntityOfPage\":{\"@id\":\"https:\/\/www.suno.com.br\/noticias\/brmalls-brml3-contra-ataca-aliansce-sonae-also3-cade\/\"},\"wordCount\":360,\"publisher\":{\"@id\":\"https:\/\/www.suno.com.br\/noticias\/#organization\"},\"image\":{\"@id\":\"https:\/\/www.suno.com.br\/noticias\/brmalls-brml3-contra-ataca-aliansce-sonae-also3-cade\/#primaryimage\"},\"thumbnailUrl\":\"https:\/\/files.sunoresearch.com.br\/n\/uploads\/2022\/03\/pexels-sam-lion-5709656-scaled.jpg\",\"keywords\":[\"Aliansce Sonae (ALSO3)\",\"BRMalls (BRML3)\",\"CADE\",\"shopping center\"],\"articleSection\":[\"Neg\u00f3cios\"],\"inLanguage\":\"pt-BR\"},{\"@type\":\"WebPage\",\"@id\":\"https:\/\/www.suno.com.br\/noticias\/brmalls-brml3-contra-ataca-aliansce-sonae-also3-cade\/\",\"url\":\"https:\/\/www.suno.com.br\/noticias\/brmalls-brml3-contra-ataca-aliansce-sonae-also3-cade\/\",\"name\":\"BrMalls (BRML3) contra-ataca Aliansce Sonae (ALSO3) e aciona o Cade\",\"isPartOf\":{\"@id\":\"https:\/\/www.suno.com.br\/noticias\/#website\"},\"primaryImageOfPage\":{\"@id\":\"https:\/\/www.suno.com.br\/noticias\/brmalls-brml3-contra-ataca-aliansce-sonae-also3-cade\/#primaryimage\"},\"image\":{\"@id\":\"https:\/\/www.suno.com.br\/noticias\/brmalls-brml3-contra-ataca-aliansce-sonae-also3-cade\/#primaryimage\"},\"thumbnailUrl\":\"https:\/\/files.sunoresearch.com.br\/n\/uploads\/2022\/03\/pexels-sam-lion-5709656-scaled.jpg\",\"datePublished\":\"2022-03-31T13:28:49+00:00\",\"description\":\"A BrMalls (BRML3) acionou o Cade para que apure tentativas de interfer\u00eancia da concorrente Aliansce Sonae (ALSO3). Veja detalhes.\",\"breadcrumb\":{\"@id\":\"https:\/\/www.suno.com.br\/noticias\/brmalls-brml3-contra-ataca-aliansce-sonae-also3-cade\/#breadcrumb\"},\"inLanguage\":\"pt-BR\",\"potentialAction\":[{\"@type\":\"ReadAction\",\"target\":[\"https:\/\/www.suno.com.br\/noticias\/brmalls-brml3-contra-ataca-aliansce-sonae-also3-cade\/\"]}]},{\"@type\":\"ImageObject\",\"inLanguage\":\"pt-BR\",\"@id\":\"https:\/\/www.suno.com.br\/noticias\/brmalls-brml3-contra-ataca-aliansce-sonae-also3-cade\/#primaryimage\",\"url\":\"https:\/\/files.sunoresearch.com.br\/n\/uploads\/2022\/03\/pexels-sam-lion-5709656-scaled.jpg\",\"contentUrl\":\"https:\/\/files.sunoresearch.com.br\/n\/uploads\/2022\/03\/pexels-sam-lion-5709656-scaled.jpg\",\"width\":2560,\"height\":1707,\"caption\":\"Shopping. Foto: Pexels.\"},{\"@type\":\"BreadcrumbList\",\"@id\":\"https:\/\/www.suno.com.br\/noticias\/brmalls-brml3-contra-ataca-aliansce-sonae-also3-cade\/#breadcrumb\",\"itemListElement\":[{\"@type\":\"ListItem\",\"position\":1,\"name\":\"Not\u00edcias\",\"item\":\"https:\/\/www.suno.com.br\/noticias\/\"},{\"@type\":\"ListItem\",\"position\":2,\"name\":\"Neg\u00f3cios\",\"item\":\"https:\/\/www.suno.com.br\/noticias\/negocios\/\"},{\"@type\":\"ListItem\",\"position\":3,\"name\":\"BrMalls (BRML3) contra-ataca Aliansce Sonae (ALSO3) e aciona o Cade\"}]},{\"@type\":\"WebSite\",\"@id\":\"https:\/\/www.suno.com.br\/noticias\/#website\",\"url\":\"https:\/\/www.suno.com.br\/noticias\/\",\"name\":\"Suno Not\u00edcias\",\"description\":\"Seu portal de informa\u00e7\u00e3o sobre o mundo dos investimentos\",\"publisher\":{\"@id\":\"https:\/\/www.suno.com.br\/noticias\/#organization\"},\"potentialAction\":[{\"@type\":\"SearchAction\",\"target\":{\"@type\":\"EntryPoint\",\"urlTemplate\":\"https:\/\/www.suno.com.br\/noticias\/?s={search_term_string}\"},\"query-input\":{\"@type\":\"PropertyValueSpecification\",\"valueRequired\":true,\"valueName\":\"search_term_string\"}}],\"inLanguage\":\"pt-BR\"},{\"@type\":\"Organization\",\"@id\":\"https:\/\/www.suno.com.br\/noticias\/#organization\",\"name\":\"Suno Not\u00edcias\",\"url\":\"https:\/\/www.suno.com.br\/noticias\/\",\"logo\":{\"@type\":\"ImageObject\",\"inLanguage\":\"pt-BR\",\"@id\":\"https:\/\/www.suno.com.br\/noticias\/#\/schema\/logo\/image\/\",\"url\":\"https:\/\/files.sunoresearch.com.br\/n\/uploads\/2021\/09\/suno-logo.png\",\"contentUrl\":\"https:\/\/files.sunoresearch.com.br\/n\/uploads\/2021\/09\/suno-logo.png\",\"width\":180,\"height\":180,\"caption\":\"Suno Not\u00edcias\"},\"image\":{\"@id\":\"https:\/\/www.suno.com.br\/noticias\/#\/schema\/logo\/image\/\"},\"sameAs\":[\"https:\/\/facebook.com\/sunoresearch\",\"https:\/\/x.com\/sunoresearch\",\"https:\/\/www.instagram.com\/suno\",\"https:\/\/www.linkedin.com\/company\/suno-research\/\",\"https:\/\/www.youtube.com\/c\/sunoresearch\"]},{\"@type\":\"Person\",\"@id\":\"https:\/\/www.suno.com.br\/noticias\/#\/schema\/person\/8d020643938f12a823508eb0e5fda407\",\"name\":\"Pedro Caramuru\",\"image\":{\"@type\":\"ImageObject\",\"inLanguage\":\"pt-BR\",\"@id\":\"https:\/\/www.suno.com.br\/noticias\/#\/schema\/person\/image\/\",\"url\":\"https:\/\/secure.gravatar.com\/avatar\/1a3f15d3553507ae7a2debc6ea0ad87b?s=96&r=g\",\"contentUrl\":\"https:\/\/secure.gravatar.com\/avatar\/1a3f15d3553507ae7a2debc6ea0ad87b?s=96&r=g\",\"caption\":\"Pedro Caramuru\"},\"description\":\"Rep\u00f3rter de economia, mercado e pol\u00edtica brasileira para o Suno Not\u00edcias. Formado em jornalismo. J\u00e1 escreveu sobre pol\u00edtica e mercados internacionais para o Broadcast e Estad\u00e3o.\",\"url\":\"https:\/\/www.suno.com.br\/noticias\/author\/pedro-caramurusuno-com-br\/\"}]}<\/script>\n<!-- \/ Yoast SEO plugin. -->","yoast_head_json":{"title":"BrMalls (BRML3) contra-ataca Aliansce Sonae (ALSO3) e aciona o Cade","description":"A BrMalls (BRML3) acionou o Cade para que apure tentativas de interfer\u00eancia da concorrente Aliansce Sonae (ALSO3). Veja detalhes.","robots":{"index":"index","follow":"follow","max-snippet":"max-snippet:-1","max-image-preview":"max-image-preview:large","max-video-preview":"max-video-preview:-1"},"canonical":"https:\/\/www.suno.com.br\/noticias\/brmalls-brml3-contra-ataca-aliansce-sonae-also3-cade\/","og_locale":"pt_BR","og_type":"article","og_title":"BrMalls (BRML3) contra-ataca Aliansce Sonae (ALSO3) e aciona o Cade","og_description":"A BrMalls (BRML3) acionou o Cade para que apure tentativas de interfer\u00eancia da concorrente Aliansce Sonae (ALSO3). Veja detalhes.","og_url":"https:\/\/www.suno.com.br\/noticias\/brmalls-brml3-contra-ataca-aliansce-sonae-also3-cade\/","og_site_name":"Suno Not\u00edcias","article_publisher":"https:\/\/facebook.com\/sunoresearch","og_image":[{"width":2560,"height":1707,"url":"https:\/\/files.sunoresearch.com.br\/n\/uploads\/2022\/03\/pexels-sam-lion-5709656-scaled.jpg","type":"image\/jpeg"}],"author":"Pedro Caramuru","twitter_card":"summary_large_image","twitter_creator":"@sunoresearch","twitter_site":"@sunoresearch","twitter_misc":{"Escrito por":"Pedro Caramuru","Est. tempo de leitura":"2 minutos"},"schema":{"@context":"https:\/\/schema.org","@graph":[{"@type":"NewsArticle","@id":"https:\/\/www.suno.com.br\/noticias\/brmalls-brml3-contra-ataca-aliansce-sonae-also3-cade\/#article","isPartOf":{"@id":"https:\/\/www.suno.com.br\/noticias\/brmalls-brml3-contra-ataca-aliansce-sonae-also3-cade\/"},"author":{"name":"Pedro Caramuru","@id":"https:\/\/www.suno.com.br\/noticias\/#\/schema\/person\/8d020643938f12a823508eb0e5fda407"},"headline":"BrMalls (BRML3) contra-ataca Aliansce Sonae (ALSO3) e aciona o Cade","datePublished":"2022-03-31T13:28:49+00:00","mainEntityOfPage":{"@id":"https:\/\/www.suno.com.br\/noticias\/brmalls-brml3-contra-ataca-aliansce-sonae-also3-cade\/"},"wordCount":360,"publisher":{"@id":"https:\/\/www.suno.com.br\/noticias\/#organization"},"image":{"@id":"https:\/\/www.suno.com.br\/noticias\/brmalls-brml3-contra-ataca-aliansce-sonae-also3-cade\/#primaryimage"},"thumbnailUrl":"https:\/\/files.sunoresearch.com.br\/n\/uploads\/2022\/03\/pexels-sam-lion-5709656-scaled.jpg","keywords":["Aliansce Sonae (ALSO3)","BRMalls (BRML3)","CADE","shopping center"],"articleSection":["Neg\u00f3cios"],"inLanguage":"pt-BR"},{"@type":"WebPage","@id":"https:\/\/www.suno.com.br\/noticias\/brmalls-brml3-contra-ataca-aliansce-sonae-also3-cade\/","url":"https:\/\/www.suno.com.br\/noticias\/brmalls-brml3-contra-ataca-aliansce-sonae-also3-cade\/","name":"BrMalls (BRML3) contra-ataca Aliansce Sonae (ALSO3) e aciona o Cade","isPartOf":{"@id":"https:\/\/www.suno.com.br\/noticias\/#website"},"primaryImageOfPage":{"@id":"https:\/\/www.suno.com.br\/noticias\/brmalls-brml3-contra-ataca-aliansce-sonae-also3-cade\/#primaryimage"},"image":{"@id":"https:\/\/www.suno.com.br\/noticias\/brmalls-brml3-contra-ataca-aliansce-sonae-also3-cade\/#primaryimage"},"thumbnailUrl":"https:\/\/files.sunoresearch.com.br\/n\/uploads\/2022\/03\/pexels-sam-lion-5709656-scaled.jpg","datePublished":"2022-03-31T13:28:49+00:00","description":"A BrMalls (BRML3) acionou o Cade para que apure tentativas de interfer\u00eancia da concorrente Aliansce Sonae (ALSO3). Veja detalhes.","breadcrumb":{"@id":"https:\/\/www.suno.com.br\/noticias\/brmalls-brml3-contra-ataca-aliansce-sonae-also3-cade\/#breadcrumb"},"inLanguage":"pt-BR","potentialAction":[{"@type":"ReadAction","target":["https:\/\/www.suno.com.br\/noticias\/brmalls-brml3-contra-ataca-aliansce-sonae-also3-cade\/"]}]},{"@type":"ImageObject","inLanguage":"pt-BR","@id":"https:\/\/www.suno.com.br\/noticias\/brmalls-brml3-contra-ataca-aliansce-sonae-also3-cade\/#primaryimage","url":"https:\/\/files.sunoresearch.com.br\/n\/uploads\/2022\/03\/pexels-sam-lion-5709656-scaled.jpg","contentUrl":"https:\/\/files.sunoresearch.com.br\/n\/uploads\/2022\/03\/pexels-sam-lion-5709656-scaled.jpg","width":2560,"height":1707,"caption":"Shopping. Foto: Pexels."},{"@type":"BreadcrumbList","@id":"https:\/\/www.suno.com.br\/noticias\/brmalls-brml3-contra-ataca-aliansce-sonae-also3-cade\/#breadcrumb","itemListElement":[{"@type":"ListItem","position":1,"name":"Not\u00edcias","item":"https:\/\/www.suno.com.br\/noticias\/"},{"@type":"ListItem","position":2,"name":"Neg\u00f3cios","item":"https:\/\/www.suno.com.br\/noticias\/negocios\/"},{"@type":"ListItem","position":3,"name":"BrMalls (BRML3) contra-ataca Aliansce Sonae (ALSO3) e aciona o Cade"}]},{"@type":"WebSite","@id":"https:\/\/www.suno.com.br\/noticias\/#website","url":"https:\/\/www.suno.com.br\/noticias\/","name":"Suno Not\u00edcias","description":"Seu portal de informa\u00e7\u00e3o sobre o mundo dos investimentos","publisher":{"@id":"https:\/\/www.suno.com.br\/noticias\/#organization"},"potentialAction":[{"@type":"SearchAction","target":{"@type":"EntryPoint","urlTemplate":"https:\/\/www.suno.com.br\/noticias\/?s={search_term_string}"},"query-input":{"@type":"PropertyValueSpecification","valueRequired":true,"valueName":"search_term_string"}}],"inLanguage":"pt-BR"},{"@type":"Organization","@id":"https:\/\/www.suno.com.br\/noticias\/#organization","name":"Suno Not\u00edcias","url":"https:\/\/www.suno.com.br\/noticias\/","logo":{"@type":"ImageObject","inLanguage":"pt-BR","@id":"https:\/\/www.suno.com.br\/noticias\/#\/schema\/logo\/image\/","url":"https:\/\/files.sunoresearch.com.br\/n\/uploads\/2021\/09\/suno-logo.png","contentUrl":"https:\/\/files.sunoresearch.com.br\/n\/uploads\/2021\/09\/suno-logo.png","width":180,"height":180,"caption":"Suno Not\u00edcias"},"image":{"@id":"https:\/\/www.suno.com.br\/noticias\/#\/schema\/logo\/image\/"},"sameAs":["https:\/\/facebook.com\/sunoresearch","https:\/\/x.com\/sunoresearch","https:\/\/www.instagram.com\/suno","https:\/\/www.linkedin.com\/company\/suno-research\/","https:\/\/www.youtube.com\/c\/sunoresearch"]},{"@type":"Person","@id":"https:\/\/www.suno.com.br\/noticias\/#\/schema\/person\/8d020643938f12a823508eb0e5fda407","name":"Pedro Caramuru","image":{"@type":"ImageObject","inLanguage":"pt-BR","@id":"https:\/\/www.suno.com.br\/noticias\/#\/schema\/person\/image\/","url":"https:\/\/secure.gravatar.com\/avatar\/1a3f15d3553507ae7a2debc6ea0ad87b?s=96&r=g","contentUrl":"https:\/\/secure.gravatar.com\/avatar\/1a3f15d3553507ae7a2debc6ea0ad87b?s=96&r=g","caption":"Pedro Caramuru"},"description":"Rep\u00f3rter de economia, mercado e pol\u00edtica brasileira para o Suno Not\u00edcias. Formado em jornalismo. J\u00e1 escreveu sobre pol\u00edtica e mercados internacionais para o Broadcast e Estad\u00e3o.","url":"https:\/\/www.suno.com.br\/noticias\/author\/pedro-caramurusuno-com-br\/"}]}},"default_loop_html":"<div class=\"cardsPage__listCard__boxs\"><div class=\"cardsPage__listCard__boxs__img\"><a href=\"https:\/\/www.suno.com.br\/noticias\/aliansce-sonae-also3-brmalls-brml3-negociam-possivel-fusao-diz-site\/\"><img class=\"mask\" src=\"https:\/\/www.suno.com.br\/noticias\/wp-content\/themes\/suno\/resources\/images\/spotlight\/spotlight1img\/bg-mask.png\" alt=\"Image Mask\"\/><img src=\"https:\/\/files.sunoresearch.com.br\/n\/uploads\/2020\/07\/91db6b1b-d-pedro-400x200.webp\" alt=\"Aliansce Sonae (ALSO3) confirma negocia\u00e7\u00f5es sobre fus\u00e3o com brMalls (BRML3); a\u00e7\u00f5es sobem\"\/><\/a><span class=\"spotlightCategory\"><a href=\"https:\/\/www.suno.com.br\/noticias\/negocios\/\">Neg\u00f3cios<\/a><\/span><\/div><div class=\"cardsPage__listCard__boxs__content\"><a href=\"https:\/\/www.suno.com.br\/noticias\/aliansce-sonae-also3-brmalls-brml3-negociam-possivel-fusao-diz-site\/\"><h2 class=\"content__title\">Aliansce Sonae (ALSO3) confirma negocia\u00e7\u00f5es sobre fus\u00e3o com brMalls (BRML3); a\u00e7\u00f5es sobem<\/h2><\/a><div class=\"newsContent__article__meta\"><div class=\"newsContent__article__meta__authorBox\"><a href=\"https:\/\/www.suno.com.br\/noticias\/author\/marco-lopes\/\" class=\"authorBox__avatar noMobi\"><img src=\"https:\/\/secure.gravatar.com\/avatar\/385167b012fbc1cde32c5446ee253313?s=96&#038;r=g\" alt=\"Marco Ant\u00f4nio Lopes\"><\/a><div class=\"authorBox__name\"><span>por\n\t\t\t<a href=\"https:\/\/www.suno.com.br\/noticias\/author\/marco-lopes\/\"><span itemprop=\"author\">Marco Ant\u00f4nio Lopes<\/span><\/a><\/span><time datetime=\"2021-12-28T21:42:52-03:00\" itemprop=\"datePublished\">28\/12\/2021 21:42<\/time><\/div><\/div><\/div><\/div><\/div>","single_layout":"posts","amp_enabled":true,"_links":{"self":[{"href":"https:\/\/www.suno.com.br\/noticias\/wp-json\/wp\/v2\/posts\/246595"}],"collection":[{"href":"https:\/\/www.suno.com.br\/noticias\/wp-json\/wp\/v2\/posts"}],"about":[{"href":"https:\/\/www.suno.com.br\/noticias\/wp-json\/wp\/v2\/types\/post"}],"author":[{"embeddable":true,"href":"https:\/\/www.suno.com.br\/noticias\/wp-json\/wp\/v2\/users\/145"}],"replies":[{"embeddable":true,"href":"https:\/\/www.suno.com.br\/noticias\/wp-json\/wp\/v2\/comments?post=246595"}],"version-history":[{"count":2,"href":"https:\/\/www.suno.com.br\/noticias\/wp-json\/wp\/v2\/posts\/246595\/revisions"}],"predecessor-version":[{"id":246611,"href":"https:\/\/www.suno.com.br\/noticias\/wp-json\/wp\/v2\/posts\/246595\/revisions\/246611"}],"wp:featuredmedia":[{"embeddable":true,"href":"https:\/\/www.suno.com.br\/noticias\/wp-json\/wp\/v2\/media\/246608"}],"wp:attachment":[{"href":"https:\/\/www.suno.com.br\/noticias\/wp-json\/wp\/v2\/media?parent=246595"}],"wp:term":[{"taxonomy":"category","embeddable":true,"href":"https:\/\/www.suno.com.br\/noticias\/wp-json\/wp\/v2\/categories?post=246595"},{"taxonomy":"post_tag","embeddable":true,"href":"https:\/\/www.suno.com.br\/noticias\/wp-json\/wp\/v2\/tags?post=246595"},{"taxonomy":"suno_strategy","embeddable":true,"href":"https:\/\/www.suno.com.br\/noticias\/wp-json\/wp\/v2\/suno_strategy?post=246595"}],"curies":[{"name":"wp","href":"https:\/\/api.w.org\/{rel}","templated":true}]}}