{"id":246589,"date":"2022-03-31T13:02:58","date_gmt":"2022-03-31T16:02:58","guid":{"rendered":"https:\/\/www.suno.com.br\/noticias\/?p=246589"},"modified":"2022-03-31T13:02:58","modified_gmt":"2022-03-31T16:02:58","slug":"governo-substitui-ministros-candidatar-eleicoes","status":"publish","type":"post","link":"https:\/\/www.suno.com.br\/noticias\/governo-substitui-ministros-candidatar-eleicoes\/","title":{"rendered":"Ministros que pretendem se candidatar nas elei\u00e7\u00f5es deixam cargos; veja lista"},"content":{"rendered":"<p>O presidente Jair Bolsonaro publicou, no <em>Di\u00e1rio Oficial da Uni\u00e3o<\/em> desta quinta-feira (31), uma <a href=\"https:\/\/www.in.gov.br\/consulta\/-\/buscar\/dou?q=exonerar%2C+a+pedido&amp;s=todos&amp;exactDate=all&amp;sortType=0&amp;delta=20&amp;artType=Decreto+de+Pessoal\" target=\"_blank\" rel=\"noopener\">s\u00e9rie de decretos<\/a> que exoneram, a pedido, <strong>ministros<\/strong> e secret\u00e1rios.<\/p>\t<div class=\"wrapper-featured-image\">\n\t\t<figure class=\"spotlightImg\">\n\n\t\t\t<picture>\n\t\t\t\t<source media=\"(max-width: 768px)\" srcset=\"https:\/\/files.sunoresearch.com.br\/n\/uploads\/2022\/03\/Esplanada-400x200.jpg\">\n\t\t\t\t<img loading=\"lazy\" decoding=\"async\" class=\"newsContent__article__imgCapa lazyloadDisabled \" src=\"https:\/\/files.sunoresearch.com.br\/n\/uploads\/2022\/03\/Esplanada-800x450.jpg\" width=\"800\" height=\"450\" alt=\"Ministros que pretendem se candidatar nas elei\u00e7\u00f5es deixam cargos; veja lista\" fetchpriority=high \/>\n\t\t\t<\/picture>\n\n\t\t\t<figcaption class=\"wp-caption-text wp-caption-text--show\">Reforma na Esplanada dos Minist\u00e9rios: Ministros que pretendem se candidatar nas elei\u00e7\u00f5es deixam cargos. Foto: Foto: Fabio Rodrigues Pozzebom\/Ag\u00eancia Brasil<\/figcaption>\n\t\t<\/figure>\n\t<\/div>\n\n\n\t<p>\n\t\t<a href=\"\" target=\"_blank\" data-element=\"shortcode-suno-banner\" title=\"Banner SUNO, clique e saiba mais\">\n\t\t\t<picture>\n\t\t\t\t<source media=\"(max-width: 500px)\" srcset=\"\">\n\t\t\t\t<img class=\"newsContent__article__imgCapa newsContent__article__imgCapa--banner\"\n\t\t\t\t\tsrc=\"\"\n\t\t\t\t\tdata-promo-id=\"240038\"\t\t\t\t\t\t\t\t\t\t\t\t\t\t\talt=\"\"\n\t\t\t\t>\n\t\t\t<\/picture>\n\t\t<\/a>\n\t<\/p>\n\n\n<p>O objetivo \u00e9 abrir a eles a possibilidade de se candidatarem a cargos p\u00fablicos nas <strong>elei\u00e7\u00f5es de 2022<\/strong>.<\/p>\n<p>Segundo a legisla\u00e7\u00e3o vigente, o prazo de <strong>desincompatibiliza\u00e7\u00e3o<\/strong> &#8211; ou seja, per\u00edodo para que os candidatos deixem os cargos p\u00fablicos a fim de evitar conflito de interesses &#8211;<img decoding=\"async\" style=\"width: 1px; height: 1px;\" src=\"https:\/\/agenciabrasil.ebc.com.br\/ebc.png?id=1451397&amp;o=rss\" \/><img decoding=\"async\" style=\"width: 1px; height: 1px;\" src=\"https:\/\/agenciabrasil.ebc.com.br\/ebc.gif?id=1451397&amp;o=rss\" \/> vai at\u00e9 s\u00e1bado (2). Pol\u00edticos que pretendem disputar a reelei\u00e7\u00e3o n\u00e3o precisam deixar o cargo.<\/p>\n<h2>Veja a lista de ministros que deixam o governo<\/h2>\n<p>Ao todo s\u00e3o dez os <strong>ministros e secret\u00e1rios<\/strong> que deixam os cargos atuais, de olho na possibilidade de conquistarem um cargo eletivo na disputa deste ano. Confira:<\/p>\n<ul>\n<li>No <strong>Minist\u00e9rio da Ci\u00eancia e Tecnologia<\/strong>, foi exonerado do cargo o ministro Marcos C\u00e9sar Pontes. Em seu lugar, foi nomeado Paulo C\u00e9sar Rezende Alvim para comandar a pasta.<\/li>\n<li>Rog\u00e9rio Marinho deixa o <strong>Minist\u00e9rio do Desenvolvimento Regional<\/strong>, pasta que ter\u00e1 \u00e0 frente Daniel de Oliveira Duarte Ferreira.<\/li>\n<li>O <strong>Minist\u00e9rio da Cidadania<\/strong> ficar\u00e1 a cargo de Ronaldo Vieira Bento, que assume o cargo no lugar de Jo\u00e3o Roma.<\/li>\n<li>Damares Alves deixa o <strong>Minist\u00e9rio da Mulher, da Fam\u00edlia e dos Direitos Humanos<\/strong>, que ter\u00e1, a partir de agora, como ministra Cristiane Rodrigues Britto.<\/li>\n<li>No <strong>Minist\u00e9rio da Agricultura<\/strong>, Pecu\u00e1ria e Abastecimento, a ministra Tereza Cristina d\u00e1 lugar a Marcos Montes Cordeiro;<\/li>\n<li>No <strong>Minist\u00e9rio do Trabalho e Previd\u00eancia<\/strong>, Onyx Lorenzoni foi substitu\u00eddo por Jos\u00e9 Carlos Oliveira. No Minist\u00e9rio da Infraestrutura, sai Tarc\u00edsio Gomes de Freitas e entra em seu lugar Marcelo Sampaio.<\/li>\n<li>O <strong>Minist\u00e9rio do Turismo<\/strong> ser\u00e1 comandado por Carlos Alberto Gomes de Brito, que substitui Gilson Machado;\n<ul>\n<li>Vinculada \u00e0 pasta, a <strong>Secretaria Especial da Cultura<\/strong> tamb\u00e9m tem altera\u00e7\u00e3o, com a sa\u00edda do secret\u00e1rio M\u00e1rio Frias, substitu\u00eddo por H\u00e9lio Ferraz de Oliveira.<\/li>\n<\/ul>\n<\/li>\n<\/ul>\n<p>Foram publicados tamb\u00e9m decretos alterando as chefias da <strong>Secretaria de Governo<\/strong>, pasta at\u00e9 ent\u00e3o ocupada por Fl\u00e1via Arruda, que d\u00e1 lugar a C\u00e9lio Faria J\u00fanior; e da <strong>Ag\u00eancia Brasileira de Intelig\u00eancia<\/strong> (Abin), com a exonera\u00e7\u00e3o do diretor-geral Alexandre Ramagem Rodrigues.<\/p>\n\t<p>\n\t\t<a href=\"https:\/\/lp.suno.com.br\/planilha-controle-gastos\/\" target=\"_blank\" data-element=\"shortcode-suno-banner\" title=\"Banner SUNO, clique e saiba mais\">\n\t\t\t<picture>\n\t\t\t\t<source media=\"(max-width: 500px)\" srcset=\"https:\/\/files.sunoresearch.com.br\/n\/uploads\/2023\/03\/400x300-Planilha-controle-de-gastos.png\">\n\t\t\t\t<img class=\"newsContent__article__imgCapa newsContent__article__imgCapa--banner\"\n\t\t\t\t\tsrc=\"https:\/\/files.sunoresearch.com.br\/n\/uploads\/2023\/03\/1420x240-Planilha-controle-de-gastos.png\"\n\t\t\t\t\tdata-promo-id=\"101751\"\t\t\t\t\t\t\t\t\t\twidth='1420' height='240'\t\t\t\t\talt=\"https:\/\/files.sunoresearch.com.br\/n\/uploads\/2023\/03\/1420x240-Planilha-controle-de-gastos.png\"\n\t\t\t\t>\n\t\t\t<\/picture>\n\t\t<\/a>\n\t<\/p>\n\n\n<p>H\u00e1 pouco, o ministro da Defesa, general Walter Braga Netto, foi exonerado do cargo e nomeado assessor especial do presidente Jair Bolsonaro. Assume em seu lugar o Comandante do Ex\u00e9rcito, general Paulo S\u00e9rgio Nogueira.<\/p>\n<h2>Mudan\u00e7a na paisagem pol\u00edtica<\/h2>\n<p>Al\u00e9m das mudan\u00e7as na Esplanada dos Minist\u00e9rios, o dia \u00e9 de movimenta\u00e7\u00e3o tamb\u00e9m entre os pr\u00e9-candidatos.<\/p>\n<p>O ex-juiz e ex-ministro da Justi\u00e7a e Seguran\u00e7a P\u00fablica <strong>Sergio Moro<\/strong>, segundo o <em>Estad\u00e3o<\/em>, deve desistir de disputar a cadeira da Presid\u00eancia da Rep\u00fablica e deixar o Podemos em favor do Uni\u00e3o Brasil.<\/p>\n<p>No PSDB, a recusa do governador de S\u00e3o Paulo, <strong><a class=\"suno-keyword\" href=\"https:\/\/www.suno.com.br\/tudo-sobre\/joao-doria\/\" target=\"_blank\" rel=\"noopener\" data-force=\"no\" data-priority=\"2\">Jo\u00e3o Doria<\/a><\/strong> (PSDB), em deixar o governo do Estado para disputar a chefia do Executivo federal causou uma crise entre tucanos. O governador deve prestar mais informa\u00e7\u00f5es em entrevista coletiva \u00e0s 16h de hoje.<\/p>\n<p class=\"newsProviderSignature\"><em>(Com informa\u00e7\u00f5es da Ag\u00eancia Brasil.)<\/em><\/p>\n\t<p>\n\t\t<a href=\"https:\/\/lp.suno.com.br\/planilha-da-vida-financeira\/\" target=\"_blank\" data-element=\"shortcode-suno-banner\" title=\"Banner SUNO, clique e saiba mais\">\n\t\t\t<picture>\n\t\t\t\t<source media=\"(max-width: 500px)\" srcset=\"https:\/\/files.sunoresearch.com.br\/n\/uploads\/2023\/04\/400x300-Planilha-vida-financeira-true.png\">\n\t\t\t\t<img class=\"newsContent__article__imgCapa newsContent__article__imgCapa--banner\"\n\t\t\t\t\tsrc=\"https:\/\/files.sunoresearch.com.br\/n\/uploads\/2023\/04\/1420x240-Planilha-vida-financeira-true.png\"\n\t\t\t\t\tdata-promo-id=\"106682\"\t\t\t\t\t\t\t\t\t\twidth='1420' height='240'\t\t\t\t\talt=\"https:\/\/files.sunoresearch.com.br\/n\/uploads\/2023\/04\/1420x240-Planilha-vida-financeira-true.png\"\n\t\t\t\t>\n\t\t\t<\/picture>\n\t\t<\/a>\n\t<\/p>\n\n\n","protected":false},"excerpt":{"rendered":"<p>O presidente Jair Bolsonaro publicou, no Di\u00e1rio Oficial da Uni\u00e3o desta quinta-feira (31), uma s\u00e9rie de decretos que exoneram, a pedido, ministros e secret\u00e1rios. Reforma na Esplanada dos Minist\u00e9rios: Ministros que pretendem se candidatar nas elei\u00e7\u00f5es deixam cargos. Foto: Foto: Fabio Rodrigues Pozzebom\/Ag\u00eancia Brasil O objetivo \u00e9 abrir a eles a possibilidade de se candidatarem [&hellip;]<\/p>\n","protected":false},"author":145,"featured_media":246678,"comment_status":"closed","ping_status":"closed","sticky":false,"template":"","format":"standard","meta":[],"categories":[61],"tags":[697,719],"suno_strategy":[],"class_list":["post-246589","post","type-post","status-publish","format-standard","has-post-thumbnail","hentry","category-politica","tag-eleicoes","tag-jair-bolsonaro"],"yoast_head":"<!-- This site is optimized with the Yoast SEO plugin v24.4 - https:\/\/yoast.com\/wordpress\/plugins\/seo\/ -->\n<title>Ministros que pretendem disputar elei\u00e7\u00f5es deixam cargos; veja lista<\/title>\n<meta name=\"description\" content=\"Bolsonaro publica, no DOU desta quinta-feira (31), uma s\u00e9rie de decretos que exoneram, a pedido, ministros e secret\u00e1rios. Confira.\" \/>\n<meta name=\"robots\" content=\"index, follow, max-snippet:-1, max-image-preview:large, max-video-preview:-1\" \/>\n<link rel=\"canonical\" href=\"https:\/\/www.suno.com.br\/noticias\/governo-substitui-ministros-candidatar-eleicoes\/\" \/>\n<meta property=\"og:locale\" content=\"pt_BR\" \/>\n<meta property=\"og:type\" content=\"article\" \/>\n<meta property=\"og:title\" content=\"Ministros que pretendem disputar elei\u00e7\u00f5es deixam cargos; veja lista\" \/>\n<meta property=\"og:description\" content=\"Bolsonaro publica, no DOU desta quinta-feira (31), uma s\u00e9rie de decretos que exoneram, a pedido, ministros e secret\u00e1rios. Confira.\" \/>\n<meta property=\"og:url\" content=\"https:\/\/www.suno.com.br\/noticias\/governo-substitui-ministros-candidatar-eleicoes\/\" \/>\n<meta property=\"og:site_name\" content=\"Suno Not\u00edcias\" \/>\n<meta property=\"article:publisher\" content=\"https:\/\/facebook.com\/sunoresearch\" \/>\n<meta property=\"og:image\" content=\"https:\/\/files.sunoresearch.com.br\/n\/uploads\/2022\/03\/Esplanada-scaled.jpg\" \/>\n\t<meta property=\"og:image:width\" content=\"2560\" \/>\n\t<meta property=\"og:image:height\" content=\"1707\" \/>\n\t<meta property=\"og:image:type\" content=\"image\/jpeg\" \/>\n<meta name=\"author\" content=\"Pedro Caramuru\" \/>\n<meta name=\"twitter:card\" content=\"summary_large_image\" \/>\n<meta name=\"twitter:creator\" content=\"@sunoresearch\" \/>\n<meta name=\"twitter:site\" content=\"@sunoresearch\" \/>\n<meta name=\"twitter:label1\" content=\"Escrito por\" \/>\n\t<meta name=\"twitter:data1\" content=\"Pedro Caramuru\" \/>\n\t<meta name=\"twitter:label2\" content=\"Est. tempo de leitura\" \/>\n\t<meta name=\"twitter:data2\" content=\"3 minutos\" \/>\n<script type=\"application\/ld+json\" class=\"yoast-schema-graph\">{\"@context\":\"https:\/\/schema.org\",\"@graph\":[{\"@type\":\"NewsArticle\",\"@id\":\"https:\/\/www.suno.com.br\/noticias\/governo-substitui-ministros-candidatar-eleicoes\/#article\",\"isPartOf\":{\"@id\":\"https:\/\/www.suno.com.br\/noticias\/governo-substitui-ministros-candidatar-eleicoes\/\"},\"author\":{\"name\":\"Pedro Caramuru\",\"@id\":\"https:\/\/www.suno.com.br\/noticias\/#\/schema\/person\/8d020643938f12a823508eb0e5fda407\"},\"headline\":\"Ministros que pretendem se candidatar nas elei\u00e7\u00f5es deixam cargos; veja lista\",\"datePublished\":\"2022-03-31T16:02:58+00:00\",\"mainEntityOfPage\":{\"@id\":\"https:\/\/www.suno.com.br\/noticias\/governo-substitui-ministros-candidatar-eleicoes\/\"},\"wordCount\":558,\"publisher\":{\"@id\":\"https:\/\/www.suno.com.br\/noticias\/#organization\"},\"image\":{\"@id\":\"https:\/\/www.suno.com.br\/noticias\/governo-substitui-ministros-candidatar-eleicoes\/#primaryimage\"},\"thumbnailUrl\":\"https:\/\/files.sunoresearch.com.br\/n\/uploads\/2022\/03\/Esplanada-scaled.jpg\",\"keywords\":[\"Elei\u00e7\u00f5es\",\"Jair Bolsonaro\"],\"articleSection\":[\"Pol\u00edtica\"],\"inLanguage\":\"pt-BR\"},{\"@type\":\"WebPage\",\"@id\":\"https:\/\/www.suno.com.br\/noticias\/governo-substitui-ministros-candidatar-eleicoes\/\",\"url\":\"https:\/\/www.suno.com.br\/noticias\/governo-substitui-ministros-candidatar-eleicoes\/\",\"name\":\"Ministros que pretendem disputar elei\u00e7\u00f5es deixam cargos; veja lista\",\"isPartOf\":{\"@id\":\"https:\/\/www.suno.com.br\/noticias\/#website\"},\"primaryImageOfPage\":{\"@id\":\"https:\/\/www.suno.com.br\/noticias\/governo-substitui-ministros-candidatar-eleicoes\/#primaryimage\"},\"image\":{\"@id\":\"https:\/\/www.suno.com.br\/noticias\/governo-substitui-ministros-candidatar-eleicoes\/#primaryimage\"},\"thumbnailUrl\":\"https:\/\/files.sunoresearch.com.br\/n\/uploads\/2022\/03\/Esplanada-scaled.jpg\",\"datePublished\":\"2022-03-31T16:02:58+00:00\",\"description\":\"Bolsonaro publica, no DOU desta quinta-feira (31), uma s\u00e9rie de decretos que exoneram, a pedido, ministros e secret\u00e1rios. Confira.\",\"breadcrumb\":{\"@id\":\"https:\/\/www.suno.com.br\/noticias\/governo-substitui-ministros-candidatar-eleicoes\/#breadcrumb\"},\"inLanguage\":\"pt-BR\",\"potentialAction\":[{\"@type\":\"ReadAction\",\"target\":[\"https:\/\/www.suno.com.br\/noticias\/governo-substitui-ministros-candidatar-eleicoes\/\"]}]},{\"@type\":\"ImageObject\",\"inLanguage\":\"pt-BR\",\"@id\":\"https:\/\/www.suno.com.br\/noticias\/governo-substitui-ministros-candidatar-eleicoes\/#primaryimage\",\"url\":\"https:\/\/files.sunoresearch.com.br\/n\/uploads\/2022\/03\/Esplanada-scaled.jpg\",\"contentUrl\":\"https:\/\/files.sunoresearch.com.br\/n\/uploads\/2022\/03\/Esplanada-scaled.jpg\",\"width\":2560,\"height\":1707,\"caption\":\"Reforma na Esplanada dos Minist\u00e9rios: Ministros que pretendem se candidatar nas elei\u00e7\u00f5es deixam cargos. Foto: Foto: Fabio Rodrigues Pozzebom\/Ag\u00eancia Brasil\"},{\"@type\":\"BreadcrumbList\",\"@id\":\"https:\/\/www.suno.com.br\/noticias\/governo-substitui-ministros-candidatar-eleicoes\/#breadcrumb\",\"itemListElement\":[{\"@type\":\"ListItem\",\"position\":1,\"name\":\"Not\u00edcias\",\"item\":\"https:\/\/www.suno.com.br\/noticias\/\"},{\"@type\":\"ListItem\",\"position\":2,\"name\":\"Pol\u00edtica\",\"item\":\"https:\/\/www.suno.com.br\/noticias\/politica\/\"},{\"@type\":\"ListItem\",\"position\":3,\"name\":\"Ministros que pretendem se candidatar nas elei\u00e7\u00f5es deixam cargos; veja lista\"}]},{\"@type\":\"WebSite\",\"@id\":\"https:\/\/www.suno.com.br\/noticias\/#website\",\"url\":\"https:\/\/www.suno.com.br\/noticias\/\",\"name\":\"Suno Not\u00edcias\",\"description\":\"Seu portal de informa\u00e7\u00e3o sobre o mundo dos investimentos\",\"publisher\":{\"@id\":\"https:\/\/www.suno.com.br\/noticias\/#organization\"},\"potentialAction\":[{\"@type\":\"SearchAction\",\"target\":{\"@type\":\"EntryPoint\",\"urlTemplate\":\"https:\/\/www.suno.com.br\/noticias\/?s={search_term_string}\"},\"query-input\":{\"@type\":\"PropertyValueSpecification\",\"valueRequired\":true,\"valueName\":\"search_term_string\"}}],\"inLanguage\":\"pt-BR\"},{\"@type\":\"Organization\",\"@id\":\"https:\/\/www.suno.com.br\/noticias\/#organization\",\"name\":\"Suno Not\u00edcias\",\"url\":\"https:\/\/www.suno.com.br\/noticias\/\",\"logo\":{\"@type\":\"ImageObject\",\"inLanguage\":\"pt-BR\",\"@id\":\"https:\/\/www.suno.com.br\/noticias\/#\/schema\/logo\/image\/\",\"url\":\"https:\/\/files.sunoresearch.com.br\/n\/uploads\/2021\/09\/suno-logo.png\",\"contentUrl\":\"https:\/\/files.sunoresearch.com.br\/n\/uploads\/2021\/09\/suno-logo.png\",\"width\":180,\"height\":180,\"caption\":\"Suno Not\u00edcias\"},\"image\":{\"@id\":\"https:\/\/www.suno.com.br\/noticias\/#\/schema\/logo\/image\/\"},\"sameAs\":[\"https:\/\/facebook.com\/sunoresearch\",\"https:\/\/x.com\/sunoresearch\",\"https:\/\/www.instagram.com\/suno\",\"https:\/\/www.linkedin.com\/company\/suno-research\/\",\"https:\/\/www.youtube.com\/c\/sunoresearch\"]},{\"@type\":\"Person\",\"@id\":\"https:\/\/www.suno.com.br\/noticias\/#\/schema\/person\/8d020643938f12a823508eb0e5fda407\",\"name\":\"Pedro Caramuru\",\"image\":{\"@type\":\"ImageObject\",\"inLanguage\":\"pt-BR\",\"@id\":\"https:\/\/www.suno.com.br\/noticias\/#\/schema\/person\/image\/\",\"url\":\"https:\/\/secure.gravatar.com\/avatar\/1a3f15d3553507ae7a2debc6ea0ad87b?s=96&r=g\",\"contentUrl\":\"https:\/\/secure.gravatar.com\/avatar\/1a3f15d3553507ae7a2debc6ea0ad87b?s=96&r=g\",\"caption\":\"Pedro Caramuru\"},\"description\":\"Rep\u00f3rter de economia, mercado e pol\u00edtica brasileira para o Suno Not\u00edcias. Formado em jornalismo. J\u00e1 escreveu sobre pol\u00edtica e mercados internacionais para o Broadcast e Estad\u00e3o.\",\"url\":\"https:\/\/www.suno.com.br\/noticias\/author\/pedro-caramurusuno-com-br\/\"}]}<\/script>\n<!-- \/ Yoast SEO plugin. -->","yoast_head_json":{"title":"Ministros que pretendem disputar elei\u00e7\u00f5es deixam cargos; veja lista","description":"Bolsonaro publica, no DOU desta quinta-feira (31), uma s\u00e9rie de decretos que exoneram, a pedido, ministros e secret\u00e1rios. Confira.","robots":{"index":"index","follow":"follow","max-snippet":"max-snippet:-1","max-image-preview":"max-image-preview:large","max-video-preview":"max-video-preview:-1"},"canonical":"https:\/\/www.suno.com.br\/noticias\/governo-substitui-ministros-candidatar-eleicoes\/","og_locale":"pt_BR","og_type":"article","og_title":"Ministros que pretendem disputar elei\u00e7\u00f5es deixam cargos; veja lista","og_description":"Bolsonaro publica, no DOU desta quinta-feira (31), uma s\u00e9rie de decretos que exoneram, a pedido, ministros e secret\u00e1rios. Confira.","og_url":"https:\/\/www.suno.com.br\/noticias\/governo-substitui-ministros-candidatar-eleicoes\/","og_site_name":"Suno Not\u00edcias","article_publisher":"https:\/\/facebook.com\/sunoresearch","og_image":[{"width":2560,"height":1707,"url":"https:\/\/files.sunoresearch.com.br\/n\/uploads\/2022\/03\/Esplanada-scaled.jpg","type":"image\/jpeg"}],"author":"Pedro Caramuru","twitter_card":"summary_large_image","twitter_creator":"@sunoresearch","twitter_site":"@sunoresearch","twitter_misc":{"Escrito por":"Pedro Caramuru","Est. tempo de leitura":"3 minutos"},"schema":{"@context":"https:\/\/schema.org","@graph":[{"@type":"NewsArticle","@id":"https:\/\/www.suno.com.br\/noticias\/governo-substitui-ministros-candidatar-eleicoes\/#article","isPartOf":{"@id":"https:\/\/www.suno.com.br\/noticias\/governo-substitui-ministros-candidatar-eleicoes\/"},"author":{"name":"Pedro Caramuru","@id":"https:\/\/www.suno.com.br\/noticias\/#\/schema\/person\/8d020643938f12a823508eb0e5fda407"},"headline":"Ministros que pretendem se candidatar nas elei\u00e7\u00f5es deixam cargos; veja lista","datePublished":"2022-03-31T16:02:58+00:00","mainEntityOfPage":{"@id":"https:\/\/www.suno.com.br\/noticias\/governo-substitui-ministros-candidatar-eleicoes\/"},"wordCount":558,"publisher":{"@id":"https:\/\/www.suno.com.br\/noticias\/#organization"},"image":{"@id":"https:\/\/www.suno.com.br\/noticias\/governo-substitui-ministros-candidatar-eleicoes\/#primaryimage"},"thumbnailUrl":"https:\/\/files.sunoresearch.com.br\/n\/uploads\/2022\/03\/Esplanada-scaled.jpg","keywords":["Elei\u00e7\u00f5es","Jair Bolsonaro"],"articleSection":["Pol\u00edtica"],"inLanguage":"pt-BR"},{"@type":"WebPage","@id":"https:\/\/www.suno.com.br\/noticias\/governo-substitui-ministros-candidatar-eleicoes\/","url":"https:\/\/www.suno.com.br\/noticias\/governo-substitui-ministros-candidatar-eleicoes\/","name":"Ministros que pretendem disputar elei\u00e7\u00f5es deixam cargos; veja lista","isPartOf":{"@id":"https:\/\/www.suno.com.br\/noticias\/#website"},"primaryImageOfPage":{"@id":"https:\/\/www.suno.com.br\/noticias\/governo-substitui-ministros-candidatar-eleicoes\/#primaryimage"},"image":{"@id":"https:\/\/www.suno.com.br\/noticias\/governo-substitui-ministros-candidatar-eleicoes\/#primaryimage"},"thumbnailUrl":"https:\/\/files.sunoresearch.com.br\/n\/uploads\/2022\/03\/Esplanada-scaled.jpg","datePublished":"2022-03-31T16:02:58+00:00","description":"Bolsonaro publica, no DOU desta quinta-feira (31), uma s\u00e9rie de decretos que exoneram, a pedido, ministros e secret\u00e1rios. Confira.","breadcrumb":{"@id":"https:\/\/www.suno.com.br\/noticias\/governo-substitui-ministros-candidatar-eleicoes\/#breadcrumb"},"inLanguage":"pt-BR","potentialAction":[{"@type":"ReadAction","target":["https:\/\/www.suno.com.br\/noticias\/governo-substitui-ministros-candidatar-eleicoes\/"]}]},{"@type":"ImageObject","inLanguage":"pt-BR","@id":"https:\/\/www.suno.com.br\/noticias\/governo-substitui-ministros-candidatar-eleicoes\/#primaryimage","url":"https:\/\/files.sunoresearch.com.br\/n\/uploads\/2022\/03\/Esplanada-scaled.jpg","contentUrl":"https:\/\/files.sunoresearch.com.br\/n\/uploads\/2022\/03\/Esplanada-scaled.jpg","width":2560,"height":1707,"caption":"Reforma na Esplanada dos Minist\u00e9rios: Ministros que pretendem se candidatar nas elei\u00e7\u00f5es deixam cargos. Foto: Foto: Fabio Rodrigues Pozzebom\/Ag\u00eancia Brasil"},{"@type":"BreadcrumbList","@id":"https:\/\/www.suno.com.br\/noticias\/governo-substitui-ministros-candidatar-eleicoes\/#breadcrumb","itemListElement":[{"@type":"ListItem","position":1,"name":"Not\u00edcias","item":"https:\/\/www.suno.com.br\/noticias\/"},{"@type":"ListItem","position":2,"name":"Pol\u00edtica","item":"https:\/\/www.suno.com.br\/noticias\/politica\/"},{"@type":"ListItem","position":3,"name":"Ministros que pretendem se candidatar nas elei\u00e7\u00f5es deixam cargos; veja lista"}]},{"@type":"WebSite","@id":"https:\/\/www.suno.com.br\/noticias\/#website","url":"https:\/\/www.suno.com.br\/noticias\/","name":"Suno Not\u00edcias","description":"Seu portal de informa\u00e7\u00e3o sobre o mundo dos investimentos","publisher":{"@id":"https:\/\/www.suno.com.br\/noticias\/#organization"},"potentialAction":[{"@type":"SearchAction","target":{"@type":"EntryPoint","urlTemplate":"https:\/\/www.suno.com.br\/noticias\/?s={search_term_string}"},"query-input":{"@type":"PropertyValueSpecification","valueRequired":true,"valueName":"search_term_string"}}],"inLanguage":"pt-BR"},{"@type":"Organization","@id":"https:\/\/www.suno.com.br\/noticias\/#organization","name":"Suno Not\u00edcias","url":"https:\/\/www.suno.com.br\/noticias\/","logo":{"@type":"ImageObject","inLanguage":"pt-BR","@id":"https:\/\/www.suno.com.br\/noticias\/#\/schema\/logo\/image\/","url":"https:\/\/files.sunoresearch.com.br\/n\/uploads\/2021\/09\/suno-logo.png","contentUrl":"https:\/\/files.sunoresearch.com.br\/n\/uploads\/2021\/09\/suno-logo.png","width":180,"height":180,"caption":"Suno Not\u00edcias"},"image":{"@id":"https:\/\/www.suno.com.br\/noticias\/#\/schema\/logo\/image\/"},"sameAs":["https:\/\/facebook.com\/sunoresearch","https:\/\/x.com\/sunoresearch","https:\/\/www.instagram.com\/suno","https:\/\/www.linkedin.com\/company\/suno-research\/","https:\/\/www.youtube.com\/c\/sunoresearch"]},{"@type":"Person","@id":"https:\/\/www.suno.com.br\/noticias\/#\/schema\/person\/8d020643938f12a823508eb0e5fda407","name":"Pedro Caramuru","image":{"@type":"ImageObject","inLanguage":"pt-BR","@id":"https:\/\/www.suno.com.br\/noticias\/#\/schema\/person\/image\/","url":"https:\/\/secure.gravatar.com\/avatar\/1a3f15d3553507ae7a2debc6ea0ad87b?s=96&r=g","contentUrl":"https:\/\/secure.gravatar.com\/avatar\/1a3f15d3553507ae7a2debc6ea0ad87b?s=96&r=g","caption":"Pedro Caramuru"},"description":"Rep\u00f3rter de economia, mercado e pol\u00edtica brasileira para o Suno Not\u00edcias. Formado em jornalismo. J\u00e1 escreveu sobre pol\u00edtica e mercados internacionais para o Broadcast e Estad\u00e3o.","url":"https:\/\/www.suno.com.br\/noticias\/author\/pedro-caramurusuno-com-br\/"}]}},"default_loop_html":"<div class=\"cardsPage__listCard__boxs\"><div class=\"cardsPage__listCard__boxs__img\"><a href=\"https:\/\/www.suno.com.br\/noticias\/governo-substitui-ministros-candidatar-eleicoes\/\"><img class=\"mask\" src=\"https:\/\/www.suno.com.br\/noticias\/wp-content\/themes\/suno\/resources\/images\/spotlight\/spotlight1img\/bg-mask.png\" alt=\"Image Mask\"\/><img src=\"https:\/\/files.sunoresearch.com.br\/n\/uploads\/2022\/03\/Esplanada-400x200.jpg\" alt=\"Ministros que pretendem se candidatar nas elei\u00e7\u00f5es deixam cargos; veja lista\"\/><\/a><span class=\"spotlightCategory\"><a href=\"https:\/\/www.suno.com.br\/noticias\/politica\/\">Pol\u00edtica<\/a><\/span><\/div><div class=\"cardsPage__listCard__boxs__content\"><a href=\"https:\/\/www.suno.com.br\/noticias\/governo-substitui-ministros-candidatar-eleicoes\/\"><h2 class=\"content__title\">Ministros que pretendem se candidatar nas elei\u00e7\u00f5es deixam cargos; veja lista<\/h2><\/a><div class=\"newsContent__article__meta\"><div class=\"newsContent__article__meta__authorBox\"><a href=\"https:\/\/www.suno.com.br\/noticias\/author\/pedro-caramurusuno-com-br\/\" class=\"authorBox__avatar noMobi\"><img src=\"https:\/\/secure.gravatar.com\/avatar\/1a3f15d3553507ae7a2debc6ea0ad87b?s=96&#038;r=g\" alt=\"Pedro Caramuru\"><\/a><div class=\"authorBox__name\"><span>por\n\t\t\t<a href=\"https:\/\/www.suno.com.br\/noticias\/author\/pedro-caramurusuno-com-br\/\"><span itemprop=\"author\">Pedro Caramuru<\/span><\/a><\/span><time datetime=\"2022-03-31T13:02:58-03:00\" itemprop=\"datePublished\">31\/03\/2022 13:02<\/time><\/div><\/div><\/div><\/div><\/div>","single_layout":"posts","amp_enabled":true,"_links":{"self":[{"href":"https:\/\/www.suno.com.br\/noticias\/wp-json\/wp\/v2\/posts\/246589"}],"collection":[{"href":"https:\/\/www.suno.com.br\/noticias\/wp-json\/wp\/v2\/posts"}],"about":[{"href":"https:\/\/www.suno.com.br\/noticias\/wp-json\/wp\/v2\/types\/post"}],"author":[{"embeddable":true,"href":"https:\/\/www.suno.com.br\/noticias\/wp-json\/wp\/v2\/users\/145"}],"replies":[{"embeddable":true,"href":"https:\/\/www.suno.com.br\/noticias\/wp-json\/wp\/v2\/comments?post=246589"}],"version-history":[{"count":3,"href":"https:\/\/www.suno.com.br\/noticias\/wp-json\/wp\/v2\/posts\/246589\/revisions"}],"predecessor-version":[{"id":246680,"href":"https:\/\/www.suno.com.br\/noticias\/wp-json\/wp\/v2\/posts\/246589\/revisions\/246680"}],"wp:featuredmedia":[{"embeddable":true,"href":"https:\/\/www.suno.com.br\/noticias\/wp-json\/wp\/v2\/media\/246678"}],"wp:attachment":[{"href":"https:\/\/www.suno.com.br\/noticias\/wp-json\/wp\/v2\/media?parent=246589"}],"wp:term":[{"taxonomy":"category","embeddable":true,"href":"https:\/\/www.suno.com.br\/noticias\/wp-json\/wp\/v2\/categories?post=246589"},{"taxonomy":"post_tag","embeddable":true,"href":"https:\/\/www.suno.com.br\/noticias\/wp-json\/wp\/v2\/tags?post=246589"},{"taxonomy":"suno_strategy","embeddable":true,"href":"https:\/\/www.suno.com.br\/noticias\/wp-json\/wp\/v2\/suno_strategy?post=246589"}],"curies":[{"name":"wp","href":"https:\/\/api.w.org\/{rel}","templated":true}]}}