{"id":246442,"date":"2022-03-30T18:27:44","date_gmt":"2022-03-30T21:27:44","guid":{"rendered":"https:\/\/www.suno.com.br\/noticias\/?p=246442"},"modified":"2022-03-30T18:27:44","modified_gmt":"2022-03-30T21:27:44","slug":"dolar-sobe-realizacao-lucros-exterior","status":"publish","type":"post","link":"https:\/\/www.suno.com.br\/noticias\/dolar-sobe-realizacao-lucros-exterior\/","title":{"rendered":"D\u00f3lar sobe com ajustes e realiza\u00e7\u00e3o de lucros, descolado do exterior"},"content":{"rendered":"<p>Apesar do tombo da moeda exterior e do avan\u00e7o das cota\u00e7\u00f5es do petr\u00f3leo e de <a class=\"suno-keyword\" href=\"https:\/\/www.suno.com.br\/artigos\/commodities-agricolas\/\" target=\"_blank\" rel=\"noopener\" data-force=\"no\" data-priority=\"1\">commodities agr\u00edcolas<\/a>, o<strong> d\u00f3lar<\/strong> encerrou a sess\u00e3o desta quarta-feira, 30, em alta no mercado dom\u00e9stico de c\u00e2mbio, flertando nos momentos de maior press\u00e3o com o patamar de R$ 4,80.<\/p>\t<div class=\"wrapper-featured-image\">\n\t\t<figure class=\"spotlightImg\">\n\n\t\t\t<picture>\n\t\t\t\t<source media=\"(max-width: 768px)\" srcset=\"https:\/\/files.sunoresearch.com.br\/n\/uploads\/2022\/03\/pexels-pixabay-164661-400x200.jpg\">\n\t\t\t\t<img loading=\"lazy\" decoding=\"async\" class=\"newsContent__article__imgCapa lazyloadDisabled \" src=\"https:\/\/files.sunoresearch.com.br\/n\/uploads\/2022\/03\/pexels-pixabay-164661-800x450.jpg\" width=\"800\" height=\"450\" alt=\"D\u00f3lar sobe com ajustes e realiza\u00e7\u00e3o de lucros, descolado do exterior\" fetchpriority=high \/>\n\t\t\t<\/picture>\n\n\t\t\t<figcaption class=\"wp-caption-text wp-caption-text--show\">D\u00f3lar. Foto: Pexels<\/figcaption>\n\t\t<\/figure>\n\t<\/div>\n\n\n\t<p>\n\t\t<a href=\"\" target=\"_blank\" data-element=\"shortcode-suno-banner\" title=\"Banner SUNO, clique e saiba mais\">\n\t\t\t<picture>\n\t\t\t\t<source media=\"(max-width: 500px)\" srcset=\"\">\n\t\t\t\t<img class=\"newsContent__article__imgCapa newsContent__article__imgCapa--banner\"\n\t\t\t\t\tsrc=\"\"\n\t\t\t\t\tdata-promo-id=\"77035\"\t\t\t\t\t\t\t\t\t\t\t\t\t\t\talt=\"\"\n\t\t\t\t>\n\t\t\t<\/picture>\n\t\t<\/a>\n\t<\/p>\n\n\n<p>Analistas atribuem o<strong> trope\u00e7o do real<\/strong> a um movimento natural de <strong>realiza\u00e7\u00e3o de lucros<\/strong> (a moeda brasileira \u00e9 a grande vencedora entre divisas emergentes neste m\u00eas) e a ajustes t\u00e9cnicos, em meio \u00e0 expectativa pela disputa, na quinta-feira, pela forma\u00e7\u00e3o da \u00faltima taxa Ptax do m\u00eas. Indicadores como o <strong>IGP-M de mar\u00e7o<\/strong> e o resultado do Governo Central (Tesouro Banco Central e INSS) em fevereiro foram monitorados, mas n\u00e3o tiveram impacto relevante nas cota\u00e7\u00f5es.<\/p>\n<p>Vindo de baixas em nove dos \u00faltimos dez preg\u00f5es, o <strong>d\u00f3lar hoje<\/strong> teve uma manha inst\u00e1vel, alternando altas e quedas. Na m\u00ednima, cerca de uma hora ap\u00f3s a abertura, desceu para R$ 4,7281.<\/p>\n\t<p>\n\t\t<a href=\"https:\/\/lp.suno.com.br\/ebook-como-analisar-uma-acao\/\" target=\"_blank\" data-element=\"shortcode-suno-banner\" title=\"Banner SUNO, clique e saiba mais\">\n\t\t\t<picture>\n\t\t\t\t<source media=\"(max-width: 500px)\" srcset=\"https:\/\/files.sunoresearch.com.br\/n\/uploads\/2023\/03\/Ebook-Acoes-Mobile-1.jpg\">\n\t\t\t\t<img class=\"newsContent__article__imgCapa newsContent__article__imgCapa--banner\"\n\t\t\t\t\tsrc=\"https:\/\/files.sunoresearch.com.br\/n\/uploads\/2023\/03\/Ebook-Acoes-Desktop-1.jpg\"\n\t\t\t\t\tdata-promo-id=\"171998\"\t\t\t\t\t\t\t\t\t\twidth='1420' height='286'\t\t\t\t\talt=\"https:\/\/files.sunoresearch.com.br\/n\/uploads\/2023\/03\/Ebook-Acoes-Desktop-1.jpg\"\n\t\t\t\t>\n\t\t\t<\/picture>\n\t\t<\/a>\n\t<\/p>\n\n\n<p>Operadores relataram <strong>entrada de fluxo estrangeiro<\/strong> em meio ao<strong> pico do petr\u00f3leo<\/strong> no dia, com o barril tipo Brent tendo atingido o patamar de US$ 114,00. Ap\u00f3s o otimismo da ter\u00e7a, houve recuo na percep\u00e7\u00e3o da possibilidade de um acordo iminente de paz entre Ucr\u00e2nia e R\u00fassia. A informa\u00e7\u00e3o de que os russos pretendem diminuir atividade militares na capital ucraniana \u00e9 vista com descren\u00e7a no Ocidente.<\/p>\n<p>A press\u00e3o vendedora rapidamente perdeu for\u00e7a e o d\u00f3lar j\u00e1 trabalhava em alta no fim da manh\u00e3, na contram\u00e3o do observado no exterior. No meio da tarde, a <strong>cota\u00e7\u00e3o da moeda americana<\/strong> tocou pontualmente o patamar de R$ 4,79, ao registrar m\u00e1xima a R$ 4,7920 (+0,72%). No fim do preg\u00e3o, era cotado a R$ 4,7872, em alta de 0,62%. Em mar\u00e7o, a moeda ainda perde 7,15%, praticamente metade de toda a desvaloriza\u00e7\u00e3o em 2022 (-14,14%).<\/p>\n<p>&#8220;O d\u00f3lar at\u00e9 caiu pela manh\u00e3 com as commodities para cima, mas depois nos descolamos l\u00e1 de fora, com o mercado come\u00e7ando a realizar lucros&#8221;, afirma o economista-chefe da Frente Corretora, Fabrizio Velloni, ressaltando que, ap\u00f3s ser muito castigado no ano passado, o real apresenta ganhos expressivos em 2022 em meio \u00e0 arrancada das commodities. &#8220;O d\u00f3lar tende a apresentar um pouco de volatilidade no fim do m\u00eas, com a disputa da forma\u00e7\u00e3o da <strong>taxa ptax<\/strong> e rolagem de posi\u00e7\u00f5es.&#8221;<\/p>\n<p>A taxa ptax desta quinta-feira, 31, ser\u00e1 utilizada para ajustes de contratos futuros e servir\u00e1 de refer\u00eancia para confec\u00e7\u00e3o de balan\u00e7os e <a class=\"suno-keyword\" href=\"https:\/\/www.suno.com.br\/artigos\/demonstracoes-financeiras\/\" target=\"_blank\" rel=\"noopener\" data-force=\"no\" data-priority=\"1\">demonstra\u00e7\u00f5es financeiras<\/a> do primeiro trimestre.<\/p>\n\t<p>\n\t\t<a href=\"https:\/\/lp.suno.com.br\/planilha-da-vida-financeira\/\" target=\"_blank\" data-element=\"shortcode-suno-banner\" title=\"Banner SUNO, clique e saiba mais\">\n\t\t\t<picture>\n\t\t\t\t<source media=\"(max-width: 500px)\" srcset=\"https:\/\/files.sunoresearch.com.br\/n\/uploads\/2023\/04\/400x300-Planilha-vida-financeira-true.png\">\n\t\t\t\t<img class=\"newsContent__article__imgCapa newsContent__article__imgCapa--banner\"\n\t\t\t\t\tsrc=\"https:\/\/files.sunoresearch.com.br\/n\/uploads\/2023\/04\/1420x240-Planilha-vida-financeira-true.png\"\n\t\t\t\t\tdata-promo-id=\"106682\"\t\t\t\t\t\t\t\t\t\twidth='1420' height='240'\t\t\t\t\talt=\"https:\/\/files.sunoresearch.com.br\/n\/uploads\/2023\/04\/1420x240-Planilha-vida-financeira-true.png\"\n\t\t\t\t>\n\t\t\t<\/picture>\n\t\t<\/a>\n\t<\/p>\n\n\n<p>No exterior, o <strong><a class=\"suno-keyword\" href=\"https:\/\/www.suno.com.br\/artigos\/dxy\/\" target=\"_blank\" rel=\"noopener\" data-force=\"no\" data-priority=\"1\">\u00edndice DXY<\/a><\/strong> &#8211; que mede o <strong>desempenho do d\u00f3lar<\/strong> frente a uma cesta de seis divisas fortes &#8211; operou o dia inteiro em queda, abaixo dos 98,000 pontos, sobretudo em raz\u00e3o das perdas da moeda americana frente ao iene japon\u00eas e ao euro. A infla\u00e7\u00e3o ao consumidor na Alemanha subiu 7,3% em mar\u00e7o (na compara\u00e7\u00e3o anual), bem acima da previs\u00e3o dos analistas, o que refor\u00e7a a perspectiva de postura mais ativa do <a class=\"suno-keyword\" href=\"https:\/\/www.suno.com.br\/artigos\/bce\/\" target=\"_blank\" rel=\"noopener\" data-force=\"no\" data-priority=\"1\">Banco Central Europeu (BCE)<\/a>.<\/p>\n<p>Por aqui, o mercado recebeu sem sobressaltos os <strong>indicadores do dia<\/strong>. Do lado da infla\u00e7\u00e3o, ap\u00f3s subir 1,83% em fevereiro, o IGP-M desacelerou para +1,74%, ficando, por\u00e9m, acima do teto de Proje\u00e7\u00f5es Broadcast, que iam de 0,52% a 1,70%. Em 12 meses, o IGP-M acumula varia\u00e7\u00e3o de 14,77%.<\/p>\n\t<p>\n\t\t<a href=\"https:\/\/lp.suno.com.br\/planilha-controle-gastos\/\" target=\"_blank\" data-element=\"shortcode-suno-banner\" title=\"Banner SUNO, clique e saiba mais\">\n\t\t\t<picture>\n\t\t\t\t<source media=\"(max-width: 500px)\" srcset=\"https:\/\/files.sunoresearch.com.br\/n\/uploads\/2023\/03\/400x300-Planilha-controle-de-gastos.png\">\n\t\t\t\t<img class=\"newsContent__article__imgCapa newsContent__article__imgCapa--banner\"\n\t\t\t\t\tsrc=\"https:\/\/files.sunoresearch.com.br\/n\/uploads\/2023\/03\/1420x240-Planilha-controle-de-gastos.png\"\n\t\t\t\t\tdata-promo-id=\"101751\"\t\t\t\t\t\t\t\t\t\twidth='1420' height='240'\t\t\t\t\talt=\"https:\/\/files.sunoresearch.com.br\/n\/uploads\/2023\/03\/1420x240-Planilha-controle-de-gastos.png\"\n\t\t\t\t>\n\t\t\t<\/picture>\n\t\t<\/a>\n\t<\/p>\n\n\n<h2>D\u00f3lar deve voltar a R$ 5?<\/h2>\n<p>No campo fiscal, o governo Central &#8211; Tesouro Nacional, Banco Central e INSS &#8211; registrou d\u00e9ficit de R$ 20,619 bilh\u00f5es em fevereiro, acima da mediana de Proje\u00e7\u00f5es Broadcast (-R$ 16,20 bilh\u00f5es). Al\u00e9m disso, fontes disseram ao Broadcast que o governo estuda um reajuste de 5% para todo o funcionalismo p\u00fablico a partir de julho, o que demandaria corte de outras despesas em raz\u00e3o dos limites impostos pelo <a class=\"suno-keyword\" href=\"https:\/\/www.suno.com.br\/artigos\/teto-de-gastos\/\" target=\"_blank\" rel=\"noopener\" data-force=\"no\" data-priority=\"1\">teto de gastos<\/a>.<\/p>\n<p>Para Velloni, da Frente Corretora, o d\u00f3lar j\u00e1 chegou ao seu piso no <strong>mercado dom\u00e9stico de c\u00e2mbio<\/strong> e n\u00e3o tem espa\u00e7o para uma nova rodada de queda. \u00c0 medida que se aproxima o pleito presidencial e aumentam as press\u00f5es por gastos, o mercado deve adotar uma postura mais defensiva. &#8220;O cen\u00e1rio interno \u00e9 ruim, com PIB muito fraco, infla\u00e7\u00e3o alta e as elei\u00e7\u00f5es. N\u00e3o vejo o d\u00f3lar se mantendo nesses patamares. Deve voltar para a casa dos R$ 5,00&#8221;, diz.<\/p>\n<p>O economista-chefe da Western Asset, Adauto Lima, v\u00ea o <strong>d\u00f3lar<\/strong> atualmente &#8220;bem precificado&#8221;, espelhando a alta forte das commodities, os juros locais elevados, que atraem capital, e o retorno de capitais de brasileiros que estavam no exterior para ativos dom\u00e9sticos a partir de fevereiro. &#8220;Pode ter mais aprecia\u00e7\u00e3o do real, se press\u00e3o das commodities continuar. No sentido contr\u00e1rio, tem a <a class=\"suno-keyword\" href=\"https:\/\/www.suno.com.br\/artigos\/politica-monetaria\/\" target=\"_blank\" rel=\"noopener\" data-force=\"no\" data-priority=\"1\">pol\u00edtica monet\u00e1ria<\/a> americana, com o Fed (Federa\u00e7\u00e3o Reserve, o BC dos EUA) sinalizando que vai agir de forma mais r\u00e1pida. Isso pode alterar um pouco a <strong>din\u00e2mica do d\u00f3lar<\/strong>&#8220;, afirma Lima.<\/p>\n<p class=\"newsProviderSignature\">Com Estad\u00e3o Conte\u00fado<\/p>\n\t<p>\n\t\t<a href=\"https:\/\/lp.suno.com.br\/planilha-de-controle-de-investimentos\/\" target=\"_blank\" data-element=\"shortcode-suno-banner\" title=\"Banner SUNO, clique e saiba mais\">\n\t\t\t<picture>\n\t\t\t\t<source media=\"(max-width: 500px)\" srcset=\"https:\/\/files.sunoresearch.com.br\/n\/uploads\/2023\/03\/400x300-Controle-de-Investimentos.png\">\n\t\t\t\t<img class=\"newsContent__article__imgCapa newsContent__article__imgCapa--banner\"\n\t\t\t\t\tsrc=\"https:\/\/files.sunoresearch.com.br\/n\/uploads\/2023\/03\/1420x240-Controle-de-Investimentos.png\"\n\t\t\t\t\tdata-promo-id=\"75934\"\t\t\t\t\t\t\t\t\t\twidth='1420' height='240'\t\t\t\t\talt=\"https:\/\/files.sunoresearch.com.br\/n\/uploads\/2023\/03\/1420x240-Controle-de-Investimentos.png\"\n\t\t\t\t>\n\t\t\t<\/picture>\n\t\t<\/a>\n\t<\/p>\n\n\n","protected":false},"excerpt":{"rendered":"<p>Apesar do tombo da moeda exterior e do avan\u00e7o das cota\u00e7\u00f5es do petr\u00f3leo e de commodities agr\u00edcolas, o d\u00f3lar encerrou a sess\u00e3o desta quarta-feira, 30, em alta no mercado dom\u00e9stico de c\u00e2mbio, flertando nos momentos de maior press\u00e3o com o patamar de R$ 4,80. D\u00f3lar. Foto: Pexels Analistas atribuem o trope\u00e7o do real a um [&hellip;]<\/p>\n","protected":false},"author":43,"featured_media":237586,"comment_status":"closed","ping_status":"closed","sticky":false,"template":"","format":"standard","meta":[],"categories":[60],"tags":[326],"suno_strategy":[],"class_list":["post-246442","post","type-post","status-publish","format-standard","has-post-thumbnail","hentry","category-mercado","tag-dolar"],"yoast_head":"<!-- This site is optimized with the Yoast SEO plugin v24.4 - https:\/\/yoast.com\/wordpress\/plugins\/seo\/ -->\n<title>D\u00f3lar sobe com ajustes e realiza\u00e7\u00e3o de lucros, descolado do exterior<\/title>\n<meta name=\"description\" content=\"O d\u00f3lar encerrou a sess\u00e3o desta quarta em alta no mercado dom\u00e9stico de c\u00e2mbio, flertando com o patamar de R$ 4,80. Leia mais aqui\" \/>\n<meta name=\"robots\" content=\"index, follow, max-snippet:-1, max-image-preview:large, max-video-preview:-1\" \/>\n<link rel=\"canonical\" href=\"https:\/\/www.suno.com.br\/noticias\/dolar-sobe-realizacao-lucros-exterior\/\" \/>\n<meta property=\"og:locale\" content=\"pt_BR\" \/>\n<meta property=\"og:type\" content=\"article\" \/>\n<meta property=\"og:title\" content=\"D\u00f3lar sobe com ajustes e realiza\u00e7\u00e3o de lucros, descolado do exterior\" \/>\n<meta property=\"og:description\" content=\"O d\u00f3lar encerrou a sess\u00e3o desta quarta em alta no mercado dom\u00e9stico de c\u00e2mbio, flertando com o patamar de R$ 4,80. Leia mais aqui\" \/>\n<meta property=\"og:url\" content=\"https:\/\/www.suno.com.br\/noticias\/dolar-sobe-realizacao-lucros-exterior\/\" \/>\n<meta property=\"og:site_name\" content=\"Suno Not\u00edcias\" \/>\n<meta property=\"article:publisher\" content=\"https:\/\/facebook.com\/sunoresearch\" \/>\n<meta property=\"article:author\" content=\"https:\/\/www.facebook.com\/sunonoticias\/\" \/>\n<meta property=\"og:image\" content=\"https:\/\/files.sunoresearch.com.br\/n\/uploads\/2022\/03\/pexels-pixabay-164661-scaled.jpg\" \/>\n\t<meta property=\"og:image:width\" content=\"2560\" \/>\n\t<meta property=\"og:image:height\" content=\"1920\" \/>\n\t<meta property=\"og:image:type\" content=\"image\/jpeg\" \/>\n<meta name=\"author\" content=\"Reda\u00e7\u00e3o Suno Not\u00edcias\" \/>\n<meta name=\"twitter:card\" content=\"summary_large_image\" \/>\n<meta name=\"twitter:creator\" content=\"@https:\/\/twitter.com\/sunoresearch\" \/>\n<meta name=\"twitter:site\" content=\"@sunoresearch\" \/>\n<meta name=\"twitter:label1\" content=\"Escrito por\" \/>\n\t<meta name=\"twitter:data1\" content=\"Reda\u00e7\u00e3o Suno Not\u00edcias\" \/>\n\t<meta name=\"twitter:label2\" content=\"Est. tempo de leitura\" \/>\n\t<meta name=\"twitter:data2\" content=\"4 minutos\" \/>\n<script type=\"application\/ld+json\" class=\"yoast-schema-graph\">{\"@context\":\"https:\/\/schema.org\",\"@graph\":[{\"@type\":\"NewsArticle\",\"@id\":\"https:\/\/www.suno.com.br\/noticias\/dolar-sobe-realizacao-lucros-exterior\/#article\",\"isPartOf\":{\"@id\":\"https:\/\/www.suno.com.br\/noticias\/dolar-sobe-realizacao-lucros-exterior\/\"},\"author\":{\"name\":\"Reda\u00e7\u00e3o Suno Not\u00edcias\",\"@id\":\"https:\/\/www.suno.com.br\/noticias\/#\/schema\/person\/c1b1bd3727fa852bd045e9dbff3673ea\"},\"headline\":\"D\u00f3lar sobe com ajustes e realiza\u00e7\u00e3o de lucros, descolado do exterior\",\"datePublished\":\"2022-03-30T21:27:44+00:00\",\"mainEntityOfPage\":{\"@id\":\"https:\/\/www.suno.com.br\/noticias\/dolar-sobe-realizacao-lucros-exterior\/\"},\"wordCount\":868,\"publisher\":{\"@id\":\"https:\/\/www.suno.com.br\/noticias\/#organization\"},\"image\":{\"@id\":\"https:\/\/www.suno.com.br\/noticias\/dolar-sobe-realizacao-lucros-exterior\/#primaryimage\"},\"thumbnailUrl\":\"https:\/\/files.sunoresearch.com.br\/n\/uploads\/2022\/03\/pexels-pixabay-164661-scaled.jpg\",\"keywords\":[\"d\u00f3lar\"],\"articleSection\":[\"Mercado\"],\"inLanguage\":\"pt-BR\"},{\"@type\":\"WebPage\",\"@id\":\"https:\/\/www.suno.com.br\/noticias\/dolar-sobe-realizacao-lucros-exterior\/\",\"url\":\"https:\/\/www.suno.com.br\/noticias\/dolar-sobe-realizacao-lucros-exterior\/\",\"name\":\"D\u00f3lar sobe com ajustes e realiza\u00e7\u00e3o de lucros, descolado do exterior\",\"isPartOf\":{\"@id\":\"https:\/\/www.suno.com.br\/noticias\/#website\"},\"primaryImageOfPage\":{\"@id\":\"https:\/\/www.suno.com.br\/noticias\/dolar-sobe-realizacao-lucros-exterior\/#primaryimage\"},\"image\":{\"@id\":\"https:\/\/www.suno.com.br\/noticias\/dolar-sobe-realizacao-lucros-exterior\/#primaryimage\"},\"thumbnailUrl\":\"https:\/\/files.sunoresearch.com.br\/n\/uploads\/2022\/03\/pexels-pixabay-164661-scaled.jpg\",\"datePublished\":\"2022-03-30T21:27:44+00:00\",\"description\":\"O d\u00f3lar encerrou a sess\u00e3o desta quarta em alta no mercado dom\u00e9stico de c\u00e2mbio, flertando com o patamar de R$ 4,80. Leia mais aqui\",\"breadcrumb\":{\"@id\":\"https:\/\/www.suno.com.br\/noticias\/dolar-sobe-realizacao-lucros-exterior\/#breadcrumb\"},\"inLanguage\":\"pt-BR\",\"potentialAction\":[{\"@type\":\"ReadAction\",\"target\":[\"https:\/\/www.suno.com.br\/noticias\/dolar-sobe-realizacao-lucros-exterior\/\"]}]},{\"@type\":\"ImageObject\",\"inLanguage\":\"pt-BR\",\"@id\":\"https:\/\/www.suno.com.br\/noticias\/dolar-sobe-realizacao-lucros-exterior\/#primaryimage\",\"url\":\"https:\/\/files.sunoresearch.com.br\/n\/uploads\/2022\/03\/pexels-pixabay-164661-scaled.jpg\",\"contentUrl\":\"https:\/\/files.sunoresearch.com.br\/n\/uploads\/2022\/03\/pexels-pixabay-164661-scaled.jpg\",\"width\":2560,\"height\":1920,\"caption\":\"D\u00f3lar. Foto: Pexels\"},{\"@type\":\"BreadcrumbList\",\"@id\":\"https:\/\/www.suno.com.br\/noticias\/dolar-sobe-realizacao-lucros-exterior\/#breadcrumb\",\"itemListElement\":[{\"@type\":\"ListItem\",\"position\":1,\"name\":\"Not\u00edcias\",\"item\":\"https:\/\/www.suno.com.br\/noticias\/\"},{\"@type\":\"ListItem\",\"position\":2,\"name\":\"Mercado\",\"item\":\"https:\/\/www.suno.com.br\/noticias\/mercado\/\"},{\"@type\":\"ListItem\",\"position\":3,\"name\":\"D\u00f3lar sobe com ajustes e realiza\u00e7\u00e3o de lucros, descolado do exterior\"}]},{\"@type\":\"WebSite\",\"@id\":\"https:\/\/www.suno.com.br\/noticias\/#website\",\"url\":\"https:\/\/www.suno.com.br\/noticias\/\",\"name\":\"Suno Not\u00edcias\",\"description\":\"Seu portal de informa\u00e7\u00e3o sobre o mundo dos investimentos\",\"publisher\":{\"@id\":\"https:\/\/www.suno.com.br\/noticias\/#organization\"},\"potentialAction\":[{\"@type\":\"SearchAction\",\"target\":{\"@type\":\"EntryPoint\",\"urlTemplate\":\"https:\/\/www.suno.com.br\/noticias\/?s={search_term_string}\"},\"query-input\":{\"@type\":\"PropertyValueSpecification\",\"valueRequired\":true,\"valueName\":\"search_term_string\"}}],\"inLanguage\":\"pt-BR\"},{\"@type\":\"Organization\",\"@id\":\"https:\/\/www.suno.com.br\/noticias\/#organization\",\"name\":\"Suno Not\u00edcias\",\"url\":\"https:\/\/www.suno.com.br\/noticias\/\",\"logo\":{\"@type\":\"ImageObject\",\"inLanguage\":\"pt-BR\",\"@id\":\"https:\/\/www.suno.com.br\/noticias\/#\/schema\/logo\/image\/\",\"url\":\"https:\/\/files.sunoresearch.com.br\/n\/uploads\/2021\/09\/suno-logo.png\",\"contentUrl\":\"https:\/\/files.sunoresearch.com.br\/n\/uploads\/2021\/09\/suno-logo.png\",\"width\":180,\"height\":180,\"caption\":\"Suno Not\u00edcias\"},\"image\":{\"@id\":\"https:\/\/www.suno.com.br\/noticias\/#\/schema\/logo\/image\/\"},\"sameAs\":[\"https:\/\/facebook.com\/sunoresearch\",\"https:\/\/x.com\/sunoresearch\",\"https:\/\/www.instagram.com\/suno\",\"https:\/\/www.linkedin.com\/company\/suno-research\/\",\"https:\/\/www.youtube.com\/c\/sunoresearch\"]},{\"@type\":\"Person\",\"@id\":\"https:\/\/www.suno.com.br\/noticias\/#\/schema\/person\/c1b1bd3727fa852bd045e9dbff3673ea\",\"name\":\"Reda\u00e7\u00e3o Suno Not\u00edcias\",\"image\":{\"@type\":\"ImageObject\",\"inLanguage\":\"pt-BR\",\"@id\":\"https:\/\/www.suno.com.br\/noticias\/#\/schema\/person\/image\/\",\"url\":\"https:\/\/secure.gravatar.com\/avatar\/b8104b9b5a71985d5238ee59fbe418af?s=96&r=g\",\"contentUrl\":\"https:\/\/secure.gravatar.com\/avatar\/b8104b9b5a71985d5238ee59fbe418af?s=96&r=g\",\"caption\":\"Reda\u00e7\u00e3o Suno Not\u00edcias\"},\"description\":\"O Suno Not\u00edcias \u00e9 um portal de informa\u00e7\u00f5es sobre Mercado Financeiro, Pol\u00edtica, Neg\u00f3cios, Economia e Finan\u00e7as Pessoais.\",\"sameAs\":[\"https:\/\/www.suno.com.br\/noticias\",\"https:\/\/www.facebook.com\/sunonoticias\/\",\"https:\/\/www.instagram.com\/sunonoticias\/\",\"https:\/\/x.com\/https:\/\/twitter.com\/sunoresearch\",\"https:\/\/www.youtube.com\/sunonoticias\"],\"url\":\"https:\/\/www.suno.com.br\/noticias\/author\/redacao-suno\/\"}]}<\/script>\n<!-- \/ Yoast SEO plugin. -->","yoast_head_json":{"title":"D\u00f3lar sobe com ajustes e realiza\u00e7\u00e3o de lucros, descolado do exterior","description":"O d\u00f3lar encerrou a sess\u00e3o desta quarta em alta no mercado dom\u00e9stico de c\u00e2mbio, flertando com o patamar de R$ 4,80. Leia mais aqui","robots":{"index":"index","follow":"follow","max-snippet":"max-snippet:-1","max-image-preview":"max-image-preview:large","max-video-preview":"max-video-preview:-1"},"canonical":"https:\/\/www.suno.com.br\/noticias\/dolar-sobe-realizacao-lucros-exterior\/","og_locale":"pt_BR","og_type":"article","og_title":"D\u00f3lar sobe com ajustes e realiza\u00e7\u00e3o de lucros, descolado do exterior","og_description":"O d\u00f3lar encerrou a sess\u00e3o desta quarta em alta no mercado dom\u00e9stico de c\u00e2mbio, flertando com o patamar de R$ 4,80. Leia mais aqui","og_url":"https:\/\/www.suno.com.br\/noticias\/dolar-sobe-realizacao-lucros-exterior\/","og_site_name":"Suno Not\u00edcias","article_publisher":"https:\/\/facebook.com\/sunoresearch","article_author":"https:\/\/www.facebook.com\/sunonoticias\/","og_image":[{"width":2560,"height":1920,"url":"https:\/\/files.sunoresearch.com.br\/n\/uploads\/2022\/03\/pexels-pixabay-164661-scaled.jpg","type":"image\/jpeg"}],"author":"Reda\u00e7\u00e3o Suno Not\u00edcias","twitter_card":"summary_large_image","twitter_creator":"@https:\/\/twitter.com\/sunoresearch","twitter_site":"@sunoresearch","twitter_misc":{"Escrito por":"Reda\u00e7\u00e3o Suno Not\u00edcias","Est. tempo de leitura":"4 minutos"},"schema":{"@context":"https:\/\/schema.org","@graph":[{"@type":"NewsArticle","@id":"https:\/\/www.suno.com.br\/noticias\/dolar-sobe-realizacao-lucros-exterior\/#article","isPartOf":{"@id":"https:\/\/www.suno.com.br\/noticias\/dolar-sobe-realizacao-lucros-exterior\/"},"author":{"name":"Reda\u00e7\u00e3o Suno Not\u00edcias","@id":"https:\/\/www.suno.com.br\/noticias\/#\/schema\/person\/c1b1bd3727fa852bd045e9dbff3673ea"},"headline":"D\u00f3lar sobe com ajustes e realiza\u00e7\u00e3o de lucros, descolado do exterior","datePublished":"2022-03-30T21:27:44+00:00","mainEntityOfPage":{"@id":"https:\/\/www.suno.com.br\/noticias\/dolar-sobe-realizacao-lucros-exterior\/"},"wordCount":868,"publisher":{"@id":"https:\/\/www.suno.com.br\/noticias\/#organization"},"image":{"@id":"https:\/\/www.suno.com.br\/noticias\/dolar-sobe-realizacao-lucros-exterior\/#primaryimage"},"thumbnailUrl":"https:\/\/files.sunoresearch.com.br\/n\/uploads\/2022\/03\/pexels-pixabay-164661-scaled.jpg","keywords":["d\u00f3lar"],"articleSection":["Mercado"],"inLanguage":"pt-BR"},{"@type":"WebPage","@id":"https:\/\/www.suno.com.br\/noticias\/dolar-sobe-realizacao-lucros-exterior\/","url":"https:\/\/www.suno.com.br\/noticias\/dolar-sobe-realizacao-lucros-exterior\/","name":"D\u00f3lar sobe com ajustes e realiza\u00e7\u00e3o de lucros, descolado do exterior","isPartOf":{"@id":"https:\/\/www.suno.com.br\/noticias\/#website"},"primaryImageOfPage":{"@id":"https:\/\/www.suno.com.br\/noticias\/dolar-sobe-realizacao-lucros-exterior\/#primaryimage"},"image":{"@id":"https:\/\/www.suno.com.br\/noticias\/dolar-sobe-realizacao-lucros-exterior\/#primaryimage"},"thumbnailUrl":"https:\/\/files.sunoresearch.com.br\/n\/uploads\/2022\/03\/pexels-pixabay-164661-scaled.jpg","datePublished":"2022-03-30T21:27:44+00:00","description":"O d\u00f3lar encerrou a sess\u00e3o desta quarta em alta no mercado dom\u00e9stico de c\u00e2mbio, flertando com o patamar de R$ 4,80. Leia mais aqui","breadcrumb":{"@id":"https:\/\/www.suno.com.br\/noticias\/dolar-sobe-realizacao-lucros-exterior\/#breadcrumb"},"inLanguage":"pt-BR","potentialAction":[{"@type":"ReadAction","target":["https:\/\/www.suno.com.br\/noticias\/dolar-sobe-realizacao-lucros-exterior\/"]}]},{"@type":"ImageObject","inLanguage":"pt-BR","@id":"https:\/\/www.suno.com.br\/noticias\/dolar-sobe-realizacao-lucros-exterior\/#primaryimage","url":"https:\/\/files.sunoresearch.com.br\/n\/uploads\/2022\/03\/pexels-pixabay-164661-scaled.jpg","contentUrl":"https:\/\/files.sunoresearch.com.br\/n\/uploads\/2022\/03\/pexels-pixabay-164661-scaled.jpg","width":2560,"height":1920,"caption":"D\u00f3lar. Foto: Pexels"},{"@type":"BreadcrumbList","@id":"https:\/\/www.suno.com.br\/noticias\/dolar-sobe-realizacao-lucros-exterior\/#breadcrumb","itemListElement":[{"@type":"ListItem","position":1,"name":"Not\u00edcias","item":"https:\/\/www.suno.com.br\/noticias\/"},{"@type":"ListItem","position":2,"name":"Mercado","item":"https:\/\/www.suno.com.br\/noticias\/mercado\/"},{"@type":"ListItem","position":3,"name":"D\u00f3lar sobe com ajustes e realiza\u00e7\u00e3o de lucros, descolado do exterior"}]},{"@type":"WebSite","@id":"https:\/\/www.suno.com.br\/noticias\/#website","url":"https:\/\/www.suno.com.br\/noticias\/","name":"Suno Not\u00edcias","description":"Seu portal de informa\u00e7\u00e3o sobre o mundo dos investimentos","publisher":{"@id":"https:\/\/www.suno.com.br\/noticias\/#organization"},"potentialAction":[{"@type":"SearchAction","target":{"@type":"EntryPoint","urlTemplate":"https:\/\/www.suno.com.br\/noticias\/?s={search_term_string}"},"query-input":{"@type":"PropertyValueSpecification","valueRequired":true,"valueName":"search_term_string"}}],"inLanguage":"pt-BR"},{"@type":"Organization","@id":"https:\/\/www.suno.com.br\/noticias\/#organization","name":"Suno Not\u00edcias","url":"https:\/\/www.suno.com.br\/noticias\/","logo":{"@type":"ImageObject","inLanguage":"pt-BR","@id":"https:\/\/www.suno.com.br\/noticias\/#\/schema\/logo\/image\/","url":"https:\/\/files.sunoresearch.com.br\/n\/uploads\/2021\/09\/suno-logo.png","contentUrl":"https:\/\/files.sunoresearch.com.br\/n\/uploads\/2021\/09\/suno-logo.png","width":180,"height":180,"caption":"Suno Not\u00edcias"},"image":{"@id":"https:\/\/www.suno.com.br\/noticias\/#\/schema\/logo\/image\/"},"sameAs":["https:\/\/facebook.com\/sunoresearch","https:\/\/x.com\/sunoresearch","https:\/\/www.instagram.com\/suno","https:\/\/www.linkedin.com\/company\/suno-research\/","https:\/\/www.youtube.com\/c\/sunoresearch"]},{"@type":"Person","@id":"https:\/\/www.suno.com.br\/noticias\/#\/schema\/person\/c1b1bd3727fa852bd045e9dbff3673ea","name":"Reda\u00e7\u00e3o Suno Not\u00edcias","image":{"@type":"ImageObject","inLanguage":"pt-BR","@id":"https:\/\/www.suno.com.br\/noticias\/#\/schema\/person\/image\/","url":"https:\/\/secure.gravatar.com\/avatar\/b8104b9b5a71985d5238ee59fbe418af?s=96&r=g","contentUrl":"https:\/\/secure.gravatar.com\/avatar\/b8104b9b5a71985d5238ee59fbe418af?s=96&r=g","caption":"Reda\u00e7\u00e3o Suno Not\u00edcias"},"description":"O Suno Not\u00edcias \u00e9 um portal de informa\u00e7\u00f5es sobre Mercado Financeiro, Pol\u00edtica, Neg\u00f3cios, Economia e Finan\u00e7as Pessoais.","sameAs":["https:\/\/www.suno.com.br\/noticias","https:\/\/www.facebook.com\/sunonoticias\/","https:\/\/www.instagram.com\/sunonoticias\/","https:\/\/x.com\/https:\/\/twitter.com\/sunoresearch","https:\/\/www.youtube.com\/sunonoticias"],"url":"https:\/\/www.suno.com.br\/noticias\/author\/redacao-suno\/"}]}},"default_loop_html":"<div class=\"cardsPage__listCard__boxs\"><div class=\"cardsPage__listCard__boxs__img\"><a href=\"https:\/\/www.suno.com.br\/noticias\/dolar-sobe-realizacao-lucros-exterior\/\"><img class=\"mask\" src=\"https:\/\/www.suno.com.br\/noticias\/wp-content\/themes\/suno\/resources\/images\/spotlight\/spotlight1img\/bg-mask.png\" alt=\"Image Mask\"\/><img src=\"https:\/\/files.sunoresearch.com.br\/n\/uploads\/2022\/03\/pexels-pixabay-164661-400x200.jpg\" alt=\"D\u00f3lar sobe com ajustes e realiza\u00e7\u00e3o de lucros, descolado do exterior\"\/><\/a><span class=\"spotlightCategory\"><a href=\"https:\/\/www.suno.com.br\/noticias\/mercado\/\">Mercado<\/a><\/span><\/div><div class=\"cardsPage__listCard__boxs__content\"><a href=\"https:\/\/www.suno.com.br\/noticias\/dolar-sobe-realizacao-lucros-exterior\/\"><h2 class=\"content__title\">D\u00f3lar sobe com ajustes e realiza\u00e7\u00e3o de lucros, descolado do exterior<\/h2><\/a><div class=\"newsContent__article__meta\"><div class=\"newsContent__article__meta__authorBox\"><a href=\"https:\/\/www.suno.com.br\/noticias\/author\/redacao-suno\/\" class=\"authorBox__avatar noMobi\"><img src=\"https:\/\/files.sunoresearch.com.br\/n\/uploads\/2020\/08\/0ace682d-redacao-1-150x150.webp\" alt=\"Reda\u00e7\u00e3o Suno Not\u00edcias\"><\/a><div class=\"authorBox__name\"><span>por\n\t\t\t<a href=\"https:\/\/www.suno.com.br\/noticias\/author\/redacao-suno\/\"><span itemprop=\"author\">Reda\u00e7\u00e3o Suno Not\u00edcias<\/span><\/a><\/span><time datetime=\"2022-03-30T18:27:44-03:00\" itemprop=\"datePublished\">30\/03\/2022 18:27<\/time><\/div><\/div><\/div><\/div><\/div>","single_layout":"posts","amp_enabled":true,"_links":{"self":[{"href":"https:\/\/www.suno.com.br\/noticias\/wp-json\/wp\/v2\/posts\/246442"}],"collection":[{"href":"https:\/\/www.suno.com.br\/noticias\/wp-json\/wp\/v2\/posts"}],"about":[{"href":"https:\/\/www.suno.com.br\/noticias\/wp-json\/wp\/v2\/types\/post"}],"author":[{"embeddable":true,"href":"https:\/\/www.suno.com.br\/noticias\/wp-json\/wp\/v2\/users\/43"}],"replies":[{"embeddable":true,"href":"https:\/\/www.suno.com.br\/noticias\/wp-json\/wp\/v2\/comments?post=246442"}],"version-history":[{"count":2,"href":"https:\/\/www.suno.com.br\/noticias\/wp-json\/wp\/v2\/posts\/246442\/revisions"}],"predecessor-version":[{"id":246455,"href":"https:\/\/www.suno.com.br\/noticias\/wp-json\/wp\/v2\/posts\/246442\/revisions\/246455"}],"wp:featuredmedia":[{"embeddable":true,"href":"https:\/\/www.suno.com.br\/noticias\/wp-json\/wp\/v2\/media\/237586"}],"wp:attachment":[{"href":"https:\/\/www.suno.com.br\/noticias\/wp-json\/wp\/v2\/media?parent=246442"}],"wp:term":[{"taxonomy":"category","embeddable":true,"href":"https:\/\/www.suno.com.br\/noticias\/wp-json\/wp\/v2\/categories?post=246442"},{"taxonomy":"post_tag","embeddable":true,"href":"https:\/\/www.suno.com.br\/noticias\/wp-json\/wp\/v2\/tags?post=246442"},{"taxonomy":"suno_strategy","embeddable":true,"href":"https:\/\/www.suno.com.br\/noticias\/wp-json\/wp\/v2\/suno_strategy?post=246442"}],"curies":[{"name":"wp","href":"https:\/\/api.w.org\/{rel}","templated":true}]}}