{"id":24636,"date":"2019-05-15T11:44:19","date_gmt":"2019-05-15T14:44:19","guid":{"rendered":"https:\/\/www.suno.com.br\/noticias\/?p=24636"},"modified":"2019-05-15T11:44:19","modified_gmt":"2019-05-15T14:44:19","slug":"eike-batista-sergio-cabral-bloqueados","status":"publish","type":"post","link":"https:\/\/www.suno.com.br\/noticias\/eike-batista-sergio-cabral-bloqueados\/","title":{"rendered":"Eike Batista e S\u00e9rgio Cabral t\u00eam bens bloqueados pela Justi\u00e7a do RJ"},"content":{"rendered":"<p>A Justi\u00e7a do Rio de Janeiro determinou o bloqueio imediato de R$ 195 milh\u00f5es do ex-governador S\u00e9rgio Cabral, ex-primeira-dama Adriana Ancelmo e do Grupo EBC, que pertence ao empres\u00e1rio Eike Batista.<\/p>\t<div class=\"wrapper-featured-image\">\n\t\t<figure class=\"spotlightImg\">\n\n\t\t\t<picture>\n\t\t\t\t<source media=\"(max-width: 768px)\" srcset=\"https:\/\/files.sunoresearch.com.br\/n\/uploads\/2019\/05\/59c41949-eike-batista-400x200.webp\">\n\t\t\t\t<img loading=\"lazy\" decoding=\"async\" class=\"newsContent__article__imgCapa lazyloadDisabled newsContent__article__imgCapa--noCaption\" src=\"https:\/\/files.sunoresearch.com.br\/n\/uploads\/2019\/05\/59c41949-eike-batista-800x450.webp\" width=\"800\" height=\"450\" alt=\"Eike Batista e S\u00e9rgio Cabral t\u00eam bens bloqueados pela Justi\u00e7a do RJ\" fetchpriority=high \/>\n\t\t\t<\/picture>\n\n\t\t\t<figcaption class=\"wp-caption-text wp-caption-text--hide\">Eike Batista<\/figcaption>\n\t\t<\/figure>\n\t<\/div>\n\n\n<p>De acordo com a <strong>Procuradoria<\/strong> <strong>Geral<\/strong> <strong>do<\/strong> <strong>Estado<\/strong> <strong>(PGE)<\/strong>, a liminar expedida tem por objetivo evitar que <strong>S\u00e9rgio<\/strong> <strong>Cabral<\/strong>, <strong>Eike<\/strong> <strong>Batista<\/strong> e os demais r\u00e9us envolvidos se desfa\u00e7am dos bens e garantir que a devolu\u00e7\u00e3o de recursos seja feita ao cofres p\u00fablicos.<\/p>\n\t<p>\n\t\t<a href=\"https:\/\/lp.statusinvest.com.br\/ao\/assessoria-status-invest\/\" target=\"_blank\" data-element=\"shortcode-suno-banner\" title=\"Banner SUNO, clique e saiba mais\">\n\t\t\t<picture>\n\t\t\t\t<source media=\"(max-width: 500px)\" srcset=\"https:\/\/files.sunoresearch.com.br\/n\/uploads\/2024\/03\/400x300-Mobile.png\">\n\t\t\t\t<img class=\"newsContent__article__imgCapa newsContent__article__imgCapa--banner\"\n\t\t\t\t\tsrc=\"https:\/\/files.sunoresearch.com.br\/n\/uploads\/2024\/03\/1420x240-Desktop.png\"\n\t\t\t\t\tdata-promo-id=\"537248\"\t\t\t\t\t\t\t\t\t\twidth='1400' height='240'\t\t\t\t\talt=\"https:\/\/files.sunoresearch.com.br\/n\/uploads\/2024\/03\/1420x240-Desktop.png\"\n\t\t\t\t>\n\t\t\t<\/picture>\n\t\t<\/a>\n\t<\/p>\n\n\n<p>A decis\u00e3o foi deferida pela ju\u00edza Aline Maria Gomes Massoni da Costa, da 4\u00aa Vara de Fazenda P\u00fablica Estadual, no \u00faltimo domingo (12), para a Procuradoria Geral do Estado (PGE-RJ), que entrou com a a\u00e7\u00e3o de improbidade administrativa.<\/p>\n<p>Dessa forma, a ju\u00edza bloqueou os bens da seguinte forma:<\/p>\n<p>De S\u00e9rgio Cabral, Eike Batista, Flavio Godinho, Wilson Carlos e a <strong>Centennial<\/strong> <strong>Asset<\/strong> <strong>Mining<\/strong> <strong>Fund<\/strong> <strong>Llc Holding<\/strong> foram bloqueados R$ 192.640.318,20. O valor est\u00e1 relacionado ao pagamento de US$ 16,5 milh\u00f5es entre 2011 e 2013 \u00e0 uma conta no Uruguai por contrato falso de intermedia\u00e7\u00e3o na aquisi\u00e7\u00e3o de uma mina entre a Centennial, do <strong>Grupo<\/strong> <strong>X<\/strong>, e a Arcadia, uma offshore de fachada de Cabral.<\/p>\n<p>Outros 3 milh\u00f5es foram bloqueados de S\u00e9rgio Cabral, Adriana Ancelmo, Eike Batista, Fl\u00e1vio Godinho e <strong>EBX<\/strong> <strong>Holding<\/strong> <strong>LTDA<\/strong>. No entanto, o bloqueio se deve por conta de contratos falsos entre o grupo de Eike e o escrit\u00f3rio de advocacia de Adriana Ancelmo, no valor de R$ 1 milh\u00e3o.<\/p>\n<p>Conforme foi apurado pelo <strong>Minist\u00e9rio<\/strong> <strong>P\u00fablico<\/strong> <strong>Federal<\/strong>, na Opera\u00e7\u00e3o <strong>Lava<\/strong> <strong>Jato<\/strong> e tamb\u00e9m entendido pela <strong>PGE<\/strong>, o montante bloqueado corresponde ao triplo do valor que teria sido pago em dois esquemas de corrup\u00e7\u00e3o.<\/p>\n<p><a href=\"https:\/\/www.suno.com.br\/noticias\/vale-crime-omissao-cpi-deputados-camara\/\">Saiba mais:\u00a0Para CPI da C\u00e2mara n\u00e3o h\u00e1 duvida do \u201ccrime de omiss\u00e3o\u201d da Vale<\/a><\/p>\n<h2>Defesa dos envolvidos<\/h2>\n<p>De acordo com a defesa do ex-governador, <strong>S\u00e9rgio<\/strong> <strong>Cabral<\/strong>, a defesa est\u00e1 &#8220;\u00e0 disposi\u00e7\u00e3o das autoridades para esclarecer qualquer assunto relacionado ao seu governo, como reparar eventuais danos&#8221;.<\/p>\n<p>Por meio de nota, o advogado Fernando Martins, que defende Eike, afirmou que &#8220;a referida a\u00e7\u00e3o de improbidade \u00e9 mais uma aberra\u00e7\u00e3o jur\u00eddica sofrida por <strong>Eike<\/strong> <strong>Batista<\/strong>, especialmente porque tem origem em fatos que comprovadamente n\u00e3o existiram e que com certeza ser\u00e3o sepultados no julgamento de segunda inst\u00e2ncia&#8221;.<\/p>\n\t<p>\n\t\t<a href=\"https:\/\/lp2.suno.com.br\/onde-investir-2026?utm_campaign=_SNC094D2575_rs.ein26&#038;utm_source=suno.com.br&#038;utm_medium=banner.noticias\" target=\"_blank\" data-element=\"shortcode-suno-banner\" title=\"Banner SUNO, clique e saiba mais\">\n\t\t\t<picture>\n\t\t\t\t<source media=\"(max-width: 500px)\" srcset=\"https:\/\/files.sunoresearch.com.br\/n\/uploads\/2026\/01\/Banner-Materias-01-Mbl_-400x300-1-png.webp\">\n\t\t\t\t<img class=\"newsContent__article__imgCapa newsContent__article__imgCapa--banner\"\n\t\t\t\t\tsrc=\"https:\/\/files.sunoresearch.com.br\/n\/uploads\/2026\/01\/Banner-Materias-01-Dkp_-1420x240-1-png.webp\"\n\t\t\t\t\tdata-promo-id=\"638391\"\t\t\t\t\t\t\t\t\t\twidth='1420' height='240'\t\t\t\t\talt=\"https:\/\/files.sunoresearch.com.br\/n\/uploads\/2026\/01\/Banner-Materias-01-Dkp_-1420x240-1-png.webp\"\n\t\t\t\t>\n\t\t\t<\/picture>\n\t\t<\/a>\n\t<\/p>\n\n\n","protected":false},"excerpt":{"rendered":"<p>A Justi\u00e7a do Rio de Janeiro determinou o bloqueio imediato de R$ 195 milh\u00f5es do ex-governador S\u00e9rgio Cabral, ex-primeira-dama Adriana Ancelmo e do Grupo EBC, que pertence ao empres\u00e1rio Eike Batista. Eike Batista De acordo com a Procuradoria Geral do Estado (PGE), a liminar expedida tem por objetivo evitar que S\u00e9rgio Cabral, Eike Batista e [&hellip;]<\/p>\n","protected":false},"author":11,"featured_media":24642,"comment_status":"closed","ping_status":"closed","sticky":false,"template":"","format":"standard","meta":[],"categories":[61],"tags":[],"suno_strategy":[],"class_list":["post-24636","post","type-post","status-publish","format-standard","has-post-thumbnail","hentry","category-politica"],"yoast_head":"<!-- This site is optimized with the Yoast SEO plugin v24.4 - https:\/\/yoast.com\/wordpress\/plugins\/seo\/ -->\n<title>Eike Batista e S\u00e9rgio Cabral t\u00eam bens bloqueados pela Justi\u00e7a do RJ<\/title>\n<meta name=\"description\" content=\"Bleoqueio feito a Eike Batista e demais r\u00e9us tem por objetivo evitar que eles de desfa\u00e7am de seus bens. Clique para saber mais.\" \/>\n<meta name=\"robots\" content=\"index, follow, max-snippet:-1, max-image-preview:large, max-video-preview:-1\" \/>\n<link rel=\"canonical\" href=\"https:\/\/www.suno.com.br\/noticias\/eike-batista-sergio-cabral-bloqueados\/\" \/>\n<meta property=\"og:locale\" content=\"pt_BR\" \/>\n<meta property=\"og:type\" content=\"article\" \/>\n<meta property=\"og:title\" content=\"Eike Batista e S\u00e9rgio Cabral t\u00eam bens bloqueados pela Justi\u00e7a do RJ\" \/>\n<meta property=\"og:description\" content=\"Bleoqueio feito a Eike Batista e demais r\u00e9us tem por objetivo evitar que eles de desfa\u00e7am de seus bens. Clique para saber mais.\" \/>\n<meta property=\"og:url\" content=\"https:\/\/www.suno.com.br\/noticias\/eike-batista-sergio-cabral-bloqueados\/\" \/>\n<meta property=\"og:site_name\" content=\"Suno Not\u00edcias\" \/>\n<meta property=\"article:publisher\" content=\"https:\/\/facebook.com\/sunoresearch\" \/>\n<meta property=\"og:image\" content=\"https:\/\/files.sunoresearch.com.br\/n\/uploads\/2019\/05\/59c41949-eike-batista.jpg\" \/>\n\t<meta property=\"og:image:width\" content=\"2648\" \/>\n\t<meta property=\"og:image:height\" content=\"1772\" \/>\n\t<meta property=\"og:image:type\" content=\"image\/jpeg\" \/>\n<meta name=\"author\" content=\"Renan Bandeira\" \/>\n<meta name=\"twitter:card\" content=\"summary_large_image\" \/>\n<meta name=\"twitter:creator\" content=\"@sunoresearch\" \/>\n<meta name=\"twitter:site\" content=\"@sunoresearch\" \/>\n<meta name=\"twitter:label1\" content=\"Escrito por\" \/>\n\t<meta name=\"twitter:data1\" content=\"Renan Bandeira\" \/>\n\t<meta name=\"twitter:label2\" content=\"Est. tempo de leitura\" \/>\n\t<meta name=\"twitter:data2\" content=\"2 minutos\" \/>\n<script type=\"application\/ld+json\" class=\"yoast-schema-graph\">{\"@context\":\"https:\/\/schema.org\",\"@graph\":[{\"@type\":\"NewsArticle\",\"@id\":\"https:\/\/www.suno.com.br\/noticias\/eike-batista-sergio-cabral-bloqueados\/#article\",\"isPartOf\":{\"@id\":\"https:\/\/www.suno.com.br\/noticias\/eike-batista-sergio-cabral-bloqueados\/\"},\"author\":{\"name\":\"Renan Bandeira\",\"@id\":\"https:\/\/www.suno.com.br\/noticias\/#\/schema\/person\/fc144a1c6108bd1dcd43784e88a3c138\"},\"headline\":\"Eike Batista e S\u00e9rgio Cabral t\u00eam bens bloqueados pela Justi\u00e7a do RJ\",\"datePublished\":\"2019-05-15T14:44:19+00:00\",\"mainEntityOfPage\":{\"@id\":\"https:\/\/www.suno.com.br\/noticias\/eike-batista-sergio-cabral-bloqueados\/\"},\"wordCount\":409,\"publisher\":{\"@id\":\"https:\/\/www.suno.com.br\/noticias\/#organization\"},\"image\":{\"@id\":\"https:\/\/www.suno.com.br\/noticias\/eike-batista-sergio-cabral-bloqueados\/#primaryimage\"},\"thumbnailUrl\":\"https:\/\/files.sunoresearch.com.br\/n\/uploads\/2019\/05\/59c41949-eike-batista-scaled.webp\",\"articleSection\":[\"Pol\u00edtica\"],\"inLanguage\":\"pt-BR\"},{\"@type\":\"WebPage\",\"@id\":\"https:\/\/www.suno.com.br\/noticias\/eike-batista-sergio-cabral-bloqueados\/\",\"url\":\"https:\/\/www.suno.com.br\/noticias\/eike-batista-sergio-cabral-bloqueados\/\",\"name\":\"Eike Batista e S\u00e9rgio Cabral t\u00eam bens bloqueados pela Justi\u00e7a do RJ\",\"isPartOf\":{\"@id\":\"https:\/\/www.suno.com.br\/noticias\/#website\"},\"primaryImageOfPage\":{\"@id\":\"https:\/\/www.suno.com.br\/noticias\/eike-batista-sergio-cabral-bloqueados\/#primaryimage\"},\"image\":{\"@id\":\"https:\/\/www.suno.com.br\/noticias\/eike-batista-sergio-cabral-bloqueados\/#primaryimage\"},\"thumbnailUrl\":\"https:\/\/files.sunoresearch.com.br\/n\/uploads\/2019\/05\/59c41949-eike-batista-scaled.webp\",\"datePublished\":\"2019-05-15T14:44:19+00:00\",\"description\":\"Bleoqueio feito a Eike Batista e demais r\u00e9us tem por objetivo evitar que eles de desfa\u00e7am de seus bens. Clique para saber mais.\",\"breadcrumb\":{\"@id\":\"https:\/\/www.suno.com.br\/noticias\/eike-batista-sergio-cabral-bloqueados\/#breadcrumb\"},\"inLanguage\":\"pt-BR\",\"potentialAction\":[{\"@type\":\"ReadAction\",\"target\":[\"https:\/\/www.suno.com.br\/noticias\/eike-batista-sergio-cabral-bloqueados\/\"]}]},{\"@type\":\"ImageObject\",\"inLanguage\":\"pt-BR\",\"@id\":\"https:\/\/www.suno.com.br\/noticias\/eike-batista-sergio-cabral-bloqueados\/#primaryimage\",\"url\":\"https:\/\/files.sunoresearch.com.br\/n\/uploads\/2019\/05\/59c41949-eike-batista-scaled.webp\",\"contentUrl\":\"https:\/\/files.sunoresearch.com.br\/n\/uploads\/2019\/05\/59c41949-eike-batista-scaled.webp\",\"width\":2560,\"height\":1713,\"caption\":\"Eike Batista\"},{\"@type\":\"BreadcrumbList\",\"@id\":\"https:\/\/www.suno.com.br\/noticias\/eike-batista-sergio-cabral-bloqueados\/#breadcrumb\",\"itemListElement\":[{\"@type\":\"ListItem\",\"position\":1,\"name\":\"Not\u00edcias\",\"item\":\"https:\/\/www.suno.com.br\/noticias\/\"},{\"@type\":\"ListItem\",\"position\":2,\"name\":\"Pol\u00edtica\",\"item\":\"https:\/\/www.suno.com.br\/noticias\/politica\/\"},{\"@type\":\"ListItem\",\"position\":3,\"name\":\"Eike Batista e S\u00e9rgio Cabral t\u00eam bens bloqueados pela Justi\u00e7a do RJ\"}]},{\"@type\":\"WebSite\",\"@id\":\"https:\/\/www.suno.com.br\/noticias\/#website\",\"url\":\"https:\/\/www.suno.com.br\/noticias\/\",\"name\":\"Suno Not\u00edcias\",\"description\":\"Seu portal de informa\u00e7\u00e3o sobre o mundo dos investimentos\",\"publisher\":{\"@id\":\"https:\/\/www.suno.com.br\/noticias\/#organization\"},\"potentialAction\":[{\"@type\":\"SearchAction\",\"target\":{\"@type\":\"EntryPoint\",\"urlTemplate\":\"https:\/\/www.suno.com.br\/noticias\/?s={search_term_string}\"},\"query-input\":{\"@type\":\"PropertyValueSpecification\",\"valueRequired\":true,\"valueName\":\"search_term_string\"}}],\"inLanguage\":\"pt-BR\"},{\"@type\":\"Organization\",\"@id\":\"https:\/\/www.suno.com.br\/noticias\/#organization\",\"name\":\"Suno Not\u00edcias\",\"url\":\"https:\/\/www.suno.com.br\/noticias\/\",\"logo\":{\"@type\":\"ImageObject\",\"inLanguage\":\"pt-BR\",\"@id\":\"https:\/\/www.suno.com.br\/noticias\/#\/schema\/logo\/image\/\",\"url\":\"https:\/\/files.sunoresearch.com.br\/n\/uploads\/2021\/09\/suno-logo.png\",\"contentUrl\":\"https:\/\/files.sunoresearch.com.br\/n\/uploads\/2021\/09\/suno-logo.png\",\"width\":180,\"height\":180,\"caption\":\"Suno Not\u00edcias\"},\"image\":{\"@id\":\"https:\/\/www.suno.com.br\/noticias\/#\/schema\/logo\/image\/\"},\"sameAs\":[\"https:\/\/facebook.com\/sunoresearch\",\"https:\/\/x.com\/sunoresearch\",\"https:\/\/www.instagram.com\/suno\",\"https:\/\/www.linkedin.com\/company\/suno-research\/\",\"https:\/\/www.youtube.com\/c\/sunoresearch\"]},{\"@type\":\"Person\",\"@id\":\"https:\/\/www.suno.com.br\/noticias\/#\/schema\/person\/fc144a1c6108bd1dcd43784e88a3c138\",\"name\":\"Renan Bandeira\",\"image\":{\"@type\":\"ImageObject\",\"inLanguage\":\"pt-BR\",\"@id\":\"https:\/\/www.suno.com.br\/noticias\/#\/schema\/person\/image\/\",\"url\":\"https:\/\/secure.gravatar.com\/avatar\/68359cdb608f14f11bbefcb78f3fc747?s=96&r=g\",\"contentUrl\":\"https:\/\/secure.gravatar.com\/avatar\/68359cdb608f14f11bbefcb78f3fc747?s=96&r=g\",\"caption\":\"Renan Bandeira\"},\"description\":\"Renan Bandeira escreve sobre pol\u00edtica e economia para o portal da Suno Research. Antes da Suno, trabalhou em uma rede de televis\u00e3o, onde fazia reportagens sobre os mesmos temas. Estuda na Universidade Metodista de S\u00e3o Paulo.\",\"url\":\"https:\/\/www.suno.com.br\/noticias\/author\/renan-bandeira\/\"}]}<\/script>\n<!-- \/ Yoast SEO plugin. -->","yoast_head_json":{"title":"Eike Batista e S\u00e9rgio Cabral t\u00eam bens bloqueados pela Justi\u00e7a do RJ","description":"Bleoqueio feito a Eike Batista e demais r\u00e9us tem por objetivo evitar que eles de desfa\u00e7am de seus bens. Clique para saber mais.","robots":{"index":"index","follow":"follow","max-snippet":"max-snippet:-1","max-image-preview":"max-image-preview:large","max-video-preview":"max-video-preview:-1"},"canonical":"https:\/\/www.suno.com.br\/noticias\/eike-batista-sergio-cabral-bloqueados\/","og_locale":"pt_BR","og_type":"article","og_title":"Eike Batista e S\u00e9rgio Cabral t\u00eam bens bloqueados pela Justi\u00e7a do RJ","og_description":"Bleoqueio feito a Eike Batista e demais r\u00e9us tem por objetivo evitar que eles de desfa\u00e7am de seus bens. Clique para saber mais.","og_url":"https:\/\/www.suno.com.br\/noticias\/eike-batista-sergio-cabral-bloqueados\/","og_site_name":"Suno Not\u00edcias","article_publisher":"https:\/\/facebook.com\/sunoresearch","og_image":[{"width":2648,"height":1772,"url":"https:\/\/files.sunoresearch.com.br\/n\/uploads\/2019\/05\/59c41949-eike-batista.jpg","type":"image\/jpeg"}],"author":"Renan Bandeira","twitter_card":"summary_large_image","twitter_creator":"@sunoresearch","twitter_site":"@sunoresearch","twitter_misc":{"Escrito por":"Renan Bandeira","Est. tempo de leitura":"2 minutos"},"schema":{"@context":"https:\/\/schema.org","@graph":[{"@type":"NewsArticle","@id":"https:\/\/www.suno.com.br\/noticias\/eike-batista-sergio-cabral-bloqueados\/#article","isPartOf":{"@id":"https:\/\/www.suno.com.br\/noticias\/eike-batista-sergio-cabral-bloqueados\/"},"author":{"name":"Renan Bandeira","@id":"https:\/\/www.suno.com.br\/noticias\/#\/schema\/person\/fc144a1c6108bd1dcd43784e88a3c138"},"headline":"Eike Batista e S\u00e9rgio Cabral t\u00eam bens bloqueados pela Justi\u00e7a do RJ","datePublished":"2019-05-15T14:44:19+00:00","mainEntityOfPage":{"@id":"https:\/\/www.suno.com.br\/noticias\/eike-batista-sergio-cabral-bloqueados\/"},"wordCount":409,"publisher":{"@id":"https:\/\/www.suno.com.br\/noticias\/#organization"},"image":{"@id":"https:\/\/www.suno.com.br\/noticias\/eike-batista-sergio-cabral-bloqueados\/#primaryimage"},"thumbnailUrl":"https:\/\/files.sunoresearch.com.br\/n\/uploads\/2019\/05\/59c41949-eike-batista-scaled.webp","articleSection":["Pol\u00edtica"],"inLanguage":"pt-BR"},{"@type":"WebPage","@id":"https:\/\/www.suno.com.br\/noticias\/eike-batista-sergio-cabral-bloqueados\/","url":"https:\/\/www.suno.com.br\/noticias\/eike-batista-sergio-cabral-bloqueados\/","name":"Eike Batista e S\u00e9rgio Cabral t\u00eam bens bloqueados pela Justi\u00e7a do RJ","isPartOf":{"@id":"https:\/\/www.suno.com.br\/noticias\/#website"},"primaryImageOfPage":{"@id":"https:\/\/www.suno.com.br\/noticias\/eike-batista-sergio-cabral-bloqueados\/#primaryimage"},"image":{"@id":"https:\/\/www.suno.com.br\/noticias\/eike-batista-sergio-cabral-bloqueados\/#primaryimage"},"thumbnailUrl":"https:\/\/files.sunoresearch.com.br\/n\/uploads\/2019\/05\/59c41949-eike-batista-scaled.webp","datePublished":"2019-05-15T14:44:19+00:00","description":"Bleoqueio feito a Eike Batista e demais r\u00e9us tem por objetivo evitar que eles de desfa\u00e7am de seus bens. Clique para saber mais.","breadcrumb":{"@id":"https:\/\/www.suno.com.br\/noticias\/eike-batista-sergio-cabral-bloqueados\/#breadcrumb"},"inLanguage":"pt-BR","potentialAction":[{"@type":"ReadAction","target":["https:\/\/www.suno.com.br\/noticias\/eike-batista-sergio-cabral-bloqueados\/"]}]},{"@type":"ImageObject","inLanguage":"pt-BR","@id":"https:\/\/www.suno.com.br\/noticias\/eike-batista-sergio-cabral-bloqueados\/#primaryimage","url":"https:\/\/files.sunoresearch.com.br\/n\/uploads\/2019\/05\/59c41949-eike-batista-scaled.webp","contentUrl":"https:\/\/files.sunoresearch.com.br\/n\/uploads\/2019\/05\/59c41949-eike-batista-scaled.webp","width":2560,"height":1713,"caption":"Eike Batista"},{"@type":"BreadcrumbList","@id":"https:\/\/www.suno.com.br\/noticias\/eike-batista-sergio-cabral-bloqueados\/#breadcrumb","itemListElement":[{"@type":"ListItem","position":1,"name":"Not\u00edcias","item":"https:\/\/www.suno.com.br\/noticias\/"},{"@type":"ListItem","position":2,"name":"Pol\u00edtica","item":"https:\/\/www.suno.com.br\/noticias\/politica\/"},{"@type":"ListItem","position":3,"name":"Eike Batista e S\u00e9rgio Cabral t\u00eam bens bloqueados pela Justi\u00e7a do RJ"}]},{"@type":"WebSite","@id":"https:\/\/www.suno.com.br\/noticias\/#website","url":"https:\/\/www.suno.com.br\/noticias\/","name":"Suno Not\u00edcias","description":"Seu portal de informa\u00e7\u00e3o sobre o mundo dos investimentos","publisher":{"@id":"https:\/\/www.suno.com.br\/noticias\/#organization"},"potentialAction":[{"@type":"SearchAction","target":{"@type":"EntryPoint","urlTemplate":"https:\/\/www.suno.com.br\/noticias\/?s={search_term_string}"},"query-input":{"@type":"PropertyValueSpecification","valueRequired":true,"valueName":"search_term_string"}}],"inLanguage":"pt-BR"},{"@type":"Organization","@id":"https:\/\/www.suno.com.br\/noticias\/#organization","name":"Suno Not\u00edcias","url":"https:\/\/www.suno.com.br\/noticias\/","logo":{"@type":"ImageObject","inLanguage":"pt-BR","@id":"https:\/\/www.suno.com.br\/noticias\/#\/schema\/logo\/image\/","url":"https:\/\/files.sunoresearch.com.br\/n\/uploads\/2021\/09\/suno-logo.png","contentUrl":"https:\/\/files.sunoresearch.com.br\/n\/uploads\/2021\/09\/suno-logo.png","width":180,"height":180,"caption":"Suno Not\u00edcias"},"image":{"@id":"https:\/\/www.suno.com.br\/noticias\/#\/schema\/logo\/image\/"},"sameAs":["https:\/\/facebook.com\/sunoresearch","https:\/\/x.com\/sunoresearch","https:\/\/www.instagram.com\/suno","https:\/\/www.linkedin.com\/company\/suno-research\/","https:\/\/www.youtube.com\/c\/sunoresearch"]},{"@type":"Person","@id":"https:\/\/www.suno.com.br\/noticias\/#\/schema\/person\/fc144a1c6108bd1dcd43784e88a3c138","name":"Renan Bandeira","image":{"@type":"ImageObject","inLanguage":"pt-BR","@id":"https:\/\/www.suno.com.br\/noticias\/#\/schema\/person\/image\/","url":"https:\/\/secure.gravatar.com\/avatar\/68359cdb608f14f11bbefcb78f3fc747?s=96&r=g","contentUrl":"https:\/\/secure.gravatar.com\/avatar\/68359cdb608f14f11bbefcb78f3fc747?s=96&r=g","caption":"Renan Bandeira"},"description":"Renan Bandeira escreve sobre pol\u00edtica e economia para o portal da Suno Research. Antes da Suno, trabalhou em uma rede de televis\u00e3o, onde fazia reportagens sobre os mesmos temas. Estuda na Universidade Metodista de S\u00e3o Paulo.","url":"https:\/\/www.suno.com.br\/noticias\/author\/renan-bandeira\/"}]}},"default_loop_html":"<div class=\"cardsPage__listCard__boxs\"><div class=\"cardsPage__listCard__boxs__img\"><a href=\"https:\/\/www.suno.com.br\/noticias\/eike-batista-sergio-cabral-bloqueados\/\"><img class=\"mask\" src=\"https:\/\/www.suno.com.br\/noticias\/wp-content\/themes\/suno\/resources\/images\/spotlight\/spotlight1img\/bg-mask.png\" alt=\"Image Mask\"\/><img src=\"https:\/\/files.sunoresearch.com.br\/n\/uploads\/2019\/05\/59c41949-eike-batista-400x200.webp\" alt=\"Eike Batista e S\u00e9rgio Cabral t\u00eam bens bloqueados pela Justi\u00e7a do RJ\"\/><\/a><span class=\"spotlightCategory\"><a href=\"https:\/\/www.suno.com.br\/noticias\/politica\/\">Pol\u00edtica<\/a><\/span><\/div><div class=\"cardsPage__listCard__boxs__content\"><a href=\"https:\/\/www.suno.com.br\/noticias\/eike-batista-sergio-cabral-bloqueados\/\"><h2 class=\"content__title\">Eike Batista e S\u00e9rgio Cabral t\u00eam bens bloqueados pela Justi\u00e7a do RJ<\/h2><\/a><div class=\"newsContent__article__meta\"><div class=\"newsContent__article__meta__authorBox\"><a href=\"https:\/\/www.suno.com.br\/noticias\/author\/renan-bandeira\/\" class=\"authorBox__avatar noMobi\"><img src=\"https:\/\/secure.gravatar.com\/avatar\/68359cdb608f14f11bbefcb78f3fc747?s=96&#038;r=g\" alt=\"Renan Bandeira\"><\/a><div class=\"authorBox__name\"><span>por\n\t\t\t<a href=\"https:\/\/www.suno.com.br\/noticias\/author\/renan-bandeira\/\"><span itemprop=\"author\">Renan Bandeira<\/span><\/a><\/span><time datetime=\"2019-05-15T11:44:19-03:00\" itemprop=\"datePublished\">15\/05\/2019 11:44<\/time><\/div><\/div><\/div><\/div><\/div>","single_layout":"posts","amp_enabled":true,"_links":{"self":[{"href":"https:\/\/www.suno.com.br\/noticias\/wp-json\/wp\/v2\/posts\/24636"}],"collection":[{"href":"https:\/\/www.suno.com.br\/noticias\/wp-json\/wp\/v2\/posts"}],"about":[{"href":"https:\/\/www.suno.com.br\/noticias\/wp-json\/wp\/v2\/types\/post"}],"author":[{"embeddable":true,"href":"https:\/\/www.suno.com.br\/noticias\/wp-json\/wp\/v2\/users\/11"}],"replies":[{"embeddable":true,"href":"https:\/\/www.suno.com.br\/noticias\/wp-json\/wp\/v2\/comments?post=24636"}],"version-history":[{"count":0,"href":"https:\/\/www.suno.com.br\/noticias\/wp-json\/wp\/v2\/posts\/24636\/revisions"}],"wp:featuredmedia":[{"embeddable":true,"href":"https:\/\/www.suno.com.br\/noticias\/wp-json\/wp\/v2\/media\/24642"}],"wp:attachment":[{"href":"https:\/\/www.suno.com.br\/noticias\/wp-json\/wp\/v2\/media?parent=24636"}],"wp:term":[{"taxonomy":"category","embeddable":true,"href":"https:\/\/www.suno.com.br\/noticias\/wp-json\/wp\/v2\/categories?post=24636"},{"taxonomy":"post_tag","embeddable":true,"href":"https:\/\/www.suno.com.br\/noticias\/wp-json\/wp\/v2\/tags?post=24636"},{"taxonomy":"suno_strategy","embeddable":true,"href":"https:\/\/www.suno.com.br\/noticias\/wp-json\/wp\/v2\/suno_strategy?post=24636"}],"curies":[{"name":"wp","href":"https:\/\/api.w.org\/{rel}","templated":true}]}}