{"id":246252,"date":"2022-03-30T09:51:03","date_gmt":"2022-03-30T12:51:03","guid":{"rendered":"https:\/\/www.suno.com.br\/noticias\/?p=246252"},"modified":"2022-03-30T09:51:03","modified_gmt":"2022-03-30T12:51:03","slug":"inflacao-igpm-desacelera-marco-apos-alta-fevereiro-fgv","status":"publish","type":"post","link":"https:\/\/www.suno.com.br\/noticias\/inflacao-igpm-desacelera-marco-apos-alta-fevereiro-fgv\/","title":{"rendered":"Infla\u00e7\u00e3o: IGP-M desacelera a 1,74% em mar\u00e7o, ap\u00f3s 1,83% em fevereiro, afirma FGV"},"content":{"rendered":"<p>O \u00cdndice Geral de Pre\u00e7os &#8211; Mercado, o IGP-M, arrefeceu a 1,74% em mar\u00e7o, ap\u00f3s alta de 1,83% em fevereiro, informou nesta quarta-feira a Funda\u00e7\u00e3o Getulio Vargas (FGV). O resultado da <strong>infla\u00e7\u00e3o<\/strong> ficou acima do teto da pesquisa <i>Proje\u00e7\u00f5es Broadcast<\/i>, de 1,70%. A mediana era de 1,32% e o piso, de 0,52%.<\/p>\t<div class=\"wrapper-featured-image\">\n\t\t<figure class=\"spotlightImg\">\n\n\t\t\t<picture>\n\t\t\t\t<source media=\"(max-width: 768px)\" srcset=\"https:\/\/files.sunoresearch.com.br\/n\/uploads\/2022\/03\/pexels-anna-shvets-3962294-400x200.jpg\">\n\t\t\t\t<img loading=\"lazy\" decoding=\"async\" class=\"newsContent__article__imgCapa lazyloadDisabled \" src=\"https:\/\/files.sunoresearch.com.br\/n\/uploads\/2022\/03\/pexels-anna-shvets-3962294-800x450.jpg\" width=\"800\" height=\"450\" alt=\"Infla\u00e7\u00e3o: IGP-M desacelera a 1,74% em mar\u00e7o, ap\u00f3s 1,83% em fevereiro, afirma FGV\" fetchpriority=high \/>\n\t\t\t<\/picture>\n\n\t\t\t<figcaption class=\"wp-caption-text wp-caption-text--show\">Infla\u00e7\u00e3o: IGP-M registra defla\u00e7\u00e3o em setembro. Foto: Pexels.<\/figcaption>\n\t\t<\/figure>\n\t<\/div>\n\n\n\t<p>\n\t\t<a href=\"\" target=\"_blank\" data-element=\"shortcode-suno-banner\" title=\"Banner SUNO, clique e saiba mais\">\n\t\t\t<picture>\n\t\t\t\t<source media=\"(max-width: 500px)\" srcset=\"\">\n\t\t\t\t<img class=\"newsContent__article__imgCapa newsContent__article__imgCapa--banner\"\n\t\t\t\t\tsrc=\"\"\n\t\t\t\t\tdata-promo-id=\"240038\"\t\t\t\t\t\t\t\t\t\t\t\t\t\t\talt=\"\"\n\t\t\t\t>\n\t\t\t<\/picture>\n\t\t<\/a>\n\t<\/p>\n\n\n<p>A <strong>infla\u00e7\u00e3o em mar\u00e7o<\/strong>, acumulada nos \u00faltimos 12 meses, pelo IGP-M, desacelerou de 16,12% para 14,77%, acima da mediana do levantamento, de 14,25% (proje\u00e7\u00f5es de 13,39% a 15,33%). No ano de 2022, o indicador acumula alta de 5,49%.<\/p>\n<p>A desacelera\u00e7\u00e3o do <strong>IGP-M<\/strong> de mar\u00e7o foi puxada pelo \u00cdndice de Pre\u00e7os ao Produtor Amplo (IPA-M), que subiu 2,07%, ante 2,36% em fevereiro. O \u00edndice de pre\u00e7os no atacado acumula varia\u00e7\u00e3o de 16,55% em 12 meses.<\/p>\n<p>O \u00cdndice de Pre\u00e7os ao Consumidor (IPC-M), por outro lado, acelerou de 0,33% para 0,86% na margem, com <a class=\"suno-keyword\" href=\"https:\/\/www.suno.com.br\/artigos\/inflacao-acumulada\/\" target=\"_blank\" rel=\"noopener\" data-force=\"no\" data-priority=\"1\">infla\u00e7\u00e3o acumulada<\/a> de 9,19% em 12 meses. O \u00cdndice Nacional de Custo da Constru\u00e7\u00e3o (INCC-M) tamb\u00e9m avan\u00e7ou na margem, de 0,48% para 0,73%, conforme j\u00e1 divulgado pela FGV. O indicador acumula alta de 11,63% em 12 meses.<\/p>\n<p>Sete das oito classes de despesa componentes do IPC-M registraram avan\u00e7o em mar\u00e7o. A principal contribui\u00e7\u00e3o foi de Transportes (0,26% para 1,15%), com destaque para gasolina (-0,89% para 1,36%).<\/p>\n\t<p>\n\t\t<a href=\"https:\/\/lp.suno.com.br\/planilha-controle-gastos\/\" target=\"_blank\" data-element=\"shortcode-suno-banner\" title=\"Banner SUNO, clique e saiba mais\">\n\t\t\t<picture>\n\t\t\t\t<source media=\"(max-width: 500px)\" srcset=\"https:\/\/files.sunoresearch.com.br\/n\/uploads\/2023\/03\/400x300-Planilha-controle-de-gastos.png\">\n\t\t\t\t<img class=\"newsContent__article__imgCapa newsContent__article__imgCapa--banner\"\n\t\t\t\t\tsrc=\"https:\/\/files.sunoresearch.com.br\/n\/uploads\/2023\/03\/1420x240-Planilha-controle-de-gastos.png\"\n\t\t\t\t\tdata-promo-id=\"101751\"\t\t\t\t\t\t\t\t\t\twidth='1420' height='240'\t\t\t\t\talt=\"https:\/\/files.sunoresearch.com.br\/n\/uploads\/2023\/03\/1420x240-Planilha-controle-de-gastos.png\"\n\t\t\t\t>\n\t\t\t<\/picture>\n\t\t<\/a>\n\t<\/p>\n\n\n<p>Tamb\u00e9m apresentaram acelera\u00e7\u00e3o em suas taxas de varia\u00e7\u00e3o os grupos Alimenta\u00e7\u00e3o (1,08% para 1,73%), Habita\u00e7\u00e3o (0,13% para 0,75%), Educa\u00e7\u00e3o, Leitura e Recrea\u00e7\u00e3o (-0,10% para 0,44%), Vestu\u00e1rio (0,20% para 0,91%), Sa\u00fade e Cuidados Pessoais (0,05% para 0,17%) e Despesas Diversas (0,16% para 0,26%).<\/p>\n<p>Nessas classes, os itens com maior influ\u00eancia foram hortali\u00e7as e legumes (7,76% para 13,77%), tarifa de eletricidade residencial (-1,10% para 0,67%), passagem a\u00e9rea (-7,43% para 1,73%), roupas (0,32% para 0,92%), medicamentos em geral (0,07% para 0,26%) e servi\u00e7os banc\u00e1rios (0,10% para 0,20%), respectivamente.<\/p>\n<p>Na dire\u00e7\u00e3o oposta, o grupo Comunica\u00e7\u00e3o registrou al\u00edvio da infla\u00e7\u00e3o, de 0,38% para -0,12%. Nessa classe, o item com maior peso foi combo de telefonia, internet e TV por assinatura, cuja taxa passou de 0,59% para -0,10%.<\/p>\n\t<p>\n\t\t<a href=\"https:\/\/lp.suno.com.br\/planilha-da-vida-financeira\/\" target=\"_blank\" data-element=\"shortcode-suno-banner\" title=\"Banner SUNO, clique e saiba mais\">\n\t\t\t<picture>\n\t\t\t\t<source media=\"(max-width: 500px)\" srcset=\"https:\/\/files.sunoresearch.com.br\/n\/uploads\/2023\/04\/400x300-Planilha-vida-financeira-true.png\">\n\t\t\t\t<img class=\"newsContent__article__imgCapa newsContent__article__imgCapa--banner\"\n\t\t\t\t\tsrc=\"https:\/\/files.sunoresearch.com.br\/n\/uploads\/2023\/04\/1420x240-Planilha-vida-financeira-true.png\"\n\t\t\t\t\tdata-promo-id=\"106682\"\t\t\t\t\t\t\t\t\t\twidth='1420' height='240'\t\t\t\t\talt=\"https:\/\/files.sunoresearch.com.br\/n\/uploads\/2023\/04\/1420x240-Planilha-vida-financeira-true.png\"\n\t\t\t\t>\n\t\t\t<\/picture>\n\t\t<\/a>\n\t<\/p>\n\n\n<h2>Fatores individuais do IGP-M que contribuem para infla\u00e7\u00e3o ao consumidor<\/h2>\n<p>Segundo a FGV, os itens que mais contribu\u00edram para o avan\u00e7o do IPC-M em mar\u00e7o foram <strong>gasolina<\/strong> (-0,89% para 1,36%), licenciamento &#8211; IPVA (3,83% para 3,91%) e tomate (-2,53% para 13,89%). Aluguel residencial (1,10% para 1,44%) e cenoura (57,42% para 37,83%) completam a lista.<\/p>\n<p>Por outro lado, as principais influ\u00eancias individuais de baixa dos <strong>pre\u00e7os ao consumidor<\/strong> foram etanol (-3,78% para -3,58%), plano e seguro de sa\u00fade (-0,49% para -0,49%) e desodorante (0,69% para -2,16%), seguidos por banana-prata (2,33% para -3,21%) e frango em peda\u00e7os (-2,54% para -0,62%).<\/p>\n<h2>\u00cdndice de pre\u00e7os ao produtor desacelera<\/h2>\n<p>O \u00cdndice de Pre\u00e7os ao Produtor Amplo (IPA-M) industrial desacelerou a 1,59% no IGP-M de mar\u00e7o, de 1,63% em fevereiro, informou h\u00e1 pouco a Funda\u00e7\u00e3o Getulio Vargas (FGV). O IPA-M agropecu\u00e1rio tamb\u00e9m desacelerou no per\u00edodo, de 4,18% para 3,22%.<\/p>\n<p>Com o resultado, o IPA-M industrial acumula alta de 5,84% no ano e de 14,72% nos 12 meses encerrados em mar\u00e7o. Os pre\u00e7os ao produtor agropecu\u00e1rio acumulam infla\u00e7\u00e3o de 9,44% em 2022 e de 21,16% em 12 meses.<\/p>\n<p>Nas aberturas por est\u00e1gios de processamento, a FGV apurou acelera\u00e7\u00e3o dos Bens Finais (1,21% para 2,75%), puxada pelo aumento dos pre\u00e7os de alimentos processados (-0,08% para 2,49%). O grupo de Bens Intermedi\u00e1rios tamb\u00e9m avan\u00e7ou, de 1,50% para 2,06%, devido \u00e0 alta de combust\u00edveis e lubrificantes para a produ\u00e7\u00e3o (5,40% para 8,02%).<\/p>\n<p>As mat\u00e9rias-primas brutas, em contrapartida, arrefeceram de 4,16% em fevereiro para 1,53% em mar\u00e7o, puxadas pelo al\u00edvio do min\u00e9rio de ferro (5,49% para -1,21%), milho em gr\u00e3o (7,92% para 2,48%) e caf\u00e9 em gr\u00e3o (2,26% para -6,65%). Ajudaram a conter a desacelera\u00e7\u00e3o do grupo os su\u00ednos (-11,06% para 10,05%), leite in natura (-0,65% para 3,30%) e arroz em casca (2,10% para 10,60%).<\/p>\n<p>Os bens finais acumulam alta de 4,77% em 2022 e de 17,49% nos 12 meses encerrados em mar\u00e7o. Os bens intermedi\u00e1rios sobem 4,68% no ano e 26,91% em 12 meses. As mat\u00e9rias-primas brutas avan\u00e7am 10,99% no ano e 7,22% no acumulado de 12 meses.<\/p>\n\t<p>\n\t\t<a href=\"https:\/\/lp.suno.com.br\/ebook-como-analisar-uma-acao\/\" target=\"_blank\" data-element=\"shortcode-suno-banner\" title=\"Banner SUNO, clique e saiba mais\">\n\t\t\t<picture>\n\t\t\t\t<source media=\"(max-width: 500px)\" srcset=\"https:\/\/files.sunoresearch.com.br\/n\/uploads\/2023\/03\/Ebook-Acoes-Mobile-1.jpg\">\n\t\t\t\t<img class=\"newsContent__article__imgCapa newsContent__article__imgCapa--banner\"\n\t\t\t\t\tsrc=\"https:\/\/files.sunoresearch.com.br\/n\/uploads\/2023\/03\/Ebook-Acoes-Desktop-1.jpg\"\n\t\t\t\t\tdata-promo-id=\"171998\"\t\t\t\t\t\t\t\t\t\twidth='1420' height='286'\t\t\t\t\talt=\"https:\/\/files.sunoresearch.com.br\/n\/uploads\/2023\/03\/Ebook-Acoes-Desktop-1.jpg\"\n\t\t\t\t>\n\t\t\t<\/picture>\n\t\t<\/a>\n\t<\/p>\n\n\n<h2>Influ\u00eancias individuais para a infla\u00e7\u00e3o ao produtor<\/h2>\n<p>As principais press\u00f5es para cima sobre o IPA-M em mar\u00e7o partiram da soja em gr\u00e3o (8,91% para 7,28%), \u00f3leo diesel (5,53% para 8,89%), ovos (8,27% para 16,98%), gasolina automotiva (3,49% para 6,69%) e carne de aves (-5,03% para 11,49%).<\/p>\n<p>Em contrapartida, pressionaram a <strong>infla\u00e7\u00e3o<\/strong> para baixo o caf\u00e9 em gr\u00e3o (2,26% para -6,65%), a\u00e7\u00facar VHP (-2,58% para -3,61%), cana de a\u00e7\u00facar (0,93% para -0,76%) e a\u00e7\u00facar cristal (-1,14% para -3,14%), al\u00e9m do min\u00e9rio de ferro.<\/p>\n<p class=\"newsProviderSignature\"><em>(Com informa\u00e7\u00f5es de Estad\u00e3o Conte\u00fado.)<\/em><\/p>\n\t<p>\n\t\t<a href=\"https:\/\/lp.suno.com.br\/planilha-de-controle-de-investimentos\/\" target=\"_blank\" data-element=\"shortcode-suno-banner\" title=\"Banner SUNO, clique e saiba mais\">\n\t\t\t<picture>\n\t\t\t\t<source media=\"(max-width: 500px)\" srcset=\"https:\/\/files.sunoresearch.com.br\/n\/uploads\/2023\/03\/400x300-Controle-de-Investimentos.png\">\n\t\t\t\t<img class=\"newsContent__article__imgCapa newsContent__article__imgCapa--banner\"\n\t\t\t\t\tsrc=\"https:\/\/files.sunoresearch.com.br\/n\/uploads\/2023\/03\/1420x240-Controle-de-Investimentos.png\"\n\t\t\t\t\tdata-promo-id=\"75934\"\t\t\t\t\t\t\t\t\t\twidth='1420' height='240'\t\t\t\t\talt=\"https:\/\/files.sunoresearch.com.br\/n\/uploads\/2023\/03\/1420x240-Controle-de-Investimentos.png\"\n\t\t\t\t>\n\t\t\t<\/picture>\n\t\t<\/a>\n\t<\/p>\n\n\n","protected":false},"excerpt":{"rendered":"<p>O \u00cdndice Geral de Pre\u00e7os &#8211; Mercado, o IGP-M, arrefeceu a 1,74% em mar\u00e7o, ap\u00f3s alta de 1,83% em fevereiro, informou nesta quarta-feira a Funda\u00e7\u00e3o Getulio Vargas (FGV). O resultado da infla\u00e7\u00e3o ficou acima do teto da pesquisa Proje\u00e7\u00f5es Broadcast, de 1,70%. A mediana era de 1,32% e o piso, de 0,52%. Infla\u00e7\u00e3o: IGP-M registra [&hellip;]<\/p>\n","protected":false},"author":43,"featured_media":246274,"comment_status":"closed","ping_status":"closed","sticky":false,"template":"","format":"standard","meta":[],"categories":[62],"tags":[1045,850],"suno_strategy":[],"class_list":["post-246252","post","type-post","status-publish","format-standard","has-post-thumbnail","hentry","category-economia","tag-igp-m","tag-inflacao"],"yoast_head":"<!-- This site is optimized with the Yoast SEO plugin v24.4 - https:\/\/yoast.com\/wordpress\/plugins\/seo\/ -->\n<title>Infla\u00e7\u00e3o: IGP-M desacelera em mar\u00e7o, mas cresce acima de 1% no m\u00eas<\/title>\n<meta name=\"description\" content=\"O \u00cdndice Geral de Pre\u00e7os-Mercado (IGP-M), que mede a infla\u00e7\u00e3o, arrefeceu a 1,74% em mar\u00e7o, ante 1,83% em fevereiro, disse a FGV. Saiba mais.\" \/>\n<meta name=\"robots\" content=\"index, follow, max-snippet:-1, max-image-preview:large, max-video-preview:-1\" \/>\n<link rel=\"canonical\" href=\"https:\/\/www.suno.com.br\/noticias\/inflacao-igpm-desacelera-marco-apos-alta-fevereiro-fgv\/\" \/>\n<meta property=\"og:locale\" content=\"pt_BR\" \/>\n<meta property=\"og:type\" content=\"article\" \/>\n<meta property=\"og:title\" content=\"Infla\u00e7\u00e3o: IGP-M desacelera em mar\u00e7o, mas cresce acima de 1% no m\u00eas\" \/>\n<meta property=\"og:description\" content=\"O \u00cdndice Geral de Pre\u00e7os-Mercado (IGP-M), que mede a infla\u00e7\u00e3o, arrefeceu a 1,74% em mar\u00e7o, ante 1,83% em fevereiro, disse a FGV. Saiba mais.\" \/>\n<meta property=\"og:url\" content=\"https:\/\/www.suno.com.br\/noticias\/inflacao-igpm-desacelera-marco-apos-alta-fevereiro-fgv\/\" \/>\n<meta property=\"og:site_name\" content=\"Suno Not\u00edcias\" \/>\n<meta property=\"article:publisher\" content=\"https:\/\/facebook.com\/sunoresearch\" \/>\n<meta property=\"article:author\" content=\"https:\/\/www.facebook.com\/sunonoticias\/\" \/>\n<meta property=\"og:image\" content=\"https:\/\/files.sunoresearch.com.br\/n\/uploads\/2022\/03\/pexels-anna-shvets-3962294-scaled.jpg\" \/>\n\t<meta property=\"og:image:width\" content=\"2560\" \/>\n\t<meta property=\"og:image:height\" content=\"1707\" \/>\n\t<meta property=\"og:image:type\" content=\"image\/jpeg\" \/>\n<meta name=\"author\" content=\"Reda\u00e7\u00e3o Suno Not\u00edcias\" \/>\n<meta name=\"twitter:card\" content=\"summary_large_image\" \/>\n<meta name=\"twitter:creator\" content=\"@https:\/\/twitter.com\/sunoresearch\" \/>\n<meta name=\"twitter:site\" content=\"@sunoresearch\" \/>\n<meta name=\"twitter:label1\" content=\"Escrito por\" \/>\n\t<meta name=\"twitter:data1\" content=\"Reda\u00e7\u00e3o Suno Not\u00edcias\" \/>\n\t<meta name=\"twitter:label2\" content=\"Est. tempo de leitura\" \/>\n\t<meta name=\"twitter:data2\" content=\"4 minutos\" \/>\n<script type=\"application\/ld+json\" class=\"yoast-schema-graph\">{\"@context\":\"https:\/\/schema.org\",\"@graph\":[{\"@type\":\"NewsArticle\",\"@id\":\"https:\/\/www.suno.com.br\/noticias\/inflacao-igpm-desacelera-marco-apos-alta-fevereiro-fgv\/#article\",\"isPartOf\":{\"@id\":\"https:\/\/www.suno.com.br\/noticias\/inflacao-igpm-desacelera-marco-apos-alta-fevereiro-fgv\/\"},\"author\":{\"name\":\"Reda\u00e7\u00e3o Suno Not\u00edcias\",\"@id\":\"https:\/\/www.suno.com.br\/noticias\/#\/schema\/person\/c1b1bd3727fa852bd045e9dbff3673ea\"},\"headline\":\"Infla\u00e7\u00e3o: IGP-M desacelera a 1,74% em mar\u00e7o, ap\u00f3s 1,83% em fevereiro, afirma FGV\",\"datePublished\":\"2022-03-30T12:51:03+00:00\",\"mainEntityOfPage\":{\"@id\":\"https:\/\/www.suno.com.br\/noticias\/inflacao-igpm-desacelera-marco-apos-alta-fevereiro-fgv\/\"},\"wordCount\":769,\"publisher\":{\"@id\":\"https:\/\/www.suno.com.br\/noticias\/#organization\"},\"image\":{\"@id\":\"https:\/\/www.suno.com.br\/noticias\/inflacao-igpm-desacelera-marco-apos-alta-fevereiro-fgv\/#primaryimage\"},\"thumbnailUrl\":\"https:\/\/files.sunoresearch.com.br\/n\/uploads\/2022\/03\/pexels-anna-shvets-3962294-scaled.jpg\",\"keywords\":[\"IGP-M\",\"infla\u00e7\u00e3o\"],\"articleSection\":[\"Economia\"],\"inLanguage\":\"pt-BR\"},{\"@type\":\"WebPage\",\"@id\":\"https:\/\/www.suno.com.br\/noticias\/inflacao-igpm-desacelera-marco-apos-alta-fevereiro-fgv\/\",\"url\":\"https:\/\/www.suno.com.br\/noticias\/inflacao-igpm-desacelera-marco-apos-alta-fevereiro-fgv\/\",\"name\":\"Infla\u00e7\u00e3o: IGP-M desacelera em mar\u00e7o, mas cresce acima de 1% no m\u00eas\",\"isPartOf\":{\"@id\":\"https:\/\/www.suno.com.br\/noticias\/#website\"},\"primaryImageOfPage\":{\"@id\":\"https:\/\/www.suno.com.br\/noticias\/inflacao-igpm-desacelera-marco-apos-alta-fevereiro-fgv\/#primaryimage\"},\"image\":{\"@id\":\"https:\/\/www.suno.com.br\/noticias\/inflacao-igpm-desacelera-marco-apos-alta-fevereiro-fgv\/#primaryimage\"},\"thumbnailUrl\":\"https:\/\/files.sunoresearch.com.br\/n\/uploads\/2022\/03\/pexels-anna-shvets-3962294-scaled.jpg\",\"datePublished\":\"2022-03-30T12:51:03+00:00\",\"description\":\"O \u00cdndice Geral de Pre\u00e7os-Mercado (IGP-M), que mede a infla\u00e7\u00e3o, arrefeceu a 1,74% em mar\u00e7o, ante 1,83% em fevereiro, disse a FGV. Saiba mais.\",\"breadcrumb\":{\"@id\":\"https:\/\/www.suno.com.br\/noticias\/inflacao-igpm-desacelera-marco-apos-alta-fevereiro-fgv\/#breadcrumb\"},\"inLanguage\":\"pt-BR\",\"potentialAction\":[{\"@type\":\"ReadAction\",\"target\":[\"https:\/\/www.suno.com.br\/noticias\/inflacao-igpm-desacelera-marco-apos-alta-fevereiro-fgv\/\"]}]},{\"@type\":\"ImageObject\",\"inLanguage\":\"pt-BR\",\"@id\":\"https:\/\/www.suno.com.br\/noticias\/inflacao-igpm-desacelera-marco-apos-alta-fevereiro-fgv\/#primaryimage\",\"url\":\"https:\/\/files.sunoresearch.com.br\/n\/uploads\/2022\/03\/pexels-anna-shvets-3962294-scaled.jpg\",\"contentUrl\":\"https:\/\/files.sunoresearch.com.br\/n\/uploads\/2022\/03\/pexels-anna-shvets-3962294-scaled.jpg\",\"width\":2560,\"height\":1707,\"caption\":\"Infla\u00e7\u00e3o: IGP-M registra defla\u00e7\u00e3o em setembro. Foto: Pexels.\"},{\"@type\":\"BreadcrumbList\",\"@id\":\"https:\/\/www.suno.com.br\/noticias\/inflacao-igpm-desacelera-marco-apos-alta-fevereiro-fgv\/#breadcrumb\",\"itemListElement\":[{\"@type\":\"ListItem\",\"position\":1,\"name\":\"Not\u00edcias\",\"item\":\"https:\/\/www.suno.com.br\/noticias\/\"},{\"@type\":\"ListItem\",\"position\":2,\"name\":\"Economia\",\"item\":\"https:\/\/www.suno.com.br\/noticias\/economia\/\"},{\"@type\":\"ListItem\",\"position\":3,\"name\":\"Infla\u00e7\u00e3o: IGP-M desacelera a 1,74% em mar\u00e7o, ap\u00f3s 1,83% em fevereiro, afirma FGV\"}]},{\"@type\":\"WebSite\",\"@id\":\"https:\/\/www.suno.com.br\/noticias\/#website\",\"url\":\"https:\/\/www.suno.com.br\/noticias\/\",\"name\":\"Suno Not\u00edcias\",\"description\":\"Seu portal de informa\u00e7\u00e3o sobre o mundo dos investimentos\",\"publisher\":{\"@id\":\"https:\/\/www.suno.com.br\/noticias\/#organization\"},\"potentialAction\":[{\"@type\":\"SearchAction\",\"target\":{\"@type\":\"EntryPoint\",\"urlTemplate\":\"https:\/\/www.suno.com.br\/noticias\/?s={search_term_string}\"},\"query-input\":{\"@type\":\"PropertyValueSpecification\",\"valueRequired\":true,\"valueName\":\"search_term_string\"}}],\"inLanguage\":\"pt-BR\"},{\"@type\":\"Organization\",\"@id\":\"https:\/\/www.suno.com.br\/noticias\/#organization\",\"name\":\"Suno Not\u00edcias\",\"url\":\"https:\/\/www.suno.com.br\/noticias\/\",\"logo\":{\"@type\":\"ImageObject\",\"inLanguage\":\"pt-BR\",\"@id\":\"https:\/\/www.suno.com.br\/noticias\/#\/schema\/logo\/image\/\",\"url\":\"https:\/\/files.sunoresearch.com.br\/n\/uploads\/2021\/09\/suno-logo.png\",\"contentUrl\":\"https:\/\/files.sunoresearch.com.br\/n\/uploads\/2021\/09\/suno-logo.png\",\"width\":180,\"height\":180,\"caption\":\"Suno Not\u00edcias\"},\"image\":{\"@id\":\"https:\/\/www.suno.com.br\/noticias\/#\/schema\/logo\/image\/\"},\"sameAs\":[\"https:\/\/facebook.com\/sunoresearch\",\"https:\/\/x.com\/sunoresearch\",\"https:\/\/www.instagram.com\/suno\",\"https:\/\/www.linkedin.com\/company\/suno-research\/\",\"https:\/\/www.youtube.com\/c\/sunoresearch\"]},{\"@type\":\"Person\",\"@id\":\"https:\/\/www.suno.com.br\/noticias\/#\/schema\/person\/c1b1bd3727fa852bd045e9dbff3673ea\",\"name\":\"Reda\u00e7\u00e3o Suno Not\u00edcias\",\"image\":{\"@type\":\"ImageObject\",\"inLanguage\":\"pt-BR\",\"@id\":\"https:\/\/www.suno.com.br\/noticias\/#\/schema\/person\/image\/\",\"url\":\"https:\/\/secure.gravatar.com\/avatar\/b8104b9b5a71985d5238ee59fbe418af?s=96&r=g\",\"contentUrl\":\"https:\/\/secure.gravatar.com\/avatar\/b8104b9b5a71985d5238ee59fbe418af?s=96&r=g\",\"caption\":\"Reda\u00e7\u00e3o Suno Not\u00edcias\"},\"description\":\"O Suno Not\u00edcias \u00e9 um portal de informa\u00e7\u00f5es sobre Mercado Financeiro, Pol\u00edtica, Neg\u00f3cios, Economia e Finan\u00e7as Pessoais.\",\"sameAs\":[\"https:\/\/www.suno.com.br\/noticias\",\"https:\/\/www.facebook.com\/sunonoticias\/\",\"https:\/\/www.instagram.com\/sunonoticias\/\",\"https:\/\/x.com\/https:\/\/twitter.com\/sunoresearch\",\"https:\/\/www.youtube.com\/sunonoticias\"],\"url\":\"https:\/\/www.suno.com.br\/noticias\/author\/redacao-suno\/\"}]}<\/script>\n<!-- \/ Yoast SEO plugin. -->","yoast_head_json":{"title":"Infla\u00e7\u00e3o: IGP-M desacelera em mar\u00e7o, mas cresce acima de 1% no m\u00eas","description":"O \u00cdndice Geral de Pre\u00e7os-Mercado (IGP-M), que mede a infla\u00e7\u00e3o, arrefeceu a 1,74% em mar\u00e7o, ante 1,83% em fevereiro, disse a FGV. Saiba mais.","robots":{"index":"index","follow":"follow","max-snippet":"max-snippet:-1","max-image-preview":"max-image-preview:large","max-video-preview":"max-video-preview:-1"},"canonical":"https:\/\/www.suno.com.br\/noticias\/inflacao-igpm-desacelera-marco-apos-alta-fevereiro-fgv\/","og_locale":"pt_BR","og_type":"article","og_title":"Infla\u00e7\u00e3o: IGP-M desacelera em mar\u00e7o, mas cresce acima de 1% no m\u00eas","og_description":"O \u00cdndice Geral de Pre\u00e7os-Mercado (IGP-M), que mede a infla\u00e7\u00e3o, arrefeceu a 1,74% em mar\u00e7o, ante 1,83% em fevereiro, disse a FGV. Saiba mais.","og_url":"https:\/\/www.suno.com.br\/noticias\/inflacao-igpm-desacelera-marco-apos-alta-fevereiro-fgv\/","og_site_name":"Suno Not\u00edcias","article_publisher":"https:\/\/facebook.com\/sunoresearch","article_author":"https:\/\/www.facebook.com\/sunonoticias\/","og_image":[{"width":2560,"height":1707,"url":"https:\/\/files.sunoresearch.com.br\/n\/uploads\/2022\/03\/pexels-anna-shvets-3962294-scaled.jpg","type":"image\/jpeg"}],"author":"Reda\u00e7\u00e3o Suno Not\u00edcias","twitter_card":"summary_large_image","twitter_creator":"@https:\/\/twitter.com\/sunoresearch","twitter_site":"@sunoresearch","twitter_misc":{"Escrito por":"Reda\u00e7\u00e3o Suno Not\u00edcias","Est. tempo de leitura":"4 minutos"},"schema":{"@context":"https:\/\/schema.org","@graph":[{"@type":"NewsArticle","@id":"https:\/\/www.suno.com.br\/noticias\/inflacao-igpm-desacelera-marco-apos-alta-fevereiro-fgv\/#article","isPartOf":{"@id":"https:\/\/www.suno.com.br\/noticias\/inflacao-igpm-desacelera-marco-apos-alta-fevereiro-fgv\/"},"author":{"name":"Reda\u00e7\u00e3o Suno Not\u00edcias","@id":"https:\/\/www.suno.com.br\/noticias\/#\/schema\/person\/c1b1bd3727fa852bd045e9dbff3673ea"},"headline":"Infla\u00e7\u00e3o: IGP-M desacelera a 1,74% em mar\u00e7o, ap\u00f3s 1,83% em fevereiro, afirma FGV","datePublished":"2022-03-30T12:51:03+00:00","mainEntityOfPage":{"@id":"https:\/\/www.suno.com.br\/noticias\/inflacao-igpm-desacelera-marco-apos-alta-fevereiro-fgv\/"},"wordCount":769,"publisher":{"@id":"https:\/\/www.suno.com.br\/noticias\/#organization"},"image":{"@id":"https:\/\/www.suno.com.br\/noticias\/inflacao-igpm-desacelera-marco-apos-alta-fevereiro-fgv\/#primaryimage"},"thumbnailUrl":"https:\/\/files.sunoresearch.com.br\/n\/uploads\/2022\/03\/pexels-anna-shvets-3962294-scaled.jpg","keywords":["IGP-M","infla\u00e7\u00e3o"],"articleSection":["Economia"],"inLanguage":"pt-BR"},{"@type":"WebPage","@id":"https:\/\/www.suno.com.br\/noticias\/inflacao-igpm-desacelera-marco-apos-alta-fevereiro-fgv\/","url":"https:\/\/www.suno.com.br\/noticias\/inflacao-igpm-desacelera-marco-apos-alta-fevereiro-fgv\/","name":"Infla\u00e7\u00e3o: IGP-M desacelera em mar\u00e7o, mas cresce acima de 1% no m\u00eas","isPartOf":{"@id":"https:\/\/www.suno.com.br\/noticias\/#website"},"primaryImageOfPage":{"@id":"https:\/\/www.suno.com.br\/noticias\/inflacao-igpm-desacelera-marco-apos-alta-fevereiro-fgv\/#primaryimage"},"image":{"@id":"https:\/\/www.suno.com.br\/noticias\/inflacao-igpm-desacelera-marco-apos-alta-fevereiro-fgv\/#primaryimage"},"thumbnailUrl":"https:\/\/files.sunoresearch.com.br\/n\/uploads\/2022\/03\/pexels-anna-shvets-3962294-scaled.jpg","datePublished":"2022-03-30T12:51:03+00:00","description":"O \u00cdndice Geral de Pre\u00e7os-Mercado (IGP-M), que mede a infla\u00e7\u00e3o, arrefeceu a 1,74% em mar\u00e7o, ante 1,83% em fevereiro, disse a FGV. Saiba mais.","breadcrumb":{"@id":"https:\/\/www.suno.com.br\/noticias\/inflacao-igpm-desacelera-marco-apos-alta-fevereiro-fgv\/#breadcrumb"},"inLanguage":"pt-BR","potentialAction":[{"@type":"ReadAction","target":["https:\/\/www.suno.com.br\/noticias\/inflacao-igpm-desacelera-marco-apos-alta-fevereiro-fgv\/"]}]},{"@type":"ImageObject","inLanguage":"pt-BR","@id":"https:\/\/www.suno.com.br\/noticias\/inflacao-igpm-desacelera-marco-apos-alta-fevereiro-fgv\/#primaryimage","url":"https:\/\/files.sunoresearch.com.br\/n\/uploads\/2022\/03\/pexels-anna-shvets-3962294-scaled.jpg","contentUrl":"https:\/\/files.sunoresearch.com.br\/n\/uploads\/2022\/03\/pexels-anna-shvets-3962294-scaled.jpg","width":2560,"height":1707,"caption":"Infla\u00e7\u00e3o: IGP-M registra defla\u00e7\u00e3o em setembro. Foto: Pexels."},{"@type":"BreadcrumbList","@id":"https:\/\/www.suno.com.br\/noticias\/inflacao-igpm-desacelera-marco-apos-alta-fevereiro-fgv\/#breadcrumb","itemListElement":[{"@type":"ListItem","position":1,"name":"Not\u00edcias","item":"https:\/\/www.suno.com.br\/noticias\/"},{"@type":"ListItem","position":2,"name":"Economia","item":"https:\/\/www.suno.com.br\/noticias\/economia\/"},{"@type":"ListItem","position":3,"name":"Infla\u00e7\u00e3o: IGP-M desacelera a 1,74% em mar\u00e7o, ap\u00f3s 1,83% em fevereiro, afirma FGV"}]},{"@type":"WebSite","@id":"https:\/\/www.suno.com.br\/noticias\/#website","url":"https:\/\/www.suno.com.br\/noticias\/","name":"Suno Not\u00edcias","description":"Seu portal de informa\u00e7\u00e3o sobre o mundo dos investimentos","publisher":{"@id":"https:\/\/www.suno.com.br\/noticias\/#organization"},"potentialAction":[{"@type":"SearchAction","target":{"@type":"EntryPoint","urlTemplate":"https:\/\/www.suno.com.br\/noticias\/?s={search_term_string}"},"query-input":{"@type":"PropertyValueSpecification","valueRequired":true,"valueName":"search_term_string"}}],"inLanguage":"pt-BR"},{"@type":"Organization","@id":"https:\/\/www.suno.com.br\/noticias\/#organization","name":"Suno Not\u00edcias","url":"https:\/\/www.suno.com.br\/noticias\/","logo":{"@type":"ImageObject","inLanguage":"pt-BR","@id":"https:\/\/www.suno.com.br\/noticias\/#\/schema\/logo\/image\/","url":"https:\/\/files.sunoresearch.com.br\/n\/uploads\/2021\/09\/suno-logo.png","contentUrl":"https:\/\/files.sunoresearch.com.br\/n\/uploads\/2021\/09\/suno-logo.png","width":180,"height":180,"caption":"Suno Not\u00edcias"},"image":{"@id":"https:\/\/www.suno.com.br\/noticias\/#\/schema\/logo\/image\/"},"sameAs":["https:\/\/facebook.com\/sunoresearch","https:\/\/x.com\/sunoresearch","https:\/\/www.instagram.com\/suno","https:\/\/www.linkedin.com\/company\/suno-research\/","https:\/\/www.youtube.com\/c\/sunoresearch"]},{"@type":"Person","@id":"https:\/\/www.suno.com.br\/noticias\/#\/schema\/person\/c1b1bd3727fa852bd045e9dbff3673ea","name":"Reda\u00e7\u00e3o Suno Not\u00edcias","image":{"@type":"ImageObject","inLanguage":"pt-BR","@id":"https:\/\/www.suno.com.br\/noticias\/#\/schema\/person\/image\/","url":"https:\/\/secure.gravatar.com\/avatar\/b8104b9b5a71985d5238ee59fbe418af?s=96&r=g","contentUrl":"https:\/\/secure.gravatar.com\/avatar\/b8104b9b5a71985d5238ee59fbe418af?s=96&r=g","caption":"Reda\u00e7\u00e3o Suno Not\u00edcias"},"description":"O Suno Not\u00edcias \u00e9 um portal de informa\u00e7\u00f5es sobre Mercado Financeiro, Pol\u00edtica, Neg\u00f3cios, Economia e Finan\u00e7as Pessoais.","sameAs":["https:\/\/www.suno.com.br\/noticias","https:\/\/www.facebook.com\/sunonoticias\/","https:\/\/www.instagram.com\/sunonoticias\/","https:\/\/x.com\/https:\/\/twitter.com\/sunoresearch","https:\/\/www.youtube.com\/sunonoticias"],"url":"https:\/\/www.suno.com.br\/noticias\/author\/redacao-suno\/"}]}},"default_loop_html":"<div class=\"cardsPage__listCard__boxs\"><div class=\"cardsPage__listCard__boxs__img\"><a href=\"https:\/\/www.suno.com.br\/noticias\/inflacao-igpm-desacelera-marco-apos-alta-fevereiro-fgv\/\"><img class=\"mask\" src=\"https:\/\/www.suno.com.br\/noticias\/wp-content\/themes\/suno\/resources\/images\/spotlight\/spotlight1img\/bg-mask.png\" alt=\"Image Mask\"\/><img src=\"https:\/\/files.sunoresearch.com.br\/n\/uploads\/2022\/03\/pexels-anna-shvets-3962294-400x200.jpg\" alt=\"Infla\u00e7\u00e3o: IGP-M desacelera a 1,74% em mar\u00e7o, ap\u00f3s 1,83% em fevereiro, afirma FGV\"\/><\/a><span class=\"spotlightCategory\"><a href=\"https:\/\/www.suno.com.br\/noticias\/economia\/\">Economia<\/a><\/span><\/div><div class=\"cardsPage__listCard__boxs__content\"><a href=\"https:\/\/www.suno.com.br\/noticias\/inflacao-igpm-desacelera-marco-apos-alta-fevereiro-fgv\/\"><h2 class=\"content__title\">Infla\u00e7\u00e3o: IGP-M desacelera a 1,74% em mar\u00e7o, ap\u00f3s 1,83% em fevereiro, afirma FGV<\/h2><\/a><div class=\"newsContent__article__meta\"><div class=\"newsContent__article__meta__authorBox\"><a href=\"https:\/\/www.suno.com.br\/noticias\/author\/redacao-suno\/\" class=\"authorBox__avatar noMobi\"><img src=\"https:\/\/files.sunoresearch.com.br\/n\/uploads\/2020\/08\/0ace682d-redacao-1-150x150.webp\" alt=\"Reda\u00e7\u00e3o Suno Not\u00edcias\"><\/a><div class=\"authorBox__name\"><span>por\n\t\t\t<a href=\"https:\/\/www.suno.com.br\/noticias\/author\/redacao-suno\/\"><span itemprop=\"author\">Reda\u00e7\u00e3o Suno Not\u00edcias<\/span><\/a><\/span><time datetime=\"2022-03-30T09:51:03-03:00\" itemprop=\"datePublished\">30\/03\/2022 09:51<\/time><\/div><\/div><\/div><\/div><\/div>","single_layout":"posts","amp_enabled":true,"_links":{"self":[{"href":"https:\/\/www.suno.com.br\/noticias\/wp-json\/wp\/v2\/posts\/246252"}],"collection":[{"href":"https:\/\/www.suno.com.br\/noticias\/wp-json\/wp\/v2\/posts"}],"about":[{"href":"https:\/\/www.suno.com.br\/noticias\/wp-json\/wp\/v2\/types\/post"}],"author":[{"embeddable":true,"href":"https:\/\/www.suno.com.br\/noticias\/wp-json\/wp\/v2\/users\/43"}],"replies":[{"embeddable":true,"href":"https:\/\/www.suno.com.br\/noticias\/wp-json\/wp\/v2\/comments?post=246252"}],"version-history":[{"count":2,"href":"https:\/\/www.suno.com.br\/noticias\/wp-json\/wp\/v2\/posts\/246252\/revisions"}],"predecessor-version":[{"id":246275,"href":"https:\/\/www.suno.com.br\/noticias\/wp-json\/wp\/v2\/posts\/246252\/revisions\/246275"}],"wp:featuredmedia":[{"embeddable":true,"href":"https:\/\/www.suno.com.br\/noticias\/wp-json\/wp\/v2\/media\/246274"}],"wp:attachment":[{"href":"https:\/\/www.suno.com.br\/noticias\/wp-json\/wp\/v2\/media?parent=246252"}],"wp:term":[{"taxonomy":"category","embeddable":true,"href":"https:\/\/www.suno.com.br\/noticias\/wp-json\/wp\/v2\/categories?post=246252"},{"taxonomy":"post_tag","embeddable":true,"href":"https:\/\/www.suno.com.br\/noticias\/wp-json\/wp\/v2\/tags?post=246252"},{"taxonomy":"suno_strategy","embeddable":true,"href":"https:\/\/www.suno.com.br\/noticias\/wp-json\/wp\/v2\/suno_strategy?post=246252"}],"curies":[{"name":"wp","href":"https:\/\/api.w.org\/{rel}","templated":true}]}}