{"id":246229,"date":"2022-03-30T09:04:19","date_gmt":"2022-03-30T12:04:19","guid":{"rendered":"https:\/\/www.suno.com.br\/noticias\/?p=246229"},"modified":"2022-03-30T09:04:19","modified_gmt":"2022-03-30T12:04:19","slug":"recuperacao-judicial-oi-oibr3-fim-juiz","status":"publish","type":"post","link":"https:\/\/www.suno.com.br\/noticias\/recuperacao-judicial-oi-oibr3-fim-juiz\/","title":{"rendered":"Juiz deve estender recupera\u00e7\u00e3o judicial da Oi (OIBR3) por mais dois meses"},"content":{"rendered":"<p>O maior processo de <a class=\"suno-keyword\" href=\"https:\/\/www.suno.com.br\/artigos\/recuperacao-judicial\/\" target=\"_blank\" rel=\"noopener\" data-force=\"no\" data-priority=\"2\">recupera\u00e7\u00e3o judicial<\/a> (RJ) do Brasil pode estar longe do seu fim. Isso porque o juiz Fernando Viana avisou que o encerramento da RJ da <a class=\"suno-keyword\" href=\"https:\/\/www.suno.com.br\/acoes\/OIBR3\/\" target=\"_blank\" rel=\"noopener\" data-force=\"yes\" data-priority=\"2\"><strong>Oi<\/strong> (OIBR3)<\/a> pode n\u00e3o acontecer amanh\u00e3, dia 31 de mar\u00e7o, como estava determinado.<\/p>\t<div class=\"wrapper-featured-image\">\n\t\t<figure class=\"spotlightImg\">\n\n\t\t\t<picture>\n\t\t\t\t<source media=\"(max-width: 768px)\" srcset=\"https:\/\/files.sunoresearch.com.br\/n\/uploads\/2021\/08\/bb1cedf7-loja-oi1-400x200.jpg\">\n\t\t\t\t<img loading=\"lazy\" decoding=\"async\" class=\"newsContent__article__imgCapa lazyloadDisabled \" src=\"https:\/\/files.sunoresearch.com.br\/n\/uploads\/2021\/08\/bb1cedf7-loja-oi1-800x450.jpg\" width=\"800\" height=\"450\" alt=\"Juiz deve estender recupera\u00e7\u00e3o judicial da Oi (OIBR3) por mais dois meses\" fetchpriority=high \/>\n\t\t\t<\/picture>\n\n\t\t\t<figcaption class=\"wp-caption-text wp-caption-text--show\">Oi. Foto: Divulga\u00e7\u00e3o<\/figcaption>\n\t\t<\/figure>\n\t<\/div>\n\n\n\t<p>\n\t\t<a href=\"https:\/\/lp.suno.com.br\/planilha-controle-gastos\/\" target=\"_blank\" data-element=\"shortcode-suno-banner\" title=\"Banner SUNO, clique e saiba mais\">\n\t\t\t<picture>\n\t\t\t\t<source media=\"(max-width: 500px)\" srcset=\"https:\/\/files.sunoresearch.com.br\/n\/uploads\/2023\/03\/400x300-Planilha-controle-de-gastos.png\">\n\t\t\t\t<img class=\"newsContent__article__imgCapa newsContent__article__imgCapa--banner\"\n\t\t\t\t\tsrc=\"https:\/\/files.sunoresearch.com.br\/n\/uploads\/2023\/03\/1420x240-Planilha-controle-de-gastos.png\"\n\t\t\t\t\tdata-promo-id=\"101751\"\t\t\t\t\t\t\t\t\t\twidth='1420' height='240'\t\t\t\t\talt=\"https:\/\/files.sunoresearch.com.br\/n\/uploads\/2023\/03\/1420x240-Planilha-controle-de-gastos.png\"\n\t\t\t\t>\n\t\t\t<\/picture>\n\t\t<\/a>\n\t<\/p>\n\n\n<p>O <strong>processo de recupera\u00e7\u00e3o judicial da Oi<\/strong> poder\u00e1 ser estendido por mais dois meses, ou seja, para maio &#8212; m\u00eas aceito pelos credores como limite para t\u00e9rmino da RJ, conforme o aditamento do plano de recupera\u00e7\u00e3o aprovada em 2020.<\/p>\n<p>O juiz Viana mandou o administrador judicial da empresa, o escrit\u00f3rio de advocacia Arnoldo Wald, apresentar um novo quadro geral de credores (QGC), em at\u00e9 60 dias. O documento precisa mostrar a situa\u00e7\u00e3o atual dos acordos para pagamentos das d\u00edvidas dos<strong> credores da Oi<\/strong>.<\/p>\n<p>&#8220;Estabele\u00e7o, em raz\u00e3o da magnitude do processo, que o QGC dever\u00e1 ser juntado no prazo de at\u00e9 60 dias. (&#8230;.) Embora o encerramento da recupera\u00e7\u00e3o judicial n\u00e3o esteja condicionado \u00e1 consolida\u00e7\u00e3o do citado QGC, \u00e9 imperiosa sua pr\u00e9via apresenta\u00e7\u00e3o pelo Administrador Judicial, para fins de homologa\u00e7\u00e3o por este ju\u00edzo quando da senten\u00e7a de encerramento da presente recupera\u00e7\u00e3o&#8221;, afirmou o juiz em documento.<\/p>\n<p>Portanto, essa declara\u00e7\u00e3o n\u00e3o d\u00e1 a senten\u00e7a final de prorroga\u00e7\u00e3o, mas, indica a poss\u00edvel extens\u00e3o do prazo final.<\/p>\n<h2>Juiz suspende site de media\u00e7\u00e3o com credores<\/h2>\n<p>Apesar da poss\u00edvel extens\u00e3o do prazo, o juiz quer acelerar o encerramento do processo e por esse motivo suspendeu o site de media\u00e7\u00e3o com os credores.\u00a0Segundo Viana, o<strong> processo de RJ da Oi<\/strong>\u00a0 j\u00e1 tem mais de 560 mil p\u00e1ginas e 60 mil pedidos de pagamento de d\u00edvidas.<\/p>\n<p>&#8220;\u00c9 poss\u00edvel detectar que ainda est\u00e3o sendo distribu\u00eddos, por depend\u00eancia, uma m\u00e9dia mensal de 1 mil novos incidentes de cr\u00e9ditos concursais, sem contar outros tantos que buscam habilita\u00e7\u00e3o inadequadamente, de forma direta nestes autos, e que s\u00e3o orientados a promoverem corretamente seus pedidos&#8221;, afirmou no documento.<\/p>\n\t<p>\n\t\t<a href=\"\" target=\"_blank\" data-element=\"shortcode-suno-banner\" title=\"Banner SUNO, clique e saiba mais\">\n\t\t\t<picture>\n\t\t\t\t<source media=\"(max-width: 500px)\" srcset=\"\">\n\t\t\t\t<img class=\"newsContent__article__imgCapa newsContent__article__imgCapa--banner\"\n\t\t\t\t\tsrc=\"\"\n\t\t\t\t\tdata-promo-id=\"138420\"\t\t\t\t\t\t\t\t\t\t\t\t\t\t\talt=\"\"\n\t\t\t\t>\n\t\t\t<\/picture>\n\t\t<\/a>\n\t<\/p>\n\n\n<p>Com isso, o juiz solicitou ao escrit\u00f3rio de advocacia Arnoldo Wald que suspendesse o site. \u00c9 por meio dessa plataforma que o administrador recebe os pedidos de inclus\u00e3o no processo e inicia a an\u00e1lise da demanda que confirma se quem solicitou era de fato credor da opera\u00e7\u00e3o antes do processo, ou seja, em 2016.<\/p>\n<p>O que n\u00e3o for decidido at\u00e9 o encerramento do processo ter\u00e1 &#8220;prosseguimento normal&#8221; at\u00e9 o julgamento definitivo.<\/p>\n<h2>Recupera\u00e7\u00e3o judicial da Oi<\/h2>\n<p>O maior processo de recupera\u00e7\u00e3o judicial j\u00e1 ocorrido no Brasil iniciou em 2016, quando a Oi tinha d\u00edvidas no valor de R$ 65,4 bilh\u00f5es. Em 2020, a Justi\u00e7a aprovou a divis\u00e3o dos ativos da companhia em cinco Unidades Produtivas Isoladas (UPIs), colocadas \u00e0 venda.<\/p>\n<p>As 5 UPIs foram:<\/p>\n<ol>\n<li>UPI TVCo<\/li>\n<li>UPI Torres &#8211; A venda foi realizada para a Highline por um valor de R$ 1,06 bilh\u00e3o<\/li>\n<li>UPI Data Center &#8211; Vendida para a Titan no valor de R$ 325 milh\u00f5es<\/li>\n<li>UPI Ativos M\u00f3veis -Vendida para o cons\u00f3rcio (TIM, Vivo e Claro) por R$ 16,5 bilh\u00f5es<\/li>\n<li>UPI InfraCo &#8211; Vendida aos fundos do BTG Pactual por R$ 12,9 bilh\u00f5es<\/li>\n<\/ol>\n<p>Em junho de 2021 a<strong> <a class=\"suno-keyword\" href=\"https:\/\/www.suno.com.br\/artigos\/divida-bruta\/\" target=\"_blank\" rel=\"noopener\" data-force=\"no\" data-priority=\"1\">d\u00edvida bruta<\/a> da Oi<\/strong> era de R$ 29,1 bilh\u00f5es e o total a ser arrecadado pela empresa na aliena\u00e7\u00e3o das Unidades Produtivas Isoladas (UPIs) totaliza cerca de R$ 30,8 bilh\u00f5es<\/p>\n<p>Com a demora na aprova\u00e7\u00e3o da venda da Oi M\u00f3vel, o juiz prorrogou o prazo de recupera\u00e7\u00e3o judicial, de 4 de outubro de 2021 para 31 de mar\u00e7o de 2022. No dia 10 de mar\u00e7o, o <a class=\"suno-keyword\" href=\"https:\/\/www.suno.com.br\/artigos\/cade\/\" target=\"_blank\" rel=\"noopener\" data-force=\"no\" data-priority=\"2\">Conselho Administrativo de Defesa Econ\u00f4mica (Cade)<\/a> manteve a autoriza\u00e7\u00e3o para a venda dos ativos m\u00f3veis.<\/p>\n<p>J\u00e1 a Ag\u00eancia Nacional de Telecomunica\u00e7\u00f5es (Anatel) deu aval \u00e0 opera\u00e7\u00e3o de venda da <strong>Oi<\/strong> em fevereiro, mas, devido a problemas burocr\u00e1ticos, ainda precisa convalidar a autoriza\u00e7\u00e3o.<\/p>\n\t<p>\n\t\t<a href=\"https:\/\/lp.suno.com.br\/planilha-de-controle-de-investimentos\/\" target=\"_blank\" data-element=\"shortcode-suno-banner\" title=\"Banner SUNO, clique e saiba mais\">\n\t\t\t<picture>\n\t\t\t\t<source media=\"(max-width: 500px)\" srcset=\"https:\/\/files.sunoresearch.com.br\/n\/uploads\/2023\/03\/400x300-Controle-de-Investimentos.png\">\n\t\t\t\t<img class=\"newsContent__article__imgCapa newsContent__article__imgCapa--banner\"\n\t\t\t\t\tsrc=\"https:\/\/files.sunoresearch.com.br\/n\/uploads\/2023\/03\/1420x240-Controle-de-Investimentos.png\"\n\t\t\t\t\tdata-promo-id=\"75934\"\t\t\t\t\t\t\t\t\t\twidth='1420' height='240'\t\t\t\t\talt=\"https:\/\/files.sunoresearch.com.br\/n\/uploads\/2023\/03\/1420x240-Controle-de-Investimentos.png\"\n\t\t\t\t>\n\t\t\t<\/picture>\n\t\t<\/a>\n\t<\/p>\n\n\n","protected":false},"excerpt":{"rendered":"<p>O maior processo de recupera\u00e7\u00e3o judicial (RJ) do Brasil pode estar longe do seu fim. Isso porque o juiz Fernando Viana avisou que o encerramento da RJ da Oi (OIBR3) pode n\u00e3o acontecer amanh\u00e3, dia 31 de mar\u00e7o, como estava determinado. Oi. Foto: Divulga\u00e7\u00e3o O processo de recupera\u00e7\u00e3o judicial da Oi poder\u00e1 ser estendido por [&hellip;]<\/p>\n","protected":false},"author":15,"featured_media":177304,"comment_status":"closed","ping_status":"closed","sticky":false,"template":"","format":"standard","meta":[],"categories":[64],"tags":[584,3544,314],"suno_strategy":[],"class_list":["post-246229","post","type-post","status-publish","format-standard","has-post-thumbnail","hentry","category-negocios","tag-oi-oibr3-oibr4","tag-oi-movel","tag-recuperacao-judicial"],"yoast_head":"<!-- This site is optimized with the Yoast SEO plugin v24.4 - https:\/\/yoast.com\/wordpress\/plugins\/seo\/ -->\n<title>Juiz deve estender recupera\u00e7\u00e3o judicial da Oi (OIBR3) por mais 2 meses<\/title>\n<meta name=\"description\" content=\"O processo de recupera\u00e7\u00e3o judicial da Oi poder\u00e1 ser estendido por mais dois meses, ou seja, para maio -- m\u00eas aceito pelos credores. Veja aqui\" \/>\n<meta name=\"robots\" content=\"index, follow, max-snippet:-1, max-image-preview:large, max-video-preview:-1\" \/>\n<link rel=\"canonical\" href=\"https:\/\/www.suno.com.br\/noticias\/recuperacao-judicial-oi-oibr3-fim-juiz\/\" \/>\n<meta property=\"og:locale\" content=\"pt_BR\" \/>\n<meta property=\"og:type\" content=\"article\" \/>\n<meta property=\"og:title\" content=\"Juiz deve estender recupera\u00e7\u00e3o judicial da Oi (OIBR3) por mais 2 meses\" \/>\n<meta property=\"og:description\" content=\"O processo de recupera\u00e7\u00e3o judicial da Oi poder\u00e1 ser estendido por mais dois meses, ou seja, para maio -- m\u00eas aceito pelos credores. Veja aqui\" \/>\n<meta property=\"og:url\" content=\"https:\/\/www.suno.com.br\/noticias\/recuperacao-judicial-oi-oibr3-fim-juiz\/\" \/>\n<meta property=\"og:site_name\" content=\"Suno Not\u00edcias\" \/>\n<meta property=\"article:publisher\" content=\"https:\/\/facebook.com\/sunoresearch\" \/>\n<meta property=\"og:image\" content=\"https:\/\/files.sunoresearch.com.br\/n\/uploads\/2021\/08\/bb1cedf7-loja-oi1.jpg\" \/>\n\t<meta property=\"og:image:width\" content=\"2000\" \/>\n\t<meta property=\"og:image:height\" content=\"1335\" \/>\n\t<meta property=\"og:image:type\" content=\"image\/jpeg\" \/>\n<meta name=\"author\" content=\"Poliana Santos\" \/>\n<meta name=\"twitter:card\" content=\"summary_large_image\" \/>\n<meta name=\"twitter:creator\" content=\"@sunoresearch\" \/>\n<meta name=\"twitter:site\" content=\"@sunoresearch\" \/>\n<meta name=\"twitter:label1\" content=\"Escrito por\" \/>\n\t<meta name=\"twitter:data1\" content=\"Poliana Santos\" \/>\n\t<meta name=\"twitter:label2\" content=\"Est. tempo de leitura\" \/>\n\t<meta name=\"twitter:data2\" content=\"3 minutos\" \/>\n<script type=\"application\/ld+json\" class=\"yoast-schema-graph\">{\"@context\":\"https:\/\/schema.org\",\"@graph\":[{\"@type\":\"NewsArticle\",\"@id\":\"https:\/\/www.suno.com.br\/noticias\/recuperacao-judicial-oi-oibr3-fim-juiz\/#article\",\"isPartOf\":{\"@id\":\"https:\/\/www.suno.com.br\/noticias\/recuperacao-judicial-oi-oibr3-fim-juiz\/\"},\"author\":{\"name\":\"Poliana Santos\",\"@id\":\"https:\/\/www.suno.com.br\/noticias\/#\/schema\/person\/02ec1f752758247878a2bf4abee1aeda\"},\"headline\":\"Juiz deve estender recupera\u00e7\u00e3o judicial da Oi (OIBR3) por mais dois meses\",\"datePublished\":\"2022-03-30T12:04:19+00:00\",\"mainEntityOfPage\":{\"@id\":\"https:\/\/www.suno.com.br\/noticias\/recuperacao-judicial-oi-oibr3-fim-juiz\/\"},\"wordCount\":669,\"publisher\":{\"@id\":\"https:\/\/www.suno.com.br\/noticias\/#organization\"},\"image\":{\"@id\":\"https:\/\/www.suno.com.br\/noticias\/recuperacao-judicial-oi-oibr3-fim-juiz\/#primaryimage\"},\"thumbnailUrl\":\"https:\/\/files.sunoresearch.com.br\/n\/uploads\/2021\/08\/bb1cedf7-loja-oi1.jpg\",\"keywords\":[\"Oi (OIBR3\/OIBR4)\",\"Oi M\u00f3vel\",\"recupera\u00e7\u00e3o judicial\"],\"articleSection\":[\"Neg\u00f3cios\"],\"inLanguage\":\"pt-BR\"},{\"@type\":\"WebPage\",\"@id\":\"https:\/\/www.suno.com.br\/noticias\/recuperacao-judicial-oi-oibr3-fim-juiz\/\",\"url\":\"https:\/\/www.suno.com.br\/noticias\/recuperacao-judicial-oi-oibr3-fim-juiz\/\",\"name\":\"Juiz deve estender recupera\u00e7\u00e3o judicial da Oi (OIBR3) por mais 2 meses\",\"isPartOf\":{\"@id\":\"https:\/\/www.suno.com.br\/noticias\/#website\"},\"primaryImageOfPage\":{\"@id\":\"https:\/\/www.suno.com.br\/noticias\/recuperacao-judicial-oi-oibr3-fim-juiz\/#primaryimage\"},\"image\":{\"@id\":\"https:\/\/www.suno.com.br\/noticias\/recuperacao-judicial-oi-oibr3-fim-juiz\/#primaryimage\"},\"thumbnailUrl\":\"https:\/\/files.sunoresearch.com.br\/n\/uploads\/2021\/08\/bb1cedf7-loja-oi1.jpg\",\"datePublished\":\"2022-03-30T12:04:19+00:00\",\"description\":\"O processo de recupera\u00e7\u00e3o judicial da Oi poder\u00e1 ser estendido por mais dois meses, ou seja, para maio -- m\u00eas aceito pelos credores. Veja aqui\",\"breadcrumb\":{\"@id\":\"https:\/\/www.suno.com.br\/noticias\/recuperacao-judicial-oi-oibr3-fim-juiz\/#breadcrumb\"},\"inLanguage\":\"pt-BR\",\"potentialAction\":[{\"@type\":\"ReadAction\",\"target\":[\"https:\/\/www.suno.com.br\/noticias\/recuperacao-judicial-oi-oibr3-fim-juiz\/\"]}]},{\"@type\":\"ImageObject\",\"inLanguage\":\"pt-BR\",\"@id\":\"https:\/\/www.suno.com.br\/noticias\/recuperacao-judicial-oi-oibr3-fim-juiz\/#primaryimage\",\"url\":\"https:\/\/files.sunoresearch.com.br\/n\/uploads\/2021\/08\/bb1cedf7-loja-oi1.jpg\",\"contentUrl\":\"https:\/\/files.sunoresearch.com.br\/n\/uploads\/2021\/08\/bb1cedf7-loja-oi1.jpg\",\"width\":2000,\"height\":1335,\"caption\":\"Oi. Foto: Divulga\u00e7\u00e3o\"},{\"@type\":\"BreadcrumbList\",\"@id\":\"https:\/\/www.suno.com.br\/noticias\/recuperacao-judicial-oi-oibr3-fim-juiz\/#breadcrumb\",\"itemListElement\":[{\"@type\":\"ListItem\",\"position\":1,\"name\":\"Not\u00edcias\",\"item\":\"https:\/\/www.suno.com.br\/noticias\/\"},{\"@type\":\"ListItem\",\"position\":2,\"name\":\"Neg\u00f3cios\",\"item\":\"https:\/\/www.suno.com.br\/noticias\/negocios\/\"},{\"@type\":\"ListItem\",\"position\":3,\"name\":\"Juiz deve estender recupera\u00e7\u00e3o judicial da Oi (OIBR3) por mais dois meses\"}]},{\"@type\":\"WebSite\",\"@id\":\"https:\/\/www.suno.com.br\/noticias\/#website\",\"url\":\"https:\/\/www.suno.com.br\/noticias\/\",\"name\":\"Suno Not\u00edcias\",\"description\":\"Seu portal de informa\u00e7\u00e3o sobre o mundo dos investimentos\",\"publisher\":{\"@id\":\"https:\/\/www.suno.com.br\/noticias\/#organization\"},\"potentialAction\":[{\"@type\":\"SearchAction\",\"target\":{\"@type\":\"EntryPoint\",\"urlTemplate\":\"https:\/\/www.suno.com.br\/noticias\/?s={search_term_string}\"},\"query-input\":{\"@type\":\"PropertyValueSpecification\",\"valueRequired\":true,\"valueName\":\"search_term_string\"}}],\"inLanguage\":\"pt-BR\"},{\"@type\":\"Organization\",\"@id\":\"https:\/\/www.suno.com.br\/noticias\/#organization\",\"name\":\"Suno Not\u00edcias\",\"url\":\"https:\/\/www.suno.com.br\/noticias\/\",\"logo\":{\"@type\":\"ImageObject\",\"inLanguage\":\"pt-BR\",\"@id\":\"https:\/\/www.suno.com.br\/noticias\/#\/schema\/logo\/image\/\",\"url\":\"https:\/\/files.sunoresearch.com.br\/n\/uploads\/2021\/09\/suno-logo.png\",\"contentUrl\":\"https:\/\/files.sunoresearch.com.br\/n\/uploads\/2021\/09\/suno-logo.png\",\"width\":180,\"height\":180,\"caption\":\"Suno Not\u00edcias\"},\"image\":{\"@id\":\"https:\/\/www.suno.com.br\/noticias\/#\/schema\/logo\/image\/\"},\"sameAs\":[\"https:\/\/facebook.com\/sunoresearch\",\"https:\/\/x.com\/sunoresearch\",\"https:\/\/www.instagram.com\/suno\",\"https:\/\/www.linkedin.com\/company\/suno-research\/\",\"https:\/\/www.youtube.com\/c\/sunoresearch\"]},{\"@type\":\"Person\",\"@id\":\"https:\/\/www.suno.com.br\/noticias\/#\/schema\/person\/02ec1f752758247878a2bf4abee1aeda\",\"name\":\"Poliana Santos\",\"image\":{\"@type\":\"ImageObject\",\"inLanguage\":\"pt-BR\",\"@id\":\"https:\/\/www.suno.com.br\/noticias\/#\/schema\/person\/image\/\",\"url\":\"https:\/\/secure.gravatar.com\/avatar\/0645bd32f23d87b2130f2b2dff1d3f8d?s=96&r=g\",\"contentUrl\":\"https:\/\/secure.gravatar.com\/avatar\/0645bd32f23d87b2130f2b2dff1d3f8d?s=96&r=g\",\"caption\":\"Poliana Santos\"},\"description\":\"Rep\u00f3rter no Suno Not\u00edcias, com cobertura em mercado financeiro, economia, finan\u00e7as pessoais, renda fixa e varejo. Jornalista formada pela Faculdade C\u00e1sper L\u00edbero e possui passagem na R\u00e1dio Gazeta AM com a produ\u00e7\u00e3o de conte\u00fado sobre economia, pol\u00edtica, sa\u00fade, moda e m\u00fasica. Possui certificado de conclus\u00e3o do curso de An\u00e1lise de Balan\u00e7os pela Funda\u00e7\u00e3o Bradesco, Agenda Brasil pela FAAP, Educa\u00e7\u00e3o Pol\u00edtica por Alexandre Garcia e do Tesouro Direto e Mercado de A\u00e7\u00f5es pela B3.\",\"url\":\"https:\/\/www.suno.com.br\/noticias\/author\/poliana-santos\/\"}]}<\/script>\n<!-- \/ Yoast SEO plugin. -->","yoast_head_json":{"title":"Juiz deve estender recupera\u00e7\u00e3o judicial da Oi (OIBR3) por mais 2 meses","description":"O processo de recupera\u00e7\u00e3o judicial da Oi poder\u00e1 ser estendido por mais dois meses, ou seja, para maio -- m\u00eas aceito pelos credores. Veja aqui","robots":{"index":"index","follow":"follow","max-snippet":"max-snippet:-1","max-image-preview":"max-image-preview:large","max-video-preview":"max-video-preview:-1"},"canonical":"https:\/\/www.suno.com.br\/noticias\/recuperacao-judicial-oi-oibr3-fim-juiz\/","og_locale":"pt_BR","og_type":"article","og_title":"Juiz deve estender recupera\u00e7\u00e3o judicial da Oi (OIBR3) por mais 2 meses","og_description":"O processo de recupera\u00e7\u00e3o judicial da Oi poder\u00e1 ser estendido por mais dois meses, ou seja, para maio -- m\u00eas aceito pelos credores. Veja aqui","og_url":"https:\/\/www.suno.com.br\/noticias\/recuperacao-judicial-oi-oibr3-fim-juiz\/","og_site_name":"Suno Not\u00edcias","article_publisher":"https:\/\/facebook.com\/sunoresearch","og_image":[{"width":2000,"height":1335,"url":"https:\/\/files.sunoresearch.com.br\/n\/uploads\/2021\/08\/bb1cedf7-loja-oi1.jpg","type":"image\/jpeg"}],"author":"Poliana Santos","twitter_card":"summary_large_image","twitter_creator":"@sunoresearch","twitter_site":"@sunoresearch","twitter_misc":{"Escrito por":"Poliana Santos","Est. tempo de leitura":"3 minutos"},"schema":{"@context":"https:\/\/schema.org","@graph":[{"@type":"NewsArticle","@id":"https:\/\/www.suno.com.br\/noticias\/recuperacao-judicial-oi-oibr3-fim-juiz\/#article","isPartOf":{"@id":"https:\/\/www.suno.com.br\/noticias\/recuperacao-judicial-oi-oibr3-fim-juiz\/"},"author":{"name":"Poliana Santos","@id":"https:\/\/www.suno.com.br\/noticias\/#\/schema\/person\/02ec1f752758247878a2bf4abee1aeda"},"headline":"Juiz deve estender recupera\u00e7\u00e3o judicial da Oi (OIBR3) por mais dois meses","datePublished":"2022-03-30T12:04:19+00:00","mainEntityOfPage":{"@id":"https:\/\/www.suno.com.br\/noticias\/recuperacao-judicial-oi-oibr3-fim-juiz\/"},"wordCount":669,"publisher":{"@id":"https:\/\/www.suno.com.br\/noticias\/#organization"},"image":{"@id":"https:\/\/www.suno.com.br\/noticias\/recuperacao-judicial-oi-oibr3-fim-juiz\/#primaryimage"},"thumbnailUrl":"https:\/\/files.sunoresearch.com.br\/n\/uploads\/2021\/08\/bb1cedf7-loja-oi1.jpg","keywords":["Oi (OIBR3\/OIBR4)","Oi M\u00f3vel","recupera\u00e7\u00e3o judicial"],"articleSection":["Neg\u00f3cios"],"inLanguage":"pt-BR"},{"@type":"WebPage","@id":"https:\/\/www.suno.com.br\/noticias\/recuperacao-judicial-oi-oibr3-fim-juiz\/","url":"https:\/\/www.suno.com.br\/noticias\/recuperacao-judicial-oi-oibr3-fim-juiz\/","name":"Juiz deve estender recupera\u00e7\u00e3o judicial da Oi (OIBR3) por mais 2 meses","isPartOf":{"@id":"https:\/\/www.suno.com.br\/noticias\/#website"},"primaryImageOfPage":{"@id":"https:\/\/www.suno.com.br\/noticias\/recuperacao-judicial-oi-oibr3-fim-juiz\/#primaryimage"},"image":{"@id":"https:\/\/www.suno.com.br\/noticias\/recuperacao-judicial-oi-oibr3-fim-juiz\/#primaryimage"},"thumbnailUrl":"https:\/\/files.sunoresearch.com.br\/n\/uploads\/2021\/08\/bb1cedf7-loja-oi1.jpg","datePublished":"2022-03-30T12:04:19+00:00","description":"O processo de recupera\u00e7\u00e3o judicial da Oi poder\u00e1 ser estendido por mais dois meses, ou seja, para maio -- m\u00eas aceito pelos credores. Veja aqui","breadcrumb":{"@id":"https:\/\/www.suno.com.br\/noticias\/recuperacao-judicial-oi-oibr3-fim-juiz\/#breadcrumb"},"inLanguage":"pt-BR","potentialAction":[{"@type":"ReadAction","target":["https:\/\/www.suno.com.br\/noticias\/recuperacao-judicial-oi-oibr3-fim-juiz\/"]}]},{"@type":"ImageObject","inLanguage":"pt-BR","@id":"https:\/\/www.suno.com.br\/noticias\/recuperacao-judicial-oi-oibr3-fim-juiz\/#primaryimage","url":"https:\/\/files.sunoresearch.com.br\/n\/uploads\/2021\/08\/bb1cedf7-loja-oi1.jpg","contentUrl":"https:\/\/files.sunoresearch.com.br\/n\/uploads\/2021\/08\/bb1cedf7-loja-oi1.jpg","width":2000,"height":1335,"caption":"Oi. Foto: Divulga\u00e7\u00e3o"},{"@type":"BreadcrumbList","@id":"https:\/\/www.suno.com.br\/noticias\/recuperacao-judicial-oi-oibr3-fim-juiz\/#breadcrumb","itemListElement":[{"@type":"ListItem","position":1,"name":"Not\u00edcias","item":"https:\/\/www.suno.com.br\/noticias\/"},{"@type":"ListItem","position":2,"name":"Neg\u00f3cios","item":"https:\/\/www.suno.com.br\/noticias\/negocios\/"},{"@type":"ListItem","position":3,"name":"Juiz deve estender recupera\u00e7\u00e3o judicial da Oi (OIBR3) por mais dois meses"}]},{"@type":"WebSite","@id":"https:\/\/www.suno.com.br\/noticias\/#website","url":"https:\/\/www.suno.com.br\/noticias\/","name":"Suno Not\u00edcias","description":"Seu portal de informa\u00e7\u00e3o sobre o mundo dos investimentos","publisher":{"@id":"https:\/\/www.suno.com.br\/noticias\/#organization"},"potentialAction":[{"@type":"SearchAction","target":{"@type":"EntryPoint","urlTemplate":"https:\/\/www.suno.com.br\/noticias\/?s={search_term_string}"},"query-input":{"@type":"PropertyValueSpecification","valueRequired":true,"valueName":"search_term_string"}}],"inLanguage":"pt-BR"},{"@type":"Organization","@id":"https:\/\/www.suno.com.br\/noticias\/#organization","name":"Suno Not\u00edcias","url":"https:\/\/www.suno.com.br\/noticias\/","logo":{"@type":"ImageObject","inLanguage":"pt-BR","@id":"https:\/\/www.suno.com.br\/noticias\/#\/schema\/logo\/image\/","url":"https:\/\/files.sunoresearch.com.br\/n\/uploads\/2021\/09\/suno-logo.png","contentUrl":"https:\/\/files.sunoresearch.com.br\/n\/uploads\/2021\/09\/suno-logo.png","width":180,"height":180,"caption":"Suno Not\u00edcias"},"image":{"@id":"https:\/\/www.suno.com.br\/noticias\/#\/schema\/logo\/image\/"},"sameAs":["https:\/\/facebook.com\/sunoresearch","https:\/\/x.com\/sunoresearch","https:\/\/www.instagram.com\/suno","https:\/\/www.linkedin.com\/company\/suno-research\/","https:\/\/www.youtube.com\/c\/sunoresearch"]},{"@type":"Person","@id":"https:\/\/www.suno.com.br\/noticias\/#\/schema\/person\/02ec1f752758247878a2bf4abee1aeda","name":"Poliana Santos","image":{"@type":"ImageObject","inLanguage":"pt-BR","@id":"https:\/\/www.suno.com.br\/noticias\/#\/schema\/person\/image\/","url":"https:\/\/secure.gravatar.com\/avatar\/0645bd32f23d87b2130f2b2dff1d3f8d?s=96&r=g","contentUrl":"https:\/\/secure.gravatar.com\/avatar\/0645bd32f23d87b2130f2b2dff1d3f8d?s=96&r=g","caption":"Poliana Santos"},"description":"Rep\u00f3rter no Suno Not\u00edcias, com cobertura em mercado financeiro, economia, finan\u00e7as pessoais, renda fixa e varejo. Jornalista formada pela Faculdade C\u00e1sper L\u00edbero e possui passagem na R\u00e1dio Gazeta AM com a produ\u00e7\u00e3o de conte\u00fado sobre economia, pol\u00edtica, sa\u00fade, moda e m\u00fasica. Possui certificado de conclus\u00e3o do curso de An\u00e1lise de Balan\u00e7os pela Funda\u00e7\u00e3o Bradesco, Agenda Brasil pela FAAP, Educa\u00e7\u00e3o Pol\u00edtica por Alexandre Garcia e do Tesouro Direto e Mercado de A\u00e7\u00f5es pela B3.","url":"https:\/\/www.suno.com.br\/noticias\/author\/poliana-santos\/"}]}},"default_loop_html":"<div class=\"cardsPage__listCard__boxs\"><div class=\"cardsPage__listCard__boxs__img\"><a href=\"https:\/\/www.suno.com.br\/noticias\/recuperacao-judicial-oi-oibr3-fim-juiz\/\"><img class=\"mask\" src=\"https:\/\/www.suno.com.br\/noticias\/wp-content\/themes\/suno\/resources\/images\/spotlight\/spotlight1img\/bg-mask.png\" alt=\"Image Mask\"\/><img src=\"https:\/\/files.sunoresearch.com.br\/n\/uploads\/2021\/08\/bb1cedf7-loja-oi1-400x200.jpg\" alt=\"Juiz deve estender recupera\u00e7\u00e3o judicial da Oi (OIBR3) por mais dois meses\"\/><\/a><span class=\"spotlightCategory\"><a href=\"https:\/\/www.suno.com.br\/noticias\/negocios\/\">Neg\u00f3cios<\/a><\/span><\/div><div class=\"cardsPage__listCard__boxs__content\"><a href=\"https:\/\/www.suno.com.br\/noticias\/recuperacao-judicial-oi-oibr3-fim-juiz\/\"><h2 class=\"content__title\">Juiz deve estender recupera\u00e7\u00e3o judicial da Oi (OIBR3) por mais dois meses<\/h2><\/a><div class=\"newsContent__article__meta\"><div class=\"newsContent__article__meta__authorBox\"><a href=\"https:\/\/www.suno.com.br\/noticias\/author\/poliana-santos\/\" class=\"authorBox__avatar noMobi\"><img src=\"https:\/\/files.sunoresearch.com.br\/n\/uploads\/2020\/08\/7ef34026-whatsapp-image-2020-08-03-at-12.37.57-150x150.webp\" alt=\"Poliana Santos\"><\/a><div class=\"authorBox__name\"><span>por\n\t\t\t<a href=\"https:\/\/www.suno.com.br\/noticias\/author\/poliana-santos\/\"><span itemprop=\"author\">Poliana Santos<\/span><\/a><\/span><time datetime=\"2022-03-30T09:04:19-03:00\" itemprop=\"datePublished\">30\/03\/2022 09:04<\/time><\/div><\/div><\/div><\/div><\/div>","single_layout":"posts","amp_enabled":true,"_links":{"self":[{"href":"https:\/\/www.suno.com.br\/noticias\/wp-json\/wp\/v2\/posts\/246229"}],"collection":[{"href":"https:\/\/www.suno.com.br\/noticias\/wp-json\/wp\/v2\/posts"}],"about":[{"href":"https:\/\/www.suno.com.br\/noticias\/wp-json\/wp\/v2\/types\/post"}],"author":[{"embeddable":true,"href":"https:\/\/www.suno.com.br\/noticias\/wp-json\/wp\/v2\/users\/15"}],"replies":[{"embeddable":true,"href":"https:\/\/www.suno.com.br\/noticias\/wp-json\/wp\/v2\/comments?post=246229"}],"version-history":[{"count":2,"href":"https:\/\/www.suno.com.br\/noticias\/wp-json\/wp\/v2\/posts\/246229\/revisions"}],"predecessor-version":[{"id":246256,"href":"https:\/\/www.suno.com.br\/noticias\/wp-json\/wp\/v2\/posts\/246229\/revisions\/246256"}],"wp:featuredmedia":[{"embeddable":true,"href":"https:\/\/www.suno.com.br\/noticias\/wp-json\/wp\/v2\/media\/177304"}],"wp:attachment":[{"href":"https:\/\/www.suno.com.br\/noticias\/wp-json\/wp\/v2\/media?parent=246229"}],"wp:term":[{"taxonomy":"category","embeddable":true,"href":"https:\/\/www.suno.com.br\/noticias\/wp-json\/wp\/v2\/categories?post=246229"},{"taxonomy":"post_tag","embeddable":true,"href":"https:\/\/www.suno.com.br\/noticias\/wp-json\/wp\/v2\/tags?post=246229"},{"taxonomy":"suno_strategy","embeddable":true,"href":"https:\/\/www.suno.com.br\/noticias\/wp-json\/wp\/v2\/suno_strategy?post=246229"}],"curies":[{"name":"wp","href":"https:\/\/api.w.org\/{rel}","templated":true}]}}