{"id":246136,"date":"2022-03-29T20:41:15","date_gmt":"2022-03-29T23:41:15","guid":{"rendered":"https:\/\/www.suno.com.br\/noticias\/?p=246136"},"modified":"2022-03-30T00:05:59","modified_gmt":"2022-03-30T03:05:59","slug":"petrobras-petr4-cvm-abre-processo-demissao-silva-e-luna","status":"publish","type":"post","link":"https:\/\/www.suno.com.br\/noticias\/petrobras-petr4-cvm-abre-processo-demissao-silva-e-luna\/","title":{"rendered":"Petrobras (PETR4): CVM vai investigar divulga\u00e7\u00e3o de not\u00edcia sobre sa\u00edda de Silva e Luna"},"content":{"rendered":"<p>A <a class=\"suno-keyword\" href=\"https:\/\/www.suno.com.br\/artigos\/cvm\/\" target=\"_blank\" rel=\"noopener\" data-force=\"no\" data-priority=\"2\">Comiss\u00e3o de Valores Mobili\u00e1rios (CVM)<\/a> anunciou a abertura de processo administrativo, por causa do vazamento de informa\u00e7\u00f5es sobre a demiss\u00e3o do general Joaquim Silva e Luna do comando da <strong>Petrobras<\/strong> (PETR4). A informa\u00e7\u00e3o da demiss\u00e3o circulou com o mercado de a\u00e7\u00f5es aberto, sem que a companhia tivesse se manifestado publicamente sobre o assunto, diz a CVM.<\/p>\t<div class=\"wrapper-featured-image\">\n\t\t<figure class=\"spotlightImg\">\n\n\t\t\t<picture>\n\t\t\t\t<source media=\"(max-width: 768px)\" srcset=\"https:\/\/files.sunoresearch.com.br\/n\/uploads\/2022\/03\/Conteudo25450-400x200.jpg\">\n\t\t\t\t<img loading=\"lazy\" decoding=\"async\" class=\"newsContent__article__imgCapa lazyloadDisabled \" src=\"https:\/\/files.sunoresearch.com.br\/n\/uploads\/2022\/03\/Conteudo25450-800x450.jpg\" width=\"800\" height=\"450\" alt=\"Petrobras (PETR4): CVM vai investigar divulga\u00e7\u00e3o de not\u00edcia sobre sa\u00edda de Silva e Luna\" fetchpriority=high \/>\n\t\t\t<\/picture>\n\n\t\t\t<figcaption class=\"wp-caption-text wp-caption-text--show\">Petrobras (PETR4) tem limite para adiar novos ajustes. Foto: Ag\u00eancia Petrobras.<\/figcaption>\n\t\t<\/figure>\n\t<\/div>\n\n\n\t<p>\n\t\t<a href=\"\" target=\"_blank\" data-element=\"shortcode-suno-banner\" title=\"Banner SUNO, clique e saiba mais\">\n\t\t\t<picture>\n\t\t\t\t<source media=\"(max-width: 500px)\" srcset=\"\">\n\t\t\t\t<img class=\"newsContent__article__imgCapa newsContent__article__imgCapa--banner\"\n\t\t\t\t\tsrc=\"\"\n\t\t\t\t\tdata-promo-id=\"138420\"\t\t\t\t\t\t\t\t\t\t\t\t\t\t\talt=\"\"\n\t\t\t\t>\n\t\t\t<\/picture>\n\t\t<\/a>\n\t<\/p>\n\n\n<p>O <strong>processo na CVM<\/strong> trata da supervis\u00e3o de not\u00edcias, fatos relevantes e comunicados e foi iniciado pela Superintend\u00eancia de Rela\u00e7\u00f5es com Empresas (SEP), que deve analisar os fatos recentes. Como a Petrobras \u00e9 listada em bolsa, seus movimentos precisam ser comunicados simultaneamente a todo o mercado, para n\u00e3o configurar vazamento de informa\u00e7\u00e3o.<\/p>\n\n\t<div data-element=\"shortcode-read-more\" class=\"readToo\">\n\t\t\t\t<span class=\"readToo__title\">Leia mais<\/span>\n\t\t\t\t<ul class=\"readToo__list\">\n\t\t\t<li><a href=\"https:\/\/www.suno.com.br\/noticias\/petrobras-petr4-novo-presidente-recomendacao-compra\/\">Dan\u00e7a das cadeiras na Petrobras (PETR4) n\u00e3o abala recomenda\u00e7\u00f5es e papel sobe<\/a><\/li><li><a href=\"https:\/\/www.suno.com.br\/noticias\/petrobras-petr4-presidente-adriano-pires-preco-gasolina\/\">Petrobras (PETR4): &#8216;Se algu\u00e9m segurar pre\u00e7o de combust\u00edvel est\u00e1 colocando o seu CPF na mesa&#8217;, diz Pires<\/a><\/li><li><a href=\"https:\/\/www.suno.com.br\/noticias\/bolsonaro-demissao-presidente-petrobras-petr4-jornal\/\">Troca na presid\u00eancia da Petrobras (PETR4): economista Adriano Pires vai substituir Silva e Luna<\/a><\/li>\t\t<\/ul>\n\t<\/div>\n\n\n<p>H\u00e1 cerca de um ano, a CVM abriu processo semelhante um dia ap\u00f3s o presidente Jair Bolsonaro anunciar, pelo Facebook, a <strong>indica\u00e7\u00e3o do general Silva e Luna<\/strong> para assumir os cargos de conselheiro de administra\u00e7\u00e3o e de <strong>presidente da estatal<\/strong> para o lugar do ent\u00e3o comandante da estatal, o economista <a class=\"suno-keyword\" href=\"https:\/\/www.suno.com.br\/tudo-sobre\/roberto-castello-branco\/\" target=\"_blank\" rel=\"noopener\" data-force=\"no\" data-priority=\"2\">Roberto Castello Branco<\/a>, hoje conselheiro de empresas.<\/p>\n\t<p>\n\t\t<a href=\"https:\/\/lp.suno.com.br\/planilha-da-vida-financeira\/\" target=\"_blank\" data-element=\"shortcode-suno-banner\" title=\"Banner SUNO, clique e saiba mais\">\n\t\t\t<picture>\n\t\t\t\t<source media=\"(max-width: 500px)\" srcset=\"https:\/\/files.sunoresearch.com.br\/n\/uploads\/2023\/04\/400x300-Planilha-vida-financeira-true.png\">\n\t\t\t\t<img class=\"newsContent__article__imgCapa newsContent__article__imgCapa--banner\"\n\t\t\t\t\tsrc=\"https:\/\/files.sunoresearch.com.br\/n\/uploads\/2023\/04\/1420x240-Planilha-vida-financeira-true.png\"\n\t\t\t\t\tdata-promo-id=\"106682\"\t\t\t\t\t\t\t\t\t\twidth='1420' height='240'\t\t\t\t\talt=\"https:\/\/files.sunoresearch.com.br\/n\/uploads\/2023\/04\/1420x240-Planilha-vida-financeira-true.png\"\n\t\t\t\t>\n\t\t\t<\/picture>\n\t\t<\/a>\n\t<\/p>\n\n\n<p>Procurada para comentar a <strong>abertura de processo<\/strong>, a CVM informou que n\u00e3o comenta casos espec\u00edficos. A autarquia pode abrir processo quando entende que precisa acompanhar os desdobramentos de algum assunto ou quando emite of\u00edcios solicitando esclarecimentos. Os processos podem evoluir para uma apura\u00e7\u00e3o mais aprofundada ou serem encerrados, caso a caso.<\/p>\n\t<p>\n\t\t<a href=\"https:\/\/lp.suno.com.br\/planilha-controle-gastos\/\" target=\"_blank\" data-element=\"shortcode-suno-banner\" title=\"Banner SUNO, clique e saiba mais\">\n\t\t\t<picture>\n\t\t\t\t<source media=\"(max-width: 500px)\" srcset=\"https:\/\/files.sunoresearch.com.br\/n\/uploads\/2023\/03\/400x300-Planilha-controle-de-gastos.png\">\n\t\t\t\t<img class=\"newsContent__article__imgCapa newsContent__article__imgCapa--banner\"\n\t\t\t\t\tsrc=\"https:\/\/files.sunoresearch.com.br\/n\/uploads\/2023\/03\/1420x240-Planilha-controle-de-gastos.png\"\n\t\t\t\t\tdata-promo-id=\"101751\"\t\t\t\t\t\t\t\t\t\twidth='1420' height='240'\t\t\t\t\talt=\"https:\/\/files.sunoresearch.com.br\/n\/uploads\/2023\/03\/1420x240-Planilha-controle-de-gastos.png\"\n\t\t\t\t>\n\t\t\t<\/picture>\n\t\t<\/a>\n\t<\/p>\n\n\n<p>&#8220;Conforme \u00e9 poss\u00edvel verificar no site da CVM, trata-se de <strong>processo administrativo<\/strong>, do tipo supervis\u00e3o, aberto no \u00e2mbito de not\u00edcias, fatos relevantes e comunicados relacionados \u00e0 referida companhia. A CVM n\u00e3o comenta casos espec\u00edficos&#8221;, informou a autarquia.<\/p>\n<p>Desde o ano passado a CVM abriu dez processos envolvendo <strong>not\u00edcias da estata<\/strong>l. Parte desses processos est\u00e1 relacionada a declara\u00e7\u00f5es do presidente Jair Bolsonaro sobre a pol\u00edtica de pre\u00e7os da estatal e outros temas, como a de que a privatiza\u00e7\u00e3o da Petrobras &#8220;entrou no radar&#8221;, de 27 de outubro do ano passado. Somente neste ano s\u00e3o tr\u00eas processos abertos.<\/p>\n\t<p>\n\t\t<a href=\"https:\/\/lp.suno.com.br\/ebook-como-analisar-uma-acao\/\" target=\"_blank\" data-element=\"shortcode-suno-banner\" title=\"Banner SUNO, clique e saiba mais\">\n\t\t\t<picture>\n\t\t\t\t<source media=\"(max-width: 500px)\" srcset=\"https:\/\/files.sunoresearch.com.br\/n\/uploads\/2023\/03\/Ebook-Acoes-Mobile-1.jpg\">\n\t\t\t\t<img class=\"newsContent__article__imgCapa newsContent__article__imgCapa--banner\"\n\t\t\t\t\tsrc=\"https:\/\/files.sunoresearch.com.br\/n\/uploads\/2023\/03\/Ebook-Acoes-Desktop-1.jpg\"\n\t\t\t\t\tdata-promo-id=\"171998\"\t\t\t\t\t\t\t\t\t\twidth='1420' height='286'\t\t\t\t\talt=\"https:\/\/files.sunoresearch.com.br\/n\/uploads\/2023\/03\/Ebook-Acoes-Desktop-1.jpg\"\n\t\t\t\t>\n\t\t\t<\/picture>\n\t\t<\/a>\n\t<\/p>\n\n\n<p>O Minist\u00e9rio de Minas e Energia confirmou na noite de ontem a <strong>indica\u00e7\u00e3o de Adriano Pires<\/strong> para suceder o general Silva e Luna no comando da <strong>Petrobras.<\/strong> O minist\u00e9rio informou ainda que foram indicados seis nomes pela Uni\u00e3o &#8211; como acionista controladora &#8211; para compor o <a class=\"suno-keyword\" href=\"https:\/\/www.suno.com.br\/artigos\/conselho-administracao\/\" target=\"_blank\" rel=\"noopener\" data-force=\"no\" data-priority=\"1\">conselho de administra\u00e7\u00e3o<\/a> da companhia. A assembleia ser\u00e1 realizada em 13 de abril.<\/p>\n<p class=\"newsProviderSignature\"><em>Com informa\u00e7\u00f5es do Estad\u00e3o Conte\u00fado<\/em><\/p>\n\t<p>\n\t\t<a href=\"https:\/\/lp.suno.com.br\/planilha-de-controle-de-investimentos\/\" target=\"_blank\" data-element=\"shortcode-suno-banner\" title=\"Banner SUNO, clique e saiba mais\">\n\t\t\t<picture>\n\t\t\t\t<source media=\"(max-width: 500px)\" srcset=\"https:\/\/files.sunoresearch.com.br\/n\/uploads\/2023\/03\/400x300-Controle-de-Investimentos.png\">\n\t\t\t\t<img class=\"newsContent__article__imgCapa newsContent__article__imgCapa--banner\"\n\t\t\t\t\tsrc=\"https:\/\/files.sunoresearch.com.br\/n\/uploads\/2023\/03\/1420x240-Controle-de-Investimentos.png\"\n\t\t\t\t\tdata-promo-id=\"75934\"\t\t\t\t\t\t\t\t\t\twidth='1420' height='240'\t\t\t\t\talt=\"https:\/\/files.sunoresearch.com.br\/n\/uploads\/2023\/03\/1420x240-Controle-de-Investimentos.png\"\n\t\t\t\t>\n\t\t\t<\/picture>\n\t\t<\/a>\n\t<\/p>\n\n\n","protected":false},"excerpt":{"rendered":"<p>A Comiss\u00e3o de Valores Mobili\u00e1rios (CVM) anunciou a abertura de processo administrativo, por causa do vazamento de informa\u00e7\u00f5es sobre a demiss\u00e3o do general Joaquim Silva e Luna do comando da Petrobras (PETR4). A informa\u00e7\u00e3o da demiss\u00e3o circulou com o mercado de a\u00e7\u00f5es aberto, sem que a companhia tivesse se manifestado publicamente sobre o assunto, diz [&hellip;]<\/p>\n","protected":false},"author":43,"featured_media":244075,"comment_status":"closed","ping_status":"closed","sticky":false,"template":"","format":"standard","meta":[],"categories":[64],"tags":[595],"suno_strategy":[],"class_list":["post-246136","post","type-post","status-publish","format-standard","has-post-thumbnail","hentry","category-negocios","tag-petrobras-petr4"],"yoast_head":"<!-- This site is optimized with the Yoast SEO plugin v24.4 - https:\/\/yoast.com\/wordpress\/plugins\/seo\/ -->\n<title>Petrobras (PETR4): CVM abre processo sobre companhia ap\u00f3s demiss\u00e3o<\/title>\n<meta name=\"description\" content=\"Segundo a CVM, a informa\u00e7\u00e3o circulou com o mercado de a\u00e7\u00f5es aberto, sem que a companhia tivesse se manifestado publicamente sobre o assunto\" \/>\n<meta name=\"robots\" content=\"index, follow, max-snippet:-1, max-image-preview:large, max-video-preview:-1\" \/>\n<link rel=\"canonical\" href=\"https:\/\/www.suno.com.br\/noticias\/petrobras-petr4-cvm-abre-processo-demissao-silva-e-luna\/\" \/>\n<meta property=\"og:locale\" content=\"pt_BR\" \/>\n<meta property=\"og:type\" content=\"article\" \/>\n<meta property=\"og:title\" content=\"Petrobras (PETR4): CVM abre processo sobre companhia ap\u00f3s demiss\u00e3o\" \/>\n<meta property=\"og:description\" content=\"Segundo a CVM, a informa\u00e7\u00e3o circulou com o mercado de a\u00e7\u00f5es aberto, sem que a companhia tivesse se manifestado publicamente sobre o assunto\" \/>\n<meta property=\"og:url\" content=\"https:\/\/www.suno.com.br\/noticias\/petrobras-petr4-cvm-abre-processo-demissao-silva-e-luna\/\" \/>\n<meta property=\"og:site_name\" content=\"Suno Not\u00edcias\" \/>\n<meta property=\"article:publisher\" content=\"https:\/\/facebook.com\/sunoresearch\" \/>\n<meta property=\"article:author\" content=\"https:\/\/www.facebook.com\/sunonoticias\/\" \/>\n<meta property=\"og:image\" content=\"https:\/\/files.sunoresearch.com.br\/n\/uploads\/2022\/03\/Conteudo25450-scaled.jpg\" \/>\n\t<meta property=\"og:image:width\" content=\"2560\" \/>\n\t<meta property=\"og:image:height\" content=\"1723\" \/>\n\t<meta property=\"og:image:type\" content=\"image\/jpeg\" \/>\n<meta name=\"author\" content=\"Reda\u00e7\u00e3o Suno Not\u00edcias\" \/>\n<meta name=\"twitter:card\" content=\"summary_large_image\" \/>\n<meta name=\"twitter:creator\" content=\"@https:\/\/twitter.com\/sunoresearch\" \/>\n<meta name=\"twitter:site\" content=\"@sunoresearch\" \/>\n<meta name=\"twitter:label1\" content=\"Escrito por\" \/>\n\t<meta name=\"twitter:data1\" content=\"Reda\u00e7\u00e3o Suno Not\u00edcias\" \/>\n\t<meta name=\"twitter:label2\" content=\"Est. tempo de leitura\" \/>\n\t<meta name=\"twitter:data2\" content=\"2 minutos\" \/>\n<script type=\"application\/ld+json\" class=\"yoast-schema-graph\">{\"@context\":\"https:\/\/schema.org\",\"@graph\":[{\"@type\":\"NewsArticle\",\"@id\":\"https:\/\/www.suno.com.br\/noticias\/petrobras-petr4-cvm-abre-processo-demissao-silva-e-luna\/#article\",\"isPartOf\":{\"@id\":\"https:\/\/www.suno.com.br\/noticias\/petrobras-petr4-cvm-abre-processo-demissao-silva-e-luna\/\"},\"author\":{\"name\":\"Reda\u00e7\u00e3o Suno Not\u00edcias\",\"@id\":\"https:\/\/www.suno.com.br\/noticias\/#\/schema\/person\/c1b1bd3727fa852bd045e9dbff3673ea\"},\"headline\":\"Petrobras (PETR4): CVM vai investigar divulga\u00e7\u00e3o de not\u00edcia sobre sa\u00edda de Silva e Luna\",\"datePublished\":\"2022-03-29T23:41:15+00:00\",\"dateModified\":\"2022-03-30T03:05:59+00:00\",\"mainEntityOfPage\":{\"@id\":\"https:\/\/www.suno.com.br\/noticias\/petrobras-petr4-cvm-abre-processo-demissao-silva-e-luna\/\"},\"wordCount\":452,\"publisher\":{\"@id\":\"https:\/\/www.suno.com.br\/noticias\/#organization\"},\"image\":{\"@id\":\"https:\/\/www.suno.com.br\/noticias\/petrobras-petr4-cvm-abre-processo-demissao-silva-e-luna\/#primaryimage\"},\"thumbnailUrl\":\"https:\/\/files.sunoresearch.com.br\/n\/uploads\/2022\/03\/Conteudo25450-scaled.jpg\",\"keywords\":[\"Petrobras (PETR4)\"],\"articleSection\":[\"Neg\u00f3cios\"],\"inLanguage\":\"pt-BR\"},{\"@type\":\"WebPage\",\"@id\":\"https:\/\/www.suno.com.br\/noticias\/petrobras-petr4-cvm-abre-processo-demissao-silva-e-luna\/\",\"url\":\"https:\/\/www.suno.com.br\/noticias\/petrobras-petr4-cvm-abre-processo-demissao-silva-e-luna\/\",\"name\":\"Petrobras (PETR4): CVM abre processo sobre companhia ap\u00f3s demiss\u00e3o\",\"isPartOf\":{\"@id\":\"https:\/\/www.suno.com.br\/noticias\/#website\"},\"primaryImageOfPage\":{\"@id\":\"https:\/\/www.suno.com.br\/noticias\/petrobras-petr4-cvm-abre-processo-demissao-silva-e-luna\/#primaryimage\"},\"image\":{\"@id\":\"https:\/\/www.suno.com.br\/noticias\/petrobras-petr4-cvm-abre-processo-demissao-silva-e-luna\/#primaryimage\"},\"thumbnailUrl\":\"https:\/\/files.sunoresearch.com.br\/n\/uploads\/2022\/03\/Conteudo25450-scaled.jpg\",\"datePublished\":\"2022-03-29T23:41:15+00:00\",\"dateModified\":\"2022-03-30T03:05:59+00:00\",\"description\":\"Segundo a CVM, a informa\u00e7\u00e3o circulou com o mercado de a\u00e7\u00f5es aberto, sem que a companhia tivesse se manifestado publicamente sobre o assunto\",\"breadcrumb\":{\"@id\":\"https:\/\/www.suno.com.br\/noticias\/petrobras-petr4-cvm-abre-processo-demissao-silva-e-luna\/#breadcrumb\"},\"inLanguage\":\"pt-BR\",\"potentialAction\":[{\"@type\":\"ReadAction\",\"target\":[\"https:\/\/www.suno.com.br\/noticias\/petrobras-petr4-cvm-abre-processo-demissao-silva-e-luna\/\"]}]},{\"@type\":\"ImageObject\",\"inLanguage\":\"pt-BR\",\"@id\":\"https:\/\/www.suno.com.br\/noticias\/petrobras-petr4-cvm-abre-processo-demissao-silva-e-luna\/#primaryimage\",\"url\":\"https:\/\/files.sunoresearch.com.br\/n\/uploads\/2022\/03\/Conteudo25450-scaled.jpg\",\"contentUrl\":\"https:\/\/files.sunoresearch.com.br\/n\/uploads\/2022\/03\/Conteudo25450-scaled.jpg\",\"width\":2560,\"height\":1723,\"caption\":\"Petrobras (PETR4) tem limite para adiar novos ajustes. Foto: Ag\u00eancia Petrobras.\"},{\"@type\":\"BreadcrumbList\",\"@id\":\"https:\/\/www.suno.com.br\/noticias\/petrobras-petr4-cvm-abre-processo-demissao-silva-e-luna\/#breadcrumb\",\"itemListElement\":[{\"@type\":\"ListItem\",\"position\":1,\"name\":\"Not\u00edcias\",\"item\":\"https:\/\/www.suno.com.br\/noticias\/\"},{\"@type\":\"ListItem\",\"position\":2,\"name\":\"Neg\u00f3cios\",\"item\":\"https:\/\/www.suno.com.br\/noticias\/negocios\/\"},{\"@type\":\"ListItem\",\"position\":3,\"name\":\"Petrobras (PETR4): CVM vai investigar divulga\u00e7\u00e3o de not\u00edcia sobre sa\u00edda de Silva e Luna\"}]},{\"@type\":\"WebSite\",\"@id\":\"https:\/\/www.suno.com.br\/noticias\/#website\",\"url\":\"https:\/\/www.suno.com.br\/noticias\/\",\"name\":\"Suno Not\u00edcias\",\"description\":\"Seu portal de informa\u00e7\u00e3o sobre o mundo dos investimentos\",\"publisher\":{\"@id\":\"https:\/\/www.suno.com.br\/noticias\/#organization\"},\"potentialAction\":[{\"@type\":\"SearchAction\",\"target\":{\"@type\":\"EntryPoint\",\"urlTemplate\":\"https:\/\/www.suno.com.br\/noticias\/?s={search_term_string}\"},\"query-input\":{\"@type\":\"PropertyValueSpecification\",\"valueRequired\":true,\"valueName\":\"search_term_string\"}}],\"inLanguage\":\"pt-BR\"},{\"@type\":\"Organization\",\"@id\":\"https:\/\/www.suno.com.br\/noticias\/#organization\",\"name\":\"Suno Not\u00edcias\",\"url\":\"https:\/\/www.suno.com.br\/noticias\/\",\"logo\":{\"@type\":\"ImageObject\",\"inLanguage\":\"pt-BR\",\"@id\":\"https:\/\/www.suno.com.br\/noticias\/#\/schema\/logo\/image\/\",\"url\":\"https:\/\/files.sunoresearch.com.br\/n\/uploads\/2021\/09\/suno-logo.png\",\"contentUrl\":\"https:\/\/files.sunoresearch.com.br\/n\/uploads\/2021\/09\/suno-logo.png\",\"width\":180,\"height\":180,\"caption\":\"Suno Not\u00edcias\"},\"image\":{\"@id\":\"https:\/\/www.suno.com.br\/noticias\/#\/schema\/logo\/image\/\"},\"sameAs\":[\"https:\/\/facebook.com\/sunoresearch\",\"https:\/\/x.com\/sunoresearch\",\"https:\/\/www.instagram.com\/suno\",\"https:\/\/www.linkedin.com\/company\/suno-research\/\",\"https:\/\/www.youtube.com\/c\/sunoresearch\"]},{\"@type\":\"Person\",\"@id\":\"https:\/\/www.suno.com.br\/noticias\/#\/schema\/person\/c1b1bd3727fa852bd045e9dbff3673ea\",\"name\":\"Reda\u00e7\u00e3o Suno Not\u00edcias\",\"image\":{\"@type\":\"ImageObject\",\"inLanguage\":\"pt-BR\",\"@id\":\"https:\/\/www.suno.com.br\/noticias\/#\/schema\/person\/image\/\",\"url\":\"https:\/\/secure.gravatar.com\/avatar\/b8104b9b5a71985d5238ee59fbe418af?s=96&r=g\",\"contentUrl\":\"https:\/\/secure.gravatar.com\/avatar\/b8104b9b5a71985d5238ee59fbe418af?s=96&r=g\",\"caption\":\"Reda\u00e7\u00e3o Suno Not\u00edcias\"},\"description\":\"O Suno Not\u00edcias \u00e9 um portal de informa\u00e7\u00f5es sobre Mercado Financeiro, Pol\u00edtica, Neg\u00f3cios, Economia e Finan\u00e7as Pessoais.\",\"sameAs\":[\"https:\/\/www.suno.com.br\/noticias\",\"https:\/\/www.facebook.com\/sunonoticias\/\",\"https:\/\/www.instagram.com\/sunonoticias\/\",\"https:\/\/x.com\/https:\/\/twitter.com\/sunoresearch\",\"https:\/\/www.youtube.com\/sunonoticias\"],\"url\":\"https:\/\/www.suno.com.br\/noticias\/author\/redacao-suno\/\"}]}<\/script>\n<!-- \/ Yoast SEO plugin. -->","yoast_head_json":{"title":"Petrobras (PETR4): CVM abre processo sobre companhia ap\u00f3s demiss\u00e3o","description":"Segundo a CVM, a informa\u00e7\u00e3o circulou com o mercado de a\u00e7\u00f5es aberto, sem que a companhia tivesse se manifestado publicamente sobre o assunto","robots":{"index":"index","follow":"follow","max-snippet":"max-snippet:-1","max-image-preview":"max-image-preview:large","max-video-preview":"max-video-preview:-1"},"canonical":"https:\/\/www.suno.com.br\/noticias\/petrobras-petr4-cvm-abre-processo-demissao-silva-e-luna\/","og_locale":"pt_BR","og_type":"article","og_title":"Petrobras (PETR4): CVM abre processo sobre companhia ap\u00f3s demiss\u00e3o","og_description":"Segundo a CVM, a informa\u00e7\u00e3o circulou com o mercado de a\u00e7\u00f5es aberto, sem que a companhia tivesse se manifestado publicamente sobre o assunto","og_url":"https:\/\/www.suno.com.br\/noticias\/petrobras-petr4-cvm-abre-processo-demissao-silva-e-luna\/","og_site_name":"Suno Not\u00edcias","article_publisher":"https:\/\/facebook.com\/sunoresearch","article_author":"https:\/\/www.facebook.com\/sunonoticias\/","og_image":[{"width":2560,"height":1723,"url":"https:\/\/files.sunoresearch.com.br\/n\/uploads\/2022\/03\/Conteudo25450-scaled.jpg","type":"image\/jpeg"}],"author":"Reda\u00e7\u00e3o Suno Not\u00edcias","twitter_card":"summary_large_image","twitter_creator":"@https:\/\/twitter.com\/sunoresearch","twitter_site":"@sunoresearch","twitter_misc":{"Escrito por":"Reda\u00e7\u00e3o Suno Not\u00edcias","Est. tempo de leitura":"2 minutos"},"schema":{"@context":"https:\/\/schema.org","@graph":[{"@type":"NewsArticle","@id":"https:\/\/www.suno.com.br\/noticias\/petrobras-petr4-cvm-abre-processo-demissao-silva-e-luna\/#article","isPartOf":{"@id":"https:\/\/www.suno.com.br\/noticias\/petrobras-petr4-cvm-abre-processo-demissao-silva-e-luna\/"},"author":{"name":"Reda\u00e7\u00e3o Suno Not\u00edcias","@id":"https:\/\/www.suno.com.br\/noticias\/#\/schema\/person\/c1b1bd3727fa852bd045e9dbff3673ea"},"headline":"Petrobras (PETR4): CVM vai investigar divulga\u00e7\u00e3o de not\u00edcia sobre sa\u00edda de Silva e Luna","datePublished":"2022-03-29T23:41:15+00:00","dateModified":"2022-03-30T03:05:59+00:00","mainEntityOfPage":{"@id":"https:\/\/www.suno.com.br\/noticias\/petrobras-petr4-cvm-abre-processo-demissao-silva-e-luna\/"},"wordCount":452,"publisher":{"@id":"https:\/\/www.suno.com.br\/noticias\/#organization"},"image":{"@id":"https:\/\/www.suno.com.br\/noticias\/petrobras-petr4-cvm-abre-processo-demissao-silva-e-luna\/#primaryimage"},"thumbnailUrl":"https:\/\/files.sunoresearch.com.br\/n\/uploads\/2022\/03\/Conteudo25450-scaled.jpg","keywords":["Petrobras (PETR4)"],"articleSection":["Neg\u00f3cios"],"inLanguage":"pt-BR"},{"@type":"WebPage","@id":"https:\/\/www.suno.com.br\/noticias\/petrobras-petr4-cvm-abre-processo-demissao-silva-e-luna\/","url":"https:\/\/www.suno.com.br\/noticias\/petrobras-petr4-cvm-abre-processo-demissao-silva-e-luna\/","name":"Petrobras (PETR4): CVM abre processo sobre companhia ap\u00f3s demiss\u00e3o","isPartOf":{"@id":"https:\/\/www.suno.com.br\/noticias\/#website"},"primaryImageOfPage":{"@id":"https:\/\/www.suno.com.br\/noticias\/petrobras-petr4-cvm-abre-processo-demissao-silva-e-luna\/#primaryimage"},"image":{"@id":"https:\/\/www.suno.com.br\/noticias\/petrobras-petr4-cvm-abre-processo-demissao-silva-e-luna\/#primaryimage"},"thumbnailUrl":"https:\/\/files.sunoresearch.com.br\/n\/uploads\/2022\/03\/Conteudo25450-scaled.jpg","datePublished":"2022-03-29T23:41:15+00:00","dateModified":"2022-03-30T03:05:59+00:00","description":"Segundo a CVM, a informa\u00e7\u00e3o circulou com o mercado de a\u00e7\u00f5es aberto, sem que a companhia tivesse se manifestado publicamente sobre o assunto","breadcrumb":{"@id":"https:\/\/www.suno.com.br\/noticias\/petrobras-petr4-cvm-abre-processo-demissao-silva-e-luna\/#breadcrumb"},"inLanguage":"pt-BR","potentialAction":[{"@type":"ReadAction","target":["https:\/\/www.suno.com.br\/noticias\/petrobras-petr4-cvm-abre-processo-demissao-silva-e-luna\/"]}]},{"@type":"ImageObject","inLanguage":"pt-BR","@id":"https:\/\/www.suno.com.br\/noticias\/petrobras-petr4-cvm-abre-processo-demissao-silva-e-luna\/#primaryimage","url":"https:\/\/files.sunoresearch.com.br\/n\/uploads\/2022\/03\/Conteudo25450-scaled.jpg","contentUrl":"https:\/\/files.sunoresearch.com.br\/n\/uploads\/2022\/03\/Conteudo25450-scaled.jpg","width":2560,"height":1723,"caption":"Petrobras (PETR4) tem limite para adiar novos ajustes. Foto: Ag\u00eancia Petrobras."},{"@type":"BreadcrumbList","@id":"https:\/\/www.suno.com.br\/noticias\/petrobras-petr4-cvm-abre-processo-demissao-silva-e-luna\/#breadcrumb","itemListElement":[{"@type":"ListItem","position":1,"name":"Not\u00edcias","item":"https:\/\/www.suno.com.br\/noticias\/"},{"@type":"ListItem","position":2,"name":"Neg\u00f3cios","item":"https:\/\/www.suno.com.br\/noticias\/negocios\/"},{"@type":"ListItem","position":3,"name":"Petrobras (PETR4): CVM vai investigar divulga\u00e7\u00e3o de not\u00edcia sobre sa\u00edda de Silva e Luna"}]},{"@type":"WebSite","@id":"https:\/\/www.suno.com.br\/noticias\/#website","url":"https:\/\/www.suno.com.br\/noticias\/","name":"Suno Not\u00edcias","description":"Seu portal de informa\u00e7\u00e3o sobre o mundo dos investimentos","publisher":{"@id":"https:\/\/www.suno.com.br\/noticias\/#organization"},"potentialAction":[{"@type":"SearchAction","target":{"@type":"EntryPoint","urlTemplate":"https:\/\/www.suno.com.br\/noticias\/?s={search_term_string}"},"query-input":{"@type":"PropertyValueSpecification","valueRequired":true,"valueName":"search_term_string"}}],"inLanguage":"pt-BR"},{"@type":"Organization","@id":"https:\/\/www.suno.com.br\/noticias\/#organization","name":"Suno Not\u00edcias","url":"https:\/\/www.suno.com.br\/noticias\/","logo":{"@type":"ImageObject","inLanguage":"pt-BR","@id":"https:\/\/www.suno.com.br\/noticias\/#\/schema\/logo\/image\/","url":"https:\/\/files.sunoresearch.com.br\/n\/uploads\/2021\/09\/suno-logo.png","contentUrl":"https:\/\/files.sunoresearch.com.br\/n\/uploads\/2021\/09\/suno-logo.png","width":180,"height":180,"caption":"Suno Not\u00edcias"},"image":{"@id":"https:\/\/www.suno.com.br\/noticias\/#\/schema\/logo\/image\/"},"sameAs":["https:\/\/facebook.com\/sunoresearch","https:\/\/x.com\/sunoresearch","https:\/\/www.instagram.com\/suno","https:\/\/www.linkedin.com\/company\/suno-research\/","https:\/\/www.youtube.com\/c\/sunoresearch"]},{"@type":"Person","@id":"https:\/\/www.suno.com.br\/noticias\/#\/schema\/person\/c1b1bd3727fa852bd045e9dbff3673ea","name":"Reda\u00e7\u00e3o Suno Not\u00edcias","image":{"@type":"ImageObject","inLanguage":"pt-BR","@id":"https:\/\/www.suno.com.br\/noticias\/#\/schema\/person\/image\/","url":"https:\/\/secure.gravatar.com\/avatar\/b8104b9b5a71985d5238ee59fbe418af?s=96&r=g","contentUrl":"https:\/\/secure.gravatar.com\/avatar\/b8104b9b5a71985d5238ee59fbe418af?s=96&r=g","caption":"Reda\u00e7\u00e3o Suno Not\u00edcias"},"description":"O Suno Not\u00edcias \u00e9 um portal de informa\u00e7\u00f5es sobre Mercado Financeiro, Pol\u00edtica, Neg\u00f3cios, Economia e Finan\u00e7as Pessoais.","sameAs":["https:\/\/www.suno.com.br\/noticias","https:\/\/www.facebook.com\/sunonoticias\/","https:\/\/www.instagram.com\/sunonoticias\/","https:\/\/x.com\/https:\/\/twitter.com\/sunoresearch","https:\/\/www.youtube.com\/sunonoticias"],"url":"https:\/\/www.suno.com.br\/noticias\/author\/redacao-suno\/"}]}},"default_loop_html":"<div class=\"cardsPage__listCard__boxs\"><div class=\"cardsPage__listCard__boxs__img\"><a href=\"https:\/\/www.suno.com.br\/noticias\/bolsonaro-demissao-presidente-petrobras-petr4-jornal\/\"><img class=\"mask\" src=\"https:\/\/www.suno.com.br\/noticias\/wp-content\/themes\/suno\/resources\/images\/spotlight\/spotlight1img\/bg-mask.png\" alt=\"Image Mask\"\/><img src=\"https:\/\/files.sunoresearch.com.br\/n\/uploads\/2022\/03\/silva-e-luna-adriano-pires-400x200.jpg\" alt=\"Troca na presid\u00eancia da Petrobras (PETR4): economista Adriano Pires vai substituir Silva e Luna\"\/><\/a><span class=\"spotlightCategory\"><a href=\"https:\/\/www.suno.com.br\/noticias\/politica\/\">Pol\u00edtica<\/a><\/span><\/div><div class=\"cardsPage__listCard__boxs__content\"><a href=\"https:\/\/www.suno.com.br\/noticias\/bolsonaro-demissao-presidente-petrobras-petr4-jornal\/\"><h2 class=\"content__title\">Troca na presid\u00eancia da Petrobras (PETR4): economista Adriano Pires vai substituir Silva e Luna<\/h2><\/a><div class=\"newsContent__article__meta\"><div class=\"newsContent__article__meta__authorBox\"><a href=\"https:\/\/www.suno.com.br\/noticias\/author\/marco-lopes\/\" class=\"authorBox__avatar noMobi\"><img src=\"https:\/\/secure.gravatar.com\/avatar\/385167b012fbc1cde32c5446ee253313?s=96&#038;r=g\" alt=\"Marco Ant\u00f4nio Lopes\"><\/a><div class=\"authorBox__name\"><span>por\n\t\t\t<a href=\"https:\/\/www.suno.com.br\/noticias\/author\/marco-lopes\/\"><span itemprop=\"author\">Marco Ant\u00f4nio Lopes<\/span><\/a><\/span><time datetime=\"2022-03-28T17:15:21-03:00\" itemprop=\"datePublished\">28\/03\/2022 17:15<\/time><\/div><\/div><\/div><\/div><\/div>","single_layout":"posts","amp_enabled":true,"_links":{"self":[{"href":"https:\/\/www.suno.com.br\/noticias\/wp-json\/wp\/v2\/posts\/246136"}],"collection":[{"href":"https:\/\/www.suno.com.br\/noticias\/wp-json\/wp\/v2\/posts"}],"about":[{"href":"https:\/\/www.suno.com.br\/noticias\/wp-json\/wp\/v2\/types\/post"}],"author":[{"embeddable":true,"href":"https:\/\/www.suno.com.br\/noticias\/wp-json\/wp\/v2\/users\/43"}],"replies":[{"embeddable":true,"href":"https:\/\/www.suno.com.br\/noticias\/wp-json\/wp\/v2\/comments?post=246136"}],"version-history":[{"count":3,"href":"https:\/\/www.suno.com.br\/noticias\/wp-json\/wp\/v2\/posts\/246136\/revisions"}],"predecessor-version":[{"id":246219,"href":"https:\/\/www.suno.com.br\/noticias\/wp-json\/wp\/v2\/posts\/246136\/revisions\/246219"}],"wp:featuredmedia":[{"embeddable":true,"href":"https:\/\/www.suno.com.br\/noticias\/wp-json\/wp\/v2\/media\/244075"}],"wp:attachment":[{"href":"https:\/\/www.suno.com.br\/noticias\/wp-json\/wp\/v2\/media?parent=246136"}],"wp:term":[{"taxonomy":"category","embeddable":true,"href":"https:\/\/www.suno.com.br\/noticias\/wp-json\/wp\/v2\/categories?post=246136"},{"taxonomy":"post_tag","embeddable":true,"href":"https:\/\/www.suno.com.br\/noticias\/wp-json\/wp\/v2\/tags?post=246136"},{"taxonomy":"suno_strategy","embeddable":true,"href":"https:\/\/www.suno.com.br\/noticias\/wp-json\/wp\/v2\/suno_strategy?post=246136"}],"curies":[{"name":"wp","href":"https:\/\/api.w.org\/{rel}","templated":true}]}}