{"id":24609,"date":"2019-05-15T10:32:08","date_gmt":"2019-05-15T13:32:08","guid":{"rendered":"https:\/\/www.suno.com.br\/noticias\/?p=24609"},"modified":"2021-02-17T22:30:17","modified_gmt":"2021-02-18T01:30:17","slug":"via-varejo-michael-klein-xp-compra-acoes","status":"publish","type":"post","link":"https:\/\/www.suno.com.br\/noticias\/via-varejo-michael-klein-xp-compra-acoes\/","title":{"rendered":"Via Varejo confirma inten\u00e7\u00e3o de Michael Klein e XP em compra de a\u00e7\u00f5es"},"content":{"rendered":"<p>A Via Varejo confirmou que o empres\u00e1rio <strong>Michael Klein<\/strong> e a <strong>XP Asset Management<\/strong> t\u00eam inten\u00e7\u00f5es na compra de suas <strong>a\u00e7\u00f5es.<\/strong> A informa\u00e7\u00e3o foi publicada atrav\u00e9s de comunicado ao mercado divulgado nesta quarta-feira (15).<\/p>\t<div class=\"wrapper-featured-image\">\n\t\t<figure class=\"spotlightImg\">\n\n\t\t\t<picture>\n\t\t\t\t<source media=\"(max-width: 768px)\" srcset=\"https:\/\/files.sunoresearch.com.br\/n\/uploads\/2019\/05\/cb4d8bbb-via-varejo-400x200.webp\">\n\t\t\t\t<img loading=\"lazy\" decoding=\"async\" class=\"newsContent__article__imgCapa lazyloadDisabled newsContent__article__imgCapa--noCaption\" src=\"https:\/\/files.sunoresearch.com.br\/n\/uploads\/2019\/05\/cb4d8bbb-via-varejo-800x450.webp\" width=\"800\" height=\"450\" alt=\"Via Varejo confirma inten\u00e7\u00e3o de Michael Klein e XP em compra de a\u00e7\u00f5es\" fetchpriority=high \/>\n\t\t\t<\/picture>\n\n\t\t\t<figcaption class=\"wp-caption-text wp-caption-text--hide\">Via Varejo enfrenta volatilidade e desconfian\u00e7a ap\u00f3s fraudes<\/figcaption>\n\t\t<\/figure>\n\t<\/div>\n\n\n<p>Dessa forma, o documento diz que <strong>Klein<\/strong> informou \u00e0 <strong>Via Varejo<\/strong> que est\u00e1 no processo de contratar a consultoria <strong>XP<\/strong> para a avalia\u00e7\u00e3o do neg\u00f3cio. Entretanto, a <strong>varejista<\/strong> afirmou que ainda n\u00e3o h\u00e1 nada definido.<\/p>\n\t<p>\n\t\t<a href=\"https:\/\/lp.suno.com.br\/ao\/sessao-estrategica-consultoria-c\/?utm_source=suno-noticias&#038;utm_medium=banner&#038;utm_campaing=banco-master-cdbs\" target=\"_blank\" data-element=\"shortcode-suno-banner\" title=\"Banner SUNO, clique e saiba mais\">\n\t\t\t<picture>\n\t\t\t\t<source media=\"(max-width: 500px)\" srcset=\"https:\/\/files.sunoresearch.com.br\/n\/uploads\/2025\/09\/300x400.webp\">\n\t\t\t\t<img class=\"newsContent__article__imgCapa newsContent__article__imgCapa--banner\"\n\t\t\t\t\tsrc=\"https:\/\/files.sunoresearch.com.br\/n\/uploads\/2025\/09\/SN-DT-1420x240-1.webp\"\n\t\t\t\t\tdata-promo-id=\"624064\"\t\t\t\t\t\t\t\t\t\twidth='1420' height='240'\t\t\t\t\talt=\"https:\/\/files.sunoresearch.com.br\/n\/uploads\/2025\/09\/SN-DT-1420x240-1.webp\"\n\t\t\t\t>\n\t\t\t<\/picture>\n\t\t<\/a>\n\t<\/p>\n\n\n<p>&#8220;At\u00e9 o presente momento n\u00e3o h\u00e1 qualquer defini\u00e7\u00e3o sobre a realiza\u00e7\u00e3o ou n\u00e3o dessa aquisi\u00e7\u00e3o em bolsa de valores de a\u00e7\u00f5es de emiss\u00e3o da Companhia&#8221;, informou.<\/p>\n<p><a href=\"https:\/\/www.suno.com.br\/noticias\/xp-e-klein-preparam-proposta-conjunta-para-via-varejo\/\">Saiba Mais: XP e Klein preparam proposta conjunta para Via Varejo<\/a><\/p>\n<p>O comunicado foi divulgado em resposta a Of\u00edcio da\u00a0<strong><a href=\"https:\/\/www.suno.com.br\/artigos\/b3\">B3 (Brasil, Bolsa, Balc\u00e3o)<\/a><\/strong> e da\u00a0<strong><a href=\"https:\/\/www.suno.com.br\/artigos\/cvm\/\">Comiss\u00e3o de Valores Mobili\u00e1rios (CVM)<\/a>\u00a0<\/strong>sobre boatos da negocia\u00e7\u00e3o.<\/p>\n<p style=\"text-align: center;\"><iframe loading=\"lazy\" src=\"https:\/\/www.youtube.com\/embed\/GvXRXOCFjks\" width=\"560\" height=\"315\" frameborder=\"0\" allowfullscreen=\"allowfullscreen\"><\/iframe><\/p>\n<h2>Aquisi\u00e7\u00e3o da Via Varejo<\/h2>\n<p>A informa\u00e7\u00e3o de que o empres\u00e1rio <strong>Michael Klein<\/strong> estaria se unindo \u00e0 <strong>XP Asset Management<\/strong> foi divulgada pelo &#8220;Valor Econ\u00f4mico&#8221; na segunda-feira (13). De acordo com o jornal, as duas partes estariam trabalhando em uma proposta para compra das <strong>a\u00e7\u00f5es.<\/strong><\/p>\n<p>Na opera\u00e7\u00e3o, a\u00a0<strong>XP<\/strong> criaria um fundo espec\u00edfico para veicular a opera\u00e7\u00e3o de compra das <strong>a\u00e7\u00f5es.<\/strong> A corretora cuidaria da parte financeira, enquanto o comando da opera\u00e7\u00e3o ficaria por conta de <strong>Klein.<\/strong> J\u00e1 teria sido at\u00e9 decidido o nome do executivo que lideraria a <strong>Via Varejo<\/strong> ap\u00f3s a aquisi\u00e7\u00e3o.<\/p>\n<p>Atualmente, a <strong>XP<\/strong> controla 1,85% das a\u00e7\u00f5es da <strong>varejista<\/strong> atrav\u00e9s de uma s\u00e9rie de fundos.\u00a0Por sua vez, <strong>Klein<\/strong> possui 25,24% das a\u00e7\u00f5es da empresa. Por outro lado, o <strong>Grupo P\u00e3o de A\u00e7\u00facar<\/strong> det\u00e9m 36,27% das a\u00e7\u00f5es.<\/p>\n<p><a href=\"https:\/\/www.suno.com.br\/noticias\/via-varejo-alta-acoes-aquisicao\/\">Saiba Mais: Via Varejo tem alta nas a\u00e7\u00f5es ap\u00f3s an\u00fancio de aquisi\u00e7\u00e3o<\/a><\/p>\n<p>A proposta vem em um momento em que os resultados da <strong>Via Varejo<\/strong> n\u00e3o foram positivos. Isso porque a\u00a0varejista registrou um <strong>preju\u00edzo<\/strong> total de R$ 49 milh\u00f5es no primeiro trimestre de 2019. Essa \u00e9 a terceira vez consecutiva de preju\u00edzos trimestrais. Os analistas estimavam um saldo <strong>negativo<\/strong> de R$ 5,2 milh\u00f5es.\u00a0No quarto trimestre de 2018 o preju\u00edzo l\u00edquido foi de R$ 279 milh\u00f5es.<\/p>\n","protected":false},"excerpt":{"rendered":"<p>A Via Varejo confirmou que o empres\u00e1rio Michael Klein e a XP Asset Management t\u00eam inten\u00e7\u00f5es na compra de suas a\u00e7\u00f5es. A informa\u00e7\u00e3o foi publicada atrav\u00e9s de comunicado ao mercado divulgado nesta quarta-feira (15). Via Varejo enfrenta volatilidade e desconfian\u00e7a ap\u00f3s fraudes Dessa forma, o documento diz que Klein informou \u00e0 Via Varejo que est\u00e1 [&hellip;]<\/p>\n","protected":false},"author":16,"featured_media":24614,"comment_status":"closed","ping_status":"closed","sticky":false,"template":"","format":"standard","meta":[],"categories":[64],"tags":[1964,106935],"suno_strategy":[],"class_list":["post-24609","post","type-post","status-publish","format-standard","has-post-thumbnail","hentry","category-negocios","tag-grupo-pao-de-acucar-pcar3-pcar4","tag-via-viia3"],"yoast_head":"<!-- This site is optimized with the Yoast SEO plugin v24.4 - https:\/\/yoast.com\/wordpress\/plugins\/seo\/ -->\n<title>Via Varejo confirma inten\u00e7\u00e3o de Michael Klein e XP em compra de a\u00e7\u00f5es<\/title>\n<meta name=\"description\" content=\"A Via Varejo declarou que Michael Klein informou \u00e0 companhia estar em processo de contratar a XP para avaliar o neg\u00f3cio. Clique, saiba mais.\" \/>\n<meta name=\"robots\" content=\"index, follow, max-snippet:-1, max-image-preview:large, max-video-preview:-1\" \/>\n<link rel=\"canonical\" href=\"https:\/\/www.suno.com.br\/noticias\/via-varejo-michael-klein-xp-compra-acoes\/\" \/>\n<meta property=\"og:locale\" content=\"pt_BR\" \/>\n<meta property=\"og:type\" content=\"article\" \/>\n<meta property=\"og:title\" content=\"Via Varejo confirma inten\u00e7\u00e3o de Michael Klein e XP em compra de a\u00e7\u00f5es\" \/>\n<meta property=\"og:description\" content=\"A Via Varejo declarou que Michael Klein informou \u00e0 companhia estar em processo de contratar a XP para avaliar o neg\u00f3cio. Clique, saiba mais.\" \/>\n<meta property=\"og:url\" content=\"https:\/\/www.suno.com.br\/noticias\/via-varejo-michael-klein-xp-compra-acoes\/\" \/>\n<meta property=\"og:site_name\" content=\"Suno Not\u00edcias\" \/>\n<meta property=\"article:publisher\" content=\"https:\/\/facebook.com\/sunoresearch\" \/>\n<meta property=\"og:image\" content=\"https:\/\/files.sunoresearch.com.br\/n\/uploads\/2019\/05\/cb4d8bbb-via-varejo.jpg\" \/>\n\t<meta property=\"og:image:width\" content=\"1600\" \/>\n\t<meta property=\"og:image:height\" content=\"1200\" \/>\n\t<meta property=\"og:image:type\" content=\"image\/jpeg\" \/>\n<meta name=\"author\" content=\"Beatriz Oliveira\" \/>\n<meta name=\"twitter:card\" content=\"summary_large_image\" \/>\n<meta name=\"twitter:creator\" content=\"@sunoresearch\" \/>\n<meta name=\"twitter:site\" content=\"@sunoresearch\" \/>\n<meta name=\"twitter:label1\" content=\"Escrito por\" \/>\n\t<meta name=\"twitter:data1\" content=\"Beatriz Oliveira\" \/>\n\t<meta name=\"twitter:label2\" content=\"Est. tempo de leitura\" \/>\n\t<meta name=\"twitter:data2\" content=\"2 minutos\" \/>\n<script type=\"application\/ld+json\" class=\"yoast-schema-graph\">{\"@context\":\"https:\/\/schema.org\",\"@graph\":[{\"@type\":\"NewsArticle\",\"@id\":\"https:\/\/www.suno.com.br\/noticias\/via-varejo-michael-klein-xp-compra-acoes\/#article\",\"isPartOf\":{\"@id\":\"https:\/\/www.suno.com.br\/noticias\/via-varejo-michael-klein-xp-compra-acoes\/\"},\"author\":{\"name\":\"Beatriz Oliveira\",\"@id\":\"https:\/\/www.suno.com.br\/noticias\/#\/schema\/person\/e67f665add014bf99f644028de070cc3\"},\"headline\":\"Via Varejo confirma inten\u00e7\u00e3o de Michael Klein e XP em compra de a\u00e7\u00f5es\",\"datePublished\":\"2019-05-15T13:32:08+00:00\",\"dateModified\":\"2021-02-18T01:30:17+00:00\",\"mainEntityOfPage\":{\"@id\":\"https:\/\/www.suno.com.br\/noticias\/via-varejo-michael-klein-xp-compra-acoes\/\"},\"wordCount\":395,\"publisher\":{\"@id\":\"https:\/\/www.suno.com.br\/noticias\/#organization\"},\"image\":{\"@id\":\"https:\/\/www.suno.com.br\/noticias\/via-varejo-michael-klein-xp-compra-acoes\/#primaryimage\"},\"thumbnailUrl\":\"https:\/\/files.sunoresearch.com.br\/n\/uploads\/2019\/05\/cb4d8bbb-via-varejo-jpg.webp\",\"keywords\":[\"Grupo P\u00e3o de A\u00e7\u00facar (PCAR3\/PCAR4)\",\"Via (VIIA3)\"],\"articleSection\":[\"Neg\u00f3cios\"],\"inLanguage\":\"pt-BR\"},{\"@type\":\"WebPage\",\"@id\":\"https:\/\/www.suno.com.br\/noticias\/via-varejo-michael-klein-xp-compra-acoes\/\",\"url\":\"https:\/\/www.suno.com.br\/noticias\/via-varejo-michael-klein-xp-compra-acoes\/\",\"name\":\"Via Varejo confirma inten\u00e7\u00e3o de Michael Klein e XP em compra de a\u00e7\u00f5es\",\"isPartOf\":{\"@id\":\"https:\/\/www.suno.com.br\/noticias\/#website\"},\"primaryImageOfPage\":{\"@id\":\"https:\/\/www.suno.com.br\/noticias\/via-varejo-michael-klein-xp-compra-acoes\/#primaryimage\"},\"image\":{\"@id\":\"https:\/\/www.suno.com.br\/noticias\/via-varejo-michael-klein-xp-compra-acoes\/#primaryimage\"},\"thumbnailUrl\":\"https:\/\/files.sunoresearch.com.br\/n\/uploads\/2019\/05\/cb4d8bbb-via-varejo-jpg.webp\",\"datePublished\":\"2019-05-15T13:32:08+00:00\",\"dateModified\":\"2021-02-18T01:30:17+00:00\",\"description\":\"A Via Varejo declarou que Michael Klein informou \u00e0 companhia estar em processo de contratar a XP para avaliar o neg\u00f3cio. Clique, saiba mais.\",\"breadcrumb\":{\"@id\":\"https:\/\/www.suno.com.br\/noticias\/via-varejo-michael-klein-xp-compra-acoes\/#breadcrumb\"},\"inLanguage\":\"pt-BR\",\"potentialAction\":[{\"@type\":\"ReadAction\",\"target\":[\"https:\/\/www.suno.com.br\/noticias\/via-varejo-michael-klein-xp-compra-acoes\/\"]}]},{\"@type\":\"ImageObject\",\"inLanguage\":\"pt-BR\",\"@id\":\"https:\/\/www.suno.com.br\/noticias\/via-varejo-michael-klein-xp-compra-acoes\/#primaryimage\",\"url\":\"https:\/\/files.sunoresearch.com.br\/n\/uploads\/2019\/05\/cb4d8bbb-via-varejo-jpg.webp\",\"contentUrl\":\"https:\/\/files.sunoresearch.com.br\/n\/uploads\/2019\/05\/cb4d8bbb-via-varejo-jpg.webp\",\"width\":1600,\"height\":1200,\"caption\":\"Via Varejo enfrenta volatilidade e desconfian\u00e7a ap\u00f3s fraudes\"},{\"@type\":\"BreadcrumbList\",\"@id\":\"https:\/\/www.suno.com.br\/noticias\/via-varejo-michael-klein-xp-compra-acoes\/#breadcrumb\",\"itemListElement\":[{\"@type\":\"ListItem\",\"position\":1,\"name\":\"Not\u00edcias\",\"item\":\"https:\/\/www.suno.com.br\/noticias\/\"},{\"@type\":\"ListItem\",\"position\":2,\"name\":\"Neg\u00f3cios\",\"item\":\"https:\/\/www.suno.com.br\/noticias\/negocios\/\"},{\"@type\":\"ListItem\",\"position\":3,\"name\":\"Via Varejo confirma inten\u00e7\u00e3o de Michael Klein e XP em compra de a\u00e7\u00f5es\"}]},{\"@type\":\"WebSite\",\"@id\":\"https:\/\/www.suno.com.br\/noticias\/#website\",\"url\":\"https:\/\/www.suno.com.br\/noticias\/\",\"name\":\"Suno Not\u00edcias\",\"description\":\"Seu portal de informa\u00e7\u00e3o sobre o mundo dos investimentos\",\"publisher\":{\"@id\":\"https:\/\/www.suno.com.br\/noticias\/#organization\"},\"potentialAction\":[{\"@type\":\"SearchAction\",\"target\":{\"@type\":\"EntryPoint\",\"urlTemplate\":\"https:\/\/www.suno.com.br\/noticias\/?s={search_term_string}\"},\"query-input\":{\"@type\":\"PropertyValueSpecification\",\"valueRequired\":true,\"valueName\":\"search_term_string\"}}],\"inLanguage\":\"pt-BR\"},{\"@type\":\"Organization\",\"@id\":\"https:\/\/www.suno.com.br\/noticias\/#organization\",\"name\":\"Suno Not\u00edcias\",\"url\":\"https:\/\/www.suno.com.br\/noticias\/\",\"logo\":{\"@type\":\"ImageObject\",\"inLanguage\":\"pt-BR\",\"@id\":\"https:\/\/www.suno.com.br\/noticias\/#\/schema\/logo\/image\/\",\"url\":\"https:\/\/files.sunoresearch.com.br\/n\/uploads\/2021\/09\/suno-logo.png\",\"contentUrl\":\"https:\/\/files.sunoresearch.com.br\/n\/uploads\/2021\/09\/suno-logo.png\",\"width\":180,\"height\":180,\"caption\":\"Suno Not\u00edcias\"},\"image\":{\"@id\":\"https:\/\/www.suno.com.br\/noticias\/#\/schema\/logo\/image\/\"},\"sameAs\":[\"https:\/\/facebook.com\/sunoresearch\",\"https:\/\/x.com\/sunoresearch\",\"https:\/\/www.instagram.com\/suno\",\"https:\/\/www.linkedin.com\/company\/suno-research\/\",\"https:\/\/www.youtube.com\/c\/sunoresearch\"]},{\"@type\":\"Person\",\"@id\":\"https:\/\/www.suno.com.br\/noticias\/#\/schema\/person\/e67f665add014bf99f644028de070cc3\",\"name\":\"Beatriz Oliveira\",\"image\":{\"@type\":\"ImageObject\",\"inLanguage\":\"pt-BR\",\"@id\":\"https:\/\/www.suno.com.br\/noticias\/#\/schema\/person\/image\/\",\"url\":\"https:\/\/secure.gravatar.com\/avatar\/c9aa6a0aaecc598d257d5d5bd349157d?s=96&r=g\",\"contentUrl\":\"https:\/\/secure.gravatar.com\/avatar\/c9aa6a0aaecc598d257d5d5bd349157d?s=96&r=g\",\"caption\":\"Beatriz Oliveira\"},\"description\":\"Formada em Jornalismo pela Faculdade Paulus de Tecnologia e Comunica\u00e7\u00e3o, Beatriz Oliveira escreve para o portal de not\u00edcias Suno Research. Antes, passou pelas reda\u00e7\u00f5es da Revista EXAME e da Rede Bandeirantes.\",\"url\":\"https:\/\/www.suno.com.br\/noticias\/author\/beatriz\/\"}]}<\/script>\n<!-- \/ Yoast SEO plugin. -->","yoast_head_json":{"title":"Via Varejo confirma inten\u00e7\u00e3o de Michael Klein e XP em compra de a\u00e7\u00f5es","description":"A Via Varejo declarou que Michael Klein informou \u00e0 companhia estar em processo de contratar a XP para avaliar o neg\u00f3cio. Clique, saiba mais.","robots":{"index":"index","follow":"follow","max-snippet":"max-snippet:-1","max-image-preview":"max-image-preview:large","max-video-preview":"max-video-preview:-1"},"canonical":"https:\/\/www.suno.com.br\/noticias\/via-varejo-michael-klein-xp-compra-acoes\/","og_locale":"pt_BR","og_type":"article","og_title":"Via Varejo confirma inten\u00e7\u00e3o de Michael Klein e XP em compra de a\u00e7\u00f5es","og_description":"A Via Varejo declarou que Michael Klein informou \u00e0 companhia estar em processo de contratar a XP para avaliar o neg\u00f3cio. Clique, saiba mais.","og_url":"https:\/\/www.suno.com.br\/noticias\/via-varejo-michael-klein-xp-compra-acoes\/","og_site_name":"Suno Not\u00edcias","article_publisher":"https:\/\/facebook.com\/sunoresearch","og_image":[{"width":1600,"height":1200,"url":"https:\/\/files.sunoresearch.com.br\/n\/uploads\/2019\/05\/cb4d8bbb-via-varejo.jpg","type":"image\/jpeg"}],"author":"Beatriz Oliveira","twitter_card":"summary_large_image","twitter_creator":"@sunoresearch","twitter_site":"@sunoresearch","twitter_misc":{"Escrito por":"Beatriz Oliveira","Est. tempo de leitura":"2 minutos"},"schema":{"@context":"https:\/\/schema.org","@graph":[{"@type":"NewsArticle","@id":"https:\/\/www.suno.com.br\/noticias\/via-varejo-michael-klein-xp-compra-acoes\/#article","isPartOf":{"@id":"https:\/\/www.suno.com.br\/noticias\/via-varejo-michael-klein-xp-compra-acoes\/"},"author":{"name":"Beatriz Oliveira","@id":"https:\/\/www.suno.com.br\/noticias\/#\/schema\/person\/e67f665add014bf99f644028de070cc3"},"headline":"Via Varejo confirma inten\u00e7\u00e3o de Michael Klein e XP em compra de a\u00e7\u00f5es","datePublished":"2019-05-15T13:32:08+00:00","dateModified":"2021-02-18T01:30:17+00:00","mainEntityOfPage":{"@id":"https:\/\/www.suno.com.br\/noticias\/via-varejo-michael-klein-xp-compra-acoes\/"},"wordCount":395,"publisher":{"@id":"https:\/\/www.suno.com.br\/noticias\/#organization"},"image":{"@id":"https:\/\/www.suno.com.br\/noticias\/via-varejo-michael-klein-xp-compra-acoes\/#primaryimage"},"thumbnailUrl":"https:\/\/files.sunoresearch.com.br\/n\/uploads\/2019\/05\/cb4d8bbb-via-varejo-jpg.webp","keywords":["Grupo P\u00e3o de A\u00e7\u00facar (PCAR3\/PCAR4)","Via (VIIA3)"],"articleSection":["Neg\u00f3cios"],"inLanguage":"pt-BR"},{"@type":"WebPage","@id":"https:\/\/www.suno.com.br\/noticias\/via-varejo-michael-klein-xp-compra-acoes\/","url":"https:\/\/www.suno.com.br\/noticias\/via-varejo-michael-klein-xp-compra-acoes\/","name":"Via Varejo confirma inten\u00e7\u00e3o de Michael Klein e XP em compra de a\u00e7\u00f5es","isPartOf":{"@id":"https:\/\/www.suno.com.br\/noticias\/#website"},"primaryImageOfPage":{"@id":"https:\/\/www.suno.com.br\/noticias\/via-varejo-michael-klein-xp-compra-acoes\/#primaryimage"},"image":{"@id":"https:\/\/www.suno.com.br\/noticias\/via-varejo-michael-klein-xp-compra-acoes\/#primaryimage"},"thumbnailUrl":"https:\/\/files.sunoresearch.com.br\/n\/uploads\/2019\/05\/cb4d8bbb-via-varejo-jpg.webp","datePublished":"2019-05-15T13:32:08+00:00","dateModified":"2021-02-18T01:30:17+00:00","description":"A Via Varejo declarou que Michael Klein informou \u00e0 companhia estar em processo de contratar a XP para avaliar o neg\u00f3cio. Clique, saiba mais.","breadcrumb":{"@id":"https:\/\/www.suno.com.br\/noticias\/via-varejo-michael-klein-xp-compra-acoes\/#breadcrumb"},"inLanguage":"pt-BR","potentialAction":[{"@type":"ReadAction","target":["https:\/\/www.suno.com.br\/noticias\/via-varejo-michael-klein-xp-compra-acoes\/"]}]},{"@type":"ImageObject","inLanguage":"pt-BR","@id":"https:\/\/www.suno.com.br\/noticias\/via-varejo-michael-klein-xp-compra-acoes\/#primaryimage","url":"https:\/\/files.sunoresearch.com.br\/n\/uploads\/2019\/05\/cb4d8bbb-via-varejo-jpg.webp","contentUrl":"https:\/\/files.sunoresearch.com.br\/n\/uploads\/2019\/05\/cb4d8bbb-via-varejo-jpg.webp","width":1600,"height":1200,"caption":"Via Varejo enfrenta volatilidade e desconfian\u00e7a ap\u00f3s fraudes"},{"@type":"BreadcrumbList","@id":"https:\/\/www.suno.com.br\/noticias\/via-varejo-michael-klein-xp-compra-acoes\/#breadcrumb","itemListElement":[{"@type":"ListItem","position":1,"name":"Not\u00edcias","item":"https:\/\/www.suno.com.br\/noticias\/"},{"@type":"ListItem","position":2,"name":"Neg\u00f3cios","item":"https:\/\/www.suno.com.br\/noticias\/negocios\/"},{"@type":"ListItem","position":3,"name":"Via Varejo confirma inten\u00e7\u00e3o de Michael Klein e XP em compra de a\u00e7\u00f5es"}]},{"@type":"WebSite","@id":"https:\/\/www.suno.com.br\/noticias\/#website","url":"https:\/\/www.suno.com.br\/noticias\/","name":"Suno Not\u00edcias","description":"Seu portal de informa\u00e7\u00e3o sobre o mundo dos investimentos","publisher":{"@id":"https:\/\/www.suno.com.br\/noticias\/#organization"},"potentialAction":[{"@type":"SearchAction","target":{"@type":"EntryPoint","urlTemplate":"https:\/\/www.suno.com.br\/noticias\/?s={search_term_string}"},"query-input":{"@type":"PropertyValueSpecification","valueRequired":true,"valueName":"search_term_string"}}],"inLanguage":"pt-BR"},{"@type":"Organization","@id":"https:\/\/www.suno.com.br\/noticias\/#organization","name":"Suno Not\u00edcias","url":"https:\/\/www.suno.com.br\/noticias\/","logo":{"@type":"ImageObject","inLanguage":"pt-BR","@id":"https:\/\/www.suno.com.br\/noticias\/#\/schema\/logo\/image\/","url":"https:\/\/files.sunoresearch.com.br\/n\/uploads\/2021\/09\/suno-logo.png","contentUrl":"https:\/\/files.sunoresearch.com.br\/n\/uploads\/2021\/09\/suno-logo.png","width":180,"height":180,"caption":"Suno Not\u00edcias"},"image":{"@id":"https:\/\/www.suno.com.br\/noticias\/#\/schema\/logo\/image\/"},"sameAs":["https:\/\/facebook.com\/sunoresearch","https:\/\/x.com\/sunoresearch","https:\/\/www.instagram.com\/suno","https:\/\/www.linkedin.com\/company\/suno-research\/","https:\/\/www.youtube.com\/c\/sunoresearch"]},{"@type":"Person","@id":"https:\/\/www.suno.com.br\/noticias\/#\/schema\/person\/e67f665add014bf99f644028de070cc3","name":"Beatriz Oliveira","image":{"@type":"ImageObject","inLanguage":"pt-BR","@id":"https:\/\/www.suno.com.br\/noticias\/#\/schema\/person\/image\/","url":"https:\/\/secure.gravatar.com\/avatar\/c9aa6a0aaecc598d257d5d5bd349157d?s=96&r=g","contentUrl":"https:\/\/secure.gravatar.com\/avatar\/c9aa6a0aaecc598d257d5d5bd349157d?s=96&r=g","caption":"Beatriz Oliveira"},"description":"Formada em Jornalismo pela Faculdade Paulus de Tecnologia e Comunica\u00e7\u00e3o, Beatriz Oliveira escreve para o portal de not\u00edcias Suno Research. Antes, passou pelas reda\u00e7\u00f5es da Revista EXAME e da Rede Bandeirantes.","url":"https:\/\/www.suno.com.br\/noticias\/author\/beatriz\/"}]}},"default_loop_html":"<div class=\"cardsPage__listCard__boxs\"><div class=\"cardsPage__listCard__boxs__img\"><a href=\"https:\/\/www.suno.com.br\/noticias\/via-varejo-michael-klein-xp-compra-acoes\/\"><img class=\"mask\" src=\"https:\/\/www.suno.com.br\/noticias\/wp-content\/themes\/suno\/resources\/images\/spotlight\/spotlight1img\/bg-mask.png\" alt=\"Image Mask\"\/><img src=\"https:\/\/files.sunoresearch.com.br\/n\/uploads\/2019\/05\/cb4d8bbb-via-varejo-400x200.webp\" alt=\"Via Varejo confirma inten\u00e7\u00e3o de Michael Klein e XP em compra de a\u00e7\u00f5es\"\/><\/a><span class=\"spotlightCategory\"><a href=\"https:\/\/www.suno.com.br\/noticias\/negocios\/\">Neg\u00f3cios<\/a><\/span><\/div><div class=\"cardsPage__listCard__boxs__content\"><a href=\"https:\/\/www.suno.com.br\/noticias\/via-varejo-michael-klein-xp-compra-acoes\/\"><h2 class=\"content__title\">Via Varejo confirma inten\u00e7\u00e3o de Michael Klein e XP em compra de a\u00e7\u00f5es<\/h2><\/a><div class=\"newsContent__article__meta\"><div class=\"newsContent__article__meta__authorBox\"><a href=\"https:\/\/www.suno.com.br\/noticias\/author\/beatriz\/\" class=\"authorBox__avatar noMobi\"><img src=\"https:\/\/secure.gravatar.com\/avatar\/c9aa6a0aaecc598d257d5d5bd349157d?s=96&#038;r=g\" alt=\"Beatriz Oliveira\"><\/a><div class=\"authorBox__name\"><span>por\n\t\t\t<a href=\"https:\/\/www.suno.com.br\/noticias\/author\/beatriz\/\"><span itemprop=\"author\">Beatriz Oliveira<\/span><\/a><\/span><time datetime=\"2019-05-15T10:32:08-03:00\" itemprop=\"datePublished\">15\/05\/2019 10:32<\/time><\/div><\/div><\/div><\/div><\/div>","single_layout":"posts","amp_enabled":true,"_links":{"self":[{"href":"https:\/\/www.suno.com.br\/noticias\/wp-json\/wp\/v2\/posts\/24609"}],"collection":[{"href":"https:\/\/www.suno.com.br\/noticias\/wp-json\/wp\/v2\/posts"}],"about":[{"href":"https:\/\/www.suno.com.br\/noticias\/wp-json\/wp\/v2\/types\/post"}],"author":[{"embeddable":true,"href":"https:\/\/www.suno.com.br\/noticias\/wp-json\/wp\/v2\/users\/16"}],"replies":[{"embeddable":true,"href":"https:\/\/www.suno.com.br\/noticias\/wp-json\/wp\/v2\/comments?post=24609"}],"version-history":[{"count":0,"href":"https:\/\/www.suno.com.br\/noticias\/wp-json\/wp\/v2\/posts\/24609\/revisions"}],"wp:featuredmedia":[{"embeddable":true,"href":"https:\/\/www.suno.com.br\/noticias\/wp-json\/wp\/v2\/media\/24614"}],"wp:attachment":[{"href":"https:\/\/www.suno.com.br\/noticias\/wp-json\/wp\/v2\/media?parent=24609"}],"wp:term":[{"taxonomy":"category","embeddable":true,"href":"https:\/\/www.suno.com.br\/noticias\/wp-json\/wp\/v2\/categories?post=24609"},{"taxonomy":"post_tag","embeddable":true,"href":"https:\/\/www.suno.com.br\/noticias\/wp-json\/wp\/v2\/tags?post=24609"},{"taxonomy":"suno_strategy","embeddable":true,"href":"https:\/\/www.suno.com.br\/noticias\/wp-json\/wp\/v2\/suno_strategy?post=24609"}],"curies":[{"name":"wp","href":"https:\/\/api.w.org\/{rel}","templated":true}]}}