{"id":24601,"date":"2019-05-15T10:19:47","date_gmt":"2019-05-15T13:19:47","guid":{"rendered":"https:\/\/www.suno.com.br\/noticias\/?p=24601"},"modified":"2019-05-15T10:19:47","modified_gmt":"2019-05-15T13:19:47","slug":"vale-crime-omissao-cpi-deputados-camara","status":"publish","type":"post","link":"https:\/\/www.suno.com.br\/noticias\/vale-crime-omissao-cpi-deputados-camara\/","title":{"rendered":"Para CPI da C\u00e2mara n\u00e3o h\u00e1 duvida do &#8220;crime de omiss\u00e3o&#8221; da Vale"},"content":{"rendered":"<p>Na \u00faltima ter\u00e7a-feira (14) os <strong>deputados da C\u00e2mara<\/strong> ouviram por mais de sete horas funcion\u00e1rios da Vale e da <strong>Ag\u00eancia Nacional de Minera\u00e7\u00e3o<\/strong> (ANM). A <strong>Comiss\u00e3o Parlamentar de Inqu\u00e9rito<\/strong> (CPI) da C\u00e2mara acusa como crime a omiss\u00e3o de problemas na barragem em que ocorreu o <strong>desastre em Brumadinho<\/strong> (MG).<\/p>\t<div class=\"wrapper-featured-image\">\n\t\t<figure class=\"spotlightImg\">\n\n\t\t\t<picture>\n\t\t\t\t<source media=\"(max-width: 768px)\" srcset=\"https:\/\/files.sunoresearch.com.br\/n\/uploads\/2018\/12\/bd6f7585-vale-400x200.webp\">\n\t\t\t\t<img loading=\"lazy\" decoding=\"async\" class=\"newsContent__article__imgCapa lazyloadDisabled newsContent__article__imgCapa--noCaption\" src=\"https:\/\/files.sunoresearch.com.br\/n\/uploads\/2018\/12\/bd6f7585-vale-jpg.webp\" width=\"800\" height=\"450\" alt=\"Para CPI da C\u00e2mara n\u00e3o h\u00e1 duvida do &#8220;crime de omiss\u00e3o&#8221; da Vale\" fetchpriority=high \/>\n\t\t\t<\/picture>\n\n\t\t\t<figcaption class=\"wp-caption-text wp-caption-text--hide\">O MPF ajuizou na semana passado uma a\u00e7\u00e3o civil p\u00fablica pedindo uma interven\u00e7\u00e3o na Vale (VALE3)<\/figcaption>\n\t\t<\/figure>\n\t<\/div>\n\n\n<p>De acordo com o <strong>engenheiro de recursos h\u00eddricos da Vale<\/strong>, <strong>Felipe Figueiredo Rocha<\/strong>, foi passado a gest\u00e3o da empresa todos as informa\u00e7\u00f5es a respeito do n\u00edvel de aten\u00e7\u00e3o em que se encontrava a barragem.<\/p>\n<p>Al\u00e9m disso, Rocha reitera que em outubro de 2018 foi encaminhado aos diretores um painel que alertava sobre o risco. &#8220;A <strong>barragem 1<\/strong> requer mais investiga\u00e7\u00e3o e monitoramento de campo para identificar e projetar medidas complementares mais eficientes&#8221;, dizia o painel.\u00a0Conforme o engenheiro, o n\u00edvel de aten\u00e7\u00e3o n\u00e3o indicava um risco de rompimento imediato.<\/p>\n<p>A <strong>barragem 1<\/strong> se refere a<strong> barragem do C\u00f3rrego do Feij\u00e3o<\/strong>, que se rompeu em <strong>Brumadinho<\/strong>.<\/p>\n\t<p>\n\t\t<a href=\"https:\/\/lp.suno.com.br\/ebook-investindo-em-fiis\/\" target=\"_blank\" data-element=\"shortcode-suno-banner\" title=\"Banner SUNO, clique e saiba mais\">\n\t\t\t<picture>\n\t\t\t\t<source media=\"(max-width: 500px)\" srcset=\"https:\/\/files.sunoresearch.com.br\/n\/uploads\/2023\/07\/Ebook-Fundos-Imobiliarios-Mobile.jpg\">\n\t\t\t\t<img class=\"newsContent__article__imgCapa newsContent__article__imgCapa--banner\"\n\t\t\t\t\tsrc=\"https:\/\/files.sunoresearch.com.br\/n\/uploads\/2023\/07\/Ebook-Fundos-Imobiliarios-Desktop.jpg\"\n\t\t\t\t\tdata-promo-id=\"378301\"\t\t\t\t\t\t\t\t\t\twidth='1420' height='286'\t\t\t\t\talt=\"https:\/\/files.sunoresearch.com.br\/n\/uploads\/2023\/07\/Ebook-Fundos-Imobiliarios-Desktop.jpg\"\n\t\t\t\t>\n\t\t\t<\/picture>\n\t\t<\/a>\n\t<\/p>\n\n\n<h2>Ag\u00eancia Nacional de Minera\u00e7\u00e3o se isenta de culpa<\/h2>\n<p>De acordo com o <strong>chefe de fiscaliza\u00e7\u00e3o da ANM<\/strong>, <strong>Wagner Ara\u00fajo<\/strong>, a Vale tinha conhecimento sobre a gravidade em que a barragem se encontrava.\u00a0 A empresa teria, ent\u00e3o, de comunicar ao <strong>Sistema Integrado de Gest\u00e3o de Barragens<\/strong> (SIGBM). Portanto, para <strong>Ara\u00fajo<\/strong> essa <strong>omiss\u00e3o<\/strong> foi &#8220;grav\u00edssima&#8221;.<\/p>\n<p><a href=\"https:\/\/www.suno.com.br\/noticias\/vale-sabia-chances-rompimento-brumadinho\/\">Saiba Mais: Vale sabia das chances de rompimento de Brumadinho desde 2017<\/a><\/p>\n<p>&#8220;Pelo que a gente tem ouvido dizer sobre o dreno horizontal profundo que foi interrompido com carreamento de s\u00f3lido &#8211; e isso \u00e9 preocupante em uma barragem a montante, &#8211; poss\u00edveis deslocamentos identificados em radar, tudo isso s\u00e3o ind\u00edcios de que a estrutura n\u00e3o estava saud\u00e1vel&#8221;, afirmou <strong>Wagner<\/strong>.<\/p>\n<p>Al\u00e9m disso, o <strong>chefe da ANM<\/strong>, n\u00e3o admite falhas na fiscaliza\u00e7\u00e3o da ag\u00eancia. <strong>Ara\u00fajo<\/strong> afirma que tinha apenas tr\u00eas funcion\u00e1rios para fiscalizar as 350 barragens. Ademais, ele acrescenta que \u00e9 de total responsabilidade da <strong>Vale<\/strong> as informa\u00e7\u00f5es sobre seguran\u00e7a.<\/p>\n<h2>Crime<\/h2>\n<p>Para caracterizar ou n\u00e3o a<strong> omiss\u00e3o<\/strong>, documentos que foram colhidos na mineradora ainda est\u00e3o sob an\u00e1lise pela<strong> ANM<\/strong> e <strong>Pol\u00edcia Federal<\/strong>.<\/p>\n<p>J\u00e1 para os deputados, est\u00e1 claro que se trata de &#8220;crime de omiss\u00e3o&#8221; da Vale. &#8220;Significa omiss\u00e3o da Vale. Se ANM soubesse disso, ela n\u00e3o permitiria que (a barragem) continuasse a ter o mesmo funcionamento que estava tendo&#8221;, afirma o<strong> relator da CPI<\/strong>, <strong>Rog\u00e9rio Correia<\/strong>.<\/p>\n<p><a href=\"https:\/\/www.suno.com.br\/noticias\/brumadinho-gerente-vale-admite-mineradora-sabia-falhas\/\">Saiba Mais: Brumadinho: gerente da Vale admite que mineradora sabia de falhas<\/a><\/p>\n<p>Na \u00faltima segunda-feira (13), durante a <strong>audi\u00eancia p\u00fablica<\/strong> de comiss\u00e3o em Brumadinho, o <strong>presidente da CPI<\/strong>, <strong>J\u00falio Salgado<\/strong>, apresentou tr\u00eas demandas para a Vale:<\/p>\n<ul>\n<li>garantia de <strong>\u00e1gua pot\u00e1vel<\/strong> para a popula\u00e7\u00e3o;<\/li>\n<li>n\u00e3o suspens\u00e3o do pagamento do <strong>Benef\u00edcio de Presta\u00e7\u00e3o Continuada<\/strong> (BCP) aos moradores que receberam aux\u00edlio emergencial do governo federal;<\/li>\n<li>e rapidez do <strong>Instituto M\u00e9dico Legal<\/strong> (IML) na identifica\u00e7\u00e3o por DNA em parte de corpos resgatados em meio \u00e0 lama.<\/li>\n<\/ul>\n<h2>\u00daltima cota\u00e7\u00e3o<\/h2>\n<p>Na \u00faltima sess\u00e3o, que aconteceu na \u00faltima ter\u00e7a-feira (14), a <strong>Vale<\/strong> (VALE3) registrou uma alta de 0,34% sendo cotada a 47,59.<\/p>\n","protected":false},"excerpt":{"rendered":"<p>Na \u00faltima ter\u00e7a-feira (14) os deputados da C\u00e2mara ouviram por mais de sete horas funcion\u00e1rios da Vale e da Ag\u00eancia Nacional de Minera\u00e7\u00e3o (ANM). A Comiss\u00e3o Parlamentar de Inqu\u00e9rito (CPI) da C\u00e2mara acusa como crime a omiss\u00e3o de problemas na barragem em que ocorreu o desastre em Brumadinho (MG). O MPF ajuizou na semana passado [&hellip;]<\/p>\n","protected":false},"author":15,"featured_media":7967,"comment_status":"closed","ping_status":"closed","sticky":false,"template":"","format":"standard","meta":[],"categories":[61],"tags":[676],"suno_strategy":[],"class_list":["post-24601","post","type-post","status-publish","format-standard","has-post-thumbnail","hentry","category-politica","tag-vale-vale3"],"yoast_head":"<!-- This site is optimized with the Yoast SEO plugin v24.4 - https:\/\/yoast.com\/wordpress\/plugins\/seo\/ -->\n<title>Vale: Para CPI da C\u00e2mara n\u00e3o h\u00e1 duvida do &quot;crime de omiss\u00e3o&quot;<\/title>\n<meta name=\"description\" content=\"Na \u00faltima ter\u00e7a (14) os deputados da C\u00e2mara ouviram por mais de sete horas funcion\u00e1rios da Vale e da ANM. Clique aqui e saiba mais\" \/>\n<meta name=\"robots\" content=\"index, follow, max-snippet:-1, max-image-preview:large, max-video-preview:-1\" \/>\n<link rel=\"canonical\" href=\"https:\/\/www.suno.com.br\/noticias\/vale-crime-omissao-cpi-deputados-camara\/\" \/>\n<meta property=\"og:locale\" content=\"pt_BR\" \/>\n<meta property=\"og:type\" content=\"article\" \/>\n<meta property=\"og:title\" content=\"Vale: Para CPI da C\u00e2mara n\u00e3o h\u00e1 duvida do &quot;crime de omiss\u00e3o&quot;\" \/>\n<meta property=\"og:description\" content=\"Na \u00faltima ter\u00e7a (14) os deputados da C\u00e2mara ouviram por mais de sete horas funcion\u00e1rios da Vale e da ANM. Clique aqui e saiba mais\" \/>\n<meta property=\"og:url\" content=\"https:\/\/www.suno.com.br\/noticias\/vale-crime-omissao-cpi-deputados-camara\/\" \/>\n<meta property=\"og:site_name\" content=\"Suno Not\u00edcias\" \/>\n<meta property=\"article:publisher\" content=\"https:\/\/facebook.com\/sunoresearch\" \/>\n<meta property=\"og:image\" content=\"https:\/\/files.sunoresearch.com.br\/n\/uploads\/2018\/12\/bd6f7585-vale.jpg\" \/>\n\t<meta property=\"og:image:width\" content=\"624\" \/>\n\t<meta property=\"og:image:height\" content=\"416\" \/>\n\t<meta property=\"og:image:type\" content=\"image\/jpeg\" \/>\n<meta name=\"author\" content=\"Poliana Santos\" \/>\n<meta name=\"twitter:card\" content=\"summary_large_image\" \/>\n<meta name=\"twitter:creator\" content=\"@sunoresearch\" \/>\n<meta name=\"twitter:site\" content=\"@sunoresearch\" \/>\n<meta name=\"twitter:label1\" content=\"Escrito por\" \/>\n\t<meta name=\"twitter:data1\" content=\"Poliana Santos\" \/>\n\t<meta name=\"twitter:label2\" content=\"Est. tempo de leitura\" \/>\n\t<meta name=\"twitter:data2\" content=\"3 minutos\" \/>\n<script type=\"application\/ld+json\" class=\"yoast-schema-graph\">{\"@context\":\"https:\/\/schema.org\",\"@graph\":[{\"@type\":\"NewsArticle\",\"@id\":\"https:\/\/www.suno.com.br\/noticias\/vale-crime-omissao-cpi-deputados-camara\/#article\",\"isPartOf\":{\"@id\":\"https:\/\/www.suno.com.br\/noticias\/vale-crime-omissao-cpi-deputados-camara\/\"},\"author\":{\"name\":\"Poliana Santos\",\"@id\":\"https:\/\/www.suno.com.br\/noticias\/#\/schema\/person\/02ec1f752758247878a2bf4abee1aeda\"},\"headline\":\"Para CPI da C\u00e2mara n\u00e3o h\u00e1 duvida do &#8220;crime de omiss\u00e3o&#8221; da Vale\",\"datePublished\":\"2019-05-15T13:19:47+00:00\",\"mainEntityOfPage\":{\"@id\":\"https:\/\/www.suno.com.br\/noticias\/vale-crime-omissao-cpi-deputados-camara\/\"},\"wordCount\":555,\"publisher\":{\"@id\":\"https:\/\/www.suno.com.br\/noticias\/#organization\"},\"image\":{\"@id\":\"https:\/\/www.suno.com.br\/noticias\/vale-crime-omissao-cpi-deputados-camara\/#primaryimage\"},\"thumbnailUrl\":\"https:\/\/files.sunoresearch.com.br\/n\/uploads\/2018\/12\/bd6f7585-vale-jpg.webp\",\"keywords\":[\"Vale (VALE3)\"],\"articleSection\":[\"Pol\u00edtica\"],\"inLanguage\":\"pt-BR\"},{\"@type\":\"WebPage\",\"@id\":\"https:\/\/www.suno.com.br\/noticias\/vale-crime-omissao-cpi-deputados-camara\/\",\"url\":\"https:\/\/www.suno.com.br\/noticias\/vale-crime-omissao-cpi-deputados-camara\/\",\"name\":\"Vale: Para CPI da C\u00e2mara n\u00e3o h\u00e1 duvida do \\\"crime de omiss\u00e3o\\\"\",\"isPartOf\":{\"@id\":\"https:\/\/www.suno.com.br\/noticias\/#website\"},\"primaryImageOfPage\":{\"@id\":\"https:\/\/www.suno.com.br\/noticias\/vale-crime-omissao-cpi-deputados-camara\/#primaryimage\"},\"image\":{\"@id\":\"https:\/\/www.suno.com.br\/noticias\/vale-crime-omissao-cpi-deputados-camara\/#primaryimage\"},\"thumbnailUrl\":\"https:\/\/files.sunoresearch.com.br\/n\/uploads\/2018\/12\/bd6f7585-vale-jpg.webp\",\"datePublished\":\"2019-05-15T13:19:47+00:00\",\"description\":\"Na \u00faltima ter\u00e7a (14) os deputados da C\u00e2mara ouviram por mais de sete horas funcion\u00e1rios da Vale e da ANM. Clique aqui e saiba mais\",\"breadcrumb\":{\"@id\":\"https:\/\/www.suno.com.br\/noticias\/vale-crime-omissao-cpi-deputados-camara\/#breadcrumb\"},\"inLanguage\":\"pt-BR\",\"potentialAction\":[{\"@type\":\"ReadAction\",\"target\":[\"https:\/\/www.suno.com.br\/noticias\/vale-crime-omissao-cpi-deputados-camara\/\"]}]},{\"@type\":\"ImageObject\",\"inLanguage\":\"pt-BR\",\"@id\":\"https:\/\/www.suno.com.br\/noticias\/vale-crime-omissao-cpi-deputados-camara\/#primaryimage\",\"url\":\"https:\/\/files.sunoresearch.com.br\/n\/uploads\/2018\/12\/bd6f7585-vale-jpg.webp\",\"contentUrl\":\"https:\/\/files.sunoresearch.com.br\/n\/uploads\/2018\/12\/bd6f7585-vale-jpg.webp\",\"width\":624,\"height\":416,\"caption\":\"O MPF ajuizou na semana passado uma a\u00e7\u00e3o civil p\u00fablica pedindo uma interven\u00e7\u00e3o na Vale (VALE3)\"},{\"@type\":\"BreadcrumbList\",\"@id\":\"https:\/\/www.suno.com.br\/noticias\/vale-crime-omissao-cpi-deputados-camara\/#breadcrumb\",\"itemListElement\":[{\"@type\":\"ListItem\",\"position\":1,\"name\":\"Not\u00edcias\",\"item\":\"https:\/\/www.suno.com.br\/noticias\/\"},{\"@type\":\"ListItem\",\"position\":2,\"name\":\"Pol\u00edtica\",\"item\":\"https:\/\/www.suno.com.br\/noticias\/politica\/\"},{\"@type\":\"ListItem\",\"position\":3,\"name\":\"Para CPI da C\u00e2mara n\u00e3o h\u00e1 duvida do &#8220;crime de omiss\u00e3o&#8221; da Vale\"}]},{\"@type\":\"WebSite\",\"@id\":\"https:\/\/www.suno.com.br\/noticias\/#website\",\"url\":\"https:\/\/www.suno.com.br\/noticias\/\",\"name\":\"Suno Not\u00edcias\",\"description\":\"Seu portal de informa\u00e7\u00e3o sobre o mundo dos investimentos\",\"publisher\":{\"@id\":\"https:\/\/www.suno.com.br\/noticias\/#organization\"},\"potentialAction\":[{\"@type\":\"SearchAction\",\"target\":{\"@type\":\"EntryPoint\",\"urlTemplate\":\"https:\/\/www.suno.com.br\/noticias\/?s={search_term_string}\"},\"query-input\":{\"@type\":\"PropertyValueSpecification\",\"valueRequired\":true,\"valueName\":\"search_term_string\"}}],\"inLanguage\":\"pt-BR\"},{\"@type\":\"Organization\",\"@id\":\"https:\/\/www.suno.com.br\/noticias\/#organization\",\"name\":\"Suno Not\u00edcias\",\"url\":\"https:\/\/www.suno.com.br\/noticias\/\",\"logo\":{\"@type\":\"ImageObject\",\"inLanguage\":\"pt-BR\",\"@id\":\"https:\/\/www.suno.com.br\/noticias\/#\/schema\/logo\/image\/\",\"url\":\"https:\/\/files.sunoresearch.com.br\/n\/uploads\/2021\/09\/suno-logo.png\",\"contentUrl\":\"https:\/\/files.sunoresearch.com.br\/n\/uploads\/2021\/09\/suno-logo.png\",\"width\":180,\"height\":180,\"caption\":\"Suno Not\u00edcias\"},\"image\":{\"@id\":\"https:\/\/www.suno.com.br\/noticias\/#\/schema\/logo\/image\/\"},\"sameAs\":[\"https:\/\/facebook.com\/sunoresearch\",\"https:\/\/x.com\/sunoresearch\",\"https:\/\/www.instagram.com\/suno\",\"https:\/\/www.linkedin.com\/company\/suno-research\/\",\"https:\/\/www.youtube.com\/c\/sunoresearch\"]},{\"@type\":\"Person\",\"@id\":\"https:\/\/www.suno.com.br\/noticias\/#\/schema\/person\/02ec1f752758247878a2bf4abee1aeda\",\"name\":\"Poliana Santos\",\"image\":{\"@type\":\"ImageObject\",\"inLanguage\":\"pt-BR\",\"@id\":\"https:\/\/www.suno.com.br\/noticias\/#\/schema\/person\/image\/\",\"url\":\"https:\/\/secure.gravatar.com\/avatar\/0645bd32f23d87b2130f2b2dff1d3f8d?s=96&r=g\",\"contentUrl\":\"https:\/\/secure.gravatar.com\/avatar\/0645bd32f23d87b2130f2b2dff1d3f8d?s=96&r=g\",\"caption\":\"Poliana Santos\"},\"description\":\"Rep\u00f3rter no Suno Not\u00edcias, com cobertura em mercado financeiro, economia, finan\u00e7as pessoais, renda fixa e varejo. Jornalista formada pela Faculdade C\u00e1sper L\u00edbero e possui passagem na R\u00e1dio Gazeta AM com a produ\u00e7\u00e3o de conte\u00fado sobre economia, pol\u00edtica, sa\u00fade, moda e m\u00fasica. Possui certificado de conclus\u00e3o do curso de An\u00e1lise de Balan\u00e7os pela Funda\u00e7\u00e3o Bradesco, Agenda Brasil pela FAAP, Educa\u00e7\u00e3o Pol\u00edtica por Alexandre Garcia e do Tesouro Direto e Mercado de A\u00e7\u00f5es pela B3.\",\"url\":\"https:\/\/www.suno.com.br\/noticias\/author\/poliana-santos\/\"}]}<\/script>\n<!-- \/ Yoast SEO plugin. -->","yoast_head_json":{"title":"Vale: Para CPI da C\u00e2mara n\u00e3o h\u00e1 duvida do \"crime de omiss\u00e3o\"","description":"Na \u00faltima ter\u00e7a (14) os deputados da C\u00e2mara ouviram por mais de sete horas funcion\u00e1rios da Vale e da ANM. Clique aqui e saiba mais","robots":{"index":"index","follow":"follow","max-snippet":"max-snippet:-1","max-image-preview":"max-image-preview:large","max-video-preview":"max-video-preview:-1"},"canonical":"https:\/\/www.suno.com.br\/noticias\/vale-crime-omissao-cpi-deputados-camara\/","og_locale":"pt_BR","og_type":"article","og_title":"Vale: Para CPI da C\u00e2mara n\u00e3o h\u00e1 duvida do \"crime de omiss\u00e3o\"","og_description":"Na \u00faltima ter\u00e7a (14) os deputados da C\u00e2mara ouviram por mais de sete horas funcion\u00e1rios da Vale e da ANM. Clique aqui e saiba mais","og_url":"https:\/\/www.suno.com.br\/noticias\/vale-crime-omissao-cpi-deputados-camara\/","og_site_name":"Suno Not\u00edcias","article_publisher":"https:\/\/facebook.com\/sunoresearch","og_image":[{"width":624,"height":416,"url":"https:\/\/files.sunoresearch.com.br\/n\/uploads\/2018\/12\/bd6f7585-vale.jpg","type":"image\/jpeg"}],"author":"Poliana Santos","twitter_card":"summary_large_image","twitter_creator":"@sunoresearch","twitter_site":"@sunoresearch","twitter_misc":{"Escrito por":"Poliana Santos","Est. tempo de leitura":"3 minutos"},"schema":{"@context":"https:\/\/schema.org","@graph":[{"@type":"NewsArticle","@id":"https:\/\/www.suno.com.br\/noticias\/vale-crime-omissao-cpi-deputados-camara\/#article","isPartOf":{"@id":"https:\/\/www.suno.com.br\/noticias\/vale-crime-omissao-cpi-deputados-camara\/"},"author":{"name":"Poliana Santos","@id":"https:\/\/www.suno.com.br\/noticias\/#\/schema\/person\/02ec1f752758247878a2bf4abee1aeda"},"headline":"Para CPI da C\u00e2mara n\u00e3o h\u00e1 duvida do &#8220;crime de omiss\u00e3o&#8221; da Vale","datePublished":"2019-05-15T13:19:47+00:00","mainEntityOfPage":{"@id":"https:\/\/www.suno.com.br\/noticias\/vale-crime-omissao-cpi-deputados-camara\/"},"wordCount":555,"publisher":{"@id":"https:\/\/www.suno.com.br\/noticias\/#organization"},"image":{"@id":"https:\/\/www.suno.com.br\/noticias\/vale-crime-omissao-cpi-deputados-camara\/#primaryimage"},"thumbnailUrl":"https:\/\/files.sunoresearch.com.br\/n\/uploads\/2018\/12\/bd6f7585-vale-jpg.webp","keywords":["Vale (VALE3)"],"articleSection":["Pol\u00edtica"],"inLanguage":"pt-BR"},{"@type":"WebPage","@id":"https:\/\/www.suno.com.br\/noticias\/vale-crime-omissao-cpi-deputados-camara\/","url":"https:\/\/www.suno.com.br\/noticias\/vale-crime-omissao-cpi-deputados-camara\/","name":"Vale: Para CPI da C\u00e2mara n\u00e3o h\u00e1 duvida do \"crime de omiss\u00e3o\"","isPartOf":{"@id":"https:\/\/www.suno.com.br\/noticias\/#website"},"primaryImageOfPage":{"@id":"https:\/\/www.suno.com.br\/noticias\/vale-crime-omissao-cpi-deputados-camara\/#primaryimage"},"image":{"@id":"https:\/\/www.suno.com.br\/noticias\/vale-crime-omissao-cpi-deputados-camara\/#primaryimage"},"thumbnailUrl":"https:\/\/files.sunoresearch.com.br\/n\/uploads\/2018\/12\/bd6f7585-vale-jpg.webp","datePublished":"2019-05-15T13:19:47+00:00","description":"Na \u00faltima ter\u00e7a (14) os deputados da C\u00e2mara ouviram por mais de sete horas funcion\u00e1rios da Vale e da ANM. Clique aqui e saiba mais","breadcrumb":{"@id":"https:\/\/www.suno.com.br\/noticias\/vale-crime-omissao-cpi-deputados-camara\/#breadcrumb"},"inLanguage":"pt-BR","potentialAction":[{"@type":"ReadAction","target":["https:\/\/www.suno.com.br\/noticias\/vale-crime-omissao-cpi-deputados-camara\/"]}]},{"@type":"ImageObject","inLanguage":"pt-BR","@id":"https:\/\/www.suno.com.br\/noticias\/vale-crime-omissao-cpi-deputados-camara\/#primaryimage","url":"https:\/\/files.sunoresearch.com.br\/n\/uploads\/2018\/12\/bd6f7585-vale-jpg.webp","contentUrl":"https:\/\/files.sunoresearch.com.br\/n\/uploads\/2018\/12\/bd6f7585-vale-jpg.webp","width":624,"height":416,"caption":"O MPF ajuizou na semana passado uma a\u00e7\u00e3o civil p\u00fablica pedindo uma interven\u00e7\u00e3o na Vale (VALE3)"},{"@type":"BreadcrumbList","@id":"https:\/\/www.suno.com.br\/noticias\/vale-crime-omissao-cpi-deputados-camara\/#breadcrumb","itemListElement":[{"@type":"ListItem","position":1,"name":"Not\u00edcias","item":"https:\/\/www.suno.com.br\/noticias\/"},{"@type":"ListItem","position":2,"name":"Pol\u00edtica","item":"https:\/\/www.suno.com.br\/noticias\/politica\/"},{"@type":"ListItem","position":3,"name":"Para CPI da C\u00e2mara n\u00e3o h\u00e1 duvida do &#8220;crime de omiss\u00e3o&#8221; da Vale"}]},{"@type":"WebSite","@id":"https:\/\/www.suno.com.br\/noticias\/#website","url":"https:\/\/www.suno.com.br\/noticias\/","name":"Suno Not\u00edcias","description":"Seu portal de informa\u00e7\u00e3o sobre o mundo dos investimentos","publisher":{"@id":"https:\/\/www.suno.com.br\/noticias\/#organization"},"potentialAction":[{"@type":"SearchAction","target":{"@type":"EntryPoint","urlTemplate":"https:\/\/www.suno.com.br\/noticias\/?s={search_term_string}"},"query-input":{"@type":"PropertyValueSpecification","valueRequired":true,"valueName":"search_term_string"}}],"inLanguage":"pt-BR"},{"@type":"Organization","@id":"https:\/\/www.suno.com.br\/noticias\/#organization","name":"Suno Not\u00edcias","url":"https:\/\/www.suno.com.br\/noticias\/","logo":{"@type":"ImageObject","inLanguage":"pt-BR","@id":"https:\/\/www.suno.com.br\/noticias\/#\/schema\/logo\/image\/","url":"https:\/\/files.sunoresearch.com.br\/n\/uploads\/2021\/09\/suno-logo.png","contentUrl":"https:\/\/files.sunoresearch.com.br\/n\/uploads\/2021\/09\/suno-logo.png","width":180,"height":180,"caption":"Suno Not\u00edcias"},"image":{"@id":"https:\/\/www.suno.com.br\/noticias\/#\/schema\/logo\/image\/"},"sameAs":["https:\/\/facebook.com\/sunoresearch","https:\/\/x.com\/sunoresearch","https:\/\/www.instagram.com\/suno","https:\/\/www.linkedin.com\/company\/suno-research\/","https:\/\/www.youtube.com\/c\/sunoresearch"]},{"@type":"Person","@id":"https:\/\/www.suno.com.br\/noticias\/#\/schema\/person\/02ec1f752758247878a2bf4abee1aeda","name":"Poliana Santos","image":{"@type":"ImageObject","inLanguage":"pt-BR","@id":"https:\/\/www.suno.com.br\/noticias\/#\/schema\/person\/image\/","url":"https:\/\/secure.gravatar.com\/avatar\/0645bd32f23d87b2130f2b2dff1d3f8d?s=96&r=g","contentUrl":"https:\/\/secure.gravatar.com\/avatar\/0645bd32f23d87b2130f2b2dff1d3f8d?s=96&r=g","caption":"Poliana Santos"},"description":"Rep\u00f3rter no Suno Not\u00edcias, com cobertura em mercado financeiro, economia, finan\u00e7as pessoais, renda fixa e varejo. Jornalista formada pela Faculdade C\u00e1sper L\u00edbero e possui passagem na R\u00e1dio Gazeta AM com a produ\u00e7\u00e3o de conte\u00fado sobre economia, pol\u00edtica, sa\u00fade, moda e m\u00fasica. Possui certificado de conclus\u00e3o do curso de An\u00e1lise de Balan\u00e7os pela Funda\u00e7\u00e3o Bradesco, Agenda Brasil pela FAAP, Educa\u00e7\u00e3o Pol\u00edtica por Alexandre Garcia e do Tesouro Direto e Mercado de A\u00e7\u00f5es pela B3.","url":"https:\/\/www.suno.com.br\/noticias\/author\/poliana-santos\/"}]}},"default_loop_html":"<div class=\"cardsPage__listCard__boxs\"><div class=\"cardsPage__listCard__boxs__img\"><a href=\"https:\/\/www.suno.com.br\/noticias\/vale-crime-omissao-cpi-deputados-camara\/\"><img class=\"mask\" src=\"https:\/\/www.suno.com.br\/noticias\/wp-content\/themes\/suno\/resources\/images\/spotlight\/spotlight1img\/bg-mask.png\" alt=\"Image Mask\"\/><img src=\"https:\/\/files.sunoresearch.com.br\/n\/uploads\/2018\/12\/bd6f7585-vale-400x200.webp\" alt=\"Para CPI da C\u00e2mara n\u00e3o h\u00e1 duvida do &#8220;crime de omiss\u00e3o&#8221; da Vale\"\/><\/a><span class=\"spotlightCategory\"><a href=\"https:\/\/www.suno.com.br\/noticias\/politica\/\">Pol\u00edtica<\/a><\/span><\/div><div class=\"cardsPage__listCard__boxs__content\"><a href=\"https:\/\/www.suno.com.br\/noticias\/vale-crime-omissao-cpi-deputados-camara\/\"><h2 class=\"content__title\">Para CPI da C\u00e2mara n\u00e3o h\u00e1 duvida do &#8220;crime de omiss\u00e3o&#8221; da Vale<\/h2><\/a><div class=\"newsContent__article__meta\"><div class=\"newsContent__article__meta__authorBox\"><a href=\"https:\/\/www.suno.com.br\/noticias\/author\/poliana-santos\/\" class=\"authorBox__avatar noMobi\"><img src=\"https:\/\/files.sunoresearch.com.br\/n\/uploads\/2020\/08\/7ef34026-whatsapp-image-2020-08-03-at-12.37.57-150x150.webp\" alt=\"Poliana Santos\"><\/a><div class=\"authorBox__name\"><span>por\n\t\t\t<a href=\"https:\/\/www.suno.com.br\/noticias\/author\/poliana-santos\/\"><span itemprop=\"author\">Poliana Santos<\/span><\/a><\/span><time datetime=\"2019-05-15T10:19:47-03:00\" itemprop=\"datePublished\">15\/05\/2019 10:19<\/time><\/div><\/div><\/div><\/div><\/div>","single_layout":"posts","amp_enabled":true,"_links":{"self":[{"href":"https:\/\/www.suno.com.br\/noticias\/wp-json\/wp\/v2\/posts\/24601"}],"collection":[{"href":"https:\/\/www.suno.com.br\/noticias\/wp-json\/wp\/v2\/posts"}],"about":[{"href":"https:\/\/www.suno.com.br\/noticias\/wp-json\/wp\/v2\/types\/post"}],"author":[{"embeddable":true,"href":"https:\/\/www.suno.com.br\/noticias\/wp-json\/wp\/v2\/users\/15"}],"replies":[{"embeddable":true,"href":"https:\/\/www.suno.com.br\/noticias\/wp-json\/wp\/v2\/comments?post=24601"}],"version-history":[{"count":0,"href":"https:\/\/www.suno.com.br\/noticias\/wp-json\/wp\/v2\/posts\/24601\/revisions"}],"wp:featuredmedia":[{"embeddable":true,"href":"https:\/\/www.suno.com.br\/noticias\/wp-json\/wp\/v2\/media\/7967"}],"wp:attachment":[{"href":"https:\/\/www.suno.com.br\/noticias\/wp-json\/wp\/v2\/media?parent=24601"}],"wp:term":[{"taxonomy":"category","embeddable":true,"href":"https:\/\/www.suno.com.br\/noticias\/wp-json\/wp\/v2\/categories?post=24601"},{"taxonomy":"post_tag","embeddable":true,"href":"https:\/\/www.suno.com.br\/noticias\/wp-json\/wp\/v2\/tags?post=24601"},{"taxonomy":"suno_strategy","embeddable":true,"href":"https:\/\/www.suno.com.br\/noticias\/wp-json\/wp\/v2\/suno_strategy?post=24601"}],"curies":[{"name":"wp","href":"https:\/\/api.w.org\/{rel}","templated":true}]}}