{"id":24594,"date":"2019-05-15T09:05:27","date_gmt":"2019-05-15T12:05:27","guid":{"rendered":"https:\/\/www.suno.com.br\/noticias\/?p=24594"},"modified":"2019-05-15T09:16:53","modified_gmt":"2019-05-15T12:16:53","slug":"ibc-br-previa-pib-retracao-1-trimestre","status":"publish","type":"post","link":"https:\/\/www.suno.com.br\/noticias\/ibc-br-previa-pib-retracao-1-trimestre\/","title":{"rendered":"IBC-Br: pr\u00e9via do PIB indica retra\u00e7\u00e3o de 0,68% no 1\u00ba trimestre de 2019"},"content":{"rendered":"<p>O <strong><a href=\"https:\/\/www.suno.com.br\/artigos\/pib\">Produto Interno Bruto (PIB)<\/a><\/strong> teve uma retra\u00e7\u00e3o de 0,68% no primeiro trimestre de 2019. Os dados foram indicados pelo <a href=\"https:\/\/www.suno.com.br\/artigos\/ibc-br\/\">\u00cdndice de Atividade Econ\u00f4mica (IBC-BR)<\/a> nesta quarta-feira (15). Assim, o indicador divulgado pelo Banco Central funciona como uma &#8220;pr\u00e9via do PIB&#8221;.<\/p>\t<div class=\"wrapper-featured-image\">\n\t\t<figure class=\"spotlightImg\">\n\n\t\t\t<picture>\n\t\t\t\t<source media=\"(max-width: 768px)\" srcset=\"https:\/\/files.sunoresearch.com.br\/n\/uploads\/2018\/11\/bee2ba4a-pib-400x200.webp\">\n\t\t\t\t<img loading=\"lazy\" decoding=\"async\" class=\"newsContent__article__imgCapa lazyloadDisabled newsContent__article__imgCapa--noCaption\" src=\"https:\/\/files.sunoresearch.com.br\/n\/uploads\/2018\/11\/bee2ba4a-pib-800x450.webp\" width=\"800\" height=\"450\" alt=\"IBC-Br: pr\u00e9via do PIB indica retra\u00e7\u00e3o de 0,68% no 1\u00ba trimestre de 2019\" fetchpriority=high \/>\n\t\t\t<\/picture>\n\n\t\t\t<figcaption class=\"wp-caption-text wp-caption-text--hide\">Moedas de 10 centavos e 25 centavos. (foto: divulga\u00e7\u00e3o)<\/figcaption>\n\t\t<\/figure>\n\t<\/div>\n\n\n<p>O recuo no crescimento da <strong>economia brasileira<\/strong> foi verificado entre janeiro e mar\u00e7o de 2019 na compara\u00e7\u00e3o com o \u00faltimo trimestre de 2018. Contudo, se o per\u00edodo comparativo for com os primeiros tr\u00eas meses do ano anterior, o \u00edndice aponta um <strong>crescimento<\/strong> de 0,23%. No mesmo sentido, nos \u00faltimos doze meses tamb\u00e9m houve um aumento de 1,05%, de acordo com o <strong>IBC-Br.<\/strong><\/p>\n\t<p>\n\t\t<a href=\"https:\/\/lp2.suno.com.br\/cl\/black-friday-2025\/?utm_campaign=_SNCDF0E4858_\" target=\"_blank\" data-element=\"shortcode-suno-banner\" title=\"Banner SUNO, clique e saiba mais\">\n\t\t\t<picture>\n\t\t\t\t<source media=\"(max-width: 500px)\" srcset=\"https:\/\/files.sunoresearch.com.br\/n\/uploads\/2025\/10\/Artigos-e-Noticias-Banner-Home-artigos-01-Mobile_-400x300-1-png.webp\">\n\t\t\t\t<img class=\"newsContent__article__imgCapa newsContent__article__imgCapa--banner\"\n\t\t\t\t\tsrc=\"https:\/\/files.sunoresearch.com.br\/n\/uploads\/2025\/10\/Artigos-e-Noticias-Banner-Home-artigos-01-Desktop_-1420x240-1-png.webp\"\n\t\t\t\t\tdata-promo-id=\"311259\"\t\t\t\t\t\t\t\t\t\twidth='1420' height='240'\t\t\t\t\talt=\"https:\/\/files.sunoresearch.com.br\/n\/uploads\/2025\/10\/Artigos-e-Noticias-Banner-Home-artigos-01-Desktop_-1420x240-1-png.webp\"\n\t\t\t\t>\n\t\t\t<\/picture>\n\t\t<\/a>\n\t<\/p>\n\n\n<p>Se a retra\u00e7\u00e3o da <strong>economia<\/strong> for confirmada pela divulga\u00e7\u00e3o oficial do <strong>PIB,<\/strong> a queda ser\u00e1 a primeira desde o final de 2016. Nessa \u00e9poca, o <strong>PIB<\/strong> caiu 0,6%, de acordo com o <strong>IBGE.<\/strong><\/p>\n<p><a href=\"https:\/\/www.suno.com.br\/noticias\/guedes-previsao-crescimento-pib\/\">Saiba Mais: Guedes diminui previs\u00e3o de crescimento do PIB de 2019 para 1,5%<\/a><\/p>\n<h2>Copom e Guedes<\/h2>\n<p>A possibilidade de retra\u00e7\u00e3o da economia foi registrada em ata do <strong>Copom<\/strong> divulgada na ter\u00e7a-feira (14). &#8220;Indicadores dispon\u00edveis sugerem probabilidade relevante de que o\u00a0<strong>Produto Interno Bruto (PIB)<\/strong> tenha recuado ligeiramente no primeiro trimestre do ano, na compara\u00e7\u00e3o com o trimestre anterior, ap\u00f3s considerados os padr\u00f5es sazonais&#8221;, afirmou o <a href=\"https:\/\/www.suno.com.br\/artigos\/copom\/\">Comit\u00ea de Pol\u00edtica Monet\u00e1ria<\/a>.<\/p>\n<p><a href=\"https:\/\/www.suno.com.br\/noticias\/copom-ata-economia-pib-inflacao\/\">Saiba Mais: Em ata Copom afirma que economia brasileira avan\u00e7a abaixo do esperado<\/a><\/p>\n<p>De acordo com o \u00f3rg\u00e3o, a economia avan\u00e7a aqu\u00e9m do esperado.\u00a0&#8220;O<strong> Copom<\/strong> julga importante observar o comportamento da <strong>economia brasileira<\/strong> ao longo do tempo. Livre dos efeitos remanescente dos diversos choque a que foi submetido no ano passado. Em especial, com a redu\u00e7\u00e3o do grau de incerteza a que a economia brasileira continua exposta&#8221;, afirma o texto.<\/p>\n<p><a href=\"https:\/\/www.suno.com.br\/noticias\/itau-estimativa-pib\/\">Saiba Mais: Ita\u00fa piora estimativa para PIB em 2019 e 2020<\/a><\/p>\n<p>No mesmo sentido, o ministro <strong>Paulo Guedes<\/strong> afirmou tamb\u00e9m na ter\u00e7a-feira que a <strong>economia<\/strong>\u00a0est\u00e1 &#8220;no fundo do po\u00e7o&#8221;. O economista tamb\u00e9m reduziu a expectativa de crescimento do Brasil em 2019. Sendo assim, a previs\u00e3o do <strong>PIB<\/strong> para este ano passa a ser ent\u00e3o de 1,5%.<\/p>\n<h2>Ita\u00fa e Bradesco<\/h2>\n<p>No mesmo sentido, o <strong>Ita\u00fa<\/strong> e o <strong>Bradesco<\/strong> tamb\u00e9m pioraram a estimativa do <strong>PIB<\/strong>\u00a0para 2019 e tamb\u00e9m 2020. De uma estimativa de expans\u00e3o de 1,3% passou para 1%, segundo o Ita\u00fa.<\/p>\n<p>Do mesmo modo, o\u00a0<strong>Bradesco<\/strong> tamb\u00e9m\u00a0diminuiu a previs\u00e3o de crescimento do <b>PIB<\/b>\u00a0de 2019 de 1,9% para 1,1%. J\u00e1 a estimativa do\u00a0<strong>Boletim Focus<\/strong> \u00e9 de um expans\u00e3o de 1,45% na economia neste ano ap\u00f3s reduzir as expectativas pela 11\u00aa vez.<\/p>\n<h2>O que \u00e9 o IBC-Br<\/h2>\n<p>O <strong>IBC-Br<\/strong> \u00e9 considerado como um resultado pr\u00e9vio do <strong>Produto Interno Bruto<\/strong>. Assim, no ano passado, o <strong>PIB<\/strong> brasileiro registrou uma expans\u00e3o de 1,1%. Um desempenho decepcionante diante das expectativas do come\u00e7o do ano, que repetiu o avan\u00e7o registrado em 2017.<\/p>\n\t<p>\n\t\t<a href=\"https:\/\/lp.suno.com.br\/ebook-como-analisar-uma-acao\/\" target=\"_blank\" data-element=\"shortcode-suno-banner\" title=\"Banner SUNO, clique e saiba mais\">\n\t\t\t<picture>\n\t\t\t\t<source media=\"(max-width: 500px)\" srcset=\"https:\/\/files.sunoresearch.com.br\/n\/uploads\/2023\/03\/Ebook-Acoes-Mobile.jpg\">\n\t\t\t\t<img class=\"newsContent__article__imgCapa newsContent__article__imgCapa--banner\"\n\t\t\t\t\tsrc=\"https:\/\/files.sunoresearch.com.br\/n\/uploads\/2023\/03\/Ebook-Acoes-Desktop.jpg\"\n\t\t\t\t\tdata-promo-id=\"311946\"\t\t\t\t\t\t\t\t\t\twidth='1420' height='286'\t\t\t\t\talt=\"https:\/\/files.sunoresearch.com.br\/n\/uploads\/2023\/03\/Ebook-Acoes-Desktop.jpg\"\n\t\t\t\t>\n\t\t\t<\/picture>\n\t\t<\/a>\n\t<\/p>\n\n\n<p>O <strong>IBC-Br<\/strong>, do <strong>Banco Central,<\/strong> \u00e9 um indicador criado para tentar antecipar o resultado do <strong>Produto Interno Bruto (PIB)<\/strong>, calculado pelo Instituto Brasileiro de Geografia e Estat\u00edstica (IBGE). Contudo, o c\u00e1lculo do IBC-Br, \u00e9 um pouco diferente do usado no <strong>PIB<\/strong>.<\/p>\n<p>Isso porque o <strong>IBC-Br<\/strong>\u00a0incorpora estimativas para a agropecu\u00e1ria, a ind\u00fastria e o setor de servi\u00e7os, al\u00e9m dos impostos. Os resultados do indicador nem sempre mostraram proximidade com os dados oficiais divulgados pelo <strong>IBGE.<\/strong><\/p>\n","protected":false},"excerpt":{"rendered":"<p>O Produto Interno Bruto (PIB) teve uma retra\u00e7\u00e3o de 0,68% no primeiro trimestre de 2019. Os dados foram indicados pelo \u00cdndice de Atividade Econ\u00f4mica (IBC-BR) nesta quarta-feira (15). Assim, o indicador divulgado pelo Banco Central funciona como uma &#8220;pr\u00e9via do PIB&#8221;. Moedas de 10 centavos e 25 centavos. (foto: divulga\u00e7\u00e3o) O recuo no crescimento da [&hellip;]<\/p>\n","protected":false},"author":16,"featured_media":6191,"comment_status":"closed","ping_status":"closed","sticky":false,"template":"","format":"standard","meta":[],"categories":[62],"tags":[740,875,807],"suno_strategy":[],"class_list":["post-24594","post","type-post","status-publish","format-standard","has-post-thumbnail","hentry","category-economia","tag-economia","tag-ibc-br","tag-produto-interno-bruto-pib"],"yoast_head":"<!-- This site is optimized with the Yoast SEO plugin v24.4 - https:\/\/yoast.com\/wordpress\/plugins\/seo\/ -->\n<title>IBC-BR: pr\u00e9via do PIB indica retra\u00e7\u00e3o de 0,68% no 1\u00ba trimestre de 2019<\/title>\n<meta name=\"description\" content=\"O IBC-Br \u00e9 a pr\u00e9via do PIB e a retra\u00e7\u00e3o indicada vai de encontro \u00e0 ata divulgada pelo Copom e a discurso de Paulo Guedes. Clique e entenda.\" \/>\n<meta name=\"robots\" content=\"index, follow, max-snippet:-1, max-image-preview:large, max-video-preview:-1\" \/>\n<link rel=\"canonical\" href=\"https:\/\/www.suno.com.br\/noticias\/ibc-br-previa-pib-retracao-1-trimestre\/\" \/>\n<meta property=\"og:locale\" content=\"pt_BR\" \/>\n<meta property=\"og:type\" content=\"article\" \/>\n<meta property=\"og:title\" content=\"IBC-BR: pr\u00e9via do PIB indica retra\u00e7\u00e3o de 0,68% no 1\u00ba trimestre de 2019\" \/>\n<meta property=\"og:description\" content=\"O IBC-Br \u00e9 a pr\u00e9via do PIB e a retra\u00e7\u00e3o indicada vai de encontro \u00e0 ata divulgada pelo Copom e a discurso de Paulo Guedes. Clique e entenda.\" \/>\n<meta property=\"og:url\" content=\"https:\/\/www.suno.com.br\/noticias\/ibc-br-previa-pib-retracao-1-trimestre\/\" \/>\n<meta property=\"og:site_name\" content=\"Suno Not\u00edcias\" \/>\n<meta property=\"article:publisher\" content=\"https:\/\/facebook.com\/sunoresearch\" \/>\n<meta property=\"og:image\" content=\"https:\/\/files.sunoresearch.com.br\/n\/uploads\/2018\/11\/bee2ba4a-pib.jpg\" \/>\n\t<meta property=\"og:image:width\" content=\"1920\" \/>\n\t<meta property=\"og:image:height\" content=\"1440\" \/>\n\t<meta property=\"og:image:type\" content=\"image\/jpeg\" \/>\n<meta name=\"author\" content=\"Beatriz Oliveira\" \/>\n<meta name=\"twitter:card\" content=\"summary_large_image\" \/>\n<meta name=\"twitter:creator\" content=\"@sunoresearch\" \/>\n<meta name=\"twitter:site\" content=\"@sunoresearch\" \/>\n<meta name=\"twitter:label1\" content=\"Escrito por\" \/>\n\t<meta name=\"twitter:data1\" content=\"Beatriz Oliveira\" \/>\n\t<meta name=\"twitter:label2\" content=\"Est. tempo de leitura\" \/>\n\t<meta name=\"twitter:data2\" content=\"3 minutos\" \/>\n<script type=\"application\/ld+json\" class=\"yoast-schema-graph\">{\"@context\":\"https:\/\/schema.org\",\"@graph\":[{\"@type\":\"NewsArticle\",\"@id\":\"https:\/\/www.suno.com.br\/noticias\/ibc-br-previa-pib-retracao-1-trimestre\/#article\",\"isPartOf\":{\"@id\":\"https:\/\/www.suno.com.br\/noticias\/ibc-br-previa-pib-retracao-1-trimestre\/\"},\"author\":{\"name\":\"Beatriz Oliveira\",\"@id\":\"https:\/\/www.suno.com.br\/noticias\/#\/schema\/person\/e67f665add014bf99f644028de070cc3\"},\"headline\":\"IBC-Br: pr\u00e9via do PIB indica retra\u00e7\u00e3o de 0,68% no 1\u00ba trimestre de 2019\",\"datePublished\":\"2019-05-15T12:05:27+00:00\",\"dateModified\":\"2019-05-15T12:16:53+00:00\",\"mainEntityOfPage\":{\"@id\":\"https:\/\/www.suno.com.br\/noticias\/ibc-br-previa-pib-retracao-1-trimestre\/\"},\"wordCount\":564,\"publisher\":{\"@id\":\"https:\/\/www.suno.com.br\/noticias\/#organization\"},\"image\":{\"@id\":\"https:\/\/www.suno.com.br\/noticias\/ibc-br-previa-pib-retracao-1-trimestre\/#primaryimage\"},\"thumbnailUrl\":\"https:\/\/files.sunoresearch.com.br\/n\/uploads\/2018\/11\/bee2ba4a-pib-jpg.webp\",\"keywords\":[\"Economia\",\"IBC-Br\",\"Produto Interno Bruto (PIB)\"],\"articleSection\":[\"Economia\"],\"inLanguage\":\"pt-BR\"},{\"@type\":\"WebPage\",\"@id\":\"https:\/\/www.suno.com.br\/noticias\/ibc-br-previa-pib-retracao-1-trimestre\/\",\"url\":\"https:\/\/www.suno.com.br\/noticias\/ibc-br-previa-pib-retracao-1-trimestre\/\",\"name\":\"IBC-BR: pr\u00e9via do PIB indica retra\u00e7\u00e3o de 0,68% no 1\u00ba trimestre de 2019\",\"isPartOf\":{\"@id\":\"https:\/\/www.suno.com.br\/noticias\/#website\"},\"primaryImageOfPage\":{\"@id\":\"https:\/\/www.suno.com.br\/noticias\/ibc-br-previa-pib-retracao-1-trimestre\/#primaryimage\"},\"image\":{\"@id\":\"https:\/\/www.suno.com.br\/noticias\/ibc-br-previa-pib-retracao-1-trimestre\/#primaryimage\"},\"thumbnailUrl\":\"https:\/\/files.sunoresearch.com.br\/n\/uploads\/2018\/11\/bee2ba4a-pib-jpg.webp\",\"datePublished\":\"2019-05-15T12:05:27+00:00\",\"dateModified\":\"2019-05-15T12:16:53+00:00\",\"description\":\"O IBC-Br \u00e9 a pr\u00e9via do PIB e a retra\u00e7\u00e3o indicada vai de encontro \u00e0 ata divulgada pelo Copom e a discurso de Paulo Guedes. Clique e entenda.\",\"breadcrumb\":{\"@id\":\"https:\/\/www.suno.com.br\/noticias\/ibc-br-previa-pib-retracao-1-trimestre\/#breadcrumb\"},\"inLanguage\":\"pt-BR\",\"potentialAction\":[{\"@type\":\"ReadAction\",\"target\":[\"https:\/\/www.suno.com.br\/noticias\/ibc-br-previa-pib-retracao-1-trimestre\/\"]}]},{\"@type\":\"ImageObject\",\"inLanguage\":\"pt-BR\",\"@id\":\"https:\/\/www.suno.com.br\/noticias\/ibc-br-previa-pib-retracao-1-trimestre\/#primaryimage\",\"url\":\"https:\/\/files.sunoresearch.com.br\/n\/uploads\/2018\/11\/bee2ba4a-pib-jpg.webp\",\"contentUrl\":\"https:\/\/files.sunoresearch.com.br\/n\/uploads\/2018\/11\/bee2ba4a-pib-jpg.webp\",\"width\":1920,\"height\":1440,\"caption\":\"Moedas de 10 centavos e 25 centavos. (foto: divulga\u00e7\u00e3o)\"},{\"@type\":\"BreadcrumbList\",\"@id\":\"https:\/\/www.suno.com.br\/noticias\/ibc-br-previa-pib-retracao-1-trimestre\/#breadcrumb\",\"itemListElement\":[{\"@type\":\"ListItem\",\"position\":1,\"name\":\"Not\u00edcias\",\"item\":\"https:\/\/www.suno.com.br\/noticias\/\"},{\"@type\":\"ListItem\",\"position\":2,\"name\":\"Economia\",\"item\":\"https:\/\/www.suno.com.br\/noticias\/economia\/\"},{\"@type\":\"ListItem\",\"position\":3,\"name\":\"IBC-Br: pr\u00e9via do PIB indica retra\u00e7\u00e3o de 0,68% no 1\u00ba trimestre de 2019\"}]},{\"@type\":\"WebSite\",\"@id\":\"https:\/\/www.suno.com.br\/noticias\/#website\",\"url\":\"https:\/\/www.suno.com.br\/noticias\/\",\"name\":\"Suno Not\u00edcias\",\"description\":\"Seu portal de informa\u00e7\u00e3o sobre o mundo dos investimentos\",\"publisher\":{\"@id\":\"https:\/\/www.suno.com.br\/noticias\/#organization\"},\"potentialAction\":[{\"@type\":\"SearchAction\",\"target\":{\"@type\":\"EntryPoint\",\"urlTemplate\":\"https:\/\/www.suno.com.br\/noticias\/?s={search_term_string}\"},\"query-input\":{\"@type\":\"PropertyValueSpecification\",\"valueRequired\":true,\"valueName\":\"search_term_string\"}}],\"inLanguage\":\"pt-BR\"},{\"@type\":\"Organization\",\"@id\":\"https:\/\/www.suno.com.br\/noticias\/#organization\",\"name\":\"Suno Not\u00edcias\",\"url\":\"https:\/\/www.suno.com.br\/noticias\/\",\"logo\":{\"@type\":\"ImageObject\",\"inLanguage\":\"pt-BR\",\"@id\":\"https:\/\/www.suno.com.br\/noticias\/#\/schema\/logo\/image\/\",\"url\":\"https:\/\/files.sunoresearch.com.br\/n\/uploads\/2021\/09\/suno-logo.png\",\"contentUrl\":\"https:\/\/files.sunoresearch.com.br\/n\/uploads\/2021\/09\/suno-logo.png\",\"width\":180,\"height\":180,\"caption\":\"Suno Not\u00edcias\"},\"image\":{\"@id\":\"https:\/\/www.suno.com.br\/noticias\/#\/schema\/logo\/image\/\"},\"sameAs\":[\"https:\/\/facebook.com\/sunoresearch\",\"https:\/\/x.com\/sunoresearch\",\"https:\/\/www.instagram.com\/suno\",\"https:\/\/www.linkedin.com\/company\/suno-research\/\",\"https:\/\/www.youtube.com\/c\/sunoresearch\"]},{\"@type\":\"Person\",\"@id\":\"https:\/\/www.suno.com.br\/noticias\/#\/schema\/person\/e67f665add014bf99f644028de070cc3\",\"name\":\"Beatriz Oliveira\",\"image\":{\"@type\":\"ImageObject\",\"inLanguage\":\"pt-BR\",\"@id\":\"https:\/\/www.suno.com.br\/noticias\/#\/schema\/person\/image\/\",\"url\":\"https:\/\/secure.gravatar.com\/avatar\/c9aa6a0aaecc598d257d5d5bd349157d?s=96&r=g\",\"contentUrl\":\"https:\/\/secure.gravatar.com\/avatar\/c9aa6a0aaecc598d257d5d5bd349157d?s=96&r=g\",\"caption\":\"Beatriz Oliveira\"},\"description\":\"Formada em Jornalismo pela Faculdade Paulus de Tecnologia e Comunica\u00e7\u00e3o, Beatriz Oliveira escreve para o portal de not\u00edcias Suno Research. Antes, passou pelas reda\u00e7\u00f5es da Revista EXAME e da Rede Bandeirantes.\",\"url\":\"https:\/\/www.suno.com.br\/noticias\/author\/beatriz\/\"}]}<\/script>\n<!-- \/ Yoast SEO plugin. -->","yoast_head_json":{"title":"IBC-BR: pr\u00e9via do PIB indica retra\u00e7\u00e3o de 0,68% no 1\u00ba trimestre de 2019","description":"O IBC-Br \u00e9 a pr\u00e9via do PIB e a retra\u00e7\u00e3o indicada vai de encontro \u00e0 ata divulgada pelo Copom e a discurso de Paulo Guedes. Clique e entenda.","robots":{"index":"index","follow":"follow","max-snippet":"max-snippet:-1","max-image-preview":"max-image-preview:large","max-video-preview":"max-video-preview:-1"},"canonical":"https:\/\/www.suno.com.br\/noticias\/ibc-br-previa-pib-retracao-1-trimestre\/","og_locale":"pt_BR","og_type":"article","og_title":"IBC-BR: pr\u00e9via do PIB indica retra\u00e7\u00e3o de 0,68% no 1\u00ba trimestre de 2019","og_description":"O IBC-Br \u00e9 a pr\u00e9via do PIB e a retra\u00e7\u00e3o indicada vai de encontro \u00e0 ata divulgada pelo Copom e a discurso de Paulo Guedes. Clique e entenda.","og_url":"https:\/\/www.suno.com.br\/noticias\/ibc-br-previa-pib-retracao-1-trimestre\/","og_site_name":"Suno Not\u00edcias","article_publisher":"https:\/\/facebook.com\/sunoresearch","og_image":[{"width":1920,"height":1440,"url":"https:\/\/files.sunoresearch.com.br\/n\/uploads\/2018\/11\/bee2ba4a-pib.jpg","type":"image\/jpeg"}],"author":"Beatriz Oliveira","twitter_card":"summary_large_image","twitter_creator":"@sunoresearch","twitter_site":"@sunoresearch","twitter_misc":{"Escrito por":"Beatriz Oliveira","Est. tempo de leitura":"3 minutos"},"schema":{"@context":"https:\/\/schema.org","@graph":[{"@type":"NewsArticle","@id":"https:\/\/www.suno.com.br\/noticias\/ibc-br-previa-pib-retracao-1-trimestre\/#article","isPartOf":{"@id":"https:\/\/www.suno.com.br\/noticias\/ibc-br-previa-pib-retracao-1-trimestre\/"},"author":{"name":"Beatriz Oliveira","@id":"https:\/\/www.suno.com.br\/noticias\/#\/schema\/person\/e67f665add014bf99f644028de070cc3"},"headline":"IBC-Br: pr\u00e9via do PIB indica retra\u00e7\u00e3o de 0,68% no 1\u00ba trimestre de 2019","datePublished":"2019-05-15T12:05:27+00:00","dateModified":"2019-05-15T12:16:53+00:00","mainEntityOfPage":{"@id":"https:\/\/www.suno.com.br\/noticias\/ibc-br-previa-pib-retracao-1-trimestre\/"},"wordCount":564,"publisher":{"@id":"https:\/\/www.suno.com.br\/noticias\/#organization"},"image":{"@id":"https:\/\/www.suno.com.br\/noticias\/ibc-br-previa-pib-retracao-1-trimestre\/#primaryimage"},"thumbnailUrl":"https:\/\/files.sunoresearch.com.br\/n\/uploads\/2018\/11\/bee2ba4a-pib-jpg.webp","keywords":["Economia","IBC-Br","Produto Interno Bruto (PIB)"],"articleSection":["Economia"],"inLanguage":"pt-BR"},{"@type":"WebPage","@id":"https:\/\/www.suno.com.br\/noticias\/ibc-br-previa-pib-retracao-1-trimestre\/","url":"https:\/\/www.suno.com.br\/noticias\/ibc-br-previa-pib-retracao-1-trimestre\/","name":"IBC-BR: pr\u00e9via do PIB indica retra\u00e7\u00e3o de 0,68% no 1\u00ba trimestre de 2019","isPartOf":{"@id":"https:\/\/www.suno.com.br\/noticias\/#website"},"primaryImageOfPage":{"@id":"https:\/\/www.suno.com.br\/noticias\/ibc-br-previa-pib-retracao-1-trimestre\/#primaryimage"},"image":{"@id":"https:\/\/www.suno.com.br\/noticias\/ibc-br-previa-pib-retracao-1-trimestre\/#primaryimage"},"thumbnailUrl":"https:\/\/files.sunoresearch.com.br\/n\/uploads\/2018\/11\/bee2ba4a-pib-jpg.webp","datePublished":"2019-05-15T12:05:27+00:00","dateModified":"2019-05-15T12:16:53+00:00","description":"O IBC-Br \u00e9 a pr\u00e9via do PIB e a retra\u00e7\u00e3o indicada vai de encontro \u00e0 ata divulgada pelo Copom e a discurso de Paulo Guedes. Clique e entenda.","breadcrumb":{"@id":"https:\/\/www.suno.com.br\/noticias\/ibc-br-previa-pib-retracao-1-trimestre\/#breadcrumb"},"inLanguage":"pt-BR","potentialAction":[{"@type":"ReadAction","target":["https:\/\/www.suno.com.br\/noticias\/ibc-br-previa-pib-retracao-1-trimestre\/"]}]},{"@type":"ImageObject","inLanguage":"pt-BR","@id":"https:\/\/www.suno.com.br\/noticias\/ibc-br-previa-pib-retracao-1-trimestre\/#primaryimage","url":"https:\/\/files.sunoresearch.com.br\/n\/uploads\/2018\/11\/bee2ba4a-pib-jpg.webp","contentUrl":"https:\/\/files.sunoresearch.com.br\/n\/uploads\/2018\/11\/bee2ba4a-pib-jpg.webp","width":1920,"height":1440,"caption":"Moedas de 10 centavos e 25 centavos. (foto: divulga\u00e7\u00e3o)"},{"@type":"BreadcrumbList","@id":"https:\/\/www.suno.com.br\/noticias\/ibc-br-previa-pib-retracao-1-trimestre\/#breadcrumb","itemListElement":[{"@type":"ListItem","position":1,"name":"Not\u00edcias","item":"https:\/\/www.suno.com.br\/noticias\/"},{"@type":"ListItem","position":2,"name":"Economia","item":"https:\/\/www.suno.com.br\/noticias\/economia\/"},{"@type":"ListItem","position":3,"name":"IBC-Br: pr\u00e9via do PIB indica retra\u00e7\u00e3o de 0,68% no 1\u00ba trimestre de 2019"}]},{"@type":"WebSite","@id":"https:\/\/www.suno.com.br\/noticias\/#website","url":"https:\/\/www.suno.com.br\/noticias\/","name":"Suno Not\u00edcias","description":"Seu portal de informa\u00e7\u00e3o sobre o mundo dos investimentos","publisher":{"@id":"https:\/\/www.suno.com.br\/noticias\/#organization"},"potentialAction":[{"@type":"SearchAction","target":{"@type":"EntryPoint","urlTemplate":"https:\/\/www.suno.com.br\/noticias\/?s={search_term_string}"},"query-input":{"@type":"PropertyValueSpecification","valueRequired":true,"valueName":"search_term_string"}}],"inLanguage":"pt-BR"},{"@type":"Organization","@id":"https:\/\/www.suno.com.br\/noticias\/#organization","name":"Suno Not\u00edcias","url":"https:\/\/www.suno.com.br\/noticias\/","logo":{"@type":"ImageObject","inLanguage":"pt-BR","@id":"https:\/\/www.suno.com.br\/noticias\/#\/schema\/logo\/image\/","url":"https:\/\/files.sunoresearch.com.br\/n\/uploads\/2021\/09\/suno-logo.png","contentUrl":"https:\/\/files.sunoresearch.com.br\/n\/uploads\/2021\/09\/suno-logo.png","width":180,"height":180,"caption":"Suno Not\u00edcias"},"image":{"@id":"https:\/\/www.suno.com.br\/noticias\/#\/schema\/logo\/image\/"},"sameAs":["https:\/\/facebook.com\/sunoresearch","https:\/\/x.com\/sunoresearch","https:\/\/www.instagram.com\/suno","https:\/\/www.linkedin.com\/company\/suno-research\/","https:\/\/www.youtube.com\/c\/sunoresearch"]},{"@type":"Person","@id":"https:\/\/www.suno.com.br\/noticias\/#\/schema\/person\/e67f665add014bf99f644028de070cc3","name":"Beatriz Oliveira","image":{"@type":"ImageObject","inLanguage":"pt-BR","@id":"https:\/\/www.suno.com.br\/noticias\/#\/schema\/person\/image\/","url":"https:\/\/secure.gravatar.com\/avatar\/c9aa6a0aaecc598d257d5d5bd349157d?s=96&r=g","contentUrl":"https:\/\/secure.gravatar.com\/avatar\/c9aa6a0aaecc598d257d5d5bd349157d?s=96&r=g","caption":"Beatriz Oliveira"},"description":"Formada em Jornalismo pela Faculdade Paulus de Tecnologia e Comunica\u00e7\u00e3o, Beatriz Oliveira escreve para o portal de not\u00edcias Suno Research. Antes, passou pelas reda\u00e7\u00f5es da Revista EXAME e da Rede Bandeirantes.","url":"https:\/\/www.suno.com.br\/noticias\/author\/beatriz\/"}]}},"default_loop_html":"<div class=\"cardsPage__listCard__boxs\"><div class=\"cardsPage__listCard__boxs__img\"><a href=\"https:\/\/www.suno.com.br\/noticias\/ibc-br-previa-pib-retracao-1-trimestre\/\"><img class=\"mask\" src=\"https:\/\/www.suno.com.br\/noticias\/wp-content\/themes\/suno\/resources\/images\/spotlight\/spotlight1img\/bg-mask.png\" alt=\"Image Mask\"\/><img src=\"https:\/\/files.sunoresearch.com.br\/n\/uploads\/2018\/11\/bee2ba4a-pib-400x200.webp\" alt=\"IBC-Br: pr\u00e9via do PIB indica retra\u00e7\u00e3o de 0,68% no 1\u00ba trimestre de 2019\"\/><\/a><span class=\"spotlightCategory\"><a href=\"https:\/\/www.suno.com.br\/noticias\/economia\/\">Economia<\/a><\/span><\/div><div class=\"cardsPage__listCard__boxs__content\"><a href=\"https:\/\/www.suno.com.br\/noticias\/ibc-br-previa-pib-retracao-1-trimestre\/\"><h2 class=\"content__title\">IBC-Br: pr\u00e9via do PIB indica retra\u00e7\u00e3o de 0,68% no 1\u00ba trimestre de 2019<\/h2><\/a><div class=\"newsContent__article__meta\"><div class=\"newsContent__article__meta__authorBox\"><a href=\"https:\/\/www.suno.com.br\/noticias\/author\/beatriz\/\" class=\"authorBox__avatar noMobi\"><img src=\"https:\/\/secure.gravatar.com\/avatar\/c9aa6a0aaecc598d257d5d5bd349157d?s=96&#038;r=g\" alt=\"Beatriz Oliveira\"><\/a><div class=\"authorBox__name\"><span>por\n\t\t\t<a href=\"https:\/\/www.suno.com.br\/noticias\/author\/beatriz\/\"><span itemprop=\"author\">Beatriz Oliveira<\/span><\/a><\/span><time datetime=\"2019-05-15T09:05:27-03:00\" itemprop=\"datePublished\">15\/05\/2019 09:05<\/time><\/div><\/div><\/div><\/div><\/div>","single_layout":"posts","amp_enabled":true,"_links":{"self":[{"href":"https:\/\/www.suno.com.br\/noticias\/wp-json\/wp\/v2\/posts\/24594"}],"collection":[{"href":"https:\/\/www.suno.com.br\/noticias\/wp-json\/wp\/v2\/posts"}],"about":[{"href":"https:\/\/www.suno.com.br\/noticias\/wp-json\/wp\/v2\/types\/post"}],"author":[{"embeddable":true,"href":"https:\/\/www.suno.com.br\/noticias\/wp-json\/wp\/v2\/users\/16"}],"replies":[{"embeddable":true,"href":"https:\/\/www.suno.com.br\/noticias\/wp-json\/wp\/v2\/comments?post=24594"}],"version-history":[{"count":0,"href":"https:\/\/www.suno.com.br\/noticias\/wp-json\/wp\/v2\/posts\/24594\/revisions"}],"wp:featuredmedia":[{"embeddable":true,"href":"https:\/\/www.suno.com.br\/noticias\/wp-json\/wp\/v2\/media\/6191"}],"wp:attachment":[{"href":"https:\/\/www.suno.com.br\/noticias\/wp-json\/wp\/v2\/media?parent=24594"}],"wp:term":[{"taxonomy":"category","embeddable":true,"href":"https:\/\/www.suno.com.br\/noticias\/wp-json\/wp\/v2\/categories?post=24594"},{"taxonomy":"post_tag","embeddable":true,"href":"https:\/\/www.suno.com.br\/noticias\/wp-json\/wp\/v2\/tags?post=24594"},{"taxonomy":"suno_strategy","embeddable":true,"href":"https:\/\/www.suno.com.br\/noticias\/wp-json\/wp\/v2\/suno_strategy?post=24594"}],"curies":[{"name":"wp","href":"https:\/\/api.w.org\/{rel}","templated":true}]}}