{"id":245929,"date":"2022-03-29T12:03:44","date_gmt":"2022-03-29T15:03:44","guid":{"rendered":"https:\/\/www.suno.com.br\/noticias\/?p=245929"},"modified":"2022-03-29T14:32:56","modified_gmt":"2022-03-29T17:32:56","slug":"petrobras-petr4-novo-presidente-recomendacao-compra","status":"publish","type":"post","link":"https:\/\/www.suno.com.br\/noticias\/petrobras-petr4-novo-presidente-recomendacao-compra\/","title":{"rendered":"Dan\u00e7a das cadeiras na Petrobras (PETR4) n\u00e3o abala recomenda\u00e7\u00f5es e papel sobe"},"content":{"rendered":"<p>Ap\u00f3s a demiss\u00e3o do general Joaquim Silva e Luna da posi\u00e7\u00e3o de CEO da <a class=\"suno-keyword\" href=\"https:\/\/www.suno.com.br\/acoes\/PETR4\/\" target=\"_blank\" rel=\"noopener\" data-force=\"yes\" data-priority=\"2\"><strong>Petrobras<\/strong> (PETR4)<\/a> pelo presidente Jair Bolsonaro, o Minist\u00e9rio de Minas e Energia confirmou a nomea\u00e7\u00e3o do economista Adriano Pires como presidente da estatal.<\/p>\t<div class=\"wrapper-featured-image\">\n\t\t<figure class=\"spotlightImg\">\n\n\t\t\t<picture>\n\t\t\t\t<source media=\"(max-width: 768px)\" srcset=\"https:\/\/files.sunoresearch.com.br\/n\/uploads\/2022\/02\/Conteudo24397-400x200.jpg\">\n\t\t\t\t<img loading=\"lazy\" decoding=\"async\" class=\"newsContent__article__imgCapa lazyloadDisabled \" src=\"https:\/\/files.sunoresearch.com.br\/n\/uploads\/2022\/02\/Conteudo24397-800x450.jpg\" width=\"800\" height=\"450\" alt=\"Dan\u00e7a das cadeiras na Petrobras (PETR4) n\u00e3o abala recomenda\u00e7\u00f5es e papel sobe\" fetchpriority=high \/>\n\t\t\t<\/picture>\n\n\t\t\t<figcaption class=\"wp-caption-text wp-caption-text--show\">Petrobras (PETR4). Foto: Divulga\u00e7\u00e3o\/ Ag\u00eancia Petrobras<\/figcaption>\n\t\t<\/figure>\n\t<\/div>\n\n\n\t<p>\n\t\t<a href=\"https:\/\/lp.suno.com.br\/planilha-controle-gastos\/\" target=\"_blank\" data-element=\"shortcode-suno-banner\" title=\"Banner SUNO, clique e saiba mais\">\n\t\t\t<picture>\n\t\t\t\t<source media=\"(max-width: 500px)\" srcset=\"https:\/\/files.sunoresearch.com.br\/n\/uploads\/2023\/03\/400x300-Planilha-controle-de-gastos.png\">\n\t\t\t\t<img class=\"newsContent__article__imgCapa newsContent__article__imgCapa--banner\"\n\t\t\t\t\tsrc=\"https:\/\/files.sunoresearch.com.br\/n\/uploads\/2023\/03\/1420x240-Planilha-controle-de-gastos.png\"\n\t\t\t\t\tdata-promo-id=\"101751\"\t\t\t\t\t\t\t\t\t\twidth='1420' height='240'\t\t\t\t\talt=\"https:\/\/files.sunoresearch.com.br\/n\/uploads\/2023\/03\/1420x240-Planilha-controle-de-gastos.png\"\n\t\t\t\t>\n\t\t\t<\/picture>\n\t\t<\/a>\n\t<\/p>\n\n\n<p>Embora a mudan\u00e7a signifique interven\u00e7\u00e3o do Estado na empresa, os especialistas do mercado permanecem com a <strong>recomenda\u00e7\u00e3o de compra das a\u00e7\u00f5es da Petrobras<\/strong> e avaliam que o novo nome pode ser favor\u00e1vel para a gest\u00e3o da companhia. Por volta das 11h55, os pap\u00e9is subiam 2,56%, negociados a R$ 32,41.<\/p>\n<p>&#8220;Observamos que a decis\u00e3o de substituir o <strong>CEO da Petrobras<\/strong> vem na esteira de not\u00edcias negativas. No entanto, a atual governan\u00e7a corporativa da Petrobras e as leis brasileiras limitam a interven\u00e7\u00e3o governamental no <a class=\"suno-keyword\" href=\"https:\/\/www.suno.com.br\/artigos\/curto-prazo\/\" target=\"_blank\" rel=\"noopener\" data-force=\"no\" data-priority=\"1\">curto prazo<\/a>&#8220;, informou os analistas do Goldman Sachs em relat\u00f3rio.<\/p>\n<h2>Hist\u00f3rico de Pires \u00e9 favor\u00e1vel para especialistas<\/h2>\n<p>O hist\u00f3rico de Pires parece agradar os especialistas do mercado. O <strong>novo CEO da Petrobras<\/strong>, que dever\u00e1 assumir o cargo ap\u00f3s a vota\u00e7\u00e3o na <a class=\"suno-keyword\" href=\"https:\/\/www.suno.com.br\/artigos\/assembleia-geral-ordinaria\/\" target=\"_blank\" rel=\"noopener\" data-force=\"no\" data-priority=\"1\">assembleia geral ordin\u00e1ria<\/a> em 13 de abril, trabalha como consultor para o setor de energia desde 2000 e foi assessor do chefe da ANP, bem como\u00a0professor do Programa de Planejamento Energ\u00e9tico da UFRJ.<\/p>\n<p>Tamb\u00e9m ocupou os cargos de superintendente de abastecimento e de importa\u00e7\u00e3o,\u00a0e tamb\u00e9m de exporta\u00e7\u00e3o de petr\u00f3leo, derivados e g\u00e1s natural na ANP.<\/p>\n\t<div data-element=\"shortcode-read-more\" class=\"knowMore\">\n\t\t\t\t<span class=\"knowMore__title\">Veja Tamb\u00e9m<\/span>\n\t\t\t\t<a class=\"knowMore__link\" href=\"https:\/\/www.suno.com.br\/noticias\/adriano-pires-indicado-chefia-petrobras-petr4-interferencia-precos\/\">\n\t\t\tNovo presidente da Petrobras (PETR4): 5 pontos para entender quem \u00e9 Adriano Pires\t\t<\/a>\n\t<\/div>\n\n\n<p>Em entrevistas divulgadas na imprensa no passado, Pires expressou uma opini\u00e3o favor\u00e1vel \u00e0 Petrobras sobre manter os <strong>pre\u00e7os dos combust\u00edveis<\/strong> dom\u00e9sticos em linha com os internacionais e que quaisquer iniciativas para mitigar o impacto dos <strong>altos pre\u00e7os dos combust\u00edveis<\/strong> para os consumidores finais devem ser custeadas pelo governo e n\u00e3o apoiadas com recursos da Petrobras.<\/p>\n<p>Para Luca Mercadante, economista da Rio Bravo, ao <strong>Suno Not\u00edcias<\/strong>, a indica\u00e7\u00e3o de Pires afasta a preocupa\u00e7\u00e3o de interfer\u00eancia direta nos pre\u00e7os. O especialista tamb\u00e9m destaca que Pires tem mais experi\u00eancia no setor de energia, \u00f3leo e g\u00e1s que o antecessor.<\/p>\n<p>&#8220;Pode ser uma vis\u00e3o um pouco ing\u00eanua &#8211; j\u00e1 que o nome foi escolhido pelo presidente -, mas o que se espera pelas falas e pelo posicionamento que ele vem tendo \u00e9 de que ele mantenha trajet\u00f3ria de <strong>pol\u00edtica de pre\u00e7os<\/strong>&#8220;, afirmou.<\/p>\n<p>Ainda assim, Mercadante defendeu paci\u00eancia para entender como Pires, se confirmado, conduzir\u00e1 a estatal, uma vez que a Petrobras vive sob <strong>press\u00e3o de uso pol\u00edtico<\/strong>. &#8220;Mas acho que, pelo cen\u00e1rio e pelo que Pires vinha comentando, deve se manter o que vinha sendo feito&#8221;, concluiu.<\/p>\n\t<p>\n\t\t<a href=\"\" target=\"_blank\" data-element=\"shortcode-suno-banner\" title=\"Banner SUNO, clique e saiba mais\">\n\t\t\t<picture>\n\t\t\t\t<source media=\"(max-width: 500px)\" srcset=\"\">\n\t\t\t\t<img class=\"newsContent__article__imgCapa newsContent__article__imgCapa--banner\"\n\t\t\t\t\tsrc=\"\"\n\t\t\t\t\tdata-promo-id=\"138420\"\t\t\t\t\t\t\t\t\t\t\t\t\t\t\talt=\"\"\n\t\t\t\t>\n\t\t\t<\/picture>\n\t\t<\/a>\n\t<\/p>\n\n\n<p>Para Cesar Frade, s\u00f3cio da Quantzed, a mudan\u00e7a na Petrobras n\u00e3o deve alterar o pre\u00e7o dos combust\u00edveis na bomba, e, mais ainda, n\u00e3o deve afetar &#8211; substancialmente &#8211; o interesse do mercado na companhia.<\/p>\n<p>&#8220;Na verdade o que o mercado acha de mais importante \u00e9 a manuten\u00e7\u00e3o da <strong>paridade<\/strong> do pre\u00e7o dos combust\u00edveis \u00e0 <strong>cota\u00e7\u00e3o internacional<\/strong>. N\u00e3o se v\u00ea um controle de pre\u00e7os em que a Petrobras v\u00e1 arcar com a diferen\u00e7a. O que se enxerga \u00e9 um fundo estabilizador para que as diferen\u00e7as [entre o pre\u00e7o praticado e cota\u00e7\u00e3o internacional] n\u00e3o sejam t\u00e3o extensas&#8221;, defendeu.<\/p>\n<p>J\u00e1 o Banco Safra, em relat\u00f3rio, destaca: &#8220;Em nossa opini\u00e3o, apesar da incerteza sobre o real curso de a\u00e7\u00e3o a ser adotado pela nova administra\u00e7\u00e3o, a nomea\u00e7\u00e3o tende a ser bem recebida, dadas as opini\u00f5es conhecidas do nomeado sobre pre\u00e7os de combust\u00edvel, e aliviar parte do recente desempenho inferior das <strong>a\u00e7\u00f5es da Petrobras<\/strong>, que acreditamos ter sido devido \u00e0 poss\u00edvel interfer\u00eancia do governo na pol\u00edtica de pre\u00e7os&#8221;.<\/p>\n<figure id=\"attachment_245881\" aria-describedby=\"caption-attachment-245881\" style=\"width: 1024px\" class=\"wp-caption aligncenter\"><img loading=\"lazy\" decoding=\"async\" class=\"size-large wp-image-245881\" src=\"https:\/\/files.sunoresearch.com.br\/n\/uploads\/2022\/03\/AdrianoPires-1024x683.jpg\" alt=\"Adriano Pires. Foto: Pedro Fran\u00e7a\/Ag\u00eancia Senado.\" width=\"1024\" height=\"683\" srcset=\"https:\/\/files.sunoresearch.com.br\/n\/uploads\/2022\/03\/AdrianoPires-1024x683.jpg 1024w, https:\/\/files.sunoresearch.com.br\/n\/uploads\/2022\/03\/AdrianoPires-300x200.jpg 300w, https:\/\/files.sunoresearch.com.br\/n\/uploads\/2022\/03\/AdrianoPires-768x512.jpg 768w, https:\/\/files.sunoresearch.com.br\/n\/uploads\/2022\/03\/AdrianoPires-1536x1024.jpg 1536w, https:\/\/files.sunoresearch.com.br\/n\/uploads\/2022\/03\/AdrianoPires-150x100.jpg 150w, https:\/\/files.sunoresearch.com.br\/n\/uploads\/2022\/03\/AdrianoPires.jpg 2048w\" sizes=\"(max-width: 1024px) 100vw, 1024px\" \/><figcaption id=\"caption-attachment-245881\" class=\"wp-caption-text\">Adriano Pires. Foto: Pedro Fran\u00e7a\/Ag\u00eancia Senado.<\/figcaption><\/figure>\n<p>J\u00e1 o Goldman destaca como positiva a defesa que Adriano Pires fez sobre a perman\u00eancia do <strong>programa de desinvestimentos da Petrobras<\/strong>. Al\u00e9m disso, Pires defendeu a necessidade um fundo de estabiliza\u00e7\u00e3o de combust\u00edvel para cobrir o conflito Ucr\u00e2nia e R\u00fassia sobre os pre\u00e7os do petr\u00f3leo. &#8220;Ele tamb\u00e9m observou que tal fundo poderia ser criado com os <strong><a class=\"suno-keyword\" href=\"https:\/\/www.suno.com.br\/guias\/dividendos\/\" target=\"_blank\" rel=\"noopener\" data-force=\"no\" data-priority=\"1\">dividendos<\/a> e royalties do petr\u00f3leo da Petrobras,<\/strong> al\u00e9m de mencionar a necessidade de o governo n\u00e3o interferir na pol\u00edtica de pre\u00e7os de combust\u00edveis da empresa.&#8221;<\/p>\n<p>Os especialistas do UBS tamb\u00e9m destacam como favor\u00e1vel o apoio de Pires para a <strong>privatiza\u00e7\u00e3o da Petrobras<\/strong>.<\/p>\n<p>&#8220;Sinalizamos que o Sr. Pires tem um hist\u00f3rico estabelecido no setor de energia e emitiu declara\u00e7\u00f5es no passado que sugerem um mandato potencialmente favor\u00e1vel em sua nova fun\u00e7\u00e3o, como sugerindo a privatiza\u00e7\u00e3o da empresa&#8221;, informou o relat\u00f3rio do UBS.<\/p>\n\t<p>\n\t\t<a href=\"https:\/\/lp.suno.com.br\/ebook-como-analisar-uma-acao\/\" target=\"_blank\" data-element=\"shortcode-suno-banner\" title=\"Banner SUNO, clique e saiba mais\">\n\t\t\t<picture>\n\t\t\t\t<source media=\"(max-width: 500px)\" srcset=\"https:\/\/files.sunoresearch.com.br\/n\/uploads\/2023\/03\/Ebook-Acoes-Mobile-1.jpg\">\n\t\t\t\t<img class=\"newsContent__article__imgCapa newsContent__article__imgCapa--banner\"\n\t\t\t\t\tsrc=\"https:\/\/files.sunoresearch.com.br\/n\/uploads\/2023\/03\/Ebook-Acoes-Desktop-1.jpg\"\n\t\t\t\t\tdata-promo-id=\"171998\"\t\t\t\t\t\t\t\t\t\twidth='1420' height='286'\t\t\t\t\talt=\"https:\/\/files.sunoresearch.com.br\/n\/uploads\/2023\/03\/Ebook-Acoes-Desktop-1.jpg\"\n\t\t\t\t>\n\t\t\t<\/picture>\n\t\t<\/a>\n\t<\/p>\n\n\n<h2>Dan\u00e7a das cadeiras n\u00e3o tem interferido diretamente na\u00a0Petrobras<\/h2>\n<p>O economista Adriano Pires ser\u00e1 o 40\u00ba <strong>CEO da Petrobras<\/strong> em 68 anos, a m\u00e9dia de tempo que o presidente da estatal fica na cadeira \u00e9 de 1,7 anos. Trata-se da segunda troca na presid\u00eancia em um ano, o motivo o mesmo: Bolsonaro n\u00e3o concorda com aumento no<strong> pre\u00e7o dos combust\u00edveis<\/strong>.<\/p>\n<p>Ap\u00f3s a \u00faltima mudan\u00e7a de CEO, quando Silva e Luna assumiu em abril de 2021, as a\u00e7\u00f5es da Petrobras chegaram a cair 20%, devido a preocupa\u00e7\u00e3o de que o novo presidente interferisse na pol\u00edtica de pre\u00e7o.<\/p>\n<figure id=\"attachment_245943\" aria-describedby=\"caption-attachment-245943\" style=\"width: 1024px\" class=\"wp-caption aligncenter\"><img loading=\"lazy\" decoding=\"async\" class=\"wp-image-245943 size-large\" src=\"https:\/\/files.sunoresearch.com.br\/n\/uploads\/2022\/03\/petr4-1024x342.png\" alt=\"Foto: Status Invest\" width=\"1024\" height=\"342\" srcset=\"https:\/\/files.sunoresearch.com.br\/n\/uploads\/2022\/03\/petr4-1024x342.png 1024w, https:\/\/files.sunoresearch.com.br\/n\/uploads\/2022\/03\/petr4-300x100.png 300w, https:\/\/files.sunoresearch.com.br\/n\/uploads\/2022\/03\/petr4-768x257.png 768w, https:\/\/files.sunoresearch.com.br\/n\/uploads\/2022\/03\/petr4-150x50.png 150w, https:\/\/files.sunoresearch.com.br\/n\/uploads\/2022\/03\/petr4.png 1098w\" sizes=\"(max-width: 1024px) 100vw, 1024px\" \/><figcaption id=\"caption-attachment-245943\" class=\"wp-caption-text\">Foto: Status Invest<\/figcaption><\/figure>\n<p>No entanto, como visto, Silva e Luna n\u00e3o interferiu e ainda comentou &#8220;voc\u00ea n\u00e3o muda uma rota de voo ap\u00f3s a decolagem&#8221;. E, desde essa queda, a a\u00e7\u00e3o <strong>PETR4<\/strong> acumula alta de 79%, com resultados e dividendos que surpreenderam positivamente o mercado, atingindo um <a class=\"suno-keyword\" href=\"https:\/\/www.suno.com.br\/artigos\/dividend-yield-como-calcular\/\" target=\"_blank\" rel=\"noopener\" data-force=\"no\" data-priority=\"2\">dividend yield<\/a> (rentabilidade do dividendo) de 33% em 2021.<\/p>\n<p>&#8220;Olhando para o futuro continuamos reiterando nossa vis\u00e3o de que a Petrobras manter\u00e1 sua pol\u00edtica de precifica\u00e7\u00e3o de combust\u00edveis, mesmo que ligeiramente abaixo da paridade por algum tempo&#8221;, informou os especialistas do UBS.<\/p>\n<p>Assim destaca tamb\u00e9m o banco Safra, de que o hist\u00f3rico j\u00e1 aponta que essas interfer\u00eancias do governo n\u00e3o devem gerar grandes impactos para companhia.<\/p>\n<p>&#8220;Como afirmamos em ocasi\u00f5es anteriores, a Petrobras n\u00e3o est\u00e1 apenas em boa situa\u00e7\u00e3o financeira, mas tamb\u00e9m de alguma forma protegida por uma estrutura legal que acaba tornando o controle dos pre\u00e7os dos combust\u00edveis dom\u00e9sticos mais dif\u00edcil do que antes&#8221;<\/p>\n<p>Dessa forma, a recomenda\u00e7\u00e3o do UBS \u00e9 de compra das a\u00e7\u00f5es da <strong>Petrobras<\/strong> com o pre\u00e7o-alvo de R$ 44,00. J\u00e1 o Goldman Sachs tamb\u00e9m recomenda a compra dos pap\u00e9is da estatal petrol\u00edfera com o pre\u00e7o-alvo de R$ 39,80. O banco Safra e a XP recomendam compra pelo valor de R$ 38 e R$ 45,30, respectivamente.<\/p>\n<p><em>(Colaborou o rep\u00f3rter Pedro Caramuru.)<\/em><\/p>\n\t<p>\n\t\t<a href=\"https:\/\/lp.suno.com.br\/planilha-de-controle-de-investimentos\/\" target=\"_blank\" data-element=\"shortcode-suno-banner\" title=\"Banner SUNO, clique e saiba mais\">\n\t\t\t<picture>\n\t\t\t\t<source media=\"(max-width: 500px)\" srcset=\"https:\/\/files.sunoresearch.com.br\/n\/uploads\/2023\/03\/400x300-Controle-de-Investimentos.png\">\n\t\t\t\t<img class=\"newsContent__article__imgCapa newsContent__article__imgCapa--banner\"\n\t\t\t\t\tsrc=\"https:\/\/files.sunoresearch.com.br\/n\/uploads\/2023\/03\/1420x240-Controle-de-Investimentos.png\"\n\t\t\t\t\tdata-promo-id=\"75934\"\t\t\t\t\t\t\t\t\t\twidth='1420' height='240'\t\t\t\t\talt=\"https:\/\/files.sunoresearch.com.br\/n\/uploads\/2023\/03\/1420x240-Controle-de-Investimentos.png\"\n\t\t\t\t>\n\t\t\t<\/picture>\n\t\t<\/a>\n\t<\/p>\n\n\n","protected":false},"excerpt":{"rendered":"<p>Ap\u00f3s a demiss\u00e3o do general Joaquim Silva e Luna da posi\u00e7\u00e3o de CEO da Petrobras (PETR4) pelo presidente Jair Bolsonaro, o Minist\u00e9rio de Minas e Energia confirmou a nomea\u00e7\u00e3o do economista Adriano Pires como presidente da estatal. Petrobras (PETR4). Foto: Divulga\u00e7\u00e3o\/ Ag\u00eancia Petrobras Embora a mudan\u00e7a signifique interven\u00e7\u00e3o do Estado na empresa, os especialistas do [&hellip;]<\/p>\n","protected":false},"author":15,"featured_media":233461,"comment_status":"closed","ping_status":"closed","sticky":false,"template":"","format":"standard","meta":[],"categories":[64],"tags":[105816,595],"suno_strategy":[],"class_list":["post-245929","post","type-post","status-publish","format-standard","has-post-thumbnail","hentry","category-negocios","tag-especialistas","tag-petrobras-petr4"],"yoast_head":"<!-- This site is optimized with the Yoast SEO plugin v24.4 - https:\/\/yoast.com\/wordpress\/plugins\/seo\/ -->\n<title>Dan\u00e7a das cadeiras na Petrobras (PETR4) n\u00e3o abala recomenda\u00e7\u00f5es<\/title>\n<meta name=\"description\" content=\"Embora a mudan\u00e7a signifique interven\u00e7\u00e3o do Estado na Petrobras (PETR4), os especialistas do mercado permanecem com a recomenda\u00e7\u00e3o de compra.\" \/>\n<meta name=\"robots\" content=\"index, follow, max-snippet:-1, max-image-preview:large, max-video-preview:-1\" \/>\n<link rel=\"canonical\" href=\"https:\/\/www.suno.com.br\/noticias\/petrobras-petr4-novo-presidente-recomendacao-compra\/\" \/>\n<meta property=\"og:locale\" content=\"pt_BR\" \/>\n<meta property=\"og:type\" content=\"article\" \/>\n<meta property=\"og:title\" content=\"Dan\u00e7a das cadeiras na Petrobras (PETR4) n\u00e3o abala recomenda\u00e7\u00f5es\" \/>\n<meta property=\"og:description\" content=\"Embora a mudan\u00e7a signifique interven\u00e7\u00e3o do Estado na Petrobras (PETR4), os especialistas do mercado permanecem com a recomenda\u00e7\u00e3o de compra.\" \/>\n<meta property=\"og:url\" content=\"https:\/\/www.suno.com.br\/noticias\/petrobras-petr4-novo-presidente-recomendacao-compra\/\" \/>\n<meta property=\"og:site_name\" content=\"Suno Not\u00edcias\" \/>\n<meta property=\"article:publisher\" content=\"https:\/\/facebook.com\/sunoresearch\" \/>\n<meta property=\"og:image\" content=\"https:\/\/files.sunoresearch.com.br\/n\/uploads\/2022\/02\/Conteudo24397.jpg\" \/>\n\t<meta property=\"og:image:width\" content=\"1649\" \/>\n\t<meta property=\"og:image:height\" content=\"1080\" \/>\n\t<meta property=\"og:image:type\" content=\"image\/jpeg\" \/>\n<meta name=\"author\" content=\"Poliana Santos\" \/>\n<meta name=\"twitter:card\" content=\"summary_large_image\" \/>\n<meta name=\"twitter:creator\" content=\"@sunoresearch\" \/>\n<meta name=\"twitter:site\" content=\"@sunoresearch\" \/>\n<meta name=\"twitter:label1\" content=\"Escrito por\" \/>\n\t<meta name=\"twitter:data1\" content=\"Poliana Santos\" \/>\n\t<meta name=\"twitter:label2\" content=\"Est. tempo de leitura\" \/>\n\t<meta name=\"twitter:data2\" content=\"5 minutos\" \/>\n<script type=\"application\/ld+json\" class=\"yoast-schema-graph\">{\"@context\":\"https:\/\/schema.org\",\"@graph\":[{\"@type\":\"NewsArticle\",\"@id\":\"https:\/\/www.suno.com.br\/noticias\/petrobras-petr4-novo-presidente-recomendacao-compra\/#article\",\"isPartOf\":{\"@id\":\"https:\/\/www.suno.com.br\/noticias\/petrobras-petr4-novo-presidente-recomendacao-compra\/\"},\"author\":{\"name\":\"Poliana Santos\",\"@id\":\"https:\/\/www.suno.com.br\/noticias\/#\/schema\/person\/02ec1f752758247878a2bf4abee1aeda\"},\"headline\":\"Dan\u00e7a das cadeiras na Petrobras (PETR4) n\u00e3o abala recomenda\u00e7\u00f5es e papel sobe\",\"datePublished\":\"2022-03-29T15:03:44+00:00\",\"dateModified\":\"2022-03-29T17:32:56+00:00\",\"mainEntityOfPage\":{\"@id\":\"https:\/\/www.suno.com.br\/noticias\/petrobras-petr4-novo-presidente-recomendacao-compra\/\"},\"wordCount\":1192,\"publisher\":{\"@id\":\"https:\/\/www.suno.com.br\/noticias\/#organization\"},\"image\":{\"@id\":\"https:\/\/www.suno.com.br\/noticias\/petrobras-petr4-novo-presidente-recomendacao-compra\/#primaryimage\"},\"thumbnailUrl\":\"https:\/\/files.sunoresearch.com.br\/n\/uploads\/2022\/02\/Conteudo24397.jpg\",\"keywords\":[\"Especialistas\",\"Petrobras (PETR4)\"],\"articleSection\":[\"Neg\u00f3cios\"],\"inLanguage\":\"pt-BR\"},{\"@type\":\"WebPage\",\"@id\":\"https:\/\/www.suno.com.br\/noticias\/petrobras-petr4-novo-presidente-recomendacao-compra\/\",\"url\":\"https:\/\/www.suno.com.br\/noticias\/petrobras-petr4-novo-presidente-recomendacao-compra\/\",\"name\":\"Dan\u00e7a das cadeiras na Petrobras (PETR4) n\u00e3o abala recomenda\u00e7\u00f5es\",\"isPartOf\":{\"@id\":\"https:\/\/www.suno.com.br\/noticias\/#website\"},\"primaryImageOfPage\":{\"@id\":\"https:\/\/www.suno.com.br\/noticias\/petrobras-petr4-novo-presidente-recomendacao-compra\/#primaryimage\"},\"image\":{\"@id\":\"https:\/\/www.suno.com.br\/noticias\/petrobras-petr4-novo-presidente-recomendacao-compra\/#primaryimage\"},\"thumbnailUrl\":\"https:\/\/files.sunoresearch.com.br\/n\/uploads\/2022\/02\/Conteudo24397.jpg\",\"datePublished\":\"2022-03-29T15:03:44+00:00\",\"dateModified\":\"2022-03-29T17:32:56+00:00\",\"description\":\"Embora a mudan\u00e7a signifique interven\u00e7\u00e3o do Estado na Petrobras (PETR4), os especialistas do mercado permanecem com a recomenda\u00e7\u00e3o de compra.\",\"breadcrumb\":{\"@id\":\"https:\/\/www.suno.com.br\/noticias\/petrobras-petr4-novo-presidente-recomendacao-compra\/#breadcrumb\"},\"inLanguage\":\"pt-BR\",\"potentialAction\":[{\"@type\":\"ReadAction\",\"target\":[\"https:\/\/www.suno.com.br\/noticias\/petrobras-petr4-novo-presidente-recomendacao-compra\/\"]}]},{\"@type\":\"ImageObject\",\"inLanguage\":\"pt-BR\",\"@id\":\"https:\/\/www.suno.com.br\/noticias\/petrobras-petr4-novo-presidente-recomendacao-compra\/#primaryimage\",\"url\":\"https:\/\/files.sunoresearch.com.br\/n\/uploads\/2022\/02\/Conteudo24397.jpg\",\"contentUrl\":\"https:\/\/files.sunoresearch.com.br\/n\/uploads\/2022\/02\/Conteudo24397.jpg\",\"width\":1649,\"height\":1080,\"caption\":\"Petrobras (PETR4). Foto: Divulga\u00e7\u00e3o\/ Ag\u00eancia Petrobras\"},{\"@type\":\"BreadcrumbList\",\"@id\":\"https:\/\/www.suno.com.br\/noticias\/petrobras-petr4-novo-presidente-recomendacao-compra\/#breadcrumb\",\"itemListElement\":[{\"@type\":\"ListItem\",\"position\":1,\"name\":\"Not\u00edcias\",\"item\":\"https:\/\/www.suno.com.br\/noticias\/\"},{\"@type\":\"ListItem\",\"position\":2,\"name\":\"Neg\u00f3cios\",\"item\":\"https:\/\/www.suno.com.br\/noticias\/negocios\/\"},{\"@type\":\"ListItem\",\"position\":3,\"name\":\"Dan\u00e7a das cadeiras na Petrobras (PETR4) n\u00e3o abala recomenda\u00e7\u00f5es e papel sobe\"}]},{\"@type\":\"WebSite\",\"@id\":\"https:\/\/www.suno.com.br\/noticias\/#website\",\"url\":\"https:\/\/www.suno.com.br\/noticias\/\",\"name\":\"Suno Not\u00edcias\",\"description\":\"Seu portal de informa\u00e7\u00e3o sobre o mundo dos investimentos\",\"publisher\":{\"@id\":\"https:\/\/www.suno.com.br\/noticias\/#organization\"},\"potentialAction\":[{\"@type\":\"SearchAction\",\"target\":{\"@type\":\"EntryPoint\",\"urlTemplate\":\"https:\/\/www.suno.com.br\/noticias\/?s={search_term_string}\"},\"query-input\":{\"@type\":\"PropertyValueSpecification\",\"valueRequired\":true,\"valueName\":\"search_term_string\"}}],\"inLanguage\":\"pt-BR\"},{\"@type\":\"Organization\",\"@id\":\"https:\/\/www.suno.com.br\/noticias\/#organization\",\"name\":\"Suno Not\u00edcias\",\"url\":\"https:\/\/www.suno.com.br\/noticias\/\",\"logo\":{\"@type\":\"ImageObject\",\"inLanguage\":\"pt-BR\",\"@id\":\"https:\/\/www.suno.com.br\/noticias\/#\/schema\/logo\/image\/\",\"url\":\"https:\/\/files.sunoresearch.com.br\/n\/uploads\/2021\/09\/suno-logo.png\",\"contentUrl\":\"https:\/\/files.sunoresearch.com.br\/n\/uploads\/2021\/09\/suno-logo.png\",\"width\":180,\"height\":180,\"caption\":\"Suno Not\u00edcias\"},\"image\":{\"@id\":\"https:\/\/www.suno.com.br\/noticias\/#\/schema\/logo\/image\/\"},\"sameAs\":[\"https:\/\/facebook.com\/sunoresearch\",\"https:\/\/x.com\/sunoresearch\",\"https:\/\/www.instagram.com\/suno\",\"https:\/\/www.linkedin.com\/company\/suno-research\/\",\"https:\/\/www.youtube.com\/c\/sunoresearch\"]},{\"@type\":\"Person\",\"@id\":\"https:\/\/www.suno.com.br\/noticias\/#\/schema\/person\/02ec1f752758247878a2bf4abee1aeda\",\"name\":\"Poliana Santos\",\"image\":{\"@type\":\"ImageObject\",\"inLanguage\":\"pt-BR\",\"@id\":\"https:\/\/www.suno.com.br\/noticias\/#\/schema\/person\/image\/\",\"url\":\"https:\/\/secure.gravatar.com\/avatar\/0645bd32f23d87b2130f2b2dff1d3f8d?s=96&r=g\",\"contentUrl\":\"https:\/\/secure.gravatar.com\/avatar\/0645bd32f23d87b2130f2b2dff1d3f8d?s=96&r=g\",\"caption\":\"Poliana Santos\"},\"description\":\"Rep\u00f3rter no Suno Not\u00edcias, com cobertura em mercado financeiro, economia, finan\u00e7as pessoais, renda fixa e varejo. Jornalista formada pela Faculdade C\u00e1sper L\u00edbero e possui passagem na R\u00e1dio Gazeta AM com a produ\u00e7\u00e3o de conte\u00fado sobre economia, pol\u00edtica, sa\u00fade, moda e m\u00fasica. Possui certificado de conclus\u00e3o do curso de An\u00e1lise de Balan\u00e7os pela Funda\u00e7\u00e3o Bradesco, Agenda Brasil pela FAAP, Educa\u00e7\u00e3o Pol\u00edtica por Alexandre Garcia e do Tesouro Direto e Mercado de A\u00e7\u00f5es pela B3.\",\"url\":\"https:\/\/www.suno.com.br\/noticias\/author\/poliana-santos\/\"}]}<\/script>\n<!-- \/ Yoast SEO plugin. -->","yoast_head_json":{"title":"Dan\u00e7a das cadeiras na Petrobras (PETR4) n\u00e3o abala recomenda\u00e7\u00f5es","description":"Embora a mudan\u00e7a signifique interven\u00e7\u00e3o do Estado na Petrobras (PETR4), os especialistas do mercado permanecem com a recomenda\u00e7\u00e3o de compra.","robots":{"index":"index","follow":"follow","max-snippet":"max-snippet:-1","max-image-preview":"max-image-preview:large","max-video-preview":"max-video-preview:-1"},"canonical":"https:\/\/www.suno.com.br\/noticias\/petrobras-petr4-novo-presidente-recomendacao-compra\/","og_locale":"pt_BR","og_type":"article","og_title":"Dan\u00e7a das cadeiras na Petrobras (PETR4) n\u00e3o abala recomenda\u00e7\u00f5es","og_description":"Embora a mudan\u00e7a signifique interven\u00e7\u00e3o do Estado na Petrobras (PETR4), os especialistas do mercado permanecem com a recomenda\u00e7\u00e3o de compra.","og_url":"https:\/\/www.suno.com.br\/noticias\/petrobras-petr4-novo-presidente-recomendacao-compra\/","og_site_name":"Suno Not\u00edcias","article_publisher":"https:\/\/facebook.com\/sunoresearch","og_image":[{"width":1649,"height":1080,"url":"https:\/\/files.sunoresearch.com.br\/n\/uploads\/2022\/02\/Conteudo24397.jpg","type":"image\/jpeg"}],"author":"Poliana Santos","twitter_card":"summary_large_image","twitter_creator":"@sunoresearch","twitter_site":"@sunoresearch","twitter_misc":{"Escrito por":"Poliana Santos","Est. tempo de leitura":"5 minutos"},"schema":{"@context":"https:\/\/schema.org","@graph":[{"@type":"NewsArticle","@id":"https:\/\/www.suno.com.br\/noticias\/petrobras-petr4-novo-presidente-recomendacao-compra\/#article","isPartOf":{"@id":"https:\/\/www.suno.com.br\/noticias\/petrobras-petr4-novo-presidente-recomendacao-compra\/"},"author":{"name":"Poliana Santos","@id":"https:\/\/www.suno.com.br\/noticias\/#\/schema\/person\/02ec1f752758247878a2bf4abee1aeda"},"headline":"Dan\u00e7a das cadeiras na Petrobras (PETR4) n\u00e3o abala recomenda\u00e7\u00f5es e papel sobe","datePublished":"2022-03-29T15:03:44+00:00","dateModified":"2022-03-29T17:32:56+00:00","mainEntityOfPage":{"@id":"https:\/\/www.suno.com.br\/noticias\/petrobras-petr4-novo-presidente-recomendacao-compra\/"},"wordCount":1192,"publisher":{"@id":"https:\/\/www.suno.com.br\/noticias\/#organization"},"image":{"@id":"https:\/\/www.suno.com.br\/noticias\/petrobras-petr4-novo-presidente-recomendacao-compra\/#primaryimage"},"thumbnailUrl":"https:\/\/files.sunoresearch.com.br\/n\/uploads\/2022\/02\/Conteudo24397.jpg","keywords":["Especialistas","Petrobras (PETR4)"],"articleSection":["Neg\u00f3cios"],"inLanguage":"pt-BR"},{"@type":"WebPage","@id":"https:\/\/www.suno.com.br\/noticias\/petrobras-petr4-novo-presidente-recomendacao-compra\/","url":"https:\/\/www.suno.com.br\/noticias\/petrobras-petr4-novo-presidente-recomendacao-compra\/","name":"Dan\u00e7a das cadeiras na Petrobras (PETR4) n\u00e3o abala recomenda\u00e7\u00f5es","isPartOf":{"@id":"https:\/\/www.suno.com.br\/noticias\/#website"},"primaryImageOfPage":{"@id":"https:\/\/www.suno.com.br\/noticias\/petrobras-petr4-novo-presidente-recomendacao-compra\/#primaryimage"},"image":{"@id":"https:\/\/www.suno.com.br\/noticias\/petrobras-petr4-novo-presidente-recomendacao-compra\/#primaryimage"},"thumbnailUrl":"https:\/\/files.sunoresearch.com.br\/n\/uploads\/2022\/02\/Conteudo24397.jpg","datePublished":"2022-03-29T15:03:44+00:00","dateModified":"2022-03-29T17:32:56+00:00","description":"Embora a mudan\u00e7a signifique interven\u00e7\u00e3o do Estado na Petrobras (PETR4), os especialistas do mercado permanecem com a recomenda\u00e7\u00e3o de compra.","breadcrumb":{"@id":"https:\/\/www.suno.com.br\/noticias\/petrobras-petr4-novo-presidente-recomendacao-compra\/#breadcrumb"},"inLanguage":"pt-BR","potentialAction":[{"@type":"ReadAction","target":["https:\/\/www.suno.com.br\/noticias\/petrobras-petr4-novo-presidente-recomendacao-compra\/"]}]},{"@type":"ImageObject","inLanguage":"pt-BR","@id":"https:\/\/www.suno.com.br\/noticias\/petrobras-petr4-novo-presidente-recomendacao-compra\/#primaryimage","url":"https:\/\/files.sunoresearch.com.br\/n\/uploads\/2022\/02\/Conteudo24397.jpg","contentUrl":"https:\/\/files.sunoresearch.com.br\/n\/uploads\/2022\/02\/Conteudo24397.jpg","width":1649,"height":1080,"caption":"Petrobras (PETR4). Foto: Divulga\u00e7\u00e3o\/ Ag\u00eancia Petrobras"},{"@type":"BreadcrumbList","@id":"https:\/\/www.suno.com.br\/noticias\/petrobras-petr4-novo-presidente-recomendacao-compra\/#breadcrumb","itemListElement":[{"@type":"ListItem","position":1,"name":"Not\u00edcias","item":"https:\/\/www.suno.com.br\/noticias\/"},{"@type":"ListItem","position":2,"name":"Neg\u00f3cios","item":"https:\/\/www.suno.com.br\/noticias\/negocios\/"},{"@type":"ListItem","position":3,"name":"Dan\u00e7a das cadeiras na Petrobras (PETR4) n\u00e3o abala recomenda\u00e7\u00f5es e papel sobe"}]},{"@type":"WebSite","@id":"https:\/\/www.suno.com.br\/noticias\/#website","url":"https:\/\/www.suno.com.br\/noticias\/","name":"Suno Not\u00edcias","description":"Seu portal de informa\u00e7\u00e3o sobre o mundo dos investimentos","publisher":{"@id":"https:\/\/www.suno.com.br\/noticias\/#organization"},"potentialAction":[{"@type":"SearchAction","target":{"@type":"EntryPoint","urlTemplate":"https:\/\/www.suno.com.br\/noticias\/?s={search_term_string}"},"query-input":{"@type":"PropertyValueSpecification","valueRequired":true,"valueName":"search_term_string"}}],"inLanguage":"pt-BR"},{"@type":"Organization","@id":"https:\/\/www.suno.com.br\/noticias\/#organization","name":"Suno Not\u00edcias","url":"https:\/\/www.suno.com.br\/noticias\/","logo":{"@type":"ImageObject","inLanguage":"pt-BR","@id":"https:\/\/www.suno.com.br\/noticias\/#\/schema\/logo\/image\/","url":"https:\/\/files.sunoresearch.com.br\/n\/uploads\/2021\/09\/suno-logo.png","contentUrl":"https:\/\/files.sunoresearch.com.br\/n\/uploads\/2021\/09\/suno-logo.png","width":180,"height":180,"caption":"Suno Not\u00edcias"},"image":{"@id":"https:\/\/www.suno.com.br\/noticias\/#\/schema\/logo\/image\/"},"sameAs":["https:\/\/facebook.com\/sunoresearch","https:\/\/x.com\/sunoresearch","https:\/\/www.instagram.com\/suno","https:\/\/www.linkedin.com\/company\/suno-research\/","https:\/\/www.youtube.com\/c\/sunoresearch"]},{"@type":"Person","@id":"https:\/\/www.suno.com.br\/noticias\/#\/schema\/person\/02ec1f752758247878a2bf4abee1aeda","name":"Poliana Santos","image":{"@type":"ImageObject","inLanguage":"pt-BR","@id":"https:\/\/www.suno.com.br\/noticias\/#\/schema\/person\/image\/","url":"https:\/\/secure.gravatar.com\/avatar\/0645bd32f23d87b2130f2b2dff1d3f8d?s=96&r=g","contentUrl":"https:\/\/secure.gravatar.com\/avatar\/0645bd32f23d87b2130f2b2dff1d3f8d?s=96&r=g","caption":"Poliana Santos"},"description":"Rep\u00f3rter no Suno Not\u00edcias, com cobertura em mercado financeiro, economia, finan\u00e7as pessoais, renda fixa e varejo. Jornalista formada pela Faculdade C\u00e1sper L\u00edbero e possui passagem na R\u00e1dio Gazeta AM com a produ\u00e7\u00e3o de conte\u00fado sobre economia, pol\u00edtica, sa\u00fade, moda e m\u00fasica. Possui certificado de conclus\u00e3o do curso de An\u00e1lise de Balan\u00e7os pela Funda\u00e7\u00e3o Bradesco, Agenda Brasil pela FAAP, Educa\u00e7\u00e3o Pol\u00edtica por Alexandre Garcia e do Tesouro Direto e Mercado de A\u00e7\u00f5es pela B3.","url":"https:\/\/www.suno.com.br\/noticias\/author\/poliana-santos\/"}]}},"default_loop_html":"<div class=\"cardsPage__listCard__boxs\"><div class=\"cardsPage__listCard__boxs__img\"><a href=\"https:\/\/www.suno.com.br\/noticias\/petrobras-petr4-novo-presidente-recomendacao-compra\/\"><img class=\"mask\" src=\"https:\/\/www.suno.com.br\/noticias\/wp-content\/themes\/suno\/resources\/images\/spotlight\/spotlight1img\/bg-mask.png\" alt=\"Image Mask\"\/><img src=\"https:\/\/files.sunoresearch.com.br\/n\/uploads\/2022\/02\/Conteudo24397-400x200.jpg\" alt=\"Dan\u00e7a das cadeiras na Petrobras (PETR4) n\u00e3o abala recomenda\u00e7\u00f5es e papel sobe\"\/><\/a><span class=\"spotlightCategory\"><a href=\"https:\/\/www.suno.com.br\/noticias\/negocios\/\">Neg\u00f3cios<\/a><\/span><\/div><div class=\"cardsPage__listCard__boxs__content\"><a href=\"https:\/\/www.suno.com.br\/noticias\/petrobras-petr4-novo-presidente-recomendacao-compra\/\"><h2 class=\"content__title\">Dan\u00e7a das cadeiras na Petrobras (PETR4) n\u00e3o abala recomenda\u00e7\u00f5es e papel sobe<\/h2><\/a><div class=\"newsContent__article__meta\"><div class=\"newsContent__article__meta__authorBox\"><a href=\"https:\/\/www.suno.com.br\/noticias\/author\/poliana-santos\/\" class=\"authorBox__avatar noMobi\"><img src=\"https:\/\/files.sunoresearch.com.br\/n\/uploads\/2020\/08\/7ef34026-whatsapp-image-2020-08-03-at-12.37.57-150x150.webp\" alt=\"Poliana Santos\"><\/a><div class=\"authorBox__name\"><span>por\n\t\t\t<a href=\"https:\/\/www.suno.com.br\/noticias\/author\/poliana-santos\/\"><span itemprop=\"author\">Poliana Santos<\/span><\/a><\/span><time datetime=\"2022-03-29T12:03:44-03:00\" itemprop=\"datePublished\">29\/03\/2022 12:03<\/time><\/div><\/div><\/div><\/div><\/div>","single_layout":"posts","amp_enabled":true,"_links":{"self":[{"href":"https:\/\/www.suno.com.br\/noticias\/wp-json\/wp\/v2\/posts\/245929"}],"collection":[{"href":"https:\/\/www.suno.com.br\/noticias\/wp-json\/wp\/v2\/posts"}],"about":[{"href":"https:\/\/www.suno.com.br\/noticias\/wp-json\/wp\/v2\/types\/post"}],"author":[{"embeddable":true,"href":"https:\/\/www.suno.com.br\/noticias\/wp-json\/wp\/v2\/users\/15"}],"replies":[{"embeddable":true,"href":"https:\/\/www.suno.com.br\/noticias\/wp-json\/wp\/v2\/comments?post=245929"}],"version-history":[{"count":4,"href":"https:\/\/www.suno.com.br\/noticias\/wp-json\/wp\/v2\/posts\/245929\/revisions"}],"predecessor-version":[{"id":246015,"href":"https:\/\/www.suno.com.br\/noticias\/wp-json\/wp\/v2\/posts\/245929\/revisions\/246015"}],"wp:featuredmedia":[{"embeddable":true,"href":"https:\/\/www.suno.com.br\/noticias\/wp-json\/wp\/v2\/media\/233461"}],"wp:attachment":[{"href":"https:\/\/www.suno.com.br\/noticias\/wp-json\/wp\/v2\/media?parent=245929"}],"wp:term":[{"taxonomy":"category","embeddable":true,"href":"https:\/\/www.suno.com.br\/noticias\/wp-json\/wp\/v2\/categories?post=245929"},{"taxonomy":"post_tag","embeddable":true,"href":"https:\/\/www.suno.com.br\/noticias\/wp-json\/wp\/v2\/tags?post=245929"},{"taxonomy":"suno_strategy","embeddable":true,"href":"https:\/\/www.suno.com.br\/noticias\/wp-json\/wp\/v2\/suno_strategy?post=245929"}],"curies":[{"name":"wp","href":"https:\/\/api.w.org\/{rel}","templated":true}]}}