{"id":245872,"date":"2022-03-29T09:53:36","date_gmt":"2022-03-29T12:53:36","guid":{"rendered":"https:\/\/www.suno.com.br\/noticias\/?p=245872"},"modified":"2022-04-04T07:23:35","modified_gmt":"2022-04-04T10:23:35","slug":"adriano-pires-indicado-chefia-petrobras-petr4-interferencia-precos","status":"publish","type":"post","link":"https:\/\/www.suno.com.br\/noticias\/adriano-pires-indicado-chefia-petrobras-petr4-interferencia-precos\/","title":{"rendered":"Novo presidente da Petrobras (PETR4): 5 pontos para entender quem \u00e9 Adriano Pires"},"content":{"rendered":"<p>O economista Adriano Pires, indicado para comandar a <a class=\"suno-keyword\" href=\"https:\/\/www.suno.com.br\/acoes\/PETR4\/\" target=\"_blank\" rel=\"noopener\" data-force=\"yes\" data-priority=\"2\"><strong>Petrobras<\/strong> (PETR4)<\/a>, tem \u00e0 frente o desafio de colocar r\u00e9deas nos pre\u00e7os praticados pela estatal, obst\u00e1culo que nenhum dos sucessores durante o governo Bolsonaro foi capaz de superar, conforme destacam analistas.<\/p>\t<div class=\"wrapper-featured-image\">\n\t\t<figure class=\"spotlightImg\">\n\n\t\t\t<picture>\n\t\t\t\t<source media=\"(max-width: 768px)\" srcset=\"https:\/\/files.sunoresearch.com.br\/n\/uploads\/2022\/03\/AdrianoPires-400x200.jpg\">\n\t\t\t\t<img loading=\"lazy\" decoding=\"async\" class=\"newsContent__article__imgCapa lazyloadDisabled \" src=\"https:\/\/files.sunoresearch.com.br\/n\/uploads\/2022\/03\/AdrianoPires-800x450.jpg\" width=\"800\" height=\"450\" alt=\"Novo presidente da Petrobras (PETR4): 5 pontos para entender quem \u00e9 Adriano Pires\" fetchpriority=high \/>\n\t\t\t<\/picture>\n\n\t\t\t<figcaption class=\"wp-caption-text wp-caption-text--show\">Adriano Pires. Foto: Pedro Fran\u00e7a\/Ag\u00eancia Senado.<\/figcaption>\n\t\t<\/figure>\n\t<\/div>\n\n\n\t<p>\n\t\t<a href=\"\" target=\"_blank\" data-element=\"shortcode-suno-banner\" title=\"Banner SUNO, clique e saiba mais\">\n\t\t\t<picture>\n\t\t\t\t<source media=\"(max-width: 500px)\" srcset=\"\">\n\t\t\t\t<img class=\"newsContent__article__imgCapa newsContent__article__imgCapa--banner\"\n\t\t\t\t\tsrc=\"\"\n\t\t\t\t\tdata-promo-id=\"138420\"\t\t\t\t\t\t\t\t\t\t\t\t\t\t\talt=\"\"\n\t\t\t\t>\n\t\t\t<\/picture>\n\t\t<\/a>\n\t<\/p>\n\n\n<p>Caso seja confirmado como<strong> novo presidente da Petrobras<\/strong>, Adriano Pires, que \u00e9 diretor-fundador do Centro Brasileiro de Infraestrutura (CBIE), sucede a gest\u00e3o militar de <strong>Joaquim Silva e Luna<\/strong>, general da reserva do Ex\u00e9rcito brasileiro e ex-diretor-geral da usina Itaipu Binacional.<\/p>\n<p>Em entrevistas como representante do CBIE, Pires contrap\u00f5e vis\u00f5es do liberal <strong>Paulo Guedes<\/strong>, ministro da Economia brasileiro. Ao G1, <strong>Adriano Pires<\/strong> defendeu a cria\u00e7\u00e3o de <strong>fundo de estabiliza\u00e7\u00e3o<\/strong> para evitar repasses pela Petrobras da volatilidade no <a class=\"suno-keyword\" href=\"https:\/\/www.suno.com.br\/artigos\/preco-do-petroleo\/\" target=\"_blank\" rel=\"noopener\" data-force=\"no\" data-priority=\"1\">pre\u00e7o do petr\u00f3leo<\/a> aos consumidores.<\/p>\n<p>Segundo o economista, a exist\u00eancia do fundo n\u00e3o reduz aumentos estruturais no valor de comercializa\u00e7\u00e3o de combust\u00edveis. &#8220;Mas ele vai ajudar em duas coisas: diminuir a volatilidade, ou seja, n\u00e3o vai haver um repasse t\u00e3o r\u00e1pido para o consumidor. E pode reduzir um pouco o pre\u00e7o&#8221;, disse.<\/p>\n<p>A cria\u00e7\u00e3o de fundo de estabiliza\u00e7\u00e3o para a Petrobras \u00e9 mat\u00e9ria de discuss\u00e3o no Congresso Nacional, sob o projeto de lei (1.472\/21) que estabelece diretrizes sobre os pre\u00e7os para o diesel, gasolina e g\u00e1s liquefeito de petr\u00f3leo.<\/p>\n\t<p>\n\t\t<a href=\"https:\/\/lp.suno.com.br\/planilha-controle-gastos\/\" target=\"_blank\" data-element=\"shortcode-suno-banner\" title=\"Banner SUNO, clique e saiba mais\">\n\t\t\t<picture>\n\t\t\t\t<source media=\"(max-width: 500px)\" srcset=\"https:\/\/files.sunoresearch.com.br\/n\/uploads\/2023\/03\/400x300-Planilha-controle-de-gastos.png\">\n\t\t\t\t<img class=\"newsContent__article__imgCapa newsContent__article__imgCapa--banner\"\n\t\t\t\t\tsrc=\"https:\/\/files.sunoresearch.com.br\/n\/uploads\/2023\/03\/1420x240-Planilha-controle-de-gastos.png\"\n\t\t\t\t\tdata-promo-id=\"101751\"\t\t\t\t\t\t\t\t\t\twidth='1420' height='240'\t\t\t\t\talt=\"https:\/\/files.sunoresearch.com.br\/n\/uploads\/2023\/03\/1420x240-Planilha-controle-de-gastos.png\"\n\t\t\t\t>\n\t\t\t<\/picture>\n\t\t<\/a>\n\t<\/p>\n\n\n<p>Em artigo publicado pelo site <em>Poder 360<\/em>, <strong>novo CEO da Petrobras<\/strong> defendeu que o texto &#8220;n\u00e3o \u00e9 suficiente para resolver o impacto para o consumidor&#8221;.<\/p>\n<p>&#8220;O perigo \u00e9 que a qualquer momento, com a press\u00e3o da sociedade e com o populismo pol\u00edtico, o p\u00eandulo volte para aquelas pr\u00e1ticas de usar a Petrobras como instrumento de <a class=\"suno-keyword\" href=\"https:\/\/www.suno.com.br\/artigos\/politica-economica\/\" target=\"_blank\" rel=\"noopener\" data-force=\"no\" data-priority=\"1\">pol\u00edtica econ\u00f4mica<\/a> e partid\u00e1ria. Ou ainda, que se criem medidas como o <a class=\"suno-keyword\" href=\"https:\/\/www.suno.com.br\/artigos\/imposto-de-exportacao\/\" target=\"_blank\" rel=\"noopener\" data-force=\"no\" data-priority=\"1\">imposto de exporta\u00e7\u00e3o<\/a> que, al\u00e9m de ser um retrocesso, s\u00f3 vai afastar investimentos do<strong> setor de \u00f3leo e g\u00e1s<\/strong> do Brasil&#8221;, defendeu.<\/p>\n<p>De acordo com blog da Ana Flor, jornalista da <em>GloboNews<\/em>, Pires atuou como consultor informal do Minist\u00e9rio de Minas e Energia (MME) sobre a escalada recente do pre\u00e7o dos combust\u00edveis.<\/p>\n<p>A defesa de uma pol\u00edtica de subs\u00eddio direto para a Petrobras, com dura\u00e7\u00e3o de tr\u00eas a seis meses para o diesel e o botij\u00e3o de g\u00e1s, devido aos efeitos da guerra entre Ucr\u00e2nia e R\u00fassia, encontra resist\u00eancia na equipe econ\u00f4mica, que \u00e9 contra subs\u00eddios envolvendo recursos do Tesouro.<\/p>\n\t<p>\n\t\t<a href=\"https:\/\/lp.suno.com.br\/planilha-da-vida-financeira\/\" target=\"_blank\" data-element=\"shortcode-suno-banner\" title=\"Banner SUNO, clique e saiba mais\">\n\t\t\t<picture>\n\t\t\t\t<source media=\"(max-width: 500px)\" srcset=\"https:\/\/files.sunoresearch.com.br\/n\/uploads\/2023\/04\/400x300-Planilha-vida-financeira-true.png\">\n\t\t\t\t<img class=\"newsContent__article__imgCapa newsContent__article__imgCapa--banner\"\n\t\t\t\t\tsrc=\"https:\/\/files.sunoresearch.com.br\/n\/uploads\/2023\/04\/1420x240-Planilha-vida-financeira-true.png\"\n\t\t\t\t\tdata-promo-id=\"106682\"\t\t\t\t\t\t\t\t\t\twidth='1420' height='240'\t\t\t\t\talt=\"https:\/\/files.sunoresearch.com.br\/n\/uploads\/2023\/04\/1420x240-Planilha-vida-financeira-true.png\"\n\t\t\t\t>\n\t\t\t<\/picture>\n\t\t<\/a>\n\t<\/p>\n\n\n<h2>5 pontos sobre a indica\u00e7\u00e3o de Pires para a presid\u00eancia da Petrobras<\/h2>\n<p>Segundo o BTG Pactual (BPAC11), a sa\u00edda de <strong>Silva e Luna<\/strong> e indica\u00e7\u00e3o de Pires para o lugar atende aos interesses do governo ap\u00f3s &#8220;semanas de alto ru\u00eddo pol\u00edtico em torno da <strong>pol\u00edtica de pre\u00e7os da Petrobras<\/strong>&#8220;.<\/p>\n<p><em>Confira a seguir 5 quest\u00f5es que o banco destaca para entender melhor a <\/em><strong>troca de comando na Petrobras<\/strong><em>.<\/em><\/p>\n<h3>Pol\u00edtica de pre\u00e7os deve ser mantida<\/h3>\n<p>Segundo o BTG, a nomea\u00e7\u00e3o de um sucessor refor\u00e7a &#8220;as preocupa\u00e7\u00f5es sociais do governo federal e as tentativas de reduzir as press\u00f5es inflacion\u00e1rias sobre a popula\u00e7\u00e3o devido \u00e0 disparada dos pre\u00e7os dos combust\u00edveis em meio a expectativas de crescimento econ\u00f4mico mais baixas&#8221;, especialmente, em ano eleitoral.<\/p>\n<p>Entretanto, a institui\u00e7\u00e3o avalia que a mudan\u00e7a significa pouco em termo de interfer\u00eancia direta na estrat\u00e9gia de pre\u00e7os da empresa.<\/p>\n<p>&#8220;Como mencionamos na semana passada, o estatuto da Petrobras estabelece que os diretores e membros do conselho executivo\/diretores s\u00e3o legalmente respons\u00e1veis por quaisquer decis\u00f5es politicamente motivadas que resultem em perdas financeiras para a empresa.&#8221;<\/p>\n<p>&#8220;Portanto, a menos que o acionista controlador tente mudar isso achamos que a empresa continuar\u00e1 buscando uma estrat\u00e9gia semelhante, com os pre\u00e7os dom\u00e9sticos dos combust\u00edveis convergindo para a paridade internacional no m\u00e9dio prazo, embora possivelmente ficando para tr\u00e1s no curto prazo, enquanto os pre\u00e7os do petr\u00f3leo continuarem subindo&#8221;, adicionou.<\/p>\n<h3>Chegada de Adriano Pires compensa parte dos negativos da demiss\u00e3o de Silva e Luna<\/h3>\n<p>Segundo o banco, o novo presidente da Petrobras \u00e9 &#8220;um substituto muito bom para CEO, potencialmente trazendo algum al\u00edvio para os investidores&#8221;. Em relat\u00f3rio, o BTG destaca a defesa, por Pires, da pol\u00edtica de pre\u00e7os alinhada com o mercado internacional e a privatiza\u00e7\u00e3o da empresa a fim de dar uma solu\u00e7\u00e3o para o mercado de combust\u00edveis no Brasil.<\/p>\n<p>&#8220;Achamos que isso \u00e9 mais uma prova de que a decis\u00e3o do governo de substituir Silva e Luna \u00e9 muito mais uma tentativa de melhorar a comunica\u00e7\u00e3o da Petrobras com a sociedade e os pol\u00edticos do que um esfor\u00e7o direto para mudar sua estrat\u00e9gia de curto prazo&#8221;, defende.<\/p>\n\t<p>\n\t\t<a href=\"https:\/\/lp.suno.com.br\/ebook-como-analisar-uma-acao\/\" target=\"_blank\" data-element=\"shortcode-suno-banner\" title=\"Banner SUNO, clique e saiba mais\">\n\t\t\t<picture>\n\t\t\t\t<source media=\"(max-width: 500px)\" srcset=\"https:\/\/files.sunoresearch.com.br\/n\/uploads\/2023\/03\/Ebook-Acoes-Mobile-1.jpg\">\n\t\t\t\t<img class=\"newsContent__article__imgCapa newsContent__article__imgCapa--banner\"\n\t\t\t\t\tsrc=\"https:\/\/files.sunoresearch.com.br\/n\/uploads\/2023\/03\/Ebook-Acoes-Desktop-1.jpg\"\n\t\t\t\t\tdata-promo-id=\"171998\"\t\t\t\t\t\t\t\t\t\twidth='1420' height='286'\t\t\t\t\talt=\"https:\/\/files.sunoresearch.com.br\/n\/uploads\/2023\/03\/Ebook-Acoes-Desktop-1.jpg\"\n\t\t\t\t>\n\t\t\t<\/picture>\n\t\t<\/a>\n\t<\/p>\n\n\n<h3>Ajustes de pre\u00e7os menos frequentes t\u00eam duas implica\u00e7\u00f5es principais<\/h3>\n<p>Sobre o argumento de que um <strong>novo presidente<\/strong> poderia buscar reajustes menores e mais frequentes, o BTG rebate que isso \u00e9 uma m\u00e1 ideia.<\/p>\n<p>Primeiro, porque reduz o potencial de distribui\u00e7\u00e3o de dividendos para acionistas, incluindo o governo federal ao tirar US$ 14 bilh\u00f5es em Ebitda da estatal. Segundo, um cen\u00e1rio de descontos altos e mais longos prejudicaria as importa\u00e7\u00f5es dos pares privados e aumentaria os riscos de desabastecimento de combust\u00edvel no pa\u00eds.<\/p>\n<h3>Sa\u00eddas para a quest\u00e3o Petrobras<\/h3>\n<p>Para o BTG, al\u00e9m da improv\u00e1vel venda da estatal para a iniciativa privada, a <strong>privatiza\u00e7\u00e3o<\/strong> de 50% da capacidade de refino da Petrobras continua sendo a maneira mais forte e vi\u00e1vel de libertar a empresa do fardo pol\u00edtico de longa data de controlar os pre\u00e7os dos combust\u00edveis.<\/p>\n<p>&#8220;Embora v\u00e1rias equipas de gest\u00e3o tenham tentado recentemente concluir o programa de desinvestimentos da Petrobras as circunst\u00e2ncias de mercado e pol\u00edticas atrasaram os desinvestimentos das principais refinarias \u00e0 venda.&#8221;<\/p>\n<h3>Curto prazo com Adriano Pires<\/h3>\n<p>&#8220;Apesar do aumento relevante nos<strong> pre\u00e7os dos combust\u00edveis<\/strong> dom\u00e9sticos h\u00e1 3 semanas, achamos que a Petrobras, seu <strong>novo CEO<\/strong> e a pol\u00edtica de pre\u00e7os de combust\u00edvel da empresa provavelmente ser\u00e3o testados nas pr\u00f3ximas semanas&#8221;, defende o banco.<\/p>\n<p>Para a institui\u00e7\u00e3o, considerando que a interfer\u00eancia nas empresas estatais do Brasil aumenta a percep\u00e7\u00e3o de risco do pa\u00eds, os pr\u00f3ximos dias podem trazer press\u00e3o sobre a Petrobras, mesmo com os pre\u00e7os do petr\u00f3leo estagnados.<\/p>\n<h2>A\u00e7\u00f5es da Petrobras<\/h2>\n<p>Em relat\u00f3rio, o BTG avalia que a disposi\u00e7\u00e3o do mercado em investir na Petrobras deve continuar baixa, por enquanto, apesar do desconto por qualquer \u00e2ngulo que se analise os pap\u00e9is. Principal fator \u00e9 o ru\u00eddo que vem de Bras\u00edlia, que \u00e9 negativo para a empresa e favorece outros pares do setor.<\/p>\n<p>O banco, entretanto, mant\u00e9m a recomenda\u00e7\u00e3o de compra dos pap\u00e9is preferenciais da <strong>Petrobras<\/strong>, ao pre\u00e7o-alvo de R$ 41,00, potencial de valoriza\u00e7\u00e3o de 27,7% sobre o fechamento de ontem.<\/p>\n\t<p>\n\t\t<a href=\"https:\/\/lp.suno.com.br\/planilha-de-controle-de-investimentos\/\" target=\"_blank\" data-element=\"shortcode-suno-banner\" title=\"Banner SUNO, clique e saiba mais\">\n\t\t\t<picture>\n\t\t\t\t<source media=\"(max-width: 500px)\" srcset=\"https:\/\/files.sunoresearch.com.br\/n\/uploads\/2023\/03\/400x300-Controle-de-Investimentos.png\">\n\t\t\t\t<img class=\"newsContent__article__imgCapa newsContent__article__imgCapa--banner\"\n\t\t\t\t\tsrc=\"https:\/\/files.sunoresearch.com.br\/n\/uploads\/2023\/03\/1420x240-Controle-de-Investimentos.png\"\n\t\t\t\t\tdata-promo-id=\"75934\"\t\t\t\t\t\t\t\t\t\twidth='1420' height='240'\t\t\t\t\talt=\"https:\/\/files.sunoresearch.com.br\/n\/uploads\/2023\/03\/1420x240-Controle-de-Investimentos.png\"\n\t\t\t\t>\n\t\t\t<\/picture>\n\t\t<\/a>\n\t<\/p>\n\n\n","protected":false},"excerpt":{"rendered":"<p>O economista Adriano Pires, indicado para comandar a Petrobras (PETR4), tem \u00e0 frente o desafio de colocar r\u00e9deas nos pre\u00e7os praticados pela estatal, obst\u00e1culo que nenhum dos sucessores durante o governo Bolsonaro foi capaz de superar, conforme destacam analistas. Adriano Pires. Foto: Pedro Fran\u00e7a\/Ag\u00eancia Senado. Caso seja confirmado como novo presidente da Petrobras, Adriano Pires, [&hellip;]<\/p>\n","protected":false},"author":145,"featured_media":245881,"comment_status":"closed","ping_status":"closed","sticky":false,"template":"","format":"standard","meta":[],"categories":[64],"tags":[105988,595],"suno_strategy":[],"class_list":["post-245872","post","type-post","status-publish","format-standard","has-post-thumbnail","hentry","category-negocios","tag-joaquim-silva-e-luna","tag-petrobras-petr4"],"yoast_head":"<!-- This site is optimized with the Yoast SEO plugin v24.4 - https:\/\/yoast.com\/wordpress\/plugins\/seo\/ -->\n<title>Petrobras (PETR4):<\/title>\n<meta name=\"description\" content=\"O economista Adriano Pires, indicado para chefiar a Petrobras (PETR4), tem o desafio de colocar r\u00e9deas nos pre\u00e7os praticados. Confira!\" \/>\n<meta name=\"robots\" content=\"index, follow, max-snippet:-1, max-image-preview:large, max-video-preview:-1\" \/>\n<link rel=\"canonical\" href=\"https:\/\/www.suno.com.br\/noticias\/adriano-pires-indicado-chefia-petrobras-petr4-interferencia-precos\/\" \/>\n<meta property=\"og:locale\" content=\"pt_BR\" \/>\n<meta property=\"og:type\" content=\"article\" \/>\n<meta property=\"og:title\" content=\"Petrobras (PETR4):\" \/>\n<meta property=\"og:description\" content=\"O economista Adriano Pires, indicado para chefiar a Petrobras (PETR4), tem o desafio de colocar r\u00e9deas nos pre\u00e7os praticados. Confira!\" \/>\n<meta property=\"og:url\" content=\"https:\/\/www.suno.com.br\/noticias\/adriano-pires-indicado-chefia-petrobras-petr4-interferencia-precos\/\" \/>\n<meta property=\"og:site_name\" content=\"Suno Not\u00edcias\" \/>\n<meta property=\"article:publisher\" content=\"https:\/\/facebook.com\/sunoresearch\" \/>\n<meta property=\"og:image\" content=\"https:\/\/files.sunoresearch.com.br\/n\/uploads\/2022\/03\/AdrianoPires.jpg\" \/>\n\t<meta property=\"og:image:width\" content=\"2048\" \/>\n\t<meta property=\"og:image:height\" content=\"1365\" \/>\n\t<meta property=\"og:image:type\" content=\"image\/jpeg\" \/>\n<meta name=\"author\" content=\"Pedro Caramuru\" \/>\n<meta name=\"twitter:card\" content=\"summary_large_image\" \/>\n<meta name=\"twitter:creator\" content=\"@sunoresearch\" \/>\n<meta name=\"twitter:site\" content=\"@sunoresearch\" \/>\n<meta name=\"twitter:label1\" content=\"Escrito por\" \/>\n\t<meta name=\"twitter:data1\" content=\"Pedro Caramuru\" \/>\n\t<meta name=\"twitter:label2\" content=\"Est. tempo de leitura\" \/>\n\t<meta name=\"twitter:data2\" content=\"5 minutos\" \/>\n<script type=\"application\/ld+json\" class=\"yoast-schema-graph\">{\"@context\":\"https:\/\/schema.org\",\"@graph\":[{\"@type\":\"NewsArticle\",\"@id\":\"https:\/\/www.suno.com.br\/noticias\/adriano-pires-indicado-chefia-petrobras-petr4-interferencia-precos\/#article\",\"isPartOf\":{\"@id\":\"https:\/\/www.suno.com.br\/noticias\/adriano-pires-indicado-chefia-petrobras-petr4-interferencia-precos\/\"},\"author\":{\"name\":\"Pedro Caramuru\",\"@id\":\"https:\/\/www.suno.com.br\/noticias\/#\/schema\/person\/8d020643938f12a823508eb0e5fda407\"},\"headline\":\"Novo presidente da Petrobras (PETR4): 5 pontos para entender quem \u00e9 Adriano Pires\",\"datePublished\":\"2022-03-29T12:53:36+00:00\",\"dateModified\":\"2022-04-04T10:23:35+00:00\",\"mainEntityOfPage\":{\"@id\":\"https:\/\/www.suno.com.br\/noticias\/adriano-pires-indicado-chefia-petrobras-petr4-interferencia-precos\/\"},\"wordCount\":1189,\"publisher\":{\"@id\":\"https:\/\/www.suno.com.br\/noticias\/#organization\"},\"image\":{\"@id\":\"https:\/\/www.suno.com.br\/noticias\/adriano-pires-indicado-chefia-petrobras-petr4-interferencia-precos\/#primaryimage\"},\"thumbnailUrl\":\"https:\/\/files.sunoresearch.com.br\/n\/uploads\/2022\/03\/AdrianoPires.jpg\",\"keywords\":[\"Joaquim Silva e Luna\",\"Petrobras (PETR4)\"],\"articleSection\":[\"Neg\u00f3cios\"],\"inLanguage\":\"pt-BR\"},{\"@type\":\"WebPage\",\"@id\":\"https:\/\/www.suno.com.br\/noticias\/adriano-pires-indicado-chefia-petrobras-petr4-interferencia-precos\/\",\"url\":\"https:\/\/www.suno.com.br\/noticias\/adriano-pires-indicado-chefia-petrobras-petr4-interferencia-precos\/\",\"name\":\"Petrobras (PETR4):\",\"isPartOf\":{\"@id\":\"https:\/\/www.suno.com.br\/noticias\/#website\"},\"primaryImageOfPage\":{\"@id\":\"https:\/\/www.suno.com.br\/noticias\/adriano-pires-indicado-chefia-petrobras-petr4-interferencia-precos\/#primaryimage\"},\"image\":{\"@id\":\"https:\/\/www.suno.com.br\/noticias\/adriano-pires-indicado-chefia-petrobras-petr4-interferencia-precos\/#primaryimage\"},\"thumbnailUrl\":\"https:\/\/files.sunoresearch.com.br\/n\/uploads\/2022\/03\/AdrianoPires.jpg\",\"datePublished\":\"2022-03-29T12:53:36+00:00\",\"dateModified\":\"2022-04-04T10:23:35+00:00\",\"description\":\"O economista Adriano Pires, indicado para chefiar a Petrobras (PETR4), tem o desafio de colocar r\u00e9deas nos pre\u00e7os praticados. Confira!\",\"breadcrumb\":{\"@id\":\"https:\/\/www.suno.com.br\/noticias\/adriano-pires-indicado-chefia-petrobras-petr4-interferencia-precos\/#breadcrumb\"},\"inLanguage\":\"pt-BR\",\"potentialAction\":[{\"@type\":\"ReadAction\",\"target\":[\"https:\/\/www.suno.com.br\/noticias\/adriano-pires-indicado-chefia-petrobras-petr4-interferencia-precos\/\"]}]},{\"@type\":\"ImageObject\",\"inLanguage\":\"pt-BR\",\"@id\":\"https:\/\/www.suno.com.br\/noticias\/adriano-pires-indicado-chefia-petrobras-petr4-interferencia-precos\/#primaryimage\",\"url\":\"https:\/\/files.sunoresearch.com.br\/n\/uploads\/2022\/03\/AdrianoPires.jpg\",\"contentUrl\":\"https:\/\/files.sunoresearch.com.br\/n\/uploads\/2022\/03\/AdrianoPires.jpg\",\"width\":2048,\"height\":1365,\"caption\":\"Adriano Pires. Foto: Pedro Fran\u00e7a\/Ag\u00eancia Senado.\"},{\"@type\":\"BreadcrumbList\",\"@id\":\"https:\/\/www.suno.com.br\/noticias\/adriano-pires-indicado-chefia-petrobras-petr4-interferencia-precos\/#breadcrumb\",\"itemListElement\":[{\"@type\":\"ListItem\",\"position\":1,\"name\":\"Not\u00edcias\",\"item\":\"https:\/\/www.suno.com.br\/noticias\/\"},{\"@type\":\"ListItem\",\"position\":2,\"name\":\"Neg\u00f3cios\",\"item\":\"https:\/\/www.suno.com.br\/noticias\/negocios\/\"},{\"@type\":\"ListItem\",\"position\":3,\"name\":\"Novo presidente da Petrobras (PETR4): 5 pontos para entender quem \u00e9 Adriano Pires\"}]},{\"@type\":\"WebSite\",\"@id\":\"https:\/\/www.suno.com.br\/noticias\/#website\",\"url\":\"https:\/\/www.suno.com.br\/noticias\/\",\"name\":\"Suno Not\u00edcias\",\"description\":\"Seu portal de informa\u00e7\u00e3o sobre o mundo dos investimentos\",\"publisher\":{\"@id\":\"https:\/\/www.suno.com.br\/noticias\/#organization\"},\"potentialAction\":[{\"@type\":\"SearchAction\",\"target\":{\"@type\":\"EntryPoint\",\"urlTemplate\":\"https:\/\/www.suno.com.br\/noticias\/?s={search_term_string}\"},\"query-input\":{\"@type\":\"PropertyValueSpecification\",\"valueRequired\":true,\"valueName\":\"search_term_string\"}}],\"inLanguage\":\"pt-BR\"},{\"@type\":\"Organization\",\"@id\":\"https:\/\/www.suno.com.br\/noticias\/#organization\",\"name\":\"Suno Not\u00edcias\",\"url\":\"https:\/\/www.suno.com.br\/noticias\/\",\"logo\":{\"@type\":\"ImageObject\",\"inLanguage\":\"pt-BR\",\"@id\":\"https:\/\/www.suno.com.br\/noticias\/#\/schema\/logo\/image\/\",\"url\":\"https:\/\/files.sunoresearch.com.br\/n\/uploads\/2021\/09\/suno-logo.png\",\"contentUrl\":\"https:\/\/files.sunoresearch.com.br\/n\/uploads\/2021\/09\/suno-logo.png\",\"width\":180,\"height\":180,\"caption\":\"Suno Not\u00edcias\"},\"image\":{\"@id\":\"https:\/\/www.suno.com.br\/noticias\/#\/schema\/logo\/image\/\"},\"sameAs\":[\"https:\/\/facebook.com\/sunoresearch\",\"https:\/\/x.com\/sunoresearch\",\"https:\/\/www.instagram.com\/suno\",\"https:\/\/www.linkedin.com\/company\/suno-research\/\",\"https:\/\/www.youtube.com\/c\/sunoresearch\"]},{\"@type\":\"Person\",\"@id\":\"https:\/\/www.suno.com.br\/noticias\/#\/schema\/person\/8d020643938f12a823508eb0e5fda407\",\"name\":\"Pedro Caramuru\",\"image\":{\"@type\":\"ImageObject\",\"inLanguage\":\"pt-BR\",\"@id\":\"https:\/\/www.suno.com.br\/noticias\/#\/schema\/person\/image\/\",\"url\":\"https:\/\/secure.gravatar.com\/avatar\/1a3f15d3553507ae7a2debc6ea0ad87b?s=96&r=g\",\"contentUrl\":\"https:\/\/secure.gravatar.com\/avatar\/1a3f15d3553507ae7a2debc6ea0ad87b?s=96&r=g\",\"caption\":\"Pedro Caramuru\"},\"description\":\"Rep\u00f3rter de economia, mercado e pol\u00edtica brasileira para o Suno Not\u00edcias. Formado em jornalismo. J\u00e1 escreveu sobre pol\u00edtica e mercados internacionais para o Broadcast e Estad\u00e3o.\",\"url\":\"https:\/\/www.suno.com.br\/noticias\/author\/pedro-caramurusuno-com-br\/\"}]}<\/script>\n<!-- \/ Yoast SEO plugin. -->","yoast_head_json":{"title":"Petrobras (PETR4):","description":"O economista Adriano Pires, indicado para chefiar a Petrobras (PETR4), tem o desafio de colocar r\u00e9deas nos pre\u00e7os praticados. Confira!","robots":{"index":"index","follow":"follow","max-snippet":"max-snippet:-1","max-image-preview":"max-image-preview:large","max-video-preview":"max-video-preview:-1"},"canonical":"https:\/\/www.suno.com.br\/noticias\/adriano-pires-indicado-chefia-petrobras-petr4-interferencia-precos\/","og_locale":"pt_BR","og_type":"article","og_title":"Petrobras (PETR4):","og_description":"O economista Adriano Pires, indicado para chefiar a Petrobras (PETR4), tem o desafio de colocar r\u00e9deas nos pre\u00e7os praticados. Confira!","og_url":"https:\/\/www.suno.com.br\/noticias\/adriano-pires-indicado-chefia-petrobras-petr4-interferencia-precos\/","og_site_name":"Suno Not\u00edcias","article_publisher":"https:\/\/facebook.com\/sunoresearch","og_image":[{"width":2048,"height":1365,"url":"https:\/\/files.sunoresearch.com.br\/n\/uploads\/2022\/03\/AdrianoPires.jpg","type":"image\/jpeg"}],"author":"Pedro Caramuru","twitter_card":"summary_large_image","twitter_creator":"@sunoresearch","twitter_site":"@sunoresearch","twitter_misc":{"Escrito por":"Pedro Caramuru","Est. tempo de leitura":"5 minutos"},"schema":{"@context":"https:\/\/schema.org","@graph":[{"@type":"NewsArticle","@id":"https:\/\/www.suno.com.br\/noticias\/adriano-pires-indicado-chefia-petrobras-petr4-interferencia-precos\/#article","isPartOf":{"@id":"https:\/\/www.suno.com.br\/noticias\/adriano-pires-indicado-chefia-petrobras-petr4-interferencia-precos\/"},"author":{"name":"Pedro Caramuru","@id":"https:\/\/www.suno.com.br\/noticias\/#\/schema\/person\/8d020643938f12a823508eb0e5fda407"},"headline":"Novo presidente da Petrobras (PETR4): 5 pontos para entender quem \u00e9 Adriano Pires","datePublished":"2022-03-29T12:53:36+00:00","dateModified":"2022-04-04T10:23:35+00:00","mainEntityOfPage":{"@id":"https:\/\/www.suno.com.br\/noticias\/adriano-pires-indicado-chefia-petrobras-petr4-interferencia-precos\/"},"wordCount":1189,"publisher":{"@id":"https:\/\/www.suno.com.br\/noticias\/#organization"},"image":{"@id":"https:\/\/www.suno.com.br\/noticias\/adriano-pires-indicado-chefia-petrobras-petr4-interferencia-precos\/#primaryimage"},"thumbnailUrl":"https:\/\/files.sunoresearch.com.br\/n\/uploads\/2022\/03\/AdrianoPires.jpg","keywords":["Joaquim Silva e Luna","Petrobras (PETR4)"],"articleSection":["Neg\u00f3cios"],"inLanguage":"pt-BR"},{"@type":"WebPage","@id":"https:\/\/www.suno.com.br\/noticias\/adriano-pires-indicado-chefia-petrobras-petr4-interferencia-precos\/","url":"https:\/\/www.suno.com.br\/noticias\/adriano-pires-indicado-chefia-petrobras-petr4-interferencia-precos\/","name":"Petrobras (PETR4):","isPartOf":{"@id":"https:\/\/www.suno.com.br\/noticias\/#website"},"primaryImageOfPage":{"@id":"https:\/\/www.suno.com.br\/noticias\/adriano-pires-indicado-chefia-petrobras-petr4-interferencia-precos\/#primaryimage"},"image":{"@id":"https:\/\/www.suno.com.br\/noticias\/adriano-pires-indicado-chefia-petrobras-petr4-interferencia-precos\/#primaryimage"},"thumbnailUrl":"https:\/\/files.sunoresearch.com.br\/n\/uploads\/2022\/03\/AdrianoPires.jpg","datePublished":"2022-03-29T12:53:36+00:00","dateModified":"2022-04-04T10:23:35+00:00","description":"O economista Adriano Pires, indicado para chefiar a Petrobras (PETR4), tem o desafio de colocar r\u00e9deas nos pre\u00e7os praticados. Confira!","breadcrumb":{"@id":"https:\/\/www.suno.com.br\/noticias\/adriano-pires-indicado-chefia-petrobras-petr4-interferencia-precos\/#breadcrumb"},"inLanguage":"pt-BR","potentialAction":[{"@type":"ReadAction","target":["https:\/\/www.suno.com.br\/noticias\/adriano-pires-indicado-chefia-petrobras-petr4-interferencia-precos\/"]}]},{"@type":"ImageObject","inLanguage":"pt-BR","@id":"https:\/\/www.suno.com.br\/noticias\/adriano-pires-indicado-chefia-petrobras-petr4-interferencia-precos\/#primaryimage","url":"https:\/\/files.sunoresearch.com.br\/n\/uploads\/2022\/03\/AdrianoPires.jpg","contentUrl":"https:\/\/files.sunoresearch.com.br\/n\/uploads\/2022\/03\/AdrianoPires.jpg","width":2048,"height":1365,"caption":"Adriano Pires. Foto: Pedro Fran\u00e7a\/Ag\u00eancia Senado."},{"@type":"BreadcrumbList","@id":"https:\/\/www.suno.com.br\/noticias\/adriano-pires-indicado-chefia-petrobras-petr4-interferencia-precos\/#breadcrumb","itemListElement":[{"@type":"ListItem","position":1,"name":"Not\u00edcias","item":"https:\/\/www.suno.com.br\/noticias\/"},{"@type":"ListItem","position":2,"name":"Neg\u00f3cios","item":"https:\/\/www.suno.com.br\/noticias\/negocios\/"},{"@type":"ListItem","position":3,"name":"Novo presidente da Petrobras (PETR4): 5 pontos para entender quem \u00e9 Adriano Pires"}]},{"@type":"WebSite","@id":"https:\/\/www.suno.com.br\/noticias\/#website","url":"https:\/\/www.suno.com.br\/noticias\/","name":"Suno Not\u00edcias","description":"Seu portal de informa\u00e7\u00e3o sobre o mundo dos investimentos","publisher":{"@id":"https:\/\/www.suno.com.br\/noticias\/#organization"},"potentialAction":[{"@type":"SearchAction","target":{"@type":"EntryPoint","urlTemplate":"https:\/\/www.suno.com.br\/noticias\/?s={search_term_string}"},"query-input":{"@type":"PropertyValueSpecification","valueRequired":true,"valueName":"search_term_string"}}],"inLanguage":"pt-BR"},{"@type":"Organization","@id":"https:\/\/www.suno.com.br\/noticias\/#organization","name":"Suno Not\u00edcias","url":"https:\/\/www.suno.com.br\/noticias\/","logo":{"@type":"ImageObject","inLanguage":"pt-BR","@id":"https:\/\/www.suno.com.br\/noticias\/#\/schema\/logo\/image\/","url":"https:\/\/files.sunoresearch.com.br\/n\/uploads\/2021\/09\/suno-logo.png","contentUrl":"https:\/\/files.sunoresearch.com.br\/n\/uploads\/2021\/09\/suno-logo.png","width":180,"height":180,"caption":"Suno Not\u00edcias"},"image":{"@id":"https:\/\/www.suno.com.br\/noticias\/#\/schema\/logo\/image\/"},"sameAs":["https:\/\/facebook.com\/sunoresearch","https:\/\/x.com\/sunoresearch","https:\/\/www.instagram.com\/suno","https:\/\/www.linkedin.com\/company\/suno-research\/","https:\/\/www.youtube.com\/c\/sunoresearch"]},{"@type":"Person","@id":"https:\/\/www.suno.com.br\/noticias\/#\/schema\/person\/8d020643938f12a823508eb0e5fda407","name":"Pedro Caramuru","image":{"@type":"ImageObject","inLanguage":"pt-BR","@id":"https:\/\/www.suno.com.br\/noticias\/#\/schema\/person\/image\/","url":"https:\/\/secure.gravatar.com\/avatar\/1a3f15d3553507ae7a2debc6ea0ad87b?s=96&r=g","contentUrl":"https:\/\/secure.gravatar.com\/avatar\/1a3f15d3553507ae7a2debc6ea0ad87b?s=96&r=g","caption":"Pedro Caramuru"},"description":"Rep\u00f3rter de economia, mercado e pol\u00edtica brasileira para o Suno Not\u00edcias. Formado em jornalismo. J\u00e1 escreveu sobre pol\u00edtica e mercados internacionais para o Broadcast e Estad\u00e3o.","url":"https:\/\/www.suno.com.br\/noticias\/author\/pedro-caramurusuno-com-br\/"}]}},"default_loop_html":"<div class=\"cardsPage__listCard__boxs\"><div class=\"cardsPage__listCard__boxs__img\"><a href=\"https:\/\/www.suno.com.br\/noticias\/adriano-pires-indicado-chefia-petrobras-petr4-interferencia-precos\/\"><img class=\"mask\" src=\"https:\/\/www.suno.com.br\/noticias\/wp-content\/themes\/suno\/resources\/images\/spotlight\/spotlight1img\/bg-mask.png\" alt=\"Image Mask\"\/><img src=\"https:\/\/files.sunoresearch.com.br\/n\/uploads\/2022\/03\/AdrianoPires-400x200.jpg\" alt=\"Novo presidente da Petrobras (PETR4): 5 pontos para entender quem \u00e9 Adriano Pires\"\/><\/a><span class=\"spotlightCategory\"><a href=\"https:\/\/www.suno.com.br\/noticias\/negocios\/\">Neg\u00f3cios<\/a><\/span><\/div><div class=\"cardsPage__listCard__boxs__content\"><a href=\"https:\/\/www.suno.com.br\/noticias\/adriano-pires-indicado-chefia-petrobras-petr4-interferencia-precos\/\"><h2 class=\"content__title\">Novo presidente da Petrobras (PETR4): 5 pontos para entender quem \u00e9 Adriano Pires<\/h2><\/a><div class=\"newsContent__article__meta\"><div class=\"newsContent__article__meta__authorBox\"><a href=\"https:\/\/www.suno.com.br\/noticias\/author\/pedro-caramurusuno-com-br\/\" class=\"authorBox__avatar noMobi\"><img src=\"https:\/\/secure.gravatar.com\/avatar\/1a3f15d3553507ae7a2debc6ea0ad87b?s=96&#038;r=g\" alt=\"Pedro Caramuru\"><\/a><div class=\"authorBox__name\"><span>por\n\t\t\t<a href=\"https:\/\/www.suno.com.br\/noticias\/author\/pedro-caramurusuno-com-br\/\"><span itemprop=\"author\">Pedro Caramuru<\/span><\/a><\/span><time datetime=\"2022-03-29T09:53:36-03:00\" itemprop=\"datePublished\">29\/03\/2022 09:53<\/time><\/div><\/div><\/div><\/div><\/div>","single_layout":"posts","amp_enabled":true,"_links":{"self":[{"href":"https:\/\/www.suno.com.br\/noticias\/wp-json\/wp\/v2\/posts\/245872"}],"collection":[{"href":"https:\/\/www.suno.com.br\/noticias\/wp-json\/wp\/v2\/posts"}],"about":[{"href":"https:\/\/www.suno.com.br\/noticias\/wp-json\/wp\/v2\/types\/post"}],"author":[{"embeddable":true,"href":"https:\/\/www.suno.com.br\/noticias\/wp-json\/wp\/v2\/users\/145"}],"replies":[{"embeddable":true,"href":"https:\/\/www.suno.com.br\/noticias\/wp-json\/wp\/v2\/comments?post=245872"}],"version-history":[{"count":4,"href":"https:\/\/www.suno.com.br\/noticias\/wp-json\/wp\/v2\/posts\/245872\/revisions"}],"predecessor-version":[{"id":246245,"href":"https:\/\/www.suno.com.br\/noticias\/wp-json\/wp\/v2\/posts\/245872\/revisions\/246245"}],"wp:featuredmedia":[{"embeddable":true,"href":"https:\/\/www.suno.com.br\/noticias\/wp-json\/wp\/v2\/media\/245881"}],"wp:attachment":[{"href":"https:\/\/www.suno.com.br\/noticias\/wp-json\/wp\/v2\/media?parent=245872"}],"wp:term":[{"taxonomy":"category","embeddable":true,"href":"https:\/\/www.suno.com.br\/noticias\/wp-json\/wp\/v2\/categories?post=245872"},{"taxonomy":"post_tag","embeddable":true,"href":"https:\/\/www.suno.com.br\/noticias\/wp-json\/wp\/v2\/tags?post=245872"},{"taxonomy":"suno_strategy","embeddable":true,"href":"https:\/\/www.suno.com.br\/noticias\/wp-json\/wp\/v2\/suno_strategy?post=245872"}],"curies":[{"name":"wp","href":"https:\/\/api.w.org\/{rel}","templated":true}]}}