{"id":24587,"date":"2019-05-15T09:25:48","date_gmt":"2019-05-15T12:25:48","guid":{"rendered":"https:\/\/www.suno.com.br\/noticias\/?p=24587"},"modified":"2021-06-13T23:42:32","modified_gmt":"2021-06-14T02:42:32","slug":"governo-substituir-minha-casa-minha-vida","status":"publish","type":"post","link":"https:\/\/www.suno.com.br\/noticias\/governo-substituir-minha-casa-minha-vida\/","title":{"rendered":"Governo prepara programa para substituir o &#8216;Minha Casa, Minha Vida&#8217;"},"content":{"rendered":"<p>O governo trabalha um novo programa habitacional para substituir o Minha Casa Minha Vida (MCMV).<\/p>\t<div class=\"wrapper-featured-image\">\n\t\t<figure class=\"spotlightImg\">\n\n\t\t\t<picture>\n\t\t\t\t<source media=\"(max-width: 768px)\" srcset=\"https:\/\/files.sunoresearch.com.br\/n\/uploads\/2019\/05\/a8d6076a-minha-casa-minha-vida-400x200.webp\">\n\t\t\t\t<img loading=\"lazy\" decoding=\"async\" class=\"newsContent__article__imgCapa lazyloadDisabled newsContent__article__imgCapa--noCaption\" src=\"https:\/\/files.sunoresearch.com.br\/n\/uploads\/2019\/05\/a8d6076a-minha-casa-minha-vida-800x450.webp\" width=\"800\" height=\"450\" alt=\"Governo prepara programa para substituir o &#8216;Minha Casa, Minha Vida&#8217;\" fetchpriority=high \/>\n\t\t\t<\/picture>\n\n\t\t\t<figcaption class=\"wp-caption-text wp-caption-text--hide\">Governo prepara programa para substituir o &#039;Minha Casa, Minha Vida&#039;<\/figcaption>\n\t\t<\/figure>\n\t<\/div>\n\n\n<p>O &#8216;novo&#8217; <strong>Minha Casa Minha Vida<\/strong> ter\u00e1 um abordagem diferente, onde ser\u00e3o utilizados terrenos doados pela <strong>Uni\u00e3o<\/strong> nas regi\u00f5es centrais das cidades e ainda poder\u00e3o ser financiadas pelo incorporador do projeto pelo <strong>FGTS<\/strong>. Al\u00e9m disso, ser\u00e1 permitido que no mesmo empreendimento haja unidades comerciais e de servi\u00e7os.<\/p>\n\t<p>\n\t\t<a href=\"https:\/\/lp.suno.com.br\/minicurso-investindo-fiis\/\" target=\"_blank\" data-element=\"shortcode-suno-banner\" title=\"Banner SUNO, clique e saiba mais\">\n\t\t\t<picture>\n\t\t\t\t<source media=\"(max-width: 500px)\" srcset=\"https:\/\/files.sunoresearch.com.br\/n\/uploads\/2023\/03\/400x300-Minicurso-FIIS.png\">\n\t\t\t\t<img class=\"newsContent__article__imgCapa newsContent__article__imgCapa--banner\"\n\t\t\t\t\tsrc=\"https:\/\/files.sunoresearch.com.br\/n\/uploads\/2023\/03\/1420x240-Minicurso-FIIS.png\"\n\t\t\t\t\tdata-promo-id=\"383125\"\t\t\t\t\t\t\t\t\t\twidth='1420' height='240'\t\t\t\t\talt=\"https:\/\/files.sunoresearch.com.br\/n\/uploads\/2023\/03\/1420x240-Minicurso-FIIS.png\"\n\t\t\t\t>\n\t\t\t<\/picture>\n\t\t<\/a>\n\t<\/p>\n\n\n<p>Um dos principais objetivo \u00e9 evitar o que os gestores p\u00fablicos consideram um dos maiores problemas do programa, o afastamento dos mais pobres para bairros e cidades distantes de seus trabalhos. De acordo com o governo, a inten\u00e7\u00e3o \u00e9 lan\u00e7ar o novo programa habitacional na primeira quinzena de julho e fazer um piloto para testar ainda neste ano.<\/p>\n<p>Dessa forma, fam\u00edlias de diferentes faixas de renda conviveriam no mesmo ambiente, com acesso a parques, atra\u00e7\u00f5es tur\u00edsticas e outras possibilidades. No entanto, a incorporadora do projeto seria respons\u00e1vel por administrar o projeto apenas no per\u00edodo de &#8220;concess\u00e3o&#8221; que \u00e9 de 20 a 30 anos.<\/p>\n<p>Atualmente, a Uni\u00e3o possui cerca de 700 mil im\u00f3veis mapeados.<\/p>\n<p><a href=\"https:\/\/www.suno.com.br\/noticias\/vendas-de-imoveis-sobem-secovi\/\">Saiba mais:\u00a0Vendas de im\u00f3veis sobem 37,3% entre fevereiro e mar\u00e7o, diz Secovi<\/a><\/p>\n<h2>Condu\u00e7\u00e3o do novo projeto<\/h2>\n<p>O novo projeto est\u00e1 sendo tocado pelos minist\u00e9rios da <strong>Economia<\/strong> e do Desenvolvimento Regional e pela <strong>Caixa<\/strong> <strong>Econ\u00f4mica<\/strong> <strong>Federal<\/strong>.<\/p>\n<p>De acordo como o secret\u00e1rio de Desenvolvimento da Infraestrutura do Minist\u00e9rio da Economia, Diogo Mac Cord, &#8220;megaempreendimentos, de R$ 200 milh\u00f5es e R$ 300 milh\u00f5es, dentro da cidade&#8221; est\u00e3o sendo contatados. Ele ainda afirma que o objetivo \u00e9 colocar &#8220;pessoas de diferentes faixas de renda, coloca espa\u00e7o para com\u00e9rcio, gera\u00e7\u00e3o de servi\u00e7os, em vez de serem s\u00f3 casinhas uma do lado da outra no meio do nada&#8221;.<\/p>\n\t<p>\n\t\t<a href=\"https:\/\/lp.suno.com.br\/ao\/sessao-estrategica-consultoria-c\/?utm_source=suno-noticias&#038;utm_medium=banner&#038;utm_campaing=banco-master-cdbs\" target=\"_blank\" data-element=\"shortcode-suno-banner\" title=\"Banner SUNO, clique e saiba mais\">\n\t\t\t<picture>\n\t\t\t\t<source media=\"(max-width: 500px)\" srcset=\"https:\/\/files.sunoresearch.com.br\/n\/uploads\/2025\/09\/300x400.webp\">\n\t\t\t\t<img class=\"newsContent__article__imgCapa newsContent__article__imgCapa--banner\"\n\t\t\t\t\tsrc=\"https:\/\/files.sunoresearch.com.br\/n\/uploads\/2025\/09\/SN-DT-1420x240-1.webp\"\n\t\t\t\t\tdata-promo-id=\"624064\"\t\t\t\t\t\t\t\t\t\twidth='1420' height='240'\t\t\t\t\talt=\"https:\/\/files.sunoresearch.com.br\/n\/uploads\/2025\/09\/SN-DT-1420x240-1.webp\"\n\t\t\t\t>\n\t\t\t<\/picture>\n\t\t<\/a>\n\t<\/p>\n\n\n<p>O secret\u00e1rio ainda afirma que o programa &#8220;\u00e9 uma reformula\u00e7\u00e3o completa do <strong>Minha Casa Minha Vida<\/strong>&#8221; que &#8220;fracassou miseravelmente&#8221;. No entanto, Mac Cord disse que a implementa\u00e7\u00e3o do <strong>projeto<\/strong> ser\u00e1 gradual.<\/p>\n","protected":false},"excerpt":{"rendered":"<p>O governo trabalha um novo programa habitacional para substituir o Minha Casa Minha Vida (MCMV). Governo prepara programa para substituir o &#039;Minha Casa, Minha Vida&#039; O &#8216;novo&#8217; Minha Casa Minha Vida ter\u00e1 um abordagem diferente, onde ser\u00e3o utilizados terrenos doados pela Uni\u00e3o nas regi\u00f5es centrais das cidades e ainda poder\u00e3o ser financiadas pelo incorporador do [&hellip;]<\/p>\n","protected":false},"author":11,"featured_media":24603,"comment_status":"closed","ping_status":"closed","sticky":false,"template":"","format":"standard","meta":[],"categories":[66],"tags":[1904],"suno_strategy":[],"class_list":["post-24587","post","type-post","status-publish","format-standard","has-post-thumbnail","hentry","category-fiis","tag-mercado-imobiliario"],"yoast_head":"<!-- This site is optimized with the Yoast SEO plugin v24.4 - https:\/\/yoast.com\/wordpress\/plugins\/seo\/ -->\n<title>Governo prepara programa para substituir o Minha Casa Minha Vida<\/title>\n<meta name=\"description\" content=\"Novo Minha Casa Minha Vida tem por objetivo utilizar terrenos da Uni\u00e3o para n\u00e3o afastar os beneficiados do centro. Clique e saiba mais.\" \/>\n<meta name=\"robots\" content=\"index, follow, max-snippet:-1, max-image-preview:large, max-video-preview:-1\" \/>\n<link rel=\"canonical\" href=\"https:\/\/www.suno.com.br\/noticias\/governo-substituir-minha-casa-minha-vida\/\" \/>\n<meta property=\"og:locale\" content=\"pt_BR\" \/>\n<meta property=\"og:type\" content=\"article\" \/>\n<meta property=\"og:title\" content=\"Governo prepara programa para substituir o Minha Casa Minha Vida\" \/>\n<meta property=\"og:description\" content=\"Novo Minha Casa Minha Vida tem por objetivo utilizar terrenos da Uni\u00e3o para n\u00e3o afastar os beneficiados do centro. Clique e saiba mais.\" \/>\n<meta property=\"og:url\" content=\"https:\/\/www.suno.com.br\/noticias\/governo-substituir-minha-casa-minha-vida\/\" \/>\n<meta property=\"og:site_name\" content=\"Suno Not\u00edcias\" \/>\n<meta property=\"article:publisher\" content=\"https:\/\/facebook.com\/sunoresearch\" \/>\n<meta property=\"og:image\" content=\"https:\/\/files.sunoresearch.com.br\/n\/uploads\/2019\/05\/a8d6076a-minha-casa-minha-vida.jpg\" \/>\n\t<meta property=\"og:image:width\" content=\"4256\" \/>\n\t<meta property=\"og:image:height\" content=\"2832\" \/>\n\t<meta property=\"og:image:type\" content=\"image\/jpeg\" \/>\n<meta name=\"author\" content=\"Renan Bandeira\" \/>\n<meta name=\"twitter:card\" content=\"summary_large_image\" \/>\n<meta name=\"twitter:creator\" content=\"@sunoresearch\" \/>\n<meta name=\"twitter:site\" content=\"@sunoresearch\" \/>\n<meta name=\"twitter:label1\" content=\"Escrito por\" \/>\n\t<meta name=\"twitter:data1\" content=\"Renan Bandeira\" \/>\n\t<meta name=\"twitter:label2\" content=\"Est. tempo de leitura\" \/>\n\t<meta name=\"twitter:data2\" content=\"2 minutos\" \/>\n<script type=\"application\/ld+json\" class=\"yoast-schema-graph\">{\"@context\":\"https:\/\/schema.org\",\"@graph\":[{\"@type\":\"NewsArticle\",\"@id\":\"https:\/\/www.suno.com.br\/noticias\/governo-substituir-minha-casa-minha-vida\/#article\",\"isPartOf\":{\"@id\":\"https:\/\/www.suno.com.br\/noticias\/governo-substituir-minha-casa-minha-vida\/\"},\"author\":{\"name\":\"Renan Bandeira\",\"@id\":\"https:\/\/www.suno.com.br\/noticias\/#\/schema\/person\/fc144a1c6108bd1dcd43784e88a3c138\"},\"headline\":\"Governo prepara programa para substituir o &#8216;Minha Casa, Minha Vida&#8217;\",\"datePublished\":\"2019-05-15T12:25:48+00:00\",\"dateModified\":\"2021-06-14T02:42:32+00:00\",\"mainEntityOfPage\":{\"@id\":\"https:\/\/www.suno.com.br\/noticias\/governo-substituir-minha-casa-minha-vida\/\"},\"wordCount\":348,\"publisher\":{\"@id\":\"https:\/\/www.suno.com.br\/noticias\/#organization\"},\"image\":{\"@id\":\"https:\/\/www.suno.com.br\/noticias\/governo-substituir-minha-casa-minha-vida\/#primaryimage\"},\"thumbnailUrl\":\"https:\/\/files.sunoresearch.com.br\/n\/uploads\/2019\/05\/a8d6076a-minha-casa-minha-vida-scaled.webp\",\"keywords\":[\"mercado imobili\u00e1rio\"],\"articleSection\":[\"FIIs\"],\"inLanguage\":\"pt-BR\"},{\"@type\":\"WebPage\",\"@id\":\"https:\/\/www.suno.com.br\/noticias\/governo-substituir-minha-casa-minha-vida\/\",\"url\":\"https:\/\/www.suno.com.br\/noticias\/governo-substituir-minha-casa-minha-vida\/\",\"name\":\"Governo prepara programa para substituir o Minha Casa Minha Vida\",\"isPartOf\":{\"@id\":\"https:\/\/www.suno.com.br\/noticias\/#website\"},\"primaryImageOfPage\":{\"@id\":\"https:\/\/www.suno.com.br\/noticias\/governo-substituir-minha-casa-minha-vida\/#primaryimage\"},\"image\":{\"@id\":\"https:\/\/www.suno.com.br\/noticias\/governo-substituir-minha-casa-minha-vida\/#primaryimage\"},\"thumbnailUrl\":\"https:\/\/files.sunoresearch.com.br\/n\/uploads\/2019\/05\/a8d6076a-minha-casa-minha-vida-scaled.webp\",\"datePublished\":\"2019-05-15T12:25:48+00:00\",\"dateModified\":\"2021-06-14T02:42:32+00:00\",\"description\":\"Novo Minha Casa Minha Vida tem por objetivo utilizar terrenos da Uni\u00e3o para n\u00e3o afastar os beneficiados do centro. Clique e saiba mais.\",\"breadcrumb\":{\"@id\":\"https:\/\/www.suno.com.br\/noticias\/governo-substituir-minha-casa-minha-vida\/#breadcrumb\"},\"inLanguage\":\"pt-BR\",\"potentialAction\":[{\"@type\":\"ReadAction\",\"target\":[\"https:\/\/www.suno.com.br\/noticias\/governo-substituir-minha-casa-minha-vida\/\"]}]},{\"@type\":\"ImageObject\",\"inLanguage\":\"pt-BR\",\"@id\":\"https:\/\/www.suno.com.br\/noticias\/governo-substituir-minha-casa-minha-vida\/#primaryimage\",\"url\":\"https:\/\/files.sunoresearch.com.br\/n\/uploads\/2019\/05\/a8d6076a-minha-casa-minha-vida-scaled.webp\",\"contentUrl\":\"https:\/\/files.sunoresearch.com.br\/n\/uploads\/2019\/05\/a8d6076a-minha-casa-minha-vida-scaled.webp\",\"width\":2560,\"height\":1703,\"caption\":\"Governo prepara programa para substituir o 'Minha Casa, Minha Vida'\"},{\"@type\":\"BreadcrumbList\",\"@id\":\"https:\/\/www.suno.com.br\/noticias\/governo-substituir-minha-casa-minha-vida\/#breadcrumb\",\"itemListElement\":[{\"@type\":\"ListItem\",\"position\":1,\"name\":\"Not\u00edcias\",\"item\":\"https:\/\/www.suno.com.br\/noticias\/\"},{\"@type\":\"ListItem\",\"position\":2,\"name\":\"FIIs\",\"item\":\"https:\/\/www.suno.com.br\/noticias\/fiis\/\"},{\"@type\":\"ListItem\",\"position\":3,\"name\":\"Governo prepara programa para substituir o &#8216;Minha Casa, Minha Vida&#8217;\"}]},{\"@type\":\"WebSite\",\"@id\":\"https:\/\/www.suno.com.br\/noticias\/#website\",\"url\":\"https:\/\/www.suno.com.br\/noticias\/\",\"name\":\"Suno Not\u00edcias\",\"description\":\"Seu portal de informa\u00e7\u00e3o sobre o mundo dos investimentos\",\"publisher\":{\"@id\":\"https:\/\/www.suno.com.br\/noticias\/#organization\"},\"potentialAction\":[{\"@type\":\"SearchAction\",\"target\":{\"@type\":\"EntryPoint\",\"urlTemplate\":\"https:\/\/www.suno.com.br\/noticias\/?s={search_term_string}\"},\"query-input\":{\"@type\":\"PropertyValueSpecification\",\"valueRequired\":true,\"valueName\":\"search_term_string\"}}],\"inLanguage\":\"pt-BR\"},{\"@type\":\"Organization\",\"@id\":\"https:\/\/www.suno.com.br\/noticias\/#organization\",\"name\":\"Suno Not\u00edcias\",\"url\":\"https:\/\/www.suno.com.br\/noticias\/\",\"logo\":{\"@type\":\"ImageObject\",\"inLanguage\":\"pt-BR\",\"@id\":\"https:\/\/www.suno.com.br\/noticias\/#\/schema\/logo\/image\/\",\"url\":\"https:\/\/files.sunoresearch.com.br\/n\/uploads\/2021\/09\/suno-logo.png\",\"contentUrl\":\"https:\/\/files.sunoresearch.com.br\/n\/uploads\/2021\/09\/suno-logo.png\",\"width\":180,\"height\":180,\"caption\":\"Suno Not\u00edcias\"},\"image\":{\"@id\":\"https:\/\/www.suno.com.br\/noticias\/#\/schema\/logo\/image\/\"},\"sameAs\":[\"https:\/\/facebook.com\/sunoresearch\",\"https:\/\/x.com\/sunoresearch\",\"https:\/\/www.instagram.com\/suno\",\"https:\/\/www.linkedin.com\/company\/suno-research\/\",\"https:\/\/www.youtube.com\/c\/sunoresearch\"]},{\"@type\":\"Person\",\"@id\":\"https:\/\/www.suno.com.br\/noticias\/#\/schema\/person\/fc144a1c6108bd1dcd43784e88a3c138\",\"name\":\"Renan Bandeira\",\"image\":{\"@type\":\"ImageObject\",\"inLanguage\":\"pt-BR\",\"@id\":\"https:\/\/www.suno.com.br\/noticias\/#\/schema\/person\/image\/\",\"url\":\"https:\/\/secure.gravatar.com\/avatar\/68359cdb608f14f11bbefcb78f3fc747?s=96&r=g\",\"contentUrl\":\"https:\/\/secure.gravatar.com\/avatar\/68359cdb608f14f11bbefcb78f3fc747?s=96&r=g\",\"caption\":\"Renan Bandeira\"},\"description\":\"Renan Bandeira escreve sobre pol\u00edtica e economia para o portal da Suno Research. Antes da Suno, trabalhou em uma rede de televis\u00e3o, onde fazia reportagens sobre os mesmos temas. Estuda na Universidade Metodista de S\u00e3o Paulo.\",\"url\":\"https:\/\/www.suno.com.br\/noticias\/author\/renan-bandeira\/\"}]}<\/script>\n<!-- \/ Yoast SEO plugin. -->","yoast_head_json":{"title":"Governo prepara programa para substituir o Minha Casa Minha Vida","description":"Novo Minha Casa Minha Vida tem por objetivo utilizar terrenos da Uni\u00e3o para n\u00e3o afastar os beneficiados do centro. Clique e saiba mais.","robots":{"index":"index","follow":"follow","max-snippet":"max-snippet:-1","max-image-preview":"max-image-preview:large","max-video-preview":"max-video-preview:-1"},"canonical":"https:\/\/www.suno.com.br\/noticias\/governo-substituir-minha-casa-minha-vida\/","og_locale":"pt_BR","og_type":"article","og_title":"Governo prepara programa para substituir o Minha Casa Minha Vida","og_description":"Novo Minha Casa Minha Vida tem por objetivo utilizar terrenos da Uni\u00e3o para n\u00e3o afastar os beneficiados do centro. Clique e saiba mais.","og_url":"https:\/\/www.suno.com.br\/noticias\/governo-substituir-minha-casa-minha-vida\/","og_site_name":"Suno Not\u00edcias","article_publisher":"https:\/\/facebook.com\/sunoresearch","og_image":[{"width":4256,"height":2832,"url":"https:\/\/files.sunoresearch.com.br\/n\/uploads\/2019\/05\/a8d6076a-minha-casa-minha-vida.jpg","type":"image\/jpeg"}],"author":"Renan Bandeira","twitter_card":"summary_large_image","twitter_creator":"@sunoresearch","twitter_site":"@sunoresearch","twitter_misc":{"Escrito por":"Renan Bandeira","Est. tempo de leitura":"2 minutos"},"schema":{"@context":"https:\/\/schema.org","@graph":[{"@type":"NewsArticle","@id":"https:\/\/www.suno.com.br\/noticias\/governo-substituir-minha-casa-minha-vida\/#article","isPartOf":{"@id":"https:\/\/www.suno.com.br\/noticias\/governo-substituir-minha-casa-minha-vida\/"},"author":{"name":"Renan Bandeira","@id":"https:\/\/www.suno.com.br\/noticias\/#\/schema\/person\/fc144a1c6108bd1dcd43784e88a3c138"},"headline":"Governo prepara programa para substituir o &#8216;Minha Casa, Minha Vida&#8217;","datePublished":"2019-05-15T12:25:48+00:00","dateModified":"2021-06-14T02:42:32+00:00","mainEntityOfPage":{"@id":"https:\/\/www.suno.com.br\/noticias\/governo-substituir-minha-casa-minha-vida\/"},"wordCount":348,"publisher":{"@id":"https:\/\/www.suno.com.br\/noticias\/#organization"},"image":{"@id":"https:\/\/www.suno.com.br\/noticias\/governo-substituir-minha-casa-minha-vida\/#primaryimage"},"thumbnailUrl":"https:\/\/files.sunoresearch.com.br\/n\/uploads\/2019\/05\/a8d6076a-minha-casa-minha-vida-scaled.webp","keywords":["mercado imobili\u00e1rio"],"articleSection":["FIIs"],"inLanguage":"pt-BR"},{"@type":"WebPage","@id":"https:\/\/www.suno.com.br\/noticias\/governo-substituir-minha-casa-minha-vida\/","url":"https:\/\/www.suno.com.br\/noticias\/governo-substituir-minha-casa-minha-vida\/","name":"Governo prepara programa para substituir o Minha Casa Minha Vida","isPartOf":{"@id":"https:\/\/www.suno.com.br\/noticias\/#website"},"primaryImageOfPage":{"@id":"https:\/\/www.suno.com.br\/noticias\/governo-substituir-minha-casa-minha-vida\/#primaryimage"},"image":{"@id":"https:\/\/www.suno.com.br\/noticias\/governo-substituir-minha-casa-minha-vida\/#primaryimage"},"thumbnailUrl":"https:\/\/files.sunoresearch.com.br\/n\/uploads\/2019\/05\/a8d6076a-minha-casa-minha-vida-scaled.webp","datePublished":"2019-05-15T12:25:48+00:00","dateModified":"2021-06-14T02:42:32+00:00","description":"Novo Minha Casa Minha Vida tem por objetivo utilizar terrenos da Uni\u00e3o para n\u00e3o afastar os beneficiados do centro. Clique e saiba mais.","breadcrumb":{"@id":"https:\/\/www.suno.com.br\/noticias\/governo-substituir-minha-casa-minha-vida\/#breadcrumb"},"inLanguage":"pt-BR","potentialAction":[{"@type":"ReadAction","target":["https:\/\/www.suno.com.br\/noticias\/governo-substituir-minha-casa-minha-vida\/"]}]},{"@type":"ImageObject","inLanguage":"pt-BR","@id":"https:\/\/www.suno.com.br\/noticias\/governo-substituir-minha-casa-minha-vida\/#primaryimage","url":"https:\/\/files.sunoresearch.com.br\/n\/uploads\/2019\/05\/a8d6076a-minha-casa-minha-vida-scaled.webp","contentUrl":"https:\/\/files.sunoresearch.com.br\/n\/uploads\/2019\/05\/a8d6076a-minha-casa-minha-vida-scaled.webp","width":2560,"height":1703,"caption":"Governo prepara programa para substituir o 'Minha Casa, Minha Vida'"},{"@type":"BreadcrumbList","@id":"https:\/\/www.suno.com.br\/noticias\/governo-substituir-minha-casa-minha-vida\/#breadcrumb","itemListElement":[{"@type":"ListItem","position":1,"name":"Not\u00edcias","item":"https:\/\/www.suno.com.br\/noticias\/"},{"@type":"ListItem","position":2,"name":"FIIs","item":"https:\/\/www.suno.com.br\/noticias\/fiis\/"},{"@type":"ListItem","position":3,"name":"Governo prepara programa para substituir o &#8216;Minha Casa, Minha Vida&#8217;"}]},{"@type":"WebSite","@id":"https:\/\/www.suno.com.br\/noticias\/#website","url":"https:\/\/www.suno.com.br\/noticias\/","name":"Suno Not\u00edcias","description":"Seu portal de informa\u00e7\u00e3o sobre o mundo dos investimentos","publisher":{"@id":"https:\/\/www.suno.com.br\/noticias\/#organization"},"potentialAction":[{"@type":"SearchAction","target":{"@type":"EntryPoint","urlTemplate":"https:\/\/www.suno.com.br\/noticias\/?s={search_term_string}"},"query-input":{"@type":"PropertyValueSpecification","valueRequired":true,"valueName":"search_term_string"}}],"inLanguage":"pt-BR"},{"@type":"Organization","@id":"https:\/\/www.suno.com.br\/noticias\/#organization","name":"Suno Not\u00edcias","url":"https:\/\/www.suno.com.br\/noticias\/","logo":{"@type":"ImageObject","inLanguage":"pt-BR","@id":"https:\/\/www.suno.com.br\/noticias\/#\/schema\/logo\/image\/","url":"https:\/\/files.sunoresearch.com.br\/n\/uploads\/2021\/09\/suno-logo.png","contentUrl":"https:\/\/files.sunoresearch.com.br\/n\/uploads\/2021\/09\/suno-logo.png","width":180,"height":180,"caption":"Suno Not\u00edcias"},"image":{"@id":"https:\/\/www.suno.com.br\/noticias\/#\/schema\/logo\/image\/"},"sameAs":["https:\/\/facebook.com\/sunoresearch","https:\/\/x.com\/sunoresearch","https:\/\/www.instagram.com\/suno","https:\/\/www.linkedin.com\/company\/suno-research\/","https:\/\/www.youtube.com\/c\/sunoresearch"]},{"@type":"Person","@id":"https:\/\/www.suno.com.br\/noticias\/#\/schema\/person\/fc144a1c6108bd1dcd43784e88a3c138","name":"Renan Bandeira","image":{"@type":"ImageObject","inLanguage":"pt-BR","@id":"https:\/\/www.suno.com.br\/noticias\/#\/schema\/person\/image\/","url":"https:\/\/secure.gravatar.com\/avatar\/68359cdb608f14f11bbefcb78f3fc747?s=96&r=g","contentUrl":"https:\/\/secure.gravatar.com\/avatar\/68359cdb608f14f11bbefcb78f3fc747?s=96&r=g","caption":"Renan Bandeira"},"description":"Renan Bandeira escreve sobre pol\u00edtica e economia para o portal da Suno Research. Antes da Suno, trabalhou em uma rede de televis\u00e3o, onde fazia reportagens sobre os mesmos temas. Estuda na Universidade Metodista de S\u00e3o Paulo.","url":"https:\/\/www.suno.com.br\/noticias\/author\/renan-bandeira\/"}]}},"default_loop_html":"<div class=\"cardsPage__listCard__boxs\"><div class=\"cardsPage__listCard__boxs__img\"><a href=\"https:\/\/www.suno.com.br\/noticias\/governo-substituir-minha-casa-minha-vida\/\"><img class=\"mask\" src=\"https:\/\/www.suno.com.br\/noticias\/wp-content\/themes\/suno\/resources\/images\/spotlight\/spotlight1img\/bg-mask.png\" alt=\"Image Mask\"\/><img src=\"https:\/\/files.sunoresearch.com.br\/n\/uploads\/2019\/05\/a8d6076a-minha-casa-minha-vida-400x200.webp\" alt=\"Governo prepara programa para substituir o &#8216;Minha Casa, Minha Vida&#8217;\"\/><\/a><span class=\"spotlightCategory\"><a href=\"https:\/\/www.suno.com.br\/noticias\/fiis\/\">FIIs<\/a><\/span><\/div><div class=\"cardsPage__listCard__boxs__content\"><a href=\"https:\/\/www.suno.com.br\/noticias\/governo-substituir-minha-casa-minha-vida\/\"><h2 class=\"content__title\">Governo prepara programa para substituir o &#8216;Minha Casa, Minha Vida&#8217;<\/h2><\/a><div class=\"newsContent__article__meta\"><div class=\"newsContent__article__meta__authorBox\"><a href=\"https:\/\/www.suno.com.br\/noticias\/author\/renan-bandeira\/\" class=\"authorBox__avatar noMobi\"><img src=\"https:\/\/secure.gravatar.com\/avatar\/68359cdb608f14f11bbefcb78f3fc747?s=96&#038;r=g\" alt=\"Renan Bandeira\"><\/a><div class=\"authorBox__name\"><span>por\n\t\t\t<a href=\"https:\/\/www.suno.com.br\/noticias\/author\/renan-bandeira\/\"><span itemprop=\"author\">Renan Bandeira<\/span><\/a><\/span><time datetime=\"2019-05-15T09:25:48-03:00\" itemprop=\"datePublished\">15\/05\/2019 09:25<\/time><\/div><\/div><\/div><\/div><\/div>","single_layout":"posts","amp_enabled":true,"_links":{"self":[{"href":"https:\/\/www.suno.com.br\/noticias\/wp-json\/wp\/v2\/posts\/24587"}],"collection":[{"href":"https:\/\/www.suno.com.br\/noticias\/wp-json\/wp\/v2\/posts"}],"about":[{"href":"https:\/\/www.suno.com.br\/noticias\/wp-json\/wp\/v2\/types\/post"}],"author":[{"embeddable":true,"href":"https:\/\/www.suno.com.br\/noticias\/wp-json\/wp\/v2\/users\/11"}],"replies":[{"embeddable":true,"href":"https:\/\/www.suno.com.br\/noticias\/wp-json\/wp\/v2\/comments?post=24587"}],"version-history":[{"count":1,"href":"https:\/\/www.suno.com.br\/noticias\/wp-json\/wp\/v2\/posts\/24587\/revisions"}],"predecessor-version":[{"id":157208,"href":"https:\/\/www.suno.com.br\/noticias\/wp-json\/wp\/v2\/posts\/24587\/revisions\/157208"}],"wp:featuredmedia":[{"embeddable":true,"href":"https:\/\/www.suno.com.br\/noticias\/wp-json\/wp\/v2\/media\/24603"}],"wp:attachment":[{"href":"https:\/\/www.suno.com.br\/noticias\/wp-json\/wp\/v2\/media?parent=24587"}],"wp:term":[{"taxonomy":"category","embeddable":true,"href":"https:\/\/www.suno.com.br\/noticias\/wp-json\/wp\/v2\/categories?post=24587"},{"taxonomy":"post_tag","embeddable":true,"href":"https:\/\/www.suno.com.br\/noticias\/wp-json\/wp\/v2\/tags?post=24587"},{"taxonomy":"suno_strategy","embeddable":true,"href":"https:\/\/www.suno.com.br\/noticias\/wp-json\/wp\/v2\/suno_strategy?post=24587"}],"curies":[{"name":"wp","href":"https:\/\/api.w.org\/{rel}","templated":true}]}}