{"id":245861,"date":"2022-03-29T10:06:34","date_gmt":"2022-03-29T13:06:34","guid":{"rendered":"https:\/\/www.suno.com.br\/noticias\/?p=245861"},"modified":"2022-03-29T10:10:02","modified_gmt":"2022-03-29T13:10:02","slug":"petrobras-petr4-presidente-adriano-pires-preco-gasolina","status":"publish","type":"post","link":"https:\/\/www.suno.com.br\/noticias\/petrobras-petr4-presidente-adriano-pires-preco-gasolina\/","title":{"rendered":"Petrobras (PETR4): &#8216;Se algu\u00e9m segurar pre\u00e7o de combust\u00edvel est\u00e1 colocando o seu CPF na mesa&#8217;, diz Pires"},"content":{"rendered":"<p>Em entrevista recente ao <em>Estado de S. Paulo<\/em>, o atual indicado ao cargo de Presidente da <a class=\"suno-keyword\" href=\"https:\/\/www.suno.com.br\/acoes\/PETR4\/\" target=\"_blank\" rel=\"noopener\" data-force=\"yes\" data-priority=\"2\">Petrobras (PETR4)<\/a>, <strong>Adriano Pires<\/strong>, afirmou ser &#8220;muito dif\u00edcil encontrar algu\u00e9m que v\u00e1 para a estatal para segurar pre\u00e7o\u201d.<\/p>\t<div class=\"wrapper-featured-image\">\n\t\t<figure class=\"spotlightImg\">\n\n\t\t\t<picture>\n\t\t\t\t<source media=\"(max-width: 768px)\" srcset=\"https:\/\/files.sunoresearch.com.br\/n\/uploads\/2022\/03\/AdrianoPires2-400x200.jpg\">\n\t\t\t\t<img loading=\"lazy\" decoding=\"async\" class=\"newsContent__article__imgCapa lazyloadDisabled \" src=\"https:\/\/files.sunoresearch.com.br\/n\/uploads\/2022\/03\/AdrianoPires2-800x450.jpg\" width=\"800\" height=\"450\" alt=\"Petrobras (PETR4): &#8216;Se algu\u00e9m segurar pre\u00e7o de combust\u00edvel est\u00e1 colocando o seu CPF na mesa&#8217;, diz Pires\" fetchpriority=high \/>\n\t\t\t<\/picture>\n\n\t\t\t<figcaption class=\"wp-caption-text wp-caption-text--show\">Adriano Pires, nomeado a presidente, defende mater paridade internacional. Foto: Geraldo Magela\/Ag\u00eancia Senado <\/figcaption>\n\t\t<\/figure>\n\t<\/div>\n\n\n\t<p>\n\t\t<a href=\"\" target=\"_blank\" data-element=\"shortcode-suno-banner\" title=\"Banner SUNO, clique e saiba mais\">\n\t\t\t<picture>\n\t\t\t\t<source media=\"(max-width: 500px)\" srcset=\"\">\n\t\t\t\t<img class=\"newsContent__article__imgCapa newsContent__article__imgCapa--banner\"\n\t\t\t\t\tsrc=\"\"\n\t\t\t\t\tdata-promo-id=\"138420\"\t\t\t\t\t\t\t\t\t\t\t\t\t\t\talt=\"\"\n\t\t\t\t>\n\t\t\t<\/picture>\n\t\t<\/a>\n\t<\/p>\n\n\n<p>A sua indica\u00e7\u00e3o veio em meio aos solavancos do Planalto contra a <strong>Petrobras<\/strong> por conta da alta do pre\u00e7o da gasolina &#8211; o que tem custado capital pol\u00edtico ao presidente <strong>Jair Bolsonaro<\/strong> (PL). Ao passo que Rodolfo Landim figurava como um nome que potencialmente mudaria a pol\u00edtica de pre\u00e7os da estatal, Adriano Pires adotou postura diferente que em publico e defendeu manter a atual <strong>pol\u00edtica de pre\u00e7o<\/strong>.<\/p>\n<p>Atualmente, a Petrobras segue o <strong>pre\u00e7o de paridade internacional<\/strong>, igualando o pre\u00e7o de repasse \u00e0s refinarias com o pre\u00e7o de exporta\u00e7\u00e3o, e absorvendo as oscila\u00e7\u00f5es do <a class=\"suno-keyword\" href=\"https:\/\/www.suno.com.br\/artigos\/preco-do-petroleo\/\" target=\"_blank\" rel=\"noopener\" data-force=\"no\" data-priority=\"1\">pre\u00e7o do petr\u00f3leo<\/a>. A pol\u00edtica foi definida em meados de 2016, no governo de Michel Temer (MDB).<\/p>\n\t<div data-element=\"shortcode-read-more\" class=\"knowMore\">\n\t\t\t\t<span class=\"knowMore__title\">Leia mais<\/span>\n\t\t\t\t<a class=\"knowMore__link\" href=\"https:\/\/www.suno.com.br\/noticias\/bolsonaro-demissao-presidente-petrobras-petr4-jornal\/\">\n\t\t\tTroca na presid\u00eancia da Petrobras (PETR4): economista Adriano Pires vai substituir Silva e Luna\t\t<\/a>\n\t<\/div>\n\n\n<p>\u201cDo presidente Temer para c\u00e1, a empresa passa a ter uma <a href=\"https:\/\/www.suno.com.br\/artigos\/cambio\/\">pol\u00edtica de tend\u00eancia de mercado internacional<\/a>. Se algu\u00e9m for para Petrobras e segurar pre\u00e7o de combust\u00edvel est\u00e1 colocando o seu CPF na mesa&#8221;, disse ao Estad\u00e3o.<\/p>\n<p>Na mesma ocasi\u00e3o, Pires tamb\u00e9m defendeu a ado\u00e7\u00e3o de subs\u00eddio ao diesel e g\u00e1s, mas se manifestou preocupado com o texto do projeto que est\u00e1 na casa legislativa. &#8220;Esse artigo \u00e9 horr\u00edvel porque no fundo est\u00e1 promovendo uma interven\u00e7\u00e3o de pre\u00e7os&#8221;, comentou.<\/p>\n\t<p>\n\t\t<a href=\"https:\/\/lp.suno.com.br\/planilha-controle-gastos\/\" target=\"_blank\" data-element=\"shortcode-suno-banner\" title=\"Banner SUNO, clique e saiba mais\">\n\t\t\t<picture>\n\t\t\t\t<source media=\"(max-width: 500px)\" srcset=\"https:\/\/files.sunoresearch.com.br\/n\/uploads\/2023\/03\/400x300-Planilha-controle-de-gastos.png\">\n\t\t\t\t<img class=\"newsContent__article__imgCapa newsContent__article__imgCapa--banner\"\n\t\t\t\t\tsrc=\"https:\/\/files.sunoresearch.com.br\/n\/uploads\/2023\/03\/1420x240-Planilha-controle-de-gastos.png\"\n\t\t\t\t\tdata-promo-id=\"101751\"\t\t\t\t\t\t\t\t\t\twidth='1420' height='240'\t\t\t\t\talt=\"https:\/\/files.sunoresearch.com.br\/n\/uploads\/2023\/03\/1420x240-Planilha-controle-de-gastos.png\"\n\t\t\t\t>\n\t\t\t<\/picture>\n\t\t<\/a>\n\t<\/p>\n\n\n<p>Sobre o imbr\u00f3glio com Bolsonaro, Pires foi evasivo e disse: \u201cSe ele faz qualquer tipo de interven\u00e7\u00e3o na Petrobras, de fato, ele \u00e9 igual ao Lula\u201d.<\/p>\n<p>Al\u00e9m disso, lembrou que na \u00faltima troca de <strong>presidente da Petrobras<\/strong> o mercado havia ficado receoso com uma poss\u00edvel mudan\u00e7a na <strong>pol\u00edtica de pre\u00e7os<\/strong>.<\/p>\n<p>&#8220;Quando ele [Bolsonaro] tirou o <a class=\"suno-keyword\" href=\"https:\/\/www.suno.com.br\/tudo-sobre\/roberto-castello-branco\/\" target=\"_blank\" rel=\"noopener\" data-force=\"no\" data-priority=\"2\">Roberto Castello Branco<\/a>, todo mundo acreditava que o general Silva e Luna ia fazer isso e n\u00e3o fez\u201d, citou.<\/p>\n<p>&#8220;Acho que o risco de interven\u00e7\u00e3o na Petrobras antes das elei\u00e7\u00f5es \u00e9 muito baixo por duas raz\u00f5es. A primeira \u00e9 que a regulamenta\u00e7\u00e3o e o <a href=\"https:\/\/www.suno.com.br\/artigos\/compliance\/\">compliance<\/a> da empresa ap\u00f3s a Lava Jato dificultam muito que tanto a diretoria quanto o <a class=\"suno-keyword\" href=\"https:\/\/www.suno.com.br\/artigos\/conselho-administracao\/\" target=\"_blank\" rel=\"noopener\" data-force=\"no\" data-priority=\"1\">Conselho de Administra\u00e7\u00e3o<\/a> tomem a\u00e7\u00f5es que possam prejudicar os acionistas.&#8221;<\/p>\n<p>&#8220;Segundo, se o presidente Bolsonaro interviesse na empresa, seria acusado de fazer a mesma pol\u00edtica que Lula&#8221;, disse, em postagem no seu LinkedIn alguns momentos antes de sua nomea\u00e7\u00e3o ser oficializada.<\/p>\n\t<p>\n\t\t<a href=\"https:\/\/lp.suno.com.br\/planilha-da-vida-financeira\/\" target=\"_blank\" data-element=\"shortcode-suno-banner\" title=\"Banner SUNO, clique e saiba mais\">\n\t\t\t<picture>\n\t\t\t\t<source media=\"(max-width: 500px)\" srcset=\"https:\/\/files.sunoresearch.com.br\/n\/uploads\/2023\/04\/400x300-Planilha-vida-financeira-true.png\">\n\t\t\t\t<img class=\"newsContent__article__imgCapa newsContent__article__imgCapa--banner\"\n\t\t\t\t\tsrc=\"https:\/\/files.sunoresearch.com.br\/n\/uploads\/2023\/04\/1420x240-Planilha-vida-financeira-true.png\"\n\t\t\t\t\tdata-promo-id=\"106682\"\t\t\t\t\t\t\t\t\t\twidth='1420' height='240'\t\t\t\t\talt=\"https:\/\/files.sunoresearch.com.br\/n\/uploads\/2023\/04\/1420x240-Planilha-vida-financeira-true.png\"\n\t\t\t\t>\n\t\t\t<\/picture>\n\t\t<\/a>\n\t<\/p>\n\n\n<h2>Quem \u00e9 Adriano Pires?<\/h2>\n<p>Com experi\u00eancia no ramo de energia e petr\u00f3leo, Adriano Pires \u00e9 economista, s\u00f3cio-fundador do Centro Brasileiro de Infraestrutura (CBIE) e atua coordenando projetos e estudos para a ind\u00fastria de g\u00e1s natural, a pol\u00edtica nacional de combust\u00edveis,.<\/p>\n<p>A sua \u00faltima passagem em um cargo p\u00fablico do governo foi como assessor da diretoria da <a href=\"https:\/\/www.gov.br\/anp\/pt-br\">ANP (Ag\u00eancia Nacional de Petr\u00f3leo, G\u00e1s e Biocombust\u00edveis)<\/a>.<\/p>\n<h3>A\u00e7\u00f5es da Petrobras fecham em queda, ADRs sobem<\/h3>\n<p>As <strong>a\u00e7\u00f5es da Petrobras<\/strong> fecharam o preg\u00e3o da v\u00e9spera em queda de 1,43% aos R$ 31,60. Nos \u00faltimos trinta dias, as <a class=\"suno-keyword\" href=\"https:\/\/www.suno.com.br\/artigos\/acoes-preferenciais\/\" target=\"_blank\" rel=\"noopener\" data-force=\"no\" data-priority=\"1\">a\u00e7\u00f5es preferenciais<\/a> da estatal, negociadas sob o ticker <a href=\"https:\/\/statusinvest.com.br\/acoes\/petr4\"><strong>PETR4<\/strong><\/a>, caem 8,85%.<\/p>\n<p>Em partes, isso se d\u00e1 pela retra\u00e7\u00e3o da <a class=\"suno-keyword\" href=\"https:\/\/www.suno.com.br\/artigos\/cotacao-do-petroleo\/\" target=\"_blank\" rel=\"noopener\" data-force=\"no\" data-priority=\"1\">cota\u00e7\u00e3o do petr\u00f3leo<\/a>, que sofre com a volatilidade por conta da Guerra na Ucr\u00e2nia. O Brent, refer\u00eancia para a estatal, caiu a US$ 109 no preg\u00e3o de ontem ap\u00f3s ter beirado US$ 140 nas semanas anteriores.<\/p>\n<p>Hoje h\u00e1 alta de 1,38% nos contratos, a US$ 114.<\/p>\n<p>As ADRs da <strong>Petrobras<\/strong>, negociadas na NYSE, sobem 0,99% no premarket, sinalizando uma abertura em US$ 14,32.<\/p>\n\t<p>\n\t\t<a href=\"https:\/\/lp.suno.com.br\/ebook-como-analisar-uma-acao\/\" target=\"_blank\" data-element=\"shortcode-suno-banner\" title=\"Banner SUNO, clique e saiba mais\">\n\t\t\t<picture>\n\t\t\t\t<source media=\"(max-width: 500px)\" srcset=\"https:\/\/files.sunoresearch.com.br\/n\/uploads\/2023\/03\/Ebook-Acoes-Mobile-1.jpg\">\n\t\t\t\t<img class=\"newsContent__article__imgCapa newsContent__article__imgCapa--banner\"\n\t\t\t\t\tsrc=\"https:\/\/files.sunoresearch.com.br\/n\/uploads\/2023\/03\/Ebook-Acoes-Desktop-1.jpg\"\n\t\t\t\t\tdata-promo-id=\"171998\"\t\t\t\t\t\t\t\t\t\twidth='1420' height='286'\t\t\t\t\talt=\"https:\/\/files.sunoresearch.com.br\/n\/uploads\/2023\/03\/Ebook-Acoes-Desktop-1.jpg\"\n\t\t\t\t>\n\t\t\t<\/picture>\n\t\t<\/a>\n\t<\/p>\n\n\n","protected":false},"excerpt":{"rendered":"<p>Em entrevista recente ao Estado de S. Paulo, o atual indicado ao cargo de Presidente da Petrobras (PETR4), Adriano Pires, afirmou ser &#8220;muito dif\u00edcil encontrar algu\u00e9m que v\u00e1 para a estatal para segurar pre\u00e7o\u201d. Adriano Pires, nomeado a presidente, defende mater paridade internacional. Foto: Geraldo Magela\/Ag\u00eancia Senado A sua indica\u00e7\u00e3o veio em meio aos solavancos [&hellip;]<\/p>\n","protected":false},"author":73,"featured_media":245905,"comment_status":"closed","ping_status":"closed","sticky":false,"template":"","format":"standard","meta":[],"categories":[64],"tags":[719,105988,595],"suno_strategy":[],"class_list":["post-245861","post","type-post","status-publish","format-standard","has-post-thumbnail","hentry","category-negocios","tag-jair-bolsonaro","tag-joaquim-silva-e-luna","tag-petrobras-petr4"],"yoast_head":"<!-- This site is optimized with the Yoast SEO plugin v24.4 - https:\/\/yoast.com\/wordpress\/plugins\/seo\/ -->\n<title>Petrobras (PETR4): Adriano Pires defende manter paridade internacional<\/title>\n<meta name=\"description\" content=\"Em entrevista ao Estad\u00e3o, Adriano Pires citou que paridade internacional deve ser mantida e defendeu subs\u00eddio. Clique aqui e leia mais.\" \/>\n<meta name=\"robots\" content=\"index, follow, max-snippet:-1, max-image-preview:large, max-video-preview:-1\" \/>\n<link rel=\"canonical\" href=\"https:\/\/www.suno.com.br\/noticias\/petrobras-petr4-presidente-adriano-pires-preco-gasolina\/\" \/>\n<meta property=\"og:locale\" content=\"pt_BR\" \/>\n<meta property=\"og:type\" content=\"article\" \/>\n<meta property=\"og:title\" content=\"Petrobras (PETR4): Adriano Pires defende manter paridade internacional\" \/>\n<meta property=\"og:description\" content=\"Em entrevista ao Estad\u00e3o, Adriano Pires citou que paridade internacional deve ser mantida e defendeu subs\u00eddio. Clique aqui e leia mais.\" \/>\n<meta property=\"og:url\" content=\"https:\/\/www.suno.com.br\/noticias\/petrobras-petr4-presidente-adriano-pires-preco-gasolina\/\" \/>\n<meta property=\"og:site_name\" content=\"Suno Not\u00edcias\" \/>\n<meta property=\"article:publisher\" content=\"https:\/\/facebook.com\/sunoresearch\" \/>\n<meta property=\"og:image\" content=\"https:\/\/files.sunoresearch.com.br\/n\/uploads\/2022\/03\/AdrianoPires2.jpg\" \/>\n\t<meta property=\"og:image:width\" content=\"2048\" \/>\n\t<meta property=\"og:image:height\" content=\"1363\" \/>\n\t<meta property=\"og:image:type\" content=\"image\/jpeg\" \/>\n<meta name=\"author\" content=\"Eduardo Vargas\" \/>\n<meta name=\"twitter:card\" content=\"summary_large_image\" \/>\n<meta name=\"twitter:creator\" content=\"@sunoresearch\" \/>\n<meta name=\"twitter:site\" content=\"@sunoresearch\" \/>\n<meta name=\"twitter:label1\" content=\"Escrito por\" \/>\n\t<meta name=\"twitter:data1\" content=\"Eduardo Vargas\" \/>\n\t<meta name=\"twitter:label2\" content=\"Est. tempo de leitura\" \/>\n\t<meta name=\"twitter:data2\" content=\"3 minutos\" \/>\n<script type=\"application\/ld+json\" class=\"yoast-schema-graph\">{\"@context\":\"https:\/\/schema.org\",\"@graph\":[{\"@type\":\"NewsArticle\",\"@id\":\"https:\/\/www.suno.com.br\/noticias\/petrobras-petr4-presidente-adriano-pires-preco-gasolina\/#article\",\"isPartOf\":{\"@id\":\"https:\/\/www.suno.com.br\/noticias\/petrobras-petr4-presidente-adriano-pires-preco-gasolina\/\"},\"author\":{\"name\":\"Eduardo Vargas\",\"@id\":\"https:\/\/www.suno.com.br\/noticias\/#\/schema\/person\/7f4d362bf3518e76090143ae77bb49a5\"},\"headline\":\"Petrobras (PETR4): &#8216;Se algu\u00e9m segurar pre\u00e7o de combust\u00edvel est\u00e1 colocando o seu CPF na mesa&#8217;, diz Pires\",\"datePublished\":\"2022-03-29T13:06:34+00:00\",\"dateModified\":\"2022-03-29T13:10:02+00:00\",\"mainEntityOfPage\":{\"@id\":\"https:\/\/www.suno.com.br\/noticias\/petrobras-petr4-presidente-adriano-pires-preco-gasolina\/\"},\"wordCount\":649,\"publisher\":{\"@id\":\"https:\/\/www.suno.com.br\/noticias\/#organization\"},\"image\":{\"@id\":\"https:\/\/www.suno.com.br\/noticias\/petrobras-petr4-presidente-adriano-pires-preco-gasolina\/#primaryimage\"},\"thumbnailUrl\":\"https:\/\/files.sunoresearch.com.br\/n\/uploads\/2022\/03\/AdrianoPires2.jpg\",\"keywords\":[\"Jair Bolsonaro\",\"Joaquim Silva e Luna\",\"Petrobras (PETR4)\"],\"articleSection\":[\"Neg\u00f3cios\"],\"inLanguage\":\"pt-BR\"},{\"@type\":\"WebPage\",\"@id\":\"https:\/\/www.suno.com.br\/noticias\/petrobras-petr4-presidente-adriano-pires-preco-gasolina\/\",\"url\":\"https:\/\/www.suno.com.br\/noticias\/petrobras-petr4-presidente-adriano-pires-preco-gasolina\/\",\"name\":\"Petrobras (PETR4): Adriano Pires defende manter paridade internacional\",\"isPartOf\":{\"@id\":\"https:\/\/www.suno.com.br\/noticias\/#website\"},\"primaryImageOfPage\":{\"@id\":\"https:\/\/www.suno.com.br\/noticias\/petrobras-petr4-presidente-adriano-pires-preco-gasolina\/#primaryimage\"},\"image\":{\"@id\":\"https:\/\/www.suno.com.br\/noticias\/petrobras-petr4-presidente-adriano-pires-preco-gasolina\/#primaryimage\"},\"thumbnailUrl\":\"https:\/\/files.sunoresearch.com.br\/n\/uploads\/2022\/03\/AdrianoPires2.jpg\",\"datePublished\":\"2022-03-29T13:06:34+00:00\",\"dateModified\":\"2022-03-29T13:10:02+00:00\",\"description\":\"Em entrevista ao Estad\u00e3o, Adriano Pires citou que paridade internacional deve ser mantida e defendeu subs\u00eddio. Clique aqui e leia mais.\",\"breadcrumb\":{\"@id\":\"https:\/\/www.suno.com.br\/noticias\/petrobras-petr4-presidente-adriano-pires-preco-gasolina\/#breadcrumb\"},\"inLanguage\":\"pt-BR\",\"potentialAction\":[{\"@type\":\"ReadAction\",\"target\":[\"https:\/\/www.suno.com.br\/noticias\/petrobras-petr4-presidente-adriano-pires-preco-gasolina\/\"]}]},{\"@type\":\"ImageObject\",\"inLanguage\":\"pt-BR\",\"@id\":\"https:\/\/www.suno.com.br\/noticias\/petrobras-petr4-presidente-adriano-pires-preco-gasolina\/#primaryimage\",\"url\":\"https:\/\/files.sunoresearch.com.br\/n\/uploads\/2022\/03\/AdrianoPires2.jpg\",\"contentUrl\":\"https:\/\/files.sunoresearch.com.br\/n\/uploads\/2022\/03\/AdrianoPires2.jpg\",\"width\":2048,\"height\":1363,\"caption\":\"Adriano Pires, nomeado a presidente, defende mater paridade internacional. Foto: Geraldo Magela\/Ag\u00eancia Senado\"},{\"@type\":\"BreadcrumbList\",\"@id\":\"https:\/\/www.suno.com.br\/noticias\/petrobras-petr4-presidente-adriano-pires-preco-gasolina\/#breadcrumb\",\"itemListElement\":[{\"@type\":\"ListItem\",\"position\":1,\"name\":\"Not\u00edcias\",\"item\":\"https:\/\/www.suno.com.br\/noticias\/\"},{\"@type\":\"ListItem\",\"position\":2,\"name\":\"Neg\u00f3cios\",\"item\":\"https:\/\/www.suno.com.br\/noticias\/negocios\/\"},{\"@type\":\"ListItem\",\"position\":3,\"name\":\"Petrobras (PETR4): &#8216;Se algu\u00e9m segurar pre\u00e7o de combust\u00edvel est\u00e1 colocando o seu CPF na mesa&#8217;, diz Pires\"}]},{\"@type\":\"WebSite\",\"@id\":\"https:\/\/www.suno.com.br\/noticias\/#website\",\"url\":\"https:\/\/www.suno.com.br\/noticias\/\",\"name\":\"Suno Not\u00edcias\",\"description\":\"Seu portal de informa\u00e7\u00e3o sobre o mundo dos investimentos\",\"publisher\":{\"@id\":\"https:\/\/www.suno.com.br\/noticias\/#organization\"},\"potentialAction\":[{\"@type\":\"SearchAction\",\"target\":{\"@type\":\"EntryPoint\",\"urlTemplate\":\"https:\/\/www.suno.com.br\/noticias\/?s={search_term_string}\"},\"query-input\":{\"@type\":\"PropertyValueSpecification\",\"valueRequired\":true,\"valueName\":\"search_term_string\"}}],\"inLanguage\":\"pt-BR\"},{\"@type\":\"Organization\",\"@id\":\"https:\/\/www.suno.com.br\/noticias\/#organization\",\"name\":\"Suno Not\u00edcias\",\"url\":\"https:\/\/www.suno.com.br\/noticias\/\",\"logo\":{\"@type\":\"ImageObject\",\"inLanguage\":\"pt-BR\",\"@id\":\"https:\/\/www.suno.com.br\/noticias\/#\/schema\/logo\/image\/\",\"url\":\"https:\/\/files.sunoresearch.com.br\/n\/uploads\/2021\/09\/suno-logo.png\",\"contentUrl\":\"https:\/\/files.sunoresearch.com.br\/n\/uploads\/2021\/09\/suno-logo.png\",\"width\":180,\"height\":180,\"caption\":\"Suno Not\u00edcias\"},\"image\":{\"@id\":\"https:\/\/www.suno.com.br\/noticias\/#\/schema\/logo\/image\/\"},\"sameAs\":[\"https:\/\/facebook.com\/sunoresearch\",\"https:\/\/x.com\/sunoresearch\",\"https:\/\/www.instagram.com\/suno\",\"https:\/\/www.linkedin.com\/company\/suno-research\/\",\"https:\/\/www.youtube.com\/c\/sunoresearch\"]},{\"@type\":\"Person\",\"@id\":\"https:\/\/www.suno.com.br\/noticias\/#\/schema\/person\/7f4d362bf3518e76090143ae77bb49a5\",\"name\":\"Eduardo Vargas\",\"image\":{\"@type\":\"ImageObject\",\"inLanguage\":\"pt-BR\",\"@id\":\"https:\/\/www.suno.com.br\/noticias\/#\/schema\/person\/image\/\",\"url\":\"https:\/\/secure.gravatar.com\/avatar\/dac340933427a22924c9f99d1eb2e3f2?s=96&r=g\",\"contentUrl\":\"https:\/\/secure.gravatar.com\/avatar\/dac340933427a22924c9f99d1eb2e3f2?s=96&r=g\",\"caption\":\"Eduardo Vargas\"},\"description\":\"Jornalista formado pela UFSC, cobre macroeconomia, neg\u00f3cios e startups para o Suno Not\u00edcias, escrevendo principalmente not\u00edcias sobre o mercado financeiro e a bolsa de valores. No YouTube e no Instagram, \u00e9 respons\u00e1vel pela produ\u00e7\u00e3o de Reels e Shorts do Suno Not\u00edcias. Anteriormente, trabalhou cobrindo economia e cotidiano no ND+ e para o ND, maior jornal impresso de Santa Catarina. Cursou um semestre letivo de Estudos de M\u00eddia na Universidad de Buenos Aires.\",\"url\":\"https:\/\/www.suno.com.br\/noticias\/author\/eduardo-vargas\/\"}]}<\/script>\n<!-- \/ Yoast SEO plugin. -->","yoast_head_json":{"title":"Petrobras (PETR4): Adriano Pires defende manter paridade internacional","description":"Em entrevista ao Estad\u00e3o, Adriano Pires citou que paridade internacional deve ser mantida e defendeu subs\u00eddio. Clique aqui e leia mais.","robots":{"index":"index","follow":"follow","max-snippet":"max-snippet:-1","max-image-preview":"max-image-preview:large","max-video-preview":"max-video-preview:-1"},"canonical":"https:\/\/www.suno.com.br\/noticias\/petrobras-petr4-presidente-adriano-pires-preco-gasolina\/","og_locale":"pt_BR","og_type":"article","og_title":"Petrobras (PETR4): Adriano Pires defende manter paridade internacional","og_description":"Em entrevista ao Estad\u00e3o, Adriano Pires citou que paridade internacional deve ser mantida e defendeu subs\u00eddio. Clique aqui e leia mais.","og_url":"https:\/\/www.suno.com.br\/noticias\/petrobras-petr4-presidente-adriano-pires-preco-gasolina\/","og_site_name":"Suno Not\u00edcias","article_publisher":"https:\/\/facebook.com\/sunoresearch","og_image":[{"width":2048,"height":1363,"url":"https:\/\/files.sunoresearch.com.br\/n\/uploads\/2022\/03\/AdrianoPires2.jpg","type":"image\/jpeg"}],"author":"Eduardo Vargas","twitter_card":"summary_large_image","twitter_creator":"@sunoresearch","twitter_site":"@sunoresearch","twitter_misc":{"Escrito por":"Eduardo Vargas","Est. tempo de leitura":"3 minutos"},"schema":{"@context":"https:\/\/schema.org","@graph":[{"@type":"NewsArticle","@id":"https:\/\/www.suno.com.br\/noticias\/petrobras-petr4-presidente-adriano-pires-preco-gasolina\/#article","isPartOf":{"@id":"https:\/\/www.suno.com.br\/noticias\/petrobras-petr4-presidente-adriano-pires-preco-gasolina\/"},"author":{"name":"Eduardo Vargas","@id":"https:\/\/www.suno.com.br\/noticias\/#\/schema\/person\/7f4d362bf3518e76090143ae77bb49a5"},"headline":"Petrobras (PETR4): &#8216;Se algu\u00e9m segurar pre\u00e7o de combust\u00edvel est\u00e1 colocando o seu CPF na mesa&#8217;, diz Pires","datePublished":"2022-03-29T13:06:34+00:00","dateModified":"2022-03-29T13:10:02+00:00","mainEntityOfPage":{"@id":"https:\/\/www.suno.com.br\/noticias\/petrobras-petr4-presidente-adriano-pires-preco-gasolina\/"},"wordCount":649,"publisher":{"@id":"https:\/\/www.suno.com.br\/noticias\/#organization"},"image":{"@id":"https:\/\/www.suno.com.br\/noticias\/petrobras-petr4-presidente-adriano-pires-preco-gasolina\/#primaryimage"},"thumbnailUrl":"https:\/\/files.sunoresearch.com.br\/n\/uploads\/2022\/03\/AdrianoPires2.jpg","keywords":["Jair Bolsonaro","Joaquim Silva e Luna","Petrobras (PETR4)"],"articleSection":["Neg\u00f3cios"],"inLanguage":"pt-BR"},{"@type":"WebPage","@id":"https:\/\/www.suno.com.br\/noticias\/petrobras-petr4-presidente-adriano-pires-preco-gasolina\/","url":"https:\/\/www.suno.com.br\/noticias\/petrobras-petr4-presidente-adriano-pires-preco-gasolina\/","name":"Petrobras (PETR4): Adriano Pires defende manter paridade internacional","isPartOf":{"@id":"https:\/\/www.suno.com.br\/noticias\/#website"},"primaryImageOfPage":{"@id":"https:\/\/www.suno.com.br\/noticias\/petrobras-petr4-presidente-adriano-pires-preco-gasolina\/#primaryimage"},"image":{"@id":"https:\/\/www.suno.com.br\/noticias\/petrobras-petr4-presidente-adriano-pires-preco-gasolina\/#primaryimage"},"thumbnailUrl":"https:\/\/files.sunoresearch.com.br\/n\/uploads\/2022\/03\/AdrianoPires2.jpg","datePublished":"2022-03-29T13:06:34+00:00","dateModified":"2022-03-29T13:10:02+00:00","description":"Em entrevista ao Estad\u00e3o, Adriano Pires citou que paridade internacional deve ser mantida e defendeu subs\u00eddio. Clique aqui e leia mais.","breadcrumb":{"@id":"https:\/\/www.suno.com.br\/noticias\/petrobras-petr4-presidente-adriano-pires-preco-gasolina\/#breadcrumb"},"inLanguage":"pt-BR","potentialAction":[{"@type":"ReadAction","target":["https:\/\/www.suno.com.br\/noticias\/petrobras-petr4-presidente-adriano-pires-preco-gasolina\/"]}]},{"@type":"ImageObject","inLanguage":"pt-BR","@id":"https:\/\/www.suno.com.br\/noticias\/petrobras-petr4-presidente-adriano-pires-preco-gasolina\/#primaryimage","url":"https:\/\/files.sunoresearch.com.br\/n\/uploads\/2022\/03\/AdrianoPires2.jpg","contentUrl":"https:\/\/files.sunoresearch.com.br\/n\/uploads\/2022\/03\/AdrianoPires2.jpg","width":2048,"height":1363,"caption":"Adriano Pires, nomeado a presidente, defende mater paridade internacional. Foto: Geraldo Magela\/Ag\u00eancia Senado"},{"@type":"BreadcrumbList","@id":"https:\/\/www.suno.com.br\/noticias\/petrobras-petr4-presidente-adriano-pires-preco-gasolina\/#breadcrumb","itemListElement":[{"@type":"ListItem","position":1,"name":"Not\u00edcias","item":"https:\/\/www.suno.com.br\/noticias\/"},{"@type":"ListItem","position":2,"name":"Neg\u00f3cios","item":"https:\/\/www.suno.com.br\/noticias\/negocios\/"},{"@type":"ListItem","position":3,"name":"Petrobras (PETR4): &#8216;Se algu\u00e9m segurar pre\u00e7o de combust\u00edvel est\u00e1 colocando o seu CPF na mesa&#8217;, diz Pires"}]},{"@type":"WebSite","@id":"https:\/\/www.suno.com.br\/noticias\/#website","url":"https:\/\/www.suno.com.br\/noticias\/","name":"Suno Not\u00edcias","description":"Seu portal de informa\u00e7\u00e3o sobre o mundo dos investimentos","publisher":{"@id":"https:\/\/www.suno.com.br\/noticias\/#organization"},"potentialAction":[{"@type":"SearchAction","target":{"@type":"EntryPoint","urlTemplate":"https:\/\/www.suno.com.br\/noticias\/?s={search_term_string}"},"query-input":{"@type":"PropertyValueSpecification","valueRequired":true,"valueName":"search_term_string"}}],"inLanguage":"pt-BR"},{"@type":"Organization","@id":"https:\/\/www.suno.com.br\/noticias\/#organization","name":"Suno Not\u00edcias","url":"https:\/\/www.suno.com.br\/noticias\/","logo":{"@type":"ImageObject","inLanguage":"pt-BR","@id":"https:\/\/www.suno.com.br\/noticias\/#\/schema\/logo\/image\/","url":"https:\/\/files.sunoresearch.com.br\/n\/uploads\/2021\/09\/suno-logo.png","contentUrl":"https:\/\/files.sunoresearch.com.br\/n\/uploads\/2021\/09\/suno-logo.png","width":180,"height":180,"caption":"Suno Not\u00edcias"},"image":{"@id":"https:\/\/www.suno.com.br\/noticias\/#\/schema\/logo\/image\/"},"sameAs":["https:\/\/facebook.com\/sunoresearch","https:\/\/x.com\/sunoresearch","https:\/\/www.instagram.com\/suno","https:\/\/www.linkedin.com\/company\/suno-research\/","https:\/\/www.youtube.com\/c\/sunoresearch"]},{"@type":"Person","@id":"https:\/\/www.suno.com.br\/noticias\/#\/schema\/person\/7f4d362bf3518e76090143ae77bb49a5","name":"Eduardo Vargas","image":{"@type":"ImageObject","inLanguage":"pt-BR","@id":"https:\/\/www.suno.com.br\/noticias\/#\/schema\/person\/image\/","url":"https:\/\/secure.gravatar.com\/avatar\/dac340933427a22924c9f99d1eb2e3f2?s=96&r=g","contentUrl":"https:\/\/secure.gravatar.com\/avatar\/dac340933427a22924c9f99d1eb2e3f2?s=96&r=g","caption":"Eduardo Vargas"},"description":"Jornalista formado pela UFSC, cobre macroeconomia, neg\u00f3cios e startups para o Suno Not\u00edcias, escrevendo principalmente not\u00edcias sobre o mercado financeiro e a bolsa de valores. No YouTube e no Instagram, \u00e9 respons\u00e1vel pela produ\u00e7\u00e3o de Reels e Shorts do Suno Not\u00edcias. Anteriormente, trabalhou cobrindo economia e cotidiano no ND+ e para o ND, maior jornal impresso de Santa Catarina. Cursou um semestre letivo de Estudos de M\u00eddia na Universidad de Buenos Aires.","url":"https:\/\/www.suno.com.br\/noticias\/author\/eduardo-vargas\/"}]}},"default_loop_html":"<div class=\"cardsPage__listCard__boxs\"><div class=\"cardsPage__listCard__boxs__img\"><a href=\"https:\/\/www.suno.com.br\/noticias\/petrobras-petr4-presidente-adriano-pires-preco-gasolina\/\"><img class=\"mask\" src=\"https:\/\/www.suno.com.br\/noticias\/wp-content\/themes\/suno\/resources\/images\/spotlight\/spotlight1img\/bg-mask.png\" alt=\"Image Mask\"\/><img src=\"https:\/\/files.sunoresearch.com.br\/n\/uploads\/2022\/03\/AdrianoPires2-400x200.jpg\" alt=\"Petrobras (PETR4): &#8216;Se algu\u00e9m segurar pre\u00e7o de combust\u00edvel est\u00e1 colocando o seu CPF na mesa&#8217;, diz Pires\"\/><\/a><span class=\"spotlightCategory\"><a href=\"https:\/\/www.suno.com.br\/noticias\/negocios\/\">Neg\u00f3cios<\/a><\/span><\/div><div class=\"cardsPage__listCard__boxs__content\"><a href=\"https:\/\/www.suno.com.br\/noticias\/petrobras-petr4-presidente-adriano-pires-preco-gasolina\/\"><h2 class=\"content__title\">Petrobras (PETR4): &#8216;Se algu\u00e9m segurar pre\u00e7o de combust\u00edvel est\u00e1 colocando o seu CPF na mesa&#8217;, diz Pires<\/h2><\/a><div class=\"newsContent__article__meta\"><div class=\"newsContent__article__meta__authorBox\"><a href=\"https:\/\/www.suno.com.br\/noticias\/author\/eduardo-vargas\/\" class=\"authorBox__avatar noMobi\"><img src=\"https:\/\/secure.gravatar.com\/avatar\/dac340933427a22924c9f99d1eb2e3f2?s=96&#038;r=g\" alt=\"Eduardo Vargas\"><\/a><div class=\"authorBox__name\"><span>por\n\t\t\t<a href=\"https:\/\/www.suno.com.br\/noticias\/author\/eduardo-vargas\/\"><span itemprop=\"author\">Eduardo Vargas<\/span><\/a><\/span><time datetime=\"2022-03-29T10:06:34-03:00\" itemprop=\"datePublished\">29\/03\/2022 10:06<\/time><\/div><\/div><\/div><\/div><\/div>","single_layout":"posts","amp_enabled":true,"_links":{"self":[{"href":"https:\/\/www.suno.com.br\/noticias\/wp-json\/wp\/v2\/posts\/245861"}],"collection":[{"href":"https:\/\/www.suno.com.br\/noticias\/wp-json\/wp\/v2\/posts"}],"about":[{"href":"https:\/\/www.suno.com.br\/noticias\/wp-json\/wp\/v2\/types\/post"}],"author":[{"embeddable":true,"href":"https:\/\/www.suno.com.br\/noticias\/wp-json\/wp\/v2\/users\/73"}],"replies":[{"embeddable":true,"href":"https:\/\/www.suno.com.br\/noticias\/wp-json\/wp\/v2\/comments?post=245861"}],"version-history":[{"count":3,"href":"https:\/\/www.suno.com.br\/noticias\/wp-json\/wp\/v2\/posts\/245861\/revisions"}],"predecessor-version":[{"id":245909,"href":"https:\/\/www.suno.com.br\/noticias\/wp-json\/wp\/v2\/posts\/245861\/revisions\/245909"}],"wp:featuredmedia":[{"embeddable":true,"href":"https:\/\/www.suno.com.br\/noticias\/wp-json\/wp\/v2\/media\/245905"}],"wp:attachment":[{"href":"https:\/\/www.suno.com.br\/noticias\/wp-json\/wp\/v2\/media?parent=245861"}],"wp:term":[{"taxonomy":"category","embeddable":true,"href":"https:\/\/www.suno.com.br\/noticias\/wp-json\/wp\/v2\/categories?post=245861"},{"taxonomy":"post_tag","embeddable":true,"href":"https:\/\/www.suno.com.br\/noticias\/wp-json\/wp\/v2\/tags?post=245861"},{"taxonomy":"suno_strategy","embeddable":true,"href":"https:\/\/www.suno.com.br\/noticias\/wp-json\/wp\/v2\/suno_strategy?post=245861"}],"curies":[{"name":"wp","href":"https:\/\/api.w.org\/{rel}","templated":true}]}}