{"id":24585,"date":"2019-05-15T08:28:18","date_gmt":"2019-05-15T11:28:18","guid":{"rendered":"https:\/\/www.suno.com.br\/noticias\/?p=24585"},"modified":"2019-05-15T08:28:18","modified_gmt":"2019-05-15T11:28:18","slug":"camara-convoca-ministro-explicar-cortes-educacao","status":"publish","type":"post","link":"https:\/\/www.suno.com.br\/noticias\/camara-convoca-ministro-explicar-cortes-educacao\/","title":{"rendered":"C\u00e2mara convoca ministro para explicar cortes na Educa\u00e7\u00e3o nesta quarta"},"content":{"rendered":"<p>O ministro <strong>Abraham Weintraub<\/strong> deve prestar esclarecimentos \u00e0 <strong>C\u00e2mara<\/strong> nesta quarta-feira (15) sobre os cortes na Educa\u00e7\u00e3o. Isso porque na ter\u00e7a-feira (14), a Casa aprovou um requerimento de <strong>convoca\u00e7\u00e3o<\/strong> ao l\u00edder do minist\u00e9rio. Em paralelo a isso, tamb\u00e9m est\u00e3o programados para esta quarta <strong>protestos<\/strong> contra os <strong>bloqueios<\/strong> no or\u00e7amento do setor anunciados pelo <strong>governo.<\/strong><\/p>\t<div class=\"wrapper-featured-image\">\n\t\t<figure class=\"spotlightImg\">\n\n\t\t\t<picture>\n\t\t\t\t<source media=\"(max-width: 768px)\" srcset=\"https:\/\/files.sunoresearch.com.br\/n\/uploads\/2019\/05\/9495b393-abraham-weintraub-400x200.webp\">\n\t\t\t\t<img loading=\"lazy\" decoding=\"async\" class=\"newsContent__article__imgCapa lazyloadDisabled newsContent__article__imgCapa--noCaption\" src=\"https:\/\/files.sunoresearch.com.br\/n\/uploads\/2019\/05\/9495b393-abraham-weintraub-800x450.webp\" width=\"800\" height=\"450\" alt=\"C\u00e2mara convoca ministro para explicar cortes na Educa\u00e7\u00e3o nesta quarta\" fetchpriority=high \/>\n\t\t\t<\/picture>\n\n\t\t\t<figcaption class=\"wp-caption-text wp-caption-text--hide\">O Banco Mundial anunciou na \u00faltima sexta-feira (30) que o ex-ministro da Educa\u00e7\u00e3o foi reeleito diretor executivo da institui\u00e7\u00e3o.<\/figcaption>\n\t\t<\/figure>\n\t<\/div>\n\n\n<p>A convoca\u00e7\u00e3o foi aprovada por 307 votos a 82. Dessa forma, apenas o <strong>PSL<\/strong> e o <strong>Novo<\/strong> orientaram os integrantes a votarem contra o requerimento. Ou seja, todos os outros partidos foram a favor das explica\u00e7\u00f5es de <strong>Weintraub<\/strong> sobre os <strong>cortes na Educa\u00e7\u00e3o.<\/strong><\/p>\n\t<p>\n\t\t<a href=\"https:\/\/lp.statusinvest.com.br\/ao\/assessoria-status-invest\/\" target=\"_blank\" data-element=\"shortcode-suno-banner\" title=\"Banner SUNO, clique e saiba mais\">\n\t\t\t<picture>\n\t\t\t\t<source media=\"(max-width: 500px)\" srcset=\"https:\/\/files.sunoresearch.com.br\/n\/uploads\/2024\/03\/400x300-Mobile.png\">\n\t\t\t\t<img class=\"newsContent__article__imgCapa newsContent__article__imgCapa--banner\"\n\t\t\t\t\tsrc=\"https:\/\/files.sunoresearch.com.br\/n\/uploads\/2024\/03\/1420x240-Desktop.png\"\n\t\t\t\t\tdata-promo-id=\"537248\"\t\t\t\t\t\t\t\t\t\twidth='1400' height='240'\t\t\t\t\talt=\"https:\/\/files.sunoresearch.com.br\/n\/uploads\/2024\/03\/1420x240-Desktop.png\"\n\t\t\t\t>\n\t\t\t<\/picture>\n\t\t<\/a>\n\t<\/p>\n\n\n<p><strong>Weintraub<\/strong> \u00e9 o primeiro ministro do <strong>governo Bolsonaro<\/strong> a ser convocado por uma das casas do <strong>Congresso<\/strong> a prestar esclarecimentos. De acordo com a Constitui\u00e7\u00e3o Federal, o ministro \u00e9 obrigado a comparecer \u00e0 C\u00e2mara. Assim sendo, se ele n\u00e3o for, est\u00e1 sujeito \u00e0 pena sob crime de responsabilidade.<\/p>\n<p>A l\u00edder do governo no Congresso, deputada <strong>Joice Hasselmann<\/strong> afirmou que a situa\u00e7\u00e3o n\u00e3o \u00e9 agrad\u00e1vel ao <strong>governo.<\/strong> Entretanto, a parlamentar afirmou que o ministro est\u00e1 preparado para sanar as d\u00favidas que surgirem na comiss\u00e3o.<\/p>\n<p><a href=\"https:\/\/www.suno.com.br\/noticias\/governo-bloqueia-orcamento-educacao\/\">Saiba Mais: Governo bloqueia R$ 29 bi no Or\u00e7amento; R$ 5,8 bilh\u00f5es s\u00f3 da Educa\u00e7\u00e3o<\/a><\/p>\n<p>&#8220;O <strong>ministro da Educa\u00e7\u00e3o<\/strong> \u00e9 bastante preparado para falar sobre o assunto. Eu acho que n\u00e3o vai haver problema nenhum. Claro que n\u00e3o \u00e9 nada agrad\u00e1vel voc\u00ea ter um ministro convocado em vez de convidado&#8221;, disse.<\/p>\n<h2>Desarticula\u00e7\u00e3o do governo<\/h2>\n<p>A decis\u00e3o da C\u00e2mara \u00e9 vista como mais uma derrota\u00a0ante o <strong>Congresso.<\/strong> O chamado <strong>Centr\u00e3o<\/strong> se recusou a encontrar com o presidente <strong>Jair Bolsonaro<\/strong> momentos antes da aprova\u00e7\u00e3o do requerimento sobre os <strong>cortes<\/strong> <strong>na Educa\u00e7\u00e3o.<\/strong><\/p>\n<p>Dessa forma, <strong>parlamentares<\/strong> destacaram mais uma vez a falta de organiza\u00e7\u00e3o e de articula\u00e7\u00e3o do governo. Um dos pontos questionados pelos deputados foi a aus\u00eancia de representantes da gest\u00e3o no momento da vota\u00e7\u00e3o.<\/p>\n<p>O l\u00edder do PSL, <strong>Delegado Waldir,<\/strong> o l\u00edder do governo na C\u00e2mara, <strong>Major Vitor Hugo,<\/strong> e a l\u00edder no Congresso, <strong>Joice Hasselmann,<\/strong> n\u00e3o compareceram ao plen\u00e1rio. Em contrapartida, o requerimento foi aprovado quase com a quantidade necess\u00e1ria de votos para ser aprovada uma <strong>PEC,<\/strong> ou seja, 308 votos.<\/p>\n<p><a href=\"https:\/\/www.suno.com.br\/noticias\/guedes-governo-previdencia-educacao\/\">Saiba Mais: Guedes: governo gasta 10 vezes mais com Previd\u00eancia que com educa\u00e7\u00e3o<\/a><\/p>\n<p>Caso a C\u00e2mara tivesse decidido por convidar <strong>Weintraub,<\/strong> o ministro n\u00e3o seria punido se n\u00e3o comparecesse \u00e0 reuni\u00e3o para explicar os <strong>cortes na Educa\u00e7\u00e3o.<\/strong> O l\u00edder da pasta agradeceu a convoca\u00e7\u00e3o feita pelo <strong>Congresso<\/strong> em entrevista \u00e0 r\u00e1dio &#8220;Jovem Pan&#8221;.<\/p>\n<p>&#8220;Eu quero agradecer ao <strong>Congresso<\/strong> pelo convite, muito importante. Inclusive, esses 307, foi com o voto de muitos partidos, acho que quase todos os partidos do <strong>governo<\/strong> me chamaram. Os n\u00fameros da <strong>educa\u00e7\u00e3o<\/strong> que a gente t\u00e1 vendo s\u00e3o frutos desses 18 anos de mentira atr\u00e1s de mentira, de falsidade atr\u00e1s de falsidade&#8221;, afirmou.<\/p>\n<h2>Cortes na Educa\u00e7\u00e3o<\/h2>\n<p>A convoca\u00e7\u00e3o do <strong>ministro<\/strong> ocorre depois da repercuss\u00e3o negativa do an\u00fancio do governo em <strong>bloquear<\/strong> um total de R$ 7,3 bilh\u00f5es no setor. Assim, o corte vai desde o ensino infantil \u00e0 p\u00f3s-gradua\u00e7\u00e3o.<\/p>\n<p>As medidas est\u00e3o dentro de um plano de contingenciamento de R$ 30 bilh\u00f5es do governo. No <strong><a href=\"http:\/\/portal.mec.gov.br\/index.php\">Minist\u00e9rio da Educa\u00e7\u00e3o<\/a>,\u00a0<\/strong>o corte atingiu 23% do or\u00e7amento da pasta.<\/p>\n<p><a href=\"https:\/\/www.suno.com.br\/noticias\/bolsonato-weintraub-ministerio-educacao\/\">Saiba Mais: Bolsonaro nomeia Abraham Weintraub para o Minist\u00e9rio da Educa\u00e7\u00e3o<\/a><\/p>\n<p>Por conta disso, protestos ocorrem nesta quarta-feira (15) por todo o Pa\u00eds contra os <strong>cortes na Educa\u00e7\u00e3o.<\/strong> As manifesta\u00e7\u00f5es est\u00e3o programadas para ocorrer em pelo menos 25 dos 26 estados e Distrito Federal brasileiros.<\/p>\n","protected":false},"excerpt":{"rendered":"<p>O ministro Abraham Weintraub deve prestar esclarecimentos \u00e0 C\u00e2mara nesta quarta-feira (15) sobre os cortes na Educa\u00e7\u00e3o. Isso porque na ter\u00e7a-feira (14), a Casa aprovou um requerimento de convoca\u00e7\u00e3o ao l\u00edder do minist\u00e9rio. Em paralelo a isso, tamb\u00e9m est\u00e3o programados para esta quarta protestos contra os bloqueios no or\u00e7amento do setor anunciados pelo governo. O [&hellip;]<\/p>\n","protected":false},"author":16,"featured_media":24591,"comment_status":"closed","ping_status":"closed","sticky":false,"template":"","format":"standard","meta":[],"categories":[61],"tags":[938,1174],"suno_strategy":[],"class_list":["post-24585","post","type-post","status-publish","format-standard","has-post-thumbnail","hentry","category-politica","tag-camara-dos-deputados","tag-ministerio-da-educacao"],"yoast_head":"<!-- This site is optimized with the Yoast SEO plugin v24.4 - https:\/\/yoast.com\/wordpress\/plugins\/seo\/ -->\n<title>C\u00e2mara convoca ministro para explicar cortes na Educa\u00e7\u00e3o nesta quarta<\/title>\n<meta name=\"description\" content=\"O ministro Abraham Weintarub dever\u00e1 comparecer \u00e0 C\u00e2mara para explicar os cortes na Educa\u00e7\u00e3o anunciados pelo governo. Clique e saiba mais.\" \/>\n<meta name=\"robots\" content=\"index, follow, max-snippet:-1, max-image-preview:large, max-video-preview:-1\" \/>\n<link rel=\"canonical\" href=\"https:\/\/www.suno.com.br\/noticias\/camara-convoca-ministro-explicar-cortes-educacao\/\" \/>\n<meta property=\"og:locale\" content=\"pt_BR\" \/>\n<meta property=\"og:type\" content=\"article\" \/>\n<meta property=\"og:title\" content=\"C\u00e2mara convoca ministro para explicar cortes na Educa\u00e7\u00e3o nesta quarta\" \/>\n<meta property=\"og:description\" content=\"O ministro Abraham Weintarub dever\u00e1 comparecer \u00e0 C\u00e2mara para explicar os cortes na Educa\u00e7\u00e3o anunciados pelo governo. Clique e saiba mais.\" \/>\n<meta property=\"og:url\" content=\"https:\/\/www.suno.com.br\/noticias\/camara-convoca-ministro-explicar-cortes-educacao\/\" \/>\n<meta property=\"og:site_name\" content=\"Suno Not\u00edcias\" \/>\n<meta property=\"article:publisher\" content=\"https:\/\/facebook.com\/sunoresearch\" \/>\n<meta property=\"og:image\" content=\"https:\/\/files.sunoresearch.com.br\/n\/uploads\/2019\/05\/9495b393-abraham-weintraub.jpg\" \/>\n\t<meta property=\"og:image:width\" content=\"1024\" \/>\n\t<meta property=\"og:image:height\" content=\"683\" \/>\n\t<meta property=\"og:image:type\" content=\"image\/jpeg\" \/>\n<meta name=\"author\" content=\"Beatriz Oliveira\" \/>\n<meta name=\"twitter:card\" content=\"summary_large_image\" \/>\n<meta name=\"twitter:creator\" content=\"@sunoresearch\" \/>\n<meta name=\"twitter:site\" content=\"@sunoresearch\" \/>\n<meta name=\"twitter:label1\" content=\"Escrito por\" \/>\n\t<meta name=\"twitter:data1\" content=\"Beatriz Oliveira\" \/>\n\t<meta name=\"twitter:label2\" content=\"Est. tempo de leitura\" \/>\n\t<meta name=\"twitter:data2\" content=\"3 minutos\" \/>\n<script type=\"application\/ld+json\" class=\"yoast-schema-graph\">{\"@context\":\"https:\/\/schema.org\",\"@graph\":[{\"@type\":\"NewsArticle\",\"@id\":\"https:\/\/www.suno.com.br\/noticias\/camara-convoca-ministro-explicar-cortes-educacao\/#article\",\"isPartOf\":{\"@id\":\"https:\/\/www.suno.com.br\/noticias\/camara-convoca-ministro-explicar-cortes-educacao\/\"},\"author\":{\"name\":\"Beatriz Oliveira\",\"@id\":\"https:\/\/www.suno.com.br\/noticias\/#\/schema\/person\/e67f665add014bf99f644028de070cc3\"},\"headline\":\"C\u00e2mara convoca ministro para explicar cortes na Educa\u00e7\u00e3o nesta quarta\",\"datePublished\":\"2019-05-15T11:28:18+00:00\",\"mainEntityOfPage\":{\"@id\":\"https:\/\/www.suno.com.br\/noticias\/camara-convoca-ministro-explicar-cortes-educacao\/\"},\"wordCount\":632,\"publisher\":{\"@id\":\"https:\/\/www.suno.com.br\/noticias\/#organization\"},\"image\":{\"@id\":\"https:\/\/www.suno.com.br\/noticias\/camara-convoca-ministro-explicar-cortes-educacao\/#primaryimage\"},\"thumbnailUrl\":\"https:\/\/files.sunoresearch.com.br\/n\/uploads\/2019\/05\/9495b393-abraham-weintraub-jpg.webp\",\"keywords\":[\"C\u00e2mara dos Deputados\",\"Minist\u00e9rio da Educa\u00e7\u00e3o\"],\"articleSection\":[\"Pol\u00edtica\"],\"inLanguage\":\"pt-BR\"},{\"@type\":\"WebPage\",\"@id\":\"https:\/\/www.suno.com.br\/noticias\/camara-convoca-ministro-explicar-cortes-educacao\/\",\"url\":\"https:\/\/www.suno.com.br\/noticias\/camara-convoca-ministro-explicar-cortes-educacao\/\",\"name\":\"C\u00e2mara convoca ministro para explicar cortes na Educa\u00e7\u00e3o nesta quarta\",\"isPartOf\":{\"@id\":\"https:\/\/www.suno.com.br\/noticias\/#website\"},\"primaryImageOfPage\":{\"@id\":\"https:\/\/www.suno.com.br\/noticias\/camara-convoca-ministro-explicar-cortes-educacao\/#primaryimage\"},\"image\":{\"@id\":\"https:\/\/www.suno.com.br\/noticias\/camara-convoca-ministro-explicar-cortes-educacao\/#primaryimage\"},\"thumbnailUrl\":\"https:\/\/files.sunoresearch.com.br\/n\/uploads\/2019\/05\/9495b393-abraham-weintraub-jpg.webp\",\"datePublished\":\"2019-05-15T11:28:18+00:00\",\"description\":\"O ministro Abraham Weintarub dever\u00e1 comparecer \u00e0 C\u00e2mara para explicar os cortes na Educa\u00e7\u00e3o anunciados pelo governo. Clique e saiba mais.\",\"breadcrumb\":{\"@id\":\"https:\/\/www.suno.com.br\/noticias\/camara-convoca-ministro-explicar-cortes-educacao\/#breadcrumb\"},\"inLanguage\":\"pt-BR\",\"potentialAction\":[{\"@type\":\"ReadAction\",\"target\":[\"https:\/\/www.suno.com.br\/noticias\/camara-convoca-ministro-explicar-cortes-educacao\/\"]}]},{\"@type\":\"ImageObject\",\"inLanguage\":\"pt-BR\",\"@id\":\"https:\/\/www.suno.com.br\/noticias\/camara-convoca-ministro-explicar-cortes-educacao\/#primaryimage\",\"url\":\"https:\/\/files.sunoresearch.com.br\/n\/uploads\/2019\/05\/9495b393-abraham-weintraub-jpg.webp\",\"contentUrl\":\"https:\/\/files.sunoresearch.com.br\/n\/uploads\/2019\/05\/9495b393-abraham-weintraub-jpg.webp\",\"width\":1024,\"height\":683,\"caption\":\"O Banco Mundial anunciou na \u00faltima sexta-feira (30) que o ex-ministro da Educa\u00e7\u00e3o foi reeleito diretor executivo da institui\u00e7\u00e3o.\"},{\"@type\":\"BreadcrumbList\",\"@id\":\"https:\/\/www.suno.com.br\/noticias\/camara-convoca-ministro-explicar-cortes-educacao\/#breadcrumb\",\"itemListElement\":[{\"@type\":\"ListItem\",\"position\":1,\"name\":\"Not\u00edcias\",\"item\":\"https:\/\/www.suno.com.br\/noticias\/\"},{\"@type\":\"ListItem\",\"position\":2,\"name\":\"Pol\u00edtica\",\"item\":\"https:\/\/www.suno.com.br\/noticias\/politica\/\"},{\"@type\":\"ListItem\",\"position\":3,\"name\":\"C\u00e2mara convoca ministro para explicar cortes na Educa\u00e7\u00e3o nesta quarta\"}]},{\"@type\":\"WebSite\",\"@id\":\"https:\/\/www.suno.com.br\/noticias\/#website\",\"url\":\"https:\/\/www.suno.com.br\/noticias\/\",\"name\":\"Suno Not\u00edcias\",\"description\":\"Seu portal de informa\u00e7\u00e3o sobre o mundo dos investimentos\",\"publisher\":{\"@id\":\"https:\/\/www.suno.com.br\/noticias\/#organization\"},\"potentialAction\":[{\"@type\":\"SearchAction\",\"target\":{\"@type\":\"EntryPoint\",\"urlTemplate\":\"https:\/\/www.suno.com.br\/noticias\/?s={search_term_string}\"},\"query-input\":{\"@type\":\"PropertyValueSpecification\",\"valueRequired\":true,\"valueName\":\"search_term_string\"}}],\"inLanguage\":\"pt-BR\"},{\"@type\":\"Organization\",\"@id\":\"https:\/\/www.suno.com.br\/noticias\/#organization\",\"name\":\"Suno Not\u00edcias\",\"url\":\"https:\/\/www.suno.com.br\/noticias\/\",\"logo\":{\"@type\":\"ImageObject\",\"inLanguage\":\"pt-BR\",\"@id\":\"https:\/\/www.suno.com.br\/noticias\/#\/schema\/logo\/image\/\",\"url\":\"https:\/\/files.sunoresearch.com.br\/n\/uploads\/2021\/09\/suno-logo.png\",\"contentUrl\":\"https:\/\/files.sunoresearch.com.br\/n\/uploads\/2021\/09\/suno-logo.png\",\"width\":180,\"height\":180,\"caption\":\"Suno Not\u00edcias\"},\"image\":{\"@id\":\"https:\/\/www.suno.com.br\/noticias\/#\/schema\/logo\/image\/\"},\"sameAs\":[\"https:\/\/facebook.com\/sunoresearch\",\"https:\/\/x.com\/sunoresearch\",\"https:\/\/www.instagram.com\/suno\",\"https:\/\/www.linkedin.com\/company\/suno-research\/\",\"https:\/\/www.youtube.com\/c\/sunoresearch\"]},{\"@type\":\"Person\",\"@id\":\"https:\/\/www.suno.com.br\/noticias\/#\/schema\/person\/e67f665add014bf99f644028de070cc3\",\"name\":\"Beatriz Oliveira\",\"image\":{\"@type\":\"ImageObject\",\"inLanguage\":\"pt-BR\",\"@id\":\"https:\/\/www.suno.com.br\/noticias\/#\/schema\/person\/image\/\",\"url\":\"https:\/\/secure.gravatar.com\/avatar\/c9aa6a0aaecc598d257d5d5bd349157d?s=96&r=g\",\"contentUrl\":\"https:\/\/secure.gravatar.com\/avatar\/c9aa6a0aaecc598d257d5d5bd349157d?s=96&r=g\",\"caption\":\"Beatriz Oliveira\"},\"description\":\"Formada em Jornalismo pela Faculdade Paulus de Tecnologia e Comunica\u00e7\u00e3o, Beatriz Oliveira escreve para o portal de not\u00edcias Suno Research. Antes, passou pelas reda\u00e7\u00f5es da Revista EXAME e da Rede Bandeirantes.\",\"url\":\"https:\/\/www.suno.com.br\/noticias\/author\/beatriz\/\"}]}<\/script>\n<!-- \/ Yoast SEO plugin. -->","yoast_head_json":{"title":"C\u00e2mara convoca ministro para explicar cortes na Educa\u00e7\u00e3o nesta quarta","description":"O ministro Abraham Weintarub dever\u00e1 comparecer \u00e0 C\u00e2mara para explicar os cortes na Educa\u00e7\u00e3o anunciados pelo governo. Clique e saiba mais.","robots":{"index":"index","follow":"follow","max-snippet":"max-snippet:-1","max-image-preview":"max-image-preview:large","max-video-preview":"max-video-preview:-1"},"canonical":"https:\/\/www.suno.com.br\/noticias\/camara-convoca-ministro-explicar-cortes-educacao\/","og_locale":"pt_BR","og_type":"article","og_title":"C\u00e2mara convoca ministro para explicar cortes na Educa\u00e7\u00e3o nesta quarta","og_description":"O ministro Abraham Weintarub dever\u00e1 comparecer \u00e0 C\u00e2mara para explicar os cortes na Educa\u00e7\u00e3o anunciados pelo governo. Clique e saiba mais.","og_url":"https:\/\/www.suno.com.br\/noticias\/camara-convoca-ministro-explicar-cortes-educacao\/","og_site_name":"Suno Not\u00edcias","article_publisher":"https:\/\/facebook.com\/sunoresearch","og_image":[{"width":1024,"height":683,"url":"https:\/\/files.sunoresearch.com.br\/n\/uploads\/2019\/05\/9495b393-abraham-weintraub.jpg","type":"image\/jpeg"}],"author":"Beatriz Oliveira","twitter_card":"summary_large_image","twitter_creator":"@sunoresearch","twitter_site":"@sunoresearch","twitter_misc":{"Escrito por":"Beatriz Oliveira","Est. tempo de leitura":"3 minutos"},"schema":{"@context":"https:\/\/schema.org","@graph":[{"@type":"NewsArticle","@id":"https:\/\/www.suno.com.br\/noticias\/camara-convoca-ministro-explicar-cortes-educacao\/#article","isPartOf":{"@id":"https:\/\/www.suno.com.br\/noticias\/camara-convoca-ministro-explicar-cortes-educacao\/"},"author":{"name":"Beatriz Oliveira","@id":"https:\/\/www.suno.com.br\/noticias\/#\/schema\/person\/e67f665add014bf99f644028de070cc3"},"headline":"C\u00e2mara convoca ministro para explicar cortes na Educa\u00e7\u00e3o nesta quarta","datePublished":"2019-05-15T11:28:18+00:00","mainEntityOfPage":{"@id":"https:\/\/www.suno.com.br\/noticias\/camara-convoca-ministro-explicar-cortes-educacao\/"},"wordCount":632,"publisher":{"@id":"https:\/\/www.suno.com.br\/noticias\/#organization"},"image":{"@id":"https:\/\/www.suno.com.br\/noticias\/camara-convoca-ministro-explicar-cortes-educacao\/#primaryimage"},"thumbnailUrl":"https:\/\/files.sunoresearch.com.br\/n\/uploads\/2019\/05\/9495b393-abraham-weintraub-jpg.webp","keywords":["C\u00e2mara dos Deputados","Minist\u00e9rio da Educa\u00e7\u00e3o"],"articleSection":["Pol\u00edtica"],"inLanguage":"pt-BR"},{"@type":"WebPage","@id":"https:\/\/www.suno.com.br\/noticias\/camara-convoca-ministro-explicar-cortes-educacao\/","url":"https:\/\/www.suno.com.br\/noticias\/camara-convoca-ministro-explicar-cortes-educacao\/","name":"C\u00e2mara convoca ministro para explicar cortes na Educa\u00e7\u00e3o nesta quarta","isPartOf":{"@id":"https:\/\/www.suno.com.br\/noticias\/#website"},"primaryImageOfPage":{"@id":"https:\/\/www.suno.com.br\/noticias\/camara-convoca-ministro-explicar-cortes-educacao\/#primaryimage"},"image":{"@id":"https:\/\/www.suno.com.br\/noticias\/camara-convoca-ministro-explicar-cortes-educacao\/#primaryimage"},"thumbnailUrl":"https:\/\/files.sunoresearch.com.br\/n\/uploads\/2019\/05\/9495b393-abraham-weintraub-jpg.webp","datePublished":"2019-05-15T11:28:18+00:00","description":"O ministro Abraham Weintarub dever\u00e1 comparecer \u00e0 C\u00e2mara para explicar os cortes na Educa\u00e7\u00e3o anunciados pelo governo. Clique e saiba mais.","breadcrumb":{"@id":"https:\/\/www.suno.com.br\/noticias\/camara-convoca-ministro-explicar-cortes-educacao\/#breadcrumb"},"inLanguage":"pt-BR","potentialAction":[{"@type":"ReadAction","target":["https:\/\/www.suno.com.br\/noticias\/camara-convoca-ministro-explicar-cortes-educacao\/"]}]},{"@type":"ImageObject","inLanguage":"pt-BR","@id":"https:\/\/www.suno.com.br\/noticias\/camara-convoca-ministro-explicar-cortes-educacao\/#primaryimage","url":"https:\/\/files.sunoresearch.com.br\/n\/uploads\/2019\/05\/9495b393-abraham-weintraub-jpg.webp","contentUrl":"https:\/\/files.sunoresearch.com.br\/n\/uploads\/2019\/05\/9495b393-abraham-weintraub-jpg.webp","width":1024,"height":683,"caption":"O Banco Mundial anunciou na \u00faltima sexta-feira (30) que o ex-ministro da Educa\u00e7\u00e3o foi reeleito diretor executivo da institui\u00e7\u00e3o."},{"@type":"BreadcrumbList","@id":"https:\/\/www.suno.com.br\/noticias\/camara-convoca-ministro-explicar-cortes-educacao\/#breadcrumb","itemListElement":[{"@type":"ListItem","position":1,"name":"Not\u00edcias","item":"https:\/\/www.suno.com.br\/noticias\/"},{"@type":"ListItem","position":2,"name":"Pol\u00edtica","item":"https:\/\/www.suno.com.br\/noticias\/politica\/"},{"@type":"ListItem","position":3,"name":"C\u00e2mara convoca ministro para explicar cortes na Educa\u00e7\u00e3o nesta quarta"}]},{"@type":"WebSite","@id":"https:\/\/www.suno.com.br\/noticias\/#website","url":"https:\/\/www.suno.com.br\/noticias\/","name":"Suno Not\u00edcias","description":"Seu portal de informa\u00e7\u00e3o sobre o mundo dos investimentos","publisher":{"@id":"https:\/\/www.suno.com.br\/noticias\/#organization"},"potentialAction":[{"@type":"SearchAction","target":{"@type":"EntryPoint","urlTemplate":"https:\/\/www.suno.com.br\/noticias\/?s={search_term_string}"},"query-input":{"@type":"PropertyValueSpecification","valueRequired":true,"valueName":"search_term_string"}}],"inLanguage":"pt-BR"},{"@type":"Organization","@id":"https:\/\/www.suno.com.br\/noticias\/#organization","name":"Suno Not\u00edcias","url":"https:\/\/www.suno.com.br\/noticias\/","logo":{"@type":"ImageObject","inLanguage":"pt-BR","@id":"https:\/\/www.suno.com.br\/noticias\/#\/schema\/logo\/image\/","url":"https:\/\/files.sunoresearch.com.br\/n\/uploads\/2021\/09\/suno-logo.png","contentUrl":"https:\/\/files.sunoresearch.com.br\/n\/uploads\/2021\/09\/suno-logo.png","width":180,"height":180,"caption":"Suno Not\u00edcias"},"image":{"@id":"https:\/\/www.suno.com.br\/noticias\/#\/schema\/logo\/image\/"},"sameAs":["https:\/\/facebook.com\/sunoresearch","https:\/\/x.com\/sunoresearch","https:\/\/www.instagram.com\/suno","https:\/\/www.linkedin.com\/company\/suno-research\/","https:\/\/www.youtube.com\/c\/sunoresearch"]},{"@type":"Person","@id":"https:\/\/www.suno.com.br\/noticias\/#\/schema\/person\/e67f665add014bf99f644028de070cc3","name":"Beatriz Oliveira","image":{"@type":"ImageObject","inLanguage":"pt-BR","@id":"https:\/\/www.suno.com.br\/noticias\/#\/schema\/person\/image\/","url":"https:\/\/secure.gravatar.com\/avatar\/c9aa6a0aaecc598d257d5d5bd349157d?s=96&r=g","contentUrl":"https:\/\/secure.gravatar.com\/avatar\/c9aa6a0aaecc598d257d5d5bd349157d?s=96&r=g","caption":"Beatriz Oliveira"},"description":"Formada em Jornalismo pela Faculdade Paulus de Tecnologia e Comunica\u00e7\u00e3o, Beatriz Oliveira escreve para o portal de not\u00edcias Suno Research. Antes, passou pelas reda\u00e7\u00f5es da Revista EXAME e da Rede Bandeirantes.","url":"https:\/\/www.suno.com.br\/noticias\/author\/beatriz\/"}]}},"default_loop_html":"<div class=\"cardsPage__listCard__boxs\"><div class=\"cardsPage__listCard__boxs__img\"><a href=\"https:\/\/www.suno.com.br\/noticias\/camara-convoca-ministro-explicar-cortes-educacao\/\"><img class=\"mask\" src=\"https:\/\/www.suno.com.br\/noticias\/wp-content\/themes\/suno\/resources\/images\/spotlight\/spotlight1img\/bg-mask.png\" alt=\"Image Mask\"\/><img src=\"https:\/\/files.sunoresearch.com.br\/n\/uploads\/2019\/05\/9495b393-abraham-weintraub-400x200.webp\" alt=\"C\u00e2mara convoca ministro para explicar cortes na Educa\u00e7\u00e3o nesta quarta\"\/><\/a><span class=\"spotlightCategory\"><a href=\"https:\/\/www.suno.com.br\/noticias\/politica\/\">Pol\u00edtica<\/a><\/span><\/div><div class=\"cardsPage__listCard__boxs__content\"><a href=\"https:\/\/www.suno.com.br\/noticias\/camara-convoca-ministro-explicar-cortes-educacao\/\"><h2 class=\"content__title\">C\u00e2mara convoca ministro para explicar cortes na Educa\u00e7\u00e3o nesta quarta<\/h2><\/a><div class=\"newsContent__article__meta\"><div class=\"newsContent__article__meta__authorBox\"><a href=\"https:\/\/www.suno.com.br\/noticias\/author\/beatriz\/\" class=\"authorBox__avatar noMobi\"><img src=\"https:\/\/secure.gravatar.com\/avatar\/c9aa6a0aaecc598d257d5d5bd349157d?s=96&#038;r=g\" alt=\"Beatriz Oliveira\"><\/a><div class=\"authorBox__name\"><span>por\n\t\t\t<a href=\"https:\/\/www.suno.com.br\/noticias\/author\/beatriz\/\"><span itemprop=\"author\">Beatriz Oliveira<\/span><\/a><\/span><time datetime=\"2019-05-15T08:28:18-03:00\" itemprop=\"datePublished\">15\/05\/2019 08:28<\/time><\/div><\/div><\/div><\/div><\/div>","single_layout":"posts","amp_enabled":true,"_links":{"self":[{"href":"https:\/\/www.suno.com.br\/noticias\/wp-json\/wp\/v2\/posts\/24585"}],"collection":[{"href":"https:\/\/www.suno.com.br\/noticias\/wp-json\/wp\/v2\/posts"}],"about":[{"href":"https:\/\/www.suno.com.br\/noticias\/wp-json\/wp\/v2\/types\/post"}],"author":[{"embeddable":true,"href":"https:\/\/www.suno.com.br\/noticias\/wp-json\/wp\/v2\/users\/16"}],"replies":[{"embeddable":true,"href":"https:\/\/www.suno.com.br\/noticias\/wp-json\/wp\/v2\/comments?post=24585"}],"version-history":[{"count":0,"href":"https:\/\/www.suno.com.br\/noticias\/wp-json\/wp\/v2\/posts\/24585\/revisions"}],"wp:featuredmedia":[{"embeddable":true,"href":"https:\/\/www.suno.com.br\/noticias\/wp-json\/wp\/v2\/media\/24591"}],"wp:attachment":[{"href":"https:\/\/www.suno.com.br\/noticias\/wp-json\/wp\/v2\/media?parent=24585"}],"wp:term":[{"taxonomy":"category","embeddable":true,"href":"https:\/\/www.suno.com.br\/noticias\/wp-json\/wp\/v2\/categories?post=24585"},{"taxonomy":"post_tag","embeddable":true,"href":"https:\/\/www.suno.com.br\/noticias\/wp-json\/wp\/v2\/tags?post=24585"},{"taxonomy":"suno_strategy","embeddable":true,"href":"https:\/\/www.suno.com.br\/noticias\/wp-json\/wp\/v2\/suno_strategy?post=24585"}],"curies":[{"name":"wp","href":"https:\/\/api.w.org\/{rel}","templated":true}]}}