{"id":24574,"date":"2019-05-14T20:52:55","date_gmt":"2019-05-14T23:52:55","guid":{"rendered":"https:\/\/www.suno.com.br\/noticias\/?p=24574"},"modified":"2019-05-14T20:52:55","modified_gmt":"2019-05-14T23:52:55","slug":"guedes-previsao-crescimento-pib","status":"publish","type":"post","link":"https:\/\/www.suno.com.br\/noticias\/guedes-previsao-crescimento-pib\/","title":{"rendered":"Guedes diminui previs\u00e3o de crescimento do PIB de 2019 para 1,5%"},"content":{"rendered":"<p>O ministro da Economia, Paulo Guedes, afirmou nesta ter\u00e7a-feira (14) que a economia est\u00e1 no &#8216;fundo do po\u00e7o&#8217; e que o Produto Interno Bruto (PIB) em 2019 deve ser de 1,5%. As declara\u00e7\u00f5es ocorreram durante a sua participa\u00e7\u00e3o na Comiss\u00e3o Mista de Or\u00e7amento do Congresso Nacional (CMO) nesta ter\u00e7a-feira (14).<\/p>\t<div class=\"wrapper-featured-image\">\n\t\t<figure class=\"spotlightImg\">\n\n\t\t\t<picture>\n\t\t\t\t<source media=\"(max-width: 768px)\" srcset=\"https:\/\/files.sunoresearch.com.br\/n\/uploads\/2019\/05\/e9a56df4-pib-400x200.webp\">\n\t\t\t\t<img loading=\"lazy\" decoding=\"async\" class=\"newsContent__article__imgCapa lazyloadDisabled newsContent__article__imgCapa--noCaption\" src=\"https:\/\/files.sunoresearch.com.br\/n\/uploads\/2019\/05\/e9a56df4-pib-800x450.webp\" width=\"800\" height=\"450\" alt=\"Guedes diminui previs\u00e3o de crescimento do PIB de 2019 para 1,5%\" fetchpriority=high \/>\n\t\t\t<\/picture>\n\n\t\t\t<figcaption class=\"wp-caption-text wp-caption-text--hide\">Guedes<\/figcaption>\n\t\t<\/figure>\n\t<\/div>\n\n\n<p>A previs\u00e3o do governo de <strong>Michel Temer<\/strong> para o <strong>PIB<\/strong> de 2019 era de crescimento de 2%.\u00a0&#8220;Voc\u00eas v\u00e3o ver que o crescimento, que era de 2% quando eles fizeram as primeiras simula\u00e7\u00f5es, j\u00e1 caiu para 1,5%. Quando cai para 1,5%, as receitas s\u00e3o menores ainda, e a\u00ed j\u00e1 come\u00e7am os planejamentos de contingenciamentos de verbas. J\u00e1 come\u00e7am as trajet\u00f3rias futuras de despesas a serem apertadas&#8221;, disse <strong>Guedes<\/strong>.<\/p>\n<p><a href=\"https:\/\/www.suno.com.br\/noticias\/goldman-sachs-industria-eleva-risco-de-pib-negativo-no-1o-tri\/\">Saiba mais:\u00a0Goldman Sachs: ind\u00fastria eleva risco de PIB negativo no 1\u00ba tri<\/a><\/p>\n<p>O ministro, por\u00e9m, n\u00e3o falou se essa revis\u00e3o seria anunciada formalmente no dia 22 de maio. Nessa data, o <strong>governo<\/strong> deve apresentar uma reavalia\u00e7\u00e3o da expectativa de receitas e despesas de 2019.\u00a0&#8220;O que n\u00f3s temos, efetivamente, \u00e9 a revis\u00e3o do <strong>PIB<\/strong>, que ser\u00e1 anunciada e que aponta para n\u00fameros abaixo de 2%&#8221;, disse o secret\u00e1rio.<\/p>\n<p><strong>Guedes<\/strong> tamb\u00e9m acrescentou que o <strong>Congresso<\/strong> tem &#8220;nas m\u00e3os&#8221; a oportunidade de tirar o Brasil do &#8220;fundo do po\u00e7o&#8221;, como ele se referiu a atual situa\u00e7\u00e3o do Pa\u00eds.<\/p>\n<p>&#8220;Independente de os mercados quererem que as coisas aconte\u00e7am rapidamente, nossa realidade \u00e9 que estamos no fundo do po\u00e7o. Est\u00e1 nas m\u00e3os da Casa nos tirar do fundo do po\u00e7o com equacionamento fiscal&#8221;<\/p>\n\t<p>\n\t\t<a href=\"https:\/\/www.seculus.com.br\/blackfriday\" target=\"_blank\" data-element=\"shortcode-suno-banner\" title=\"Banner SUNO, clique e saiba mais\">\n\t\t\t<picture>\n\t\t\t\t<source media=\"(max-width: 500px)\" srcset=\"https:\/\/files.sunoresearch.com.br\/n\/uploads\/2023\/11\/seculus_suno_mobile_3.jpg\">\n\t\t\t\t<img class=\"newsContent__article__imgCapa newsContent__article__imgCapa--banner\"\n\t\t\t\t\tsrc=\"https:\/\/files.sunoresearch.com.br\/n\/uploads\/2023\/11\/seculus_suno_desktop_3.jpg\"\n\t\t\t\t\tdata-promo-id=\"474124\"\t\t\t\t\t\t\t\t\t\twidth='1420' height='240'\t\t\t\t\talt=\"https:\/\/files.sunoresearch.com.br\/n\/uploads\/2023\/11\/seculus_suno_desktop_3.jpg\"\n\t\t\t\t>\n\t\t\t<\/picture>\n\t\t<\/a>\n\t<\/p>\n\n\n<h2>Copom<\/h2>\n<p>Mais cedo, o\u00a0<strong>Comit\u00ea de Pol\u00edtica Monet\u00e1ria<\/strong> (Copom) do <strong>Banco Central<\/strong> (BC) divulgou um relat\u00f3rio que afirma que a economia brasileira est\u00e1 crescendo abaixo do esperado.<\/p>\n<p><a href=\"https:\/\/www.suno.com.br\/noticias\/copom-ata-economia-pib-inflacao\/\">Saiba mais:\u00a0Em ata Copom afirma que economia brasileira avan\u00e7a abaixo do esperado<\/a><\/p>\n<p>&#8220;O<strong> Copom<\/strong> julga importante observar o comportamento da economia brasileira ao longo do tempo. Livre dos efeitos remanescente dos diversos choque a que foi submetido no ano passado. Em especial, com a redu\u00e7\u00e3o do grau de incerteza a que a economia brasileira continua exposta&#8221;, afirma o texto.<\/p>\n<p>O comit\u00ea informou ainda que o <strong>PIB<\/strong> do primeiro trimestre pode registrar uma recess\u00e3o.\u00a0&#8220;Os indicadores dispon\u00edveis sugerem probabilidade relevante de que o <strong>Produto Interno Bruto<\/strong> tenha recuado ligeiramente no primeiro trimestre do ano, na compara\u00e7\u00e3o com o trimestre anterior, ap\u00f3s considerados os padr\u00f5es sazonais&#8221;, informa a ata.<\/p>\n\t<p>\n\t\t<a href=\"https:\/\/www.seculus.com.br\/blackfriday\" target=\"_blank\" data-element=\"shortcode-suno-banner\" title=\"Banner SUNO, clique e saiba mais\">\n\t\t\t<picture>\n\t\t\t\t<source media=\"(max-width: 500px)\" srcset=\"https:\/\/files.sunoresearch.com.br\/n\/uploads\/2023\/11\/seculus_suno_mobile_3.jpg\">\n\t\t\t\t<img class=\"newsContent__article__imgCapa newsContent__article__imgCapa--banner\"\n\t\t\t\t\tsrc=\"https:\/\/files.sunoresearch.com.br\/n\/uploads\/2023\/11\/seculus_suno_desktop_3.jpg\"\n\t\t\t\t\tdata-promo-id=\"474124\"\t\t\t\t\t\t\t\t\t\twidth='1420' height='240'\t\t\t\t\talt=\"https:\/\/files.sunoresearch.com.br\/n\/uploads\/2023\/11\/seculus_suno_desktop_3.jpg\"\n\t\t\t\t>\n\t\t\t<\/picture>\n\t\t<\/a>\n\t<\/p>\n\n\n<p>No\u00a0<strong>Boletim Focus<\/strong>\u00a0divulgado na \u00faltima segunda-feira (13), os economistas entrevistados pelo BC\u00a0reduziram pela 11\u00aa vez a previs\u00e3o de crescimento do\u00a0<strong>PIB<\/strong>\u00a0em 2019. A expans\u00e3o da<strong> economia brasileira<\/strong> para este ano est\u00e1 prevista em 1,45%.<\/p>\n<h2>Ita\u00fa e Bradesco<\/h2>\n<p>Diante do cen\u00e1rio negativo, outras institui\u00e7\u00f5es, como o <strong>Ita\u00fa<\/strong> e o <strong>Bradesco<\/strong> tamb\u00e9m diminu\u00edram as expectativas para 2019. O Ita\u00fa abaixou as proje\u00e7\u00f5es de 1,3% para 1%.<\/p>\n<p><a href=\"https:\/\/www.suno.com.br\/noticias\/itau-estimativa-pib\/\">Saiba mais:\u00a0Ita\u00fa piora estimativa para PIB em 2019 e 2020<\/a><\/p>\n<p>J\u00e1 o <strong>Bradesco<\/strong> cortou a previs\u00e3o do PIB de 1,9% para 1,0%.De acordo com economistas do banco, &#8220;o ritmo de expans\u00e3o no come\u00e7o de ano ficou aqu\u00e9m do esperado\u201d<\/p>\n","protected":false},"excerpt":{"rendered":"<p>O ministro da Economia, Paulo Guedes, afirmou nesta ter\u00e7a-feira (14) que a economia est\u00e1 no &#8216;fundo do po\u00e7o&#8217; e que o Produto Interno Bruto (PIB) em 2019 deve ser de 1,5%. As declara\u00e7\u00f5es ocorreram durante a sua participa\u00e7\u00e3o na Comiss\u00e3o Mista de Or\u00e7amento do Congresso Nacional (CMO) nesta ter\u00e7a-feira (14). Guedes A previs\u00e3o do governo [&hellip;]<\/p>\n","protected":false},"author":14,"featured_media":24575,"comment_status":"closed","ping_status":"closed","sticky":false,"template":"","format":"standard","meta":[],"categories":[62],"tags":[901,796,807],"suno_strategy":[],"class_list":["post-24574","post","type-post","status-publish","format-standard","has-post-thumbnail","hentry","category-economia","tag-congresso-nacional","tag-paulo-guedes","tag-produto-interno-bruto-pib"],"yoast_head":"<!-- This site is optimized with the Yoast SEO plugin v24.4 - https:\/\/yoast.com\/wordpress\/plugins\/seo\/ -->\n<title>Guedes diminui previs\u00e3o de crescimento do PIB de 2019 para 1,5%<\/title>\n<meta name=\"description\" content=\"A previs\u00e3o do governo do ex-presidente Michel Temer para o PIB de 2019 era de crescimento de 2%. Clique aqui para saber mais.\" \/>\n<meta name=\"robots\" content=\"index, follow, max-snippet:-1, max-image-preview:large, max-video-preview:-1\" \/>\n<link rel=\"canonical\" href=\"https:\/\/www.suno.com.br\/noticias\/guedes-previsao-crescimento-pib\/\" \/>\n<meta property=\"og:locale\" content=\"pt_BR\" \/>\n<meta property=\"og:type\" content=\"article\" \/>\n<meta property=\"og:title\" content=\"Guedes diminui previs\u00e3o de crescimento do PIB de 2019 para 1,5%\" \/>\n<meta property=\"og:description\" content=\"A previs\u00e3o do governo do ex-presidente Michel Temer para o PIB de 2019 era de crescimento de 2%. Clique aqui para saber mais.\" \/>\n<meta property=\"og:url\" content=\"https:\/\/www.suno.com.br\/noticias\/guedes-previsao-crescimento-pib\/\" \/>\n<meta property=\"og:site_name\" content=\"Suno Not\u00edcias\" \/>\n<meta property=\"article:publisher\" content=\"https:\/\/facebook.com\/sunoresearch\" \/>\n<meta property=\"og:image\" content=\"https:\/\/files.sunoresearch.com.br\/n\/uploads\/2019\/05\/e9a56df4-pib.jpg\" \/>\n\t<meta property=\"og:image:width\" content=\"1140\" \/>\n\t<meta property=\"og:image:height\" content=\"760\" \/>\n\t<meta property=\"og:image:type\" content=\"image\/jpeg\" \/>\n<meta name=\"author\" content=\"Renan Dantas\" \/>\n<meta name=\"twitter:card\" content=\"summary_large_image\" \/>\n<meta name=\"twitter:creator\" content=\"@sunoresearch\" \/>\n<meta name=\"twitter:site\" content=\"@sunoresearch\" \/>\n<meta name=\"twitter:label1\" content=\"Escrito por\" \/>\n\t<meta name=\"twitter:data1\" content=\"Renan Dantas\" \/>\n\t<meta name=\"twitter:label2\" content=\"Est. tempo de leitura\" \/>\n\t<meta name=\"twitter:data2\" content=\"3 minutos\" \/>\n<script type=\"application\/ld+json\" class=\"yoast-schema-graph\">{\"@context\":\"https:\/\/schema.org\",\"@graph\":[{\"@type\":\"NewsArticle\",\"@id\":\"https:\/\/www.suno.com.br\/noticias\/guedes-previsao-crescimento-pib\/#article\",\"isPartOf\":{\"@id\":\"https:\/\/www.suno.com.br\/noticias\/guedes-previsao-crescimento-pib\/\"},\"author\":{\"name\":\"Renan Dantas\",\"@id\":\"https:\/\/www.suno.com.br\/noticias\/#\/schema\/person\/3f7693d5795a3f6d5ce15309ee785699\"},\"headline\":\"Guedes diminui previs\u00e3o de crescimento do PIB de 2019 para 1,5%\",\"datePublished\":\"2019-05-14T23:52:55+00:00\",\"mainEntityOfPage\":{\"@id\":\"https:\/\/www.suno.com.br\/noticias\/guedes-previsao-crescimento-pib\/\"},\"wordCount\":535,\"publisher\":{\"@id\":\"https:\/\/www.suno.com.br\/noticias\/#organization\"},\"image\":{\"@id\":\"https:\/\/www.suno.com.br\/noticias\/guedes-previsao-crescimento-pib\/#primaryimage\"},\"thumbnailUrl\":\"https:\/\/files.sunoresearch.com.br\/n\/uploads\/2019\/05\/e9a56df4-pib-jpg.webp\",\"keywords\":[\"Congresso Nacional\",\"Paulo Guedes\",\"Produto Interno Bruto (PIB)\"],\"articleSection\":[\"Economia\"],\"inLanguage\":\"pt-BR\"},{\"@type\":\"WebPage\",\"@id\":\"https:\/\/www.suno.com.br\/noticias\/guedes-previsao-crescimento-pib\/\",\"url\":\"https:\/\/www.suno.com.br\/noticias\/guedes-previsao-crescimento-pib\/\",\"name\":\"Guedes diminui previs\u00e3o de crescimento do PIB de 2019 para 1,5%\",\"isPartOf\":{\"@id\":\"https:\/\/www.suno.com.br\/noticias\/#website\"},\"primaryImageOfPage\":{\"@id\":\"https:\/\/www.suno.com.br\/noticias\/guedes-previsao-crescimento-pib\/#primaryimage\"},\"image\":{\"@id\":\"https:\/\/www.suno.com.br\/noticias\/guedes-previsao-crescimento-pib\/#primaryimage\"},\"thumbnailUrl\":\"https:\/\/files.sunoresearch.com.br\/n\/uploads\/2019\/05\/e9a56df4-pib-jpg.webp\",\"datePublished\":\"2019-05-14T23:52:55+00:00\",\"description\":\"A previs\u00e3o do governo do ex-presidente Michel Temer para o PIB de 2019 era de crescimento de 2%. Clique aqui para saber mais.\",\"breadcrumb\":{\"@id\":\"https:\/\/www.suno.com.br\/noticias\/guedes-previsao-crescimento-pib\/#breadcrumb\"},\"inLanguage\":\"pt-BR\",\"potentialAction\":[{\"@type\":\"ReadAction\",\"target\":[\"https:\/\/www.suno.com.br\/noticias\/guedes-previsao-crescimento-pib\/\"]}]},{\"@type\":\"ImageObject\",\"inLanguage\":\"pt-BR\",\"@id\":\"https:\/\/www.suno.com.br\/noticias\/guedes-previsao-crescimento-pib\/#primaryimage\",\"url\":\"https:\/\/files.sunoresearch.com.br\/n\/uploads\/2019\/05\/e9a56df4-pib-jpg.webp\",\"contentUrl\":\"https:\/\/files.sunoresearch.com.br\/n\/uploads\/2019\/05\/e9a56df4-pib-jpg.webp\",\"width\":1140,\"height\":760,\"caption\":\"Guedes\"},{\"@type\":\"BreadcrumbList\",\"@id\":\"https:\/\/www.suno.com.br\/noticias\/guedes-previsao-crescimento-pib\/#breadcrumb\",\"itemListElement\":[{\"@type\":\"ListItem\",\"position\":1,\"name\":\"Not\u00edcias\",\"item\":\"https:\/\/www.suno.com.br\/noticias\/\"},{\"@type\":\"ListItem\",\"position\":2,\"name\":\"Economia\",\"item\":\"https:\/\/www.suno.com.br\/noticias\/economia\/\"},{\"@type\":\"ListItem\",\"position\":3,\"name\":\"Guedes diminui previs\u00e3o de crescimento do PIB de 2019 para 1,5%\"}]},{\"@type\":\"WebSite\",\"@id\":\"https:\/\/www.suno.com.br\/noticias\/#website\",\"url\":\"https:\/\/www.suno.com.br\/noticias\/\",\"name\":\"Suno Not\u00edcias\",\"description\":\"Seu portal de informa\u00e7\u00e3o sobre o mundo dos investimentos\",\"publisher\":{\"@id\":\"https:\/\/www.suno.com.br\/noticias\/#organization\"},\"potentialAction\":[{\"@type\":\"SearchAction\",\"target\":{\"@type\":\"EntryPoint\",\"urlTemplate\":\"https:\/\/www.suno.com.br\/noticias\/?s={search_term_string}\"},\"query-input\":{\"@type\":\"PropertyValueSpecification\",\"valueRequired\":true,\"valueName\":\"search_term_string\"}}],\"inLanguage\":\"pt-BR\"},{\"@type\":\"Organization\",\"@id\":\"https:\/\/www.suno.com.br\/noticias\/#organization\",\"name\":\"Suno Not\u00edcias\",\"url\":\"https:\/\/www.suno.com.br\/noticias\/\",\"logo\":{\"@type\":\"ImageObject\",\"inLanguage\":\"pt-BR\",\"@id\":\"https:\/\/www.suno.com.br\/noticias\/#\/schema\/logo\/image\/\",\"url\":\"https:\/\/files.sunoresearch.com.br\/n\/uploads\/2021\/09\/suno-logo.png\",\"contentUrl\":\"https:\/\/files.sunoresearch.com.br\/n\/uploads\/2021\/09\/suno-logo.png\",\"width\":180,\"height\":180,\"caption\":\"Suno Not\u00edcias\"},\"image\":{\"@id\":\"https:\/\/www.suno.com.br\/noticias\/#\/schema\/logo\/image\/\"},\"sameAs\":[\"https:\/\/facebook.com\/sunoresearch\",\"https:\/\/x.com\/sunoresearch\",\"https:\/\/www.instagram.com\/suno\",\"https:\/\/www.linkedin.com\/company\/suno-research\/\",\"https:\/\/www.youtube.com\/c\/sunoresearch\"]},{\"@type\":\"Person\",\"@id\":\"https:\/\/www.suno.com.br\/noticias\/#\/schema\/person\/3f7693d5795a3f6d5ce15309ee785699\",\"name\":\"Renan Dantas\",\"image\":{\"@type\":\"ImageObject\",\"inLanguage\":\"pt-BR\",\"@id\":\"https:\/\/www.suno.com.br\/noticias\/#\/schema\/person\/image\/\",\"url\":\"https:\/\/secure.gravatar.com\/avatar\/1787b83e7484a08e51d62ac8b41c8396?s=96&r=g\",\"contentUrl\":\"https:\/\/secure.gravatar.com\/avatar\/1787b83e7484a08e51d62ac8b41c8396?s=96&r=g\",\"caption\":\"Renan Dantas\"},\"description\":\"Escreve sobre pol\u00edtica e mercado financeiro para o portal Suno Not\u00edcias. Antes, atuou na assessoria de comunica\u00e7\u00e3o do Minist\u00e9rio P\u00fablico do Trabalho e na R\u00e1dio Mackenzie, onde apresentava e produzia um programa sobre artistas da m\u00fasica brasileira. \u00c9 estudante na Universidade Presbiteriana Mackenzie.\",\"url\":\"https:\/\/www.suno.com.br\/noticias\/author\/renan-dantas\/\"}]}<\/script>\n<!-- \/ Yoast SEO plugin. -->","yoast_head_json":{"title":"Guedes diminui previs\u00e3o de crescimento do PIB de 2019 para 1,5%","description":"A previs\u00e3o do governo do ex-presidente Michel Temer para o PIB de 2019 era de crescimento de 2%. Clique aqui para saber mais.","robots":{"index":"index","follow":"follow","max-snippet":"max-snippet:-1","max-image-preview":"max-image-preview:large","max-video-preview":"max-video-preview:-1"},"canonical":"https:\/\/www.suno.com.br\/noticias\/guedes-previsao-crescimento-pib\/","og_locale":"pt_BR","og_type":"article","og_title":"Guedes diminui previs\u00e3o de crescimento do PIB de 2019 para 1,5%","og_description":"A previs\u00e3o do governo do ex-presidente Michel Temer para o PIB de 2019 era de crescimento de 2%. Clique aqui para saber mais.","og_url":"https:\/\/www.suno.com.br\/noticias\/guedes-previsao-crescimento-pib\/","og_site_name":"Suno Not\u00edcias","article_publisher":"https:\/\/facebook.com\/sunoresearch","og_image":[{"width":1140,"height":760,"url":"https:\/\/files.sunoresearch.com.br\/n\/uploads\/2019\/05\/e9a56df4-pib.jpg","type":"image\/jpeg"}],"author":"Renan Dantas","twitter_card":"summary_large_image","twitter_creator":"@sunoresearch","twitter_site":"@sunoresearch","twitter_misc":{"Escrito por":"Renan Dantas","Est. tempo de leitura":"3 minutos"},"schema":{"@context":"https:\/\/schema.org","@graph":[{"@type":"NewsArticle","@id":"https:\/\/www.suno.com.br\/noticias\/guedes-previsao-crescimento-pib\/#article","isPartOf":{"@id":"https:\/\/www.suno.com.br\/noticias\/guedes-previsao-crescimento-pib\/"},"author":{"name":"Renan Dantas","@id":"https:\/\/www.suno.com.br\/noticias\/#\/schema\/person\/3f7693d5795a3f6d5ce15309ee785699"},"headline":"Guedes diminui previs\u00e3o de crescimento do PIB de 2019 para 1,5%","datePublished":"2019-05-14T23:52:55+00:00","mainEntityOfPage":{"@id":"https:\/\/www.suno.com.br\/noticias\/guedes-previsao-crescimento-pib\/"},"wordCount":535,"publisher":{"@id":"https:\/\/www.suno.com.br\/noticias\/#organization"},"image":{"@id":"https:\/\/www.suno.com.br\/noticias\/guedes-previsao-crescimento-pib\/#primaryimage"},"thumbnailUrl":"https:\/\/files.sunoresearch.com.br\/n\/uploads\/2019\/05\/e9a56df4-pib-jpg.webp","keywords":["Congresso Nacional","Paulo Guedes","Produto Interno Bruto (PIB)"],"articleSection":["Economia"],"inLanguage":"pt-BR"},{"@type":"WebPage","@id":"https:\/\/www.suno.com.br\/noticias\/guedes-previsao-crescimento-pib\/","url":"https:\/\/www.suno.com.br\/noticias\/guedes-previsao-crescimento-pib\/","name":"Guedes diminui previs\u00e3o de crescimento do PIB de 2019 para 1,5%","isPartOf":{"@id":"https:\/\/www.suno.com.br\/noticias\/#website"},"primaryImageOfPage":{"@id":"https:\/\/www.suno.com.br\/noticias\/guedes-previsao-crescimento-pib\/#primaryimage"},"image":{"@id":"https:\/\/www.suno.com.br\/noticias\/guedes-previsao-crescimento-pib\/#primaryimage"},"thumbnailUrl":"https:\/\/files.sunoresearch.com.br\/n\/uploads\/2019\/05\/e9a56df4-pib-jpg.webp","datePublished":"2019-05-14T23:52:55+00:00","description":"A previs\u00e3o do governo do ex-presidente Michel Temer para o PIB de 2019 era de crescimento de 2%. Clique aqui para saber mais.","breadcrumb":{"@id":"https:\/\/www.suno.com.br\/noticias\/guedes-previsao-crescimento-pib\/#breadcrumb"},"inLanguage":"pt-BR","potentialAction":[{"@type":"ReadAction","target":["https:\/\/www.suno.com.br\/noticias\/guedes-previsao-crescimento-pib\/"]}]},{"@type":"ImageObject","inLanguage":"pt-BR","@id":"https:\/\/www.suno.com.br\/noticias\/guedes-previsao-crescimento-pib\/#primaryimage","url":"https:\/\/files.sunoresearch.com.br\/n\/uploads\/2019\/05\/e9a56df4-pib-jpg.webp","contentUrl":"https:\/\/files.sunoresearch.com.br\/n\/uploads\/2019\/05\/e9a56df4-pib-jpg.webp","width":1140,"height":760,"caption":"Guedes"},{"@type":"BreadcrumbList","@id":"https:\/\/www.suno.com.br\/noticias\/guedes-previsao-crescimento-pib\/#breadcrumb","itemListElement":[{"@type":"ListItem","position":1,"name":"Not\u00edcias","item":"https:\/\/www.suno.com.br\/noticias\/"},{"@type":"ListItem","position":2,"name":"Economia","item":"https:\/\/www.suno.com.br\/noticias\/economia\/"},{"@type":"ListItem","position":3,"name":"Guedes diminui previs\u00e3o de crescimento do PIB de 2019 para 1,5%"}]},{"@type":"WebSite","@id":"https:\/\/www.suno.com.br\/noticias\/#website","url":"https:\/\/www.suno.com.br\/noticias\/","name":"Suno Not\u00edcias","description":"Seu portal de informa\u00e7\u00e3o sobre o mundo dos investimentos","publisher":{"@id":"https:\/\/www.suno.com.br\/noticias\/#organization"},"potentialAction":[{"@type":"SearchAction","target":{"@type":"EntryPoint","urlTemplate":"https:\/\/www.suno.com.br\/noticias\/?s={search_term_string}"},"query-input":{"@type":"PropertyValueSpecification","valueRequired":true,"valueName":"search_term_string"}}],"inLanguage":"pt-BR"},{"@type":"Organization","@id":"https:\/\/www.suno.com.br\/noticias\/#organization","name":"Suno Not\u00edcias","url":"https:\/\/www.suno.com.br\/noticias\/","logo":{"@type":"ImageObject","inLanguage":"pt-BR","@id":"https:\/\/www.suno.com.br\/noticias\/#\/schema\/logo\/image\/","url":"https:\/\/files.sunoresearch.com.br\/n\/uploads\/2021\/09\/suno-logo.png","contentUrl":"https:\/\/files.sunoresearch.com.br\/n\/uploads\/2021\/09\/suno-logo.png","width":180,"height":180,"caption":"Suno Not\u00edcias"},"image":{"@id":"https:\/\/www.suno.com.br\/noticias\/#\/schema\/logo\/image\/"},"sameAs":["https:\/\/facebook.com\/sunoresearch","https:\/\/x.com\/sunoresearch","https:\/\/www.instagram.com\/suno","https:\/\/www.linkedin.com\/company\/suno-research\/","https:\/\/www.youtube.com\/c\/sunoresearch"]},{"@type":"Person","@id":"https:\/\/www.suno.com.br\/noticias\/#\/schema\/person\/3f7693d5795a3f6d5ce15309ee785699","name":"Renan Dantas","image":{"@type":"ImageObject","inLanguage":"pt-BR","@id":"https:\/\/www.suno.com.br\/noticias\/#\/schema\/person\/image\/","url":"https:\/\/secure.gravatar.com\/avatar\/1787b83e7484a08e51d62ac8b41c8396?s=96&r=g","contentUrl":"https:\/\/secure.gravatar.com\/avatar\/1787b83e7484a08e51d62ac8b41c8396?s=96&r=g","caption":"Renan Dantas"},"description":"Escreve sobre pol\u00edtica e mercado financeiro para o portal Suno Not\u00edcias. Antes, atuou na assessoria de comunica\u00e7\u00e3o do Minist\u00e9rio P\u00fablico do Trabalho e na R\u00e1dio Mackenzie, onde apresentava e produzia um programa sobre artistas da m\u00fasica brasileira. \u00c9 estudante na Universidade Presbiteriana Mackenzie.","url":"https:\/\/www.suno.com.br\/noticias\/author\/renan-dantas\/"}]}},"default_loop_html":"<div class=\"cardsPage__listCard__boxs\"><div class=\"cardsPage__listCard__boxs__img\"><a href=\"https:\/\/www.suno.com.br\/noticias\/guedes-previsao-crescimento-pib\/\"><img class=\"mask\" src=\"https:\/\/www.suno.com.br\/noticias\/wp-content\/themes\/suno\/resources\/images\/spotlight\/spotlight1img\/bg-mask.png\" alt=\"Image Mask\"\/><img src=\"https:\/\/files.sunoresearch.com.br\/n\/uploads\/2019\/05\/e9a56df4-pib-400x200.webp\" alt=\"Guedes diminui previs\u00e3o de crescimento do PIB de 2019 para 1,5%\"\/><\/a><span class=\"spotlightCategory\"><a href=\"https:\/\/www.suno.com.br\/noticias\/economia\/\">Economia<\/a><\/span><\/div><div class=\"cardsPage__listCard__boxs__content\"><a href=\"https:\/\/www.suno.com.br\/noticias\/guedes-previsao-crescimento-pib\/\"><h2 class=\"content__title\">Guedes diminui previs\u00e3o de crescimento do PIB de 2019 para 1,5%<\/h2><\/a><div class=\"newsContent__article__meta\"><div class=\"newsContent__article__meta__authorBox\"><a href=\"https:\/\/www.suno.com.br\/noticias\/author\/renan-dantas\/\" class=\"authorBox__avatar noMobi\"><img src=\"https:\/\/secure.gravatar.com\/avatar\/1787b83e7484a08e51d62ac8b41c8396?s=96&#038;r=g\" alt=\"Renan Dantas\"><\/a><div class=\"authorBox__name\"><span>por\n\t\t\t<a href=\"https:\/\/www.suno.com.br\/noticias\/author\/renan-dantas\/\"><span itemprop=\"author\">Renan Dantas<\/span><\/a><\/span><time datetime=\"2019-05-14T20:52:55-03:00\" itemprop=\"datePublished\">14\/05\/2019 20:52<\/time><\/div><\/div><\/div><\/div><\/div>","single_layout":"posts","amp_enabled":true,"_links":{"self":[{"href":"https:\/\/www.suno.com.br\/noticias\/wp-json\/wp\/v2\/posts\/24574"}],"collection":[{"href":"https:\/\/www.suno.com.br\/noticias\/wp-json\/wp\/v2\/posts"}],"about":[{"href":"https:\/\/www.suno.com.br\/noticias\/wp-json\/wp\/v2\/types\/post"}],"author":[{"embeddable":true,"href":"https:\/\/www.suno.com.br\/noticias\/wp-json\/wp\/v2\/users\/14"}],"replies":[{"embeddable":true,"href":"https:\/\/www.suno.com.br\/noticias\/wp-json\/wp\/v2\/comments?post=24574"}],"version-history":[{"count":0,"href":"https:\/\/www.suno.com.br\/noticias\/wp-json\/wp\/v2\/posts\/24574\/revisions"}],"wp:featuredmedia":[{"embeddable":true,"href":"https:\/\/www.suno.com.br\/noticias\/wp-json\/wp\/v2\/media\/24575"}],"wp:attachment":[{"href":"https:\/\/www.suno.com.br\/noticias\/wp-json\/wp\/v2\/media?parent=24574"}],"wp:term":[{"taxonomy":"category","embeddable":true,"href":"https:\/\/www.suno.com.br\/noticias\/wp-json\/wp\/v2\/categories?post=24574"},{"taxonomy":"post_tag","embeddable":true,"href":"https:\/\/www.suno.com.br\/noticias\/wp-json\/wp\/v2\/tags?post=24574"},{"taxonomy":"suno_strategy","embeddable":true,"href":"https:\/\/www.suno.com.br\/noticias\/wp-json\/wp\/v2\/suno_strategy?post=24574"}],"curies":[{"name":"wp","href":"https:\/\/api.w.org\/{rel}","templated":true}]}}