{"id":245705,"date":"2022-03-28T17:15:21","date_gmt":"2022-03-28T20:15:21","guid":{"rendered":"https:\/\/www.suno.com.br\/noticias\/?p=245705"},"modified":"2022-03-28T22:51:02","modified_gmt":"2022-03-29T01:51:02","slug":"bolsonaro-demissao-presidente-petrobras-petr4-jornal","status":"publish","type":"post","link":"https:\/\/www.suno.com.br\/noticias\/bolsonaro-demissao-presidente-petrobras-petr4-jornal\/","title":{"rendered":"Troca na presid\u00eancia da Petrobras (PETR4): economista Adriano Pires vai substituir Silva e Luna"},"content":{"rendered":"<p>O presidente Jair Bolsonaro decidiu trocar o comando da <strong>Petrobra<\/strong>s (PETR4) nesta segunda (28): demitiu o general Joaquim da Silva e Luna da presid\u00eancia da estatal. Silva e Luna foi alvo de repetidas cr\u00edticas feitas pelo governo e por parlamentares depois do aumento dos combust\u00edveis anunciado este <a href=\"https:\/\/www.suno.com.br\/noticias\/petrobras-petr4-lucro-reajuste-desabastecimento\/\">m\u00eas pela estatal,<\/a> em meio \u00e0 alta do petr\u00f3leo. A informa\u00e7\u00e3o havia sido publicada no site do jornal O Globo e depois do da Veja. Por volta das 19h, o Minist\u00e9rio das Minas e Energia confirmou a indica\u00e7\u00e3o do economista Adriano Pires, de\u00a0 64 anos, do CBIE, o Centro Brasileiro de Infraestrutura, especialista no setor de \u00f3leo e g\u00e1s, para a presid\u00eancia da estatal. O presidente do Flamengo Rodolfo Landim foi indicado para a presid\u00eancia do conselho de Administra\u00e7\u00e3o da estatal.<\/p>\t<div class=\"wrapper-featured-image\">\n\t\t<figure class=\"spotlightImg\">\n\n\t\t\t<picture>\n\t\t\t\t<source media=\"(max-width: 768px)\" srcset=\"https:\/\/files.sunoresearch.com.br\/n\/uploads\/2022\/03\/silva-e-luna-adriano-pires-400x200.jpg\">\n\t\t\t\t<img loading=\"lazy\" decoding=\"async\" class=\"newsContent__article__imgCapa lazyloadDisabled newsContent__article__imgCapa--noCaption\" src=\"https:\/\/files.sunoresearch.com.br\/n\/uploads\/2022\/03\/silva-e-luna-adriano-pires-800x450.jpg\" width=\"800\" height=\"450\" alt=\"Troca na presid\u00eancia da Petrobras (PETR4): economista Adriano Pires vai substituir Silva e Luna\" fetchpriority=high \/>\n\t\t\t<\/picture>\n\n\t\t\t<figcaption class=\"wp-caption-text wp-caption-text--hide\"><\/figcaption>\n\t\t<\/figure>\n\t<\/div>\n\n\n\t<p>\n\t\t<a href=\"\" target=\"_blank\" data-element=\"shortcode-suno-banner\" title=\"Banner SUNO, clique e saiba mais\">\n\t\t\t<picture>\n\t\t\t\t<source media=\"(max-width: 500px)\" srcset=\"\">\n\t\t\t\t<img class=\"newsContent__article__imgCapa newsContent__article__imgCapa--banner\"\n\t\t\t\t\tsrc=\"\"\n\t\t\t\t\tdata-promo-id=\"138420\"\t\t\t\t\t\t\t\t\t\t\t\t\t\t\talt=\"\"\n\t\t\t\t>\n\t\t\t<\/picture>\n\t\t<\/a>\n\t<\/p>\n\n\n<p>Os <strong>pap\u00e9is da Petrobras<\/strong> ca\u00edram assim que a not\u00edcia foi divulgada pela Veja e pelo Globo &#8212; a ag\u00eancia Reuters tamb\u00e9m noticiou a demiss\u00e3o, em seguida. As <strong>a\u00e7\u00f5es preferenciais da Petrobras<\/strong> fecharam em queda forte de 2,17%, cotadas a R$ 31,60. As ordin\u00e1rias (PETR3) recuaram 2,63%, a R$ 34,08. Ap\u00f3s an\u00fancio de Adriano Pires para presid\u00eancia, por volta 20h, a <strong>ADR da Petrobras<\/strong> operava perto da estabilidade, com leve queda de -0,21%, no after hours em Nova York.<\/p>\n<p><strong>Assembleia da Petrobras<\/strong> em 13 de abril ter\u00e1 de aprovar as indica\u00e7\u00f5es do governo ao <strong>comando da estatal<\/strong>. Outros seis nomes foram indicados pelo governo para o conselho da petroleira:<\/p>\n<ul>\n<li>Sonia Villalobos<\/li>\n<li>Ruy Flaks Schneider<\/li>\n<li>Marcio Weber<\/li>\n<li>Luiz Henrique Caroli<\/li>\n<li>Eduardo Karrer e<\/li>\n<li>Carlos Eduardo Lessa Brand\u00e3o<\/li>\n<\/ul>\n\n\t<div data-element=\"shortcode-read-more\" class=\"readToo\">\n\t\t\t\t<span class=\"readToo__title\">Leia mais<\/span>\n\t\t\t\t<ul class=\"readToo__list\">\n\t\t\t<li><a href=\"https:\/\/www.suno.com.br\/noticias\/petrobras-petr4-5-respostas-briga-comando-estatal\/\">Petrobras (PETR4): o que esperar da briga pelo comando da estatal e a pol\u00edtica de pre\u00e7os? Veja cinco respostas<\/a><\/li><li><a href=\"https:\/\/www.suno.com.br\/noticias\/petrobras-petr4-bolsonaro-corrupcao-combustiveis\/\">Petrobras (PETR4): Bolsonaro diz que n\u00e3o vai interferir e culpa corrup\u00e7\u00e3o por alta nos pre\u00e7os<\/a><\/li><li><a href=\"https:\/\/www.suno.com.br\/noticias\/petrobras-petr4-reducao-precos-petroleo-adiantara-decisoes\/\">Petrobras (PETR4) diz que &#8216;observa redu\u00e7\u00e3o dos pre\u00e7os&#8217; de petr\u00f3leo, mas n\u00e3o adiantar\u00e1 decis\u00f5es<\/a><\/li>\t\t<\/ul>\n\t<\/div>\n\n\n<p>\u00c9 a segunda troca na presid\u00eancia da Petrobras em um ano. Tamb\u00e9m por n\u00e3o concordar com aumento no <strong>pre\u00e7o dos combust\u00edveis<\/strong>, Bolsonaro tirou <a href=\"https:\/\/www.suno.com.br\/noticias\/roberto-castello-branco-deixa-presidencia-da-petrobras-petr4\/\">Roberto Castello Branco<\/a> do posto para troc\u00e1-lo por Silva e Luna.<\/p>\n<p><img loading=\"lazy\" decoding=\"async\" class=\"alignnone wp-image-245794 size-full\" src=\"https:\/\/files.sunoresearch.com.br\/n\/uploads\/2022\/03\/nota-ministerio-minas-e-energia.jpg\" alt=\"\" width=\"1502\" height=\"512\" srcset=\"https:\/\/files.sunoresearch.com.br\/n\/uploads\/2022\/03\/nota-ministerio-minas-e-energia.jpg 1502w, https:\/\/files.sunoresearch.com.br\/n\/uploads\/2022\/03\/nota-ministerio-minas-e-energia-300x102.jpg 300w, https:\/\/files.sunoresearch.com.br\/n\/uploads\/2022\/03\/nota-ministerio-minas-e-energia-1024x349.jpg 1024w, https:\/\/files.sunoresearch.com.br\/n\/uploads\/2022\/03\/nota-ministerio-minas-e-energia-768x262.jpg 768w, https:\/\/files.sunoresearch.com.br\/n\/uploads\/2022\/03\/nota-ministerio-minas-e-energia-150x51.jpg 150w\" sizes=\"(max-width: 1502px) 100vw, 1502px\" \/><\/p>\n<p>A nota do MME divulgou um pequeno <strong>perfil de Adriano Pires<\/strong> na nota:<\/p>\n<p><em>&#8220;Adriano Jos\u00e9 Pires Rodrigues \u00e9 graduado em Economia, Doutorado em Economia Industrial pela Universidade de Paris XIII, Mestrado em Planejamento Energ\u00e9tico. \u00c9 Diretor-Fundador do Centro Brasileiro de InfraEstrutura \u2013 CBIE, coordenando projetos e estudos para a ind\u00fastria de g\u00e1s natural, a pol\u00edtica nacional de combust\u00edveis, o mercado de derivados de petr\u00f3leo e g\u00e1s natural. Foi Professor Adjunto do Programa de Planejamento Energ\u00e9tico da COPPE\/UFRJ, exercendo as fun\u00e7\u00f5es de pesquisador e consultor junto a empresas e entidades internacionais &#8211; UNESCO, CEE, BIRD -, Ag\u00eancia Nacional de Energia El\u00e9trica, Conselho Nacional de Desenvolvimento Cient\u00edfico e Tecnol\u00f3gico e Unicamp. Atuou como Assessor do Diretor-Geral da Ag\u00eancia Nacional do Petr\u00f3leo, G\u00e1s Natural e Biocombust\u00edveis, al\u00e9m de ter exercido os cargos de Superintendente de Abastecimento, de Importa\u00e7\u00e3o e Exporta\u00e7\u00e3o de Petr\u00f3leo, seus Derivados e G\u00e1s Natural. &#8220;<\/em><\/p>\n<figure id=\"attachment_245840\" aria-describedby=\"caption-attachment-245840\" style=\"width: 1024px\" class=\"wp-caption alignnone\"><img loading=\"lazy\" decoding=\"async\" class=\"wp-image-245840 size-large\" src=\"https:\/\/files.sunoresearch.com.br\/n\/uploads\/2022\/03\/adriano-pires-1024x544.jpg\" alt=\"\" width=\"1024\" height=\"544\" srcset=\"https:\/\/files.sunoresearch.com.br\/n\/uploads\/2022\/03\/adriano-pires-1024x544.jpg 1024w, https:\/\/files.sunoresearch.com.br\/n\/uploads\/2022\/03\/adriano-pires-300x159.jpg 300w, https:\/\/files.sunoresearch.com.br\/n\/uploads\/2022\/03\/adriano-pires-768x408.jpg 768w, https:\/\/files.sunoresearch.com.br\/n\/uploads\/2022\/03\/adriano-pires-150x80.jpg 150w, https:\/\/files.sunoresearch.com.br\/n\/uploads\/2022\/03\/adriano-pires.jpg 1280w\" sizes=\"(max-width: 1024px) 100vw, 1024px\" \/><figcaption id=\"caption-attachment-245840\" class=\"wp-caption-text\">Adriano Pires, indicado para comandar a Petrobras: \u00e9 a segunda troca na presid\u00eancia em um ano. Foto: Divulga\u00e7\u00e3o<\/figcaption><\/figure>\n<p>Em fato relevante, a Petrobras confirmou a indica\u00e7\u00e3o do nome de Adriano Pires de Andrade como membro do conselho de administra\u00e7\u00e3o e para ocupar a presid\u00eancia da estatal, conforme comunicado anteriormente feito pelo Minist\u00e9rio de Minas e Energia. A indica\u00e7\u00e3o dever\u00e1 ser deliberada pelo conselho de administra\u00e7\u00e3o da companhia, no pr\u00f3ximo dia 13 de abril. Rodolfo Landim, presidente do Flamengo, \u00e9 indicado \u00e0 presid\u00eancia do colegiado.<\/p>\n<p>Pires de Andrade \u00e9 graduado em Economia pela UFRJ com mestrado em Planejamento Energ\u00e9tico pela COPPE\/UFRJ e doutorado em Economia Industrial pela Universidade Paris XIII. \u00c9 diretor-fundador do Centro Brasileiro de InfraEstrutura. Atuou como assessor do diretor-geral da Ag\u00eancia Nacional do Petr\u00f3leo e exerceu os cargos de superintendente de Abastecimento e de Importa\u00e7\u00e3o e Exporta\u00e7\u00e3o de Petr\u00f3leo, seus Derivados e G\u00e1s Natural da ANP.<\/p>\n\t<p>\n\t\t<a href=\"https:\/\/lp.suno.com.br\/ebook-como-analisar-uma-acao\/\" target=\"_blank\" data-element=\"shortcode-suno-banner\" title=\"Banner SUNO, clique e saiba mais\">\n\t\t\t<picture>\n\t\t\t\t<source media=\"(max-width: 500px)\" srcset=\"https:\/\/files.sunoresearch.com.br\/n\/uploads\/2023\/03\/Ebook-Acoes-Mobile-1.jpg\">\n\t\t\t\t<img class=\"newsContent__article__imgCapa newsContent__article__imgCapa--banner\"\n\t\t\t\t\tsrc=\"https:\/\/files.sunoresearch.com.br\/n\/uploads\/2023\/03\/Ebook-Acoes-Desktop-1.jpg\"\n\t\t\t\t\tdata-promo-id=\"171998\"\t\t\t\t\t\t\t\t\t\twidth='1420' height='286'\t\t\t\t\talt=\"https:\/\/files.sunoresearch.com.br\/n\/uploads\/2023\/03\/Ebook-Acoes-Desktop-1.jpg\"\n\t\t\t\t>\n\t\t\t<\/picture>\n\t\t<\/a>\n\t<\/p>\n\n\n<p>Pires n\u00e3o deve interferir na pol\u00edtica de pre\u00e7os da estatal. Segundo a colunista Ana Flor, do G1 e da Globonews, Pires diz que a solu\u00e7\u00e3o para o pre\u00e7o dos combust\u00edveis inclui a cria\u00e7\u00e3o de um fundo de estabiliza\u00e7\u00e3o.<\/p>\n<p>Em <strong>publica\u00e7\u00e3o no Linkedin<\/strong>, Pires afirma que a inten\u00e7\u00e3o de Bolsonaro n\u00e3o \u00e9 intervir na Petrobras: &#8220;Quando o ex-presidente Roberto Castelo Branco foi substitu\u00eddo pelo general Silva e Luna, a grande maioria dos analistas e jornalistas apostou que o general controlaria os pre\u00e7os. Mas, ao contr\u00e1rio, a pol\u00edtica de paridade de importa\u00e7\u00e3o foi mantida. O risco de <strong>interven\u00e7\u00e3o na Petrobras<\/strong> antes das elei\u00e7\u00f5es \u00e9 muito baixo por dois motivos. O primeiro \u00e9 que a regulamenta\u00e7\u00e3o e o compliance da empresa ap\u00f3s a Lava Jato dificultam muito tanto a diretoria quanto o conselho de administra\u00e7\u00e3o a tomar a\u00e7\u00f5es que possam prejudicar os acionistas. O segundo: se o presidente Bolsonaro interviesse na empresa, seria acusado de fazer a mesma pol\u00edtica que Lula fez.&#8221;<\/p>\n<p>Bolsonaro deve anunciar a<strong> sa\u00edda de Silva e Luna da Petrobras<\/strong> nas pr\u00f3ximas horas, de acordo com a coluna Radar, da revista Veja.\u00a0Segundo o Radar, a indica\u00e7\u00e3o de Pires seria t\u00e9cnica e o nome de Pires \u00e9 reconhecido pelo mercado como uma indica\u00e7\u00e3o de que n\u00e3o romperia com as transforma\u00e7\u00f5es operacionais e financeiras que vem sendo executadas na companhia desde a metade da d\u00e9cada passada.<\/p>\n<p>&#8220;O perfil de Pires tamb\u00e9m ajuda a mitigar os efeitos oriundos deste novo poss\u00edvel movimento&#8221;, diz Ilan Arbetman, analista de Research da Ativa Investimentos. &#8220;A mudan\u00e7a, considerada t\u00e9cnica, deve gerar menor impacto sobre as <strong>a\u00e7\u00f5es da Petrobras<\/strong> do que a vista na sa\u00edda de Roberto Castello Branco, h\u00e1 cerca de um ano, quando o general Silva e Luna assumiu o posto. &#8221;<\/p>\n<h2>Decis\u00e3o sobre sa\u00edda de Silva e Luna<\/h2>\n<p>A decis\u00e3o foi tomada no mesmo dia em que o ministro da Educa\u00e7\u00e3o, Milton Ribeiro, entregou o cargo ao presidente. Ele \u00e9 investigado por suspeita de envolvimento com pastores que cobravam propina para intermediar recursos para escolas, como revelou o Estad\u00e3o.<\/p>\n<p>A Uni\u00e3o tem at\u00e9 a \u00faltima hora no dia 13 de abril, durante a <strong>assembleia dos acionistas<\/strong>, para indicar seus nomes para o <strong>conselho de administra\u00e7\u00e3o da Petrobras<\/strong>. Como ela \u00e9 a controladora da estatal, n\u00e3o ter\u00e1 dificuldade em conseguir o n\u00famero de votos necess\u00e1rios para eleger seus candidatos, independentemente da vontade dos acionistas minorit\u00e1rios.<\/p>\n<p>A presen\u00e7a do <strong>presidente da companhia<\/strong> no conselho de administra\u00e7\u00e3o \u00e9 uma obrigatoriedade prevista no estatuto social da companhia. Por isso, o substituto de Silva e Luna deve antes ser referendado pela assembleia como membro do colegiado. Ap\u00f3s receber o aval dos acionistas na assembleia, ele, automaticamente, est\u00e1 apto a assumir a presid\u00eancia da empresa. O mandato do atual presidente da Petrobras vai at\u00e9 mar\u00e7o de 2023, mas isso n\u00e3o impede a substitui\u00e7\u00e3o.<\/p>\n<p>Bolsonaro se irritou com Silva e Luna pelo &#8216;timing&#8217; no an\u00fancio do mega-aumento dos combust\u00edveis neste m\u00eas. A Petrobras pratica a chamada paridade de pre\u00e7os, ou seja, paga pelo produto o pre\u00e7o cobrado no mercado internacional e, por isso, repassa eventuais altas para refinarias, o que leva ao aumento de pre\u00e7os para o consumidor final.<\/p>\n<p>Na quinta-feira, 10 de mar\u00e7o, diante do aumento na cota\u00e7\u00e3o do petr\u00f3leo no mercado internacional, reflexo da guerra na Ucr\u00e2nia, a Petrobras anunciou reajuste de 18,8% para a gasolina e de 24,9% para o diesel.<\/p>\n<p>No dia seguinte, o Congresso aprovou e Bolsonaro sancionou um projeto que faz altera\u00e7\u00f5es na tributa\u00e7\u00e3o sobre os combust\u00edveis para tentar aliviar a alta de pre\u00e7os. Para Bolsonaro, o impacto da aprova\u00e7\u00e3o do projeto foi &#8220;mitigado&#8221; porque a Petrobras fez o an\u00fancio do mega-aumento antes.<\/p>\n<p>&#8220;Olha s\u00f3, eu tenho uma pol\u00edtica de n\u00e3o interferir. Sabemos das obriga\u00e7\u00f5es legais da Petrobras e, para mim, particularmente falando, \u00e9 um lucro absurdo que a Petrobras tem num momento at\u00edpico no mundo. Ent\u00e3o, n\u00e3o \u00e9 uma quest\u00e3o apenas interna nossa&#8221;, disse Bolsonaro, no s\u00e1bado. &#8220;Ent\u00e3o, falar que eu estou satisfeito com o reajuste? N\u00e3o estou satisfeito com o reajuste, mas n\u00e3o vou interferir no mercado&#8221;, completou o presidente.<\/p>\n<p>Se confirmada, esta ser\u00e1 a segunda vez que Bolsonaro muda o comando da Petrobras. Em fevereiro do ano passado, o presidente demitiu Roberto Castello Branco, tamb\u00e9m em um momento em que o pre\u00e7o dos combust\u00edveis impactava sua popularidade.<\/p>\n<h2 class=\"newsProviderSignature\">&#8220;Todo o mundo precisa ser substitu\u00eddo&#8221;, disse Bolsonaro sobre Silva e Luna<\/h2>\n<p>A not\u00edcia sobre a <strong>demiss\u00e3o de Silva e Luna<\/strong> j\u00e1 vinha sendo ventilada em Bras\u00edlia desde o \u00faltimo dia 16, Bolsonaro havia considerado a possibilidade de demitir o <strong>presidente da<\/strong> <a class=\"suno-keyword\" href=\"https:\/\/www.suno.com.br\/acoes\/PETR4\/\" target=\"_blank\" rel=\"noopener\" data-force=\"yes\" data-priority=\"2\"><strong>Petrobras<\/strong><\/a>, Joaquim Silva e Luna.<\/p>\n\t<p>\n\t\t<a href=\"https:\/\/lp.suno.com.br\/planilha-controle-gastos\/\" target=\"_blank\" data-element=\"shortcode-suno-banner\" title=\"Banner SUNO, clique e saiba mais\">\n\t\t\t<picture>\n\t\t\t\t<source media=\"(max-width: 500px)\" srcset=\"https:\/\/files.sunoresearch.com.br\/n\/uploads\/2023\/03\/400x300-Planilha-controle-de-gastos.png\">\n\t\t\t\t<img class=\"newsContent__article__imgCapa newsContent__article__imgCapa--banner\"\n\t\t\t\t\tsrc=\"https:\/\/files.sunoresearch.com.br\/n\/uploads\/2023\/03\/1420x240-Planilha-controle-de-gastos.png\"\n\t\t\t\t\tdata-promo-id=\"101751\"\t\t\t\t\t\t\t\t\t\twidth='1420' height='240'\t\t\t\t\talt=\"https:\/\/files.sunoresearch.com.br\/n\/uploads\/2023\/03\/1420x240-Planilha-controle-de-gastos.png\"\n\t\t\t\t>\n\t\t\t<\/picture>\n\t\t<\/a>\n\t<\/p>\n\n\n<p>Em entrevista \u00e0 TV Ponta Negra, afiliada do SBT no Rio Grande do Norte, Bolsonaro disse que &#8220;todo mundo pode ser substitu\u00eddo se n\u00e3o estiver fazendo seu trabalho da melhor forma.&#8221;<\/p>\n<p>Acrescentou na entrevista: \u201cExiste a possibilidade, todo mundo pode ser substitu\u00eddo se n\u00e3o estiver fazendo trabalho a contento. (\u2026) Todos podem ser trocados por falha ou omiss\u00e3o.\u201d<\/p>\n<p>A declara\u00e7\u00e3o do presidente foi feita em meio \u00e0s <strong>tens\u00f5es entre o governo federal e a Petrobras<\/strong>, ap\u00f3s o reajuste dos <strong>pre\u00e7os dos combust\u00edveis<\/strong> pela estatal. A maior preocupa\u00e7\u00e3o do Planalto \u00e9 de que esses aumentos prejudiquem a imagem de Bolsonaro em ano eleitoral.<\/p>\n<p>Na entrevista de 16 de mar\u00e7o, Bolsonaro ainda elevou o tom das<strong> cr\u00edticas \u00e0 estatal<\/strong>. \u201cA Petrobras se transformou em <strong>Petrobras Futebol Clube<\/strong>, clubinho que s\u00f3 pensa neles, jamais no Brasil. At\u00e9 mesmo repasse para o g\u00e1s de cozinha, impens\u00e1vel, fizeram tamb\u00e9m\u201d, disse na entrevista gravada nesta quarta-feira no Pal\u00e1cio do Planalto e exibida no per\u00edodo da tarde.<\/p>\n<p>\u201cPara mim, \u00e9 uma empresa que poderia ser privatizada hoje\u201d, acrescentou\u00a0<strong>Bolsonaro<\/strong>, reassumindo a tentativa de livrar o governo do \u00f4nus pol\u00edtico do reajuste. \u201cN\u00e3o posso interferir. Se pudesse interferir, as decis\u00f5es seriam outras.\u201d<\/p>\n<p>Intimada pela Justi\u00e7a a se manifestar em a\u00e7\u00e3o que questiona o aumento nos <strong>pre\u00e7os dos combust\u00edveis<\/strong> anunciado na semana passada, a Petrobras disse que a suspens\u00e3o do reajuste poder\u00e1 levar ao \u201cdesabastecimento\u201d e ao \u201ccaos\u201d no Pa\u00eds.<\/p>\n<h2 class=\"newsContent__article__title\">Bolsonaro falou em demitir at\u00e9 3 diretores da Petrobras (PETR4)<\/h2>\n<p>Em 17 de mar\u00e7o, Bolsonaro avalia a demiss\u00e3o de 2 a 3 diretores da <strong>Petrobras<\/strong>\u00a0(<a href=\"https:\/\/www.suno.com.br\/acoes\/PETR4\/\">PETR4<\/a>), segundo apurou o site Poder 360.<\/p>\n<p>O principal motivo para a indisposi\u00e7\u00e3o tamb\u00e9m era <a href=\"https:\/\/www.suno.com.br\/artigos\/cotacao-do-petroleo\">\u00a0a alta do pre\u00e7o da\u00a0<strong>gasolina<\/strong><\/a>, j\u00e1 que a estatal fez um reajuste ap\u00f3s mais de 57 dias \u2013 o que gerou insatisfa\u00e7\u00e3o da popula\u00e7\u00e3o e pode custar capital pol\u00edtico para Bolsonaro, que concorrer\u00e1 \u00e0 reelei\u00e7\u00e3o.<\/p>\n<p>Al\u00e9m da insatisfa\u00e7\u00e3o com os valores, Bolsonaro disse, em entrevista, que pediu \u201cn\u00e3o oficialmente\u201d para que a Petrobras atrasasse em um dia o an\u00fancio de reajustes.<\/p>\n<p>\u201cFoi feito contato com a Petrobras porque chegou para n\u00f3s que eles iriam reajustar na 5\u00aa feira da semana passada. Foi feito um pedido para que deixassem para o dia seguinte, atrasassem um dia. Eles n\u00e3o nos atenderam. N\u00f3s n\u00e3o podemos interferir no pre\u00e7o da Petrobras. Se pudesse interferir, as decis\u00f5es seriam outras\u201d, disse.<\/p>\n<p>Na sua avalia\u00e7\u00e3o, o reajuste, que jogou o pre\u00e7o-m\u00e9dio da gasolina para R$ 7,47, foi um \u201ccrime contra a popula\u00e7\u00e3o\u201d.<\/p>\n<p>\u201cPor um dia a Petrobras cometeu esse aumento absurdo nos pre\u00e7os dos combust\u00edveis. Isso n\u00e3o \u00e9 interferir na Petrobras [com] a a\u00e7\u00e3o governamental, \u00e9 apenas bom-senso. Poderia esperar\u201d, defendeu.<\/p>\n<h2>Bolsonaro chegou a falar em colocar presidente do Flamengo no lugar de Silva e Luna<\/h2>\n<p>At\u00e9 recentemente,\u00a0<strong>Bolsonaro<\/strong> n\u00e3o sabia como trocar o presidente da Petrobra, j\u00e1 que <strong>Silva e Luna<\/strong> afirmou publicamente que n\u00e3o tem a inten\u00e7\u00e3o de pedir demiss\u00e3o do cargo na Petrobras e seu mandato vai at\u00e9 2023. Por\u00e9m, segundo a colunista Malu Gaspar, de O Globo, Bolsonaro teria achado a solu\u00e7\u00e3o.<\/p>\n<p>No pr\u00f3ximo dia 13 de abril, ir\u00e1 acontecer a\u00a0<strong>Assembleia de Acionistas da Petrobras<\/strong>\u00a0para deliberar sobre os novos nomes para o compor o\u00a0<a class=\"suno-keyword\" href=\"https:\/\/www.suno.com.br\/artigos\/conselho-administracao\/\" target=\"_blank\" rel=\"noopener\" data-force=\"no\" data-priority=\"1\">Conselho de Administra\u00e7\u00e3o<\/a>\u00a0da estatal. Para ser presidente da empresa \u00e9 preciso ser conselheiro tamb\u00e9m.<\/p>\n<p>A ideia do Pal\u00e1cio do Planalto \u00e9 retirar o nome de Silva e Luna da lista de poss\u00edveis\u00a0<strong>conselheiros<\/strong>, de modo que ele seria automaticamente destitu\u00eddo de seu posto na presid\u00eancia da petroleira, afirma a coluna.<\/p>\n<p>Em seu lugar, o nome proposto seria o do atual presidente do Flamengo,\u00a0<strong>Rodolfo Landim<\/strong>.<\/p>\n<h2>A hist\u00f3ria na Petrobras se repete<\/h2>\n<p>O esquema cogitado por Bolsonaro agora \u00e9 o mesmo usado no ano passado, quando o presidente da Rep\u00fablica arquitetou a sa\u00edda de\u00a0<strong>Roberto Castello Branco<\/strong>\u00a0da presid\u00eancia da Petrobras, tamb\u00e9m por diverg\u00eancias em rela\u00e7\u00e3o aos pre\u00e7os dos combust\u00edveis.<\/p>\n<p>Castelo Branco teve seu nome retirado da<strong>\u00a0lista de conselheiros da Petrobras<\/strong>\u00a0um m\u00eas antes da assembleia e n\u00e3o pode continuar no cargo.\u00a0Segundo Malu Gaspar, Bolsonaro est\u00e1 decidido a tirar Silva e Luna da estatal da mesma forma.<\/p>\n<p>Landim j\u00e1 foi indicado para a presid\u00eancia do conselho da companhia, mas a ideia \u00e9 que ele passe esse cargo para outra pessoa e assuma o de presidente da empresa, seguindo as regras do estatuto.<\/p>\n<p>Interlocutores de Bolsonaro contaram \u00e0 colunista de O Globo que Landim teria garantido ao presidente que \u201cresolve o problema\u201d da alta de\u00a0<strong>pre\u00e7os dos combust\u00edveis<\/strong>.<\/p>\n<p>O atual presidente do Flamengo \u00e9 formado em engenharia da \u00e1rea de petr\u00f3leo e j\u00e1 trabalhou na\u00a0<strong>Petrobras<\/strong>\u00a0por 26 anos. Entre os cargos que teve, assumiu postos de lideran\u00e7a como superintendente de Produ\u00e7\u00e3o da Regi\u00e3o Nordeste e superintendente-geral da regi\u00e3o Norte.<\/p>\n\t<p>\n\t\t<a href=\"https:\/\/lp.suno.com.br\/planilha-de-controle-de-investimentos\/\" target=\"_blank\" data-element=\"shortcode-suno-banner\" title=\"Banner SUNO, clique e saiba mais\">\n\t\t\t<picture>\n\t\t\t\t<source media=\"(max-width: 500px)\" srcset=\"https:\/\/files.sunoresearch.com.br\/n\/uploads\/2023\/03\/400x300-Controle-de-Investimentos.png\">\n\t\t\t\t<img class=\"newsContent__article__imgCapa newsContent__article__imgCapa--banner\"\n\t\t\t\t\tsrc=\"https:\/\/files.sunoresearch.com.br\/n\/uploads\/2023\/03\/1420x240-Controle-de-Investimentos.png\"\n\t\t\t\t\tdata-promo-id=\"75934\"\t\t\t\t\t\t\t\t\t\twidth='1420' height='240'\t\t\t\t\talt=\"https:\/\/files.sunoresearch.com.br\/n\/uploads\/2023\/03\/1420x240-Controle-de-Investimentos.png\"\n\t\t\t\t>\n\t\t\t<\/picture>\n\t\t<\/a>\n\t<\/p>\n\n\n<p><em>Com informa\u00e7\u00f5es do Estad\u00e3o Conte\u00fado<\/em><\/p>\n","protected":false},"excerpt":{"rendered":"<p>O presidente Jair Bolsonaro decidiu trocar o comando da Petrobras (PETR4) nesta segunda (28): demitiu o general Joaquim da Silva e Luna da presid\u00eancia da estatal. Silva e Luna foi alvo de repetidas cr\u00edticas feitas pelo governo e por parlamentares depois do aumento dos combust\u00edveis anunciado este m\u00eas pela estatal, em meio \u00e0 alta do [&hellip;]<\/p>\n","protected":false},"author":98,"featured_media":245811,"comment_status":"closed","ping_status":"closed","sticky":false,"template":"","format":"standard","meta":[],"categories":[61],"tags":[595],"suno_strategy":[],"class_list":["post-245705","post","type-post","status-publish","format-standard","has-post-thumbnail","hentry","category-politica","tag-petrobras-petr4"],"yoast_head":"<!-- This site is optimized with the Yoast SEO plugin v24.4 - https:\/\/yoast.com\/wordpress\/plugins\/seo\/ -->\n<title>Bolsonaro demite presidente da Petrobras (PETR4)<\/title>\n<meta name=\"description\" content=\"O presidente Jair Bolsonaro trocou o comando da Petrobras (PETR4): demitiu o general Joaquim da Silva e Luna da presid\u00eancia da estatal.\" \/>\n<meta name=\"robots\" content=\"index, follow, max-snippet:-1, max-image-preview:large, max-video-preview:-1\" \/>\n<link rel=\"canonical\" href=\"https:\/\/www.suno.com.br\/noticias\/bolsonaro-demissao-presidente-petrobras-petr4-jornal\/\" \/>\n<meta property=\"og:locale\" content=\"pt_BR\" \/>\n<meta property=\"og:type\" content=\"article\" \/>\n<meta property=\"og:title\" content=\"Bolsonaro demite presidente da Petrobras (PETR4)\" \/>\n<meta property=\"og:description\" content=\"O presidente Jair Bolsonaro trocou o comando da Petrobras (PETR4): demitiu o general Joaquim da Silva e Luna da presid\u00eancia da estatal.\" \/>\n<meta property=\"og:url\" content=\"https:\/\/www.suno.com.br\/noticias\/bolsonaro-demissao-presidente-petrobras-petr4-jornal\/\" \/>\n<meta property=\"og:site_name\" content=\"Suno Not\u00edcias\" \/>\n<meta property=\"article:publisher\" content=\"https:\/\/facebook.com\/sunoresearch\" \/>\n<meta property=\"og:image\" content=\"https:\/\/files.sunoresearch.com.br\/n\/uploads\/2022\/03\/silva-e-luna-adriano-pires.jpg\" \/>\n\t<meta property=\"og:image:width\" content=\"1500\" \/>\n\t<meta property=\"og:image:height\" content=\"874\" \/>\n\t<meta property=\"og:image:type\" content=\"image\/jpeg\" \/>\n<meta name=\"author\" content=\"Marco Ant\u00f4nio Lopes\" \/>\n<meta name=\"twitter:card\" content=\"summary_large_image\" \/>\n<meta name=\"twitter:creator\" content=\"@sunoresearch\" \/>\n<meta name=\"twitter:site\" content=\"@sunoresearch\" \/>\n<meta name=\"twitter:label1\" content=\"Escrito por\" \/>\n\t<meta name=\"twitter:data1\" content=\"Marco Ant\u00f4nio Lopes\" \/>\n\t<meta name=\"twitter:label2\" content=\"Est. tempo de leitura\" \/>\n\t<meta name=\"twitter:data2\" content=\"10 minutos\" \/>\n<script type=\"application\/ld+json\" class=\"yoast-schema-graph\">{\"@context\":\"https:\/\/schema.org\",\"@graph\":[{\"@type\":\"NewsArticle\",\"@id\":\"https:\/\/www.suno.com.br\/noticias\/bolsonaro-demissao-presidente-petrobras-petr4-jornal\/#article\",\"isPartOf\":{\"@id\":\"https:\/\/www.suno.com.br\/noticias\/bolsonaro-demissao-presidente-petrobras-petr4-jornal\/\"},\"author\":{\"name\":\"Marco Ant\u00f4nio Lopes\",\"@id\":\"https:\/\/www.suno.com.br\/noticias\/#\/schema\/person\/829bbe8d57f84333b966b96229c6bf5f\"},\"headline\":\"Troca na presid\u00eancia da Petrobras (PETR4): economista Adriano Pires vai substituir Silva e Luna\",\"datePublished\":\"2022-03-28T20:15:21+00:00\",\"dateModified\":\"2022-03-29T01:51:02+00:00\",\"mainEntityOfPage\":{\"@id\":\"https:\/\/www.suno.com.br\/noticias\/bolsonaro-demissao-presidente-petrobras-petr4-jornal\/\"},\"wordCount\":2343,\"publisher\":{\"@id\":\"https:\/\/www.suno.com.br\/noticias\/#organization\"},\"image\":{\"@id\":\"https:\/\/www.suno.com.br\/noticias\/bolsonaro-demissao-presidente-petrobras-petr4-jornal\/#primaryimage\"},\"thumbnailUrl\":\"https:\/\/files.sunoresearch.com.br\/n\/uploads\/2022\/03\/silva-e-luna-adriano-pires.jpg\",\"keywords\":[\"Petrobras (PETR4)\"],\"articleSection\":[\"Pol\u00edtica\"],\"inLanguage\":\"pt-BR\"},{\"@type\":\"WebPage\",\"@id\":\"https:\/\/www.suno.com.br\/noticias\/bolsonaro-demissao-presidente-petrobras-petr4-jornal\/\",\"url\":\"https:\/\/www.suno.com.br\/noticias\/bolsonaro-demissao-presidente-petrobras-petr4-jornal\/\",\"name\":\"Bolsonaro demite presidente da Petrobras (PETR4)\",\"isPartOf\":{\"@id\":\"https:\/\/www.suno.com.br\/noticias\/#website\"},\"primaryImageOfPage\":{\"@id\":\"https:\/\/www.suno.com.br\/noticias\/bolsonaro-demissao-presidente-petrobras-petr4-jornal\/#primaryimage\"},\"image\":{\"@id\":\"https:\/\/www.suno.com.br\/noticias\/bolsonaro-demissao-presidente-petrobras-petr4-jornal\/#primaryimage\"},\"thumbnailUrl\":\"https:\/\/files.sunoresearch.com.br\/n\/uploads\/2022\/03\/silva-e-luna-adriano-pires.jpg\",\"datePublished\":\"2022-03-28T20:15:21+00:00\",\"dateModified\":\"2022-03-29T01:51:02+00:00\",\"description\":\"O presidente Jair Bolsonaro trocou o comando da Petrobras (PETR4): demitiu o general Joaquim da Silva e Luna da presid\u00eancia da estatal.\",\"breadcrumb\":{\"@id\":\"https:\/\/www.suno.com.br\/noticias\/bolsonaro-demissao-presidente-petrobras-petr4-jornal\/#breadcrumb\"},\"inLanguage\":\"pt-BR\",\"potentialAction\":[{\"@type\":\"ReadAction\",\"target\":[\"https:\/\/www.suno.com.br\/noticias\/bolsonaro-demissao-presidente-petrobras-petr4-jornal\/\"]}]},{\"@type\":\"ImageObject\",\"inLanguage\":\"pt-BR\",\"@id\":\"https:\/\/www.suno.com.br\/noticias\/bolsonaro-demissao-presidente-petrobras-petr4-jornal\/#primaryimage\",\"url\":\"https:\/\/files.sunoresearch.com.br\/n\/uploads\/2022\/03\/silva-e-luna-adriano-pires.jpg\",\"contentUrl\":\"https:\/\/files.sunoresearch.com.br\/n\/uploads\/2022\/03\/silva-e-luna-adriano-pires.jpg\",\"width\":1500,\"height\":874},{\"@type\":\"BreadcrumbList\",\"@id\":\"https:\/\/www.suno.com.br\/noticias\/bolsonaro-demissao-presidente-petrobras-petr4-jornal\/#breadcrumb\",\"itemListElement\":[{\"@type\":\"ListItem\",\"position\":1,\"name\":\"Not\u00edcias\",\"item\":\"https:\/\/www.suno.com.br\/noticias\/\"},{\"@type\":\"ListItem\",\"position\":2,\"name\":\"Pol\u00edtica\",\"item\":\"https:\/\/www.suno.com.br\/noticias\/politica\/\"},{\"@type\":\"ListItem\",\"position\":3,\"name\":\"Troca na presid\u00eancia da Petrobras (PETR4): economista Adriano Pires vai substituir Silva e Luna\"}]},{\"@type\":\"WebSite\",\"@id\":\"https:\/\/www.suno.com.br\/noticias\/#website\",\"url\":\"https:\/\/www.suno.com.br\/noticias\/\",\"name\":\"Suno Not\u00edcias\",\"description\":\"Seu portal de informa\u00e7\u00e3o sobre o mundo dos investimentos\",\"publisher\":{\"@id\":\"https:\/\/www.suno.com.br\/noticias\/#organization\"},\"potentialAction\":[{\"@type\":\"SearchAction\",\"target\":{\"@type\":\"EntryPoint\",\"urlTemplate\":\"https:\/\/www.suno.com.br\/noticias\/?s={search_term_string}\"},\"query-input\":{\"@type\":\"PropertyValueSpecification\",\"valueRequired\":true,\"valueName\":\"search_term_string\"}}],\"inLanguage\":\"pt-BR\"},{\"@type\":\"Organization\",\"@id\":\"https:\/\/www.suno.com.br\/noticias\/#organization\",\"name\":\"Suno Not\u00edcias\",\"url\":\"https:\/\/www.suno.com.br\/noticias\/\",\"logo\":{\"@type\":\"ImageObject\",\"inLanguage\":\"pt-BR\",\"@id\":\"https:\/\/www.suno.com.br\/noticias\/#\/schema\/logo\/image\/\",\"url\":\"https:\/\/files.sunoresearch.com.br\/n\/uploads\/2021\/09\/suno-logo.png\",\"contentUrl\":\"https:\/\/files.sunoresearch.com.br\/n\/uploads\/2021\/09\/suno-logo.png\",\"width\":180,\"height\":180,\"caption\":\"Suno Not\u00edcias\"},\"image\":{\"@id\":\"https:\/\/www.suno.com.br\/noticias\/#\/schema\/logo\/image\/\"},\"sameAs\":[\"https:\/\/facebook.com\/sunoresearch\",\"https:\/\/x.com\/sunoresearch\",\"https:\/\/www.instagram.com\/suno\",\"https:\/\/www.linkedin.com\/company\/suno-research\/\",\"https:\/\/www.youtube.com\/c\/sunoresearch\"]},{\"@type\":\"Person\",\"@id\":\"https:\/\/www.suno.com.br\/noticias\/#\/schema\/person\/829bbe8d57f84333b966b96229c6bf5f\",\"name\":\"Marco Ant\u00f4nio Lopes\",\"image\":{\"@type\":\"ImageObject\",\"inLanguage\":\"pt-BR\",\"@id\":\"https:\/\/www.suno.com.br\/noticias\/#\/schema\/person\/image\/\",\"url\":\"https:\/\/secure.gravatar.com\/avatar\/385167b012fbc1cde32c5446ee253313?s=96&r=g\",\"contentUrl\":\"https:\/\/secure.gravatar.com\/avatar\/385167b012fbc1cde32c5446ee253313?s=96&r=g\",\"caption\":\"Marco Ant\u00f4nio Lopes\"},\"description\":\"Jornalista, \u00e9 editor no Suno Not\u00edcias. Trabalhou nas revistas Playboy, Super, Veja Comer &amp; Beber, Homem Vogue e Universo Masculino, al\u00e9m dos portais Abril.com, R7, nas editorias de Home, Esportes, Hora 7, Entretenimento e Geral, e Eu Quero Investir. Autor do livro Bruce Lee: Definitivo (Editora Conrad). Colaborou nas revistas Nova, Veja SP, Grandes Guerras, Placar, Bizz, Casa Claudia e Quatro Rodas.\",\"url\":\"https:\/\/www.suno.com.br\/noticias\/author\/marco-lopes\/\"}]}<\/script>\n<!-- \/ Yoast SEO plugin. -->","yoast_head_json":{"title":"Bolsonaro demite presidente da Petrobras (PETR4)","description":"O presidente Jair Bolsonaro trocou o comando da Petrobras (PETR4): demitiu o general Joaquim da Silva e Luna da presid\u00eancia da estatal.","robots":{"index":"index","follow":"follow","max-snippet":"max-snippet:-1","max-image-preview":"max-image-preview:large","max-video-preview":"max-video-preview:-1"},"canonical":"https:\/\/www.suno.com.br\/noticias\/bolsonaro-demissao-presidente-petrobras-petr4-jornal\/","og_locale":"pt_BR","og_type":"article","og_title":"Bolsonaro demite presidente da Petrobras (PETR4)","og_description":"O presidente Jair Bolsonaro trocou o comando da Petrobras (PETR4): demitiu o general Joaquim da Silva e Luna da presid\u00eancia da estatal.","og_url":"https:\/\/www.suno.com.br\/noticias\/bolsonaro-demissao-presidente-petrobras-petr4-jornal\/","og_site_name":"Suno Not\u00edcias","article_publisher":"https:\/\/facebook.com\/sunoresearch","og_image":[{"width":1500,"height":874,"url":"https:\/\/files.sunoresearch.com.br\/n\/uploads\/2022\/03\/silva-e-luna-adriano-pires.jpg","type":"image\/jpeg"}],"author":"Marco Ant\u00f4nio Lopes","twitter_card":"summary_large_image","twitter_creator":"@sunoresearch","twitter_site":"@sunoresearch","twitter_misc":{"Escrito por":"Marco Ant\u00f4nio Lopes","Est. tempo de leitura":"10 minutos"},"schema":{"@context":"https:\/\/schema.org","@graph":[{"@type":"NewsArticle","@id":"https:\/\/www.suno.com.br\/noticias\/bolsonaro-demissao-presidente-petrobras-petr4-jornal\/#article","isPartOf":{"@id":"https:\/\/www.suno.com.br\/noticias\/bolsonaro-demissao-presidente-petrobras-petr4-jornal\/"},"author":{"name":"Marco Ant\u00f4nio Lopes","@id":"https:\/\/www.suno.com.br\/noticias\/#\/schema\/person\/829bbe8d57f84333b966b96229c6bf5f"},"headline":"Troca na presid\u00eancia da Petrobras (PETR4): economista Adriano Pires vai substituir Silva e Luna","datePublished":"2022-03-28T20:15:21+00:00","dateModified":"2022-03-29T01:51:02+00:00","mainEntityOfPage":{"@id":"https:\/\/www.suno.com.br\/noticias\/bolsonaro-demissao-presidente-petrobras-petr4-jornal\/"},"wordCount":2343,"publisher":{"@id":"https:\/\/www.suno.com.br\/noticias\/#organization"},"image":{"@id":"https:\/\/www.suno.com.br\/noticias\/bolsonaro-demissao-presidente-petrobras-petr4-jornal\/#primaryimage"},"thumbnailUrl":"https:\/\/files.sunoresearch.com.br\/n\/uploads\/2022\/03\/silva-e-luna-adriano-pires.jpg","keywords":["Petrobras (PETR4)"],"articleSection":["Pol\u00edtica"],"inLanguage":"pt-BR"},{"@type":"WebPage","@id":"https:\/\/www.suno.com.br\/noticias\/bolsonaro-demissao-presidente-petrobras-petr4-jornal\/","url":"https:\/\/www.suno.com.br\/noticias\/bolsonaro-demissao-presidente-petrobras-petr4-jornal\/","name":"Bolsonaro demite presidente da Petrobras (PETR4)","isPartOf":{"@id":"https:\/\/www.suno.com.br\/noticias\/#website"},"primaryImageOfPage":{"@id":"https:\/\/www.suno.com.br\/noticias\/bolsonaro-demissao-presidente-petrobras-petr4-jornal\/#primaryimage"},"image":{"@id":"https:\/\/www.suno.com.br\/noticias\/bolsonaro-demissao-presidente-petrobras-petr4-jornal\/#primaryimage"},"thumbnailUrl":"https:\/\/files.sunoresearch.com.br\/n\/uploads\/2022\/03\/silva-e-luna-adriano-pires.jpg","datePublished":"2022-03-28T20:15:21+00:00","dateModified":"2022-03-29T01:51:02+00:00","description":"O presidente Jair Bolsonaro trocou o comando da Petrobras (PETR4): demitiu o general Joaquim da Silva e Luna da presid\u00eancia da estatal.","breadcrumb":{"@id":"https:\/\/www.suno.com.br\/noticias\/bolsonaro-demissao-presidente-petrobras-petr4-jornal\/#breadcrumb"},"inLanguage":"pt-BR","potentialAction":[{"@type":"ReadAction","target":["https:\/\/www.suno.com.br\/noticias\/bolsonaro-demissao-presidente-petrobras-petr4-jornal\/"]}]},{"@type":"ImageObject","inLanguage":"pt-BR","@id":"https:\/\/www.suno.com.br\/noticias\/bolsonaro-demissao-presidente-petrobras-petr4-jornal\/#primaryimage","url":"https:\/\/files.sunoresearch.com.br\/n\/uploads\/2022\/03\/silva-e-luna-adriano-pires.jpg","contentUrl":"https:\/\/files.sunoresearch.com.br\/n\/uploads\/2022\/03\/silva-e-luna-adriano-pires.jpg","width":1500,"height":874},{"@type":"BreadcrumbList","@id":"https:\/\/www.suno.com.br\/noticias\/bolsonaro-demissao-presidente-petrobras-petr4-jornal\/#breadcrumb","itemListElement":[{"@type":"ListItem","position":1,"name":"Not\u00edcias","item":"https:\/\/www.suno.com.br\/noticias\/"},{"@type":"ListItem","position":2,"name":"Pol\u00edtica","item":"https:\/\/www.suno.com.br\/noticias\/politica\/"},{"@type":"ListItem","position":3,"name":"Troca na presid\u00eancia da Petrobras (PETR4): economista Adriano Pires vai substituir Silva e Luna"}]},{"@type":"WebSite","@id":"https:\/\/www.suno.com.br\/noticias\/#website","url":"https:\/\/www.suno.com.br\/noticias\/","name":"Suno Not\u00edcias","description":"Seu portal de informa\u00e7\u00e3o sobre o mundo dos investimentos","publisher":{"@id":"https:\/\/www.suno.com.br\/noticias\/#organization"},"potentialAction":[{"@type":"SearchAction","target":{"@type":"EntryPoint","urlTemplate":"https:\/\/www.suno.com.br\/noticias\/?s={search_term_string}"},"query-input":{"@type":"PropertyValueSpecification","valueRequired":true,"valueName":"search_term_string"}}],"inLanguage":"pt-BR"},{"@type":"Organization","@id":"https:\/\/www.suno.com.br\/noticias\/#organization","name":"Suno Not\u00edcias","url":"https:\/\/www.suno.com.br\/noticias\/","logo":{"@type":"ImageObject","inLanguage":"pt-BR","@id":"https:\/\/www.suno.com.br\/noticias\/#\/schema\/logo\/image\/","url":"https:\/\/files.sunoresearch.com.br\/n\/uploads\/2021\/09\/suno-logo.png","contentUrl":"https:\/\/files.sunoresearch.com.br\/n\/uploads\/2021\/09\/suno-logo.png","width":180,"height":180,"caption":"Suno Not\u00edcias"},"image":{"@id":"https:\/\/www.suno.com.br\/noticias\/#\/schema\/logo\/image\/"},"sameAs":["https:\/\/facebook.com\/sunoresearch","https:\/\/x.com\/sunoresearch","https:\/\/www.instagram.com\/suno","https:\/\/www.linkedin.com\/company\/suno-research\/","https:\/\/www.youtube.com\/c\/sunoresearch"]},{"@type":"Person","@id":"https:\/\/www.suno.com.br\/noticias\/#\/schema\/person\/829bbe8d57f84333b966b96229c6bf5f","name":"Marco Ant\u00f4nio Lopes","image":{"@type":"ImageObject","inLanguage":"pt-BR","@id":"https:\/\/www.suno.com.br\/noticias\/#\/schema\/person\/image\/","url":"https:\/\/secure.gravatar.com\/avatar\/385167b012fbc1cde32c5446ee253313?s=96&r=g","contentUrl":"https:\/\/secure.gravatar.com\/avatar\/385167b012fbc1cde32c5446ee253313?s=96&r=g","caption":"Marco Ant\u00f4nio Lopes"},"description":"Jornalista, \u00e9 editor no Suno Not\u00edcias. Trabalhou nas revistas Playboy, Super, Veja Comer &amp; Beber, Homem Vogue e Universo Masculino, al\u00e9m dos portais Abril.com, R7, nas editorias de Home, Esportes, Hora 7, Entretenimento e Geral, e Eu Quero Investir. Autor do livro Bruce Lee: Definitivo (Editora Conrad). Colaborou nas revistas Nova, Veja SP, Grandes Guerras, Placar, Bizz, Casa Claudia e Quatro Rodas.","url":"https:\/\/www.suno.com.br\/noticias\/author\/marco-lopes\/"}]}},"default_loop_html":"<div class=\"cardsPage__listCard__boxs\"><div class=\"cardsPage__listCard__boxs__img\"><a href=\"https:\/\/www.suno.com.br\/noticias\/petrobras-petr4-reducao-precos-petroleo-adiantara-decisoes\/\"><img class=\"mask\" src=\"https:\/\/www.suno.com.br\/noticias\/wp-content\/themes\/suno\/resources\/images\/spotlight\/spotlight1img\/bg-mask.png\" alt=\"Image Mask\"\/><img src=\"https:\/\/files.sunoresearch.com.br\/n\/uploads\/2022\/03\/Sede2-400x200.jpg\" alt=\"Petrobras (PETR4) diz que &#8216;observa redu\u00e7\u00e3o dos pre\u00e7os&#8217; de petr\u00f3leo, mas n\u00e3o adiantar\u00e1 decis\u00f5es\"\/><\/a><span class=\"spotlightCategory\"><a href=\"https:\/\/www.suno.com.br\/noticias\/negocios\/\">Neg\u00f3cios<\/a><\/span><\/div><div class=\"cardsPage__listCard__boxs__content\"><a href=\"https:\/\/www.suno.com.br\/noticias\/petrobras-petr4-reducao-precos-petroleo-adiantara-decisoes\/\"><h2 class=\"content__title\">Petrobras (PETR4) diz que &#8216;observa redu\u00e7\u00e3o dos pre\u00e7os&#8217; de petr\u00f3leo, mas n\u00e3o adiantar\u00e1 decis\u00f5es<\/h2><\/a><div class=\"newsContent__article__meta\"><div class=\"newsContent__article__meta__authorBox\"><a href=\"https:\/\/www.suno.com.br\/noticias\/author\/pedro-caramurusuno-com-br\/\" class=\"authorBox__avatar noMobi\"><img src=\"https:\/\/secure.gravatar.com\/avatar\/1a3f15d3553507ae7a2debc6ea0ad87b?s=96&#038;r=g\" alt=\"Pedro Caramuru\"><\/a><div class=\"authorBox__name\"><span>por\n\t\t\t<a href=\"https:\/\/www.suno.com.br\/noticias\/author\/pedro-caramurusuno-com-br\/\"><span itemprop=\"author\">Pedro Caramuru<\/span><\/a><\/span><time datetime=\"2022-03-18T10:07:51-03:00\" itemprop=\"datePublished\">18\/03\/2022 10:07<\/time><\/div><\/div><\/div><\/div><\/div>","single_layout":"posts","amp_enabled":true,"_links":{"self":[{"href":"https:\/\/www.suno.com.br\/noticias\/wp-json\/wp\/v2\/posts\/245705"}],"collection":[{"href":"https:\/\/www.suno.com.br\/noticias\/wp-json\/wp\/v2\/posts"}],"about":[{"href":"https:\/\/www.suno.com.br\/noticias\/wp-json\/wp\/v2\/types\/post"}],"author":[{"embeddable":true,"href":"https:\/\/www.suno.com.br\/noticias\/wp-json\/wp\/v2\/users\/98"}],"replies":[{"embeddable":true,"href":"https:\/\/www.suno.com.br\/noticias\/wp-json\/wp\/v2\/comments?post=245705"}],"version-history":[{"count":3,"href":"https:\/\/www.suno.com.br\/noticias\/wp-json\/wp\/v2\/posts\/245705\/revisions"}],"predecessor-version":[{"id":245856,"href":"https:\/\/www.suno.com.br\/noticias\/wp-json\/wp\/v2\/posts\/245705\/revisions\/245856"}],"wp:featuredmedia":[{"embeddable":true,"href":"https:\/\/www.suno.com.br\/noticias\/wp-json\/wp\/v2\/media\/245811"}],"wp:attachment":[{"href":"https:\/\/www.suno.com.br\/noticias\/wp-json\/wp\/v2\/media?parent=245705"}],"wp:term":[{"taxonomy":"category","embeddable":true,"href":"https:\/\/www.suno.com.br\/noticias\/wp-json\/wp\/v2\/categories?post=245705"},{"taxonomy":"post_tag","embeddable":true,"href":"https:\/\/www.suno.com.br\/noticias\/wp-json\/wp\/v2\/tags?post=245705"},{"taxonomy":"suno_strategy","embeddable":true,"href":"https:\/\/www.suno.com.br\/noticias\/wp-json\/wp\/v2\/suno_strategy?post=245705"}],"curies":[{"name":"wp","href":"https:\/\/api.w.org\/{rel}","templated":true}]}}