{"id":24537,"date":"2019-05-14T17:39:37","date_gmt":"2019-05-14T20:39:37","guid":{"rendered":"https:\/\/www.suno.com.br\/noticias\/?p=24537"},"modified":"2021-06-13T23:45:33","modified_gmt":"2021-06-14T02:45:33","slug":"ibovespa-fechamento14052019","status":"publish","type":"post","link":"https:\/\/www.suno.com.br\/noticias\/ibovespa-fechamento14052019\/","title":{"rendered":"Ibovespa sobe puxado pela JBS e Eletrobras, apesar da guerra comercial"},"content":{"rendered":"<p>O Ibovespa finalizou esta ter\u00e7a-feira (14) com expans\u00e3o de\u00a00,4%, com<strong>\u00a092.092,44 pontos<\/strong>. A alta foi impulsionada pelos <strong>balan\u00e7os<\/strong> positivos de empresas como a <strong>JBS<\/strong> e a estatal <strong>Eletrobras<\/strong>, que fizeram o apetite por risco dos investidores aumentar.<\/p>\t<div class=\"wrapper-featured-image\">\n\t\t<figure class=\"spotlightImg\">\n\n\t\t\t<picture>\n\t\t\t\t<source media=\"(max-width: 768px)\" srcset=\"https:\/\/files.sunoresearch.com.br\/n\/uploads\/2019\/03\/a43ec7b1-btg-pactual-400x200.webp\">\n\t\t\t\t<img loading=\"lazy\" decoding=\"async\" class=\"newsContent__article__imgCapa lazyloadDisabled newsContent__article__imgCapa--noCaption\" src=\"https:\/\/files.sunoresearch.com.br\/n\/uploads\/2019\/03\/a43ec7b1-btg-pactual-800x450.webp\" width=\"800\" height=\"450\" alt=\"Ibovespa sobe puxado pela JBS e Eletrobras, apesar da guerra comercial\" fetchpriority=high \/>\n\t\t\t<\/picture>\n\n\t\t\t<figcaption class=\"wp-caption-text wp-caption-text--hide\">Ibovespa fecha em alta com otimismo interno e externo. (divulga\u00e7\u00e3o)<\/figcaption>\n\t\t<\/figure>\n\t<\/div>\n\n\n<p>O movimento de alta do <strong>Ibovespa<\/strong> ocorreu apesar da falta de acordo na <strong>guerra comercial<\/strong> protagonizada pela <strong>China<\/strong> e os <strong>Estados Unidos<\/strong>.<\/p>\n<p>Al\u00e9m disso, o ministro da Economia brasileiro, Paulo <strong>Guedes<\/strong>, afirmou que os gastos com a Previd\u00eancia s\u00e3o &#8220;<strong>buraco negro fiscal<\/strong>&#8221; para o Pa\u00eds.<\/p>\n<p>A pontua\u00e7\u00e3o m\u00ednima do <strong>Ibovespa<\/strong> foi de\u00a091.562,45 pontos, e a m\u00e1xima de\u00a092.528,53 pontos.<\/p>\n\t<p>\n\t\t<a href=\"https:\/\/lp.suno.com.br\/asset\/fundos\/suno-fic-fia\/\" target=\"_blank\" data-element=\"shortcode-suno-banner\" title=\"Banner SUNO, clique e saiba mais\">\n\t\t\t<picture>\n\t\t\t\t<source media=\"(max-width: 500px)\" srcset=\"https:\/\/files.sunoresearch.com.br\/n\/uploads\/2023\/10\/SUNO-FIC-FIA-400x300-Mobile-Artigos-5-v3.png\">\n\t\t\t\t<img class=\"newsContent__article__imgCapa newsContent__article__imgCapa--banner\"\n\t\t\t\t\tsrc=\"https:\/\/files.sunoresearch.com.br\/n\/uploads\/2023\/10\/SUNO-FIC-FIA-1420x240-Banner-Artigos-1-_-Banner-Materias-4-v3-png.webp\"\n\t\t\t\t\tdata-promo-id=\"478744\"\t\t\t\t\t\t\t\t\t\twidth='2560' height='433'\t\t\t\t\talt=\"https:\/\/files.sunoresearch.com.br\/n\/uploads\/2023\/10\/SUNO-FIC-FIA-1420x240-Banner-Artigos-1-_-Banner-Materias-4-v3-png.webp\"\n\t\t\t\t>\n\t\t\t<\/picture>\n\t\t<\/a>\n\t<\/p>\n\n\n<h2>Guerra comercial: negocia\u00e7\u00f5es continuar\u00e3o<\/h2>\n<p>De acordo com o pronunciamento feito nesta ter\u00e7a-feira pelo governo da <strong>China<\/strong>, os chineses e os <strong>Estados Unidos<\/strong> da Am\u00e9rica (EUA) concordaram em prosseguir com as <strong>negocia\u00e7\u00f5es\u00a0<\/strong>a fim de alcan\u00e7ar um acordo comercial.<\/p>\n<p>Na \u00faltima sexta-feira (10) o presidente norte-americano, Donald <strong>Trump<\/strong>, decidiu colocar em vigor o aumento nas <strong>tarifas<\/strong> alfandeg\u00e1rias sobre os produtos importados chineses. Sobre US$ 200 bilh\u00f5es de produtos, as tarifas subiram de 10% para 25%.<\/p>\n<p>Em <strong>retalia\u00e7\u00e3o<\/strong>, na \u00faltima segunda-feira (13) a <strong>China<\/strong> decidiu aumentar as taxas sobre produtos norte-americanos. A <strong><a href=\"https:\/\/www.suno.com.br\/artigos\/guerra-comercial\/\">guerra comercial<\/a><\/strong> tem preocupado os investidores.<\/p>\n<p><a href=\"https:\/\/www.suno.com.br\/noticias\/china-eua-guerra-comercial\/\">Saiba mais &#8211;\u00a0China e EUA concordaram em continuar as negocia\u00e7\u00f5es<\/a><\/p>\n<p>\u201cMeu entendimento \u00e9 de que a <strong>China<\/strong> e os <strong>EUA<\/strong> concordaram em continuar buscando <strong>discuss\u00f5es relevantes<\/strong>. Quanto \u00e1 maneira, acho que isso depende de mais consultas entre ambos os lados\u201d, afirmou o porta voz do Minist\u00e9rio das Rela\u00e7\u00f5es Exteriores da China, Geng Shuang.<\/p>\n<p>Pela manh\u00e3, Donald <strong>Trump<\/strong> voltou a enaltecer sua rela\u00e7\u00e3o com o presidente da China, Xi Jinping.<\/p>\n<p>&#8220;No momento certo n\u00f3s faremos um acordo comercial com a China. Meu respeito e <strong>amizade<\/strong> com o presidente Xi \u00e9 ilimitado, mas, como eu disse para ele muitas vezes antes, este deve ser um grande acordo para os Estados Unidos ou isso n\u00e3o faz sentido algum&#8221;, publicou Trump no Twitter.<\/p>\n<p>&#8220;N\u00f3s temos que ter permiss\u00e3o para fazer algo na terra comercial que perdemos para a China desde a rid\u00edcula forma\u00e7\u00e3o unilateral da <strong>Organiza\u00e7\u00e3o Mundial do Com\u00e9rcio<\/strong> (OMC). E isso vai acontecer, muito mais r\u00e1pido dos que as pessoas pensam!&#8221;, finalizou o presidente dos EUA.<\/p>\n<h2>Guedes chama Previd\u00eancia de &#8220;buraco negro fiscal&#8221;<\/h2>\n<p>O ministro da Economia, <a href=\"https:\/\/www.suno.com.br\/tudo-sobre\/paulo-guedes\/\">Paulo <strong>Guedes<\/strong><\/a>, afirmou\u00a0&#8220;o buraco da <strong>Previd\u00eancia<\/strong> virou um <strong>buraco negro fiscal<\/strong> que amea\u00e7a engolir o Brasil&#8221;. A fala foi dita em\u00a0audi\u00eancia p\u00fablica na Comiss\u00e3o Mista de Or\u00e7amento.<\/p>\n<p>Conforme <strong>Guedes<\/strong>, o principal respons\u00e1vel pelos resultados negativos das contas p\u00fablicas \u00e9 a <strong>Previd\u00eancia Social<\/strong>.<\/p>\n<p>\u201cIndependente do mercado querer que as coisas aconte\u00e7am rapidamente, a nossa realidade \u00e9 que n\u00f3s estamos no<strong> fundo do po\u00e7o<\/strong>. Ent\u00e3o, n\u00e3o adianta achar que n\u00f3s vamos crescer por fora, que vamos crescer 3%. N\u00e3o \u00e9 a nossa <strong>realidade<\/strong>. A nossa realidade \u00e9 o seguinte: estamos l\u00e1 no fundo. Agora est\u00e1 nas m\u00e3os da Casa [Congresso Nacional] nos tirar do fundo do po\u00e7o, com esse equacionamento fiscal\u201d, disse o ministro.<\/p>\n<p>\u201cAs pessoas dizem: &#8216;A economia n\u00e3o est\u00e1 respondendo rapidamente&#8217;. Eu pergunto: &#8216;Respondendo a qu\u00ea?&#8217; Se \u00e9 para responder, \u00e9 para responder a alguma coisa. O que que n\u00f3s fizemos para ela crescer? N\u00f3s n\u00e3o aprovamos nada. N\u00e3o fizemos nada, como ela vai sair crescendo? S\u00f3 na base da saliva, da <strong>expectativa<\/strong>, do sonho? N\u00e3o\u201d, opinou Guedes.<\/p>\n\t<p>\n\t\t<a href=\"https:\/\/lp2.suno.com.br\/pv\/bolsa-para-iniciantes?utm_campaign=_SNC757A2733_rs.mpr26---meu-primeiro-rendimento---venda---not\u00edcias&#038;utm_source=suno-not\u00edcias&#038;utm_medium=banner.noticias\" target=\"_blank\" data-element=\"shortcode-suno-banner\" title=\"Banner SUNO, clique e saiba mais\">\n\t\t\t<picture>\n\t\t\t\t<source media=\"(max-width: 500px)\" srcset=\"https:\/\/files.sunoresearch.com.br\/n\/uploads\/2026\/04\/400x300-Banner-Materias-01-png.webp\">\n\t\t\t\t<img class=\"newsContent__article__imgCapa newsContent__article__imgCapa--banner\"\n\t\t\t\t\tsrc=\"https:\/\/files.sunoresearch.com.br\/n\/uploads\/2026\/04\/1420x240-Banner-Materias-01-png.webp\"\n\t\t\t\t\tdata-promo-id=\"647482\"\t\t\t\t\t\t\t\t\t\twidth='1420' height='240'\t\t\t\t\talt=\"https:\/\/files.sunoresearch.com.br\/n\/uploads\/2026\/04\/1420x240-Banner-Materias-01-png.webp\"\n\t\t\t\t>\n\t\t\t<\/picture>\n\t\t<\/a>\n\t<\/p>\n\n\n<h2>JBS e BRF sobem e s\u00e3o destaques do Ibovespa<\/h2>\n<p>Na teleconfer\u00eancia para comentar os resultados do primeiro trimestre de 2019, o CEO da JBS (IBSS3),\u00a0Gilberto Tomazoni, citou o surto de peste su\u00edna africana na China.<\/p>\n<p>&#8220;No Brasil, j\u00e1 estamos vendo um aumento nas <strong>exporta\u00e7\u00f5es<\/strong> de <strong>carne su\u00edna<\/strong>. Tanto em volume quanto em pre\u00e7o&#8221;, afirmou Tomazoni.<\/p>\n<p>As a\u00e7\u00f5es da JBS e da BRF (BRFS3), ambas do setor de prote\u00ednas, tiveram ascens\u00e3o nesta data.<\/p>\n<p><a href=\"https:\/\/www.suno.com.br\/noticias\/jbs-peste-suina-china-lucro\/\">Saiba mais &#8211;\u00a0JBS sobe 8% ap\u00f3s CEO dizer que peste su\u00edna na China alavancou lucro<\/a><\/p>\n<h2>Eletrobras divulga balan\u00e7o<\/h2>\n<p>A demonstra\u00e7\u00e3o financeira do <strong>primeiro trimestre de 2019<\/strong> da Eletrobras (ELET3) foi divulgada na noite da \u00faltima segunda-feira (14).\u00a0A empresa estatal registrou<strong> lucro l\u00edquido<\/strong> de R$ 1,3 bilh\u00e3o. Tal valor \u00e9 correspondente a um crescimento de 178%.<\/p>\n<p>O <strong>Ebtida<\/strong> da <strong>Eletrobras<\/strong> obteve aumento positivo de 15%, atingindo R$ 2,9 milh\u00f5es.<\/p>\n<p><a href=\"https:\/\/www.suno.com.br\/noticias\/eletrobras-lucro-liquido-balanco\/\">Saiba mais &#8211;\u00a0Eletrobras tem alta de 178% no lucro l\u00edquido no 1T19<\/a><\/p>\n<h2>Bolsas internacionais<\/h2>\n<ul>\n<li>Nasdaq (Estados Unidos): alta de 1,14%<\/li>\n<li>FTSE 100 (Reino Unido): alta de 1,09%<\/li>\n<li>Nikkei (Jap\u00e3o): baixa de 0,59%<\/li>\n<li>CAC40 (Fran\u00e7a): alta de 1,5%<\/li>\n<\/ul>\n<h2>Maiores altas do Ibovespa<\/h2>\n<ul>\n<li>JBSS3 alta de 8,36% (R$ 21,39)<\/li>\n<li>ELET3 alta de 6,84% (R$ 32,16)<\/li>\n<li>CSNA3 alta de 4,52% (R$ 14,33)<\/li>\n<li>BRFS3 alta de 4,27% (R$ 31,26)<\/li>\n<li>ELET6 alta de 4,08% (R$ 33,45)<\/li>\n<\/ul>\n<h2>Maiores quedas do Ibovespa<\/h2>\n<ul>\n<li>AZUL4 queda de 3,96% (R$ 35,15)<\/li>\n<li>VVAR3 queda de 3,81% (R$ 4,55)<\/li>\n<li>SMLS3 queda de\u00a03,15% (R$ 41,55)<\/li>\n<li>GOLL4 queda de 2,78% (R$ 23,05)<\/li>\n<li>BRDT3 queda de 2,67% (R$ 22,95)<\/li>\n<\/ul>\n","protected":false},"excerpt":{"rendered":"<p>O Ibovespa finalizou esta ter\u00e7a-feira (14) com expans\u00e3o de\u00a00,4%, com\u00a092.092,44 pontos. A alta foi impulsionada pelos balan\u00e7os positivos de empresas como a JBS e a estatal Eletrobras, que fizeram o apetite por risco dos investidores aumentar. Ibovespa fecha em alta com otimismo interno e externo. (divulga\u00e7\u00e3o) O movimento de alta do Ibovespa ocorreu apesar da [&hellip;]<\/p>\n","protected":false},"author":12,"featured_media":18020,"comment_status":"closed","ping_status":"closed","sticky":false,"template":"","format":"standard","meta":[],"categories":[60],"tags":[397,711,455,793,980,721,521,796,940],"suno_strategy":[],"class_list":["post-24537","post","type-post","status-publish","format-standard","has-post-thumbnail","hentry","category-mercado","tag-brf-brfs3","tag-china","tag-eletrobras-elet3-elet5-elet6","tag-estados-unidos-eua","tag-guerra-comercial","tag-ibovespa","tag-jbs-jbss3","tag-paulo-guedes","tag-reforma-da-previdencia"],"yoast_head":"<!-- This site is optimized with the Yoast SEO plugin v24.4 - https:\/\/yoast.com\/wordpress\/plugins\/seo\/ -->\n<title>Ibovespa sobe puxado pela JBS e Eletrobras, apesar da guerra comercial<\/title>\n<meta name=\"description\" content=\"O Ibovespa encerrou em leve alta, que foi estimulada pelo avan\u00e7o da JBS, da BRF e do balan\u00e7o da Eletrobras. Clique para saber mais.\" \/>\n<meta name=\"robots\" content=\"index, follow, max-snippet:-1, max-image-preview:large, max-video-preview:-1\" \/>\n<link rel=\"canonical\" href=\"https:\/\/www.suno.com.br\/noticias\/ibovespa-fechamento14052019\/\" \/>\n<meta property=\"og:locale\" content=\"pt_BR\" \/>\n<meta property=\"og:type\" content=\"article\" \/>\n<meta property=\"og:title\" content=\"Ibovespa sobe puxado pela JBS e Eletrobras, apesar da guerra comercial\" \/>\n<meta property=\"og:description\" content=\"O Ibovespa encerrou em leve alta, que foi estimulada pelo avan\u00e7o da JBS, da BRF e do balan\u00e7o da Eletrobras. Clique para saber mais.\" \/>\n<meta property=\"og:url\" content=\"https:\/\/www.suno.com.br\/noticias\/ibovespa-fechamento14052019\/\" \/>\n<meta property=\"og:site_name\" content=\"Suno Not\u00edcias\" \/>\n<meta property=\"article:publisher\" content=\"https:\/\/facebook.com\/sunoresearch\" \/>\n<meta property=\"og:image\" content=\"https:\/\/files.sunoresearch.com.br\/n\/uploads\/2019\/03\/a43ec7b1-btg-pactual.jpg\" \/>\n\t<meta property=\"og:image:width\" content=\"1024\" \/>\n\t<meta property=\"og:image:height\" content=\"768\" \/>\n\t<meta property=\"og:image:type\" content=\"image\/jpeg\" \/>\n<meta name=\"author\" content=\"Amanda Gushiken\" \/>\n<meta name=\"twitter:card\" content=\"summary_large_image\" \/>\n<meta name=\"twitter:creator\" content=\"@sunoresearch\" \/>\n<meta name=\"twitter:site\" content=\"@sunoresearch\" \/>\n<meta name=\"twitter:label1\" content=\"Escrito por\" \/>\n\t<meta name=\"twitter:data1\" content=\"Amanda Gushiken\" \/>\n\t<meta name=\"twitter:label2\" content=\"Est. tempo de leitura\" \/>\n\t<meta name=\"twitter:data2\" content=\"4 minutos\" \/>\n<script type=\"application\/ld+json\" class=\"yoast-schema-graph\">{\"@context\":\"https:\/\/schema.org\",\"@graph\":[{\"@type\":\"NewsArticle\",\"@id\":\"https:\/\/www.suno.com.br\/noticias\/ibovespa-fechamento14052019\/#article\",\"isPartOf\":{\"@id\":\"https:\/\/www.suno.com.br\/noticias\/ibovespa-fechamento14052019\/\"},\"author\":{\"name\":\"Amanda Gushiken\",\"@id\":\"https:\/\/www.suno.com.br\/noticias\/#\/schema\/person\/a5b06fa4e879d8e8e119c6ed3cd630d1\"},\"headline\":\"Ibovespa sobe puxado pela JBS e Eletrobras, apesar da guerra comercial\",\"datePublished\":\"2019-05-14T20:39:37+00:00\",\"dateModified\":\"2021-06-14T02:45:33+00:00\",\"mainEntityOfPage\":{\"@id\":\"https:\/\/www.suno.com.br\/noticias\/ibovespa-fechamento14052019\/\"},\"wordCount\":827,\"publisher\":{\"@id\":\"https:\/\/www.suno.com.br\/noticias\/#organization\"},\"image\":{\"@id\":\"https:\/\/www.suno.com.br\/noticias\/ibovespa-fechamento14052019\/#primaryimage\"},\"thumbnailUrl\":\"https:\/\/files.sunoresearch.com.br\/n\/uploads\/2019\/03\/a43ec7b1-btg-pactual-jpg.webp\",\"keywords\":[\"BRF (BRFS3)\",\"China\",\"Eletrobras (ELET3\/ELET5\/ELET6)\",\"Estados Unidos (EUA)\",\"guerra comercial\",\"Ibovespa\",\"JBS (JBSS3)\",\"Paulo Guedes\",\"Reforma da Previd\u00eancia\"],\"articleSection\":[\"Mercado\"],\"inLanguage\":\"pt-BR\"},{\"@type\":\"WebPage\",\"@id\":\"https:\/\/www.suno.com.br\/noticias\/ibovespa-fechamento14052019\/\",\"url\":\"https:\/\/www.suno.com.br\/noticias\/ibovespa-fechamento14052019\/\",\"name\":\"Ibovespa sobe puxado pela JBS e Eletrobras, apesar da guerra comercial\",\"isPartOf\":{\"@id\":\"https:\/\/www.suno.com.br\/noticias\/#website\"},\"primaryImageOfPage\":{\"@id\":\"https:\/\/www.suno.com.br\/noticias\/ibovespa-fechamento14052019\/#primaryimage\"},\"image\":{\"@id\":\"https:\/\/www.suno.com.br\/noticias\/ibovespa-fechamento14052019\/#primaryimage\"},\"thumbnailUrl\":\"https:\/\/files.sunoresearch.com.br\/n\/uploads\/2019\/03\/a43ec7b1-btg-pactual-jpg.webp\",\"datePublished\":\"2019-05-14T20:39:37+00:00\",\"dateModified\":\"2021-06-14T02:45:33+00:00\",\"description\":\"O Ibovespa encerrou em leve alta, que foi estimulada pelo avan\u00e7o da JBS, da BRF e do balan\u00e7o da Eletrobras. Clique para saber mais.\",\"breadcrumb\":{\"@id\":\"https:\/\/www.suno.com.br\/noticias\/ibovespa-fechamento14052019\/#breadcrumb\"},\"inLanguage\":\"pt-BR\",\"potentialAction\":[{\"@type\":\"ReadAction\",\"target\":[\"https:\/\/www.suno.com.br\/noticias\/ibovespa-fechamento14052019\/\"]}]},{\"@type\":\"ImageObject\",\"inLanguage\":\"pt-BR\",\"@id\":\"https:\/\/www.suno.com.br\/noticias\/ibovespa-fechamento14052019\/#primaryimage\",\"url\":\"https:\/\/files.sunoresearch.com.br\/n\/uploads\/2019\/03\/a43ec7b1-btg-pactual-jpg.webp\",\"contentUrl\":\"https:\/\/files.sunoresearch.com.br\/n\/uploads\/2019\/03\/a43ec7b1-btg-pactual-jpg.webp\",\"width\":1024,\"height\":768,\"caption\":\"Ibovespa fecha em alta com otimismo interno e externo. (divulga\u00e7\u00e3o)\"},{\"@type\":\"BreadcrumbList\",\"@id\":\"https:\/\/www.suno.com.br\/noticias\/ibovespa-fechamento14052019\/#breadcrumb\",\"itemListElement\":[{\"@type\":\"ListItem\",\"position\":1,\"name\":\"Not\u00edcias\",\"item\":\"https:\/\/www.suno.com.br\/noticias\/\"},{\"@type\":\"ListItem\",\"position\":2,\"name\":\"Mercado\",\"item\":\"https:\/\/www.suno.com.br\/noticias\/mercado\/\"},{\"@type\":\"ListItem\",\"position\":3,\"name\":\"Ibovespa sobe puxado pela JBS e Eletrobras, apesar da guerra comercial\"}]},{\"@type\":\"WebSite\",\"@id\":\"https:\/\/www.suno.com.br\/noticias\/#website\",\"url\":\"https:\/\/www.suno.com.br\/noticias\/\",\"name\":\"Suno Not\u00edcias\",\"description\":\"Seu portal de informa\u00e7\u00e3o sobre o mundo dos investimentos\",\"publisher\":{\"@id\":\"https:\/\/www.suno.com.br\/noticias\/#organization\"},\"potentialAction\":[{\"@type\":\"SearchAction\",\"target\":{\"@type\":\"EntryPoint\",\"urlTemplate\":\"https:\/\/www.suno.com.br\/noticias\/?s={search_term_string}\"},\"query-input\":{\"@type\":\"PropertyValueSpecification\",\"valueRequired\":true,\"valueName\":\"search_term_string\"}}],\"inLanguage\":\"pt-BR\"},{\"@type\":\"Organization\",\"@id\":\"https:\/\/www.suno.com.br\/noticias\/#organization\",\"name\":\"Suno Not\u00edcias\",\"url\":\"https:\/\/www.suno.com.br\/noticias\/\",\"logo\":{\"@type\":\"ImageObject\",\"inLanguage\":\"pt-BR\",\"@id\":\"https:\/\/www.suno.com.br\/noticias\/#\/schema\/logo\/image\/\",\"url\":\"https:\/\/files.sunoresearch.com.br\/n\/uploads\/2021\/09\/suno-logo.png\",\"contentUrl\":\"https:\/\/files.sunoresearch.com.br\/n\/uploads\/2021\/09\/suno-logo.png\",\"width\":180,\"height\":180,\"caption\":\"Suno Not\u00edcias\"},\"image\":{\"@id\":\"https:\/\/www.suno.com.br\/noticias\/#\/schema\/logo\/image\/\"},\"sameAs\":[\"https:\/\/facebook.com\/sunoresearch\",\"https:\/\/x.com\/sunoresearch\",\"https:\/\/www.instagram.com\/suno\",\"https:\/\/www.linkedin.com\/company\/suno-research\/\",\"https:\/\/www.youtube.com\/c\/sunoresearch\"]},{\"@type\":\"Person\",\"@id\":\"https:\/\/www.suno.com.br\/noticias\/#\/schema\/person\/a5b06fa4e879d8e8e119c6ed3cd630d1\",\"name\":\"Amanda Gushiken\",\"image\":{\"@type\":\"ImageObject\",\"inLanguage\":\"pt-BR\",\"@id\":\"https:\/\/www.suno.com.br\/noticias\/#\/schema\/person\/image\/\",\"url\":\"https:\/\/secure.gravatar.com\/avatar\/ecd84705e6b65e3685ae80d725501fbe?s=96&r=g\",\"contentUrl\":\"https:\/\/secure.gravatar.com\/avatar\/ecd84705e6b65e3685ae80d725501fbe?s=96&r=g\",\"caption\":\"Amanda Gushiken\"},\"description\":\"Amanda Sayuri Gushiken escreve sobre finan\u00e7as e neg\u00f3cios para o portal Suno Not\u00edcias. Antes, trabalhou selecionando not\u00edcias da imprensa para clientes do mercado financeiro. Tamb\u00e9m desenvolveu pesquisa acad\u00eamica pela Universidade Anhembi Morumbi na \u00e1rea de Teorias da Comunica\u00e7\u00e3o e \u00e9 fot\u00f3grafa nas horas vagas.\",\"url\":\"https:\/\/www.suno.com.br\/noticias\/author\/amanda\/\"}]}<\/script>\n<!-- \/ Yoast SEO plugin. -->","yoast_head_json":{"title":"Ibovespa sobe puxado pela JBS e Eletrobras, apesar da guerra comercial","description":"O Ibovespa encerrou em leve alta, que foi estimulada pelo avan\u00e7o da JBS, da BRF e do balan\u00e7o da Eletrobras. Clique para saber mais.","robots":{"index":"index","follow":"follow","max-snippet":"max-snippet:-1","max-image-preview":"max-image-preview:large","max-video-preview":"max-video-preview:-1"},"canonical":"https:\/\/www.suno.com.br\/noticias\/ibovespa-fechamento14052019\/","og_locale":"pt_BR","og_type":"article","og_title":"Ibovespa sobe puxado pela JBS e Eletrobras, apesar da guerra comercial","og_description":"O Ibovespa encerrou em leve alta, que foi estimulada pelo avan\u00e7o da JBS, da BRF e do balan\u00e7o da Eletrobras. Clique para saber mais.","og_url":"https:\/\/www.suno.com.br\/noticias\/ibovespa-fechamento14052019\/","og_site_name":"Suno Not\u00edcias","article_publisher":"https:\/\/facebook.com\/sunoresearch","og_image":[{"width":1024,"height":768,"url":"https:\/\/files.sunoresearch.com.br\/n\/uploads\/2019\/03\/a43ec7b1-btg-pactual.jpg","type":"image\/jpeg"}],"author":"Amanda Gushiken","twitter_card":"summary_large_image","twitter_creator":"@sunoresearch","twitter_site":"@sunoresearch","twitter_misc":{"Escrito por":"Amanda Gushiken","Est. tempo de leitura":"4 minutos"},"schema":{"@context":"https:\/\/schema.org","@graph":[{"@type":"NewsArticle","@id":"https:\/\/www.suno.com.br\/noticias\/ibovespa-fechamento14052019\/#article","isPartOf":{"@id":"https:\/\/www.suno.com.br\/noticias\/ibovespa-fechamento14052019\/"},"author":{"name":"Amanda Gushiken","@id":"https:\/\/www.suno.com.br\/noticias\/#\/schema\/person\/a5b06fa4e879d8e8e119c6ed3cd630d1"},"headline":"Ibovespa sobe puxado pela JBS e Eletrobras, apesar da guerra comercial","datePublished":"2019-05-14T20:39:37+00:00","dateModified":"2021-06-14T02:45:33+00:00","mainEntityOfPage":{"@id":"https:\/\/www.suno.com.br\/noticias\/ibovespa-fechamento14052019\/"},"wordCount":827,"publisher":{"@id":"https:\/\/www.suno.com.br\/noticias\/#organization"},"image":{"@id":"https:\/\/www.suno.com.br\/noticias\/ibovespa-fechamento14052019\/#primaryimage"},"thumbnailUrl":"https:\/\/files.sunoresearch.com.br\/n\/uploads\/2019\/03\/a43ec7b1-btg-pactual-jpg.webp","keywords":["BRF (BRFS3)","China","Eletrobras (ELET3\/ELET5\/ELET6)","Estados Unidos (EUA)","guerra comercial","Ibovespa","JBS (JBSS3)","Paulo Guedes","Reforma da Previd\u00eancia"],"articleSection":["Mercado"],"inLanguage":"pt-BR"},{"@type":"WebPage","@id":"https:\/\/www.suno.com.br\/noticias\/ibovespa-fechamento14052019\/","url":"https:\/\/www.suno.com.br\/noticias\/ibovespa-fechamento14052019\/","name":"Ibovespa sobe puxado pela JBS e Eletrobras, apesar da guerra comercial","isPartOf":{"@id":"https:\/\/www.suno.com.br\/noticias\/#website"},"primaryImageOfPage":{"@id":"https:\/\/www.suno.com.br\/noticias\/ibovespa-fechamento14052019\/#primaryimage"},"image":{"@id":"https:\/\/www.suno.com.br\/noticias\/ibovespa-fechamento14052019\/#primaryimage"},"thumbnailUrl":"https:\/\/files.sunoresearch.com.br\/n\/uploads\/2019\/03\/a43ec7b1-btg-pactual-jpg.webp","datePublished":"2019-05-14T20:39:37+00:00","dateModified":"2021-06-14T02:45:33+00:00","description":"O Ibovespa encerrou em leve alta, que foi estimulada pelo avan\u00e7o da JBS, da BRF e do balan\u00e7o da Eletrobras. Clique para saber mais.","breadcrumb":{"@id":"https:\/\/www.suno.com.br\/noticias\/ibovespa-fechamento14052019\/#breadcrumb"},"inLanguage":"pt-BR","potentialAction":[{"@type":"ReadAction","target":["https:\/\/www.suno.com.br\/noticias\/ibovespa-fechamento14052019\/"]}]},{"@type":"ImageObject","inLanguage":"pt-BR","@id":"https:\/\/www.suno.com.br\/noticias\/ibovespa-fechamento14052019\/#primaryimage","url":"https:\/\/files.sunoresearch.com.br\/n\/uploads\/2019\/03\/a43ec7b1-btg-pactual-jpg.webp","contentUrl":"https:\/\/files.sunoresearch.com.br\/n\/uploads\/2019\/03\/a43ec7b1-btg-pactual-jpg.webp","width":1024,"height":768,"caption":"Ibovespa fecha em alta com otimismo interno e externo. (divulga\u00e7\u00e3o)"},{"@type":"BreadcrumbList","@id":"https:\/\/www.suno.com.br\/noticias\/ibovespa-fechamento14052019\/#breadcrumb","itemListElement":[{"@type":"ListItem","position":1,"name":"Not\u00edcias","item":"https:\/\/www.suno.com.br\/noticias\/"},{"@type":"ListItem","position":2,"name":"Mercado","item":"https:\/\/www.suno.com.br\/noticias\/mercado\/"},{"@type":"ListItem","position":3,"name":"Ibovespa sobe puxado pela JBS e Eletrobras, apesar da guerra comercial"}]},{"@type":"WebSite","@id":"https:\/\/www.suno.com.br\/noticias\/#website","url":"https:\/\/www.suno.com.br\/noticias\/","name":"Suno Not\u00edcias","description":"Seu portal de informa\u00e7\u00e3o sobre o mundo dos investimentos","publisher":{"@id":"https:\/\/www.suno.com.br\/noticias\/#organization"},"potentialAction":[{"@type":"SearchAction","target":{"@type":"EntryPoint","urlTemplate":"https:\/\/www.suno.com.br\/noticias\/?s={search_term_string}"},"query-input":{"@type":"PropertyValueSpecification","valueRequired":true,"valueName":"search_term_string"}}],"inLanguage":"pt-BR"},{"@type":"Organization","@id":"https:\/\/www.suno.com.br\/noticias\/#organization","name":"Suno Not\u00edcias","url":"https:\/\/www.suno.com.br\/noticias\/","logo":{"@type":"ImageObject","inLanguage":"pt-BR","@id":"https:\/\/www.suno.com.br\/noticias\/#\/schema\/logo\/image\/","url":"https:\/\/files.sunoresearch.com.br\/n\/uploads\/2021\/09\/suno-logo.png","contentUrl":"https:\/\/files.sunoresearch.com.br\/n\/uploads\/2021\/09\/suno-logo.png","width":180,"height":180,"caption":"Suno Not\u00edcias"},"image":{"@id":"https:\/\/www.suno.com.br\/noticias\/#\/schema\/logo\/image\/"},"sameAs":["https:\/\/facebook.com\/sunoresearch","https:\/\/x.com\/sunoresearch","https:\/\/www.instagram.com\/suno","https:\/\/www.linkedin.com\/company\/suno-research\/","https:\/\/www.youtube.com\/c\/sunoresearch"]},{"@type":"Person","@id":"https:\/\/www.suno.com.br\/noticias\/#\/schema\/person\/a5b06fa4e879d8e8e119c6ed3cd630d1","name":"Amanda Gushiken","image":{"@type":"ImageObject","inLanguage":"pt-BR","@id":"https:\/\/www.suno.com.br\/noticias\/#\/schema\/person\/image\/","url":"https:\/\/secure.gravatar.com\/avatar\/ecd84705e6b65e3685ae80d725501fbe?s=96&r=g","contentUrl":"https:\/\/secure.gravatar.com\/avatar\/ecd84705e6b65e3685ae80d725501fbe?s=96&r=g","caption":"Amanda Gushiken"},"description":"Amanda Sayuri Gushiken escreve sobre finan\u00e7as e neg\u00f3cios para o portal Suno Not\u00edcias. Antes, trabalhou selecionando not\u00edcias da imprensa para clientes do mercado financeiro. Tamb\u00e9m desenvolveu pesquisa acad\u00eamica pela Universidade Anhembi Morumbi na \u00e1rea de Teorias da Comunica\u00e7\u00e3o e \u00e9 fot\u00f3grafa nas horas vagas.","url":"https:\/\/www.suno.com.br\/noticias\/author\/amanda\/"}]}},"default_loop_html":"<div class=\"cardsPage__listCard__boxs\"><div class=\"cardsPage__listCard__boxs__img\"><a href=\"https:\/\/www.suno.com.br\/noticias\/ibovespa-fechamento14052019\/\"><img class=\"mask\" src=\"https:\/\/www.suno.com.br\/noticias\/wp-content\/themes\/suno\/resources\/images\/spotlight\/spotlight1img\/bg-mask.png\" alt=\"Image Mask\"\/><img src=\"https:\/\/files.sunoresearch.com.br\/n\/uploads\/2019\/03\/a43ec7b1-btg-pactual-400x200.webp\" alt=\"Ibovespa sobe puxado pela JBS e Eletrobras, apesar da guerra comercial\"\/><\/a><span class=\"spotlightCategory\"><a href=\"https:\/\/www.suno.com.br\/noticias\/mercado\/\">Mercado<\/a><\/span><\/div><div class=\"cardsPage__listCard__boxs__content\"><a href=\"https:\/\/www.suno.com.br\/noticias\/ibovespa-fechamento14052019\/\"><h2 class=\"content__title\">Ibovespa sobe puxado pela JBS e Eletrobras, apesar da guerra comercial<\/h2><\/a><div class=\"newsContent__article__meta\"><div class=\"newsContent__article__meta__authorBox\"><a href=\"https:\/\/www.suno.com.br\/noticias\/author\/amanda\/\" class=\"authorBox__avatar noMobi\"><img src=\"https:\/\/files.sunoresearch.com.br\/n\/uploads\/2018\/11\/c6ad30be-amanda-150x150.webp\" alt=\"Amanda Gushiken\"><\/a><div class=\"authorBox__name\"><span>por\n\t\t\t<a href=\"https:\/\/www.suno.com.br\/noticias\/author\/amanda\/\"><span itemprop=\"author\">Amanda Gushiken<\/span><\/a><\/span><time datetime=\"2019-05-14T17:39:37-03:00\" itemprop=\"datePublished\">14\/05\/2019 17:39<\/time><\/div><\/div><\/div><\/div><\/div>","single_layout":"posts","amp_enabled":true,"_links":{"self":[{"href":"https:\/\/www.suno.com.br\/noticias\/wp-json\/wp\/v2\/posts\/24537"}],"collection":[{"href":"https:\/\/www.suno.com.br\/noticias\/wp-json\/wp\/v2\/posts"}],"about":[{"href":"https:\/\/www.suno.com.br\/noticias\/wp-json\/wp\/v2\/types\/post"}],"author":[{"embeddable":true,"href":"https:\/\/www.suno.com.br\/noticias\/wp-json\/wp\/v2\/users\/12"}],"replies":[{"embeddable":true,"href":"https:\/\/www.suno.com.br\/noticias\/wp-json\/wp\/v2\/comments?post=24537"}],"version-history":[{"count":1,"href":"https:\/\/www.suno.com.br\/noticias\/wp-json\/wp\/v2\/posts\/24537\/revisions"}],"predecessor-version":[{"id":157388,"href":"https:\/\/www.suno.com.br\/noticias\/wp-json\/wp\/v2\/posts\/24537\/revisions\/157388"}],"wp:featuredmedia":[{"embeddable":true,"href":"https:\/\/www.suno.com.br\/noticias\/wp-json\/wp\/v2\/media\/18020"}],"wp:attachment":[{"href":"https:\/\/www.suno.com.br\/noticias\/wp-json\/wp\/v2\/media?parent=24537"}],"wp:term":[{"taxonomy":"category","embeddable":true,"href":"https:\/\/www.suno.com.br\/noticias\/wp-json\/wp\/v2\/categories?post=24537"},{"taxonomy":"post_tag","embeddable":true,"href":"https:\/\/www.suno.com.br\/noticias\/wp-json\/wp\/v2\/tags?post=24537"},{"taxonomy":"suno_strategy","embeddable":true,"href":"https:\/\/www.suno.com.br\/noticias\/wp-json\/wp\/v2\/suno_strategy?post=24537"}],"curies":[{"name":"wp","href":"https:\/\/api.w.org\/{rel}","templated":true}]}}