{"id":245323,"date":"2022-03-26T12:01:52","date_gmt":"2022-03-26T15:01:52","guid":{"rendered":"https:\/\/www.suno.com.br\/noticias\/?p=245323"},"modified":"2022-03-26T15:30:13","modified_gmt":"2022-03-26T18:30:13","slug":"mercado-livre-meli34-vp-varejistas-estrangeiras","status":"publish","type":"post","link":"https:\/\/www.suno.com.br\/noticias\/mercado-livre-meli34-vp-varejistas-estrangeiras\/","title":{"rendered":"Mercado Livre (MELI34): VP recha\u00e7a inclus\u00e3o da empresa em &#8216;dossi\u00ea&#8217; contra varejistas estrangeiras"},"content":{"rendered":"<p>Ap\u00f3s o governo preparar uma Medida Provis\u00f3ria (MP) que imp\u00f5e restri\u00e7\u00f5es \u00e0s <a href=\"https:\/\/www.suno.com.br\/artigos\/globalizacao\/\">grandes varejistas estrangeiras<\/a>, como o <strong>Mercado Livre<\/strong> (<a class=\"suno-keyword\" href=\"https:\/\/www.suno.com.br\/bdrs\/meli34\/\" target=\"_blank\" rel=\"noopener\" data-force=\"yes\" data-priority=\"2\">MELI34<\/a>), executivos das mesmas t\u00eam demonstrado oposi\u00e7\u00e3o \u00e0 ideia. &#8220;Acusar uma empresa sem prova \u00e9 muito s\u00e9rio&#8221;, disse Fernando Yunes, vice-presidente s\u00eanior da varejista de e-commerce da Argentina, ao Jornal O Globo.<\/p><div class=\"videoFull \">\n\t\t\t<div class=\"videoWrapper yt-lazyload center\"\n\t\t\t\tdata-width=\"960\"\n\t\t\t\tdata-height=\"540\"\n\t\t\t\tdata-id=\"6C8v1ej081U\"\n\t\t\t\tdata-alt=\"V\u00eddeo do YouTube - clique para reproduzir\"\n\t\t\t\tdata-logo=\"3\"\n\t\t\t\tdata-imagequality=\"maxres\">\n\t\t\t<\/div>\n\t\t<\/div><script type=\"application\/ld+json\">{\"@context\":\"https:\/\/schema.org\",\"@type\":\"VideoObject\",\"name\":\"Guerra contra varejistas estrangeiras? #Shorts\",\"description\":\"#Governo #MP #Varejistas #Shorts - Guerra contra varejistas estrangeiras? Governo prepara MP para tentar controlar varejistas gringas! \ud83d\udc47 \ud835\udc12\ud835\udc22\ud835\udc20\ud835\udc1a \ud835\udc27\ud835\udc28\ud835\udc2c\ud835\udc2c\ud835\udc1a\ud835\udc2c \ud835\udc2b\ud835\udc1e\ud835\udc1d\ud835\udc1e\ud835\udc2c \ud835\udc2c\ud835\udc28\ud835\udc1c\ud835\udc22\ud835\udc1a\ud835\udc22\ud835\udc2c: Portal Suno Not\u00edcias: https:\/\/www.suno.com.br\/noticias\/ Twitter: https:\/\/twitter.com\/sunonoticias Instagram: https:\/\/www.instagram.com\/sunonoticias\/ Telegram: https:\/\/t.me\/sunonoticias\",\"duration\":\"PT40S\",\"embedUrl\":\"https:\/\/www.youtube.com\/embed\/6C8v1ej081U\",\"regionsAllowed\":\"pt-BR\",\"interactionStatistic\":{\"@type\":\"InteractionCounter\",\"interactionType\":{\"@type\":\"WatchAction\"},\"userInteractionCount\":394},\"thumbnailUrl\":\"https:\/\/i.ytimg.com\/vi\/6C8v1ej081U\/default.jpg\",\"uploadDate\":\"2022-03-26T13:00:02Z\"}<\/script>\n\n\t<p>\n\t\t<a href=\"\" target=\"_blank\" data-element=\"shortcode-suno-banner\" title=\"Banner SUNO, clique e saiba mais\">\n\t\t\t<picture>\n\t\t\t\t<source media=\"(max-width: 500px)\" srcset=\"\">\n\t\t\t\t<img class=\"newsContent__article__imgCapa newsContent__article__imgCapa--banner\"\n\t\t\t\t\tsrc=\"\"\n\t\t\t\t\tdata-promo-id=\"138420\"\t\t\t\t\t\t\t\t\t\t\t\t\t\t\talt=\"\"\n\t\t\t\t>\n\t\t\t<\/picture>\n\t\t<\/a>\n\t<\/p>\n\n\n<p>Isso ocorre especialmente em meio a uma onda de investimentos das companhias no pa\u00eds, que viram um mercado pr\u00f3spero. O pr\u00f3prio Mercado Livre anunciou um <a href=\"https:\/\/www.suno.com.br\/noticias\/mercado-livre-meli34-investimento-brasil-2022\/\">aporte de R$ 17 bilh\u00f5es no <strong>Brasil<\/strong><\/a>.<\/p>\n<p>Diversas varejistas brasileiras alegaram concorr\u00eancia desleal por parte da companhia e de outras como <strong>Shoppee<\/strong>, de Cingapura, e Alibaba (<a href=\"https:\/\/statusinvest.com.br\/bdrs\/baba34\">BABA34<\/a>), da China.<\/p>\n<p>Havia boatos que <strong>Luciano<\/strong> <strong>Hang<\/strong>, da <strong>Havan<\/strong>, era um dos principais empres\u00e1rios a fazer press\u00e3o contra as concorrentes estrangeiras.<\/p>\n<p>A pol\u00eamica come\u00e7ou depois que Hang e outros empres\u00e1rios do varejo t<a href=\"https:\/\/www.suno.com.br\/noticias\/governo-prepara-mp-para-combater-camelodromo-virtual-com-foco-em-varejistas-gringas\/\">eriam enviado uma apresenta\u00e7\u00e3o \u00e0 Procuradoria Geral da Rep\u00fablica (PGR) com nome de \u201c<strong>contrabando digital<\/strong>\u201d<\/a>.<\/p>\n\t<p>\n\t\t<a href=\"https:\/\/lp.suno.com.br\/planilha-controle-gastos\/\" target=\"_blank\" data-element=\"shortcode-suno-banner\" title=\"Banner SUNO, clique e saiba mais\">\n\t\t\t<picture>\n\t\t\t\t<source media=\"(max-width: 500px)\" srcset=\"https:\/\/files.sunoresearch.com.br\/n\/uploads\/2023\/03\/400x300-Planilha-controle-de-gastos.png\">\n\t\t\t\t<img class=\"newsContent__article__imgCapa newsContent__article__imgCapa--banner\"\n\t\t\t\t\tsrc=\"https:\/\/files.sunoresearch.com.br\/n\/uploads\/2023\/03\/1420x240-Planilha-controle-de-gastos.png\"\n\t\t\t\t\tdata-promo-id=\"101751\"\t\t\t\t\t\t\t\t\t\twidth='1420' height='240'\t\t\t\t\talt=\"https:\/\/files.sunoresearch.com.br\/n\/uploads\/2023\/03\/1420x240-Planilha-controle-de-gastos.png\"\n\t\t\t\t>\n\t\t\t<\/picture>\n\t\t<\/a>\n\t<\/p>\n\n\n<p>O ato ocorreu em conjunto com associa\u00e7\u00f5es representativas de setores como brinquedos, t\u00eaxtil e confec\u00e7\u00f5es, eletr\u00f4nicos e eletroeletr\u00f4nicos.<\/p>\n<p>O material citava o AliExpress, <strong>Wish<\/strong>, <strong>Shein<\/strong>, Shopee e Mercado Livre e denunciava o que seria um um suposto modelo de opera\u00e7\u00e3o ilegal das plataformas de cross border.<\/p>\n<p>As den\u00fancias manobras de &#8220;constru\u00e7\u00e3o de engenharia de como burlar a Receita\u201d, al\u00e9m de subnotifica\u00e7\u00e3o de pre\u00e7os e reetiquetagem na Su\u00e9cia como forma de contornar os \u00f3rg\u00e3os fiscalizadores.\u00a0Hang negou, ainda nesse s\u00e1bado, &#8220;ser contra as plataformas digitais&#8221;.<\/p>\n<p>\u201cO que eu, outros varejistas e entidades que representam a ind\u00fastria e o com\u00e9rcio defendemos \u00e9 que todas as empresas que vendem para o Brasil, tanto nacionais quanto de fora, sigam as mesmas leis e paguem os mesmos impostos\u201d, escreveu Hang.<\/p>\n\t<p>\n\t\t<a href=\"https:\/\/lp.suno.com.br\/planilha-da-vida-financeira\/\" target=\"_blank\" data-element=\"shortcode-suno-banner\" title=\"Banner SUNO, clique e saiba mais\">\n\t\t\t<picture>\n\t\t\t\t<source media=\"(max-width: 500px)\" srcset=\"https:\/\/files.sunoresearch.com.br\/n\/uploads\/2023\/04\/400x300-Planilha-vida-financeira-true.png\">\n\t\t\t\t<img class=\"newsContent__article__imgCapa newsContent__article__imgCapa--banner\"\n\t\t\t\t\tsrc=\"https:\/\/files.sunoresearch.com.br\/n\/uploads\/2023\/04\/1420x240-Planilha-vida-financeira-true.png\"\n\t\t\t\t\tdata-promo-id=\"106682\"\t\t\t\t\t\t\t\t\t\twidth='1420' height='240'\t\t\t\t\talt=\"https:\/\/files.sunoresearch.com.br\/n\/uploads\/2023\/04\/1420x240-Planilha-vida-financeira-true.png\"\n\t\t\t\t>\n\t\t\t<\/picture>\n\t\t<\/a>\n\t<\/p>\n\n\n<h2>Mercado Livre est\u00e1 &#8216;do lado do Brasil&#8217;<\/h2>\n<p>Yunes, do Mecado Livre, afirmou que \u00e9 desleal tratar o Mercado Livre como uma estrangeira, considerando que 55% do neg\u00f3cio \u00e9 brasileiro.<\/p>\n<p>&#8220;Ter inclu\u00eddo o Mercado Livre nesse material todo que saiu \u00e9 um anti-jogo. \u00c9 muita desinforma\u00e7\u00e3o ou \u00e9 m\u00e1-f\u00e9. Porque n\u00f3s apoiamos e queremos tamb\u00e9m estas medidas, como tornar mais r\u00edgida a importa\u00e7\u00e3o para <a class=\"suno-keyword\" href=\"https:\/\/www.suno.com.br\/artigos\/pessoa-fisica\/\" target=\"_blank\" rel=\"noopener\" data-force=\"no\" data-priority=\"2\">pessoas f\u00edsicas<\/a>, abaixar talvez o valor o limite de US$ 50 (R$ 241)&#8221;, disse.<\/p>\n<p>&#8220;Cerca de 95% da venda geral (no Mercado Livre) passam pela log\u00edstica pr\u00f3pria. E tudo que sai das nossas instala\u00e7\u00f5es \u00e9 <a href=\"https:\/\/www.suno.com.br\/artigos\/cartao-cnpj\/\">CNPJ<\/a> do Brasil e tem nota fiscal. Nos outros 5% que n\u00e3o passam por n\u00f3s, h\u00e1 lojas nacionais e uma pequena parte \u00e9 de pessoas f\u00edsicas&#8221;, seguiu.<\/p>\n<p>O executivo tamb\u00e9m negou as acusa\u00e7\u00f5es sobre subnotifica\u00e7\u00e3o de pre\u00e7os, citando que a companhia investe US$ 100 milh\u00f5es (R$ 482 milh\u00f5es) para identificar an\u00fancios irregulares, considerando cifras dos \u00faltimos anos.<\/p>\n\t<p>\n\t\t<a href=\"https:\/\/lp.suno.com.br\/ebook-como-analisar-uma-acao\/\" target=\"_blank\" data-element=\"shortcode-suno-banner\" title=\"Banner SUNO, clique e saiba mais\">\n\t\t\t<picture>\n\t\t\t\t<source media=\"(max-width: 500px)\" srcset=\"https:\/\/files.sunoresearch.com.br\/n\/uploads\/2023\/03\/Ebook-Acoes-Mobile-1.jpg\">\n\t\t\t\t<img class=\"newsContent__article__imgCapa newsContent__article__imgCapa--banner\"\n\t\t\t\t\tsrc=\"https:\/\/files.sunoresearch.com.br\/n\/uploads\/2023\/03\/Ebook-Acoes-Desktop-1.jpg\"\n\t\t\t\t\tdata-promo-id=\"171998\"\t\t\t\t\t\t\t\t\t\twidth='1420' height='286'\t\t\t\t\talt=\"https:\/\/files.sunoresearch.com.br\/n\/uploads\/2023\/03\/Ebook-Acoes-Desktop-1.jpg\"\n\t\t\t\t>\n\t\t\t<\/picture>\n\t\t<\/a>\n\t<\/p>\n\n\n<p>&#8220;Se a pessoa vende esporadicamente, est\u00e1 isenta de pagar imposto. Mas, a partir do momento que tem vendas di\u00e1rias e recorrentes e se caracteriza como <a class=\"suno-keyword\" href=\"https:\/\/www.suno.com.br\/artigos\/pessoa-juridica\/\" target=\"_blank\" rel=\"noopener\" data-force=\"no\" data-priority=\"2\">pessoa jur\u00eddica<\/a>, o anunciante precisa abrir uma empresa&#8221;, defende.<\/p>\n<p>Na sua vis\u00e3o, o Mecado Livre est\u00e1 mais do lado dos empres\u00e1rios que pediram mais regula\u00e7\u00e3o do que das concorrentes de fora, que abocanham cada vez mais <a href=\"https:\/\/www.suno.com.br\/artigos\/market-share\/\">market share<\/a>.<\/p>\n<p>&#8220;Sim. O Mercado Livre n\u00e3o se enquadra no questionamento levantado por parte do setor varejista. Estamos do lado dos empres\u00e1rios. Compartilhamos dos pleitos para endurecimento das regras de importa\u00e7\u00e3o&#8221;, afirmou.<\/p>\n<p>Apesar disso, negou sequer a possibilidade de entrar no pleto formalmente, via MP.<\/p>\n<p>&#8220;N\u00e3o nos atinge pois somos regulares. Caberia at\u00e9 alguma medida criminal contra difama\u00e7\u00e3o. Acusar uma empresa sem provas \u00e9 uma coisa muito s\u00e9ria&#8221;, defendeu o executivo do <strong>Mercado Livre<\/strong>.<\/p>\n\t<p>\n\t\t<a href=\"https:\/\/lp.suno.com.br\/planilha-de-controle-de-investimentos\/\" target=\"_blank\" data-element=\"shortcode-suno-banner\" title=\"Banner SUNO, clique e saiba mais\">\n\t\t\t<picture>\n\t\t\t\t<source media=\"(max-width: 500px)\" srcset=\"https:\/\/files.sunoresearch.com.br\/n\/uploads\/2023\/03\/400x300-Controle-de-Investimentos.png\">\n\t\t\t\t<img class=\"newsContent__article__imgCapa newsContent__article__imgCapa--banner\"\n\t\t\t\t\tsrc=\"https:\/\/files.sunoresearch.com.br\/n\/uploads\/2023\/03\/1420x240-Controle-de-Investimentos.png\"\n\t\t\t\t\tdata-promo-id=\"75934\"\t\t\t\t\t\t\t\t\t\twidth='1420' height='240'\t\t\t\t\talt=\"https:\/\/files.sunoresearch.com.br\/n\/uploads\/2023\/03\/1420x240-Controle-de-Investimentos.png\"\n\t\t\t\t>\n\t\t\t<\/picture>\n\t\t<\/a>\n\t<\/p>\n\n\n","protected":false},"excerpt":{"rendered":"<p>Ap\u00f3s o governo preparar uma Medida Provis\u00f3ria (MP) que imp\u00f5e restri\u00e7\u00f5es \u00e0s grandes varejistas estrangeiras, como o Mercado Livre (MELI34), executivos das mesmas t\u00eam demonstrado oposi\u00e7\u00e3o \u00e0 ideia. &#8220;Acusar uma empresa sem prova \u00e9 muito s\u00e9rio&#8221;, disse Fernando Yunes, vice-presidente s\u00eanior da varejista de e-commerce da Argentina, ao Jornal O Globo. Isso ocorre especialmente em [&hellip;]<\/p>\n","protected":false},"author":73,"featured_media":245329,"comment_status":"closed","ping_status":"closed","sticky":false,"template":"","format":"standard","meta":[],"categories":[64],"tags":[1416,1235,803],"suno_strategy":[],"class_list":["post-245323","post","type-post","status-publish","format-standard","has-post-thumbnail","hentry","category-negocios","tag-alibaba-baba34","tag-mercado-livre-meli34","tag-varejo"],"yoast_head":"<!-- This site is optimized with the Yoast SEO plugin v24.4 - https:\/\/yoast.com\/wordpress\/plugins\/seo\/ -->\n<title>Mercado Livre (MELI34): VP recha\u00e7a inclus\u00e3o da empresa em &#039;dossi\u00ea&#039;<\/title>\n<meta name=\"description\" content=\"Yunes se sente mais do lado dos empres\u00e1rios brasileiros, j\u00e1 que o Mercado Livre possui 55% da opera\u00e7\u00e3o em solo nacional. Confira!\" \/>\n<meta name=\"robots\" content=\"index, follow, max-snippet:-1, max-image-preview:large, max-video-preview:-1\" \/>\n<link rel=\"canonical\" href=\"https:\/\/www.suno.com.br\/noticias\/mercado-livre-meli34-vp-varejistas-estrangeiras\/\" \/>\n<meta property=\"og:locale\" content=\"pt_BR\" \/>\n<meta property=\"og:type\" content=\"article\" \/>\n<meta property=\"og:title\" content=\"Mercado Livre (MELI34): VP recha\u00e7a inclus\u00e3o da empresa em &#039;dossi\u00ea&#039;\" \/>\n<meta property=\"og:description\" content=\"Yunes se sente mais do lado dos empres\u00e1rios brasileiros, j\u00e1 que o Mercado Livre possui 55% da opera\u00e7\u00e3o em solo nacional. Confira!\" \/>\n<meta property=\"og:url\" content=\"https:\/\/www.suno.com.br\/noticias\/mercado-livre-meli34-vp-varejistas-estrangeiras\/\" \/>\n<meta property=\"og:site_name\" content=\"Suno Not\u00edcias\" \/>\n<meta property=\"article:publisher\" content=\"https:\/\/facebook.com\/sunoresearch\" \/>\n<meta property=\"og:image\" content=\"https:\/\/files.sunoresearch.com.br\/n\/uploads\/2022\/03\/Yunes-Meli.jpg\" \/>\n\t<meta property=\"og:image:width\" content=\"1200\" \/>\n\t<meta property=\"og:image:height\" content=\"800\" \/>\n\t<meta property=\"og:image:type\" content=\"image\/jpeg\" \/>\n<meta name=\"author\" content=\"Eduardo Vargas\" \/>\n<meta name=\"twitter:card\" content=\"summary_large_image\" \/>\n<meta name=\"twitter:creator\" content=\"@sunoresearch\" \/>\n<meta name=\"twitter:site\" content=\"@sunoresearch\" \/>\n<meta name=\"twitter:label1\" content=\"Escrito por\" \/>\n\t<meta name=\"twitter:data1\" content=\"Eduardo Vargas\" \/>\n\t<meta name=\"twitter:label2\" content=\"Est. tempo de leitura\" \/>\n\t<meta name=\"twitter:data2\" content=\"3 minutos\" \/>\n<script type=\"application\/ld+json\" class=\"yoast-schema-graph\">{\"@context\":\"https:\/\/schema.org\",\"@graph\":[{\"@type\":\"NewsArticle\",\"@id\":\"https:\/\/www.suno.com.br\/noticias\/mercado-livre-meli34-vp-varejistas-estrangeiras\/#article\",\"isPartOf\":{\"@id\":\"https:\/\/www.suno.com.br\/noticias\/mercado-livre-meli34-vp-varejistas-estrangeiras\/\"},\"author\":{\"name\":\"Eduardo Vargas\",\"@id\":\"https:\/\/www.suno.com.br\/noticias\/#\/schema\/person\/7f4d362bf3518e76090143ae77bb49a5\"},\"headline\":\"Mercado Livre (MELI34): VP recha\u00e7a inclus\u00e3o da empresa em &#8216;dossi\u00ea&#8217; contra varejistas estrangeiras\",\"datePublished\":\"2022-03-26T15:01:52+00:00\",\"dateModified\":\"2022-03-26T18:30:13+00:00\",\"mainEntityOfPage\":{\"@id\":\"https:\/\/www.suno.com.br\/noticias\/mercado-livre-meli34-vp-varejistas-estrangeiras\/\"},\"wordCount\":644,\"publisher\":{\"@id\":\"https:\/\/www.suno.com.br\/noticias\/#organization\"},\"image\":{\"@id\":\"https:\/\/www.suno.com.br\/noticias\/mercado-livre-meli34-vp-varejistas-estrangeiras\/#primaryimage\"},\"thumbnailUrl\":\"https:\/\/files.sunoresearch.com.br\/n\/uploads\/2022\/03\/Yunes-Meli.jpg\",\"keywords\":[\"Alibaba (BABA34)\",\"Mercado Livre (MELI34)\",\"varejo\"],\"articleSection\":[\"Neg\u00f3cios\"],\"inLanguage\":\"pt-BR\"},{\"@type\":\"WebPage\",\"@id\":\"https:\/\/www.suno.com.br\/noticias\/mercado-livre-meli34-vp-varejistas-estrangeiras\/\",\"url\":\"https:\/\/www.suno.com.br\/noticias\/mercado-livre-meli34-vp-varejistas-estrangeiras\/\",\"name\":\"Mercado Livre (MELI34): VP recha\u00e7a inclus\u00e3o da empresa em 'dossi\u00ea'\",\"isPartOf\":{\"@id\":\"https:\/\/www.suno.com.br\/noticias\/#website\"},\"primaryImageOfPage\":{\"@id\":\"https:\/\/www.suno.com.br\/noticias\/mercado-livre-meli34-vp-varejistas-estrangeiras\/#primaryimage\"},\"image\":{\"@id\":\"https:\/\/www.suno.com.br\/noticias\/mercado-livre-meli34-vp-varejistas-estrangeiras\/#primaryimage\"},\"thumbnailUrl\":\"https:\/\/files.sunoresearch.com.br\/n\/uploads\/2022\/03\/Yunes-Meli.jpg\",\"datePublished\":\"2022-03-26T15:01:52+00:00\",\"dateModified\":\"2022-03-26T18:30:13+00:00\",\"description\":\"Yunes se sente mais do lado dos empres\u00e1rios brasileiros, j\u00e1 que o Mercado Livre possui 55% da opera\u00e7\u00e3o em solo nacional. Confira!\",\"breadcrumb\":{\"@id\":\"https:\/\/www.suno.com.br\/noticias\/mercado-livre-meli34-vp-varejistas-estrangeiras\/#breadcrumb\"},\"inLanguage\":\"pt-BR\",\"potentialAction\":[{\"@type\":\"ReadAction\",\"target\":[\"https:\/\/www.suno.com.br\/noticias\/mercado-livre-meli34-vp-varejistas-estrangeiras\/\"]}]},{\"@type\":\"ImageObject\",\"inLanguage\":\"pt-BR\",\"@id\":\"https:\/\/www.suno.com.br\/noticias\/mercado-livre-meli34-vp-varejistas-estrangeiras\/#primaryimage\",\"url\":\"https:\/\/files.sunoresearch.com.br\/n\/uploads\/2022\/03\/Yunes-Meli.jpg\",\"contentUrl\":\"https:\/\/files.sunoresearch.com.br\/n\/uploads\/2022\/03\/Yunes-Meli.jpg\",\"width\":1200,\"height\":800,\"caption\":\"Yunes se sente mais do lado dos empres\u00e1rios brasileiros, j\u00e1 que o Mercado Livre possui 55% da opera\u00e7\u00e3o em solo nacional - Foto: Divulga\u00e7\u00e3o\/Mercado Livre\"},{\"@type\":\"BreadcrumbList\",\"@id\":\"https:\/\/www.suno.com.br\/noticias\/mercado-livre-meli34-vp-varejistas-estrangeiras\/#breadcrumb\",\"itemListElement\":[{\"@type\":\"ListItem\",\"position\":1,\"name\":\"Not\u00edcias\",\"item\":\"https:\/\/www.suno.com.br\/noticias\/\"},{\"@type\":\"ListItem\",\"position\":2,\"name\":\"Neg\u00f3cios\",\"item\":\"https:\/\/www.suno.com.br\/noticias\/negocios\/\"},{\"@type\":\"ListItem\",\"position\":3,\"name\":\"Mercado Livre (MELI34): VP recha\u00e7a inclus\u00e3o da empresa em &#8216;dossi\u00ea&#8217; contra varejistas estrangeiras\"}]},{\"@type\":\"WebSite\",\"@id\":\"https:\/\/www.suno.com.br\/noticias\/#website\",\"url\":\"https:\/\/www.suno.com.br\/noticias\/\",\"name\":\"Suno Not\u00edcias\",\"description\":\"Seu portal de informa\u00e7\u00e3o sobre o mundo dos investimentos\",\"publisher\":{\"@id\":\"https:\/\/www.suno.com.br\/noticias\/#organization\"},\"potentialAction\":[{\"@type\":\"SearchAction\",\"target\":{\"@type\":\"EntryPoint\",\"urlTemplate\":\"https:\/\/www.suno.com.br\/noticias\/?s={search_term_string}\"},\"query-input\":{\"@type\":\"PropertyValueSpecification\",\"valueRequired\":true,\"valueName\":\"search_term_string\"}}],\"inLanguage\":\"pt-BR\"},{\"@type\":\"Organization\",\"@id\":\"https:\/\/www.suno.com.br\/noticias\/#organization\",\"name\":\"Suno Not\u00edcias\",\"url\":\"https:\/\/www.suno.com.br\/noticias\/\",\"logo\":{\"@type\":\"ImageObject\",\"inLanguage\":\"pt-BR\",\"@id\":\"https:\/\/www.suno.com.br\/noticias\/#\/schema\/logo\/image\/\",\"url\":\"https:\/\/files.sunoresearch.com.br\/n\/uploads\/2021\/09\/suno-logo.png\",\"contentUrl\":\"https:\/\/files.sunoresearch.com.br\/n\/uploads\/2021\/09\/suno-logo.png\",\"width\":180,\"height\":180,\"caption\":\"Suno Not\u00edcias\"},\"image\":{\"@id\":\"https:\/\/www.suno.com.br\/noticias\/#\/schema\/logo\/image\/\"},\"sameAs\":[\"https:\/\/facebook.com\/sunoresearch\",\"https:\/\/x.com\/sunoresearch\",\"https:\/\/www.instagram.com\/suno\",\"https:\/\/www.linkedin.com\/company\/suno-research\/\",\"https:\/\/www.youtube.com\/c\/sunoresearch\"]},{\"@type\":\"Person\",\"@id\":\"https:\/\/www.suno.com.br\/noticias\/#\/schema\/person\/7f4d362bf3518e76090143ae77bb49a5\",\"name\":\"Eduardo Vargas\",\"image\":{\"@type\":\"ImageObject\",\"inLanguage\":\"pt-BR\",\"@id\":\"https:\/\/www.suno.com.br\/noticias\/#\/schema\/person\/image\/\",\"url\":\"https:\/\/secure.gravatar.com\/avatar\/dac340933427a22924c9f99d1eb2e3f2?s=96&r=g\",\"contentUrl\":\"https:\/\/secure.gravatar.com\/avatar\/dac340933427a22924c9f99d1eb2e3f2?s=96&r=g\",\"caption\":\"Eduardo Vargas\"},\"description\":\"Jornalista formado pela UFSC, cobre macroeconomia, neg\u00f3cios e startups para o Suno Not\u00edcias, escrevendo principalmente not\u00edcias sobre o mercado financeiro e a bolsa de valores. No YouTube e no Instagram, \u00e9 respons\u00e1vel pela produ\u00e7\u00e3o de Reels e Shorts do Suno Not\u00edcias. Anteriormente, trabalhou cobrindo economia e cotidiano no ND+ e para o ND, maior jornal impresso de Santa Catarina. Cursou um semestre letivo de Estudos de M\u00eddia na Universidad de Buenos Aires.\",\"url\":\"https:\/\/www.suno.com.br\/noticias\/author\/eduardo-vargas\/\"}]}<\/script>\n<!-- \/ Yoast SEO plugin. -->","yoast_head_json":{"title":"Mercado Livre (MELI34): VP recha\u00e7a inclus\u00e3o da empresa em 'dossi\u00ea'","description":"Yunes se sente mais do lado dos empres\u00e1rios brasileiros, j\u00e1 que o Mercado Livre possui 55% da opera\u00e7\u00e3o em solo nacional. Confira!","robots":{"index":"index","follow":"follow","max-snippet":"max-snippet:-1","max-image-preview":"max-image-preview:large","max-video-preview":"max-video-preview:-1"},"canonical":"https:\/\/www.suno.com.br\/noticias\/mercado-livre-meli34-vp-varejistas-estrangeiras\/","og_locale":"pt_BR","og_type":"article","og_title":"Mercado Livre (MELI34): VP recha\u00e7a inclus\u00e3o da empresa em 'dossi\u00ea'","og_description":"Yunes se sente mais do lado dos empres\u00e1rios brasileiros, j\u00e1 que o Mercado Livre possui 55% da opera\u00e7\u00e3o em solo nacional. Confira!","og_url":"https:\/\/www.suno.com.br\/noticias\/mercado-livre-meli34-vp-varejistas-estrangeiras\/","og_site_name":"Suno Not\u00edcias","article_publisher":"https:\/\/facebook.com\/sunoresearch","og_image":[{"width":1200,"height":800,"url":"https:\/\/files.sunoresearch.com.br\/n\/uploads\/2022\/03\/Yunes-Meli.jpg","type":"image\/jpeg"}],"author":"Eduardo Vargas","twitter_card":"summary_large_image","twitter_creator":"@sunoresearch","twitter_site":"@sunoresearch","twitter_misc":{"Escrito por":"Eduardo Vargas","Est. tempo de leitura":"3 minutos"},"schema":{"@context":"https:\/\/schema.org","@graph":[{"@type":"NewsArticle","@id":"https:\/\/www.suno.com.br\/noticias\/mercado-livre-meli34-vp-varejistas-estrangeiras\/#article","isPartOf":{"@id":"https:\/\/www.suno.com.br\/noticias\/mercado-livre-meli34-vp-varejistas-estrangeiras\/"},"author":{"name":"Eduardo Vargas","@id":"https:\/\/www.suno.com.br\/noticias\/#\/schema\/person\/7f4d362bf3518e76090143ae77bb49a5"},"headline":"Mercado Livre (MELI34): VP recha\u00e7a inclus\u00e3o da empresa em &#8216;dossi\u00ea&#8217; contra varejistas estrangeiras","datePublished":"2022-03-26T15:01:52+00:00","dateModified":"2022-03-26T18:30:13+00:00","mainEntityOfPage":{"@id":"https:\/\/www.suno.com.br\/noticias\/mercado-livre-meli34-vp-varejistas-estrangeiras\/"},"wordCount":644,"publisher":{"@id":"https:\/\/www.suno.com.br\/noticias\/#organization"},"image":{"@id":"https:\/\/www.suno.com.br\/noticias\/mercado-livre-meli34-vp-varejistas-estrangeiras\/#primaryimage"},"thumbnailUrl":"https:\/\/files.sunoresearch.com.br\/n\/uploads\/2022\/03\/Yunes-Meli.jpg","keywords":["Alibaba (BABA34)","Mercado Livre (MELI34)","varejo"],"articleSection":["Neg\u00f3cios"],"inLanguage":"pt-BR"},{"@type":"WebPage","@id":"https:\/\/www.suno.com.br\/noticias\/mercado-livre-meli34-vp-varejistas-estrangeiras\/","url":"https:\/\/www.suno.com.br\/noticias\/mercado-livre-meli34-vp-varejistas-estrangeiras\/","name":"Mercado Livre (MELI34): VP recha\u00e7a inclus\u00e3o da empresa em 'dossi\u00ea'","isPartOf":{"@id":"https:\/\/www.suno.com.br\/noticias\/#website"},"primaryImageOfPage":{"@id":"https:\/\/www.suno.com.br\/noticias\/mercado-livre-meli34-vp-varejistas-estrangeiras\/#primaryimage"},"image":{"@id":"https:\/\/www.suno.com.br\/noticias\/mercado-livre-meli34-vp-varejistas-estrangeiras\/#primaryimage"},"thumbnailUrl":"https:\/\/files.sunoresearch.com.br\/n\/uploads\/2022\/03\/Yunes-Meli.jpg","datePublished":"2022-03-26T15:01:52+00:00","dateModified":"2022-03-26T18:30:13+00:00","description":"Yunes se sente mais do lado dos empres\u00e1rios brasileiros, j\u00e1 que o Mercado Livre possui 55% da opera\u00e7\u00e3o em solo nacional. Confira!","breadcrumb":{"@id":"https:\/\/www.suno.com.br\/noticias\/mercado-livre-meli34-vp-varejistas-estrangeiras\/#breadcrumb"},"inLanguage":"pt-BR","potentialAction":[{"@type":"ReadAction","target":["https:\/\/www.suno.com.br\/noticias\/mercado-livre-meli34-vp-varejistas-estrangeiras\/"]}]},{"@type":"ImageObject","inLanguage":"pt-BR","@id":"https:\/\/www.suno.com.br\/noticias\/mercado-livre-meli34-vp-varejistas-estrangeiras\/#primaryimage","url":"https:\/\/files.sunoresearch.com.br\/n\/uploads\/2022\/03\/Yunes-Meli.jpg","contentUrl":"https:\/\/files.sunoresearch.com.br\/n\/uploads\/2022\/03\/Yunes-Meli.jpg","width":1200,"height":800,"caption":"Yunes se sente mais do lado dos empres\u00e1rios brasileiros, j\u00e1 que o Mercado Livre possui 55% da opera\u00e7\u00e3o em solo nacional - Foto: Divulga\u00e7\u00e3o\/Mercado Livre"},{"@type":"BreadcrumbList","@id":"https:\/\/www.suno.com.br\/noticias\/mercado-livre-meli34-vp-varejistas-estrangeiras\/#breadcrumb","itemListElement":[{"@type":"ListItem","position":1,"name":"Not\u00edcias","item":"https:\/\/www.suno.com.br\/noticias\/"},{"@type":"ListItem","position":2,"name":"Neg\u00f3cios","item":"https:\/\/www.suno.com.br\/noticias\/negocios\/"},{"@type":"ListItem","position":3,"name":"Mercado Livre (MELI34): VP recha\u00e7a inclus\u00e3o da empresa em &#8216;dossi\u00ea&#8217; contra varejistas estrangeiras"}]},{"@type":"WebSite","@id":"https:\/\/www.suno.com.br\/noticias\/#website","url":"https:\/\/www.suno.com.br\/noticias\/","name":"Suno Not\u00edcias","description":"Seu portal de informa\u00e7\u00e3o sobre o mundo dos investimentos","publisher":{"@id":"https:\/\/www.suno.com.br\/noticias\/#organization"},"potentialAction":[{"@type":"SearchAction","target":{"@type":"EntryPoint","urlTemplate":"https:\/\/www.suno.com.br\/noticias\/?s={search_term_string}"},"query-input":{"@type":"PropertyValueSpecification","valueRequired":true,"valueName":"search_term_string"}}],"inLanguage":"pt-BR"},{"@type":"Organization","@id":"https:\/\/www.suno.com.br\/noticias\/#organization","name":"Suno Not\u00edcias","url":"https:\/\/www.suno.com.br\/noticias\/","logo":{"@type":"ImageObject","inLanguage":"pt-BR","@id":"https:\/\/www.suno.com.br\/noticias\/#\/schema\/logo\/image\/","url":"https:\/\/files.sunoresearch.com.br\/n\/uploads\/2021\/09\/suno-logo.png","contentUrl":"https:\/\/files.sunoresearch.com.br\/n\/uploads\/2021\/09\/suno-logo.png","width":180,"height":180,"caption":"Suno Not\u00edcias"},"image":{"@id":"https:\/\/www.suno.com.br\/noticias\/#\/schema\/logo\/image\/"},"sameAs":["https:\/\/facebook.com\/sunoresearch","https:\/\/x.com\/sunoresearch","https:\/\/www.instagram.com\/suno","https:\/\/www.linkedin.com\/company\/suno-research\/","https:\/\/www.youtube.com\/c\/sunoresearch"]},{"@type":"Person","@id":"https:\/\/www.suno.com.br\/noticias\/#\/schema\/person\/7f4d362bf3518e76090143ae77bb49a5","name":"Eduardo Vargas","image":{"@type":"ImageObject","inLanguage":"pt-BR","@id":"https:\/\/www.suno.com.br\/noticias\/#\/schema\/person\/image\/","url":"https:\/\/secure.gravatar.com\/avatar\/dac340933427a22924c9f99d1eb2e3f2?s=96&r=g","contentUrl":"https:\/\/secure.gravatar.com\/avatar\/dac340933427a22924c9f99d1eb2e3f2?s=96&r=g","caption":"Eduardo Vargas"},"description":"Jornalista formado pela UFSC, cobre macroeconomia, neg\u00f3cios e startups para o Suno Not\u00edcias, escrevendo principalmente not\u00edcias sobre o mercado financeiro e a bolsa de valores. No YouTube e no Instagram, \u00e9 respons\u00e1vel pela produ\u00e7\u00e3o de Reels e Shorts do Suno Not\u00edcias. Anteriormente, trabalhou cobrindo economia e cotidiano no ND+ e para o ND, maior jornal impresso de Santa Catarina. Cursou um semestre letivo de Estudos de M\u00eddia na Universidad de Buenos Aires.","url":"https:\/\/www.suno.com.br\/noticias\/author\/eduardo-vargas\/"}]}},"default_loop_html":"<div class=\"cardsPage__listCard__boxs\"><div class=\"cardsPage__listCard__boxs__img\"><a href=\"https:\/\/www.suno.com.br\/noticias\/mercado-livre-meli34-vp-varejistas-estrangeiras\/\"><img class=\"mask\" src=\"https:\/\/www.suno.com.br\/noticias\/wp-content\/themes\/suno\/resources\/images\/spotlight\/spotlight1img\/bg-mask.png\" alt=\"Image Mask\"\/><img src=\"https:\/\/files.sunoresearch.com.br\/n\/uploads\/2022\/03\/Yunes-Meli-400x200.jpg\" alt=\"Mercado Livre (MELI34): VP recha\u00e7a inclus\u00e3o da empresa em &#8216;dossi\u00ea&#8217; contra varejistas estrangeiras\"\/><\/a><span class=\"spotlightCategory\"><a href=\"https:\/\/www.suno.com.br\/noticias\/negocios\/\">Neg\u00f3cios<\/a><\/span><\/div><div class=\"cardsPage__listCard__boxs__content\"><a href=\"https:\/\/www.suno.com.br\/noticias\/mercado-livre-meli34-vp-varejistas-estrangeiras\/\"><h2 class=\"content__title\">Mercado Livre (MELI34): VP recha\u00e7a inclus\u00e3o da empresa em &#8216;dossi\u00ea&#8217; contra varejistas estrangeiras<\/h2><\/a><div class=\"newsContent__article__meta\"><div class=\"newsContent__article__meta__authorBox\"><a href=\"https:\/\/www.suno.com.br\/noticias\/author\/eduardo-vargas\/\" class=\"authorBox__avatar noMobi\"><img src=\"https:\/\/secure.gravatar.com\/avatar\/dac340933427a22924c9f99d1eb2e3f2?s=96&#038;r=g\" alt=\"Eduardo Vargas\"><\/a><div class=\"authorBox__name\"><span>por\n\t\t\t<a href=\"https:\/\/www.suno.com.br\/noticias\/author\/eduardo-vargas\/\"><span itemprop=\"author\">Eduardo Vargas<\/span><\/a><\/span><time datetime=\"2022-03-26T12:01:52-03:00\" itemprop=\"datePublished\">26\/03\/2022 12:01<\/time><\/div><\/div><\/div><\/div><\/div>","single_layout":"posts","amp_enabled":true,"_links":{"self":[{"href":"https:\/\/www.suno.com.br\/noticias\/wp-json\/wp\/v2\/posts\/245323"}],"collection":[{"href":"https:\/\/www.suno.com.br\/noticias\/wp-json\/wp\/v2\/posts"}],"about":[{"href":"https:\/\/www.suno.com.br\/noticias\/wp-json\/wp\/v2\/types\/post"}],"author":[{"embeddable":true,"href":"https:\/\/www.suno.com.br\/noticias\/wp-json\/wp\/v2\/users\/73"}],"replies":[{"embeddable":true,"href":"https:\/\/www.suno.com.br\/noticias\/wp-json\/wp\/v2\/comments?post=245323"}],"version-history":[{"count":1,"href":"https:\/\/www.suno.com.br\/noticias\/wp-json\/wp\/v2\/posts\/245323\/revisions"}],"predecessor-version":[{"id":245330,"href":"https:\/\/www.suno.com.br\/noticias\/wp-json\/wp\/v2\/posts\/245323\/revisions\/245330"}],"wp:featuredmedia":[{"embeddable":true,"href":"https:\/\/www.suno.com.br\/noticias\/wp-json\/wp\/v2\/media\/245329"}],"wp:attachment":[{"href":"https:\/\/www.suno.com.br\/noticias\/wp-json\/wp\/v2\/media?parent=245323"}],"wp:term":[{"taxonomy":"category","embeddable":true,"href":"https:\/\/www.suno.com.br\/noticias\/wp-json\/wp\/v2\/categories?post=245323"},{"taxonomy":"post_tag","embeddable":true,"href":"https:\/\/www.suno.com.br\/noticias\/wp-json\/wp\/v2\/tags?post=245323"},{"taxonomy":"suno_strategy","embeddable":true,"href":"https:\/\/www.suno.com.br\/noticias\/wp-json\/wp\/v2\/suno_strategy?post=245323"}],"curies":[{"name":"wp","href":"https:\/\/api.w.org\/{rel}","templated":true}]}}