{"id":245278,"date":"2022-03-26T10:24:42","date_gmt":"2022-03-26T13:24:42","guid":{"rendered":"https:\/\/www.suno.com.br\/noticias\/?p=245278"},"modified":"2022-03-26T10:24:42","modified_gmt":"2022-03-26T13:24:42","slug":"copel-cple6-itausa-itsa4-weg-wege3","status":"publish","type":"post","link":"https:\/\/www.suno.com.br\/noticias\/copel-cple6-itausa-itsa4-weg-wege3\/","title":{"rendered":"Dividendos bilion\u00e1rios de Copel (CPLE6) e Ita\u00fasa (ITSA4), e a onda dos carros por assinatura: veja as not\u00edcias mais lidas da semana"},"content":{"rendered":"<p>A <a class=\"suno-keyword\" href=\"https:\/\/www.suno.com.br\/acoes\/CPLE6\/\" target=\"_blank\" rel=\"noopener\" data-force=\"yes\" data-priority=\"2\"><strong>Copel<\/strong> (CPLE6)<\/a> divulgou em seu balan\u00e7o do 4T21 que registrou <a class=\"suno-keyword\" href=\"https:\/\/www.suno.com.br\/artigos\/lucro-liquido\/\" target=\"_blank\" rel=\"noopener\" data-force=\"no\" data-priority=\"1\">lucro l\u00edquido<\/a> recorde de R$ 5 bilh\u00f5es no acumulado de 2021. A empresa tamb\u00e9m anunciou o pagamento de <a class=\"suno-keyword\" href=\"https:\/\/www.suno.com.br\/guias\/dividendos\/\" target=\"_blank\" rel=\"noopener\" data-force=\"no\" data-priority=\"1\">dividendos<\/a> adicionais bilion\u00e1rios para seus acionistas, de R$ 1,3 bilh\u00e3o (ainda a serem deliberados), totalizando R$ 3 bilh\u00f5es.<\/p>\t<div class=\"wrapper-featured-image\">\n\t\t<figure class=\"spotlightImg\">\n\n\t\t\t<picture>\n\t\t\t\t<source media=\"(max-width: 768px)\" srcset=\"https:\/\/files.sunoresearch.com.br\/n\/uploads\/2021\/09\/Devara-1-3_Easy-Resize.com_-400x200.jpg\">\n\t\t\t\t<img loading=\"lazy\" decoding=\"async\" class=\"newsContent__article__imgCapa lazyloadDisabled \" src=\"https:\/\/files.sunoresearch.com.br\/n\/uploads\/2021\/09\/Devara-1-3_Easy-Resize.com_-800x450.jpg\" width=\"800\" height=\"450\" alt=\"Dividendos bilion\u00e1rios de Copel (CPLE6) e Ita\u00fasa (ITSA4), e a onda dos carros por assinatura: veja as not\u00edcias mais lidas da semana\" fetchpriority=high \/>\n\t\t\t<\/picture>\n\n\t\t\t<figcaption class=\"wp-caption-text wp-caption-text--show\">Copel (CPLE6). Foto: Reprodu\u00e7\u00e3o Site RI<\/figcaption>\n\t\t<\/figure>\n\t<\/div>\n\n\n\t<p>\n\t\t<a href=\"\" target=\"_blank\" data-element=\"shortcode-suno-banner\" title=\"Banner SUNO, clique e saiba mais\">\n\t\t\t<picture>\n\t\t\t\t<source media=\"(max-width: 500px)\" srcset=\"\">\n\t\t\t\t<img class=\"newsContent__article__imgCapa newsContent__article__imgCapa--banner\"\n\t\t\t\t\tsrc=\"\"\n\t\t\t\t\tdata-promo-id=\"138420\"\t\t\t\t\t\t\t\t\t\t\t\t\t\t\talt=\"\"\n\t\t\t\t>\n\t\t\t<\/picture>\n\t\t<\/a>\n\t<\/p>\n\n\n<p>Vale mais a pena ter carro por assinatura, compr\u00e1-lo \u00e0 vista ou financi\u00e1-lo? Nesta semana, muita gente quis saber a resposta a uma pergunta que n\u00e3o quer calar. A mat\u00e9ria enumera vantagens e as desvantagens de assinar um ve\u00edculo, e compara com a compra ou financiamento de um carro,<\/p>\n<p>Acompanhando o boom da divulga\u00e7\u00e3o de dividendos, a <a class=\"suno-keyword\" href=\"https:\/\/www.suno.com.br\/acoes\/ITSA4\/\" target=\"_blank\" rel=\"noopener\" data-force=\"yes\" data-priority=\"2\">Ita\u00fasa (ITSA4)<\/a> aprovou a declara\u00e7\u00e3o antecipada de <a class=\"suno-keyword\" href=\"https:\/\/www.suno.com.br\/artigos\/entenda-o-jcp\/\" target=\"_blank\" rel=\"noopener\" data-force=\"no\" data-priority=\"1\">Juros Sobre Capital Pr\u00f3prio<\/a> (JCP) aos seus acionistas, somando R$ 1 bilh\u00e3o. Outra que aprovou pagamento de JCP foi a <a class=\"suno-keyword\" href=\"https:\/\/www.suno.com.br\/acoes\/WEGE3\/\" target=\"_blank\" rel=\"noopener\" data-force=\"yes\" data-priority=\"2\">Weg (WEGE3)<\/a>, com R$ 154,2 milh\u00f5es, depois de lucrar R$ 874 milh\u00f5es no 4T21 e fechar 2021 com alta de 53%.<\/p>\n<p>Mais um destaque da semana foi a alta das a\u00e7\u00f5es da <a class=\"suno-keyword\" href=\"https:\/\/www.suno.com.br\/acoes\/OIBR3\/\" target=\"_blank\" rel=\"noopener\" data-force=\"yes\" data-priority=\"2\">Oi (OIBR3)<\/a>, que ficaram pr\u00f3ximas de um avan\u00e7o de 4%, gra\u00e7as ao \u00e2nimo dos investidores em rela\u00e7\u00e3o \u00e0 divulga\u00e7\u00e3o do balan\u00e7o do 4T21 da empresa, assim como o encerramento do processo de recupera\u00e7\u00e3o judicial da companhia. As do <strong>Banco\u00a0<\/strong><a class=\"suno-keyword\" href=\"https:\/\/www.suno.com.br\/acoes\/BIDI11\/\" target=\"_blank\" rel=\"noopener\" data-force=\"yes\" data-priority=\"2\"><strong>Inter<\/strong>\u00a0(BIDI11),<\/a>, por\u00e9m, chamaram aten\u00e7\u00e3o pela queda acentuada na \u00faltima segunda.<\/p>\n<p>Veja abaixo o\u00a0<strong>resumo das principais<\/strong>\u00a0<strong>not\u00edcias\u00a0<\/strong>da semana. Acesse os links para ler o texto completo. Bom final de semana!<\/p>\n<h2>Copel (CPLE6): lucro recua no 4T21, mas \u00e9 recorde no ano; empresa pagar\u00e1 dividendos bilion\u00e1rios<\/h2>\n<p>A\u00a0<strong>Copel<\/strong>\u00a0(<a href=\"https:\/\/www.suno.com.br\/acoes\/cple6\/\">CPLE6<\/a>) anotou\u00a0<a class=\"suno-keyword\" href=\"https:\/\/www.suno.com.br\/artigos\/lucro-liquido\/\" target=\"_blank\" rel=\"noopener\" data-force=\"no\" data-priority=\"1\">lucro l\u00edquido<\/a>\u00a0recorde de R$ 5 bilh\u00f5es no acumulado de 2021, segundo\u00a0<a class=\"suno-keyword\" href=\"https:\/\/www.suno.com.br\/artigos\/resultado-financeiro\/\" target=\"_blank\" rel=\"noopener\" data-force=\"no\" data-priority=\"1\">resultado financeiro<\/a> publicado na noite de ter\u00e7a (23).<\/p>\n<p>A cifra no\u00a0<strong>balan\u00e7o da Copel<\/strong>\u00a0demonstra uma alta de 29% em rela\u00e7\u00e3o ao anualizado de 2020.<\/p>\n\t<p>\n\t\t<a href=\"https:\/\/lp.suno.com.br\/planilha-controle-gastos\/\" target=\"_blank\" data-element=\"shortcode-suno-banner\" title=\"Banner SUNO, clique e saiba mais\">\n\t\t\t<picture>\n\t\t\t\t<source media=\"(max-width: 500px)\" srcset=\"https:\/\/files.sunoresearch.com.br\/n\/uploads\/2023\/03\/400x300-Planilha-controle-de-gastos.png\">\n\t\t\t\t<img class=\"newsContent__article__imgCapa newsContent__article__imgCapa--banner\"\n\t\t\t\t\tsrc=\"https:\/\/files.sunoresearch.com.br\/n\/uploads\/2023\/03\/1420x240-Planilha-controle-de-gastos.png\"\n\t\t\t\t\tdata-promo-id=\"101751\"\t\t\t\t\t\t\t\t\t\twidth='1420' height='240'\t\t\t\t\talt=\"https:\/\/files.sunoresearch.com.br\/n\/uploads\/2023\/03\/1420x240-Planilha-controle-de-gastos.png\"\n\t\t\t\t>\n\t\t\t<\/picture>\n\t\t<\/a>\n\t<\/p>\n\n\n<p>Contudo, no\u00a0<strong>resultado da Copel<\/strong>\u00a0no\u00a0<strong>4T21<\/strong>, a companha el\u00e9trica teve uma retra\u00e7\u00e3o no seu lucro. Foram R$ 396,2 milh\u00f5es no per\u00edodo, baixa de 64,7% no comparativo com o 4T20.<\/p>\n<p>J\u00e1 a\u00a0<a class=\"suno-keyword\" href=\"https:\/\/www.suno.com.br\/artigos\/receita-liquida-operacional\/\" target=\"_blank\" rel=\"noopener\" data-force=\"no\" data-priority=\"1\">receita operacional l\u00edquida<\/a>\u00a0da Copel somou R$ 6,5 bilh\u00f5es no 4T21, avan\u00e7o de 16,6% em rela\u00e7\u00e3o aos R$ 5,6 bilh\u00f5es registrados no 4T2o.<\/p>\n<p>Segundo o comunicado da empresa sobre o resultado, essa alta na receita se deu por conta do crescimento de 20,7% na linha suprimento de energia el\u00e9trica e do maior volume de energia vendida em contratos bilaterais pela Copel Mercado Livre.<\/p>\n<p>A companhia tamb\u00e9m somou um Ebitda recorde, com R$ 8,4 bilh\u00f5es no anualizado de 2021, alta de 52,1% ante o ano anterior.<\/p>\n<p>Entre outubro e dezembro, a Copel teve Ebitda de R$ 942,9 milh\u00f5es, baixa de 31,5% frente ao mesmo per\u00edodo de 2020.<\/p>\n<p>A companhia tamb\u00e9m anunciou uma distribui\u00e7\u00e3o de\u00a0<a href=\"https:\/\/www.suno.com.br\/guias\/dividendos\/\"><strong>dividendos<\/strong>\u00a0<\/a>de R$ 1,3 bilh\u00e3o (ainda a ser deliberado) totalizando R$ 3,0 bilh\u00f5es. O valor dos\u00a0<strong>dividendos da Copel<\/strong>\u00a0representam R$ 1,13 por cada a\u00e7\u00e3o, o que resulta em um dividend yield de 15,7%.<\/p>\n\t<div data-element=\"shortcode-read-more\" class=\"knowMore\">\n\t\t\t\t<span class=\"knowMore__title\">Leia a not\u00edcia completa<\/span>\n\t\t\t\t<a class=\"knowMore__link\" href=\"https:\/\/www.suno.com.br\/noticias\/copel-cple6-lucro-recorde-dividendos-bilionarios\/\">\n\t\t\tCopel (CPLE6): lucro recua no 4T21, mas \u00e9 recorde no ano; empresa pagar\u00e1 dividendos bilion\u00e1rios\t\t<\/a>\n\t<\/div>\n\n\n<h2>O que \u00e9 melhor: ter carro por assinatura, comprar \u00e0 vista ou financiar? Especialistas respondem<\/h2>\n<p>Leonardo Inoue, 32 anos, que trabalha com marketing, n\u00e3o pretende comprar um carro t\u00e3o cedo. Pelos seus c\u00e1lculos, percebeu que n\u00e3o tinha dinheiro o suficiente para comprar carro \u00e0 vista. Avaliou tamb\u00e9m que o financiamento ficaria muito caro. Mas, para desfrutar da comodidade que o ve\u00edculo proporciona &#8211;\u00a0 como ir ao trabalho ou \u00e0 faculdade &#8211;, concluiu que ter <strong>carro por assinatura<\/strong> seria a melhor op\u00e7\u00e3o.<\/p>\n<p>Inoue diz que n\u00e3o tem dor de cabe\u00e7a: n\u00e3o precisa lidar com gastos de manuten\u00e7\u00f5es preventivas, seguro, licenciamento e deprecia\u00e7\u00e3o do carro. O contrato de dois anos de carro por assinatura, al\u00e9m de cobrir todas essas despesas, oferece a oportunidade de escolher o <strong>carro<\/strong> zero qui\u00f4metro que quiser, na cor e modelo preferidos, sem se importar com a <strong>revenda do ve\u00edculo<\/strong>.<\/p>\n\t<p>\n\t\t<a href=\"https:\/\/lp.suno.com.br\/planilha-da-vida-financeira\/\" target=\"_blank\" data-element=\"shortcode-suno-banner\" title=\"Banner SUNO, clique e saiba mais\">\n\t\t\t<picture>\n\t\t\t\t<source media=\"(max-width: 500px)\" srcset=\"https:\/\/files.sunoresearch.com.br\/n\/uploads\/2023\/04\/400x300-Planilha-vida-financeira-true.png\">\n\t\t\t\t<img class=\"newsContent__article__imgCapa newsContent__article__imgCapa--banner\"\n\t\t\t\t\tsrc=\"https:\/\/files.sunoresearch.com.br\/n\/uploads\/2023\/04\/1420x240-Planilha-vida-financeira-true.png\"\n\t\t\t\t\tdata-promo-id=\"106682\"\t\t\t\t\t\t\t\t\t\twidth='1420' height='240'\t\t\t\t\talt=\"https:\/\/files.sunoresearch.com.br\/n\/uploads\/2023\/04\/1420x240-Planilha-vida-financeira-true.png\"\n\t\t\t\t>\n\t\t\t<\/picture>\n\t\t<\/a>\n\t<\/p>\n\n\n<p>&#8220;Eu e meu namorado n\u00e3o pretendemos comprar um carro t\u00e3o cedo. Queremos finalizar esse contrato de dois anos e depois pegar um carro novo. Hoje n\u00e3o faz sentido comprar um carro \u00e0 vista &#8212; s\u00f3 se eu tivesse bastante dinheiro guardado. Mesmo que tiv\u00e9ssemos essa grana, ter\u00edamos outras prioridades hoje. Por isso n\u00e3o queremos investir na aquisi\u00e7\u00e3o de um carro t\u00e3o cedo &#8220;, explica Inoue.<\/p>\n<p>Na an\u00e1lise do coordenador dos cursos automotivos da Funda\u00e7\u00e3o Getulio Vargas (FGV), Antonio Jorge Martins, o grande benef\u00edcio do carro por assinatura \u00e9 a possibilidade de n\u00e3o despender parte ou todo de um investimento em um carro. Na compra \u00e0 vista, o cliente precisa se descapitalizar. Na financiada, \u00e9 necess\u00e1rio pagar um valor grande de entrada.<\/p>\n<p>&#8220;Ou seja, a assinatura faz com que o usu\u00e1rio n\u00e3o precise de <a class=\"suno-keyword\" href=\"https:\/\/www.suno.com.br\/artigos\/recursos-financeiros\/\" target=\"_blank\" rel=\"noopener\" data-force=\"no\" data-priority=\"1\">recursos financeiros<\/a> como forma de pagamento total ou parte dele. Pode utilizar esses recursos em outras de suas necessidades&#8221;, lembra.<\/p>\n<p>A assessora de investimentos Luciana Ikedo acrescenta que a mensalidade do carro por assinatura j\u00e1 engloba <strong>seguro<\/strong>, <strong>manuten\u00e7\u00e3o<\/strong>, <strong>IPVA<\/strong>, <strong>licenciamento<\/strong> e <strong>deprecia\u00e7\u00e3o do ve\u00edculo<\/strong>, o que facilita na organiza\u00e7\u00e3o financeira do usu\u00e1rio.<\/p>\n\t<div data-element=\"shortcode-read-more\" class=\"knowMore\">\n\t\t\t\t<span class=\"knowMore__title\">Leia a not\u00edcia completa<\/span>\n\t\t\t\t<a class=\"knowMore__link\" href=\"https:\/\/www.suno.com.br\/noticias\/carro-por-assinatura-finaciamento-compra-vista\/\">\n\t\t\tO que \u00e9 melhor: ter carro por assinatura, comprar \u00e0 vista ou financiar? Especialistas respondem\t\t<\/a>\n\t<\/div>\n\n\n<h2>Ita\u00fasa (ITSA4) aprova JCP: veja data de corte e valor por a\u00e7\u00e3o<\/h2>\n<p>A <a class=\"suno-keyword\" href=\"https:\/\/www.suno.com.br\/acoes\/ITSA4\/\" target=\"_blank\" rel=\"noopener\" data-force=\"yes\" data-priority=\"2\"><strong>Ita\u00fasa<\/strong> (ITSA4)<\/a> anunciou nesta segunda-feira (21) que o <a class=\"suno-keyword\" href=\"https:\/\/www.suno.com.br\/artigos\/conselho-administracao\/\" target=\"_blank\" rel=\"noopener\" data-force=\"no\" data-priority=\"1\">Conselho de Administra\u00e7\u00e3o<\/a> da empresa aprovou a declara\u00e7\u00e3o antecipada de <a class=\"suno-keyword\" href=\"https:\/\/www.suno.com.br\/artigos\/entenda-o-jcp\/\" target=\"_blank\" rel=\"noopener\" data-force=\"no\" data-priority=\"1\">Juros Sobre Capital Pr\u00f3prio<\/a> (JCP) aos seus acionistas. A soma bruta total \u00e9 de R$ 1.000.258.485,10.<\/p>\n<p>De acordo com <a class=\"suno-keyword\" href=\"https:\/\/www.suno.com.br\/artigos\/fato-relevante\/\" target=\"_blank\" rel=\"noopener\" data-force=\"no\" data-priority=\"1\">fato relevante<\/a> enviado \u00e0<strong> Comiss\u00e3o de Valores Mobili\u00e1rios (CVM)<\/strong>, o valor por a\u00e7\u00e3o ser\u00e1 de R$ 0,11337.<\/p>\n<p>O pagamento ser\u00e1 feito at\u00e9 dia 29 de dezembro de 2023. O valor dos JCP ter\u00e1 reten\u00e7\u00e3o do imposto de renda na fonte, com al\u00edquota de 15%, resultando em aproximadamente R$ 0,0963645 por a\u00e7\u00e3o.<\/p>\n\t<p>\n\t\t<a href=\"https:\/\/lp.suno.com.br\/ebook-como-analisar-uma-acao\/\" target=\"_blank\" data-element=\"shortcode-suno-banner\" title=\"Banner SUNO, clique e saiba mais\">\n\t\t\t<picture>\n\t\t\t\t<source media=\"(max-width: 500px)\" srcset=\"https:\/\/files.sunoresearch.com.br\/n\/uploads\/2023\/03\/Ebook-Acoes-Mobile-1.jpg\">\n\t\t\t\t<img class=\"newsContent__article__imgCapa newsContent__article__imgCapa--banner\"\n\t\t\t\t\tsrc=\"https:\/\/files.sunoresearch.com.br\/n\/uploads\/2023\/03\/Ebook-Acoes-Desktop-1.jpg\"\n\t\t\t\t\tdata-promo-id=\"171998\"\t\t\t\t\t\t\t\t\t\twidth='1420' height='286'\t\t\t\t\talt=\"https:\/\/files.sunoresearch.com.br\/n\/uploads\/2023\/03\/Ebook-Acoes-Desktop-1.jpg\"\n\t\t\t\t>\n\t\t\t<\/picture>\n\t\t<\/a>\n\t<\/p>\n\n\n<p>Investidores que comprarem a\u00e7\u00f5es da Ita\u00fasa at\u00e9 o no fechamento do dia 24 de mar\u00e7o ter\u00e3o direito de receber os rendimentos e ser\u00e3o creditados de forma individualizada a cada acionista nos registros da companhia no dia 31 de mar\u00e7o.<\/p>\n<p>A empresa destacou que esses proventos fazem parte do valor do dividendo m\u00ednimo obrigat\u00f3rio do exerc\u00edcio de 2022.<\/p>\n\t<div data-element=\"shortcode-read-more\" class=\"knowMore\">\n\t\t\t\t<span class=\"knowMore__title\">Leia a not\u00edcia completa<\/span>\n\t\t\t\t<a class=\"knowMore__link\" href=\"https:\/\/www.suno.com.br\/noticias\/itausa-itsa4-anticipacao-jcp-1-bi\/\">\n\t\t\tIta\u00fasa (ITSA4) aprova JCP: veja data de corte e valor por a\u00e7\u00e3o\t\t<\/a>\n\t<\/div>\n\n\n<h2>A\u00e7\u00f5es da Oi (OIBR3) disparam 3,75%; entenda os motivos<\/h2>\n<p>Os pap\u00e9is da <a class=\"suno-keyword\" href=\"https:\/\/www.suno.com.br\/acoes\/OIBR3\/\" target=\"_blank\" rel=\"noopener\" data-force=\"yes\" data-priority=\"2\"><strong>Oi<\/strong> (OIBR3)<\/a> fecharam em alta de 3,75%, cotados a R$ 0,83, nesta quinta-feira (24), \u00e0s v\u00e9speras do encerramento do processo de recupera\u00e7\u00e3o judicial da companhia, previsto para a pr\u00f3xima semana.<\/p>\n<p>A Oi tamb\u00e9m vai divulgar seus <strong>resultados financeiros<\/strong> do quarto trimestre de 2021 na pr\u00f3xima ter\u00e7a-feira (29), o que traz um \u00e2nimo a mais para o mercado em rela\u00e7\u00e3o \u00e0 empresa.<\/p>\n<p>Mais: no dia 31 de mar\u00e7o, a companhia dar\u00e1 in\u00edcio ao novo per\u00edodo para eventual apura\u00e7\u00e3o de 30 preg\u00f5es ininterruptos com cota\u00e7\u00e3o das a\u00e7\u00f5es abaixo de R$ 1.<\/p>\n<p>A <a class=\"suno-keyword\" href=\"https:\/\/www.suno.com.br\/acoes\/B3SA3\/\" target=\"_blank\" rel=\"noopener\" data-force=\"yes\" data-priority=\"2\">B3 (B3SA3)<\/a> permitiu que a Oi continuasse a operar os pap\u00e9is na casa dos centavos por mais um per\u00edodo de tempo, determinando o enquadramento da cota\u00e7\u00e3o das a\u00e7\u00f5es da companhia em valor igual ou superior a R$ 1 at\u00e9 19 de julho de 2022 ou at\u00e9 a data da primeira assembleia geral a ser convocada ap\u00f3s o recebimento do referido Of\u00edcio, o que ocorresse primeiro.<\/p>\n<p>Felipe Vella, analista de renda vari\u00e1vel da Ativa Investimentos, afirma que as perspectivas para o <strong>balan\u00e7o da Oi do 4T21<\/strong> s\u00e3o positivas. &#8220;O <em>business<\/em> como um todo est\u00e1 bem s\u00f3lido, principalmente com a empresa abrindo m\u00e3o da parte de telefonia m\u00f3vel e focando em fibra, o que \u00e9 interessante para a Oi. No <a class=\"suno-keyword\" href=\"https:\/\/www.suno.com.br\/artigos\/longo-prazo\/\" target=\"_blank\" rel=\"noopener\" data-force=\"no\" data-priority=\"1\">longo prazo<\/a>, a companhia vai se reestruturar e o <em>business<\/em> virar&#8221;, diz.<\/p>\n\t<div data-element=\"shortcode-read-more\" class=\"knowMore\">\n\t\t\t\t<span class=\"knowMore__title\">Leia a not\u00edcia completa<\/span>\n\t\t\t\t<a class=\"knowMore__link\" href=\"https:\/\/www.suno.com.br\/noticias\/oi-oibr3-acoes-disparam-entenda\/\">\n\t\t\tA\u00e7\u00f5es da Oi (OIBR3) disparam 3,75%; entenda os motivos\t\t<\/a>\n\t<\/div>\n\n\n<h2>Weg (WEGE3) vai pagar R$ 154,2 milh\u00f5es em JCP; confira o valor por a\u00e7\u00e3o<\/h2>\n<p>A <a class=\"suno-keyword\" href=\"https:\/\/www.suno.com.br\/acoes\/WEGE3\/\" target=\"_blank\" rel=\"noopener\" data-force=\"yes\" data-priority=\"2\"><strong>Weg<\/strong> (WEGE3)<\/a> informou nesta ter\u00e7a-feira (22) que o <a class=\"suno-keyword\" href=\"https:\/\/www.suno.com.br\/artigos\/conselho-administracao\/\" target=\"_blank\" rel=\"noopener\" data-force=\"no\" data-priority=\"1\">Conselho de Administra\u00e7\u00e3o<\/a> aprovou o pagamento de R$ 154.275.008,03 em <a class=\"suno-keyword\" href=\"https:\/\/www.suno.com.br\/artigos\/entenda-o-jcp\/\" target=\"_blank\" rel=\"noopener\" data-force=\"no\" data-priority=\"1\">Juros Sobre Capital Pr\u00f3prio<\/a> (JCP) aos seus acionistas.<\/p>\n<p>De acordo com o <a class=\"suno-keyword\" href=\"https:\/\/www.suno.com.br\/artigos\/fato-relevante\/\" target=\"_blank\" rel=\"noopener\" data-force=\"no\" data-priority=\"1\">fato relevante<\/a> enviado \u00e0 <strong>Comiss\u00e3o de Valores Mobili\u00e1rios (CVM)<\/strong>, o valor dos proventos por a\u00e7\u00e3o ser\u00e1 de R$ 0,0367, que ser\u00e3o pagos em 17 de agosto de 2022.<\/p>\n<p>Apenas os investidores com <strong>a\u00e7\u00f5es da Weg<\/strong> no dia 25 de mar\u00e7o ter\u00e3o direito de receber os rendimentos. A partir do dia 28 de mar\u00e7o, as a\u00e7\u00f5es ser\u00e3o negociadas sem direito aos <a class=\"suno-keyword\" href=\"https:\/\/www.suno.com.br\/guias\/dividendos\/\" target=\"_blank\" rel=\"noopener\" data-force=\"no\" data-priority=\"1\">dividendos<\/a>.<\/p>\n<p>Esses proventos fazem parte dos dividendos obrigat\u00f3rios do exerc\u00edcio de 2022.<\/p>\n<p>O valor dos JCP ter\u00e1 reten\u00e7\u00e3o do imposto de renda na fonte, com al\u00edquota de 15%, resultando em aproximadamente R$ 0,0312 por a\u00e7\u00e3o.<\/p>\n\t<div data-element=\"shortcode-read-more\" class=\"knowMore\">\n\t\t\t\t<span class=\"knowMore__title\">Leia a not\u00edcia completa<\/span>\n\t\t\t\t<a class=\"knowMore__link\" href=\"https:\/\/www.suno.com.br\/noticias\/weg-wege3-jcp-154-milhoes\/\">\n\t\t\tWeg (WEGE3) vai pagar R$ 154,2 milh\u00f5es em JCP; confira o valor por a\u00e7\u00e3o\t\t<\/a>\n\t<\/div>\n\n\n<h2 class=\"newsContent__article__title\">Banco Inter (BIDI11) despenca 8,88%, pior baixa do dia; entenda os motivos<\/h2>\n<p>As declara\u00e7\u00f5es mais duras do presidente do\u00a0<strong>Federal Reserve<\/strong>\u00a0(Fed, banco central dos Estados Unidos),\u00a0<a class=\"suno-keyword\" href=\"https:\/\/www.suno.com.br\/tudo-sobre\/jerome-powell\/\" target=\"_blank\" rel=\"noopener\" data-force=\"no\" data-priority=\"2\">Jerome Powell<\/a>, sobre a possibilidade de que os juros podem subir mais rapidamente, derrubaram as a\u00e7\u00f5es do<strong>\u00a0Banco\u00a0<\/strong><a class=\"suno-keyword\" href=\"https:\/\/www.suno.com.br\/acoes\/BIDI11\/\" target=\"_blank\" rel=\"noopener\" data-force=\"yes\" data-priority=\"2\"><strong>Inter<\/strong>\u00a0(BIDI11),\u00a0<\/a>que lideraram o ranking das maiores perdas do Ibovespa hoje. Outros motivos fizeram derreter os pap\u00e9is do banco.<\/p>\n<p>As units do Banco Inter fecharam o dia no\u00a0<strong>Ibovespa<\/strong>\u00a0com queda de 8,88%, a R$ 18,05.<\/p>\n<p>Durante evento organizado pela associa\u00e7\u00e3o Nacional de Economia para Empresas (Nabe, na sigla em ingl\u00eas), Powell afirmou que n\u00e3o descarta um cen\u00e1rio de aperto monet\u00e1rio mais r\u00e1pido do que o atual, caso um prolongado per\u00edodo de escalada de pre\u00e7os nos Estados Unidos impulsione as expectativas de infla\u00e7\u00e3o para um n\u00edvel insustent\u00e1vel.<\/p>\n<p>Na semana passada, a decis\u00e3o foi de elevar a\u00a0<a class=\"suno-keyword\" href=\"https:\/\/www.suno.com.br\/artigos\/taxa-de-juros\/\" target=\"_blank\" rel=\"noopener\" data-force=\"no\" data-priority=\"1\">taxa b\u00e1sica de juros<\/a>\u00a0em 0,25 ponto porcentual, \u00e0 faixa entre 0,25% e 0,50%. \u201cSe concluirmos que \u00e9 apropriado agir de forma mais agressiva, elevando a taxa dos\u00a0<a class=\"suno-keyword\" href=\"https:\/\/www.suno.com.br\/artigos\/fed-funds\/\" target=\"_blank\" rel=\"noopener\" data-force=\"no\" data-priority=\"1\">Fed Funds<\/a>\u00a0em mais de 25 pontos-base em uma reuni\u00e3o ou reuni\u00f5es do Comit\u00ea Federal de Mercado Aberto, FOMC, o faremos\u201d, disse Powell.<\/p>\n<p>Powell tamb\u00e9m afirmou que \u201ch\u00e1 um clara necessidade\u201d de retornar a\u00a0<a class=\"suno-keyword\" href=\"https:\/\/www.suno.com.br\/artigos\/politica-monetaria\/\" target=\"_blank\" rel=\"noopener\" data-force=\"no\" data-priority=\"1\">pol\u00edtica monet\u00e1ria<\/a>\u00a0a uma postura mais \u201cneutra\u201d, ou at\u00e9 \u201cmais restritiva\u201d, se necess\u00e1rio, para assegurar a estabilidade de pre\u00e7os. \u201cEstamos comprometidos em restaurar a estabilidade de pre\u00e7os, preservando um mercado de trabalho forte\u201d, destacou.<\/p>\n<p>De acordo com Rafael Marques, s\u00f3cio-fundador da Philos Invest, s\u00e3o dois motivos principais para a queda acentuada do Banco Inter:<\/p>\n<ul>\n<li>O poss\u00edvel aumento mais intenso da alta de juros e;<\/li>\n<li>A alta que a empresa teve nos \u00faltimos dias.<\/li>\n<\/ul>\n\t<div data-element=\"shortcode-read-more\" class=\"knowMore\">\n\t\t\t\t<span class=\"knowMore__title\">Leia mais<\/span>\n\t\t\t\t<a class=\"knowMore__link\" href=\"https:\/\/www.suno.com.br\/noticias\/banco-inter-bidi11-despenca-entenda\/\">\n\t\t\tBanco Inter (BIDI11) despenca 8,88%, pior baixa do dia; entenda os motivos\t\t<\/a>\n\t<\/div>\n\n\n<p><a href=\"https:\/\/lp.suno.com.br\/newsletter-noticias\/\" target=\"_blank\" rel=\"noopener\" data-element=\"shortcode-suno-banner\" data-parameter=\"banner-mat-1-https:\/\/lp.suno.com.br\/newsletter-noticias\/\"><picture><source srcset=\"https:\/\/files.sunoresearch.com.br\/n\/uploads\/2022\/03\/Banner-MOBILE-16.webp\" media=\"(max-width: 500px)\" \/><\/picture><\/a><\/p>\n\t<p>\n\t\t<a href=\"https:\/\/lp.suno.com.br\/planilha-de-controle-de-investimentos\/\" target=\"_blank\" data-element=\"shortcode-suno-banner\" title=\"Banner SUNO, clique e saiba mais\">\n\t\t\t<picture>\n\t\t\t\t<source media=\"(max-width: 500px)\" srcset=\"https:\/\/files.sunoresearch.com.br\/n\/uploads\/2023\/03\/400x300-Controle-de-Investimentos.png\">\n\t\t\t\t<img class=\"newsContent__article__imgCapa newsContent__article__imgCapa--banner\"\n\t\t\t\t\tsrc=\"https:\/\/files.sunoresearch.com.br\/n\/uploads\/2023\/03\/1420x240-Controle-de-Investimentos.png\"\n\t\t\t\t\tdata-promo-id=\"75934\"\t\t\t\t\t\t\t\t\t\twidth='1420' height='240'\t\t\t\t\talt=\"https:\/\/files.sunoresearch.com.br\/n\/uploads\/2023\/03\/1420x240-Controle-de-Investimentos.png\"\n\t\t\t\t>\n\t\t\t<\/picture>\n\t\t<\/a>\n\t<\/p>\n\n\n","protected":false},"excerpt":{"rendered":"<p>A Copel (CPLE6) divulgou em seu balan\u00e7o do 4T21 que registrou lucro l\u00edquido recorde de R$ 5 bilh\u00f5es no acumulado de 2021. A empresa tamb\u00e9m anunciou o pagamento de dividendos adicionais bilion\u00e1rios para seus acionistas, de R$ 1,3 bilh\u00e3o (ainda a serem deliberados), totalizando R$ 3 bilh\u00f5es. Copel (CPLE6). Foto: Reprodu\u00e7\u00e3o Site RI Vale mais [&hellip;]<\/p>\n","protected":false},"author":146,"featured_media":180323,"comment_status":"closed","ping_status":"closed","sticky":false,"template":"","format":"standard","meta":[],"categories":[64],"tags":[431,517,584,681],"suno_strategy":[],"class_list":["post-245278","post","type-post","status-publish","format-standard","has-post-thumbnail","hentry","category-negocios","tag-copel-cple3-cple5-cple6","tag-itausa-itsa3-itsa4","tag-oi-oibr3-oibr4","tag-weg-wege3"],"yoast_head":"<!-- This site is optimized with the Yoast SEO plugin v24.4 - https:\/\/yoast.com\/wordpress\/plugins\/seo\/ -->\n<title>Dividendos da Copel (CPLE6) e Ita\u00fasa (ITSA4), carro por assinatura; as not\u00edcias mais lidas da semana<\/title>\n<meta name=\"description\" content=\"Copel (CPLE6) tem queda no lucro, mas paga dividendos bilion\u00e1rios, assim como Ita\u00fasa (ITSA4); veja as not\u00edcias mais lidas da semana.\" \/>\n<meta name=\"robots\" content=\"index, follow, max-snippet:-1, max-image-preview:large, max-video-preview:-1\" \/>\n<link rel=\"canonical\" href=\"https:\/\/www.suno.com.br\/noticias\/copel-cple6-itausa-itsa4-weg-wege3\/\" \/>\n<meta property=\"og:locale\" content=\"pt_BR\" \/>\n<meta property=\"og:type\" content=\"article\" \/>\n<meta property=\"og:title\" content=\"Dividendos da Copel (CPLE6) e Ita\u00fasa (ITSA4), carro por assinatura; as not\u00edcias mais lidas da semana\" \/>\n<meta property=\"og:description\" content=\"Copel (CPLE6) tem queda no lucro, mas paga dividendos bilion\u00e1rios, assim como Ita\u00fasa (ITSA4); veja as not\u00edcias mais lidas da semana.\" \/>\n<meta property=\"og:url\" content=\"https:\/\/www.suno.com.br\/noticias\/copel-cple6-itausa-itsa4-weg-wege3\/\" \/>\n<meta property=\"og:site_name\" content=\"Suno Not\u00edcias\" \/>\n<meta property=\"article:publisher\" content=\"https:\/\/facebook.com\/sunoresearch\" \/>\n<meta property=\"og:image\" content=\"https:\/\/files.sunoresearch.com.br\/n\/uploads\/2021\/09\/Devara-1-3_Easy-Resize.com_.jpg\" \/>\n\t<meta property=\"og:image:width\" content=\"1280\" \/>\n\t<meta property=\"og:image:height\" content=\"853\" \/>\n\t<meta property=\"og:image:type\" content=\"image\/jpeg\" \/>\n<meta name=\"author\" content=\"Vict\u00f3ria Anhesini\" \/>\n<meta name=\"twitter:card\" content=\"summary_large_image\" \/>\n<meta name=\"twitter:creator\" content=\"@sunoresearch\" \/>\n<meta name=\"twitter:site\" content=\"@sunoresearch\" \/>\n<meta name=\"twitter:label1\" content=\"Escrito por\" \/>\n\t<meta name=\"twitter:data1\" content=\"Vict\u00f3ria Anhesini\" \/>\n\t<meta name=\"twitter:label2\" content=\"Est. tempo de leitura\" \/>\n\t<meta name=\"twitter:data2\" content=\"8 minutos\" \/>\n<script type=\"application\/ld+json\" class=\"yoast-schema-graph\">{\"@context\":\"https:\/\/schema.org\",\"@graph\":[{\"@type\":\"NewsArticle\",\"@id\":\"https:\/\/www.suno.com.br\/noticias\/copel-cple6-itausa-itsa4-weg-wege3\/#article\",\"isPartOf\":{\"@id\":\"https:\/\/www.suno.com.br\/noticias\/copel-cple6-itausa-itsa4-weg-wege3\/\"},\"author\":{\"name\":\"Vict\u00f3ria Anhesini\",\"@id\":\"https:\/\/www.suno.com.br\/noticias\/#\/schema\/person\/46d847cb19ad53fde0857adca989c23f\"},\"headline\":\"Dividendos bilion\u00e1rios de Copel (CPLE6) e Ita\u00fasa (ITSA4), e a onda dos carros por assinatura: veja as not\u00edcias mais lidas da semana\",\"datePublished\":\"2022-03-26T13:24:42+00:00\",\"mainEntityOfPage\":{\"@id\":\"https:\/\/www.suno.com.br\/noticias\/copel-cple6-itausa-itsa4-weg-wege3\/\"},\"wordCount\":1797,\"publisher\":{\"@id\":\"https:\/\/www.suno.com.br\/noticias\/#organization\"},\"image\":{\"@id\":\"https:\/\/www.suno.com.br\/noticias\/copel-cple6-itausa-itsa4-weg-wege3\/#primaryimage\"},\"thumbnailUrl\":\"https:\/\/files.sunoresearch.com.br\/n\/uploads\/2021\/09\/Devara-1-3_Easy-Resize.com_.jpg\",\"keywords\":[\"Copel (CPLE3\/CPLE5\/CPLE6)\",\"Ita\u00fasa (ITSA3\/ITSA4)\",\"Oi (OIBR3\/OIBR4)\",\"Weg (WEGE3)\"],\"articleSection\":[\"Neg\u00f3cios\"],\"inLanguage\":\"pt-BR\"},{\"@type\":\"WebPage\",\"@id\":\"https:\/\/www.suno.com.br\/noticias\/copel-cple6-itausa-itsa4-weg-wege3\/\",\"url\":\"https:\/\/www.suno.com.br\/noticias\/copel-cple6-itausa-itsa4-weg-wege3\/\",\"name\":\"Dividendos da Copel (CPLE6) e Ita\u00fasa (ITSA4), carro por assinatura; as not\u00edcias mais lidas da semana\",\"isPartOf\":{\"@id\":\"https:\/\/www.suno.com.br\/noticias\/#website\"},\"primaryImageOfPage\":{\"@id\":\"https:\/\/www.suno.com.br\/noticias\/copel-cple6-itausa-itsa4-weg-wege3\/#primaryimage\"},\"image\":{\"@id\":\"https:\/\/www.suno.com.br\/noticias\/copel-cple6-itausa-itsa4-weg-wege3\/#primaryimage\"},\"thumbnailUrl\":\"https:\/\/files.sunoresearch.com.br\/n\/uploads\/2021\/09\/Devara-1-3_Easy-Resize.com_.jpg\",\"datePublished\":\"2022-03-26T13:24:42+00:00\",\"description\":\"Copel (CPLE6) tem queda no lucro, mas paga dividendos bilion\u00e1rios, assim como Ita\u00fasa (ITSA4); veja as not\u00edcias mais lidas da semana.\",\"breadcrumb\":{\"@id\":\"https:\/\/www.suno.com.br\/noticias\/copel-cple6-itausa-itsa4-weg-wege3\/#breadcrumb\"},\"inLanguage\":\"pt-BR\",\"potentialAction\":[{\"@type\":\"ReadAction\",\"target\":[\"https:\/\/www.suno.com.br\/noticias\/copel-cple6-itausa-itsa4-weg-wege3\/\"]}]},{\"@type\":\"ImageObject\",\"inLanguage\":\"pt-BR\",\"@id\":\"https:\/\/www.suno.com.br\/noticias\/copel-cple6-itausa-itsa4-weg-wege3\/#primaryimage\",\"url\":\"https:\/\/files.sunoresearch.com.br\/n\/uploads\/2021\/09\/Devara-1-3_Easy-Resize.com_.jpg\",\"contentUrl\":\"https:\/\/files.sunoresearch.com.br\/n\/uploads\/2021\/09\/Devara-1-3_Easy-Resize.com_.jpg\",\"width\":1280,\"height\":853,\"caption\":\"Copel (CPLE6). Foto: Reprodu\u00e7\u00e3o Site RI\"},{\"@type\":\"BreadcrumbList\",\"@id\":\"https:\/\/www.suno.com.br\/noticias\/copel-cple6-itausa-itsa4-weg-wege3\/#breadcrumb\",\"itemListElement\":[{\"@type\":\"ListItem\",\"position\":1,\"name\":\"Not\u00edcias\",\"item\":\"https:\/\/www.suno.com.br\/noticias\/\"},{\"@type\":\"ListItem\",\"position\":2,\"name\":\"Neg\u00f3cios\",\"item\":\"https:\/\/www.suno.com.br\/noticias\/negocios\/\"},{\"@type\":\"ListItem\",\"position\":3,\"name\":\"Dividendos bilion\u00e1rios de Copel (CPLE6) e Ita\u00fasa (ITSA4), e a onda dos carros por assinatura: veja as not\u00edcias mais lidas da semana\"}]},{\"@type\":\"WebSite\",\"@id\":\"https:\/\/www.suno.com.br\/noticias\/#website\",\"url\":\"https:\/\/www.suno.com.br\/noticias\/\",\"name\":\"Suno Not\u00edcias\",\"description\":\"Seu portal de informa\u00e7\u00e3o sobre o mundo dos investimentos\",\"publisher\":{\"@id\":\"https:\/\/www.suno.com.br\/noticias\/#organization\"},\"potentialAction\":[{\"@type\":\"SearchAction\",\"target\":{\"@type\":\"EntryPoint\",\"urlTemplate\":\"https:\/\/www.suno.com.br\/noticias\/?s={search_term_string}\"},\"query-input\":{\"@type\":\"PropertyValueSpecification\",\"valueRequired\":true,\"valueName\":\"search_term_string\"}}],\"inLanguage\":\"pt-BR\"},{\"@type\":\"Organization\",\"@id\":\"https:\/\/www.suno.com.br\/noticias\/#organization\",\"name\":\"Suno Not\u00edcias\",\"url\":\"https:\/\/www.suno.com.br\/noticias\/\",\"logo\":{\"@type\":\"ImageObject\",\"inLanguage\":\"pt-BR\",\"@id\":\"https:\/\/www.suno.com.br\/noticias\/#\/schema\/logo\/image\/\",\"url\":\"https:\/\/files.sunoresearch.com.br\/n\/uploads\/2021\/09\/suno-logo.png\",\"contentUrl\":\"https:\/\/files.sunoresearch.com.br\/n\/uploads\/2021\/09\/suno-logo.png\",\"width\":180,\"height\":180,\"caption\":\"Suno Not\u00edcias\"},\"image\":{\"@id\":\"https:\/\/www.suno.com.br\/noticias\/#\/schema\/logo\/image\/\"},\"sameAs\":[\"https:\/\/facebook.com\/sunoresearch\",\"https:\/\/x.com\/sunoresearch\",\"https:\/\/www.instagram.com\/suno\",\"https:\/\/www.linkedin.com\/company\/suno-research\/\",\"https:\/\/www.youtube.com\/c\/sunoresearch\"]},{\"@type\":\"Person\",\"@id\":\"https:\/\/www.suno.com.br\/noticias\/#\/schema\/person\/46d847cb19ad53fde0857adca989c23f\",\"name\":\"Vict\u00f3ria Anhesini\",\"image\":{\"@type\":\"ImageObject\",\"inLanguage\":\"pt-BR\",\"@id\":\"https:\/\/www.suno.com.br\/noticias\/#\/schema\/person\/image\/\",\"url\":\"https:\/\/secure.gravatar.com\/avatar\/0172bdfcd9129dd9dd68794804304e6e?s=96&r=g\",\"contentUrl\":\"https:\/\/secure.gravatar.com\/avatar\/0172bdfcd9129dd9dd68794804304e6e?s=96&r=g\",\"caption\":\"Vict\u00f3ria Anhesini\"},\"description\":\"Rep\u00f3rter no Suno Not\u00edcias, cobre mercados, neg\u00f3cios e economia, escrevendo majoritariamente sobre movimentos das empresas, cobertura de balan\u00e7os trimestrais e Bolsa de Valores. Formada em jornalismo pela Universidade Presbiteriana Mackenzie em 2019, passou pelo portal de economia e finan\u00e7as EuQueroInvestir como rep\u00f3rter e anteriormente, trabalhou na assessoria de imprensa PinePR, onde liderou com startups de inova\u00e7\u00e3o, tecnologia e finan\u00e7as. Em seu tempo livre, fala sobre m\u00fasica para ambos os sites do selo ForMusic, Wikimetal e Mad Sound, e faz trabalho volunt\u00e1rio no programa Escreve Cartas do Poupatempo.\",\"sameAs\":[\"https:\/\/www.linkedin.com\/in\/victoria-anhesini\/\"],\"url\":\"https:\/\/www.suno.com.br\/noticias\/author\/victoria\/\"}]}<\/script>\n<!-- \/ Yoast SEO plugin. -->","yoast_head_json":{"title":"Dividendos da Copel (CPLE6) e Ita\u00fasa (ITSA4), carro por assinatura; as not\u00edcias mais lidas da semana","description":"Copel (CPLE6) tem queda no lucro, mas paga dividendos bilion\u00e1rios, assim como Ita\u00fasa (ITSA4); veja as not\u00edcias mais lidas da semana.","robots":{"index":"index","follow":"follow","max-snippet":"max-snippet:-1","max-image-preview":"max-image-preview:large","max-video-preview":"max-video-preview:-1"},"canonical":"https:\/\/www.suno.com.br\/noticias\/copel-cple6-itausa-itsa4-weg-wege3\/","og_locale":"pt_BR","og_type":"article","og_title":"Dividendos da Copel (CPLE6) e Ita\u00fasa (ITSA4), carro por assinatura; as not\u00edcias mais lidas da semana","og_description":"Copel (CPLE6) tem queda no lucro, mas paga dividendos bilion\u00e1rios, assim como Ita\u00fasa (ITSA4); veja as not\u00edcias mais lidas da semana.","og_url":"https:\/\/www.suno.com.br\/noticias\/copel-cple6-itausa-itsa4-weg-wege3\/","og_site_name":"Suno Not\u00edcias","article_publisher":"https:\/\/facebook.com\/sunoresearch","og_image":[{"width":1280,"height":853,"url":"https:\/\/files.sunoresearch.com.br\/n\/uploads\/2021\/09\/Devara-1-3_Easy-Resize.com_.jpg","type":"image\/jpeg"}],"author":"Vict\u00f3ria Anhesini","twitter_card":"summary_large_image","twitter_creator":"@sunoresearch","twitter_site":"@sunoresearch","twitter_misc":{"Escrito por":"Vict\u00f3ria Anhesini","Est. tempo de leitura":"8 minutos"},"schema":{"@context":"https:\/\/schema.org","@graph":[{"@type":"NewsArticle","@id":"https:\/\/www.suno.com.br\/noticias\/copel-cple6-itausa-itsa4-weg-wege3\/#article","isPartOf":{"@id":"https:\/\/www.suno.com.br\/noticias\/copel-cple6-itausa-itsa4-weg-wege3\/"},"author":{"name":"Vict\u00f3ria Anhesini","@id":"https:\/\/www.suno.com.br\/noticias\/#\/schema\/person\/46d847cb19ad53fde0857adca989c23f"},"headline":"Dividendos bilion\u00e1rios de Copel (CPLE6) e Ita\u00fasa (ITSA4), e a onda dos carros por assinatura: veja as not\u00edcias mais lidas da semana","datePublished":"2022-03-26T13:24:42+00:00","mainEntityOfPage":{"@id":"https:\/\/www.suno.com.br\/noticias\/copel-cple6-itausa-itsa4-weg-wege3\/"},"wordCount":1797,"publisher":{"@id":"https:\/\/www.suno.com.br\/noticias\/#organization"},"image":{"@id":"https:\/\/www.suno.com.br\/noticias\/copel-cple6-itausa-itsa4-weg-wege3\/#primaryimage"},"thumbnailUrl":"https:\/\/files.sunoresearch.com.br\/n\/uploads\/2021\/09\/Devara-1-3_Easy-Resize.com_.jpg","keywords":["Copel (CPLE3\/CPLE5\/CPLE6)","Ita\u00fasa (ITSA3\/ITSA4)","Oi (OIBR3\/OIBR4)","Weg (WEGE3)"],"articleSection":["Neg\u00f3cios"],"inLanguage":"pt-BR"},{"@type":"WebPage","@id":"https:\/\/www.suno.com.br\/noticias\/copel-cple6-itausa-itsa4-weg-wege3\/","url":"https:\/\/www.suno.com.br\/noticias\/copel-cple6-itausa-itsa4-weg-wege3\/","name":"Dividendos da Copel (CPLE6) e Ita\u00fasa (ITSA4), carro por assinatura; as not\u00edcias mais lidas da semana","isPartOf":{"@id":"https:\/\/www.suno.com.br\/noticias\/#website"},"primaryImageOfPage":{"@id":"https:\/\/www.suno.com.br\/noticias\/copel-cple6-itausa-itsa4-weg-wege3\/#primaryimage"},"image":{"@id":"https:\/\/www.suno.com.br\/noticias\/copel-cple6-itausa-itsa4-weg-wege3\/#primaryimage"},"thumbnailUrl":"https:\/\/files.sunoresearch.com.br\/n\/uploads\/2021\/09\/Devara-1-3_Easy-Resize.com_.jpg","datePublished":"2022-03-26T13:24:42+00:00","description":"Copel (CPLE6) tem queda no lucro, mas paga dividendos bilion\u00e1rios, assim como Ita\u00fasa (ITSA4); veja as not\u00edcias mais lidas da semana.","breadcrumb":{"@id":"https:\/\/www.suno.com.br\/noticias\/copel-cple6-itausa-itsa4-weg-wege3\/#breadcrumb"},"inLanguage":"pt-BR","potentialAction":[{"@type":"ReadAction","target":["https:\/\/www.suno.com.br\/noticias\/copel-cple6-itausa-itsa4-weg-wege3\/"]}]},{"@type":"ImageObject","inLanguage":"pt-BR","@id":"https:\/\/www.suno.com.br\/noticias\/copel-cple6-itausa-itsa4-weg-wege3\/#primaryimage","url":"https:\/\/files.sunoresearch.com.br\/n\/uploads\/2021\/09\/Devara-1-3_Easy-Resize.com_.jpg","contentUrl":"https:\/\/files.sunoresearch.com.br\/n\/uploads\/2021\/09\/Devara-1-3_Easy-Resize.com_.jpg","width":1280,"height":853,"caption":"Copel (CPLE6). Foto: Reprodu\u00e7\u00e3o Site RI"},{"@type":"BreadcrumbList","@id":"https:\/\/www.suno.com.br\/noticias\/copel-cple6-itausa-itsa4-weg-wege3\/#breadcrumb","itemListElement":[{"@type":"ListItem","position":1,"name":"Not\u00edcias","item":"https:\/\/www.suno.com.br\/noticias\/"},{"@type":"ListItem","position":2,"name":"Neg\u00f3cios","item":"https:\/\/www.suno.com.br\/noticias\/negocios\/"},{"@type":"ListItem","position":3,"name":"Dividendos bilion\u00e1rios de Copel (CPLE6) e Ita\u00fasa (ITSA4), e a onda dos carros por assinatura: veja as not\u00edcias mais lidas da semana"}]},{"@type":"WebSite","@id":"https:\/\/www.suno.com.br\/noticias\/#website","url":"https:\/\/www.suno.com.br\/noticias\/","name":"Suno Not\u00edcias","description":"Seu portal de informa\u00e7\u00e3o sobre o mundo dos investimentos","publisher":{"@id":"https:\/\/www.suno.com.br\/noticias\/#organization"},"potentialAction":[{"@type":"SearchAction","target":{"@type":"EntryPoint","urlTemplate":"https:\/\/www.suno.com.br\/noticias\/?s={search_term_string}"},"query-input":{"@type":"PropertyValueSpecification","valueRequired":true,"valueName":"search_term_string"}}],"inLanguage":"pt-BR"},{"@type":"Organization","@id":"https:\/\/www.suno.com.br\/noticias\/#organization","name":"Suno Not\u00edcias","url":"https:\/\/www.suno.com.br\/noticias\/","logo":{"@type":"ImageObject","inLanguage":"pt-BR","@id":"https:\/\/www.suno.com.br\/noticias\/#\/schema\/logo\/image\/","url":"https:\/\/files.sunoresearch.com.br\/n\/uploads\/2021\/09\/suno-logo.png","contentUrl":"https:\/\/files.sunoresearch.com.br\/n\/uploads\/2021\/09\/suno-logo.png","width":180,"height":180,"caption":"Suno Not\u00edcias"},"image":{"@id":"https:\/\/www.suno.com.br\/noticias\/#\/schema\/logo\/image\/"},"sameAs":["https:\/\/facebook.com\/sunoresearch","https:\/\/x.com\/sunoresearch","https:\/\/www.instagram.com\/suno","https:\/\/www.linkedin.com\/company\/suno-research\/","https:\/\/www.youtube.com\/c\/sunoresearch"]},{"@type":"Person","@id":"https:\/\/www.suno.com.br\/noticias\/#\/schema\/person\/46d847cb19ad53fde0857adca989c23f","name":"Vict\u00f3ria Anhesini","image":{"@type":"ImageObject","inLanguage":"pt-BR","@id":"https:\/\/www.suno.com.br\/noticias\/#\/schema\/person\/image\/","url":"https:\/\/secure.gravatar.com\/avatar\/0172bdfcd9129dd9dd68794804304e6e?s=96&r=g","contentUrl":"https:\/\/secure.gravatar.com\/avatar\/0172bdfcd9129dd9dd68794804304e6e?s=96&r=g","caption":"Vict\u00f3ria Anhesini"},"description":"Rep\u00f3rter no Suno Not\u00edcias, cobre mercados, neg\u00f3cios e economia, escrevendo majoritariamente sobre movimentos das empresas, cobertura de balan\u00e7os trimestrais e Bolsa de Valores. Formada em jornalismo pela Universidade Presbiteriana Mackenzie em 2019, passou pelo portal de economia e finan\u00e7as EuQueroInvestir como rep\u00f3rter e anteriormente, trabalhou na assessoria de imprensa PinePR, onde liderou com startups de inova\u00e7\u00e3o, tecnologia e finan\u00e7as. Em seu tempo livre, fala sobre m\u00fasica para ambos os sites do selo ForMusic, Wikimetal e Mad Sound, e faz trabalho volunt\u00e1rio no programa Escreve Cartas do Poupatempo.","sameAs":["https:\/\/www.linkedin.com\/in\/victoria-anhesini\/"],"url":"https:\/\/www.suno.com.br\/noticias\/author\/victoria\/"}]}},"default_loop_html":"<div class=\"cardsPage__listCard__boxs\"><div class=\"cardsPage__listCard__boxs__img\"><a href=\"https:\/\/www.suno.com.br\/noticias\/copel-cple6-itausa-itsa4-weg-wege3\/\"><img class=\"mask\" src=\"https:\/\/www.suno.com.br\/noticias\/wp-content\/themes\/suno\/resources\/images\/spotlight\/spotlight1img\/bg-mask.png\" alt=\"Image Mask\"\/><img src=\"https:\/\/files.sunoresearch.com.br\/n\/uploads\/2021\/09\/Devara-1-3_Easy-Resize.com_-400x200.jpg\" alt=\"Dividendos bilion\u00e1rios de Copel (CPLE6) e Ita\u00fasa (ITSA4), e a onda dos carros por assinatura: veja as not\u00edcias mais lidas da semana\"\/><\/a><span class=\"spotlightCategory\"><a href=\"https:\/\/www.suno.com.br\/noticias\/negocios\/\">Neg\u00f3cios<\/a><\/span><\/div><div class=\"cardsPage__listCard__boxs__content\"><a href=\"https:\/\/www.suno.com.br\/noticias\/copel-cple6-itausa-itsa4-weg-wege3\/\"><h2 class=\"content__title\">Dividendos bilion\u00e1rios de Copel (CPLE6) e Ita\u00fasa (ITSA4), e a onda dos carros por assinatura: veja as not\u00edcias mais lidas da semana<\/h2><\/a><div class=\"newsContent__article__meta\"><div class=\"newsContent__article__meta__authorBox\"><a href=\"https:\/\/www.suno.com.br\/noticias\/author\/victoria\/\" class=\"authorBox__avatar noMobi\"><img src=\"https:\/\/files.sunoresearch.com.br\/n\/uploads\/2021\/12\/20190129VickyPINEAPPLE01-1-150x150.jpg\" alt=\"Vict\u00f3ria Anhesini\"><\/a><div class=\"authorBox__name\"><span>por\n\t\t\t<a href=\"https:\/\/www.suno.com.br\/noticias\/author\/victoria\/\"><span itemprop=\"author\">Vict\u00f3ria Anhesini<\/span><\/a><\/span><time datetime=\"2022-03-26T10:24:42-03:00\" itemprop=\"datePublished\">26\/03\/2022 10:24<\/time><\/div><\/div><\/div><\/div><\/div>","single_layout":"posts","amp_enabled":true,"_links":{"self":[{"href":"https:\/\/www.suno.com.br\/noticias\/wp-json\/wp\/v2\/posts\/245278"}],"collection":[{"href":"https:\/\/www.suno.com.br\/noticias\/wp-json\/wp\/v2\/posts"}],"about":[{"href":"https:\/\/www.suno.com.br\/noticias\/wp-json\/wp\/v2\/types\/post"}],"author":[{"embeddable":true,"href":"https:\/\/www.suno.com.br\/noticias\/wp-json\/wp\/v2\/users\/146"}],"replies":[{"embeddable":true,"href":"https:\/\/www.suno.com.br\/noticias\/wp-json\/wp\/v2\/comments?post=245278"}],"version-history":[{"count":3,"href":"https:\/\/www.suno.com.br\/noticias\/wp-json\/wp\/v2\/posts\/245278\/revisions"}],"predecessor-version":[{"id":245319,"href":"https:\/\/www.suno.com.br\/noticias\/wp-json\/wp\/v2\/posts\/245278\/revisions\/245319"}],"wp:featuredmedia":[{"embeddable":true,"href":"https:\/\/www.suno.com.br\/noticias\/wp-json\/wp\/v2\/media\/180323"}],"wp:attachment":[{"href":"https:\/\/www.suno.com.br\/noticias\/wp-json\/wp\/v2\/media?parent=245278"}],"wp:term":[{"taxonomy":"category","embeddable":true,"href":"https:\/\/www.suno.com.br\/noticias\/wp-json\/wp\/v2\/categories?post=245278"},{"taxonomy":"post_tag","embeddable":true,"href":"https:\/\/www.suno.com.br\/noticias\/wp-json\/wp\/v2\/tags?post=245278"},{"taxonomy":"suno_strategy","embeddable":true,"href":"https:\/\/www.suno.com.br\/noticias\/wp-json\/wp\/v2\/suno_strategy?post=245278"}],"curies":[{"name":"wp","href":"https:\/\/api.w.org\/{rel}","templated":true}]}}