{"id":245155,"date":"2022-03-25T19:18:28","date_gmt":"2022-03-25T22:18:28","guid":{"rendered":"https:\/\/www.suno.com.br\/noticias\/?p=245155"},"modified":"2022-03-25T19:18:28","modified_gmt":"2022-03-25T22:18:28","slug":"ser-educacional-seer3-previa-captacao-2022-confianca","status":"publish","type":"post","link":"https:\/\/www.suno.com.br\/noticias\/ser-educacional-seer3-previa-captacao-2022-confianca\/","title":{"rendered":"Ser (SEER3): pr\u00e9via de capta\u00e7\u00e3o de alunos para 2022 traz confian\u00e7a ao mercado, diz XP"},"content":{"rendered":"<p>A <a class=\"suno-keyword\" href=\"https:\/\/www.suno.com.br\/acoes\/SEER3\/\" target=\"_blank\" rel=\"noopener\" data-force=\"yes\" data-priority=\"2\"><strong>Ser Educacional<\/strong> (SEER3)<\/a> reportou uma queda de 97,1% no <a class=\"suno-keyword\" href=\"https:\/\/www.suno.com.br\/artigos\/lucro-liquido\/\" target=\"_blank\" rel=\"noopener\" data-force=\"no\" data-priority=\"1\">lucro l\u00edquido<\/a> do quarto trimestre de 2021, de R$ 3,4 milh\u00f5es, ante R$ 121,5 milh\u00f5es no mesmo per\u00edodo de 2020. De janeiro a dezembro do ano passado, o lucro recuou 68,2% na compara\u00e7\u00e3o com 2020, somando R$ 52,4 milh\u00f5es.<\/p>\t<div class=\"wrapper-featured-image\">\n\t\t<figure class=\"spotlightImg\">\n\n\t\t\t<picture>\n\t\t\t\t<source media=\"(max-width: 768px)\" srcset=\"https:\/\/files.sunoresearch.com.br\/n\/uploads\/2021\/05\/824e4bf3-ser-educacional-400x200.webp\">\n\t\t\t\t<img loading=\"lazy\" decoding=\"async\" class=\"newsContent__article__imgCapa lazyloadDisabled \" src=\"https:\/\/files.sunoresearch.com.br\/n\/uploads\/2021\/05\/824e4bf3-ser-educacional-800x450.webp\" width=\"800\" height=\"450\" alt=\"Ser (SEER3): pr\u00e9via de capta\u00e7\u00e3o de alunos para 2022 traz confian\u00e7a ao mercado, diz XP\" fetchpriority=high \/>\n\t\t\t<\/picture>\n\n\t\t\t<figcaption class=\"wp-caption-text wp-caption-text--show\">ser educacional. Foto: Reprodu\u00e7\u00e3o Facebook<\/figcaption>\n\t\t<\/figure>\n\t<\/div>\n\n\n\t<p>\n\t\t<a href=\"\" target=\"_blank\" data-element=\"shortcode-suno-banner\" title=\"Banner SUNO, clique e saiba mais\">\n\t\t\t<picture>\n\t\t\t\t<source media=\"(max-width: 500px)\" srcset=\"\">\n\t\t\t\t<img class=\"newsContent__article__imgCapa newsContent__article__imgCapa--banner\"\n\t\t\t\t\tsrc=\"\"\n\t\t\t\t\tdata-promo-id=\"138420\"\t\t\t\t\t\t\t\t\t\t\t\t\t\t\talt=\"\"\n\t\t\t\t>\n\t\t\t<\/picture>\n\t\t<\/a>\n\t<\/p>\n\n\n<p>No lucro ajustado, a Ser Educacional registrou R$ 30,8 milh\u00f5es no 4T21, 5,5% na compara\u00e7\u00e3o anual, acumulando R$ 32,5 milh\u00f5es.<\/p>\n<p>A companhia divulgou a apresenta\u00e7\u00e3o nesta sexta-feira (25), antes da <a class=\"suno-keyword\" href=\"https:\/\/www.suno.com.br\/artigos\/abertura-do-mercado\/\" target=\"_blank\" rel=\"noopener\" data-force=\"no\" data-priority=\"1\">abertura do mercado<\/a>. De acordo com a <strong>XP Investimentos<\/strong>, os resultados s\u00e3o &#8220;ligeiramente positivos&#8221;, com os seguintes destaques principais:<\/p>\n<ul>\n<li>O crescimento da base de alunos digital com <a class=\"suno-keyword\" href=\"https:\/\/www.suno.com.br\/artigos\/ticket-medio\/\" target=\"_blank\" rel=\"noopener\" data-force=\"no\" data-priority=\"1\">ticket m\u00e9dio<\/a> est\u00e1vel e;<\/li>\n<li><a class=\"suno-keyword\" href=\"https:\/\/www.suno.com.br\/artigos\/margem-ebitda\/\" target=\"_blank\" rel=\"noopener\" data-force=\"no\" data-priority=\"1\">Margem Ebitda<\/a> est\u00e1vel, mesmo considerando o retorno das atividades presenciais.<\/li>\n<\/ul>\n<p>&#8220;Al\u00e9m disso, a empresa apresentou a pr\u00e9via de capta\u00e7\u00e3o para o primeiro semestre de 2022, com uma recupera\u00e7\u00e3o bem-vinda nos n\u00fameros do segmento presencial. Em nossa vis\u00e3o, o resultado pode dar mais confian\u00e7a ao mercado em rela\u00e7\u00e3o ao setor&#8221;, diz o relat\u00f3rio.<\/p>\n<p>O <strong>Ebitda<\/strong> (lucro antes juros, impostos, <a class=\"suno-keyword\" href=\"https:\/\/www.suno.com.br\/artigos\/depreciacao-amortizacao\/\" target=\"_blank\" rel=\"noopener\" data-force=\"no\" data-priority=\"1\">deprecia\u00e7\u00e3o e amortiza\u00e7\u00e3o<\/a>) ajustado aumentou 11,6% no 4T21, alcan\u00e7ando R$ 84,4 milh\u00f5es.<\/p>\n<p>A Ser Educacional apontou que o aumento do <a class=\"suno-keyword\" href=\"https:\/\/www.suno.com.br\/artigos\/ebitda-ajustado\/\" target=\"_blank\" rel=\"noopener\" data-force=\"no\" data-priority=\"1\">Ebitda ajustado<\/a> foi decorrente do efeito combinado da normaliza\u00e7\u00e3o das atividades da companhia. Em conjunto com o avan\u00e7o da vacina\u00e7\u00e3o e esfor\u00e7os comerciais, houve um aumento da capta\u00e7\u00e3o e da base de alunos, assim como diminui\u00e7\u00e3o da evas\u00e3o ante 4T20. A XP aponta que a pr\u00e9via da capta\u00e7\u00e3o do 1S22 mostra crescimento anual de 25,4% da educa\u00e7\u00e3o presencial (h\u00edbrida) e digital crescendo 43,5% na mesma base de compara\u00e7\u00e3o.<\/p>\n\t<p>\n\t\t<a href=\"https:\/\/lp.suno.com.br\/planilha-controle-gastos\/\" target=\"_blank\" data-element=\"shortcode-suno-banner\" title=\"Banner SUNO, clique e saiba mais\">\n\t\t\t<picture>\n\t\t\t\t<source media=\"(max-width: 500px)\" srcset=\"https:\/\/files.sunoresearch.com.br\/n\/uploads\/2023\/03\/400x300-Planilha-controle-de-gastos.png\">\n\t\t\t\t<img class=\"newsContent__article__imgCapa newsContent__article__imgCapa--banner\"\n\t\t\t\t\tsrc=\"https:\/\/files.sunoresearch.com.br\/n\/uploads\/2023\/03\/1420x240-Planilha-controle-de-gastos.png\"\n\t\t\t\t\tdata-promo-id=\"101751\"\t\t\t\t\t\t\t\t\t\twidth='1420' height='240'\t\t\t\t\talt=\"https:\/\/files.sunoresearch.com.br\/n\/uploads\/2023\/03\/1420x240-Planilha-controle-de-gastos.png\"\n\t\t\t\t>\n\t\t\t<\/picture>\n\t\t<\/a>\n\t<\/p>\n\n\n<p>&#8220;A queda org\u00e2nica na capta\u00e7\u00e3o digital (-20,7% a\/a) deve-se \u00e0 alta base de compara\u00e7\u00e3o de 2021, mas a aquisi\u00e7\u00e3o da FAEL \u2013 conclu\u00edda em meados de janeiro \u2013 mais do que compensou o recuo&#8221;, afirma o texto.<\/p>\n<p>J\u00e1 sobre as receitas, houve alta de 18,6% no 4T21, 3,7% acima das estimativas da XP, por algumas raz\u00f5es:<\/p>\n<ul>\n<li>Base de alunos de gradua\u00e7\u00e3o presencial est\u00e1vel, juntamente com um aumento de 10,5% no ticket m\u00e9dio, e;<\/li>\n<li>Crescimento de 60% na compara\u00e7\u00e3o anual, na base de alunos digitais (gradua\u00e7\u00e3o e p\u00f3s-gradua\u00e7\u00e3o) juntamente com ticket m\u00e9dio est\u00e1vel.<\/li>\n<\/ul>\n<p>&#8220;Os alunos de cursos de sa\u00fade representaram 60% da base de alunos presenciais (+5 p.p. A\/A) e contribu\u00edram com o aumento do ticket m\u00e9dio. No segmento digital, o mix de cursos melhorou, mas o aumento da participa\u00e7\u00e3o de alunos matriculados no modelo 100% online compensou os ganhos de pre\u00e7o&#8221;, apontam os analistas Rafael Barros e Larissa P\u00e9rez.<\/p>\n<p>Com o retorno das aulas presenciais, houve aux\u00edlio no <strong>crescimento da receita<\/strong>, \u201cmas ceifando ganhos de margem, uma vez que as aulas pr\u00e1ticas trouxeram aumento de custos e as atividades comerciais aumentaram as despesas de marketing\u201d. A <strong>margem Ebitda<\/strong> ajustada ficou em 21,6% no trimestre, queda de 1,4 ponto percentual, em linha com as expectativas da XP.<\/p>\n<p>A classifica\u00e7\u00e3o da XP Investimentos para as a\u00e7\u00f5es da Ser Educacional \u00e9 <strong>neutra<\/strong>, no <a class=\"suno-keyword\" href=\"https:\/\/www.suno.com.br\/artigos\/preco-alvo\/\" target=\"_blank\" rel=\"noopener\" data-force=\"no\" data-priority=\"1\">pre\u00e7o alvo<\/a> de R$ 17.<\/p>\n\t<p>\n\t\t<a href=\"https:\/\/lp.suno.com.br\/planilha-da-vida-financeira\/\" target=\"_blank\" data-element=\"shortcode-suno-banner\" title=\"Banner SUNO, clique e saiba mais\">\n\t\t\t<picture>\n\t\t\t\t<source media=\"(max-width: 500px)\" srcset=\"https:\/\/files.sunoresearch.com.br\/n\/uploads\/2023\/04\/400x300-Planilha-vida-financeira-true.png\">\n\t\t\t\t<img class=\"newsContent__article__imgCapa newsContent__article__imgCapa--banner\"\n\t\t\t\t\tsrc=\"https:\/\/files.sunoresearch.com.br\/n\/uploads\/2023\/04\/1420x240-Planilha-vida-financeira-true.png\"\n\t\t\t\t\tdata-promo-id=\"106682\"\t\t\t\t\t\t\t\t\t\twidth='1420' height='240'\t\t\t\t\talt=\"https:\/\/files.sunoresearch.com.br\/n\/uploads\/2023\/04\/1420x240-Planilha-vida-financeira-true.png\"\n\t\t\t\t>\n\t\t\t<\/picture>\n\t\t<\/a>\n\t<\/p>\n\n\n<h2>Ativa Investimentos v\u00ea a pr\u00e9via de capta\u00e7\u00e3o da Ser Educacional positivamente<\/h2>\n<p>A Ser Educacional apresentou um resultado trimestral acima das proje\u00e7\u00f5es da <strong>Ativa Investimentos<\/strong>, especialmente nas receitas do 4T21, mas com Ebitda levemente abaixo das estimativas.<\/p>\n<p>Assim como a XP, a Ativa afirma que os pontos mais positivos do balan\u00e7o foram a melhora na evas\u00e3o e ticket presencial. Na opini\u00e3o dos analistas, a pr\u00e9via de capta\u00e7\u00e3o para o primeiro trimestre de 2022 mostra s\u00f3lidos n\u00fameros no ensino h\u00edbrido. A expans\u00e3o h\u00edbrida e digital foi impulsionada pela integra\u00e7\u00e3o da FAEL.<\/p>\n<p>&#8220;Excluindo aquisi\u00e7\u00f5es, entretanto, a capta\u00e7\u00e3o total seria 0,5% maior em rela\u00e7\u00e3o ao 1T20. Por outro lado, a capta\u00e7\u00e3o do ensino h\u00edbrido mostrou n\u00fameros animadores, com expans\u00e3o de 25,4%a\/a e 20,7% a\/a ex-aquisi\u00e7\u00f5es. O bom desempenho se deu, principalmente, pela retomada das atividades presenciais nas cidades em que a cia. possui seus campi, utiliza\u00e7\u00e3o de novos canais digitais para despesas com publicidade e implementa\u00e7\u00e3o da Ub\u00edqua&#8221;, apontam os analistas da Ativa, em relat\u00f3rio.<\/p>\n<p>De acordo com os analistas, apesar de pressionado no <a class=\"suno-keyword\" href=\"https:\/\/www.suno.com.br\/artigos\/curto-prazo\/\" target=\"_blank\" rel=\"noopener\" data-force=\"no\" data-priority=\"1\">curto prazo<\/a>, o setor de educa\u00e7\u00e3o oferece oportunidades interessantes de crescimento no <a class=\"suno-keyword\" href=\"https:\/\/www.suno.com.br\/artigos\/longo-prazo\/\" target=\"_blank\" rel=\"noopener\" data-force=\"no\" data-priority=\"1\">longo prazo<\/a>.<\/p>\n\t<p>\n\t\t<a href=\"https:\/\/lp.suno.com.br\/ebook-como-analisar-uma-acao\/\" target=\"_blank\" data-element=\"shortcode-suno-banner\" title=\"Banner SUNO, clique e saiba mais\">\n\t\t\t<picture>\n\t\t\t\t<source media=\"(max-width: 500px)\" srcset=\"https:\/\/files.sunoresearch.com.br\/n\/uploads\/2023\/03\/Ebook-Acoes-Mobile-1.jpg\">\n\t\t\t\t<img class=\"newsContent__article__imgCapa newsContent__article__imgCapa--banner\"\n\t\t\t\t\tsrc=\"https:\/\/files.sunoresearch.com.br\/n\/uploads\/2023\/03\/Ebook-Acoes-Desktop-1.jpg\"\n\t\t\t\t\tdata-promo-id=\"171998\"\t\t\t\t\t\t\t\t\t\twidth='1420' height='286'\t\t\t\t\talt=\"https:\/\/files.sunoresearch.com.br\/n\/uploads\/2023\/03\/Ebook-Acoes-Desktop-1.jpg\"\n\t\t\t\t>\n\t\t\t<\/picture>\n\t\t<\/a>\n\t<\/p>\n\n\n<p>\u201cA consolida\u00e7\u00e3o que vem acontecendo no setor permitir\u00e1 que os grandes players continuem crescendo de forma inorg\u00e2nica e ganhem share nos centros urbanos. Al\u00e9m disso, a abertura de polos EAD d\u00e1 a capilaridade necess\u00e1ria para as empresas chegarem a cidades menores e com alto potencial de crescimento\u201d, afirmaram.<\/p>\n<p>Mesmo com os riscos de governan\u00e7a e alta concentra\u00e7\u00e3o das IES no Nordeste, de 81%, a Ativa v\u00ea um <strong>valuation<\/strong> muito atrativo e um n\u00edvel saud\u00e1vel de alavancagem, que permitir\u00e1 que a Ser Educacional realize aquisi\u00e7\u00f5es importantes nos pr\u00f3ximos per\u00edodos.<\/p>\n<p>A recomenda\u00e7\u00e3o da Ativa para as a\u00e7\u00f5es da\u00a0<strong>Ser Educacional<\/strong> \u00e9 de compra, no pre\u00e7o alvo de R$ 21,80, com\u00a0<em>upside<\/em> de 86,3%.<\/p>\n\t<p>\n\t\t<a href=\"https:\/\/lp.suno.com.br\/planilha-de-controle-de-investimentos\/\" target=\"_blank\" data-element=\"shortcode-suno-banner\" title=\"Banner SUNO, clique e saiba mais\">\n\t\t\t<picture>\n\t\t\t\t<source media=\"(max-width: 500px)\" srcset=\"https:\/\/files.sunoresearch.com.br\/n\/uploads\/2023\/03\/400x300-Controle-de-Investimentos.png\">\n\t\t\t\t<img class=\"newsContent__article__imgCapa newsContent__article__imgCapa--banner\"\n\t\t\t\t\tsrc=\"https:\/\/files.sunoresearch.com.br\/n\/uploads\/2023\/03\/1420x240-Controle-de-Investimentos.png\"\n\t\t\t\t\tdata-promo-id=\"75934\"\t\t\t\t\t\t\t\t\t\twidth='1420' height='240'\t\t\t\t\talt=\"https:\/\/files.sunoresearch.com.br\/n\/uploads\/2023\/03\/1420x240-Controle-de-Investimentos.png\"\n\t\t\t\t>\n\t\t\t<\/picture>\n\t\t<\/a>\n\t<\/p>\n\n\n","protected":false},"excerpt":{"rendered":"<p>A Ser Educacional (SEER3) reportou uma queda de 97,1% no lucro l\u00edquido do quarto trimestre de 2021, de R$ 3,4 milh\u00f5es, ante R$ 121,5 milh\u00f5es no mesmo per\u00edodo de 2020. De janeiro a dezembro do ano passado, o lucro recuou 68,2% na compara\u00e7\u00e3o com 2020, somando R$ 52,4 milh\u00f5es. ser educacional. Foto: Reprodu\u00e7\u00e3o Facebook No [&hellip;]<\/p>\n","protected":false},"author":146,"featured_media":152949,"comment_status":"closed","ping_status":"closed","sticky":false,"template":"","format":"standard","meta":[],"categories":[64],"tags":[105844,105816,632,888],"suno_strategy":[],"class_list":["post-245155","post","type-post","status-publish","format-standard","has-post-thumbnail","hentry","category-negocios","tag-ativa","tag-especialistas","tag-ser-educacional-seer3","tag-xp-investimentos"],"yoast_head":"<!-- This site is optimized with the Yoast SEO plugin v24.4 - https:\/\/yoast.com\/wordpress\/plugins\/seo\/ -->\n<title>Ser (SEER3): pr\u00e9via de capta\u00e7\u00e3o para 2022 traz confian\u00e7a, diz XP<\/title>\n<meta name=\"description\" content=\"A Ser Educacional (SEER3) reportou uma queda de 97,1% no lucro l\u00edquido do 4T21, de R$ 3,4 milh\u00f5es. Veja a opini\u00e3o dos analistas.\" \/>\n<meta name=\"robots\" content=\"index, follow, max-snippet:-1, max-image-preview:large, max-video-preview:-1\" \/>\n<link rel=\"canonical\" href=\"https:\/\/www.suno.com.br\/noticias\/ser-educacional-seer3-previa-captacao-2022-confianca\/\" \/>\n<meta property=\"og:locale\" content=\"pt_BR\" \/>\n<meta property=\"og:type\" content=\"article\" \/>\n<meta property=\"og:title\" content=\"Ser (SEER3): pr\u00e9via de capta\u00e7\u00e3o para 2022 traz confian\u00e7a, diz XP\" \/>\n<meta property=\"og:description\" content=\"A Ser Educacional (SEER3) reportou uma queda de 97,1% no lucro l\u00edquido do 4T21, de R$ 3,4 milh\u00f5es. Veja a opini\u00e3o dos analistas.\" \/>\n<meta property=\"og:url\" content=\"https:\/\/www.suno.com.br\/noticias\/ser-educacional-seer3-previa-captacao-2022-confianca\/\" \/>\n<meta property=\"og:site_name\" content=\"Suno Not\u00edcias\" \/>\n<meta property=\"article:publisher\" content=\"https:\/\/facebook.com\/sunoresearch\" \/>\n<meta property=\"og:image\" content=\"https:\/\/files.sunoresearch.com.br\/n\/uploads\/2021\/05\/824e4bf3-ser-educacional.jpg\" \/>\n\t<meta property=\"og:image:width\" content=\"1200\" \/>\n\t<meta property=\"og:image:height\" content=\"900\" \/>\n\t<meta property=\"og:image:type\" content=\"image\/jpeg\" \/>\n<meta name=\"author\" content=\"Vict\u00f3ria Anhesini\" \/>\n<meta name=\"twitter:card\" content=\"summary_large_image\" \/>\n<meta name=\"twitter:creator\" content=\"@sunoresearch\" \/>\n<meta name=\"twitter:site\" content=\"@sunoresearch\" \/>\n<meta name=\"twitter:label1\" content=\"Escrito por\" \/>\n\t<meta name=\"twitter:data1\" content=\"Vict\u00f3ria Anhesini\" \/>\n\t<meta name=\"twitter:label2\" content=\"Est. tempo de leitura\" \/>\n\t<meta name=\"twitter:data2\" content=\"4 minutos\" \/>\n<script type=\"application\/ld+json\" class=\"yoast-schema-graph\">{\"@context\":\"https:\/\/schema.org\",\"@graph\":[{\"@type\":\"NewsArticle\",\"@id\":\"https:\/\/www.suno.com.br\/noticias\/ser-educacional-seer3-previa-captacao-2022-confianca\/#article\",\"isPartOf\":{\"@id\":\"https:\/\/www.suno.com.br\/noticias\/ser-educacional-seer3-previa-captacao-2022-confianca\/\"},\"author\":{\"name\":\"Vict\u00f3ria Anhesini\",\"@id\":\"https:\/\/www.suno.com.br\/noticias\/#\/schema\/person\/46d847cb19ad53fde0857adca989c23f\"},\"headline\":\"Ser (SEER3): pr\u00e9via de capta\u00e7\u00e3o de alunos para 2022 traz confian\u00e7a ao mercado, diz XP\",\"datePublished\":\"2022-03-25T22:18:28+00:00\",\"mainEntityOfPage\":{\"@id\":\"https:\/\/www.suno.com.br\/noticias\/ser-educacional-seer3-previa-captacao-2022-confianca\/\"},\"wordCount\":880,\"publisher\":{\"@id\":\"https:\/\/www.suno.com.br\/noticias\/#organization\"},\"image\":{\"@id\":\"https:\/\/www.suno.com.br\/noticias\/ser-educacional-seer3-previa-captacao-2022-confianca\/#primaryimage\"},\"thumbnailUrl\":\"https:\/\/files.sunoresearch.com.br\/n\/uploads\/2021\/05\/824e4bf3-ser-educacional-jpg.webp\",\"keywords\":[\"Ativa\",\"Especialistas\",\"Ser Educacional (SEER3)\",\"XP Investimentos\"],\"articleSection\":[\"Neg\u00f3cios\"],\"inLanguage\":\"pt-BR\"},{\"@type\":\"WebPage\",\"@id\":\"https:\/\/www.suno.com.br\/noticias\/ser-educacional-seer3-previa-captacao-2022-confianca\/\",\"url\":\"https:\/\/www.suno.com.br\/noticias\/ser-educacional-seer3-previa-captacao-2022-confianca\/\",\"name\":\"Ser (SEER3): pr\u00e9via de capta\u00e7\u00e3o para 2022 traz confian\u00e7a, diz XP\",\"isPartOf\":{\"@id\":\"https:\/\/www.suno.com.br\/noticias\/#website\"},\"primaryImageOfPage\":{\"@id\":\"https:\/\/www.suno.com.br\/noticias\/ser-educacional-seer3-previa-captacao-2022-confianca\/#primaryimage\"},\"image\":{\"@id\":\"https:\/\/www.suno.com.br\/noticias\/ser-educacional-seer3-previa-captacao-2022-confianca\/#primaryimage\"},\"thumbnailUrl\":\"https:\/\/files.sunoresearch.com.br\/n\/uploads\/2021\/05\/824e4bf3-ser-educacional-jpg.webp\",\"datePublished\":\"2022-03-25T22:18:28+00:00\",\"description\":\"A Ser Educacional (SEER3) reportou uma queda de 97,1% no lucro l\u00edquido do 4T21, de R$ 3,4 milh\u00f5es. Veja a opini\u00e3o dos analistas.\",\"breadcrumb\":{\"@id\":\"https:\/\/www.suno.com.br\/noticias\/ser-educacional-seer3-previa-captacao-2022-confianca\/#breadcrumb\"},\"inLanguage\":\"pt-BR\",\"potentialAction\":[{\"@type\":\"ReadAction\",\"target\":[\"https:\/\/www.suno.com.br\/noticias\/ser-educacional-seer3-previa-captacao-2022-confianca\/\"]}]},{\"@type\":\"ImageObject\",\"inLanguage\":\"pt-BR\",\"@id\":\"https:\/\/www.suno.com.br\/noticias\/ser-educacional-seer3-previa-captacao-2022-confianca\/#primaryimage\",\"url\":\"https:\/\/files.sunoresearch.com.br\/n\/uploads\/2021\/05\/824e4bf3-ser-educacional-jpg.webp\",\"contentUrl\":\"https:\/\/files.sunoresearch.com.br\/n\/uploads\/2021\/05\/824e4bf3-ser-educacional-jpg.webp\",\"width\":1200,\"height\":900,\"caption\":\"ser educacional. Foto: Reprodu\u00e7\u00e3o Facebook\"},{\"@type\":\"BreadcrumbList\",\"@id\":\"https:\/\/www.suno.com.br\/noticias\/ser-educacional-seer3-previa-captacao-2022-confianca\/#breadcrumb\",\"itemListElement\":[{\"@type\":\"ListItem\",\"position\":1,\"name\":\"Not\u00edcias\",\"item\":\"https:\/\/www.suno.com.br\/noticias\/\"},{\"@type\":\"ListItem\",\"position\":2,\"name\":\"Neg\u00f3cios\",\"item\":\"https:\/\/www.suno.com.br\/noticias\/negocios\/\"},{\"@type\":\"ListItem\",\"position\":3,\"name\":\"Ser (SEER3): pr\u00e9via de capta\u00e7\u00e3o de alunos para 2022 traz confian\u00e7a ao mercado, diz XP\"}]},{\"@type\":\"WebSite\",\"@id\":\"https:\/\/www.suno.com.br\/noticias\/#website\",\"url\":\"https:\/\/www.suno.com.br\/noticias\/\",\"name\":\"Suno Not\u00edcias\",\"description\":\"Seu portal de informa\u00e7\u00e3o sobre o mundo dos investimentos\",\"publisher\":{\"@id\":\"https:\/\/www.suno.com.br\/noticias\/#organization\"},\"potentialAction\":[{\"@type\":\"SearchAction\",\"target\":{\"@type\":\"EntryPoint\",\"urlTemplate\":\"https:\/\/www.suno.com.br\/noticias\/?s={search_term_string}\"},\"query-input\":{\"@type\":\"PropertyValueSpecification\",\"valueRequired\":true,\"valueName\":\"search_term_string\"}}],\"inLanguage\":\"pt-BR\"},{\"@type\":\"Organization\",\"@id\":\"https:\/\/www.suno.com.br\/noticias\/#organization\",\"name\":\"Suno Not\u00edcias\",\"url\":\"https:\/\/www.suno.com.br\/noticias\/\",\"logo\":{\"@type\":\"ImageObject\",\"inLanguage\":\"pt-BR\",\"@id\":\"https:\/\/www.suno.com.br\/noticias\/#\/schema\/logo\/image\/\",\"url\":\"https:\/\/files.sunoresearch.com.br\/n\/uploads\/2021\/09\/suno-logo.png\",\"contentUrl\":\"https:\/\/files.sunoresearch.com.br\/n\/uploads\/2021\/09\/suno-logo.png\",\"width\":180,\"height\":180,\"caption\":\"Suno Not\u00edcias\"},\"image\":{\"@id\":\"https:\/\/www.suno.com.br\/noticias\/#\/schema\/logo\/image\/\"},\"sameAs\":[\"https:\/\/facebook.com\/sunoresearch\",\"https:\/\/x.com\/sunoresearch\",\"https:\/\/www.instagram.com\/suno\",\"https:\/\/www.linkedin.com\/company\/suno-research\/\",\"https:\/\/www.youtube.com\/c\/sunoresearch\"]},{\"@type\":\"Person\",\"@id\":\"https:\/\/www.suno.com.br\/noticias\/#\/schema\/person\/46d847cb19ad53fde0857adca989c23f\",\"name\":\"Vict\u00f3ria Anhesini\",\"image\":{\"@type\":\"ImageObject\",\"inLanguage\":\"pt-BR\",\"@id\":\"https:\/\/www.suno.com.br\/noticias\/#\/schema\/person\/image\/\",\"url\":\"https:\/\/secure.gravatar.com\/avatar\/0172bdfcd9129dd9dd68794804304e6e?s=96&r=g\",\"contentUrl\":\"https:\/\/secure.gravatar.com\/avatar\/0172bdfcd9129dd9dd68794804304e6e?s=96&r=g\",\"caption\":\"Vict\u00f3ria Anhesini\"},\"description\":\"Rep\u00f3rter no Suno Not\u00edcias, cobre mercados, neg\u00f3cios e economia, escrevendo majoritariamente sobre movimentos das empresas, cobertura de balan\u00e7os trimestrais e Bolsa de Valores. Formada em jornalismo pela Universidade Presbiteriana Mackenzie em 2019, passou pelo portal de economia e finan\u00e7as EuQueroInvestir como rep\u00f3rter e anteriormente, trabalhou na assessoria de imprensa PinePR, onde liderou com startups de inova\u00e7\u00e3o, tecnologia e finan\u00e7as. Em seu tempo livre, fala sobre m\u00fasica para ambos os sites do selo ForMusic, Wikimetal e Mad Sound, e faz trabalho volunt\u00e1rio no programa Escreve Cartas do Poupatempo.\",\"sameAs\":[\"https:\/\/www.linkedin.com\/in\/victoria-anhesini\/\"],\"url\":\"https:\/\/www.suno.com.br\/noticias\/author\/victoria\/\"}]}<\/script>\n<!-- \/ Yoast SEO plugin. -->","yoast_head_json":{"title":"Ser (SEER3): pr\u00e9via de capta\u00e7\u00e3o para 2022 traz confian\u00e7a, diz XP","description":"A Ser Educacional (SEER3) reportou uma queda de 97,1% no lucro l\u00edquido do 4T21, de R$ 3,4 milh\u00f5es. Veja a opini\u00e3o dos analistas.","robots":{"index":"index","follow":"follow","max-snippet":"max-snippet:-1","max-image-preview":"max-image-preview:large","max-video-preview":"max-video-preview:-1"},"canonical":"https:\/\/www.suno.com.br\/noticias\/ser-educacional-seer3-previa-captacao-2022-confianca\/","og_locale":"pt_BR","og_type":"article","og_title":"Ser (SEER3): pr\u00e9via de capta\u00e7\u00e3o para 2022 traz confian\u00e7a, diz XP","og_description":"A Ser Educacional (SEER3) reportou uma queda de 97,1% no lucro l\u00edquido do 4T21, de R$ 3,4 milh\u00f5es. Veja a opini\u00e3o dos analistas.","og_url":"https:\/\/www.suno.com.br\/noticias\/ser-educacional-seer3-previa-captacao-2022-confianca\/","og_site_name":"Suno Not\u00edcias","article_publisher":"https:\/\/facebook.com\/sunoresearch","og_image":[{"width":1200,"height":900,"url":"https:\/\/files.sunoresearch.com.br\/n\/uploads\/2021\/05\/824e4bf3-ser-educacional.jpg","type":"image\/jpeg"}],"author":"Vict\u00f3ria Anhesini","twitter_card":"summary_large_image","twitter_creator":"@sunoresearch","twitter_site":"@sunoresearch","twitter_misc":{"Escrito por":"Vict\u00f3ria Anhesini","Est. tempo de leitura":"4 minutos"},"schema":{"@context":"https:\/\/schema.org","@graph":[{"@type":"NewsArticle","@id":"https:\/\/www.suno.com.br\/noticias\/ser-educacional-seer3-previa-captacao-2022-confianca\/#article","isPartOf":{"@id":"https:\/\/www.suno.com.br\/noticias\/ser-educacional-seer3-previa-captacao-2022-confianca\/"},"author":{"name":"Vict\u00f3ria Anhesini","@id":"https:\/\/www.suno.com.br\/noticias\/#\/schema\/person\/46d847cb19ad53fde0857adca989c23f"},"headline":"Ser (SEER3): pr\u00e9via de capta\u00e7\u00e3o de alunos para 2022 traz confian\u00e7a ao mercado, diz XP","datePublished":"2022-03-25T22:18:28+00:00","mainEntityOfPage":{"@id":"https:\/\/www.suno.com.br\/noticias\/ser-educacional-seer3-previa-captacao-2022-confianca\/"},"wordCount":880,"publisher":{"@id":"https:\/\/www.suno.com.br\/noticias\/#organization"},"image":{"@id":"https:\/\/www.suno.com.br\/noticias\/ser-educacional-seer3-previa-captacao-2022-confianca\/#primaryimage"},"thumbnailUrl":"https:\/\/files.sunoresearch.com.br\/n\/uploads\/2021\/05\/824e4bf3-ser-educacional-jpg.webp","keywords":["Ativa","Especialistas","Ser Educacional (SEER3)","XP Investimentos"],"articleSection":["Neg\u00f3cios"],"inLanguage":"pt-BR"},{"@type":"WebPage","@id":"https:\/\/www.suno.com.br\/noticias\/ser-educacional-seer3-previa-captacao-2022-confianca\/","url":"https:\/\/www.suno.com.br\/noticias\/ser-educacional-seer3-previa-captacao-2022-confianca\/","name":"Ser (SEER3): pr\u00e9via de capta\u00e7\u00e3o para 2022 traz confian\u00e7a, diz XP","isPartOf":{"@id":"https:\/\/www.suno.com.br\/noticias\/#website"},"primaryImageOfPage":{"@id":"https:\/\/www.suno.com.br\/noticias\/ser-educacional-seer3-previa-captacao-2022-confianca\/#primaryimage"},"image":{"@id":"https:\/\/www.suno.com.br\/noticias\/ser-educacional-seer3-previa-captacao-2022-confianca\/#primaryimage"},"thumbnailUrl":"https:\/\/files.sunoresearch.com.br\/n\/uploads\/2021\/05\/824e4bf3-ser-educacional-jpg.webp","datePublished":"2022-03-25T22:18:28+00:00","description":"A Ser Educacional (SEER3) reportou uma queda de 97,1% no lucro l\u00edquido do 4T21, de R$ 3,4 milh\u00f5es. Veja a opini\u00e3o dos analistas.","breadcrumb":{"@id":"https:\/\/www.suno.com.br\/noticias\/ser-educacional-seer3-previa-captacao-2022-confianca\/#breadcrumb"},"inLanguage":"pt-BR","potentialAction":[{"@type":"ReadAction","target":["https:\/\/www.suno.com.br\/noticias\/ser-educacional-seer3-previa-captacao-2022-confianca\/"]}]},{"@type":"ImageObject","inLanguage":"pt-BR","@id":"https:\/\/www.suno.com.br\/noticias\/ser-educacional-seer3-previa-captacao-2022-confianca\/#primaryimage","url":"https:\/\/files.sunoresearch.com.br\/n\/uploads\/2021\/05\/824e4bf3-ser-educacional-jpg.webp","contentUrl":"https:\/\/files.sunoresearch.com.br\/n\/uploads\/2021\/05\/824e4bf3-ser-educacional-jpg.webp","width":1200,"height":900,"caption":"ser educacional. Foto: Reprodu\u00e7\u00e3o Facebook"},{"@type":"BreadcrumbList","@id":"https:\/\/www.suno.com.br\/noticias\/ser-educacional-seer3-previa-captacao-2022-confianca\/#breadcrumb","itemListElement":[{"@type":"ListItem","position":1,"name":"Not\u00edcias","item":"https:\/\/www.suno.com.br\/noticias\/"},{"@type":"ListItem","position":2,"name":"Neg\u00f3cios","item":"https:\/\/www.suno.com.br\/noticias\/negocios\/"},{"@type":"ListItem","position":3,"name":"Ser (SEER3): pr\u00e9via de capta\u00e7\u00e3o de alunos para 2022 traz confian\u00e7a ao mercado, diz XP"}]},{"@type":"WebSite","@id":"https:\/\/www.suno.com.br\/noticias\/#website","url":"https:\/\/www.suno.com.br\/noticias\/","name":"Suno Not\u00edcias","description":"Seu portal de informa\u00e7\u00e3o sobre o mundo dos investimentos","publisher":{"@id":"https:\/\/www.suno.com.br\/noticias\/#organization"},"potentialAction":[{"@type":"SearchAction","target":{"@type":"EntryPoint","urlTemplate":"https:\/\/www.suno.com.br\/noticias\/?s={search_term_string}"},"query-input":{"@type":"PropertyValueSpecification","valueRequired":true,"valueName":"search_term_string"}}],"inLanguage":"pt-BR"},{"@type":"Organization","@id":"https:\/\/www.suno.com.br\/noticias\/#organization","name":"Suno Not\u00edcias","url":"https:\/\/www.suno.com.br\/noticias\/","logo":{"@type":"ImageObject","inLanguage":"pt-BR","@id":"https:\/\/www.suno.com.br\/noticias\/#\/schema\/logo\/image\/","url":"https:\/\/files.sunoresearch.com.br\/n\/uploads\/2021\/09\/suno-logo.png","contentUrl":"https:\/\/files.sunoresearch.com.br\/n\/uploads\/2021\/09\/suno-logo.png","width":180,"height":180,"caption":"Suno Not\u00edcias"},"image":{"@id":"https:\/\/www.suno.com.br\/noticias\/#\/schema\/logo\/image\/"},"sameAs":["https:\/\/facebook.com\/sunoresearch","https:\/\/x.com\/sunoresearch","https:\/\/www.instagram.com\/suno","https:\/\/www.linkedin.com\/company\/suno-research\/","https:\/\/www.youtube.com\/c\/sunoresearch"]},{"@type":"Person","@id":"https:\/\/www.suno.com.br\/noticias\/#\/schema\/person\/46d847cb19ad53fde0857adca989c23f","name":"Vict\u00f3ria Anhesini","image":{"@type":"ImageObject","inLanguage":"pt-BR","@id":"https:\/\/www.suno.com.br\/noticias\/#\/schema\/person\/image\/","url":"https:\/\/secure.gravatar.com\/avatar\/0172bdfcd9129dd9dd68794804304e6e?s=96&r=g","contentUrl":"https:\/\/secure.gravatar.com\/avatar\/0172bdfcd9129dd9dd68794804304e6e?s=96&r=g","caption":"Vict\u00f3ria Anhesini"},"description":"Rep\u00f3rter no Suno Not\u00edcias, cobre mercados, neg\u00f3cios e economia, escrevendo majoritariamente sobre movimentos das empresas, cobertura de balan\u00e7os trimestrais e Bolsa de Valores. Formada em jornalismo pela Universidade Presbiteriana Mackenzie em 2019, passou pelo portal de economia e finan\u00e7as EuQueroInvestir como rep\u00f3rter e anteriormente, trabalhou na assessoria de imprensa PinePR, onde liderou com startups de inova\u00e7\u00e3o, tecnologia e finan\u00e7as. Em seu tempo livre, fala sobre m\u00fasica para ambos os sites do selo ForMusic, Wikimetal e Mad Sound, e faz trabalho volunt\u00e1rio no programa Escreve Cartas do Poupatempo.","sameAs":["https:\/\/www.linkedin.com\/in\/victoria-anhesini\/"],"url":"https:\/\/www.suno.com.br\/noticias\/author\/victoria\/"}]}},"default_loop_html":"<div class=\"cardsPage__listCard__boxs\"><div class=\"cardsPage__listCard__boxs__img\"><a href=\"https:\/\/www.suno.com.br\/noticias\/ser-educacional-seer3-previa-captacao-2022-confianca\/\"><img class=\"mask\" src=\"https:\/\/www.suno.com.br\/noticias\/wp-content\/themes\/suno\/resources\/images\/spotlight\/spotlight1img\/bg-mask.png\" alt=\"Image Mask\"\/><img src=\"https:\/\/files.sunoresearch.com.br\/n\/uploads\/2021\/05\/824e4bf3-ser-educacional-400x200.webp\" alt=\"Ser (SEER3): pr\u00e9via de capta\u00e7\u00e3o de alunos para 2022 traz confian\u00e7a ao mercado, diz XP\"\/><\/a><span class=\"spotlightCategory\"><a href=\"https:\/\/www.suno.com.br\/noticias\/negocios\/\">Neg\u00f3cios<\/a><\/span><\/div><div class=\"cardsPage__listCard__boxs__content\"><a href=\"https:\/\/www.suno.com.br\/noticias\/ser-educacional-seer3-previa-captacao-2022-confianca\/\"><h2 class=\"content__title\">Ser (SEER3): pr\u00e9via de capta\u00e7\u00e3o de alunos para 2022 traz confian\u00e7a ao mercado, diz XP<\/h2><\/a><div class=\"newsContent__article__meta\"><div class=\"newsContent__article__meta__authorBox\"><a href=\"https:\/\/www.suno.com.br\/noticias\/author\/victoria\/\" class=\"authorBox__avatar noMobi\"><img src=\"https:\/\/files.sunoresearch.com.br\/n\/uploads\/2021\/12\/20190129VickyPINEAPPLE01-1-150x150.jpg\" alt=\"Vict\u00f3ria Anhesini\"><\/a><div class=\"authorBox__name\"><span>por\n\t\t\t<a href=\"https:\/\/www.suno.com.br\/noticias\/author\/victoria\/\"><span itemprop=\"author\">Vict\u00f3ria Anhesini<\/span><\/a><\/span><time datetime=\"2022-03-25T19:18:28-03:00\" itemprop=\"datePublished\">25\/03\/2022 19:18<\/time><\/div><\/div><\/div><\/div><\/div>","single_layout":"posts","amp_enabled":true,"_links":{"self":[{"href":"https:\/\/www.suno.com.br\/noticias\/wp-json\/wp\/v2\/posts\/245155"}],"collection":[{"href":"https:\/\/www.suno.com.br\/noticias\/wp-json\/wp\/v2\/posts"}],"about":[{"href":"https:\/\/www.suno.com.br\/noticias\/wp-json\/wp\/v2\/types\/post"}],"author":[{"embeddable":true,"href":"https:\/\/www.suno.com.br\/noticias\/wp-json\/wp\/v2\/users\/146"}],"replies":[{"embeddable":true,"href":"https:\/\/www.suno.com.br\/noticias\/wp-json\/wp\/v2\/comments?post=245155"}],"version-history":[{"count":3,"href":"https:\/\/www.suno.com.br\/noticias\/wp-json\/wp\/v2\/posts\/245155\/revisions"}],"predecessor-version":[{"id":245272,"href":"https:\/\/www.suno.com.br\/noticias\/wp-json\/wp\/v2\/posts\/245155\/revisions\/245272"}],"wp:featuredmedia":[{"embeddable":true,"href":"https:\/\/www.suno.com.br\/noticias\/wp-json\/wp\/v2\/media\/152949"}],"wp:attachment":[{"href":"https:\/\/www.suno.com.br\/noticias\/wp-json\/wp\/v2\/media?parent=245155"}],"wp:term":[{"taxonomy":"category","embeddable":true,"href":"https:\/\/www.suno.com.br\/noticias\/wp-json\/wp\/v2\/categories?post=245155"},{"taxonomy":"post_tag","embeddable":true,"href":"https:\/\/www.suno.com.br\/noticias\/wp-json\/wp\/v2\/tags?post=245155"},{"taxonomy":"suno_strategy","embeddable":true,"href":"https:\/\/www.suno.com.br\/noticias\/wp-json\/wp\/v2\/suno_strategy?post=245155"}],"curies":[{"name":"wp","href":"https:\/\/api.w.org\/{rel}","templated":true}]}}