{"id":245068,"date":"2022-03-25T11:13:55","date_gmt":"2022-03-25T14:13:55","guid":{"rendered":"https:\/\/www.suno.com.br\/noticias\/?p=245068"},"modified":"2022-03-25T13:46:27","modified_gmt":"2022-03-25T16:46:27","slug":"dolar-hoje-queda-25032022","status":"publish","type":"post","link":"https:\/\/www.suno.com.br\/noticias\/dolar-hoje-queda-25032022\/","title":{"rendered":"D\u00f3lar tem queda e \u00e9 negociado abaixo dos R$ 4,80"},"content":{"rendered":"<p>O <strong>d\u00f3lar<\/strong> opera em baixa na manh\u00e3 desta sexta-feira (25), alinhado \u00e0 tend\u00eancia da moeda americana no exterior em meio \u00e0 queda de cerca de 3% do petr\u00f3leo e avan\u00e7o do min\u00e9rio de ferro e um ambiente de apetite por ativos de risco.<\/p>\t<div class=\"wrapper-featured-image\">\n\t\t<figure class=\"spotlightImg\">\n\n\t\t\t<picture>\n\t\t\t\t<source media=\"(max-width: 768px)\" srcset=\"https:\/\/files.sunoresearch.com.br\/n\/uploads\/2021\/03\/d81eeb3f-usd-2874026_1280-400x200.webp\">\n\t\t\t\t<img loading=\"lazy\" decoding=\"async\" class=\"newsContent__article__imgCapa lazyloadDisabled \" src=\"https:\/\/files.sunoresearch.com.br\/n\/uploads\/2021\/03\/d81eeb3f-usd-2874026_1280-800x450.webp\" width=\"800\" height=\"450\" alt=\"D\u00f3lar tem queda e \u00e9 negociado abaixo dos R$ 4,80\" fetchpriority=high \/>\n\t\t\t<\/picture>\n\n\t\t\t<figcaption class=\"wp-caption-text wp-caption-text--show\">D\u00f3lar. Foto: Pixabay<\/figcaption>\n\t\t<\/figure>\n\t<\/div>\n\n\n\t<p>\n\t\t<a href=\"https:\/\/lp.suno.com.br\/planilha-controle-gastos\/\" target=\"_blank\" data-element=\"shortcode-suno-banner\" title=\"Banner SUNO, clique e saiba mais\">\n\t\t\t<picture>\n\t\t\t\t<source media=\"(max-width: 500px)\" srcset=\"https:\/\/files.sunoresearch.com.br\/n\/uploads\/2023\/03\/400x300-Planilha-controle-de-gastos.png\">\n\t\t\t\t<img class=\"newsContent__article__imgCapa newsContent__article__imgCapa--banner\"\n\t\t\t\t\tsrc=\"https:\/\/files.sunoresearch.com.br\/n\/uploads\/2023\/03\/1420x240-Planilha-controle-de-gastos.png\"\n\t\t\t\t\tdata-promo-id=\"101751\"\t\t\t\t\t\t\t\t\t\twidth='1420' height='240'\t\t\t\t\talt=\"https:\/\/files.sunoresearch.com.br\/n\/uploads\/2023\/03\/1420x240-Planilha-controle-de-gastos.png\"\n\t\t\t\t>\n\t\t\t<\/picture>\n\t\t<\/a>\n\t<\/p>\n\n\n<p>\u00c0s 11h10 desta sexta, o<strong> d\u00f3lar hoje<\/strong> ca\u00eda 0,60%, a R$ 4,78. O <strong><a class=\"suno-keyword\" href=\"https:\/\/www.suno.com.br\/artigos\/dolar-futuro\/\" target=\"_blank\" rel=\"noopener\" data-force=\"no\" data-priority=\"1\">d\u00f3lar futuro<\/a> para abril<\/strong> cedia 0,59%, a R$ 4,80.<\/p>\n<p>Os contratos futuros do petr\u00f3leo aceleraram perdas nas \u00faltimas horas, ap\u00f3s EUA e <a class=\"suno-keyword\" href=\"https:\/\/www.suno.com.br\/artigos\/uniao-europeia\/\" target=\"_blank\" rel=\"noopener\" data-force=\"no\" data-priority=\"2\">Uni\u00e3o Europeia<\/a> (UE) anunciarem um acordo para Washington ampliar o fornecimento de g\u00e1s natural liquefeito (GNL) para o bloco, mas sem fazer men\u00e7\u00e3o a novas san\u00e7\u00f5es contra o <strong>petr\u00f3leo russo.<\/strong><\/p>\n<p>&#8220;Nos encontros de Joe Biden na Europa, novas san\u00e7\u00f5es foram anunciadas, no esfor\u00e7o dos pa\u00edses membros da Zona do Euro reduzirem a depend\u00eancia junto ao g\u00e1s russo&#8221;, informou o relat\u00f3rio da Mirae Asset.<\/p>\n<p>O <strong>IPCA-15 de mar\u00e7o<\/strong> desacelerou para 0,95%, ante 0,99% em fevereiro, mas ainda ficou acima da mediana do mercado (+0,86%) e dentro do intervalo (0,72% a 1,07%) das expectativas captadas pelo <i>Proje\u00e7\u00f5es Broadcast<\/i>. O resultado da pr\u00e9via de infla\u00e7\u00e3o do Pa\u00eds \u00e9 o maior para o m\u00eas desde 2015 (1,24%).<\/p>\n\t<p>\n\t\t<a href=\"\" target=\"_blank\" data-element=\"shortcode-suno-banner\" title=\"Banner SUNO, clique e saiba mais\">\n\t\t\t<picture>\n\t\t\t\t<source media=\"(max-width: 500px)\" srcset=\"\">\n\t\t\t\t<img class=\"newsContent__article__imgCapa newsContent__article__imgCapa--banner\"\n\t\t\t\t\tsrc=\"\"\n\t\t\t\t\tdata-promo-id=\"138420\"\t\t\t\t\t\t\t\t\t\t\t\t\t\t\talt=\"\"\n\t\t\t\t>\n\t\t\t<\/picture>\n\t\t<\/a>\n\t<\/p>\n\n\n<p>No ano, o IPCA-15 acumula aumento de 2,54% e, em 12 meses, a taxa ficou em 10,79% &#8211; maior desde fevereiro de 2016 (10,84%) -, e acima tamb\u00e9m da mediana esperada (10,69%) e dentro do intervalo das proje\u00e7\u00f5es (+10,53% a +10,90%) do mercado.<\/p>\n<p>Apesar da desacelera\u00e7\u00e3o na margem, a difus\u00e3o do \u00cdndice Nacional de Pre\u00e7os ao Consumidor Amplo &#8211; 15 (IPCA-15) avan\u00e7ou a 75% em mar\u00e7o, de 69% em fevereiro, segundo os c\u00e1lculos do economista da Terra Investimentos Homero Guizzo. A taxa mede a propor\u00e7\u00e3o dos 367 subitens do indicador com varia\u00e7\u00e3o positiva no per\u00edodo.<\/p>\n<p>Na contram\u00e3o da <strong>queda do petr\u00f3leo<\/strong>, o <strong>pre\u00e7o do min\u00e9rio de ferro<\/strong> negociado em Cingapura, com entrega para abril, fechou em queda de 3,43% nesta sexta-feira, cotado a US$ 154,05 a tonelada, informou um operador.<\/p>\n<p>Tamb\u00e9m no <a class=\"suno-keyword\" href=\"https:\/\/www.suno.com.br\/artigos\/contrato-futuro\/\" target=\"_blank\" rel=\"noopener\" data-force=\"no\" data-priority=\"1\">mercado futuro<\/a>, a commodity negociada na bolsa de Dalian com entrega para maio teve alta de 3,9%, para 858 yuanes, o equivalente a US$ 134,82 por tonelada. No porto de Qingdao, onde a mat\u00e9ria-prima \u00e9 negociada no mercado \u00e0 vista, as opera\u00e7\u00f5es seguem restritas e sem pre\u00e7os atualizados, afirmam analistas.<\/p>\n<p>O Banco Central informou nesta manh\u00e3 que vai atrasar hoje a divulga\u00e7\u00e3o do <strong><a class=\"suno-keyword\" href=\"https:\/\/www.suno.com.br\/artigos\/fluxo-cambial\/\" target=\"_blank\" rel=\"noopener\" data-force=\"no\" data-priority=\"1\">fluxo cambial<\/a><\/strong>, por causa da continuidade da opera\u00e7\u00e3o-padr\u00e3o dos funcion\u00e1rios da institui\u00e7\u00e3o. A divulga\u00e7\u00e3o dos dados estava prevista para a tarde de quarta-feira (23), mas foi reprogramada para as 9h30 de hoje e, agora, s\u00f3 sair\u00e1 \u00e0s 12h, de acordo com o BC.<\/p>\n<p>Na quinta-feira o presidente do BC,<strong> Roberto Campos Neto<\/strong>, reconheceu o direito dos servidores da institui\u00e7\u00e3o em reivindicarem melhorias de sal\u00e1rios, mas n\u00e3o sinalizou qualquer avan\u00e7o nas negocia\u00e7\u00f5es com a categoria. Ele ainda deixou claro que a autoridade monet\u00e1ria tem &#8220;esquemas de conting\u00eancia&#8221; para continuar funcionando caso o movimento evolua para uma greve geral dos funcion\u00e1rios.<\/p>\n<h2>\u00daltima cota\u00e7\u00e3o do d\u00f3lar<\/h2>\n<p>Na \u00faltima sess\u00e3o, quinta-feira (25), o <strong>d\u00f3lar<\/strong> encerrou o preg\u00e3o em 0,25%, negociado a R$ 4,83.<\/p>\n<p class=\"newsProviderSignature\">(Com informa\u00e7\u00f5es do Estad\u00e3o Conte\u00fado)<\/p>\n\t<p>\n\t\t<a href=\"https:\/\/lp.suno.com.br\/planilha-de-controle-de-investimentos\/\" target=\"_blank\" data-element=\"shortcode-suno-banner\" title=\"Banner SUNO, clique e saiba mais\">\n\t\t\t<picture>\n\t\t\t\t<source media=\"(max-width: 500px)\" srcset=\"https:\/\/files.sunoresearch.com.br\/n\/uploads\/2023\/03\/400x300-Controle-de-Investimentos.png\">\n\t\t\t\t<img class=\"newsContent__article__imgCapa newsContent__article__imgCapa--banner\"\n\t\t\t\t\tsrc=\"https:\/\/files.sunoresearch.com.br\/n\/uploads\/2023\/03\/1420x240-Controle-de-Investimentos.png\"\n\t\t\t\t\tdata-promo-id=\"75934\"\t\t\t\t\t\t\t\t\t\twidth='1420' height='240'\t\t\t\t\talt=\"https:\/\/files.sunoresearch.com.br\/n\/uploads\/2023\/03\/1420x240-Controle-de-Investimentos.png\"\n\t\t\t\t>\n\t\t\t<\/picture>\n\t\t<\/a>\n\t<\/p>\n\n\n","protected":false},"excerpt":{"rendered":"<p>O d\u00f3lar opera em baixa na manh\u00e3 desta sexta-feira (25), alinhado \u00e0 tend\u00eancia da moeda americana no exterior em meio \u00e0 queda de cerca de 3% do petr\u00f3leo e avan\u00e7o do min\u00e9rio de ferro e um ambiente de apetite por ativos de risco. D\u00f3lar. Foto: Pixabay \u00c0s 11h10 desta sexta, o d\u00f3lar hoje ca\u00eda 0,60%, [&hellip;]<\/p>\n","protected":false},"author":15,"featured_media":135828,"comment_status":"closed","ping_status":"closed","sticky":false,"template":"","format":"standard","meta":[],"categories":[60],"tags":[326,1852,105816],"suno_strategy":[],"class_list":["post-245068","post","type-post","status-publish","format-standard","has-post-thumbnail","hentry","category-mercado","tag-dolar","tag-dolar-futuro","tag-especialistas"],"yoast_head":"<!-- This site is optimized with the Yoast SEO plugin v24.4 - https:\/\/yoast.com\/wordpress\/plugins\/seo\/ -->\n<title>D\u00f3lar tem queda e \u00e9 negociado abaixo dos R$ 4,80<\/title>\n<meta name=\"description\" content=\"\u00c0s 11h10 desta sexta, o d\u00f3lar hoje ca\u00eda 0,60%, a R$ 4,78. O d\u00f3lar futuro para abril cedia 0,59%, a R$ 4,80. Veja aqui\" \/>\n<meta name=\"robots\" content=\"index, follow, max-snippet:-1, max-image-preview:large, max-video-preview:-1\" \/>\n<link rel=\"canonical\" href=\"https:\/\/www.suno.com.br\/noticias\/dolar-hoje-queda-25032022\/\" \/>\n<meta property=\"og:locale\" content=\"pt_BR\" \/>\n<meta property=\"og:type\" content=\"article\" \/>\n<meta property=\"og:title\" content=\"D\u00f3lar tem queda e \u00e9 negociado abaixo dos R$ 4,80\" \/>\n<meta property=\"og:description\" content=\"\u00c0s 11h10 desta sexta, o d\u00f3lar hoje ca\u00eda 0,60%, a R$ 4,78. O d\u00f3lar futuro para abril cedia 0,59%, a R$ 4,80. Veja aqui\" \/>\n<meta property=\"og:url\" content=\"https:\/\/www.suno.com.br\/noticias\/dolar-hoje-queda-25032022\/\" \/>\n<meta property=\"og:site_name\" content=\"Suno Not\u00edcias\" \/>\n<meta property=\"article:publisher\" content=\"https:\/\/facebook.com\/sunoresearch\" \/>\n<meta property=\"og:image\" content=\"https:\/\/files.sunoresearch.com.br\/n\/uploads\/2021\/03\/d81eeb3f-usd-2874026_1280.jpg\" \/>\n\t<meta property=\"og:image:width\" content=\"1280\" \/>\n\t<meta property=\"og:image:height\" content=\"720\" \/>\n\t<meta property=\"og:image:type\" content=\"image\/jpeg\" \/>\n<meta name=\"author\" content=\"Poliana Santos\" \/>\n<meta name=\"twitter:card\" content=\"summary_large_image\" \/>\n<meta name=\"twitter:creator\" content=\"@sunoresearch\" \/>\n<meta name=\"twitter:site\" content=\"@sunoresearch\" \/>\n<meta name=\"twitter:label1\" content=\"Escrito por\" \/>\n\t<meta name=\"twitter:data1\" content=\"Poliana Santos\" \/>\n\t<meta name=\"twitter:label2\" content=\"Est. tempo de leitura\" \/>\n\t<meta name=\"twitter:data2\" content=\"3 minutos\" \/>\n<script type=\"application\/ld+json\" class=\"yoast-schema-graph\">{\"@context\":\"https:\/\/schema.org\",\"@graph\":[{\"@type\":\"NewsArticle\",\"@id\":\"https:\/\/www.suno.com.br\/noticias\/dolar-hoje-queda-25032022\/#article\",\"isPartOf\":{\"@id\":\"https:\/\/www.suno.com.br\/noticias\/dolar-hoje-queda-25032022\/\"},\"author\":{\"name\":\"Poliana Santos\",\"@id\":\"https:\/\/www.suno.com.br\/noticias\/#\/schema\/person\/02ec1f752758247878a2bf4abee1aeda\"},\"headline\":\"D\u00f3lar tem queda e \u00e9 negociado abaixo dos R$ 4,80\",\"datePublished\":\"2022-03-25T14:13:55+00:00\",\"dateModified\":\"2022-03-25T16:46:27+00:00\",\"mainEntityOfPage\":{\"@id\":\"https:\/\/www.suno.com.br\/noticias\/dolar-hoje-queda-25032022\/\"},\"wordCount\":557,\"publisher\":{\"@id\":\"https:\/\/www.suno.com.br\/noticias\/#organization\"},\"image\":{\"@id\":\"https:\/\/www.suno.com.br\/noticias\/dolar-hoje-queda-25032022\/#primaryimage\"},\"thumbnailUrl\":\"https:\/\/files.sunoresearch.com.br\/n\/uploads\/2021\/03\/d81eeb3f-usd-2874026_1280-jpg.webp\",\"keywords\":[\"d\u00f3lar\",\"d\u00f3lar futuro\",\"Especialistas\"],\"articleSection\":[\"Mercado\"],\"inLanguage\":\"pt-BR\"},{\"@type\":\"WebPage\",\"@id\":\"https:\/\/www.suno.com.br\/noticias\/dolar-hoje-queda-25032022\/\",\"url\":\"https:\/\/www.suno.com.br\/noticias\/dolar-hoje-queda-25032022\/\",\"name\":\"D\u00f3lar tem queda e \u00e9 negociado abaixo dos R$ 4,80\",\"isPartOf\":{\"@id\":\"https:\/\/www.suno.com.br\/noticias\/#website\"},\"primaryImageOfPage\":{\"@id\":\"https:\/\/www.suno.com.br\/noticias\/dolar-hoje-queda-25032022\/#primaryimage\"},\"image\":{\"@id\":\"https:\/\/www.suno.com.br\/noticias\/dolar-hoje-queda-25032022\/#primaryimage\"},\"thumbnailUrl\":\"https:\/\/files.sunoresearch.com.br\/n\/uploads\/2021\/03\/d81eeb3f-usd-2874026_1280-jpg.webp\",\"datePublished\":\"2022-03-25T14:13:55+00:00\",\"dateModified\":\"2022-03-25T16:46:27+00:00\",\"description\":\"\u00c0s 11h10 desta sexta, o d\u00f3lar hoje ca\u00eda 0,60%, a R$ 4,78. O d\u00f3lar futuro para abril cedia 0,59%, a R$ 4,80. Veja aqui\",\"breadcrumb\":{\"@id\":\"https:\/\/www.suno.com.br\/noticias\/dolar-hoje-queda-25032022\/#breadcrumb\"},\"inLanguage\":\"pt-BR\",\"potentialAction\":[{\"@type\":\"ReadAction\",\"target\":[\"https:\/\/www.suno.com.br\/noticias\/dolar-hoje-queda-25032022\/\"]}]},{\"@type\":\"ImageObject\",\"inLanguage\":\"pt-BR\",\"@id\":\"https:\/\/www.suno.com.br\/noticias\/dolar-hoje-queda-25032022\/#primaryimage\",\"url\":\"https:\/\/files.sunoresearch.com.br\/n\/uploads\/2021\/03\/d81eeb3f-usd-2874026_1280-jpg.webp\",\"contentUrl\":\"https:\/\/files.sunoresearch.com.br\/n\/uploads\/2021\/03\/d81eeb3f-usd-2874026_1280-jpg.webp\",\"width\":1280,\"height\":720,\"caption\":\"D\u00f3lar. Foto: Pixabay\"},{\"@type\":\"BreadcrumbList\",\"@id\":\"https:\/\/www.suno.com.br\/noticias\/dolar-hoje-queda-25032022\/#breadcrumb\",\"itemListElement\":[{\"@type\":\"ListItem\",\"position\":1,\"name\":\"Not\u00edcias\",\"item\":\"https:\/\/www.suno.com.br\/noticias\/\"},{\"@type\":\"ListItem\",\"position\":2,\"name\":\"Mercado\",\"item\":\"https:\/\/www.suno.com.br\/noticias\/mercado\/\"},{\"@type\":\"ListItem\",\"position\":3,\"name\":\"D\u00f3lar tem queda e \u00e9 negociado abaixo dos R$ 4,80\"}]},{\"@type\":\"WebSite\",\"@id\":\"https:\/\/www.suno.com.br\/noticias\/#website\",\"url\":\"https:\/\/www.suno.com.br\/noticias\/\",\"name\":\"Suno Not\u00edcias\",\"description\":\"Seu portal de informa\u00e7\u00e3o sobre o mundo dos investimentos\",\"publisher\":{\"@id\":\"https:\/\/www.suno.com.br\/noticias\/#organization\"},\"potentialAction\":[{\"@type\":\"SearchAction\",\"target\":{\"@type\":\"EntryPoint\",\"urlTemplate\":\"https:\/\/www.suno.com.br\/noticias\/?s={search_term_string}\"},\"query-input\":{\"@type\":\"PropertyValueSpecification\",\"valueRequired\":true,\"valueName\":\"search_term_string\"}}],\"inLanguage\":\"pt-BR\"},{\"@type\":\"Organization\",\"@id\":\"https:\/\/www.suno.com.br\/noticias\/#organization\",\"name\":\"Suno Not\u00edcias\",\"url\":\"https:\/\/www.suno.com.br\/noticias\/\",\"logo\":{\"@type\":\"ImageObject\",\"inLanguage\":\"pt-BR\",\"@id\":\"https:\/\/www.suno.com.br\/noticias\/#\/schema\/logo\/image\/\",\"url\":\"https:\/\/files.sunoresearch.com.br\/n\/uploads\/2021\/09\/suno-logo.png\",\"contentUrl\":\"https:\/\/files.sunoresearch.com.br\/n\/uploads\/2021\/09\/suno-logo.png\",\"width\":180,\"height\":180,\"caption\":\"Suno Not\u00edcias\"},\"image\":{\"@id\":\"https:\/\/www.suno.com.br\/noticias\/#\/schema\/logo\/image\/\"},\"sameAs\":[\"https:\/\/facebook.com\/sunoresearch\",\"https:\/\/x.com\/sunoresearch\",\"https:\/\/www.instagram.com\/suno\",\"https:\/\/www.linkedin.com\/company\/suno-research\/\",\"https:\/\/www.youtube.com\/c\/sunoresearch\"]},{\"@type\":\"Person\",\"@id\":\"https:\/\/www.suno.com.br\/noticias\/#\/schema\/person\/02ec1f752758247878a2bf4abee1aeda\",\"name\":\"Poliana Santos\",\"image\":{\"@type\":\"ImageObject\",\"inLanguage\":\"pt-BR\",\"@id\":\"https:\/\/www.suno.com.br\/noticias\/#\/schema\/person\/image\/\",\"url\":\"https:\/\/secure.gravatar.com\/avatar\/0645bd32f23d87b2130f2b2dff1d3f8d?s=96&r=g\",\"contentUrl\":\"https:\/\/secure.gravatar.com\/avatar\/0645bd32f23d87b2130f2b2dff1d3f8d?s=96&r=g\",\"caption\":\"Poliana Santos\"},\"description\":\"Rep\u00f3rter no Suno Not\u00edcias, com cobertura em mercado financeiro, economia, finan\u00e7as pessoais, renda fixa e varejo. Jornalista formada pela Faculdade C\u00e1sper L\u00edbero e possui passagem na R\u00e1dio Gazeta AM com a produ\u00e7\u00e3o de conte\u00fado sobre economia, pol\u00edtica, sa\u00fade, moda e m\u00fasica. Possui certificado de conclus\u00e3o do curso de An\u00e1lise de Balan\u00e7os pela Funda\u00e7\u00e3o Bradesco, Agenda Brasil pela FAAP, Educa\u00e7\u00e3o Pol\u00edtica por Alexandre Garcia e do Tesouro Direto e Mercado de A\u00e7\u00f5es pela B3.\",\"url\":\"https:\/\/www.suno.com.br\/noticias\/author\/poliana-santos\/\"}]}<\/script>\n<!-- \/ Yoast SEO plugin. -->","yoast_head_json":{"title":"D\u00f3lar tem queda e \u00e9 negociado abaixo dos R$ 4,80","description":"\u00c0s 11h10 desta sexta, o d\u00f3lar hoje ca\u00eda 0,60%, a R$ 4,78. O d\u00f3lar futuro para abril cedia 0,59%, a R$ 4,80. Veja aqui","robots":{"index":"index","follow":"follow","max-snippet":"max-snippet:-1","max-image-preview":"max-image-preview:large","max-video-preview":"max-video-preview:-1"},"canonical":"https:\/\/www.suno.com.br\/noticias\/dolar-hoje-queda-25032022\/","og_locale":"pt_BR","og_type":"article","og_title":"D\u00f3lar tem queda e \u00e9 negociado abaixo dos R$ 4,80","og_description":"\u00c0s 11h10 desta sexta, o d\u00f3lar hoje ca\u00eda 0,60%, a R$ 4,78. O d\u00f3lar futuro para abril cedia 0,59%, a R$ 4,80. Veja aqui","og_url":"https:\/\/www.suno.com.br\/noticias\/dolar-hoje-queda-25032022\/","og_site_name":"Suno Not\u00edcias","article_publisher":"https:\/\/facebook.com\/sunoresearch","og_image":[{"width":1280,"height":720,"url":"https:\/\/files.sunoresearch.com.br\/n\/uploads\/2021\/03\/d81eeb3f-usd-2874026_1280.jpg","type":"image\/jpeg"}],"author":"Poliana Santos","twitter_card":"summary_large_image","twitter_creator":"@sunoresearch","twitter_site":"@sunoresearch","twitter_misc":{"Escrito por":"Poliana Santos","Est. tempo de leitura":"3 minutos"},"schema":{"@context":"https:\/\/schema.org","@graph":[{"@type":"NewsArticle","@id":"https:\/\/www.suno.com.br\/noticias\/dolar-hoje-queda-25032022\/#article","isPartOf":{"@id":"https:\/\/www.suno.com.br\/noticias\/dolar-hoje-queda-25032022\/"},"author":{"name":"Poliana Santos","@id":"https:\/\/www.suno.com.br\/noticias\/#\/schema\/person\/02ec1f752758247878a2bf4abee1aeda"},"headline":"D\u00f3lar tem queda e \u00e9 negociado abaixo dos R$ 4,80","datePublished":"2022-03-25T14:13:55+00:00","dateModified":"2022-03-25T16:46:27+00:00","mainEntityOfPage":{"@id":"https:\/\/www.suno.com.br\/noticias\/dolar-hoje-queda-25032022\/"},"wordCount":557,"publisher":{"@id":"https:\/\/www.suno.com.br\/noticias\/#organization"},"image":{"@id":"https:\/\/www.suno.com.br\/noticias\/dolar-hoje-queda-25032022\/#primaryimage"},"thumbnailUrl":"https:\/\/files.sunoresearch.com.br\/n\/uploads\/2021\/03\/d81eeb3f-usd-2874026_1280-jpg.webp","keywords":["d\u00f3lar","d\u00f3lar futuro","Especialistas"],"articleSection":["Mercado"],"inLanguage":"pt-BR"},{"@type":"WebPage","@id":"https:\/\/www.suno.com.br\/noticias\/dolar-hoje-queda-25032022\/","url":"https:\/\/www.suno.com.br\/noticias\/dolar-hoje-queda-25032022\/","name":"D\u00f3lar tem queda e \u00e9 negociado abaixo dos R$ 4,80","isPartOf":{"@id":"https:\/\/www.suno.com.br\/noticias\/#website"},"primaryImageOfPage":{"@id":"https:\/\/www.suno.com.br\/noticias\/dolar-hoje-queda-25032022\/#primaryimage"},"image":{"@id":"https:\/\/www.suno.com.br\/noticias\/dolar-hoje-queda-25032022\/#primaryimage"},"thumbnailUrl":"https:\/\/files.sunoresearch.com.br\/n\/uploads\/2021\/03\/d81eeb3f-usd-2874026_1280-jpg.webp","datePublished":"2022-03-25T14:13:55+00:00","dateModified":"2022-03-25T16:46:27+00:00","description":"\u00c0s 11h10 desta sexta, o d\u00f3lar hoje ca\u00eda 0,60%, a R$ 4,78. O d\u00f3lar futuro para abril cedia 0,59%, a R$ 4,80. Veja aqui","breadcrumb":{"@id":"https:\/\/www.suno.com.br\/noticias\/dolar-hoje-queda-25032022\/#breadcrumb"},"inLanguage":"pt-BR","potentialAction":[{"@type":"ReadAction","target":["https:\/\/www.suno.com.br\/noticias\/dolar-hoje-queda-25032022\/"]}]},{"@type":"ImageObject","inLanguage":"pt-BR","@id":"https:\/\/www.suno.com.br\/noticias\/dolar-hoje-queda-25032022\/#primaryimage","url":"https:\/\/files.sunoresearch.com.br\/n\/uploads\/2021\/03\/d81eeb3f-usd-2874026_1280-jpg.webp","contentUrl":"https:\/\/files.sunoresearch.com.br\/n\/uploads\/2021\/03\/d81eeb3f-usd-2874026_1280-jpg.webp","width":1280,"height":720,"caption":"D\u00f3lar. Foto: Pixabay"},{"@type":"BreadcrumbList","@id":"https:\/\/www.suno.com.br\/noticias\/dolar-hoje-queda-25032022\/#breadcrumb","itemListElement":[{"@type":"ListItem","position":1,"name":"Not\u00edcias","item":"https:\/\/www.suno.com.br\/noticias\/"},{"@type":"ListItem","position":2,"name":"Mercado","item":"https:\/\/www.suno.com.br\/noticias\/mercado\/"},{"@type":"ListItem","position":3,"name":"D\u00f3lar tem queda e \u00e9 negociado abaixo dos R$ 4,80"}]},{"@type":"WebSite","@id":"https:\/\/www.suno.com.br\/noticias\/#website","url":"https:\/\/www.suno.com.br\/noticias\/","name":"Suno Not\u00edcias","description":"Seu portal de informa\u00e7\u00e3o sobre o mundo dos investimentos","publisher":{"@id":"https:\/\/www.suno.com.br\/noticias\/#organization"},"potentialAction":[{"@type":"SearchAction","target":{"@type":"EntryPoint","urlTemplate":"https:\/\/www.suno.com.br\/noticias\/?s={search_term_string}"},"query-input":{"@type":"PropertyValueSpecification","valueRequired":true,"valueName":"search_term_string"}}],"inLanguage":"pt-BR"},{"@type":"Organization","@id":"https:\/\/www.suno.com.br\/noticias\/#organization","name":"Suno Not\u00edcias","url":"https:\/\/www.suno.com.br\/noticias\/","logo":{"@type":"ImageObject","inLanguage":"pt-BR","@id":"https:\/\/www.suno.com.br\/noticias\/#\/schema\/logo\/image\/","url":"https:\/\/files.sunoresearch.com.br\/n\/uploads\/2021\/09\/suno-logo.png","contentUrl":"https:\/\/files.sunoresearch.com.br\/n\/uploads\/2021\/09\/suno-logo.png","width":180,"height":180,"caption":"Suno Not\u00edcias"},"image":{"@id":"https:\/\/www.suno.com.br\/noticias\/#\/schema\/logo\/image\/"},"sameAs":["https:\/\/facebook.com\/sunoresearch","https:\/\/x.com\/sunoresearch","https:\/\/www.instagram.com\/suno","https:\/\/www.linkedin.com\/company\/suno-research\/","https:\/\/www.youtube.com\/c\/sunoresearch"]},{"@type":"Person","@id":"https:\/\/www.suno.com.br\/noticias\/#\/schema\/person\/02ec1f752758247878a2bf4abee1aeda","name":"Poliana Santos","image":{"@type":"ImageObject","inLanguage":"pt-BR","@id":"https:\/\/www.suno.com.br\/noticias\/#\/schema\/person\/image\/","url":"https:\/\/secure.gravatar.com\/avatar\/0645bd32f23d87b2130f2b2dff1d3f8d?s=96&r=g","contentUrl":"https:\/\/secure.gravatar.com\/avatar\/0645bd32f23d87b2130f2b2dff1d3f8d?s=96&r=g","caption":"Poliana Santos"},"description":"Rep\u00f3rter no Suno Not\u00edcias, com cobertura em mercado financeiro, economia, finan\u00e7as pessoais, renda fixa e varejo. Jornalista formada pela Faculdade C\u00e1sper L\u00edbero e possui passagem na R\u00e1dio Gazeta AM com a produ\u00e7\u00e3o de conte\u00fado sobre economia, pol\u00edtica, sa\u00fade, moda e m\u00fasica. Possui certificado de conclus\u00e3o do curso de An\u00e1lise de Balan\u00e7os pela Funda\u00e7\u00e3o Bradesco, Agenda Brasil pela FAAP, Educa\u00e7\u00e3o Pol\u00edtica por Alexandre Garcia e do Tesouro Direto e Mercado de A\u00e7\u00f5es pela B3.","url":"https:\/\/www.suno.com.br\/noticias\/author\/poliana-santos\/"}]}},"default_loop_html":"<div class=\"cardsPage__listCard__boxs\"><div class=\"cardsPage__listCard__boxs__img\"><a href=\"https:\/\/www.suno.com.br\/noticias\/dolar-hoje-queda-25032022\/\"><img class=\"mask\" src=\"https:\/\/www.suno.com.br\/noticias\/wp-content\/themes\/suno\/resources\/images\/spotlight\/spotlight1img\/bg-mask.png\" alt=\"Image Mask\"\/><img src=\"https:\/\/files.sunoresearch.com.br\/n\/uploads\/2021\/03\/d81eeb3f-usd-2874026_1280-400x200.webp\" alt=\"D\u00f3lar tem queda e \u00e9 negociado abaixo dos R$ 4,80\"\/><\/a><span class=\"spotlightCategory\"><a href=\"https:\/\/www.suno.com.br\/noticias\/mercado\/\">Mercado<\/a><\/span><\/div><div class=\"cardsPage__listCard__boxs__content\"><a href=\"https:\/\/www.suno.com.br\/noticias\/dolar-hoje-queda-25032022\/\"><h2 class=\"content__title\">D\u00f3lar tem queda e \u00e9 negociado abaixo dos R$ 4,80<\/h2><\/a><div class=\"newsContent__article__meta\"><div class=\"newsContent__article__meta__authorBox\"><a href=\"https:\/\/www.suno.com.br\/noticias\/author\/poliana-santos\/\" class=\"authorBox__avatar noMobi\"><img src=\"https:\/\/files.sunoresearch.com.br\/n\/uploads\/2020\/08\/7ef34026-whatsapp-image-2020-08-03-at-12.37.57-150x150.webp\" alt=\"Poliana Santos\"><\/a><div class=\"authorBox__name\"><span>por\n\t\t\t<a href=\"https:\/\/www.suno.com.br\/noticias\/author\/poliana-santos\/\"><span itemprop=\"author\">Poliana Santos<\/span><\/a><\/span><time datetime=\"2022-03-25T11:13:55-03:00\" itemprop=\"datePublished\">25\/03\/2022 11:13<\/time><\/div><\/div><\/div><\/div><\/div>","single_layout":"posts","amp_enabled":true,"_links":{"self":[{"href":"https:\/\/www.suno.com.br\/noticias\/wp-json\/wp\/v2\/posts\/245068"}],"collection":[{"href":"https:\/\/www.suno.com.br\/noticias\/wp-json\/wp\/v2\/posts"}],"about":[{"href":"https:\/\/www.suno.com.br\/noticias\/wp-json\/wp\/v2\/types\/post"}],"author":[{"embeddable":true,"href":"https:\/\/www.suno.com.br\/noticias\/wp-json\/wp\/v2\/users\/15"}],"replies":[{"embeddable":true,"href":"https:\/\/www.suno.com.br\/noticias\/wp-json\/wp\/v2\/comments?post=245068"}],"version-history":[{"count":4,"href":"https:\/\/www.suno.com.br\/noticias\/wp-json\/wp\/v2\/posts\/245068\/revisions"}],"predecessor-version":[{"id":245143,"href":"https:\/\/www.suno.com.br\/noticias\/wp-json\/wp\/v2\/posts\/245068\/revisions\/245143"}],"wp:featuredmedia":[{"embeddable":true,"href":"https:\/\/www.suno.com.br\/noticias\/wp-json\/wp\/v2\/media\/135828"}],"wp:attachment":[{"href":"https:\/\/www.suno.com.br\/noticias\/wp-json\/wp\/v2\/media?parent=245068"}],"wp:term":[{"taxonomy":"category","embeddable":true,"href":"https:\/\/www.suno.com.br\/noticias\/wp-json\/wp\/v2\/categories?post=245068"},{"taxonomy":"post_tag","embeddable":true,"href":"https:\/\/www.suno.com.br\/noticias\/wp-json\/wp\/v2\/tags?post=245068"},{"taxonomy":"suno_strategy","embeddable":true,"href":"https:\/\/www.suno.com.br\/noticias\/wp-json\/wp\/v2\/suno_strategy?post=245068"}],"curies":[{"name":"wp","href":"https:\/\/api.w.org\/{rel}","templated":true}]}}