{"id":24497,"date":"2019-05-14T14:37:37","date_gmt":"2019-05-14T17:37:37","guid":{"rendered":"https:\/\/www.suno.com.br\/noticias\/?p=24497"},"modified":"2019-05-14T14:37:37","modified_gmt":"2019-05-14T17:37:37","slug":"caminhoneiros-emprestimo-semana-que-vem-bndes","status":"publish","type":"post","link":"https:\/\/www.suno.com.br\/noticias\/caminhoneiros-emprestimo-semana-que-vem-bndes\/","title":{"rendered":"Empr\u00e9stimo para caminhoneiros ser\u00e1 liberado na pr\u00f3xima semana, diz BNDES"},"content":{"rendered":"<p>Os caminhoneiros poder\u00e3o pegar o <strong>empr\u00e9stimo<\/strong> prometido pelo governo <strong>Bolsonaro<\/strong> j\u00e1 na pr\u00f3ximo semana. A informa\u00e7\u00e3o foi confirmada pelo presidente do <a href=\"https:\/\/www.suno.com.br\/artigos\/bndespar\/\"><strong>Banco Nacional de Desenvolvimento Econ\u00f4mico e Social (BNDES)<\/strong><\/a>, <strong>Joaquim Levy.<\/strong><\/p>\t<div class=\"wrapper-featured-image\">\n\t\t<figure class=\"spotlightImg\">\n\n\t\t\t<picture>\n\t\t\t\t<source media=\"(max-width: 768px)\" srcset=\"https:\/\/files.sunoresearch.com.br\/n\/uploads\/2019\/04\/5f68304d-br-060_2-400x200.webp\">\n\t\t\t\t<img loading=\"lazy\" decoding=\"async\" class=\"newsContent__article__imgCapa lazyloadDisabled newsContent__article__imgCapa--noCaption\" src=\"https:\/\/files.sunoresearch.com.br\/n\/uploads\/2019\/04\/5f68304d-br-060_2-800x450.webp\" width=\"800\" height=\"450\" alt=\"Empr\u00e9stimo para caminhoneiros ser\u00e1 liberado na pr\u00f3xima semana, diz BNDES\" fetchpriority=high \/>\n\t\t\t<\/picture>\n\n\t\t\t<figcaption class=\"wp-caption-text wp-caption-text--hide\">Greve caminhoneiros paralisa rodovias e amea\u00e7a portos e com\u00e9rcio pelo pa\u00eds<\/figcaption>\n\t\t<\/figure>\n\t<\/div>\n\n\n<p>A partir da semana que vem, os <strong>caminhoneiros<\/strong> podem solicitar o <strong>empr\u00e9stimo<\/strong> de at\u00e9 R$ 30 mil. Com isso, os valores totais de <strong>cr\u00e9dito<\/strong> podem chegar a R$ 1 bilh\u00e3o. A previs\u00e3o inicial era de R$ 500 milh\u00f5es. Entretanto, <strong>Levy<\/strong> afirmou que se houver demanda, o limite pode ser estendido. Assim, os <strong>motoristas<\/strong> podem pedir o valor em bancos privados parceiros do <strong>BNDES.<\/strong><\/p>\n\t<p>\n\t\t<a href=\"https:\/\/lps.suno.com.br\/asset\/newsletter\/\" target=\"_blank\" data-element=\"shortcode-suno-banner\" title=\"Banner SUNO, clique e saiba mais\">\n\t\t\t<picture>\n\t\t\t\t<source media=\"(max-width: 500px)\" srcset=\"https:\/\/files.sunoresearch.com.br\/n\/uploads\/2023\/04\/400x300-Mobile-Artigos-4.jpg\">\n\t\t\t\t<img class=\"newsContent__article__imgCapa newsContent__article__imgCapa--banner\"\n\t\t\t\t\tsrc=\"https:\/\/files.sunoresearch.com.br\/n\/uploads\/2023\/04\/1420x240-Banner-Artigos-1-_-Banner-Materias-1.jpg\"\n\t\t\t\t\tdata-promo-id=\"386700\"\t\t\t\t\t\t\t\t\t\twidth='1420' height='240'\t\t\t\t\talt=\"https:\/\/files.sunoresearch.com.br\/n\/uploads\/2023\/04\/1420x240-Banner-Artigos-1-_-Banner-Materias-1.jpg\"\n\t\t\t\t>\n\t\t\t<\/picture>\n\t\t<\/a>\n\t<\/p>\n\n\n<p>Assim, o objetivo da <strong>linha de cr\u00e9dito<\/strong> \u00e9 liberar recursos para <strong>caminhoneiros<\/strong> fazerem a manuten\u00e7\u00e3o dos ve\u00edculos. Dessa forma,\u00a0a medida foi anunciada em abril pelo governo <strong>Bolsonaro<\/strong> para evitar uma nova paralisa\u00e7\u00e3o da categoria.<\/p>\n<p><a href=\"https:\/\/www.suno.com.br\/noticias\/greve-dos-caminhoneiros-transporte-de-carga-por-trilhos-e-agua-aumenta-33\/\">Saiba Mais: Greve dos caminhoneiros: transporte de carga por trilhos e \u00e1gua aumenta 33%<\/a><\/p>\n<p>&#8220;A ideia \u00e9 dar condi\u00e7\u00f5es, em um momento de desafio do setor, de que caminhoneiro tenha recurso para preservar o capital dele&#8221;, disse o presidente do BNDES. &#8220;Como todo banqueiro, quero que o ativo que eu emprestei tenha o m\u00e1ximo rendimento e mantenha o seu valor.&#8221;<\/p>\n<h2>Medidas para caminhoneiros<\/h2>\n<p>A linha de cr\u00e9dito foi anunciada junto a um pacote de medidas para conter a insatisfa\u00e7\u00e3o da categoria. Por isso, a divulga\u00e7\u00e3o foi feita um dia ap\u00f3s a ordem para recuo no aumento do diesel dada por <strong>Bolsonaro<\/strong> \u00e0 <strong>Petrobras.<\/strong><\/p>\n<p>A pedido do presidente, a estatal preciso cancelar o aumento de 5,7% no pre\u00e7o do <strong>\u00f3leo diesel.<\/strong> Desse modo, a <strong>Petrobras<\/strong> sofreu queda as a\u00e7\u00f5es e no valor de mercado.<\/p>\n<p>A a\u00e7\u00e3o foi tomada para evitar que os <strong>caminhoneiros<\/strong> fizessem mais um protesto como em maio de 2018. Isso porque, na \u00e9poca, a categoria parou por 11 dias, o que acarretou em um <strong>preju\u00edzo<\/strong> de cerca de R$ 15 bilh\u00f5es \u00e0 <strong>economia.<\/strong><\/p>\n<p><a href=\"https:\/\/www.suno.com.br\/noticias\/greve-dos-caminhoneiros-diesel-abcam\/\">Saiba Mais: Greve dos caminhoneiros pode estar pr\u00f3xima, diz presidente da Abcam<\/a><\/p>\n<p>Em abril deste ano, os <strong>motoristas<\/strong> amea\u00e7aram parar novamente. Confira as medidas tomadas por <strong>Bolsonaro<\/strong> para evitar uma nova paralisa\u00e7\u00e3o:<\/p>\n<ul>\n<li>cria\u00e7\u00e3o do Cart\u00e3o Caminhoneiro;<\/li>\n<li>mudan\u00e7a nos reajustes do combust\u00edvel;<\/li>\n<li>libera\u00e7\u00e3o de linha de cr\u00e9dito de at\u00e9 R$ 30 mil;<\/li>\n<li>an\u00fancio de investimento em infraestrutura, nas estradas e rodovias.<\/li>\n<\/ul>\n","protected":false},"excerpt":{"rendered":"<p>Os caminhoneiros poder\u00e3o pegar o empr\u00e9stimo prometido pelo governo Bolsonaro j\u00e1 na pr\u00f3ximo semana. A informa\u00e7\u00e3o foi confirmada pelo presidente do Banco Nacional de Desenvolvimento Econ\u00f4mico e Social (BNDES), Joaquim Levy. Greve caminhoneiros paralisa rodovias e amea\u00e7a portos e com\u00e9rcio pelo pa\u00eds A partir da semana que vem, os caminhoneiros podem solicitar o empr\u00e9stimo de [&hellip;]<\/p>\n","protected":false},"author":16,"featured_media":21920,"comment_status":"closed","ping_status":"closed","sticky":false,"template":"","format":"standard","meta":[],"categories":[61],"tags":[757,833],"suno_strategy":[],"class_list":["post-24497","post","type-post","status-publish","format-standard","has-post-thumbnail","hentry","category-politica","tag-bndes","tag-greve-dos-caminhoneiros"],"yoast_head":"<!-- This site is optimized with the Yoast SEO plugin v24.4 - https:\/\/yoast.com\/wordpress\/plugins\/seo\/ -->\n<title>Empr\u00e9stimo para caminhoneiros ser\u00e1 liberado na pr\u00f3xima semana<\/title>\n<meta name=\"description\" content=\"A linha de cr\u00e9dito para caminhoneiros libera at\u00e9 R$ 30 mil para cada profissional aut\u00f4nomo e foi liberada pelo governo. Entendo o porqu\u00ea.\" \/>\n<meta name=\"robots\" content=\"index, follow, max-snippet:-1, max-image-preview:large, max-video-preview:-1\" \/>\n<link rel=\"canonical\" href=\"https:\/\/www.suno.com.br\/noticias\/caminhoneiros-emprestimo-semana-que-vem-bndes\/\" \/>\n<meta property=\"og:locale\" content=\"pt_BR\" \/>\n<meta property=\"og:type\" content=\"article\" \/>\n<meta property=\"og:title\" content=\"Empr\u00e9stimo para caminhoneiros ser\u00e1 liberado na pr\u00f3xima semana\" \/>\n<meta property=\"og:description\" content=\"A linha de cr\u00e9dito para caminhoneiros libera at\u00e9 R$ 30 mil para cada profissional aut\u00f4nomo e foi liberada pelo governo. Entendo o porqu\u00ea.\" \/>\n<meta property=\"og:url\" content=\"https:\/\/www.suno.com.br\/noticias\/caminhoneiros-emprestimo-semana-que-vem-bndes\/\" \/>\n<meta property=\"og:site_name\" content=\"Suno Not\u00edcias\" \/>\n<meta property=\"article:publisher\" content=\"https:\/\/facebook.com\/sunoresearch\" \/>\n<meta property=\"og:image\" content=\"https:\/\/files.sunoresearch.com.br\/n\/uploads\/2019\/04\/5f68304d-br-060_2-1024x668.jpg\" \/>\n\t<meta property=\"og:image:width\" content=\"1024\" \/>\n\t<meta property=\"og:image:height\" content=\"668\" \/>\n\t<meta property=\"og:image:type\" content=\"image\/jpeg\" \/>\n<meta name=\"author\" content=\"Beatriz Oliveira\" \/>\n<meta name=\"twitter:card\" content=\"summary_large_image\" \/>\n<meta name=\"twitter:creator\" content=\"@sunoresearch\" \/>\n<meta name=\"twitter:site\" content=\"@sunoresearch\" \/>\n<meta name=\"twitter:label1\" content=\"Escrito por\" \/>\n\t<meta name=\"twitter:data1\" content=\"Beatriz Oliveira\" \/>\n\t<meta name=\"twitter:label2\" content=\"Est. tempo de leitura\" \/>\n\t<meta name=\"twitter:data2\" content=\"2 minutos\" \/>\n<script type=\"application\/ld+json\" class=\"yoast-schema-graph\">{\"@context\":\"https:\/\/schema.org\",\"@graph\":[{\"@type\":\"NewsArticle\",\"@id\":\"https:\/\/www.suno.com.br\/noticias\/caminhoneiros-emprestimo-semana-que-vem-bndes\/#article\",\"isPartOf\":{\"@id\":\"https:\/\/www.suno.com.br\/noticias\/caminhoneiros-emprestimo-semana-que-vem-bndes\/\"},\"author\":{\"name\":\"Beatriz Oliveira\",\"@id\":\"https:\/\/www.suno.com.br\/noticias\/#\/schema\/person\/e67f665add014bf99f644028de070cc3\"},\"headline\":\"Empr\u00e9stimo para caminhoneiros ser\u00e1 liberado na pr\u00f3xima semana, diz BNDES\",\"datePublished\":\"2019-05-14T17:37:37+00:00\",\"mainEntityOfPage\":{\"@id\":\"https:\/\/www.suno.com.br\/noticias\/caminhoneiros-emprestimo-semana-que-vem-bndes\/\"},\"wordCount\":401,\"publisher\":{\"@id\":\"https:\/\/www.suno.com.br\/noticias\/#organization\"},\"image\":{\"@id\":\"https:\/\/www.suno.com.br\/noticias\/caminhoneiros-emprestimo-semana-que-vem-bndes\/#primaryimage\"},\"thumbnailUrl\":\"https:\/\/files.sunoresearch.com.br\/n\/uploads\/2019\/04\/5f68304d-br-060_2-scaled.webp\",\"keywords\":[\"BNDES\",\"greve dos caminhoneiros\"],\"articleSection\":[\"Pol\u00edtica\"],\"inLanguage\":\"pt-BR\"},{\"@type\":\"WebPage\",\"@id\":\"https:\/\/www.suno.com.br\/noticias\/caminhoneiros-emprestimo-semana-que-vem-bndes\/\",\"url\":\"https:\/\/www.suno.com.br\/noticias\/caminhoneiros-emprestimo-semana-que-vem-bndes\/\",\"name\":\"Empr\u00e9stimo para caminhoneiros ser\u00e1 liberado na pr\u00f3xima semana\",\"isPartOf\":{\"@id\":\"https:\/\/www.suno.com.br\/noticias\/#website\"},\"primaryImageOfPage\":{\"@id\":\"https:\/\/www.suno.com.br\/noticias\/caminhoneiros-emprestimo-semana-que-vem-bndes\/#primaryimage\"},\"image\":{\"@id\":\"https:\/\/www.suno.com.br\/noticias\/caminhoneiros-emprestimo-semana-que-vem-bndes\/#primaryimage\"},\"thumbnailUrl\":\"https:\/\/files.sunoresearch.com.br\/n\/uploads\/2019\/04\/5f68304d-br-060_2-scaled.webp\",\"datePublished\":\"2019-05-14T17:37:37+00:00\",\"description\":\"A linha de cr\u00e9dito para caminhoneiros libera at\u00e9 R$ 30 mil para cada profissional aut\u00f4nomo e foi liberada pelo governo. Entendo o porqu\u00ea.\",\"breadcrumb\":{\"@id\":\"https:\/\/www.suno.com.br\/noticias\/caminhoneiros-emprestimo-semana-que-vem-bndes\/#breadcrumb\"},\"inLanguage\":\"pt-BR\",\"potentialAction\":[{\"@type\":\"ReadAction\",\"target\":[\"https:\/\/www.suno.com.br\/noticias\/caminhoneiros-emprestimo-semana-que-vem-bndes\/\"]}]},{\"@type\":\"ImageObject\",\"inLanguage\":\"pt-BR\",\"@id\":\"https:\/\/www.suno.com.br\/noticias\/caminhoneiros-emprestimo-semana-que-vem-bndes\/#primaryimage\",\"url\":\"https:\/\/files.sunoresearch.com.br\/n\/uploads\/2019\/04\/5f68304d-br-060_2-scaled.webp\",\"contentUrl\":\"https:\/\/files.sunoresearch.com.br\/n\/uploads\/2019\/04\/5f68304d-br-060_2-scaled.webp\",\"width\":2560,\"height\":1669,\"caption\":\"Greve caminhoneiros paralisa rodovias e amea\u00e7a portos e com\u00e9rcio pelo pa\u00eds\"},{\"@type\":\"BreadcrumbList\",\"@id\":\"https:\/\/www.suno.com.br\/noticias\/caminhoneiros-emprestimo-semana-que-vem-bndes\/#breadcrumb\",\"itemListElement\":[{\"@type\":\"ListItem\",\"position\":1,\"name\":\"Not\u00edcias\",\"item\":\"https:\/\/www.suno.com.br\/noticias\/\"},{\"@type\":\"ListItem\",\"position\":2,\"name\":\"Pol\u00edtica\",\"item\":\"https:\/\/www.suno.com.br\/noticias\/politica\/\"},{\"@type\":\"ListItem\",\"position\":3,\"name\":\"Empr\u00e9stimo para caminhoneiros ser\u00e1 liberado na pr\u00f3xima semana, diz BNDES\"}]},{\"@type\":\"WebSite\",\"@id\":\"https:\/\/www.suno.com.br\/noticias\/#website\",\"url\":\"https:\/\/www.suno.com.br\/noticias\/\",\"name\":\"Suno Not\u00edcias\",\"description\":\"Seu portal de informa\u00e7\u00e3o sobre o mundo dos investimentos\",\"publisher\":{\"@id\":\"https:\/\/www.suno.com.br\/noticias\/#organization\"},\"potentialAction\":[{\"@type\":\"SearchAction\",\"target\":{\"@type\":\"EntryPoint\",\"urlTemplate\":\"https:\/\/www.suno.com.br\/noticias\/?s={search_term_string}\"},\"query-input\":{\"@type\":\"PropertyValueSpecification\",\"valueRequired\":true,\"valueName\":\"search_term_string\"}}],\"inLanguage\":\"pt-BR\"},{\"@type\":\"Organization\",\"@id\":\"https:\/\/www.suno.com.br\/noticias\/#organization\",\"name\":\"Suno Not\u00edcias\",\"url\":\"https:\/\/www.suno.com.br\/noticias\/\",\"logo\":{\"@type\":\"ImageObject\",\"inLanguage\":\"pt-BR\",\"@id\":\"https:\/\/www.suno.com.br\/noticias\/#\/schema\/logo\/image\/\",\"url\":\"https:\/\/files.sunoresearch.com.br\/n\/uploads\/2021\/09\/suno-logo.png\",\"contentUrl\":\"https:\/\/files.sunoresearch.com.br\/n\/uploads\/2021\/09\/suno-logo.png\",\"width\":180,\"height\":180,\"caption\":\"Suno Not\u00edcias\"},\"image\":{\"@id\":\"https:\/\/www.suno.com.br\/noticias\/#\/schema\/logo\/image\/\"},\"sameAs\":[\"https:\/\/facebook.com\/sunoresearch\",\"https:\/\/x.com\/sunoresearch\",\"https:\/\/www.instagram.com\/suno\",\"https:\/\/www.linkedin.com\/company\/suno-research\/\",\"https:\/\/www.youtube.com\/c\/sunoresearch\"]},{\"@type\":\"Person\",\"@id\":\"https:\/\/www.suno.com.br\/noticias\/#\/schema\/person\/e67f665add014bf99f644028de070cc3\",\"name\":\"Beatriz Oliveira\",\"image\":{\"@type\":\"ImageObject\",\"inLanguage\":\"pt-BR\",\"@id\":\"https:\/\/www.suno.com.br\/noticias\/#\/schema\/person\/image\/\",\"url\":\"https:\/\/secure.gravatar.com\/avatar\/c9aa6a0aaecc598d257d5d5bd349157d?s=96&r=g\",\"contentUrl\":\"https:\/\/secure.gravatar.com\/avatar\/c9aa6a0aaecc598d257d5d5bd349157d?s=96&r=g\",\"caption\":\"Beatriz Oliveira\"},\"description\":\"Formada em Jornalismo pela Faculdade Paulus de Tecnologia e Comunica\u00e7\u00e3o, Beatriz Oliveira escreve para o portal de not\u00edcias Suno Research. Antes, passou pelas reda\u00e7\u00f5es da Revista EXAME e da Rede Bandeirantes.\",\"url\":\"https:\/\/www.suno.com.br\/noticias\/author\/beatriz\/\"}]}<\/script>\n<!-- \/ Yoast SEO plugin. -->","yoast_head_json":{"title":"Empr\u00e9stimo para caminhoneiros ser\u00e1 liberado na pr\u00f3xima semana","description":"A linha de cr\u00e9dito para caminhoneiros libera at\u00e9 R$ 30 mil para cada profissional aut\u00f4nomo e foi liberada pelo governo. Entendo o porqu\u00ea.","robots":{"index":"index","follow":"follow","max-snippet":"max-snippet:-1","max-image-preview":"max-image-preview:large","max-video-preview":"max-video-preview:-1"},"canonical":"https:\/\/www.suno.com.br\/noticias\/caminhoneiros-emprestimo-semana-que-vem-bndes\/","og_locale":"pt_BR","og_type":"article","og_title":"Empr\u00e9stimo para caminhoneiros ser\u00e1 liberado na pr\u00f3xima semana","og_description":"A linha de cr\u00e9dito para caminhoneiros libera at\u00e9 R$ 30 mil para cada profissional aut\u00f4nomo e foi liberada pelo governo. Entendo o porqu\u00ea.","og_url":"https:\/\/www.suno.com.br\/noticias\/caminhoneiros-emprestimo-semana-que-vem-bndes\/","og_site_name":"Suno Not\u00edcias","article_publisher":"https:\/\/facebook.com\/sunoresearch","og_image":[{"width":1024,"height":668,"url":"https:\/\/files.sunoresearch.com.br\/n\/uploads\/2019\/04\/5f68304d-br-060_2-1024x668.jpg","type":"image\/jpeg"}],"author":"Beatriz Oliveira","twitter_card":"summary_large_image","twitter_creator":"@sunoresearch","twitter_site":"@sunoresearch","twitter_misc":{"Escrito por":"Beatriz Oliveira","Est. tempo de leitura":"2 minutos"},"schema":{"@context":"https:\/\/schema.org","@graph":[{"@type":"NewsArticle","@id":"https:\/\/www.suno.com.br\/noticias\/caminhoneiros-emprestimo-semana-que-vem-bndes\/#article","isPartOf":{"@id":"https:\/\/www.suno.com.br\/noticias\/caminhoneiros-emprestimo-semana-que-vem-bndes\/"},"author":{"name":"Beatriz Oliveira","@id":"https:\/\/www.suno.com.br\/noticias\/#\/schema\/person\/e67f665add014bf99f644028de070cc3"},"headline":"Empr\u00e9stimo para caminhoneiros ser\u00e1 liberado na pr\u00f3xima semana, diz BNDES","datePublished":"2019-05-14T17:37:37+00:00","mainEntityOfPage":{"@id":"https:\/\/www.suno.com.br\/noticias\/caminhoneiros-emprestimo-semana-que-vem-bndes\/"},"wordCount":401,"publisher":{"@id":"https:\/\/www.suno.com.br\/noticias\/#organization"},"image":{"@id":"https:\/\/www.suno.com.br\/noticias\/caminhoneiros-emprestimo-semana-que-vem-bndes\/#primaryimage"},"thumbnailUrl":"https:\/\/files.sunoresearch.com.br\/n\/uploads\/2019\/04\/5f68304d-br-060_2-scaled.webp","keywords":["BNDES","greve dos caminhoneiros"],"articleSection":["Pol\u00edtica"],"inLanguage":"pt-BR"},{"@type":"WebPage","@id":"https:\/\/www.suno.com.br\/noticias\/caminhoneiros-emprestimo-semana-que-vem-bndes\/","url":"https:\/\/www.suno.com.br\/noticias\/caminhoneiros-emprestimo-semana-que-vem-bndes\/","name":"Empr\u00e9stimo para caminhoneiros ser\u00e1 liberado na pr\u00f3xima semana","isPartOf":{"@id":"https:\/\/www.suno.com.br\/noticias\/#website"},"primaryImageOfPage":{"@id":"https:\/\/www.suno.com.br\/noticias\/caminhoneiros-emprestimo-semana-que-vem-bndes\/#primaryimage"},"image":{"@id":"https:\/\/www.suno.com.br\/noticias\/caminhoneiros-emprestimo-semana-que-vem-bndes\/#primaryimage"},"thumbnailUrl":"https:\/\/files.sunoresearch.com.br\/n\/uploads\/2019\/04\/5f68304d-br-060_2-scaled.webp","datePublished":"2019-05-14T17:37:37+00:00","description":"A linha de cr\u00e9dito para caminhoneiros libera at\u00e9 R$ 30 mil para cada profissional aut\u00f4nomo e foi liberada pelo governo. Entendo o porqu\u00ea.","breadcrumb":{"@id":"https:\/\/www.suno.com.br\/noticias\/caminhoneiros-emprestimo-semana-que-vem-bndes\/#breadcrumb"},"inLanguage":"pt-BR","potentialAction":[{"@type":"ReadAction","target":["https:\/\/www.suno.com.br\/noticias\/caminhoneiros-emprestimo-semana-que-vem-bndes\/"]}]},{"@type":"ImageObject","inLanguage":"pt-BR","@id":"https:\/\/www.suno.com.br\/noticias\/caminhoneiros-emprestimo-semana-que-vem-bndes\/#primaryimage","url":"https:\/\/files.sunoresearch.com.br\/n\/uploads\/2019\/04\/5f68304d-br-060_2-scaled.webp","contentUrl":"https:\/\/files.sunoresearch.com.br\/n\/uploads\/2019\/04\/5f68304d-br-060_2-scaled.webp","width":2560,"height":1669,"caption":"Greve caminhoneiros paralisa rodovias e amea\u00e7a portos e com\u00e9rcio pelo pa\u00eds"},{"@type":"BreadcrumbList","@id":"https:\/\/www.suno.com.br\/noticias\/caminhoneiros-emprestimo-semana-que-vem-bndes\/#breadcrumb","itemListElement":[{"@type":"ListItem","position":1,"name":"Not\u00edcias","item":"https:\/\/www.suno.com.br\/noticias\/"},{"@type":"ListItem","position":2,"name":"Pol\u00edtica","item":"https:\/\/www.suno.com.br\/noticias\/politica\/"},{"@type":"ListItem","position":3,"name":"Empr\u00e9stimo para caminhoneiros ser\u00e1 liberado na pr\u00f3xima semana, diz BNDES"}]},{"@type":"WebSite","@id":"https:\/\/www.suno.com.br\/noticias\/#website","url":"https:\/\/www.suno.com.br\/noticias\/","name":"Suno Not\u00edcias","description":"Seu portal de informa\u00e7\u00e3o sobre o mundo dos investimentos","publisher":{"@id":"https:\/\/www.suno.com.br\/noticias\/#organization"},"potentialAction":[{"@type":"SearchAction","target":{"@type":"EntryPoint","urlTemplate":"https:\/\/www.suno.com.br\/noticias\/?s={search_term_string}"},"query-input":{"@type":"PropertyValueSpecification","valueRequired":true,"valueName":"search_term_string"}}],"inLanguage":"pt-BR"},{"@type":"Organization","@id":"https:\/\/www.suno.com.br\/noticias\/#organization","name":"Suno Not\u00edcias","url":"https:\/\/www.suno.com.br\/noticias\/","logo":{"@type":"ImageObject","inLanguage":"pt-BR","@id":"https:\/\/www.suno.com.br\/noticias\/#\/schema\/logo\/image\/","url":"https:\/\/files.sunoresearch.com.br\/n\/uploads\/2021\/09\/suno-logo.png","contentUrl":"https:\/\/files.sunoresearch.com.br\/n\/uploads\/2021\/09\/suno-logo.png","width":180,"height":180,"caption":"Suno Not\u00edcias"},"image":{"@id":"https:\/\/www.suno.com.br\/noticias\/#\/schema\/logo\/image\/"},"sameAs":["https:\/\/facebook.com\/sunoresearch","https:\/\/x.com\/sunoresearch","https:\/\/www.instagram.com\/suno","https:\/\/www.linkedin.com\/company\/suno-research\/","https:\/\/www.youtube.com\/c\/sunoresearch"]},{"@type":"Person","@id":"https:\/\/www.suno.com.br\/noticias\/#\/schema\/person\/e67f665add014bf99f644028de070cc3","name":"Beatriz Oliveira","image":{"@type":"ImageObject","inLanguage":"pt-BR","@id":"https:\/\/www.suno.com.br\/noticias\/#\/schema\/person\/image\/","url":"https:\/\/secure.gravatar.com\/avatar\/c9aa6a0aaecc598d257d5d5bd349157d?s=96&r=g","contentUrl":"https:\/\/secure.gravatar.com\/avatar\/c9aa6a0aaecc598d257d5d5bd349157d?s=96&r=g","caption":"Beatriz Oliveira"},"description":"Formada em Jornalismo pela Faculdade Paulus de Tecnologia e Comunica\u00e7\u00e3o, Beatriz Oliveira escreve para o portal de not\u00edcias Suno Research. Antes, passou pelas reda\u00e7\u00f5es da Revista EXAME e da Rede Bandeirantes.","url":"https:\/\/www.suno.com.br\/noticias\/author\/beatriz\/"}]}},"default_loop_html":"<div class=\"cardsPage__listCard__boxs\"><div class=\"cardsPage__listCard__boxs__img\"><a href=\"https:\/\/www.suno.com.br\/noticias\/caminhoneiros-emprestimo-semana-que-vem-bndes\/\"><img class=\"mask\" src=\"https:\/\/www.suno.com.br\/noticias\/wp-content\/themes\/suno\/resources\/images\/spotlight\/spotlight1img\/bg-mask.png\" alt=\"Image Mask\"\/><img src=\"https:\/\/files.sunoresearch.com.br\/n\/uploads\/2019\/04\/5f68304d-br-060_2-400x200.webp\" alt=\"Empr\u00e9stimo para caminhoneiros ser\u00e1 liberado na pr\u00f3xima semana, diz BNDES\"\/><\/a><span class=\"spotlightCategory\"><a href=\"https:\/\/www.suno.com.br\/noticias\/politica\/\">Pol\u00edtica<\/a><\/span><\/div><div class=\"cardsPage__listCard__boxs__content\"><a href=\"https:\/\/www.suno.com.br\/noticias\/caminhoneiros-emprestimo-semana-que-vem-bndes\/\"><h2 class=\"content__title\">Empr\u00e9stimo para caminhoneiros ser\u00e1 liberado na pr\u00f3xima semana, diz BNDES<\/h2><\/a><div class=\"newsContent__article__meta\"><div class=\"newsContent__article__meta__authorBox\"><a href=\"https:\/\/www.suno.com.br\/noticias\/author\/beatriz\/\" class=\"authorBox__avatar noMobi\"><img src=\"https:\/\/secure.gravatar.com\/avatar\/c9aa6a0aaecc598d257d5d5bd349157d?s=96&#038;r=g\" alt=\"Beatriz Oliveira\"><\/a><div class=\"authorBox__name\"><span>por\n\t\t\t<a href=\"https:\/\/www.suno.com.br\/noticias\/author\/beatriz\/\"><span itemprop=\"author\">Beatriz Oliveira<\/span><\/a><\/span><time datetime=\"2019-05-14T14:37:37-03:00\" itemprop=\"datePublished\">14\/05\/2019 14:37<\/time><\/div><\/div><\/div><\/div><\/div>","single_layout":"posts","amp_enabled":true,"_links":{"self":[{"href":"https:\/\/www.suno.com.br\/noticias\/wp-json\/wp\/v2\/posts\/24497"}],"collection":[{"href":"https:\/\/www.suno.com.br\/noticias\/wp-json\/wp\/v2\/posts"}],"about":[{"href":"https:\/\/www.suno.com.br\/noticias\/wp-json\/wp\/v2\/types\/post"}],"author":[{"embeddable":true,"href":"https:\/\/www.suno.com.br\/noticias\/wp-json\/wp\/v2\/users\/16"}],"replies":[{"embeddable":true,"href":"https:\/\/www.suno.com.br\/noticias\/wp-json\/wp\/v2\/comments?post=24497"}],"version-history":[{"count":0,"href":"https:\/\/www.suno.com.br\/noticias\/wp-json\/wp\/v2\/posts\/24497\/revisions"}],"wp:featuredmedia":[{"embeddable":true,"href":"https:\/\/www.suno.com.br\/noticias\/wp-json\/wp\/v2\/media\/21920"}],"wp:attachment":[{"href":"https:\/\/www.suno.com.br\/noticias\/wp-json\/wp\/v2\/media?parent=24497"}],"wp:term":[{"taxonomy":"category","embeddable":true,"href":"https:\/\/www.suno.com.br\/noticias\/wp-json\/wp\/v2\/categories?post=24497"},{"taxonomy":"post_tag","embeddable":true,"href":"https:\/\/www.suno.com.br\/noticias\/wp-json\/wp\/v2\/tags?post=24497"},{"taxonomy":"suno_strategy","embeddable":true,"href":"https:\/\/www.suno.com.br\/noticias\/wp-json\/wp\/v2\/suno_strategy?post=24497"}],"curies":[{"name":"wp","href":"https:\/\/api.w.org\/{rel}","templated":true}]}}