{"id":244759,"date":"2022-03-24T16:00:44","date_gmt":"2022-03-24T19:00:44","guid":{"rendered":"https:\/\/www.suno.com.br\/noticias\/?p=244759"},"modified":"2022-03-28T13:00:10","modified_gmt":"2022-03-28T16:00:10","slug":"pague-menos-pgmn3-raia-drogasil-radl3-fim-pandemia-farmacias-manter-crescimento-2022","status":"publish","type":"post","link":"https:\/\/www.suno.com.br\/noticias\/pague-menos-pgmn3-raia-drogasil-radl3-fim-pandemia-farmacias-manter-crescimento-2022\/","title":{"rendered":"Pague Menos (PGMN3), Raia Drogasil (RADL3): Setor de farm\u00e1cias promete crescer mais de 20% em 2022"},"content":{"rendered":"<p>Apesar do fim \u00e0 vista da pandemia da Covid-19, com o avan\u00e7o da vacina\u00e7\u00e3o e flexibiliza\u00e7\u00e3o das medidas restritivas, as perspectivas para o setor de <strong>farm\u00e1cias<\/strong> n\u00e3o devem arrefecer. \u00c9 o que defende Sergio Mena Barreto, presidente da Abrafarma, durante evento Pharma Conference da XP Investimentos, que reuniu investidores e os principais nomes do mercado de farm\u00e1cias e farmac\u00eauticas.<\/p>\t<div class=\"wrapper-featured-image\">\n\t\t<figure class=\"spotlightImg\">\n\n\t\t\t<picture>\n\t\t\t\t<source media=\"(max-width: 768px)\" srcset=\"https:\/\/files.sunoresearch.com.br\/n\/uploads\/2022\/03\/pexels-anna-tarazevich-5910953-400x200.jpg\">\n\t\t\t\t<img loading=\"lazy\" decoding=\"async\" class=\"newsContent__article__imgCapa lazyloadDisabled \" src=\"https:\/\/files.sunoresearch.com.br\/n\/uploads\/2022\/03\/pexels-anna-tarazevich-5910953-800x450.jpg\" width=\"800\" height=\"450\" alt=\"Pague Menos (PGMN3), Raia Drogasil (RADL3): Setor de farm\u00e1cias promete crescer mais de 20% em 2022\" fetchpriority=high \/>\n\t\t\t<\/picture>\n\n\t\t\t<figcaption class=\"wp-caption-text wp-caption-text--show\">Farm\u00e1cias. Foto: Pexels.<\/figcaption>\n\t\t<\/figure>\n\t<\/div>\n\n\n\t<p>\n\t\t<a href=\"\" target=\"_blank\" data-element=\"shortcode-suno-banner\" title=\"Banner SUNO, clique e saiba mais\">\n\t\t\t<picture>\n\t\t\t\t<source media=\"(max-width: 500px)\" srcset=\"\">\n\t\t\t\t<img class=\"newsContent__article__imgCapa newsContent__article__imgCapa--banner\"\n\t\t\t\t\tsrc=\"\"\n\t\t\t\t\tdata-promo-id=\"138420\"\t\t\t\t\t\t\t\t\t\t\t\t\t\t\talt=\"\"\n\t\t\t\t>\n\t\t\t<\/picture>\n\t\t<\/a>\n\t<\/p>\n\n\n<p>Ao <strong>Suno Not\u00edcias<\/strong>, Barreto avalia que o setor &#8211; que inclui a <a class=\"suno-keyword\" href=\"https:\/\/www.suno.com.br\/acoes\/blau3\/\" target=\"_blank\" rel=\"noopener\" data-force=\"yes\" data-priority=\"2\">Blau Farmac\u00eautica (BLAU3)<\/a>, <a class=\"suno-keyword\" href=\"https:\/\/www.suno.com.br\/acoes\/PGMN3\/\" target=\"_blank\" rel=\"noopener\" data-force=\"yes\" data-priority=\"2\">Pague Menos (PGMN3)<\/a>, <a class=\"suno-keyword\" href=\"https:\/\/www.suno.com.br\/acoes\/RADL3\/\" target=\"_blank\" rel=\"noopener\" data-force=\"yes\" data-priority=\"2\">Raia Drogasil (RADL3)<\/a> e <a class=\"suno-keyword\" href=\"https:\/\/www.suno.com.br\/acoes\/HYPE3\/\" target=\"_blank\" rel=\"noopener\" data-force=\"yes\" data-priority=\"2\">Hypera (HYPE3)<\/a> &#8211; deve crescer acima de 21% em 2022.<\/p>\n<p>Dados at\u00e9 fevereiro deste ano apontam um crescimento de <strong>receita<\/strong> acumulada em 12 meses das farm\u00e1cias associadas da Abrafarma de 17,02%, a R$ 69,40 bilh\u00f5es, e alta de 10,51% em novos atendimentos, a R$ 963 milh\u00f5es. A associa\u00e7\u00e3o responde por cerca de 45% da movimenta\u00e7\u00e3o do setor.<\/p>\n<p>Segundo o executivo, h\u00e1 uma janela para que o <strong>setor farmac\u00eautico<\/strong> aproveite uma mudan\u00e7a de consci\u00eancia do consumidor, que sai da pandemia de Covid-19 mais consciente com a sa\u00fade &#8211; tanto a pr\u00f3pria sa\u00fade, quanto a de familiares. Para aproveitar essa janela de oportunidade, Barreto defende uma evolu\u00e7\u00e3o no setor.<\/p>\n<p>\u201cGrande indutor dessa transforma\u00e7\u00e3o \u00e9 o profissional que est\u00e1 no balc\u00e3o das farm\u00e1cias. \u00c9 ele quem tem que falar com o paciente: \u2018Olhe, por que n\u00e3o comprou rem\u00e9dio no m\u00eas passado? Como est\u00e1 seu tratamento? \u00c9 essa conversa\u201d, disse.<\/p>\n<p>Prova da brecha que se apresenta para o setor \u00e9 o aumento da procura por medicamentos, em especial para tratamento de doen\u00e7as cr\u00f4nicas, aquelas que demandam tratamento por per\u00edodos prolongados, como hipertens\u00e3o, diabetes ou asma.<\/p>\n\t<p>\n\t\t<a href=\"https:\/\/lp.suno.com.br\/planilha-controle-gastos\/\" target=\"_blank\" data-element=\"shortcode-suno-banner\" title=\"Banner SUNO, clique e saiba mais\">\n\t\t\t<picture>\n\t\t\t\t<source media=\"(max-width: 500px)\" srcset=\"https:\/\/files.sunoresearch.com.br\/n\/uploads\/2023\/03\/400x300-Planilha-controle-de-gastos.png\">\n\t\t\t\t<img class=\"newsContent__article__imgCapa newsContent__article__imgCapa--banner\"\n\t\t\t\t\tsrc=\"https:\/\/files.sunoresearch.com.br\/n\/uploads\/2023\/03\/1420x240-Planilha-controle-de-gastos.png\"\n\t\t\t\t\tdata-promo-id=\"101751\"\t\t\t\t\t\t\t\t\t\twidth='1420' height='240'\t\t\t\t\talt=\"https:\/\/files.sunoresearch.com.br\/n\/uploads\/2023\/03\/1420x240-Planilha-controle-de-gastos.png\"\n\t\t\t\t>\n\t\t\t<\/picture>\n\t\t<\/a>\n\t<\/p>\n\n\n<p>Agora as farm\u00e1cias buscam manter o crescimento deste setor de medicamentos, que cresceu nos \u00faltimos dois anos. Conforme explica Barreto, antes da pandemia de Covid-19, os produtos do setor de <strong>Higiene &amp; Beleza<\/strong> eram os que mais cresciam ano a ano.<\/p>\n<p>Hoje, o cen\u00e1rio \u00e9 diferente, e o grupo que mais cresceu nos \u00faltimos dois anos foi o de venda de <strong>Medicamentos<\/strong>. Segundo Barreto, o cen\u00e1rio traz oportunidades como reduzir o abandono de tratamentos cr\u00f4nicos e a ruptura das rela\u00e7\u00f5es com os clientes.<\/p>\n<p>Segundo dados da Abrafarma, 54% dos pacientes brasileiros abandonam o tratamento na metade do caminho, e a m\u00e9dia de dura\u00e7\u00e3o dos tratamentos de doen\u00e7as cr\u00f4nicas no Pa\u00eds \u00e9 de 6 meses, muito abaixo dos pares internacionais.<\/p>\n\t<p>\n\t\t<a href=\"https:\/\/lp.suno.com.br\/planilha-da-vida-financeira\/\" target=\"_blank\" data-element=\"shortcode-suno-banner\" title=\"Banner SUNO, clique e saiba mais\">\n\t\t\t<picture>\n\t\t\t\t<source media=\"(max-width: 500px)\" srcset=\"https:\/\/files.sunoresearch.com.br\/n\/uploads\/2023\/04\/400x300-Planilha-vida-financeira-true.png\">\n\t\t\t\t<img class=\"newsContent__article__imgCapa newsContent__article__imgCapa--banner\"\n\t\t\t\t\tsrc=\"https:\/\/files.sunoresearch.com.br\/n\/uploads\/2023\/04\/1420x240-Planilha-vida-financeira-true.png\"\n\t\t\t\t\tdata-promo-id=\"106682\"\t\t\t\t\t\t\t\t\t\twidth='1420' height='240'\t\t\t\t\talt=\"https:\/\/files.sunoresearch.com.br\/n\/uploads\/2023\/04\/1420x240-Planilha-vida-financeira-true.png\"\n\t\t\t\t>\n\t\t\t<\/picture>\n\t\t<\/a>\n\t<\/p>\n\n\n<h2>Regulamenta\u00e7\u00e3o amea\u00e7a avan\u00e7os das farm\u00e1cias ante pandemia da Covid-19<\/h2>\n<p>Outro frente que o setor das farm\u00e1cias busca avan\u00e7ar neste ano \u00e9 na regulamenta\u00e7\u00e3o do setor. De acordo com o executivo, o setor de farm\u00e1cias corre o risco de perder grandes avan\u00e7os dos \u00faltimos dois anos, elaborados em resposta \u00e0 crise do novo coronav\u00edrus, se a regulamenta\u00e7\u00e3o n\u00e3o acompanhar a din\u00e2mica do mercado.<\/p>\n<p>Entre eles, est\u00e3o a aplica\u00e7\u00e3o de vacinas em farm\u00e1cias &#8211; com potencial de crescer de seis a quinze vezes -, a realiza\u00e7\u00e3o de exames diagn\u00f3sticos e coloca\u00e7\u00e3o de aparelhos m\u00e9dicos, destacou.<\/p>\n<h2>\u2018Dados s\u00e3o a moeda do futuro\u2019<\/h2>\n<p>O executivo tamb\u00e9m destacou que o setor deve seguir avan\u00e7ando no mercado de dados. O motivo \u00e9 combater a quebra de estoque, ou seja, o cumprimento de itens nos pedidos de clientes que as farm\u00e1cias conseguem atender.<\/p>\n<p>De acordo com o executivo, <strong>farm\u00e1cias pequenas<\/strong> n\u00e3o conseguem atender cerca de 50% dos itens de uma receita por falta do produto em estoque. Este \u00edndice cai a 12% nas redes maiores, mas o objetivo \u00e9 reduzi-lo a 8%.<\/p>\n<p>\u201cPrever estoque pra n\u00e3o faltar \u00e9 identificar cliente, identificar opera\u00e7\u00e3o\u201d, defendeu Barreto.<\/p>\n<p>H\u00e1 20 anos, a solu\u00e7\u00e3o para o problema era extrapolar dados de farm\u00e1cias que atuassem em \u00e1reas parecidas, seja pela popula\u00e7\u00e3o atendida ou pelas demandas regionais.<\/p>\n<p>Hoje, com a possibilidade de criar perfis para os clientes, as <strong>farm\u00e1cias<\/strong> conseguem fazer o acompanhamento da trajet\u00f3ria de tratamento do pacientes, especialmente no caso de doen\u00e7as que demandam tratamento por tempos prolongados, para evitar o abandono do tratamento.<\/p>\n\t<p>\n\t\t<a href=\"https:\/\/lp.suno.com.br\/ebook-como-analisar-uma-acao\/\" target=\"_blank\" data-element=\"shortcode-suno-banner\" title=\"Banner SUNO, clique e saiba mais\">\n\t\t\t<picture>\n\t\t\t\t<source media=\"(max-width: 500px)\" srcset=\"https:\/\/files.sunoresearch.com.br\/n\/uploads\/2023\/03\/Ebook-Acoes-Mobile-1.jpg\">\n\t\t\t\t<img class=\"newsContent__article__imgCapa newsContent__article__imgCapa--banner\"\n\t\t\t\t\tsrc=\"https:\/\/files.sunoresearch.com.br\/n\/uploads\/2023\/03\/Ebook-Acoes-Desktop-1.jpg\"\n\t\t\t\t\tdata-promo-id=\"171998\"\t\t\t\t\t\t\t\t\t\twidth='1420' height='286'\t\t\t\t\talt=\"https:\/\/files.sunoresearch.com.br\/n\/uploads\/2023\/03\/Ebook-Acoes-Desktop-1.jpg\"\n\t\t\t\t>\n\t\t\t<\/picture>\n\t\t<\/a>\n\t<\/p>\n\n\n","protected":false},"excerpt":{"rendered":"<p>Apesar do fim \u00e0 vista da pandemia da Covid-19, com o avan\u00e7o da vacina\u00e7\u00e3o e flexibiliza\u00e7\u00e3o das medidas restritivas, as perspectivas para o setor de farm\u00e1cias n\u00e3o devem arrefecer. \u00c9 o que defende Sergio Mena Barreto, presidente da Abrafarma, durante evento Pharma Conference da XP Investimentos, que reuniu investidores e os principais nomes do mercado [&hellip;]<\/p>\n","protected":false},"author":145,"featured_media":243392,"comment_status":"closed","ping_status":"closed","sticky":false,"template":"","format":"standard","meta":[],"categories":[64],"tags":[106070,5255,105816,501,60051,613],"suno_strategy":[],"class_list":["post-244759","post","type-post","status-publish","format-standard","has-post-thumbnail","hentry","category-negocios","tag-blau-farmaceutica-blau3","tag-covid-19","tag-especialistas","tag-hypera-pharma-hype3","tag-pague-menos-pgmn3","tag-raia-drogasil-radl3"],"yoast_head":"<!-- This site is optimized with the Yoast SEO plugin v24.4 - https:\/\/yoast.com\/wordpress\/plugins\/seo\/ -->\n<title>Farm\u00e1cias devem manter crescimento forte em 2022<\/title>\n<meta name=\"description\" content=\"Presidente da Abrafarma, Sergio Barreto avalia que farm\u00e1cias devem crescer em 2022 ap\u00f3s o fim da pandemia de Covid-19. Confira.\" \/>\n<meta name=\"robots\" content=\"index, follow, max-snippet:-1, max-image-preview:large, max-video-preview:-1\" \/>\n<link rel=\"canonical\" href=\"https:\/\/www.suno.com.br\/noticias\/pague-menos-pgmn3-raia-drogasil-radl3-fim-pandemia-farmacias-manter-crescimento-2022\/\" \/>\n<meta property=\"og:locale\" content=\"pt_BR\" \/>\n<meta property=\"og:type\" content=\"article\" \/>\n<meta property=\"og:title\" content=\"Farm\u00e1cias devem manter crescimento forte em 2022\" \/>\n<meta property=\"og:description\" content=\"Presidente da Abrafarma, Sergio Barreto avalia que farm\u00e1cias devem crescer em 2022 ap\u00f3s o fim da pandemia de Covid-19. Confira.\" \/>\n<meta property=\"og:url\" content=\"https:\/\/www.suno.com.br\/noticias\/pague-menos-pgmn3-raia-drogasil-radl3-fim-pandemia-farmacias-manter-crescimento-2022\/\" \/>\n<meta property=\"og:site_name\" content=\"Suno Not\u00edcias\" \/>\n<meta property=\"article:publisher\" content=\"https:\/\/facebook.com\/sunoresearch\" \/>\n<meta property=\"og:image\" content=\"https:\/\/files.sunoresearch.com.br\/n\/uploads\/2022\/03\/pexels-anna-tarazevich-5910953-scaled.jpg\" \/>\n\t<meta property=\"og:image:width\" content=\"2560\" \/>\n\t<meta property=\"og:image:height\" content=\"1706\" \/>\n\t<meta property=\"og:image:type\" content=\"image\/jpeg\" \/>\n<meta name=\"author\" content=\"Pedro Caramuru\" \/>\n<meta name=\"twitter:card\" content=\"summary_large_image\" \/>\n<meta name=\"twitter:creator\" content=\"@sunoresearch\" \/>\n<meta name=\"twitter:site\" content=\"@sunoresearch\" \/>\n<meta name=\"twitter:label1\" content=\"Escrito por\" \/>\n\t<meta name=\"twitter:data1\" content=\"Pedro Caramuru\" \/>\n\t<meta name=\"twitter:label2\" content=\"Est. tempo de leitura\" \/>\n\t<meta name=\"twitter:data2\" content=\"3 minutos\" \/>\n<script type=\"application\/ld+json\" class=\"yoast-schema-graph\">{\"@context\":\"https:\/\/schema.org\",\"@graph\":[{\"@type\":\"NewsArticle\",\"@id\":\"https:\/\/www.suno.com.br\/noticias\/pague-menos-pgmn3-raia-drogasil-radl3-fim-pandemia-farmacias-manter-crescimento-2022\/#article\",\"isPartOf\":{\"@id\":\"https:\/\/www.suno.com.br\/noticias\/pague-menos-pgmn3-raia-drogasil-radl3-fim-pandemia-farmacias-manter-crescimento-2022\/\"},\"author\":{\"name\":\"Pedro Caramuru\",\"@id\":\"https:\/\/www.suno.com.br\/noticias\/#\/schema\/person\/8d020643938f12a823508eb0e5fda407\"},\"headline\":\"Pague Menos (PGMN3), Raia Drogasil (RADL3): Setor de farm\u00e1cias promete crescer mais de 20% em 2022\",\"datePublished\":\"2022-03-24T19:00:44+00:00\",\"dateModified\":\"2022-03-28T16:00:10+00:00\",\"mainEntityOfPage\":{\"@id\":\"https:\/\/www.suno.com.br\/noticias\/pague-menos-pgmn3-raia-drogasil-radl3-fim-pandemia-farmacias-manter-crescimento-2022\/\"},\"wordCount\":708,\"publisher\":{\"@id\":\"https:\/\/www.suno.com.br\/noticias\/#organization\"},\"image\":{\"@id\":\"https:\/\/www.suno.com.br\/noticias\/pague-menos-pgmn3-raia-drogasil-radl3-fim-pandemia-farmacias-manter-crescimento-2022\/#primaryimage\"},\"thumbnailUrl\":\"https:\/\/files.sunoresearch.com.br\/n\/uploads\/2022\/03\/pexels-anna-tarazevich-5910953-scaled.jpg\",\"keywords\":[\"Blau Farmac\u00eautica (BLAU3)\",\"covid-19\",\"Especialistas\",\"Hypera Pharma (HYPE3)\",\"Pague Menos (PGMN3)\",\"Raia Drogasil (RADL3)\"],\"articleSection\":[\"Neg\u00f3cios\"],\"inLanguage\":\"pt-BR\"},{\"@type\":\"WebPage\",\"@id\":\"https:\/\/www.suno.com.br\/noticias\/pague-menos-pgmn3-raia-drogasil-radl3-fim-pandemia-farmacias-manter-crescimento-2022\/\",\"url\":\"https:\/\/www.suno.com.br\/noticias\/pague-menos-pgmn3-raia-drogasil-radl3-fim-pandemia-farmacias-manter-crescimento-2022\/\",\"name\":\"Farm\u00e1cias devem manter crescimento forte em 2022\",\"isPartOf\":{\"@id\":\"https:\/\/www.suno.com.br\/noticias\/#website\"},\"primaryImageOfPage\":{\"@id\":\"https:\/\/www.suno.com.br\/noticias\/pague-menos-pgmn3-raia-drogasil-radl3-fim-pandemia-farmacias-manter-crescimento-2022\/#primaryimage\"},\"image\":{\"@id\":\"https:\/\/www.suno.com.br\/noticias\/pague-menos-pgmn3-raia-drogasil-radl3-fim-pandemia-farmacias-manter-crescimento-2022\/#primaryimage\"},\"thumbnailUrl\":\"https:\/\/files.sunoresearch.com.br\/n\/uploads\/2022\/03\/pexels-anna-tarazevich-5910953-scaled.jpg\",\"datePublished\":\"2022-03-24T19:00:44+00:00\",\"dateModified\":\"2022-03-28T16:00:10+00:00\",\"description\":\"Presidente da Abrafarma, Sergio Barreto avalia que farm\u00e1cias devem crescer em 2022 ap\u00f3s o fim da pandemia de Covid-19. Confira.\",\"breadcrumb\":{\"@id\":\"https:\/\/www.suno.com.br\/noticias\/pague-menos-pgmn3-raia-drogasil-radl3-fim-pandemia-farmacias-manter-crescimento-2022\/#breadcrumb\"},\"inLanguage\":\"pt-BR\",\"potentialAction\":[{\"@type\":\"ReadAction\",\"target\":[\"https:\/\/www.suno.com.br\/noticias\/pague-menos-pgmn3-raia-drogasil-radl3-fim-pandemia-farmacias-manter-crescimento-2022\/\"]}]},{\"@type\":\"ImageObject\",\"inLanguage\":\"pt-BR\",\"@id\":\"https:\/\/www.suno.com.br\/noticias\/pague-menos-pgmn3-raia-drogasil-radl3-fim-pandemia-farmacias-manter-crescimento-2022\/#primaryimage\",\"url\":\"https:\/\/files.sunoresearch.com.br\/n\/uploads\/2022\/03\/pexels-anna-tarazevich-5910953-scaled.jpg\",\"contentUrl\":\"https:\/\/files.sunoresearch.com.br\/n\/uploads\/2022\/03\/pexels-anna-tarazevich-5910953-scaled.jpg\",\"width\":2560,\"height\":1706,\"caption\":\"Farm\u00e1cias. Foto: Pexels.\"},{\"@type\":\"BreadcrumbList\",\"@id\":\"https:\/\/www.suno.com.br\/noticias\/pague-menos-pgmn3-raia-drogasil-radl3-fim-pandemia-farmacias-manter-crescimento-2022\/#breadcrumb\",\"itemListElement\":[{\"@type\":\"ListItem\",\"position\":1,\"name\":\"Not\u00edcias\",\"item\":\"https:\/\/www.suno.com.br\/noticias\/\"},{\"@type\":\"ListItem\",\"position\":2,\"name\":\"Neg\u00f3cios\",\"item\":\"https:\/\/www.suno.com.br\/noticias\/negocios\/\"},{\"@type\":\"ListItem\",\"position\":3,\"name\":\"Pague Menos (PGMN3), Raia Drogasil (RADL3): Setor de farm\u00e1cias promete crescer mais de 20% em 2022\"}]},{\"@type\":\"WebSite\",\"@id\":\"https:\/\/www.suno.com.br\/noticias\/#website\",\"url\":\"https:\/\/www.suno.com.br\/noticias\/\",\"name\":\"Suno Not\u00edcias\",\"description\":\"Seu portal de informa\u00e7\u00e3o sobre o mundo dos investimentos\",\"publisher\":{\"@id\":\"https:\/\/www.suno.com.br\/noticias\/#organization\"},\"potentialAction\":[{\"@type\":\"SearchAction\",\"target\":{\"@type\":\"EntryPoint\",\"urlTemplate\":\"https:\/\/www.suno.com.br\/noticias\/?s={search_term_string}\"},\"query-input\":{\"@type\":\"PropertyValueSpecification\",\"valueRequired\":true,\"valueName\":\"search_term_string\"}}],\"inLanguage\":\"pt-BR\"},{\"@type\":\"Organization\",\"@id\":\"https:\/\/www.suno.com.br\/noticias\/#organization\",\"name\":\"Suno Not\u00edcias\",\"url\":\"https:\/\/www.suno.com.br\/noticias\/\",\"logo\":{\"@type\":\"ImageObject\",\"inLanguage\":\"pt-BR\",\"@id\":\"https:\/\/www.suno.com.br\/noticias\/#\/schema\/logo\/image\/\",\"url\":\"https:\/\/files.sunoresearch.com.br\/n\/uploads\/2021\/09\/suno-logo.png\",\"contentUrl\":\"https:\/\/files.sunoresearch.com.br\/n\/uploads\/2021\/09\/suno-logo.png\",\"width\":180,\"height\":180,\"caption\":\"Suno Not\u00edcias\"},\"image\":{\"@id\":\"https:\/\/www.suno.com.br\/noticias\/#\/schema\/logo\/image\/\"},\"sameAs\":[\"https:\/\/facebook.com\/sunoresearch\",\"https:\/\/x.com\/sunoresearch\",\"https:\/\/www.instagram.com\/suno\",\"https:\/\/www.linkedin.com\/company\/suno-research\/\",\"https:\/\/www.youtube.com\/c\/sunoresearch\"]},{\"@type\":\"Person\",\"@id\":\"https:\/\/www.suno.com.br\/noticias\/#\/schema\/person\/8d020643938f12a823508eb0e5fda407\",\"name\":\"Pedro Caramuru\",\"image\":{\"@type\":\"ImageObject\",\"inLanguage\":\"pt-BR\",\"@id\":\"https:\/\/www.suno.com.br\/noticias\/#\/schema\/person\/image\/\",\"url\":\"https:\/\/secure.gravatar.com\/avatar\/1a3f15d3553507ae7a2debc6ea0ad87b?s=96&r=g\",\"contentUrl\":\"https:\/\/secure.gravatar.com\/avatar\/1a3f15d3553507ae7a2debc6ea0ad87b?s=96&r=g\",\"caption\":\"Pedro Caramuru\"},\"description\":\"Rep\u00f3rter de economia, mercado e pol\u00edtica brasileira para o Suno Not\u00edcias. Formado em jornalismo. J\u00e1 escreveu sobre pol\u00edtica e mercados internacionais para o Broadcast e Estad\u00e3o.\",\"url\":\"https:\/\/www.suno.com.br\/noticias\/author\/pedro-caramurusuno-com-br\/\"}]}<\/script>\n<!-- \/ Yoast SEO plugin. -->","yoast_head_json":{"title":"Farm\u00e1cias devem manter crescimento forte em 2022","description":"Presidente da Abrafarma, Sergio Barreto avalia que farm\u00e1cias devem crescer em 2022 ap\u00f3s o fim da pandemia de Covid-19. Confira.","robots":{"index":"index","follow":"follow","max-snippet":"max-snippet:-1","max-image-preview":"max-image-preview:large","max-video-preview":"max-video-preview:-1"},"canonical":"https:\/\/www.suno.com.br\/noticias\/pague-menos-pgmn3-raia-drogasil-radl3-fim-pandemia-farmacias-manter-crescimento-2022\/","og_locale":"pt_BR","og_type":"article","og_title":"Farm\u00e1cias devem manter crescimento forte em 2022","og_description":"Presidente da Abrafarma, Sergio Barreto avalia que farm\u00e1cias devem crescer em 2022 ap\u00f3s o fim da pandemia de Covid-19. Confira.","og_url":"https:\/\/www.suno.com.br\/noticias\/pague-menos-pgmn3-raia-drogasil-radl3-fim-pandemia-farmacias-manter-crescimento-2022\/","og_site_name":"Suno Not\u00edcias","article_publisher":"https:\/\/facebook.com\/sunoresearch","og_image":[{"width":2560,"height":1706,"url":"https:\/\/files.sunoresearch.com.br\/n\/uploads\/2022\/03\/pexels-anna-tarazevich-5910953-scaled.jpg","type":"image\/jpeg"}],"author":"Pedro Caramuru","twitter_card":"summary_large_image","twitter_creator":"@sunoresearch","twitter_site":"@sunoresearch","twitter_misc":{"Escrito por":"Pedro Caramuru","Est. tempo de leitura":"3 minutos"},"schema":{"@context":"https:\/\/schema.org","@graph":[{"@type":"NewsArticle","@id":"https:\/\/www.suno.com.br\/noticias\/pague-menos-pgmn3-raia-drogasil-radl3-fim-pandemia-farmacias-manter-crescimento-2022\/#article","isPartOf":{"@id":"https:\/\/www.suno.com.br\/noticias\/pague-menos-pgmn3-raia-drogasil-radl3-fim-pandemia-farmacias-manter-crescimento-2022\/"},"author":{"name":"Pedro Caramuru","@id":"https:\/\/www.suno.com.br\/noticias\/#\/schema\/person\/8d020643938f12a823508eb0e5fda407"},"headline":"Pague Menos (PGMN3), Raia Drogasil (RADL3): Setor de farm\u00e1cias promete crescer mais de 20% em 2022","datePublished":"2022-03-24T19:00:44+00:00","dateModified":"2022-03-28T16:00:10+00:00","mainEntityOfPage":{"@id":"https:\/\/www.suno.com.br\/noticias\/pague-menos-pgmn3-raia-drogasil-radl3-fim-pandemia-farmacias-manter-crescimento-2022\/"},"wordCount":708,"publisher":{"@id":"https:\/\/www.suno.com.br\/noticias\/#organization"},"image":{"@id":"https:\/\/www.suno.com.br\/noticias\/pague-menos-pgmn3-raia-drogasil-radl3-fim-pandemia-farmacias-manter-crescimento-2022\/#primaryimage"},"thumbnailUrl":"https:\/\/files.sunoresearch.com.br\/n\/uploads\/2022\/03\/pexels-anna-tarazevich-5910953-scaled.jpg","keywords":["Blau Farmac\u00eautica (BLAU3)","covid-19","Especialistas","Hypera Pharma (HYPE3)","Pague Menos (PGMN3)","Raia Drogasil (RADL3)"],"articleSection":["Neg\u00f3cios"],"inLanguage":"pt-BR"},{"@type":"WebPage","@id":"https:\/\/www.suno.com.br\/noticias\/pague-menos-pgmn3-raia-drogasil-radl3-fim-pandemia-farmacias-manter-crescimento-2022\/","url":"https:\/\/www.suno.com.br\/noticias\/pague-menos-pgmn3-raia-drogasil-radl3-fim-pandemia-farmacias-manter-crescimento-2022\/","name":"Farm\u00e1cias devem manter crescimento forte em 2022","isPartOf":{"@id":"https:\/\/www.suno.com.br\/noticias\/#website"},"primaryImageOfPage":{"@id":"https:\/\/www.suno.com.br\/noticias\/pague-menos-pgmn3-raia-drogasil-radl3-fim-pandemia-farmacias-manter-crescimento-2022\/#primaryimage"},"image":{"@id":"https:\/\/www.suno.com.br\/noticias\/pague-menos-pgmn3-raia-drogasil-radl3-fim-pandemia-farmacias-manter-crescimento-2022\/#primaryimage"},"thumbnailUrl":"https:\/\/files.sunoresearch.com.br\/n\/uploads\/2022\/03\/pexels-anna-tarazevich-5910953-scaled.jpg","datePublished":"2022-03-24T19:00:44+00:00","dateModified":"2022-03-28T16:00:10+00:00","description":"Presidente da Abrafarma, Sergio Barreto avalia que farm\u00e1cias devem crescer em 2022 ap\u00f3s o fim da pandemia de Covid-19. Confira.","breadcrumb":{"@id":"https:\/\/www.suno.com.br\/noticias\/pague-menos-pgmn3-raia-drogasil-radl3-fim-pandemia-farmacias-manter-crescimento-2022\/#breadcrumb"},"inLanguage":"pt-BR","potentialAction":[{"@type":"ReadAction","target":["https:\/\/www.suno.com.br\/noticias\/pague-menos-pgmn3-raia-drogasil-radl3-fim-pandemia-farmacias-manter-crescimento-2022\/"]}]},{"@type":"ImageObject","inLanguage":"pt-BR","@id":"https:\/\/www.suno.com.br\/noticias\/pague-menos-pgmn3-raia-drogasil-radl3-fim-pandemia-farmacias-manter-crescimento-2022\/#primaryimage","url":"https:\/\/files.sunoresearch.com.br\/n\/uploads\/2022\/03\/pexels-anna-tarazevich-5910953-scaled.jpg","contentUrl":"https:\/\/files.sunoresearch.com.br\/n\/uploads\/2022\/03\/pexels-anna-tarazevich-5910953-scaled.jpg","width":2560,"height":1706,"caption":"Farm\u00e1cias. Foto: Pexels."},{"@type":"BreadcrumbList","@id":"https:\/\/www.suno.com.br\/noticias\/pague-menos-pgmn3-raia-drogasil-radl3-fim-pandemia-farmacias-manter-crescimento-2022\/#breadcrumb","itemListElement":[{"@type":"ListItem","position":1,"name":"Not\u00edcias","item":"https:\/\/www.suno.com.br\/noticias\/"},{"@type":"ListItem","position":2,"name":"Neg\u00f3cios","item":"https:\/\/www.suno.com.br\/noticias\/negocios\/"},{"@type":"ListItem","position":3,"name":"Pague Menos (PGMN3), Raia Drogasil (RADL3): Setor de farm\u00e1cias promete crescer mais de 20% em 2022"}]},{"@type":"WebSite","@id":"https:\/\/www.suno.com.br\/noticias\/#website","url":"https:\/\/www.suno.com.br\/noticias\/","name":"Suno Not\u00edcias","description":"Seu portal de informa\u00e7\u00e3o sobre o mundo dos investimentos","publisher":{"@id":"https:\/\/www.suno.com.br\/noticias\/#organization"},"potentialAction":[{"@type":"SearchAction","target":{"@type":"EntryPoint","urlTemplate":"https:\/\/www.suno.com.br\/noticias\/?s={search_term_string}"},"query-input":{"@type":"PropertyValueSpecification","valueRequired":true,"valueName":"search_term_string"}}],"inLanguage":"pt-BR"},{"@type":"Organization","@id":"https:\/\/www.suno.com.br\/noticias\/#organization","name":"Suno Not\u00edcias","url":"https:\/\/www.suno.com.br\/noticias\/","logo":{"@type":"ImageObject","inLanguage":"pt-BR","@id":"https:\/\/www.suno.com.br\/noticias\/#\/schema\/logo\/image\/","url":"https:\/\/files.sunoresearch.com.br\/n\/uploads\/2021\/09\/suno-logo.png","contentUrl":"https:\/\/files.sunoresearch.com.br\/n\/uploads\/2021\/09\/suno-logo.png","width":180,"height":180,"caption":"Suno Not\u00edcias"},"image":{"@id":"https:\/\/www.suno.com.br\/noticias\/#\/schema\/logo\/image\/"},"sameAs":["https:\/\/facebook.com\/sunoresearch","https:\/\/x.com\/sunoresearch","https:\/\/www.instagram.com\/suno","https:\/\/www.linkedin.com\/company\/suno-research\/","https:\/\/www.youtube.com\/c\/sunoresearch"]},{"@type":"Person","@id":"https:\/\/www.suno.com.br\/noticias\/#\/schema\/person\/8d020643938f12a823508eb0e5fda407","name":"Pedro Caramuru","image":{"@type":"ImageObject","inLanguage":"pt-BR","@id":"https:\/\/www.suno.com.br\/noticias\/#\/schema\/person\/image\/","url":"https:\/\/secure.gravatar.com\/avatar\/1a3f15d3553507ae7a2debc6ea0ad87b?s=96&r=g","contentUrl":"https:\/\/secure.gravatar.com\/avatar\/1a3f15d3553507ae7a2debc6ea0ad87b?s=96&r=g","caption":"Pedro Caramuru"},"description":"Rep\u00f3rter de economia, mercado e pol\u00edtica brasileira para o Suno Not\u00edcias. Formado em jornalismo. J\u00e1 escreveu sobre pol\u00edtica e mercados internacionais para o Broadcast e Estad\u00e3o.","url":"https:\/\/www.suno.com.br\/noticias\/author\/pedro-caramurusuno-com-br\/"}]}},"default_loop_html":"<div class=\"cardsPage__listCard__boxs\"><div class=\"cardsPage__listCard__boxs__img\"><a href=\"https:\/\/www.suno.com.br\/noticias\/pague-menos-pgmn3-raia-drogasil-radl3-fim-pandemia-farmacias-manter-crescimento-2022\/\"><img class=\"mask\" src=\"https:\/\/www.suno.com.br\/noticias\/wp-content\/themes\/suno\/resources\/images\/spotlight\/spotlight1img\/bg-mask.png\" alt=\"Image Mask\"\/><img src=\"https:\/\/files.sunoresearch.com.br\/n\/uploads\/2022\/03\/pexels-anna-tarazevich-5910953-400x200.jpg\" alt=\"Pague Menos (PGMN3), Raia Drogasil (RADL3): Setor de farm\u00e1cias promete crescer mais de 20% em 2022\"\/><\/a><span class=\"spotlightCategory\"><a href=\"https:\/\/www.suno.com.br\/noticias\/negocios\/\">Neg\u00f3cios<\/a><\/span><\/div><div class=\"cardsPage__listCard__boxs__content\"><a href=\"https:\/\/www.suno.com.br\/noticias\/pague-menos-pgmn3-raia-drogasil-radl3-fim-pandemia-farmacias-manter-crescimento-2022\/\"><h2 class=\"content__title\">Pague Menos (PGMN3), Raia Drogasil (RADL3): Setor de farm\u00e1cias promete crescer mais de 20% em 2022<\/h2><\/a><div class=\"newsContent__article__meta\"><div class=\"newsContent__article__meta__authorBox\"><a href=\"https:\/\/www.suno.com.br\/noticias\/author\/pedro-caramurusuno-com-br\/\" class=\"authorBox__avatar noMobi\"><img src=\"https:\/\/secure.gravatar.com\/avatar\/1a3f15d3553507ae7a2debc6ea0ad87b?s=96&#038;r=g\" alt=\"Pedro Caramuru\"><\/a><div class=\"authorBox__name\"><span>por\n\t\t\t<a href=\"https:\/\/www.suno.com.br\/noticias\/author\/pedro-caramurusuno-com-br\/\"><span itemprop=\"author\">Pedro Caramuru<\/span><\/a><\/span><time datetime=\"2022-03-24T16:00:44-03:00\" itemprop=\"datePublished\">24\/03\/2022 16:00<\/time><\/div><\/div><\/div><\/div><\/div>","single_layout":"posts","amp_enabled":true,"_links":{"self":[{"href":"https:\/\/www.suno.com.br\/noticias\/wp-json\/wp\/v2\/posts\/244759"}],"collection":[{"href":"https:\/\/www.suno.com.br\/noticias\/wp-json\/wp\/v2\/posts"}],"about":[{"href":"https:\/\/www.suno.com.br\/noticias\/wp-json\/wp\/v2\/types\/post"}],"author":[{"embeddable":true,"href":"https:\/\/www.suno.com.br\/noticias\/wp-json\/wp\/v2\/users\/145"}],"replies":[{"embeddable":true,"href":"https:\/\/www.suno.com.br\/noticias\/wp-json\/wp\/v2\/comments?post=244759"}],"version-history":[{"count":4,"href":"https:\/\/www.suno.com.br\/noticias\/wp-json\/wp\/v2\/posts\/244759\/revisions"}],"predecessor-version":[{"id":245605,"href":"https:\/\/www.suno.com.br\/noticias\/wp-json\/wp\/v2\/posts\/244759\/revisions\/245605"}],"wp:featuredmedia":[{"embeddable":true,"href":"https:\/\/www.suno.com.br\/noticias\/wp-json\/wp\/v2\/media\/243392"}],"wp:attachment":[{"href":"https:\/\/www.suno.com.br\/noticias\/wp-json\/wp\/v2\/media?parent=244759"}],"wp:term":[{"taxonomy":"category","embeddable":true,"href":"https:\/\/www.suno.com.br\/noticias\/wp-json\/wp\/v2\/categories?post=244759"},{"taxonomy":"post_tag","embeddable":true,"href":"https:\/\/www.suno.com.br\/noticias\/wp-json\/wp\/v2\/tags?post=244759"},{"taxonomy":"suno_strategy","embeddable":true,"href":"https:\/\/www.suno.com.br\/noticias\/wp-json\/wp\/v2\/suno_strategy?post=244759"}],"curies":[{"name":"wp","href":"https:\/\/api.w.org\/{rel}","templated":true}]}}