{"id":24470,"date":"2019-05-14T12:28:34","date_gmt":"2019-05-14T15:28:34","guid":{"rendered":"https:\/\/www.suno.com.br\/noticias\/?p=24470"},"modified":"2019-05-14T17:29:39","modified_gmt":"2019-05-14T20:29:39","slug":"china-eua-guerra-comercial","status":"publish","type":"post","link":"https:\/\/www.suno.com.br\/noticias\/china-eua-guerra-comercial\/","title":{"rendered":"China e EUA concordaram em continuar as negocia\u00e7\u00f5es"},"content":{"rendered":"<p>De acordo com o pronunciamento feito nesta ter\u00e7a-feira (14) pelo <strong>governo chin\u00eas<\/strong>, a China e os Estados Unidos concordaram em continuar as negocia\u00e7\u00f5es. Essa afirma\u00e7\u00e3o veio ap\u00f3s o <strong>presidente americano<\/strong> confirmar que acreditava que as negocia\u00e7\u00f5es em <strong>Pequim<\/strong> poderiam ter sucesso.<\/p>\t<div class=\"wrapper-featured-image\">\n\t\t<figure class=\"spotlightImg\">\n\n\t\t\t<picture>\n\t\t\t\t<source media=\"(max-width: 768px)\" srcset=\"https:\/\/files.sunoresearch.com.br\/n\/uploads\/2019\/01\/3b059b96-eua-e-china-celebram-os-40-anos-das-rela\u00e7\u00f5es-diplom\u00e1ticas-400x200.webp\">\n\t\t\t\t<img loading=\"lazy\" decoding=\"async\" class=\"newsContent__article__imgCapa lazyloadDisabled newsContent__article__imgCapa--noCaption\" src=\"https:\/\/files.sunoresearch.com.br\/n\/uploads\/2019\/01\/3b059b96-eua-e-china-celebram-os-40-anos-das-rela\u00e7\u00f5es-diplom\u00e1ticas-jpg.webp\" width=\"800\" height=\"450\" alt=\"China e EUA concordaram em continuar as negocia\u00e7\u00f5es\" fetchpriority=high \/>\n\t\t\t<\/picture>\n\n\t\t\t<figcaption class=\"wp-caption-text wp-caption-text--hide\">China e Estados Unidos concordam em retomar negocia\u00e7\u00f5es<\/figcaption>\n\t\t<\/figure>\n\t<\/div>\n\n\n<p>Na \u00faltima sexta-feira (10) o presidente <strong>Donald Trump<\/strong> decidiu colocar em vigor o aumento nas <strong>tarifas alfandeg\u00e1rias<\/strong> sobre os <strong>produtos importados chineses<\/strong>. Dessa forma, na \u00faltima segunda-feira (13) a <strong>China<\/strong> decidiu aumentar as taxas sobre<strong> produtos norte-americanos<\/strong>. A <strong>guerra comercial<\/strong> tem preocupado os investidores e levou a uma venda generalizada nos mercados acion\u00e1rios.<\/p>\n<p>&#8220;Meu entendimento \u00e9 de que a China e os EUA concordaram em continuar buscando discuss\u00f5es relvantes. Quanto a maneira, acho que isso depende de mais consultas entre ambos os lados&#8221;, afirma o <strong>porta voz do Minist\u00e9rio das Rela\u00e7\u00f5es Exteriores da China<\/strong>, <strong>Geng Shuang<\/strong>.<\/p>\n\t<p>\n\t\t<a href=\"https:\/\/lp.suno.com.br\/ao\/cadastro-whatsapp\/\" target=\"_blank\" data-element=\"shortcode-suno-banner\" title=\"Banner SUNO, clique e saiba mais\">\n\t\t\t<picture>\n\t\t\t\t<source media=\"(max-width: 500px)\" srcset=\"https:\/\/files.sunoresearch.com.br\/n\/uploads\/2024\/03\/400x300-whatsapp-Suno.png\">\n\t\t\t\t<img class=\"newsContent__article__imgCapa newsContent__article__imgCapa--banner\"\n\t\t\t\t\tsrc=\"https:\/\/files.sunoresearch.com.br\/n\/uploads\/2024\/03\/1420x240-whatsapp-Suno.png\"\n\t\t\t\t\tdata-promo-id=\"101743\"\t\t\t\t\t\t\t\t\t\twidth='1420' height='240'\t\t\t\t\talt=\"https:\/\/files.sunoresearch.com.br\/n\/uploads\/2024\/03\/1420x240-whatsapp-Suno.png\"\n\t\t\t\t>\n\t\t\t<\/picture>\n\t\t<\/a>\n\t<\/p>\n\n\n<h2>EUA anuncia aumento de tarifas<\/h2>\n<p>Na \u00faltima sexta entrou em vigor o\u00a0<strong>aumento <\/strong>nas <strong>tarifas<\/strong>\u00a0<strong>alfandeg\u00e1rias\u00a0<\/strong>sobre produtos importados\u00a0<strong>chineses,<\/strong> avaliados em US$200 bilh\u00f5es. O\u00a0<strong>presidente dos Estados Unidos<\/strong>, <strong>Donald Trump<\/strong>, tinha anunciado esse aumento no \u00faltimo domingo (5), afirmando que os <strong>impostos alfandeg\u00e1rios<\/strong> passariam de 10% a 25%.<\/p>\n<p>Na \u00faltima quinta-feira (9) a<strong> China<\/strong> e os <strong>EUA<\/strong> retornaram as <strong>negocia\u00e7\u00f5es<\/strong>, no entanto, o pa\u00eds asi\u00e1tico n\u00e3o conseguiu impedir o aumento das tarifas.<\/p>\n<p>Em um comunicado, a <strong>China<\/strong> informou que pretende retaliar, mas n\u00e3o especificou a modalidade. O <strong>Minist\u00e9rio do Com\u00e9rcio<\/strong> de Pequim lamentou a medida de<strong> Trump<\/strong>, mas acredita que os dois pa\u00edses podem evitar uma<strong> guerra comercial<\/strong>.<\/p>\n<h2>China tamb\u00e9m anuncia aumento de tarifas<\/h2>\n<p>A <strong>China<\/strong> anunciou na \u00faltima segunda que vai aumentar as tarifas sobre US$ 60 bilh\u00f5es de produtos norte-americanos. A medida ocorre como retalia\u00e7\u00e3o aos <strong>Estados Unidos<\/strong> por elevarem as taxas sobre <strong>importa\u00e7\u00f5es<\/strong> de produtos <strong>chineses.<\/strong><\/p>\n<p><a href=\"https:\/\/www.suno.com.br\/noticias\/china-estados-unidos-pequim-negociacoes\/\">Saiba Mais: China afirma que negocia\u00e7\u00f5es com EUA continuar\u00e3o em breve em Pequim<\/a><\/p>\n<p>A eleva\u00e7\u00e3o da tarifa ser\u00e1 aplicada a produtos norte-americanos a partir de 1 de junho.A medida ocorreu ap\u00f3s o pa\u00eds chin\u00eas anunciar que &#8220;n\u00e3o renderia \u00e0 press\u00e3o externa&#8221;.<\/p>\n<p>&#8220;Dissemos muitas vezes que acrescentar <strong>tarifas<\/strong> n\u00e3o vai resolver qualquer problema. A <strong>China<\/strong> nunca vai se render \u00e0 press\u00e3o externa. Temos a confian\u00e7a e a capacidade de proteger nossos direitos leg\u00edtimos e legais&#8221;, disse <span style=\"font-size: 1.21429rem;\"><strong>Shuang<\/strong>.\u00a0<\/span><\/p>\n<h2>Guerra comercial<\/h2>\n<p>Em 2015, a <strong>China<\/strong> lan\u00e7ou o programa \u201cMade in China 2025\u201d, que tinha como objetivo fazer do pa\u00eds um <strong>l\u00edder mundial em setores<\/strong>, como:<\/p>\n<ul>\n<li>aeron\u00e1utica;<\/li>\n<li>rob\u00f3tica;<\/li>\n<li>telecomunica\u00e7\u00f5es;<\/li>\n<li>intelig\u00eancia artificial<\/li>\n<li>e ve\u00edculos de energia limpa.<\/li>\n<\/ul>\n<p>Aliado da produ\u00e7\u00e3o chinesa,\u00a0<strong>Trump<\/strong>, pareceu favor\u00e1vel ao progresso do pa\u00eds oriental. Contudo, ele observou perdas norte-americanas com o novo plano chin\u00eas.<\/p>\n<p><a href=\"https:\/\/www.suno.com.br\/noticias\/brasil-eua-china-guerra-exportacoes\/\">Saiba Mais:\u00a0\u00a0Brasil se beneficia em US$ 8,1 bi com guerra comercial entre EUA e China<\/a><\/p>\n<p>Assim, os EUA pedem o fim de pr\u00e1ticas comerciais que julga \u201cinjustas\u201d, como:<\/p>\n<ul>\n<li>Transfer\u00eancia de tecnologia imposta a empresas estrangeiras na China;<\/li>\n<li>Roubo de propriedade intelectual dos EUA;<\/li>\n<li>Subs\u00eddios concedidos a empresas estatais chinesas.<\/li>\n<\/ul>\n\t<p>\n\t\t<a href=\"https:\/\/lp.suno.com.br\/minicurso-valuation\/\" target=\"_blank\" data-element=\"shortcode-suno-banner\" title=\"Banner SUNO, clique e saiba mais\">\n\t\t\t<picture>\n\t\t\t\t<source media=\"(max-width: 500px)\" srcset=\"https:\/\/files.sunoresearch.com.br\/n\/uploads\/2023\/03\/400x300-Minicurso-Valuation.png\">\n\t\t\t\t<img class=\"newsContent__article__imgCapa newsContent__article__imgCapa--banner\"\n\t\t\t\t\tsrc=\"https:\/\/files.sunoresearch.com.br\/n\/uploads\/2023\/03\/1420x240-Minicurso-Valuation.png\"\n\t\t\t\t\tdata-promo-id=\"383160\"\t\t\t\t\t\t\t\t\t\twidth='1420' height='240'\t\t\t\t\talt=\"https:\/\/files.sunoresearch.com.br\/n\/uploads\/2023\/03\/1420x240-Minicurso-Valuation.png\"\n\t\t\t\t>\n\t\t\t<\/picture>\n\t\t<\/a>\n\t<\/p>\n\n\n<p>Para \u201cincentivar\u201d Pequim a <strong>corrigir<\/strong> tais <strong>\u201cinjusti\u00e7as\u201d<\/strong> do com\u00e9rcio, a <strong>Casa Branca<\/strong> imp\u00f4s <strong>novas tarifas<\/strong> de US$ 250 bilh\u00f5es em <strong>produtos chineses<\/strong>.<\/p>\n<p>No entanto, em retalia\u00e7\u00e3o, a <strong>China<\/strong> aplicou <strong>tarifas adicionais<\/strong> a US$ 110 bilh\u00f5es em <strong>produtos norte-americanos<\/strong>.<\/p>\n","protected":false},"excerpt":{"rendered":"<p>De acordo com o pronunciamento feito nesta ter\u00e7a-feira (14) pelo governo chin\u00eas, a China e os Estados Unidos concordaram em continuar as negocia\u00e7\u00f5es. Essa afirma\u00e7\u00e3o veio ap\u00f3s o presidente americano confirmar que acreditava que as negocia\u00e7\u00f5es em Pequim poderiam ter sucesso. China e Estados Unidos concordam em retomar negocia\u00e7\u00f5es Na \u00faltima sexta-feira (10) o presidente [&hellip;]<\/p>\n","protected":false},"author":15,"featured_media":10067,"comment_status":"closed","ping_status":"closed","sticky":false,"template":"","format":"standard","meta":[],"categories":[63],"tags":[711,793,980],"suno_strategy":[],"class_list":["post-24470","post","type-post","status-publish","format-standard","has-post-thumbnail","hentry","category-internacional","tag-china","tag-estados-unidos-eua","tag-guerra-comercial"],"yoast_head":"<!-- This site is optimized with the Yoast SEO plugin v24.4 - https:\/\/yoast.com\/wordpress\/plugins\/seo\/ -->\n<title>China e EUA concordaram em continuar as negocia\u00e7\u00f5es<\/title>\n<meta name=\"description\" content=\"Esta afirma\u00e7\u00e3o da China veio ap\u00f3s o Trump confirmar que acreditava que as negocia\u00e7\u00f5es poderiam ter sucesso. Clique aqui e saiba mais\" \/>\n<meta name=\"robots\" content=\"index, follow, max-snippet:-1, max-image-preview:large, max-video-preview:-1\" \/>\n<link rel=\"canonical\" href=\"https:\/\/www.suno.com.br\/noticias\/china-eua-guerra-comercial\/\" \/>\n<meta property=\"og:locale\" content=\"pt_BR\" \/>\n<meta property=\"og:type\" content=\"article\" \/>\n<meta property=\"og:title\" content=\"China e EUA concordaram em continuar as negocia\u00e7\u00f5es\" \/>\n<meta property=\"og:description\" content=\"Esta afirma\u00e7\u00e3o da China veio ap\u00f3s o Trump confirmar que acreditava que as negocia\u00e7\u00f5es poderiam ter sucesso. Clique aqui e saiba mais\" \/>\n<meta property=\"og:url\" content=\"https:\/\/www.suno.com.br\/noticias\/china-eua-guerra-comercial\/\" \/>\n<meta property=\"og:site_name\" content=\"Suno Not\u00edcias\" \/>\n<meta property=\"article:publisher\" content=\"https:\/\/facebook.com\/sunoresearch\" \/>\n<meta property=\"og:image\" content=\"https:\/\/files.sunoresearch.com.br\/n\/uploads\/2019\/01\/3b059b96-eua-e-china-celebram-os-40-anos-das-rela\u00e7\u00f5es-diplom\u00e1ticas.jpg\" \/>\n\t<meta property=\"og:image:width\" content=\"699\" \/>\n\t<meta property=\"og:image:height\" content=\"420\" \/>\n\t<meta property=\"og:image:type\" content=\"image\/jpeg\" \/>\n<meta name=\"author\" content=\"Poliana Santos\" \/>\n<meta name=\"twitter:card\" content=\"summary_large_image\" \/>\n<meta name=\"twitter:creator\" content=\"@sunoresearch\" \/>\n<meta name=\"twitter:site\" content=\"@sunoresearch\" \/>\n<meta name=\"twitter:label1\" content=\"Escrito por\" \/>\n\t<meta name=\"twitter:data1\" content=\"Poliana Santos\" \/>\n\t<meta name=\"twitter:label2\" content=\"Est. tempo de leitura\" \/>\n\t<meta name=\"twitter:data2\" content=\"3 minutos\" \/>\n<script type=\"application\/ld+json\" class=\"yoast-schema-graph\">{\"@context\":\"https:\/\/schema.org\",\"@graph\":[{\"@type\":\"NewsArticle\",\"@id\":\"https:\/\/www.suno.com.br\/noticias\/china-eua-guerra-comercial\/#article\",\"isPartOf\":{\"@id\":\"https:\/\/www.suno.com.br\/noticias\/china-eua-guerra-comercial\/\"},\"author\":{\"name\":\"Poliana Santos\",\"@id\":\"https:\/\/www.suno.com.br\/noticias\/#\/schema\/person\/02ec1f752758247878a2bf4abee1aeda\"},\"headline\":\"China e EUA concordaram em continuar as negocia\u00e7\u00f5es\",\"datePublished\":\"2019-05-14T15:28:34+00:00\",\"dateModified\":\"2019-05-14T20:29:39+00:00\",\"mainEntityOfPage\":{\"@id\":\"https:\/\/www.suno.com.br\/noticias\/china-eua-guerra-comercial\/\"},\"wordCount\":567,\"publisher\":{\"@id\":\"https:\/\/www.suno.com.br\/noticias\/#organization\"},\"image\":{\"@id\":\"https:\/\/www.suno.com.br\/noticias\/china-eua-guerra-comercial\/#primaryimage\"},\"thumbnailUrl\":\"https:\/\/files.sunoresearch.com.br\/n\/uploads\/2019\/01\/3b059b96-eua-e-china-celebram-os-40-anos-das-rela\u00e7\u00f5es-diplom\u00e1ticas-jpg.webp\",\"keywords\":[\"China\",\"Estados Unidos (EUA)\",\"guerra comercial\"],\"articleSection\":[\"Internacional\"],\"inLanguage\":\"pt-BR\"},{\"@type\":\"WebPage\",\"@id\":\"https:\/\/www.suno.com.br\/noticias\/china-eua-guerra-comercial\/\",\"url\":\"https:\/\/www.suno.com.br\/noticias\/china-eua-guerra-comercial\/\",\"name\":\"China e EUA concordaram em continuar as negocia\u00e7\u00f5es\",\"isPartOf\":{\"@id\":\"https:\/\/www.suno.com.br\/noticias\/#website\"},\"primaryImageOfPage\":{\"@id\":\"https:\/\/www.suno.com.br\/noticias\/china-eua-guerra-comercial\/#primaryimage\"},\"image\":{\"@id\":\"https:\/\/www.suno.com.br\/noticias\/china-eua-guerra-comercial\/#primaryimage\"},\"thumbnailUrl\":\"https:\/\/files.sunoresearch.com.br\/n\/uploads\/2019\/01\/3b059b96-eua-e-china-celebram-os-40-anos-das-rela\u00e7\u00f5es-diplom\u00e1ticas-jpg.webp\",\"datePublished\":\"2019-05-14T15:28:34+00:00\",\"dateModified\":\"2019-05-14T20:29:39+00:00\",\"description\":\"Esta afirma\u00e7\u00e3o da China veio ap\u00f3s o Trump confirmar que acreditava que as negocia\u00e7\u00f5es poderiam ter sucesso. Clique aqui e saiba mais\",\"breadcrumb\":{\"@id\":\"https:\/\/www.suno.com.br\/noticias\/china-eua-guerra-comercial\/#breadcrumb\"},\"inLanguage\":\"pt-BR\",\"potentialAction\":[{\"@type\":\"ReadAction\",\"target\":[\"https:\/\/www.suno.com.br\/noticias\/china-eua-guerra-comercial\/\"]}]},{\"@type\":\"ImageObject\",\"inLanguage\":\"pt-BR\",\"@id\":\"https:\/\/www.suno.com.br\/noticias\/china-eua-guerra-comercial\/#primaryimage\",\"url\":\"https:\/\/files.sunoresearch.com.br\/n\/uploads\/2019\/01\/3b059b96-eua-e-china-celebram-os-40-anos-das-rela\u00e7\u00f5es-diplom\u00e1ticas-jpg.webp\",\"contentUrl\":\"https:\/\/files.sunoresearch.com.br\/n\/uploads\/2019\/01\/3b059b96-eua-e-china-celebram-os-40-anos-das-rela\u00e7\u00f5es-diplom\u00e1ticas-jpg.webp\",\"width\":699,\"height\":420,\"caption\":\"China e Estados Unidos concordam em retomar negocia\u00e7\u00f5es\"},{\"@type\":\"BreadcrumbList\",\"@id\":\"https:\/\/www.suno.com.br\/noticias\/china-eua-guerra-comercial\/#breadcrumb\",\"itemListElement\":[{\"@type\":\"ListItem\",\"position\":1,\"name\":\"Not\u00edcias\",\"item\":\"https:\/\/www.suno.com.br\/noticias\/\"},{\"@type\":\"ListItem\",\"position\":2,\"name\":\"Internacional\",\"item\":\"https:\/\/www.suno.com.br\/noticias\/internacional\/\"},{\"@type\":\"ListItem\",\"position\":3,\"name\":\"China e EUA concordaram em continuar as negocia\u00e7\u00f5es\"}]},{\"@type\":\"WebSite\",\"@id\":\"https:\/\/www.suno.com.br\/noticias\/#website\",\"url\":\"https:\/\/www.suno.com.br\/noticias\/\",\"name\":\"Suno Not\u00edcias\",\"description\":\"Seu portal de informa\u00e7\u00e3o sobre o mundo dos investimentos\",\"publisher\":{\"@id\":\"https:\/\/www.suno.com.br\/noticias\/#organization\"},\"potentialAction\":[{\"@type\":\"SearchAction\",\"target\":{\"@type\":\"EntryPoint\",\"urlTemplate\":\"https:\/\/www.suno.com.br\/noticias\/?s={search_term_string}\"},\"query-input\":{\"@type\":\"PropertyValueSpecification\",\"valueRequired\":true,\"valueName\":\"search_term_string\"}}],\"inLanguage\":\"pt-BR\"},{\"@type\":\"Organization\",\"@id\":\"https:\/\/www.suno.com.br\/noticias\/#organization\",\"name\":\"Suno Not\u00edcias\",\"url\":\"https:\/\/www.suno.com.br\/noticias\/\",\"logo\":{\"@type\":\"ImageObject\",\"inLanguage\":\"pt-BR\",\"@id\":\"https:\/\/www.suno.com.br\/noticias\/#\/schema\/logo\/image\/\",\"url\":\"https:\/\/files.sunoresearch.com.br\/n\/uploads\/2021\/09\/suno-logo.png\",\"contentUrl\":\"https:\/\/files.sunoresearch.com.br\/n\/uploads\/2021\/09\/suno-logo.png\",\"width\":180,\"height\":180,\"caption\":\"Suno Not\u00edcias\"},\"image\":{\"@id\":\"https:\/\/www.suno.com.br\/noticias\/#\/schema\/logo\/image\/\"},\"sameAs\":[\"https:\/\/facebook.com\/sunoresearch\",\"https:\/\/x.com\/sunoresearch\",\"https:\/\/www.instagram.com\/suno\",\"https:\/\/www.linkedin.com\/company\/suno-research\/\",\"https:\/\/www.youtube.com\/c\/sunoresearch\"]},{\"@type\":\"Person\",\"@id\":\"https:\/\/www.suno.com.br\/noticias\/#\/schema\/person\/02ec1f752758247878a2bf4abee1aeda\",\"name\":\"Poliana Santos\",\"image\":{\"@type\":\"ImageObject\",\"inLanguage\":\"pt-BR\",\"@id\":\"https:\/\/www.suno.com.br\/noticias\/#\/schema\/person\/image\/\",\"url\":\"https:\/\/secure.gravatar.com\/avatar\/0645bd32f23d87b2130f2b2dff1d3f8d?s=96&r=g\",\"contentUrl\":\"https:\/\/secure.gravatar.com\/avatar\/0645bd32f23d87b2130f2b2dff1d3f8d?s=96&r=g\",\"caption\":\"Poliana Santos\"},\"description\":\"Rep\u00f3rter no Suno Not\u00edcias, com cobertura em mercado financeiro, economia, finan\u00e7as pessoais, renda fixa e varejo. Jornalista formada pela Faculdade C\u00e1sper L\u00edbero e possui passagem na R\u00e1dio Gazeta AM com a produ\u00e7\u00e3o de conte\u00fado sobre economia, pol\u00edtica, sa\u00fade, moda e m\u00fasica. Possui certificado de conclus\u00e3o do curso de An\u00e1lise de Balan\u00e7os pela Funda\u00e7\u00e3o Bradesco, Agenda Brasil pela FAAP, Educa\u00e7\u00e3o Pol\u00edtica por Alexandre Garcia e do Tesouro Direto e Mercado de A\u00e7\u00f5es pela B3.\",\"url\":\"https:\/\/www.suno.com.br\/noticias\/author\/poliana-santos\/\"}]}<\/script>\n<!-- \/ Yoast SEO plugin. -->","yoast_head_json":{"title":"China e EUA concordaram em continuar as negocia\u00e7\u00f5es","description":"Esta afirma\u00e7\u00e3o da China veio ap\u00f3s o Trump confirmar que acreditava que as negocia\u00e7\u00f5es poderiam ter sucesso. Clique aqui e saiba mais","robots":{"index":"index","follow":"follow","max-snippet":"max-snippet:-1","max-image-preview":"max-image-preview:large","max-video-preview":"max-video-preview:-1"},"canonical":"https:\/\/www.suno.com.br\/noticias\/china-eua-guerra-comercial\/","og_locale":"pt_BR","og_type":"article","og_title":"China e EUA concordaram em continuar as negocia\u00e7\u00f5es","og_description":"Esta afirma\u00e7\u00e3o da China veio ap\u00f3s o Trump confirmar que acreditava que as negocia\u00e7\u00f5es poderiam ter sucesso. Clique aqui e saiba mais","og_url":"https:\/\/www.suno.com.br\/noticias\/china-eua-guerra-comercial\/","og_site_name":"Suno Not\u00edcias","article_publisher":"https:\/\/facebook.com\/sunoresearch","og_image":[{"width":699,"height":420,"url":"https:\/\/files.sunoresearch.com.br\/n\/uploads\/2019\/01\/3b059b96-eua-e-china-celebram-os-40-anos-das-rela\u00e7\u00f5es-diplom\u00e1ticas.jpg","type":"image\/jpeg"}],"author":"Poliana Santos","twitter_card":"summary_large_image","twitter_creator":"@sunoresearch","twitter_site":"@sunoresearch","twitter_misc":{"Escrito por":"Poliana Santos","Est. tempo de leitura":"3 minutos"},"schema":{"@context":"https:\/\/schema.org","@graph":[{"@type":"NewsArticle","@id":"https:\/\/www.suno.com.br\/noticias\/china-eua-guerra-comercial\/#article","isPartOf":{"@id":"https:\/\/www.suno.com.br\/noticias\/china-eua-guerra-comercial\/"},"author":{"name":"Poliana Santos","@id":"https:\/\/www.suno.com.br\/noticias\/#\/schema\/person\/02ec1f752758247878a2bf4abee1aeda"},"headline":"China e EUA concordaram em continuar as negocia\u00e7\u00f5es","datePublished":"2019-05-14T15:28:34+00:00","dateModified":"2019-05-14T20:29:39+00:00","mainEntityOfPage":{"@id":"https:\/\/www.suno.com.br\/noticias\/china-eua-guerra-comercial\/"},"wordCount":567,"publisher":{"@id":"https:\/\/www.suno.com.br\/noticias\/#organization"},"image":{"@id":"https:\/\/www.suno.com.br\/noticias\/china-eua-guerra-comercial\/#primaryimage"},"thumbnailUrl":"https:\/\/files.sunoresearch.com.br\/n\/uploads\/2019\/01\/3b059b96-eua-e-china-celebram-os-40-anos-das-rela\u00e7\u00f5es-diplom\u00e1ticas-jpg.webp","keywords":["China","Estados Unidos (EUA)","guerra comercial"],"articleSection":["Internacional"],"inLanguage":"pt-BR"},{"@type":"WebPage","@id":"https:\/\/www.suno.com.br\/noticias\/china-eua-guerra-comercial\/","url":"https:\/\/www.suno.com.br\/noticias\/china-eua-guerra-comercial\/","name":"China e EUA concordaram em continuar as negocia\u00e7\u00f5es","isPartOf":{"@id":"https:\/\/www.suno.com.br\/noticias\/#website"},"primaryImageOfPage":{"@id":"https:\/\/www.suno.com.br\/noticias\/china-eua-guerra-comercial\/#primaryimage"},"image":{"@id":"https:\/\/www.suno.com.br\/noticias\/china-eua-guerra-comercial\/#primaryimage"},"thumbnailUrl":"https:\/\/files.sunoresearch.com.br\/n\/uploads\/2019\/01\/3b059b96-eua-e-china-celebram-os-40-anos-das-rela\u00e7\u00f5es-diplom\u00e1ticas-jpg.webp","datePublished":"2019-05-14T15:28:34+00:00","dateModified":"2019-05-14T20:29:39+00:00","description":"Esta afirma\u00e7\u00e3o da China veio ap\u00f3s o Trump confirmar que acreditava que as negocia\u00e7\u00f5es poderiam ter sucesso. Clique aqui e saiba mais","breadcrumb":{"@id":"https:\/\/www.suno.com.br\/noticias\/china-eua-guerra-comercial\/#breadcrumb"},"inLanguage":"pt-BR","potentialAction":[{"@type":"ReadAction","target":["https:\/\/www.suno.com.br\/noticias\/china-eua-guerra-comercial\/"]}]},{"@type":"ImageObject","inLanguage":"pt-BR","@id":"https:\/\/www.suno.com.br\/noticias\/china-eua-guerra-comercial\/#primaryimage","url":"https:\/\/files.sunoresearch.com.br\/n\/uploads\/2019\/01\/3b059b96-eua-e-china-celebram-os-40-anos-das-rela\u00e7\u00f5es-diplom\u00e1ticas-jpg.webp","contentUrl":"https:\/\/files.sunoresearch.com.br\/n\/uploads\/2019\/01\/3b059b96-eua-e-china-celebram-os-40-anos-das-rela\u00e7\u00f5es-diplom\u00e1ticas-jpg.webp","width":699,"height":420,"caption":"China e Estados Unidos concordam em retomar negocia\u00e7\u00f5es"},{"@type":"BreadcrumbList","@id":"https:\/\/www.suno.com.br\/noticias\/china-eua-guerra-comercial\/#breadcrumb","itemListElement":[{"@type":"ListItem","position":1,"name":"Not\u00edcias","item":"https:\/\/www.suno.com.br\/noticias\/"},{"@type":"ListItem","position":2,"name":"Internacional","item":"https:\/\/www.suno.com.br\/noticias\/internacional\/"},{"@type":"ListItem","position":3,"name":"China e EUA concordaram em continuar as negocia\u00e7\u00f5es"}]},{"@type":"WebSite","@id":"https:\/\/www.suno.com.br\/noticias\/#website","url":"https:\/\/www.suno.com.br\/noticias\/","name":"Suno Not\u00edcias","description":"Seu portal de informa\u00e7\u00e3o sobre o mundo dos investimentos","publisher":{"@id":"https:\/\/www.suno.com.br\/noticias\/#organization"},"potentialAction":[{"@type":"SearchAction","target":{"@type":"EntryPoint","urlTemplate":"https:\/\/www.suno.com.br\/noticias\/?s={search_term_string}"},"query-input":{"@type":"PropertyValueSpecification","valueRequired":true,"valueName":"search_term_string"}}],"inLanguage":"pt-BR"},{"@type":"Organization","@id":"https:\/\/www.suno.com.br\/noticias\/#organization","name":"Suno Not\u00edcias","url":"https:\/\/www.suno.com.br\/noticias\/","logo":{"@type":"ImageObject","inLanguage":"pt-BR","@id":"https:\/\/www.suno.com.br\/noticias\/#\/schema\/logo\/image\/","url":"https:\/\/files.sunoresearch.com.br\/n\/uploads\/2021\/09\/suno-logo.png","contentUrl":"https:\/\/files.sunoresearch.com.br\/n\/uploads\/2021\/09\/suno-logo.png","width":180,"height":180,"caption":"Suno Not\u00edcias"},"image":{"@id":"https:\/\/www.suno.com.br\/noticias\/#\/schema\/logo\/image\/"},"sameAs":["https:\/\/facebook.com\/sunoresearch","https:\/\/x.com\/sunoresearch","https:\/\/www.instagram.com\/suno","https:\/\/www.linkedin.com\/company\/suno-research\/","https:\/\/www.youtube.com\/c\/sunoresearch"]},{"@type":"Person","@id":"https:\/\/www.suno.com.br\/noticias\/#\/schema\/person\/02ec1f752758247878a2bf4abee1aeda","name":"Poliana Santos","image":{"@type":"ImageObject","inLanguage":"pt-BR","@id":"https:\/\/www.suno.com.br\/noticias\/#\/schema\/person\/image\/","url":"https:\/\/secure.gravatar.com\/avatar\/0645bd32f23d87b2130f2b2dff1d3f8d?s=96&r=g","contentUrl":"https:\/\/secure.gravatar.com\/avatar\/0645bd32f23d87b2130f2b2dff1d3f8d?s=96&r=g","caption":"Poliana Santos"},"description":"Rep\u00f3rter no Suno Not\u00edcias, com cobertura em mercado financeiro, economia, finan\u00e7as pessoais, renda fixa e varejo. Jornalista formada pela Faculdade C\u00e1sper L\u00edbero e possui passagem na R\u00e1dio Gazeta AM com a produ\u00e7\u00e3o de conte\u00fado sobre economia, pol\u00edtica, sa\u00fade, moda e m\u00fasica. Possui certificado de conclus\u00e3o do curso de An\u00e1lise de Balan\u00e7os pela Funda\u00e7\u00e3o Bradesco, Agenda Brasil pela FAAP, Educa\u00e7\u00e3o Pol\u00edtica por Alexandre Garcia e do Tesouro Direto e Mercado de A\u00e7\u00f5es pela B3.","url":"https:\/\/www.suno.com.br\/noticias\/author\/poliana-santos\/"}]}},"default_loop_html":"<div class=\"cardsPage__listCard__boxs\"><div class=\"cardsPage__listCard__boxs__img\"><a href=\"https:\/\/www.suno.com.br\/noticias\/china-eua-guerra-comercial\/\"><img class=\"mask\" src=\"https:\/\/www.suno.com.br\/noticias\/wp-content\/themes\/suno\/resources\/images\/spotlight\/spotlight1img\/bg-mask.png\" alt=\"Image Mask\"\/><img src=\"https:\/\/files.sunoresearch.com.br\/n\/uploads\/2019\/01\/3b059b96-eua-e-china-celebram-os-40-anos-das-rela\u00e7\u00f5es-diplom\u00e1ticas-400x200.webp\" alt=\"China e EUA concordaram em continuar as negocia\u00e7\u00f5es\"\/><\/a><span class=\"spotlightCategory\"><a href=\"https:\/\/www.suno.com.br\/noticias\/internacional\/\">Internacional<\/a><\/span><\/div><div class=\"cardsPage__listCard__boxs__content\"><a href=\"https:\/\/www.suno.com.br\/noticias\/china-eua-guerra-comercial\/\"><h2 class=\"content__title\">China e EUA concordaram em continuar as negocia\u00e7\u00f5es<\/h2><\/a><div class=\"newsContent__article__meta\"><div class=\"newsContent__article__meta__authorBox\"><a href=\"https:\/\/www.suno.com.br\/noticias\/author\/poliana-santos\/\" class=\"authorBox__avatar noMobi\"><img src=\"https:\/\/files.sunoresearch.com.br\/n\/uploads\/2020\/08\/7ef34026-whatsapp-image-2020-08-03-at-12.37.57-150x150.webp\" alt=\"Poliana Santos\"><\/a><div class=\"authorBox__name\"><span>por\n\t\t\t<a href=\"https:\/\/www.suno.com.br\/noticias\/author\/poliana-santos\/\"><span itemprop=\"author\">Poliana Santos<\/span><\/a><\/span><time datetime=\"2019-05-14T12:28:34-03:00\" itemprop=\"datePublished\">14\/05\/2019 12:28<\/time><\/div><\/div><\/div><\/div><\/div>","single_layout":"posts","amp_enabled":true,"_links":{"self":[{"href":"https:\/\/www.suno.com.br\/noticias\/wp-json\/wp\/v2\/posts\/24470"}],"collection":[{"href":"https:\/\/www.suno.com.br\/noticias\/wp-json\/wp\/v2\/posts"}],"about":[{"href":"https:\/\/www.suno.com.br\/noticias\/wp-json\/wp\/v2\/types\/post"}],"author":[{"embeddable":true,"href":"https:\/\/www.suno.com.br\/noticias\/wp-json\/wp\/v2\/users\/15"}],"replies":[{"embeddable":true,"href":"https:\/\/www.suno.com.br\/noticias\/wp-json\/wp\/v2\/comments?post=24470"}],"version-history":[{"count":0,"href":"https:\/\/www.suno.com.br\/noticias\/wp-json\/wp\/v2\/posts\/24470\/revisions"}],"wp:featuredmedia":[{"embeddable":true,"href":"https:\/\/www.suno.com.br\/noticias\/wp-json\/wp\/v2\/media\/10067"}],"wp:attachment":[{"href":"https:\/\/www.suno.com.br\/noticias\/wp-json\/wp\/v2\/media?parent=24470"}],"wp:term":[{"taxonomy":"category","embeddable":true,"href":"https:\/\/www.suno.com.br\/noticias\/wp-json\/wp\/v2\/categories?post=24470"},{"taxonomy":"post_tag","embeddable":true,"href":"https:\/\/www.suno.com.br\/noticias\/wp-json\/wp\/v2\/tags?post=24470"},{"taxonomy":"suno_strategy","embeddable":true,"href":"https:\/\/www.suno.com.br\/noticias\/wp-json\/wp\/v2\/suno_strategy?post=24470"}],"curies":[{"name":"wp","href":"https:\/\/api.w.org\/{rel}","templated":true}]}}