{"id":24441,"date":"2019-05-14T10:45:57","date_gmt":"2019-05-14T13:45:57","guid":{"rendered":"https:\/\/www.suno.com.br\/noticias\/?p=24441"},"modified":"2019-05-14T10:45:57","modified_gmt":"2019-05-14T13:45:57","slug":"oi-receita-prejudicada-1t19","status":"publish","type":"post","link":"https:\/\/www.suno.com.br\/noticias\/oi-receita-prejudicada-1t19\/","title":{"rendered":"Oi: Queda no tr\u00e1fego de voz afetou a receita e o lucro da empresa no 1T19"},"content":{"rendered":"<p>A Oi (OIBR4) registrou um lucro l\u00edquido de R$ 568 milh\u00f5es durante o primeiro trimestre deste ano, uma queda de 98,1% em rela\u00e7\u00e3o ao mesmo per\u00edodo do ano anterior. Os dados da empresa foram divulgados nesta ter\u00e7a-feira (14).<\/p>\t<div class=\"wrapper-featured-image\">\n\t\t<figure class=\"spotlightImg\">\n\n\t\t\t<picture>\n\t\t\t\t<source media=\"(max-width: 768px)\" srcset=\"https:\/\/files.sunoresearch.com.br\/n\/uploads\/2019\/05\/8b56a34d-oi-400x200.webp\">\n\t\t\t\t<img loading=\"lazy\" decoding=\"async\" class=\"newsContent__article__imgCapa lazyloadDisabled newsContent__article__imgCapa--noCaption\" src=\"https:\/\/files.sunoresearch.com.br\/n\/uploads\/2019\/05\/8b56a34d-oi-800x450.webp\" width=\"800\" height=\"450\" alt=\"Oi: Queda no tr\u00e1fego de voz afetou a receita e o lucro da empresa no 1T19\" fetchpriority=high \/>\n\t\t\t<\/picture>\n\n\t\t\t<figcaption class=\"wp-caption-text wp-caption-text--hide\">Orelh\u00e3o da Oi<\/figcaption>\n\t\t<\/figure>\n\t<\/div>\n\n\n<p>A d\u00edvida l\u00edquida da <strong>Oi<\/strong> subiu 38,3% no per\u00edodo alcan\u00e7ando os R$ 10,1 milh\u00f5es. O plano de <strong>investimentos<\/strong>, Capex, registrou um crescimento de 53% passando de R$ 1,12 bilh\u00e3o para R$ 1,72 bilh\u00e3o.<\/p>\n\t<p>\n\t\t<a href=\"https:\/\/lp.suno.com.br\/ao\/servico-especializado-suno-tf\/?utm_source=adwords&#038;utm_medium=search&#038;utm_campaign=search.servico.funilconsultoria&#038;utm_content=1147_responsivo-a&#038;hsa_acc=2326072784&#038;hsa_cam=18022897917&#038;hsa_grp=141470255993&#038;hsa_ad=616145467912&#038;hsa_src=g&#038;hsa_tgt=kwd-303658942458&#038;hsa_kw=gestora+de+investimentos&#038;hsa_mt=b&#038;hsa_net=adwords&#038;hsa_ver=3&#038;gad_source=1&#038;gclid=CjwKCAjw1emzBhB8EiwAHwZZxQMvA3xJVRzLGZ70LmuSzR55X-KvxijSay8c5Hm88Sznnq97j8XbORoC-sMQAvD_BwE\" target=\"_blank\" data-element=\"shortcode-suno-banner\" title=\"Banner SUNO, clique e saiba mais\">\n\t\t\t<picture>\n\t\t\t\t<source media=\"(max-width: 500px)\" srcset=\"https:\/\/files.sunoresearch.com.br\/n\/uploads\/2024\/06\/400x300-Mobile-Artigos-4-1.png\">\n\t\t\t\t<img class=\"newsContent__article__imgCapa newsContent__article__imgCapa--banner\"\n\t\t\t\t\tsrc=\"https:\/\/files.sunoresearch.com.br\/n\/uploads\/2024\/06\/1420x240-Banner-Artigos-1-_-Banner-Materias-2-1.png\"\n\t\t\t\t\tdata-promo-id=\"563609\"\t\t\t\t\t\t\t\t\t\twidth='1420' height='240'\t\t\t\t\talt=\"https:\/\/files.sunoresearch.com.br\/n\/uploads\/2024\/06\/1420x240-Banner-Artigos-1-_-Banner-Materias-2-1.png\"\n\t\t\t\t>\n\t\t\t<\/picture>\n\t\t<\/a>\n\t<\/p>\n\n\n<h2>Impacto na receita prejudicou balan\u00e7o<\/h2>\n<p>Sobre a queda de seu lucro, a empresa afirmou que todos os segmentos que comp\u00f5e a receita l\u00edquida foram impactados, tanto o de servi\u00e7os, quanto os de <strong>mobilidade<\/strong> <strong>pessoal<\/strong>, <strong>corporativo<\/strong> e <strong>residencial<\/strong>.<\/p>\n<p>A receita liquida total adquirida pela empresa foi R$ 5,038 bilh\u00f5es, inferior aos R$ 5,622 bilh\u00f5es adquiridos em igual per\u00edodo do ano anterior.<\/p>\n<p><a href=\"https:\/\/www.suno.com.br\/noticias\/oi-lucro-2018-apesar-prejuizo-trimestre\/\">Saiba mais:\u00a0Oi tem lucro de R$ 24,6 bi em 2018, apesar do preju\u00edzo trimestral<\/a><\/p>\n<p>Todos os setores que comp\u00f5e a receita l\u00edquida total foram impactados.<\/p>\n<p><strong>Residencial<\/strong>: receita de R$ 1,880 bilh\u00f5es no primeiro trimestre de 2019, ante R$ 2,201 bilh\u00f5es do primeiro trimestre de 2019. Varia\u00e7\u00e3o de -14,6%.<\/p>\n<p><strong>Mobilidade<\/strong> <strong>Pessoal<\/strong>: receita de R$ 1,699 bilh\u00f5es no primeiro trimestre de 2019, queda de 3,9% em rela\u00e7\u00e3o ao mesmo per\u00edodo do ano anterior, onde foi registrada uma entrada de R$ 1,768 bilh\u00f5es.<\/p>\n<p><strong>B2B<\/strong>: receita de R$ 1,417 bilh\u00f5es entre janeiro e mar\u00e7o de 2019, queda de -8,4% no comparativo anual, onde foram registrados R$ 1,548 bilh\u00f5es.<\/p>\n<p>&#8220;Os tr\u00eas segmentos (Residencial, Mobilidade Pessoal e B2B) continuam impactados pela queda do tr\u00e1fego de voz&#8221;, afirmou a operadora.<\/p>\n\t<p>\n\t\t<a href=\"https:\/\/lp.suno.com.br\/asset\/fundos\/suno-fic-fia\/\" target=\"_blank\" data-element=\"shortcode-suno-banner\" title=\"Banner SUNO, clique e saiba mais\">\n\t\t\t<picture>\n\t\t\t\t<source media=\"(max-width: 500px)\" srcset=\"https:\/\/files.sunoresearch.com.br\/n\/uploads\/2023\/10\/SUNO-FIC-FIA-400x300-Mobile-Artigos-5-v3.png\">\n\t\t\t\t<img class=\"newsContent__article__imgCapa newsContent__article__imgCapa--banner\"\n\t\t\t\t\tsrc=\"https:\/\/files.sunoresearch.com.br\/n\/uploads\/2023\/10\/SUNO-FIC-FIA-1420x240-Banner-Artigos-1-_-Banner-Materias-4-v3-png.webp\"\n\t\t\t\t\tdata-promo-id=\"478744\"\t\t\t\t\t\t\t\t\t\twidth='2560' height='433'\t\t\t\t\talt=\"https:\/\/files.sunoresearch.com.br\/n\/uploads\/2023\/10\/SUNO-FIC-FIA-1420x240-Banner-Artigos-1-_-Banner-Materias-4-v3-png.webp\"\n\t\t\t\t>\n\t\t\t<\/picture>\n\t\t<\/a>\n\t<\/p>\n\n\n<h2>Margem e Ebtida<\/h2>\n<p>O <strong>Ebtida<\/strong> de rotina da empresa foi de R$ 1,239 bilh\u00f5es, uma queda de -20,9% na compara\u00e7\u00e3o anual, onde foram adquiridos R$ 1,567 bilh\u00f5es. Em rela\u00e7\u00e3o ao trimestre anterior, houve queda de -3,8%, j\u00e1 que no per\u00edodo foram obtidos 1,287 bilh\u00f5es.<\/p>\n<p>J\u00e1 a <strong>Margem Ebtida<\/strong> de rotina passou de 24,2% no \u00faltimo trimestre de 2018, para 24,4% no primeiro trimestre deste ano. Al\u00e9m disso, em rela\u00e7\u00e3o ao mesmo per\u00edodo do ano anterior, a alta queda foi de -3,5 pontos percentuais.<\/p>\n<p>Por volta das 10h30, as <strong>a\u00e7\u00f5es<\/strong> da <strong>Oi<\/strong> recuavam -0,64% sendo negociada a R$\u00a01,54.<\/p>\n","protected":false},"excerpt":{"rendered":"<p>A Oi (OIBR4) registrou um lucro l\u00edquido de R$ 568 milh\u00f5es durante o primeiro trimestre deste ano, uma queda de 98,1% em rela\u00e7\u00e3o ao mesmo per\u00edodo do ano anterior. Os dados da empresa foram divulgados nesta ter\u00e7a-feira (14). Orelh\u00e3o da Oi A d\u00edvida l\u00edquida da Oi subiu 38,3% no per\u00edodo alcan\u00e7ando os R$ 10,1 milh\u00f5es. [&hellip;]<\/p>\n","protected":false},"author":11,"featured_media":24451,"comment_status":"closed","ping_status":"closed","sticky":false,"template":"","format":"standard","meta":[],"categories":[64],"tags":[1029,584],"suno_strategy":[],"class_list":["post-24441","post","type-post","status-publish","format-standard","has-post-thumbnail","hentry","category-negocios","tag-balancos-trimestrais","tag-oi-oibr3-oibr4"],"yoast_head":"<!-- This site is optimized with the Yoast SEO plugin v24.4 - https:\/\/yoast.com\/wordpress\/plugins\/seo\/ -->\n<title>Oi: Queda no tr\u00e1fego de voz afetou a receita e o lucro da empresa no 1T19<\/title>\n<meta name=\"description\" content=\"Oi teve queda de -9,5% na receita l\u00edquida total, que afetou diretamente o lucro da empresa que recuou 98,1% no 1T19. Clique e saiba mais.\" \/>\n<meta name=\"robots\" content=\"index, follow, max-snippet:-1, max-image-preview:large, max-video-preview:-1\" \/>\n<link rel=\"canonical\" href=\"https:\/\/www.suno.com.br\/noticias\/oi-receita-prejudicada-1t19\/\" \/>\n<meta property=\"og:locale\" content=\"pt_BR\" \/>\n<meta property=\"og:type\" content=\"article\" \/>\n<meta property=\"og:title\" content=\"Oi: Queda no tr\u00e1fego de voz afetou a receita e o lucro da empresa no 1T19\" \/>\n<meta property=\"og:description\" content=\"Oi teve queda de -9,5% na receita l\u00edquida total, que afetou diretamente o lucro da empresa que recuou 98,1% no 1T19. Clique e saiba mais.\" \/>\n<meta property=\"og:url\" content=\"https:\/\/www.suno.com.br\/noticias\/oi-receita-prejudicada-1t19\/\" \/>\n<meta property=\"og:site_name\" content=\"Suno Not\u00edcias\" \/>\n<meta property=\"article:publisher\" content=\"https:\/\/facebook.com\/sunoresearch\" \/>\n<meta property=\"og:image\" content=\"https:\/\/files.sunoresearch.com.br\/n\/uploads\/2019\/05\/8b56a34d-oi.jpg\" \/>\n\t<meta property=\"og:image:width\" content=\"1024\" \/>\n\t<meta property=\"og:image:height\" content=\"768\" \/>\n\t<meta property=\"og:image:type\" content=\"image\/jpeg\" \/>\n<meta name=\"author\" content=\"Renan Bandeira\" \/>\n<meta name=\"twitter:card\" content=\"summary_large_image\" \/>\n<meta name=\"twitter:creator\" content=\"@sunoresearch\" \/>\n<meta name=\"twitter:site\" content=\"@sunoresearch\" \/>\n<meta name=\"twitter:label1\" content=\"Escrito por\" \/>\n\t<meta name=\"twitter:data1\" content=\"Renan Bandeira\" \/>\n\t<meta name=\"twitter:label2\" content=\"Est. tempo de leitura\" \/>\n\t<meta name=\"twitter:data2\" content=\"2 minutos\" \/>\n<script type=\"application\/ld+json\" class=\"yoast-schema-graph\">{\"@context\":\"https:\/\/schema.org\",\"@graph\":[{\"@type\":\"NewsArticle\",\"@id\":\"https:\/\/www.suno.com.br\/noticias\/oi-receita-prejudicada-1t19\/#article\",\"isPartOf\":{\"@id\":\"https:\/\/www.suno.com.br\/noticias\/oi-receita-prejudicada-1t19\/\"},\"author\":{\"name\":\"Renan Bandeira\",\"@id\":\"https:\/\/www.suno.com.br\/noticias\/#\/schema\/person\/fc144a1c6108bd1dcd43784e88a3c138\"},\"headline\":\"Oi: Queda no tr\u00e1fego de voz afetou a receita e o lucro da empresa no 1T19\",\"datePublished\":\"2019-05-14T13:45:57+00:00\",\"mainEntityOfPage\":{\"@id\":\"https:\/\/www.suno.com.br\/noticias\/oi-receita-prejudicada-1t19\/\"},\"wordCount\":392,\"publisher\":{\"@id\":\"https:\/\/www.suno.com.br\/noticias\/#organization\"},\"image\":{\"@id\":\"https:\/\/www.suno.com.br\/noticias\/oi-receita-prejudicada-1t19\/#primaryimage\"},\"thumbnailUrl\":\"https:\/\/files.sunoresearch.com.br\/n\/uploads\/2019\/05\/8b56a34d-oi-jpg.webp\",\"keywords\":[\"balan\u00e7os trimestrais\",\"Oi (OIBR3\/OIBR4)\"],\"articleSection\":[\"Neg\u00f3cios\"],\"inLanguage\":\"pt-BR\"},{\"@type\":\"WebPage\",\"@id\":\"https:\/\/www.suno.com.br\/noticias\/oi-receita-prejudicada-1t19\/\",\"url\":\"https:\/\/www.suno.com.br\/noticias\/oi-receita-prejudicada-1t19\/\",\"name\":\"Oi: Queda no tr\u00e1fego de voz afetou a receita e o lucro da empresa no 1T19\",\"isPartOf\":{\"@id\":\"https:\/\/www.suno.com.br\/noticias\/#website\"},\"primaryImageOfPage\":{\"@id\":\"https:\/\/www.suno.com.br\/noticias\/oi-receita-prejudicada-1t19\/#primaryimage\"},\"image\":{\"@id\":\"https:\/\/www.suno.com.br\/noticias\/oi-receita-prejudicada-1t19\/#primaryimage\"},\"thumbnailUrl\":\"https:\/\/files.sunoresearch.com.br\/n\/uploads\/2019\/05\/8b56a34d-oi-jpg.webp\",\"datePublished\":\"2019-05-14T13:45:57+00:00\",\"description\":\"Oi teve queda de -9,5% na receita l\u00edquida total, que afetou diretamente o lucro da empresa que recuou 98,1% no 1T19. Clique e saiba mais.\",\"breadcrumb\":{\"@id\":\"https:\/\/www.suno.com.br\/noticias\/oi-receita-prejudicada-1t19\/#breadcrumb\"},\"inLanguage\":\"pt-BR\",\"potentialAction\":[{\"@type\":\"ReadAction\",\"target\":[\"https:\/\/www.suno.com.br\/noticias\/oi-receita-prejudicada-1t19\/\"]}]},{\"@type\":\"ImageObject\",\"inLanguage\":\"pt-BR\",\"@id\":\"https:\/\/www.suno.com.br\/noticias\/oi-receita-prejudicada-1t19\/#primaryimage\",\"url\":\"https:\/\/files.sunoresearch.com.br\/n\/uploads\/2019\/05\/8b56a34d-oi-jpg.webp\",\"contentUrl\":\"https:\/\/files.sunoresearch.com.br\/n\/uploads\/2019\/05\/8b56a34d-oi-jpg.webp\",\"width\":1024,\"height\":768,\"caption\":\"Orelh\u00e3o da Oi\"},{\"@type\":\"BreadcrumbList\",\"@id\":\"https:\/\/www.suno.com.br\/noticias\/oi-receita-prejudicada-1t19\/#breadcrumb\",\"itemListElement\":[{\"@type\":\"ListItem\",\"position\":1,\"name\":\"Not\u00edcias\",\"item\":\"https:\/\/www.suno.com.br\/noticias\/\"},{\"@type\":\"ListItem\",\"position\":2,\"name\":\"Neg\u00f3cios\",\"item\":\"https:\/\/www.suno.com.br\/noticias\/negocios\/\"},{\"@type\":\"ListItem\",\"position\":3,\"name\":\"Oi: Queda no tr\u00e1fego de voz afetou a receita e o lucro da empresa no 1T19\"}]},{\"@type\":\"WebSite\",\"@id\":\"https:\/\/www.suno.com.br\/noticias\/#website\",\"url\":\"https:\/\/www.suno.com.br\/noticias\/\",\"name\":\"Suno Not\u00edcias\",\"description\":\"Seu portal de informa\u00e7\u00e3o sobre o mundo dos investimentos\",\"publisher\":{\"@id\":\"https:\/\/www.suno.com.br\/noticias\/#organization\"},\"potentialAction\":[{\"@type\":\"SearchAction\",\"target\":{\"@type\":\"EntryPoint\",\"urlTemplate\":\"https:\/\/www.suno.com.br\/noticias\/?s={search_term_string}\"},\"query-input\":{\"@type\":\"PropertyValueSpecification\",\"valueRequired\":true,\"valueName\":\"search_term_string\"}}],\"inLanguage\":\"pt-BR\"},{\"@type\":\"Organization\",\"@id\":\"https:\/\/www.suno.com.br\/noticias\/#organization\",\"name\":\"Suno Not\u00edcias\",\"url\":\"https:\/\/www.suno.com.br\/noticias\/\",\"logo\":{\"@type\":\"ImageObject\",\"inLanguage\":\"pt-BR\",\"@id\":\"https:\/\/www.suno.com.br\/noticias\/#\/schema\/logo\/image\/\",\"url\":\"https:\/\/files.sunoresearch.com.br\/n\/uploads\/2021\/09\/suno-logo.png\",\"contentUrl\":\"https:\/\/files.sunoresearch.com.br\/n\/uploads\/2021\/09\/suno-logo.png\",\"width\":180,\"height\":180,\"caption\":\"Suno Not\u00edcias\"},\"image\":{\"@id\":\"https:\/\/www.suno.com.br\/noticias\/#\/schema\/logo\/image\/\"},\"sameAs\":[\"https:\/\/facebook.com\/sunoresearch\",\"https:\/\/x.com\/sunoresearch\",\"https:\/\/www.instagram.com\/suno\",\"https:\/\/www.linkedin.com\/company\/suno-research\/\",\"https:\/\/www.youtube.com\/c\/sunoresearch\"]},{\"@type\":\"Person\",\"@id\":\"https:\/\/www.suno.com.br\/noticias\/#\/schema\/person\/fc144a1c6108bd1dcd43784e88a3c138\",\"name\":\"Renan Bandeira\",\"image\":{\"@type\":\"ImageObject\",\"inLanguage\":\"pt-BR\",\"@id\":\"https:\/\/www.suno.com.br\/noticias\/#\/schema\/person\/image\/\",\"url\":\"https:\/\/secure.gravatar.com\/avatar\/68359cdb608f14f11bbefcb78f3fc747?s=96&r=g\",\"contentUrl\":\"https:\/\/secure.gravatar.com\/avatar\/68359cdb608f14f11bbefcb78f3fc747?s=96&r=g\",\"caption\":\"Renan Bandeira\"},\"description\":\"Renan Bandeira escreve sobre pol\u00edtica e economia para o portal da Suno Research. Antes da Suno, trabalhou em uma rede de televis\u00e3o, onde fazia reportagens sobre os mesmos temas. Estuda na Universidade Metodista de S\u00e3o Paulo.\",\"url\":\"https:\/\/www.suno.com.br\/noticias\/author\/renan-bandeira\/\"}]}<\/script>\n<!-- \/ Yoast SEO plugin. -->","yoast_head_json":{"title":"Oi: Queda no tr\u00e1fego de voz afetou a receita e o lucro da empresa no 1T19","description":"Oi teve queda de -9,5% na receita l\u00edquida total, que afetou diretamente o lucro da empresa que recuou 98,1% no 1T19. Clique e saiba mais.","robots":{"index":"index","follow":"follow","max-snippet":"max-snippet:-1","max-image-preview":"max-image-preview:large","max-video-preview":"max-video-preview:-1"},"canonical":"https:\/\/www.suno.com.br\/noticias\/oi-receita-prejudicada-1t19\/","og_locale":"pt_BR","og_type":"article","og_title":"Oi: Queda no tr\u00e1fego de voz afetou a receita e o lucro da empresa no 1T19","og_description":"Oi teve queda de -9,5% na receita l\u00edquida total, que afetou diretamente o lucro da empresa que recuou 98,1% no 1T19. Clique e saiba mais.","og_url":"https:\/\/www.suno.com.br\/noticias\/oi-receita-prejudicada-1t19\/","og_site_name":"Suno Not\u00edcias","article_publisher":"https:\/\/facebook.com\/sunoresearch","og_image":[{"width":1024,"height":768,"url":"https:\/\/files.sunoresearch.com.br\/n\/uploads\/2019\/05\/8b56a34d-oi.jpg","type":"image\/jpeg"}],"author":"Renan Bandeira","twitter_card":"summary_large_image","twitter_creator":"@sunoresearch","twitter_site":"@sunoresearch","twitter_misc":{"Escrito por":"Renan Bandeira","Est. tempo de leitura":"2 minutos"},"schema":{"@context":"https:\/\/schema.org","@graph":[{"@type":"NewsArticle","@id":"https:\/\/www.suno.com.br\/noticias\/oi-receita-prejudicada-1t19\/#article","isPartOf":{"@id":"https:\/\/www.suno.com.br\/noticias\/oi-receita-prejudicada-1t19\/"},"author":{"name":"Renan Bandeira","@id":"https:\/\/www.suno.com.br\/noticias\/#\/schema\/person\/fc144a1c6108bd1dcd43784e88a3c138"},"headline":"Oi: Queda no tr\u00e1fego de voz afetou a receita e o lucro da empresa no 1T19","datePublished":"2019-05-14T13:45:57+00:00","mainEntityOfPage":{"@id":"https:\/\/www.suno.com.br\/noticias\/oi-receita-prejudicada-1t19\/"},"wordCount":392,"publisher":{"@id":"https:\/\/www.suno.com.br\/noticias\/#organization"},"image":{"@id":"https:\/\/www.suno.com.br\/noticias\/oi-receita-prejudicada-1t19\/#primaryimage"},"thumbnailUrl":"https:\/\/files.sunoresearch.com.br\/n\/uploads\/2019\/05\/8b56a34d-oi-jpg.webp","keywords":["balan\u00e7os trimestrais","Oi (OIBR3\/OIBR4)"],"articleSection":["Neg\u00f3cios"],"inLanguage":"pt-BR"},{"@type":"WebPage","@id":"https:\/\/www.suno.com.br\/noticias\/oi-receita-prejudicada-1t19\/","url":"https:\/\/www.suno.com.br\/noticias\/oi-receita-prejudicada-1t19\/","name":"Oi: Queda no tr\u00e1fego de voz afetou a receita e o lucro da empresa no 1T19","isPartOf":{"@id":"https:\/\/www.suno.com.br\/noticias\/#website"},"primaryImageOfPage":{"@id":"https:\/\/www.suno.com.br\/noticias\/oi-receita-prejudicada-1t19\/#primaryimage"},"image":{"@id":"https:\/\/www.suno.com.br\/noticias\/oi-receita-prejudicada-1t19\/#primaryimage"},"thumbnailUrl":"https:\/\/files.sunoresearch.com.br\/n\/uploads\/2019\/05\/8b56a34d-oi-jpg.webp","datePublished":"2019-05-14T13:45:57+00:00","description":"Oi teve queda de -9,5% na receita l\u00edquida total, que afetou diretamente o lucro da empresa que recuou 98,1% no 1T19. Clique e saiba mais.","breadcrumb":{"@id":"https:\/\/www.suno.com.br\/noticias\/oi-receita-prejudicada-1t19\/#breadcrumb"},"inLanguage":"pt-BR","potentialAction":[{"@type":"ReadAction","target":["https:\/\/www.suno.com.br\/noticias\/oi-receita-prejudicada-1t19\/"]}]},{"@type":"ImageObject","inLanguage":"pt-BR","@id":"https:\/\/www.suno.com.br\/noticias\/oi-receita-prejudicada-1t19\/#primaryimage","url":"https:\/\/files.sunoresearch.com.br\/n\/uploads\/2019\/05\/8b56a34d-oi-jpg.webp","contentUrl":"https:\/\/files.sunoresearch.com.br\/n\/uploads\/2019\/05\/8b56a34d-oi-jpg.webp","width":1024,"height":768,"caption":"Orelh\u00e3o da Oi"},{"@type":"BreadcrumbList","@id":"https:\/\/www.suno.com.br\/noticias\/oi-receita-prejudicada-1t19\/#breadcrumb","itemListElement":[{"@type":"ListItem","position":1,"name":"Not\u00edcias","item":"https:\/\/www.suno.com.br\/noticias\/"},{"@type":"ListItem","position":2,"name":"Neg\u00f3cios","item":"https:\/\/www.suno.com.br\/noticias\/negocios\/"},{"@type":"ListItem","position":3,"name":"Oi: Queda no tr\u00e1fego de voz afetou a receita e o lucro da empresa no 1T19"}]},{"@type":"WebSite","@id":"https:\/\/www.suno.com.br\/noticias\/#website","url":"https:\/\/www.suno.com.br\/noticias\/","name":"Suno Not\u00edcias","description":"Seu portal de informa\u00e7\u00e3o sobre o mundo dos investimentos","publisher":{"@id":"https:\/\/www.suno.com.br\/noticias\/#organization"},"potentialAction":[{"@type":"SearchAction","target":{"@type":"EntryPoint","urlTemplate":"https:\/\/www.suno.com.br\/noticias\/?s={search_term_string}"},"query-input":{"@type":"PropertyValueSpecification","valueRequired":true,"valueName":"search_term_string"}}],"inLanguage":"pt-BR"},{"@type":"Organization","@id":"https:\/\/www.suno.com.br\/noticias\/#organization","name":"Suno Not\u00edcias","url":"https:\/\/www.suno.com.br\/noticias\/","logo":{"@type":"ImageObject","inLanguage":"pt-BR","@id":"https:\/\/www.suno.com.br\/noticias\/#\/schema\/logo\/image\/","url":"https:\/\/files.sunoresearch.com.br\/n\/uploads\/2021\/09\/suno-logo.png","contentUrl":"https:\/\/files.sunoresearch.com.br\/n\/uploads\/2021\/09\/suno-logo.png","width":180,"height":180,"caption":"Suno Not\u00edcias"},"image":{"@id":"https:\/\/www.suno.com.br\/noticias\/#\/schema\/logo\/image\/"},"sameAs":["https:\/\/facebook.com\/sunoresearch","https:\/\/x.com\/sunoresearch","https:\/\/www.instagram.com\/suno","https:\/\/www.linkedin.com\/company\/suno-research\/","https:\/\/www.youtube.com\/c\/sunoresearch"]},{"@type":"Person","@id":"https:\/\/www.suno.com.br\/noticias\/#\/schema\/person\/fc144a1c6108bd1dcd43784e88a3c138","name":"Renan Bandeira","image":{"@type":"ImageObject","inLanguage":"pt-BR","@id":"https:\/\/www.suno.com.br\/noticias\/#\/schema\/person\/image\/","url":"https:\/\/secure.gravatar.com\/avatar\/68359cdb608f14f11bbefcb78f3fc747?s=96&r=g","contentUrl":"https:\/\/secure.gravatar.com\/avatar\/68359cdb608f14f11bbefcb78f3fc747?s=96&r=g","caption":"Renan Bandeira"},"description":"Renan Bandeira escreve sobre pol\u00edtica e economia para o portal da Suno Research. Antes da Suno, trabalhou em uma rede de televis\u00e3o, onde fazia reportagens sobre os mesmos temas. Estuda na Universidade Metodista de S\u00e3o Paulo.","url":"https:\/\/www.suno.com.br\/noticias\/author\/renan-bandeira\/"}]}},"default_loop_html":"<div class=\"cardsPage__listCard__boxs\"><div class=\"cardsPage__listCard__boxs__img\"><a href=\"https:\/\/www.suno.com.br\/noticias\/oi-receita-prejudicada-1t19\/\"><img class=\"mask\" src=\"https:\/\/www.suno.com.br\/noticias\/wp-content\/themes\/suno\/resources\/images\/spotlight\/spotlight1img\/bg-mask.png\" alt=\"Image Mask\"\/><img src=\"https:\/\/files.sunoresearch.com.br\/n\/uploads\/2019\/05\/8b56a34d-oi-400x200.webp\" alt=\"Oi: Queda no tr\u00e1fego de voz afetou a receita e o lucro da empresa no 1T19\"\/><\/a><span class=\"spotlightCategory\"><a href=\"https:\/\/www.suno.com.br\/noticias\/negocios\/\">Neg\u00f3cios<\/a><\/span><\/div><div class=\"cardsPage__listCard__boxs__content\"><a href=\"https:\/\/www.suno.com.br\/noticias\/oi-receita-prejudicada-1t19\/\"><h2 class=\"content__title\">Oi: Queda no tr\u00e1fego de voz afetou a receita e o lucro da empresa no 1T19<\/h2><\/a><div class=\"newsContent__article__meta\"><div class=\"newsContent__article__meta__authorBox\"><a href=\"https:\/\/www.suno.com.br\/noticias\/author\/renan-bandeira\/\" class=\"authorBox__avatar noMobi\"><img src=\"https:\/\/secure.gravatar.com\/avatar\/68359cdb608f14f11bbefcb78f3fc747?s=96&#038;r=g\" alt=\"Renan Bandeira\"><\/a><div class=\"authorBox__name\"><span>por\n\t\t\t<a href=\"https:\/\/www.suno.com.br\/noticias\/author\/renan-bandeira\/\"><span itemprop=\"author\">Renan Bandeira<\/span><\/a><\/span><time datetime=\"2019-05-14T10:45:57-03:00\" itemprop=\"datePublished\">14\/05\/2019 10:45<\/time><\/div><\/div><\/div><\/div><\/div>","single_layout":"posts","amp_enabled":true,"_links":{"self":[{"href":"https:\/\/www.suno.com.br\/noticias\/wp-json\/wp\/v2\/posts\/24441"}],"collection":[{"href":"https:\/\/www.suno.com.br\/noticias\/wp-json\/wp\/v2\/posts"}],"about":[{"href":"https:\/\/www.suno.com.br\/noticias\/wp-json\/wp\/v2\/types\/post"}],"author":[{"embeddable":true,"href":"https:\/\/www.suno.com.br\/noticias\/wp-json\/wp\/v2\/users\/11"}],"replies":[{"embeddable":true,"href":"https:\/\/www.suno.com.br\/noticias\/wp-json\/wp\/v2\/comments?post=24441"}],"version-history":[{"count":0,"href":"https:\/\/www.suno.com.br\/noticias\/wp-json\/wp\/v2\/posts\/24441\/revisions"}],"wp:featuredmedia":[{"embeddable":true,"href":"https:\/\/www.suno.com.br\/noticias\/wp-json\/wp\/v2\/media\/24451"}],"wp:attachment":[{"href":"https:\/\/www.suno.com.br\/noticias\/wp-json\/wp\/v2\/media?parent=24441"}],"wp:term":[{"taxonomy":"category","embeddable":true,"href":"https:\/\/www.suno.com.br\/noticias\/wp-json\/wp\/v2\/categories?post=24441"},{"taxonomy":"post_tag","embeddable":true,"href":"https:\/\/www.suno.com.br\/noticias\/wp-json\/wp\/v2\/tags?post=24441"},{"taxonomy":"suno_strategy","embeddable":true,"href":"https:\/\/www.suno.com.br\/noticias\/wp-json\/wp\/v2\/suno_strategy?post=24441"}],"curies":[{"name":"wp","href":"https:\/\/api.w.org\/{rel}","templated":true}]}}