{"id":244372,"date":"2022-03-23T16:52:59","date_gmt":"2022-03-23T19:52:59","guid":{"rendered":"https:\/\/www.suno.com.br\/noticias\/?p=244372"},"modified":"2022-03-23T16:52:59","modified_gmt":"2022-03-23T19:52:59","slug":"vibra-vbbr3-4t21-positivo-potencial-crescimento","status":"publish","type":"post","link":"https:\/\/www.suno.com.br\/noticias\/vibra-vbbr3-4t21-positivo-potencial-crescimento\/","title":{"rendered":"Com 4T21 positivo, Vibra (VBBR3) analistas veem crescimento em 2022 e recomendam compra"},"content":{"rendered":"<p>A <a class=\"suno-keyword\" href=\"https:\/\/www.suno.com.br\/acoes\/vbbr3\/\" target=\"_blank\" rel=\"noopener\" data-force=\"yes\" data-priority=\"2\"><strong>Vibra<\/strong> (VBBR3)<\/a> divulgou na noite de ter\u00e7a-feira (22) seu balan\u00e7o do quarto trimestre de 2021 (4T21). Analistas do mercado consideraram o resultado positivo e detalharam o que julgaram como promissor no balan\u00e7o da empresa.<\/p>\t<div class=\"wrapper-featured-image\">\n\t\t<figure class=\"spotlightImg\">\n\n\t\t\t<picture>\n\t\t\t\t<source media=\"(max-width: 768px)\" srcset=\"https:\/\/files.sunoresearch.com.br\/n\/uploads\/2019\/11\/9261ecfd-br-distribuidora-400x200.webp\">\n\t\t\t\t<img loading=\"lazy\" decoding=\"async\" class=\"newsContent__article__imgCapa lazyloadDisabled \" src=\"https:\/\/files.sunoresearch.com.br\/n\/uploads\/2019\/11\/9261ecfd-br-distribuidora-800x450.webp\" width=\"800\" height=\"450\" alt=\"Com 4T21 positivo, Vibra (VBBR3) analistas veem crescimento em 2022 e recomendam compra\" fetchpriority=high \/>\n\t\t\t<\/picture>\n\n\t\t\t<figcaption class=\"wp-caption-text wp-caption-text--show\"> Vibra (VBBR3)<\/figcaption>\n\t\t<\/figure>\n\t<\/div>\n\n\n\t<p>\n\t\t<a href=\"\" target=\"_blank\" data-element=\"shortcode-suno-banner\" title=\"Banner SUNO, clique e saiba mais\">\n\t\t\t<picture>\n\t\t\t\t<source media=\"(max-width: 500px)\" srcset=\"\">\n\t\t\t\t<img class=\"newsContent__article__imgCapa newsContent__article__imgCapa--banner\"\n\t\t\t\t\tsrc=\"\"\n\t\t\t\t\tdata-promo-id=\"138420\"\t\t\t\t\t\t\t\t\t\t\t\t\t\t\talt=\"\"\n\t\t\t\t>\n\t\t\t<\/picture>\n\t\t<\/a>\n\t<\/p>\n\n\n<p>O BB Investimentos enxerga o <strong>4T21 da Vibra<\/strong> como um resultado recorde e sinaliza\u00e7\u00e3o de boas perspectivas.<\/p>\n<p>Ainda que a Vibra tenha apresentado uma redu\u00e7\u00e3o nos volumes vendidos de outubro a dezembro, de -3% ante o 4T20 e -3,4%. quando comparado ao trimestre imediatamente anterior, \u201cas elevadas margens de comercializa\u00e7\u00e3o e o Ebitda 17% superior ao consenso de mercado nos fazem entender este como um trimestre positivo\u201d.<\/p>\n<p>O banco de investimentos aponta que um dos principais avan\u00e7os para a companhia em 2021 foi a forte evolu\u00e7\u00e3o financeira, com o Ebitda de R$ 4,9 bilh\u00f5es, sendo um aumento de 31% no ano a ano.<\/p>\n<p>Outro ponto positivo foi o <strong>crescimento do <a class=\"suno-keyword\" href=\"https:\/\/www.suno.com.br\/artigos\/lucro-liquido\/\" target=\"_blank\" rel=\"noopener\" data-force=\"no\" data-priority=\"1\">lucro l\u00edquido<\/a><\/strong> anual, alcan\u00e7ando R$ 2,5 bilh\u00f5es, ou seja, +35% na compara\u00e7\u00e3o com 2020, \u201cexclu\u00eddo o efeito n\u00e3o recorrente da remensura\u00e7\u00e3o do passivo atuarial feita em 2020 \u2013 e estrat\u00e9gica \u2013 aquisi\u00e7\u00e3o de participa\u00e7\u00e3o na Comerc, parceria em conveni\u00eancia com as Lojas Americanas, parceria para trading de etanol com a Coopersucar, acordo com a Zeg Biog\u00e1s para produ\u00e7\u00e3o de biometano a partir da vinha\u00e7a, entre outros\u201d.<\/p>\n<p>Na opini\u00e3o dos analistas do BB Investimentos, a companhia encontrou equil\u00edbrio entre o <strong>market share<\/strong> e as margens de comercializa\u00e7\u00e3o, o que permite que a Vibra mantenha a lideran\u00e7a do mercado, ainda que o segmento n\u00e3o estar reagindo rapidamente.<\/p>\n<p>\u201cA companhia ainda tem potencial de crescimento adicional (em rela\u00e7\u00e3o \u00e0s nossas proje\u00e7\u00f5es) com os futuros resultados advindos da atua\u00e7\u00e3o nos segmentos de comercializa\u00e7\u00e3o, presta\u00e7\u00e3o de servi\u00e7os e gera\u00e7\u00e3o de energia renov\u00e1vel\u201d, diz o texto.<\/p>\n<p>O BB Investimentos mant\u00e9m o vi\u00e9s otimista para o papel, com recomenda\u00e7\u00e3o de <strong>compra<\/strong> e pre\u00e7o alvo de R$ 32,00 para 2022.<\/p>\n\t<div data-element=\"shortcode-read-more\" class=\"knowMore\">\n\t\t\t\t<span class=\"knowMore__title\">Veja o balan\u00e7o completo da Vibra de 4T21<\/span>\n\t\t\t\t<a class=\"knowMore__link\" href=\"https:\/\/www.suno.com.br\/noticias\/vibra-vbbr3-lucro-liquido-queda-4t21\/\">\n\t\t\tVibra (VBBR3) registra lucro l\u00edquido de R$ 1 bi no 4T21, queda de 67,4%\t\t<\/a>\n\t<\/div>\n\n\n<h2>Banco Safra v\u00ea positivamente o resultado de Vibra<\/h2>\n<p>Na opini\u00e3o do <strong>Banco Safra<\/strong>, a Vibra apresentou bons resultados no 4T21, \u201cimpulsionados por maiores margens m\u00e9dias de vendas e maiores ganhos nos estoques de produtos devido ao aumento dos pre\u00e7os dos produtos\u201d.<\/p>\n\t<p>\n\t\t<a href=\"https:\/\/lp.suno.com.br\/planilha-controle-gastos\/\" target=\"_blank\" data-element=\"shortcode-suno-banner\" title=\"Banner SUNO, clique e saiba mais\">\n\t\t\t<picture>\n\t\t\t\t<source media=\"(max-width: 500px)\" srcset=\"https:\/\/files.sunoresearch.com.br\/n\/uploads\/2023\/03\/400x300-Planilha-controle-de-gastos.png\">\n\t\t\t\t<img class=\"newsContent__article__imgCapa newsContent__article__imgCapa--banner\"\n\t\t\t\t\tsrc=\"https:\/\/files.sunoresearch.com.br\/n\/uploads\/2023\/03\/1420x240-Planilha-controle-de-gastos.png\"\n\t\t\t\t\tdata-promo-id=\"101751\"\t\t\t\t\t\t\t\t\t\twidth='1420' height='240'\t\t\t\t\talt=\"https:\/\/files.sunoresearch.com.br\/n\/uploads\/2023\/03\/1420x240-Planilha-controle-de-gastos.png\"\n\t\t\t\t>\n\t\t\t<\/picture>\n\t\t<\/a>\n\t<\/p>\n\n\n<p>A <a class=\"suno-keyword\" href=\"https:\/\/www.suno.com.br\/artigos\/o-que-receita-liquida\/\" target=\"_blank\" rel=\"noopener\" data-force=\"no\" data-priority=\"1\">receita l\u00edquida<\/a> ficou em linha com a estimativa do banco, devido os pre\u00e7os acima do esperado foram compensados por menores volumes. Ainda, os custos abaixo do previsto levaram o <a class=\"suno-keyword\" href=\"https:\/\/www.suno.com.br\/artigos\/ebitda-ajustado\/\" target=\"_blank\" rel=\"noopener\" data-force=\"no\" data-priority=\"1\">Ebitda ajustado<\/a> a superar as proje\u00e7\u00f5es em 23%, alcan\u00e7ando R$ 1,6 bilh\u00f5es. O valor equivale a R$ 163\/m\u00b3, +40% vs. 3T21, sendo R$ 25\/m\u00b3 referente ao impacto de maiores pre\u00e7os nos estoques e hedge.<\/p>\n<p>&#8220;Os resultados da Vibra se beneficiaram n\u00e3o apenas do ambiente de pre\u00e7os favor\u00e1vel durante o trimestre, mas tamb\u00e9m das efici\u00eancias de <a class=\"suno-keyword\" href=\"https:\/\/www.suno.com.br\/artigos\/custos-despesas\/\" target=\"_blank\" rel=\"noopener\" data-force=\"no\" data-priority=\"1\">custos e despesas<\/a> alcan\u00e7adas nos \u00faltimos anos&#8221;, aponta o relat\u00f3rio.<\/p>\n<p>A <a class=\"suno-keyword\" href=\"https:\/\/www.suno.com.br\/artigos\/divida-liquida\/\" target=\"_blank\" rel=\"noopener\" data-force=\"no\" data-priority=\"1\">d\u00edvida l\u00edquida<\/a> encerrou o trimestre em R$ 10,1 bilh\u00f5es, acima dos R$ 8,2 bilh\u00f5es na compara\u00e7\u00e3o do trimestre imediatamente anterior, o que reflete principalmente a d\u00edvida pela aquisi\u00e7\u00e3o da Comerc, pagamentos de <a class=\"suno-keyword\" href=\"https:\/\/www.suno.com.br\/guias\/dividendos\/\" target=\"_blank\" rel=\"noopener\" data-force=\"no\" data-priority=\"1\">dividendos<\/a> e <a class=\"suno-keyword\" href=\"https:\/\/www.suno.com.br\/artigos\/recompra-de-acoes\/\" target=\"_blank\" rel=\"noopener\" data-force=\"no\" data-priority=\"1\">recompra de a\u00e7\u00f5es<\/a>.<\/p>\n\t<p>\n\t\t<a href=\"https:\/\/lp.suno.com.br\/planilha-da-vida-financeira\/\" target=\"_blank\" data-element=\"shortcode-suno-banner\" title=\"Banner SUNO, clique e saiba mais\">\n\t\t\t<picture>\n\t\t\t\t<source media=\"(max-width: 500px)\" srcset=\"https:\/\/files.sunoresearch.com.br\/n\/uploads\/2023\/04\/400x300-Planilha-vida-financeira-true.png\">\n\t\t\t\t<img class=\"newsContent__article__imgCapa newsContent__article__imgCapa--banner\"\n\t\t\t\t\tsrc=\"https:\/\/files.sunoresearch.com.br\/n\/uploads\/2023\/04\/1420x240-Planilha-vida-financeira-true.png\"\n\t\t\t\t\tdata-promo-id=\"106682\"\t\t\t\t\t\t\t\t\t\twidth='1420' height='240'\t\t\t\t\talt=\"https:\/\/files.sunoresearch.com.br\/n\/uploads\/2023\/04\/1420x240-Planilha-vida-financeira-true.png\"\n\t\t\t\t>\n\t\t\t<\/picture>\n\t\t<\/a>\n\t<\/p>\n\n\n<p>O Banco Safra recomenda a <strong>compra<\/strong> das <strong>a\u00e7\u00f5es da Vibra<\/strong>, no <a class=\"suno-keyword\" href=\"https:\/\/www.suno.com.br\/artigos\/preco-alvo\/\" target=\"_blank\" rel=\"noopener\" data-force=\"no\" data-priority=\"1\">pre\u00e7o alvo<\/a> de R$ 25,90. Al\u00e9m disso, o banco elencou uma s\u00e9rie de lados positivos e negativos sobre o investimento:<\/p>\n<h3>Vale a pena investir?<\/h3>\n<ul>\n<li>\u00c9 a maior empresa do ramo de distribui\u00e7\u00e3o de combust\u00edveis no Brasil;<\/li>\n<li>A administra\u00e7\u00e3o est\u00e1 focada principalmente em tr\u00eas pilares: Espa\u00e7o para aprimoramento operacional, redu\u00e7\u00e3o de custos e recupera\u00e7\u00e3o de participa\u00e7\u00e3o de mercado.<\/li>\n<\/ul>\n<h3>Quais os riscos ao investir?<\/h3>\n<ul>\n<li>O setor \u00e9 altamente sens\u00edvel \u00e0 economia e podem haver mudan\u00e7as nos impostos;<\/li>\n<li>Impacto negativo de quest\u00f5es ambientais que n\u00e3o sejam reconhecidas no balan\u00e7o: \u201cA companhia ainda tem potencial de crescimento adicional (em rela\u00e7\u00e3o \u00e0s nossas proje\u00e7\u00f5es) com os futuros resultados advindos da atua\u00e7\u00e3o nos segmentos de comercializa\u00e7\u00e3o, presta\u00e7\u00e3o de servi\u00e7os e gera\u00e7\u00e3o de energia renov\u00e1vel\u201d, diz o texto.<\/li>\n<\/ul>\n<h2>Guide acredita que o cen\u00e1rio ainda \u00e9 desafiador, mas n\u00fameros est\u00e3o acima da expectativa<\/h2>\n<p>Para a Guide Investimentos, o impacto do <strong>resultado da Vibra<\/strong> \u00e9 marginalmente positivo. Mesmo com o cen\u00e1rio desafiador e os impactos da nova variante de Covid-19 no 4T21, os n\u00fameros vieram acima da expectativa, mantendo a posi\u00e7\u00e3o de l\u00edder de mercado com aproximadamente 30% de market share.<\/p>\n<p>A Guide destaca que o endividamento l\u00edquido, que foi de R$ 10,1 bilh\u00f5es, aumentou R$ 1,9 bilh\u00e3o pela aquisi\u00e7\u00e3o de <a class=\"suno-keyword\" href=\"https:\/\/www.suno.com.br\/artigos\/debentures-conversiveis\/\" target=\"_blank\" rel=\"noopener\" data-force=\"no\" data-priority=\"1\">deb\u00eantures convers\u00edveis<\/a> em a\u00e7\u00f5es da Comerc (R$ 2 bilh\u00f5es) no 4T21. Alavancagem de 2,0x ao final do per\u00edodo.<\/p>\n\t<p>\n\t\t<a href=\"https:\/\/lp.suno.com.br\/ebook-como-analisar-uma-acao\/\" target=\"_blank\" data-element=\"shortcode-suno-banner\" title=\"Banner SUNO, clique e saiba mais\">\n\t\t\t<picture>\n\t\t\t\t<source media=\"(max-width: 500px)\" srcset=\"https:\/\/files.sunoresearch.com.br\/n\/uploads\/2023\/03\/Ebook-Acoes-Mobile-1.jpg\">\n\t\t\t\t<img class=\"newsContent__article__imgCapa newsContent__article__imgCapa--banner\"\n\t\t\t\t\tsrc=\"https:\/\/files.sunoresearch.com.br\/n\/uploads\/2023\/03\/Ebook-Acoes-Desktop-1.jpg\"\n\t\t\t\t\tdata-promo-id=\"171998\"\t\t\t\t\t\t\t\t\t\twidth='1420' height='286'\t\t\t\t\talt=\"https:\/\/files.sunoresearch.com.br\/n\/uploads\/2023\/03\/Ebook-Acoes-Desktop-1.jpg\"\n\t\t\t\t>\n\t\t\t<\/picture>\n\t\t<\/a>\n\t<\/p>\n\n\n<p>\u201cO aumento do endividamento j\u00e1 era esperado em virtude da aquisi\u00e7\u00e3o da Comerc, o que \u00e0 \u00e9poca vimos com bons olhos, por ser um dos primeiros passos para a empresa deixar de ser uma empresa voltada a distribui\u00e7\u00e3o de combust\u00edveis, e tornar-se uma empresa de energia de fato\u201d, disse Rodrigo Crespi, analista da Guide, em relat\u00f3rio.<\/p>\n<h2>Cota\u00e7\u00e3o da Vibra<\/h2>\n<p>As a\u00e7\u00f5es da\u00a0<strong>Vibra<\/strong> operam em leve alta de 0,12%, a R$ 24,09, \u00e0s 16h50.<\/p>\n\t<p>\n\t\t<a href=\"https:\/\/lp.suno.com.br\/planilha-de-controle-de-investimentos\/\" target=\"_blank\" data-element=\"shortcode-suno-banner\" title=\"Banner SUNO, clique e saiba mais\">\n\t\t\t<picture>\n\t\t\t\t<source media=\"(max-width: 500px)\" srcset=\"https:\/\/files.sunoresearch.com.br\/n\/uploads\/2023\/03\/400x300-Controle-de-Investimentos.png\">\n\t\t\t\t<img class=\"newsContent__article__imgCapa newsContent__article__imgCapa--banner\"\n\t\t\t\t\tsrc=\"https:\/\/files.sunoresearch.com.br\/n\/uploads\/2023\/03\/1420x240-Controle-de-Investimentos.png\"\n\t\t\t\t\tdata-promo-id=\"75934\"\t\t\t\t\t\t\t\t\t\twidth='1420' height='240'\t\t\t\t\talt=\"https:\/\/files.sunoresearch.com.br\/n\/uploads\/2023\/03\/1420x240-Controle-de-Investimentos.png\"\n\t\t\t\t>\n\t\t\t<\/picture>\n\t\t<\/a>\n\t<\/p>\n\n\n","protected":false},"excerpt":{"rendered":"<p>A Vibra (VBBR3) divulgou na noite de ter\u00e7a-feira (22) seu balan\u00e7o do quarto trimestre de 2021 (4T21). Analistas do mercado consideraram o resultado positivo e detalharam o que julgaram como promissor no balan\u00e7o da empresa. Vibra (VBBR3) O BB Investimentos enxerga o 4T21 da Vibra como um resultado recorde e sinaliza\u00e7\u00e3o de boas perspectivas. Ainda [&hellip;]<\/p>\n","protected":false},"author":146,"featured_media":44170,"comment_status":"closed","ping_status":"closed","sticky":false,"template":"","format":"standard","meta":[],"categories":[64],"tags":[1518,104988,105816,2354,596],"suno_strategy":[],"class_list":["post-244372","post","type-post","status-publish","format-standard","has-post-thumbnail","hentry","category-negocios","tag-banco-safra","tag-bb-investimentos","tag-especialistas","tag-guide-investimentos","tag-vibra-energia-vbbr3"],"yoast_head":"<!-- This site is optimized with the Yoast SEO plugin v24.4 - https:\/\/yoast.com\/wordpress\/plugins\/seo\/ -->\n<title>Com 4T21 positivo, Vibra (VBBR3) analistas veem crescimento<\/title>\n<meta name=\"description\" content=\"A Vibra (VBBR3) divulgou seu balan\u00e7o do 4T21, visto positivamente. Confira o que os analistas do mercado t\u00eam a dizer sobre os resultados.\" \/>\n<meta name=\"robots\" content=\"index, follow, max-snippet:-1, max-image-preview:large, max-video-preview:-1\" \/>\n<link rel=\"canonical\" href=\"https:\/\/www.suno.com.br\/noticias\/vibra-vbbr3-4t21-positivo-potencial-crescimento\/\" \/>\n<meta property=\"og:locale\" content=\"pt_BR\" \/>\n<meta property=\"og:type\" content=\"article\" \/>\n<meta property=\"og:title\" content=\"Com 4T21 positivo, Vibra (VBBR3) analistas veem crescimento\" \/>\n<meta property=\"og:description\" content=\"A Vibra (VBBR3) divulgou seu balan\u00e7o do 4T21, visto positivamente. Confira o que os analistas do mercado t\u00eam a dizer sobre os resultados.\" \/>\n<meta property=\"og:url\" content=\"https:\/\/www.suno.com.br\/noticias\/vibra-vbbr3-4t21-positivo-potencial-crescimento\/\" \/>\n<meta property=\"og:site_name\" content=\"Suno Not\u00edcias\" \/>\n<meta property=\"article:publisher\" content=\"https:\/\/facebook.com\/sunoresearch\" \/>\n<meta property=\"og:image\" content=\"https:\/\/files.sunoresearch.com.br\/n\/uploads\/2019\/11\/9261ecfd-br-distribuidora-1024x683.jpg\" \/>\n\t<meta property=\"og:image:width\" content=\"1024\" \/>\n\t<meta property=\"og:image:height\" content=\"683\" \/>\n\t<meta property=\"og:image:type\" content=\"image\/jpeg\" \/>\n<meta name=\"author\" content=\"Vict\u00f3ria Anhesini\" \/>\n<meta name=\"twitter:card\" content=\"summary_large_image\" \/>\n<meta name=\"twitter:creator\" content=\"@sunoresearch\" \/>\n<meta name=\"twitter:site\" content=\"@sunoresearch\" \/>\n<meta name=\"twitter:label1\" content=\"Escrito por\" \/>\n\t<meta name=\"twitter:data1\" content=\"Vict\u00f3ria Anhesini\" \/>\n\t<meta name=\"twitter:label2\" content=\"Est. tempo de leitura\" \/>\n\t<meta name=\"twitter:data2\" content=\"4 minutos\" \/>\n<script type=\"application\/ld+json\" class=\"yoast-schema-graph\">{\"@context\":\"https:\/\/schema.org\",\"@graph\":[{\"@type\":\"NewsArticle\",\"@id\":\"https:\/\/www.suno.com.br\/noticias\/vibra-vbbr3-4t21-positivo-potencial-crescimento\/#article\",\"isPartOf\":{\"@id\":\"https:\/\/www.suno.com.br\/noticias\/vibra-vbbr3-4t21-positivo-potencial-crescimento\/\"},\"author\":{\"name\":\"Vict\u00f3ria Anhesini\",\"@id\":\"https:\/\/www.suno.com.br\/noticias\/#\/schema\/person\/46d847cb19ad53fde0857adca989c23f\"},\"headline\":\"Com 4T21 positivo, Vibra (VBBR3) analistas veem crescimento em 2022 e recomendam compra\",\"datePublished\":\"2022-03-23T19:52:59+00:00\",\"mainEntityOfPage\":{\"@id\":\"https:\/\/www.suno.com.br\/noticias\/vibra-vbbr3-4t21-positivo-potencial-crescimento\/\"},\"wordCount\":906,\"publisher\":{\"@id\":\"https:\/\/www.suno.com.br\/noticias\/#organization\"},\"image\":{\"@id\":\"https:\/\/www.suno.com.br\/noticias\/vibra-vbbr3-4t21-positivo-potencial-crescimento\/#primaryimage\"},\"thumbnailUrl\":\"https:\/\/files.sunoresearch.com.br\/n\/uploads\/2019\/11\/9261ecfd-br-distribuidora-scaled.webp\",\"keywords\":[\"Banco Safra\",\"BB Investimentos\",\"Especialistas\",\"Guide Investimentos\",\"Vibra Energia (VBBR3)\"],\"articleSection\":[\"Neg\u00f3cios\"],\"inLanguage\":\"pt-BR\"},{\"@type\":\"WebPage\",\"@id\":\"https:\/\/www.suno.com.br\/noticias\/vibra-vbbr3-4t21-positivo-potencial-crescimento\/\",\"url\":\"https:\/\/www.suno.com.br\/noticias\/vibra-vbbr3-4t21-positivo-potencial-crescimento\/\",\"name\":\"Com 4T21 positivo, Vibra (VBBR3) analistas veem crescimento\",\"isPartOf\":{\"@id\":\"https:\/\/www.suno.com.br\/noticias\/#website\"},\"primaryImageOfPage\":{\"@id\":\"https:\/\/www.suno.com.br\/noticias\/vibra-vbbr3-4t21-positivo-potencial-crescimento\/#primaryimage\"},\"image\":{\"@id\":\"https:\/\/www.suno.com.br\/noticias\/vibra-vbbr3-4t21-positivo-potencial-crescimento\/#primaryimage\"},\"thumbnailUrl\":\"https:\/\/files.sunoresearch.com.br\/n\/uploads\/2019\/11\/9261ecfd-br-distribuidora-scaled.webp\",\"datePublished\":\"2022-03-23T19:52:59+00:00\",\"description\":\"A Vibra (VBBR3) divulgou seu balan\u00e7o do 4T21, visto positivamente. Confira o que os analistas do mercado t\u00eam a dizer sobre os resultados.\",\"breadcrumb\":{\"@id\":\"https:\/\/www.suno.com.br\/noticias\/vibra-vbbr3-4t21-positivo-potencial-crescimento\/#breadcrumb\"},\"inLanguage\":\"pt-BR\",\"potentialAction\":[{\"@type\":\"ReadAction\",\"target\":[\"https:\/\/www.suno.com.br\/noticias\/vibra-vbbr3-4t21-positivo-potencial-crescimento\/\"]}]},{\"@type\":\"ImageObject\",\"inLanguage\":\"pt-BR\",\"@id\":\"https:\/\/www.suno.com.br\/noticias\/vibra-vbbr3-4t21-positivo-potencial-crescimento\/#primaryimage\",\"url\":\"https:\/\/files.sunoresearch.com.br\/n\/uploads\/2019\/11\/9261ecfd-br-distribuidora-scaled.webp\",\"contentUrl\":\"https:\/\/files.sunoresearch.com.br\/n\/uploads\/2019\/11\/9261ecfd-br-distribuidora-scaled.webp\",\"width\":2560,\"height\":1707,\"caption\":\"Vibra (VBBR3)\"},{\"@type\":\"BreadcrumbList\",\"@id\":\"https:\/\/www.suno.com.br\/noticias\/vibra-vbbr3-4t21-positivo-potencial-crescimento\/#breadcrumb\",\"itemListElement\":[{\"@type\":\"ListItem\",\"position\":1,\"name\":\"Not\u00edcias\",\"item\":\"https:\/\/www.suno.com.br\/noticias\/\"},{\"@type\":\"ListItem\",\"position\":2,\"name\":\"Neg\u00f3cios\",\"item\":\"https:\/\/www.suno.com.br\/noticias\/negocios\/\"},{\"@type\":\"ListItem\",\"position\":3,\"name\":\"Com 4T21 positivo, Vibra (VBBR3) analistas veem crescimento em 2022 e recomendam compra\"}]},{\"@type\":\"WebSite\",\"@id\":\"https:\/\/www.suno.com.br\/noticias\/#website\",\"url\":\"https:\/\/www.suno.com.br\/noticias\/\",\"name\":\"Suno Not\u00edcias\",\"description\":\"Seu portal de informa\u00e7\u00e3o sobre o mundo dos investimentos\",\"publisher\":{\"@id\":\"https:\/\/www.suno.com.br\/noticias\/#organization\"},\"potentialAction\":[{\"@type\":\"SearchAction\",\"target\":{\"@type\":\"EntryPoint\",\"urlTemplate\":\"https:\/\/www.suno.com.br\/noticias\/?s={search_term_string}\"},\"query-input\":{\"@type\":\"PropertyValueSpecification\",\"valueRequired\":true,\"valueName\":\"search_term_string\"}}],\"inLanguage\":\"pt-BR\"},{\"@type\":\"Organization\",\"@id\":\"https:\/\/www.suno.com.br\/noticias\/#organization\",\"name\":\"Suno Not\u00edcias\",\"url\":\"https:\/\/www.suno.com.br\/noticias\/\",\"logo\":{\"@type\":\"ImageObject\",\"inLanguage\":\"pt-BR\",\"@id\":\"https:\/\/www.suno.com.br\/noticias\/#\/schema\/logo\/image\/\",\"url\":\"https:\/\/files.sunoresearch.com.br\/n\/uploads\/2021\/09\/suno-logo.png\",\"contentUrl\":\"https:\/\/files.sunoresearch.com.br\/n\/uploads\/2021\/09\/suno-logo.png\",\"width\":180,\"height\":180,\"caption\":\"Suno Not\u00edcias\"},\"image\":{\"@id\":\"https:\/\/www.suno.com.br\/noticias\/#\/schema\/logo\/image\/\"},\"sameAs\":[\"https:\/\/facebook.com\/sunoresearch\",\"https:\/\/x.com\/sunoresearch\",\"https:\/\/www.instagram.com\/suno\",\"https:\/\/www.linkedin.com\/company\/suno-research\/\",\"https:\/\/www.youtube.com\/c\/sunoresearch\"]},{\"@type\":\"Person\",\"@id\":\"https:\/\/www.suno.com.br\/noticias\/#\/schema\/person\/46d847cb19ad53fde0857adca989c23f\",\"name\":\"Vict\u00f3ria Anhesini\",\"image\":{\"@type\":\"ImageObject\",\"inLanguage\":\"pt-BR\",\"@id\":\"https:\/\/www.suno.com.br\/noticias\/#\/schema\/person\/image\/\",\"url\":\"https:\/\/secure.gravatar.com\/avatar\/0172bdfcd9129dd9dd68794804304e6e?s=96&r=g\",\"contentUrl\":\"https:\/\/secure.gravatar.com\/avatar\/0172bdfcd9129dd9dd68794804304e6e?s=96&r=g\",\"caption\":\"Vict\u00f3ria Anhesini\"},\"description\":\"Rep\u00f3rter no Suno Not\u00edcias, cobre mercados, neg\u00f3cios e economia, escrevendo majoritariamente sobre movimentos das empresas, cobertura de balan\u00e7os trimestrais e Bolsa de Valores. Formada em jornalismo pela Universidade Presbiteriana Mackenzie em 2019, passou pelo portal de economia e finan\u00e7as EuQueroInvestir como rep\u00f3rter e anteriormente, trabalhou na assessoria de imprensa PinePR, onde liderou com startups de inova\u00e7\u00e3o, tecnologia e finan\u00e7as. Em seu tempo livre, fala sobre m\u00fasica para ambos os sites do selo ForMusic, Wikimetal e Mad Sound, e faz trabalho volunt\u00e1rio no programa Escreve Cartas do Poupatempo.\",\"sameAs\":[\"https:\/\/www.linkedin.com\/in\/victoria-anhesini\/\"],\"url\":\"https:\/\/www.suno.com.br\/noticias\/author\/victoria\/\"}]}<\/script>\n<!-- \/ Yoast SEO plugin. -->","yoast_head_json":{"title":"Com 4T21 positivo, Vibra (VBBR3) analistas veem crescimento","description":"A Vibra (VBBR3) divulgou seu balan\u00e7o do 4T21, visto positivamente. Confira o que os analistas do mercado t\u00eam a dizer sobre os resultados.","robots":{"index":"index","follow":"follow","max-snippet":"max-snippet:-1","max-image-preview":"max-image-preview:large","max-video-preview":"max-video-preview:-1"},"canonical":"https:\/\/www.suno.com.br\/noticias\/vibra-vbbr3-4t21-positivo-potencial-crescimento\/","og_locale":"pt_BR","og_type":"article","og_title":"Com 4T21 positivo, Vibra (VBBR3) analistas veem crescimento","og_description":"A Vibra (VBBR3) divulgou seu balan\u00e7o do 4T21, visto positivamente. Confira o que os analistas do mercado t\u00eam a dizer sobre os resultados.","og_url":"https:\/\/www.suno.com.br\/noticias\/vibra-vbbr3-4t21-positivo-potencial-crescimento\/","og_site_name":"Suno Not\u00edcias","article_publisher":"https:\/\/facebook.com\/sunoresearch","og_image":[{"width":1024,"height":683,"url":"https:\/\/files.sunoresearch.com.br\/n\/uploads\/2019\/11\/9261ecfd-br-distribuidora-1024x683.jpg","type":"image\/jpeg"}],"author":"Vict\u00f3ria Anhesini","twitter_card":"summary_large_image","twitter_creator":"@sunoresearch","twitter_site":"@sunoresearch","twitter_misc":{"Escrito por":"Vict\u00f3ria Anhesini","Est. tempo de leitura":"4 minutos"},"schema":{"@context":"https:\/\/schema.org","@graph":[{"@type":"NewsArticle","@id":"https:\/\/www.suno.com.br\/noticias\/vibra-vbbr3-4t21-positivo-potencial-crescimento\/#article","isPartOf":{"@id":"https:\/\/www.suno.com.br\/noticias\/vibra-vbbr3-4t21-positivo-potencial-crescimento\/"},"author":{"name":"Vict\u00f3ria Anhesini","@id":"https:\/\/www.suno.com.br\/noticias\/#\/schema\/person\/46d847cb19ad53fde0857adca989c23f"},"headline":"Com 4T21 positivo, Vibra (VBBR3) analistas veem crescimento em 2022 e recomendam compra","datePublished":"2022-03-23T19:52:59+00:00","mainEntityOfPage":{"@id":"https:\/\/www.suno.com.br\/noticias\/vibra-vbbr3-4t21-positivo-potencial-crescimento\/"},"wordCount":906,"publisher":{"@id":"https:\/\/www.suno.com.br\/noticias\/#organization"},"image":{"@id":"https:\/\/www.suno.com.br\/noticias\/vibra-vbbr3-4t21-positivo-potencial-crescimento\/#primaryimage"},"thumbnailUrl":"https:\/\/files.sunoresearch.com.br\/n\/uploads\/2019\/11\/9261ecfd-br-distribuidora-scaled.webp","keywords":["Banco Safra","BB Investimentos","Especialistas","Guide Investimentos","Vibra Energia (VBBR3)"],"articleSection":["Neg\u00f3cios"],"inLanguage":"pt-BR"},{"@type":"WebPage","@id":"https:\/\/www.suno.com.br\/noticias\/vibra-vbbr3-4t21-positivo-potencial-crescimento\/","url":"https:\/\/www.suno.com.br\/noticias\/vibra-vbbr3-4t21-positivo-potencial-crescimento\/","name":"Com 4T21 positivo, Vibra (VBBR3) analistas veem crescimento","isPartOf":{"@id":"https:\/\/www.suno.com.br\/noticias\/#website"},"primaryImageOfPage":{"@id":"https:\/\/www.suno.com.br\/noticias\/vibra-vbbr3-4t21-positivo-potencial-crescimento\/#primaryimage"},"image":{"@id":"https:\/\/www.suno.com.br\/noticias\/vibra-vbbr3-4t21-positivo-potencial-crescimento\/#primaryimage"},"thumbnailUrl":"https:\/\/files.sunoresearch.com.br\/n\/uploads\/2019\/11\/9261ecfd-br-distribuidora-scaled.webp","datePublished":"2022-03-23T19:52:59+00:00","description":"A Vibra (VBBR3) divulgou seu balan\u00e7o do 4T21, visto positivamente. Confira o que os analistas do mercado t\u00eam a dizer sobre os resultados.","breadcrumb":{"@id":"https:\/\/www.suno.com.br\/noticias\/vibra-vbbr3-4t21-positivo-potencial-crescimento\/#breadcrumb"},"inLanguage":"pt-BR","potentialAction":[{"@type":"ReadAction","target":["https:\/\/www.suno.com.br\/noticias\/vibra-vbbr3-4t21-positivo-potencial-crescimento\/"]}]},{"@type":"ImageObject","inLanguage":"pt-BR","@id":"https:\/\/www.suno.com.br\/noticias\/vibra-vbbr3-4t21-positivo-potencial-crescimento\/#primaryimage","url":"https:\/\/files.sunoresearch.com.br\/n\/uploads\/2019\/11\/9261ecfd-br-distribuidora-scaled.webp","contentUrl":"https:\/\/files.sunoresearch.com.br\/n\/uploads\/2019\/11\/9261ecfd-br-distribuidora-scaled.webp","width":2560,"height":1707,"caption":"Vibra (VBBR3)"},{"@type":"BreadcrumbList","@id":"https:\/\/www.suno.com.br\/noticias\/vibra-vbbr3-4t21-positivo-potencial-crescimento\/#breadcrumb","itemListElement":[{"@type":"ListItem","position":1,"name":"Not\u00edcias","item":"https:\/\/www.suno.com.br\/noticias\/"},{"@type":"ListItem","position":2,"name":"Neg\u00f3cios","item":"https:\/\/www.suno.com.br\/noticias\/negocios\/"},{"@type":"ListItem","position":3,"name":"Com 4T21 positivo, Vibra (VBBR3) analistas veem crescimento em 2022 e recomendam compra"}]},{"@type":"WebSite","@id":"https:\/\/www.suno.com.br\/noticias\/#website","url":"https:\/\/www.suno.com.br\/noticias\/","name":"Suno Not\u00edcias","description":"Seu portal de informa\u00e7\u00e3o sobre o mundo dos investimentos","publisher":{"@id":"https:\/\/www.suno.com.br\/noticias\/#organization"},"potentialAction":[{"@type":"SearchAction","target":{"@type":"EntryPoint","urlTemplate":"https:\/\/www.suno.com.br\/noticias\/?s={search_term_string}"},"query-input":{"@type":"PropertyValueSpecification","valueRequired":true,"valueName":"search_term_string"}}],"inLanguage":"pt-BR"},{"@type":"Organization","@id":"https:\/\/www.suno.com.br\/noticias\/#organization","name":"Suno Not\u00edcias","url":"https:\/\/www.suno.com.br\/noticias\/","logo":{"@type":"ImageObject","inLanguage":"pt-BR","@id":"https:\/\/www.suno.com.br\/noticias\/#\/schema\/logo\/image\/","url":"https:\/\/files.sunoresearch.com.br\/n\/uploads\/2021\/09\/suno-logo.png","contentUrl":"https:\/\/files.sunoresearch.com.br\/n\/uploads\/2021\/09\/suno-logo.png","width":180,"height":180,"caption":"Suno Not\u00edcias"},"image":{"@id":"https:\/\/www.suno.com.br\/noticias\/#\/schema\/logo\/image\/"},"sameAs":["https:\/\/facebook.com\/sunoresearch","https:\/\/x.com\/sunoresearch","https:\/\/www.instagram.com\/suno","https:\/\/www.linkedin.com\/company\/suno-research\/","https:\/\/www.youtube.com\/c\/sunoresearch"]},{"@type":"Person","@id":"https:\/\/www.suno.com.br\/noticias\/#\/schema\/person\/46d847cb19ad53fde0857adca989c23f","name":"Vict\u00f3ria Anhesini","image":{"@type":"ImageObject","inLanguage":"pt-BR","@id":"https:\/\/www.suno.com.br\/noticias\/#\/schema\/person\/image\/","url":"https:\/\/secure.gravatar.com\/avatar\/0172bdfcd9129dd9dd68794804304e6e?s=96&r=g","contentUrl":"https:\/\/secure.gravatar.com\/avatar\/0172bdfcd9129dd9dd68794804304e6e?s=96&r=g","caption":"Vict\u00f3ria Anhesini"},"description":"Rep\u00f3rter no Suno Not\u00edcias, cobre mercados, neg\u00f3cios e economia, escrevendo majoritariamente sobre movimentos das empresas, cobertura de balan\u00e7os trimestrais e Bolsa de Valores. Formada em jornalismo pela Universidade Presbiteriana Mackenzie em 2019, passou pelo portal de economia e finan\u00e7as EuQueroInvestir como rep\u00f3rter e anteriormente, trabalhou na assessoria de imprensa PinePR, onde liderou com startups de inova\u00e7\u00e3o, tecnologia e finan\u00e7as. Em seu tempo livre, fala sobre m\u00fasica para ambos os sites do selo ForMusic, Wikimetal e Mad Sound, e faz trabalho volunt\u00e1rio no programa Escreve Cartas do Poupatempo.","sameAs":["https:\/\/www.linkedin.com\/in\/victoria-anhesini\/"],"url":"https:\/\/www.suno.com.br\/noticias\/author\/victoria\/"}]}},"default_loop_html":"<div class=\"cardsPage__listCard__boxs\"><div class=\"cardsPage__listCard__boxs__img\"><a href=\"https:\/\/www.suno.com.br\/noticias\/vibra-vbbr3-4t21-positivo-potencial-crescimento\/\"><img class=\"mask\" src=\"https:\/\/www.suno.com.br\/noticias\/wp-content\/themes\/suno\/resources\/images\/spotlight\/spotlight1img\/bg-mask.png\" alt=\"Image Mask\"\/><img src=\"https:\/\/files.sunoresearch.com.br\/n\/uploads\/2019\/11\/9261ecfd-br-distribuidora-400x200.webp\" alt=\"Com 4T21 positivo, Vibra (VBBR3) analistas veem crescimento em 2022 e recomendam compra\"\/><\/a><span class=\"spotlightCategory\"><a href=\"https:\/\/www.suno.com.br\/noticias\/negocios\/\">Neg\u00f3cios<\/a><\/span><\/div><div class=\"cardsPage__listCard__boxs__content\"><a href=\"https:\/\/www.suno.com.br\/noticias\/vibra-vbbr3-4t21-positivo-potencial-crescimento\/\"><h2 class=\"content__title\">Com 4T21 positivo, Vibra (VBBR3) analistas veem crescimento em 2022 e recomendam compra<\/h2><\/a><div class=\"newsContent__article__meta\"><div class=\"newsContent__article__meta__authorBox\"><a href=\"https:\/\/www.suno.com.br\/noticias\/author\/victoria\/\" class=\"authorBox__avatar noMobi\"><img src=\"https:\/\/files.sunoresearch.com.br\/n\/uploads\/2021\/12\/20190129VickyPINEAPPLE01-1-150x150.jpg\" alt=\"Vict\u00f3ria Anhesini\"><\/a><div class=\"authorBox__name\"><span>por\n\t\t\t<a href=\"https:\/\/www.suno.com.br\/noticias\/author\/victoria\/\"><span itemprop=\"author\">Vict\u00f3ria Anhesini<\/span><\/a><\/span><time datetime=\"2022-03-23T16:52:59-03:00\" itemprop=\"datePublished\">23\/03\/2022 16:52<\/time><\/div><\/div><\/div><\/div><\/div>","single_layout":"posts","amp_enabled":true,"_links":{"self":[{"href":"https:\/\/www.suno.com.br\/noticias\/wp-json\/wp\/v2\/posts\/244372"}],"collection":[{"href":"https:\/\/www.suno.com.br\/noticias\/wp-json\/wp\/v2\/posts"}],"about":[{"href":"https:\/\/www.suno.com.br\/noticias\/wp-json\/wp\/v2\/types\/post"}],"author":[{"embeddable":true,"href":"https:\/\/www.suno.com.br\/noticias\/wp-json\/wp\/v2\/users\/146"}],"replies":[{"embeddable":true,"href":"https:\/\/www.suno.com.br\/noticias\/wp-json\/wp\/v2\/comments?post=244372"}],"version-history":[{"count":2,"href":"https:\/\/www.suno.com.br\/noticias\/wp-json\/wp\/v2\/posts\/244372\/revisions"}],"predecessor-version":[{"id":244477,"href":"https:\/\/www.suno.com.br\/noticias\/wp-json\/wp\/v2\/posts\/244372\/revisions\/244477"}],"wp:featuredmedia":[{"embeddable":true,"href":"https:\/\/www.suno.com.br\/noticias\/wp-json\/wp\/v2\/media\/44170"}],"wp:attachment":[{"href":"https:\/\/www.suno.com.br\/noticias\/wp-json\/wp\/v2\/media?parent=244372"}],"wp:term":[{"taxonomy":"category","embeddable":true,"href":"https:\/\/www.suno.com.br\/noticias\/wp-json\/wp\/v2\/categories?post=244372"},{"taxonomy":"post_tag","embeddable":true,"href":"https:\/\/www.suno.com.br\/noticias\/wp-json\/wp\/v2\/tags?post=244372"},{"taxonomy":"suno_strategy","embeddable":true,"href":"https:\/\/www.suno.com.br\/noticias\/wp-json\/wp\/v2\/suno_strategy?post=244372"}],"curies":[{"name":"wp","href":"https:\/\/api.w.org\/{rel}","templated":true}]}}