{"id":24432,"date":"2019-05-14T10:01:12","date_gmt":"2019-05-14T13:01:12","guid":{"rendered":"https:\/\/www.suno.com.br\/noticias\/?p=24432"},"modified":"2019-05-14T10:01:12","modified_gmt":"2019-05-14T13:01:12","slug":"via-varejo-alta-acoes-aquisicao","status":"publish","type":"post","link":"https:\/\/www.suno.com.br\/noticias\/via-varejo-alta-acoes-aquisicao\/","title":{"rendered":"Via Varejo tem alta nas a\u00e7\u00f5es ap\u00f3s an\u00fancio de aquisi\u00e7\u00e3o"},"content":{"rendered":"<p>As <strong>a\u00e7\u00f5es<\/strong> da Via Varejo fecharam em alta na segunda-feira (13) na <strong><a href=\"https:\/\/www.suno.com.br\/artigos\/b3\/\">B3 (Brasil, Bolsa, Balc\u00e3o)<\/a><\/strong>. O avan\u00e7o nos pap\u00e9is da dona das <strong>Casas Bahia<\/strong> e do <strong>Ponto Frio<\/strong> ocorre depois que o &#8220;Valor&#8221; divulgou uma intens\u00e3o de aquisi\u00e7\u00e3o da empresa.<\/p>\t<div class=\"wrapper-featured-image\">\n\t\t<figure class=\"spotlightImg\">\n\n\t\t\t<picture>\n\t\t\t\t<source media=\"(max-width: 768px)\" srcset=\"https:\/\/files.sunoresearch.com.br\/n\/uploads\/2019\/05\/ad132483-via-varejo-400x200.webp\">\n\t\t\t\t<img loading=\"lazy\" decoding=\"async\" class=\"newsContent__article__imgCapa lazyloadDisabled newsContent__article__imgCapa--noCaption\" src=\"https:\/\/files.sunoresearch.com.br\/n\/uploads\/2019\/05\/ad132483-via-varejo-800x450.webp\" width=\"800\" height=\"450\" alt=\"Via Varejo tem alta nas a\u00e7\u00f5es ap\u00f3s an\u00fancio de aquisi\u00e7\u00e3o\" fetchpriority=high \/>\n\t\t\t<\/picture>\n\n\t\t\t<figcaption class=\"wp-caption-text wp-caption-text--hide\">Via Varejo (VVAR3) informa que pagou os alugu\u00e9is de mar\u00e7o <\/figcaption>\n\t\t<\/figure>\n\t<\/div>\n\n\n<p>Assim, a\u00a0<strong>XP Asset Management<\/strong> e o empres\u00e1rio <strong>Michael Klein<\/strong> estariam trabalhando juntos para realizar uma proposta de <strong>aquisi\u00e7\u00e3o<\/strong> de a\u00e7\u00f5es da <strong>ViaVarejo.<\/strong> Dessa forma, os dois poderiam se aliar para adquirir a participa\u00e7\u00e3o de 36,27% do <strong>GPA<\/strong> (Grupo P\u00e3o de A\u00e7\u00facar) na varejista.<\/p>\n<p>A <strong>Via Varejo<\/strong>\u00a0apresentou o melhor resultado do Ibovespa, que fechou em queda de 2,7%. Isso porque a tens\u00e3o comercial entre os <strong>EUA<\/strong> e a <strong>China<\/strong> causou instabilidades em v\u00e1rios mercados.<\/p>\n\t<p>\n\t\t<a href=\"https:\/\/lp.suno.com.br\/asset\/fundos\/suno-fic-fia\/\" target=\"_blank\" data-element=\"shortcode-suno-banner\" title=\"Banner SUNO, clique e saiba mais\">\n\t\t\t<picture>\n\t\t\t\t<source media=\"(max-width: 500px)\" srcset=\"https:\/\/files.sunoresearch.com.br\/n\/uploads\/2023\/10\/SUNO-FIC-FIA-400x300-Mobile-Artigos-5-v3.png\">\n\t\t\t\t<img class=\"newsContent__article__imgCapa newsContent__article__imgCapa--banner\"\n\t\t\t\t\tsrc=\"https:\/\/files.sunoresearch.com.br\/n\/uploads\/2023\/10\/SUNO-FIC-FIA-1420x240-Banner-Artigos-1-_-Banner-Materias-4-v3-png.webp\"\n\t\t\t\t\tdata-promo-id=\"478744\"\t\t\t\t\t\t\t\t\t\twidth='2560' height='433'\t\t\t\t\talt=\"https:\/\/files.sunoresearch.com.br\/n\/uploads\/2023\/10\/SUNO-FIC-FIA-1420x240-Banner-Artigos-1-_-Banner-Materias-4-v3-png.webp\"\n\t\t\t\t>\n\t\t\t<\/picture>\n\t\t<\/a>\n\t<\/p>\n\n\n<p>Segundo o &#8220;Valor&#8221;, a <strong>XP\u00a0<\/strong>criaria um fundo espec\u00edfico para veicular a opera\u00e7\u00e3o de compra das <strong>a\u00e7\u00f5es.<\/strong> Assim, a corretora cuidaria da parte financeira, enquanto o comando da negocia\u00e7\u00e3o seria de responsabilidade do empres\u00e1rio <strong>Klein.<\/strong><\/p>\n<p><a href=\"https:\/\/www.suno.com.br\/noticias\/xp-e-klein-preparam-proposta-conjunta-para-via-varejo\/\">Saiba Mais: XP e Klein preparam proposta conjunta para Via Varejo<\/a><\/p>\n<p>A <strong>XP<\/strong> tem o controle de 1,86% da <strong>Via Varejo<\/strong> por conta de aquisi\u00e7\u00f5es em <strong>fundos.<\/strong> A corretora informou que ainda n\u00e3o pode divulgar informa\u00e7\u00f5es sobre os neg\u00f3cios.\u00a0Por sua vez,\u00a0a fam\u00edlia <strong>Klein<\/strong> possui 25,24% das a\u00e7\u00f5es da varejista. Enquanto o <strong>Grupo P\u00e3o de A\u00e7\u00facar<\/strong> det\u00eam 36,27% das a\u00e7\u00f5es.<\/p>\n<h2>Preju\u00edzo da Via Varejo<\/h2>\n<p>No primeiro trimestre de 2019, a varejista\u00a0registrou um <strong>preju\u00edzo<\/strong> de R$ 49 milh\u00f5es. O resultado foi o terceiro consecutivo trimestral.\u00a0No quarto trimestre de 2018 o <strong>preju\u00edzo l\u00edquido<\/strong> foi de R$ 279 milh\u00f5es.<\/p>\n<p><a href=\"https:\/\/www.suno.com.br\/noticias\/via-varejo-perde-ibovespa-gpa-vender-acoes\/\">Saiba Mais: Via Varejo perde 7% na B3 ap\u00f3s GPA decidir vender a\u00e7\u00f5es<\/a><\/p>\n<p>Por sua vez, o <strong>Ebtida<\/strong> da <strong>varejista<\/strong> ficou em R4 275 milh\u00f5es no quarto trimestre de 2018. Desse modo, o saldo teve um recuo em compara\u00e7\u00e3o com o mesmo per\u00edodo de 2017. Assim, o <strong>lucro<\/strong> antes de juros, impostos, deprecia\u00e7\u00e3o e amortiza\u00e7\u00e3o foi 55,3% menor do que no ano anterior.<\/p>\n<p><a href=\"https:\/\/www.suno.com.br\/noticias\/via-varejo-prejuizo-ponto-frio-casas-bahia\/\">Saiba mais: Via Varejo tem preju\u00edzo de R$ 49 mi; acima do esperado que era R$ 5,2 mi\u00a0<\/a><\/p>\n<p>No total, em 2018 a empresa registrou um preju\u00edzo l\u00edquido de R$ 267 milh\u00f5es. No ano anterior, o saldo foi positivo e o <a href=\"https:\/\/www.suno.com.br\/artigos\/lucro-liquido\/\">lucro l\u00edquido<\/a> havia sido de R$ 168 milh\u00f5es. No acumulado do ano passado, o <strong>Ebtida<\/strong>\u00a0ajustado da <strong>Via Varejo<\/strong>\u00a0<strong>caiu<\/strong> 26,3% na compara\u00e7\u00e3o anual, a R$ 1,236 bilh\u00e3o.<\/p>\n","protected":false},"excerpt":{"rendered":"<p>As a\u00e7\u00f5es da Via Varejo fecharam em alta na segunda-feira (13) na B3 (Brasil, Bolsa, Balc\u00e3o). O avan\u00e7o nos pap\u00e9is da dona das Casas Bahia e do Ponto Frio ocorre depois que o &#8220;Valor&#8221; divulgou uma intens\u00e3o de aquisi\u00e7\u00e3o da empresa. Via Varejo (VVAR3) informa que pagou os alugu\u00e9is de mar\u00e7o Assim, a\u00a0XP Asset Management [&hellip;]<\/p>\n","protected":false},"author":16,"featured_media":24442,"comment_status":"closed","ping_status":"closed","sticky":false,"template":"","format":"standard","meta":[],"categories":[64],"tags":[106935,888],"suno_strategy":[],"class_list":["post-24432","post","type-post","status-publish","format-standard","has-post-thumbnail","hentry","category-negocios","tag-via-viia3","tag-xp-investimentos"],"yoast_head":"<!-- This site is optimized with the Yoast SEO plugin v24.4 - https:\/\/yoast.com\/wordpress\/plugins\/seo\/ -->\n<title>Via Varejo tem alta nas a\u00e7\u00f5es ap\u00f3s an\u00fancio de aquisi\u00e7\u00e3o<\/title>\n<meta name=\"description\" content=\"A XP Investimentos e o empres\u00e1rio Michael Klein estariam fechando acordo para adquirir parte do Grupo P\u00e3o de A\u00e7\u00facar na Via Varejo. Entenda.\" \/>\n<meta name=\"robots\" content=\"index, follow, max-snippet:-1, max-image-preview:large, max-video-preview:-1\" \/>\n<link rel=\"canonical\" href=\"https:\/\/www.suno.com.br\/noticias\/via-varejo-alta-acoes-aquisicao\/\" \/>\n<meta property=\"og:locale\" content=\"pt_BR\" \/>\n<meta property=\"og:type\" content=\"article\" \/>\n<meta property=\"og:title\" content=\"Via Varejo tem alta nas a\u00e7\u00f5es ap\u00f3s an\u00fancio de aquisi\u00e7\u00e3o\" \/>\n<meta property=\"og:description\" content=\"A XP Investimentos e o empres\u00e1rio Michael Klein estariam fechando acordo para adquirir parte do Grupo P\u00e3o de A\u00e7\u00facar na Via Varejo. Entenda.\" \/>\n<meta property=\"og:url\" content=\"https:\/\/www.suno.com.br\/noticias\/via-varejo-alta-acoes-aquisicao\/\" \/>\n<meta property=\"og:site_name\" content=\"Suno Not\u00edcias\" \/>\n<meta property=\"article:publisher\" content=\"https:\/\/facebook.com\/sunoresearch\" \/>\n<meta property=\"og:image\" content=\"https:\/\/files.sunoresearch.com.br\/n\/uploads\/2019\/05\/ad132483-via-varejo.jpg\" \/>\n\t<meta property=\"og:image:width\" content=\"800\" \/>\n\t<meta property=\"og:image:height\" content=\"600\" \/>\n\t<meta property=\"og:image:type\" content=\"image\/jpeg\" \/>\n<meta name=\"author\" content=\"Beatriz Oliveira\" \/>\n<meta name=\"twitter:card\" content=\"summary_large_image\" \/>\n<meta name=\"twitter:creator\" content=\"@sunoresearch\" \/>\n<meta name=\"twitter:site\" content=\"@sunoresearch\" \/>\n<meta name=\"twitter:label1\" content=\"Escrito por\" \/>\n\t<meta name=\"twitter:data1\" content=\"Beatriz Oliveira\" \/>\n\t<meta name=\"twitter:label2\" content=\"Est. tempo de leitura\" \/>\n\t<meta name=\"twitter:data2\" content=\"2 minutos\" \/>\n<script type=\"application\/ld+json\" class=\"yoast-schema-graph\">{\"@context\":\"https:\/\/schema.org\",\"@graph\":[{\"@type\":\"NewsArticle\",\"@id\":\"https:\/\/www.suno.com.br\/noticias\/via-varejo-alta-acoes-aquisicao\/#article\",\"isPartOf\":{\"@id\":\"https:\/\/www.suno.com.br\/noticias\/via-varejo-alta-acoes-aquisicao\/\"},\"author\":{\"name\":\"Beatriz Oliveira\",\"@id\":\"https:\/\/www.suno.com.br\/noticias\/#\/schema\/person\/e67f665add014bf99f644028de070cc3\"},\"headline\":\"Via Varejo tem alta nas a\u00e7\u00f5es ap\u00f3s an\u00fancio de aquisi\u00e7\u00e3o\",\"datePublished\":\"2019-05-14T13:01:12+00:00\",\"mainEntityOfPage\":{\"@id\":\"https:\/\/www.suno.com.br\/noticias\/via-varejo-alta-acoes-aquisicao\/\"},\"wordCount\":427,\"publisher\":{\"@id\":\"https:\/\/www.suno.com.br\/noticias\/#organization\"},\"image\":{\"@id\":\"https:\/\/www.suno.com.br\/noticias\/via-varejo-alta-acoes-aquisicao\/#primaryimage\"},\"thumbnailUrl\":\"https:\/\/files.sunoresearch.com.br\/n\/uploads\/2019\/05\/ad132483-via-varejo-jpg.webp\",\"keywords\":[\"Via (VIIA3)\",\"XP Investimentos\"],\"articleSection\":[\"Neg\u00f3cios\"],\"inLanguage\":\"pt-BR\"},{\"@type\":\"WebPage\",\"@id\":\"https:\/\/www.suno.com.br\/noticias\/via-varejo-alta-acoes-aquisicao\/\",\"url\":\"https:\/\/www.suno.com.br\/noticias\/via-varejo-alta-acoes-aquisicao\/\",\"name\":\"Via Varejo tem alta nas a\u00e7\u00f5es ap\u00f3s an\u00fancio de aquisi\u00e7\u00e3o\",\"isPartOf\":{\"@id\":\"https:\/\/www.suno.com.br\/noticias\/#website\"},\"primaryImageOfPage\":{\"@id\":\"https:\/\/www.suno.com.br\/noticias\/via-varejo-alta-acoes-aquisicao\/#primaryimage\"},\"image\":{\"@id\":\"https:\/\/www.suno.com.br\/noticias\/via-varejo-alta-acoes-aquisicao\/#primaryimage\"},\"thumbnailUrl\":\"https:\/\/files.sunoresearch.com.br\/n\/uploads\/2019\/05\/ad132483-via-varejo-jpg.webp\",\"datePublished\":\"2019-05-14T13:01:12+00:00\",\"description\":\"A XP Investimentos e o empres\u00e1rio Michael Klein estariam fechando acordo para adquirir parte do Grupo P\u00e3o de A\u00e7\u00facar na Via Varejo. Entenda.\",\"breadcrumb\":{\"@id\":\"https:\/\/www.suno.com.br\/noticias\/via-varejo-alta-acoes-aquisicao\/#breadcrumb\"},\"inLanguage\":\"pt-BR\",\"potentialAction\":[{\"@type\":\"ReadAction\",\"target\":[\"https:\/\/www.suno.com.br\/noticias\/via-varejo-alta-acoes-aquisicao\/\"]}]},{\"@type\":\"ImageObject\",\"inLanguage\":\"pt-BR\",\"@id\":\"https:\/\/www.suno.com.br\/noticias\/via-varejo-alta-acoes-aquisicao\/#primaryimage\",\"url\":\"https:\/\/files.sunoresearch.com.br\/n\/uploads\/2019\/05\/ad132483-via-varejo-jpg.webp\",\"contentUrl\":\"https:\/\/files.sunoresearch.com.br\/n\/uploads\/2019\/05\/ad132483-via-varejo-jpg.webp\",\"width\":800,\"height\":600,\"caption\":\"Via Varejo (VVAR3) informa que pagou os alugu\u00e9is de mar\u00e7o\"},{\"@type\":\"BreadcrumbList\",\"@id\":\"https:\/\/www.suno.com.br\/noticias\/via-varejo-alta-acoes-aquisicao\/#breadcrumb\",\"itemListElement\":[{\"@type\":\"ListItem\",\"position\":1,\"name\":\"Not\u00edcias\",\"item\":\"https:\/\/www.suno.com.br\/noticias\/\"},{\"@type\":\"ListItem\",\"position\":2,\"name\":\"Neg\u00f3cios\",\"item\":\"https:\/\/www.suno.com.br\/noticias\/negocios\/\"},{\"@type\":\"ListItem\",\"position\":3,\"name\":\"Via Varejo tem alta nas a\u00e7\u00f5es ap\u00f3s an\u00fancio de aquisi\u00e7\u00e3o\"}]},{\"@type\":\"WebSite\",\"@id\":\"https:\/\/www.suno.com.br\/noticias\/#website\",\"url\":\"https:\/\/www.suno.com.br\/noticias\/\",\"name\":\"Suno Not\u00edcias\",\"description\":\"Seu portal de informa\u00e7\u00e3o sobre o mundo dos investimentos\",\"publisher\":{\"@id\":\"https:\/\/www.suno.com.br\/noticias\/#organization\"},\"potentialAction\":[{\"@type\":\"SearchAction\",\"target\":{\"@type\":\"EntryPoint\",\"urlTemplate\":\"https:\/\/www.suno.com.br\/noticias\/?s={search_term_string}\"},\"query-input\":{\"@type\":\"PropertyValueSpecification\",\"valueRequired\":true,\"valueName\":\"search_term_string\"}}],\"inLanguage\":\"pt-BR\"},{\"@type\":\"Organization\",\"@id\":\"https:\/\/www.suno.com.br\/noticias\/#organization\",\"name\":\"Suno Not\u00edcias\",\"url\":\"https:\/\/www.suno.com.br\/noticias\/\",\"logo\":{\"@type\":\"ImageObject\",\"inLanguage\":\"pt-BR\",\"@id\":\"https:\/\/www.suno.com.br\/noticias\/#\/schema\/logo\/image\/\",\"url\":\"https:\/\/files.sunoresearch.com.br\/n\/uploads\/2021\/09\/suno-logo.png\",\"contentUrl\":\"https:\/\/files.sunoresearch.com.br\/n\/uploads\/2021\/09\/suno-logo.png\",\"width\":180,\"height\":180,\"caption\":\"Suno Not\u00edcias\"},\"image\":{\"@id\":\"https:\/\/www.suno.com.br\/noticias\/#\/schema\/logo\/image\/\"},\"sameAs\":[\"https:\/\/facebook.com\/sunoresearch\",\"https:\/\/x.com\/sunoresearch\",\"https:\/\/www.instagram.com\/suno\",\"https:\/\/www.linkedin.com\/company\/suno-research\/\",\"https:\/\/www.youtube.com\/c\/sunoresearch\"]},{\"@type\":\"Person\",\"@id\":\"https:\/\/www.suno.com.br\/noticias\/#\/schema\/person\/e67f665add014bf99f644028de070cc3\",\"name\":\"Beatriz Oliveira\",\"image\":{\"@type\":\"ImageObject\",\"inLanguage\":\"pt-BR\",\"@id\":\"https:\/\/www.suno.com.br\/noticias\/#\/schema\/person\/image\/\",\"url\":\"https:\/\/secure.gravatar.com\/avatar\/c9aa6a0aaecc598d257d5d5bd349157d?s=96&r=g\",\"contentUrl\":\"https:\/\/secure.gravatar.com\/avatar\/c9aa6a0aaecc598d257d5d5bd349157d?s=96&r=g\",\"caption\":\"Beatriz Oliveira\"},\"description\":\"Formada em Jornalismo pela Faculdade Paulus de Tecnologia e Comunica\u00e7\u00e3o, Beatriz Oliveira escreve para o portal de not\u00edcias Suno Research. Antes, passou pelas reda\u00e7\u00f5es da Revista EXAME e da Rede Bandeirantes.\",\"url\":\"https:\/\/www.suno.com.br\/noticias\/author\/beatriz\/\"}]}<\/script>\n<!-- \/ Yoast SEO plugin. -->","yoast_head_json":{"title":"Via Varejo tem alta nas a\u00e7\u00f5es ap\u00f3s an\u00fancio de aquisi\u00e7\u00e3o","description":"A XP Investimentos e o empres\u00e1rio Michael Klein estariam fechando acordo para adquirir parte do Grupo P\u00e3o de A\u00e7\u00facar na Via Varejo. Entenda.","robots":{"index":"index","follow":"follow","max-snippet":"max-snippet:-1","max-image-preview":"max-image-preview:large","max-video-preview":"max-video-preview:-1"},"canonical":"https:\/\/www.suno.com.br\/noticias\/via-varejo-alta-acoes-aquisicao\/","og_locale":"pt_BR","og_type":"article","og_title":"Via Varejo tem alta nas a\u00e7\u00f5es ap\u00f3s an\u00fancio de aquisi\u00e7\u00e3o","og_description":"A XP Investimentos e o empres\u00e1rio Michael Klein estariam fechando acordo para adquirir parte do Grupo P\u00e3o de A\u00e7\u00facar na Via Varejo. Entenda.","og_url":"https:\/\/www.suno.com.br\/noticias\/via-varejo-alta-acoes-aquisicao\/","og_site_name":"Suno Not\u00edcias","article_publisher":"https:\/\/facebook.com\/sunoresearch","og_image":[{"width":800,"height":600,"url":"https:\/\/files.sunoresearch.com.br\/n\/uploads\/2019\/05\/ad132483-via-varejo.jpg","type":"image\/jpeg"}],"author":"Beatriz Oliveira","twitter_card":"summary_large_image","twitter_creator":"@sunoresearch","twitter_site":"@sunoresearch","twitter_misc":{"Escrito por":"Beatriz Oliveira","Est. tempo de leitura":"2 minutos"},"schema":{"@context":"https:\/\/schema.org","@graph":[{"@type":"NewsArticle","@id":"https:\/\/www.suno.com.br\/noticias\/via-varejo-alta-acoes-aquisicao\/#article","isPartOf":{"@id":"https:\/\/www.suno.com.br\/noticias\/via-varejo-alta-acoes-aquisicao\/"},"author":{"name":"Beatriz Oliveira","@id":"https:\/\/www.suno.com.br\/noticias\/#\/schema\/person\/e67f665add014bf99f644028de070cc3"},"headline":"Via Varejo tem alta nas a\u00e7\u00f5es ap\u00f3s an\u00fancio de aquisi\u00e7\u00e3o","datePublished":"2019-05-14T13:01:12+00:00","mainEntityOfPage":{"@id":"https:\/\/www.suno.com.br\/noticias\/via-varejo-alta-acoes-aquisicao\/"},"wordCount":427,"publisher":{"@id":"https:\/\/www.suno.com.br\/noticias\/#organization"},"image":{"@id":"https:\/\/www.suno.com.br\/noticias\/via-varejo-alta-acoes-aquisicao\/#primaryimage"},"thumbnailUrl":"https:\/\/files.sunoresearch.com.br\/n\/uploads\/2019\/05\/ad132483-via-varejo-jpg.webp","keywords":["Via (VIIA3)","XP Investimentos"],"articleSection":["Neg\u00f3cios"],"inLanguage":"pt-BR"},{"@type":"WebPage","@id":"https:\/\/www.suno.com.br\/noticias\/via-varejo-alta-acoes-aquisicao\/","url":"https:\/\/www.suno.com.br\/noticias\/via-varejo-alta-acoes-aquisicao\/","name":"Via Varejo tem alta nas a\u00e7\u00f5es ap\u00f3s an\u00fancio de aquisi\u00e7\u00e3o","isPartOf":{"@id":"https:\/\/www.suno.com.br\/noticias\/#website"},"primaryImageOfPage":{"@id":"https:\/\/www.suno.com.br\/noticias\/via-varejo-alta-acoes-aquisicao\/#primaryimage"},"image":{"@id":"https:\/\/www.suno.com.br\/noticias\/via-varejo-alta-acoes-aquisicao\/#primaryimage"},"thumbnailUrl":"https:\/\/files.sunoresearch.com.br\/n\/uploads\/2019\/05\/ad132483-via-varejo-jpg.webp","datePublished":"2019-05-14T13:01:12+00:00","description":"A XP Investimentos e o empres\u00e1rio Michael Klein estariam fechando acordo para adquirir parte do Grupo P\u00e3o de A\u00e7\u00facar na Via Varejo. Entenda.","breadcrumb":{"@id":"https:\/\/www.suno.com.br\/noticias\/via-varejo-alta-acoes-aquisicao\/#breadcrumb"},"inLanguage":"pt-BR","potentialAction":[{"@type":"ReadAction","target":["https:\/\/www.suno.com.br\/noticias\/via-varejo-alta-acoes-aquisicao\/"]}]},{"@type":"ImageObject","inLanguage":"pt-BR","@id":"https:\/\/www.suno.com.br\/noticias\/via-varejo-alta-acoes-aquisicao\/#primaryimage","url":"https:\/\/files.sunoresearch.com.br\/n\/uploads\/2019\/05\/ad132483-via-varejo-jpg.webp","contentUrl":"https:\/\/files.sunoresearch.com.br\/n\/uploads\/2019\/05\/ad132483-via-varejo-jpg.webp","width":800,"height":600,"caption":"Via Varejo (VVAR3) informa que pagou os alugu\u00e9is de mar\u00e7o"},{"@type":"BreadcrumbList","@id":"https:\/\/www.suno.com.br\/noticias\/via-varejo-alta-acoes-aquisicao\/#breadcrumb","itemListElement":[{"@type":"ListItem","position":1,"name":"Not\u00edcias","item":"https:\/\/www.suno.com.br\/noticias\/"},{"@type":"ListItem","position":2,"name":"Neg\u00f3cios","item":"https:\/\/www.suno.com.br\/noticias\/negocios\/"},{"@type":"ListItem","position":3,"name":"Via Varejo tem alta nas a\u00e7\u00f5es ap\u00f3s an\u00fancio de aquisi\u00e7\u00e3o"}]},{"@type":"WebSite","@id":"https:\/\/www.suno.com.br\/noticias\/#website","url":"https:\/\/www.suno.com.br\/noticias\/","name":"Suno Not\u00edcias","description":"Seu portal de informa\u00e7\u00e3o sobre o mundo dos investimentos","publisher":{"@id":"https:\/\/www.suno.com.br\/noticias\/#organization"},"potentialAction":[{"@type":"SearchAction","target":{"@type":"EntryPoint","urlTemplate":"https:\/\/www.suno.com.br\/noticias\/?s={search_term_string}"},"query-input":{"@type":"PropertyValueSpecification","valueRequired":true,"valueName":"search_term_string"}}],"inLanguage":"pt-BR"},{"@type":"Organization","@id":"https:\/\/www.suno.com.br\/noticias\/#organization","name":"Suno Not\u00edcias","url":"https:\/\/www.suno.com.br\/noticias\/","logo":{"@type":"ImageObject","inLanguage":"pt-BR","@id":"https:\/\/www.suno.com.br\/noticias\/#\/schema\/logo\/image\/","url":"https:\/\/files.sunoresearch.com.br\/n\/uploads\/2021\/09\/suno-logo.png","contentUrl":"https:\/\/files.sunoresearch.com.br\/n\/uploads\/2021\/09\/suno-logo.png","width":180,"height":180,"caption":"Suno Not\u00edcias"},"image":{"@id":"https:\/\/www.suno.com.br\/noticias\/#\/schema\/logo\/image\/"},"sameAs":["https:\/\/facebook.com\/sunoresearch","https:\/\/x.com\/sunoresearch","https:\/\/www.instagram.com\/suno","https:\/\/www.linkedin.com\/company\/suno-research\/","https:\/\/www.youtube.com\/c\/sunoresearch"]},{"@type":"Person","@id":"https:\/\/www.suno.com.br\/noticias\/#\/schema\/person\/e67f665add014bf99f644028de070cc3","name":"Beatriz Oliveira","image":{"@type":"ImageObject","inLanguage":"pt-BR","@id":"https:\/\/www.suno.com.br\/noticias\/#\/schema\/person\/image\/","url":"https:\/\/secure.gravatar.com\/avatar\/c9aa6a0aaecc598d257d5d5bd349157d?s=96&r=g","contentUrl":"https:\/\/secure.gravatar.com\/avatar\/c9aa6a0aaecc598d257d5d5bd349157d?s=96&r=g","caption":"Beatriz Oliveira"},"description":"Formada em Jornalismo pela Faculdade Paulus de Tecnologia e Comunica\u00e7\u00e3o, Beatriz Oliveira escreve para o portal de not\u00edcias Suno Research. Antes, passou pelas reda\u00e7\u00f5es da Revista EXAME e da Rede Bandeirantes.","url":"https:\/\/www.suno.com.br\/noticias\/author\/beatriz\/"}]}},"default_loop_html":"<div class=\"cardsPage__listCard__boxs\"><div class=\"cardsPage__listCard__boxs__img\"><a href=\"https:\/\/www.suno.com.br\/noticias\/via-varejo-alta-acoes-aquisicao\/\"><img class=\"mask\" src=\"https:\/\/www.suno.com.br\/noticias\/wp-content\/themes\/suno\/resources\/images\/spotlight\/spotlight1img\/bg-mask.png\" alt=\"Image Mask\"\/><img src=\"https:\/\/files.sunoresearch.com.br\/n\/uploads\/2019\/05\/ad132483-via-varejo-400x200.webp\" alt=\"Via Varejo tem alta nas a\u00e7\u00f5es ap\u00f3s an\u00fancio de aquisi\u00e7\u00e3o\"\/><\/a><span class=\"spotlightCategory\"><a href=\"https:\/\/www.suno.com.br\/noticias\/negocios\/\">Neg\u00f3cios<\/a><\/span><\/div><div class=\"cardsPage__listCard__boxs__content\"><a href=\"https:\/\/www.suno.com.br\/noticias\/via-varejo-alta-acoes-aquisicao\/\"><h2 class=\"content__title\">Via Varejo tem alta nas a\u00e7\u00f5es ap\u00f3s an\u00fancio de aquisi\u00e7\u00e3o<\/h2><\/a><div class=\"newsContent__article__meta\"><div class=\"newsContent__article__meta__authorBox\"><a href=\"https:\/\/www.suno.com.br\/noticias\/author\/beatriz\/\" class=\"authorBox__avatar noMobi\"><img src=\"https:\/\/secure.gravatar.com\/avatar\/c9aa6a0aaecc598d257d5d5bd349157d?s=96&#038;r=g\" alt=\"Beatriz Oliveira\"><\/a><div class=\"authorBox__name\"><span>por\n\t\t\t<a href=\"https:\/\/www.suno.com.br\/noticias\/author\/beatriz\/\"><span itemprop=\"author\">Beatriz Oliveira<\/span><\/a><\/span><time datetime=\"2019-05-14T10:01:12-03:00\" itemprop=\"datePublished\">14\/05\/2019 10:01<\/time><\/div><\/div><\/div><\/div><\/div>","single_layout":"posts","amp_enabled":true,"_links":{"self":[{"href":"https:\/\/www.suno.com.br\/noticias\/wp-json\/wp\/v2\/posts\/24432"}],"collection":[{"href":"https:\/\/www.suno.com.br\/noticias\/wp-json\/wp\/v2\/posts"}],"about":[{"href":"https:\/\/www.suno.com.br\/noticias\/wp-json\/wp\/v2\/types\/post"}],"author":[{"embeddable":true,"href":"https:\/\/www.suno.com.br\/noticias\/wp-json\/wp\/v2\/users\/16"}],"replies":[{"embeddable":true,"href":"https:\/\/www.suno.com.br\/noticias\/wp-json\/wp\/v2\/comments?post=24432"}],"version-history":[{"count":0,"href":"https:\/\/www.suno.com.br\/noticias\/wp-json\/wp\/v2\/posts\/24432\/revisions"}],"wp:featuredmedia":[{"embeddable":true,"href":"https:\/\/www.suno.com.br\/noticias\/wp-json\/wp\/v2\/media\/24442"}],"wp:attachment":[{"href":"https:\/\/www.suno.com.br\/noticias\/wp-json\/wp\/v2\/media?parent=24432"}],"wp:term":[{"taxonomy":"category","embeddable":true,"href":"https:\/\/www.suno.com.br\/noticias\/wp-json\/wp\/v2\/categories?post=24432"},{"taxonomy":"post_tag","embeddable":true,"href":"https:\/\/www.suno.com.br\/noticias\/wp-json\/wp\/v2\/tags?post=24432"},{"taxonomy":"suno_strategy","embeddable":true,"href":"https:\/\/www.suno.com.br\/noticias\/wp-json\/wp\/v2\/suno_strategy?post=24432"}],"curies":[{"name":"wp","href":"https:\/\/api.w.org\/{rel}","templated":true}]}}