{"id":244300,"date":"2022-03-23T10:28:22","date_gmt":"2022-03-23T13:28:22","guid":{"rendered":"https:\/\/www.suno.com.br\/noticias\/?p=244300"},"modified":"2022-03-23T10:28:22","modified_gmt":"2022-03-23T13:28:22","slug":"itausa-itsa4-weg-wege3-e-eletrobras-elet3-mercado-financeiro","status":"publish","type":"post","link":"https:\/\/www.suno.com.br\/noticias\/itausa-itsa4-weg-wege3-e-eletrobras-elet3-mercado-financeiro\/","title":{"rendered":"Ita\u00fasa (ITSA4), Weg (WEGE3) e Eletrobras (ELET3) agitam mercado financeiro"},"content":{"rendered":"<p>Nos destaques do mercado financeiro desta quarta-feira (23), chama a aten\u00e7\u00e3o do investidor a<a href=\"https:\/\/www.suno.com.br\/acoes\/itsa4\/\"><strong> Ita\u00fasa<\/strong> (ITSA4)<\/a> que vendeu R$1,8 bilh\u00e3o em a\u00e7\u00f5es da XP e pretende vendar mais este ano.<\/p>\t<div class=\"wrapper-featured-image\">\n\t\t<figure class=\"spotlightImg\">\n\n\t\t\t<picture>\n\t\t\t\t<source media=\"(max-width: 768px)\" srcset=\"https:\/\/files.sunoresearch.com.br\/n\/uploads\/2021\/02\/7db34773-itausa-1280x720-1-400x200.webp\">\n\t\t\t\t<img loading=\"lazy\" decoding=\"async\" class=\"newsContent__article__imgCapa lazyloadDisabled \" src=\"https:\/\/files.sunoresearch.com.br\/n\/uploads\/2021\/02\/7db34773-itausa-1280x720-1-800x450.webp\" width=\"800\" height=\"450\" alt=\"Ita\u00fasa (ITSA4), Weg (WEGE3) e Eletrobras (ELET3) agitam mercado financeiro\" fetchpriority=high \/>\n\t\t\t<\/picture>\n\n\t\t\t<figcaption class=\"wp-caption-text wp-caption-text--show\">Ita\u00fasa (ITSA4). Foto: Divulga\u00e7\u00e3o<\/figcaption>\n\t\t<\/figure>\n\t<\/div>\n\n\n\t<p>\n\t\t<a href=\"https:\/\/lp.suno.com.br\/planilha-controle-gastos\/\" target=\"_blank\" data-element=\"shortcode-suno-banner\" title=\"Banner SUNO, clique e saiba mais\">\n\t\t\t<picture>\n\t\t\t\t<source media=\"(max-width: 500px)\" srcset=\"https:\/\/files.sunoresearch.com.br\/n\/uploads\/2023\/03\/400x300-Planilha-controle-de-gastos.png\">\n\t\t\t\t<img class=\"newsContent__article__imgCapa newsContent__article__imgCapa--banner\"\n\t\t\t\t\tsrc=\"https:\/\/files.sunoresearch.com.br\/n\/uploads\/2023\/03\/1420x240-Planilha-controle-de-gastos.png\"\n\t\t\t\t\tdata-promo-id=\"101751\"\t\t\t\t\t\t\t\t\t\twidth='1420' height='240'\t\t\t\t\talt=\"https:\/\/files.sunoresearch.com.br\/n\/uploads\/2023\/03\/1420x240-Planilha-controle-de-gastos.png\"\n\t\t\t\t>\n\t\t\t<\/picture>\n\t\t<\/a>\n\t<\/p>\n\n\n<p>Al\u00e9m da Ita\u00fasa, est\u00e1 tamb\u00e9m entre os destaques do mercado financeiro a <a href=\"https:\/\/www.suno.com.br\/acoes\/WEGE3\/\"><strong>Weg<\/strong> (WEGE3)<\/a> que vai pagar R$ 154,2 milh\u00f5es em juros sobre o capital pr\u00f3prio (JCP). J\u00e1 os t\u00e9cnicos do Tribunal de Contas da Uni\u00e3o (TCU) recomendaram a aprova\u00e7\u00e3o da privatiza\u00e7\u00e3o da <a href=\"https:\/\/www.suno.com.br\/acoes\/ELET3\/\"><strong>Eletrobras<\/strong> (ELET3)<\/a>.<\/p>\n<p>Por sua vez, a <a href=\"https:\/\/www.suno.com.br\/acoes\/brkm5\/\"><strong>Braskem<\/strong> (BRKM5)<\/a> planeja cis\u00e3o e abertura de capital (IPO) do seu &#8216;bra\u00e7o ESG&#8217;.<\/p>\n\t<p>\n\t\t<a href=\"\" target=\"_blank\" data-element=\"shortcode-suno-banner\" title=\"Banner SUNO, clique e saiba mais\">\n\t\t\t<picture>\n\t\t\t\t<source media=\"(max-width: 500px)\" srcset=\"\">\n\t\t\t\t<img class=\"newsContent__article__imgCapa newsContent__article__imgCapa--banner\"\n\t\t\t\t\tsrc=\"\"\n\t\t\t\t\tdata-promo-id=\"138420\"\t\t\t\t\t\t\t\t\t\t\t\t\t\t\talt=\"\"\n\t\t\t\t>\n\t\t\t<\/picture>\n\t\t<\/a>\n\t<\/p>\n\n\n<p>Veja os destaques do mercado financeiro:<\/p>\n<h2>Ita\u00fasa<\/h2>\n<p>O <strong>Ita\u00fasa<\/strong> realizou a venda de 12 milh\u00f5es de a\u00e7\u00f5es de Classe A da XP, segundo <a class=\"suno-keyword\" href=\"https:\/\/www.suno.com.br\/artigos\/fato-relevante\/\" target=\"_blank\" rel=\"noopener\" data-force=\"no\" data-priority=\"1\">fato relevante<\/a> arquivado na manh\u00e3 desta quarta-feira (23).<\/p>\n\t<div data-element=\"shortcode-read-more\" class=\"knowMore\">\n\t\t\t\t<span class=\"knowMore__title\">Saiba Mais<\/span>\n\t\t\t\t<a class=\"knowMore__link\" href=\"https:\/\/www.suno.com.br\/noticias\/itausa-itau-itsa4-acoes-xp-venda\/\">\n\t\t\tIta\u00fasa (ITSA4) vende R$ 1,8 bilh\u00e3o em a\u00e7\u00f5es da XP e deve vender mais este ano\t\t<\/a>\n\t<\/div>\n\n\n<p>A venda de\u00a0<strong>a\u00e7\u00f5es da XP<\/strong> pela <em><a href=\"https:\/\/www.suno.com.br\/artigos\/o-que-e-uma-holding\/\">holding<\/a> <\/em>gerou uma cifra de R$1,8 bilh\u00e3o \u00e0 tesouraria, considerando que os pap\u00e9is da XP s\u00e3o listados nos EUA e a cota\u00e7\u00e3o do c\u00e2mbio da v\u00e9spera foi de R$ 4,915. A fatia da <strong>venda do Ita\u00fasa<\/strong> foi de 2,14% do capital total da companhia.<\/p>\n<p>Com o movimento, a esta forma, a Ita\u00fasa passa a deter um\u00a0 montante de 64,47 milh\u00f5es de <a class=\"suno-keyword\" href=\"https:\/\/www.suno.com.br\/artigos\/o-que-sao-acoes-ordinarias-preferenciais-e-units\/\" target=\"_blank\" rel=\"noopener\" data-force=\"no\" data-priority=\"1\">a\u00e7\u00f5es ordin\u00e1rias<\/a> de Classe A de emiss\u00e3o da <strong>XP<\/strong>.<\/p>\n<h2>Weg<\/h2>\n<p>A <strong>Weg<\/strong> informou que o <a class=\"suno-keyword\" href=\"https:\/\/www.suno.com.br\/artigos\/conselho-administracao\/\" target=\"_blank\" rel=\"noopener\" data-force=\"no\" data-priority=\"1\">Conselho de Administra\u00e7\u00e3o<\/a> aprovou o pagamento de R$ 154.275.008,03 em <a class=\"suno-keyword\" href=\"https:\/\/www.suno.com.br\/artigos\/entenda-o-jcp\/\" target=\"_blank\" rel=\"noopener\" data-force=\"no\" data-priority=\"1\">Juros Sobre Capital Pr\u00f3prio<\/a> (JCP) aos seus acionistas.<\/p>\n\t<div data-element=\"shortcode-read-more\" class=\"knowMore\">\n\t\t\t\t<span class=\"knowMore__title\">Saiba Mais<\/span>\n\t\t\t\t<a class=\"knowMore__link\" href=\"https:\/\/www.suno.com.br\/noticias\/weg-wege3-jcp-154-milhoes\/\">\n\t\t\tWeg (WEGE3) vai pagar R$ 154,2 milh\u00f5es em JCP; confira o valor por a\u00e7\u00e3o\t\t<\/a>\n\t<\/div>\n\n\n<p>De acordo com o <a class=\"suno-keyword\" href=\"https:\/\/www.suno.com.br\/artigos\/fato-relevante\/\" target=\"_blank\" rel=\"noopener\" data-force=\"no\" data-priority=\"1\">fato relevante<\/a> enviado \u00e0 <strong>Comiss\u00e3o de Valores Mobili\u00e1rios (CVM)<\/strong>, o valor dos proventos por a\u00e7\u00e3o ser\u00e1 de R$ 0,0367, que ser\u00e3o pagos em 17 de agosto de 2022. Apenas os investidores com <strong>a\u00e7\u00f5es da Weg<\/strong> no dia 25 de mar\u00e7o ter\u00e3o direito de receber os rendimentos. A partir do dia 28 de mar\u00e7o, as a\u00e7\u00f5es ser\u00e3o negociadas sem direito aos <a class=\"suno-keyword\" href=\"https:\/\/www.suno.com.br\/guias\/dividendos\/\" target=\"_blank\" rel=\"noopener\" data-force=\"no\" data-priority=\"1\">dividendos<\/a>.<\/p>\n<h2>Eletrobras<\/h2>\n<p>Os t\u00e9cnicos do Tribunal de Contas da Uni\u00e3o (TCU) recomendam a aprova\u00e7\u00e3o da segunda e \u00faltima an\u00e1lise de privatiza\u00e7\u00e3o da <strong>Eletrobras<\/strong>. A informa\u00e7\u00e3o foi divulgada pelo jornal <em>O Globo<\/em>.<\/p>\n\t<div data-element=\"shortcode-read-more\" class=\"knowMore\">\n\t\t\t\t<span class=\"knowMore__title\">Saiba Mais<\/span>\n\t\t\t\t<a class=\"knowMore__link\" href=\"https:\/\/www.suno.com.br\/noticias\/eletrobras-elet3-privatizaca-tcu-aprovam\/\">\n\t\t\tEletrobras (ELET3): T\u00e9cnicos do TCU recomendam aprovar privatiza\u00e7\u00e3o e governo quer capitalizar at\u00e9 maio\t\t<\/a>\n\t<\/div>\n\n\n<p>O documento sobre a <strong>privatiza\u00e7\u00e3o da Eletrobras<\/strong> foi enviado para o Minist\u00e9rio P\u00fablico de Contas e seguir\u00e1 para a avalia\u00e7\u00e3o dos ministros do TCU. O julgamento ainda n\u00e3o foi marcado mas, se os ministros aprovarem, o governo federal poder\u00e1 marcar a data da desestatiza\u00e7\u00e3o da companhia.<\/p>\n\t<p>\n\t\t<a href=\"https:\/\/lp.suno.com.br\/planilha-da-vida-financeira\/\" target=\"_blank\" data-element=\"shortcode-suno-banner\" title=\"Banner SUNO, clique e saiba mais\">\n\t\t\t<picture>\n\t\t\t\t<source media=\"(max-width: 500px)\" srcset=\"https:\/\/files.sunoresearch.com.br\/n\/uploads\/2023\/04\/400x300-Planilha-vida-financeira-true.png\">\n\t\t\t\t<img class=\"newsContent__article__imgCapa newsContent__article__imgCapa--banner\"\n\t\t\t\t\tsrc=\"https:\/\/files.sunoresearch.com.br\/n\/uploads\/2023\/04\/1420x240-Planilha-vida-financeira-true.png\"\n\t\t\t\t\tdata-promo-id=\"106682\"\t\t\t\t\t\t\t\t\t\twidth='1420' height='240'\t\t\t\t\talt=\"https:\/\/files.sunoresearch.com.br\/n\/uploads\/2023\/04\/1420x240-Planilha-vida-financeira-true.png\"\n\t\t\t\t>\n\t\t\t<\/picture>\n\t\t<\/a>\n\t<\/p>\n\n\n<h2>Braskem<\/h2>\n<p>A <strong>Braskem<\/strong> planeja uma mudan\u00e7a na sua estrutura de neg\u00f3cios, com uma cis\u00e3o da sua divis\u00e3o que lida com os biopol\u00edmeros &#8211; conhecidos como pl\u00e1stico verde. A informa\u00e7\u00e3o foi apurada com fontes que est\u00e3o a par do neg\u00f3cio pelo Valor Econ\u00f4mico.<\/p>\n\t<div data-element=\"shortcode-read-more\" class=\"knowMore\">\n\t\t\t\t<span class=\"knowMore__title\">Saiba Mais<\/span>\n\t\t\t\t<a class=\"knowMore__link\" href=\"https:\/\/www.suno.com.br\/noticias\/braskem-brkm5-cisao-ipo-esg\/\">\n\t\t\tBraskem (BRKM5) planeja cis\u00e3o e IPO do seu &#039;bra\u00e7o ESG&#039;, diz jornal\t\t<\/a>\n\t<\/div>\n\n\n<p>Este bra\u00e7o da Braskem \u00e9 avaliado em cerca de US$ 2 bilh\u00f5es, e atualmente a companhia busca investidores estrat\u00e9gicos. O Citi j\u00e1 foi contatado como poss\u00edvel assessor para que seja levantado capital.<\/p>\n<p>Os destaques do mercado financeiro do Suno Not\u00edcias mostram os principais acontecimentos que prometem movimentar o mercado durante o dia, como a <b>Ita\u00fasa <\/b>que deve estar no foco dos investidores ao longo do dia.<\/p>\n\t<p>\n\t\t<a href=\"https:\/\/lp.suno.com.br\/planilha-de-controle-de-investimentos\/\" target=\"_blank\" data-element=\"shortcode-suno-banner\" title=\"Banner SUNO, clique e saiba mais\">\n\t\t\t<picture>\n\t\t\t\t<source media=\"(max-width: 500px)\" srcset=\"https:\/\/files.sunoresearch.com.br\/n\/uploads\/2023\/03\/400x300-Controle-de-Investimentos.png\">\n\t\t\t\t<img class=\"newsContent__article__imgCapa newsContent__article__imgCapa--banner\"\n\t\t\t\t\tsrc=\"https:\/\/files.sunoresearch.com.br\/n\/uploads\/2023\/03\/1420x240-Controle-de-Investimentos.png\"\n\t\t\t\t\tdata-promo-id=\"75934\"\t\t\t\t\t\t\t\t\t\twidth='1420' height='240'\t\t\t\t\talt=\"https:\/\/files.sunoresearch.com.br\/n\/uploads\/2023\/03\/1420x240-Controle-de-Investimentos.png\"\n\t\t\t\t>\n\t\t\t<\/picture>\n\t\t<\/a>\n\t<\/p>\n\n\n","protected":false},"excerpt":{"rendered":"<p>Nos destaques do mercado financeiro desta quarta-feira (23), chama a aten\u00e7\u00e3o do investidor a Ita\u00fasa (ITSA4) que vendeu R$1,8 bilh\u00e3o em a\u00e7\u00f5es da XP e pretende vendar mais este ano. Ita\u00fasa (ITSA4). Foto: Divulga\u00e7\u00e3o Al\u00e9m da Ita\u00fasa, est\u00e1 tamb\u00e9m entre os destaques do mercado financeiro a Weg (WEGE3) que vai pagar R$ 154,2 milh\u00f5es em [&hellip;]<\/p>\n","protected":false},"author":15,"featured_media":125632,"comment_status":"closed","ping_status":"closed","sticky":false,"template":"","format":"standard","meta":[],"categories":[64],"tags":[455,517,681],"suno_strategy":[],"class_list":["post-244300","post","type-post","status-publish","format-standard","has-post-thumbnail","hentry","category-negocios","tag-eletrobras-elet3-elet5-elet6","tag-itausa-itsa3-itsa4","tag-weg-wege3"],"yoast_head":"<!-- This site is optimized with the Yoast SEO plugin v24.4 - https:\/\/yoast.com\/wordpress\/plugins\/seo\/ -->\n<title>Ita\u00fasa (ITSA4), Weg (WEGE3) e Eletrobras (ELET3) agitam mercado<\/title>\n<meta name=\"description\" content=\"Os destaques do mercado financeiro do Suno Not\u00edcias mostram os principais acontecimentos, como a Ita\u00fasa (ITSA4). Clique aqui\" \/>\n<meta name=\"robots\" content=\"index, follow, max-snippet:-1, max-image-preview:large, max-video-preview:-1\" \/>\n<link rel=\"canonical\" href=\"https:\/\/www.suno.com.br\/noticias\/itausa-itsa4-weg-wege3-e-eletrobras-elet3-mercado-financeiro\/\" \/>\n<meta property=\"og:locale\" content=\"pt_BR\" \/>\n<meta property=\"og:type\" content=\"article\" \/>\n<meta property=\"og:title\" content=\"Ita\u00fasa (ITSA4), Weg (WEGE3) e Eletrobras (ELET3) agitam mercado\" \/>\n<meta property=\"og:description\" content=\"Os destaques do mercado financeiro do Suno Not\u00edcias mostram os principais acontecimentos, como a Ita\u00fasa (ITSA4). Clique aqui\" \/>\n<meta property=\"og:url\" content=\"https:\/\/www.suno.com.br\/noticias\/itausa-itsa4-weg-wege3-e-eletrobras-elet3-mercado-financeiro\/\" \/>\n<meta property=\"og:site_name\" content=\"Suno Not\u00edcias\" \/>\n<meta property=\"article:publisher\" content=\"https:\/\/facebook.com\/sunoresearch\" \/>\n<meta property=\"og:image\" content=\"https:\/\/files.sunoresearch.com.br\/n\/uploads\/2021\/02\/7db34773-itausa-1280x720-1.jpg\" \/>\n\t<meta property=\"og:image:width\" content=\"1280\" \/>\n\t<meta property=\"og:image:height\" content=\"720\" \/>\n\t<meta property=\"og:image:type\" content=\"image\/jpeg\" \/>\n<meta name=\"author\" content=\"Poliana Santos\" \/>\n<meta name=\"twitter:card\" content=\"summary_large_image\" \/>\n<meta name=\"twitter:creator\" content=\"@sunoresearch\" \/>\n<meta name=\"twitter:site\" content=\"@sunoresearch\" \/>\n<meta name=\"twitter:label1\" content=\"Escrito por\" \/>\n\t<meta name=\"twitter:data1\" content=\"Poliana Santos\" \/>\n\t<meta name=\"twitter:label2\" content=\"Est. tempo de leitura\" \/>\n\t<meta name=\"twitter:data2\" content=\"3 minutos\" \/>\n<script type=\"application\/ld+json\" class=\"yoast-schema-graph\">{\"@context\":\"https:\/\/schema.org\",\"@graph\":[{\"@type\":\"NewsArticle\",\"@id\":\"https:\/\/www.suno.com.br\/noticias\/itausa-itsa4-weg-wege3-e-eletrobras-elet3-mercado-financeiro\/#article\",\"isPartOf\":{\"@id\":\"https:\/\/www.suno.com.br\/noticias\/itausa-itsa4-weg-wege3-e-eletrobras-elet3-mercado-financeiro\/\"},\"author\":{\"name\":\"Poliana Santos\",\"@id\":\"https:\/\/www.suno.com.br\/noticias\/#\/schema\/person\/02ec1f752758247878a2bf4abee1aeda\"},\"headline\":\"Ita\u00fasa (ITSA4), Weg (WEGE3) e Eletrobras (ELET3) agitam mercado financeiro\",\"datePublished\":\"2022-03-23T13:28:22+00:00\",\"mainEntityOfPage\":{\"@id\":\"https:\/\/www.suno.com.br\/noticias\/itausa-itsa4-weg-wege3-e-eletrobras-elet3-mercado-financeiro\/\"},\"wordCount\":579,\"publisher\":{\"@id\":\"https:\/\/www.suno.com.br\/noticias\/#organization\"},\"image\":{\"@id\":\"https:\/\/www.suno.com.br\/noticias\/itausa-itsa4-weg-wege3-e-eletrobras-elet3-mercado-financeiro\/#primaryimage\"},\"thumbnailUrl\":\"https:\/\/files.sunoresearch.com.br\/n\/uploads\/2021\/02\/7db34773-itausa-1280x720-1-jpg.webp\",\"keywords\":[\"Eletrobras (ELET3\/ELET5\/ELET6)\",\"Ita\u00fasa (ITSA3\/ITSA4)\",\"Weg (WEGE3)\"],\"articleSection\":[\"Neg\u00f3cios\"],\"inLanguage\":\"pt-BR\"},{\"@type\":\"WebPage\",\"@id\":\"https:\/\/www.suno.com.br\/noticias\/itausa-itsa4-weg-wege3-e-eletrobras-elet3-mercado-financeiro\/\",\"url\":\"https:\/\/www.suno.com.br\/noticias\/itausa-itsa4-weg-wege3-e-eletrobras-elet3-mercado-financeiro\/\",\"name\":\"Ita\u00fasa (ITSA4), Weg (WEGE3) e Eletrobras (ELET3) agitam mercado\",\"isPartOf\":{\"@id\":\"https:\/\/www.suno.com.br\/noticias\/#website\"},\"primaryImageOfPage\":{\"@id\":\"https:\/\/www.suno.com.br\/noticias\/itausa-itsa4-weg-wege3-e-eletrobras-elet3-mercado-financeiro\/#primaryimage\"},\"image\":{\"@id\":\"https:\/\/www.suno.com.br\/noticias\/itausa-itsa4-weg-wege3-e-eletrobras-elet3-mercado-financeiro\/#primaryimage\"},\"thumbnailUrl\":\"https:\/\/files.sunoresearch.com.br\/n\/uploads\/2021\/02\/7db34773-itausa-1280x720-1-jpg.webp\",\"datePublished\":\"2022-03-23T13:28:22+00:00\",\"description\":\"Os destaques do mercado financeiro do Suno Not\u00edcias mostram os principais acontecimentos, como a Ita\u00fasa (ITSA4). Clique aqui\",\"breadcrumb\":{\"@id\":\"https:\/\/www.suno.com.br\/noticias\/itausa-itsa4-weg-wege3-e-eletrobras-elet3-mercado-financeiro\/#breadcrumb\"},\"inLanguage\":\"pt-BR\",\"potentialAction\":[{\"@type\":\"ReadAction\",\"target\":[\"https:\/\/www.suno.com.br\/noticias\/itausa-itsa4-weg-wege3-e-eletrobras-elet3-mercado-financeiro\/\"]}]},{\"@type\":\"ImageObject\",\"inLanguage\":\"pt-BR\",\"@id\":\"https:\/\/www.suno.com.br\/noticias\/itausa-itsa4-weg-wege3-e-eletrobras-elet3-mercado-financeiro\/#primaryimage\",\"url\":\"https:\/\/files.sunoresearch.com.br\/n\/uploads\/2021\/02\/7db34773-itausa-1280x720-1-jpg.webp\",\"contentUrl\":\"https:\/\/files.sunoresearch.com.br\/n\/uploads\/2021\/02\/7db34773-itausa-1280x720-1-jpg.webp\",\"width\":1280,\"height\":720,\"caption\":\"Ita\u00fasa (ITSA4). Foto: Divulga\u00e7\u00e3o\"},{\"@type\":\"BreadcrumbList\",\"@id\":\"https:\/\/www.suno.com.br\/noticias\/itausa-itsa4-weg-wege3-e-eletrobras-elet3-mercado-financeiro\/#breadcrumb\",\"itemListElement\":[{\"@type\":\"ListItem\",\"position\":1,\"name\":\"Not\u00edcias\",\"item\":\"https:\/\/www.suno.com.br\/noticias\/\"},{\"@type\":\"ListItem\",\"position\":2,\"name\":\"Neg\u00f3cios\",\"item\":\"https:\/\/www.suno.com.br\/noticias\/negocios\/\"},{\"@type\":\"ListItem\",\"position\":3,\"name\":\"Ita\u00fasa (ITSA4), Weg (WEGE3) e Eletrobras (ELET3) agitam mercado financeiro\"}]},{\"@type\":\"WebSite\",\"@id\":\"https:\/\/www.suno.com.br\/noticias\/#website\",\"url\":\"https:\/\/www.suno.com.br\/noticias\/\",\"name\":\"Suno Not\u00edcias\",\"description\":\"Seu portal de informa\u00e7\u00e3o sobre o mundo dos investimentos\",\"publisher\":{\"@id\":\"https:\/\/www.suno.com.br\/noticias\/#organization\"},\"potentialAction\":[{\"@type\":\"SearchAction\",\"target\":{\"@type\":\"EntryPoint\",\"urlTemplate\":\"https:\/\/www.suno.com.br\/noticias\/?s={search_term_string}\"},\"query-input\":{\"@type\":\"PropertyValueSpecification\",\"valueRequired\":true,\"valueName\":\"search_term_string\"}}],\"inLanguage\":\"pt-BR\"},{\"@type\":\"Organization\",\"@id\":\"https:\/\/www.suno.com.br\/noticias\/#organization\",\"name\":\"Suno Not\u00edcias\",\"url\":\"https:\/\/www.suno.com.br\/noticias\/\",\"logo\":{\"@type\":\"ImageObject\",\"inLanguage\":\"pt-BR\",\"@id\":\"https:\/\/www.suno.com.br\/noticias\/#\/schema\/logo\/image\/\",\"url\":\"https:\/\/files.sunoresearch.com.br\/n\/uploads\/2021\/09\/suno-logo.png\",\"contentUrl\":\"https:\/\/files.sunoresearch.com.br\/n\/uploads\/2021\/09\/suno-logo.png\",\"width\":180,\"height\":180,\"caption\":\"Suno Not\u00edcias\"},\"image\":{\"@id\":\"https:\/\/www.suno.com.br\/noticias\/#\/schema\/logo\/image\/\"},\"sameAs\":[\"https:\/\/facebook.com\/sunoresearch\",\"https:\/\/x.com\/sunoresearch\",\"https:\/\/www.instagram.com\/suno\",\"https:\/\/www.linkedin.com\/company\/suno-research\/\",\"https:\/\/www.youtube.com\/c\/sunoresearch\"]},{\"@type\":\"Person\",\"@id\":\"https:\/\/www.suno.com.br\/noticias\/#\/schema\/person\/02ec1f752758247878a2bf4abee1aeda\",\"name\":\"Poliana Santos\",\"image\":{\"@type\":\"ImageObject\",\"inLanguage\":\"pt-BR\",\"@id\":\"https:\/\/www.suno.com.br\/noticias\/#\/schema\/person\/image\/\",\"url\":\"https:\/\/secure.gravatar.com\/avatar\/0645bd32f23d87b2130f2b2dff1d3f8d?s=96&r=g\",\"contentUrl\":\"https:\/\/secure.gravatar.com\/avatar\/0645bd32f23d87b2130f2b2dff1d3f8d?s=96&r=g\",\"caption\":\"Poliana Santos\"},\"description\":\"Rep\u00f3rter no Suno Not\u00edcias, com cobertura em mercado financeiro, economia, finan\u00e7as pessoais, renda fixa e varejo. Jornalista formada pela Faculdade C\u00e1sper L\u00edbero e possui passagem na R\u00e1dio Gazeta AM com a produ\u00e7\u00e3o de conte\u00fado sobre economia, pol\u00edtica, sa\u00fade, moda e m\u00fasica. Possui certificado de conclus\u00e3o do curso de An\u00e1lise de Balan\u00e7os pela Funda\u00e7\u00e3o Bradesco, Agenda Brasil pela FAAP, Educa\u00e7\u00e3o Pol\u00edtica por Alexandre Garcia e do Tesouro Direto e Mercado de A\u00e7\u00f5es pela B3.\",\"url\":\"https:\/\/www.suno.com.br\/noticias\/author\/poliana-santos\/\"}]}<\/script>\n<!-- \/ Yoast SEO plugin. -->","yoast_head_json":{"title":"Ita\u00fasa (ITSA4), Weg (WEGE3) e Eletrobras (ELET3) agitam mercado","description":"Os destaques do mercado financeiro do Suno Not\u00edcias mostram os principais acontecimentos, como a Ita\u00fasa (ITSA4). Clique aqui","robots":{"index":"index","follow":"follow","max-snippet":"max-snippet:-1","max-image-preview":"max-image-preview:large","max-video-preview":"max-video-preview:-1"},"canonical":"https:\/\/www.suno.com.br\/noticias\/itausa-itsa4-weg-wege3-e-eletrobras-elet3-mercado-financeiro\/","og_locale":"pt_BR","og_type":"article","og_title":"Ita\u00fasa (ITSA4), Weg (WEGE3) e Eletrobras (ELET3) agitam mercado","og_description":"Os destaques do mercado financeiro do Suno Not\u00edcias mostram os principais acontecimentos, como a Ita\u00fasa (ITSA4). Clique aqui","og_url":"https:\/\/www.suno.com.br\/noticias\/itausa-itsa4-weg-wege3-e-eletrobras-elet3-mercado-financeiro\/","og_site_name":"Suno Not\u00edcias","article_publisher":"https:\/\/facebook.com\/sunoresearch","og_image":[{"width":1280,"height":720,"url":"https:\/\/files.sunoresearch.com.br\/n\/uploads\/2021\/02\/7db34773-itausa-1280x720-1.jpg","type":"image\/jpeg"}],"author":"Poliana Santos","twitter_card":"summary_large_image","twitter_creator":"@sunoresearch","twitter_site":"@sunoresearch","twitter_misc":{"Escrito por":"Poliana Santos","Est. tempo de leitura":"3 minutos"},"schema":{"@context":"https:\/\/schema.org","@graph":[{"@type":"NewsArticle","@id":"https:\/\/www.suno.com.br\/noticias\/itausa-itsa4-weg-wege3-e-eletrobras-elet3-mercado-financeiro\/#article","isPartOf":{"@id":"https:\/\/www.suno.com.br\/noticias\/itausa-itsa4-weg-wege3-e-eletrobras-elet3-mercado-financeiro\/"},"author":{"name":"Poliana Santos","@id":"https:\/\/www.suno.com.br\/noticias\/#\/schema\/person\/02ec1f752758247878a2bf4abee1aeda"},"headline":"Ita\u00fasa (ITSA4), Weg (WEGE3) e Eletrobras (ELET3) agitam mercado financeiro","datePublished":"2022-03-23T13:28:22+00:00","mainEntityOfPage":{"@id":"https:\/\/www.suno.com.br\/noticias\/itausa-itsa4-weg-wege3-e-eletrobras-elet3-mercado-financeiro\/"},"wordCount":579,"publisher":{"@id":"https:\/\/www.suno.com.br\/noticias\/#organization"},"image":{"@id":"https:\/\/www.suno.com.br\/noticias\/itausa-itsa4-weg-wege3-e-eletrobras-elet3-mercado-financeiro\/#primaryimage"},"thumbnailUrl":"https:\/\/files.sunoresearch.com.br\/n\/uploads\/2021\/02\/7db34773-itausa-1280x720-1-jpg.webp","keywords":["Eletrobras (ELET3\/ELET5\/ELET6)","Ita\u00fasa (ITSA3\/ITSA4)","Weg (WEGE3)"],"articleSection":["Neg\u00f3cios"],"inLanguage":"pt-BR"},{"@type":"WebPage","@id":"https:\/\/www.suno.com.br\/noticias\/itausa-itsa4-weg-wege3-e-eletrobras-elet3-mercado-financeiro\/","url":"https:\/\/www.suno.com.br\/noticias\/itausa-itsa4-weg-wege3-e-eletrobras-elet3-mercado-financeiro\/","name":"Ita\u00fasa (ITSA4), Weg (WEGE3) e Eletrobras (ELET3) agitam mercado","isPartOf":{"@id":"https:\/\/www.suno.com.br\/noticias\/#website"},"primaryImageOfPage":{"@id":"https:\/\/www.suno.com.br\/noticias\/itausa-itsa4-weg-wege3-e-eletrobras-elet3-mercado-financeiro\/#primaryimage"},"image":{"@id":"https:\/\/www.suno.com.br\/noticias\/itausa-itsa4-weg-wege3-e-eletrobras-elet3-mercado-financeiro\/#primaryimage"},"thumbnailUrl":"https:\/\/files.sunoresearch.com.br\/n\/uploads\/2021\/02\/7db34773-itausa-1280x720-1-jpg.webp","datePublished":"2022-03-23T13:28:22+00:00","description":"Os destaques do mercado financeiro do Suno Not\u00edcias mostram os principais acontecimentos, como a Ita\u00fasa (ITSA4). Clique aqui","breadcrumb":{"@id":"https:\/\/www.suno.com.br\/noticias\/itausa-itsa4-weg-wege3-e-eletrobras-elet3-mercado-financeiro\/#breadcrumb"},"inLanguage":"pt-BR","potentialAction":[{"@type":"ReadAction","target":["https:\/\/www.suno.com.br\/noticias\/itausa-itsa4-weg-wege3-e-eletrobras-elet3-mercado-financeiro\/"]}]},{"@type":"ImageObject","inLanguage":"pt-BR","@id":"https:\/\/www.suno.com.br\/noticias\/itausa-itsa4-weg-wege3-e-eletrobras-elet3-mercado-financeiro\/#primaryimage","url":"https:\/\/files.sunoresearch.com.br\/n\/uploads\/2021\/02\/7db34773-itausa-1280x720-1-jpg.webp","contentUrl":"https:\/\/files.sunoresearch.com.br\/n\/uploads\/2021\/02\/7db34773-itausa-1280x720-1-jpg.webp","width":1280,"height":720,"caption":"Ita\u00fasa (ITSA4). Foto: Divulga\u00e7\u00e3o"},{"@type":"BreadcrumbList","@id":"https:\/\/www.suno.com.br\/noticias\/itausa-itsa4-weg-wege3-e-eletrobras-elet3-mercado-financeiro\/#breadcrumb","itemListElement":[{"@type":"ListItem","position":1,"name":"Not\u00edcias","item":"https:\/\/www.suno.com.br\/noticias\/"},{"@type":"ListItem","position":2,"name":"Neg\u00f3cios","item":"https:\/\/www.suno.com.br\/noticias\/negocios\/"},{"@type":"ListItem","position":3,"name":"Ita\u00fasa (ITSA4), Weg (WEGE3) e Eletrobras (ELET3) agitam mercado financeiro"}]},{"@type":"WebSite","@id":"https:\/\/www.suno.com.br\/noticias\/#website","url":"https:\/\/www.suno.com.br\/noticias\/","name":"Suno Not\u00edcias","description":"Seu portal de informa\u00e7\u00e3o sobre o mundo dos investimentos","publisher":{"@id":"https:\/\/www.suno.com.br\/noticias\/#organization"},"potentialAction":[{"@type":"SearchAction","target":{"@type":"EntryPoint","urlTemplate":"https:\/\/www.suno.com.br\/noticias\/?s={search_term_string}"},"query-input":{"@type":"PropertyValueSpecification","valueRequired":true,"valueName":"search_term_string"}}],"inLanguage":"pt-BR"},{"@type":"Organization","@id":"https:\/\/www.suno.com.br\/noticias\/#organization","name":"Suno Not\u00edcias","url":"https:\/\/www.suno.com.br\/noticias\/","logo":{"@type":"ImageObject","inLanguage":"pt-BR","@id":"https:\/\/www.suno.com.br\/noticias\/#\/schema\/logo\/image\/","url":"https:\/\/files.sunoresearch.com.br\/n\/uploads\/2021\/09\/suno-logo.png","contentUrl":"https:\/\/files.sunoresearch.com.br\/n\/uploads\/2021\/09\/suno-logo.png","width":180,"height":180,"caption":"Suno Not\u00edcias"},"image":{"@id":"https:\/\/www.suno.com.br\/noticias\/#\/schema\/logo\/image\/"},"sameAs":["https:\/\/facebook.com\/sunoresearch","https:\/\/x.com\/sunoresearch","https:\/\/www.instagram.com\/suno","https:\/\/www.linkedin.com\/company\/suno-research\/","https:\/\/www.youtube.com\/c\/sunoresearch"]},{"@type":"Person","@id":"https:\/\/www.suno.com.br\/noticias\/#\/schema\/person\/02ec1f752758247878a2bf4abee1aeda","name":"Poliana Santos","image":{"@type":"ImageObject","inLanguage":"pt-BR","@id":"https:\/\/www.suno.com.br\/noticias\/#\/schema\/person\/image\/","url":"https:\/\/secure.gravatar.com\/avatar\/0645bd32f23d87b2130f2b2dff1d3f8d?s=96&r=g","contentUrl":"https:\/\/secure.gravatar.com\/avatar\/0645bd32f23d87b2130f2b2dff1d3f8d?s=96&r=g","caption":"Poliana Santos"},"description":"Rep\u00f3rter no Suno Not\u00edcias, com cobertura em mercado financeiro, economia, finan\u00e7as pessoais, renda fixa e varejo. Jornalista formada pela Faculdade C\u00e1sper L\u00edbero e possui passagem na R\u00e1dio Gazeta AM com a produ\u00e7\u00e3o de conte\u00fado sobre economia, pol\u00edtica, sa\u00fade, moda e m\u00fasica. Possui certificado de conclus\u00e3o do curso de An\u00e1lise de Balan\u00e7os pela Funda\u00e7\u00e3o Bradesco, Agenda Brasil pela FAAP, Educa\u00e7\u00e3o Pol\u00edtica por Alexandre Garcia e do Tesouro Direto e Mercado de A\u00e7\u00f5es pela B3.","url":"https:\/\/www.suno.com.br\/noticias\/author\/poliana-santos\/"}]}},"default_loop_html":"<div class=\"cardsPage__listCard__boxs\"><div class=\"cardsPage__listCard__boxs__img\"><a href=\"https:\/\/www.suno.com.br\/noticias\/itausa-itsa4-weg-wege3-e-eletrobras-elet3-mercado-financeiro\/\"><img class=\"mask\" src=\"https:\/\/www.suno.com.br\/noticias\/wp-content\/themes\/suno\/resources\/images\/spotlight\/spotlight1img\/bg-mask.png\" alt=\"Image Mask\"\/><img src=\"https:\/\/files.sunoresearch.com.br\/n\/uploads\/2021\/02\/7db34773-itausa-1280x720-1-400x200.webp\" alt=\"Ita\u00fasa (ITSA4), Weg (WEGE3) e Eletrobras (ELET3) agitam mercado financeiro\"\/><\/a><span class=\"spotlightCategory\"><a href=\"https:\/\/www.suno.com.br\/noticias\/negocios\/\">Neg\u00f3cios<\/a><\/span><\/div><div class=\"cardsPage__listCard__boxs__content\"><a href=\"https:\/\/www.suno.com.br\/noticias\/itausa-itsa4-weg-wege3-e-eletrobras-elet3-mercado-financeiro\/\"><h2 class=\"content__title\">Ita\u00fasa (ITSA4), Weg (WEGE3) e Eletrobras (ELET3) agitam mercado financeiro<\/h2><\/a><div class=\"newsContent__article__meta\"><div class=\"newsContent__article__meta__authorBox\"><a href=\"https:\/\/www.suno.com.br\/noticias\/author\/poliana-santos\/\" class=\"authorBox__avatar noMobi\"><img src=\"https:\/\/files.sunoresearch.com.br\/n\/uploads\/2020\/08\/7ef34026-whatsapp-image-2020-08-03-at-12.37.57-150x150.webp\" alt=\"Poliana Santos\"><\/a><div class=\"authorBox__name\"><span>por\n\t\t\t<a href=\"https:\/\/www.suno.com.br\/noticias\/author\/poliana-santos\/\"><span itemprop=\"author\">Poliana Santos<\/span><\/a><\/span><time datetime=\"2022-03-23T10:28:22-03:00\" itemprop=\"datePublished\">23\/03\/2022 10:28<\/time><\/div><\/div><\/div><\/div><\/div>","single_layout":"posts","amp_enabled":true,"_links":{"self":[{"href":"https:\/\/www.suno.com.br\/noticias\/wp-json\/wp\/v2\/posts\/244300"}],"collection":[{"href":"https:\/\/www.suno.com.br\/noticias\/wp-json\/wp\/v2\/posts"}],"about":[{"href":"https:\/\/www.suno.com.br\/noticias\/wp-json\/wp\/v2\/types\/post"}],"author":[{"embeddable":true,"href":"https:\/\/www.suno.com.br\/noticias\/wp-json\/wp\/v2\/users\/15"}],"replies":[{"embeddable":true,"href":"https:\/\/www.suno.com.br\/noticias\/wp-json\/wp\/v2\/comments?post=244300"}],"version-history":[{"count":1,"href":"https:\/\/www.suno.com.br\/noticias\/wp-json\/wp\/v2\/posts\/244300\/revisions"}],"predecessor-version":[{"id":244312,"href":"https:\/\/www.suno.com.br\/noticias\/wp-json\/wp\/v2\/posts\/244300\/revisions\/244312"}],"wp:featuredmedia":[{"embeddable":true,"href":"https:\/\/www.suno.com.br\/noticias\/wp-json\/wp\/v2\/media\/125632"}],"wp:attachment":[{"href":"https:\/\/www.suno.com.br\/noticias\/wp-json\/wp\/v2\/media?parent=244300"}],"wp:term":[{"taxonomy":"category","embeddable":true,"href":"https:\/\/www.suno.com.br\/noticias\/wp-json\/wp\/v2\/categories?post=244300"},{"taxonomy":"post_tag","embeddable":true,"href":"https:\/\/www.suno.com.br\/noticias\/wp-json\/wp\/v2\/tags?post=244300"},{"taxonomy":"suno_strategy","embeddable":true,"href":"https:\/\/www.suno.com.br\/noticias\/wp-json\/wp\/v2\/suno_strategy?post=244300"}],"curies":[{"name":"wp","href":"https:\/\/api.w.org\/{rel}","templated":true}]}}