{"id":244267,"date":"2022-03-23T08:28:37","date_gmt":"2022-03-23T11:28:37","guid":{"rendered":"https:\/\/www.suno.com.br\/noticias\/?p=244267"},"modified":"2022-03-23T10:43:11","modified_gmt":"2022-03-23T13:43:11","slug":"braskem-brkm5-cisao-ipo-esg","status":"publish","type":"post","link":"https:\/\/www.suno.com.br\/noticias\/braskem-brkm5-cisao-ipo-esg\/","title":{"rendered":"Braskem (BRKM5) planeja cis\u00e3o e IPO do seu &#8216;bra\u00e7o ESG&#8217;, diz jornal"},"content":{"rendered":"<p>A <strong>Braskem<\/strong> (<a href=\"https:\/\/www.suno.com.br\/acoes\/brkm5\/\">BRKM5<\/a>) planeja uma mudan\u00e7a na sua estrutura de neg\u00f3cios, com uma cis\u00e3o da sua divis\u00e3o que lida com os biopol\u00edmeros &#8211; conhecidos como pl\u00e1stico verde. A informa\u00e7\u00e3o foi apurada com fontes que est\u00e3o a par do neg\u00f3cio pelo Valor Econ\u00f4mico.<\/p>\t<div class=\"wrapper-featured-image\">\n\t\t<figure class=\"spotlightImg\">\n\n\t\t\t<picture>\n\t\t\t\t<source media=\"(max-width: 768px)\" srcset=\"https:\/\/files.sunoresearch.com.br\/n\/uploads\/2021\/03\/173c29b5-braskem-1-e1683728328426-400x200.jpg\">\n\t\t\t\t<img loading=\"lazy\" decoding=\"async\" class=\"newsContent__article__imgCapa lazyloadDisabled \" src=\"https:\/\/files.sunoresearch.com.br\/n\/uploads\/2021\/03\/173c29b5-braskem-1-e1683728328426-800x450.jpg\" width=\"800\" height=\"450\" alt=\"Braskem (BRKM5) planeja cis\u00e3o e IPO do seu &#8216;bra\u00e7o ESG&#8217;, diz jornal\" fetchpriority=high \/>\n\t\t\t<\/picture>\n\n\t\t\t<figcaption class=\"wp-caption-text wp-caption-text--show\">Braskem (BRKM5) - Foto: Divulga\u00e7\u00e3o<\/figcaption>\n\t\t<\/figure>\n\t<\/div>\n\n\n\t<p>\n\t\t<a href=\"\" target=\"_blank\" data-element=\"shortcode-suno-banner\" title=\"Banner SUNO, clique e saiba mais\">\n\t\t\t<picture>\n\t\t\t\t<source media=\"(max-width: 500px)\" srcset=\"\">\n\t\t\t\t<img class=\"newsContent__article__imgCapa newsContent__article__imgCapa--banner\"\n\t\t\t\t\tsrc=\"\"\n\t\t\t\t\tdata-promo-id=\"138420\"\t\t\t\t\t\t\t\t\t\t\t\t\t\t\talt=\"\"\n\t\t\t\t>\n\t\t\t<\/picture>\n\t\t<\/a>\n\t<\/p>\n\n\n<p>Este bra\u00e7o da Braskem \u00e9 avaliado em cerca de US$ 2 bilh\u00f5es, e atualmente a companhia busca investidores estrat\u00e9gicos. O Citi j\u00e1 foi contatado como poss\u00edvel assessor para que seja levantado capital.<\/p>\n<p>A inten\u00e7\u00e3o da Braskem, <a href=\"https:\/\/www.suno.com.br\/artigos\/controladoria\/\">ainda controlada<\/a> pela <strong>Novonor<\/strong> (ex-Odebrecht) \u00e9 de levantar uma cifra de US$ 500 milh\u00f5es. Contudo, os meios para que isso ocorra ainda n\u00e3o foram definidos.<\/p>\n\n\t<div data-element=\"shortcode-read-more\" class=\"readToo\">\n\t\t\t\t<span class=\"readToo__title\">Saiba mais<\/span>\n\t\t\t\t<ul class=\"readToo__list\">\n\t\t\t<li><a href=\"https:\/\/www.suno.com.br\/noticias\/braskem-brkm5-queda-lucro-4t21-dividendos-13\/\">Braskem (BRKM5): Lucro cai 37% no 4T21; empresa anuncia dividendos de R$ 1,3 bi<\/a><\/li><li><a href=\"https:\/\/www.suno.com.br\/noticias\/petrobras-petr4-follow-on-braskem-brkm5-preco-acao\/\">Petrobras (PETR4): pre\u00e7o da a\u00e7\u00e3o pode ter cancelado follow-on da Braskem (BRKM5), diz XP<\/a><\/li>\t\t<\/ul>\n\t<\/div>\n\n\n<p>A estimativa \u00e9 de que nos pr\u00f3ximos dois ou tr\u00eas meses a <strong>petroqu\u00edmica<\/strong> tenha a defini\u00e7\u00e3o de qual opera\u00e7\u00e3o dever\u00e1 ser feita para que o capital possa ser levantado.<\/p>\n<p>Atualmente s\u00e3o sondados diversos investidores em potencial, <a href=\"https:\/\/www.suno.com.br\/artigos\/private-equity\/\">como o fundo Advent<\/a> &#8211; que chegou a recusar a entrada por conta da fatia minorit\u00e1ria que deteria com o neg\u00f3cio.<\/p>\n<p>Al\u00e9m disso, a companhia n\u00e3o descarta uma oferta via Special purpose acquisition company (SPAC) &#8211; termo para descrever as empresas com prop\u00f3sito espec\u00edfico de aquisi\u00e7\u00e3o. Em suma, trata-se de um neg\u00f3cio que \u00e9 criado com listagem em bolsa, mas sem ativos.<\/p>\n<p>Ap\u00f3s a veicula\u00e7\u00e3o da not\u00edcia sobre a cis\u00e3o na m\u00eddia, a Braskem veio a p\u00fablico se pronunciar sobre as informa\u00e7\u00f5es.<\/p>\n<p>&#8220;A Companhia esclarece que analisa constantemente o seu portf\u00f3lio de ativos, mas que n\u00e3o existe, at\u00e9 o momento, qualquer compromisso ou obriga\u00e7\u00e3o, ainda que preliminar, sobre qualquer transa\u00e7\u00e3o em rela\u00e7\u00e3o a eventual cis\u00e3o e IPO ou qualquer outra transa\u00e7\u00e3o envolvendo o neg\u00f3cio de biopol\u00edmero&#8221;, diz a Braskem.<\/p>\n\t<p>\n\t\t<a href=\"https:\/\/lp.suno.com.br\/planilha-controle-gastos\/\" target=\"_blank\" data-element=\"shortcode-suno-banner\" title=\"Banner SUNO, clique e saiba mais\">\n\t\t\t<picture>\n\t\t\t\t<source media=\"(max-width: 500px)\" srcset=\"https:\/\/files.sunoresearch.com.br\/n\/uploads\/2023\/03\/400x300-Planilha-controle-de-gastos.png\">\n\t\t\t\t<img class=\"newsContent__article__imgCapa newsContent__article__imgCapa--banner\"\n\t\t\t\t\tsrc=\"https:\/\/files.sunoresearch.com.br\/n\/uploads\/2023\/03\/1420x240-Planilha-controle-de-gastos.png\"\n\t\t\t\t\tdata-promo-id=\"101751\"\t\t\t\t\t\t\t\t\t\twidth='1420' height='240'\t\t\t\t\talt=\"https:\/\/files.sunoresearch.com.br\/n\/uploads\/2023\/03\/1420x240-Planilha-controle-de-gastos.png\"\n\t\t\t\t>\n\t\t\t<\/picture>\n\t\t<\/a>\n\t<\/p>\n\n\n<p>Al\u00e9m disso, destacou que possui uma meta de 1 milh\u00e3o de toneladas em pl\u00e1stico verde at\u00e9 2030 e &#8220;vem trabalhando para a entrega de tal compromisso por meio de potenciais parcerias estrat\u00e9gicas e financeira&#8221;.<\/p>\n<p>H\u00e1 a possibilidade de a <strong>cis\u00e3o da Braskem<\/strong> <a href=\"https:\/\/statusinvest.com.br\/acoes\/brkm5\">destravar valor para os acionistas<\/a>, j\u00e1 que o <em>valuation<\/em> deste bra\u00e7o da companhia n\u00e3o estaria embutido nos indicadores da petroqu\u00edmica.<\/p>\n<h2>Braskem mira expans\u00e3o de capacidade com neg\u00f3cio<\/h2>\n<p>Com o capital em m\u00e3os, a empresa deve financiar a sua expans\u00e3o de capacidade de produ\u00e7\u00e3o para produtos como bioetileno, polietileno verde e outros <a href=\"https:\/\/www.suno.com.br\/artigos\/esg\">produtos qu\u00edmicos a base de monoetilenoglicol (MEG)<\/a>.<\/p>\n<p>A meta \u00e9 de uma <a class=\"suno-keyword\" href=\"https:\/\/www.suno.com.br\/artigos\/capacidade-instalada\/\" target=\"_blank\" rel=\"noopener\" data-force=\"no\" data-priority=\"1\">capacidade instalada<\/a> de 1 milh\u00e3o de toneladas de pl\u00e1stico produzidas at\u00e9 o fim de 2030. Atualmente, a produ\u00e7\u00e3o anualizada \u00e9 de 20% desse total, de 200 mil toneladas ao ano.<\/p>\n\t<p>\n\t\t<a href=\"https:\/\/lp.suno.com.br\/planilha-da-vida-financeira\/\" target=\"_blank\" data-element=\"shortcode-suno-banner\" title=\"Banner SUNO, clique e saiba mais\">\n\t\t\t<picture>\n\t\t\t\t<source media=\"(max-width: 500px)\" srcset=\"https:\/\/files.sunoresearch.com.br\/n\/uploads\/2023\/04\/400x300-Planilha-vida-financeira-true.png\">\n\t\t\t\t<img class=\"newsContent__article__imgCapa newsContent__article__imgCapa--banner\"\n\t\t\t\t\tsrc=\"https:\/\/files.sunoresearch.com.br\/n\/uploads\/2023\/04\/1420x240-Planilha-vida-financeira-true.png\"\n\t\t\t\t\tdata-promo-id=\"106682\"\t\t\t\t\t\t\t\t\t\twidth='1420' height='240'\t\t\t\t\talt=\"https:\/\/files.sunoresearch.com.br\/n\/uploads\/2023\/04\/1420x240-Planilha-vida-financeira-true.png\"\n\t\t\t\t>\n\t\t\t<\/picture>\n\t\t<\/a>\n\t<\/p>\n\n\n<p>Para atingir essa meta, os <strong>investimentos<\/strong> devem ser de US$ 1 bilh\u00e3o a US$ 1,5 bilh\u00e3o.<\/p>\n<p>Atualmente a empresa j\u00e1 \u00e9 a maior produtora de biopol\u00edmeros do mundo, investindo atualmente uma cifra de US$ 90 milh\u00f5es para ampliar a produ\u00e7\u00e3o de eteno verde no polo de Triunfo (RS), com in\u00edcio de opera\u00e7\u00e3o em dezembro deste ano.<\/p>\n<p>Esse aporte j\u00e1 seria respons\u00e1vel pelo aumento da capacidade instalada, j\u00e1 que a produ\u00e7\u00e3o de PE verde subir\u00e1 de 200 mil toneladas anuais para 260 mil toneladas anuais.<\/p>\n<p>Al\u00e9m disso, a companhia deve instalar uma outra f\u00e1brica na Tail\u00e2ndia, para erguer outras duas unidades produtivas. N\u00e3o h\u00e1 projeto de nova expans\u00e3o em Triunfo, contudo, o complexo ainda pode ser alvo de novos investimentos.<\/p>\n<p>No seu neg\u00f3cio em solo tailand\u00eas, a <strong>Braskem<\/strong> j\u00e1 firmou um memorando com a SCG Chemicals, uma das maiores petroqu\u00edmicas do pa\u00eds, como modo de avaliar investimento em uma nova planta de desidrata\u00e7\u00e3o de bioetanol para obten\u00e7\u00e3o de etileno verde e produ\u00e7\u00e3o de biopolietileno.<\/p>\n\t<p>\n\t\t<a href=\"https:\/\/lp.suno.com.br\/ebook-como-analisar-uma-acao\/\" target=\"_blank\" data-element=\"shortcode-suno-banner\" title=\"Banner SUNO, clique e saiba mais\">\n\t\t\t<picture>\n\t\t\t\t<source media=\"(max-width: 500px)\" srcset=\"https:\/\/files.sunoresearch.com.br\/n\/uploads\/2023\/03\/Ebook-Acoes-Mobile-1.jpg\">\n\t\t\t\t<img class=\"newsContent__article__imgCapa newsContent__article__imgCapa--banner\"\n\t\t\t\t\tsrc=\"https:\/\/files.sunoresearch.com.br\/n\/uploads\/2023\/03\/Ebook-Acoes-Desktop-1.jpg\"\n\t\t\t\t\tdata-promo-id=\"171998\"\t\t\t\t\t\t\t\t\t\twidth='1420' height='286'\t\t\t\t\talt=\"https:\/\/files.sunoresearch.com.br\/n\/uploads\/2023\/03\/Ebook-Acoes-Desktop-1.jpg\"\n\t\t\t\t>\n\t\t\t<\/picture>\n\t\t<\/a>\n\t<\/p>\n\n\n","protected":false},"excerpt":{"rendered":"<p>A Braskem (BRKM5) planeja uma mudan\u00e7a na sua estrutura de neg\u00f3cios, com uma cis\u00e3o da sua divis\u00e3o que lida com os biopol\u00edmeros &#8211; conhecidos como pl\u00e1stico verde. A informa\u00e7\u00e3o foi apurada com fontes que est\u00e3o a par do neg\u00f3cio pelo Valor Econ\u00f4mico. Petrobras (PETR4). Foto: Marcello Casal Jr\/ Ag\u00eancia Brasil Este bra\u00e7o da Braskem \u00e9 [&hellip;]<\/p>\n","protected":false},"author":73,"featured_media":130186,"comment_status":"closed","ping_status":"closed","sticky":false,"template":"","format":"standard","meta":[],"categories":[64],"tags":[395,75364,319],"suno_strategy":[],"class_list":["post-244267","post","type-post","status-publish","format-standard","has-post-thumbnail","hentry","category-negocios","tag-braskem-brkm3-brkm5-brkm6","tag-esg","tag-ipo-oferta-inicial-de-acoes"],"yoast_head":"<!-- This site is optimized with the Yoast SEO plugin v24.4 - https:\/\/yoast.com\/wordpress\/plugins\/seo\/ -->\n<title>Braskem (BRKM5) planeja cis\u00e3o e IPO do seu &#039;bra\u00e7o ESG&#039;<\/title>\n<meta name=\"description\" content=\"A Braskem estuda meios de levantar capital para financiar expans\u00e3o da parte do neg\u00f3cio que produz pl\u00e1stico verde. Clique aqui e leia mais.\" \/>\n<meta name=\"robots\" content=\"index, follow, max-snippet:-1, max-image-preview:large, max-video-preview:-1\" \/>\n<link rel=\"canonical\" href=\"https:\/\/www.suno.com.br\/noticias\/braskem-brkm5-cisao-ipo-esg\/\" \/>\n<meta property=\"og:locale\" content=\"pt_BR\" \/>\n<meta property=\"og:type\" content=\"article\" \/>\n<meta property=\"og:title\" content=\"Braskem (BRKM5) planeja cis\u00e3o e IPO do seu &#039;bra\u00e7o ESG&#039;\" \/>\n<meta property=\"og:description\" content=\"A Braskem estuda meios de levantar capital para financiar expans\u00e3o da parte do neg\u00f3cio que produz pl\u00e1stico verde. Clique aqui e leia mais.\" \/>\n<meta property=\"og:url\" content=\"https:\/\/www.suno.com.br\/noticias\/braskem-brkm5-cisao-ipo-esg\/\" \/>\n<meta property=\"og:site_name\" content=\"Suno Not\u00edcias\" \/>\n<meta property=\"article:publisher\" content=\"https:\/\/facebook.com\/sunoresearch\" \/>\n<meta property=\"og:image\" content=\"https:\/\/files.sunoresearch.com.br\/n\/uploads\/2021\/03\/173c29b5-braskem-1-e1683728328426.jpg\" \/>\n\t<meta property=\"og:image:width\" content=\"1200\" \/>\n\t<meta property=\"og:image:height\" content=\"652\" \/>\n\t<meta property=\"og:image:type\" content=\"image\/jpeg\" \/>\n<meta name=\"author\" content=\"Eduardo Vargas\" \/>\n<meta name=\"twitter:card\" content=\"summary_large_image\" \/>\n<meta name=\"twitter:creator\" content=\"@sunoresearch\" \/>\n<meta name=\"twitter:site\" content=\"@sunoresearch\" \/>\n<meta name=\"twitter:label1\" content=\"Escrito por\" \/>\n\t<meta name=\"twitter:data1\" content=\"Eduardo Vargas\" \/>\n\t<meta name=\"twitter:label2\" content=\"Est. tempo de leitura\" \/>\n\t<meta name=\"twitter:data2\" content=\"3 minutos\" \/>\n<script type=\"application\/ld+json\" class=\"yoast-schema-graph\">{\"@context\":\"https:\/\/schema.org\",\"@graph\":[{\"@type\":\"NewsArticle\",\"@id\":\"https:\/\/www.suno.com.br\/noticias\/braskem-brkm5-cisao-ipo-esg\/#article\",\"isPartOf\":{\"@id\":\"https:\/\/www.suno.com.br\/noticias\/braskem-brkm5-cisao-ipo-esg\/\"},\"author\":{\"name\":\"Eduardo Vargas\",\"@id\":\"https:\/\/www.suno.com.br\/noticias\/#\/schema\/person\/7f4d362bf3518e76090143ae77bb49a5\"},\"headline\":\"Braskem (BRKM5) planeja cis\u00e3o e IPO do seu &#8216;bra\u00e7o ESG&#8217;, diz jornal\",\"datePublished\":\"2022-03-23T11:28:37+00:00\",\"dateModified\":\"2022-03-23T13:43:11+00:00\",\"mainEntityOfPage\":{\"@id\":\"https:\/\/www.suno.com.br\/noticias\/braskem-brkm5-cisao-ipo-esg\/\"},\"wordCount\":664,\"publisher\":{\"@id\":\"https:\/\/www.suno.com.br\/noticias\/#organization\"},\"image\":{\"@id\":\"https:\/\/www.suno.com.br\/noticias\/braskem-brkm5-cisao-ipo-esg\/#primaryimage\"},\"thumbnailUrl\":\"https:\/\/files.sunoresearch.com.br\/n\/uploads\/2021\/03\/173c29b5-braskem-1-e1683728328426.jpg\",\"keywords\":[\"Braskem (BRKM3\/BRKM5\/BRKM6)\",\"ESG\",\"IPO (Oferta Inicial de A\u00e7\u00f5es)\"],\"articleSection\":[\"Neg\u00f3cios\"],\"inLanguage\":\"pt-BR\"},{\"@type\":\"WebPage\",\"@id\":\"https:\/\/www.suno.com.br\/noticias\/braskem-brkm5-cisao-ipo-esg\/\",\"url\":\"https:\/\/www.suno.com.br\/noticias\/braskem-brkm5-cisao-ipo-esg\/\",\"name\":\"Braskem (BRKM5) planeja cis\u00e3o e IPO do seu 'bra\u00e7o ESG'\",\"isPartOf\":{\"@id\":\"https:\/\/www.suno.com.br\/noticias\/#website\"},\"primaryImageOfPage\":{\"@id\":\"https:\/\/www.suno.com.br\/noticias\/braskem-brkm5-cisao-ipo-esg\/#primaryimage\"},\"image\":{\"@id\":\"https:\/\/www.suno.com.br\/noticias\/braskem-brkm5-cisao-ipo-esg\/#primaryimage\"},\"thumbnailUrl\":\"https:\/\/files.sunoresearch.com.br\/n\/uploads\/2021\/03\/173c29b5-braskem-1-e1683728328426.jpg\",\"datePublished\":\"2022-03-23T11:28:37+00:00\",\"dateModified\":\"2022-03-23T13:43:11+00:00\",\"description\":\"A Braskem estuda meios de levantar capital para financiar expans\u00e3o da parte do neg\u00f3cio que produz pl\u00e1stico verde. Clique aqui e leia mais.\",\"breadcrumb\":{\"@id\":\"https:\/\/www.suno.com.br\/noticias\/braskem-brkm5-cisao-ipo-esg\/#breadcrumb\"},\"inLanguage\":\"pt-BR\",\"potentialAction\":[{\"@type\":\"ReadAction\",\"target\":[\"https:\/\/www.suno.com.br\/noticias\/braskem-brkm5-cisao-ipo-esg\/\"]}]},{\"@type\":\"ImageObject\",\"inLanguage\":\"pt-BR\",\"@id\":\"https:\/\/www.suno.com.br\/noticias\/braskem-brkm5-cisao-ipo-esg\/#primaryimage\",\"url\":\"https:\/\/files.sunoresearch.com.br\/n\/uploads\/2021\/03\/173c29b5-braskem-1-e1683728328426.jpg\",\"contentUrl\":\"https:\/\/files.sunoresearch.com.br\/n\/uploads\/2021\/03\/173c29b5-braskem-1-e1683728328426.jpg\",\"width\":1200,\"height\":652,\"caption\":\"Braskem (BRKM5) - Foto: Divulga\u00e7\u00e3o\"},{\"@type\":\"BreadcrumbList\",\"@id\":\"https:\/\/www.suno.com.br\/noticias\/braskem-brkm5-cisao-ipo-esg\/#breadcrumb\",\"itemListElement\":[{\"@type\":\"ListItem\",\"position\":1,\"name\":\"Not\u00edcias\",\"item\":\"https:\/\/www.suno.com.br\/noticias\/\"},{\"@type\":\"ListItem\",\"position\":2,\"name\":\"Neg\u00f3cios\",\"item\":\"https:\/\/www.suno.com.br\/noticias\/negocios\/\"},{\"@type\":\"ListItem\",\"position\":3,\"name\":\"Braskem (BRKM5) planeja cis\u00e3o e IPO do seu &#8216;bra\u00e7o ESG&#8217;, diz jornal\"}]},{\"@type\":\"WebSite\",\"@id\":\"https:\/\/www.suno.com.br\/noticias\/#website\",\"url\":\"https:\/\/www.suno.com.br\/noticias\/\",\"name\":\"Suno Not\u00edcias\",\"description\":\"Seu portal de informa\u00e7\u00e3o sobre o mundo dos investimentos\",\"publisher\":{\"@id\":\"https:\/\/www.suno.com.br\/noticias\/#organization\"},\"potentialAction\":[{\"@type\":\"SearchAction\",\"target\":{\"@type\":\"EntryPoint\",\"urlTemplate\":\"https:\/\/www.suno.com.br\/noticias\/?s={search_term_string}\"},\"query-input\":{\"@type\":\"PropertyValueSpecification\",\"valueRequired\":true,\"valueName\":\"search_term_string\"}}],\"inLanguage\":\"pt-BR\"},{\"@type\":\"Organization\",\"@id\":\"https:\/\/www.suno.com.br\/noticias\/#organization\",\"name\":\"Suno Not\u00edcias\",\"url\":\"https:\/\/www.suno.com.br\/noticias\/\",\"logo\":{\"@type\":\"ImageObject\",\"inLanguage\":\"pt-BR\",\"@id\":\"https:\/\/www.suno.com.br\/noticias\/#\/schema\/logo\/image\/\",\"url\":\"https:\/\/files.sunoresearch.com.br\/n\/uploads\/2021\/09\/suno-logo.png\",\"contentUrl\":\"https:\/\/files.sunoresearch.com.br\/n\/uploads\/2021\/09\/suno-logo.png\",\"width\":180,\"height\":180,\"caption\":\"Suno Not\u00edcias\"},\"image\":{\"@id\":\"https:\/\/www.suno.com.br\/noticias\/#\/schema\/logo\/image\/\"},\"sameAs\":[\"https:\/\/facebook.com\/sunoresearch\",\"https:\/\/x.com\/sunoresearch\",\"https:\/\/www.instagram.com\/suno\",\"https:\/\/www.linkedin.com\/company\/suno-research\/\",\"https:\/\/www.youtube.com\/c\/sunoresearch\"]},{\"@type\":\"Person\",\"@id\":\"https:\/\/www.suno.com.br\/noticias\/#\/schema\/person\/7f4d362bf3518e76090143ae77bb49a5\",\"name\":\"Eduardo Vargas\",\"image\":{\"@type\":\"ImageObject\",\"inLanguage\":\"pt-BR\",\"@id\":\"https:\/\/www.suno.com.br\/noticias\/#\/schema\/person\/image\/\",\"url\":\"https:\/\/secure.gravatar.com\/avatar\/dac340933427a22924c9f99d1eb2e3f2?s=96&r=g\",\"contentUrl\":\"https:\/\/secure.gravatar.com\/avatar\/dac340933427a22924c9f99d1eb2e3f2?s=96&r=g\",\"caption\":\"Eduardo Vargas\"},\"description\":\"Jornalista formado pela UFSC, cobre macroeconomia, neg\u00f3cios e startups para o Suno Not\u00edcias, escrevendo principalmente not\u00edcias sobre o mercado financeiro e a bolsa de valores. No YouTube e no Instagram, \u00e9 respons\u00e1vel pela produ\u00e7\u00e3o de Reels e Shorts do Suno Not\u00edcias. Anteriormente, trabalhou cobrindo economia e cotidiano no ND+ e para o ND, maior jornal impresso de Santa Catarina. Cursou um semestre letivo de Estudos de M\u00eddia na Universidad de Buenos Aires.\",\"url\":\"https:\/\/www.suno.com.br\/noticias\/author\/eduardo-vargas\/\"}]}<\/script>\n<!-- \/ Yoast SEO plugin. -->","yoast_head_json":{"title":"Braskem (BRKM5) planeja cis\u00e3o e IPO do seu 'bra\u00e7o ESG'","description":"A Braskem estuda meios de levantar capital para financiar expans\u00e3o da parte do neg\u00f3cio que produz pl\u00e1stico verde. Clique aqui e leia mais.","robots":{"index":"index","follow":"follow","max-snippet":"max-snippet:-1","max-image-preview":"max-image-preview:large","max-video-preview":"max-video-preview:-1"},"canonical":"https:\/\/www.suno.com.br\/noticias\/braskem-brkm5-cisao-ipo-esg\/","og_locale":"pt_BR","og_type":"article","og_title":"Braskem (BRKM5) planeja cis\u00e3o e IPO do seu 'bra\u00e7o ESG'","og_description":"A Braskem estuda meios de levantar capital para financiar expans\u00e3o da parte do neg\u00f3cio que produz pl\u00e1stico verde. Clique aqui e leia mais.","og_url":"https:\/\/www.suno.com.br\/noticias\/braskem-brkm5-cisao-ipo-esg\/","og_site_name":"Suno Not\u00edcias","article_publisher":"https:\/\/facebook.com\/sunoresearch","og_image":[{"width":1200,"height":652,"url":"https:\/\/files.sunoresearch.com.br\/n\/uploads\/2021\/03\/173c29b5-braskem-1-e1683728328426.jpg","type":"image\/jpeg"}],"author":"Eduardo Vargas","twitter_card":"summary_large_image","twitter_creator":"@sunoresearch","twitter_site":"@sunoresearch","twitter_misc":{"Escrito por":"Eduardo Vargas","Est. tempo de leitura":"3 minutos"},"schema":{"@context":"https:\/\/schema.org","@graph":[{"@type":"NewsArticle","@id":"https:\/\/www.suno.com.br\/noticias\/braskem-brkm5-cisao-ipo-esg\/#article","isPartOf":{"@id":"https:\/\/www.suno.com.br\/noticias\/braskem-brkm5-cisao-ipo-esg\/"},"author":{"name":"Eduardo Vargas","@id":"https:\/\/www.suno.com.br\/noticias\/#\/schema\/person\/7f4d362bf3518e76090143ae77bb49a5"},"headline":"Braskem (BRKM5) planeja cis\u00e3o e IPO do seu &#8216;bra\u00e7o ESG&#8217;, diz jornal","datePublished":"2022-03-23T11:28:37+00:00","dateModified":"2022-03-23T13:43:11+00:00","mainEntityOfPage":{"@id":"https:\/\/www.suno.com.br\/noticias\/braskem-brkm5-cisao-ipo-esg\/"},"wordCount":664,"publisher":{"@id":"https:\/\/www.suno.com.br\/noticias\/#organization"},"image":{"@id":"https:\/\/www.suno.com.br\/noticias\/braskem-brkm5-cisao-ipo-esg\/#primaryimage"},"thumbnailUrl":"https:\/\/files.sunoresearch.com.br\/n\/uploads\/2021\/03\/173c29b5-braskem-1-e1683728328426.jpg","keywords":["Braskem (BRKM3\/BRKM5\/BRKM6)","ESG","IPO (Oferta Inicial de A\u00e7\u00f5es)"],"articleSection":["Neg\u00f3cios"],"inLanguage":"pt-BR"},{"@type":"WebPage","@id":"https:\/\/www.suno.com.br\/noticias\/braskem-brkm5-cisao-ipo-esg\/","url":"https:\/\/www.suno.com.br\/noticias\/braskem-brkm5-cisao-ipo-esg\/","name":"Braskem (BRKM5) planeja cis\u00e3o e IPO do seu 'bra\u00e7o ESG'","isPartOf":{"@id":"https:\/\/www.suno.com.br\/noticias\/#website"},"primaryImageOfPage":{"@id":"https:\/\/www.suno.com.br\/noticias\/braskem-brkm5-cisao-ipo-esg\/#primaryimage"},"image":{"@id":"https:\/\/www.suno.com.br\/noticias\/braskem-brkm5-cisao-ipo-esg\/#primaryimage"},"thumbnailUrl":"https:\/\/files.sunoresearch.com.br\/n\/uploads\/2021\/03\/173c29b5-braskem-1-e1683728328426.jpg","datePublished":"2022-03-23T11:28:37+00:00","dateModified":"2022-03-23T13:43:11+00:00","description":"A Braskem estuda meios de levantar capital para financiar expans\u00e3o da parte do neg\u00f3cio que produz pl\u00e1stico verde. Clique aqui e leia mais.","breadcrumb":{"@id":"https:\/\/www.suno.com.br\/noticias\/braskem-brkm5-cisao-ipo-esg\/#breadcrumb"},"inLanguage":"pt-BR","potentialAction":[{"@type":"ReadAction","target":["https:\/\/www.suno.com.br\/noticias\/braskem-brkm5-cisao-ipo-esg\/"]}]},{"@type":"ImageObject","inLanguage":"pt-BR","@id":"https:\/\/www.suno.com.br\/noticias\/braskem-brkm5-cisao-ipo-esg\/#primaryimage","url":"https:\/\/files.sunoresearch.com.br\/n\/uploads\/2021\/03\/173c29b5-braskem-1-e1683728328426.jpg","contentUrl":"https:\/\/files.sunoresearch.com.br\/n\/uploads\/2021\/03\/173c29b5-braskem-1-e1683728328426.jpg","width":1200,"height":652,"caption":"Braskem (BRKM5) - Foto: Divulga\u00e7\u00e3o"},{"@type":"BreadcrumbList","@id":"https:\/\/www.suno.com.br\/noticias\/braskem-brkm5-cisao-ipo-esg\/#breadcrumb","itemListElement":[{"@type":"ListItem","position":1,"name":"Not\u00edcias","item":"https:\/\/www.suno.com.br\/noticias\/"},{"@type":"ListItem","position":2,"name":"Neg\u00f3cios","item":"https:\/\/www.suno.com.br\/noticias\/negocios\/"},{"@type":"ListItem","position":3,"name":"Braskem (BRKM5) planeja cis\u00e3o e IPO do seu &#8216;bra\u00e7o ESG&#8217;, diz jornal"}]},{"@type":"WebSite","@id":"https:\/\/www.suno.com.br\/noticias\/#website","url":"https:\/\/www.suno.com.br\/noticias\/","name":"Suno Not\u00edcias","description":"Seu portal de informa\u00e7\u00e3o sobre o mundo dos investimentos","publisher":{"@id":"https:\/\/www.suno.com.br\/noticias\/#organization"},"potentialAction":[{"@type":"SearchAction","target":{"@type":"EntryPoint","urlTemplate":"https:\/\/www.suno.com.br\/noticias\/?s={search_term_string}"},"query-input":{"@type":"PropertyValueSpecification","valueRequired":true,"valueName":"search_term_string"}}],"inLanguage":"pt-BR"},{"@type":"Organization","@id":"https:\/\/www.suno.com.br\/noticias\/#organization","name":"Suno Not\u00edcias","url":"https:\/\/www.suno.com.br\/noticias\/","logo":{"@type":"ImageObject","inLanguage":"pt-BR","@id":"https:\/\/www.suno.com.br\/noticias\/#\/schema\/logo\/image\/","url":"https:\/\/files.sunoresearch.com.br\/n\/uploads\/2021\/09\/suno-logo.png","contentUrl":"https:\/\/files.sunoresearch.com.br\/n\/uploads\/2021\/09\/suno-logo.png","width":180,"height":180,"caption":"Suno Not\u00edcias"},"image":{"@id":"https:\/\/www.suno.com.br\/noticias\/#\/schema\/logo\/image\/"},"sameAs":["https:\/\/facebook.com\/sunoresearch","https:\/\/x.com\/sunoresearch","https:\/\/www.instagram.com\/suno","https:\/\/www.linkedin.com\/company\/suno-research\/","https:\/\/www.youtube.com\/c\/sunoresearch"]},{"@type":"Person","@id":"https:\/\/www.suno.com.br\/noticias\/#\/schema\/person\/7f4d362bf3518e76090143ae77bb49a5","name":"Eduardo Vargas","image":{"@type":"ImageObject","inLanguage":"pt-BR","@id":"https:\/\/www.suno.com.br\/noticias\/#\/schema\/person\/image\/","url":"https:\/\/secure.gravatar.com\/avatar\/dac340933427a22924c9f99d1eb2e3f2?s=96&r=g","contentUrl":"https:\/\/secure.gravatar.com\/avatar\/dac340933427a22924c9f99d1eb2e3f2?s=96&r=g","caption":"Eduardo Vargas"},"description":"Jornalista formado pela UFSC, cobre macroeconomia, neg\u00f3cios e startups para o Suno Not\u00edcias, escrevendo principalmente not\u00edcias sobre o mercado financeiro e a bolsa de valores. No YouTube e no Instagram, \u00e9 respons\u00e1vel pela produ\u00e7\u00e3o de Reels e Shorts do Suno Not\u00edcias. Anteriormente, trabalhou cobrindo economia e cotidiano no ND+ e para o ND, maior jornal impresso de Santa Catarina. Cursou um semestre letivo de Estudos de M\u00eddia na Universidad de Buenos Aires.","url":"https:\/\/www.suno.com.br\/noticias\/author\/eduardo-vargas\/"}]}},"default_loop_html":"<div class=\"cardsPage__listCard__boxs\"><div class=\"cardsPage__listCard__boxs__img\"><a href=\"https:\/\/www.suno.com.br\/noticias\/petrobras-petr4-follow-on-braskem-brkm5-preco-acao\/\"><img class=\"mask\" src=\"https:\/\/www.suno.com.br\/noticias\/wp-content\/themes\/suno\/resources\/images\/spotlight\/spotlight1img\/bg-mask.png\" alt=\"Image Mask\"\/><img src=\"https:\/\/files.sunoresearch.com.br\/n\/uploads\/2022\/01\/Petrobras-400x200.jpg\" alt=\"Petrobras (PETR4): pre\u00e7o da a\u00e7\u00e3o pode ter cancelado follow-on da Braskem (BRKM5), diz XP\"\/><\/a><span class=\"spotlightCategory\"><a href=\"https:\/\/www.suno.com.br\/noticias\/negocios\/\">Neg\u00f3cios<\/a><\/span><\/div><div class=\"cardsPage__listCard__boxs__content\"><a href=\"https:\/\/www.suno.com.br\/noticias\/petrobras-petr4-follow-on-braskem-brkm5-preco-acao\/\"><h2 class=\"content__title\">Petrobras (PETR4): pre\u00e7o da a\u00e7\u00e3o pode ter cancelado follow-on da Braskem (BRKM5), diz XP<\/h2><\/a><div class=\"newsContent__article__meta\"><div class=\"newsContent__article__meta__authorBox\"><a href=\"https:\/\/www.suno.com.br\/noticias\/author\/monique-lima\/\" class=\"authorBox__avatar noMobi\"><img src=\"https:\/\/secure.gravatar.com\/avatar\/daee7f16d906c2e9ffed236206ca2c30?s=96&#038;r=g\" alt=\"Monique Lima\"><\/a><div class=\"authorBox__name\"><span>por\n\t\t\t<a href=\"https:\/\/www.suno.com.br\/noticias\/author\/monique-lima\/\"><span itemprop=\"author\">Monique Lima<\/span><\/a><\/span><time datetime=\"2022-01-31T17:16:10-03:00\" itemprop=\"datePublished\">31\/01\/2022 17:16<\/time><\/div><\/div><\/div><\/div><\/div>","single_layout":"posts","amp_enabled":true,"_links":{"self":[{"href":"https:\/\/www.suno.com.br\/noticias\/wp-json\/wp\/v2\/posts\/244267"}],"collection":[{"href":"https:\/\/www.suno.com.br\/noticias\/wp-json\/wp\/v2\/posts"}],"about":[{"href":"https:\/\/www.suno.com.br\/noticias\/wp-json\/wp\/v2\/types\/post"}],"author":[{"embeddable":true,"href":"https:\/\/www.suno.com.br\/noticias\/wp-json\/wp\/v2\/users\/73"}],"replies":[{"embeddable":true,"href":"https:\/\/www.suno.com.br\/noticias\/wp-json\/wp\/v2\/comments?post=244267"}],"version-history":[{"count":3,"href":"https:\/\/www.suno.com.br\/noticias\/wp-json\/wp\/v2\/posts\/244267\/revisions"}],"predecessor-version":[{"id":244315,"href":"https:\/\/www.suno.com.br\/noticias\/wp-json\/wp\/v2\/posts\/244267\/revisions\/244315"}],"wp:featuredmedia":[{"embeddable":true,"href":"https:\/\/www.suno.com.br\/noticias\/wp-json\/wp\/v2\/media\/130186"}],"wp:attachment":[{"href":"https:\/\/www.suno.com.br\/noticias\/wp-json\/wp\/v2\/media?parent=244267"}],"wp:term":[{"taxonomy":"category","embeddable":true,"href":"https:\/\/www.suno.com.br\/noticias\/wp-json\/wp\/v2\/categories?post=244267"},{"taxonomy":"post_tag","embeddable":true,"href":"https:\/\/www.suno.com.br\/noticias\/wp-json\/wp\/v2\/tags?post=244267"},{"taxonomy":"suno_strategy","embeddable":true,"href":"https:\/\/www.suno.com.br\/noticias\/wp-json\/wp\/v2\/suno_strategy?post=244267"}],"curies":[{"name":"wp","href":"https:\/\/api.w.org\/{rel}","templated":true}]}}