{"id":244246,"date":"2022-03-22T21:54:03","date_gmt":"2022-03-23T00:54:03","guid":{"rendered":"https:\/\/www.suno.com.br\/noticias\/?p=244246"},"modified":"2022-03-22T22:02:50","modified_gmt":"2022-03-23T01:02:50","slug":"radar-vibra-vbbr3-mercado-livre-meli34-tim-tims3","status":"publish","type":"post","link":"https:\/\/www.suno.com.br\/noticias\/radar-vibra-vbbr3-mercado-livre-meli34-tim-tims3\/","title":{"rendered":"Radar: lucro da Vibra (VBBR3) cai 67,4%, Mercado Livre (MELI34) pressiona concorrentes, TIM (TIMS3) pagar\u00e1 R$ 195 mi em JCP"},"content":{"rendered":"<p>A\u00a0<a href=\"https:\/\/www.suno.com.br\/acoes\/brdt3\/\"><strong>Vibra<\/strong>\u00a0(VBBR3)<\/a>, ex-BR Distribuidora, reportou nesta ter\u00e7a-feira (22) um\u00a0<a class=\"suno-keyword\" href=\"https:\/\/www.suno.com.br\/artigos\/lucro-liquido\/\" target=\"_blank\" rel=\"noopener\" data-force=\"no\" data-priority=\"1\">lucro l\u00edquido<\/a>\u00a0de R$ 1 bilh\u00e3o no quarto trimestre de 2021, queda de 67,4% a menos ante o mesmo per\u00edodo em 2020.<\/p>\t<div class=\"wrapper-featured-image\">\n\t\t<figure class=\"spotlightImg\">\n\n\t\t\t<picture>\n\t\t\t\t<source media=\"(max-width: 768px)\" srcset=\"https:\/\/files.sunoresearch.com.br\/n\/uploads\/2019\/11\/9261ecfd-br-distribuidora-400x200.webp\">\n\t\t\t\t<img loading=\"lazy\" decoding=\"async\" class=\"newsContent__article__imgCapa lazyloadDisabled \" src=\"https:\/\/files.sunoresearch.com.br\/n\/uploads\/2019\/11\/9261ecfd-br-distribuidora-800x450.webp\" width=\"800\" height=\"450\" alt=\"Radar: lucro da Vibra (VBBR3) cai 67,4%, Mercado Livre (MELI34) pressiona concorrentes, TIM (TIMS3) pagar\u00e1 R$ 195 mi em JCP\" fetchpriority=high \/>\n\t\t\t<\/picture>\n\n\t\t\t<figcaption class=\"wp-caption-text wp-caption-text--show\"> Vibra (VBBR3)<\/figcaption>\n\t\t<\/figure>\n\t<\/div>\n\n\n\t<p>\n\t\t<a href=\"\" target=\"_blank\" data-element=\"shortcode-suno-banner\" title=\"Banner SUNO, clique e saiba mais\">\n\t\t\t<picture>\n\t\t\t\t<source media=\"(max-width: 500px)\" srcset=\"\">\n\t\t\t\t<img class=\"newsContent__article__imgCapa newsContent__article__imgCapa--banner\"\n\t\t\t\t\tsrc=\"\"\n\t\t\t\t\tdata-promo-id=\"138420\"\t\t\t\t\t\t\t\t\t\t\t\t\t\t\talt=\"\"\n\t\t\t\t>\n\t\t\t<\/picture>\n\t\t<\/a>\n\t<\/p>\n\n\n<p>No acumulado do ano, o <strong>lucro l\u00edquido da Vibra<\/strong>\u00a0somou R$ 2,5 bilh\u00f5es, 36,1% a menos na compara\u00e7\u00e3o a 2020, de R$ 3,9 bilh\u00f5es. A Vibra destacou que o lucro l\u00edquido teria apresentado uma expans\u00e3o de aproximadamente 35% em 2021, se exclu\u00edsse o efeito da contribui\u00e7\u00e3o positiva da primeira remensura\u00e7\u00e3o de passivos decorrentes da mudan\u00e7a dos planos de sa\u00fade, no valor de R$ 2,1 bilh\u00f5es, no 4T20.<\/p>\n<p>O\u00a0<strong>Ebitda<\/strong>\u00a0(lucro antes de juros, impostos, deprecia\u00e7\u00f5es e amortiza\u00e7\u00f5es) ajustado da Vibra foi de R$ 1,6 bilh\u00e3o, leve queda de 1,1% ante 4T20. J\u00e1 a\u00a0<a class=\"suno-keyword\" href=\"https:\/\/www.suno.com.br\/artigos\/margem-ebitda\/\" target=\"_blank\" rel=\"noopener\" data-force=\"no\" data-priority=\"1\">margem Ebitda<\/a>\u00a0ajustada ficou em 4,1%, queda de 2,6 pontos percentuais ao n\u00famero do ano anterior, de 6,7%.<\/p>\n<p>De janeiro a dezembro, os Ebitda ajustado ficou em R$ 4.9 bilh\u00f5es, alta de 30,8%. A margem ajustada ficou em 3,8% no total do ano, uma queda de 0,8 ponto percentual ante mesmo per\u00edodo de 2020.<\/p>\n<p>A\u00a0<strong>receita l\u00edquida<\/strong>\u00a0aumentou 61,6% no trimestre, alcan\u00e7ando R$ 39,2 bilh\u00f5es. No acumulado do ano, o montante foi de R$ 130,1 bilh\u00f5es, 59,7% a mais na compara\u00e7\u00e3o anual.<\/p>\n<p>O\u00a0<strong>volume de vendas<\/strong>, no entanto, sofreu uma redu\u00e7\u00e3o de 3,4% no 4T21, no total de R$ 9,9 bilh\u00f5es, principalmente em raz\u00e3o das menores vendas de coque (-85%) e ciclo Otto (-5%), parcialmente compensados por maiores volumes de diesel (+6%), combust\u00edveis de avia\u00e7\u00e3o (+31%) e \u00f3leo combust\u00edveis (+27%, t\u00e9rmicas). De janeiro a dezembro, foram R$ 38,4 bilh\u00f5es em vendas, um crescimento de 4,7% contra 2020.<\/p>\n<p>As\u00a0<strong>despesas operacionais<\/strong>\u00a0ajustadas foram de R$ 758 milh\u00f5es no 4T21. Sem o efeito do resultado com o hedge de commodities e gastos com CBIOS, totalizam R$ 638 milh\u00f5es.<\/p>\n<p>Em rela\u00e7\u00e3o ao\u00a0<strong>lucro bruto<\/strong>, na compara\u00e7\u00e3o na base anual, observa-se um aumento de 42,1%, em raz\u00e3o de maiores ganhos com invent\u00e1rios e maiores margens m\u00e9dias de comercializa\u00e7\u00e3o, de acordo com a Vibra.<\/p>\n<p>Ao se considerar o consolidado de 2021, o lucro bruto cresceu 53,7%, chegando a R$ 6,8 bilh\u00f5es. Isso ocorreu principalmente em fun\u00e7\u00e3o da recupera\u00e7\u00e3o parcial do volume de vendas, \u201ccom ganho de market share em todos os segmentos, acompanhada de uma evolu\u00e7\u00e3o positiva da margem m\u00e9dia de comercializa\u00e7\u00e3o, alavancada pelo maior fornecimento de \u00f3leo combust\u00edvel para as t\u00e9rmicas emergenciais\u201d, diz a empresa, em apresenta\u00e7\u00e3o.<\/p>\n<p>Al\u00e9m da <strong>Vibra<\/strong>, confira outros destaques desta ter\u00e7a-feira:<\/p>\n<h2>Mercado Livre (MELI34): investimento de R$ 17 bi no Brasil pressiona concorrentes<\/h2>\n<ul>\n<li>O <strong>Mercado Livre<\/strong>\u00a0(<a class=\"suno-keyword\" href=\"https:\/\/www.suno.com.br\/bdrs\/meli34\/\" target=\"_blank\" rel=\"noopener\" data-force=\"yes\" data-priority=\"2\">MELI34<\/a>) investir\u00e1 R$ 17 bilh\u00f5es no Brasil em 2022, valor 70% maior do que os R$ 10 bilh\u00f5es do ano passado. Nos \u00faltimos anos, a empresa de e-commerce argentina vem investindo valores recordes no Pa\u00eds como parte de sua estrat\u00e9gia de crescimento e consolida\u00e7\u00e3o de lideran\u00e7a.<\/li>\n<li>Em compara\u00e7\u00e3o com as concorrentes brasileiras, o aporte do <strong>Mercado Livre no Brasil<\/strong>\u00a0\u00e9 cinco vezes maior, j\u00e1 que varejistas locais como Americanas (AMER3),\u00a0<a class=\"suno-keyword\" href=\"https:\/\/www.suno.com.br\/acoes\/MGLU3\/\" target=\"_blank\" rel=\"noopener\" data-force=\"yes\" data-priority=\"2\">Magazine Luiza (MGLU3)<\/a>\u00a0e Via (VIIA3) n\u00e3o conseguem passar dos R$ 2 bilh\u00f5es ao ano.<\/li>\n<li>\u201cA acelera\u00e7\u00e3o nos investimentos \u00e9 reflexo do nosso crescimento sustent\u00e1vel e constante no pa\u00eds, em conex\u00e3o com o o compromisso de democratizar o com\u00e9rcio e os servi\u00e7os financeiros para pessoas e empresas por meio da internet\u201d, destaca <strong>Fernando Yunes<\/strong>, vice-presidente s\u00eanior do Mercado Livre no Brasil.<\/li>\n<li>Recentemente, o Mercado Livre j\u00e1 tinha dado uma ideia do seu poder de fogo e interesse de crescimento nas terras brasileiras. A empresa anunciou a inaugura\u00e7\u00e3o de quatro <strong>novos centros de distribui\u00e7\u00e3o<\/strong>\u00a0no Estado de S\u00e3o Paulo \u2013 ponto estrat\u00e9gico de log\u00edstica para otimiza\u00e7\u00e3o dos fretes e tempo de entrega -, aumentando para mais de 2 milh\u00f5es de pacotes a sua capacidade di\u00e1ria de transa\u00e7\u00e3o.<\/li>\n<li>No ano passado, a empresa conquistou <strong>resultados recordes<\/strong>, com forte crescimento, melhores margens e resultado operacional. Ao final do ano, o Mercado Livre contabilizava mais de 76 milh\u00f5es de usu\u00e1rios, sendo mais de 9 milh\u00f5es de vendedores \u00fanicos e grandes marcas, respons\u00e1veis pelas mais de 32 vendas por segundo na plataforma.<\/li>\n<li>Parte significativa desse investimento tamb\u00e9m ser\u00e1 destinada ao avan\u00e7o da oferta do <strong>Mercado Pago<\/strong>, segundo o Mercado Livre. A empresa de\u00a0<strong>e-commerce<\/strong>\u00a0quer trabalhar novos servi\u00e7os, produtos e experi\u00eancias integradas \u00e0 conta digital, refor\u00e7ando o seu objetivo de concentrar a\u00a0<a class=\"suno-keyword\" href=\"https:\/\/www.suno.com.br\/artigos\/gestao-financeira\/\" target=\"_blank\" rel=\"noopener\" data-force=\"no\" data-priority=\"2\">gest\u00e3o financeira<\/a>\u00a0dos usu\u00e1rios em um mesmo lugar.<\/li>\n<li>O Mercado Pago atingiu 34,5 milh\u00f5es de usu\u00e1rios ativos, encerrando o ano de 2021 com a entrega de mais de 1\/3 do faturamento de todo o grupo no Brasil.<\/li>\n<li>\u201cNossa r\u00e1pida transforma\u00e7\u00e3o nos permite acelerar a inclus\u00e3o financeira dos brasileiros em um momento muito importante. Seguiremos investindo em tecnologia para proporcionar acesso simples e seguro aos servi\u00e7os financeiros\u201d, ressalta Tulio Oliveira, vice-presidente do <strong>Mercado Pago no Brasil<\/strong>.<\/li>\n<li>Um dos destaques da <strong><em>fintech<\/em>\u00a0do Mercado Livre<\/strong>\u00a0foi a expans\u00e3o das opera\u00e7\u00f5es com criptomoedas a partir da conta digital. Em pouco mais de dois meses oferecendo\u00a0<a class=\"suno-keyword\" href=\"https:\/\/www.suno.com.br\/artigos\/opcao-de-compra\/\" target=\"_blank\" rel=\"noopener\" data-force=\"no\" data-priority=\"1\">op\u00e7\u00f5es de compra<\/a>, venda e reserva desses ativos, o Mercado Pago alcan\u00e7ou a marca de 1 milh\u00e3o de usu\u00e1rios do servi\u00e7o no Brasil, o que reafirma o potencial de crescimento dessa vertente, indica a empresa.<\/li>\n<li>A expans\u00e3o de servi\u00e7os e produtos, assim como o investimento em iniciativas de inclus\u00e3o e educa\u00e7\u00e3o financeira, s\u00e3o objetivos do <strong>Mercado Livre para 2022<\/strong>.<\/li>\n<\/ul>\n\t<p>\n\t\t<a href=\"https:\/\/lp.suno.com.br\/planilha-controle-gastos\/\" target=\"_blank\" data-element=\"shortcode-suno-banner\" title=\"Banner SUNO, clique e saiba mais\">\n\t\t\t<picture>\n\t\t\t\t<source media=\"(max-width: 500px)\" srcset=\"https:\/\/files.sunoresearch.com.br\/n\/uploads\/2023\/03\/400x300-Planilha-controle-de-gastos.png\">\n\t\t\t\t<img class=\"newsContent__article__imgCapa newsContent__article__imgCapa--banner\"\n\t\t\t\t\tsrc=\"https:\/\/files.sunoresearch.com.br\/n\/uploads\/2023\/03\/1420x240-Planilha-controle-de-gastos.png\"\n\t\t\t\t\tdata-promo-id=\"101751\"\t\t\t\t\t\t\t\t\t\twidth='1420' height='240'\t\t\t\t\talt=\"https:\/\/files.sunoresearch.com.br\/n\/uploads\/2023\/03\/1420x240-Planilha-controle-de-gastos.png\"\n\t\t\t\t>\n\t\t\t<\/picture>\n\t\t<\/a>\n\t<\/p>\n\n\n<h2>IRB Brasil (IRBR3) lucra R$ 114,1 milh\u00f5es em janeiro com ganhos n\u00e3o-recorrentes<\/h2>\n<ul>\n<li>A empresa de resseguros <a class=\"suno-keyword\" href=\"https:\/\/www.suno.com.br\/acoes\/IRBR3\/\" target=\"_blank\" rel=\"noopener\" data-force=\"yes\" data-priority=\"2\"><strong>IRB<\/strong>\u00a0Brasil (IRBR3)<\/a>\u00a0registrou um\u00a0<a class=\"suno-keyword\" href=\"https:\/\/www.suno.com.br\/artigos\/lucro-liquido\/\" target=\"_blank\" rel=\"noopener\" data-force=\"no\" data-priority=\"1\">lucro l\u00edquido<\/a>\u00a0de R$ 114,1 milh\u00f5es em janeiro de 2022, valor 6,4 vezes maior do que o reportado em janeiro de 2021, quando teve R$ 17,9 milh\u00f5es de lucro l\u00edquido.<\/li>\n<li>Segundo o IRB, os n\u00fameros ainda n\u00e3o foram auditados e fazem parte do Formul\u00e1rio de Informa\u00e7\u00f5es Peri\u00f3dicas (<strong>FIP<\/strong>), entregue mensalmente, de acordo com o\u00a0<a class=\"suno-keyword\" href=\"https:\/\/www.suno.com.br\/artigos\/plano-de-contas\/\" target=\"_blank\" rel=\"noopener\" data-force=\"no\" data-priority=\"1\">plano de contas<\/a>\u00a0definido pelo regulador.<\/li>\n<li>Em relat\u00f3rio, a empresa de resseguros justifica que o forte<strong>\u00a0desempenho do IRB Brasil<\/strong>\u00a0em janeiro se deu gra\u00e7as ao efeito n\u00e3o-recorrente referente ao ganho de a\u00e7\u00e3o judicial, que impactou o resultado antes de impostos positivamente em R$ 110,2 milh\u00f5es.<\/li>\n<li>O total de <strong>pr\u00eamios emitidos<\/strong>\u00a0no per\u00edodo somou 1,023 bilh\u00e3o, um crescimento de 25,8% em rela\u00e7\u00e3o a janeiro de 2021. O incremento do pr\u00eamio no Brasil foi de 31,9%, para R$ 611,6 milh\u00f5es, enquanto no exterior houve um aumento de 17,7%, para R$ 411,9 milh\u00f5es.<\/li>\n<li>A <strong>despesa de sinistro<\/strong>\u00a0em janeiro de 2022 foi de R$ 293,9 milh\u00f5es, informa o IRB, no mesmo patamar que a de janeiro de 2021, quando chegou a R$ 290,1 milh\u00f5es.<\/li>\n<li>J\u00e1 o <strong>\u00edndice de sinistralidade<\/strong>\u00a0no mesmo per\u00edodo atingiu 68,4%, uma melhora de 2,2 pontos percentuais em rela\u00e7\u00e3o ao mesmo m\u00eas do ano anterior.<\/li>\n<\/ul>\n\t<p>\n\t\t<a href=\"https:\/\/lp.suno.com.br\/planilha-da-vida-financeira\/\" target=\"_blank\" data-element=\"shortcode-suno-banner\" title=\"Banner SUNO, clique e saiba mais\">\n\t\t\t<picture>\n\t\t\t\t<source media=\"(max-width: 500px)\" srcset=\"https:\/\/files.sunoresearch.com.br\/n\/uploads\/2023\/04\/400x300-Planilha-vida-financeira-true.png\">\n\t\t\t\t<img class=\"newsContent__article__imgCapa newsContent__article__imgCapa--banner\"\n\t\t\t\t\tsrc=\"https:\/\/files.sunoresearch.com.br\/n\/uploads\/2023\/04\/1420x240-Planilha-vida-financeira-true.png\"\n\t\t\t\t\tdata-promo-id=\"106682\"\t\t\t\t\t\t\t\t\t\twidth='1420' height='240'\t\t\t\t\talt=\"https:\/\/files.sunoresearch.com.br\/n\/uploads\/2023\/04\/1420x240-Planilha-vida-financeira-true.png\"\n\t\t\t\t>\n\t\t\t<\/picture>\n\t\t<\/a>\n\t<\/p>\n\n\n<h2 class=\"newsContent__article__title\">Positivo (POSI3): lucro sobe quase quatro vezes no 4T21, para R$ 41,8 milh\u00f5es<\/h2>\n<ul>\n<li>A <a href=\"https:\/\/www.suno.com.br\/acoes\/posi3\/\"><strong>Positivo<\/strong>\u00a0(POSI3)<\/a>\u00a0registrou\u00a0<a class=\"suno-keyword\" href=\"https:\/\/www.suno.com.br\/artigos\/lucro-liquido\/\" target=\"_blank\" rel=\"noopener\" data-force=\"no\" data-priority=\"1\">lucro l\u00edquido<\/a> recorrente de R$ 41,8 milh\u00f5es no quarto trimestre de 2021, alta de 279,6% em rela\u00e7\u00e3o ao mesmo per\u00edodo do ano anterior. O Ebitda recorrente, por sua vez, chegou a R$ 92,2 milh\u00f5es entre outubro e dezembro do ano passado, queda de 2,9% na mesma base comparativa.<\/li>\n<li>O\u00a0<strong>lucro l\u00edquido<\/strong>, sem o crit\u00e9rio de recorr\u00eancia, tamb\u00e9m ficou em R$ 41,8 milh\u00f5es, mas, nesse caso, representa um recuo de 72,1% ano a ano. A empresa explica que a diferen\u00e7a se d\u00e1 com os impactos positivos no quarto trimestre de 2020, como cr\u00e9ditos tribut\u00e1rios de lit\u00edgios referentes \u00e0 inconstitucionalidade da inclus\u00e3o do ICMS na base de c\u00e1lculo do PIS e Cofins e liquida\u00e7\u00e3o de processos administrativos em disputas relativas.<\/li>\n<li>A<strong>\u00a0alavancagem da empresa<\/strong>, medida pela rela\u00e7\u00e3o entre endividamento l\u00edquido e Ebitda, subiu de 1,3 vez no quarto trimestre de 2020 para 1,6 vez nos \u00faltimos tr\u00eas meses de 2021. O ano foi encerrado com\u00a0<a class=\"suno-keyword\" href=\"https:\/\/www.suno.com.br\/artigos\/divida-liquida\/\" target=\"_blank\" rel=\"noopener\" data-force=\"no\" data-priority=\"1\">d\u00edvida l\u00edquida<\/a> de R$ 539,7 milh\u00f5es, refletindo a maior necessidade de financiamento de capital de giro.<\/li>\n<li>No release de resultados, a Positivo destaca a\u00a0<strong>diversifica\u00e7\u00e3o das receitas<\/strong> e o amadurecimento das avenidas de crescimento, com maior representatividade dos segmentos de solu\u00e7\u00f5es de pagamentos e servi\u00e7os da unidade de vendas corporativas.<\/li>\n<li>O segmento de<strong>\u00a0vendas corporativas<\/strong>\u00a0acumulou\u00a0<strong><a class=\"suno-keyword\" href=\"https:\/\/www.suno.com.br\/artigos\/o-que-receita-bruta\/\" target=\"_blank\" rel=\"noopener\" data-force=\"no\" data-priority=\"1\">receita bruta<\/a><\/strong>\u00a0de R$ 826 milh\u00f5es no ano, 24,9% superior \u00e0 de 2020. Segundo a companhia, o avan\u00e7o reflete a\u00a0<strong>demanda por computadores<\/strong>\u00a0por empresas, assim como o aumento de 422% na receita bruta do segmento de\u00a0<a class=\"suno-keyword\" href=\"https:\/\/www.suno.com.br\/artigos\/meios-de-pagamento\/\" target=\"_blank\" rel=\"noopener\" data-force=\"no\" data-priority=\"1\">meios de pagamento<\/a> e a forte procura por HaaS. Nos \u00faltimos tr\u00eas meses do ano passado, o segmento corporativo somou R$ 292 milh\u00f5es em receita bruta, leve redu\u00e7\u00e3o de 0,8% com rela\u00e7\u00e3o ao \u00faltimo trimestre de 2020.<\/li>\n<li>J\u00e1 a receita bruta da unidade de Institui\u00e7\u00f5es P\u00fablicas ficou 133,7% maior em 2021 do que em 2020. No trimestre, reportou alta anual de 150,4%. O segmento foi impulsionado pelo maior n\u00famero de licita\u00e7\u00f5es no Pa\u00eds e pela necessidade de institui\u00e7\u00f5es p\u00fablicas de ensino ofertarem notebooks e tablets a seus alunos.<\/li>\n<\/ul>\n<p>&nbsp;<\/p>\n<h2>Minerva (BEEF3): diretor de RI pagar\u00e1 R$ 408 mil em acordo com a CVM<\/h2>\n<ul>\n<li>A Comiss\u00e3o de Valores Mobili\u00e1rios (CVM) anunciou nesta ter\u00e7a-feira (22) que aceitou proposta de acordo feita por Edison Ticle, diretor de rela\u00e7\u00e3o com investidores da <a href=\"https:\/\/www.suno.com.br\/acoes\/beef3\/\"><strong>Minerva<\/strong>\u00a0(BEEF3)<\/a>, para encerrar um processo administrativo. O executivo vai pagar R$ 408 mil para a autarquia, em parcela \u00fanica.<\/li>\n<li>O <strong>processo administrativo<\/strong>\u00a0foi instaurado ap\u00f3s oscila\u00e7\u00f5es at\u00edpicas nas\u00a0<strong>a\u00e7\u00f5es da empresa<\/strong>\u00a0em 10 de agosto de 2021. A CVM identificou que Ticle teria revelado, durante uma transmiss\u00e3o ao vivo em m\u00eddia social, que o fechamento de capital da empresa seria uma possibilidade, ap\u00f3s questionamentos de um grupo de investidores.<\/li>\n<li>Inicialmente, o <strong>executivo da Minerva<\/strong>\u00a0prop\u00f4s pagar R$ 210 mil para encerrar o processo. Ap\u00f3s negocia\u00e7\u00f5es com o Comit\u00ea de Termo de Compromisso (CTC), o valor foi aumentado par R$ 408 mil. A Procuradoria Federal Especializada junto \u00e0 Autarquia (PFE-CVM) concluiu n\u00e3o existir impedimento jur\u00eddico para a\u00a0<strong>celebra\u00e7\u00e3o do acordo<\/strong>. Dessa forma processo \u00e9 encerrado sem julgamento.<\/li>\n<li>O <strong>colegiado da CVM<\/strong>\u00a0tamb\u00e9m aprovou nesta ter\u00e7a-feira uma proposta de acordo apresentada por Paula Vasconcelos da Costa C\u00f4rte-Real, na qualidade de diretora de rela\u00e7\u00e3o com investidores da Enauta (ENAT3).<\/li>\n<li>Ela se comprometeu a pagar R$ 289 mil para encerrar o processo instaurado pela Superintend\u00eancia de Rela\u00e7\u00f5es com Empresas (SEP) da CVM para apurar aus\u00eancia de divulga\u00e7\u00e3o de fato relevante, de forma tempestiva, sobre falha no sistema de equipamento da plataforma localizado no Campo de Atlanta. O evento provocou oscila\u00e7\u00e3o at\u00edpica do valor das a\u00e7\u00f5es da empresa.<\/li>\n<\/ul>\n\t<p>\n\t\t<a href=\"https:\/\/lp.suno.com.br\/ebook-como-analisar-uma-acao\/\" target=\"_blank\" data-element=\"shortcode-suno-banner\" title=\"Banner SUNO, clique e saiba mais\">\n\t\t\t<picture>\n\t\t\t\t<source media=\"(max-width: 500px)\" srcset=\"https:\/\/files.sunoresearch.com.br\/n\/uploads\/2023\/03\/Ebook-Acoes-Mobile-1.jpg\">\n\t\t\t\t<img class=\"newsContent__article__imgCapa newsContent__article__imgCapa--banner\"\n\t\t\t\t\tsrc=\"https:\/\/files.sunoresearch.com.br\/n\/uploads\/2023\/03\/Ebook-Acoes-Desktop-1.jpg\"\n\t\t\t\t\tdata-promo-id=\"171998\"\t\t\t\t\t\t\t\t\t\twidth='1420' height='286'\t\t\t\t\talt=\"https:\/\/files.sunoresearch.com.br\/n\/uploads\/2023\/03\/Ebook-Acoes-Desktop-1.jpg\"\n\t\t\t\t>\n\t\t\t<\/picture>\n\t\t<\/a>\n\t<\/p>\n\n\n<h2 class=\"newsContent__article__title\">Weg (WEGE3) vai pagar R$ 154,2 milh\u00f5es em JCP; confira o valor por a\u00e7\u00e3o<\/h2>\n<ul>\n<li>A <a class=\"suno-keyword\" href=\"https:\/\/www.suno.com.br\/acoes\/WEGE3\/\" target=\"_blank\" rel=\"noopener\" data-force=\"yes\" data-priority=\"2\"><strong>Weg<\/strong>\u00a0(WEGE3)<\/a>\u00a0informou nesta ter\u00e7a-feira (22) que o\u00a0<a class=\"suno-keyword\" href=\"https:\/\/www.suno.com.br\/artigos\/conselho-administracao\/\" target=\"_blank\" rel=\"noopener\" data-force=\"no\" data-priority=\"1\">Conselho de Administra\u00e7\u00e3o<\/a>\u00a0aprovou o pagamento de R$ 154.275.008,03 em\u00a0<a class=\"suno-keyword\" href=\"https:\/\/www.suno.com.br\/artigos\/entenda-o-jcp\/\" target=\"_blank\" rel=\"noopener\" data-force=\"no\" data-priority=\"1\">Juros Sobre Capital Pr\u00f3prio<\/a> (JCP) aos seus acionistas.<\/li>\n<li>De acordo com o\u00a0<a class=\"suno-keyword\" href=\"https:\/\/www.suno.com.br\/artigos\/fato-relevante\/\" target=\"_blank\" rel=\"noopener\" data-force=\"no\" data-priority=\"1\">fato relevante<\/a>\u00a0enviado \u00e0\u00a0<strong>Comiss\u00e3o de Valores Mobili\u00e1rios (CVM)<\/strong>, o valor dos proventos por a\u00e7\u00e3o ser\u00e1 de R$ 0,0367, que ser\u00e3o pagos em 17 de agosto de 2022.<\/li>\n<li>Apenas os investidores com <strong>a\u00e7\u00f5es da Weg<\/strong>\u00a0no dia 25 de mar\u00e7o ter\u00e3o direito de receber os rendimentos. A partir do dia 28 de mar\u00e7o, as a\u00e7\u00f5es ser\u00e3o negociadas sem direito aos\u00a0<a class=\"suno-keyword\" href=\"https:\/\/www.suno.com.br\/guias\/dividendos\/\" target=\"_blank\" rel=\"noopener\" data-force=\"no\" data-priority=\"1\">dividendos<\/a>.<\/li>\n<li>Esses proventos fazem parte dos dividendos obrigat\u00f3rios do exerc\u00edcio de 2022.<\/li>\n<li>O valor dos JCP ter\u00e1 reten\u00e7\u00e3o do imposto de renda na fonte, com al\u00edquota de 15%, resultando em aproximadamente R$ 0,0312 por a\u00e7\u00e3o.<\/li>\n<\/ul>\n<h2>Vale (VALE3) fornecer\u00e1 produtos de n\u00edquel de baixo carbono \u00e0 Northvolt<\/h2>\n<ul>\n<li>A <a class=\"suno-keyword\" href=\"https:\/\/www.suno.com.br\/acoes\/VALE3\/\" target=\"_blank\" rel=\"noopener\" data-force=\"yes\" data-priority=\"2\"><strong>Vale<\/strong>\u00a0(VALE3)<\/a>\u00a0informou que a Vale Canad\u00e1 e a produtora de c\u00e9lulas de \u00edon-l\u00edtio Northvolt AB fecharam um acordo plurianual no qual a mineradora ir\u00e1 fornecer produtos de n\u00edquel de baixo carbono \u00e0 sueca Northvolt, segundo\u00a0<a class=\"suno-keyword\" href=\"https:\/\/www.suno.com.br\/artigos\/fato-relevante\/\" target=\"_blank\" rel=\"noopener\" data-force=\"no\" data-priority=\"1\">fato relevante<\/a>\u00a0desta ter\u00e7a-feira (22).<\/li>\n<li>O contrato \u00e9 fruto de mais de dois anos de negocia\u00e7\u00e3o entre <strong>Vale e Northvolt<\/strong>\u00a0e ser\u00e1 o meio de lan\u00e7amento para uma maior coopera\u00e7\u00e3o entre as empresas em diversas \u00e1reas.<\/li>\n<li>Segundo o comunicado, essa parceria refor\u00e7a o compromisso compartilhado pelas duas empresas com a <strong>sustentabilidade<\/strong>\u00a0na\u00a0<strong>cadeia de ve\u00edculos el\u00e9tricos<\/strong>\u00a0e eletrifica\u00e7\u00e3o da ind\u00fastria de minera\u00e7\u00e3o de forma geral.<\/li>\n<li>A Vale destaca que o acordo reafirma a posi\u00e7\u00e3o da mineradora como fornecedora preferencial para a ind\u00fastria de ve\u00edculos el\u00e9tricos e se alinha com o imperativo da Northvolt de minimizar as emiss\u00f5es de carbono e outros impactos ambientais na <a class=\"suno-keyword\" href=\"https:\/\/www.suno.com.br\/artigos\/cadeia-de-valor\/\" target=\"_blank\" rel=\"noopener\" data-force=\"no\" data-priority=\"1\">cadeia de valor<\/a>\u00a0das baterias.<\/li>\n<li>\u201cA Vale \u00e9 l\u00edder global na produ\u00e7\u00e3o de produtos de <strong>n\u00edquel de baixo carbono<\/strong>\u00a0e alta pureza. Os rounds de n\u00edquel de sua refinaria de Long Harbour em Newfoundland, Canad\u00e1, t\u00eam uma pegada de carbono verificada de 4,4 toneladas de CO2 equivalente por tonelada de n\u00edquel \u2013 cerca de um ter\u00e7o da m\u00e9dia apurada pelo Nickel Institute para o n\u00edquel Classe 1\u2033, informa a Vale.<\/li>\n<li>A Vale diz que se comprometeu a investir entre US$ 4 bilh\u00f5es e US$ 6 bilh\u00f5es para reduzir as emiss\u00f5es absolutas de carbono em 33% at\u00e9 2030, como parte dos esfor\u00e7os para atingir emiss\u00f5es l\u00edquidas zero at\u00e9 2050. Al\u00e9m disso, tamb\u00e9m reduzir\u00e1 as emiss\u00f5es da cadeia de valor em 15% at\u00e9 2035.<\/li>\n<li>J\u00e1 a ambi\u00e7\u00e3o da Northvolt \u00e9 elevar o padr\u00e3o de sustentabilidade para os produtores de baterias com um plano para <strong>reduzir as emiss\u00f5es de carbono<\/strong>\u00a0em at\u00e9 90% em compara\u00e7\u00e3o com as baterias de refer\u00eancia atuais, principalmente por meio da utiliza\u00e7\u00e3o de energia limpa na produ\u00e7\u00e3o e reciclagem.<\/li>\n<li>\u201cEste contrato de fornecimento \u00e9 mais um marco estrat\u00e9gico conforme direcionamos nossos neg\u00f3cios para a demanda de ve\u00edculos el\u00e9tricos\u201d, destaca em nota <strong>Deshnee Naidoo<\/strong>, Vice-Presidente Executiva de Metais B\u00e1sicos da Vale.<\/li>\n<li><strong>Maria \u00c5strand<\/strong>, vice-presidente de materiais ativos da Northvolt, tamb\u00e9m comenta em nota que a empresa foi fundada com a miss\u00e3o de construir a bateria mais ecol\u00f3gica do mundo para permitir a transi\u00e7\u00e3o para a eletrifica\u00e7\u00e3o.<\/li>\n<li>\u201cQueremos construir baterias com uma pegada m\u00ednima de CO2 usando <strong>energia limpa<\/strong>\u00a0e tecnologia inteligente. Esta parceria \u00e9 perfeita para podermos alcan\u00e7ar essa ambi\u00e7\u00e3o\u201d, diz.<\/li>\n<\/ul>\n<h2>Alibaba (BABA34) dispara 11% ap\u00f3s aumento no programa de recompra de a\u00e7\u00f5es<\/h2>\n<ul>\n<li>As a\u00e7\u00f5es do <strong>Alibaba<\/strong>\u00a0(<a class=\"suno-keyword\" href=\"https:\/\/www.suno.com.br\/bdrs\/baba34\/\" target=\"_blank\" rel=\"noopener\" data-force=\"yes\" data-priority=\"2\">BABA34<\/a>) listadas em Hong Kong dispararam mais de 11% nesta ter\u00e7a-feira (22), depois que a empresa anunciou um aumento no tamanho do seu programa de\u00a0<a class=\"suno-keyword\" href=\"https:\/\/www.suno.com.br\/artigos\/recompra-de-acoes\/\" target=\"_blank\" rel=\"noopener\" data-force=\"no\" data-priority=\"1\">recompra de a\u00e7\u00f5es<\/a>.<\/li>\n<li>De acordo com a gigante chinesa de com\u00e9rcio eletr\u00f4nico, o novo programa ir\u00e1 aumentar a <a class=\"suno-keyword\" href=\"https:\/\/www.suno.com.br\/artigos\/compra-de-acoes\/\" target=\"_blank\" rel=\"noopener\" data-force=\"no\" data-priority=\"1\">compra de a\u00e7\u00f5es<\/a>\u00a0emitidas pelo Alibaba de US$ 15 bilh\u00f5es para\u00a0<strong>US$ 25 bilh\u00f5es<\/strong>, com validade por um per\u00edodo de dois anos \u2013 at\u00e9 mar\u00e7o de 2024.<\/li>\n<li>Com isso, em Hong Kong, as <strong>a\u00e7\u00f5es do Alibaba<\/strong>\u00a0subiram 11,20%, para 110,20 d\u00f3lares de Hong Kong (HK$).<\/li>\n<li>Em Nova York, as <em>American Depositary Shares<\/em>\u00a0<strong>(ADRs) do Alibaba<\/strong>\u00a0acompanham o ritmo de ganhos, e subiam 11,59% por volta das 15h15 (hor\u00e1rio local), avaliadas em US$ 115,82.<\/li>\n<li>O incremento no <strong>programa de recompra de a\u00e7\u00f5es<\/strong>\u00a0do Alibaba \u00e9 uma tentativa da empresa de tranquilizar os investidores sobre a perspectiva da empresa ap\u00f3s um ano em que o pre\u00e7o de sua a\u00e7\u00e3o caiu mais do que pela metade.<\/li>\n<li>O Alibaba sinalizou que, com esse aumento de 67% do valor em a\u00e7\u00f5es, pretende recomprar os pap\u00e9is como \u201cum sinal de confian\u00e7a\u201d de que seguir\u00e1 crescendo no futuro.<\/li>\n<li>A gigante chinesa de com\u00e9rcio eletr\u00f4nico viu no \u00faltimo ano suas a\u00e7\u00f5es perderem cerca de dois ter\u00e7os do seu valor desde a m\u00e1xima hist\u00f3rica, alcan\u00e7ada em outubro de 2020.<\/li>\n<li>Naquele momento, as a\u00e7\u00f5es do Alibaba chegaram a ser avaliadas em HK$ 309,40 na m\u00e1xima intradia, fechando com um topo hist\u00f3rico de HK$ 307,40.<\/li>\n<li>Desde ent\u00e3o, as <strong>a\u00e7\u00f5es em Hong Kong<\/strong>\u00a0perderam 60% do valor, atingindo HK$ 71,25 na m\u00ednima, em mar\u00e7o deste ano.<\/li>\n<li>\u201cO pre\u00e7o das a\u00e7\u00f5es do Alibaba n\u00e3o reflete de forma justa o valor da empresa, devido \u00e0 nossa robusta <a class=\"suno-keyword\" href=\"https:\/\/www.suno.com.br\/artigos\/saude-financeira\/\" target=\"_blank\" rel=\"noopener\" data-force=\"no\" data-priority=\"1\">sa\u00fade financeira<\/a>\u00a0e planos de expans\u00e3o\u201d, disse o vice-diretor financeiro da empresa,\u00a0<strong>Toby Xu<\/strong>, em comunicado sobre o programa de recompra de a\u00e7\u00f5es.<\/li>\n<li>O programa de recompra do Alibaba ir\u00e1 incluir as a\u00e7\u00f5es listadas em Hong Kong e tamb\u00e9m os recibos de a\u00e7\u00f5es listados em Nova York. Anteriormente, a empresa chinesa j\u00e1 havia recomprado cerca de 56,2 milh\u00f5es de ADRs do <strong>Alibaba<\/strong>, no valor de US$ 9,2 bilh\u00f5es.<\/li>\n<\/ul>\n<h2>TIM (TIMS3) vai distribuir R$ 195 milh\u00f5es em JCP aos acionistas; veja valor por a\u00e7\u00e3o<\/h2>\n<ul>\n<li>A <a class=\"suno-keyword\" href=\"https:\/\/www.suno.com.br\/acoes\/TIMS3\/\" target=\"_blank\" rel=\"noopener\" data-force=\"yes\" data-priority=\"2\"><strong>TIM<\/strong>\u00a0(TIMS3)<\/a>\u00a0vai pagar R$ 195 milh\u00f5es em\u00a0<a class=\"suno-keyword\" href=\"https:\/\/www.suno.com.br\/artigos\/entenda-o-jcp\/\" target=\"_blank\" rel=\"noopener\" data-force=\"no\" data-priority=\"1\">Juros Sobre Capital Pr\u00f3prio<\/a>\u00a0(JCP) aos seus acionistas, informa documento divulgado na noite desta ter\u00e7a-feira (22).<\/li>\n<li>Os <strong>proventos da TIM<\/strong>\u00a0ser\u00e3o pagos no dia 27 de abril de 2022. O\u00a0<strong>valor por a\u00e7\u00e3o<\/strong>\u00a0a ser pago pela empresa de telecomunica\u00e7\u00f5es ser\u00e1 de R$ 0,0805, sem considerar a incid\u00eancia do Imposto de Renda.<\/li>\n<li>Para a <a class=\"suno-keyword\" href=\"https:\/\/www.suno.com.br\/artigos\/pessoa-fisica\/\" target=\"_blank\" rel=\"noopener\" data-force=\"no\" data-priority=\"1\">pessoa f\u00edsica<\/a>, essa al\u00edquota de IR \u00e9 de 15%, descontada na fonte.<\/li>\n<li>Apenas os investidores com posi\u00e7\u00e3o comprada nas <strong>a\u00e7\u00f5es TIMS3<\/strong>\u00a0ao final do preg\u00e3o no dia 28 de mar\u00e7o de 2022 ter\u00e3o direito a receber os\u00a0<strong>JCPs da TIM<\/strong>. As a\u00e7\u00f5es da empresa passam a ser negociadas \u201c<strong>ex-juros<\/strong>\u201c, ou seja, sem direito aos JCP, a partir de 29 de mar\u00e7o de 2022.<\/li>\n<li>Segundo documento arquivado na Comiss\u00e3o de Valores Mobili\u00e1rios (CVM), o valor bruto por a\u00e7\u00e3o correspondente ao <strong>JCP da TIM<\/strong>\u00a0poder\u00e1 ser modificado at\u00e9 a data de pagamento. Veja:<\/li>\n<li>\u201cO valor bruto por a\u00e7\u00e3o poder\u00e1 ser modificado em raz\u00e3o da varia\u00e7\u00e3o na quantidade de <a class=\"suno-keyword\" href=\"https:\/\/www.suno.com.br\/artigos\/acoes-em-tesouraria\/\" target=\"_blank\" rel=\"noopener\" data-force=\"no\" data-priority=\"1\">a\u00e7\u00f5es em tesouraria<\/a>\u00a0para atendimento ao Plano de Incentivo de\u00a0<a class=\"suno-keyword\" href=\"https:\/\/www.suno.com.br\/artigos\/longo-prazo\/\" target=\"_blank\" rel=\"noopener\" data-force=\"no\" data-priority=\"1\">Longo Prazo<\/a>\u00a0da companhia. Nesse caso, a TIM far\u00e1 um novo Aviso aos Acionistas informando o valor final por a\u00e7\u00e3o.\u201d<\/li>\n<\/ul>\n<p>Da\u00a0<strong>Vibra <\/strong>ao TIM, essas foram as empresas que se destacaram hoje. Para ler todas as mat\u00e9rias <b data-stringify-type=\"bold\"><a class=\"c-link\" tabindex=\"-1\" href=\"https:\/\/www.suno.com.br\/noticias\/\" target=\"_blank\" rel=\"noopener noreferrer\" data-stringify-link=\"https:\/\/www.suno.com.br\/noticias\/\" data-sk=\"tooltip_parent\" data-remove-tab-index=\"true\">clique aqui<\/a><\/b>.<\/p>\n\t<p>\n\t\t<a href=\"https:\/\/lp.suno.com.br\/planilha-de-controle-de-investimentos\/\" target=\"_blank\" data-element=\"shortcode-suno-banner\" title=\"Banner SUNO, clique e saiba mais\">\n\t\t\t<picture>\n\t\t\t\t<source media=\"(max-width: 500px)\" srcset=\"https:\/\/files.sunoresearch.com.br\/n\/uploads\/2023\/03\/400x300-Controle-de-Investimentos.png\">\n\t\t\t\t<img class=\"newsContent__article__imgCapa newsContent__article__imgCapa--banner\"\n\t\t\t\t\tsrc=\"https:\/\/files.sunoresearch.com.br\/n\/uploads\/2023\/03\/1420x240-Controle-de-Investimentos.png\"\n\t\t\t\t\tdata-promo-id=\"75934\"\t\t\t\t\t\t\t\t\t\twidth='1420' height='240'\t\t\t\t\talt=\"https:\/\/files.sunoresearch.com.br\/n\/uploads\/2023\/03\/1420x240-Controle-de-Investimentos.png\"\n\t\t\t\t>\n\t\t\t<\/picture>\n\t\t<\/a>\n\t<\/p>\n\n\n","protected":false},"excerpt":{"rendered":"<p>A\u00a0Vibra\u00a0(VBBR3), ex-BR Distribuidora, reportou nesta ter\u00e7a-feira (22) um\u00a0lucro l\u00edquido\u00a0de R$ 1 bilh\u00e3o no quarto trimestre de 2021, queda de 67,4% a menos ante o mesmo per\u00edodo em 2020. Vibra (VBBR3) No acumulado do ano, o lucro l\u00edquido da Vibra\u00a0somou R$ 2,5 bilh\u00f5es, 36,1% a menos na compara\u00e7\u00e3o a 2020, de R$ 3,9 bilh\u00f5es. A Vibra [&hellip;]<\/p>\n","protected":false},"author":146,"featured_media":44170,"comment_status":"closed","ping_status":"closed","sticky":false,"template":"","format":"standard","meta":[],"categories":[64],"tags":[1416,1235,563,2034,663,676,596],"suno_strategy":[],"class_list":["post-244246","post","type-post","status-publish","format-standard","has-post-thumbnail","hentry","category-negocios","tag-alibaba-baba34","tag-mercado-livre-meli34","tag-minerva-beef11-beef3","tag-positivo-tecnologia-posi3","tag-tim-tims3","tag-vale-vale3","tag-vibra-energia-vbbr3"],"yoast_head":"<!-- This site is optimized with the Yoast SEO plugin v24.4 - https:\/\/yoast.com\/wordpress\/plugins\/seo\/ -->\n<title>Radar: lucro da Vibra (VBBR3) cai, TIM (TIMS3) paga R$ 195 mi em JCP<\/title>\n<meta name=\"description\" content=\"A\u00a0Vibra\u00a0(VBBR3) reportou\u00a0lucro l\u00edquido\u00a0de R$ 1 bi no 4T21, queda de 67,4% a menos ante o mesmo per\u00edodo em 2020. Confira mais not\u00edcias aqui.\" \/>\n<meta name=\"robots\" content=\"index, follow, max-snippet:-1, max-image-preview:large, max-video-preview:-1\" \/>\n<link rel=\"canonical\" href=\"https:\/\/www.suno.com.br\/noticias\/radar-vibra-vbbr3-mercado-livre-meli34-tim-tims3\/\" \/>\n<meta property=\"og:locale\" content=\"pt_BR\" \/>\n<meta property=\"og:type\" content=\"article\" \/>\n<meta property=\"og:title\" content=\"Radar: lucro da Vibra (VBBR3) cai, TIM (TIMS3) paga R$ 195 mi em JCP\" \/>\n<meta property=\"og:description\" content=\"A\u00a0Vibra\u00a0(VBBR3) reportou\u00a0lucro l\u00edquido\u00a0de R$ 1 bi no 4T21, queda de 67,4% a menos ante o mesmo per\u00edodo em 2020. Confira mais not\u00edcias aqui.\" \/>\n<meta property=\"og:url\" content=\"https:\/\/www.suno.com.br\/noticias\/radar-vibra-vbbr3-mercado-livre-meli34-tim-tims3\/\" \/>\n<meta property=\"og:site_name\" content=\"Suno Not\u00edcias\" \/>\n<meta property=\"article:publisher\" content=\"https:\/\/facebook.com\/sunoresearch\" \/>\n<meta property=\"og:image\" content=\"https:\/\/files.sunoresearch.com.br\/n\/uploads\/2019\/11\/9261ecfd-br-distribuidora-1024x683.jpg\" \/>\n\t<meta property=\"og:image:width\" content=\"1024\" \/>\n\t<meta property=\"og:image:height\" content=\"683\" \/>\n\t<meta property=\"og:image:type\" content=\"image\/jpeg\" \/>\n<meta name=\"author\" content=\"Vict\u00f3ria Anhesini\" \/>\n<meta name=\"twitter:card\" content=\"summary_large_image\" \/>\n<meta name=\"twitter:creator\" content=\"@sunoresearch\" \/>\n<meta name=\"twitter:site\" content=\"@sunoresearch\" \/>\n<meta name=\"twitter:label1\" content=\"Escrito por\" \/>\n\t<meta name=\"twitter:data1\" content=\"Vict\u00f3ria Anhesini\" \/>\n\t<meta name=\"twitter:label2\" content=\"Est. tempo de leitura\" \/>\n\t<meta name=\"twitter:data2\" content=\"11 minutos\" \/>\n<script type=\"application\/ld+json\" class=\"yoast-schema-graph\">{\"@context\":\"https:\/\/schema.org\",\"@graph\":[{\"@type\":\"NewsArticle\",\"@id\":\"https:\/\/www.suno.com.br\/noticias\/radar-vibra-vbbr3-mercado-livre-meli34-tim-tims3\/#article\",\"isPartOf\":{\"@id\":\"https:\/\/www.suno.com.br\/noticias\/radar-vibra-vbbr3-mercado-livre-meli34-tim-tims3\/\"},\"author\":{\"name\":\"Vict\u00f3ria Anhesini\",\"@id\":\"https:\/\/www.suno.com.br\/noticias\/#\/schema\/person\/46d847cb19ad53fde0857adca989c23f\"},\"headline\":\"Radar: lucro da Vibra (VBBR3) cai 67,4%, Mercado Livre (MELI34) pressiona concorrentes, TIM (TIMS3) pagar\u00e1 R$ 195 mi em JCP\",\"datePublished\":\"2022-03-23T00:54:03+00:00\",\"dateModified\":\"2022-03-23T01:02:50+00:00\",\"mainEntityOfPage\":{\"@id\":\"https:\/\/www.suno.com.br\/noticias\/radar-vibra-vbbr3-mercado-livre-meli34-tim-tims3\/\"},\"wordCount\":3049,\"publisher\":{\"@id\":\"https:\/\/www.suno.com.br\/noticias\/#organization\"},\"image\":{\"@id\":\"https:\/\/www.suno.com.br\/noticias\/radar-vibra-vbbr3-mercado-livre-meli34-tim-tims3\/#primaryimage\"},\"thumbnailUrl\":\"https:\/\/files.sunoresearch.com.br\/n\/uploads\/2019\/11\/9261ecfd-br-distribuidora-scaled.webp\",\"keywords\":[\"Alibaba (BABA34)\",\"Mercado Livre (MELI34)\",\"Minerva (BEEF11\/BEEF3)\",\"Positivo Tecnologia (POSI3)\",\"TIM (TIMS3)\",\"Vale (VALE3)\",\"Vibra Energia (VBBR3)\"],\"articleSection\":[\"Neg\u00f3cios\"],\"inLanguage\":\"pt-BR\"},{\"@type\":\"WebPage\",\"@id\":\"https:\/\/www.suno.com.br\/noticias\/radar-vibra-vbbr3-mercado-livre-meli34-tim-tims3\/\",\"url\":\"https:\/\/www.suno.com.br\/noticias\/radar-vibra-vbbr3-mercado-livre-meli34-tim-tims3\/\",\"name\":\"Radar: lucro da Vibra (VBBR3) cai, TIM (TIMS3) paga R$ 195 mi em JCP\",\"isPartOf\":{\"@id\":\"https:\/\/www.suno.com.br\/noticias\/#website\"},\"primaryImageOfPage\":{\"@id\":\"https:\/\/www.suno.com.br\/noticias\/radar-vibra-vbbr3-mercado-livre-meli34-tim-tims3\/#primaryimage\"},\"image\":{\"@id\":\"https:\/\/www.suno.com.br\/noticias\/radar-vibra-vbbr3-mercado-livre-meli34-tim-tims3\/#primaryimage\"},\"thumbnailUrl\":\"https:\/\/files.sunoresearch.com.br\/n\/uploads\/2019\/11\/9261ecfd-br-distribuidora-scaled.webp\",\"datePublished\":\"2022-03-23T00:54:03+00:00\",\"dateModified\":\"2022-03-23T01:02:50+00:00\",\"description\":\"A\u00a0Vibra\u00a0(VBBR3) reportou\u00a0lucro l\u00edquido\u00a0de R$ 1 bi no 4T21, queda de 67,4% a menos ante o mesmo per\u00edodo em 2020. Confira mais not\u00edcias aqui.\",\"breadcrumb\":{\"@id\":\"https:\/\/www.suno.com.br\/noticias\/radar-vibra-vbbr3-mercado-livre-meli34-tim-tims3\/#breadcrumb\"},\"inLanguage\":\"pt-BR\",\"potentialAction\":[{\"@type\":\"ReadAction\",\"target\":[\"https:\/\/www.suno.com.br\/noticias\/radar-vibra-vbbr3-mercado-livre-meli34-tim-tims3\/\"]}]},{\"@type\":\"ImageObject\",\"inLanguage\":\"pt-BR\",\"@id\":\"https:\/\/www.suno.com.br\/noticias\/radar-vibra-vbbr3-mercado-livre-meli34-tim-tims3\/#primaryimage\",\"url\":\"https:\/\/files.sunoresearch.com.br\/n\/uploads\/2019\/11\/9261ecfd-br-distribuidora-scaled.webp\",\"contentUrl\":\"https:\/\/files.sunoresearch.com.br\/n\/uploads\/2019\/11\/9261ecfd-br-distribuidora-scaled.webp\",\"width\":2560,\"height\":1707,\"caption\":\"Vibra (VBBR3)\"},{\"@type\":\"BreadcrumbList\",\"@id\":\"https:\/\/www.suno.com.br\/noticias\/radar-vibra-vbbr3-mercado-livre-meli34-tim-tims3\/#breadcrumb\",\"itemListElement\":[{\"@type\":\"ListItem\",\"position\":1,\"name\":\"Not\u00edcias\",\"item\":\"https:\/\/www.suno.com.br\/noticias\/\"},{\"@type\":\"ListItem\",\"position\":2,\"name\":\"Neg\u00f3cios\",\"item\":\"https:\/\/www.suno.com.br\/noticias\/negocios\/\"},{\"@type\":\"ListItem\",\"position\":3,\"name\":\"Radar: lucro da Vibra (VBBR3) cai 67,4%, Mercado Livre (MELI34) pressiona concorrentes, TIM (TIMS3) pagar\u00e1 R$ 195 mi em JCP\"}]},{\"@type\":\"WebSite\",\"@id\":\"https:\/\/www.suno.com.br\/noticias\/#website\",\"url\":\"https:\/\/www.suno.com.br\/noticias\/\",\"name\":\"Suno Not\u00edcias\",\"description\":\"Seu portal de informa\u00e7\u00e3o sobre o mundo dos investimentos\",\"publisher\":{\"@id\":\"https:\/\/www.suno.com.br\/noticias\/#organization\"},\"potentialAction\":[{\"@type\":\"SearchAction\",\"target\":{\"@type\":\"EntryPoint\",\"urlTemplate\":\"https:\/\/www.suno.com.br\/noticias\/?s={search_term_string}\"},\"query-input\":{\"@type\":\"PropertyValueSpecification\",\"valueRequired\":true,\"valueName\":\"search_term_string\"}}],\"inLanguage\":\"pt-BR\"},{\"@type\":\"Organization\",\"@id\":\"https:\/\/www.suno.com.br\/noticias\/#organization\",\"name\":\"Suno Not\u00edcias\",\"url\":\"https:\/\/www.suno.com.br\/noticias\/\",\"logo\":{\"@type\":\"ImageObject\",\"inLanguage\":\"pt-BR\",\"@id\":\"https:\/\/www.suno.com.br\/noticias\/#\/schema\/logo\/image\/\",\"url\":\"https:\/\/files.sunoresearch.com.br\/n\/uploads\/2021\/09\/suno-logo.png\",\"contentUrl\":\"https:\/\/files.sunoresearch.com.br\/n\/uploads\/2021\/09\/suno-logo.png\",\"width\":180,\"height\":180,\"caption\":\"Suno Not\u00edcias\"},\"image\":{\"@id\":\"https:\/\/www.suno.com.br\/noticias\/#\/schema\/logo\/image\/\"},\"sameAs\":[\"https:\/\/facebook.com\/sunoresearch\",\"https:\/\/x.com\/sunoresearch\",\"https:\/\/www.instagram.com\/suno\",\"https:\/\/www.linkedin.com\/company\/suno-research\/\",\"https:\/\/www.youtube.com\/c\/sunoresearch\"]},{\"@type\":\"Person\",\"@id\":\"https:\/\/www.suno.com.br\/noticias\/#\/schema\/person\/46d847cb19ad53fde0857adca989c23f\",\"name\":\"Vict\u00f3ria Anhesini\",\"image\":{\"@type\":\"ImageObject\",\"inLanguage\":\"pt-BR\",\"@id\":\"https:\/\/www.suno.com.br\/noticias\/#\/schema\/person\/image\/\",\"url\":\"https:\/\/secure.gravatar.com\/avatar\/0172bdfcd9129dd9dd68794804304e6e?s=96&r=g\",\"contentUrl\":\"https:\/\/secure.gravatar.com\/avatar\/0172bdfcd9129dd9dd68794804304e6e?s=96&r=g\",\"caption\":\"Vict\u00f3ria Anhesini\"},\"description\":\"Rep\u00f3rter no Suno Not\u00edcias, cobre mercados, neg\u00f3cios e economia, escrevendo majoritariamente sobre movimentos das empresas, cobertura de balan\u00e7os trimestrais e Bolsa de Valores. Formada em jornalismo pela Universidade Presbiteriana Mackenzie em 2019, passou pelo portal de economia e finan\u00e7as EuQueroInvestir como rep\u00f3rter e anteriormente, trabalhou na assessoria de imprensa PinePR, onde liderou com startups de inova\u00e7\u00e3o, tecnologia e finan\u00e7as. Em seu tempo livre, fala sobre m\u00fasica para ambos os sites do selo ForMusic, Wikimetal e Mad Sound, e faz trabalho volunt\u00e1rio no programa Escreve Cartas do Poupatempo.\",\"sameAs\":[\"https:\/\/www.linkedin.com\/in\/victoria-anhesini\/\"],\"url\":\"https:\/\/www.suno.com.br\/noticias\/author\/victoria\/\"}]}<\/script>\n<!-- \/ Yoast SEO plugin. -->","yoast_head_json":{"title":"Radar: lucro da Vibra (VBBR3) cai, TIM (TIMS3) paga R$ 195 mi em JCP","description":"A\u00a0Vibra\u00a0(VBBR3) reportou\u00a0lucro l\u00edquido\u00a0de R$ 1 bi no 4T21, queda de 67,4% a menos ante o mesmo per\u00edodo em 2020. Confira mais not\u00edcias aqui.","robots":{"index":"index","follow":"follow","max-snippet":"max-snippet:-1","max-image-preview":"max-image-preview:large","max-video-preview":"max-video-preview:-1"},"canonical":"https:\/\/www.suno.com.br\/noticias\/radar-vibra-vbbr3-mercado-livre-meli34-tim-tims3\/","og_locale":"pt_BR","og_type":"article","og_title":"Radar: lucro da Vibra (VBBR3) cai, TIM (TIMS3) paga R$ 195 mi em JCP","og_description":"A\u00a0Vibra\u00a0(VBBR3) reportou\u00a0lucro l\u00edquido\u00a0de R$ 1 bi no 4T21, queda de 67,4% a menos ante o mesmo per\u00edodo em 2020. Confira mais not\u00edcias aqui.","og_url":"https:\/\/www.suno.com.br\/noticias\/radar-vibra-vbbr3-mercado-livre-meli34-tim-tims3\/","og_site_name":"Suno Not\u00edcias","article_publisher":"https:\/\/facebook.com\/sunoresearch","og_image":[{"width":1024,"height":683,"url":"https:\/\/files.sunoresearch.com.br\/n\/uploads\/2019\/11\/9261ecfd-br-distribuidora-1024x683.jpg","type":"image\/jpeg"}],"author":"Vict\u00f3ria Anhesini","twitter_card":"summary_large_image","twitter_creator":"@sunoresearch","twitter_site":"@sunoresearch","twitter_misc":{"Escrito por":"Vict\u00f3ria Anhesini","Est. tempo de leitura":"11 minutos"},"schema":{"@context":"https:\/\/schema.org","@graph":[{"@type":"NewsArticle","@id":"https:\/\/www.suno.com.br\/noticias\/radar-vibra-vbbr3-mercado-livre-meli34-tim-tims3\/#article","isPartOf":{"@id":"https:\/\/www.suno.com.br\/noticias\/radar-vibra-vbbr3-mercado-livre-meli34-tim-tims3\/"},"author":{"name":"Vict\u00f3ria Anhesini","@id":"https:\/\/www.suno.com.br\/noticias\/#\/schema\/person\/46d847cb19ad53fde0857adca989c23f"},"headline":"Radar: lucro da Vibra (VBBR3) cai 67,4%, Mercado Livre (MELI34) pressiona concorrentes, TIM (TIMS3) pagar\u00e1 R$ 195 mi em JCP","datePublished":"2022-03-23T00:54:03+00:00","dateModified":"2022-03-23T01:02:50+00:00","mainEntityOfPage":{"@id":"https:\/\/www.suno.com.br\/noticias\/radar-vibra-vbbr3-mercado-livre-meli34-tim-tims3\/"},"wordCount":3049,"publisher":{"@id":"https:\/\/www.suno.com.br\/noticias\/#organization"},"image":{"@id":"https:\/\/www.suno.com.br\/noticias\/radar-vibra-vbbr3-mercado-livre-meli34-tim-tims3\/#primaryimage"},"thumbnailUrl":"https:\/\/files.sunoresearch.com.br\/n\/uploads\/2019\/11\/9261ecfd-br-distribuidora-scaled.webp","keywords":["Alibaba (BABA34)","Mercado Livre (MELI34)","Minerva (BEEF11\/BEEF3)","Positivo Tecnologia (POSI3)","TIM (TIMS3)","Vale (VALE3)","Vibra Energia (VBBR3)"],"articleSection":["Neg\u00f3cios"],"inLanguage":"pt-BR"},{"@type":"WebPage","@id":"https:\/\/www.suno.com.br\/noticias\/radar-vibra-vbbr3-mercado-livre-meli34-tim-tims3\/","url":"https:\/\/www.suno.com.br\/noticias\/radar-vibra-vbbr3-mercado-livre-meli34-tim-tims3\/","name":"Radar: lucro da Vibra (VBBR3) cai, TIM (TIMS3) paga R$ 195 mi em JCP","isPartOf":{"@id":"https:\/\/www.suno.com.br\/noticias\/#website"},"primaryImageOfPage":{"@id":"https:\/\/www.suno.com.br\/noticias\/radar-vibra-vbbr3-mercado-livre-meli34-tim-tims3\/#primaryimage"},"image":{"@id":"https:\/\/www.suno.com.br\/noticias\/radar-vibra-vbbr3-mercado-livre-meli34-tim-tims3\/#primaryimage"},"thumbnailUrl":"https:\/\/files.sunoresearch.com.br\/n\/uploads\/2019\/11\/9261ecfd-br-distribuidora-scaled.webp","datePublished":"2022-03-23T00:54:03+00:00","dateModified":"2022-03-23T01:02:50+00:00","description":"A\u00a0Vibra\u00a0(VBBR3) reportou\u00a0lucro l\u00edquido\u00a0de R$ 1 bi no 4T21, queda de 67,4% a menos ante o mesmo per\u00edodo em 2020. Confira mais not\u00edcias aqui.","breadcrumb":{"@id":"https:\/\/www.suno.com.br\/noticias\/radar-vibra-vbbr3-mercado-livre-meli34-tim-tims3\/#breadcrumb"},"inLanguage":"pt-BR","potentialAction":[{"@type":"ReadAction","target":["https:\/\/www.suno.com.br\/noticias\/radar-vibra-vbbr3-mercado-livre-meli34-tim-tims3\/"]}]},{"@type":"ImageObject","inLanguage":"pt-BR","@id":"https:\/\/www.suno.com.br\/noticias\/radar-vibra-vbbr3-mercado-livre-meli34-tim-tims3\/#primaryimage","url":"https:\/\/files.sunoresearch.com.br\/n\/uploads\/2019\/11\/9261ecfd-br-distribuidora-scaled.webp","contentUrl":"https:\/\/files.sunoresearch.com.br\/n\/uploads\/2019\/11\/9261ecfd-br-distribuidora-scaled.webp","width":2560,"height":1707,"caption":"Vibra (VBBR3)"},{"@type":"BreadcrumbList","@id":"https:\/\/www.suno.com.br\/noticias\/radar-vibra-vbbr3-mercado-livre-meli34-tim-tims3\/#breadcrumb","itemListElement":[{"@type":"ListItem","position":1,"name":"Not\u00edcias","item":"https:\/\/www.suno.com.br\/noticias\/"},{"@type":"ListItem","position":2,"name":"Neg\u00f3cios","item":"https:\/\/www.suno.com.br\/noticias\/negocios\/"},{"@type":"ListItem","position":3,"name":"Radar: lucro da Vibra (VBBR3) cai 67,4%, Mercado Livre (MELI34) pressiona concorrentes, TIM (TIMS3) pagar\u00e1 R$ 195 mi em JCP"}]},{"@type":"WebSite","@id":"https:\/\/www.suno.com.br\/noticias\/#website","url":"https:\/\/www.suno.com.br\/noticias\/","name":"Suno Not\u00edcias","description":"Seu portal de informa\u00e7\u00e3o sobre o mundo dos investimentos","publisher":{"@id":"https:\/\/www.suno.com.br\/noticias\/#organization"},"potentialAction":[{"@type":"SearchAction","target":{"@type":"EntryPoint","urlTemplate":"https:\/\/www.suno.com.br\/noticias\/?s={search_term_string}"},"query-input":{"@type":"PropertyValueSpecification","valueRequired":true,"valueName":"search_term_string"}}],"inLanguage":"pt-BR"},{"@type":"Organization","@id":"https:\/\/www.suno.com.br\/noticias\/#organization","name":"Suno Not\u00edcias","url":"https:\/\/www.suno.com.br\/noticias\/","logo":{"@type":"ImageObject","inLanguage":"pt-BR","@id":"https:\/\/www.suno.com.br\/noticias\/#\/schema\/logo\/image\/","url":"https:\/\/files.sunoresearch.com.br\/n\/uploads\/2021\/09\/suno-logo.png","contentUrl":"https:\/\/files.sunoresearch.com.br\/n\/uploads\/2021\/09\/suno-logo.png","width":180,"height":180,"caption":"Suno Not\u00edcias"},"image":{"@id":"https:\/\/www.suno.com.br\/noticias\/#\/schema\/logo\/image\/"},"sameAs":["https:\/\/facebook.com\/sunoresearch","https:\/\/x.com\/sunoresearch","https:\/\/www.instagram.com\/suno","https:\/\/www.linkedin.com\/company\/suno-research\/","https:\/\/www.youtube.com\/c\/sunoresearch"]},{"@type":"Person","@id":"https:\/\/www.suno.com.br\/noticias\/#\/schema\/person\/46d847cb19ad53fde0857adca989c23f","name":"Vict\u00f3ria Anhesini","image":{"@type":"ImageObject","inLanguage":"pt-BR","@id":"https:\/\/www.suno.com.br\/noticias\/#\/schema\/person\/image\/","url":"https:\/\/secure.gravatar.com\/avatar\/0172bdfcd9129dd9dd68794804304e6e?s=96&r=g","contentUrl":"https:\/\/secure.gravatar.com\/avatar\/0172bdfcd9129dd9dd68794804304e6e?s=96&r=g","caption":"Vict\u00f3ria Anhesini"},"description":"Rep\u00f3rter no Suno Not\u00edcias, cobre mercados, neg\u00f3cios e economia, escrevendo majoritariamente sobre movimentos das empresas, cobertura de balan\u00e7os trimestrais e Bolsa de Valores. Formada em jornalismo pela Universidade Presbiteriana Mackenzie em 2019, passou pelo portal de economia e finan\u00e7as EuQueroInvestir como rep\u00f3rter e anteriormente, trabalhou na assessoria de imprensa PinePR, onde liderou com startups de inova\u00e7\u00e3o, tecnologia e finan\u00e7as. Em seu tempo livre, fala sobre m\u00fasica para ambos os sites do selo ForMusic, Wikimetal e Mad Sound, e faz trabalho volunt\u00e1rio no programa Escreve Cartas do Poupatempo.","sameAs":["https:\/\/www.linkedin.com\/in\/victoria-anhesini\/"],"url":"https:\/\/www.suno.com.br\/noticias\/author\/victoria\/"}]}},"default_loop_html":"<div class=\"cardsPage__listCard__boxs\"><div class=\"cardsPage__listCard__boxs__img\"><a href=\"https:\/\/www.suno.com.br\/noticias\/radar-vibra-vbbr3-mercado-livre-meli34-tim-tims3\/\"><img class=\"mask\" src=\"https:\/\/www.suno.com.br\/noticias\/wp-content\/themes\/suno\/resources\/images\/spotlight\/spotlight1img\/bg-mask.png\" alt=\"Image Mask\"\/><img src=\"https:\/\/files.sunoresearch.com.br\/n\/uploads\/2019\/11\/9261ecfd-br-distribuidora-400x200.webp\" alt=\"Radar: lucro da Vibra (VBBR3) cai 67,4%, Mercado Livre (MELI34) pressiona concorrentes, TIM (TIMS3) pagar\u00e1 R$ 195 mi em JCP\"\/><\/a><span class=\"spotlightCategory\"><a href=\"https:\/\/www.suno.com.br\/noticias\/negocios\/\">Neg\u00f3cios<\/a><\/span><\/div><div class=\"cardsPage__listCard__boxs__content\"><a href=\"https:\/\/www.suno.com.br\/noticias\/radar-vibra-vbbr3-mercado-livre-meli34-tim-tims3\/\"><h2 class=\"content__title\">Radar: lucro da Vibra (VBBR3) cai 67,4%, Mercado Livre (MELI34) pressiona concorrentes, TIM (TIMS3) pagar\u00e1 R$ 195 mi em JCP<\/h2><\/a><div class=\"newsContent__article__meta\"><div class=\"newsContent__article__meta__authorBox\"><a href=\"https:\/\/www.suno.com.br\/noticias\/author\/victoria\/\" class=\"authorBox__avatar noMobi\"><img src=\"https:\/\/files.sunoresearch.com.br\/n\/uploads\/2021\/12\/20190129VickyPINEAPPLE01-1-150x150.jpg\" alt=\"Vict\u00f3ria Anhesini\"><\/a><div class=\"authorBox__name\"><span>por\n\t\t\t<a href=\"https:\/\/www.suno.com.br\/noticias\/author\/victoria\/\"><span itemprop=\"author\">Vict\u00f3ria Anhesini<\/span><\/a><\/span><time datetime=\"2022-03-22T21:54:03-03:00\" itemprop=\"datePublished\">22\/03\/2022 21:54<\/time><\/div><\/div><\/div><\/div><\/div>","single_layout":"posts","amp_enabled":true,"_links":{"self":[{"href":"https:\/\/www.suno.com.br\/noticias\/wp-json\/wp\/v2\/posts\/244246"}],"collection":[{"href":"https:\/\/www.suno.com.br\/noticias\/wp-json\/wp\/v2\/posts"}],"about":[{"href":"https:\/\/www.suno.com.br\/noticias\/wp-json\/wp\/v2\/types\/post"}],"author":[{"embeddable":true,"href":"https:\/\/www.suno.com.br\/noticias\/wp-json\/wp\/v2\/users\/146"}],"replies":[{"embeddable":true,"href":"https:\/\/www.suno.com.br\/noticias\/wp-json\/wp\/v2\/comments?post=244246"}],"version-history":[{"count":3,"href":"https:\/\/www.suno.com.br\/noticias\/wp-json\/wp\/v2\/posts\/244246\/revisions"}],"predecessor-version":[{"id":244263,"href":"https:\/\/www.suno.com.br\/noticias\/wp-json\/wp\/v2\/posts\/244246\/revisions\/244263"}],"wp:featuredmedia":[{"embeddable":true,"href":"https:\/\/www.suno.com.br\/noticias\/wp-json\/wp\/v2\/media\/44170"}],"wp:attachment":[{"href":"https:\/\/www.suno.com.br\/noticias\/wp-json\/wp\/v2\/media?parent=244246"}],"wp:term":[{"taxonomy":"category","embeddable":true,"href":"https:\/\/www.suno.com.br\/noticias\/wp-json\/wp\/v2\/categories?post=244246"},{"taxonomy":"post_tag","embeddable":true,"href":"https:\/\/www.suno.com.br\/noticias\/wp-json\/wp\/v2\/tags?post=244246"},{"taxonomy":"suno_strategy","embeddable":true,"href":"https:\/\/www.suno.com.br\/noticias\/wp-json\/wp\/v2\/suno_strategy?post=244246"}],"curies":[{"name":"wp","href":"https:\/\/api.w.org\/{rel}","templated":true}]}}