{"id":244236,"date":"2022-03-22T21:22:48","date_gmt":"2022-03-23T00:22:48","guid":{"rendered":"https:\/\/www.suno.com.br\/noticias\/?p=244236"},"modified":"2022-03-22T21:22:48","modified_gmt":"2022-03-23T00:22:48","slug":"weg-wege3-jcp-154-milhoes","status":"publish","type":"post","link":"https:\/\/www.suno.com.br\/noticias\/weg-wege3-jcp-154-milhoes\/","title":{"rendered":"Weg (WEGE3) vai pagar R$ 154,2 milh\u00f5es em JCP; confira o valor por a\u00e7\u00e3o"},"content":{"rendered":"<p>A <a class=\"suno-keyword\" href=\"https:\/\/www.suno.com.br\/acoes\/WEGE3\/\" target=\"_blank\" rel=\"noopener\" data-force=\"yes\" data-priority=\"2\"><strong>Weg<\/strong> (WEGE3)<\/a> informou nesta ter\u00e7a-feira (22) que o <a class=\"suno-keyword\" href=\"https:\/\/www.suno.com.br\/artigos\/conselho-administracao\/\" target=\"_blank\" rel=\"noopener\" data-force=\"no\" data-priority=\"1\">Conselho de Administra\u00e7\u00e3o<\/a> aprovou o pagamento de R$ 154.275.008,03 em <a class=\"suno-keyword\" href=\"https:\/\/www.suno.com.br\/artigos\/entenda-o-jcp\/\" target=\"_blank\" rel=\"noopener\" data-force=\"no\" data-priority=\"1\">Juros Sobre Capital Pr\u00f3prio<\/a> (JCP) aos seus acionistas.<\/p>\t<div class=\"wrapper-featured-image\">\n\t\t<figure class=\"spotlightImg\">\n\n\t\t\t<picture>\n\t\t\t\t<source media=\"(max-width: 768px)\" srcset=\"https:\/\/files.sunoresearch.com.br\/n\/uploads\/2020\/10\/01fbaf04-wtd_blumenau_plant_power_transformer_laboratory_2019-2-400x200.webp\">\n\t\t\t\t<img loading=\"lazy\" decoding=\"async\" class=\"newsContent__article__imgCapa lazyloadDisabled \" src=\"https:\/\/files.sunoresearch.com.br\/n\/uploads\/2020\/10\/01fbaf04-wtd_blumenau_plant_power_transformer_laboratory_2019-2-800x450.webp\" width=\"800\" height=\"450\" alt=\"Weg (WEGE3) vai pagar R$ 154,2 milh\u00f5es em JCP; confira o valor por a\u00e7\u00e3o\" fetchpriority=high \/>\n\t\t\t<\/picture>\n\n\t\t\t<figcaption class=\"wp-caption-text wp-caption-text--show\">Weg\u00a0(WEGE3) Foto: Reprodu\u00e7\u00e3o.<\/figcaption>\n\t\t<\/figure>\n\t<\/div>\n\n\n\t<p>\n\t\t<a href=\"\" target=\"_blank\" data-element=\"shortcode-suno-banner\" title=\"Banner SUNO, clique e saiba mais\">\n\t\t\t<picture>\n\t\t\t\t<source media=\"(max-width: 500px)\" srcset=\"\">\n\t\t\t\t<img class=\"newsContent__article__imgCapa newsContent__article__imgCapa--banner\"\n\t\t\t\t\tsrc=\"\"\n\t\t\t\t\tdata-promo-id=\"138420\"\t\t\t\t\t\t\t\t\t\t\t\t\t\t\talt=\"\"\n\t\t\t\t>\n\t\t\t<\/picture>\n\t\t<\/a>\n\t<\/p>\n\n\n<p>De acordo com o <a class=\"suno-keyword\" href=\"https:\/\/www.suno.com.br\/artigos\/fato-relevante\/\" target=\"_blank\" rel=\"noopener\" data-force=\"no\" data-priority=\"1\">fato relevante<\/a> enviado \u00e0 <strong>Comiss\u00e3o de Valores Mobili\u00e1rios (CVM)<\/strong>, o valor dos proventos por a\u00e7\u00e3o ser\u00e1 de R$ 0,0367, que ser\u00e3o pagos em 17 de agosto de 2022.<\/p>\n<p>Apenas os investidores com <strong>a\u00e7\u00f5es da Weg<\/strong> no dia 25 de mar\u00e7o ter\u00e3o direito de receber os rendimentos. A partir do dia 28 de mar\u00e7o, as a\u00e7\u00f5es ser\u00e3o negociadas sem direito aos <a class=\"suno-keyword\" href=\"https:\/\/www.suno.com.br\/guias\/dividendos\/\" target=\"_blank\" rel=\"noopener\" data-force=\"no\" data-priority=\"1\">dividendos<\/a>.<\/p>\n<p>Esses proventos fazem parte dos dividendos obrigat\u00f3rios do exerc\u00edcio de 2022.<\/p>\n<p>O valor dos JCP ter\u00e1 reten\u00e7\u00e3o do imposto de renda na fonte, com al\u00edquota de 15%, resultando em aproximadamente R$ 0,0312 por a\u00e7\u00e3o.<\/p>\n<h2>JCP da Weg<\/h2>\n<ul>\n<li>Valor total: R$ 154,2 milh\u00f5es<\/li>\n<li>Valor por a\u00e7\u00e3o: R$ 0,0367<\/li>\n<li>Data de corte: 25 de mar\u00e7o<\/li>\n<li>Data do pagamento: 17 de agosto<\/li>\n<\/ul>\n<p><em>Leia mais<\/em><\/p>\n\t<p>\n\t\t<a href=\"https:\/\/lp.suno.com.br\/planilha-controle-gastos\/\" target=\"_blank\" data-element=\"shortcode-suno-banner\" title=\"Banner SUNO, clique e saiba mais\">\n\t\t\t<picture>\n\t\t\t\t<source media=\"(max-width: 500px)\" srcset=\"https:\/\/files.sunoresearch.com.br\/n\/uploads\/2023\/03\/400x300-Planilha-controle-de-gastos.png\">\n\t\t\t\t<img class=\"newsContent__article__imgCapa newsContent__article__imgCapa--banner\"\n\t\t\t\t\tsrc=\"https:\/\/files.sunoresearch.com.br\/n\/uploads\/2023\/03\/1420x240-Planilha-controle-de-gastos.png\"\n\t\t\t\t\tdata-promo-id=\"101751\"\t\t\t\t\t\t\t\t\t\twidth='1420' height='240'\t\t\t\t\talt=\"https:\/\/files.sunoresearch.com.br\/n\/uploads\/2023\/03\/1420x240-Planilha-controle-de-gastos.png\"\n\t\t\t\t>\n\t\t\t<\/picture>\n\t\t<\/a>\n\t<\/p>\n\n\n<h2>Weg (WEGE3) lucra R$ 874 milh\u00f5es no 4T21 e fecha ano com alta de 53%<\/h2>\n<p>A\u00a0<strong>Weg<\/strong>\u00a0(<a href=\"https:\/\/www.suno.com.br\/acoes\/WEGE3\/\">WEGE3<\/a>) teve um\u00a0<a class=\"suno-keyword\" href=\"https:\/\/www.suno.com.br\/artigos\/lucro-liquido\/\" target=\"_blank\" rel=\"noopener\" data-force=\"no\" data-priority=\"1\">lucro l\u00edquido<\/a>\u00a0de R$ 874 milh\u00f5es no quarto trimestre de 2021, segundo\u00a0<a class=\"suno-keyword\" href=\"https:\/\/www.suno.com.br\/artigos\/resultado-financeiro\/\" target=\"_blank\" rel=\"noopener\" data-force=\"no\" data-priority=\"1\">resultado financeiro<\/a>\u00a0divulgado na manh\u00e3 desta quarta-feira (16). O volume representa uma alta de 7,5% na compara\u00e7\u00e3o com o trimestre anterior e 17,8% em rela\u00e7\u00e3o a igual per\u00edodo de 2020.<\/p>\n<p>No acumulado de 2021, o\u00a0<strong>lucro da Weg<\/strong>\u00a0foi de R$ 3,58 bilh\u00f5es, aumento de 53% em rela\u00e7\u00e3o ao ano de 2020. A\u00a0<a class=\"suno-keyword\" href=\"https:\/\/www.suno.com.br\/artigos\/margem-ebitda\/\" target=\"_blank\" rel=\"noopener\" data-force=\"no\" data-priority=\"1\">margem EBITDA<\/a>\u00a0tamb\u00e9m acompanhou o crescimento, saindo de 18,7% para 19,9%.<\/p>\n\t<p>\n\t\t<a href=\"https:\/\/lp.suno.com.br\/planilha-da-vida-financeira\/\" target=\"_blank\" data-element=\"shortcode-suno-banner\" title=\"Banner SUNO, clique e saiba mais\">\n\t\t\t<picture>\n\t\t\t\t<source media=\"(max-width: 500px)\" srcset=\"https:\/\/files.sunoresearch.com.br\/n\/uploads\/2023\/04\/400x300-Planilha-vida-financeira-true.png\">\n\t\t\t\t<img class=\"newsContent__article__imgCapa newsContent__article__imgCapa--banner\"\n\t\t\t\t\tsrc=\"https:\/\/files.sunoresearch.com.br\/n\/uploads\/2023\/04\/1420x240-Planilha-vida-financeira-true.png\"\n\t\t\t\t\tdata-promo-id=\"106682\"\t\t\t\t\t\t\t\t\t\twidth='1420' height='240'\t\t\t\t\talt=\"https:\/\/files.sunoresearch.com.br\/n\/uploads\/2023\/04\/1420x240-Planilha-vida-financeira-true.png\"\n\t\t\t\t>\n\t\t\t<\/picture>\n\t\t<\/a>\n\t<\/p>\n\n\n<p>No\u00a0<strong>4T21<\/strong>, a Weg gerou uma\u00a0<a class=\"suno-keyword\" href=\"https:\/\/www.suno.com.br\/artigos\/o-que-receita-liquida\/\" target=\"_blank\" rel=\"noopener\" data-force=\"no\" data-priority=\"1\">receita l\u00edquida<\/a>\u00a0de R$ 6,5 bilh\u00f5es e um Ebitda de R$ 1,12 bilh\u00e3o, cifras que demonstram um crescimento de 33% e 14% em rela\u00e7\u00e3o ao 4T20.<\/p>\n<p>Com esses dados, o\u00a0<a class=\"suno-keyword\" href=\"https:\/\/www.suno.com.br\/artigos\/lpa-lucro-por-acao\/\" target=\"_blank\" rel=\"noopener\" data-force=\"no\" data-priority=\"1\">Lucro por a\u00e7\u00e3o<\/a>\u00a0(LPA) foi para 0,20831, segundo o\u00a0<strong>balan\u00e7o da Weg<\/strong>.<\/p>\n<p>O\u00a0<a class=\"suno-keyword\" href=\"https:\/\/www.suno.com.br\/artigos\/retorno-capital-investido\/\" target=\"_blank\" rel=\"noopener\" data-force=\"no\" data-priority=\"1\">Retorno Sobre o Capital Investido<\/a>\u00a0(ROIC) atingiu 30,5% no 4T21, representando um crescimento de 5 pontos percentuais em rela\u00e7\u00e3o ao 4T20 e redu\u00e7\u00e3o de 0,8 ponto percentual em rela\u00e7\u00e3o ao 3T21.<\/p>\n<p>No release de resultados, a companhia destaca a \u201ccontinuidade do crescimento e expans\u00e3o internacional em meio a cen\u00e1rio operacional ainda desafiador\u201d.<\/p>\n<p>\u201cA continuidade da recupera\u00e7\u00e3o econ\u00f4mica mundial contribuiu para o crescimento das nossas receitas neste trimestre. Al\u00e9m do aumento na demanda por equipamentos industriais em diversas regi\u00f5es, mantivemos o nosso bom desempenho no fornecimento de solu\u00e7\u00f5es ligadas \u00e0 gera\u00e7\u00e3o de energias renov\u00e1veis\u201d, diz a administra\u00e7\u00e3o.<\/p>\n\t<p>\n\t\t<a href=\"https:\/\/lp.suno.com.br\/ebook-como-analisar-uma-acao\/\" target=\"_blank\" data-element=\"shortcode-suno-banner\" title=\"Banner SUNO, clique e saiba mais\">\n\t\t\t<picture>\n\t\t\t\t<source media=\"(max-width: 500px)\" srcset=\"https:\/\/files.sunoresearch.com.br\/n\/uploads\/2023\/03\/Ebook-Acoes-Mobile-1.jpg\">\n\t\t\t\t<img class=\"newsContent__article__imgCapa newsContent__article__imgCapa--banner\"\n\t\t\t\t\tsrc=\"https:\/\/files.sunoresearch.com.br\/n\/uploads\/2023\/03\/Ebook-Acoes-Desktop-1.jpg\"\n\t\t\t\t\tdata-promo-id=\"171998\"\t\t\t\t\t\t\t\t\t\twidth='1420' height='286'\t\t\t\t\talt=\"https:\/\/files.sunoresearch.com.br\/n\/uploads\/2023\/03\/Ebook-Acoes-Desktop-1.jpg\"\n\t\t\t\t>\n\t\t\t<\/picture>\n\t\t<\/a>\n\t<\/p>\n\n\n<p>\u201cNo mercado interno, a \u00e1rea de Gera\u00e7\u00e3o, Transmiss\u00e3o e Distribui\u00e7\u00e3o de Energia (GTD) foi o grande destaque no comparativo com o mesmo per\u00edodo do ano anterior, influenci da principalmente pelos neg\u00f3cios de gera\u00e7\u00e3o e\u00f3lica e solar. Nossa opera\u00e7\u00e3o de Motores Comerciais e Appliance apresentou sinais de acomoda\u00e7\u00e3o no n\u00edvel de neg\u00f3cios, ap\u00f3s a elevada demanda observada nos \u00faltimos trimestres\u201d, segue a administra\u00e7\u00e3o no documento do\u00a0resultado da<strong>\u00a0Weg<\/strong>.<\/p>\n<h2>Cota\u00e7\u00e3o<\/h2>\n<p>No fechamento desta ter\u00e7a, as a\u00e7\u00f5es da <strong>Weg<\/strong> ficaram est\u00e1veis, cotadas a R$ 33. Nos \u00faltimos 12 meses, o papel da empresa acumula baixa de 7,85%.<\/p>\n\t<p>\n\t\t<a href=\"https:\/\/lp.suno.com.br\/planilha-de-controle-de-investimentos\/\" target=\"_blank\" data-element=\"shortcode-suno-banner\" title=\"Banner SUNO, clique e saiba mais\">\n\t\t\t<picture>\n\t\t\t\t<source media=\"(max-width: 500px)\" srcset=\"https:\/\/files.sunoresearch.com.br\/n\/uploads\/2023\/03\/400x300-Controle-de-Investimentos.png\">\n\t\t\t\t<img class=\"newsContent__article__imgCapa newsContent__article__imgCapa--banner\"\n\t\t\t\t\tsrc=\"https:\/\/files.sunoresearch.com.br\/n\/uploads\/2023\/03\/1420x240-Controle-de-Investimentos.png\"\n\t\t\t\t\tdata-promo-id=\"75934\"\t\t\t\t\t\t\t\t\t\twidth='1420' height='240'\t\t\t\t\talt=\"https:\/\/files.sunoresearch.com.br\/n\/uploads\/2023\/03\/1420x240-Controle-de-Investimentos.png\"\n\t\t\t\t>\n\t\t\t<\/picture>\n\t\t<\/a>\n\t<\/p>\n\n\n","protected":false},"excerpt":{"rendered":"<p>A Weg (WEGE3) informou nesta ter\u00e7a-feira (22) que o Conselho de Administra\u00e7\u00e3o aprovou o pagamento de R$ 154.275.008,03 em Juros Sobre Capital Pr\u00f3prio (JCP) aos seus acionistas. Weg\u00a0(WEGE3) Foto: Reprodu\u00e7\u00e3o. De acordo com o fato relevante enviado \u00e0 Comiss\u00e3o de Valores Mobili\u00e1rios (CVM), o valor dos proventos por a\u00e7\u00e3o ser\u00e1 de R$ 0,0367, que ser\u00e3o [&hellip;]<\/p>\n","protected":false},"author":146,"featured_media":93235,"comment_status":"closed","ping_status":"closed","sticky":false,"template":"","format":"standard","meta":[],"categories":[64],"tags":[1957,681],"suno_strategy":[],"class_list":["post-244236","post","type-post","status-publish","format-standard","has-post-thumbnail","hentry","category-negocios","tag-juros-sobre-capital-proprio-jcp","tag-weg-wege3"],"yoast_head":"<!-- This site is optimized with the Yoast SEO plugin v24.4 - https:\/\/yoast.com\/wordpress\/plugins\/seo\/ -->\n<title>Weg (WEGE3) vai distribuir R$ 154,2 mi em JCP; confira o valor por a\u00e7\u00e3o<\/title>\n<meta name=\"description\" content=\"A Weg (WEGE3) informou nesta ter\u00e7a (22) que vai pagar R$ 154,2 em Juros Sobre Capital Pr\u00f3prio (JCP) aos acionistas. Veja o valor por a\u00e7\u00e3o\" \/>\n<meta name=\"robots\" content=\"index, follow, max-snippet:-1, max-image-preview:large, max-video-preview:-1\" \/>\n<link rel=\"canonical\" href=\"https:\/\/www.suno.com.br\/noticias\/weg-wege3-jcp-154-milhoes\/\" \/>\n<meta property=\"og:locale\" content=\"pt_BR\" \/>\n<meta property=\"og:type\" content=\"article\" \/>\n<meta property=\"og:title\" content=\"Weg (WEGE3) vai distribuir R$ 154,2 mi em JCP; confira o valor por a\u00e7\u00e3o\" \/>\n<meta property=\"og:description\" content=\"A Weg (WEGE3) informou nesta ter\u00e7a (22) que vai pagar R$ 154,2 em Juros Sobre Capital Pr\u00f3prio (JCP) aos acionistas. Veja o valor por a\u00e7\u00e3o\" \/>\n<meta property=\"og:url\" content=\"https:\/\/www.suno.com.br\/noticias\/weg-wege3-jcp-154-milhoes\/\" \/>\n<meta property=\"og:site_name\" content=\"Suno Not\u00edcias\" \/>\n<meta property=\"article:publisher\" content=\"https:\/\/facebook.com\/sunoresearch\" \/>\n<meta property=\"og:image\" content=\"https:\/\/files.sunoresearch.com.br\/n\/uploads\/2020\/10\/01fbaf04-wtd_blumenau_plant_power_transformer_laboratory_2019-2.jpg\" \/>\n\t<meta property=\"og:image:width\" content=\"1200\" \/>\n\t<meta property=\"og:image:height\" content=\"870\" \/>\n\t<meta property=\"og:image:type\" content=\"image\/jpeg\" \/>\n<meta name=\"author\" content=\"Vict\u00f3ria Anhesini\" \/>\n<meta name=\"twitter:card\" content=\"summary_large_image\" \/>\n<meta name=\"twitter:creator\" content=\"@sunoresearch\" \/>\n<meta name=\"twitter:site\" content=\"@sunoresearch\" \/>\n<meta name=\"twitter:label1\" content=\"Escrito por\" \/>\n\t<meta name=\"twitter:data1\" content=\"Vict\u00f3ria Anhesini\" \/>\n\t<meta name=\"twitter:label2\" content=\"Est. tempo de leitura\" \/>\n\t<meta name=\"twitter:data2\" content=\"3 minutos\" \/>\n<script type=\"application\/ld+json\" class=\"yoast-schema-graph\">{\"@context\":\"https:\/\/schema.org\",\"@graph\":[{\"@type\":\"NewsArticle\",\"@id\":\"https:\/\/www.suno.com.br\/noticias\/weg-wege3-jcp-154-milhoes\/#article\",\"isPartOf\":{\"@id\":\"https:\/\/www.suno.com.br\/noticias\/weg-wege3-jcp-154-milhoes\/\"},\"author\":{\"name\":\"Vict\u00f3ria Anhesini\",\"@id\":\"https:\/\/www.suno.com.br\/noticias\/#\/schema\/person\/46d847cb19ad53fde0857adca989c23f\"},\"headline\":\"Weg (WEGE3) vai pagar R$ 154,2 milh\u00f5es em JCP; confira o valor por a\u00e7\u00e3o\",\"datePublished\":\"2022-03-23T00:22:48+00:00\",\"mainEntityOfPage\":{\"@id\":\"https:\/\/www.suno.com.br\/noticias\/weg-wege3-jcp-154-milhoes\/\"},\"wordCount\":544,\"publisher\":{\"@id\":\"https:\/\/www.suno.com.br\/noticias\/#organization\"},\"image\":{\"@id\":\"https:\/\/www.suno.com.br\/noticias\/weg-wege3-jcp-154-milhoes\/#primaryimage\"},\"thumbnailUrl\":\"https:\/\/files.sunoresearch.com.br\/n\/uploads\/2020\/10\/01fbaf04-wtd_blumenau_plant_power_transformer_laboratory_2019-2-jpg.webp\",\"keywords\":[\"juros sobre capital pr\u00f3prio (JCP)\",\"Weg (WEGE3)\"],\"articleSection\":[\"Neg\u00f3cios\"],\"inLanguage\":\"pt-BR\"},{\"@type\":\"WebPage\",\"@id\":\"https:\/\/www.suno.com.br\/noticias\/weg-wege3-jcp-154-milhoes\/\",\"url\":\"https:\/\/www.suno.com.br\/noticias\/weg-wege3-jcp-154-milhoes\/\",\"name\":\"Weg (WEGE3) vai distribuir R$ 154,2 mi em JCP; confira o valor por a\u00e7\u00e3o\",\"isPartOf\":{\"@id\":\"https:\/\/www.suno.com.br\/noticias\/#website\"},\"primaryImageOfPage\":{\"@id\":\"https:\/\/www.suno.com.br\/noticias\/weg-wege3-jcp-154-milhoes\/#primaryimage\"},\"image\":{\"@id\":\"https:\/\/www.suno.com.br\/noticias\/weg-wege3-jcp-154-milhoes\/#primaryimage\"},\"thumbnailUrl\":\"https:\/\/files.sunoresearch.com.br\/n\/uploads\/2020\/10\/01fbaf04-wtd_blumenau_plant_power_transformer_laboratory_2019-2-jpg.webp\",\"datePublished\":\"2022-03-23T00:22:48+00:00\",\"description\":\"A Weg (WEGE3) informou nesta ter\u00e7a (22) que vai pagar R$ 154,2 em Juros Sobre Capital Pr\u00f3prio (JCP) aos acionistas. Veja o valor por a\u00e7\u00e3o\",\"breadcrumb\":{\"@id\":\"https:\/\/www.suno.com.br\/noticias\/weg-wege3-jcp-154-milhoes\/#breadcrumb\"},\"inLanguage\":\"pt-BR\",\"potentialAction\":[{\"@type\":\"ReadAction\",\"target\":[\"https:\/\/www.suno.com.br\/noticias\/weg-wege3-jcp-154-milhoes\/\"]}]},{\"@type\":\"ImageObject\",\"inLanguage\":\"pt-BR\",\"@id\":\"https:\/\/www.suno.com.br\/noticias\/weg-wege3-jcp-154-milhoes\/#primaryimage\",\"url\":\"https:\/\/files.sunoresearch.com.br\/n\/uploads\/2020\/10\/01fbaf04-wtd_blumenau_plant_power_transformer_laboratory_2019-2-jpg.webp\",\"contentUrl\":\"https:\/\/files.sunoresearch.com.br\/n\/uploads\/2020\/10\/01fbaf04-wtd_blumenau_plant_power_transformer_laboratory_2019-2-jpg.webp\",\"width\":1200,\"height\":870,\"caption\":\"Weg\u00a0(WEGE3) Foto: Reprodu\u00e7\u00e3o.\"},{\"@type\":\"BreadcrumbList\",\"@id\":\"https:\/\/www.suno.com.br\/noticias\/weg-wege3-jcp-154-milhoes\/#breadcrumb\",\"itemListElement\":[{\"@type\":\"ListItem\",\"position\":1,\"name\":\"Not\u00edcias\",\"item\":\"https:\/\/www.suno.com.br\/noticias\/\"},{\"@type\":\"ListItem\",\"position\":2,\"name\":\"Neg\u00f3cios\",\"item\":\"https:\/\/www.suno.com.br\/noticias\/negocios\/\"},{\"@type\":\"ListItem\",\"position\":3,\"name\":\"Weg (WEGE3) vai pagar R$ 154,2 milh\u00f5es em JCP; confira o valor por a\u00e7\u00e3o\"}]},{\"@type\":\"WebSite\",\"@id\":\"https:\/\/www.suno.com.br\/noticias\/#website\",\"url\":\"https:\/\/www.suno.com.br\/noticias\/\",\"name\":\"Suno Not\u00edcias\",\"description\":\"Seu portal de informa\u00e7\u00e3o sobre o mundo dos investimentos\",\"publisher\":{\"@id\":\"https:\/\/www.suno.com.br\/noticias\/#organization\"},\"potentialAction\":[{\"@type\":\"SearchAction\",\"target\":{\"@type\":\"EntryPoint\",\"urlTemplate\":\"https:\/\/www.suno.com.br\/noticias\/?s={search_term_string}\"},\"query-input\":{\"@type\":\"PropertyValueSpecification\",\"valueRequired\":true,\"valueName\":\"search_term_string\"}}],\"inLanguage\":\"pt-BR\"},{\"@type\":\"Organization\",\"@id\":\"https:\/\/www.suno.com.br\/noticias\/#organization\",\"name\":\"Suno Not\u00edcias\",\"url\":\"https:\/\/www.suno.com.br\/noticias\/\",\"logo\":{\"@type\":\"ImageObject\",\"inLanguage\":\"pt-BR\",\"@id\":\"https:\/\/www.suno.com.br\/noticias\/#\/schema\/logo\/image\/\",\"url\":\"https:\/\/files.sunoresearch.com.br\/n\/uploads\/2021\/09\/suno-logo.png\",\"contentUrl\":\"https:\/\/files.sunoresearch.com.br\/n\/uploads\/2021\/09\/suno-logo.png\",\"width\":180,\"height\":180,\"caption\":\"Suno Not\u00edcias\"},\"image\":{\"@id\":\"https:\/\/www.suno.com.br\/noticias\/#\/schema\/logo\/image\/\"},\"sameAs\":[\"https:\/\/facebook.com\/sunoresearch\",\"https:\/\/x.com\/sunoresearch\",\"https:\/\/www.instagram.com\/suno\",\"https:\/\/www.linkedin.com\/company\/suno-research\/\",\"https:\/\/www.youtube.com\/c\/sunoresearch\"]},{\"@type\":\"Person\",\"@id\":\"https:\/\/www.suno.com.br\/noticias\/#\/schema\/person\/46d847cb19ad53fde0857adca989c23f\",\"name\":\"Vict\u00f3ria Anhesini\",\"image\":{\"@type\":\"ImageObject\",\"inLanguage\":\"pt-BR\",\"@id\":\"https:\/\/www.suno.com.br\/noticias\/#\/schema\/person\/image\/\",\"url\":\"https:\/\/secure.gravatar.com\/avatar\/0172bdfcd9129dd9dd68794804304e6e?s=96&r=g\",\"contentUrl\":\"https:\/\/secure.gravatar.com\/avatar\/0172bdfcd9129dd9dd68794804304e6e?s=96&r=g\",\"caption\":\"Vict\u00f3ria Anhesini\"},\"description\":\"Rep\u00f3rter no Suno Not\u00edcias, cobre mercados, neg\u00f3cios e economia, escrevendo majoritariamente sobre movimentos das empresas, cobertura de balan\u00e7os trimestrais e Bolsa de Valores. Formada em jornalismo pela Universidade Presbiteriana Mackenzie em 2019, passou pelo portal de economia e finan\u00e7as EuQueroInvestir como rep\u00f3rter e anteriormente, trabalhou na assessoria de imprensa PinePR, onde liderou com startups de inova\u00e7\u00e3o, tecnologia e finan\u00e7as. Em seu tempo livre, fala sobre m\u00fasica para ambos os sites do selo ForMusic, Wikimetal e Mad Sound, e faz trabalho volunt\u00e1rio no programa Escreve Cartas do Poupatempo.\",\"sameAs\":[\"https:\/\/www.linkedin.com\/in\/victoria-anhesini\/\"],\"url\":\"https:\/\/www.suno.com.br\/noticias\/author\/victoria\/\"}]}<\/script>\n<!-- \/ Yoast SEO plugin. -->","yoast_head_json":{"title":"Weg (WEGE3) vai distribuir R$ 154,2 mi em JCP; confira o valor por a\u00e7\u00e3o","description":"A Weg (WEGE3) informou nesta ter\u00e7a (22) que vai pagar R$ 154,2 em Juros Sobre Capital Pr\u00f3prio (JCP) aos acionistas. Veja o valor por a\u00e7\u00e3o","robots":{"index":"index","follow":"follow","max-snippet":"max-snippet:-1","max-image-preview":"max-image-preview:large","max-video-preview":"max-video-preview:-1"},"canonical":"https:\/\/www.suno.com.br\/noticias\/weg-wege3-jcp-154-milhoes\/","og_locale":"pt_BR","og_type":"article","og_title":"Weg (WEGE3) vai distribuir R$ 154,2 mi em JCP; confira o valor por a\u00e7\u00e3o","og_description":"A Weg (WEGE3) informou nesta ter\u00e7a (22) que vai pagar R$ 154,2 em Juros Sobre Capital Pr\u00f3prio (JCP) aos acionistas. Veja o valor por a\u00e7\u00e3o","og_url":"https:\/\/www.suno.com.br\/noticias\/weg-wege3-jcp-154-milhoes\/","og_site_name":"Suno Not\u00edcias","article_publisher":"https:\/\/facebook.com\/sunoresearch","og_image":[{"width":1200,"height":870,"url":"https:\/\/files.sunoresearch.com.br\/n\/uploads\/2020\/10\/01fbaf04-wtd_blumenau_plant_power_transformer_laboratory_2019-2.jpg","type":"image\/jpeg"}],"author":"Vict\u00f3ria Anhesini","twitter_card":"summary_large_image","twitter_creator":"@sunoresearch","twitter_site":"@sunoresearch","twitter_misc":{"Escrito por":"Vict\u00f3ria Anhesini","Est. tempo de leitura":"3 minutos"},"schema":{"@context":"https:\/\/schema.org","@graph":[{"@type":"NewsArticle","@id":"https:\/\/www.suno.com.br\/noticias\/weg-wege3-jcp-154-milhoes\/#article","isPartOf":{"@id":"https:\/\/www.suno.com.br\/noticias\/weg-wege3-jcp-154-milhoes\/"},"author":{"name":"Vict\u00f3ria Anhesini","@id":"https:\/\/www.suno.com.br\/noticias\/#\/schema\/person\/46d847cb19ad53fde0857adca989c23f"},"headline":"Weg (WEGE3) vai pagar R$ 154,2 milh\u00f5es em JCP; confira o valor por a\u00e7\u00e3o","datePublished":"2022-03-23T00:22:48+00:00","mainEntityOfPage":{"@id":"https:\/\/www.suno.com.br\/noticias\/weg-wege3-jcp-154-milhoes\/"},"wordCount":544,"publisher":{"@id":"https:\/\/www.suno.com.br\/noticias\/#organization"},"image":{"@id":"https:\/\/www.suno.com.br\/noticias\/weg-wege3-jcp-154-milhoes\/#primaryimage"},"thumbnailUrl":"https:\/\/files.sunoresearch.com.br\/n\/uploads\/2020\/10\/01fbaf04-wtd_blumenau_plant_power_transformer_laboratory_2019-2-jpg.webp","keywords":["juros sobre capital pr\u00f3prio (JCP)","Weg (WEGE3)"],"articleSection":["Neg\u00f3cios"],"inLanguage":"pt-BR"},{"@type":"WebPage","@id":"https:\/\/www.suno.com.br\/noticias\/weg-wege3-jcp-154-milhoes\/","url":"https:\/\/www.suno.com.br\/noticias\/weg-wege3-jcp-154-milhoes\/","name":"Weg (WEGE3) vai distribuir R$ 154,2 mi em JCP; confira o valor por a\u00e7\u00e3o","isPartOf":{"@id":"https:\/\/www.suno.com.br\/noticias\/#website"},"primaryImageOfPage":{"@id":"https:\/\/www.suno.com.br\/noticias\/weg-wege3-jcp-154-milhoes\/#primaryimage"},"image":{"@id":"https:\/\/www.suno.com.br\/noticias\/weg-wege3-jcp-154-milhoes\/#primaryimage"},"thumbnailUrl":"https:\/\/files.sunoresearch.com.br\/n\/uploads\/2020\/10\/01fbaf04-wtd_blumenau_plant_power_transformer_laboratory_2019-2-jpg.webp","datePublished":"2022-03-23T00:22:48+00:00","description":"A Weg (WEGE3) informou nesta ter\u00e7a (22) que vai pagar R$ 154,2 em Juros Sobre Capital Pr\u00f3prio (JCP) aos acionistas. Veja o valor por a\u00e7\u00e3o","breadcrumb":{"@id":"https:\/\/www.suno.com.br\/noticias\/weg-wege3-jcp-154-milhoes\/#breadcrumb"},"inLanguage":"pt-BR","potentialAction":[{"@type":"ReadAction","target":["https:\/\/www.suno.com.br\/noticias\/weg-wege3-jcp-154-milhoes\/"]}]},{"@type":"ImageObject","inLanguage":"pt-BR","@id":"https:\/\/www.suno.com.br\/noticias\/weg-wege3-jcp-154-milhoes\/#primaryimage","url":"https:\/\/files.sunoresearch.com.br\/n\/uploads\/2020\/10\/01fbaf04-wtd_blumenau_plant_power_transformer_laboratory_2019-2-jpg.webp","contentUrl":"https:\/\/files.sunoresearch.com.br\/n\/uploads\/2020\/10\/01fbaf04-wtd_blumenau_plant_power_transformer_laboratory_2019-2-jpg.webp","width":1200,"height":870,"caption":"Weg\u00a0(WEGE3) Foto: Reprodu\u00e7\u00e3o."},{"@type":"BreadcrumbList","@id":"https:\/\/www.suno.com.br\/noticias\/weg-wege3-jcp-154-milhoes\/#breadcrumb","itemListElement":[{"@type":"ListItem","position":1,"name":"Not\u00edcias","item":"https:\/\/www.suno.com.br\/noticias\/"},{"@type":"ListItem","position":2,"name":"Neg\u00f3cios","item":"https:\/\/www.suno.com.br\/noticias\/negocios\/"},{"@type":"ListItem","position":3,"name":"Weg (WEGE3) vai pagar R$ 154,2 milh\u00f5es em JCP; confira o valor por a\u00e7\u00e3o"}]},{"@type":"WebSite","@id":"https:\/\/www.suno.com.br\/noticias\/#website","url":"https:\/\/www.suno.com.br\/noticias\/","name":"Suno Not\u00edcias","description":"Seu portal de informa\u00e7\u00e3o sobre o mundo dos investimentos","publisher":{"@id":"https:\/\/www.suno.com.br\/noticias\/#organization"},"potentialAction":[{"@type":"SearchAction","target":{"@type":"EntryPoint","urlTemplate":"https:\/\/www.suno.com.br\/noticias\/?s={search_term_string}"},"query-input":{"@type":"PropertyValueSpecification","valueRequired":true,"valueName":"search_term_string"}}],"inLanguage":"pt-BR"},{"@type":"Organization","@id":"https:\/\/www.suno.com.br\/noticias\/#organization","name":"Suno Not\u00edcias","url":"https:\/\/www.suno.com.br\/noticias\/","logo":{"@type":"ImageObject","inLanguage":"pt-BR","@id":"https:\/\/www.suno.com.br\/noticias\/#\/schema\/logo\/image\/","url":"https:\/\/files.sunoresearch.com.br\/n\/uploads\/2021\/09\/suno-logo.png","contentUrl":"https:\/\/files.sunoresearch.com.br\/n\/uploads\/2021\/09\/suno-logo.png","width":180,"height":180,"caption":"Suno Not\u00edcias"},"image":{"@id":"https:\/\/www.suno.com.br\/noticias\/#\/schema\/logo\/image\/"},"sameAs":["https:\/\/facebook.com\/sunoresearch","https:\/\/x.com\/sunoresearch","https:\/\/www.instagram.com\/suno","https:\/\/www.linkedin.com\/company\/suno-research\/","https:\/\/www.youtube.com\/c\/sunoresearch"]},{"@type":"Person","@id":"https:\/\/www.suno.com.br\/noticias\/#\/schema\/person\/46d847cb19ad53fde0857adca989c23f","name":"Vict\u00f3ria Anhesini","image":{"@type":"ImageObject","inLanguage":"pt-BR","@id":"https:\/\/www.suno.com.br\/noticias\/#\/schema\/person\/image\/","url":"https:\/\/secure.gravatar.com\/avatar\/0172bdfcd9129dd9dd68794804304e6e?s=96&r=g","contentUrl":"https:\/\/secure.gravatar.com\/avatar\/0172bdfcd9129dd9dd68794804304e6e?s=96&r=g","caption":"Vict\u00f3ria Anhesini"},"description":"Rep\u00f3rter no Suno Not\u00edcias, cobre mercados, neg\u00f3cios e economia, escrevendo majoritariamente sobre movimentos das empresas, cobertura de balan\u00e7os trimestrais e Bolsa de Valores. Formada em jornalismo pela Universidade Presbiteriana Mackenzie em 2019, passou pelo portal de economia e finan\u00e7as EuQueroInvestir como rep\u00f3rter e anteriormente, trabalhou na assessoria de imprensa PinePR, onde liderou com startups de inova\u00e7\u00e3o, tecnologia e finan\u00e7as. Em seu tempo livre, fala sobre m\u00fasica para ambos os sites do selo ForMusic, Wikimetal e Mad Sound, e faz trabalho volunt\u00e1rio no programa Escreve Cartas do Poupatempo.","sameAs":["https:\/\/www.linkedin.com\/in\/victoria-anhesini\/"],"url":"https:\/\/www.suno.com.br\/noticias\/author\/victoria\/"}]}},"default_loop_html":"<div class=\"cardsPage__listCard__boxs\"><div class=\"cardsPage__listCard__boxs__img\"><a href=\"https:\/\/www.suno.com.br\/noticias\/weg-wege3-jcp-154-milhoes\/\"><img class=\"mask\" src=\"https:\/\/www.suno.com.br\/noticias\/wp-content\/themes\/suno\/resources\/images\/spotlight\/spotlight1img\/bg-mask.png\" alt=\"Image Mask\"\/><img src=\"https:\/\/files.sunoresearch.com.br\/n\/uploads\/2020\/10\/01fbaf04-wtd_blumenau_plant_power_transformer_laboratory_2019-2-400x200.webp\" alt=\"Weg (WEGE3) vai pagar R$ 154,2 milh\u00f5es em JCP; confira o valor por a\u00e7\u00e3o\"\/><\/a><span class=\"spotlightCategory\"><a href=\"https:\/\/www.suno.com.br\/noticias\/negocios\/\">Neg\u00f3cios<\/a><\/span><\/div><div class=\"cardsPage__listCard__boxs__content\"><a href=\"https:\/\/www.suno.com.br\/noticias\/weg-wege3-jcp-154-milhoes\/\"><h2 class=\"content__title\">Weg (WEGE3) vai pagar R$ 154,2 milh\u00f5es em JCP; confira o valor por a\u00e7\u00e3o<\/h2><\/a><div class=\"newsContent__article__meta\"><div class=\"newsContent__article__meta__authorBox\"><a href=\"https:\/\/www.suno.com.br\/noticias\/author\/victoria\/\" class=\"authorBox__avatar noMobi\"><img src=\"https:\/\/files.sunoresearch.com.br\/n\/uploads\/2021\/12\/20190129VickyPINEAPPLE01-1-150x150.jpg\" alt=\"Vict\u00f3ria Anhesini\"><\/a><div class=\"authorBox__name\"><span>por\n\t\t\t<a href=\"https:\/\/www.suno.com.br\/noticias\/author\/victoria\/\"><span itemprop=\"author\">Vict\u00f3ria Anhesini<\/span><\/a><\/span><time datetime=\"2022-03-22T21:22:48-03:00\" itemprop=\"datePublished\">22\/03\/2022 21:22<\/time><\/div><\/div><\/div><\/div><\/div>","single_layout":"posts","amp_enabled":true,"_links":{"self":[{"href":"https:\/\/www.suno.com.br\/noticias\/wp-json\/wp\/v2\/posts\/244236"}],"collection":[{"href":"https:\/\/www.suno.com.br\/noticias\/wp-json\/wp\/v2\/posts"}],"about":[{"href":"https:\/\/www.suno.com.br\/noticias\/wp-json\/wp\/v2\/types\/post"}],"author":[{"embeddable":true,"href":"https:\/\/www.suno.com.br\/noticias\/wp-json\/wp\/v2\/users\/146"}],"replies":[{"embeddable":true,"href":"https:\/\/www.suno.com.br\/noticias\/wp-json\/wp\/v2\/comments?post=244236"}],"version-history":[{"count":3,"href":"https:\/\/www.suno.com.br\/noticias\/wp-json\/wp\/v2\/posts\/244236\/revisions"}],"predecessor-version":[{"id":244254,"href":"https:\/\/www.suno.com.br\/noticias\/wp-json\/wp\/v2\/posts\/244236\/revisions\/244254"}],"wp:featuredmedia":[{"embeddable":true,"href":"https:\/\/www.suno.com.br\/noticias\/wp-json\/wp\/v2\/media\/93235"}],"wp:attachment":[{"href":"https:\/\/www.suno.com.br\/noticias\/wp-json\/wp\/v2\/media?parent=244236"}],"wp:term":[{"taxonomy":"category","embeddable":true,"href":"https:\/\/www.suno.com.br\/noticias\/wp-json\/wp\/v2\/categories?post=244236"},{"taxonomy":"post_tag","embeddable":true,"href":"https:\/\/www.suno.com.br\/noticias\/wp-json\/wp\/v2\/tags?post=244236"},{"taxonomy":"suno_strategy","embeddable":true,"href":"https:\/\/www.suno.com.br\/noticias\/wp-json\/wp\/v2\/suno_strategy?post=244236"}],"curies":[{"name":"wp","href":"https:\/\/api.w.org\/{rel}","templated":true}]}}