{"id":244202,"date":"2022-03-22T20:16:36","date_gmt":"2022-03-22T23:16:36","guid":{"rendered":"https:\/\/www.suno.com.br\/noticias\/?p=244202"},"modified":"2022-03-22T20:28:03","modified_gmt":"2022-03-22T23:28:03","slug":"minerva-beef3-acordo-diretor-ri","status":"publish","type":"post","link":"https:\/\/www.suno.com.br\/noticias\/minerva-beef3-acordo-diretor-ri\/","title":{"rendered":"Minerva (BEEF3): diretor de RI pagar\u00e1 R$ 408 mil em acordo com a CVM"},"content":{"rendered":"<p>A Comiss\u00e3o de Valores Mobili\u00e1rios (CVM) anunciou nesta ter\u00e7a-feira (22) que aceitou proposta de acordo feita por Edison Ticle, diretor de rela\u00e7\u00e3o com investidores da <a href=\"https:\/\/www.suno.com.br\/acoes\/beef3\/\"><strong>Minerva<\/strong>\u00a0(BEEF3)<\/a>, para encerrar um processo administrativo. O executivo vai pagar R$ 408 mil para a autarquia, em parcela \u00fanica.<\/p>\t<div class=\"wrapper-featured-image\">\n\t\t<figure class=\"spotlightImg\">\n\n\t\t\t<picture>\n\t\t\t\t<source media=\"(max-width: 768px)\" srcset=\"https:\/\/files.sunoresearch.com.br\/n\/uploads\/2022\/03\/Edison-Ticle-400x200.jpg\">\n\t\t\t\t<img loading=\"lazy\" decoding=\"async\" class=\"newsContent__article__imgCapa lazyloadDisabled \" src=\"https:\/\/files.sunoresearch.com.br\/n\/uploads\/2022\/03\/Edison-Ticle-800x450.jpg\" width=\"800\" height=\"450\" alt=\"Minerva (BEEF3): diretor de RI pagar\u00e1 R$ 408 mil em acordo com a CVM\" fetchpriority=high \/>\n\t\t\t<\/picture>\n\n\t\t\t<figcaption class=\"wp-caption-text wp-caption-text--show\">Edison Ticle, diretor de RI da Minerva: acordo em processo ap\u00f3s oscila\u00e7\u00f5es at\u00edpicas nas a\u00e7\u00f5es da empresa em 10 de agosto de 2021. Foto: Divulga\u00e7\u00e3o<\/figcaption>\n\t\t<\/figure>\n\t<\/div>\n\n\n\t<p>\n\t\t<a href=\"\" target=\"_blank\" data-element=\"shortcode-suno-banner\" title=\"Banner SUNO, clique e saiba mais\">\n\t\t\t<picture>\n\t\t\t\t<source media=\"(max-width: 500px)\" srcset=\"\">\n\t\t\t\t<img class=\"newsContent__article__imgCapa newsContent__article__imgCapa--banner\"\n\t\t\t\t\tsrc=\"\"\n\t\t\t\t\tdata-promo-id=\"138420\"\t\t\t\t\t\t\t\t\t\t\t\t\t\t\talt=\"\"\n\t\t\t\t>\n\t\t\t<\/picture>\n\t\t<\/a>\n\t<\/p>\n\n\n<p>O <strong>processo administrativo<\/strong> foi instaurado ap\u00f3s oscila\u00e7\u00f5es at\u00edpicas nas <strong>a\u00e7\u00f5es da empresa<\/strong> em 10 de agosto de 2021. A CVM identificou que Ticle teria revelado, durante uma transmiss\u00e3o ao vivo em m\u00eddia social, que o fechamento de capital da empresa seria uma possibilidade, ap\u00f3s questionamentos de um grupo de investidores.<\/p>\n<p>Inicialmente, o <strong>executivo da Minerva<\/strong> prop\u00f4s pagar R$ 210 mil para encerrar o processo. Ap\u00f3s negocia\u00e7\u00f5es com o Comit\u00ea de Termo de Compromisso (CTC), o valor foi aumentado par R$ 408 mil. A Procuradoria Federal Especializada junto \u00e0 Autarquia (PFE-CVM) concluiu n\u00e3o existir impedimento jur\u00eddico para a <strong>celebra\u00e7\u00e3o do acordo<\/strong>. Dessa forma processo \u00e9 encerrado sem julgamento.<\/p>\n\t<p>\n\t\t<a href=\"https:\/\/lp.suno.com.br\/ebook-como-analisar-uma-acao\/\" target=\"_blank\" data-element=\"shortcode-suno-banner\" title=\"Banner SUNO, clique e saiba mais\">\n\t\t\t<picture>\n\t\t\t\t<source media=\"(max-width: 500px)\" srcset=\"https:\/\/files.sunoresearch.com.br\/n\/uploads\/2023\/03\/Ebook-Acoes-Mobile-1.jpg\">\n\t\t\t\t<img class=\"newsContent__article__imgCapa newsContent__article__imgCapa--banner\"\n\t\t\t\t\tsrc=\"https:\/\/files.sunoresearch.com.br\/n\/uploads\/2023\/03\/Ebook-Acoes-Desktop-1.jpg\"\n\t\t\t\t\tdata-promo-id=\"171998\"\t\t\t\t\t\t\t\t\t\twidth='1420' height='286'\t\t\t\t\talt=\"https:\/\/files.sunoresearch.com.br\/n\/uploads\/2023\/03\/Ebook-Acoes-Desktop-1.jpg\"\n\t\t\t\t>\n\t\t\t<\/picture>\n\t\t<\/a>\n\t<\/p>\n\n\n<h2><b>Plataforma: acordo com diretora de RI da Enauta (ENAT3)<\/b><\/h2>\n<p>O <strong>colegiado da CVM<\/strong> tamb\u00e9m aprovou nesta ter\u00e7a-feira uma proposta de acordo apresentada por Paula Vasconcelos da Costa C\u00f4rte-Real, na qualidade de diretora de rela\u00e7\u00e3o com investidores da Enauta (ENAT3).<\/p>\n<p>Ela se comprometeu a pagar R$ 289 mil para encerrar o processo instaurado pela Superintend\u00eancia de Rela\u00e7\u00f5es com Empresas (SEP) da CVM para apurar aus\u00eancia de divulga\u00e7\u00e3o de fato relevante, de forma tempestiva, sobre falha no sistema de equipamento da plataforma localizado no Campo de Atlanta. O evento provocou oscila\u00e7\u00e3o at\u00edpica do valor das a\u00e7\u00f5es da empresa.<\/p>\n\t<p>\n\t\t<a href=\"https:\/\/lp.suno.com.br\/planilha-da-vida-financeira\/\" target=\"_blank\" data-element=\"shortcode-suno-banner\" title=\"Banner SUNO, clique e saiba mais\">\n\t\t\t<picture>\n\t\t\t\t<source media=\"(max-width: 500px)\" srcset=\"https:\/\/files.sunoresearch.com.br\/n\/uploads\/2023\/04\/400x300-Planilha-vida-financeira-true.png\">\n\t\t\t\t<img class=\"newsContent__article__imgCapa newsContent__article__imgCapa--banner\"\n\t\t\t\t\tsrc=\"https:\/\/files.sunoresearch.com.br\/n\/uploads\/2023\/04\/1420x240-Planilha-vida-financeira-true.png\"\n\t\t\t\t\tdata-promo-id=\"106682\"\t\t\t\t\t\t\t\t\t\twidth='1420' height='240'\t\t\t\t\talt=\"https:\/\/files.sunoresearch.com.br\/n\/uploads\/2023\/04\/1420x240-Planilha-vida-financeira-true.png\"\n\t\t\t\t>\n\t\t\t<\/picture>\n\t\t<\/a>\n\t<\/p>\n\n\n<h2 class=\"newsContent__article__title\">Em agosto, diretor de RI da Minerva revelou informa\u00e7\u00e3o privilegiada em live<\/h2>\n<p>Antes de a not\u00edcia sobre o poss\u00edvel fechamento de capital da\u00a0<a href=\"https:\/\/www.suno.com.br\/acoes\/beef3\/\"><strong>Minerva <\/strong><\/a>ganhar destaque no notici\u00e1rio em 11 de agosto, o diretor de <a class=\"suno-keyword\" href=\"https:\/\/www.suno.com.br\/artigos\/relacoes-com-investidores\/\" target=\"_blank\" rel=\"noopener noreferrer\" data-force=\"no\" data-priority=\"1\">rela\u00e7\u00f5es com investidores<\/a> da Minerva, Edison Ticle, revelou que esta seria uma possibilidade diante de um grupo de investidores que acompanhavam uma live no Instagram, conduzida por\u00a0<a href=\"https:\/\/www.suno.com.br\/tudo-sobre\/rafael-ferri\/\">Rafael Ferri.<\/a><\/p>\n<p>Na ocasi\u00e3o, o\u00a0<strong>diretor de RI da Minerva<\/strong>\u00a0estava assistindo \u00e0 live e fez coment\u00e1rios por escrito. Em uma das falas, ele disse que a Minerva poderia fazer \u201cuma OPA de fechamento de capital se o mercado continuar cagando (sic) pros proventos\u201d. OPA \u00e9 a sigla para Oferta P\u00fablica de Aquisi\u00e7\u00e3o.<\/p>\n<p>Em outro momento, ele revelou mais uma possibilidade: \u201cBEEF3 pode sair recompra agressiva\u201d.<\/p>\n\t<p>\n\t\t<a href=\"https:\/\/lp.suno.com.br\/planilha-controle-gastos\/\" target=\"_blank\" data-element=\"shortcode-suno-banner\" title=\"Banner SUNO, clique e saiba mais\">\n\t\t\t<picture>\n\t\t\t\t<source media=\"(max-width: 500px)\" srcset=\"https:\/\/files.sunoresearch.com.br\/n\/uploads\/2023\/03\/400x300-Planilha-controle-de-gastos.png\">\n\t\t\t\t<img class=\"newsContent__article__imgCapa newsContent__article__imgCapa--banner\"\n\t\t\t\t\tsrc=\"https:\/\/files.sunoresearch.com.br\/n\/uploads\/2023\/03\/1420x240-Planilha-controle-de-gastos.png\"\n\t\t\t\t\tdata-promo-id=\"101751\"\t\t\t\t\t\t\t\t\t\twidth='1420' height='240'\t\t\t\t\talt=\"https:\/\/files.sunoresearch.com.br\/n\/uploads\/2023\/03\/1420x240-Planilha-controle-de-gastos.png\"\n\t\t\t\t>\n\t\t\t<\/picture>\n\t\t<\/a>\n\t<\/p>\n\n\n<p>As <strong>declara\u00e7\u00f5es do executivo<\/strong> chamaram aten\u00e7\u00e3o e passaram a circular em redes sociais. No dia seguinte, o site Pipeline, do Valor Econ\u00f4mico, noticiou que os controladores\u00a0da Minerva Foods haviam come\u00e7ado a discutir a possibilidade\u00a0<strong>fechar o capital<\/strong>\u00a0da companhia.<\/p>\n<p>\u201cA transa\u00e7\u00e3o, um leveraged buyout, se daria para aproveitar o desconto impl\u00edcito que os acionistas enxergam numa empresa que vem gerando caixa regularmente\u201d, disse a reportagem.<\/p>\n<p>Procurada pelo\u00a0<strong>Suno<\/strong>\u00a0Not\u00edcias, a <strong>Minerva<\/strong> confirmou que o <strong>diretor de RI<\/strong> da empresa fez as declara\u00e7\u00f5es.<\/p>\n\n\t<div data-element=\"shortcode-read-more\" class=\"readToo\">\n\t\t\t\t<span class=\"readToo__title\">Leia mais<\/span>\n\t\t\t\t<ul class=\"readToo__list\">\n\t\t\t<li><a href=\"https:\/\/www.suno.com.br\/noticias\/minerva-beef3-opa-capital\/\">Minerva (BEEF3) diz que se compromete a n\u00e3o fazer OPA &#8220;pelo per\u00edodo de ao menos 6 meses&#8221;<\/a><\/li><li><a href=\"https:\/\/www.suno.com.br\/noticias\/diretor-ri-minerva-beef3-redes-sociais-edison-ticle\/\">Diretor de RI da Minerva (BEEF3) revelou informa\u00e7\u00e3o privilegiada em live nas redes sociais<\/a><\/li>\t\t<\/ul>\n\t<\/div>\n\n\n<p class=\"newsProviderSignature\"><em>Com Estad\u00e3o Conte\u00fado<\/em><\/p>\n\t<p>\n\t\t<a href=\"https:\/\/lp.suno.com.br\/planilha-de-controle-de-investimentos\/\" target=\"_blank\" data-element=\"shortcode-suno-banner\" title=\"Banner SUNO, clique e saiba mais\">\n\t\t\t<picture>\n\t\t\t\t<source media=\"(max-width: 500px)\" srcset=\"https:\/\/files.sunoresearch.com.br\/n\/uploads\/2023\/03\/400x300-Controle-de-Investimentos.png\">\n\t\t\t\t<img class=\"newsContent__article__imgCapa newsContent__article__imgCapa--banner\"\n\t\t\t\t\tsrc=\"https:\/\/files.sunoresearch.com.br\/n\/uploads\/2023\/03\/1420x240-Controle-de-Investimentos.png\"\n\t\t\t\t\tdata-promo-id=\"75934\"\t\t\t\t\t\t\t\t\t\twidth='1420' height='240'\t\t\t\t\talt=\"https:\/\/files.sunoresearch.com.br\/n\/uploads\/2023\/03\/1420x240-Controle-de-Investimentos.png\"\n\t\t\t\t>\n\t\t\t<\/picture>\n\t\t<\/a>\n\t<\/p>\n\n\n","protected":false},"excerpt":{"rendered":"<p>A Comiss\u00e3o de Valores Mobili\u00e1rios (CVM) anunciou nesta ter\u00e7a-feira (22) que aceitou proposta de acordo feita por Edison Ticle, diretor de rela\u00e7\u00e3o com investidores da Minerva\u00a0(BEEF3), para encerrar um processo administrativo. O executivo vai pagar R$ 408 mil para a autarquia, em parcela \u00fanica. Divulga\u00e7\u00e3o O processo administrativo foi instaurado ap\u00f3s oscila\u00e7\u00f5es at\u00edpicas nas a\u00e7\u00f5es [&hellip;]<\/p>\n","protected":false},"author":43,"featured_media":244216,"comment_status":"closed","ping_status":"closed","sticky":false,"template":"","format":"standard","meta":[],"categories":[64],"tags":[86780,563],"suno_strategy":[],"class_list":["post-244202","post","type-post","status-publish","format-standard","has-post-thumbnail","hentry","category-negocios","tag-enauta-enat3","tag-minerva-beef11-beef3"],"yoast_head":"<!-- This site is optimized with the Yoast SEO plugin v24.4 - https:\/\/yoast.com\/wordpress\/plugins\/seo\/ -->\n<title>Minerva (BEEF3): diretor de RI faz acordo de R$ 408 mil com a CVM<\/title>\n<meta name=\"description\" content=\"A CVM anunciou nesta ter\u00e7a-feira (22) que aceitou proposta de acordo feita por Edison Ticle, diretor de rela\u00e7\u00e3o com investidores da Minerva.\" \/>\n<meta name=\"robots\" content=\"index, follow, max-snippet:-1, max-image-preview:large, max-video-preview:-1\" \/>\n<link rel=\"canonical\" href=\"https:\/\/www.suno.com.br\/noticias\/minerva-beef3-acordo-diretor-ri\/\" \/>\n<meta property=\"og:locale\" content=\"pt_BR\" \/>\n<meta property=\"og:type\" content=\"article\" \/>\n<meta property=\"og:title\" content=\"Minerva (BEEF3): diretor de RI faz acordo de R$ 408 mil com a CVM\" \/>\n<meta property=\"og:description\" content=\"A CVM anunciou nesta ter\u00e7a-feira (22) que aceitou proposta de acordo feita por Edison Ticle, diretor de rela\u00e7\u00e3o com investidores da Minerva.\" \/>\n<meta property=\"og:url\" content=\"https:\/\/www.suno.com.br\/noticias\/minerva-beef3-acordo-diretor-ri\/\" \/>\n<meta property=\"og:site_name\" content=\"Suno Not\u00edcias\" \/>\n<meta property=\"article:publisher\" content=\"https:\/\/facebook.com\/sunoresearch\" \/>\n<meta property=\"article:author\" content=\"https:\/\/www.facebook.com\/sunonoticias\/\" \/>\n<meta property=\"og:image\" content=\"https:\/\/files.sunoresearch.com.br\/n\/uploads\/2022\/03\/Edison-Ticle.jpg\" \/>\n\t<meta property=\"og:image:width\" content=\"1500\" \/>\n\t<meta property=\"og:image:height\" content=\"841\" \/>\n\t<meta property=\"og:image:type\" content=\"image\/jpeg\" \/>\n<meta name=\"author\" content=\"Reda\u00e7\u00e3o Suno Not\u00edcias\" \/>\n<meta name=\"twitter:card\" content=\"summary_large_image\" \/>\n<meta name=\"twitter:creator\" content=\"@https:\/\/twitter.com\/sunoresearch\" \/>\n<meta name=\"twitter:site\" content=\"@sunoresearch\" \/>\n<meta name=\"twitter:label1\" content=\"Escrito por\" \/>\n\t<meta name=\"twitter:data1\" content=\"Reda\u00e7\u00e3o Suno Not\u00edcias\" \/>\n\t<meta name=\"twitter:label2\" content=\"Est. tempo de leitura\" \/>\n\t<meta name=\"twitter:data2\" content=\"3 minutos\" \/>\n<script type=\"application\/ld+json\" class=\"yoast-schema-graph\">{\"@context\":\"https:\/\/schema.org\",\"@graph\":[{\"@type\":\"NewsArticle\",\"@id\":\"https:\/\/www.suno.com.br\/noticias\/minerva-beef3-acordo-diretor-ri\/#article\",\"isPartOf\":{\"@id\":\"https:\/\/www.suno.com.br\/noticias\/minerva-beef3-acordo-diretor-ri\/\"},\"author\":{\"name\":\"Reda\u00e7\u00e3o Suno Not\u00edcias\",\"@id\":\"https:\/\/www.suno.com.br\/noticias\/#\/schema\/person\/c1b1bd3727fa852bd045e9dbff3673ea\"},\"headline\":\"Minerva (BEEF3): diretor de RI pagar\u00e1 R$ 408 mil em acordo com a CVM\",\"datePublished\":\"2022-03-22T23:16:36+00:00\",\"dateModified\":\"2022-03-22T23:28:03+00:00\",\"mainEntityOfPage\":{\"@id\":\"https:\/\/www.suno.com.br\/noticias\/minerva-beef3-acordo-diretor-ri\/\"},\"wordCount\":532,\"publisher\":{\"@id\":\"https:\/\/www.suno.com.br\/noticias\/#organization\"},\"image\":{\"@id\":\"https:\/\/www.suno.com.br\/noticias\/minerva-beef3-acordo-diretor-ri\/#primaryimage\"},\"thumbnailUrl\":\"https:\/\/files.sunoresearch.com.br\/n\/uploads\/2022\/03\/Edison-Ticle.jpg\",\"keywords\":[\"Enauta (ENAT3)\",\"Minerva (BEEF11\/BEEF3)\"],\"articleSection\":[\"Neg\u00f3cios\"],\"inLanguage\":\"pt-BR\"},{\"@type\":\"WebPage\",\"@id\":\"https:\/\/www.suno.com.br\/noticias\/minerva-beef3-acordo-diretor-ri\/\",\"url\":\"https:\/\/www.suno.com.br\/noticias\/minerva-beef3-acordo-diretor-ri\/\",\"name\":\"Minerva (BEEF3): diretor de RI faz acordo de R$ 408 mil com a CVM\",\"isPartOf\":{\"@id\":\"https:\/\/www.suno.com.br\/noticias\/#website\"},\"primaryImageOfPage\":{\"@id\":\"https:\/\/www.suno.com.br\/noticias\/minerva-beef3-acordo-diretor-ri\/#primaryimage\"},\"image\":{\"@id\":\"https:\/\/www.suno.com.br\/noticias\/minerva-beef3-acordo-diretor-ri\/#primaryimage\"},\"thumbnailUrl\":\"https:\/\/files.sunoresearch.com.br\/n\/uploads\/2022\/03\/Edison-Ticle.jpg\",\"datePublished\":\"2022-03-22T23:16:36+00:00\",\"dateModified\":\"2022-03-22T23:28:03+00:00\",\"description\":\"A CVM anunciou nesta ter\u00e7a-feira (22) que aceitou proposta de acordo feita por Edison Ticle, diretor de rela\u00e7\u00e3o com investidores da Minerva.\",\"breadcrumb\":{\"@id\":\"https:\/\/www.suno.com.br\/noticias\/minerva-beef3-acordo-diretor-ri\/#breadcrumb\"},\"inLanguage\":\"pt-BR\",\"potentialAction\":[{\"@type\":\"ReadAction\",\"target\":[\"https:\/\/www.suno.com.br\/noticias\/minerva-beef3-acordo-diretor-ri\/\"]}]},{\"@type\":\"ImageObject\",\"inLanguage\":\"pt-BR\",\"@id\":\"https:\/\/www.suno.com.br\/noticias\/minerva-beef3-acordo-diretor-ri\/#primaryimage\",\"url\":\"https:\/\/files.sunoresearch.com.br\/n\/uploads\/2022\/03\/Edison-Ticle.jpg\",\"contentUrl\":\"https:\/\/files.sunoresearch.com.br\/n\/uploads\/2022\/03\/Edison-Ticle.jpg\",\"width\":1500,\"height\":841,\"caption\":\"Edison Ticle, diretor de RI da Minerva: acordo em processo ap\u00f3s oscila\u00e7\u00f5es at\u00edpicas nas a\u00e7\u00f5es da empresa em 10 de agosto de 2021. Foto: Divulga\u00e7\u00e3o\"},{\"@type\":\"BreadcrumbList\",\"@id\":\"https:\/\/www.suno.com.br\/noticias\/minerva-beef3-acordo-diretor-ri\/#breadcrumb\",\"itemListElement\":[{\"@type\":\"ListItem\",\"position\":1,\"name\":\"Not\u00edcias\",\"item\":\"https:\/\/www.suno.com.br\/noticias\/\"},{\"@type\":\"ListItem\",\"position\":2,\"name\":\"Neg\u00f3cios\",\"item\":\"https:\/\/www.suno.com.br\/noticias\/negocios\/\"},{\"@type\":\"ListItem\",\"position\":3,\"name\":\"Minerva (BEEF3): diretor de RI pagar\u00e1 R$ 408 mil em acordo com a CVM\"}]},{\"@type\":\"WebSite\",\"@id\":\"https:\/\/www.suno.com.br\/noticias\/#website\",\"url\":\"https:\/\/www.suno.com.br\/noticias\/\",\"name\":\"Suno Not\u00edcias\",\"description\":\"Seu portal de informa\u00e7\u00e3o sobre o mundo dos investimentos\",\"publisher\":{\"@id\":\"https:\/\/www.suno.com.br\/noticias\/#organization\"},\"potentialAction\":[{\"@type\":\"SearchAction\",\"target\":{\"@type\":\"EntryPoint\",\"urlTemplate\":\"https:\/\/www.suno.com.br\/noticias\/?s={search_term_string}\"},\"query-input\":{\"@type\":\"PropertyValueSpecification\",\"valueRequired\":true,\"valueName\":\"search_term_string\"}}],\"inLanguage\":\"pt-BR\"},{\"@type\":\"Organization\",\"@id\":\"https:\/\/www.suno.com.br\/noticias\/#organization\",\"name\":\"Suno Not\u00edcias\",\"url\":\"https:\/\/www.suno.com.br\/noticias\/\",\"logo\":{\"@type\":\"ImageObject\",\"inLanguage\":\"pt-BR\",\"@id\":\"https:\/\/www.suno.com.br\/noticias\/#\/schema\/logo\/image\/\",\"url\":\"https:\/\/files.sunoresearch.com.br\/n\/uploads\/2021\/09\/suno-logo.png\",\"contentUrl\":\"https:\/\/files.sunoresearch.com.br\/n\/uploads\/2021\/09\/suno-logo.png\",\"width\":180,\"height\":180,\"caption\":\"Suno Not\u00edcias\"},\"image\":{\"@id\":\"https:\/\/www.suno.com.br\/noticias\/#\/schema\/logo\/image\/\"},\"sameAs\":[\"https:\/\/facebook.com\/sunoresearch\",\"https:\/\/x.com\/sunoresearch\",\"https:\/\/www.instagram.com\/suno\",\"https:\/\/www.linkedin.com\/company\/suno-research\/\",\"https:\/\/www.youtube.com\/c\/sunoresearch\"]},{\"@type\":\"Person\",\"@id\":\"https:\/\/www.suno.com.br\/noticias\/#\/schema\/person\/c1b1bd3727fa852bd045e9dbff3673ea\",\"name\":\"Reda\u00e7\u00e3o Suno Not\u00edcias\",\"image\":{\"@type\":\"ImageObject\",\"inLanguage\":\"pt-BR\",\"@id\":\"https:\/\/www.suno.com.br\/noticias\/#\/schema\/person\/image\/\",\"url\":\"https:\/\/secure.gravatar.com\/avatar\/b8104b9b5a71985d5238ee59fbe418af?s=96&r=g\",\"contentUrl\":\"https:\/\/secure.gravatar.com\/avatar\/b8104b9b5a71985d5238ee59fbe418af?s=96&r=g\",\"caption\":\"Reda\u00e7\u00e3o Suno Not\u00edcias\"},\"description\":\"O Suno Not\u00edcias \u00e9 um portal de informa\u00e7\u00f5es sobre Mercado Financeiro, Pol\u00edtica, Neg\u00f3cios, Economia e Finan\u00e7as Pessoais.\",\"sameAs\":[\"https:\/\/www.suno.com.br\/noticias\",\"https:\/\/www.facebook.com\/sunonoticias\/\",\"https:\/\/www.instagram.com\/sunonoticias\/\",\"https:\/\/x.com\/https:\/\/twitter.com\/sunoresearch\",\"https:\/\/www.youtube.com\/sunonoticias\"],\"url\":\"https:\/\/www.suno.com.br\/noticias\/author\/redacao-suno\/\"}]}<\/script>\n<!-- \/ Yoast SEO plugin. -->","yoast_head_json":{"title":"Minerva (BEEF3): diretor de RI faz acordo de R$ 408 mil com a CVM","description":"A CVM anunciou nesta ter\u00e7a-feira (22) que aceitou proposta de acordo feita por Edison Ticle, diretor de rela\u00e7\u00e3o com investidores da Minerva.","robots":{"index":"index","follow":"follow","max-snippet":"max-snippet:-1","max-image-preview":"max-image-preview:large","max-video-preview":"max-video-preview:-1"},"canonical":"https:\/\/www.suno.com.br\/noticias\/minerva-beef3-acordo-diretor-ri\/","og_locale":"pt_BR","og_type":"article","og_title":"Minerva (BEEF3): diretor de RI faz acordo de R$ 408 mil com a CVM","og_description":"A CVM anunciou nesta ter\u00e7a-feira (22) que aceitou proposta de acordo feita por Edison Ticle, diretor de rela\u00e7\u00e3o com investidores da Minerva.","og_url":"https:\/\/www.suno.com.br\/noticias\/minerva-beef3-acordo-diretor-ri\/","og_site_name":"Suno Not\u00edcias","article_publisher":"https:\/\/facebook.com\/sunoresearch","article_author":"https:\/\/www.facebook.com\/sunonoticias\/","og_image":[{"width":1500,"height":841,"url":"https:\/\/files.sunoresearch.com.br\/n\/uploads\/2022\/03\/Edison-Ticle.jpg","type":"image\/jpeg"}],"author":"Reda\u00e7\u00e3o Suno Not\u00edcias","twitter_card":"summary_large_image","twitter_creator":"@https:\/\/twitter.com\/sunoresearch","twitter_site":"@sunoresearch","twitter_misc":{"Escrito por":"Reda\u00e7\u00e3o Suno Not\u00edcias","Est. tempo de leitura":"3 minutos"},"schema":{"@context":"https:\/\/schema.org","@graph":[{"@type":"NewsArticle","@id":"https:\/\/www.suno.com.br\/noticias\/minerva-beef3-acordo-diretor-ri\/#article","isPartOf":{"@id":"https:\/\/www.suno.com.br\/noticias\/minerva-beef3-acordo-diretor-ri\/"},"author":{"name":"Reda\u00e7\u00e3o Suno Not\u00edcias","@id":"https:\/\/www.suno.com.br\/noticias\/#\/schema\/person\/c1b1bd3727fa852bd045e9dbff3673ea"},"headline":"Minerva (BEEF3): diretor de RI pagar\u00e1 R$ 408 mil em acordo com a CVM","datePublished":"2022-03-22T23:16:36+00:00","dateModified":"2022-03-22T23:28:03+00:00","mainEntityOfPage":{"@id":"https:\/\/www.suno.com.br\/noticias\/minerva-beef3-acordo-diretor-ri\/"},"wordCount":532,"publisher":{"@id":"https:\/\/www.suno.com.br\/noticias\/#organization"},"image":{"@id":"https:\/\/www.suno.com.br\/noticias\/minerva-beef3-acordo-diretor-ri\/#primaryimage"},"thumbnailUrl":"https:\/\/files.sunoresearch.com.br\/n\/uploads\/2022\/03\/Edison-Ticle.jpg","keywords":["Enauta (ENAT3)","Minerva (BEEF11\/BEEF3)"],"articleSection":["Neg\u00f3cios"],"inLanguage":"pt-BR"},{"@type":"WebPage","@id":"https:\/\/www.suno.com.br\/noticias\/minerva-beef3-acordo-diretor-ri\/","url":"https:\/\/www.suno.com.br\/noticias\/minerva-beef3-acordo-diretor-ri\/","name":"Minerva (BEEF3): diretor de RI faz acordo de R$ 408 mil com a CVM","isPartOf":{"@id":"https:\/\/www.suno.com.br\/noticias\/#website"},"primaryImageOfPage":{"@id":"https:\/\/www.suno.com.br\/noticias\/minerva-beef3-acordo-diretor-ri\/#primaryimage"},"image":{"@id":"https:\/\/www.suno.com.br\/noticias\/minerva-beef3-acordo-diretor-ri\/#primaryimage"},"thumbnailUrl":"https:\/\/files.sunoresearch.com.br\/n\/uploads\/2022\/03\/Edison-Ticle.jpg","datePublished":"2022-03-22T23:16:36+00:00","dateModified":"2022-03-22T23:28:03+00:00","description":"A CVM anunciou nesta ter\u00e7a-feira (22) que aceitou proposta de acordo feita por Edison Ticle, diretor de rela\u00e7\u00e3o com investidores da Minerva.","breadcrumb":{"@id":"https:\/\/www.suno.com.br\/noticias\/minerva-beef3-acordo-diretor-ri\/#breadcrumb"},"inLanguage":"pt-BR","potentialAction":[{"@type":"ReadAction","target":["https:\/\/www.suno.com.br\/noticias\/minerva-beef3-acordo-diretor-ri\/"]}]},{"@type":"ImageObject","inLanguage":"pt-BR","@id":"https:\/\/www.suno.com.br\/noticias\/minerva-beef3-acordo-diretor-ri\/#primaryimage","url":"https:\/\/files.sunoresearch.com.br\/n\/uploads\/2022\/03\/Edison-Ticle.jpg","contentUrl":"https:\/\/files.sunoresearch.com.br\/n\/uploads\/2022\/03\/Edison-Ticle.jpg","width":1500,"height":841,"caption":"Edison Ticle, diretor de RI da Minerva: acordo em processo ap\u00f3s oscila\u00e7\u00f5es at\u00edpicas nas a\u00e7\u00f5es da empresa em 10 de agosto de 2021. Foto: Divulga\u00e7\u00e3o"},{"@type":"BreadcrumbList","@id":"https:\/\/www.suno.com.br\/noticias\/minerva-beef3-acordo-diretor-ri\/#breadcrumb","itemListElement":[{"@type":"ListItem","position":1,"name":"Not\u00edcias","item":"https:\/\/www.suno.com.br\/noticias\/"},{"@type":"ListItem","position":2,"name":"Neg\u00f3cios","item":"https:\/\/www.suno.com.br\/noticias\/negocios\/"},{"@type":"ListItem","position":3,"name":"Minerva (BEEF3): diretor de RI pagar\u00e1 R$ 408 mil em acordo com a CVM"}]},{"@type":"WebSite","@id":"https:\/\/www.suno.com.br\/noticias\/#website","url":"https:\/\/www.suno.com.br\/noticias\/","name":"Suno Not\u00edcias","description":"Seu portal de informa\u00e7\u00e3o sobre o mundo dos investimentos","publisher":{"@id":"https:\/\/www.suno.com.br\/noticias\/#organization"},"potentialAction":[{"@type":"SearchAction","target":{"@type":"EntryPoint","urlTemplate":"https:\/\/www.suno.com.br\/noticias\/?s={search_term_string}"},"query-input":{"@type":"PropertyValueSpecification","valueRequired":true,"valueName":"search_term_string"}}],"inLanguage":"pt-BR"},{"@type":"Organization","@id":"https:\/\/www.suno.com.br\/noticias\/#organization","name":"Suno Not\u00edcias","url":"https:\/\/www.suno.com.br\/noticias\/","logo":{"@type":"ImageObject","inLanguage":"pt-BR","@id":"https:\/\/www.suno.com.br\/noticias\/#\/schema\/logo\/image\/","url":"https:\/\/files.sunoresearch.com.br\/n\/uploads\/2021\/09\/suno-logo.png","contentUrl":"https:\/\/files.sunoresearch.com.br\/n\/uploads\/2021\/09\/suno-logo.png","width":180,"height":180,"caption":"Suno Not\u00edcias"},"image":{"@id":"https:\/\/www.suno.com.br\/noticias\/#\/schema\/logo\/image\/"},"sameAs":["https:\/\/facebook.com\/sunoresearch","https:\/\/x.com\/sunoresearch","https:\/\/www.instagram.com\/suno","https:\/\/www.linkedin.com\/company\/suno-research\/","https:\/\/www.youtube.com\/c\/sunoresearch"]},{"@type":"Person","@id":"https:\/\/www.suno.com.br\/noticias\/#\/schema\/person\/c1b1bd3727fa852bd045e9dbff3673ea","name":"Reda\u00e7\u00e3o Suno Not\u00edcias","image":{"@type":"ImageObject","inLanguage":"pt-BR","@id":"https:\/\/www.suno.com.br\/noticias\/#\/schema\/person\/image\/","url":"https:\/\/secure.gravatar.com\/avatar\/b8104b9b5a71985d5238ee59fbe418af?s=96&r=g","contentUrl":"https:\/\/secure.gravatar.com\/avatar\/b8104b9b5a71985d5238ee59fbe418af?s=96&r=g","caption":"Reda\u00e7\u00e3o Suno Not\u00edcias"},"description":"O Suno Not\u00edcias \u00e9 um portal de informa\u00e7\u00f5es sobre Mercado Financeiro, Pol\u00edtica, Neg\u00f3cios, Economia e Finan\u00e7as Pessoais.","sameAs":["https:\/\/www.suno.com.br\/noticias","https:\/\/www.facebook.com\/sunonoticias\/","https:\/\/www.instagram.com\/sunonoticias\/","https:\/\/x.com\/https:\/\/twitter.com\/sunoresearch","https:\/\/www.youtube.com\/sunonoticias"],"url":"https:\/\/www.suno.com.br\/noticias\/author\/redacao-suno\/"}]}},"default_loop_html":"<div class=\"cardsPage__listCard__boxs\"><div class=\"cardsPage__listCard__boxs__img\"><a href=\"https:\/\/www.suno.com.br\/noticias\/diretor-ri-minerva-beef3-redes-sociais-edison-ticle\/\"><img class=\"mask\" src=\"https:\/\/www.suno.com.br\/noticias\/wp-content\/themes\/suno\/resources\/images\/spotlight\/spotlight1img\/bg-mask.png\" alt=\"Image Mask\"\/><img src=\"https:\/\/files.sunoresearch.com.br\/n\/uploads\/2021\/08\/837efb93-capturar-400x200.png\" alt=\"Diretor de RI da Minerva (BEEF3) revelou informa\u00e7\u00e3o privilegiada em live nas redes sociais\"\/><\/a><span class=\"spotlightCategory\"><a href=\"https:\/\/www.suno.com.br\/noticias\/negocios\/\">Neg\u00f3cios<\/a><\/span><\/div><div class=\"cardsPage__listCard__boxs__content\"><a href=\"https:\/\/www.suno.com.br\/noticias\/diretor-ri-minerva-beef3-redes-sociais-edison-ticle\/\"><h2 class=\"content__title\">Diretor de RI da Minerva (BEEF3) revelou informa\u00e7\u00e3o privilegiada em live nas redes sociais<\/h2><\/a><div class=\"newsContent__article__meta\"><div class=\"newsContent__article__meta__authorBox\"><a href=\"https:\/\/www.suno.com.br\/noticias\/author\/felipe-areia\/\" class=\"authorBox__avatar noMobi\"><img src=\"https:\/\/secure.gravatar.com\/avatar\/3d7d3c14b1a794a3e8c9186dd9274852?s=96&#038;r=g\" alt=\"Felipe Areia\"><\/a><div class=\"authorBox__name\"><span>por\n\t\t\t<a href=\"https:\/\/www.suno.com.br\/noticias\/author\/felipe-areia\/\"><span itemprop=\"author\">Felipe Areia<\/span><\/a><\/span><time datetime=\"2021-08-12T15:16:30-03:00\" itemprop=\"datePublished\">12\/08\/2021 15:16<\/time><\/div><\/div><\/div><\/div><\/div>","single_layout":"posts","amp_enabled":true,"_links":{"self":[{"href":"https:\/\/www.suno.com.br\/noticias\/wp-json\/wp\/v2\/posts\/244202"}],"collection":[{"href":"https:\/\/www.suno.com.br\/noticias\/wp-json\/wp\/v2\/posts"}],"about":[{"href":"https:\/\/www.suno.com.br\/noticias\/wp-json\/wp\/v2\/types\/post"}],"author":[{"embeddable":true,"href":"https:\/\/www.suno.com.br\/noticias\/wp-json\/wp\/v2\/users\/43"}],"replies":[{"embeddable":true,"href":"https:\/\/www.suno.com.br\/noticias\/wp-json\/wp\/v2\/comments?post=244202"}],"version-history":[{"count":3,"href":"https:\/\/www.suno.com.br\/noticias\/wp-json\/wp\/v2\/posts\/244202\/revisions"}],"predecessor-version":[{"id":244209,"href":"https:\/\/www.suno.com.br\/noticias\/wp-json\/wp\/v2\/posts\/244202\/revisions\/244209"}],"wp:featuredmedia":[{"embeddable":true,"href":"https:\/\/www.suno.com.br\/noticias\/wp-json\/wp\/v2\/media\/244216"}],"wp:attachment":[{"href":"https:\/\/www.suno.com.br\/noticias\/wp-json\/wp\/v2\/media?parent=244202"}],"wp:term":[{"taxonomy":"category","embeddable":true,"href":"https:\/\/www.suno.com.br\/noticias\/wp-json\/wp\/v2\/categories?post=244202"},{"taxonomy":"post_tag","embeddable":true,"href":"https:\/\/www.suno.com.br\/noticias\/wp-json\/wp\/v2\/tags?post=244202"},{"taxonomy":"suno_strategy","embeddable":true,"href":"https:\/\/www.suno.com.br\/noticias\/wp-json\/wp\/v2\/suno_strategy?post=244202"}],"curies":[{"name":"wp","href":"https:\/\/api.w.org\/{rel}","templated":true}]}}