{"id":244105,"date":"2022-03-22T21:14:51","date_gmt":"2022-03-23T00:14:51","guid":{"rendered":"https:\/\/www.suno.com.br\/noticias\/?p=244105"},"modified":"2022-03-22T21:28:08","modified_gmt":"2022-03-23T00:28:08","slug":"eneva-enev3-dispara-maiores-altas","status":"publish","type":"post","link":"https:\/\/www.suno.com.br\/noticias\/eneva-enev3-dispara-maiores-altas\/","title":{"rendered":"Eneva (ENEV3) dispara 6,65% e fica entre as mais altas do dia; veja os motivos"},"content":{"rendered":"<p>Os investidores repercutiram positivamente os resultados do quarto trimestre de 2021 da <a class=\"suno-keyword\" href=\"https:\/\/www.suno.com.br\/acoes\/ENEV3\/\" target=\"_blank\" rel=\"noopener\" data-force=\"yes\" data-priority=\"2\"><strong>Eneva<\/strong> (ENEV3)<\/a> nesta ter\u00e7a-feira (22). As a\u00e7\u00f5es da companhia avan\u00e7aram 6,65%, a R$ 14,28, entrando no ranking das maiores do dia, em segundo lugar.<\/p>\t<div class=\"wrapper-featured-image\">\n\t\t<figure class=\"spotlightImg\">\n\n\t\t\t<picture>\n\t\t\t\t<source media=\"(max-width: 768px)\" srcset=\"https:\/\/files.sunoresearch.com.br\/n\/uploads\/2021\/06\/882cdfd9-eneva-institucional-400x200.webp\">\n\t\t\t\t<img loading=\"lazy\" decoding=\"async\" class=\"newsContent__article__imgCapa lazyloadDisabled \" src=\"https:\/\/files.sunoresearch.com.br\/n\/uploads\/2021\/06\/882cdfd9-eneva-institucional-800x450.webp\" width=\"800\" height=\"450\" alt=\"Eneva (ENEV3) dispara 6,65% e fica entre as mais altas do dia; veja os motivos\" fetchpriority=high \/>\n\t\t\t<\/picture>\n\n\t\t\t<figcaption class=\"wp-caption-text wp-caption-text--show\">Eneva. Foto: Divulga\u00e7\u00e3o<\/figcaption>\n\t\t<\/figure>\n\t<\/div>\n\n\n\t<p>\n\t\t<a href=\"\" target=\"_blank\" data-element=\"shortcode-suno-banner\" title=\"Banner SUNO, clique e saiba mais\">\n\t\t\t<picture>\n\t\t\t\t<source media=\"(max-width: 500px)\" srcset=\"\">\n\t\t\t\t<img class=\"newsContent__article__imgCapa newsContent__article__imgCapa--banner\"\n\t\t\t\t\tsrc=\"\"\n\t\t\t\t\tdata-promo-id=\"138420\"\t\t\t\t\t\t\t\t\t\t\t\t\t\t\talt=\"\"\n\t\t\t\t>\n\t\t\t<\/picture>\n\t\t<\/a>\n\t<\/p>\n\n\n<p>Os <a class=\"suno-keyword\" href=\"https:\/\/www.suno.com.br\/artigos\/resultados-trimestrais\/\" target=\"_blank\" rel=\"noopener\" data-force=\"no\" data-priority=\"1\">resultados trimestrais<\/a> da Eneva, em conjunto com a teleconfer\u00eancia realizada durante a manh\u00e3, animaram o mercado.<\/p>\n<p>A empresa reportou <a class=\"suno-keyword\" href=\"https:\/\/www.suno.com.br\/artigos\/lucro-liquido\/\" target=\"_blank\" rel=\"noopener\" data-force=\"no\" data-priority=\"1\">lucro l\u00edquido<\/a> de R$ 489,4 milh\u00f5es no quarto trimestre de 2021, queda de 28,7% no lucro na compara\u00e7\u00e3o com os R$ 629,9 milh\u00f5es reportados no mesmo per\u00edodo do exerc\u00edcio anterior. No entanto, o valor reflete um ajuste cont\u00e1bil feito em 2020, que inflou o resultado em um montante da ordem de R$ 300 milh\u00f5es, relacionado a uma mudan\u00e7a de regra de aloca\u00e7\u00e3o de <a class=\"suno-keyword\" href=\"https:\/\/www.suno.com.br\/artigos\/imposto-diferido\/\" target=\"_blank\" rel=\"noopener\" data-force=\"no\" data-priority=\"1\">imposto diferido<\/a>.<\/p>\n<p>Para o Banco Safra, o maior destaque do trimestre da Eneva foi o <strong>Ebitda<\/strong> (lucro antes de juros, impostos,\u00a0<a class=\"suno-keyword\" href=\"https:\/\/www.suno.com.br\/artigos\/depreciacao-amortizacao\/\" target=\"_blank\" rel=\"noopener\" data-force=\"no\" data-priority=\"1\">deprecia\u00e7\u00e3o e amortiza\u00e7\u00e3o<\/a>), de R$ 834 milh\u00f5es, 30% acima das estimativas e tamb\u00e9m +28% do consenso.<\/p>\n<p>&#8220;Os resultados foram fortes e acima das expectativas, explicados principalmente por resultados melhores do que o esperado do bra\u00e7o de carv\u00e3o, que tamb\u00e9m foi impulsionado por +R$ 150 milh\u00f5es de revers\u00f5es de <strong>impairment<\/strong> de Itaqui, sem efeito caixa&#8221;, explica o Safra, em relat\u00f3rio.<\/p>\n<p>O bra\u00e7o de carv\u00e3o apresentou forte resultado com um <a class=\"suno-keyword\" href=\"https:\/\/www.suno.com.br\/artigos\/ebitda-ajustado\/\" target=\"_blank\" rel=\"noopener\" data-force=\"no\" data-priority=\"1\">Ebitda ajustado<\/a> de R$ 206 milh\u00f5es, 80% acima da proje\u00e7\u00e3o do banco, \u201cbeneficiando-se do aumento do CVU impulsionado por pre\u00e7os internacionais de carv\u00e3o mais altos, enquanto os estoques foram precificados em n\u00edveis mais baixos\u201d.<\/p>\n\t<p>\n\t\t<a href=\"https:\/\/lp.suno.com.br\/planilha-controle-gastos\/\" target=\"_blank\" data-element=\"shortcode-suno-banner\" title=\"Banner SUNO, clique e saiba mais\">\n\t\t\t<picture>\n\t\t\t\t<source media=\"(max-width: 500px)\" srcset=\"https:\/\/files.sunoresearch.com.br\/n\/uploads\/2023\/03\/400x300-Planilha-controle-de-gastos.png\">\n\t\t\t\t<img class=\"newsContent__article__imgCapa newsContent__article__imgCapa--banner\"\n\t\t\t\t\tsrc=\"https:\/\/files.sunoresearch.com.br\/n\/uploads\/2023\/03\/1420x240-Planilha-controle-de-gastos.png\"\n\t\t\t\t\tdata-promo-id=\"101751\"\t\t\t\t\t\t\t\t\t\twidth='1420' height='240'\t\t\t\t\talt=\"https:\/\/files.sunoresearch.com.br\/n\/uploads\/2023\/03\/1420x240-Planilha-controle-de-gastos.png\"\n\t\t\t\t>\n\t\t\t<\/picture>\n\t\t<\/a>\n\t<\/p>\n\n\n<h2>Atualiza\u00e7\u00e3o das estimativas do setor<\/h2>\n<p>O Banco Safra explica que em fevereiro, atualizou as estimativas e pre\u00e7os alvos para o setor de energia el\u00e9trica. Parte da raz\u00e3o para altera\u00e7\u00f5es baixistas foi a possibilidade de que as elei\u00e7\u00f5es aumentem a volatilidade geral, al\u00e9m do fluxo de not\u00edcias negativas para o setor.<\/p>\n<p>\u201cEsperamos ainda um pipeline movimentado para o setor em 2022, na medida em que o aumento das taxas de juros pode tirar os rec\u00e9m-chegados do jogo\u201d, diz o texto.<\/p>\n<p>J\u00e1 sobre as empresas geradoras, a <strong>crise h\u00eddrica<\/strong> j\u00e1 n\u00e3o \u00e9 um problema para o resto deste ano, j\u00e1 que \u201cos volumes de chuva s\u00e3o bons e os reservat\u00f3rios est\u00e3o se recuperando rapidamente\u201d.<\/p>\n<p>Al\u00e9m disso, com os custos de energia elevados do ano passado, \u00e9 poss\u00edvel que haja problemas em rela\u00e7\u00e3o \u00e0s distribuidoras, com a expectativa no aumento de tarifas e eventual press\u00e3o nas taxas de inadimpl\u00eancia e perdas.<\/p>\n<p>\u201cNesse contexto, a Eneva \u00e9 uma boa escolha de <a class=\"suno-keyword\" href=\"https:\/\/www.suno.com.br\/artigos\/longo-prazo\/\" target=\"_blank\" rel=\"noopener\" data-force=\"no\" data-priority=\"1\">longo prazo<\/a>, seguindo com seu plano de expans\u00e3o em 2022, visto que diversas oportunidades de crescimento se apresentam para eles em todas as regi\u00f5es do Brasil\u201d, aponta o relat\u00f3rio do Safra.<\/p>\n<p>A recomenda\u00e7\u00e3o do banco continua sendo de compra, no <a class=\"suno-keyword\" href=\"https:\/\/www.suno.com.br\/artigos\/preco-alvo\/\" target=\"_blank\" rel=\"noopener\" data-force=\"no\" data-priority=\"1\">pre\u00e7o alvo<\/a> de R$ 15,50.<\/p>\n\t<p>\n\t\t<a href=\"https:\/\/lp.suno.com.br\/planilha-da-vida-financeira\/\" target=\"_blank\" data-element=\"shortcode-suno-banner\" title=\"Banner SUNO, clique e saiba mais\">\n\t\t\t<picture>\n\t\t\t\t<source media=\"(max-width: 500px)\" srcset=\"https:\/\/files.sunoresearch.com.br\/n\/uploads\/2023\/04\/400x300-Planilha-vida-financeira-true.png\">\n\t\t\t\t<img class=\"newsContent__article__imgCapa newsContent__article__imgCapa--banner\"\n\t\t\t\t\tsrc=\"https:\/\/files.sunoresearch.com.br\/n\/uploads\/2023\/04\/1420x240-Planilha-vida-financeira-true.png\"\n\t\t\t\t\tdata-promo-id=\"106682\"\t\t\t\t\t\t\t\t\t\twidth='1420' height='240'\t\t\t\t\talt=\"https:\/\/files.sunoresearch.com.br\/n\/uploads\/2023\/04\/1420x240-Planilha-vida-financeira-true.png\"\n\t\t\t\t>\n\t\t\t<\/picture>\n\t\t<\/a>\n\t<\/p>\n\n\n<h2>Eneva e PetroReconcavo (RECV3) confirmam proposta conjunta por Bahia-Terra<\/h2>\n<p>Outra not\u00edcia favoreceu as a\u00e7\u00f5es da Eneva nesta ter\u00e7a (22). A empresa e a <strong>PetroReconcavo<\/strong> (RECV3) confirmaram a realiza\u00e7\u00e3o de uma oferta vinculante em conjunto pelo Polo Bahia Terra, da <a class=\"suno-keyword\" href=\"https:\/\/www.suno.com.br\/acoes\/PETR4\/\" target=\"_blank\" rel=\"noopener\" data-force=\"yes\" data-priority=\"2\">Petrobras (PETR4)<\/a>. As companhias ressaltaram que a proposta ainda est\u00e1 em an\u00e1lise pela estatal e depende de outras condi\u00e7\u00f5es, como aprova\u00e7\u00e3o dos \u00f3rg\u00e3os reguladores.<\/p>\n<p>O polo, que, al\u00e9m dos campos de petr\u00f3leo, re\u00fane infraestrutura disposta de dutos, unidade produtora de g\u00e1s e tanques ligados a um terminal portu\u00e1rio e \u00e0 refinaria Landulfo Alves.<\/p>\n<p>De acordo com Ilan Arbetman, analista de Research da Ativa Investimentos, a aquisi\u00e7\u00e3o em conjunto \u00e0 PetroReconcavo do complexo permitiria a companhia adicionar por volta de 7 milh\u00f5es de metros c\u00fabicos \u00e0 sua reserva.<\/p>\n<p>&#8220;A utiliza\u00e7\u00e3o dos acessos a infraestrutura de processamento, armazenamento, log\u00edstica, transporte e escoamento de g\u00e1s natural poderia fazer com que a companhia viesse a ter condi\u00e7\u00f5es de replicar seu modelo R2W em uma nova regi\u00e3o do pa\u00eds, o que faz com que as a\u00e7\u00f5es absorvam a not\u00edcia de forma positiva&#8221;, afirmou o analista.<\/p>\n<h2>Petrobras (PETR4) confirma oferta vinculante do cons\u00f3rcio entre Petrorec\u00f4ncavo e Eneva<\/h2>\n<p>A <strong>Petrobras<\/strong> (PETR4) confirmou nesta ter\u00e7a-feira, 22, em comunicado ao mercado, que recebeu hoje novas <strong>ofertas vinculantes<\/strong> do cons\u00f3rcio formado por Petrorec\u00f4ncavo e Eneva, dentre outras ofertas, que ser\u00e3o analisadas e levadas \u00e0 aprecia\u00e7\u00e3o da Diretoria Executiva para decis\u00e3o a respeito do avan\u00e7o para a fase de negocia\u00e7\u00e3o. A informa\u00e7\u00e3o foi confirmada mais cedo pela Petrorec\u00f4ncavo e a Eneva, por meio de fato relevante.<\/p>\n<p>Segundo a Petrobras, a nova rodada foi realizada ap\u00f3s a conclus\u00e3o sem \u00eaxito do processo de negocia\u00e7\u00e3o iniciado com o cons\u00f3rcio formado pelas empresas Aguila Energia e Infra Construtora e Servi\u00e7os, conforme divulgado ao mercado em 14 de outubro de 2021.<\/p>\n<p>A companhia esclarece, portanto, que a celebra\u00e7\u00e3o da transa\u00e7\u00e3o depender\u00e1 do resultado das negocia\u00e7\u00f5es, bem como das aprova\u00e7\u00f5es corporativas necess\u00e1rias e que manter\u00e1 o mercado informado, refor\u00e7ando seu compromisso com a transpar\u00eancia de seus projetos de desinvestimento e de <strong>gest\u00e3o de seu portf\u00f3lio<\/strong>.<\/p>\n<h2>Despacho t\u00e9rmico menor para 2022<\/h2>\n<p>Durante a teleconfer\u00eancia de apresenta\u00e7\u00e3o dos resultados do 4\u00ba trimestre de 2021, Marcelo Habibe, o CFO da companhia, disse que a Eneva prev\u00ea um <strong>despacho t\u00e9rmico<\/strong> menor para 2022, ao mesmo no primeiro trimestre.<\/p>\n<p>Ele explicou que o cen\u00e1rio atual mostra que os reservat\u00f3rios do Subsistema Norte apontam para um baixo despacho t\u00e9rmico, por deterem 98% de <strong>EARM<\/strong> (energia armazenada). Lembrou ainda que a gera\u00e7\u00e3o hidrel\u00e9trica no Subsistema Norte possui duas vezes mais capacidade em rela\u00e7\u00e3o ao mesmo per\u00edodo dos anos anteriores, atendendo assim integralmente a demanda.<\/p>\n<p>Habibe apontou que, no segundo semestre deste ano, o quadro poder\u00e1 ser diferente, por uma poss\u00edvel redu\u00e7\u00e3o sazonal das chuvas no Norte, abrindo espa\u00e7o para gera\u00e7\u00e3o termel\u00e9trica &#8211; especialmente t\u00e9rmicas com menor CVU (custo vari\u00e1vel unit\u00e1rio), para consumo local ou exporta\u00e7\u00e3o para outros submercados.<\/p>\n\t<p>\n\t\t<a href=\"https:\/\/lp.suno.com.br\/ebook-como-analisar-uma-acao\/\" target=\"_blank\" data-element=\"shortcode-suno-banner\" title=\"Banner SUNO, clique e saiba mais\">\n\t\t\t<picture>\n\t\t\t\t<source media=\"(max-width: 500px)\" srcset=\"https:\/\/files.sunoresearch.com.br\/n\/uploads\/2023\/03\/Ebook-Acoes-Mobile-1.jpg\">\n\t\t\t\t<img class=\"newsContent__article__imgCapa newsContent__article__imgCapa--banner\"\n\t\t\t\t\tsrc=\"https:\/\/files.sunoresearch.com.br\/n\/uploads\/2023\/03\/Ebook-Acoes-Desktop-1.jpg\"\n\t\t\t\t\tdata-promo-id=\"171998\"\t\t\t\t\t\t\t\t\t\twidth='1420' height='286'\t\t\t\t\talt=\"https:\/\/files.sunoresearch.com.br\/n\/uploads\/2023\/03\/Ebook-Acoes-Desktop-1.jpg\"\n\t\t\t\t>\n\t\t\t<\/picture>\n\t\t<\/a>\n\t<\/p>\n\n\n<h2>Participa\u00e7\u00e3o da Eneva em pelo menos 4 leil\u00f5es de energia no ano<\/h2>\n<p>Outro ponto de impacto para a performance positiva dos <strong>pap\u00e9is da Eneva<\/strong> nesta ter\u00e7a foi a divulga\u00e7\u00e3o de que a empresa deve participar de ao menos quatro leil\u00f5es j\u00e1 agendados para o ano, na \u00e1rea de gera\u00e7\u00e3o pela <strong>Aneel (Ag\u00eancia Nacional de Energia El\u00e9trica)<\/strong>.<\/p>\n<p>At\u00e9 o momento, a previs\u00e3o \u00e9 de contrata\u00e7\u00e3o de energia termel\u00e9trica. Um de energia nova, dois de reserva de capacidade e um para suprimento de sistemas isolados. O calend\u00e1rio para a estimativa dos leil\u00f5es \u00e9 apenas no segundo semestre de 2022, no entanto, a <strong>Eneva<\/strong> afirmou que est\u00e1 aguardando as regras de participa\u00e7\u00e3o.<\/p>\n\t<p>\n\t\t<a href=\"https:\/\/lp.suno.com.br\/planilha-de-controle-de-investimentos\/\" target=\"_blank\" data-element=\"shortcode-suno-banner\" title=\"Banner SUNO, clique e saiba mais\">\n\t\t\t<picture>\n\t\t\t\t<source media=\"(max-width: 500px)\" srcset=\"https:\/\/files.sunoresearch.com.br\/n\/uploads\/2023\/03\/400x300-Controle-de-Investimentos.png\">\n\t\t\t\t<img class=\"newsContent__article__imgCapa newsContent__article__imgCapa--banner\"\n\t\t\t\t\tsrc=\"https:\/\/files.sunoresearch.com.br\/n\/uploads\/2023\/03\/1420x240-Controle-de-Investimentos.png\"\n\t\t\t\t\tdata-promo-id=\"75934\"\t\t\t\t\t\t\t\t\t\twidth='1420' height='240'\t\t\t\t\talt=\"https:\/\/files.sunoresearch.com.br\/n\/uploads\/2023\/03\/1420x240-Controle-de-Investimentos.png\"\n\t\t\t\t>\n\t\t\t<\/picture>\n\t\t<\/a>\n\t<\/p>\n\n\n","protected":false},"excerpt":{"rendered":"<p>Os investidores repercutiram positivamente os resultados do quarto trimestre de 2021 da Eneva (ENEV3) nesta ter\u00e7a-feira (22). As a\u00e7\u00f5es da companhia avan\u00e7aram 6,65%, a R$ 14,28, entrando no ranking das maiores do dia, em segundo lugar. Eneva. Foto: Divulga\u00e7\u00e3o Os resultados trimestrais da Eneva, em conjunto com a teleconfer\u00eancia realizada durante a manh\u00e3, animaram o [&hellip;]<\/p>\n","protected":false},"author":146,"featured_media":153980,"comment_status":"closed","ping_status":"closed","sticky":false,"template":"","format":"standard","meta":[],"categories":[64],"tags":[1518,464,105816],"suno_strategy":[],"class_list":["post-244105","post","type-post","status-publish","format-standard","has-post-thumbnail","hentry","category-negocios","tag-banco-safra","tag-eneva-enev3","tag-especialistas"],"yoast_head":"<!-- This site is optimized with the Yoast SEO plugin v24.4 - https:\/\/yoast.com\/wordpress\/plugins\/seo\/ -->\n<title>Eneva (ENEV3) dispara 6,65% e fica entre as mais altas do dia<\/title>\n<meta name=\"description\" content=\"A Eneva (ENEV3) foi a preferida na bolsa nesta ter\u00e7a (22), disparando 6,65%, com diversas not\u00edcias que agitaram o mercado. Veja mais\" \/>\n<meta name=\"robots\" content=\"index, follow, max-snippet:-1, max-image-preview:large, max-video-preview:-1\" \/>\n<link rel=\"canonical\" href=\"https:\/\/www.suno.com.br\/noticias\/eneva-enev3-dispara-maiores-altas\/\" \/>\n<meta property=\"og:locale\" content=\"pt_BR\" \/>\n<meta property=\"og:type\" content=\"article\" \/>\n<meta property=\"og:title\" content=\"Eneva (ENEV3) dispara 6,65% e fica entre as mais altas do dia\" \/>\n<meta property=\"og:description\" content=\"A Eneva (ENEV3) foi a preferida na bolsa nesta ter\u00e7a (22), disparando 6,65%, com diversas not\u00edcias que agitaram o mercado. Veja mais\" \/>\n<meta property=\"og:url\" content=\"https:\/\/www.suno.com.br\/noticias\/eneva-enev3-dispara-maiores-altas\/\" \/>\n<meta property=\"og:site_name\" content=\"Suno Not\u00edcias\" \/>\n<meta property=\"article:publisher\" content=\"https:\/\/facebook.com\/sunoresearch\" \/>\n<meta property=\"og:image\" content=\"https:\/\/files.sunoresearch.com.br\/n\/uploads\/2021\/06\/882cdfd9-eneva-institucional.jpg\" \/>\n\t<meta property=\"og:image:width\" content=\"1280\" \/>\n\t<meta property=\"og:image:height\" content=\"720\" \/>\n\t<meta property=\"og:image:type\" content=\"image\/jpeg\" \/>\n<meta name=\"author\" content=\"Vict\u00f3ria Anhesini\" \/>\n<meta name=\"twitter:card\" content=\"summary_large_image\" \/>\n<meta name=\"twitter:creator\" content=\"@sunoresearch\" \/>\n<meta name=\"twitter:site\" content=\"@sunoresearch\" \/>\n<meta name=\"twitter:label1\" content=\"Escrito por\" \/>\n\t<meta name=\"twitter:data1\" content=\"Vict\u00f3ria Anhesini\" \/>\n\t<meta name=\"twitter:label2\" content=\"Est. tempo de leitura\" \/>\n\t<meta name=\"twitter:data2\" content=\"2 minutos\" \/>\n<script type=\"application\/ld+json\" class=\"yoast-schema-graph\">{\"@context\":\"https:\/\/schema.org\",\"@graph\":[{\"@type\":\"NewsArticle\",\"@id\":\"https:\/\/www.suno.com.br\/noticias\/eneva-enev3-dispara-maiores-altas\/#article\",\"isPartOf\":{\"@id\":\"https:\/\/www.suno.com.br\/noticias\/eneva-enev3-dispara-maiores-altas\/\"},\"author\":{\"name\":\"Vict\u00f3ria Anhesini\",\"@id\":\"https:\/\/www.suno.com.br\/noticias\/#\/schema\/person\/46d847cb19ad53fde0857adca989c23f\"},\"headline\":\"Eneva (ENEV3) dispara 6,65% e fica entre as mais altas do dia; veja os motivos\",\"datePublished\":\"2022-03-23T00:14:51+00:00\",\"dateModified\":\"2022-03-23T00:28:08+00:00\",\"mainEntityOfPage\":{\"@id\":\"https:\/\/www.suno.com.br\/noticias\/eneva-enev3-dispara-maiores-altas\/\"},\"wordCount\":1157,\"publisher\":{\"@id\":\"https:\/\/www.suno.com.br\/noticias\/#organization\"},\"image\":{\"@id\":\"https:\/\/www.suno.com.br\/noticias\/eneva-enev3-dispara-maiores-altas\/#primaryimage\"},\"thumbnailUrl\":\"https:\/\/files.sunoresearch.com.br\/n\/uploads\/2021\/06\/882cdfd9-eneva-institucional-jpg.webp\",\"keywords\":[\"Banco Safra\",\"Eneva (ENEV3)\",\"Especialistas\"],\"articleSection\":[\"Neg\u00f3cios\"],\"inLanguage\":\"pt-BR\"},{\"@type\":\"WebPage\",\"@id\":\"https:\/\/www.suno.com.br\/noticias\/eneva-enev3-dispara-maiores-altas\/\",\"url\":\"https:\/\/www.suno.com.br\/noticias\/eneva-enev3-dispara-maiores-altas\/\",\"name\":\"Eneva (ENEV3) dispara 6,65% e fica entre as mais altas do dia\",\"isPartOf\":{\"@id\":\"https:\/\/www.suno.com.br\/noticias\/#website\"},\"primaryImageOfPage\":{\"@id\":\"https:\/\/www.suno.com.br\/noticias\/eneva-enev3-dispara-maiores-altas\/#primaryimage\"},\"image\":{\"@id\":\"https:\/\/www.suno.com.br\/noticias\/eneva-enev3-dispara-maiores-altas\/#primaryimage\"},\"thumbnailUrl\":\"https:\/\/files.sunoresearch.com.br\/n\/uploads\/2021\/06\/882cdfd9-eneva-institucional-jpg.webp\",\"datePublished\":\"2022-03-23T00:14:51+00:00\",\"dateModified\":\"2022-03-23T00:28:08+00:00\",\"description\":\"A Eneva (ENEV3) foi a preferida na bolsa nesta ter\u00e7a (22), disparando 6,65%, com diversas not\u00edcias que agitaram o mercado. Veja mais\",\"breadcrumb\":{\"@id\":\"https:\/\/www.suno.com.br\/noticias\/eneva-enev3-dispara-maiores-altas\/#breadcrumb\"},\"inLanguage\":\"pt-BR\",\"potentialAction\":[{\"@type\":\"ReadAction\",\"target\":[\"https:\/\/www.suno.com.br\/noticias\/eneva-enev3-dispara-maiores-altas\/\"]}]},{\"@type\":\"ImageObject\",\"inLanguage\":\"pt-BR\",\"@id\":\"https:\/\/www.suno.com.br\/noticias\/eneva-enev3-dispara-maiores-altas\/#primaryimage\",\"url\":\"https:\/\/files.sunoresearch.com.br\/n\/uploads\/2021\/06\/882cdfd9-eneva-institucional-jpg.webp\",\"contentUrl\":\"https:\/\/files.sunoresearch.com.br\/n\/uploads\/2021\/06\/882cdfd9-eneva-institucional-jpg.webp\",\"width\":1280,\"height\":720,\"caption\":\"Eneva. Foto: Divulga\u00e7\u00e3o\"},{\"@type\":\"BreadcrumbList\",\"@id\":\"https:\/\/www.suno.com.br\/noticias\/eneva-enev3-dispara-maiores-altas\/#breadcrumb\",\"itemListElement\":[{\"@type\":\"ListItem\",\"position\":1,\"name\":\"Not\u00edcias\",\"item\":\"https:\/\/www.suno.com.br\/noticias\/\"},{\"@type\":\"ListItem\",\"position\":2,\"name\":\"Neg\u00f3cios\",\"item\":\"https:\/\/www.suno.com.br\/noticias\/negocios\/\"},{\"@type\":\"ListItem\",\"position\":3,\"name\":\"Eneva (ENEV3) dispara 6,65% e fica entre as mais altas do dia; veja os motivos\"}]},{\"@type\":\"WebSite\",\"@id\":\"https:\/\/www.suno.com.br\/noticias\/#website\",\"url\":\"https:\/\/www.suno.com.br\/noticias\/\",\"name\":\"Suno Not\u00edcias\",\"description\":\"Seu portal de informa\u00e7\u00e3o sobre o mundo dos investimentos\",\"publisher\":{\"@id\":\"https:\/\/www.suno.com.br\/noticias\/#organization\"},\"potentialAction\":[{\"@type\":\"SearchAction\",\"target\":{\"@type\":\"EntryPoint\",\"urlTemplate\":\"https:\/\/www.suno.com.br\/noticias\/?s={search_term_string}\"},\"query-input\":{\"@type\":\"PropertyValueSpecification\",\"valueRequired\":true,\"valueName\":\"search_term_string\"}}],\"inLanguage\":\"pt-BR\"},{\"@type\":\"Organization\",\"@id\":\"https:\/\/www.suno.com.br\/noticias\/#organization\",\"name\":\"Suno Not\u00edcias\",\"url\":\"https:\/\/www.suno.com.br\/noticias\/\",\"logo\":{\"@type\":\"ImageObject\",\"inLanguage\":\"pt-BR\",\"@id\":\"https:\/\/www.suno.com.br\/noticias\/#\/schema\/logo\/image\/\",\"url\":\"https:\/\/files.sunoresearch.com.br\/n\/uploads\/2021\/09\/suno-logo.png\",\"contentUrl\":\"https:\/\/files.sunoresearch.com.br\/n\/uploads\/2021\/09\/suno-logo.png\",\"width\":180,\"height\":180,\"caption\":\"Suno Not\u00edcias\"},\"image\":{\"@id\":\"https:\/\/www.suno.com.br\/noticias\/#\/schema\/logo\/image\/\"},\"sameAs\":[\"https:\/\/facebook.com\/sunoresearch\",\"https:\/\/x.com\/sunoresearch\",\"https:\/\/www.instagram.com\/suno\",\"https:\/\/www.linkedin.com\/company\/suno-research\/\",\"https:\/\/www.youtube.com\/c\/sunoresearch\"]},{\"@type\":\"Person\",\"@id\":\"https:\/\/www.suno.com.br\/noticias\/#\/schema\/person\/46d847cb19ad53fde0857adca989c23f\",\"name\":\"Vict\u00f3ria Anhesini\",\"image\":{\"@type\":\"ImageObject\",\"inLanguage\":\"pt-BR\",\"@id\":\"https:\/\/www.suno.com.br\/noticias\/#\/schema\/person\/image\/\",\"url\":\"https:\/\/secure.gravatar.com\/avatar\/0172bdfcd9129dd9dd68794804304e6e?s=96&r=g\",\"contentUrl\":\"https:\/\/secure.gravatar.com\/avatar\/0172bdfcd9129dd9dd68794804304e6e?s=96&r=g\",\"caption\":\"Vict\u00f3ria Anhesini\"},\"description\":\"Rep\u00f3rter no Suno Not\u00edcias, cobre mercados, neg\u00f3cios e economia, escrevendo majoritariamente sobre movimentos das empresas, cobertura de balan\u00e7os trimestrais e Bolsa de Valores. Formada em jornalismo pela Universidade Presbiteriana Mackenzie em 2019, passou pelo portal de economia e finan\u00e7as EuQueroInvestir como rep\u00f3rter e anteriormente, trabalhou na assessoria de imprensa PinePR, onde liderou com startups de inova\u00e7\u00e3o, tecnologia e finan\u00e7as. Em seu tempo livre, fala sobre m\u00fasica para ambos os sites do selo ForMusic, Wikimetal e Mad Sound, e faz trabalho volunt\u00e1rio no programa Escreve Cartas do Poupatempo.\",\"sameAs\":[\"https:\/\/www.linkedin.com\/in\/victoria-anhesini\/\"],\"url\":\"https:\/\/www.suno.com.br\/noticias\/author\/victoria\/\"}]}<\/script>\n<!-- \/ Yoast SEO plugin. -->","yoast_head_json":{"title":"Eneva (ENEV3) dispara 6,65% e fica entre as mais altas do dia","description":"A Eneva (ENEV3) foi a preferida na bolsa nesta ter\u00e7a (22), disparando 6,65%, com diversas not\u00edcias que agitaram o mercado. Veja mais","robots":{"index":"index","follow":"follow","max-snippet":"max-snippet:-1","max-image-preview":"max-image-preview:large","max-video-preview":"max-video-preview:-1"},"canonical":"https:\/\/www.suno.com.br\/noticias\/eneva-enev3-dispara-maiores-altas\/","og_locale":"pt_BR","og_type":"article","og_title":"Eneva (ENEV3) dispara 6,65% e fica entre as mais altas do dia","og_description":"A Eneva (ENEV3) foi a preferida na bolsa nesta ter\u00e7a (22), disparando 6,65%, com diversas not\u00edcias que agitaram o mercado. Veja mais","og_url":"https:\/\/www.suno.com.br\/noticias\/eneva-enev3-dispara-maiores-altas\/","og_site_name":"Suno Not\u00edcias","article_publisher":"https:\/\/facebook.com\/sunoresearch","og_image":[{"width":1280,"height":720,"url":"https:\/\/files.sunoresearch.com.br\/n\/uploads\/2021\/06\/882cdfd9-eneva-institucional.jpg","type":"image\/jpeg"}],"author":"Vict\u00f3ria Anhesini","twitter_card":"summary_large_image","twitter_creator":"@sunoresearch","twitter_site":"@sunoresearch","twitter_misc":{"Escrito por":"Vict\u00f3ria Anhesini","Est. tempo de leitura":"2 minutos"},"schema":{"@context":"https:\/\/schema.org","@graph":[{"@type":"NewsArticle","@id":"https:\/\/www.suno.com.br\/noticias\/eneva-enev3-dispara-maiores-altas\/#article","isPartOf":{"@id":"https:\/\/www.suno.com.br\/noticias\/eneva-enev3-dispara-maiores-altas\/"},"author":{"name":"Vict\u00f3ria Anhesini","@id":"https:\/\/www.suno.com.br\/noticias\/#\/schema\/person\/46d847cb19ad53fde0857adca989c23f"},"headline":"Eneva (ENEV3) dispara 6,65% e fica entre as mais altas do dia; veja os motivos","datePublished":"2022-03-23T00:14:51+00:00","dateModified":"2022-03-23T00:28:08+00:00","mainEntityOfPage":{"@id":"https:\/\/www.suno.com.br\/noticias\/eneva-enev3-dispara-maiores-altas\/"},"wordCount":1157,"publisher":{"@id":"https:\/\/www.suno.com.br\/noticias\/#organization"},"image":{"@id":"https:\/\/www.suno.com.br\/noticias\/eneva-enev3-dispara-maiores-altas\/#primaryimage"},"thumbnailUrl":"https:\/\/files.sunoresearch.com.br\/n\/uploads\/2021\/06\/882cdfd9-eneva-institucional-jpg.webp","keywords":["Banco Safra","Eneva (ENEV3)","Especialistas"],"articleSection":["Neg\u00f3cios"],"inLanguage":"pt-BR"},{"@type":"WebPage","@id":"https:\/\/www.suno.com.br\/noticias\/eneva-enev3-dispara-maiores-altas\/","url":"https:\/\/www.suno.com.br\/noticias\/eneva-enev3-dispara-maiores-altas\/","name":"Eneva (ENEV3) dispara 6,65% e fica entre as mais altas do dia","isPartOf":{"@id":"https:\/\/www.suno.com.br\/noticias\/#website"},"primaryImageOfPage":{"@id":"https:\/\/www.suno.com.br\/noticias\/eneva-enev3-dispara-maiores-altas\/#primaryimage"},"image":{"@id":"https:\/\/www.suno.com.br\/noticias\/eneva-enev3-dispara-maiores-altas\/#primaryimage"},"thumbnailUrl":"https:\/\/files.sunoresearch.com.br\/n\/uploads\/2021\/06\/882cdfd9-eneva-institucional-jpg.webp","datePublished":"2022-03-23T00:14:51+00:00","dateModified":"2022-03-23T00:28:08+00:00","description":"A Eneva (ENEV3) foi a preferida na bolsa nesta ter\u00e7a (22), disparando 6,65%, com diversas not\u00edcias que agitaram o mercado. Veja mais","breadcrumb":{"@id":"https:\/\/www.suno.com.br\/noticias\/eneva-enev3-dispara-maiores-altas\/#breadcrumb"},"inLanguage":"pt-BR","potentialAction":[{"@type":"ReadAction","target":["https:\/\/www.suno.com.br\/noticias\/eneva-enev3-dispara-maiores-altas\/"]}]},{"@type":"ImageObject","inLanguage":"pt-BR","@id":"https:\/\/www.suno.com.br\/noticias\/eneva-enev3-dispara-maiores-altas\/#primaryimage","url":"https:\/\/files.sunoresearch.com.br\/n\/uploads\/2021\/06\/882cdfd9-eneva-institucional-jpg.webp","contentUrl":"https:\/\/files.sunoresearch.com.br\/n\/uploads\/2021\/06\/882cdfd9-eneva-institucional-jpg.webp","width":1280,"height":720,"caption":"Eneva. Foto: Divulga\u00e7\u00e3o"},{"@type":"BreadcrumbList","@id":"https:\/\/www.suno.com.br\/noticias\/eneva-enev3-dispara-maiores-altas\/#breadcrumb","itemListElement":[{"@type":"ListItem","position":1,"name":"Not\u00edcias","item":"https:\/\/www.suno.com.br\/noticias\/"},{"@type":"ListItem","position":2,"name":"Neg\u00f3cios","item":"https:\/\/www.suno.com.br\/noticias\/negocios\/"},{"@type":"ListItem","position":3,"name":"Eneva (ENEV3) dispara 6,65% e fica entre as mais altas do dia; veja os motivos"}]},{"@type":"WebSite","@id":"https:\/\/www.suno.com.br\/noticias\/#website","url":"https:\/\/www.suno.com.br\/noticias\/","name":"Suno Not\u00edcias","description":"Seu portal de informa\u00e7\u00e3o sobre o mundo dos investimentos","publisher":{"@id":"https:\/\/www.suno.com.br\/noticias\/#organization"},"potentialAction":[{"@type":"SearchAction","target":{"@type":"EntryPoint","urlTemplate":"https:\/\/www.suno.com.br\/noticias\/?s={search_term_string}"},"query-input":{"@type":"PropertyValueSpecification","valueRequired":true,"valueName":"search_term_string"}}],"inLanguage":"pt-BR"},{"@type":"Organization","@id":"https:\/\/www.suno.com.br\/noticias\/#organization","name":"Suno Not\u00edcias","url":"https:\/\/www.suno.com.br\/noticias\/","logo":{"@type":"ImageObject","inLanguage":"pt-BR","@id":"https:\/\/www.suno.com.br\/noticias\/#\/schema\/logo\/image\/","url":"https:\/\/files.sunoresearch.com.br\/n\/uploads\/2021\/09\/suno-logo.png","contentUrl":"https:\/\/files.sunoresearch.com.br\/n\/uploads\/2021\/09\/suno-logo.png","width":180,"height":180,"caption":"Suno Not\u00edcias"},"image":{"@id":"https:\/\/www.suno.com.br\/noticias\/#\/schema\/logo\/image\/"},"sameAs":["https:\/\/facebook.com\/sunoresearch","https:\/\/x.com\/sunoresearch","https:\/\/www.instagram.com\/suno","https:\/\/www.linkedin.com\/company\/suno-research\/","https:\/\/www.youtube.com\/c\/sunoresearch"]},{"@type":"Person","@id":"https:\/\/www.suno.com.br\/noticias\/#\/schema\/person\/46d847cb19ad53fde0857adca989c23f","name":"Vict\u00f3ria Anhesini","image":{"@type":"ImageObject","inLanguage":"pt-BR","@id":"https:\/\/www.suno.com.br\/noticias\/#\/schema\/person\/image\/","url":"https:\/\/secure.gravatar.com\/avatar\/0172bdfcd9129dd9dd68794804304e6e?s=96&r=g","contentUrl":"https:\/\/secure.gravatar.com\/avatar\/0172bdfcd9129dd9dd68794804304e6e?s=96&r=g","caption":"Vict\u00f3ria Anhesini"},"description":"Rep\u00f3rter no Suno Not\u00edcias, cobre mercados, neg\u00f3cios e economia, escrevendo majoritariamente sobre movimentos das empresas, cobertura de balan\u00e7os trimestrais e Bolsa de Valores. Formada em jornalismo pela Universidade Presbiteriana Mackenzie em 2019, passou pelo portal de economia e finan\u00e7as EuQueroInvestir como rep\u00f3rter e anteriormente, trabalhou na assessoria de imprensa PinePR, onde liderou com startups de inova\u00e7\u00e3o, tecnologia e finan\u00e7as. Em seu tempo livre, fala sobre m\u00fasica para ambos os sites do selo ForMusic, Wikimetal e Mad Sound, e faz trabalho volunt\u00e1rio no programa Escreve Cartas do Poupatempo.","sameAs":["https:\/\/www.linkedin.com\/in\/victoria-anhesini\/"],"url":"https:\/\/www.suno.com.br\/noticias\/author\/victoria\/"}]}},"default_loop_html":"<div class=\"cardsPage__listCard__boxs\"><div class=\"cardsPage__listCard__boxs__img\"><a href=\"https:\/\/www.suno.com.br\/noticias\/eneva-enev3-dispara-maiores-altas\/\"><img class=\"mask\" src=\"https:\/\/www.suno.com.br\/noticias\/wp-content\/themes\/suno\/resources\/images\/spotlight\/spotlight1img\/bg-mask.png\" alt=\"Image Mask\"\/><img src=\"https:\/\/files.sunoresearch.com.br\/n\/uploads\/2021\/06\/882cdfd9-eneva-institucional-400x200.webp\" alt=\"Eneva (ENEV3) dispara 6,65% e fica entre as mais altas do dia; veja os motivos\"\/><\/a><span class=\"spotlightCategory\"><a href=\"https:\/\/www.suno.com.br\/noticias\/negocios\/\">Neg\u00f3cios<\/a><\/span><\/div><div class=\"cardsPage__listCard__boxs__content\"><a href=\"https:\/\/www.suno.com.br\/noticias\/eneva-enev3-dispara-maiores-altas\/\"><h2 class=\"content__title\">Eneva (ENEV3) dispara 6,65% e fica entre as mais altas do dia; veja os motivos<\/h2><\/a><div class=\"newsContent__article__meta\"><div class=\"newsContent__article__meta__authorBox\"><a href=\"https:\/\/www.suno.com.br\/noticias\/author\/victoria\/\" class=\"authorBox__avatar noMobi\"><img src=\"https:\/\/files.sunoresearch.com.br\/n\/uploads\/2021\/12\/20190129VickyPINEAPPLE01-1-150x150.jpg\" alt=\"Vict\u00f3ria Anhesini\"><\/a><div class=\"authorBox__name\"><span>por\n\t\t\t<a href=\"https:\/\/www.suno.com.br\/noticias\/author\/victoria\/\"><span itemprop=\"author\">Vict\u00f3ria Anhesini<\/span><\/a><\/span><time datetime=\"2022-03-22T21:14:51-03:00\" itemprop=\"datePublished\">22\/03\/2022 21:14<\/time><\/div><\/div><\/div><\/div><\/div>","single_layout":"posts","amp_enabled":true,"_links":{"self":[{"href":"https:\/\/www.suno.com.br\/noticias\/wp-json\/wp\/v2\/posts\/244105"}],"collection":[{"href":"https:\/\/www.suno.com.br\/noticias\/wp-json\/wp\/v2\/posts"}],"about":[{"href":"https:\/\/www.suno.com.br\/noticias\/wp-json\/wp\/v2\/types\/post"}],"author":[{"embeddable":true,"href":"https:\/\/www.suno.com.br\/noticias\/wp-json\/wp\/v2\/users\/146"}],"replies":[{"embeddable":true,"href":"https:\/\/www.suno.com.br\/noticias\/wp-json\/wp\/v2\/comments?post=244105"}],"version-history":[{"count":3,"href":"https:\/\/www.suno.com.br\/noticias\/wp-json\/wp\/v2\/posts\/244105\/revisions"}],"predecessor-version":[{"id":244247,"href":"https:\/\/www.suno.com.br\/noticias\/wp-json\/wp\/v2\/posts\/244105\/revisions\/244247"}],"wp:featuredmedia":[{"embeddable":true,"href":"https:\/\/www.suno.com.br\/noticias\/wp-json\/wp\/v2\/media\/153980"}],"wp:attachment":[{"href":"https:\/\/www.suno.com.br\/noticias\/wp-json\/wp\/v2\/media?parent=244105"}],"wp:term":[{"taxonomy":"category","embeddable":true,"href":"https:\/\/www.suno.com.br\/noticias\/wp-json\/wp\/v2\/categories?post=244105"},{"taxonomy":"post_tag","embeddable":true,"href":"https:\/\/www.suno.com.br\/noticias\/wp-json\/wp\/v2\/tags?post=244105"},{"taxonomy":"suno_strategy","embeddable":true,"href":"https:\/\/www.suno.com.br\/noticias\/wp-json\/wp\/v2\/suno_strategy?post=244105"}],"curies":[{"name":"wp","href":"https:\/\/api.w.org\/{rel}","templated":true}]}}