{"id":243973,"date":"2022-03-22T15:44:31","date_gmt":"2022-03-22T18:44:31","guid":{"rendered":"https:\/\/www.suno.com.br\/noticias\/?p=243973"},"modified":"2022-03-28T10:52:39","modified_gmt":"2022-03-28T13:52:39","slug":"petrobras-petr4-5-respostas-briga-comando-estatal","status":"publish","type":"post","link":"https:\/\/www.suno.com.br\/noticias\/petrobras-petr4-5-respostas-briga-comando-estatal\/","title":{"rendered":"Petrobras (PETR4): o que esperar da briga pelo comando da estatal e a pol\u00edtica de pre\u00e7os? Veja cinco respostas"},"content":{"rendered":"<p>Desde que a <a class=\"suno-keyword\" href=\"https:\/\/www.suno.com.br\/artigos\/cotacao-do-petroleo\/\" target=\"_blank\" rel=\"noopener\" data-force=\"no\" data-priority=\"1\">cota\u00e7\u00e3o do petr\u00f3leo<\/a> embarcou nesta disparada recente, a <a class=\"suno-keyword\" href=\"https:\/\/www.suno.com.br\/acoes\/PETR4\/\" target=\"_blank\" rel=\"noopener\" data-force=\"yes\" data-priority=\"2\"><strong>Petrobras<\/strong> (PETR4)<\/a>, segunda maior empresa aberta brasileira e l\u00edder nacional do setor de \u00f3leo e g\u00e1s, vive sob press\u00e3o para segurar o repasse de pre\u00e7os.<\/p>\t<div class=\"wrapper-featured-image\">\n\t\t<figure class=\"spotlightImg\">\n\n\t\t\t<picture>\n\t\t\t\t<source media=\"(max-width: 768px)\" srcset=\"https:\/\/files.sunoresearch.com.br\/n\/uploads\/2022\/03\/Conteudo25449-400x200.jpg\">\n\t\t\t\t<img loading=\"lazy\" decoding=\"async\" class=\"newsContent__article__imgCapa lazyloadDisabled \" src=\"https:\/\/files.sunoresearch.com.br\/n\/uploads\/2022\/03\/Conteudo25449-800x450.jpg\" width=\"800\" height=\"450\" alt=\"Petrobras (PETR4): o que esperar da briga pelo comando da estatal e a pol\u00edtica de pre\u00e7os? Veja cinco respostas\" fetchpriority=high \/>\n\t\t\t<\/picture>\n\n\t\t\t<figcaption class=\"wp-caption-text wp-caption-text--show\"> Petrobras (PETR4) no Rio de Janeiro (RJ). Foto: Geraldo Falc\u00e3o\/Ag\u00eancia Petrobras.<\/figcaption>\n\t\t<\/figure>\n\t<\/div>\n\n\n\t<p>\n\t\t<a href=\"\" target=\"_blank\" data-element=\"shortcode-suno-banner\" title=\"Banner SUNO, clique e saiba mais\">\n\t\t\t<picture>\n\t\t\t\t<source media=\"(max-width: 500px)\" srcset=\"\">\n\t\t\t\t<img class=\"newsContent__article__imgCapa newsContent__article__imgCapa--banner\"\n\t\t\t\t\tsrc=\"\"\n\t\t\t\t\tdata-promo-id=\"138420\"\t\t\t\t\t\t\t\t\t\t\t\t\t\t\talt=\"\"\n\t\t\t\t>\n\t\t\t<\/picture>\n\t\t<\/a>\n\t<\/p>\n\n\n<p>Antes mesmo da <strong>guerra na Ucr\u00e2nia<\/strong>, que fez o pre\u00e7o do barril de <strong>petr\u00f3leo<\/strong> subir \u00e0 maior cota\u00e7\u00e3o em mais de dez anos, analistas apontavam que as perspectivas eram para um cen\u00e1rio de alta.<\/p>\n<p>Entre os fatores que refor\u00e7avam esta leitura, tinham destaque, principalmente, n\u00e3o s\u00f3 a frustra\u00e7\u00e3o com as promessas n\u00e3o cumpridas da Opep em elevar a produ\u00e7\u00e3o, mas tamb\u00e9m a retomada do consumo, ap\u00f3s as restri\u00e7\u00f5es impostas para conter a dissemina\u00e7\u00e3o da covid-19.<\/p>\n<p><span style=\"font-weight: 400;\">Com isso, a Petrobras passou a ocupar o centro das aten\u00e7\u00f5es do <strong>governo federal<\/strong>, que, por um lado \u00e9 o maior acionista da empresa e usufrui da maior parte dos dividendos pagos a partir do lucro com a pol\u00edtica de parear os pre\u00e7os \u00e0 cota\u00e7\u00e3o internacional, mas por outro, v\u00ea o impacto da alta dos combust\u00edveis na <strong>infla\u00e7\u00e3o<\/strong> e no poder de compra dos eleitores.<\/span><\/p>\n<p>Segundo levantamento elaborado com a plataforma da Economatica por Einar Rivero a pedido do <strong>Suno Not\u00edcias<\/strong>, o governo federal recebeu em 2021 R$ 20,87 bilh\u00f5es em dividendos da Petrobras referentes \u00e0 participa\u00e7\u00e3o acion\u00e1ria de 28,7% no capital da empresa que distribuiu R$ 72,72 bilh\u00f5es no ano.<\/p>\n<p>A t\u00edtulo de compara\u00e7\u00e3o, a cifra arrecadada pela Uni\u00e3o poderia custear o programa Aux\u00edlio Brasil &#8211; avaliado em R$ 7,2 bilh\u00f5es cada parcela &#8211; por quase tr\u00eas meses e \u00e9 4,25 vezes maior que os recursos reservados para os partidos durante o processo eleitoral este ano, avaliado em R$ 4,9 bilh\u00f5es segundo o Fundo Eleitoral.<\/p>\n<figure id=\"attachment_244079\" aria-describedby=\"caption-attachment-244079\" style=\"width: 2560px\" class=\"wp-caption aligncenter\"><img loading=\"lazy\" decoding=\"async\" class=\"wp-image-244079 size-full\" src=\"https:\/\/files.sunoresearch.com.br\/n\/uploads\/2022\/03\/Conteudo23359-scaled.jpg\" alt=\"Presidente da Petrobras est\u00e1 na mira do governo federal ap\u00f3s o reajuste recente de quase 20% nos pre\u00e7os da gasolina e diesel. Confira.\" width=\"2560\" height=\"1420\" srcset=\"https:\/\/files.sunoresearch.com.br\/n\/uploads\/2022\/03\/Conteudo23359-scaled.jpg 2560w, https:\/\/files.sunoresearch.com.br\/n\/uploads\/2022\/03\/Conteudo23359-300x166.jpg 300w, https:\/\/files.sunoresearch.com.br\/n\/uploads\/2022\/03\/Conteudo23359-1024x568.jpg 1024w, https:\/\/files.sunoresearch.com.br\/n\/uploads\/2022\/03\/Conteudo23359-768x426.jpg 768w, https:\/\/files.sunoresearch.com.br\/n\/uploads\/2022\/03\/Conteudo23359-1536x852.jpg 1536w, https:\/\/files.sunoresearch.com.br\/n\/uploads\/2022\/03\/Conteudo23359-2048x1136.jpg 2048w, https:\/\/files.sunoresearch.com.br\/n\/uploads\/2022\/03\/Conteudo23359-150x83.jpg 150w\" sizes=\"(max-width: 2560px) 100vw, 2560px\" \/><figcaption id=\"caption-attachment-244079\" class=\"wp-caption-text\">Navio de produ\u00e7\u00e3o da Petrobras (PETR4) FPSO P-66. Foto: Ag\u00eancia Petrobras \/ Andr\u00e9 Motta de Souza<\/figcaption><\/figure>\n<p>O poder p\u00fablico tamb\u00e9m det\u00e9m participa\u00e7\u00f5es na Petrobras por meio do banco de desenvolvimento BNDES e BNDES Participa\u00e7\u00f5es, que juntos somam 8,0% das a\u00e7\u00f5es da Petrobras e receberam em 2021 R$ 5,81 bilh\u00f5es da estatal petroleira.<\/p>\n<p>Ainda assim, o aumento de pre\u00e7os preocupa autoridades por conta do impacto que os combust\u00edveis t\u00eam para os \u00edndices inflacion\u00e1rios e a popularidade.<\/p>\n\t<p>\n\t\t<a href=\"https:\/\/lp.suno.com.br\/planilha-controle-gastos\/\" target=\"_blank\" data-element=\"shortcode-suno-banner\" title=\"Banner SUNO, clique e saiba mais\">\n\t\t\t<picture>\n\t\t\t\t<source media=\"(max-width: 500px)\" srcset=\"https:\/\/files.sunoresearch.com.br\/n\/uploads\/2023\/03\/400x300-Planilha-controle-de-gastos.png\">\n\t\t\t\t<img class=\"newsContent__article__imgCapa newsContent__article__imgCapa--banner\"\n\t\t\t\t\tsrc=\"https:\/\/files.sunoresearch.com.br\/n\/uploads\/2023\/03\/1420x240-Planilha-controle-de-gastos.png\"\n\t\t\t\t\tdata-promo-id=\"101751\"\t\t\t\t\t\t\t\t\t\twidth='1420' height='240'\t\t\t\t\talt=\"https:\/\/files.sunoresearch.com.br\/n\/uploads\/2023\/03\/1420x240-Planilha-controle-de-gastos.png\"\n\t\t\t\t>\n\t\t\t<\/picture>\n\t\t<\/a>\n\t<\/p>\n\n\n<h2>Hist\u00f3rico de atritos com a Petrobras<\/h2>\n<p>Mais recentemente, o presidente <strong>Jair Bolsonaro<\/strong> sugeriu que o atual presidente da Petrobras, <strong>Joaquim Silva e Luna<\/strong>, poderia deixar o cargo por vontade do Executivo. Segundo Bolsonaro, &#8220;todo mundo pode ser trocado&#8221;.<\/p>\n<p>Curiosamente, este foi o mesmo discurso que levou Silva e Luna \u00e0 presid\u00eancia da estatal. Em fevereiro de 2021, Bolsonaro, insatisfeito com a alta de pre\u00e7os que acompanhavam a paridade internacional, estava decidido a demitir o ent\u00e3o chefe da estatal <strong><a class=\"suno-keyword\" href=\"https:\/\/www.suno.com.br\/tudo-sobre\/roberto-castello-branco\/\" target=\"_blank\" rel=\"noopener\" data-force=\"no\" data-priority=\"2\">Roberto Castello Branco<\/a><\/strong>.<\/p>\n<p>Na ocasi\u00e3o, a gota d&#8217;\u00e1gua havia sido o reajuste que a petroleira havia realizado dias antes no pre\u00e7o de venda dos combust\u00edveis \u00e0s distribuidoras e a irrita\u00e7\u00e3o de movimentos de <strong>caminhoneiros<\/strong> que cogitavam paralisa\u00e7\u00f5es nas estradas.<\/p>\n<figure id=\"attachment_220070\" aria-describedby=\"caption-attachment-220070\" style=\"width: 2560px\" class=\"wp-caption aligncenter\"><img loading=\"lazy\" decoding=\"async\" class=\"wp-image-220070 size-full\" src=\"https:\/\/files.sunoresearch.com.br\/n\/uploads\/2022\/01\/petrobras-silva-e-luna-scaled.jpg\" alt=\"Presidente da Petrobras est\u00e1 na mira do governo federal ap\u00f3s o reajuste recente de quase 20% nos pre\u00e7os da gasolina e diesel. Confira.\" width=\"2560\" height=\"1704\" srcset=\"https:\/\/files.sunoresearch.com.br\/n\/uploads\/2022\/01\/petrobras-silva-e-luna-scaled.jpg 2560w, https:\/\/files.sunoresearch.com.br\/n\/uploads\/2022\/01\/petrobras-silva-e-luna-300x200.jpg 300w, https:\/\/files.sunoresearch.com.br\/n\/uploads\/2022\/01\/petrobras-silva-e-luna-1024x681.jpg 1024w, https:\/\/files.sunoresearch.com.br\/n\/uploads\/2022\/01\/petrobras-silva-e-luna-768x511.jpg 768w, https:\/\/files.sunoresearch.com.br\/n\/uploads\/2022\/01\/petrobras-silva-e-luna-1536x1022.jpg 1536w, https:\/\/files.sunoresearch.com.br\/n\/uploads\/2022\/01\/petrobras-silva-e-luna-2048x1363.jpg 2048w, https:\/\/files.sunoresearch.com.br\/n\/uploads\/2022\/01\/petrobras-silva-e-luna-150x100.jpg 150w\" sizes=\"(max-width: 2560px) 100vw, 2560px\" \/><figcaption id=\"caption-attachment-220070\" class=\"wp-caption-text\">Atual presidente da Petrobras, Joaquim Silva e Luna. Foto: Marcelo Camargo\/Ag\u00eancia Brasil<\/figcaption><\/figure>\n<p>No dia 18 de fevereiro de 2021, a estatal havia anunciado o reajuste de 10,2% no pre\u00e7o da <strong>gasolina<\/strong>, a R$ 2,48, e de 15,2% no pre\u00e7o do <strong>diesel<\/strong>, a R$ 2,58 &#8211; n\u00edveis bem abaixo do aumento mais recente, de 18,8% na gasolina, a R$ 3,86, e de 24,9% no diesel, a R$ 4,51. No ano passado, Bolsonaro havia classificado o aumento como &#8220;fora da curva&#8221; e &#8220;excessivo&#8221;.<\/p>\n<p>Diante deste cen\u00e1rio, o executivo se movimenta para trocar o comando da empresa. Entre os primeiros nomes que surgiram para substituir Silva e Luna esteve o do atual presidente do Flamengo e ex-presidente da antiga BR Distribuidora, <strong>Rodolfo Landim<\/strong>.<\/p>\n<p>Mais recentemente, o nome do secret\u00e1rio de Desburocratiza\u00e7\u00e3o, Gest\u00e3o e Governo Digital do <a class=\"suno-keyword\" href=\"https:\/\/www.suno.com.br\/artigos\/ministerio-da-economia\/\" target=\"_blank\" rel=\"noopener\" data-force=\"no\" data-priority=\"3\">Minist\u00e9rio da Economia<\/a>, Caio Mario Paes de Andrade, tem ganhado tra\u00e7\u00e3o entre autoridades pr\u00f3ximas do assunto, segundo mostrou o jornal <em>Valor Econ\u00f4mico<\/em>.<\/p>\n<p>Andrade, entretanto, n\u00e3o tem experi\u00eancia na \u00e1rea de petr\u00f3leo e g\u00e1s e sua ida para a Petrobras \u00e9 vista como um movimento de facilita\u00e7\u00e3o da atua\u00e7\u00e3o de Landim, indicado para a presid\u00eancia do Conselho.<\/p>\n<p>Por causa deste imbr\u00f3glio, o <strong>BTG Pactual<\/strong> separou algumas perguntas e respostas sobre os entraves que a estatal de petr\u00f3leo e segunda maior empresa brasileira atravessa.<\/p>\n<p><em>Confira a seguir:<\/em><\/p>\n\t<p>\n\t\t<a href=\"https:\/\/lp.suno.com.br\/planilha-da-vida-financeira\/\" target=\"_blank\" data-element=\"shortcode-suno-banner\" title=\"Banner SUNO, clique e saiba mais\">\n\t\t\t<picture>\n\t\t\t\t<source media=\"(max-width: 500px)\" srcset=\"https:\/\/files.sunoresearch.com.br\/n\/uploads\/2023\/04\/400x300-Planilha-vida-financeira-true.png\">\n\t\t\t\t<img class=\"newsContent__article__imgCapa newsContent__article__imgCapa--banner\"\n\t\t\t\t\tsrc=\"https:\/\/files.sunoresearch.com.br\/n\/uploads\/2023\/04\/1420x240-Planilha-vida-financeira-true.png\"\n\t\t\t\t\tdata-promo-id=\"106682\"\t\t\t\t\t\t\t\t\t\twidth='1420' height='240'\t\t\t\t\talt=\"https:\/\/files.sunoresearch.com.br\/n\/uploads\/2023\/04\/1420x240-Planilha-vida-financeira-true.png\"\n\t\t\t\t>\n\t\t\t<\/picture>\n\t\t<\/a>\n\t<\/p>\n\n\n<h2>Simples discuss\u00e3o de interfer\u00eancia prejudica Petrobras em rela\u00e7\u00e3o aos pares<\/h2>\n<p>Para o BTG Pactual, o ru\u00eddo pol\u00edtico sobre as movimenta\u00e7\u00f5es de bastidores para trocar o presidente da Petrobras foi amplificado pelas altas recentes na cota\u00e7\u00e3o do petr\u00f3leo &#8211; e repassadas ao pre\u00e7o praticado pela Petrobras, ainda que com defasagem de quase dois meses.<\/p>\n<p>Segundo o banco, &#8220;o cen\u00e1rio de uma <strong>interfer\u00eancia direta<\/strong> segue improv\u00e1vel, mas o simples fato de o assunto estar sendo (re)discutido explica o porqu\u00ea de os pap\u00e9is da Petrobras estarem sendo negociados abaixo do consenso dos pares e alheios aos fundamentos da empresa&#8221;.<\/p>\n<h3>1. O que se sabe at\u00e9 agora?<\/h3>\n<p>At\u00e9 o momento, a \u00fanica mudan\u00e7a importante na Petrobras envolve a indica\u00e7\u00e3o do novo conselheiro. O incumbente <strong>Eduardo Bacellar<\/strong> confirmou a inten\u00e7\u00e3o de deixar o cargo e o governo j\u00e1 indicou Rodolfo Landim ao cargo, destaca o BTG. A expectativa \u00e9 de que a vota\u00e7\u00e3o aconte\u00e7a na pr\u00f3xima reuni\u00e3o de acionistas em abril.<\/p>\n<p>Enquanto h\u00e1 relatos de que parlamentares e autoridades do Executivo querem Silva e Luna demitido, existem tamb\u00e9m rumores de que o capit\u00e3o da Petrobras n\u00e3o planeja abandonar o barco em meio a \u00e1guas turbulentas.<\/p>\n<p>Atualmente, o mandato de Silva e Luna tem previs\u00e3o de durar at\u00e9 mar\u00e7o de 2023 e &#8220;qualquer mudan\u00e7a antes disso levaria a s\u00e9rias contesta\u00e7\u00f5es sobre o modelo de <strong>governan\u00e7a da Petrobras<\/strong>&#8220;, destaca o BTG.<\/p>\n<h3>2. \u00c9 f\u00e1cil nomear um novo presidente?<\/h3>\n<p>Segundo o banco, tecnicamente, sim. O conselho diretor precisa aprovar mudan\u00e7as na presid\u00eancia e como controlador, o governo federal tem este poder. Ainda que existam mecanismos corporativos para garantir o m\u00ednimo de pr\u00e9-requisitos, \u00e9 dif\u00edcil imaginar que uma <strong>indica\u00e7\u00e3o do governo<\/strong> n\u00e3o passe.<\/p>\n<p>Entre as op\u00e7\u00f5es, remover Silva e Luna do conselho diretor seria a forma mais simples de substitu\u00ed-lo, uma vez que a sua sa\u00edda acionaria automaticamente a sua demiss\u00e3o.<\/p>\n<h3>3. O que mudaria na Petrobras com um novo presidente?<\/h3>\n<p>Para a avalia\u00e7\u00e3o do BTG, n\u00e3o muito. Considerando a pol\u00edtica de pre\u00e7os da Petrobras, e a decis\u00e3o de n\u00e3o repassar imediatamente a volatilidade do mercado de petr\u00f3leo aos consumidores, o banco avalia que a condu\u00e7\u00e3o da empresa deve continuar a mesma.<\/p>\n<p>Entretanto, a institui\u00e7\u00e3o avalia que, \u00e0 medida que investidores continuem prevendo que a Petrobras ir\u00e1 &#8220;deixar dinheiro na mesa&#8221; a fim de oferecer produtos descontados &#8211; em m\u00e9dia de 6% desde a sa\u00edda de <a class=\"suno-keyword\" href=\"https:\/\/www.suno.com.br\/tudo-sobre\/pedro-parente\/\" target=\"_blank\" rel=\"noopener\" data-force=\"no\" data-priority=\"2\">Pedro Parente<\/a> em 2018 durante greve de caminhoneiros -, os pap\u00e9is da empresa podem desempenhar abaixo do adequado.<\/p>\n\t<p>\n\t\t<a href=\"https:\/\/lp.suno.com.br\/ebook-como-analisar-uma-acao\/\" target=\"_blank\" data-element=\"shortcode-suno-banner\" title=\"Banner SUNO, clique e saiba mais\">\n\t\t\t<picture>\n\t\t\t\t<source media=\"(max-width: 500px)\" srcset=\"https:\/\/files.sunoresearch.com.br\/n\/uploads\/2023\/03\/Ebook-Acoes-Mobile-1.jpg\">\n\t\t\t\t<img class=\"newsContent__article__imgCapa newsContent__article__imgCapa--banner\"\n\t\t\t\t\tsrc=\"https:\/\/files.sunoresearch.com.br\/n\/uploads\/2023\/03\/Ebook-Acoes-Desktop-1.jpg\"\n\t\t\t\t\tdata-promo-id=\"171998\"\t\t\t\t\t\t\t\t\t\twidth='1420' height='286'\t\t\t\t\talt=\"https:\/\/files.sunoresearch.com.br\/n\/uploads\/2023\/03\/Ebook-Acoes-Desktop-1.jpg\"\n\t\t\t\t>\n\t\t\t<\/picture>\n\t\t<\/a>\n\t<\/p>\n\n\n<h3>4. \u00c9 f\u00e1cil interferir diretamente na pol\u00edtica de pre\u00e7os da Petrobras?<\/h3>\n<p>N\u00e3o, mas n\u00e3o \u00e9 imposs\u00edvel, avalia o BTG. Segundo o estatuto da empresa, membros do conselho diretor e do conselho executivo podem ser perseguidos criminalmente por a\u00e7\u00f5es que resultem em preju\u00edzo \u00e0 Petrobras.<\/p>\n<p>&#8220;Isto deve reduzir qualquer disposi\u00e7\u00e3o da ger\u00eancia ou da mesa de diretores em tentar alterar os resultados da Petrobras&#8221;, destaca o BTG. Outro ponto destacado pelo banco \u00e9 a <strong>Lei das SAs<\/strong>, que previne a implementa\u00e7\u00e3o de subs\u00eddio aos pre\u00e7os sem devida compensa\u00e7\u00e3o.<\/p>\n<h3>5. Isso significa que a hist\u00f3ria \u00e9 boa?<\/h3>\n<p>&#8220;Este exerc\u00edcio pode trazer algum al\u00edvio aos investidores e minimizar os riscos de uma mudan\u00e7a abrupta na pol\u00edtica de pre\u00e7os. Entretanto, as discuss\u00f5es e preocupa\u00e7\u00f5es acerca dos investimentos depositados na Petrobras v\u00e3o muito al\u00e9m do pre\u00e7o de combust\u00edveis&#8221;, afirma o BTG.<\/p>\n<p>&#8220;Ainda que a Petrobras esteja protegida\u00a0<em>[de interfer\u00eancia]<\/em> pela sua estrutura de governan\u00e7a, a Petrobras continua com alta exposi\u00e7\u00e3o ao sentimento pol\u00edtico, e a incerteza sobre a aloca\u00e7\u00e3o de capital no m\u00e9dio prazo ir\u00e1 continuar a afetar o desempenho das a\u00e7\u00f5es&#8221;, completou.<\/p>\n<p>A recomenda\u00e7\u00e3o do BTG Pactual para as a\u00e7\u00f5es da <strong>Petrobras<\/strong> \u00e9 neutra, e est\u00e1 no fim da lista da escolha do setor de explora\u00e7\u00e3o e produ\u00e7\u00e3o de petr\u00f3leo e g\u00e1s natural. Nesta ter\u00e7a-feira (22), os pap\u00e9is da empresa est\u00e3o entre as 10 maiores perdas do Ibovespa, com recuo de 1,02% no caso das <a class=\"suno-keyword\" href=\"https:\/\/www.suno.com.br\/artigos\/o-que-sao-acoes-ordinarias-preferenciais-e-units\/\" target=\"_blank\" rel=\"noopener\" data-force=\"no\" data-priority=\"1\">a\u00e7\u00f5es ordin\u00e1rias<\/a> (PETR3) com direito a voto, e 0,57% no caso das preferenciais.<\/p>\n\t<p>\n\t\t<a href=\"https:\/\/lp.suno.com.br\/planilha-de-controle-de-investimentos\/\" target=\"_blank\" data-element=\"shortcode-suno-banner\" title=\"Banner SUNO, clique e saiba mais\">\n\t\t\t<picture>\n\t\t\t\t<source media=\"(max-width: 500px)\" srcset=\"https:\/\/files.sunoresearch.com.br\/n\/uploads\/2023\/03\/400x300-Controle-de-Investimentos.png\">\n\t\t\t\t<img class=\"newsContent__article__imgCapa newsContent__article__imgCapa--banner\"\n\t\t\t\t\tsrc=\"https:\/\/files.sunoresearch.com.br\/n\/uploads\/2023\/03\/1420x240-Controle-de-Investimentos.png\"\n\t\t\t\t\tdata-promo-id=\"75934\"\t\t\t\t\t\t\t\t\t\twidth='1420' height='240'\t\t\t\t\talt=\"https:\/\/files.sunoresearch.com.br\/n\/uploads\/2023\/03\/1420x240-Controle-de-Investimentos.png\"\n\t\t\t\t>\n\t\t\t<\/picture>\n\t\t<\/a>\n\t<\/p>\n\n\n","protected":false},"excerpt":{"rendered":"<p>Desde que a cota\u00e7\u00e3o do petr\u00f3leo embarcou nesta disparada recente, a Petrobras (PETR4), segunda maior empresa aberta brasileira e l\u00edder nacional do setor de \u00f3leo e g\u00e1s, vive sob press\u00e3o para segurar o repasse de pre\u00e7os. Petrobras (PETR4) no Rio de Janeiro (RJ). Foto: Geraldo Falc\u00e3o\/Ag\u00eancia Petrobras. Antes mesmo da guerra na Ucr\u00e2nia, que fez [&hellip;]<\/p>\n","protected":false},"author":145,"featured_media":244077,"comment_status":"closed","ping_status":"closed","sticky":false,"template":"","format":"standard","meta":[],"categories":[64],"tags":[],"suno_strategy":[],"class_list":["post-243973","post","type-post","status-publish","format-standard","has-post-thumbnail","hentry","category-negocios"],"yoast_head":"<!-- This site is optimized with the Yoast SEO plugin v24.4 - https:\/\/yoast.com\/wordpress\/plugins\/seo\/ -->\n<title>Petrobras (PETR4): 5 respostas sobre a briga pelo comando da estatal<\/title>\n<meta name=\"description\" content=\"Presidente da Petrobras est\u00e1 na mira do governo federal ap\u00f3s o reajuste recente de quase 20% nos pre\u00e7os da gasolina e diesel. Confira.\" \/>\n<meta name=\"robots\" content=\"index, follow, max-snippet:-1, max-image-preview:large, max-video-preview:-1\" \/>\n<link rel=\"canonical\" href=\"https:\/\/www.suno.com.br\/noticias\/petrobras-petr4-5-respostas-briga-comando-estatal\/\" \/>\n<meta property=\"og:locale\" content=\"pt_BR\" \/>\n<meta property=\"og:type\" content=\"article\" \/>\n<meta property=\"og:title\" content=\"Petrobras (PETR4): 5 respostas sobre a briga pelo comando da estatal\" \/>\n<meta property=\"og:description\" content=\"Presidente da Petrobras est\u00e1 na mira do governo federal ap\u00f3s o reajuste recente de quase 20% nos pre\u00e7os da gasolina e diesel. Confira.\" \/>\n<meta property=\"og:url\" content=\"https:\/\/www.suno.com.br\/noticias\/petrobras-petr4-5-respostas-briga-comando-estatal\/\" \/>\n<meta property=\"og:site_name\" content=\"Suno Not\u00edcias\" \/>\n<meta property=\"article:publisher\" content=\"https:\/\/facebook.com\/sunoresearch\" \/>\n<meta property=\"og:image\" content=\"https:\/\/files.sunoresearch.com.br\/n\/uploads\/2022\/03\/Conteudo25449-scaled.jpg\" \/>\n\t<meta property=\"og:image:width\" content=\"2560\" \/>\n\t<meta property=\"og:image:height\" content=\"1703\" \/>\n\t<meta property=\"og:image:type\" content=\"image\/jpeg\" \/>\n<meta name=\"author\" content=\"Pedro Caramuru\" \/>\n<meta name=\"twitter:card\" content=\"summary_large_image\" \/>\n<meta name=\"twitter:creator\" content=\"@sunoresearch\" \/>\n<meta name=\"twitter:site\" content=\"@sunoresearch\" \/>\n<meta name=\"twitter:label1\" content=\"Escrito por\" \/>\n\t<meta name=\"twitter:data1\" content=\"Pedro Caramuru\" \/>\n\t<meta name=\"twitter:label2\" content=\"Est. tempo de leitura\" \/>\n\t<meta name=\"twitter:data2\" content=\"7 minutos\" \/>\n<script type=\"application\/ld+json\" class=\"yoast-schema-graph\">{\"@context\":\"https:\/\/schema.org\",\"@graph\":[{\"@type\":\"NewsArticle\",\"@id\":\"https:\/\/www.suno.com.br\/noticias\/petrobras-petr4-5-respostas-briga-comando-estatal\/#article\",\"isPartOf\":{\"@id\":\"https:\/\/www.suno.com.br\/noticias\/petrobras-petr4-5-respostas-briga-comando-estatal\/\"},\"author\":{\"name\":\"Pedro Caramuru\",\"@id\":\"https:\/\/www.suno.com.br\/noticias\/#\/schema\/person\/8d020643938f12a823508eb0e5fda407\"},\"headline\":\"Petrobras (PETR4): o que esperar da briga pelo comando da estatal e a pol\u00edtica de pre\u00e7os? Veja cinco respostas\",\"datePublished\":\"2022-03-22T18:44:31+00:00\",\"dateModified\":\"2022-03-28T13:52:39+00:00\",\"mainEntityOfPage\":{\"@id\":\"https:\/\/www.suno.com.br\/noticias\/petrobras-petr4-5-respostas-briga-comando-estatal\/\"},\"wordCount\":1516,\"publisher\":{\"@id\":\"https:\/\/www.suno.com.br\/noticias\/#organization\"},\"image\":{\"@id\":\"https:\/\/www.suno.com.br\/noticias\/petrobras-petr4-5-respostas-briga-comando-estatal\/#primaryimage\"},\"thumbnailUrl\":\"https:\/\/files.sunoresearch.com.br\/n\/uploads\/2022\/03\/Conteudo25449-scaled.jpg\",\"articleSection\":[\"Neg\u00f3cios\"],\"inLanguage\":\"pt-BR\"},{\"@type\":\"WebPage\",\"@id\":\"https:\/\/www.suno.com.br\/noticias\/petrobras-petr4-5-respostas-briga-comando-estatal\/\",\"url\":\"https:\/\/www.suno.com.br\/noticias\/petrobras-petr4-5-respostas-briga-comando-estatal\/\",\"name\":\"Petrobras (PETR4): 5 respostas sobre a briga pelo comando da estatal\",\"isPartOf\":{\"@id\":\"https:\/\/www.suno.com.br\/noticias\/#website\"},\"primaryImageOfPage\":{\"@id\":\"https:\/\/www.suno.com.br\/noticias\/petrobras-petr4-5-respostas-briga-comando-estatal\/#primaryimage\"},\"image\":{\"@id\":\"https:\/\/www.suno.com.br\/noticias\/petrobras-petr4-5-respostas-briga-comando-estatal\/#primaryimage\"},\"thumbnailUrl\":\"https:\/\/files.sunoresearch.com.br\/n\/uploads\/2022\/03\/Conteudo25449-scaled.jpg\",\"datePublished\":\"2022-03-22T18:44:31+00:00\",\"dateModified\":\"2022-03-28T13:52:39+00:00\",\"description\":\"Presidente da Petrobras est\u00e1 na mira do governo federal ap\u00f3s o reajuste recente de quase 20% nos pre\u00e7os da gasolina e diesel. Confira.\",\"breadcrumb\":{\"@id\":\"https:\/\/www.suno.com.br\/noticias\/petrobras-petr4-5-respostas-briga-comando-estatal\/#breadcrumb\"},\"inLanguage\":\"pt-BR\",\"potentialAction\":[{\"@type\":\"ReadAction\",\"target\":[\"https:\/\/www.suno.com.br\/noticias\/petrobras-petr4-5-respostas-briga-comando-estatal\/\"]}]},{\"@type\":\"ImageObject\",\"inLanguage\":\"pt-BR\",\"@id\":\"https:\/\/www.suno.com.br\/noticias\/petrobras-petr4-5-respostas-briga-comando-estatal\/#primaryimage\",\"url\":\"https:\/\/files.sunoresearch.com.br\/n\/uploads\/2022\/03\/Conteudo25449-scaled.jpg\",\"contentUrl\":\"https:\/\/files.sunoresearch.com.br\/n\/uploads\/2022\/03\/Conteudo25449-scaled.jpg\",\"width\":2560,\"height\":1703,\"caption\":\"Petrobras (PETR4) no Rio de Janeiro (RJ). Foto: Geraldo Falc\u00e3o\/Ag\u00eancia Petrobras.\"},{\"@type\":\"BreadcrumbList\",\"@id\":\"https:\/\/www.suno.com.br\/noticias\/petrobras-petr4-5-respostas-briga-comando-estatal\/#breadcrumb\",\"itemListElement\":[{\"@type\":\"ListItem\",\"position\":1,\"name\":\"Not\u00edcias\",\"item\":\"https:\/\/www.suno.com.br\/noticias\/\"},{\"@type\":\"ListItem\",\"position\":2,\"name\":\"Neg\u00f3cios\",\"item\":\"https:\/\/www.suno.com.br\/noticias\/negocios\/\"},{\"@type\":\"ListItem\",\"position\":3,\"name\":\"Petrobras (PETR4): o que esperar da briga pelo comando da estatal e a pol\u00edtica de pre\u00e7os? Veja cinco respostas\"}]},{\"@type\":\"WebSite\",\"@id\":\"https:\/\/www.suno.com.br\/noticias\/#website\",\"url\":\"https:\/\/www.suno.com.br\/noticias\/\",\"name\":\"Suno Not\u00edcias\",\"description\":\"Seu portal de informa\u00e7\u00e3o sobre o mundo dos investimentos\",\"publisher\":{\"@id\":\"https:\/\/www.suno.com.br\/noticias\/#organization\"},\"potentialAction\":[{\"@type\":\"SearchAction\",\"target\":{\"@type\":\"EntryPoint\",\"urlTemplate\":\"https:\/\/www.suno.com.br\/noticias\/?s={search_term_string}\"},\"query-input\":{\"@type\":\"PropertyValueSpecification\",\"valueRequired\":true,\"valueName\":\"search_term_string\"}}],\"inLanguage\":\"pt-BR\"},{\"@type\":\"Organization\",\"@id\":\"https:\/\/www.suno.com.br\/noticias\/#organization\",\"name\":\"Suno Not\u00edcias\",\"url\":\"https:\/\/www.suno.com.br\/noticias\/\",\"logo\":{\"@type\":\"ImageObject\",\"inLanguage\":\"pt-BR\",\"@id\":\"https:\/\/www.suno.com.br\/noticias\/#\/schema\/logo\/image\/\",\"url\":\"https:\/\/files.sunoresearch.com.br\/n\/uploads\/2021\/09\/suno-logo.png\",\"contentUrl\":\"https:\/\/files.sunoresearch.com.br\/n\/uploads\/2021\/09\/suno-logo.png\",\"width\":180,\"height\":180,\"caption\":\"Suno Not\u00edcias\"},\"image\":{\"@id\":\"https:\/\/www.suno.com.br\/noticias\/#\/schema\/logo\/image\/\"},\"sameAs\":[\"https:\/\/facebook.com\/sunoresearch\",\"https:\/\/x.com\/sunoresearch\",\"https:\/\/www.instagram.com\/suno\",\"https:\/\/www.linkedin.com\/company\/suno-research\/\",\"https:\/\/www.youtube.com\/c\/sunoresearch\"]},{\"@type\":\"Person\",\"@id\":\"https:\/\/www.suno.com.br\/noticias\/#\/schema\/person\/8d020643938f12a823508eb0e5fda407\",\"name\":\"Pedro Caramuru\",\"image\":{\"@type\":\"ImageObject\",\"inLanguage\":\"pt-BR\",\"@id\":\"https:\/\/www.suno.com.br\/noticias\/#\/schema\/person\/image\/\",\"url\":\"https:\/\/secure.gravatar.com\/avatar\/1a3f15d3553507ae7a2debc6ea0ad87b?s=96&r=g\",\"contentUrl\":\"https:\/\/secure.gravatar.com\/avatar\/1a3f15d3553507ae7a2debc6ea0ad87b?s=96&r=g\",\"caption\":\"Pedro Caramuru\"},\"description\":\"Rep\u00f3rter de economia, mercado e pol\u00edtica brasileira para o Suno Not\u00edcias. Formado em jornalismo. J\u00e1 escreveu sobre pol\u00edtica e mercados internacionais para o Broadcast e Estad\u00e3o.\",\"url\":\"https:\/\/www.suno.com.br\/noticias\/author\/pedro-caramurusuno-com-br\/\"}]}<\/script>\n<!-- \/ Yoast SEO plugin. -->","yoast_head_json":{"title":"Petrobras (PETR4): 5 respostas sobre a briga pelo comando da estatal","description":"Presidente da Petrobras est\u00e1 na mira do governo federal ap\u00f3s o reajuste recente de quase 20% nos pre\u00e7os da gasolina e diesel. Confira.","robots":{"index":"index","follow":"follow","max-snippet":"max-snippet:-1","max-image-preview":"max-image-preview:large","max-video-preview":"max-video-preview:-1"},"canonical":"https:\/\/www.suno.com.br\/noticias\/petrobras-petr4-5-respostas-briga-comando-estatal\/","og_locale":"pt_BR","og_type":"article","og_title":"Petrobras (PETR4): 5 respostas sobre a briga pelo comando da estatal","og_description":"Presidente da Petrobras est\u00e1 na mira do governo federal ap\u00f3s o reajuste recente de quase 20% nos pre\u00e7os da gasolina e diesel. Confira.","og_url":"https:\/\/www.suno.com.br\/noticias\/petrobras-petr4-5-respostas-briga-comando-estatal\/","og_site_name":"Suno Not\u00edcias","article_publisher":"https:\/\/facebook.com\/sunoresearch","og_image":[{"width":2560,"height":1703,"url":"https:\/\/files.sunoresearch.com.br\/n\/uploads\/2022\/03\/Conteudo25449-scaled.jpg","type":"image\/jpeg"}],"author":"Pedro Caramuru","twitter_card":"summary_large_image","twitter_creator":"@sunoresearch","twitter_site":"@sunoresearch","twitter_misc":{"Escrito por":"Pedro Caramuru","Est. tempo de leitura":"7 minutos"},"schema":{"@context":"https:\/\/schema.org","@graph":[{"@type":"NewsArticle","@id":"https:\/\/www.suno.com.br\/noticias\/petrobras-petr4-5-respostas-briga-comando-estatal\/#article","isPartOf":{"@id":"https:\/\/www.suno.com.br\/noticias\/petrobras-petr4-5-respostas-briga-comando-estatal\/"},"author":{"name":"Pedro Caramuru","@id":"https:\/\/www.suno.com.br\/noticias\/#\/schema\/person\/8d020643938f12a823508eb0e5fda407"},"headline":"Petrobras (PETR4): o que esperar da briga pelo comando da estatal e a pol\u00edtica de pre\u00e7os? Veja cinco respostas","datePublished":"2022-03-22T18:44:31+00:00","dateModified":"2022-03-28T13:52:39+00:00","mainEntityOfPage":{"@id":"https:\/\/www.suno.com.br\/noticias\/petrobras-petr4-5-respostas-briga-comando-estatal\/"},"wordCount":1516,"publisher":{"@id":"https:\/\/www.suno.com.br\/noticias\/#organization"},"image":{"@id":"https:\/\/www.suno.com.br\/noticias\/petrobras-petr4-5-respostas-briga-comando-estatal\/#primaryimage"},"thumbnailUrl":"https:\/\/files.sunoresearch.com.br\/n\/uploads\/2022\/03\/Conteudo25449-scaled.jpg","articleSection":["Neg\u00f3cios"],"inLanguage":"pt-BR"},{"@type":"WebPage","@id":"https:\/\/www.suno.com.br\/noticias\/petrobras-petr4-5-respostas-briga-comando-estatal\/","url":"https:\/\/www.suno.com.br\/noticias\/petrobras-petr4-5-respostas-briga-comando-estatal\/","name":"Petrobras (PETR4): 5 respostas sobre a briga pelo comando da estatal","isPartOf":{"@id":"https:\/\/www.suno.com.br\/noticias\/#website"},"primaryImageOfPage":{"@id":"https:\/\/www.suno.com.br\/noticias\/petrobras-petr4-5-respostas-briga-comando-estatal\/#primaryimage"},"image":{"@id":"https:\/\/www.suno.com.br\/noticias\/petrobras-petr4-5-respostas-briga-comando-estatal\/#primaryimage"},"thumbnailUrl":"https:\/\/files.sunoresearch.com.br\/n\/uploads\/2022\/03\/Conteudo25449-scaled.jpg","datePublished":"2022-03-22T18:44:31+00:00","dateModified":"2022-03-28T13:52:39+00:00","description":"Presidente da Petrobras est\u00e1 na mira do governo federal ap\u00f3s o reajuste recente de quase 20% nos pre\u00e7os da gasolina e diesel. Confira.","breadcrumb":{"@id":"https:\/\/www.suno.com.br\/noticias\/petrobras-petr4-5-respostas-briga-comando-estatal\/#breadcrumb"},"inLanguage":"pt-BR","potentialAction":[{"@type":"ReadAction","target":["https:\/\/www.suno.com.br\/noticias\/petrobras-petr4-5-respostas-briga-comando-estatal\/"]}]},{"@type":"ImageObject","inLanguage":"pt-BR","@id":"https:\/\/www.suno.com.br\/noticias\/petrobras-petr4-5-respostas-briga-comando-estatal\/#primaryimage","url":"https:\/\/files.sunoresearch.com.br\/n\/uploads\/2022\/03\/Conteudo25449-scaled.jpg","contentUrl":"https:\/\/files.sunoresearch.com.br\/n\/uploads\/2022\/03\/Conteudo25449-scaled.jpg","width":2560,"height":1703,"caption":"Petrobras (PETR4) no Rio de Janeiro (RJ). Foto: Geraldo Falc\u00e3o\/Ag\u00eancia Petrobras."},{"@type":"BreadcrumbList","@id":"https:\/\/www.suno.com.br\/noticias\/petrobras-petr4-5-respostas-briga-comando-estatal\/#breadcrumb","itemListElement":[{"@type":"ListItem","position":1,"name":"Not\u00edcias","item":"https:\/\/www.suno.com.br\/noticias\/"},{"@type":"ListItem","position":2,"name":"Neg\u00f3cios","item":"https:\/\/www.suno.com.br\/noticias\/negocios\/"},{"@type":"ListItem","position":3,"name":"Petrobras (PETR4): o que esperar da briga pelo comando da estatal e a pol\u00edtica de pre\u00e7os? Veja cinco respostas"}]},{"@type":"WebSite","@id":"https:\/\/www.suno.com.br\/noticias\/#website","url":"https:\/\/www.suno.com.br\/noticias\/","name":"Suno Not\u00edcias","description":"Seu portal de informa\u00e7\u00e3o sobre o mundo dos investimentos","publisher":{"@id":"https:\/\/www.suno.com.br\/noticias\/#organization"},"potentialAction":[{"@type":"SearchAction","target":{"@type":"EntryPoint","urlTemplate":"https:\/\/www.suno.com.br\/noticias\/?s={search_term_string}"},"query-input":{"@type":"PropertyValueSpecification","valueRequired":true,"valueName":"search_term_string"}}],"inLanguage":"pt-BR"},{"@type":"Organization","@id":"https:\/\/www.suno.com.br\/noticias\/#organization","name":"Suno Not\u00edcias","url":"https:\/\/www.suno.com.br\/noticias\/","logo":{"@type":"ImageObject","inLanguage":"pt-BR","@id":"https:\/\/www.suno.com.br\/noticias\/#\/schema\/logo\/image\/","url":"https:\/\/files.sunoresearch.com.br\/n\/uploads\/2021\/09\/suno-logo.png","contentUrl":"https:\/\/files.sunoresearch.com.br\/n\/uploads\/2021\/09\/suno-logo.png","width":180,"height":180,"caption":"Suno Not\u00edcias"},"image":{"@id":"https:\/\/www.suno.com.br\/noticias\/#\/schema\/logo\/image\/"},"sameAs":["https:\/\/facebook.com\/sunoresearch","https:\/\/x.com\/sunoresearch","https:\/\/www.instagram.com\/suno","https:\/\/www.linkedin.com\/company\/suno-research\/","https:\/\/www.youtube.com\/c\/sunoresearch"]},{"@type":"Person","@id":"https:\/\/www.suno.com.br\/noticias\/#\/schema\/person\/8d020643938f12a823508eb0e5fda407","name":"Pedro Caramuru","image":{"@type":"ImageObject","inLanguage":"pt-BR","@id":"https:\/\/www.suno.com.br\/noticias\/#\/schema\/person\/image\/","url":"https:\/\/secure.gravatar.com\/avatar\/1a3f15d3553507ae7a2debc6ea0ad87b?s=96&r=g","contentUrl":"https:\/\/secure.gravatar.com\/avatar\/1a3f15d3553507ae7a2debc6ea0ad87b?s=96&r=g","caption":"Pedro Caramuru"},"description":"Rep\u00f3rter de economia, mercado e pol\u00edtica brasileira para o Suno Not\u00edcias. Formado em jornalismo. J\u00e1 escreveu sobre pol\u00edtica e mercados internacionais para o Broadcast e Estad\u00e3o.","url":"https:\/\/www.suno.com.br\/noticias\/author\/pedro-caramurusuno-com-br\/"}]}},"default_loop_html":"<div class=\"cardsPage__listCard__boxs\"><div class=\"cardsPage__listCard__boxs__img\"><a href=\"https:\/\/www.suno.com.br\/noticias\/petrobras-petr4-5-respostas-briga-comando-estatal\/\"><img class=\"mask\" src=\"https:\/\/www.suno.com.br\/noticias\/wp-content\/themes\/suno\/resources\/images\/spotlight\/spotlight1img\/bg-mask.png\" alt=\"Image Mask\"\/><img src=\"https:\/\/files.sunoresearch.com.br\/n\/uploads\/2022\/03\/Conteudo25449-400x200.jpg\" alt=\"Petrobras (PETR4): o que esperar da briga pelo comando da estatal e a pol\u00edtica de pre\u00e7os? Veja cinco respostas\"\/><\/a><span class=\"spotlightCategory\"><a href=\"https:\/\/www.suno.com.br\/noticias\/negocios\/\">Neg\u00f3cios<\/a><\/span><\/div><div class=\"cardsPage__listCard__boxs__content\"><a href=\"https:\/\/www.suno.com.br\/noticias\/petrobras-petr4-5-respostas-briga-comando-estatal\/\"><h2 class=\"content__title\">Petrobras (PETR4): o que esperar da briga pelo comando da estatal e a pol\u00edtica de pre\u00e7os? Veja cinco respostas<\/h2><\/a><div class=\"newsContent__article__meta\"><div class=\"newsContent__article__meta__authorBox\"><a href=\"https:\/\/www.suno.com.br\/noticias\/author\/pedro-caramurusuno-com-br\/\" class=\"authorBox__avatar noMobi\"><img src=\"https:\/\/secure.gravatar.com\/avatar\/1a3f15d3553507ae7a2debc6ea0ad87b?s=96&#038;r=g\" alt=\"Pedro Caramuru\"><\/a><div class=\"authorBox__name\"><span>por\n\t\t\t<a href=\"https:\/\/www.suno.com.br\/noticias\/author\/pedro-caramurusuno-com-br\/\"><span itemprop=\"author\">Pedro Caramuru<\/span><\/a><\/span><time datetime=\"2022-03-22T15:44:31-03:00\" itemprop=\"datePublished\">22\/03\/2022 15:44<\/time><\/div><\/div><\/div><\/div><\/div>","single_layout":"posts","amp_enabled":true,"_links":{"self":[{"href":"https:\/\/www.suno.com.br\/noticias\/wp-json\/wp\/v2\/posts\/243973"}],"collection":[{"href":"https:\/\/www.suno.com.br\/noticias\/wp-json\/wp\/v2\/posts"}],"about":[{"href":"https:\/\/www.suno.com.br\/noticias\/wp-json\/wp\/v2\/types\/post"}],"author":[{"embeddable":true,"href":"https:\/\/www.suno.com.br\/noticias\/wp-json\/wp\/v2\/users\/145"}],"replies":[{"embeddable":true,"href":"https:\/\/www.suno.com.br\/noticias\/wp-json\/wp\/v2\/comments?post=243973"}],"version-history":[{"count":3,"href":"https:\/\/www.suno.com.br\/noticias\/wp-json\/wp\/v2\/posts\/243973\/revisions"}],"predecessor-version":[{"id":244104,"href":"https:\/\/www.suno.com.br\/noticias\/wp-json\/wp\/v2\/posts\/243973\/revisions\/244104"}],"wp:featuredmedia":[{"embeddable":true,"href":"https:\/\/www.suno.com.br\/noticias\/wp-json\/wp\/v2\/media\/244077"}],"wp:attachment":[{"href":"https:\/\/www.suno.com.br\/noticias\/wp-json\/wp\/v2\/media?parent=243973"}],"wp:term":[{"taxonomy":"category","embeddable":true,"href":"https:\/\/www.suno.com.br\/noticias\/wp-json\/wp\/v2\/categories?post=243973"},{"taxonomy":"post_tag","embeddable":true,"href":"https:\/\/www.suno.com.br\/noticias\/wp-json\/wp\/v2\/tags?post=243973"},{"taxonomy":"suno_strategy","embeddable":true,"href":"https:\/\/www.suno.com.br\/noticias\/wp-json\/wp\/v2\/suno_strategy?post=243973"}],"curies":[{"name":"wp","href":"https:\/\/api.w.org\/{rel}","templated":true}]}}