{"id":24395,"date":"2019-05-13T20:55:14","date_gmt":"2019-05-13T23:55:14","guid":{"rendered":"https:\/\/www.suno.com.br\/noticias\/?p=24395"},"modified":"2019-05-13T20:55:14","modified_gmt":"2019-05-13T23:55:14","slug":"sulamerica-participacao-orama","status":"publish","type":"post","link":"https:\/\/www.suno.com.br\/noticias\/sulamerica-participacao-orama\/","title":{"rendered":"SulAm\u00e9rica vende participa\u00e7\u00e3o na Caixa Capitaliza\u00e7\u00e3o e investe na \u00d3rama"},"content":{"rendered":"<p>A SulAm\u00e9rica anunciou nesta segunda-feira (13) a venda de sua participa\u00e7\u00e3o na <strong>Caixa Seguradora<\/strong>. Al\u00e9m disso, a empresa informou que ir\u00e1 investir na plataforma especializada em investimentos pessoais, a <strong>\u00d3rama<\/strong>.<\/p>\t<div class=\"wrapper-featured-image\">\n\t\t<figure class=\"spotlightImg\">\n\n\t\t\t<picture>\n\t\t\t\t<source media=\"(max-width: 768px)\" srcset=\"https:\/\/files.sunoresearch.com.br\/n\/uploads\/2019\/02\/SulAm\u00e9rica-400x200.webp\">\n\t\t\t\t<img loading=\"lazy\" decoding=\"async\" class=\"newsContent__article__imgCapa lazyloadDisabled newsContent__article__imgCapa--noCaption\" src=\"https:\/\/files.sunoresearch.com.br\/n\/uploads\/2019\/02\/SulAm\u00e9rica-800x450.webp\" width=\"800\" height=\"450\" alt=\"SulAm\u00e9rica vende participa\u00e7\u00e3o na Caixa Capitaliza\u00e7\u00e3o e investe na \u00d3rama\" fetchpriority=high \/>\n\t\t\t<\/picture>\n\n\t\t\t<figcaption class=\"wp-caption-text wp-caption-text--hide\">SulAm\u00e9rica (SULA11) Foto: Divulga\u00e7\u00e3o<\/figcaption>\n\t\t<\/figure>\n\t<\/div>\n\n\n<p>Ao todo, a <strong>SulAm\u00e9rica<\/strong> comunicou que vendeu o equivalente a 24,5% da <strong>CaixaCap<\/strong> para o <strong>Grupo Icatu<\/strong> por R$ 100 milh\u00f5es. O grupo j\u00e1 \u00e9 acionista da empresa. Ademais, o montante pode incluir um adicional de at\u00e9 R$ 83 milh\u00f5es.<\/p>\n<p><a href=\"https:\/\/www.suno.com.br\/noticias\/lucro-sulamerica-1t19\/\">Saiba mais: Lucro da SulAmerica no 1T19 \u00e9 impulsionado pelo setor de sa\u00fade e odonto<\/a><\/p>\n<p>De acordo com a companhia, o neg\u00f3cio\u00a0&#8220;tem como objetivo concentrar a atua\u00e7\u00e3o da <strong>SulAm\u00e9rica<\/strong> em segmentos em que possui maior potencial de crescimento e vantagens competitivas&#8221;, diz o fato relevante.<\/p>\n<p>Em outro documento, a <strong>SulAm\u00e9rica<\/strong> afirmou que far\u00e1 um investimento de R$ 100 milh\u00f5es para adquirir 25% da <strong>\u00d3rama<\/strong>.\u00a0A opera\u00e7\u00e3o &#8220;tem o objetivo de contribuir de forma relevante para expans\u00e3o das opera\u00e7\u00f5es da \u00d3rama, como plataforma digital aberta de investimentos, com selecionados fundos, produtos de renda fixa, fundos de previd\u00eancia, fundos imobili\u00e1rios e home broker, entre outros&#8221;, informa o documento.<\/p>\n<h2>Balan\u00e7o da Sul Am\u00e9rica<\/h2>\n<p>O lucro l\u00edquido da <strong>SulAm\u00e9rica<\/strong> (SULA11) cresceu 57,2% no primeiro trimestre de 2019 na compara\u00e7\u00e3o com o mesmo per\u00edodo do ano anterior, chegando a R$ 223,5 milh\u00f5es. Os dados foram divulgados pela empresa por meio de um comunicado ao mercado nesta quinta-feira (8).<\/p>\n\t<p>\n\t\t<a href=\"https:\/\/lp2.suno.com.br\/pv\/curso-zero-ao-primeiro-rendimento\/?utm_source=suno-noticias&#038;utm_medium=banner&#038;utm_campaign=_SNC4CCF8112_\" target=\"_blank\" data-element=\"shortcode-suno-banner\" title=\"Banner SUNO, clique e saiba mais\">\n\t\t\t<picture>\n\t\t\t\t<source media=\"(max-width: 500px)\" srcset=\"https:\/\/files.sunoresearch.com.br\/n\/uploads\/2025\/12\/Artigos-e-Noticias-Banner-Materias-02-Mobile_-400x300-1-png.webp\">\n\t\t\t\t<img class=\"newsContent__article__imgCapa newsContent__article__imgCapa--banner\"\n\t\t\t\t\tsrc=\"https:\/\/files.sunoresearch.com.br\/n\/uploads\/2025\/12\/Artigos-e-Noticias-Banner-Materias-01-Desktop_-1420x240-1-png.webp\"\n\t\t\t\t\tdata-promo-id=\"635313\"\t\t\t\t\t\t\t\t\t\twidth='1420' height='240'\t\t\t\t\talt=\"https:\/\/files.sunoresearch.com.br\/n\/uploads\/2025\/12\/Artigos-e-Noticias-Banner-Materias-01-Desktop_-1420x240-1-png.webp\"\n\t\t\t\t>\n\t\t\t<\/picture>\n\t\t<\/a>\n\t<\/p>\n\n\n<p>As receitas operacionais da <strong>SulAm\u00e9rica<\/strong> ficaram em R$ 5,254 bilh\u00f5es, registrando um crescimento de 10,1% na compara\u00e7\u00e3o com o mesmo per\u00edodo de 2018. De acordo com a empresa, o principal destaque \u00e9 o setor de <strong>sa\u00fade<\/strong> e <strong>odontol\u00f3gico<\/strong>, que cresceu 12,3%.<\/p>\n<p><a href=\"https:\/\/www.suno.com.br\/noticias\/sulamerica-tem-alta-de-17-e-fecha-2018-com-lucro-de-r-905-milhoes\/\">Saiba mais: SulAm\u00e9rica fecha 2018 com lucro de R$ 905 milh\u00f5es, alta de 17%<\/a><\/p>\n<p>&#8220;O crescimento no n\u00famero de benefici\u00e1rios de sa\u00fade e odontol\u00f3gico, com a manuten\u00e7\u00e3o da performance de vendas novas e o bom n\u00edel de reten\u00e7\u00e3o, evidencia a efetividade da estrat\u00e9gia comercial baseada na for\u00e7a da marca <strong>SulAm\u00e9rica<\/strong>, no foco da expans\u00e3o regional e na capacidade de formatar produtos adequados \u00e0s diversas necessidades dos clientes&#8221;, diz a empresa.<\/p>\n","protected":false},"excerpt":{"rendered":"<p>A SulAm\u00e9rica anunciou nesta segunda-feira (13) a venda de sua participa\u00e7\u00e3o na Caixa Seguradora. Al\u00e9m disso, a empresa informou que ir\u00e1 investir na plataforma especializada em investimentos pessoais, a \u00d3rama. SulAm\u00e9rica (SULA11) Foto: Divulga\u00e7\u00e3o Ao todo, a SulAm\u00e9rica comunicou que vendeu o equivalente a 24,5% da CaixaCap para o Grupo Icatu por R$ 100 milh\u00f5es. [&hellip;]<\/p>\n","protected":false},"author":14,"featured_media":16726,"comment_status":"closed","ping_status":"closed","sticky":false,"template":"","format":"standard","meta":[],"categories":[64],"tags":[647],"suno_strategy":[],"class_list":["post-24395","post","type-post","status-publish","format-standard","has-post-thumbnail","hentry","category-negocios","tag-sulamerica-sula11-sula3-sula4"],"yoast_head":"<!-- This site is optimized with the Yoast SEO plugin v24.4 - https:\/\/yoast.com\/wordpress\/plugins\/seo\/ -->\n<title>SulAm\u00e9rica vende participa\u00e7\u00e3o na Caixa Capitaliza\u00e7\u00e3o e investe na \u00d3rama<\/title>\n<meta name=\"description\" content=\"Ao todo, a SulAm\u00e9rica comunicou que vendeu o equivalente a 24,5% da CaixaCap para o Grupo Icatu. Clique aqui para saber mais.\" \/>\n<meta name=\"robots\" content=\"index, follow, max-snippet:-1, max-image-preview:large, max-video-preview:-1\" \/>\n<link rel=\"canonical\" href=\"https:\/\/www.suno.com.br\/noticias\/sulamerica-participacao-orama\/\" \/>\n<meta property=\"og:locale\" content=\"pt_BR\" \/>\n<meta property=\"og:type\" content=\"article\" \/>\n<meta property=\"og:title\" content=\"SulAm\u00e9rica vende participa\u00e7\u00e3o na Caixa Capitaliza\u00e7\u00e3o e investe na \u00d3rama\" \/>\n<meta property=\"og:description\" content=\"Ao todo, a SulAm\u00e9rica comunicou que vendeu o equivalente a 24,5% da CaixaCap para o Grupo Icatu. Clique aqui para saber mais.\" \/>\n<meta property=\"og:url\" content=\"https:\/\/www.suno.com.br\/noticias\/sulamerica-participacao-orama\/\" \/>\n<meta property=\"og:site_name\" content=\"Suno Not\u00edcias\" \/>\n<meta property=\"article:publisher\" content=\"https:\/\/facebook.com\/sunoresearch\" \/>\n<meta property=\"og:image\" content=\"https:\/\/files.sunoresearch.com.br\/n\/uploads\/2019\/02\/SulAm\u00e9rica-1024x682.jpg\" \/>\n\t<meta property=\"og:image:width\" content=\"1024\" \/>\n\t<meta property=\"og:image:height\" content=\"682\" \/>\n\t<meta property=\"og:image:type\" content=\"image\/jpeg\" \/>\n<meta name=\"author\" content=\"Renan Dantas\" \/>\n<meta name=\"twitter:card\" content=\"summary_large_image\" \/>\n<meta name=\"twitter:creator\" content=\"@sunoresearch\" \/>\n<meta name=\"twitter:site\" content=\"@sunoresearch\" \/>\n<meta name=\"twitter:label1\" content=\"Escrito por\" \/>\n\t<meta name=\"twitter:data1\" content=\"Renan Dantas\" \/>\n\t<meta name=\"twitter:label2\" content=\"Est. tempo de leitura\" \/>\n\t<meta name=\"twitter:data2\" content=\"2 minutos\" \/>\n<script type=\"application\/ld+json\" class=\"yoast-schema-graph\">{\"@context\":\"https:\/\/schema.org\",\"@graph\":[{\"@type\":\"NewsArticle\",\"@id\":\"https:\/\/www.suno.com.br\/noticias\/sulamerica-participacao-orama\/#article\",\"isPartOf\":{\"@id\":\"https:\/\/www.suno.com.br\/noticias\/sulamerica-participacao-orama\/\"},\"author\":{\"name\":\"Renan Dantas\",\"@id\":\"https:\/\/www.suno.com.br\/noticias\/#\/schema\/person\/3f7693d5795a3f6d5ce15309ee785699\"},\"headline\":\"SulAm\u00e9rica vende participa\u00e7\u00e3o na Caixa Capitaliza\u00e7\u00e3o e investe na \u00d3rama\",\"datePublished\":\"2019-05-13T23:55:14+00:00\",\"mainEntityOfPage\":{\"@id\":\"https:\/\/www.suno.com.br\/noticias\/sulamerica-participacao-orama\/\"},\"wordCount\":374,\"publisher\":{\"@id\":\"https:\/\/www.suno.com.br\/noticias\/#organization\"},\"image\":{\"@id\":\"https:\/\/www.suno.com.br\/noticias\/sulamerica-participacao-orama\/#primaryimage\"},\"thumbnailUrl\":\"https:\/\/files.sunoresearch.com.br\/n\/uploads\/2019\/02\/SulAm\u00e9rica-scaled.webp\",\"keywords\":[\"SulAm\u00e9rica (SULA11\/SULA3\/SULA4)\"],\"articleSection\":[\"Neg\u00f3cios\"],\"inLanguage\":\"pt-BR\"},{\"@type\":\"WebPage\",\"@id\":\"https:\/\/www.suno.com.br\/noticias\/sulamerica-participacao-orama\/\",\"url\":\"https:\/\/www.suno.com.br\/noticias\/sulamerica-participacao-orama\/\",\"name\":\"SulAm\u00e9rica vende participa\u00e7\u00e3o na Caixa Capitaliza\u00e7\u00e3o e investe na \u00d3rama\",\"isPartOf\":{\"@id\":\"https:\/\/www.suno.com.br\/noticias\/#website\"},\"primaryImageOfPage\":{\"@id\":\"https:\/\/www.suno.com.br\/noticias\/sulamerica-participacao-orama\/#primaryimage\"},\"image\":{\"@id\":\"https:\/\/www.suno.com.br\/noticias\/sulamerica-participacao-orama\/#primaryimage\"},\"thumbnailUrl\":\"https:\/\/files.sunoresearch.com.br\/n\/uploads\/2019\/02\/SulAm\u00e9rica-scaled.webp\",\"datePublished\":\"2019-05-13T23:55:14+00:00\",\"description\":\"Ao todo, a SulAm\u00e9rica comunicou que vendeu o equivalente a 24,5% da CaixaCap para o Grupo Icatu. Clique aqui para saber mais.\",\"breadcrumb\":{\"@id\":\"https:\/\/www.suno.com.br\/noticias\/sulamerica-participacao-orama\/#breadcrumb\"},\"inLanguage\":\"pt-BR\",\"potentialAction\":[{\"@type\":\"ReadAction\",\"target\":[\"https:\/\/www.suno.com.br\/noticias\/sulamerica-participacao-orama\/\"]}]},{\"@type\":\"ImageObject\",\"inLanguage\":\"pt-BR\",\"@id\":\"https:\/\/www.suno.com.br\/noticias\/sulamerica-participacao-orama\/#primaryimage\",\"url\":\"https:\/\/files.sunoresearch.com.br\/n\/uploads\/2019\/02\/SulAm\u00e9rica-scaled.webp\",\"contentUrl\":\"https:\/\/files.sunoresearch.com.br\/n\/uploads\/2019\/02\/SulAm\u00e9rica-scaled.webp\",\"width\":2560,\"height\":1706,\"caption\":\"SulAm\u00e9rica (SULA11) Foto: Divulga\u00e7\u00e3o\"},{\"@type\":\"BreadcrumbList\",\"@id\":\"https:\/\/www.suno.com.br\/noticias\/sulamerica-participacao-orama\/#breadcrumb\",\"itemListElement\":[{\"@type\":\"ListItem\",\"position\":1,\"name\":\"Not\u00edcias\",\"item\":\"https:\/\/www.suno.com.br\/noticias\/\"},{\"@type\":\"ListItem\",\"position\":2,\"name\":\"Neg\u00f3cios\",\"item\":\"https:\/\/www.suno.com.br\/noticias\/negocios\/\"},{\"@type\":\"ListItem\",\"position\":3,\"name\":\"SulAm\u00e9rica vende participa\u00e7\u00e3o na Caixa Capitaliza\u00e7\u00e3o e investe na \u00d3rama\"}]},{\"@type\":\"WebSite\",\"@id\":\"https:\/\/www.suno.com.br\/noticias\/#website\",\"url\":\"https:\/\/www.suno.com.br\/noticias\/\",\"name\":\"Suno Not\u00edcias\",\"description\":\"Seu portal de informa\u00e7\u00e3o sobre o mundo dos investimentos\",\"publisher\":{\"@id\":\"https:\/\/www.suno.com.br\/noticias\/#organization\"},\"potentialAction\":[{\"@type\":\"SearchAction\",\"target\":{\"@type\":\"EntryPoint\",\"urlTemplate\":\"https:\/\/www.suno.com.br\/noticias\/?s={search_term_string}\"},\"query-input\":{\"@type\":\"PropertyValueSpecification\",\"valueRequired\":true,\"valueName\":\"search_term_string\"}}],\"inLanguage\":\"pt-BR\"},{\"@type\":\"Organization\",\"@id\":\"https:\/\/www.suno.com.br\/noticias\/#organization\",\"name\":\"Suno Not\u00edcias\",\"url\":\"https:\/\/www.suno.com.br\/noticias\/\",\"logo\":{\"@type\":\"ImageObject\",\"inLanguage\":\"pt-BR\",\"@id\":\"https:\/\/www.suno.com.br\/noticias\/#\/schema\/logo\/image\/\",\"url\":\"https:\/\/files.sunoresearch.com.br\/n\/uploads\/2021\/09\/suno-logo.png\",\"contentUrl\":\"https:\/\/files.sunoresearch.com.br\/n\/uploads\/2021\/09\/suno-logo.png\",\"width\":180,\"height\":180,\"caption\":\"Suno Not\u00edcias\"},\"image\":{\"@id\":\"https:\/\/www.suno.com.br\/noticias\/#\/schema\/logo\/image\/\"},\"sameAs\":[\"https:\/\/facebook.com\/sunoresearch\",\"https:\/\/x.com\/sunoresearch\",\"https:\/\/www.instagram.com\/suno\",\"https:\/\/www.linkedin.com\/company\/suno-research\/\",\"https:\/\/www.youtube.com\/c\/sunoresearch\"]},{\"@type\":\"Person\",\"@id\":\"https:\/\/www.suno.com.br\/noticias\/#\/schema\/person\/3f7693d5795a3f6d5ce15309ee785699\",\"name\":\"Renan Dantas\",\"image\":{\"@type\":\"ImageObject\",\"inLanguage\":\"pt-BR\",\"@id\":\"https:\/\/www.suno.com.br\/noticias\/#\/schema\/person\/image\/\",\"url\":\"https:\/\/secure.gravatar.com\/avatar\/1787b83e7484a08e51d62ac8b41c8396?s=96&r=g\",\"contentUrl\":\"https:\/\/secure.gravatar.com\/avatar\/1787b83e7484a08e51d62ac8b41c8396?s=96&r=g\",\"caption\":\"Renan Dantas\"},\"description\":\"Escreve sobre pol\u00edtica e mercado financeiro para o portal Suno Not\u00edcias. Antes, atuou na assessoria de comunica\u00e7\u00e3o do Minist\u00e9rio P\u00fablico do Trabalho e na R\u00e1dio Mackenzie, onde apresentava e produzia um programa sobre artistas da m\u00fasica brasileira. \u00c9 estudante na Universidade Presbiteriana Mackenzie.\",\"url\":\"https:\/\/www.suno.com.br\/noticias\/author\/renan-dantas\/\"}]}<\/script>\n<!-- \/ Yoast SEO plugin. -->","yoast_head_json":{"title":"SulAm\u00e9rica vende participa\u00e7\u00e3o na Caixa Capitaliza\u00e7\u00e3o e investe na \u00d3rama","description":"Ao todo, a SulAm\u00e9rica comunicou que vendeu o equivalente a 24,5% da CaixaCap para o Grupo Icatu. Clique aqui para saber mais.","robots":{"index":"index","follow":"follow","max-snippet":"max-snippet:-1","max-image-preview":"max-image-preview:large","max-video-preview":"max-video-preview:-1"},"canonical":"https:\/\/www.suno.com.br\/noticias\/sulamerica-participacao-orama\/","og_locale":"pt_BR","og_type":"article","og_title":"SulAm\u00e9rica vende participa\u00e7\u00e3o na Caixa Capitaliza\u00e7\u00e3o e investe na \u00d3rama","og_description":"Ao todo, a SulAm\u00e9rica comunicou que vendeu o equivalente a 24,5% da CaixaCap para o Grupo Icatu. Clique aqui para saber mais.","og_url":"https:\/\/www.suno.com.br\/noticias\/sulamerica-participacao-orama\/","og_site_name":"Suno Not\u00edcias","article_publisher":"https:\/\/facebook.com\/sunoresearch","og_image":[{"width":1024,"height":682,"url":"https:\/\/files.sunoresearch.com.br\/n\/uploads\/2019\/02\/SulAm\u00e9rica-1024x682.jpg","type":"image\/jpeg"}],"author":"Renan Dantas","twitter_card":"summary_large_image","twitter_creator":"@sunoresearch","twitter_site":"@sunoresearch","twitter_misc":{"Escrito por":"Renan Dantas","Est. tempo de leitura":"2 minutos"},"schema":{"@context":"https:\/\/schema.org","@graph":[{"@type":"NewsArticle","@id":"https:\/\/www.suno.com.br\/noticias\/sulamerica-participacao-orama\/#article","isPartOf":{"@id":"https:\/\/www.suno.com.br\/noticias\/sulamerica-participacao-orama\/"},"author":{"name":"Renan Dantas","@id":"https:\/\/www.suno.com.br\/noticias\/#\/schema\/person\/3f7693d5795a3f6d5ce15309ee785699"},"headline":"SulAm\u00e9rica vende participa\u00e7\u00e3o na Caixa Capitaliza\u00e7\u00e3o e investe na \u00d3rama","datePublished":"2019-05-13T23:55:14+00:00","mainEntityOfPage":{"@id":"https:\/\/www.suno.com.br\/noticias\/sulamerica-participacao-orama\/"},"wordCount":374,"publisher":{"@id":"https:\/\/www.suno.com.br\/noticias\/#organization"},"image":{"@id":"https:\/\/www.suno.com.br\/noticias\/sulamerica-participacao-orama\/#primaryimage"},"thumbnailUrl":"https:\/\/files.sunoresearch.com.br\/n\/uploads\/2019\/02\/SulAm\u00e9rica-scaled.webp","keywords":["SulAm\u00e9rica (SULA11\/SULA3\/SULA4)"],"articleSection":["Neg\u00f3cios"],"inLanguage":"pt-BR"},{"@type":"WebPage","@id":"https:\/\/www.suno.com.br\/noticias\/sulamerica-participacao-orama\/","url":"https:\/\/www.suno.com.br\/noticias\/sulamerica-participacao-orama\/","name":"SulAm\u00e9rica vende participa\u00e7\u00e3o na Caixa Capitaliza\u00e7\u00e3o e investe na \u00d3rama","isPartOf":{"@id":"https:\/\/www.suno.com.br\/noticias\/#website"},"primaryImageOfPage":{"@id":"https:\/\/www.suno.com.br\/noticias\/sulamerica-participacao-orama\/#primaryimage"},"image":{"@id":"https:\/\/www.suno.com.br\/noticias\/sulamerica-participacao-orama\/#primaryimage"},"thumbnailUrl":"https:\/\/files.sunoresearch.com.br\/n\/uploads\/2019\/02\/SulAm\u00e9rica-scaled.webp","datePublished":"2019-05-13T23:55:14+00:00","description":"Ao todo, a SulAm\u00e9rica comunicou que vendeu o equivalente a 24,5% da CaixaCap para o Grupo Icatu. Clique aqui para saber mais.","breadcrumb":{"@id":"https:\/\/www.suno.com.br\/noticias\/sulamerica-participacao-orama\/#breadcrumb"},"inLanguage":"pt-BR","potentialAction":[{"@type":"ReadAction","target":["https:\/\/www.suno.com.br\/noticias\/sulamerica-participacao-orama\/"]}]},{"@type":"ImageObject","inLanguage":"pt-BR","@id":"https:\/\/www.suno.com.br\/noticias\/sulamerica-participacao-orama\/#primaryimage","url":"https:\/\/files.sunoresearch.com.br\/n\/uploads\/2019\/02\/SulAm\u00e9rica-scaled.webp","contentUrl":"https:\/\/files.sunoresearch.com.br\/n\/uploads\/2019\/02\/SulAm\u00e9rica-scaled.webp","width":2560,"height":1706,"caption":"SulAm\u00e9rica (SULA11) Foto: Divulga\u00e7\u00e3o"},{"@type":"BreadcrumbList","@id":"https:\/\/www.suno.com.br\/noticias\/sulamerica-participacao-orama\/#breadcrumb","itemListElement":[{"@type":"ListItem","position":1,"name":"Not\u00edcias","item":"https:\/\/www.suno.com.br\/noticias\/"},{"@type":"ListItem","position":2,"name":"Neg\u00f3cios","item":"https:\/\/www.suno.com.br\/noticias\/negocios\/"},{"@type":"ListItem","position":3,"name":"SulAm\u00e9rica vende participa\u00e7\u00e3o na Caixa Capitaliza\u00e7\u00e3o e investe na \u00d3rama"}]},{"@type":"WebSite","@id":"https:\/\/www.suno.com.br\/noticias\/#website","url":"https:\/\/www.suno.com.br\/noticias\/","name":"Suno Not\u00edcias","description":"Seu portal de informa\u00e7\u00e3o sobre o mundo dos investimentos","publisher":{"@id":"https:\/\/www.suno.com.br\/noticias\/#organization"},"potentialAction":[{"@type":"SearchAction","target":{"@type":"EntryPoint","urlTemplate":"https:\/\/www.suno.com.br\/noticias\/?s={search_term_string}"},"query-input":{"@type":"PropertyValueSpecification","valueRequired":true,"valueName":"search_term_string"}}],"inLanguage":"pt-BR"},{"@type":"Organization","@id":"https:\/\/www.suno.com.br\/noticias\/#organization","name":"Suno Not\u00edcias","url":"https:\/\/www.suno.com.br\/noticias\/","logo":{"@type":"ImageObject","inLanguage":"pt-BR","@id":"https:\/\/www.suno.com.br\/noticias\/#\/schema\/logo\/image\/","url":"https:\/\/files.sunoresearch.com.br\/n\/uploads\/2021\/09\/suno-logo.png","contentUrl":"https:\/\/files.sunoresearch.com.br\/n\/uploads\/2021\/09\/suno-logo.png","width":180,"height":180,"caption":"Suno Not\u00edcias"},"image":{"@id":"https:\/\/www.suno.com.br\/noticias\/#\/schema\/logo\/image\/"},"sameAs":["https:\/\/facebook.com\/sunoresearch","https:\/\/x.com\/sunoresearch","https:\/\/www.instagram.com\/suno","https:\/\/www.linkedin.com\/company\/suno-research\/","https:\/\/www.youtube.com\/c\/sunoresearch"]},{"@type":"Person","@id":"https:\/\/www.suno.com.br\/noticias\/#\/schema\/person\/3f7693d5795a3f6d5ce15309ee785699","name":"Renan Dantas","image":{"@type":"ImageObject","inLanguage":"pt-BR","@id":"https:\/\/www.suno.com.br\/noticias\/#\/schema\/person\/image\/","url":"https:\/\/secure.gravatar.com\/avatar\/1787b83e7484a08e51d62ac8b41c8396?s=96&r=g","contentUrl":"https:\/\/secure.gravatar.com\/avatar\/1787b83e7484a08e51d62ac8b41c8396?s=96&r=g","caption":"Renan Dantas"},"description":"Escreve sobre pol\u00edtica e mercado financeiro para o portal Suno Not\u00edcias. Antes, atuou na assessoria de comunica\u00e7\u00e3o do Minist\u00e9rio P\u00fablico do Trabalho e na R\u00e1dio Mackenzie, onde apresentava e produzia um programa sobre artistas da m\u00fasica brasileira. \u00c9 estudante na Universidade Presbiteriana Mackenzie.","url":"https:\/\/www.suno.com.br\/noticias\/author\/renan-dantas\/"}]}},"default_loop_html":"<div class=\"cardsPage__listCard__boxs\"><div class=\"cardsPage__listCard__boxs__img\"><a href=\"https:\/\/www.suno.com.br\/noticias\/sulamerica-participacao-orama\/\"><img class=\"mask\" src=\"https:\/\/www.suno.com.br\/noticias\/wp-content\/themes\/suno\/resources\/images\/spotlight\/spotlight1img\/bg-mask.png\" alt=\"Image Mask\"\/><img src=\"https:\/\/files.sunoresearch.com.br\/n\/uploads\/2019\/02\/SulAm\u00e9rica-400x200.webp\" alt=\"SulAm\u00e9rica vende participa\u00e7\u00e3o na Caixa Capitaliza\u00e7\u00e3o e investe na \u00d3rama\"\/><\/a><span class=\"spotlightCategory\"><a href=\"https:\/\/www.suno.com.br\/noticias\/negocios\/\">Neg\u00f3cios<\/a><\/span><\/div><div class=\"cardsPage__listCard__boxs__content\"><a href=\"https:\/\/www.suno.com.br\/noticias\/sulamerica-participacao-orama\/\"><h2 class=\"content__title\">SulAm\u00e9rica vende participa\u00e7\u00e3o na Caixa Capitaliza\u00e7\u00e3o e investe na \u00d3rama<\/h2><\/a><div class=\"newsContent__article__meta\"><div class=\"newsContent__article__meta__authorBox\"><a href=\"https:\/\/www.suno.com.br\/noticias\/author\/renan-dantas\/\" class=\"authorBox__avatar noMobi\"><img src=\"https:\/\/secure.gravatar.com\/avatar\/1787b83e7484a08e51d62ac8b41c8396?s=96&#038;r=g\" alt=\"Renan Dantas\"><\/a><div class=\"authorBox__name\"><span>por\n\t\t\t<a href=\"https:\/\/www.suno.com.br\/noticias\/author\/renan-dantas\/\"><span itemprop=\"author\">Renan Dantas<\/span><\/a><\/span><time datetime=\"2019-05-13T20:55:14-03:00\" itemprop=\"datePublished\">13\/05\/2019 20:55<\/time><\/div><\/div><\/div><\/div><\/div>","single_layout":"posts","amp_enabled":true,"_links":{"self":[{"href":"https:\/\/www.suno.com.br\/noticias\/wp-json\/wp\/v2\/posts\/24395"}],"collection":[{"href":"https:\/\/www.suno.com.br\/noticias\/wp-json\/wp\/v2\/posts"}],"about":[{"href":"https:\/\/www.suno.com.br\/noticias\/wp-json\/wp\/v2\/types\/post"}],"author":[{"embeddable":true,"href":"https:\/\/www.suno.com.br\/noticias\/wp-json\/wp\/v2\/users\/14"}],"replies":[{"embeddable":true,"href":"https:\/\/www.suno.com.br\/noticias\/wp-json\/wp\/v2\/comments?post=24395"}],"version-history":[{"count":0,"href":"https:\/\/www.suno.com.br\/noticias\/wp-json\/wp\/v2\/posts\/24395\/revisions"}],"wp:featuredmedia":[{"embeddable":true,"href":"https:\/\/www.suno.com.br\/noticias\/wp-json\/wp\/v2\/media\/16726"}],"wp:attachment":[{"href":"https:\/\/www.suno.com.br\/noticias\/wp-json\/wp\/v2\/media?parent=24395"}],"wp:term":[{"taxonomy":"category","embeddable":true,"href":"https:\/\/www.suno.com.br\/noticias\/wp-json\/wp\/v2\/categories?post=24395"},{"taxonomy":"post_tag","embeddable":true,"href":"https:\/\/www.suno.com.br\/noticias\/wp-json\/wp\/v2\/tags?post=24395"},{"taxonomy":"suno_strategy","embeddable":true,"href":"https:\/\/www.suno.com.br\/noticias\/wp-json\/wp\/v2\/suno_strategy?post=24395"}],"curies":[{"name":"wp","href":"https:\/\/api.w.org\/{rel}","templated":true}]}}